{"id":40429,"date":"2026-03-20T15:00:00","date_gmt":"2026-03-20T21:00:00","guid":{"rendered":"https:\/\/encartes.mx\/?p=40429"},"modified":"2026-03-18T18:27:14","modified_gmt":"2026-03-19T00:27:14","slug":"morales-resena-humanizando-deportacion-narrativas-digitales","status":"publish","type":"post","link":"https:\/\/encartes.mx\/pt\/morales-resena-humanizando-deportacion-narrativas-digitales\/","title":{"rendered":"Reflex\u00f5es da fronteira: humanizando a deporta\u00e7\u00e3o por meio de narrativas digitais em Tijuana"},"content":{"rendered":"<p class=\"has-drop-cap abstract\"><em>Humanizando a deporta\u00e7\u00e3o: narrativas digitais das ruas de Tijuana<\/em> \u00e9 um trabalho coletivo que explora as consequ\u00eancias humanas da deporta\u00e7\u00e3o por meio do uso inovador de narrativas digitais. Coordenado por Robert McKee Irwin e Guillermo Alonso Meneses desde sua cria\u00e7\u00e3o em 2016, o projeto hom\u00f4nimo coleta e divulga depoimentos de migrantes deportados que desejam narrar suas experi\u00eancias para tornar vis\u00edveis as profundas consequ\u00eancias pessoais e sociais que a deporta\u00e7\u00e3o deixa em suas vidas. Por meio da t\u00e9cnica de <em>narrativa digital<\/em>, Neste livro, os deportados n\u00e3o apenas relatam suas experi\u00eancias, mas tamb\u00e9m reconstroem suas identidades, usando suas vozes para desafiar as narrativas desumanas que tradicionalmente os marginalizam.<\/p>\n\n\n\n<p>Embora esse projeto tenha nascido da necessidade e do interesse de um grupo de pesquisadores em coletar, arquivar e amplificar a voz e as experi\u00eancias de pessoas que enfrentaram a deporta\u00e7\u00e3o ou foram afetadas por suas repercuss\u00f5es, hoje os arquivos integram testemunhos de v\u00e1rios perfis de migrantes que variam de acordo com os diferentes contextos e tend\u00eancias migrat\u00f3rias que se re\u00fanem na fronteira mais movimentada do mundo.<\/p>\n\n\n\n<p>O livro, estruturado em nove se\u00e7\u00f5es, aborda desde a hist\u00f3ria do fen\u00f4meno da deporta\u00e7\u00e3o nos Estados Unidos at\u00e9 os impactos emocionais, familiares e comunit\u00e1rios sofridos pelos migrantes. Cada cap\u00edtulo convida o leitor a refletir sobre a complexa interse\u00e7\u00e3o entre as pol\u00edticas de migra\u00e7\u00e3o e os direitos humanos, ao mesmo tempo em que apresenta uma abordagem metodol\u00f3gica que capacita os sujeitos de estudo. Cada an\u00e1lise apresentada \u00e9 fruto do exerc\u00edcio <em>in situ<\/em>, de pensamento, <em>experi\u00eancia<\/em> e a sensibilidade de acad\u00eamicos e estudantes capazes de interpretar essas passagens da vida para sistematizar, dar cor, rosto e paisagens \u00e0quilo que os n\u00fameros e a teoria r\u00edgida obscurecem.<\/p>\n\n\n\n<h2 class=\"wp-block-heading\">Propostas metodol\u00f3gicas e reconstru\u00e7\u00e3o da mem\u00f3ria<\/h2>\n\n\n\n<p class=\"abstract\">Para come\u00e7ar, \u00e9 importante destacar a sistematiza\u00e7\u00e3o hist\u00f3rica da deporta\u00e7\u00e3o como um processo\/fen\u00f4meno nos Estados Unidos. Como Guillermo Alonso Meneses explicou em seu cap\u00edtulo intitulado \u201cConfronting Discourses on Deportation, Deportees and Deportability in the United States\u201d (Confrontando discursos sobre deporta\u00e7\u00e3o, deportados e deportabilidade nos Estados Unidos), a migra\u00e7\u00e3o \u00e9 percebida como uma quest\u00e3o social problem\u00e1tica, na qual o migrante \u00e9 constantemente visto como um objeto de viola\u00e7\u00f5es e vulnerabilidades.<\/p>\n\n\n\n<p>A deporta\u00e7\u00e3o, por sua vez, \u00e9 vista tanto como um instrumento punitivo quanto como uma pol\u00edtica de Estado implementada por governos democratas e republicanos, seja para combater a migra\u00e7\u00e3o irregular ou para reduzir a presen\u00e7a de estrangeiros sem documentos legais. Tamb\u00e9m \u00e9 vista como um mecanismo regulat\u00f3rio para o ex\u00e9rcito de reserva de m\u00e3o de obra migrante indocumentada e como uma medida paliativa diante de medos exacerbados, atuando como uma v\u00e1lvula de escape para pris\u00f5es superlotadas e de alto custo de administra\u00e7\u00e3o. Os testemunhos presentes no arquivo de narrativas audiovisuais oferecem uma vis\u00e3o de diferentes per\u00edodos hist\u00f3ricos e diversas modalidades de travessias indocumentadas para os Estados Unidos, algumas delas expressas em ingl\u00eas como um sinal de enraizamento cultural.<\/p>\n\n\n\n<p>Uma das contribui\u00e7\u00f5es mais inovadoras do projeto \u201cHumanising deportation\u201d \u00e9 o uso do <em>narrativa digital<\/em> como uma metodologia central. Essa abordagem - baseada na produ\u00e7\u00e3o audiovisual participativa - oferece aos migrantes deportados a oportunidade de contar suas hist\u00f3rias por meio de curtos filmes de depoimentos. O projeto se afasta da tradicional entrevista estruturada e d\u00e1 voz aos sujeitos na primeira pessoa, o que minimiza a intermedia\u00e7\u00e3o do pesquisador e prioriza a autenticidade e o controle da narrativa pelos deportados. Assim, o cap\u00edtulo \u201cReconfigura\u00e7\u00e3o metodol\u00f3gica para narrativas digitais de estudos latino-americanos e humaniza\u00e7\u00e3o da deporta\u00e7\u00e3o\u201d, escrito por Yairamaren Rom\u00e1n Maldonado, fala sobre o sentido de humanizar a deporta\u00e7\u00e3o, contando hist\u00f3rias al\u00e9m das estat\u00edsticas, concentrando-se em ampliar a voz dos deportados e fornecendo-lhes plataformas para contar suas pr\u00f3prias hist\u00f3rias.<\/p>\n\n\n\n<p>A metodologia de narrativa digital n\u00e3o busca apenas documentar os fatos, mas tamb\u00e9m amplificar as vozes daqueles que viveram o trauma da deporta\u00e7\u00e3o. Ao permitir que os migrantes sejam os autores de suas pr\u00f3prias narrativas, o projeto consegue descentralizar o discurso acad\u00eamico e colocar os deportados como atores principais na constru\u00e7\u00e3o de sua hist\u00f3ria. Os v\u00eddeos, que s\u00e3o estruturados em narrativas curtas de tr\u00eas a cinco minutos, conseguem capturar a ess\u00eancia das experi\u00eancias dos migrantes, revelando seus medos, esperan\u00e7as e estrat\u00e9gias de sobreviv\u00eancia. Essa t\u00e9cnica tamb\u00e9m serve como uma ferramenta de resist\u00eancia social e pol\u00edtica, desafiando as representa\u00e7\u00f5es estigmatizantes que os governos e a m\u00eddia constru\u00edram em torno dos migrantes.<\/p>\n\n\n\n<p>Entretanto, embora a cria\u00e7\u00e3o de conte\u00fado digital possa ser simples, nem todos t\u00eam os recursos ou o conhecimento para realiz\u00e1-la por conta pr\u00f3pria. Essas narrativas ajudam a minimizar a intermedia\u00e7\u00e3o na representa\u00e7\u00e3o dos marginalizados, explorando as m\u00faltiplas facetas e repercuss\u00f5es da deporta\u00e7\u00e3o na vida dos migrantes.<\/p>\n\n\n\n<h2 class=\"wp-block-heading\">Entre a estigmatiza\u00e7\u00e3o e a sobreviv\u00eancia<\/h2>\n\n\n\n<p class=\"abstract\">\u00c9 prov\u00e1vel que aqueles que n\u00e3o vivenciaram a deporta\u00e7\u00e3o em primeira m\u00e3o ou por meio de testemunhos pr\u00f3ximos pensem que perder tudo e retornar \u00e0 terra natal \u00e9 tudo o que sofreram. Mas os testemunhos de <em>Humaniza\u00e7\u00e3o<\/em> <em>a deporta\u00e7\u00e3o<\/em> demonstram que, \u00e0s vezes, a terra natal pode ser um estranho. A dificuldade de adapta\u00e7\u00e3o ao M\u00e9xico para os migrantes que chegaram aos Estados Unidos (EUA) quando crian\u00e7as demonstra que o retorno ao pa\u00eds onde se nasceu resulta apenas na necessidade de adapta\u00e7\u00e3o a um ambiente cultural e social que pode ser estranho e desconhecido. \u00c9 assim que o deportado incorpora a dupla estigmatiza\u00e7\u00e3o de uma terra que o ama, mas o rejeita e o expulsa (EUA), e de uma na\u00e7\u00e3o que o reconhece, mas o segrega (M\u00e9xico), como revelam os cap\u00edtulos escritos por Ana Luisa Calvillo V\u00e1zquez e Jos\u00e9 Israel Ibarra Gonz\u00e1lez em \u201cLa vida en el bordo\u201d (A vida a bordo).<\/p>\n\n\n\n<p>Um exemplo disso s\u00e3o os habitantes da canaliza\u00e7\u00e3o que s\u00e3o deixados - cito o Dr. Ibarra - \u201csem o reconhecimento social de nenhuma das culturas; ou seja, s\u00e3o duplamente estigmatizados, restritos, confinados e institucionalmente classificados\u201d. Al\u00e9m disso, aqueles que conseguem sair, se encaixar, voltar, pertencer... tornam-se figuras de prest\u00edgio premiadas e representantes do poder de ser, n\u00e3o importa quantas feridas carreguem no corpo e na alma. Os que n\u00e3o conseguem s\u00e3o tachados de incapazes, brutos, sem vontade e fracassados.<\/p>\n\n\n\n<p>As hist\u00f3rias sistematizadas por Calvillo e Ibarra mostram como h\u00e1 pessoas que involuntariamente tiveram de substituir sua cama por um esgoto, seu cachorro por um rato, sua casa por um mosquito, seu carro por sapatos gastos ou sua fam\u00edlia pela solid\u00e3o. Simplesmente para ver o sonho desaparecer e encontrar o pesadelo. Guadalupe, Ramiro, Davis, Mend\u00edvil e Luis atestam essa realidade.<\/p>\n\n\n\n<p>Ao longo da pe\u00e7a, \u00e9 mostrado como os deportados s\u00e3o tratados como migrantes em seu pr\u00f3prio pa\u00eds, enfrentando desafios significativos ao tentar se reintegrar, especialmente por causa das barreiras que dificultam que sua vida passada tenha relev\u00e2ncia no presente. Isso envolve come\u00e7ar do zero, experimentando uma esp\u00e9cie de renascimento na vida adulta. O pr\u00f3prio deportado \u00e9 uma figura que, \u00e0s vezes, representa um cidad\u00e3o de ningu\u00e9m quando se trata de estruturas estatais e de poder.<\/p>\n\n\n\n<p>Nesse sentido, o processo de reintegra\u00e7\u00e3o dos deportados no M\u00e9xico \u00e9 uma das quest\u00f5es mais importantes do trabalho. Os migrantes enfrentam barreiras significativas ao tentar se estabelecer em um pa\u00eds que, embora seja sua terra natal, se tornou um lugar estrangeiro. Muitos dos deportados chegaram aos EUA ainda crian\u00e7as e n\u00e3o se lembram de sua vida no M\u00e9xico, o que torna o processo de retorno extremamente traum\u00e1tico.<\/p>\n\n\n\n<p>O livro destaca como a falta de recursos e a falta de apoio institucional exacerbam as dificuldades de reintegra\u00e7\u00e3o \u00e0 sociedade mexicana. Sem redes familiares ou comunit\u00e1rias, muitos migrantes s\u00e3o relegados \u00e0s margens da sociedade, vivendo em condi\u00e7\u00f5es extremamente prec\u00e1rias, como no caso de El Bordo, em Tijuana, onde os deportados enfrentam estigma e exclus\u00e3o. Por meio de narrativas digitais, os deportados documentam como suas vidas di\u00e1rias s\u00e3o marcadas pela incerteza, discrimina\u00e7\u00e3o e falta de acesso a servi\u00e7os b\u00e1sicos.<\/p>\n\n\n\n<p>Entretanto, tamb\u00e9m h\u00e1 exemplos de resili\u00eancia e resist\u00eancia. Os deportados geralmente encontram nas redes comunit\u00e1rias uma maneira de reconstruir sua identidade e seu senso de pertencimento. O projeto \u201cHumanising Deportation\u201d n\u00e3o apenas documenta essas hist\u00f3rias de luta, mas tamb\u00e9m oferece a elas uma plataforma para serem ouvidas, permitindo que ressignifiquem sua experi\u00eancia de deporta\u00e7\u00e3o e criem novas formas de resist\u00eancia cultural e social.<\/p>\n\n\n\n<h2 class=\"wp-block-heading\">Impacto emocional da deporta\u00e7\u00e3o<\/h2>\n\n\n\n<p class=\"abstract\">O impacto do trauma grave - que leva \u00e0 depress\u00e3o, aos v\u00edcios e \u00e0 mis\u00e9ria entre aqueles que sofreram deporta\u00e7\u00e3o ou suas consequ\u00eancias - \u00e9 abordado de forma adequada pelos autores. Esses problemas de sa\u00fade mental e bem-estar social s\u00e3o uma manifesta\u00e7\u00e3o direta das dificuldades e dos desafios enfrentados pelas pessoas afetadas pela deporta\u00e7\u00e3o.<\/p>\n\n\n\n<p>E o mais doloroso \u00e9 confirmar repetidamente que, como cidad\u00e3os, somos reconhecidos desde que sejamos \u00fateis e contribuamos materialmente, mas para isso precisamos escalar socialmente diante de desigualdades, iniquidades, estigmatiza\u00e7\u00e3o e tantas barreiras estruturais quanto o contexto exigir. \u00c0s vezes mais, \u00e0s vezes menos. Aqueles que julgam talvez n\u00e3o tenham consci\u00eancia de quanto custa (re)inserir-se em sociedades que constantemente usam e descartam voc\u00ea como bem entendem.<\/p>\n\n\n\n<p>Nesse sentido, o livro aborda a situa\u00e7\u00e3o espec\u00edfica dos veteranos militares deportados, um grupo vulner\u00e1vel que se encontra em uma posi\u00e7\u00e3o muito dif\u00edcil depois de ter servido nas for\u00e7as armadas dos EUA. O paradoxo de aqueles que defenderam o pa\u00eds serem expulsos levanta quest\u00f5es \u00e9ticas e morais complexas, que s\u00e3o examinadas e discutidas nesta edi\u00e7\u00e3o.<\/p>\n\n\n\n<p>Um dos temas recorrentes \u00e9 a separa\u00e7\u00e3o familiar, um fen\u00f4meno doloroso e complexo que afeta profundamente as pessoas deportadas e suas redes emocionais. Os discursos sobre deporta\u00e7\u00e3o, deportados e deportabilidade nos EUA - muitas vezes polarizados e carregados de estigmatiza\u00e7\u00e3o - s\u00e3o frequentemente polarizados e estigmatizados. -Os discursos frequentemente polarizados e estigmatizados sobre deporta\u00e7\u00e3o, deportados e deportabilidade nos EUA influenciam a percep\u00e7\u00e3o p\u00fablica e as pol\u00edticas de migra\u00e7\u00e3o, que, por sua vez, afetam a vida das pessoas afetadas, porque \u00e0s vezes \u00e9 f\u00e1cil ter uma vis\u00e3o superficial de um problema estrutural que tem tantas camadas quanto circunst\u00e2ncias. N\u00e3o se trata do sujeito alheio ao contexto, n\u00e3o se trata do ser pelo fato de existir, mas do condicionamento socioestrutural-cultural que nos define.<\/p>\n\n\n\n<p>Entender a complexidade do fen\u00f4meno \u00e9 perceber que essas pessoas que vivem em condi\u00e7\u00f5es prec\u00e1rias s\u00e3o sujeitos subalternizados por um sistema que as torna invis\u00edveis e as destina ao ostracismo social. Entretanto, em seu cap\u00edtulo intitulado \u201cLas tecnolog\u00edas femeninas como herramientas de subversi\u00f3n y resistencia dentro de las narrativas digitales de mujeres (in)migrantes mexicanas\u201d, Marlen\u00e9 Mercado demonstra como as estrat\u00e9gias usadas por Sof\u00eda e Blanca, duas mulheres imigrantes mexicanas, permitem que elas desafiem e interrompam as narrativas dominantes sobre imigra\u00e7\u00e3o. Essas estrat\u00e9gias incluem: o uso do idioma, a organiza\u00e7\u00e3o com outras mulheres, a participa\u00e7\u00e3o na cultura Rascuache, a alfabetiza\u00e7\u00e3o e a cria\u00e7\u00e3o de narrativas por meio do projeto \u201cHumanising Deportation\u201d. Destacar as vozes dessas mulheres marginalizadas ressalta a import\u00e2ncia do conhecimento que elas geram e possuem, muitas vezes negligenciado na sociedade.<\/p>\n\n\n\n<h2 class=\"wp-block-heading\">Ressignificando e criando empatia<\/h2>\n\n\n\n<p class=\"abstract\">As hist\u00f3rias t\u00eam a capacidade de nos fazer entender e sentir a experi\u00eancia dos outros. Por isso, tanto o livro quanto o projeto procuram se aprofundar na liga\u00e7\u00e3o entre deporta\u00e7\u00e3o e sa\u00fade mental, explorando como a falta de redes de apoio e as duras condi\u00e7\u00f5es de vida, como desemprego e mis\u00e9ria, agravam os problemas emocionais e psicol\u00f3gicos dos migrantes. Essa situa\u00e7\u00e3o, conforme mencionado em v\u00e1rios cap\u00edtulos, levou muitos a cair em v\u00edcios e comportamentos que mostram como alguns migrantes conseguem superar essas adversidades gra\u00e7as ao apoio da comunidade e \u00e0 reconstru\u00e7\u00e3o de sua identidade por meio do projeto.<\/p>\n\n\n\n<p>Sarah Ashford Hart em seu cap\u00edtulo intitulado \u201cAffecting Humanity, Challenging Exclusion\" (Afetando a humanidade, desafiando a exclus\u00e3o), <em>mover com<\/em> A narrativa da deporta\u00e7\u00e3o de Esther\u201d prop\u00f5e ir al\u00e9m da escuta passiva da hist\u00f3ria da mulher de Oaxaca e nos conta como a narrativa transcendeu para um exerc\u00edcio corporal capaz de desafiar os ouvintes.<\/p>\n\n\n\n<p>Essa pr\u00e1tica de pesquisa chamada <em>Mudan\u00e7a com<\/em> \u201c\u00e9 encontrado nas intera\u00e7\u00f5es, sentindo maneiras de ativar nossa capacidade de afetar e ser afetado como testemunhas envolvidas al\u00e9m das palavras. O movimento com pode evocar um senso de capacidade de resposta por meio da sintonia afetiva - que n\u00e3o se trata de sentir algo, mas de sentir com\u201d. Ative todos os sentidos para ouvir empaticamente, deixe o corpo fluir: caia, suba, flua. Sentir as emo\u00e7\u00f5es dos outros no corpo para se conectar com o outro.<\/p>\n\n\n\n<p>Sentir a emo\u00e7\u00e3o dos outros em nossos corpos nos d\u00e1 uma no\u00e7\u00e3o da prova\u00e7\u00e3o vivida por esses rostos que nos s\u00e3o desconhecidos. Como Robert McKee Irwin sistematiza, \u201cum dos temas comuns mais not\u00e1veis, que se estende por todo o arquivo \u2018Humanising Deportation\u2019, \u00e9 a falta de resolu\u00e7\u00e3o do trauma\u201d.<\/p>\n\n\n\n<p>Diante de todas as vicissitudes enfrentadas por aqueles que s\u00e3o for\u00e7ados a retornar, h\u00e1 apenas algumas sa\u00eddas: aliena\u00e7\u00e3o (alcoolismo, drogas) ou esperan\u00e7a (supera\u00e7\u00e3o, solidariedade, reconfigura\u00e7\u00e3o do eu e do ambiente, ref\u00fagio). A hist\u00f3ria pessoal de Gerardo S\u00e1nchez, narrada na se\u00e7\u00e3o intitulada \u201cCruel deportations and emotional ties: the sentimental abyss in the shadow of the wall\u201d (Deporta\u00e7\u00f5es cru\u00e9is e la\u00e7os emocionais: o abismo sentimental \u00e0 sombra do muro) por Irwin, destaca a import\u00e2ncia do afeto e dos la\u00e7os emocionais na determina\u00e7\u00e3o de sua situa\u00e7\u00e3o prec\u00e1ria. Sua experi\u00eancia serve como exemplo de como os fatores afetivos podem desempenhar um papel determinante na vida e no destino daqueles que enfrentam a deporta\u00e7\u00e3o.<\/p>\n\n\n\n<p>Uma avalia\u00e7\u00e3o muito pessoal \u00e9 que, como sociedade, falta-nos empatia social e pol\u00edtica. A alteridade \u00e9 reencarnada nos diferentes personagens que nos deixam desconfort\u00e1veis, n\u00e3o porque eles nos desafiam em nossa vida cotidiana, mas porque sua mera exist\u00eancia carrega o peso de nossas frustra\u00e7\u00f5es como sociedade, e \u00e9 mais f\u00e1cil procurar culpados do que solu\u00e7\u00f5es, e muitas vezes os culpados s\u00e3o os mais vulner\u00e1veis.<\/p>\n\n\n\n<p>Os testemunhos coletados nesse arquivo revelam as profundas consequ\u00eancias psicol\u00f3gicas sofridas por aqueles que s\u00e3o expulsos dos Estados Unidos, muitas vezes depois de terem vivido l\u00e1 por d\u00e9cadas. A separa\u00e7\u00e3o da fam\u00edlia, o desenraizamento e o choque cultural s\u00e3o fatores fundamentais para o desenvolvimento de transtornos como depress\u00e3o, ansiedade e depend\u00eancia. Esse sentimento de aliena\u00e7\u00e3o e exclus\u00e3o se traduz em uma profunda crise de identidade, pois muitos dos migrantes perderam o senso de pertencimento em ambas as culturas. O trauma se reflete n\u00e3o apenas nas hist\u00f3rias dos deportados, mas tamb\u00e9m em sua luta di\u00e1ria para encontrar um lugar em um pa\u00eds que lhes \u00e9 estranho.<\/p>\n\n\n\n<p>\u00c9 por isso que entender a deporta\u00e7\u00e3o \u00e9 tamb\u00e9m entender Tijuana. Entender Tijuana \u00e9 parar de pensar em n\u00f3s mesmos como um territ\u00f3rio de passagem e, em vez disso, nos entendermos como um turbilh\u00e3o de circunst\u00e2ncias, em que antagonistas se entrela\u00e7am, em que a realidade supera o poss\u00edvel e, \u00e0s vezes, at\u00e9 o improv\u00e1vel. Esse \u00e9 o encanto e a imprud\u00eancia da cidade.<\/p>\n\n\n\n<p>Esse trabalho e o projeto de mesmo nome destacam a import\u00e2ncia da reumaniza\u00e7\u00e3o em oposi\u00e7\u00e3o \u00e0 desumaniza\u00e7\u00e3o, dando \u00eanfase ao indiv\u00edduo. Ele tamb\u00e9m destaca a reivindica\u00e7\u00e3o do conhecimento do migrante, reconhecendo o sujeito como propriet\u00e1rio de sua pr\u00f3pria hist\u00f3ria e portador de um conhecimento \u00fanico. Nesse processo - como explica Yairamaren Rom\u00e1n a partir de uma perspectiva freiriana - a humaniza\u00e7\u00e3o do subalterno leva a um certo grau de liberdade pessoal, na medida em que permite que o oprimido compreenda sua capacidade de catalisar mudan\u00e7as transformadoras em vez de acreditar que n\u00e3o pode influenciar sua situa\u00e7\u00e3o.<\/p>\n\n\n\n<p><em>Humanizando a deporta\u00e7\u00e3o: narrativas digitais das ruas de Tijuana<\/em> \u00e9 mais do que um trabalho acad\u00eamico: \u00e9 um projeto de documenta\u00e7\u00e3o hist\u00f3rica e pol\u00edtica que transforma a experi\u00eancia da migra\u00e7\u00e3o em um arquivo de resist\u00eancia. Por meio do uso inovador de narrativas digitais, este livro revela as complexidades humanas que acompanham o fen\u00f4meno da deporta\u00e7\u00e3o, desafiando as representa\u00e7\u00f5es desumanas que frequentemente o cercam. O valor do projeto est\u00e1 em sua capacidade de dar voz \u00e0queles que foram marginalizados pelas pol\u00edticas de migra\u00e7\u00e3o, oferecendo uma plataforma para que os deportados contem suas pr\u00f3prias hist\u00f3rias, enfrentem estigmas e reconstruam sua identidade.<\/p>\n\n\n\n<p>O arquivo gerado por esse projeto n\u00e3o \u00e9 apenas um testemunho vivo da mem\u00f3ria coletiva dos migrantes, mas tamb\u00e9m se torna um espa\u00e7o onde as hist\u00f3rias pessoais desafiam as narrativas oficiais que perpetuam a invisibilidade e a rejei\u00e7\u00e3o. Este livro oferece uma abordagem valiosa para entender como a viol\u00eancia estrutural da deporta\u00e7\u00e3o tem um impacto duradouro na vida dos migrantes e, ao mesmo tempo, mostra como essas mesmas pessoas encontram maneiras de resistir e se reconstruir em um contexto de vulnerabilidade.<\/p>\n\n\n\n<p>Do ponto de vista acad\u00eamico, o livro faz uma contribui\u00e7\u00e3o significativa para os estudos de migra\u00e7\u00e3o ao documentar as realidades dos deportados por meio de uma metodologia que capacita os sujeitos do estudo. Ao concentrar a an\u00e1lise em testemunhos diretos e experi\u00eancias vividas, os autores deste livro desafiam as formas tradicionais de produ\u00e7\u00e3o de conhecimento e prop\u00f5em uma nova maneira de pensar sobre a deporta\u00e7\u00e3o: n\u00e3o tanto como um ato pol\u00edtico, mas como um processo humano que deixa marcas profundas na subjetividade das pessoas.<\/p>\n\n\n\n<p>Em resumo, <em>Humaniza\u00e7\u00e3o da deporta\u00e7\u00e3o<\/em> \u00e9 uma contribui\u00e7\u00e3o fundamental para o estudo da migra\u00e7\u00e3o na fronteira entre os EUA e o M\u00e9xico, bem como uma ferramenta pol\u00edtica e social que busca reumanizar o debate sobre a deporta\u00e7\u00e3o e transformar a maneira como concebemos os direitos dos migrantes. Os testemunhos coletados neste livro n\u00e3o s\u00e3o apenas hist\u00f3rias de dor, mas atos de resist\u00eancia que nos convidam a repensar as pol\u00edticas de migra\u00e7\u00e3o a partir de uma perspectiva mais \u00e9tica e humana.<\/p>\n\n\n\n<hr class=\"wp-block-separator has-alpha-channel-opacity\"\/>\n\n\n\n<p class=\"abstract\"><em>Loraine Morales Pino<\/em> \u00e9 uma acad\u00eamica e jornalista cubana com experi\u00eancia em estudos de migra\u00e7\u00e3o, popula\u00e7\u00e3o e comunica\u00e7\u00e3o. \u00c9 doutora em Estudos de Migra\u00e7\u00e3o pelo El Colegio de la Frontera Norte (2019-2022) e mestre em Estudos Populacionais pela Universidade de Havana (2015-2019), complementada por diplomas internacionais em assuntos relacionados. Ela \u00e9 diretora de pesquisa e p\u00f3s-gradua\u00e7\u00e3o da Universidad Iberoamericana Tijuana. Suas publica\u00e7\u00f5es recentes abordam quest\u00f5es como discurso de \u00f3dio e discrimina\u00e7\u00e3o em redes sociais, processos migrat\u00f3rios em territ\u00f3rios disputados na regi\u00e3o, bem como o efeito redistributivo da migra\u00e7\u00e3o interna e externa em Cuba.<\/p>","protected":false},"excerpt":{"rendered":"<p>Humanizando la deportaci\u00f3n: narrativas digitales desde las calles de Tijuana es una obra colectiva que explora las consecuencias humanas de la deportaci\u00f3n a trav\u00e9s del uso innovador de narrativas digitales. Coordinado por Robert McKee Irwin y Guillermo Alonso Meneses desde sus inicios en 2016, el proyecto hom\u00f3nimo recopila y difunde testimonios de migrantes deportados que [&hellip;]<\/p>\n","protected":false},"author":4,"featured_media":40431,"comment_status":"open","ping_status":"open","sticky":false,"template":"","format":"standard","meta":{"_acf_changed":false,"footnotes":""},"categories":[10],"tags":[],"coauthors":[551],"class_list":["post-40429","post","type-post","status-publish","format-standard","has-post-thumbnail","hentry","category-10","personas-morales-pino-loraine","numeros-1490"],"acf":[],"yoast_head":"<!-- This site is optimized with the Yoast SEO plugin v22.2 - https:\/\/yoast.com\/wordpress\/plugins\/seo\/ -->\n<title>Reflexiones desde la frontera: humanizando la deportaci\u00f3n a trav\u00e9s de narrativas digitales en Tijuana &#8211; Encartes<\/title>\n<meta name=\"description\" content=\"Rese\u00f1a de un proyecto de narrativas digitales que documenta y humaniza las experiencias de migrantes deportados en Tijuana.\" \/>\n<meta name=\"robots\" content=\"index, follow, max-snippet:-1, max-image-preview:large, max-video-preview:-1\" \/>\n<link rel=\"canonical\" href=\"https:\/\/encartes.mx\/pt\/morales-resena-humanizando-deportacion-narrativas-digitales\/\" \/>\n<meta property=\"og:locale\" content=\"pt_BR\" \/>\n<meta property=\"og:type\" content=\"article\" \/>\n<meta property=\"og:title\" content=\"Reflexiones desde la frontera: humanizando la deportaci\u00f3n a trav\u00e9s de narrativas digitales en Tijuana &#8211; Encartes\" \/>\n<meta property=\"og:description\" content=\"Rese\u00f1a de un proyecto de narrativas digitales que documenta y humaniza las experiencias de migrantes deportados en Tijuana.\" \/>\n<meta property=\"og:url\" content=\"https:\/\/encartes.mx\/pt\/morales-resena-humanizando-deportacion-narrativas-digitales\/\" \/>\n<meta property=\"og:site_name\" content=\"Encartes\" \/>\n<meta property=\"article:published_time\" content=\"2026-03-20T21:00:00+00:00\" \/>\n<meta property=\"article:modified_time\" content=\"2026-03-19T00:27:14+00:00\" \/>\n<meta property=\"og:image\" content=\"https:\/\/encartes.mx\/wp-content\/uploads\/2026\/03\/17_6_399_5_portada_loraine_morales.jpg\" \/>\n\t<meta property=\"og:image:width\" content=\"1607\" \/>\n\t<meta property=\"og:image:height\" content=\"2474\" \/>\n\t<meta property=\"og:image:type\" content=\"image\/jpeg\" \/>\n<meta name=\"author\" content=\"Arthur Ventura\" \/>\n<meta name=\"twitter:card\" content=\"summary_large_image\" \/>\n<meta name=\"twitter:label1\" content=\"Escrito por\" \/>\n\t<meta name=\"twitter:data1\" content=\"Arthur Ventura\" \/>\n\t<meta name=\"twitter:label2\" content=\"Est. tempo de leitura\" \/>\n\t<meta name=\"twitter:data2\" content=\"14 minutos\" \/>\n\t<meta name=\"twitter:label3\" content=\"Written by\" \/>\n\t<meta name=\"twitter:data3\" content=\"Arthur Ventura\" \/>\n<script type=\"application\/ld+json\" class=\"yoast-schema-graph\">{\"@context\":\"https:\/\/schema.org\",\"@graph\":[{\"@type\":\"Article\",\"@id\":\"https:\/\/encartes.mx\/morales-resena-humanizando-deportacion-narrativas-digitales\/#article\",\"isPartOf\":{\"@id\":\"https:\/\/encartes.mx\/morales-resena-humanizando-deportacion-narrativas-digitales\/\"},\"author\":{\"name\":\"Arthur Ventura\",\"@id\":\"https:\/\/encartes.mx\/#\/schema\/person\/97215bba1729028a4169cab07f8e58ef\"},\"headline\":\"Reflexiones desde la frontera: humanizando la deportaci\u00f3n a trav\u00e9s de narrativas digitales en Tijuana\",\"datePublished\":\"2026-03-20T21:00:00+00:00\",\"dateModified\":\"2026-03-19T00:27:14+00:00\",\"mainEntityOfPage\":{\"@id\":\"https:\/\/encartes.mx\/morales-resena-humanizando-deportacion-narrativas-digitales\/\"},\"wordCount\":3315,\"commentCount\":0,\"publisher\":{\"@id\":\"https:\/\/encartes.mx\/#organization\"},\"image\":{\"@id\":\"https:\/\/encartes.mx\/morales-resena-humanizando-deportacion-narrativas-digitales\/#primaryimage\"},\"thumbnailUrl\":\"https:\/\/encartes.mx\/wp-content\/uploads\/2026\/03\/17_6_399_5_portada_loraine_morales.jpg\",\"articleSection\":[\"Rese\u00f1as cr\u00edticas\"],\"inLanguage\":\"pt-BR\",\"potentialAction\":[{\"@type\":\"CommentAction\",\"name\":\"Comment\",\"target\":[\"https:\/\/encartes.mx\/morales-resena-humanizando-deportacion-narrativas-digitales\/#respond\"]}]},{\"@type\":\"WebPage\",\"@id\":\"https:\/\/encartes.mx\/morales-resena-humanizando-deportacion-narrativas-digitales\/\",\"url\":\"https:\/\/encartes.mx\/morales-resena-humanizando-deportacion-narrativas-digitales\/\",\"name\":\"Reflexiones desde la frontera: humanizando la deportaci\u00f3n a trav\u00e9s de narrativas digitales en Tijuana &#8211; Encartes\",\"isPartOf\":{\"@id\":\"https:\/\/encartes.mx\/#website\"},\"primaryImageOfPage\":{\"@id\":\"https:\/\/encartes.mx\/morales-resena-humanizando-deportacion-narrativas-digitales\/#primaryimage\"},\"image\":{\"@id\":\"https:\/\/encartes.mx\/morales-resena-humanizando-deportacion-narrativas-digitales\/#primaryimage\"},\"thumbnailUrl\":\"https:\/\/encartes.mx\/wp-content\/uploads\/2026\/03\/17_6_399_5_portada_loraine_morales.jpg\",\"datePublished\":\"2026-03-20T21:00:00+00:00\",\"dateModified\":\"2026-03-19T00:27:14+00:00\",\"description\":\"Rese\u00f1a de un proyecto de narrativas digitales que documenta y humaniza las experiencias de migrantes deportados en Tijuana.\",\"breadcrumb\":{\"@id\":\"https:\/\/encartes.mx\/morales-resena-humanizando-deportacion-narrativas-digitales\/#breadcrumb\"},\"inLanguage\":\"pt-BR\",\"potentialAction\":[{\"@type\":\"ReadAction\",\"target\":[\"https:\/\/encartes.mx\/morales-resena-humanizando-deportacion-narrativas-digitales\/\"]}]},{\"@type\":\"ImageObject\",\"inLanguage\":\"pt-BR\",\"@id\":\"https:\/\/encartes.mx\/morales-resena-humanizando-deportacion-narrativas-digitales\/#primaryimage\",\"url\":\"https:\/\/encartes.mx\/wp-content\/uploads\/2026\/03\/17_6_399_5_portada_loraine_morales.jpg\",\"contentUrl\":\"https:\/\/encartes.mx\/wp-content\/uploads\/2026\/03\/17_6_399_5_portada_loraine_morales.jpg\",\"width\":1607,\"height\":2474},{\"@type\":\"BreadcrumbList\",\"@id\":\"https:\/\/encartes.mx\/morales-resena-humanizando-deportacion-narrativas-digitales\/#breadcrumb\",\"itemListElement\":[{\"@type\":\"ListItem\",\"position\":1,\"name\":\"Home\",\"item\":\"https:\/\/encartes.mx\/\"},{\"@type\":\"ListItem\",\"position\":2,\"name\":\"Reflexiones desde la frontera: humanizando la deportaci\u00f3n a trav\u00e9s de narrativas digitales en Tijuana\"}]},{\"@type\":\"WebSite\",\"@id\":\"https:\/\/encartes.mx\/#website\",\"url\":\"https:\/\/encartes.mx\/\",\"name\":\"Encartes\",\"description\":\"Revista digital multimedia\",\"publisher\":{\"@id\":\"https:\/\/encartes.mx\/#organization\"},\"potentialAction\":[{\"@type\":\"SearchAction\",\"target\":{\"@type\":\"EntryPoint\",\"urlTemplate\":\"https:\/\/encartes.mx\/?s={search_term_string}\"},\"query-input\":\"required name=search_term_string\"}],\"inLanguage\":\"pt-BR\"},{\"@type\":\"Organization\",\"@id\":\"https:\/\/encartes.mx\/#organization\",\"name\":\"Encartes Antropol\u00f3gicos\",\"url\":\"https:\/\/encartes.mx\/\",\"logo\":{\"@type\":\"ImageObject\",\"inLanguage\":\"pt-BR\",\"@id\":\"https:\/\/encartes.mx\/#\/schema\/logo\/image\/\",\"url\":\"https:\/\/encartes.mx\/wp-content\/uploads\/2017\/04\/Logo-04.png\",\"contentUrl\":\"https:\/\/encartes.mx\/wp-content\/uploads\/2017\/04\/Logo-04.png\",\"width\":338,\"height\":306,\"caption\":\"Encartes Antropol\u00f3gicos\"},\"image\":{\"@id\":\"https:\/\/encartes.mx\/#\/schema\/logo\/image\/\"}},{\"@type\":\"Person\",\"@id\":\"https:\/\/encartes.mx\/#\/schema\/person\/97215bba1729028a4169cab07f8e58ef\",\"name\":\"Arthur Ventura\",\"image\":{\"@type\":\"ImageObject\",\"inLanguage\":\"pt-BR\",\"@id\":\"https:\/\/encartes.mx\/#\/schema\/person\/image\/8a45818ea77a67a00c058d294424a6f6\",\"url\":\"https:\/\/secure.gravatar.com\/avatar\/e8ff614b2fa0d91ff6c65f328a272c53?s=96&d=identicon&r=g\",\"contentUrl\":\"https:\/\/secure.gravatar.com\/avatar\/e8ff614b2fa0d91ff6c65f328a272c53?s=96&d=identicon&r=g\",\"caption\":\"Arthur Ventura\"}}]}<\/script>\n<!-- \/ Yoast SEO plugin. -->","yoast_head_json":{"title":"Reflexiones desde la frontera: humanizando la deportaci\u00f3n a trav\u00e9s de narrativas digitales en Tijuana &#8211; Encartes","description":"Rese\u00f1a de un proyecto de narrativas digitales que documenta y humaniza las experiencias de migrantes deportados en Tijuana.","robots":{"index":"index","follow":"follow","max-snippet":"max-snippet:-1","max-image-preview":"max-image-preview:large","max-video-preview":"max-video-preview:-1"},"canonical":"https:\/\/encartes.mx\/pt\/morales-resena-humanizando-deportacion-narrativas-digitales\/","og_locale":"pt_BR","og_type":"article","og_title":"Reflexiones desde la frontera: humanizando la deportaci\u00f3n a trav\u00e9s de narrativas digitales en Tijuana &#8211; Encartes","og_description":"Rese\u00f1a de un proyecto de narrativas digitales que documenta y humaniza las experiencias de migrantes deportados en Tijuana.","og_url":"https:\/\/encartes.mx\/pt\/morales-resena-humanizando-deportacion-narrativas-digitales\/","og_site_name":"Encartes","article_published_time":"2026-03-20T21:00:00+00:00","article_modified_time":"2026-03-19T00:27:14+00:00","og_image":[{"width":1607,"height":2474,"url":"https:\/\/encartes.mx\/wp-content\/uploads\/2026\/03\/17_6_399_5_portada_loraine_morales.jpg","type":"image\/jpeg"}],"author":"Arthur Ventura","twitter_card":"summary_large_image","twitter_misc":{"Escrito por":"Arthur Ventura","Est. tempo de leitura":"14 minutos","Written by":"Arthur Ventura"},"schema":{"@context":"https:\/\/schema.org","@graph":[{"@type":"Article","@id":"https:\/\/encartes.mx\/morales-resena-humanizando-deportacion-narrativas-digitales\/#article","isPartOf":{"@id":"https:\/\/encartes.mx\/morales-resena-humanizando-deportacion-narrativas-digitales\/"},"author":{"name":"Arthur Ventura","@id":"https:\/\/encartes.mx\/#\/schema\/person\/97215bba1729028a4169cab07f8e58ef"},"headline":"Reflexiones desde la frontera: humanizando la deportaci\u00f3n a trav\u00e9s de narrativas digitales en Tijuana","datePublished":"2026-03-20T21:00:00+00:00","dateModified":"2026-03-19T00:27:14+00:00","mainEntityOfPage":{"@id":"https:\/\/encartes.mx\/morales-resena-humanizando-deportacion-narrativas-digitales\/"},"wordCount":3315,"commentCount":0,"publisher":{"@id":"https:\/\/encartes.mx\/#organization"},"image":{"@id":"https:\/\/encartes.mx\/morales-resena-humanizando-deportacion-narrativas-digitales\/#primaryimage"},"thumbnailUrl":"https:\/\/encartes.mx\/wp-content\/uploads\/2026\/03\/17_6_399_5_portada_loraine_morales.jpg","articleSection":["Rese\u00f1as cr\u00edticas"],"inLanguage":"pt-BR","potentialAction":[{"@type":"CommentAction","name":"Comment","target":["https:\/\/encartes.mx\/morales-resena-humanizando-deportacion-narrativas-digitales\/#respond"]}]},{"@type":"WebPage","@id":"https:\/\/encartes.mx\/morales-resena-humanizando-deportacion-narrativas-digitales\/","url":"https:\/\/encartes.mx\/morales-resena-humanizando-deportacion-narrativas-digitales\/","name":"Reflexiones desde la frontera: humanizando la deportaci\u00f3n a trav\u00e9s de narrativas digitales en Tijuana &#8211; Encartes","isPartOf":{"@id":"https:\/\/encartes.mx\/#website"},"primaryImageOfPage":{"@id":"https:\/\/encartes.mx\/morales-resena-humanizando-deportacion-narrativas-digitales\/#primaryimage"},"image":{"@id":"https:\/\/encartes.mx\/morales-resena-humanizando-deportacion-narrativas-digitales\/#primaryimage"},"thumbnailUrl":"https:\/\/encartes.mx\/wp-content\/uploads\/2026\/03\/17_6_399_5_portada_loraine_morales.jpg","datePublished":"2026-03-20T21:00:00+00:00","dateModified":"2026-03-19T00:27:14+00:00","description":"Rese\u00f1a de un proyecto de narrativas digitales que documenta y humaniza las experiencias de migrantes deportados en Tijuana.","breadcrumb":{"@id":"https:\/\/encartes.mx\/morales-resena-humanizando-deportacion-narrativas-digitales\/#breadcrumb"},"inLanguage":"pt-BR","potentialAction":[{"@type":"ReadAction","target":["https:\/\/encartes.mx\/morales-resena-humanizando-deportacion-narrativas-digitales\/"]}]},{"@type":"ImageObject","inLanguage":"pt-BR","@id":"https:\/\/encartes.mx\/morales-resena-humanizando-deportacion-narrativas-digitales\/#primaryimage","url":"https:\/\/encartes.mx\/wp-content\/uploads\/2026\/03\/17_6_399_5_portada_loraine_morales.jpg","contentUrl":"https:\/\/encartes.mx\/wp-content\/uploads\/2026\/03\/17_6_399_5_portada_loraine_morales.jpg","width":1607,"height":2474},{"@type":"BreadcrumbList","@id":"https:\/\/encartes.mx\/morales-resena-humanizando-deportacion-narrativas-digitales\/#breadcrumb","itemListElement":[{"@type":"ListItem","position":1,"name":"Home","item":"https:\/\/encartes.mx\/"},{"@type":"ListItem","position":2,"name":"Reflexiones desde la frontera: humanizando la deportaci\u00f3n a trav\u00e9s de narrativas digitales en Tijuana"}]},{"@type":"WebSite","@id":"https:\/\/encartes.mx\/#website","url":"https:\/\/encartes.mx\/","name":"Encartes","description":"Revista multim\u00eddia digital","publisher":{"@id":"https:\/\/encartes.mx\/#organization"},"potentialAction":[{"@type":"SearchAction","target":{"@type":"EntryPoint","urlTemplate":"https:\/\/encartes.mx\/?s={search_term_string}"},"query-input":"required name=search_term_string"}],"inLanguage":"pt-BR"},{"@type":"Organization","@id":"https:\/\/encartes.mx\/#organization","name":"Inser\u00e7\u00f5es antropol\u00f3gicas","url":"https:\/\/encartes.mx\/","logo":{"@type":"ImageObject","inLanguage":"pt-BR","@id":"https:\/\/encartes.mx\/#\/schema\/logo\/image\/","url":"https:\/\/encartes.mx\/wp-content\/uploads\/2017\/04\/Logo-04.png","contentUrl":"https:\/\/encartes.mx\/wp-content\/uploads\/2017\/04\/Logo-04.png","width":338,"height":306,"caption":"Encartes Antropol\u00f3gicos"},"image":{"@id":"https:\/\/encartes.mx\/#\/schema\/logo\/image\/"}},{"@type":"Person","@id":"https:\/\/encartes.mx\/#\/schema\/person\/97215bba1729028a4169cab07f8e58ef","name":"Arthur Ventura","image":{"@type":"ImageObject","inLanguage":"pt-BR","@id":"https:\/\/encartes.mx\/#\/schema\/person\/image\/8a45818ea77a67a00c058d294424a6f6","url":"https:\/\/secure.gravatar.com\/avatar\/e8ff614b2fa0d91ff6c65f328a272c53?s=96&d=identicon&r=g","contentUrl":"https:\/\/secure.gravatar.com\/avatar\/e8ff614b2fa0d91ff6c65f328a272c53?s=96&d=identicon&r=g","caption":"Arthur Ventura"}}]}},"jetpack_sharing_enabled":true,"jetpack_featured_media_url":"https:\/\/encartes.mx\/wp-content\/uploads\/2026\/03\/17_6_399_5_portada_loraine_morales.jpg","_links":{"self":[{"href":"https:\/\/encartes.mx\/pt\/wp-json\/wp\/v2\/posts\/40429","targetHints":{"allow":["GET"]}}],"collection":[{"href":"https:\/\/encartes.mx\/pt\/wp-json\/wp\/v2\/posts"}],"about":[{"href":"https:\/\/encartes.mx\/pt\/wp-json\/wp\/v2\/types\/post"}],"author":[{"embeddable":true,"href":"https:\/\/encartes.mx\/pt\/wp-json\/wp\/v2\/users\/4"}],"replies":[{"embeddable":true,"href":"https:\/\/encartes.mx\/pt\/wp-json\/wp\/v2\/comments?post=40429"}],"version-history":[{"count":7,"href":"https:\/\/encartes.mx\/pt\/wp-json\/wp\/v2\/posts\/40429\/revisions"}],"predecessor-version":[{"id":40516,"href":"https:\/\/encartes.mx\/pt\/wp-json\/wp\/v2\/posts\/40429\/revisions\/40516"}],"wp:featuredmedia":[{"embeddable":true,"href":"https:\/\/encartes.mx\/pt\/wp-json\/wp\/v2\/media\/40431"}],"wp:attachment":[{"href":"https:\/\/encartes.mx\/pt\/wp-json\/wp\/v2\/media?parent=40429"}],"wp:term":[{"taxonomy":"category","embeddable":true,"href":"https:\/\/encartes.mx\/pt\/wp-json\/wp\/v2\/categories?post=40429"},{"taxonomy":"post_tag","embeddable":true,"href":"https:\/\/encartes.mx\/pt\/wp-json\/wp\/v2\/tags?post=40429"},{"taxonomy":"author","embeddable":true,"href":"https:\/\/encartes.mx\/pt\/wp-json\/wp\/v2\/coauthors?post=40429"}],"curies":[{"name":"wp","href":"https:\/\/api.w.org\/{rel}","templated":true}]}}