{"id":40277,"date":"2026-03-20T15:00:00","date_gmt":"2026-03-20T21:00:00","guid":{"rendered":"https:\/\/encartes.mx\/?p=40277"},"modified":"2026-03-17T21:05:58","modified_gmt":"2026-03-18T03:05:58","slug":"ceriani-pueblos-indigenas-gran-chaco-celebraciones","status":"publish","type":"post","link":"https:\/\/encartes.mx\/pt\/ceriani-pueblos-indigenas-gran-chaco-celebraciones\/","title":{"rendered":"Desempenho social e transforma\u00e7\u00e3o hist\u00f3rica nas celebra\u00e7\u00f5es de anivers\u00e1rio de igrejas ind\u00edgenas no Chaco (Argentina)"},"content":{"rendered":"<h2 class=\"wp-block-heading\">Sum\u00e1rio<\/h2>\n\n\n\n<p class=\"abstract\">Este artigo apresenta uma problematiza\u00e7\u00e3o antropol\u00f3gica das celebra\u00e7\u00f5es dos anivers\u00e1rios das igrejas ind\u00edgenas no Chaco argentino. Ele analisa as maneiras pelas quais os processos de mudan\u00e7a cultural convergem com os processos de mudan\u00e7a cultural. <em>performances<\/em> institui\u00e7\u00f5es sociais de reputa\u00e7\u00e3o e pertencimento etno-religioso. A pesquisa observa essas celebra\u00e7\u00f5es como institui\u00e7\u00f5es culturais nativas transformadas em seu curso hist\u00f3rico e formas energizantes de sociabilidade, efervesc\u00eancia coletiva, competi\u00e7\u00e3o e gest\u00e3o de poder espiritual e\/ou pol\u00edtico. O estudo destaca a vitalidade contempor\u00e2nea dos anivers\u00e1rios na chave de <em>performances<\/em> pol\u00edtica e est\u00e9tica para refletir sobre suas dimens\u00f5es disruptivas e instituintes.<\/p>\n\n\n\n<p class=\"abstract\">Palavras-chave: <a href=\"https:\/\/encartes.mx\/pt\/tag\/cambio-cultural\/\" rel=\"tag\">mudan\u00e7a cultural<\/a>, <a href=\"https:\/\/encartes.mx\/pt\/tag\/gran-chaco\/\" rel=\"tag\">Gran Chaco<\/a>, <a href=\"https:\/\/encartes.mx\/pt\/tag\/pueblos-indigenas\/\" rel=\"tag\">povos ind\u00edgenas<\/a><\/p>\n\n\n\n<p class=\"abstract en-text\"><span class=\"small-caps\">desempenho social e transforma\u00e7\u00e3o hist\u00f3rica nas celebra\u00e7\u00f5es de anivers\u00e1rio de igrejas ind\u00edgenas na regi\u00e3o do gran chaco argentino<\/span>Este artigo desenvolve uma pesquisa antropol\u00f3gica sobre as celebra\u00e7\u00f5es de anivers\u00e1rio de igrejas ind\u00edgenas na regi\u00e3o do Gran Chaco, na Argentina. Ele examina como a transforma\u00e7\u00e3o cultural se cruza com performances sociais que encenam tanto a reputa\u00e7\u00e3o quanto a identidade \u00e9tnico-religiosa. A an\u00e1lise aborda essas celebra\u00e7\u00f5es como institui\u00e7\u00f5es culturais nativas historicamente remodeladas ao longo do tempo e como arenas din\u00e2micas de sociabilidade, afeto compartilhado intensificado, competi\u00e7\u00e3o e negocia\u00e7\u00e3o de autoridade espiritual e pol\u00edtica. Enquadrados como performances pol\u00edticas e est\u00e9ticas, esses anivers\u00e1rios se mostram vitais no presente, ressaltando suas dimens\u00f5es perturbadoras e criadoras de mundo.<\/p>\n\n\n\n<p class=\"abstract en-text\">Palavras-chave: ind\u00edgenas, Gran Chaco, mudan\u00e7a cultural, celebra\u00e7\u00f5es religiosas.<\/p>\n\n\n\n<h2 class=\"wp-block-heading\">Introdu\u00e7\u00e3o<\/h2>\n\n\n\n<p class=\"has-drop-cap abstract\">\u00c0 luz das evid\u00eancias antropol\u00f3gicas, a experi\u00eancia das miss\u00f5es protestantes entre os povos ind\u00edgenas do Chaco argentino, particularmente entre os grupos Qom (ou Toba), Wich\u00ed, Pilag\u00e1, Mocov\u00ed e Nivacl\u00e9, contribuiu para o surgimento de um processo sem precedentes de mudan\u00e7a sociorreligiosa desde as primeiras d\u00e9cadas do s\u00e9culo XX. <span class=\"small-caps\">xx<\/span> (Cordeu e Siffredi, 1971; Miller, 1979). Se h\u00e1 um contexto no campo religioso nacional em que o cristianismo evang\u00e9lico n\u00e3o constitui uma minoria, mas sim o seu oposto, \u00e9 no mundo social dos grupos abor\u00edgenes do Chaco. Isso tamb\u00e9m foi perturbador para a narrativa dominante da na\u00e7\u00e3o cat\u00f3lica (Di Stefano e Zanatta, 2000), pois a hist\u00f3ria social do cristianismo ind\u00edgena do Chaco tem sido um fen\u00f4meno que abriga uma cr\u00edtica metacultural da identifica\u00e7\u00e3o do catolicismo como uma religi\u00e3o dos crioulos (ou brancos) e do Estado (Wright, 2008).<\/p>\n\n\n\n<p>A vida espiritual e comunit\u00e1ria nas localidades ind\u00edgenas, em contextos rurais ou periurbanos, est\u00e1 centrada no pertencimento ao \u201cevangelho\u201d.\u201d<em>, <\/em>uma categoria pr\u00e1tica que codifica uma atribui\u00e7\u00e3o m\u00faltipla de \u00e2ncoras ontol\u00f3gicas, morais, est\u00e9ticas e pol\u00edticas (Wright, 2002; Ceriani Cernadas e Citro, 2005). O desenvolvimento religioso de cada comunidade rural, bairro ou assentamento se desdobra em um calend\u00e1rio de eventos congregacionais regulares e especiais. Esses \u00faltimos s\u00e3o genericamente chamados de \u201ccelebra\u00e7\u00f5es especiais\u201d e envolvem eventos rituais e comemorativos, como batismos, casamentos, anivers\u00e1rios, movimentos de adora\u00e7\u00e3o, campanhas evangel\u00edsticas e \u201canivers\u00e1rios\u201d da igreja. No sentido cl\u00e1ssico maussiano, os anivers\u00e1rios constituem uma esp\u00e9cie de \u201cevento social total\u201d: eventos ritualizados que re\u00fanem dimens\u00f5es sociais, espirituais, morais, econ\u00f4micas, pol\u00edticas e est\u00e9ticas.<\/p>\n\n\n\n<p>Neste artigo, analiso as celebra\u00e7\u00f5es dos anivers\u00e1rios da igreja entre as parcialidades Qom e Wich\u00ed do territ\u00f3rio do Chaco. A proposta emprega dois prop\u00f3sitos conceituais: um que visa repensar o processo de transforma\u00e7\u00e3o hist\u00f3rica das celebra\u00e7\u00f5es ind\u00edgenas e o papel sociol\u00f3gico condensador dos atuais anivers\u00e1rios da igreja; o outro ensaia - nos termos de Marshall Sahlins (1988: 15) - uma \u201csociologia situacional do significado\u201d dos anivers\u00e1rios, problematizando etnograficamente sua dimens\u00e3o performativa, pol\u00edtica e est\u00e9tica.<\/p>\n\n\n\n<p>As ra\u00edzes emp\u00edricas do artigo s\u00e3o apoiadas por pesquisas hist\u00f3ricas e etnogr\u00e1ficas sobre o processo de mudan\u00e7a social e religiosa dos povos do Chaco e o lugar cultural, espiritual e pol\u00edtico do \u201cevangelho\u201d.<a class=\"anota\" id=\"anota1\" data-footnote=\"1\">1<\/a> A primeira parte do artigo analisa em uma chave hist\u00f3rico-cultural o envolvimento das cristandades ind\u00edgenas do Chaco, demarcando suas caracter\u00edsticas marcantes e propondo quatro inst\u00e2ncias do processo de transforma\u00e7\u00e3o dessas celebra\u00e7\u00f5es coletivas. A segunda parte do artigo enfoca etnograficamente as rela\u00e7\u00f5es sociais e os processos de transforma\u00e7\u00e3o das celebra\u00e7\u00f5es coletivas. <em>performances<\/em> As rela\u00e7\u00f5es culturais entre l\u00edderes, membros locais, m\u00fasicos, dan\u00e7arinos e convidados que cada festividade religiosa desdobra. Com base em duas vinhetas etnogr\u00e1ficas de anivers\u00e1rios nas col\u00f4nias de La Primavera e Misi\u00f3n La Loma (Embarcaci\u00f3n), as rela\u00e7\u00f5es discursivas e pr\u00e1ticas entre atores e p\u00fablicos, habitantes locais e convidados, s\u00e3o problematizadas de forma comparativa, analisando a efic\u00e1cia relativa e posicional das a\u00e7\u00f5es rituais.<\/p>\n\n\n\n<h2 class=\"wp-block-heading\"><span class=\"small-caps\">Os anivers\u00e1rios do \u201cevangelho\u201d <\/span> <span class=\"small-caps\">como pr\u00e1ticas hist\u00f3ricas <\/span><\/h2>\n\n\n\n<p class=\"abstract\">A partir da segunda d\u00e9cada do s\u00e9culo XX <span class=\"small-caps\">xx<\/span>, o territ\u00f3rio do Chaco se tornou um laborat\u00f3rio sociorreligioso para v\u00e1rias miss\u00f5es protestantes e evang\u00e9licas da Inglaterra, dos Estados Unidos, da Noruega e da Su\u00e9cia. Essas \u201cconfigura\u00e7\u00f5es mission\u00e1rias\u201d (Ceriani Cernadas e L\u00f3pez, 2017: 20) implicaram novas forma\u00e7\u00f5es sociais determinadas por rela\u00e7\u00f5es de interdepend\u00eancia entre mission\u00e1rios e ind\u00edgenas, atravessadas por esquemas culturais, estrat\u00e9gias pragm\u00e1ticas e assimetrias de poder. Al\u00e9m das diferen\u00e7as em suas teologias ou pr\u00e1ticas, os empreendimentos anglicanos, evang\u00e9licos, menonitas e pentecostais direcionaram pol\u00edticas sociais e culturais concretas para essas popula\u00e7\u00f5es. Os <em>ethos<\/em> A civiliza\u00e7\u00e3o, a reforma moral e corporal e a assist\u00eancia m\u00e9dica foram marcas registradas. Da mesma forma, embora com \u00eanfases variadas, a engenharia social estava presente na dissemina\u00e7\u00e3o da agricultura, na tradu\u00e7\u00e3o de idiomas ind\u00edgenas, na alfabetiza\u00e7\u00e3o bil\u00edngue (espanhol e idioma nativo) e na modifica\u00e7\u00e3o de roupas e moradias.<\/p>\n\n\n\n<p>No in\u00edcio da d\u00e9cada de 1950, a expans\u00e3o do movimento \u201cevang\u00e9lico\u201d foi vista no surgimento abundante de igrejas independentes, lideradas e contestadas pelos l\u00edderes da Qom no Chaco e em Formosa (Reyburn, 1954). Em um campo sempre em expans\u00e3o de novas denomina\u00e7\u00f5es, encontramos tr\u00eas principais: a Igreja Evang\u00e9lica Unida, a primeira congrega\u00e7\u00e3o aut\u00f4noma do Qom organizada em 1961 e progressivamente expandida para os povos Pilag\u00e1, Mocov\u00ed e Wich\u00ed; a Igreja Internacional do Evangelho Quadrangular, estabelecida no final da d\u00e9cada de 1960 e com constante crescimento e legitimidade social em Formosa e Chaco; e a Iglesia Misi\u00f3n Evang\u00e9lica Asamblea de Dios, fundada por mission\u00e1rios escandinavos no noroeste de Salta por volta de 1947 (Cordeu, 1984; Wright, 1990; Ceriani Cernadas e Lavazza, 2017).<\/p>\n\n\n\n<p>As igrejas ind\u00edgenas formam uma arena sociorreligiosa din\u00e2mica, sujeita a constantes fus\u00f5es e \u00e0 mobilidade de fi\u00e9is entre elas, bem como a alian\u00e7as e negocia\u00e7\u00f5es interdenominacionais. Al\u00e9m das v\u00e1rias congrega\u00e7\u00f5es, o \u201cevangelho\u201d \u00e9 expresso em um entendimento cultural compartilhado de poder, sa\u00fade, dons e gra\u00e7as concedidos pelo Esp\u00edrito Santo. O contato direto entre o crente e o Esp\u00edrito Santo forma a pedra angular dos cultos religiosos, que se expressa em duas motiva\u00e7\u00f5es cruciais: a obten\u00e7\u00e3o corporal de \u00eaxtase e dons especiais (<em>ntonagak<\/em> no idioma Qom; <em>laweku<\/em> em Wich\u00ed) e a cura de qualquer doen\u00e7a. Esse \u00faltimo aspecto \u00e9 central, j\u00e1 que a dimens\u00e3o terap\u00eautica \u00e9 a dobradi\u00e7a cosmol\u00f3gica que conecta as no\u00e7\u00f5es de personalidade, xamanismo (contratos com seres poderosos, sonhos, danos e cura) e a <em>habitus<\/em> evang\u00e9lico (corporeidade, discurso moral, vestimentas e \u00eaxtase cerimonial) (Ceriani Cernadas, 2019).<\/p>\n\n\n\n<p>Em seu estudo cl\u00e1ssico <em>Jogo de m\u00e3os The Pawnee Ghost Dance<\/em>, Alexander Lesser (1933) prop\u00f4s uma interpreta\u00e7\u00e3o hist\u00f3rico-cultural para explicar as mudan\u00e7as provocadas entre os Pawnee pela incorpora\u00e7\u00e3o de jogos manuais tradicionais aos cultos vision\u00e1rios do movimento revivalista pan-indiano \u201cSpirit Dance\u201d.<a class=\"anota\" id=\"anota2\" data-footnote=\"2\">2<\/a> O foco anal\u00edtico de Lesser \u00e9 a transforma\u00e7\u00e3o cultural desse povo durante as primeiras d\u00e9cadas do s\u00e9culo XX. <span class=\"small-caps\">xx<\/span> -Ap\u00f3s as complexas realoca\u00e7\u00f5es for\u00e7adas pelo governo federal, ele analisou o peso simb\u00f3lico e social que a sacraliza\u00e7\u00e3o desses jogos adquiriu na variante local do movimento. O processo hist\u00f3rico dos jogos manuais foi abordado, nos termos do autor, como a \u201ccorrida no tempo\u201d de uma institui\u00e7\u00e3o cultural (Lesser, 1933: 334). A an\u00e1lise destaca as maneiras pelas quais um n\u00facleo fundamental de a\u00e7\u00e3o perdura at\u00e9 os dias de hoje, enquanto o contexto no qual ele \u00e9 expresso, assim como os significados e as formas associadas a ele, passou por grandes mudan\u00e7as.<\/p>\n\n\n\n<p>Aqui estamos interessados em retomar heuristicamente essa no\u00e7\u00e3o de \u201ccorrida no tempo\u201d para pensar na transforma\u00e7\u00e3o hist\u00f3rica das reuni\u00f5es comemorativas das parcialidades Qom e Wich\u00ed do Chaco argentino. Essas reuni\u00f5es foram modificadas na a\u00e7\u00e3o cultural, com base na proposta de Marshall Sahlins (1988), em uma linha de pensamento mais atualizada, mas n\u00e3o estranha \u00e0 de Lesser, por meio de \u201creavalia\u00e7\u00f5es funcionais\u201d de categorias simb\u00f3licas e pr\u00e1ticas ritualizadas.<\/p>\n\n\n\n<p>At\u00e9 que ponto as reuni\u00f5es comemorativas dos antigos grupos familiares das l\u00ednguas Guaycur\u00fa (Qom, Pilag\u00e1 e Moqoit) e Mataco-Mataguayo (Wich\u00ed-Weyanek, Chorote, Nivacl\u00e9), caracterizadas por suas dan\u00e7as intensas e ligadas \u00e0 colheita da alfarroba, ao namoro sexual e ao triunfo na guerra, foram recriadas nas festividades da igreja? 2) Qual foi o impacto das experi\u00eancias inter\u00e9tnicas de trabalho sazonal nas usinas de a\u00e7\u00facar da regi\u00e3o oeste (1860-1960), onde as dan\u00e7as dos povos do Chaco cativaram o exotismo de viajantes e funcion\u00e1rios, sobre a reencena\u00e7\u00e3o? 3 Como os processos de missionaliza\u00e7\u00e3o influenciaram as celebra\u00e7\u00f5es comemorativas, com base na divis\u00e3o hist\u00f3rica impl\u00edcita no \u201cevangelho\u201d, na classifica\u00e7\u00e3o e na regulamenta\u00e7\u00e3o das pr\u00e1ticas religiosas e na elabora\u00e7\u00e3o de calend\u00e1rios de atividades? 4 Em que medida eles influenciaram o processo de nacionaliza\u00e7\u00e3o e nacionaliza\u00e7\u00e3o das popula\u00e7\u00f5es ind\u00edgenas desde 1940, com cerim\u00f4nias escolares e anivers\u00e1rios provinciais e nacionais, bem como as pol\u00edticas de reconhecimento das \u00faltimas d\u00e9cadas baseadas no discurso dos direitos de preexist\u00eancia territorial e cultural?<\/p>\n\n\n\n<p>A primeira quest\u00e3o foi observada por Silvia Citro (2006) em seus estudos etnogr\u00e1ficos sobre as dan\u00e7as entre os Qom Takshek do leste de Formosa, que analisam as correspond\u00eancias simb\u00f3licas e os processos de mudan\u00e7a entre as dan\u00e7as do poder (<em>nmi<\/em>) e inicia\u00e7\u00e3o feminina (<em>niematak<\/em>) dentro da experi\u00eancia evang\u00e9lica. Certamente, a import\u00e2ncia das dan\u00e7as nas sociedades e culturas do Chaco foi observada desde o in\u00edcio pelos mission\u00e1rios jesu\u00edtas e franciscanos nos s\u00e9culos <span class=\"small-caps\">xviii<\/span> e <span class=\"small-caps\">xix<\/span>, O mesmo foi feito por etn\u00f3grafos renomados, como Raphael Karsten e Alfred M\u00e9traux, durante as primeiras d\u00e9cadas da <span class=\"small-caps\">xx<\/span>. Sobre essa genealogia, Elizabeth Bergallo (2004) investiga a no\u00e7\u00e3o da pessoa Qom e suas liga\u00e7\u00f5es com as dan\u00e7as do \u201cevangelho\u201d. Da mesma forma, Lavinia Contini (2015), em sua pesquisa sobre a \u201cfesta de culto\u201d nas igrejas \u201cUnidas\u201d entre os Wich\u00ed de Nueva Pompeya, aponta para uma reconfigura\u00e7\u00e3o dessas celebra\u00e7\u00f5es tradicionais da colheita do fruto da alfarrobeira (<em>yatchep<\/em>) das dan\u00e7as (<em>katinah<\/em>) e dan\u00e7as de cortejo (<em>ahutsaj<\/em>), destacando o lugar-chave que ocupam na din\u00e2mica sociol\u00f3gica e ritual dessas parcialidades. Sugerimos aqui que \u00e9 importante se aprofundar em outros fatores cruciais que influenciaram a transforma\u00e7\u00e3o hist\u00f3rica dessas celebra\u00e7\u00f5es, explicando uma densa \u201ccorrida atrav\u00e9s do tempo\u201d, na qual a continuidade social e a inova\u00e7\u00e3o cultural impulsionaram a evolu\u00e7\u00e3o desses povos em um processo de incorpora\u00e7\u00e3o-exclus\u00e3o no mercado capitalista e no Estado-na\u00e7\u00e3o.<\/p>\n\n\n\n<p>De fato, a segunda pergunta explica as mudan\u00e7as na mobilidade dos grupos ind\u00edgenas como resultado dos processos de missioniza\u00e7\u00e3o, da coloniza\u00e7\u00e3o progressiva do territ\u00f3rio, do imperativo de sedentariza\u00e7\u00e3o e da experi\u00eancia secular de trabalho sazonal nos enclaves a\u00e7ucareiros no norte de Salta e Jujuy (C\u00f3rdoba, Bossert e Richard, 2015). Por sua vez, as usinas de a\u00e7\u00facar mobilizaram maci\u00e7amente numerosas fam\u00edlias ind\u00edgenas por meio de conchabo e redes de transfer\u00eancia de 1850 a 1960, quando a mecaniza\u00e7\u00e3o da colheita de a\u00e7\u00facar levou a uma redu\u00e7\u00e3o radical de sua for\u00e7a de trabalho. A vida social ali formou um espa\u00e7o <em>sui generis<\/em> de rela\u00e7\u00f5es inter\u00e9tnicas, em que dan\u00e7as noturnas em c\u00edrculos de homens e mulheres com armas entrela\u00e7adas (conhecidas como <em>nmi<\/em> o <em>nomi<\/em> para os Qom e \u201cbaile de sapo\u201d para os crioulos) constitu\u00edram <em>performances<\/em> O cortejo sexual cat\u00e1rtico e as trocas simb\u00f3licas, materiais e sociais entre os grupos Qom, Wich\u00ed, Nivacl\u00e9 e Chorote. As possibilidades das dan\u00e7as coletivas como mecanismos para a cria\u00e7\u00e3o de novos v\u00ednculos sociais em grupos tradicionalmente hostis entre si, bem como para o refor\u00e7o daqueles j\u00e1 estabelecidos, tiveram sucessivas reinven\u00e7\u00f5es com base nas recep\u00e7\u00f5es locais. Quando os \u201cpaisanos\u201d retornaram aos seus assentamentos, tamb\u00e9m inseridos em um processo de mudan\u00e7a sociorreligiosa devido \u00e0 a\u00e7\u00e3o mission\u00e1ria, essas novas experi\u00eancias de intera\u00e7\u00e3o e troca de pr\u00e1ticas adquiriram outros significados e valores (Ceriani Cernadas, 2015).<\/p>\n\n\n\n<p>Precisamente, a terceira quest\u00e3o envolve os processos de missionariza\u00e7\u00e3o crist\u00e3, nos quais os projetos de reforma social e moral estabeleceram disciplinas corporais e novos esquemas de organiza\u00e7\u00e3o temporal e espacial, pap\u00e9is de g\u00eanero e a defini\u00e7\u00e3o de dias e hor\u00e1rios para atividades eclesi\u00e1sticas. Duas quest\u00f5es devem ser destacadas aqui: em primeiro lugar, o desafio evang\u00e9lico \u00e0s v\u00e1rias dan\u00e7as ind\u00edgenas, dentro da estrutura de um projeto de reforma corporal e coer\u00e7\u00e3o moral no qual essas dan\u00e7as foram marcadas como pr\u00e1ticas pag\u00e3s, pecaminosas e erradas; em segundo lugar, a maneira pela qual a cultura escrita protestante teve um efeito sobre essas formas regulamentadas de organiza\u00e7\u00e3o da vida religiosa, que foram domesticadas pelos povos chacoanos quando as igrejas ind\u00edgenas adquiriram sua pr\u00f3pria autonomia. Foi durante esse processo de apropria\u00e7\u00e3o cultural ind\u00edgena que as dan\u00e7as foram progressivamente acomodadas aos cultos da \u201cUnida\u201d e de outras igrejas.<\/p>\n\n\n\n<p>Nas d\u00e9cadas de 1950 e 1960, as dan\u00e7as eram uma pr\u00e1tica comum entre idosos e adultos em sua busca ou manipula\u00e7\u00e3o de <em>haloik<\/em> (pot\u00eancia) e obter o <em>ntonagak<\/em> (alegria), por meio de passos curtos no local ou em movimentos circulares lentos (Loewen, Buckwalter e Kratz, 1965). Nas d\u00e9cadas de 1970 e 1980, os conjuntos musicais surgiram no cen\u00e1rio evang\u00e9lico ind\u00edgena, mas desde o final da d\u00e9cada de 1990 at\u00e9 os dias atuais, as dan\u00e7as t\u00eam sido a pr\u00e1tica espiritual mais din\u00e2mica no campo evang\u00e9lico ind\u00edgena (Citro, 2009).<\/p>\n\n\n\n<p>Com rela\u00e7\u00e3o aos dispositivos escritos que deram forma a uma \u201ccomunidade imaginada\u201d ind\u00edgena evang\u00e9lica no Chaco e em Formosa, a publica\u00e7\u00e3o do boletim trimestral <em>Qad\u00e1qtaxanaxanec Qad\u00e1qtaxanaxanec<\/em> (\u201cNosso Mensageiro\u201d), publicado pela Mennonite Fraternal Workers de 1959 a 2015, foi decisivo. Como um mecanismo pedag\u00f3gico e de comunica\u00e7\u00e3o entre congrega\u00e7\u00f5es, o principal objetivo desde suas origens era formar uma tecnologia de unidade ind\u00edgena-evang\u00e9lica que pudesse neutralizar os processos de fiss\u00e3o e fornecer uma identidade abrangente (Altman, 2023). Distribu\u00eddas pelo correio e, posteriormente, pela Internet, as se\u00e7\u00f5es de cada boletim inclu\u00edam notas de pastores e l\u00edderes ind\u00edgenas (em idiomas ind\u00edgenas e espanhol), not\u00edcias atuais, conselhos pr\u00e1ticos, quest\u00f5es sociopol\u00edticas (terra, educa\u00e7\u00e3o, sa\u00fade) e - na contracapa - as chamadas \u201cdatas especiais\u201d, que detalhavam todas as atividades comemorativas n\u00e3o regulares das igrejas, como anivers\u00e1rios e campanhas evangel\u00edsticas.<\/p>\n\n\n\n<p>Por fim, a quarta pergunta situa um processo social concomitante ao desenvolvimento do movimento evang\u00e9lico do Qom durante a d\u00e9cada de 1950: a presen\u00e7a progressiva de pol\u00edticas estatais de incorpora\u00e7\u00e3o e cidadania dos povos do Chaco a partir de ag\u00eancias nacionais e provinciais. O v\u00ednculo entre essas pol\u00edticas e os governos justicialistas ou \u201cperonistas\u201d entre 1946 e 1955 era direto, e o apoio das popula\u00e7\u00f5es nativas, bem como o interesse de v\u00e1rios chefes em se envolverem na pol\u00edtica partid\u00e1ria, era esmagador. Nesse processo social, no qual o surgimento de igrejas ind\u00edgenas e a apreens\u00e3o do peronismo andavam de m\u00e3os dadas, os novos s\u00edmbolos de pertencimento pol\u00edtico estavam profundamente enraizados. As identifica\u00e7\u00f5es nacionais e provinciais tamb\u00e9m foram refor\u00e7adas por meio das escolas, e novas pr\u00e1ticas pol\u00edticas, geralmente caracterizadas como \u201cclientelistas\u201d, come\u00e7aram a se disseminar entre as diferentes popula\u00e7\u00f5es. Nelas, as refer\u00eancias comunit\u00e1rias, como pastores, caciques ou anci\u00e3os com poder e sabedoria (geralmente xam\u00e3s), ampliaram suas redes interpessoais com os crioulos ligados ao \u201cmundo da pol\u00edtica\u201d (de acordo com a refer\u00eancia usual). Como \u201camigos-padrinhos-padrinhos\u201d que costumam ajudar com bens, licen\u00e7as, servi\u00e7os e trabalho em troca de lealdade pol\u00edtica, estendendo assim suas ancoragens territoriais entre os paisanos, eles s\u00e3o os respons\u00e1veis por viabilizar celebra\u00e7\u00f5es em que geralmente s\u00e3o oferecidas doa\u00e7\u00f5es, presentes e refei\u00e7\u00f5es generosas; exemplos representativos s\u00e3o o Dia do Abor\u00edgine, o Dia das Crian\u00e7as e o Dia da Diversidade Cultural.<\/p>\n\n\n\n<p>Eles tamb\u00e9m s\u00e3o convidados especiais em celebra\u00e7\u00f5es de maior resson\u00e2ncia p\u00fablica e perform\u00e1tica, como os anivers\u00e1rios da igreja mencionados acima e os casamentos de l\u00edderes ou dirigentes religiosos e\/ou pol\u00edticos. Durante essas celebra\u00e7\u00f5es especiais, o prest\u00edgio de cada igreja \u00e9 colocado em jogo e o carisma de cada congrega\u00e7\u00e3o \u00e9 revalidado por meio de uma rede relacional entre l\u00edderes, fi\u00e9is locais, convidados (pregadores, m\u00fasicos e dan\u00e7arinos). Falarei sobre isso na segunda parte do artigo.<\/p>\n\n\n\n<h2 class=\"wp-block-heading\">Anivers\u00e1rios como <em>performances<\/em>: encena\u00e7\u00e3o, carismas e efici\u00eancias<\/h2>\n\n\n\n<p>Nesta se\u00e7\u00e3o, voltamos o foco para a compreens\u00e3o dos anivers\u00e1rios da igreja como dispositivos atualizados para encenar rela\u00e7\u00f5es simb\u00f3licas e pol\u00edticas entre l\u00edderes, convidados e p\u00fablico. Analisados como <em>performances<\/em> Neste artigo, enfocamos a import\u00e2ncia dos anivers\u00e1rios no tecido de reconhecimento social dos pastores na arena da lideran\u00e7a, ou seja, performances em que os sujeitos e grupos \u201cmostram aos outros o significado de suas situa\u00e7\u00f5es sociais\u201d (Alexander, 2006: 32). Para isso, integramos uma descri\u00e7\u00e3o etnogr\u00e1fica da vida social das igrejas ind\u00edgenas no \u00e2mbito de uma an\u00e1lise comparativa de dois anivers\u00e1rios realizados em contextos heterog\u00eaneos de rela\u00e7\u00f5es hist\u00f3ricas. O primeiro ocorre na Colonia Aborigen La Primavera, no leste de Formosa, uma reserva estadual fundada em 1942 e originalmente ligada \u00e0 Miss\u00e3o Evang\u00e9lica Brit\u00e2nica Emmanuel. O segundo \u00e9 na Misi\u00f3n La Loma, um bairro ind\u00edgena periurbano na cidade de Embarcaci\u00f3n (Salta), fundado por mission\u00e1rios noruegueses da Miss\u00e3o Evang\u00e9lica Assembleia de Deus (doravante denominada Misi\u00f3n Evang\u00e9lica Asamblea de Dios), <span class=\"small-caps\">hidromel<\/span>) em 1962.<\/p>\n\n\n\n<p>Nas comunidades ind\u00edgenas Qom e Wich\u00ed que foram formadas como reservas estatais ou terras fiscais adjudicadas, ou como nos bairros ou \u00e1reas nos arredores das cidades crioulas, o edif\u00edcio religioso e seu pastor principal geralmente est\u00e3o localizados em terras vizinhas, formando assim um s\u00edmbolo unificado de prest\u00edgio para o grupo familiar e sua rede de parentes que s\u00e3o membros da congrega\u00e7\u00e3o. Ap\u00f3s a morte de um pastor, geralmente vital\u00edcio, apenas diminu\u00eddo por doen\u00e7a, morte ou por sua pr\u00f3pria decis\u00e3o, o evento mais comum \u00e9 um filho, sobrinho ou pessoa relacionada, como um cunhado, assumir a lideran\u00e7a da congrega\u00e7\u00e3o.<\/p>\n\n\n\n<p>Em certas situa\u00e7\u00f5es, a igreja permanece no terreno que o pastor fundador doou \u00e0 denomina\u00e7\u00e3o, mesmo que o l\u00edder atual n\u00e3o resida ali, mas em um raio pr\u00f3ximo dentro da comunidade. Esse \u00e9 o caso da primeira congrega\u00e7\u00e3o Quadrangular na Col\u00f4nia Aborigen La Primavera, liderada pelo pastor Pedro,<a class=\"anota\" id=\"anota3\" data-footnote=\"3\">3<\/a> fundada em 1968 no terreno ao lado do ent\u00e3o cacique Fernando Sanabria, em conjunto com o pastor Domingo Mendoza. Enquanto isso, em outras congrega\u00e7\u00f5es que herdaram o processo de missionaliza\u00e7\u00e3o, \u00e9 comum que suas igrejas sejam erguidas em espa\u00e7os \u201cneutros\u201d. Esse \u00e9 o caso da Misi\u00f3n La Loma de Embarcaci\u00f3n (Salta), onde o anexo da igreja foi constru\u00eddo em um espa\u00e7o \"neutro\". <span class=\"small-caps\">hidromel<\/span> est\u00e1 localizado na parte mais alta do terreno e a tr\u00eas quil\u00f4metros de dist\u00e2ncia da igreja e da base central da miss\u00e3o liderada pelo pastor M\u00e1rcio.<\/p>\n\n\n\n<p>Como institui\u00e7\u00f5es sociais, as igrejas lideradas por ambos os l\u00edderes abrangem tr\u00eas dimens\u00f5es principais: 1) um empreendimento pessoal e familiar estendido, com o objetivo de construir relev\u00e2ncia social, pol\u00edtica e econ\u00f4mica a partir da ocupa\u00e7\u00e3o de cargos institucionais, da amplia\u00e7\u00e3o de redes interpessoais, da obten\u00e7\u00e3o e do gerenciamento de recursos; 2) um espa\u00e7o\/tempo - o \u201cculto\u201d - de sociabilidade espiritual altamente ritualizada e corporalmente participativa, em que os dispositivos emotivos e terap\u00eauticos s\u00e3o cruciais; 3) um cen\u00e1rio domesticado da modernidade ind\u00edgena, como forma\u00e7\u00e3o religiosa entre meios, ou ponte, reprodu\u00e7\u00e3o social e cultural (idioma, alian\u00e7as matrimoniais, lideran\u00e7a e descend\u00eancia) e integra\u00e7\u00e3o ao mundo \u201ccrioulo\u201d ou \u201cbranco\u201d: organiza\u00e7\u00e3o burocr\u00e1tica, tecnologias, estilos culturais, redes de apoio ou financiamento, ag\u00eancias estatais, partidos pol\u00edticos e\/ou funcion\u00e1rios, e assim por diante.<\/p>\n\n\n\n<p>O pastor l\u00edder de uma congrega\u00e7\u00e3o pretende fazer alguma melhoria em sua igreja, especialmente para anivers\u00e1rios, trocando o telhado ou o piso, ampliando o sal\u00e3o, acrescentando cadeiras ou bancos, instalando banheiros fora do pr\u00e9dio, pintando a fachada e comprando equipamentos de m\u00fasica e \u00e1udio. Conseguir essas melhorias \u00e9 um sinal positivo para os fi\u00e9is, mostrando que a lideran\u00e7a da igreja est\u00e1 \u201cfazendo as coisas direito\u201d, como um amigo me contou sobre a igreja de Peter e as mudan\u00e7as materiais significativas que ela havia feito para o anivers\u00e1rio em quest\u00e3o. Essa l\u00f3gica est\u00e1 embutida em uma concep\u00e7\u00e3o cultural na qual as igrejas - suas paredes, telhados, sistemas de m\u00fasica, pisos e bancos - s\u00e3o reveladas como materialidades carregadas de poder numinoso e social. O primeiro em rela\u00e7\u00e3o direta com as pr\u00e1ticas de cura e o combate aos \u201cesp\u00edritos malignos\u201d que as produzem; o segundo dado o s\u00edmbolo de relev\u00e2ncia e reconhecimento que assume para o pastor, seu grupo de parentes pr\u00f3ximos e a congrega\u00e7\u00e3o de fi\u00e9is.<\/p>\n\n\n\n<p>Os testes de integridade de um pastor-chefe s\u00e3o medidos por sua sa\u00fade f\u00edsica, sua capacidade de orat\u00f3ria nos cultos, seu talento como mediador de disputas internas, sua integridade moral e seu conhecimento teol\u00f3gico, que, por sua vez, metaforizam o grau de relacionamento com pastores n\u00e3o ind\u00edgenas, mission\u00e1rios ou ag\u00eancias externas. A doen\u00e7a f\u00edsica ou enfermidade de um l\u00edder assume um status preocupante na percep\u00e7\u00e3o ind\u00edgena dos povos do Chaco, interpretada como uma diminui\u00e7\u00e3o do poder ou um ataque direto de uma for\u00e7a espiritual negativa (Wright, 1990). Essa quest\u00e3o, como veremos em breve, n\u00e3o passou despercebida no anivers\u00e1rio da Misi\u00f3n La Loma.<\/p>\n\n\n\n<p>Nesse padr\u00e3o cultural, os anivers\u00e1rios da igreja exibem performativamente essas caracter\u00edsticas, pois a hospitalidade dos representantes locais se torna um exerc\u00edcio fundamental na (re)produ\u00e7\u00e3o da lideran\u00e7a. Dessa forma, o pastor de Qom ou Wich\u00ed que lidera uma congrega\u00e7\u00e3o comanda um grupo de parentes, familiares e aliados que devem demonstrar as possibilidades de receber convidados de outras igrejas e lugares, que devem ser hospedados e - acima de tudo - alimentados por uma ou duas noites. A mobilidade \u00e9 paga pelos viajantes convidados (individualmente ou em grupos de m\u00fasicos e dan\u00e7arinos), dependendo do apoio financeiro que suas congrega\u00e7\u00f5es possam lhes dar por meio das ofertas dos fi\u00e9is ou da ajuda familiar.<\/p>\n\n\n\n<p>Cada anivers\u00e1rio \u00e9 o resultado de uma pol\u00edtica de convidados, um jogo pragm\u00e1tico e situacional em cada evento, no qual pregadores, m\u00fasicos e l\u00edderes pol\u00edticos ind\u00edgenas ou n\u00e3o ind\u00edgenas, locais ou estrangeiros, muitas vezes tomam seu lugar. O convite a pastores de igrejas vizinhas \u00e9 enriquecido pela presen\u00e7a de pastores crioulos, cuja dist\u00e2ncia geogr\u00e1fica \u00e9 revelada como um sinal de prest\u00edgio. Assim, nessa l\u00f3gica cumulativa e inclusiva, a participa\u00e7\u00e3o de l\u00edderes ind\u00edgenas de diferentes localidades do territ\u00f3rio alcan\u00e7a poder carism\u00e1tico com visitantes de Ros\u00e1rio (prov\u00edncia de Santa F\u00e9), La Plata ou Buenos Aires, ou de pa\u00edses vizinhos, como Paraguai e Bol\u00edvia. Essas visitas demonstram as redes de aliados dos l\u00edderes de cada igreja, o que \u00e9 um capital pol\u00edtico fundamental. No caso dos grupos de dan\u00e7arinos e m\u00fasicos, a dist\u00e2ncia tamb\u00e9m \u00e9 um sinal de import\u00e2ncia, embora o mais importante seja a presen\u00e7a de ambos e o n\u00famero de grupos visitantes.<\/p>\n\n\n\n<p>Toda celebra\u00e7\u00e3o come\u00e7a com a execu\u00e7\u00e3o do \u201cmovimento de louvor\u201d, integrado de forma organizada pelos diferentes grupos de m\u00fasica e dan\u00e7a, depois continua com a prega\u00e7\u00e3o do pastor, seguida de novos refr\u00f5es e dan\u00e7as, bem como a inst\u00e2ncia final de b\u00ean\u00e7\u00e3os e pedidos de cura da congrega\u00e7\u00e3o. Cada grupo apresenta seu pr\u00f3prio repert\u00f3rio musical, est\u00e9tico e coreogr\u00e1fico, mas todos compartilham um estilo, um modo caracter\u00edstico e mim\u00e9tico de fazer e exibir, observ\u00e1vel nos trajes: vestidos longos de cetim e cores vivas para as mulheres, saias e aventais com tiras penduradas em cores simbolicamente representativas para as mulheres e os homens, os tons musicais e os movimentos corporais sincronizados. Sublinhando o que foi dito acima, os grupos de dan\u00e7a s\u00e3o locais de relacionamento entre jovens e adultos, espa\u00e7os para conhecer e encontrar parceiros e locais para a express\u00e3o de sensibilidades culturais contempor\u00e2neas, nos quais convergem est\u00e9ticas e coreografias locais, regionais e globais (<em>Dan\u00e7a da roda, A grande roda, Dan\u00e7a do pandeiro<\/em>, etc.). Os trajes e a parafern\u00e1lia das dan\u00e7as (faixas de cabe\u00e7a, bengalas, \u00f3culos etc.) e at\u00e9 mesmo aqueles que n\u00e3o usam trajes e apenas cruzam os bra\u00e7os s\u00e3o os mais comuns. <em>yica<\/em> (bolsa tradicional) com a B\u00edblia dentro, expressam formas inequ\u00edvocas de autorreconhecimento da identidade ou, em termos cl\u00e1ssicos barthianos, de defini\u00e7\u00e3o de fronteiras \u00e9tnicas com base na est\u00e9tica da identidade.<\/p>\n\n\n\n<p>Da mesma forma, essas cerim\u00f4nias formam cen\u00e1rios para a afirma\u00e7\u00e3o discursiva da comunidade religiosa para reinscrever significados fundamentais em rela\u00e7\u00e3o ao futuro da igreja ou da miss\u00e3o, na chave de uma narrativa geralmente \u00e9pica e sacrificial. Os principais pastores e l\u00edderes pregam sobre os mission\u00e1rios, evangelistas ou pastores fundadores, sobre a constru\u00e7\u00e3o da igreja e sobre aqueles que participaram de sua cria\u00e7\u00e3o. Os membros que faleceram no \u00faltimo ano e as doa\u00e7\u00f5es recebidas para a constru\u00e7\u00e3o da igreja e as despesas da comemora\u00e7\u00e3o do anivers\u00e1rio tamb\u00e9m s\u00e3o mencionados. Por fim, agradecemos aos grupos de pregadores, dan\u00e7arinos e m\u00fasicos convidados para a reuni\u00e3o festiva.<\/p>\n\n\n\n<p>Uma an\u00e1lise de duas situa\u00e7\u00f5es concretas e diferentes, investigadas etnograficamente em dois anivers\u00e1rios de igrejas lideradas pelo pastor Pedro e pelo pastor M\u00e1rcio, nos permitir\u00e1 explicar essas dimens\u00f5es e focar em tr\u00eas quest\u00f5es-chave: os regimes de consenso e dissenso envolvidos, as maneiras pelas quais o carisma de seus l\u00edderes cresce ou diminui e as media\u00e7\u00f5es est\u00e9ticas envolvidas.<\/p>\n\n\n\n<h3 class=\"wp-block-heading\">Igreja de Pedro: o anivers\u00e1rio como um fortalecimento do carisma<\/h3>\n\n\n\n<p class=\"abstract\">Pedro nasceu em La Primavera h\u00e1 sessenta anos. Desde 1996, ele \u00e9 o pastor s\u00eanior da Quadrangular do Fundo, a mais antiga e mais reconhecida das outras tr\u00eas congrega\u00e7\u00f5es dessa denomina\u00e7\u00e3o. A col\u00f4nia cobre um territ\u00f3rio de 5.000 hectares, habitado por fam\u00edlias Qom Takshek da regi\u00e3o que, em 1937, se reuniram em torno da Miss\u00e3o Evang\u00e9lica Emanuel, liderada pelo ingl\u00eas John Church at\u00e9 1951. De estatura mediana, com nariz curvo e boa apar\u00eancia f\u00edsica, o pastor fala fluentemente, mas sem pressa, refor\u00e7ando as palavras importantes. Ele mora em uma casa de materiais bem conservada, com um jardim bem cuidado e cadeiras de campo no estilo crioulo. Sua esposa tamb\u00e9m \u00e9 pastora da igreja e lidera a \u201cquadrangular das senhoras\u201d, um espa\u00e7o de sociabilidade feminina, educa\u00e7\u00e3o b\u00edblica e organiza\u00e7\u00e3o de grupos de dan\u00e7a. Pedro encarna com prest\u00edgio o tipo de pastor contempor\u00e2neo, que trabalhava como professor assistente bil\u00edngue, com excelente dom\u00ednio do espanhol e interesse pelos assuntos p\u00fablicos da col\u00f4nia: a gest\u00e3o dos po\u00e7os de \u00e1gua, as reformas do centro de sa\u00fade ou as melhorias nas estradas internas, entre outros.<\/p>\n\n\n\n<p>N\u00f3s nos conhecemos h\u00e1 mais de 20 anos, durante o anivers\u00e1rio de sua igreja, que inclu\u00eda a inaugura\u00e7\u00e3o de um novo pr\u00e9dio ao lado do antigo, que se tornou um local para aulas b\u00edblicas com sinais \u00f3bvios de progresso material: piso de concreto, paredes de tijolos com grandes janelas e um telhado de estanho. Como um l\u00edder religioso respeitado entre as outras congrega\u00e7\u00f5es e l\u00edderes comunit\u00e1rios, o anivers\u00e1rio da igreja era um evento importante naquela \u00e9poca. Foi Miguel, um enfermeiro e amigo muito comprometido com sua f\u00e9 e ligado \u00e0s fam\u00edlias hist\u00f3ricas do assentamento, que me convidou para participar da comemora\u00e7\u00e3o. Ele me disse que um importante pastor de Buenos Aires, que estava fazendo campanha na \u00e1rea, compareceria e que haveria uma grande comemora\u00e7\u00e3o depois, com locro (ensopado t\u00edpico) e refrigerantes.<\/p>\n\n\n\n<p>Em todos os anivers\u00e1rios, ap\u00f3s o t\u00e9rmino do culto, a grande refei\u00e7\u00e3o \u00e9 um dos momentos mais importantes, e longas t\u00e1buas s\u00e3o colocadas para organizar as mesas. A refei\u00e7\u00e3o comunit\u00e1ria faz parte desses eventos tanto quanto a sess\u00e3o de cura pelo Esp\u00edrito Santo. N\u00e3o \u00e9 um acr\u00e9scimo ou um evento sup\u00e9rfluo, \u00e9 o ato final de um \u201cevento social total\u201d, no qual a refei\u00e7\u00e3o d\u00e1 outra dimens\u00e3o afetiva e avaliativa.<\/p>\n\n\n\n<p>Restavam apenas alguns lugares na igreja e as bandas de m\u00fasica haviam iniciado o \u201cmovimento de louvor\u201d. Algumas mulheres dan\u00e7aram em pequenos c\u00edrculos conc\u00eantricos na frente da igreja. O anivers\u00e1rio foi aberto com o canto do hino nacional e o hino denominacional da \u201cQuadrangular\u201d. Em seguida, os grupos de m\u00fasicos convidados assumiram o louvor, ao qual o Pastor Pedro tamb\u00e9m acrescentou sua voz, dando as boas-vindas aos presentes, lembrando os membros fundadores da igreja, agradecendo aos grupos de m\u00fasica e, de forma especial, ao \u201cPastor Tito, de Buenos Aires, que veio aqui para compartilhar esta celebra\u00e7\u00e3o conosco e pregar a palavra\u201d. O ambiente estava preparado.<\/p>\n\n\n\n<p>Outro l\u00edder da igreja falou em <em>qom'lactaq<\/em> (idioma Qom) para os presentes e, em espanhol, convidou o Pastor Tito para pregar. Ele come\u00e7ou seu discurso, no habitual testemunho pentecostal de autocelebra\u00e7\u00e3o, narrando como superou uma vida de v\u00edcio ao se render a Deus e enfatizando que o minist\u00e9rio que lidera conseguiu \u201ctirar muitos jovens das ruas e das drogas\u201d. Ent\u00e3o, depois de esclarecer que n\u00e3o era sua inten\u00e7\u00e3o ofender ningu\u00e9m, ele disse: \u201cAntes de conhecer o \u2018evangelho\u2019, o abor\u00edgine do interior era igual ao viciado em drogas da cidade, esquecido, espancado, usado, nu, sem dire\u00e7\u00e3o, preso aos v\u00edcios e \u00e0 pobreza\u201d. Ele ent\u00e3o continuou com a compara\u00e7\u00e3o, apontando como a rendi\u00e7\u00e3o a Cristo era a \u00fanica solu\u00e7\u00e3o para sair desse estado de desapropria\u00e7\u00e3o existencial. A plateia permaneceu em sil\u00eancio e o serm\u00e3o n\u00e3o foi respondido pelas pessoas de forma efusiva, mas sim com cautela, sem muita express\u00e3o, quase indiferente, com poucas palmas e alguns suaves \u201caleluias\u201d. Nervoso com esse clima, o pastor de Buenos Aires falou cada vez mais alto, achando que as pessoas n\u00e3o estavam interessadas em seu discurso, a ponto de repreender abertamente o p\u00fablico por ser \u201cmorno\u201d ou \u201cdesatento\u201d.<\/p>\n\n\n\n<p>Por fim, veio a grande refei\u00e7\u00e3o: as mesas foram colocadas do lado de fora e boa parte dos participantes saboreou o locro. O pastor conversou com seu colega crioulo de Buenos Aires e com outros l\u00edderes de Qom, tudo em um ambiente festivo e descontra\u00eddo. A situa\u00e7\u00e3o n\u00e3o parece ter afetado o esp\u00edrito do evento e o carisma da \u201cigreja de Pedro\u201d. Entretanto, interessado em entender como a prega\u00e7\u00e3o do pastor crioulo convidado havia sido recebida, no dia seguinte perguntei a Miguel o que havia acontecido. \u201cEsse pastor n\u00e3o entendeu nada\u201d, respondeu ele, observando que as pessoas ficaram quietas porque foi isso que os l\u00edderes nativos pediram que ele fizesse antes do in\u00edcio do culto. \u201cOu\u00e7a a palavra, esteja atento ao que est\u00e1 sendo pregado\u201d, disseram eles em <em>qom'lactac<\/em>. A exorta\u00e7\u00e3o n\u00e3o \u00e9 de menor import\u00e2ncia e encerra um tema hist\u00f3rico que tem prejudicado o cristianismo ind\u00edgena chacoense desde suas origens: a rela\u00e7\u00e3o entre a prega\u00e7\u00e3o, o ensino e o conhecimento b\u00edblico e as pr\u00e1ticas coletivas de dan\u00e7a, canto e \u00eaxtase emocional. O estilo autorit\u00e1rio e as met\u00e1foras etnoc\u00eantricas do pastor convidado n\u00e3o abalaram a reputa\u00e7\u00e3o do Pastor Pedro e o poder emocional e est\u00e9tico do anivers\u00e1rio, com seus grupos de m\u00fasicos convidados e pastores da comunidade. Atualmente, sua congrega\u00e7\u00e3o continua sendo a igreja Quadrangular mais ativa da col\u00f4nia.<\/p>\n\n\n\n<h3 class=\"wp-block-heading\">Miss\u00e3o La Loma: o anivers\u00e1rio como ritualiza\u00e7\u00e3o do conflito<\/h3>\n\n\n\n<p class=\"abstract\">A Misi\u00f3n La Loma foi estabelecida em 1962 ap\u00f3s a transfer\u00eancia da miss\u00e3o evang\u00e9lica ind\u00edgena que os mission\u00e1rios noruegueses e suecos organizaram na cidade de Embarcaci\u00f3n durante a d\u00e9cada de 1930. \u00c9 um assentamento multi\u00e9tnico, formado por fam\u00edlias entrela\u00e7adas descendentes de parentes Wich\u00ed da banda sul do Bermejo (Salta) e do sul da Bol\u00edvia, Qom do oeste de Formosa e do sul da Bol\u00edvia, e algumas fam\u00edlias guaranis do norte de Salta.<\/p>\n\n\n\n<p>At\u00e9 1995, mission\u00e1rios noruegueses estavam encarregados do trabalho, cuja sede e casa de miss\u00e3o est\u00e3o localizadas na aldeia, a tr\u00eas quil\u00f4metros de dist\u00e2ncia. Entre 1995 e 2000, surgiu um conflito entre a lideran\u00e7a norueguesa e a lideran\u00e7a nacional da <span class=\"small-caps\">hidromel<\/span>, A nova presid\u00eancia da UE, que implicou a separa\u00e7\u00e3o definitiva da tutela n\u00f3rdica ap\u00f3s 80 anos.<\/p>\n\n\n\n<p>\u201cQuando os mission\u00e1rios noruegueses estavam l\u00e1, os \u2018paisanos\u2019 aceitavam tudo, agora comigo \u00e9 diferente\u201d, disse-me Marcio, um crioulo de descend\u00eancia wich\u00ed (seu av\u00f4 materno foi um evangelista ind\u00edgena pioneiro na obra) e pastor s\u00eanior da institui\u00e7\u00e3o desde 2000. Suas palavras procuraram expressar as complexidades de sua lideran\u00e7a entre os membros ind\u00edgenas da igreja, marcada por conflitos pol\u00edticos, reivindica\u00e7\u00f5es territoriais e desconfian\u00e7a m\u00fatua. De fato, a congrega\u00e7\u00e3o da Miss\u00e3o La Loma tem se tornado cada vez mais isolada e aut\u00f4noma na forma como realiza os cultos: nem a popula\u00e7\u00e3o local vai \u00e0 igreja central aos domingos, nem o pastor s\u00eanior ou outros l\u00edderes n\u00e3o ind\u00edgenas participam regularmente de atividades na comunidade abor\u00edgine, como costumavam fazer na \u00e9poca dos mission\u00e1rios noruegueses. Essa situa\u00e7\u00e3o abriu a possibilidade de uma negocia\u00e7\u00e3o simb\u00f3lica entre Marcio e os l\u00edderes ind\u00edgenas em rela\u00e7\u00e3o ao estilo das cerim\u00f4nias religiosas, que estavam adquirindo dan\u00e7as e formas cerimoniais diretamente influenciadas pelas igrejas de Formosa e Chaco, fato que gerou grandes conflitos com os l\u00edderes noruegueses na \u00e9poca.<\/p>\n\n\n\n<p>Diante desse cen\u00e1rio, n\u00e3o foi surpreendente que as comemora\u00e7\u00f5es do 50\u00ba anivers\u00e1rio da Misi\u00f3n La Loma, em outubro de 2012, condensassem todos esses atritos. Para nossos prop\u00f3sitos, vou me concentrar em um evento como \u201csignificado interpretado\u201d, de acordo com Sahlins (1988): a <em>desempenho<\/em> de repara\u00e7\u00e3o na celebra\u00e7\u00e3o do culto ind\u00edgena na Misi\u00f3n La Loma.<\/p>\n\n\n\n<p>O culto de s\u00e1bado \u00e0 noite foi o epicentro da celebra\u00e7\u00e3o na comunidade. M\u00e1rcio n\u00e3o podia faltar, mesmo sofrendo de fortes dores no tornozelo direito, o que dificultava sua locomo\u00e7\u00e3o. V\u00e1rios grupos musicais e de dan\u00e7a convidados, de diferentes igrejas e bairros de Embarcaci\u00f3n e de outras cidades vizinhas, foram respons\u00e1veis pela adora\u00e7\u00e3o. No entanto, um deles ganhou relev\u00e2ncia especial e conseguiu atrair a aten\u00e7\u00e3o de todo o p\u00fablico: uma banda musical e de prega\u00e7\u00e3o da cidade vizinha de Pichanal, um conjunto formado por \u00edndios guaranis e crioulos. O conjunto, um cantor-pregador e tr\u00eas acompanhantes - dois no viol\u00e3o e um no baixo el\u00e9trico - pertenciam a uma \u201cigreja amiga\u201d de uma das fam\u00edlias e elites pol\u00edticas hist\u00f3ricas de La Loma.<\/p>\n\n\n\n<p>Quando as m\u00fasicas terminaram, o cantor e pregador convidado anunciou em voz alta que estava em um momento de revela\u00e7\u00e3o prof\u00e9tica e que o que ele estava observando ali \u201cera um conflito muito forte dentro da igreja\u201d e que sua miss\u00e3o especial era reconciliar a crise que estava sendo revelada a ele. Ele chamou o pastor geral e os outros l\u00edderes para se ajoelharem na frente, abaixo do palco, para que juntos pudessem desbloquear \u201ca luta interna e a agita\u00e7\u00e3o\u201d na igreja. Inserido em uma situa\u00e7\u00e3o da qual n\u00e3o podia escapar e mancando com o p\u00e9 dolorido, Martius cumpriu a ordem de <em>desempenho<\/em> e se ajoelhou com outros l\u00edderes da igreja local na frente dos pastores presentes. Sob a imposi\u00e7\u00e3o de m\u00e3os, eles oraram pela resolu\u00e7\u00e3o do perigo que havia surgido na congrega\u00e7\u00e3o, implorando pela reconcilia\u00e7\u00e3o e unidade entre os irm\u00e3os. Os m\u00fasicos acompanharam de perto o rito de repara\u00e7\u00e3o, o p\u00fablico tamb\u00e9m orou em voz alta e levantou os bra\u00e7os em un\u00edssono. Depois de algumas can\u00e7\u00f5es de louvor e palavras de agradecimento, o culto de anivers\u00e1rio chegou ao fim. Tudo o que restou foi participar da refei\u00e7\u00e3o final, que foi realizada dentro da igreja e da qual o pastor s\u00eanior n\u00e3o participou devido \u00e0 sua doen\u00e7a e dificuldade de locomo\u00e7\u00e3o.<\/p>\n\n\n\n<p>No dia seguinte, conversamos com M\u00e1rcio, que n\u00e3o escondeu sua raiva e deixou claro que havia sido enganado, que havia sido usado para fazer \u201ctoda aquela farsa da profecia\u201d. Sem d\u00favida, como todos os presentes, o l\u00edder havia sentido a forma como o ritual tematizava e expunha em um tom espiritual as complexidades de sua lideran\u00e7a e as diverg\u00eancias e disputas de legitimidade que a marcavam.<\/p>\n\n\n\n<p>Mas o que essas duas cenas nos sugerem sobre a import\u00e2ncia dos anivers\u00e1rios da igreja no contexto de uma sociedade em desenvolvimento? <em>desempenho<\/em> O que ambas as situa\u00e7\u00f5es expressam sobre as tensas articula\u00e7\u00f5es entre tradi\u00e7\u00f5es culturais e ordens sociocomunit\u00e1rias na experi\u00eancia hist\u00f3rica dessas popula\u00e7\u00f5es ind\u00edgenas? O padr\u00e3o que conecta a primeira pergunta \u00e9 a presen\u00e7a de convidados importantes e a recep\u00e7\u00e3o diferenciada, ou coparticipa\u00e7\u00e3o, que eles tiveram de acordo com o reconhecimento social do cacique pastor em cada contexto espec\u00edfico. A segunda pergunta est\u00e1 posicionada em uma escala anal\u00edtica mais ampla que funcionar\u00e1 como uma porta de entrada para as conclus\u00f5es do artigo.<\/p>\n\n\n\n<p>O caso do Pastor Pedro nos apresenta uma situa\u00e7\u00e3o de incomunica\u00e7\u00e3o cultural que exp\u00f5e as maneiras pelas quais o consenso simb\u00f3lico e social das festividades \u00e9 gerado a partir dos significados e avalia\u00e7\u00f5es que a congrega\u00e7\u00e3o imprime. De fato, e seguindo Anne Taylor (2022: 69), \u201cem toda performance social, as audi\u00eancias s\u00e3o \u00e1rbitros fundamentais de seu sucesso ou fracasso\u201d. A possibilidade de fus\u00e3o (ou desuni\u00e3o) como um produto da <em>performances<\/em> \u00e9 uma rela\u00e7\u00e3o dial\u00f3gica que envolve a plateia (membros em nossos casos) e os atores principais (pastor local e l\u00edderes convidados, m\u00fasicos e dan\u00e7arinos). O papel da plateia \u00e9 central, pois os participantes s\u00e3o respons\u00e1veis por estabelecer interpreta\u00e7\u00f5es e avalia\u00e7\u00f5es dos eventos, em que aplausos, invoca\u00e7\u00f5es verbais (\u201caleluia\u201d, \u201cgl\u00f3ria a Deus\u201d, \u201cam\u00e9m\u201d) e disposi\u00e7\u00f5es corporais (bra\u00e7os erguidos, movimentos pendulares, em p\u00e9 ou sentado) imprimem, em seu \u00edmpeto ou apatia, sentidos e afetos de reconhecimento social. Justamente nesse t\u00f3pico vertebral, a plateia, em sua passividade, pautou a inadequa\u00e7\u00e3o das a\u00e7\u00f5es e da ret\u00f3rica agressiva do pastor convidado, fato que, longe de contaminar o carisma de Pedro, o confirmou.<\/p>\n\n\n\n<p>O anivers\u00e1rio da Misi\u00f3n La Loma, por outro lado, nos coloca em um contexto e clima social muito diferentes. Nesse sentido, tanto para o exemplo anterior quanto para este, \u00e9 importante levar em considera\u00e7\u00e3o a segunda dimens\u00e3o anal\u00edtica: a historicidade e as dobras disruptivas da situa\u00e7\u00e3o social. Essa quest\u00e3o implica que a <em>performances<\/em> Os l\u00edderes religiosos analisados j\u00e1 haviam estabelecido significados, afetos e legitima\u00e7\u00f5es de lideran\u00e7a. Assim como a figura e a lideran\u00e7a de Pedro eram socialmente valorizadas por muitas das pessoas da Col\u00f4nia Abor\u00edgene La Primavera (incluindo outros l\u00edderes e membros de diferentes igrejas), o caso de M\u00e1rcio era o oposto.<\/p>\n\n\n\n<p>Nesse sentido, se no anivers\u00e1rio da Igreja Quadrangular o carisma congregacional n\u00e3o foi abalado apesar da interpela\u00e7\u00e3o do pastor crioulo convidado, o que aconteceu na Misi\u00f3n La Loma exp\u00f4s ritualmente o relacionamento tenso entre v\u00e1rios membros e o l\u00edder religioso. A <em>desempenho<\/em> O coment\u00e1rio social sobre \u201ca profecia da divis\u00e3o da igreja\u201d foi interpretado pelo pastor local como uma tentativa de um antigo rival de La Loma, que havia sido expulso da congrega\u00e7\u00e3o v\u00e1rios anos antes, de literalmente coloc\u00e1-lo de joelhos diante de todos. O p\u00fablico seguiu o roteiro estabelecido pelo conjunto musical e a prega\u00e7\u00e3o do convidado para orar pela pronta repara\u00e7\u00e3o do conflito, tornando ritualisticamente vis\u00edvel a complexa cadeia de ressentimentos m\u00fatuos entre o pastor s\u00eanior, os l\u00edderes religiosos e pol\u00edticos ind\u00edgenas de La Loma e a congrega\u00e7\u00e3o local. Embora nesse epis\u00f3dio o controle da situa\u00e7\u00e3o social estivesse nas m\u00e3os dos principais convidados (o grupo de m\u00fasicos e pregadores), o p\u00fablico de l\u00edderes locais e paroquianos tamb\u00e9m adquiriu um papel central em sua encena\u00e7\u00e3o.<\/p>\n\n\n\n<h2 class=\"wp-block-heading\">Considera\u00e7\u00f5es finais<\/h2>\n\n\n\n<p class=\"abstract\">Ao longo deste artigo, discutimos as comemora\u00e7\u00f5es de anivers\u00e1rio nas igrejas ind\u00edgenas do Chaco a partir de duas perspectivas anal\u00edticas: como institui\u00e7\u00f5es culturais e como meio de express\u00e3o cultural. <em>em<\/em> tempo e como <em>performances<\/em> mulheres religiosas de reputa\u00e7\u00e3o pessoal e carisma coletivo. A temporalidade nos remete a uma pr\u00e1tica hist\u00f3rica que antecede o movimento \u201cevang\u00e9lico\u201d, transformado por processos divergentes de media\u00e7\u00e3o intercultural e rela\u00e7\u00f5es de poder em enclaves industriais e agr\u00edcolas, miss\u00f5es crist\u00e3s e o estado-na\u00e7\u00e3o em escala local e regional. Nessas celebra\u00e7\u00f5es ritualizadas de competi\u00e7\u00f5es de chefias, dan\u00e7as e festas intergrupais, argumentamos que os anivers\u00e1rios da igreja contempor\u00e2nea constituem o n\u00facleo que condensa, seleciona e atualiza suas principais \u201cunidades ou conjuntos de rela\u00e7\u00f5es\u201d sociais, simb\u00f3licas, est\u00e9ticas e pol\u00edticas (Lesser, 1933: 334). Juntamente com a compreens\u00e3o de sua forma\u00e7\u00e3o hist\u00f3rica, nesta pesquisa observamos etnograficamente os anivers\u00e1rios como \u201c...\" (Lesser, 1933: 334) sociais, simb\u00f3licos, est\u00e9ticos e pol\u00edticos.\u201c<em>performances <\/em>social\u201d. O entrela\u00e7amento de orat\u00f3ria, m\u00fasica, dan\u00e7a e efervesc\u00eancia coletiva, as rela\u00e7\u00f5es entre atores locais, convidados e p\u00fablico, bem como entre pr\u00e1ticas religiosas aceitas ou contestadas, s\u00e3o evid\u00eancias de uma cria\u00e7\u00e3o social e hist\u00f3rica de m\u00faltiplas dimens\u00f5es. Para os fins desta pesquisa, e a fim de conectar as quest\u00f5es etnogr\u00e1ficas levantadas, destacamos duas dimens\u00f5es principais dessa institui\u00e7\u00e3o cultural: uma disruptiva e outra instituinte.<\/p>\n\n\n\n<p>A primeira nos situa, por um lado, nos processos ligados \u00e0 configura\u00e7\u00e3o da diversidade \u00e9tnica e religiosa dentro do Estado-na\u00e7\u00e3o argentino e nas subsequentes forma\u00e7\u00f5es nacionais e provinciais de alteridade social (Briones, 2005). Na experi\u00eancia hist\u00f3rica dos povos ind\u00edgenas do Chaco, as tentativas mission\u00e1rias do catolicismo fracassaram e a narrativa hegem\u00f4nica de seu lugar como religi\u00e3o da terra natal sucumbiu \u00e0 op\u00e7\u00e3o pelo \u201cevangelho\u201d. Nesse contexto, a nova identifica\u00e7\u00e3o religiosa adquiriu para esses grupos uma dimens\u00e3o cultural, pol\u00edtica e est\u00e9tica de \u201cdiferencia\u00e7\u00e3o\u201d do catolicismo, suas formas rituais e seu status como religi\u00e3o c\u00edvica; e \u201cintegra\u00e7\u00e3o\u201d em formas, estilos de comportamento, participa\u00e7\u00e3o em pol\u00edticas partid\u00e1rias e desejos de serem percebidos como \u201cmodernos\u201d ou, nos discursos de v\u00e1rios anci\u00e3os, \u201ccivilizados\u201d.<\/p>\n\n\n\n<p>O efeito perturbador dos ideais da constitui\u00e7\u00e3o nacional ao depositar na religi\u00e3o cat\u00f3lica uma esp\u00e9cie de direito natural para a \u201cconvers\u00e3o\u201d e a \u201cciviliza\u00e7\u00e3o\u201d dos povos ind\u00edgenas foi resolvido em uma op\u00e7\u00e3o religiosa entendida pelos pr\u00f3prios protagonistas como uma purifica\u00e7\u00e3o de seus padr\u00f5es culturais. Nessa ambival\u00eancia estrutural do \u201cevangelho\u201d, est\u00e1 codificada uma din\u00e2mica de reprodu\u00e7\u00e3o social, criatividade simb\u00f3lica e consci\u00eancia cultural, que foi ampliada nas \u00faltimas duas d\u00e9cadas na estrutura de v\u00e1rios empreendimentos interculturais e novas formas de ag\u00eancia ind\u00edgena.<\/p>\n\n\n\n<p>Tanto a experi\u00eancia de Cuadrangular liderada pelo Pastor Pedro quanto o que aconteceu na Misi\u00f3n La Loma est\u00e3o localizados em cen\u00e1rios muito diferentes em suas trajet\u00f3rias locais e provinciais; mas compartilham um posicionamento de identidade no qual o autorreconhecimento como ind\u00edgena, evang\u00e9lico e argentino \u00e9 central. Esse posicionamento tamb\u00e9m incorpora uma segunda ruptura cultural, na medida em que os grupos Qom e Wich\u00ed domesticam um corte imposto pelo <em>doxa<\/em> A proibi\u00e7\u00e3o de continuar com as dan\u00e7as dos antigos. Como vimos, as dan\u00e7as agora formam um espa\u00e7o institucionalizado e expansivo com v\u00e1rios grupos e comiss\u00f5es. Esses grupos articulam fileiras geracionais e, em suas pr\u00e1ticas, exibem competi\u00e7\u00f5es entre grupos, reconfigura\u00e7\u00f5es xam\u00e2nicas, novos trajes rituais - cujas formas ou cores, como no <em>Dan\u00e7a Fantasma<\/em> Entre os Pawnee, eles geralmente chegam em sonhos e incorporam tecnologias visuais, ritmos e coreografias recentes (Tola e Robledo, 2022).<\/p>\n\n\n\n<p>Por outro lado, enfatizamos a dimens\u00e3o social das comemora\u00e7\u00f5es da igreja, na medida em que elas <em>performances<\/em> culturais que simbolicamente endossam uma institui\u00e7\u00e3o definida em seus contornos \u00e9tnicos, sociol\u00f3gicos e sua est\u00e9tica de pertencimento. Dessa forma, os anivers\u00e1rios buscam (re)estabelecer a consagra\u00e7\u00e3o de uma continuidade positiva entre a congrega\u00e7\u00e3o, suas hist\u00f3rias de funda\u00e7\u00e3o e seus l\u00edderes atuais, alcan\u00e7ando sua efic\u00e1cia relacional ou \u201carco de fus\u00e3o\u201d, nos termos de Taylor (2022), entre atores e p\u00fablicos. Como observamos nas situa\u00e7\u00f5es etnogr\u00e1ficas, as celebra\u00e7\u00f5es da igreja ind\u00edgena tamb\u00e9m s\u00e3o os locais onde as posi\u00e7\u00f5es de poder s\u00e3o performativamente estabelecidas entre l\u00edderes, grupos familiares e o carisma do grupo de cada congrega\u00e7\u00e3o. Essas competi\u00e7\u00f5es de lideran\u00e7a tamb\u00e9m eram ritualmente expressas em celebra\u00e7\u00f5es antigas, assim como as rivalidades entre grupos diferentes. Aqui, problematizamos brevemente duas posi\u00e7\u00f5es distintas: na igreja Quadrangular do Pastor Pedro, destacamos o reconhecimento da congrega\u00e7\u00e3o, sua rela\u00e7\u00e3o com linhagens importantes nas estruturas de lideran\u00e7a da col\u00f4nia e o peso positivo de outros l\u00edderes religiosos da regi\u00e3o. Essas condi\u00e7\u00f5es estabeleceram as bases sociol\u00f3gicas sobre as quais o <em>performances<\/em> da plateia foram perturbadores para as expectativas do pastor. <em>doqsh\u00e9<\/em> (branco ou crioulo), mas inequivocamente afirmativo para o pastor, os l\u00edderes locais e convidados do Qom, os m\u00fasicos e a congrega\u00e7\u00e3o. Sim\u00e9trica e inversamente, o evento na Misi\u00f3n La Loma levou o pastor Marcio a uma situa\u00e7\u00e3o em que a constru\u00e7\u00e3o ritual afirmativa do grupo convidado, acompanhada pelo p\u00fablico, expressou simbolicamente a ruptura que sua pr\u00f3pria lideran\u00e7a representava entre as congrega\u00e7\u00f5es ind\u00edgenas.<\/p>\n\n\n\n<p>Analisado como <em>performances <\/em>Neste estudo das celebra\u00e7\u00f5es de anivers\u00e1rio de igrejas ind\u00edgenas no Chaco argentino, este estudo possibilita pesquisas futuras sobre as formas ritualizadas em que se expressam os processos de mudan\u00e7a cultural e a din\u00e2mica de pertencimento \u00e9tnico e religioso.<\/p>\n\n\n\n<h2 class=\"wp-block-heading\">Bibliografia<\/h2>\n\n\n\n<p class=\"bibliography\" data-no-auto-translation=\"\">Alexander, Jeffrey (2006). \u201cCultural Pragmatics: Social Performance between Ritual and Strategy\u201d, en Jeffrey Alexander, Bernhard Giesen y Jason Mast (eds.). <em>Social Performance: Symbolic Action, Cultural Pragmatics, and Ritual<\/em>. Cambridge: Cambridge University Press, pp. 29-90.<\/p>\n\n\n\n<p class=\"bibliography\" data-no-auto-translation=\"\">Altman, Agustina (2023). \u201c\u2018Los hermanos sean unidos\u2026\u2019. Procesos de fisi\u00f3n y fusi\u00f3n al interior del <em>Evangelio Moqoit<\/em>\u201d, <em>Etnograf\u00edas Contempor\u00e1neas<\/em>, vol. 9, n\u00fam. 16, pp. 36-62.<\/p>\n\n\n\n<p class=\"bibliography\" data-no-auto-translation=\"\">Bergallo, Elizabeth (2004). <em>Danza en el viento. Ntonaxac. Memoria y resistencia qom (toba)<\/em>. Resistencia: Subsecretar\u00eda de Cultura de la Provincia del Chaco.<\/p>\n\n\n\n<p class=\"bibliography\" data-no-auto-translation=\"\">Briones, Claudia (2005). \u201cFormaciones de alteridad: contextos globales, procesos nacionales y provinciales\u201d, en Claudia Briones (comp.). <em>Cartograf\u00edas argentinas. Pol\u00edticas indigenistas y formaciones provinciales de alteridad<\/em>. Buenos Aires: Antropofagia, pp. 9-36.<\/p>\n\n\n\n<p class=\"bibliography\" data-no-auto-translation=\"\">Ceriani Cernadas, C\u00e9sar (2015). \u201cCampanas del \u2018evangelio\u2019. La din\u00e1mica religiosa ind\u00edgena en los ingenios azucareros del noroeste argentino\u201d, en Lorena C\u00f3rdoba, Federico Bossert y Nicol\u00e1s Richard (eds.). <em>Capitalismo en las selvas: enclaves industriales en el Chaco y Amazon\u00eda ind\u00edgenas (1850-1950<\/em>). San Pedro de Atacama: Ediciones del Desierto, pp. 45-64.<\/p>\n\n\n\n<p class=\"bibliography\" data-no-auto-translation=\"\">\u2014 (2019). \u201cEsp\u00edritus, biblias y remedios: sentidos pr\u00e1cticos de la sanaci\u00f3n en el Chaco ind\u00edgena argentino\u201d, en Joaqu\u00edn Algranti, Mariela Mosqueira y Dami\u00e1n Setton (eds.). <em>La instituci\u00f3n como proceso. Configuraciones de lo religioso en las sociedades contempor\u00e1neas<\/em>. Buenos Aires: Biblos, pp. 99-112.<\/p>\n\n\n\n<p class=\"bibliography\" data-no-auto-translation=\"\">\u2014 y Silvia Citro (2005). \u201cEl movimiento del \u2018evangelio\u2019 entre los tobas del Chaco argentino. Una revisi\u00f3n hist\u00f3rica y etnogr\u00e1fica\u201d, en Bernardo Guerrero Jim\u00e9nez (comp.).<em> De indio a hermano: pentecostalismo ind\u00edgena en Am\u00e9rica Latina.<\/em> Iquique: Ediciones Campvs, pp. 111-170.<\/p>\n\n\n\n<p class=\"bibliography\" data-no-auto-translation=\"\">\u2014 y Hugo Lavazza (2017). \u201c\u2018Por la salvaci\u00f3n de los indios\u2019: una traves\u00eda visual por la misi\u00f3n evang\u00e9lica de Embarcaci\u00f3n, Salta (1925-1975)\u201d, <em>Corpus. Archivos Virtuales de la Alteridad Americana<\/em>, vol. 7, n\u00fam. 2, pp. 1-34. Disponible en: https:\/\/doi.org\/10.4000\/corpusarchivos.1964<\/p>\n\n\n\n<p class=\"bibliography\" data-no-auto-translation=\"\">\u2014 y Alejandro L\u00f3pez (2017). \u201cIntroducci\u00f3n: una antropolog\u00eda comparativa sobre las misionalizaciones chaque\u00f1as\u201d, en C\u00e9sar Ceriani Cernadas (ed.). <em>Los evangelios chaque\u00f1os. Misiones y estrategias ind\u00edgenas en el siglo <span class=\"small-caps\">xx<\/span>.<\/em> Buenos Aires: Rumbo Sur\/Ethnographica, pp. 19-37.<\/p>\n\n\n\n<p class=\"bibliography\" data-no-auto-translation=\"\">Citro, Silvia (2006). \u201cEl an\u00e1lisis de las <em>performances<\/em>: las transformaciones de los cantos-danzas de los tobas orientales\u201d, en Guillermo Wilde y Pablo Schamber (eds.). <em>Simbolismo, ritual y performance. <\/em>Buenos Aires: Editorial <span class=\"small-caps\">sb<\/span>, pp. 83-119.<\/p>\n\n\n\n<p class=\"bibliography\" data-no-auto-translation=\"\">\u2014 (2009). <em>Cuerpos significantes. Traves\u00edas de una etnograf\u00eda dial\u00e9ctica<\/em>. Buenos Aires: Biblos.<\/p>\n\n\n\n<p class=\"bibliography\" data-no-auto-translation=\"\">Contini, Lavinia (2015). \u201cEl \u2018culto-fiesta\u2019 entre los wich\u00ed del Chaco argentino\u201d, <em>Mundo de Antes, <\/em>n\u00fam. 9, pp. 227-251.<\/p>\n\n\n\n<p class=\"bibliography\" data-no-auto-translation=\"\">Cordeu, Edgardo (1984). \u201cNotas sobre la din\u00e1mica socio-religiosa Toba Pilag\u00e1\u201d, <em>Suplemento Antropol\u00f3gico<\/em>, vol. 19, n\u00fam. 1, pp. 187-235.<\/p>\n\n\n\n<p class=\"bibliography\" data-no-auto-translation=\"\">\u2014 y Alejandra Siffredi (1971).<em> De la algarroba al algod\u00f3n. Movimientos milenaristas del Chaco argentino<\/em>. Buenos Aires: Ju\u00e1rez Editor.<\/p>\n\n\n\n<p class=\"bibliography\" data-no-auto-translation=\"\">C\u00f3rdoba, Lorena, Federico Bossert y Nicol\u00e1s Richard (eds.) (2015). <em>Capitalismo en las selvas. Enclaves industriales en el Chaco y Amazon\u00eda ind\u00edgenas (1850-1950)<\/em>. San Pedro de Atacama: Ediciones del Desierto.<\/p>\n\n\n\n<p class=\"bibliography\" data-no-auto-translation=\"\">Di Stefano, Roberto y Loris Zanatta (2000). <em>Historia de la Iglesia argentina. Desde la conquista hasta fines del siglo <span class=\"small-caps\">xx<\/span><\/em>. Buenos Aires: Grijalbo\/Mondadori.<\/p>\n\n\n\n<p class=\"bibliography\" data-no-auto-translation=\"\">Fox, Richard (2002). \u201cThe Study of Historical Transformation in American Anthropology\u201d, en Andr\u00e9 Gingrich y Richard Fox. <em>Anthropology, by Comparison<\/em>. Londres\/Nueva York: Routledge, pp. 167-184.<\/p>\n\n\n\n<p class=\"bibliography\" data-no-auto-translation=\"\">Lesser, Alexander (1933). <em>The Pawnee Ghost Dance Hand Game. A Study of Cultural Change<\/em>. Nueva York: Columbia University Press.<\/p>\n\n\n\n<p class=\"bibliography\" data-no-auto-translation=\"\">Loewen, Jackob, Albert Buckwalter y James Kratz (1965). \u201cShamanism, Power and Illness in Toba Church Life\u201d, <em>Practical Anthropology<\/em>, vol. 12, pp. 250-280.<\/p>\n\n\n\n<p class=\"bibliography\" data-no-auto-translation=\"\">Miller, Elmer (1979). <em>Armon\u00eda y disonancia en una sociedad. Los tobas argentinos.<\/em> M\u00e9xico: Siglo <span class=\"small-caps\">xxi<\/span>.<\/p>\n\n\n\n<p class=\"bibliography\" data-no-auto-translation=\"\">Reyburn, William (1954). <em>The Toba Indians of the Argentine Chaco: An Interpretative Report<\/em>. Elkhart: Mennonite Board of Missions &amp; Charities.<\/p>\n\n\n\n<p class=\"bibliography\" data-no-auto-translation=\"\">Sahlins, Marshall (1988). <em>Islas de historia.<\/em> Barcelona: Gedisa.<\/p>\n\n\n\n<p class=\"bibliography\" data-no-auto-translation=\"\">Segato, Rita (2007). <em>La naci\u00f3n y sus otros. Raza, etnicidad y diversidad religiosa en tiempos de pol\u00edticas de la identidad<\/em>. Buenos Aires: Prometeo.<\/p>\n\n\n\n<p class=\"bibliography\" data-no-auto-translation=\"\">Taylor, Anne (2022). \u201cAudience Agency in Social Performance\u201d, <em>Cultural Sociology<\/em>, vol. 16, n\u00fam. 1, pp. 68-85.<\/p>\n\n\n\n<p class=\"bibliography\" data-no-auto-translation=\"\">Tola, Florencia y Emilio Robledo (2022). \u201c<em>Danzas de alabanza<\/em> (Praise Dances): Pentecostal Ritual or Shamanic Resurgence?\u201d, en Elise Capredon, C\u00e9sar Ceriani Cernadas y Minna Opas (eds.). <em>Indigenous Churches. Anthropology of Christianity in Lowland South America.<\/em> Londres: Palgrave Macmillan, pp. 131-154.<\/p>\n\n\n\n<p class=\"bibliography\" data-no-auto-translation=\"\">Wright, Pablo (1990). \u201cCrisis, enfermedad y poder en la Iglesia Cuadrangular Toba\u201d, <em>Cristianismo y Sociedad<\/em>, vol. 28, n\u00fam. 105, pp. 15-37.<\/p>\n\n\n\n<p class=\"bibliography\" data-no-auto-translation=\"\">\u2014 (2002). \u201cL\u2019 \u2018Evangelio\u2019: pentec\u00f4tisme indig\u00e8ne dans le Chaco argentin\u201d, <em>Social Compass<\/em>, vol. 49, pp. 43-66.<\/p>\n\n\n\n<p class=\"bibliography\" data-no-auto-translation=\"\">\u2014 (2008). <em>Ser-en-el-sue\u00f1o. Cr\u00f3nicas de historia y vida toba<\/em>. Buenos Aires: Biblos.<\/p>\n\n\n\n<p><em>C\u00e9sar Ceriani Cernadas<\/em> Doutor em Antropologia Sociocultural pela Universidade de Buenos Aires (<span class=\"small-caps\">uba<\/span>). Pesquisador do Conselho Nacional de Pesquisas Cient\u00edficas e T\u00e9cnicas (<span class=\"small-caps\">conicet<\/span>) no Instituto de Ci\u00eancias Antropol\u00f3gicas, Faculdade de Filosofia e Letras, <span class=\"small-caps\">uba<\/span>. Professor adjunto do programa de gradua\u00e7\u00e3o em Ci\u00eancias Antropol\u00f3gicas da Universidade de S\u00e3o Paulo. <span class=\"small-caps\">uba<\/span> e professor permanente no Doutorado em Ci\u00eancias Sociais da Faculdade Latino-Americana de Ci\u00eancias Sociais (<span class=\"small-caps\">flacso<\/span>, (Argentina). Seu campo de pesquisa \u00e9 o estudo antropol\u00f3gico da religi\u00e3o, interessado nas produ\u00e7\u00f5es da diversidade religiosa na Argentina e, em particular, na din\u00e2mica hist\u00f3rica e contempor\u00e2nea do cristianismo ind\u00edgena na regi\u00e3o do Chaco.<\/p>\n\n\n\n<div class=\"notas\" id=\"notas-fixed\">\n  <div class=\"nota invisible\" id=\"footnote1\">1 Entre 2000 e 2007, realizei uma pesquisa etnogr\u00e1fica sobre igrejas ind\u00edgenas e experi\u00eancias mission\u00e1rias protestantes em comunidades Qom no leste de Formosa. Entre 2009 e 2022, realizei uma pesquisa sobre a miss\u00e3o escandinava em Embarcaci\u00f3n (Salta) e localidades pr\u00f3ximas, interessada em compreender seu processo hist\u00f3rico de missionaliza\u00e7\u00e3o e sua presen\u00e7a atual como igreja ind\u00edgena.<\/div>\n  <div class=\"nota invisible\" id=\"footnote2\">2 Fen\u00f4meno cultural nativo-americano heterog\u00eaneo e complexo, o sleight of hand era originalmente um jogo de adivinha\u00e7\u00e3o e apostas, um concurso de \u201csorte\u201d (um valor cultural importante), no qual grupos advers\u00e1rios (de dois ou quatro indiv\u00edduos) adivinhavam em qual m\u00e3o seus oponentes estavam escondendo uma ficha. Sua incorpora\u00e7\u00e3o \u00e0s cerim\u00f4nias do <em>Dan\u00e7a Fantasma<\/em>, O estudo de Lesser envolveu modifica\u00e7\u00f5es simb\u00f3licas, materiais e cosmol\u00f3gicas, nas quais os vencedores revalidaram seus pontos fortes e dons espirituais em competi\u00e7\u00f5es.<\/div>\n  <div class=\"nota invisible\" id=\"footnote3\">3 Para proteger a identidade dos pastores mencionados neste artigo, optei por usar pseud\u00f4nimos.<\/div>\n<\/div>","protected":false},"excerpt":{"rendered":"<p>Resumen El art\u00edculo presenta una problematizaci\u00f3n antropol\u00f3gica sobre los festejos de aniversarios de iglesias ind\u00edgenas en el Chaco argentino. Se analizan las formas en que convergen procesos de cambio cultural y performances sociales de reputaci\u00f3n y pertenencia \u00e9tnico-religiosa. La indagaci\u00f3n observa estas celebraciones como instituciones culturales nativas transformadas en su derrotero hist\u00f3rico y dinamizadoras de [&hellip;]<\/p>\n","protected":false},"author":4,"featured_media":40278,"comment_status":"open","ping_status":"open","sticky":false,"template":"","format":"standard","meta":{"_acf_changed":false,"footnotes":""},"categories":[279],"tags":[1512,1513,1125],"coauthors":[551],"class_list":["post-40277","post","type-post","status-publish","format-standard","has-post-thumbnail","hentry","category-279","tag-cambio-cultural","tag-gran-chaco","tag-pueblos-indigenas","personas-ceriani-cernadas-cesar","numeros-1490"],"acf":[],"yoast_head":"<!-- This site is optimized with the Yoast SEO plugin v22.2 - https:\/\/yoast.com\/wordpress\/plugins\/seo\/ -->\n<title>Celebraciones de aniversarios de iglesias ind\u00edgenas chaque\u00f1as &#8211; Encartes<\/title>\n<meta name=\"description\" content=\"An\u00e1lisis antropol\u00f3gico de los aniversarios de iglesias ind\u00edgenas chaque\u00f1as como performances pol\u00edticas y est\u00e9ticas de transformaci\u00f3n cultural.\" \/>\n<meta name=\"robots\" content=\"index, follow, max-snippet:-1, max-image-preview:large, max-video-preview:-1\" \/>\n<link rel=\"canonical\" href=\"https:\/\/encartes.mx\/pt\/ceriani-pueblos-indigenas-gran-chaco-celebraciones\/\" \/>\n<meta property=\"og:locale\" content=\"pt_BR\" \/>\n<meta property=\"og:type\" content=\"article\" \/>\n<meta property=\"og:title\" content=\"Celebraciones de aniversarios de iglesias ind\u00edgenas chaque\u00f1as &#8211; Encartes\" \/>\n<meta property=\"og:description\" content=\"An\u00e1lisis antropol\u00f3gico de los aniversarios de iglesias ind\u00edgenas chaque\u00f1as como performances pol\u00edticas y est\u00e9ticas de transformaci\u00f3n cultural.\" \/>\n<meta property=\"og:url\" content=\"https:\/\/encartes.mx\/pt\/ceriani-pueblos-indigenas-gran-chaco-celebraciones\/\" \/>\n<meta property=\"og:site_name\" content=\"Encartes\" \/>\n<meta property=\"article:published_time\" content=\"2026-03-20T21:00:00+00:00\" \/>\n<meta property=\"article:modified_time\" content=\"2026-03-18T03:05:58+00:00\" \/>\n<meta property=\"og:image\" content=\"https:\/\/encartes.mx\/wp-content\/uploads\/2026\/03\/9764779101_731968f7ab_b.jpg\" \/>\n\t<meta property=\"og:image:width\" content=\"768\" \/>\n\t<meta property=\"og:image:height\" content=\"1024\" \/>\n\t<meta property=\"og:image:type\" content=\"image\/jpeg\" \/>\n<meta name=\"author\" content=\"Arthur Ventura\" \/>\n<meta name=\"twitter:card\" content=\"summary_large_image\" \/>\n<meta name=\"twitter:label1\" content=\"Escrito por\" \/>\n\t<meta name=\"twitter:data1\" content=\"Arthur Ventura\" \/>\n\t<meta name=\"twitter:label2\" content=\"Est. tempo de leitura\" \/>\n\t<meta name=\"twitter:data2\" content=\"37 minutos\" \/>\n\t<meta name=\"twitter:label3\" content=\"Written by\" \/>\n\t<meta name=\"twitter:data3\" content=\"Arthur Ventura\" \/>\n<script type=\"application\/ld+json\" class=\"yoast-schema-graph\">{\"@context\":\"https:\/\/schema.org\",\"@graph\":[{\"@type\":\"Article\",\"@id\":\"https:\/\/encartes.mx\/ceriani-pueblos-indigenas-gran-chaco-celebraciones\/#article\",\"isPartOf\":{\"@id\":\"https:\/\/encartes.mx\/ceriani-pueblos-indigenas-gran-chaco-celebraciones\/\"},\"author\":{\"name\":\"Arthur Ventura\",\"@id\":\"https:\/\/encartes.mx\/#\/schema\/person\/97215bba1729028a4169cab07f8e58ef\"},\"headline\":\"Performance social y transformaci\u00f3n hist\u00f3rica en las celebraciones de aniversarios de iglesias ind\u00edgenas chaque\u00f1as (Argentina)\",\"datePublished\":\"2026-03-20T21:00:00+00:00\",\"dateModified\":\"2026-03-18T03:05:58+00:00\",\"mainEntityOfPage\":{\"@id\":\"https:\/\/encartes.mx\/ceriani-pueblos-indigenas-gran-chaco-celebraciones\/\"},\"wordCount\":9053,\"commentCount\":0,\"publisher\":{\"@id\":\"https:\/\/encartes.mx\/#organization\"},\"image\":{\"@id\":\"https:\/\/encartes.mx\/ceriani-pueblos-indigenas-gran-chaco-celebraciones\/#primaryimage\"},\"thumbnailUrl\":\"https:\/\/encartes.mx\/wp-content\/uploads\/2026\/03\/9764779101_731968f7ab_b.jpg\",\"keywords\":[\"cambio cultural\",\"Gran Chaco\",\"pueblos ind\u00edgenas\"],\"articleSection\":[\"Dosier\"],\"inLanguage\":\"pt-BR\",\"potentialAction\":[{\"@type\":\"CommentAction\",\"name\":\"Comment\",\"target\":[\"https:\/\/encartes.mx\/ceriani-pueblos-indigenas-gran-chaco-celebraciones\/#respond\"]}]},{\"@type\":\"WebPage\",\"@id\":\"https:\/\/encartes.mx\/ceriani-pueblos-indigenas-gran-chaco-celebraciones\/\",\"url\":\"https:\/\/encartes.mx\/ceriani-pueblos-indigenas-gran-chaco-celebraciones\/\",\"name\":\"Celebraciones de aniversarios de iglesias ind\u00edgenas chaque\u00f1as &#8211; Encartes\",\"isPartOf\":{\"@id\":\"https:\/\/encartes.mx\/#website\"},\"primaryImageOfPage\":{\"@id\":\"https:\/\/encartes.mx\/ceriani-pueblos-indigenas-gran-chaco-celebraciones\/#primaryimage\"},\"image\":{\"@id\":\"https:\/\/encartes.mx\/ceriani-pueblos-indigenas-gran-chaco-celebraciones\/#primaryimage\"},\"thumbnailUrl\":\"https:\/\/encartes.mx\/wp-content\/uploads\/2026\/03\/9764779101_731968f7ab_b.jpg\",\"datePublished\":\"2026-03-20T21:00:00+00:00\",\"dateModified\":\"2026-03-18T03:05:58+00:00\",\"description\":\"An\u00e1lisis antropol\u00f3gico de los aniversarios de iglesias ind\u00edgenas chaque\u00f1as como performances pol\u00edticas y est\u00e9ticas de transformaci\u00f3n cultural.\",\"breadcrumb\":{\"@id\":\"https:\/\/encartes.mx\/ceriani-pueblos-indigenas-gran-chaco-celebraciones\/#breadcrumb\"},\"inLanguage\":\"pt-BR\",\"potentialAction\":[{\"@type\":\"ReadAction\",\"target\":[\"https:\/\/encartes.mx\/ceriani-pueblos-indigenas-gran-chaco-celebraciones\/\"]}]},{\"@type\":\"ImageObject\",\"inLanguage\":\"pt-BR\",\"@id\":\"https:\/\/encartes.mx\/ceriani-pueblos-indigenas-gran-chaco-celebraciones\/#primaryimage\",\"url\":\"https:\/\/encartes.mx\/wp-content\/uploads\/2026\/03\/9764779101_731968f7ab_b.jpg\",\"contentUrl\":\"https:\/\/encartes.mx\/wp-content\/uploads\/2026\/03\/9764779101_731968f7ab_b.jpg\",\"width\":768,\"height\":1024},{\"@type\":\"BreadcrumbList\",\"@id\":\"https:\/\/encartes.mx\/ceriani-pueblos-indigenas-gran-chaco-celebraciones\/#breadcrumb\",\"itemListElement\":[{\"@type\":\"ListItem\",\"position\":1,\"name\":\"Home\",\"item\":\"https:\/\/encartes.mx\/\"},{\"@type\":\"ListItem\",\"position\":2,\"name\":\"Performance social y transformaci\u00f3n hist\u00f3rica en las celebraciones de aniversarios de iglesias ind\u00edgenas chaque\u00f1as (Argentina)\"}]},{\"@type\":\"WebSite\",\"@id\":\"https:\/\/encartes.mx\/#website\",\"url\":\"https:\/\/encartes.mx\/\",\"name\":\"Encartes\",\"description\":\"Revista digital multimedia\",\"publisher\":{\"@id\":\"https:\/\/encartes.mx\/#organization\"},\"potentialAction\":[{\"@type\":\"SearchAction\",\"target\":{\"@type\":\"EntryPoint\",\"urlTemplate\":\"https:\/\/encartes.mx\/?s={search_term_string}\"},\"query-input\":\"required name=search_term_string\"}],\"inLanguage\":\"pt-BR\"},{\"@type\":\"Organization\",\"@id\":\"https:\/\/encartes.mx\/#organization\",\"name\":\"Encartes Antropol\u00f3gicos\",\"url\":\"https:\/\/encartes.mx\/\",\"logo\":{\"@type\":\"ImageObject\",\"inLanguage\":\"pt-BR\",\"@id\":\"https:\/\/encartes.mx\/#\/schema\/logo\/image\/\",\"url\":\"https:\/\/encartes.mx\/wp-content\/uploads\/2017\/04\/Logo-04.png\",\"contentUrl\":\"https:\/\/encartes.mx\/wp-content\/uploads\/2017\/04\/Logo-04.png\",\"width\":338,\"height\":306,\"caption\":\"Encartes Antropol\u00f3gicos\"},\"image\":{\"@id\":\"https:\/\/encartes.mx\/#\/schema\/logo\/image\/\"}},{\"@type\":\"Person\",\"@id\":\"https:\/\/encartes.mx\/#\/schema\/person\/97215bba1729028a4169cab07f8e58ef\",\"name\":\"Arthur Ventura\",\"image\":{\"@type\":\"ImageObject\",\"inLanguage\":\"pt-BR\",\"@id\":\"https:\/\/encartes.mx\/#\/schema\/person\/image\/8a45818ea77a67a00c058d294424a6f6\",\"url\":\"https:\/\/secure.gravatar.com\/avatar\/e8ff614b2fa0d91ff6c65f328a272c53?s=96&d=identicon&r=g\",\"contentUrl\":\"https:\/\/secure.gravatar.com\/avatar\/e8ff614b2fa0d91ff6c65f328a272c53?s=96&d=identicon&r=g\",\"caption\":\"Arthur Ventura\"}}]}<\/script>\n<!-- \/ Yoast SEO plugin. -->","yoast_head_json":{"title":"Celebraciones de aniversarios de iglesias ind\u00edgenas chaque\u00f1as &#8211; Encartes","description":"An\u00e1lisis antropol\u00f3gico de los aniversarios de iglesias ind\u00edgenas chaque\u00f1as como performances pol\u00edticas y est\u00e9ticas de transformaci\u00f3n cultural.","robots":{"index":"index","follow":"follow","max-snippet":"max-snippet:-1","max-image-preview":"max-image-preview:large","max-video-preview":"max-video-preview:-1"},"canonical":"https:\/\/encartes.mx\/pt\/ceriani-pueblos-indigenas-gran-chaco-celebraciones\/","og_locale":"pt_BR","og_type":"article","og_title":"Celebraciones de aniversarios de iglesias ind\u00edgenas chaque\u00f1as &#8211; Encartes","og_description":"An\u00e1lisis antropol\u00f3gico de los aniversarios de iglesias ind\u00edgenas chaque\u00f1as como performances pol\u00edticas y est\u00e9ticas de transformaci\u00f3n cultural.","og_url":"https:\/\/encartes.mx\/pt\/ceriani-pueblos-indigenas-gran-chaco-celebraciones\/","og_site_name":"Encartes","article_published_time":"2026-03-20T21:00:00+00:00","article_modified_time":"2026-03-18T03:05:58+00:00","og_image":[{"width":768,"height":1024,"url":"https:\/\/encartes.mx\/wp-content\/uploads\/2026\/03\/9764779101_731968f7ab_b.jpg","type":"image\/jpeg"}],"author":"Arthur Ventura","twitter_card":"summary_large_image","twitter_misc":{"Escrito por":"Arthur Ventura","Est. tempo de leitura":"37 minutos","Written by":"Arthur Ventura"},"schema":{"@context":"https:\/\/schema.org","@graph":[{"@type":"Article","@id":"https:\/\/encartes.mx\/ceriani-pueblos-indigenas-gran-chaco-celebraciones\/#article","isPartOf":{"@id":"https:\/\/encartes.mx\/ceriani-pueblos-indigenas-gran-chaco-celebraciones\/"},"author":{"name":"Arthur Ventura","@id":"https:\/\/encartes.mx\/#\/schema\/person\/97215bba1729028a4169cab07f8e58ef"},"headline":"Performance social y transformaci\u00f3n hist\u00f3rica en las celebraciones de aniversarios de iglesias ind\u00edgenas chaque\u00f1as (Argentina)","datePublished":"2026-03-20T21:00:00+00:00","dateModified":"2026-03-18T03:05:58+00:00","mainEntityOfPage":{"@id":"https:\/\/encartes.mx\/ceriani-pueblos-indigenas-gran-chaco-celebraciones\/"},"wordCount":9053,"commentCount":0,"publisher":{"@id":"https:\/\/encartes.mx\/#organization"},"image":{"@id":"https:\/\/encartes.mx\/ceriani-pueblos-indigenas-gran-chaco-celebraciones\/#primaryimage"},"thumbnailUrl":"https:\/\/encartes.mx\/wp-content\/uploads\/2026\/03\/9764779101_731968f7ab_b.jpg","keywords":["cambio cultural","Gran Chaco","pueblos ind\u00edgenas"],"articleSection":["Dosier"],"inLanguage":"pt-BR","potentialAction":[{"@type":"CommentAction","name":"Comment","target":["https:\/\/encartes.mx\/ceriani-pueblos-indigenas-gran-chaco-celebraciones\/#respond"]}]},{"@type":"WebPage","@id":"https:\/\/encartes.mx\/ceriani-pueblos-indigenas-gran-chaco-celebraciones\/","url":"https:\/\/encartes.mx\/ceriani-pueblos-indigenas-gran-chaco-celebraciones\/","name":"Celebraciones de aniversarios de iglesias ind\u00edgenas chaque\u00f1as &#8211; Encartes","isPartOf":{"@id":"https:\/\/encartes.mx\/#website"},"primaryImageOfPage":{"@id":"https:\/\/encartes.mx\/ceriani-pueblos-indigenas-gran-chaco-celebraciones\/#primaryimage"},"image":{"@id":"https:\/\/encartes.mx\/ceriani-pueblos-indigenas-gran-chaco-celebraciones\/#primaryimage"},"thumbnailUrl":"https:\/\/encartes.mx\/wp-content\/uploads\/2026\/03\/9764779101_731968f7ab_b.jpg","datePublished":"2026-03-20T21:00:00+00:00","dateModified":"2026-03-18T03:05:58+00:00","description":"An\u00e1lisis antropol\u00f3gico de los aniversarios de iglesias ind\u00edgenas chaque\u00f1as como performances pol\u00edticas y est\u00e9ticas de transformaci\u00f3n cultural.","breadcrumb":{"@id":"https:\/\/encartes.mx\/ceriani-pueblos-indigenas-gran-chaco-celebraciones\/#breadcrumb"},"inLanguage":"pt-BR","potentialAction":[{"@type":"ReadAction","target":["https:\/\/encartes.mx\/ceriani-pueblos-indigenas-gran-chaco-celebraciones\/"]}]},{"@type":"ImageObject","inLanguage":"pt-BR","@id":"https:\/\/encartes.mx\/ceriani-pueblos-indigenas-gran-chaco-celebraciones\/#primaryimage","url":"https:\/\/encartes.mx\/wp-content\/uploads\/2026\/03\/9764779101_731968f7ab_b.jpg","contentUrl":"https:\/\/encartes.mx\/wp-content\/uploads\/2026\/03\/9764779101_731968f7ab_b.jpg","width":768,"height":1024},{"@type":"BreadcrumbList","@id":"https:\/\/encartes.mx\/ceriani-pueblos-indigenas-gran-chaco-celebraciones\/#breadcrumb","itemListElement":[{"@type":"ListItem","position":1,"name":"Home","item":"https:\/\/encartes.mx\/"},{"@type":"ListItem","position":2,"name":"Performance social y transformaci\u00f3n hist\u00f3rica en las celebraciones de aniversarios de iglesias ind\u00edgenas chaque\u00f1as (Argentina)"}]},{"@type":"WebSite","@id":"https:\/\/encartes.mx\/#website","url":"https:\/\/encartes.mx\/","name":"Encartes","description":"Revista multim\u00eddia digital","publisher":{"@id":"https:\/\/encartes.mx\/#organization"},"potentialAction":[{"@type":"SearchAction","target":{"@type":"EntryPoint","urlTemplate":"https:\/\/encartes.mx\/?s={search_term_string}"},"query-input":"required name=search_term_string"}],"inLanguage":"pt-BR"},{"@type":"Organization","@id":"https:\/\/encartes.mx\/#organization","name":"Inser\u00e7\u00f5es antropol\u00f3gicas","url":"https:\/\/encartes.mx\/","logo":{"@type":"ImageObject","inLanguage":"pt-BR","@id":"https:\/\/encartes.mx\/#\/schema\/logo\/image\/","url":"https:\/\/encartes.mx\/wp-content\/uploads\/2017\/04\/Logo-04.png","contentUrl":"https:\/\/encartes.mx\/wp-content\/uploads\/2017\/04\/Logo-04.png","width":338,"height":306,"caption":"Encartes Antropol\u00f3gicos"},"image":{"@id":"https:\/\/encartes.mx\/#\/schema\/logo\/image\/"}},{"@type":"Person","@id":"https:\/\/encartes.mx\/#\/schema\/person\/97215bba1729028a4169cab07f8e58ef","name":"Arthur Ventura","image":{"@type":"ImageObject","inLanguage":"pt-BR","@id":"https:\/\/encartes.mx\/#\/schema\/person\/image\/8a45818ea77a67a00c058d294424a6f6","url":"https:\/\/secure.gravatar.com\/avatar\/e8ff614b2fa0d91ff6c65f328a272c53?s=96&d=identicon&r=g","contentUrl":"https:\/\/secure.gravatar.com\/avatar\/e8ff614b2fa0d91ff6c65f328a272c53?s=96&d=identicon&r=g","caption":"Arthur Ventura"}}]}},"jetpack_sharing_enabled":true,"jetpack_featured_media_url":"https:\/\/encartes.mx\/wp-content\/uploads\/2026\/03\/9764779101_731968f7ab_b.jpg","_links":{"self":[{"href":"https:\/\/encartes.mx\/pt\/wp-json\/wp\/v2\/posts\/40277","targetHints":{"allow":["GET"]}}],"collection":[{"href":"https:\/\/encartes.mx\/pt\/wp-json\/wp\/v2\/posts"}],"about":[{"href":"https:\/\/encartes.mx\/pt\/wp-json\/wp\/v2\/types\/post"}],"author":[{"embeddable":true,"href":"https:\/\/encartes.mx\/pt\/wp-json\/wp\/v2\/users\/4"}],"replies":[{"embeddable":true,"href":"https:\/\/encartes.mx\/pt\/wp-json\/wp\/v2\/comments?post=40277"}],"version-history":[{"count":5,"href":"https:\/\/encartes.mx\/pt\/wp-json\/wp\/v2\/posts\/40277\/revisions"}],"predecessor-version":[{"id":40448,"href":"https:\/\/encartes.mx\/pt\/wp-json\/wp\/v2\/posts\/40277\/revisions\/40448"}],"wp:featuredmedia":[{"embeddable":true,"href":"https:\/\/encartes.mx\/pt\/wp-json\/wp\/v2\/media\/40278"}],"wp:attachment":[{"href":"https:\/\/encartes.mx\/pt\/wp-json\/wp\/v2\/media?parent=40277"}],"wp:term":[{"taxonomy":"category","embeddable":true,"href":"https:\/\/encartes.mx\/pt\/wp-json\/wp\/v2\/categories?post=40277"},{"taxonomy":"post_tag","embeddable":true,"href":"https:\/\/encartes.mx\/pt\/wp-json\/wp\/v2\/tags?post=40277"},{"taxonomy":"author","embeddable":true,"href":"https:\/\/encartes.mx\/pt\/wp-json\/wp\/v2\/coauthors?post=40277"}],"curies":[{"name":"wp","href":"https:\/\/api.w.org\/{rel}","templated":true}]}}