{"id":39505,"date":"2025-03-21T13:00:00","date_gmt":"2025-03-21T19:00:00","guid":{"rendered":"https:\/\/encartes.mx\/?p=39505"},"modified":"2025-03-25T07:09:27","modified_gmt":"2025-03-25T13:09:27","slug":"duran-alonso-entrevista-trayectoria-acompanamiento-luchas-sociales-pistas","status":"publish","type":"post","link":"https:\/\/encartes.mx\/pt\/duran-alonso-entrevista-trayectoria-acompanamiento-luchas-sociales-pistas\/","title":{"rendered":"Aprendendo com as dificuldades: a jornada de \"Doc Alonso\"."},"content":{"rendered":"<figure class=\"wp-block-embed is-type-video is-provider-youtube wp-block-embed-youtube wp-embed-aspect-16-9 wp-has-aspect-ratio\"><div class=\"wp-block-embed__wrapper\">\n<iframe loading=\"lazy\" title=\"Entrevista com Jorge Alonso por In\u00e9s Dur\u00e1n | Aprendendo com as dificuldades: a jornada de &quot;Doc&quot; Alonso\" width=\"580\" height=\"326\" src=\"https:\/\/www.youtube.com\/embed\/xvShf6Dpo2g?feature=oembed\" frameborder=\"0\" allow=\"accelerometer; autoplay; clipboard-write; encrypted-media; gyroscope; picture-in-picture; web-share\" referrerpolicy=\"strict-origin-when-cross-origin\" allowfullscreen><\/iframe>\n<\/div><\/figure>\n\n\n\n<p class=\"has-drop-cap abstract\">Jorge Alonso ou \"Doc Alonso\" - como \u00e9 conhecido pelos colegas e amigos - \u00e9 um homem de semblante s\u00e9rio, comportamento firme e olhar penetrante, mas com um grande cora\u00e7\u00e3o. Desde seu in\u00edcio, caminhando com os jesu\u00edtas, ele dedicou sua vida n\u00e3o apenas \u00e0 reflex\u00e3o, mas tamb\u00e9m ao acompanhamento <em>os que est\u00e3o na base<\/em>. Na d\u00e9cada de 70, ele come\u00e7ou a investigar a situa\u00e7\u00e3o dos catadores de lixo em Monterrey: impregnou suas roupas com o cheiro de lixo para entender, de um ponto de vista marxista, a explora\u00e7\u00e3o que sofriam, j\u00e1 que, no fim das contas, todo lixo \u00e9 dinheiro. Hoje, sua preocupa\u00e7\u00e3o aumentou e ele v\u00ea com ang\u00fastia as m\u00faltiplas desapropria\u00e7\u00f5es que ocorrem no M\u00e9xico e fora dele. No entanto, em sua jornada, ela entendeu que, para manter a esperan\u00e7a, \u00e9 necess\u00e1rio ouvir e aprender com os movimentos sociais, as lutas anticapitalistas, os processos emancipat\u00f3rios e aut\u00f4nomos que nos d\u00e3o pistas para criar alternativas para a vida.<\/p>\n\n\n\n<p>Com a cabe\u00e7a cheia de perguntas, Doc vem tentando respond\u00ea-las por meio de seus escritos h\u00e1 60 anos. Ele escreve incessantemente: um artigo, um livro, um cap\u00edtulo... e por isso tem centenas de publica\u00e7\u00f5es em seu nome. Entre meus favoritos est\u00e3o seus livros <em>Repensando os movimentos sociais <\/em>(Alonso, 2013) e <em>Explora\u00e7\u00f5es anticapitalistas <\/em>(Alonso, 2019), mas, sem d\u00favida, todos valem a pena. Com o mesmo fervor com que escreve, ele se preocupa com o mundo e com as pessoas que o habitam. N\u00e3o \u00e9 de surpreender, portanto, que ele seja um companheiro valioso de pesquisadores, ativistas e lutadores sociais por seu compromisso, cordialidade e humildade. Doc \u00e9 a prova de que, diante de um setor acad\u00eamico hier\u00e1rquico e excludente, outra ci\u00eancia \u00e9 poss\u00edvel, uma que seja dial\u00f3gica, colaborativa, respeitosa e comprometida.<\/p>\n\n\n\n<p>A cadeira que leva seu nome \u00e9 prova disso. \u00c9 um espa\u00e7o estimulante de an\u00e1lise, discuss\u00e3o e di\u00e1logo para perceber as raz\u00f5es e os sentimentos das lutas sociais e as maneiras pelas quais elas est\u00e3o tentando alternativas a um sistema de domina\u00e7\u00e3o m\u00faltipla. \u00c9 tamb\u00e9m um esfor\u00e7o para inovar e buscar maneiras de fazer uma ci\u00eancia aberta que rompa com abordagens verticais; como ele diria, \"descer ao ch\u00e3o e andar por a\u00ed perguntando aos de baixo como entender e agir em um mundo inclusivo que estamos forjando dia a dia\" (Alonso, 1997-2017). Dessa forma, apoia publica\u00e7\u00f5es enraizadas no pensamento cr\u00edtico e na pesquisa militante escritas, acima de tudo, por jovens pesquisadores. Assim, conta com uma cole\u00e7\u00e3o de 45 livros ousados e discordantes que testam que <em>outras ci\u00eancias<\/em>.<\/p>\n\n\n\n<p>Para come\u00e7ar esta entrevista, o doutor explica como come\u00e7ou a pesquisar sobre movimentos sociais e oferece um relato dos primeiros projetos em que se envolveu e das li\u00e7\u00f5es que aprendeu. Em um mundo em turbul\u00eancia, era dif\u00edcil n\u00e3o olhar para as lutas camponesas, movimentos eleitorais, de mulheres, de estudantes e de trabalhadores, resist\u00eancia urbana e cultural, especialmente em um pa\u00eds onde a democracia n\u00e3o parecia estar se consolidando. A influ\u00eancia de Pablo Gonz\u00e1lez Casanova em sua perspectiva e trajet\u00f3ria \u00e9 digna de nota. Ele come\u00e7ou com an\u00e1lises focadas em elei\u00e7\u00f5es, democracia, partidos pol\u00edticos, classes, etc.; no entanto, ele compartilha conosco como, desde 1994, o Ex\u00e9rcito Zapatista de Liberta\u00e7\u00e3o Nacional (<span class=\"small-caps\">ezln<\/span>) mudou sua perspectiva.<\/p>\n\n\n\n<p>Para o Doc, o zapatismo era \"a nova revolu\u00e7\u00e3o mexicana\", que logo provou ser algo mais, pois rompeu todos os tipos de esquemas e categoriza\u00e7\u00f5es. Embora tenha passado por v\u00e1rios est\u00e1gios, para ele o que mais o marcou foi o seguinte: 1. sua abertura, flexibilidade e autocr\u00edtica na busca e cria\u00e7\u00e3o de caminhos; 2. a exposi\u00e7\u00e3o de como todos os nossos males v\u00eam do capitalismo; 3. o papel das mulheres na concep\u00e7\u00e3o de novas din\u00e2micas fora do patriarcado. No entanto, ela v\u00ea com preocupa\u00e7\u00e3o como o Estado, com seus militares e paramilitares, e agora junto com o narcotr\u00e1fico, continua tentando destruir essa vida aut\u00f4noma; no entanto, ela explica que, mesmo diante desses ataques violentos, o zapatismo inova e projeta continuamente sua defesa. Para isso, apresenta sua vis\u00e3o das recentes tentativas de criar esses outros mundos poss\u00edveis em meio a tanta viol\u00eancia.<\/p>\n\n\n\n<p>O Doc \u00e9 grato ao movimento zapatista porque os espa\u00e7os de encontro criados por esse movimento o aproximaram de outras lutas, como as dos povos curdo e mapuche. Ele v\u00ea em comum em todas essas resist\u00eancias o fato de que, apesar da situa\u00e7\u00e3o de guerra que as assola, elas conseguem defender e manter sua autonomia, lutar pela vida diante da morte que o capitalismo espalha. O Doc, embora admita de forma t\u00edmida e respeitosa seu processo de despatriarcaliza\u00e7\u00e3o, admira e destaca o papel das mulheres curdas. Da mesma forma, ele compartilha a vis\u00e3o do <em>weichafe<\/em> Moira Mill\u00e1n, mapuche, afirma que a destrui\u00e7\u00e3o do planeta - o \"terric\u00eddio\" em curso - est\u00e1 profundamente ligada ao feminic\u00eddio. Assim, ela nos diz que n\u00e3o pode haver uma \"revolu\u00e7\u00e3o vinda de baixo\" que n\u00e3o seja anticapitalista e, ao mesmo tempo, antipatriarcal.<\/p>\n\n\n\n<p>Sua admira\u00e7\u00e3o por outras lutas tamb\u00e9m se manifestou em seu acompanhamento pr\u00f3ximo dos que est\u00e3o em Jalisco. Ele oferece espa\u00e7os para reuni\u00f5es e di\u00e1logos com eles, mas, acima de tudo, busca maneiras de apoi\u00e1-los. Esse foi o caso da comunidade de coca de Mezcala. Sua generosidade foi vista, por exemplo, quando em 2011 ele doou a quantia recebida por ganhar o Pr\u00eamio Jalisco \u00e0 comunidade de Mezcala para ser usada nos processos criminais de seus habitantes que haviam sido acusados injustamente por um invasor. Hoje, o doutor \u00e9 reconhecido como um \"comunitarista\", como explica Roc\u00edo Moreno, membro da comunidade, porque seu trabalho \"\u00e9 diferente do dos acad\u00eamicos, porque vimos como n\u00e3o apenas nosso povo, mas tamb\u00e9m as diferentes lutas em Jalisco - mas n\u00e3o apenas - abriram espa\u00e7os da frieza e desumanidade das universidades para fazer com que nossas demandas e posi\u00e7\u00f5es fossem ouvidas\" (Moreno, 2025).<\/p>\n\n\n\n<p>No ano passado, o doutor comemorou seu 45\u00ba anivers\u00e1rio no Centro de Investigaciones y Estudios Superiores en Antropolog\u00eda Social (<span class=\"small-caps\">ciesas<\/span>), e \u00e9 um excelente exemplo de pesquisador incans\u00e1vel e uma pessoa maravilhosa. Tive a sorte de conhec\u00ea-lo h\u00e1 17 anos, quando comecei como seu assistente de pesquisa. Sua perspectiva de mente aberta, suas ideias incisivas, seu trabalho colaborativo, sua abordagem detalhada e sua generosidade incondicional permanecem comigo como grandes li\u00e7\u00f5es. Portanto, nesta entrevista, gostaria de pedir a ele suas recomenda\u00e7\u00f5es e conselhos para aqueles de n\u00f3s que hoje ainda est\u00e3o procurando maneiras de enfrentar as m\u00faltiplas crises e atravessar as diferentes lutas. De forma concisa, ele sugere \"duvidar de tudo\", \"procurar e n\u00e3o se cansar\", \"estar disposto a nos corrigir\" e \"estar aberto e aprender com as pessoas\".<\/p>\n\n\n\n<p>Esta entrevista n\u00e3o \u00e9 apenas mais um testemunho de seus anos de dedica\u00e7\u00e3o e luta para garantir um futuro para o planeta, mas tamb\u00e9m inclui uma s\u00e9rie de dicas sobre como alcan\u00e7\u00e1-lo.<\/p>\n\n\n\n<h2 class=\"wp-block-heading\">Bibliografia<\/h2>\n\n\n\n<p class=\"bibliography\" data-no-auto-translation=\"\">Alonso, Jorge (2013). <em>Repensar los movimientos sociales. <\/em>M\u00e9xico: <span class=\"small-caps\">ciesas<\/span>.<\/p>\n\n\n\n<p class=\"bibliography\" data-no-auto-translation=\"\">\u2014 (2019). <em>Exploraciones anticapitalistas. <\/em>Guadalajara: C\u00e1tedra Jorge Alonso.<\/p>\n\n\n\n<p class=\"bibliography\" data-no-auto-translation=\"\">\u2014 (1997-2017). \u00bfQui\u00e9nes somos? <em>C\u00e1tedra Jorge<\/em> <em>Alonso<\/em>. Recuperado de: https:\/\/catedraalonso-ciesas.udg.mx\/quienes-somos Consultado el 21 de enero de 2025.<\/p>\n\n\n\n<p class=\"bibliography\" data-no-auto-translation=\"\">Moreno, Roc\u00edo (2025). \u201cPrefacio\u201d, en In\u00e9s Dur\u00e1n Matute (coord.). <em>Saberes para otros mundos posibles<\/em>. Guadalajara: C\u00e1tedra Jorge Alonso.<\/p>\n\n\n\n<hr class=\"wp-block-separator has-alpha-channel-opacity\"\/>\n\n\n\n<p class=\"abstract\"><em>In\u00e9s Dur\u00e1n Matute<\/em> \u00e9 PhD em Ci\u00eancias Sociais pela Universidade de Sydney (Austr\u00e1lia) e fez pesquisa de p\u00f3s-doutorado no M\u00e9xico, nos Estados Unidos e na Alemanha. Atualmente, ela \u00e9 pesquisadora no <span class=\"small-caps\">ciesas<\/span> (sede ocidental) e \u00e9 membro do International Research Group on Authoritarianism and Counter-Strategies (Alemanha). A partir de uma postura militante, ele pesquisa o funcionamento do autoritarismo, do capitalismo e do colapso socioecol\u00f3gico e as perspectivas de lutas anticapitalistas e mudan\u00e7as sociais. Suas publica\u00e7\u00f5es incluem as seguintes: <em>Povos ind\u00edgenas e as geografias do poder. Narrativas de Mezcala sobre governan\u00e7a neoliberal.<\/em> M\u00e9xico: Siglo <span class=\"small-caps\">xxi<\/span>, 2019; com Roc\u00edo Moreno. <em>A luta pela vida em face dos megaprojetos no M\u00e9xico. <\/em>Guadalajara: C\u00e1tedra Jorge Alonso, 2021; e como coeditor <em>Beyond Molotovs. A Visual Handbook of Anti-Authoritarian Strategies (Manual visual de estrat\u00e9gias antiautorit\u00e1rias).<\/em> Bielefeld: Transcri\u00e7\u00e3o, 2024.<\/p>\n\n\n\n<p class=\"abstract\"><em>Jorge Alonso S\u00e1nchez<\/em> \u00e9 professor em\u00e9rito de pesquisa na <span class=\"small-caps\">ciesas<\/span>Pesquisador Nacional Em\u00e9rito do <span class=\"small-caps\">sni<\/span>membro da Academia Mexicana de Ci\u00eancias, chefe da c\u00e1tedra bi-institucional da Universidade de Guadalajara e da Universidade de S\u00e3o Paulo. <span class=\"small-caps\">ciesas<\/span> que leva seu nome. Ele publicou muitos livros, cap\u00edtulos de livros, artigos, pref\u00e1cios e resenhas. Durante quase dez anos, editou a revista&nbsp;<em>Discord\u00e2ncias. <\/em>Sua pesquisa se concentra em movimentos populares anticapitalistas e na constru\u00e7\u00e3o de alternativas de baixo para cima em defesa da vida e do planeta. Ela destacou o papel central das mulheres nos movimentos curdo, mapuche e zapatista.<\/p>","protected":false},"excerpt":{"rendered":"<p>Jorge Alonso ou \"Doc Alonso\" - como \u00e9 conhecido pelos colegas e amigos - \u00e9 um homem de semblante s\u00e9rio, comportamento firme e olhar penetrante, mas com um grande cora\u00e7\u00e3o. Desde seus primeiros dias, caminhando com os jesu\u00edtas, ele dedicou sua vida n\u00e3o apenas \u00e0 reflex\u00e3o, mas tamb\u00e9m a acompanhar os que est\u00e3o na base. Nos anos [...]<\/p>","protected":false},"author":4,"featured_media":39544,"comment_status":"open","ping_status":"open","sticky":false,"template":"","format":"standard","meta":{"_acf_changed":false,"footnotes":""},"categories":[12],"tags":[1391,1269,1392,424,639],"coauthors":[551],"class_list":["post-39505","post","type-post","status-publish","format-standard","has-post-thumbnail","hentry","category-12","tag-anticapitalismo","tag-autonomia","tag-investigacion-militante","tag-movimientos-sociales","tag-zapatismo","personas-matute-duran-ines","personas-alonso-sanchez-jorge-2","numeros-1330"],"acf":[],"yoast_head":"<!-- This site is optimized with the Yoast SEO plugin v22.2 - https:\/\/yoast.com\/wordpress\/plugins\/seo\/ -->\n<title>Aprender con las luchas: el caminar del &quot;Doc Alonso&quot; &#8211; Encartes<\/title>\n<meta name=\"description\" content=\"Jorge Alonso o el &quot;Doc Alonso&quot; es un investigador comprometido con movimientos sociales y luchas anticapitalistas, destacado por su trabajo con comunidades.\" \/>\n<meta name=\"robots\" content=\"index, follow, max-snippet:-1, max-image-preview:large, max-video-preview:-1\" \/>\n<link rel=\"canonical\" href=\"https:\/\/encartes.mx\/pt\/duran-alonso-entrevista-trayectoria-acompanamiento-luchas-sociales-pistas\/\" \/>\n<meta property=\"og:locale\" content=\"pt_BR\" \/>\n<meta property=\"og:type\" content=\"article\" \/>\n<meta property=\"og:title\" content=\"Aprender con las luchas: el caminar del &quot;Doc Alonso&quot; &#8211; Encartes\" \/>\n<meta property=\"og:description\" content=\"Jorge Alonso o el &quot;Doc Alonso&quot; es un investigador comprometido con movimientos sociales y luchas anticapitalistas, destacado por su trabajo con comunidades.\" \/>\n<meta property=\"og:url\" content=\"https:\/\/encartes.mx\/pt\/duran-alonso-entrevista-trayectoria-acompanamiento-luchas-sociales-pistas\/\" \/>\n<meta property=\"og:site_name\" content=\"Encartes\" \/>\n<meta property=\"article:published_time\" content=\"2025-03-21T19:00:00+00:00\" \/>\n<meta property=\"article:modified_time\" content=\"2025-03-25T13:09:27+00:00\" \/>\n<meta property=\"og:image\" content=\"https:\/\/encartes.mx\/wp-content\/uploads\/2025\/03\/entrevista-a-jorge-alonso-1-scaled-e1742137067724.jpg\" \/>\n\t<meta property=\"og:image:width\" content=\"910\" \/>\n\t<meta property=\"og:image:height\" content=\"910\" \/>\n\t<meta property=\"og:image:type\" content=\"image\/jpeg\" \/>\n<meta name=\"author\" content=\"Arthur Ventura\" \/>\n<meta name=\"twitter:card\" content=\"summary_large_image\" \/>\n<meta name=\"twitter:label1\" content=\"Escrito por\" \/>\n\t<meta name=\"twitter:data1\" content=\"Arthur Ventura\" \/>\n\t<meta name=\"twitter:label2\" content=\"Est. tempo de leitura\" \/>\n\t<meta name=\"twitter:data2\" content=\"7 minutos\" \/>\n\t<meta name=\"twitter:label3\" content=\"Written by\" \/>\n\t<meta name=\"twitter:data3\" content=\"Arthur Ventura\" \/>\n<script type=\"application\/ld+json\" class=\"yoast-schema-graph\">{\"@context\":\"https:\/\/schema.org\",\"@graph\":[{\"@type\":\"Article\",\"@id\":\"https:\/\/encartes.mx\/duran-alonso-entrevista-trayectoria-acompanamiento-luchas-sociales-pistas\/#article\",\"isPartOf\":{\"@id\":\"https:\/\/encartes.mx\/duran-alonso-entrevista-trayectoria-acompanamiento-luchas-sociales-pistas\/\"},\"author\":{\"name\":\"Arthur Ventura\",\"@id\":\"https:\/\/encartes.mx\/#\/schema\/person\/97215bba1729028a4169cab07f8e58ef\"},\"headline\":\"Aprender con las luchas: el caminar del &#8220;Doc Alonso&#8221;\",\"datePublished\":\"2025-03-21T19:00:00+00:00\",\"dateModified\":\"2025-03-25T13:09:27+00:00\",\"mainEntityOfPage\":{\"@id\":\"https:\/\/encartes.mx\/duran-alonso-entrevista-trayectoria-acompanamiento-luchas-sociales-pistas\/\"},\"wordCount\":1503,\"commentCount\":0,\"publisher\":{\"@id\":\"https:\/\/encartes.mx\/#organization\"},\"image\":{\"@id\":\"https:\/\/encartes.mx\/duran-alonso-entrevista-trayectoria-acompanamiento-luchas-sociales-pistas\/#primaryimage\"},\"thumbnailUrl\":\"https:\/\/encartes.mx\/wp-content\/uploads\/2025\/03\/entrevista-a-jorge-alonso-1-scaled-e1742137067724.jpg\",\"keywords\":[\"anticapitalismo\",\"autonom\u00eda\",\"investigaci\u00f3n militante\",\"movimientos sociales\",\"zapatismo\"],\"articleSection\":[\"Entrevistas\"],\"inLanguage\":\"pt-BR\",\"potentialAction\":[{\"@type\":\"CommentAction\",\"name\":\"Comment\",\"target\":[\"https:\/\/encartes.mx\/duran-alonso-entrevista-trayectoria-acompanamiento-luchas-sociales-pistas\/#respond\"]}]},{\"@type\":\"WebPage\",\"@id\":\"https:\/\/encartes.mx\/duran-alonso-entrevista-trayectoria-acompanamiento-luchas-sociales-pistas\/\",\"url\":\"https:\/\/encartes.mx\/duran-alonso-entrevista-trayectoria-acompanamiento-luchas-sociales-pistas\/\",\"name\":\"Aprender con las luchas: el caminar del \\\"Doc Alonso\\\" &#8211; Encartes\",\"isPartOf\":{\"@id\":\"https:\/\/encartes.mx\/#website\"},\"primaryImageOfPage\":{\"@id\":\"https:\/\/encartes.mx\/duran-alonso-entrevista-trayectoria-acompanamiento-luchas-sociales-pistas\/#primaryimage\"},\"image\":{\"@id\":\"https:\/\/encartes.mx\/duran-alonso-entrevista-trayectoria-acompanamiento-luchas-sociales-pistas\/#primaryimage\"},\"thumbnailUrl\":\"https:\/\/encartes.mx\/wp-content\/uploads\/2025\/03\/entrevista-a-jorge-alonso-1-scaled-e1742137067724.jpg\",\"datePublished\":\"2025-03-21T19:00:00+00:00\",\"dateModified\":\"2025-03-25T13:09:27+00:00\",\"description\":\"Jorge Alonso o el \\\"Doc Alonso\\\" es un investigador comprometido con movimientos sociales y luchas anticapitalistas, destacado por su trabajo con comunidades.\",\"breadcrumb\":{\"@id\":\"https:\/\/encartes.mx\/duran-alonso-entrevista-trayectoria-acompanamiento-luchas-sociales-pistas\/#breadcrumb\"},\"inLanguage\":\"pt-BR\",\"potentialAction\":[{\"@type\":\"ReadAction\",\"target\":[\"https:\/\/encartes.mx\/duran-alonso-entrevista-trayectoria-acompanamiento-luchas-sociales-pistas\/\"]}]},{\"@type\":\"ImageObject\",\"inLanguage\":\"pt-BR\",\"@id\":\"https:\/\/encartes.mx\/duran-alonso-entrevista-trayectoria-acompanamiento-luchas-sociales-pistas\/#primaryimage\",\"url\":\"https:\/\/encartes.mx\/wp-content\/uploads\/2025\/03\/entrevista-a-jorge-alonso-1-scaled-e1742137067724.jpg\",\"contentUrl\":\"https:\/\/encartes.mx\/wp-content\/uploads\/2025\/03\/entrevista-a-jorge-alonso-1-scaled-e1742137067724.jpg\",\"width\":910,\"height\":910},{\"@type\":\"BreadcrumbList\",\"@id\":\"https:\/\/encartes.mx\/duran-alonso-entrevista-trayectoria-acompanamiento-luchas-sociales-pistas\/#breadcrumb\",\"itemListElement\":[{\"@type\":\"ListItem\",\"position\":1,\"name\":\"Home\",\"item\":\"https:\/\/encartes.mx\/\"},{\"@type\":\"ListItem\",\"position\":2,\"name\":\"Aprender con las luchas: el caminar del &#8220;Doc Alonso&#8221;\"}]},{\"@type\":\"WebSite\",\"@id\":\"https:\/\/encartes.mx\/#website\",\"url\":\"https:\/\/encartes.mx\/\",\"name\":\"Encartes\",\"description\":\"Revista digital multimedia\",\"publisher\":{\"@id\":\"https:\/\/encartes.mx\/#organization\"},\"potentialAction\":[{\"@type\":\"SearchAction\",\"target\":{\"@type\":\"EntryPoint\",\"urlTemplate\":\"https:\/\/encartes.mx\/?s={search_term_string}\"},\"query-input\":\"required name=search_term_string\"}],\"inLanguage\":\"pt-BR\"},{\"@type\":\"Organization\",\"@id\":\"https:\/\/encartes.mx\/#organization\",\"name\":\"Encartes Antropol\u00f3gicos\",\"url\":\"https:\/\/encartes.mx\/\",\"logo\":{\"@type\":\"ImageObject\",\"inLanguage\":\"pt-BR\",\"@id\":\"https:\/\/encartes.mx\/#\/schema\/logo\/image\/\",\"url\":\"https:\/\/encartes.mx\/wp-content\/uploads\/2017\/04\/Logo-04.png\",\"contentUrl\":\"https:\/\/encartes.mx\/wp-content\/uploads\/2017\/04\/Logo-04.png\",\"width\":338,\"height\":306,\"caption\":\"Encartes Antropol\u00f3gicos\"},\"image\":{\"@id\":\"https:\/\/encartes.mx\/#\/schema\/logo\/image\/\"}},{\"@type\":\"Person\",\"@id\":\"https:\/\/encartes.mx\/#\/schema\/person\/97215bba1729028a4169cab07f8e58ef\",\"name\":\"Arthur Ventura\",\"image\":{\"@type\":\"ImageObject\",\"inLanguage\":\"pt-BR\",\"@id\":\"https:\/\/encartes.mx\/#\/schema\/person\/image\/8a45818ea77a67a00c058d294424a6f6\",\"url\":\"https:\/\/secure.gravatar.com\/avatar\/e8ff614b2fa0d91ff6c65f328a272c53?s=96&d=identicon&r=g\",\"contentUrl\":\"https:\/\/secure.gravatar.com\/avatar\/e8ff614b2fa0d91ff6c65f328a272c53?s=96&d=identicon&r=g\",\"caption\":\"Arthur Ventura\"}}]}<\/script>\n<!-- \/ Yoast SEO plugin. -->","yoast_head_json":{"title":"Aprender con las luchas: el caminar del \"Doc Alonso\" &#8211; Encartes","description":"Jorge Alonso o el \"Doc Alonso\" es un investigador comprometido con movimientos sociales y luchas anticapitalistas, destacado por su trabajo con comunidades.","robots":{"index":"index","follow":"follow","max-snippet":"max-snippet:-1","max-image-preview":"max-image-preview:large","max-video-preview":"max-video-preview:-1"},"canonical":"https:\/\/encartes.mx\/pt\/duran-alonso-entrevista-trayectoria-acompanamiento-luchas-sociales-pistas\/","og_locale":"pt_BR","og_type":"article","og_title":"Aprender con las luchas: el caminar del \"Doc Alonso\" &#8211; Encartes","og_description":"Jorge Alonso o el \"Doc Alonso\" es un investigador comprometido con movimientos sociales y luchas anticapitalistas, destacado por su trabajo con comunidades.","og_url":"https:\/\/encartes.mx\/pt\/duran-alonso-entrevista-trayectoria-acompanamiento-luchas-sociales-pistas\/","og_site_name":"Encartes","article_published_time":"2025-03-21T19:00:00+00:00","article_modified_time":"2025-03-25T13:09:27+00:00","og_image":[{"width":910,"height":910,"url":"https:\/\/encartes.mx\/wp-content\/uploads\/2025\/03\/entrevista-a-jorge-alonso-1-scaled-e1742137067724.jpg","type":"image\/jpeg"}],"author":"Arthur Ventura","twitter_card":"summary_large_image","twitter_misc":{"Escrito por":"Arthur Ventura","Est. tempo de leitura":"7 minutos","Written by":"Arthur Ventura"},"schema":{"@context":"https:\/\/schema.org","@graph":[{"@type":"Article","@id":"https:\/\/encartes.mx\/duran-alonso-entrevista-trayectoria-acompanamiento-luchas-sociales-pistas\/#article","isPartOf":{"@id":"https:\/\/encartes.mx\/duran-alonso-entrevista-trayectoria-acompanamiento-luchas-sociales-pistas\/"},"author":{"name":"Arthur Ventura","@id":"https:\/\/encartes.mx\/#\/schema\/person\/97215bba1729028a4169cab07f8e58ef"},"headline":"Aprender con las luchas: el caminar del &#8220;Doc Alonso&#8221;","datePublished":"2025-03-21T19:00:00+00:00","dateModified":"2025-03-25T13:09:27+00:00","mainEntityOfPage":{"@id":"https:\/\/encartes.mx\/duran-alonso-entrevista-trayectoria-acompanamiento-luchas-sociales-pistas\/"},"wordCount":1503,"commentCount":0,"publisher":{"@id":"https:\/\/encartes.mx\/#organization"},"image":{"@id":"https:\/\/encartes.mx\/duran-alonso-entrevista-trayectoria-acompanamiento-luchas-sociales-pistas\/#primaryimage"},"thumbnailUrl":"https:\/\/encartes.mx\/wp-content\/uploads\/2025\/03\/entrevista-a-jorge-alonso-1-scaled-e1742137067724.jpg","keywords":["anticapitalismo","autonom\u00eda","investigaci\u00f3n militante","movimientos sociales","zapatismo"],"articleSection":["Entrevistas"],"inLanguage":"pt-BR","potentialAction":[{"@type":"CommentAction","name":"Comment","target":["https:\/\/encartes.mx\/duran-alonso-entrevista-trayectoria-acompanamiento-luchas-sociales-pistas\/#respond"]}]},{"@type":"WebPage","@id":"https:\/\/encartes.mx\/duran-alonso-entrevista-trayectoria-acompanamiento-luchas-sociales-pistas\/","url":"https:\/\/encartes.mx\/duran-alonso-entrevista-trayectoria-acompanamiento-luchas-sociales-pistas\/","name":"Aprender con las luchas: el caminar del \"Doc Alonso\" &#8211; Encartes","isPartOf":{"@id":"https:\/\/encartes.mx\/#website"},"primaryImageOfPage":{"@id":"https:\/\/encartes.mx\/duran-alonso-entrevista-trayectoria-acompanamiento-luchas-sociales-pistas\/#primaryimage"},"image":{"@id":"https:\/\/encartes.mx\/duran-alonso-entrevista-trayectoria-acompanamiento-luchas-sociales-pistas\/#primaryimage"},"thumbnailUrl":"https:\/\/encartes.mx\/wp-content\/uploads\/2025\/03\/entrevista-a-jorge-alonso-1-scaled-e1742137067724.jpg","datePublished":"2025-03-21T19:00:00+00:00","dateModified":"2025-03-25T13:09:27+00:00","description":"Jorge Alonso o el \"Doc Alonso\" es un investigador comprometido con movimientos sociales y luchas anticapitalistas, destacado por su trabajo con comunidades.","breadcrumb":{"@id":"https:\/\/encartes.mx\/duran-alonso-entrevista-trayectoria-acompanamiento-luchas-sociales-pistas\/#breadcrumb"},"inLanguage":"pt-BR","potentialAction":[{"@type":"ReadAction","target":["https:\/\/encartes.mx\/duran-alonso-entrevista-trayectoria-acompanamiento-luchas-sociales-pistas\/"]}]},{"@type":"ImageObject","inLanguage":"pt-BR","@id":"https:\/\/encartes.mx\/duran-alonso-entrevista-trayectoria-acompanamiento-luchas-sociales-pistas\/#primaryimage","url":"https:\/\/encartes.mx\/wp-content\/uploads\/2025\/03\/entrevista-a-jorge-alonso-1-scaled-e1742137067724.jpg","contentUrl":"https:\/\/encartes.mx\/wp-content\/uploads\/2025\/03\/entrevista-a-jorge-alonso-1-scaled-e1742137067724.jpg","width":910,"height":910},{"@type":"BreadcrumbList","@id":"https:\/\/encartes.mx\/duran-alonso-entrevista-trayectoria-acompanamiento-luchas-sociales-pistas\/#breadcrumb","itemListElement":[{"@type":"ListItem","position":1,"name":"Home","item":"https:\/\/encartes.mx\/"},{"@type":"ListItem","position":2,"name":"Aprender con las luchas: el caminar del &#8220;Doc Alonso&#8221;"}]},{"@type":"WebSite","@id":"https:\/\/encartes.mx\/#website","url":"https:\/\/encartes.mx\/","name":"Encartes","description":"Revista digital multimedia","publisher":{"@id":"https:\/\/encartes.mx\/#organization"},"potentialAction":[{"@type":"SearchAction","target":{"@type":"EntryPoint","urlTemplate":"https:\/\/encartes.mx\/?s={search_term_string}"},"query-input":"required name=search_term_string"}],"inLanguage":"pt-BR"},{"@type":"Organization","@id":"https:\/\/encartes.mx\/#organization","name":"Encartes Antropol\u00f3gicos","url":"https:\/\/encartes.mx\/","logo":{"@type":"ImageObject","inLanguage":"pt-BR","@id":"https:\/\/encartes.mx\/#\/schema\/logo\/image\/","url":"https:\/\/encartes.mx\/wp-content\/uploads\/2017\/04\/Logo-04.png","contentUrl":"https:\/\/encartes.mx\/wp-content\/uploads\/2017\/04\/Logo-04.png","width":338,"height":306,"caption":"Encartes Antropol\u00f3gicos"},"image":{"@id":"https:\/\/encartes.mx\/#\/schema\/logo\/image\/"}},{"@type":"Person","@id":"https:\/\/encartes.mx\/#\/schema\/person\/97215bba1729028a4169cab07f8e58ef","name":"Arthur Ventura","image":{"@type":"ImageObject","inLanguage":"pt-BR","@id":"https:\/\/encartes.mx\/#\/schema\/person\/image\/8a45818ea77a67a00c058d294424a6f6","url":"https:\/\/secure.gravatar.com\/avatar\/e8ff614b2fa0d91ff6c65f328a272c53?s=96&d=identicon&r=g","contentUrl":"https:\/\/secure.gravatar.com\/avatar\/e8ff614b2fa0d91ff6c65f328a272c53?s=96&d=identicon&r=g","caption":"Arthur Ventura"}}]}},"jetpack_sharing_enabled":true,"jetpack_featured_media_url":"https:\/\/encartes.mx\/wp-content\/uploads\/2025\/03\/entrevista-a-jorge-alonso-1-scaled-e1742137067724.jpg","_links":{"self":[{"href":"https:\/\/encartes.mx\/pt\/wp-json\/wp\/v2\/posts\/39505","targetHints":{"allow":["GET"]}}],"collection":[{"href":"https:\/\/encartes.mx\/pt\/wp-json\/wp\/v2\/posts"}],"about":[{"href":"https:\/\/encartes.mx\/pt\/wp-json\/wp\/v2\/types\/post"}],"author":[{"embeddable":true,"href":"https:\/\/encartes.mx\/pt\/wp-json\/wp\/v2\/users\/4"}],"replies":[{"embeddable":true,"href":"https:\/\/encartes.mx\/pt\/wp-json\/wp\/v2\/comments?post=39505"}],"version-history":[{"count":8,"href":"https:\/\/encartes.mx\/pt\/wp-json\/wp\/v2\/posts\/39505\/revisions"}],"predecessor-version":[{"id":39692,"href":"https:\/\/encartes.mx\/pt\/wp-json\/wp\/v2\/posts\/39505\/revisions\/39692"}],"wp:featuredmedia":[{"embeddable":true,"href":"https:\/\/encartes.mx\/pt\/wp-json\/wp\/v2\/media\/39544"}],"wp:attachment":[{"href":"https:\/\/encartes.mx\/pt\/wp-json\/wp\/v2\/media?parent=39505"}],"wp:term":[{"taxonomy":"category","embeddable":true,"href":"https:\/\/encartes.mx\/pt\/wp-json\/wp\/v2\/categories?post=39505"},{"taxonomy":"post_tag","embeddable":true,"href":"https:\/\/encartes.mx\/pt\/wp-json\/wp\/v2\/tags?post=39505"},{"taxonomy":"author","embeddable":true,"href":"https:\/\/encartes.mx\/pt\/wp-json\/wp\/v2\/coauthors?post=39505"}],"curies":[{"name":"wp","href":"https:\/\/api.w.org\/{rel}","templated":true}]}}