{"id":38633,"date":"2024-03-21T11:00:50","date_gmt":"2024-03-21T17:00:50","guid":{"rendered":"https:\/\/encartes.mx\/?p=38633"},"modified":"2024-03-21T11:00:50","modified_gmt":"2024-03-21T17:00:50","slug":"bedoya-visualidad-mareros-periodicos-posguerra-guatemala","status":"publish","type":"post","link":"https:\/\/encartes.mx\/pt\/bedoya-visualidad-mareros-periodicos-posguerra-guatemala\/","title":{"rendered":"Regimes esc\u00f3picos de uma nova guerra: fotografias de mareros na nota vermelha do p\u00f3s-guerra na Guatemala."},"content":{"rendered":"<h2 class=\"wp-block-heading\">Sum\u00e1rio<\/h2>\n\n\n\n<p class=\"abstract\">Desde meados da d\u00e9cada de 1990, os jornais guatemaltecos t\u00eam publicado fotografias de homens tatuados identificados como mareros. A mobiliza\u00e7\u00e3o dessas fotografias desempenha um papel fundamental na socializa\u00e7\u00e3o de ideias sobre quem s\u00e3o esses indiv\u00edduos e o que eles fazem, levando \u00e0 forma\u00e7\u00e3o de uma vis\u00e3o p\u00fablica do crime como um fen\u00f4meno concomitante do p\u00f3s-guerra. A forma\u00e7\u00e3o desse olhar p\u00fablico, por sua vez, tornou-se um componente nodal de uma nova contrainsurg\u00eancia na forma de luta contra o crime, na qual a nota roja funcionou como um de seus dispositivos ret\u00f3ricos. A discuss\u00e3o que apresento concentra-se no desempenho dos dois jornais representativos do g\u00eanero: <em>Al D\u00eda<\/em> e <em>Nuestro Diario<\/em>e est\u00e1 limitado \u00e0 d\u00e9cada de 1996 a 2005.<\/p>\n\n\n\n<p class=\"abstract\">Palavras-chave: <a href=\"https:\/\/encartes.mx\/pt\/tag\/guatemala\/\" rel=\"tag\">Guatemala<\/a>, <a href=\"https:\/\/encartes.mx\/pt\/tag\/mareros\/\" rel=\"tag\">gangues<\/a>, <a href=\"https:\/\/encartes.mx\/pt\/tag\/nota-roja\/\" rel=\"tag\">nota vermelha<\/a>, <a href=\"https:\/\/encartes.mx\/pt\/tag\/nueva-contrainsurgencia\/\" rel=\"tag\">nova contra-insurg\u00eancia<\/a>, <a href=\"https:\/\/encartes.mx\/pt\/tag\/posguerra\/\" rel=\"tag\">p\u00f3s-guerra<\/a>, <a href=\"https:\/\/encartes.mx\/pt\/tag\/visualidad\/\" rel=\"tag\">visualidade<\/a><\/p>\n\n\n\n<p class=\"en-title\">visualidades de uma nova guerra: fotografias de mareros no jornalismo sensacionalista na guatemala p\u00f3s-guerra civil<\/p>\n\n\n\n<p class=\"en-text abstract\">Desde meados da d\u00e9cada de 1990, os jornais guatemaltecos t\u00eam publicado fotos de homens tatuados identificados como <em>gangues<\/em> (membros de gangues). A utiliza\u00e7\u00e3o dessas fotografias serviu para disseminar ideias sobre quem s\u00e3o esses sujeitos e o que eles fazem, forjando uma vis\u00e3o p\u00fablica do crime como um fen\u00f4meno ligado ao per\u00edodo p\u00f3s-guerra. Moldar essa perspectiva p\u00fablica, por sua vez, tornou-se uma nova forma de contrainsurg\u00eancia contra o crime, e o sensacionalismo provou ser um dispositivo ret\u00f3rico fundamental. A discuss\u00e3o se concentra em dois jornais sensacionalistas, <em>Al D\u00eda e Nuestro Diario<\/em>e abrange o per\u00edodo de 1996 a 2005.<\/p>\n\n\n\n<p class=\"abstract\">Palavras-chave: <em>gangues<\/em>membros de gangues, visualidade, jornalismo sensacionalista, guerra p\u00f3s-civil, nova contrainsurg\u00eancia, Guatemala.<\/p>\n\n\n\n<hr class=\"wp-block-separator has-alpha-channel-opacity is-style-dots\"\/>\n\n\n\n<h3 class=\"wp-block-heading\">Introdu\u00e7\u00e3o<\/h3>\n\n\n\n<p class=\"has-drop-cap abstract\">As fotografias de membros de gangues nos jornais guatemaltecos apareceram dentro da estrutura de um \u00e2ngulo de not\u00edcias espec\u00edfico: not\u00edcias sobre gangues, reportagens sobre eventos violentos e comportamento criminoso de membros de gangues. Os dois jornais que divulgaram os mareros de forma mais consistente foram <em>Al D\u00eda<\/em> e<em> Nosso di\u00e1rio.<\/em> O primeiro apareceu em 1996 e o outro em 1998. <em>Al D\u00eda<\/em> saiu de circula\u00e7\u00e3o em 2013; <em>Nuestro Diario<\/em> ainda est\u00e1 em alta. Ambos s\u00e3o especializados em not\u00edcias vermelhas e esportes, assuntos que os tornaram os favoritos dos leitores de classe baixa e de baixa escolaridade.<\/p>\n\n\n\n<p>O estilo marero de fotografia n\u00e3o \u00e9 exclusivo da Guatemala, portanto seria errado atribuir sua cria\u00e7\u00e3o aos jornais. Como os mareros foram, desde o in\u00edcio, um fen\u00f4meno criminoso transnacional, o estilo fotogr\u00e1fico deve estar situado em campos de visualidade igualmente transnacionalizados, alimentados por ret\u00f3ricas sobre membros de gangues no sistema prisional californiano, fic\u00e7\u00e3o cinematogr\u00e1fica, sistemas de vigil\u00e2ncia de imigra\u00e7\u00e3o e assim por diante. Embora a reconstru\u00e7\u00e3o desses campos transnacionalizados de visualidade p\u00fablica seja uma tarefa analiticamente estimulante, meu objetivo aqui \u00e9 destacar suas configura\u00e7\u00f5es locais estudando o surgimento e a consolida\u00e7\u00e3o dos mareros na nota roja guatemalteca durante a d\u00e9cada ap\u00f3s a assinatura do Acordo de 1996 sobre uma Paz Firme e Duradoura.<\/p>\n\n\n\n<p>O empacotamento do que chamei de \"not\u00edcias de gangues\" nos jornais vermelhos pode ser interpretado, em primeiro lugar, como um efeito da evolu\u00e7\u00e3o comum da publicidade de crimes. Ou seja, resultou da busca de incentivos comerciais; os jornais, de acordo com Picatto (2001 e 2017), tamb\u00e9m existem para gerar receita, bem como para transmitir not\u00edcias. Da mesma forma, pode-se argumentar que a chegada dos mareros ao notici\u00e1rio resultou da depend\u00eancia dos jornais em rela\u00e7\u00e3o \u00e0 fonte policial. Desse ponto de vista, pode-se argumentar que, se os jornais publicam not\u00edcias sobre gangues, \u00e9 porque os protagonistas dos eventos que a pol\u00edcia registra s\u00e3o membros de gangues.<\/p>\n\n\n\n<p>Entretanto, se investigarmos os efeitos pol\u00edticos produzidos pela publicidade das not\u00edcias, teremos uma resposta anal\u00edtica mais complexa. Neste artigo, abordo a cobertura jornal\u00edstica dos mareros com o objetivo de explicar como a mobiliza\u00e7\u00e3o de fotografias de homens tatuados nos jornais e seu uso para fazer refer\u00eancia \u00e0 afilia\u00e7\u00e3o criminosa tiveram uma influ\u00eancia decisiva nos processos de sele\u00e7\u00e3o preventiva de grupos populacionais, que foram encapsulados em um tipo social cognosc\u00edvel por meio de uma sem\u00e2ntica corporal baseada no porte de tatuagens.<\/p>\n\n\n\n<p>Na Guatemala, foi a pol\u00edcia quem primeiro voltou sua aten\u00e7\u00e3o para os corpos tatuados e os usou como refer\u00eancia para o comportamento criminoso. Eles come\u00e7aram a fazer isso a partir de 1997 e 1998 no contexto do endurecimento das pol\u00edticas de controle da criminalidade urbana de baixo n\u00edvel. Assim, no in\u00edcio, as fotografias pareciam servir a prop\u00f3sitos de policiamento e controle (Sekula, 1986). Posteriormente, a pol\u00edcia interpretou seus encontros com os mareros com base em fluxos de informa\u00e7\u00f5es que atualizavam a situa\u00e7\u00e3o das gangues na Calif\u00f3rnia e em outros lugares da Am\u00e9rica Central, onde, segundo se afirmava, elas estavam gerando altos n\u00edveis de viol\u00eancia. A partir da\u00ed, o controle policial passou a se basear na apreens\u00e3o de corpos, como se eles tivessem as chaves para decifrar a malignidade social que eles esperavam localizar e descobrir. Assim surgiu o arquivo policial antimara propriamente dito, cuja singularidade em rela\u00e7\u00e3o \u00e0s vers\u00f5es anteriores reside em sua maior depend\u00eancia da gram\u00e1tica corporal. Com esses elementos, foi fundada uma nova epistemologia do crime e da viol\u00eancia.<\/p>\n\n\n\n<p>A erup\u00e7\u00e3o p\u00fablica dos mareros ocorreu em um contexto de maior preocupa\u00e7\u00e3o com a seguran\u00e7a, exacerbada em grande parte pela reconvers\u00e3o do aparato de viol\u00eancia estatal ap\u00f3s o fim da guerra antiguerrilha. Minha posi\u00e7\u00e3o \u00e9 que, nesse contexto, a criminalidade suplantou as imagens anteriores de desordem. Os criminosos, incluindo os mareros, foram colocados na posi\u00e7\u00e3o de novos inimigos da sociedade, contra os quais o Estado teve de travar uma guerra. Sob esse prisma, \u00e9 poss\u00edvel argumentar que o arquivo policial de mareros, do qual a nota roja se extrai, desenvolveu-se em di\u00e1logo com as tecnologias da nova contrainsurg\u00eancia, que M\u00fcller (2015) chamou de \"contrainsurg\u00eancia criminal\" porque estava centrada na luta contra a criminalidade.<\/p>\n\n\n\n<p>Em uma perspectiva comparativa, os mareros s\u00e3o o \u00fanico tipo de criminoso a ser reconhecido pelo emprego de uma gram\u00e1tica corporal codificada em fotografias. O olhar transmitido pelas fotografias regula, organiza e destaca qualidades que, quando indexadas ao ser social dos indiv\u00edduos retratados, produzem imagens. O poder visual dessas fotografias reside no fato de que elas incorporam o novo inimigo social.<\/p>\n\n\n\n<p>Para conceituar a forma\u00e7\u00e3o do olhar p\u00fablico dos mareros, uso o termo \"regime esc\u00f3pico\", proposto por Martin Jay (1993 e 2011). Para Jay, os regimes esc\u00f3picos possibilitam a exist\u00eancia de certas pr\u00e1ticas visuais em circunst\u00e2ncias hist\u00f3ricas espec\u00edficas. O regime esc\u00f3pico dos mareros confere veracidade \u00e0 sua exist\u00eancia, permite o escrut\u00ednio de certos corpos e possibilita o estabelecimento de rela\u00e7\u00f5es indexais com no\u00e7\u00f5es de crime, viol\u00eancia e desordem social.<\/p>\n\n\n\n<p>O regime esc\u00f3pico \u00e9 uma ferramenta para an\u00e1lise cr\u00edtica da cultura visual com amplas aplica\u00e7\u00f5es em termos de escala, al\u00e9m de sua conceitua\u00e7\u00e3o original (Metz, 1982). Esses usos, observa Jay (2011), nos permitem pensar em regimes macro e micro. Em um extremo est\u00e3o os esfor\u00e7os para caracterizar configura\u00e7\u00f5es de \u00e9poca, por exemplo, os regimes esc\u00f3picos da modernidade; enquanto no outro encontramos pr\u00e1ticas visuais mais restritas, circunscritas a tempos e espa\u00e7os limitados. O olhar p\u00fablico dos mareros na Guatemala do p\u00f3s-guerra se enquadra nessa categoria.<\/p>\n\n\n\n<p>Em vez de discutir quest\u00f5es de escala, estou interessado em refletir sobre a intera\u00e7\u00e3o entre as tecnologias fotogr\u00e1ficas, a forma\u00e7\u00e3o de modos de ver e a domina\u00e7\u00e3o social, dentro de campos de for\u00e7a historicamente configurados. Nesse sentido, a tese de um regime esc\u00f3pico de mareros retoma a afirma\u00e7\u00e3o de Feldman (1991) de que os Estados e seus aliados muitas vezes agem para oferecer a seus p\u00fablicos imagens que proporcionam acesso visual \u00e0s hist\u00f3rias por tr\u00e1s das ideias que sustentam os projetos de domina\u00e7\u00e3o com os quais eles se comprometeram.<\/p>\n\n\n\n<p>Na mesma linha, minha abordagem da visualidade contempor\u00e2nea do crime encontra inspira\u00e7\u00e3o na an\u00e1lise de Mar\u00eda Torres (2014) e seu estudo da est\u00e9tica e das narrativas elaboradas por fotojornalistas que cobriram a viol\u00eancia pol\u00edtica guatemalteca do passado. De acordo com Torres, a nota roja guatemalteca contribuiu significativamente para a constru\u00e7\u00e3o dos regimes esc\u00f3picos de terror propiciados pelas ditaduras militares, mas tamb\u00e9m foi um empreendimento comercial comum e um reposit\u00f3rio visual de enorme valor para os processos de mem\u00f3ria. A nota roja contempor\u00e2nea \u00e9, como no passado, ao mesmo tempo um aparato ret\u00f3rico de contrainsurg\u00eancia, um neg\u00f3cio editorial e um representante da nova viol\u00eancia.<\/p>\n\n\n\n<h2 class=\"wp-block-heading\">A nova guerra<\/h2>\n\n\n\n<p class=\"abstract\">Na Guatemala, os aumentos nas estat\u00edsticas de crimes e mortes violentas e sua concomitante sensa\u00e7\u00e3o de inseguran\u00e7a p\u00fablica se tornaram inst\u00e2ncias privilegiadas para verificar o progresso cada vez menor das transi\u00e7\u00f5es da guerra para a paz e do autoritarismo para a democracia formal (Bateson, 2013; L\u00f3pez <em>et al<\/em>2009; Camus <em>et al<\/em>2015; Mendoza, 2007).<\/p>\n\n\n\n<p>Por que a viol\u00eancia e o crime aumentaram em tempos de paz? N\u00e3o h\u00e1 uma, mas v\u00e1rias respostas poss\u00edveis, cada uma com suas pr\u00f3prias nuances, mas com a premissa comum de que a realidade observada representa uma irregularidade sociol\u00f3gica: a transi\u00e7\u00e3o deveria ter trazido paz, e n\u00e3o mais viol\u00eancia e crime, como aconteceu. N\u00e3o \u00e9 do meu interesse fazer um balan\u00e7o do estado da arte da viol\u00eancia e do crime no p\u00f3s-guerra, nem antagonizar os entusiastas da pacifica\u00e7\u00e3o. Simplesmente acho que a relev\u00e2ncia pol\u00edtica que o crime e a viol\u00eancia alcan\u00e7aram durante o per\u00edodo p\u00f3s-guerra n\u00e3o se limita ao crescimento num\u00e9rico de roubos, sequestros, homic\u00eddios e assim por diante.<\/p>\n\n\n\n<p>Para entender melhor o posicionamento do crime e da viol\u00eancia como quest\u00f5es de alta sensibilidade p\u00fablica no contexto da substitui\u00e7\u00e3o de modos autorit\u00e1rios de governo por modos formalmente democr\u00e1ticos, \u00e9 apropriado prestar aten\u00e7\u00e3o aos movimentos semi\u00f3ticos de substitui\u00e7\u00e3o e deslocamento do nacionalmente amea\u00e7ador dentro do imagin\u00e1rio dominante de ordem e desordem. Ao mesmo tempo em que nos fatos registrados nas estat\u00edsticas, o crime \u00e9 uma realidade controversa que amea\u00e7a a continuidade dos m\u00e9todos de domina\u00e7\u00e3o violenta historicamente configurados.<\/p>\n\n\n\n<p>Essa aposta anal\u00edtica, que descrevo brevemente, baseia-se na seguinte formula\u00e7\u00e3o: as elites guatemaltecas e os agentes do Estado que atuam em seus interesses suspeitam que os mecanismos civis dispon\u00edveis para perpetuar a domina\u00e7\u00e3o social s\u00e3o fr\u00e1geis. Historicamente, as elites econ\u00f4micas negligenciaram a expans\u00e3o da base da hegemonia por meio da distribui\u00e7\u00e3o de riqueza e da constru\u00e7\u00e3o de uma cultura nacional capaz de lidar com as diferen\u00e7as internas de forma positiva. Em tempos de crise e quando sentem que a domina\u00e7\u00e3o social est\u00e1 enfraquecendo, elas geralmente recorrem \u00e0 agita\u00e7\u00e3o de figuras socialmente perigosas, que o Estado deve controlar ou extirpar por meio de m\u00e9todos violentos. \u00c9 impressionante o fato de que, na experi\u00eancia guatemalteca, as amea\u00e7as \u00e0 ordem social v\u00eam de dentro do corpo da na\u00e7\u00e3o, n\u00e3o de fora. Portanto, na maioria das vezes, a continuidade da autoridade do Estado dependeu da exist\u00eancia de algo ou algu\u00e9m para combater em nome da defesa da sociedade nacional. De fato, em grande parte, o Estado existe para realizar essa tarefa.<\/p>\n\n\n\n<p>Renovar as cren\u00e7as de que a na\u00e7\u00e3o est\u00e1 permanentemente amea\u00e7ada por figuras internas faz parte dos jogos de afirma\u00e7\u00e3o da domina\u00e7\u00e3o social a que estou me referindo. Isso implica o desenvolvimento de capacidades para controlar os recursos f\u00edsicos de viol\u00eancia investidos no Estado, para se arrogar o direito de autorizar seu uso defensivo em nome de algo mais amplo do que a autodefesa. Assim, neste pa\u00eds, a guerra contra os inimigos da sociedade sempre foi a viol\u00eancia contra outros guatemaltecos, nunca ou raramente a viol\u00eancia contra estrangeiros.<\/p>\n\n\n\n<p>Embora seja correto vincular as representa\u00e7\u00f5es da na\u00e7\u00e3o como um corpo perenemente amea\u00e7ado por dentro com a cultura das classes dominantes, tamb\u00e9m \u00e9 verdade que a semi\u00f3tica dos inimigos internos e o valor resolutivo da viol\u00eancia n\u00e3o s\u00e3o exclusivos das elites. Em diferentes \u00e9pocas e espa\u00e7os, as classes populares t\u00eam se entusiasmado com projetos de domina\u00e7\u00e3o violenta que se voltam contra elas mesmas ou contra os ambientes de intimidade.<\/p>\n\n\n\n<p>No per\u00edodo p\u00f3s-guerra, os criminosos substitu\u00edram os guerrilheiros de esquerda. Enquanto os subversivos amea\u00e7avam os privil\u00e9gios de classe da elite e prometiam um futuro melhor para as massas empobrecidas, os criminosos n\u00e3o tinham projetos de transforma\u00e7\u00e3o social, eram simplesmente predadores de vidas e propriedades. Trata-se de uma quest\u00e3o de deslocamentos com modifica\u00e7\u00f5es, de rupturas com continuidades, e n\u00e3o de rel\u00e9s lineares.<\/p>\n\n\n\n<p>No presente, o fato de sermos todos v\u00edtimas potenciais do crime faz com que o medo se difunda pelo corpo social da na\u00e7\u00e3o com alto grau de acuidade. Por esse motivo, a mobiliza\u00e7\u00e3o do medo e dos sentimentos de inseguran\u00e7a alcan\u00e7ou densidades narrativas nunca vistas no passado, garantindo assim que pessoas e grupos separados por fraturas de classe, etnia e diferen\u00e7as urbano-rurais descubram que a luta contra as amea\u00e7as \u00e0 seguran\u00e7a \u00e9 um projeto comum para o qual todos devem contribuir.<\/p>\n\n\n\n<p>Essa \u00e9 a estrutura geral para o posicionamento dos mareros como uma fonte de desordem e novos inimigos do Estado. Em rela\u00e7\u00e3o ao passado, a nova guerra seria nova porque ocorreria dentro da estrutura de uma governan\u00e7a formalmente democr\u00e1tica, seria travada principalmente pela pol\u00edcia, seria travada nas periferias urbanas e contra um inimigo desprovido de ideologias de mudan\u00e7a social radical.<\/p>\n\n\n\n<h2 class=\"wp-block-heading\">Fabrica\u00e7\u00e3o de g\u00e2ngsteres na nota vermelha urbana<\/h2>\n\n\n\n<p class=\"abstract\">Para entender a forma\u00e7\u00e3o da vis\u00e3o p\u00fablica dos membros de gangues, \u00e9 necess\u00e1rio prestar aten\u00e7\u00e3o aos desenvolvimentos da nota roja em geral, bem como ao subg\u00eanero de not\u00edcias sobre gangues em particular. O problema de conhecimento que enfrentamos n\u00e3o \u00e9 a exist\u00eancia de mareros no sentido sociol\u00f3gico, mas a produ\u00e7\u00e3o e a mobiliza\u00e7\u00e3o de ideias e imagens sobre quem eles s\u00e3o e o que fazem. Esse \u00e9 um objeto de conhecimento ao qual s\u00e3o atribu\u00eddos qualisignos de proximidade com o crime, cuja apreens\u00e3o depende da ativa\u00e7\u00e3o de uma referencialidade visual baseada em marcadores corporais.<\/p>\n\n\n\n<p>Seguindo a conven\u00e7\u00e3o do g\u00eanero, as not\u00edcias de gangues narram eventos, geralmente crimes, e oferecem fotografias dos protagonistas. Do ponto de vista semi\u00f3tico, as not\u00edcias constituem proposi\u00e7\u00f5es gerais compostas de elementos lingu\u00edsticos e visuais (Peirce, 1986). Nelas, as fotografias parecem cumprir fun\u00e7\u00f5es de iconicidade ou indexicalidade em rela\u00e7\u00e3o \u00e0 mensagem geral. A conceitua\u00e7\u00e3o das not\u00edcias como uma proposi\u00e7\u00e3o geral n\u00e3o anula o poder das fotografias jornal\u00edsticas de significar de forma aut\u00f4noma. Em nosso estudo de caso, o reconhecimento da autonomia relativa da fotografia em rela\u00e7\u00e3o ao texto escrito \u00e9 relevante, devido \u00e0 preponder\u00e2ncia que a visualidade adquiriu nos processos de cogni\u00e7\u00e3o social do tipo de crime representado nelas.<\/p>\n\n\n\n<p>O amplo consenso sobre o papel que os jornais t\u00eam desempenhado na forma\u00e7\u00e3o do imagin\u00e1rio social e na socializa\u00e7\u00e3o de ideias e discursos pol\u00edticos se estende ao seu papel na produ\u00e7\u00e3o e mobiliza\u00e7\u00e3o de no\u00e7\u00f5es sobre crimes e criminosos (Jusionyte, 2015; Picatto, 2001, 2017; Siegel, 1998). Nos di\u00e1rios, escreve James Siegel, n\u00e3o encontraremos criminosos no sentido sociol\u00f3gico, mas a fabrica\u00e7\u00e3o de imagens e ideias sobre sua g\u00eanese e exist\u00eancia (1998: 30). As narrativas de crimes emergem de processos complexos e descentralizados, extens\u00edveis a v\u00e1rios espa\u00e7os, desde o aparecimento da pol\u00edcia nas cenas dos crimes at\u00e9 as reda\u00e7\u00f5es.<\/p>\n\n\n\n<p>O crime nas not\u00edcias \u00e9 um objeto controverso que \u00e9 modulado em encontros e negocia\u00e7\u00f5es entre indiv\u00edduos e institui\u00e7\u00f5es que trabalham juntos para traduzir fatos em explica\u00e7\u00f5es autorizadas e semioticamente orientadas, por meio das quais um determinado evento \u00e9 transformado em not\u00edcia. De acordo com Jusionyte (2015), a produ\u00e7\u00e3o de not\u00edcias envolve um tipo particular de trabalho que consiste na manipula\u00e7\u00e3o de sinais e significados que o autor apreende com o termo <em>crimecraft <\/em>(fabrica\u00e7\u00e3o discursiva do crime)<em>. <\/em>O conceito \u00e9 \u00fatil para estudar o trabalho de composi\u00e7\u00e3o narrativa das not\u00edcias realizado pelos jornalistas com base na fonte policial. Aqui, eu o utilizo com dois objetivos: destacar a for\u00e7a criativa da enuncia\u00e7\u00e3o jornal\u00edstica e enfatizar o protagonismo da imprensa na produ\u00e7\u00e3o da cognoscibilidade social dos tipos sociais e dos criminosos em particular.<\/p>\n\n\n\n<p>Nas not\u00edcias da Guatemala, os mareros come\u00e7aram a aparecer esporadicamente no final da d\u00e9cada de 1980 (<span class=\"small-caps\">avancso<\/span>1998; Res\u00e9ndiz, 2018). Nos anos seguintes, as reportagens jornal\u00edsticas sobre atividades de gangues aumentaram, mas s\u00f3 estabeleceram um espa\u00e7o pr\u00f3prio a partir de 1994. Desde ent\u00e3o, maras e mareros constitu\u00edram categorias lingu\u00edsticas de referencialidade de grupos e atores criminosos que s\u00e3o facilmente delimit\u00e1veis. Como naquela \u00e9poca o raio de a\u00e7\u00e3o dos mareros se limitava aos bairros pobres da periferia e ao centro populoso da capital, sua apari\u00e7\u00e3o nos notici\u00e1rios se dava nas entrelinhas da criminalidade dos pobres. Ou seja, eles eram retratados como pessoas pobres vitimando outras pessoas pobres (Misse, 2018). No entanto, desde o in\u00edcio, eles estavam carregados de sinais de malignidade social e desordem social.<\/p>\n\n\n\n<p>Lembremos que, no in\u00edcio da d\u00e9cada de 1990, a sensa\u00e7\u00e3o de inseguran\u00e7a e a atra\u00e7\u00e3o do p\u00fablico pelo crime haviam desaparecido, tanto por causa do crescimento quantitativo dos atos violentos quanto por causa do aumento da ansiedade p\u00fablica decorrente da suspeita de que, com a retirada do poder militar, estavam surgindo v\u00e1cuos de autoridade que estavam sendo colonizados por criminosos. Os sequestros, crimes que vitimaram as classes m\u00e9dia e alta, foram o principal foco da aten\u00e7\u00e3o p\u00fablica. De v\u00e1rias partes, discursos foram dirigidos ao Estado exigindo prote\u00e7\u00e3o violenta, o que foi atendido com promessas de mais a\u00e7\u00e3o policial nas ruas e aumento das puni\u00e7\u00f5es criminais. Foi nesse per\u00edodo que o maior n\u00famero de senten\u00e7as de morte foi proferido. Nesse contexto, os di\u00e1logos entre os governados e os detentores do poder, em grande parte mediados pela imprensa, modulavam a realidade do crime, produzindo significados comuns e consenso. Isso levou \u00e0 percep\u00e7\u00e3o de que os membros de gangues tamb\u00e9m constitu\u00edam uma amea\u00e7a social a ser levada em conta.<\/p>\n\n\n\n<div class=\"image-slider\">\n                <div class=\"frame\">\n                    <div class=\"picture\" itemscope itemtype=\"http:\/\/schema.org\/ImageGallery\">\n                        <figure itemprop=\"associatedMedia\" itemscope itemtype=\"http:\/\/schema.org\/ImageObject\" class=\"slider-element\">\n                              <a href=\"https:\/\/encartes.mx\/wp-content\/uploads\/2024\/03\/Imagen-1.jpg\" itemprop=\"contentUrl\" data-size=\"1992x1265\" data-index=\"0\" data-caption=\"Imagen 1. El Gr\u00e1fico, 2 de octubre de 1993. Fotograf\u00eda del autor.\" >\n                                <img decoding=\"async\" src=\"https:\/\/encartes.mx\/wp-content\/uploads\/2024\/03\/Imagen-1.jpg\" itemprop=\"thumbnail\">\n                                <i class=\"fa fa-expand expand\" aria-hidden=\"true\"><\/i>\n                            <\/a>\n                            <\/figure>                    <\/div>    \n                <\/div>\n                    <div class=\"caption\">Imagem 1: El Gr\u00e1fico, 2 de outubro de 1993. Fotografia do autor.<\/div><div class=\"image-analysis\"><\/div>                <div class=\"bullets\"><\/div>\n            <\/div>\n\n\n\n<p>Embora em 1996 as categorias maras e mareros tivessem se estabelecido no discurso p\u00fablico, o mesmo n\u00e3o acontecia com as representa\u00e7\u00f5es visuais. Os mareros eram reconhecidos quando os indiv\u00edduos se identificavam como tal, quando algu\u00e9m dizia \"este \u00e9 um marero\" e quando apareciam aglomerados em gangues. O uso de fotografias como meio de tornar o tipo de criminoso reconhec\u00edvel veio depois. A aus\u00eancia do olhar p\u00fablico centrado nos corpos naquele momento hist\u00f3rico pode ser ilustrada pelo seguinte caso: em outubro de 1993, o jornal <em>O gr\u00e1fico<\/em>No mesmo artigo, ele apresentou uma not\u00edcia sobre uma gangue que, formada por \"jovens vestidos de preto e armados com tacos de beisebol\", havia transformado uma avenida comercial da capital em seu centro de opera\u00e7\u00f5es criminosas (Hermosilla, 1993:10). A not\u00edcia cont\u00e9m uma fotografia da avenida mencionada, mas n\u00e3o dos membros da gangue que ela relata. Na posi\u00e7\u00e3o que mais tarde foi ocupada pelas fotografias dos corpos tatuados, h\u00e1 um gr\u00e1fico que visualiza as ruas ao redor da avenida em quest\u00e3o, e nele est\u00e1 inserido um avatar que representa os membros da gangue. O avatar tem a finalidade de mostrar o estilo \"descolado\" de se vestir dos marrons e a ostenta\u00e7\u00e3o de morcegos descrita na not\u00edcia.<\/p>\n\n\n\n<p>O item de not\u00edcias inclu\u00eddo no avatar \u00e9 representativo do universo narrativo das maras naquela \u00e9poca. Se as fotografias est\u00e3o ausentes, \u00e9 porque os corpos dos membros da gangue ainda n\u00e3o haviam sido destacados como textos a serem interpretados. A aus\u00eancia de \u00edndices corporais para estabelecer a participa\u00e7\u00e3o na gangue significava que, em muitas ocasi\u00f5es, os mareros eram apresentados como criminosos comuns. Essa situa\u00e7\u00e3o est\u00e1 bem refletida nos relat\u00f3rios policiais a partir dos quais as not\u00edcias foram escritas. Nesses relat\u00f3rios, as pessoas capturadas s\u00e3o frequentemente identificadas de acordo com o tipo de delito cometido. Aqueles que roubavam bolsas eram batedores de carteira; aqueles que roubavam eram assaltantes.<\/p>\n\n\n\n<p>Antes de as opera\u00e7\u00f5es contra gangues se tornarem comuns, a aten\u00e7\u00e3o da pol\u00edcia sobre a criminalidade dos pobres se concentrava nos ladr\u00f5es que assaltavam e roubavam compradores e transeuntes no centro da cidade. A pol\u00edcia costumava preparar planos de seguran\u00e7a especiais para datas em que o com\u00e9rcio popular aumentava, como o Natal e outros feriados importantes. O objetivo priorit\u00e1rio dos planos de seguran\u00e7a era capturar criminosos em flagrante delito. Antes, durante e depois de sua implementa\u00e7\u00e3o, havia uma ampla cobertura da a\u00e7\u00e3o policial na imprensa vermelha. Do que acontecia, o n\u00famero de pris\u00f5es e as cenas de not\u00f3ria espetacularidade (persegui\u00e7\u00f5es, brigas etc.) geralmente apareciam nas primeiras p\u00e1ginas. A maioria das pris\u00f5es efetuadas pela pol\u00edcia no \u00e2mbito das opera\u00e7\u00f5es era apresentada de acordo com a flagr\u00e2ncia do caso: ladr\u00e3o, batedor de carteira, assaltante, ladr\u00e3o etc. Essa situa\u00e7\u00e3o come\u00e7ou a mudar depois de 1996.<\/p>\n\n\n\n<p>O plano de seguran\u00e7a do Natal de 1997 \u00e9 um ponto de inflex\u00e3o relevante para a hist\u00f3ria que estamos analisando. Os n\u00fameros de pris\u00f5es registrados pela pol\u00edcia naquela ocasi\u00e3o foram particularmente altos. Na maioria dos relat\u00f3rios policiais captados pelos notici\u00e1rios, os detidos s\u00e3o identificados como assaltantes ou ladr\u00f5es. Apenas em algumas ocasi\u00f5es h\u00e1 alus\u00f5es ao fato de que alguns deles pertenciam \u00e0s maras. Mesmo assim, os jornalistas ampliaram a interpreta\u00e7\u00e3o das reportagens afirmando que os ladr\u00f5es detidos pela pol\u00edcia tamb\u00e9m eram membros de gangues. Esse foi o primeiro epis\u00f3dio de seguran\u00e7a em que a imprensa fez um esfor\u00e7o para colocar os mareros no papel de atores criminosos socialmente perigosos, indo al\u00e9m da pr\u00f3pria pol\u00edcia.<\/p>\n\n\n\n<p>A impress\u00e3o que se tem ao ler as not\u00edcias \u00e9 que, para os jornalistas, a afilia\u00e7\u00e3o a gangues de alguns dos detidos era mais digna de not\u00edcia do que simplesmente identific\u00e1-los como ladr\u00f5es. Essa atitude indica que, como veremos mais adiante, o notici\u00e1rio vermelho guatemalteco ficou de olho na implanta\u00e7\u00e3o precoce de gangues de origem californiana na Am\u00e9rica Central.<\/p>\n\n\n\n<h2 class=\"wp-block-heading\">Guerra contra as gangues<\/h2>\n\n\n\n<p class=\"abstract\">O plano de seguran\u00e7a do Natal de 1997, que deveria terminar ap\u00f3s o Ano Novo de 1998, foi estendido nos meses seguintes at\u00e9 quase se tornar um estado de emerg\u00eancia permanente, com foco na vigil\u00e2ncia de membros de gangues. A partir do segundo trimestre do ano, as opera\u00e7\u00f5es anticrime no centro e na periferia da capital foram apelidadas pela pr\u00f3pria pol\u00edcia de \"guerra contra as maras\".<\/p>\n\n\n\n<p>As evid\u00eancias dispon\u00edveis nos jornais mostram que foi tamb\u00e9m nessa \u00e9poca que a pol\u00edcia come\u00e7ou a cometer sistematicamente execu\u00e7\u00f5es extrajudiciais contra supostos membros de gangues. Somente entre fevereiro e mar\u00e7o daquele ano, mais de uma d\u00fazia de jovens identificados como membros das maras foram executados em circunst\u00e2ncias que atribu\u00edam a responsabilidade por suas mortes \u00e0 pol\u00edcia (Avenda\u00f1o e Salazar, 1998: 8). Em termos corretos, a cristaliza\u00e7\u00e3o dos mareros como um novo tipo de criminoso reconhec\u00edvel pelos olhos ocorreu nas opera\u00e7\u00f5es policiais no final de 1997 e nos primeiros meses de 1998. Com essa afirma\u00e7\u00e3o, n\u00e3o estou negando a exist\u00eancia de iniciativas anteriores reconhec\u00edveis. Em vez disso, estou enfatizando a operacionalidade de um salto qualitativo na conceitua\u00e7\u00e3o pelo Estado de uma categoria de periculosidade social e sua tradu\u00e7\u00e3o para o dom\u00ednio da viol\u00eancia policial e, mais importante, a constru\u00e7\u00e3o de uma visualidade pr\u00f3pria.<\/p>\n\n\n\n<p>Com o in\u00edcio da guerra contra as maras, a pol\u00edcia descobriu os corpos tatuados dos mareros e apontou que essas tatuagens eram \u00fateis para referenciar visualmente o novo tipo de criminoso. Eles fizeram isso com base em seus encontros com membros da Mara Salvatrucha. Vamos ver como isso aconteceu.<\/p>\n\n\n\n<p>Em 1998, o universo mara era composto por uma mir\u00edade de gangues com nomes pr\u00f3prios que, para fins de exposi\u00e7\u00e3o, podem ser agrupadas em duas modalidades de acordo com sua origem: nativas e transnacionais. As primeiras se assemelhavam a grupos de bairro identificados com um l\u00edder carism\u00e1tico, n\u00e3o eram tatuadas e seus perfis criminais eram rudimentares.<\/p>\n\n\n\n<p>O adjetivo \"transnacional\" \u00e9 \u00fatil para designar a Mara Salvatrucha (<span class=\"small-caps\">ms<\/span>) e Barrio 18 (B18). De acordo com as pr\u00f3prias fic\u00e7\u00f5es de funda\u00e7\u00e3o dessas organiza\u00e7\u00f5es, ambas surgiram nos EUA para cristalizar a l\u00f3gica racial do gangsterismo californiano que segregava os centro-americanos dos chicanos, negros e outros. A literatura especializada explicou o enraizamento do <span class=\"small-caps\">ms<\/span> e o B18 na Am\u00e9rica Central como resultado das deporta\u00e7\u00f5es em massa realizadas pelo governo dos EUA no in\u00edcio da d\u00e9cada de 1990. Entre os deportados havia membros de gangues que, ao chegarem, iniciaram a tarefa de recriar as organiza\u00e7\u00f5es californianas.<\/p>\n\n\n\n<p>Quando a pol\u00edcia guatemalteca iniciou sua guerra contra as maras, entre 1997 e 1998, a atividade das gangues no pa\u00eds era diversificada. Enquanto as maras locais oscilavam entre gangues juvenis inofensivas e grupos de assaltantes e pequenos ladr\u00f5es, as maras transnacionais se mostravam capazes de praticar viol\u00eancia e desenvolver perfis criminosos mais complexos. Tornou-se comum que, ao apresentar as <span class=\"small-caps\">ms<\/span>A recorr\u00eancia de men\u00e7\u00f5es como essas transmite a certeza de que, em certa medida, os encontros da pol\u00edcia guatemalteca com a gangue foram precedidos pela antecipa\u00e7\u00e3o do fluxo de informa\u00e7\u00f5es sobre a situa\u00e7\u00e3o da gangue. A recorr\u00eancia de men\u00e7\u00f5es como essas transmite a certeza de que, de certa forma, os encontros da pol\u00edcia guatemalteca com os Salvatruchas foram precedidos pela antecipa\u00e7\u00e3o do fluxo de informa\u00e7\u00f5es sobre a situa\u00e7\u00e3o da gangue californiana e a realidade salvadorenha. Em outras palavras, na experi\u00eancia guatemalteca, o conceito do que ou quem era um Salvatrucha antecipou a presen\u00e7a f\u00edsica de indiv\u00edduos identificados como tal.<\/p>\n\n\n\n<p>A inclus\u00e3o das salvatruchas na taxonomia nacional das maras significava que, sempre que a pol\u00edcia prendia suspeitos de pertencerem \u00e0 mara, verificava se tinham tatuagens. Aqueles que tinham tatuagens eram apresentados como Salvatruchas (lembre-se de que os membros das maras nativas n\u00e3o tinham tatuagens). A presen\u00e7a de tatuagens fazia com que os troncos dos detidos fossem despidos e, portanto, expostos aos fotojornalistas, que eram respons\u00e1veis por fazer reportagens sobre eles. Por esse motivo, durante v\u00e1rios anos, as fotografias mostravam alguns indiv\u00edduos parcialmente nus e outros vestidos. Em retrospecto, e usando o olhar policial subjacente, \u00e9 poss\u00edvel prever a afilia\u00e7\u00e3o dos indiv\u00edduos retratados: aqueles que mantinham suas roupas pertenciam a maras nativas; aqueles que apareciam com o torso nu quase certamente poderiam ser considerados g\u00e2ngsteres. Foi dessa forma que os jornais come\u00e7aram a publicar fotografias de homens tatuados, identificando-os como membros da Mara Salvatrucha.<\/p>\n\n\n\n<p>O aparecimento de fotografias de corpos tatuados nos jornais e seu uso para indexar a filia\u00e7\u00e3o \u00e0 <span class=\"small-caps\">ms<\/span> ocorreu no contexto da implementa\u00e7\u00e3o de opera\u00e7\u00f5es anticrime que resultaram na captura de um grande n\u00famero de membros de gangues entre 1997 e 1998, e est\u00e1 intimamente ligada a <em>Al D\u00eda<\/em> e <em>Nuestro Diario<\/em>. O tratamento de maras e mareros nesses di\u00e1rios \u00e9 bastante semelhante; no entanto, vale a pena consider\u00e1-los separadamente.<\/p>\n\n\n\n<div class=\"image-slider\">\n                <div class=\"frame\">\n                    <div class=\"picture\" itemscope itemtype=\"http:\/\/schema.org\/ImageGallery\">\n                        <figure itemprop=\"associatedMedia\" itemscope itemtype=\"http:\/\/schema.org\/ImageObject\" class=\"slider-element\">\n                              <a href=\"https:\/\/encartes.mx\/wp-content\/uploads\/2024\/03\/Imagen-2.jpg\" itemprop=\"contentUrl\" data-size=\"308x320\" data-index=\"0\" data-caption=\"Imagen 2. Al D\u00eda, 19 de febrero de 1998. Fotograf\u00eda del autor.\" >\n                                <img decoding=\"async\" src=\"https:\/\/encartes.mx\/wp-content\/uploads\/2024\/03\/Imagen-2.jpg\" itemprop=\"thumbnail\">\n                                <i class=\"fa fa-expand expand\" aria-hidden=\"true\"><\/i>\n                            <\/a>\n                            <\/figure>                    <\/div>    \n                <\/div>\n                    <div class=\"caption\">Imagem 2: Al D\u00eda, 19 de fevereiro de 1998. Fotografia do autor.<\/div><div class=\"image-analysis\"><\/div>                <div class=\"bullets\"><\/div>\n            <\/div>\n\n\n\n<p><em>Al D\u00eda<\/em> come\u00e7ou a circular em novembro de 1996. Embora apresentasse not\u00edcias sobre gangues desde o in\u00edcio, s\u00f3 apareceu na primeira p\u00e1gina durante a cobertura da guerra de gangues. Na edi\u00e7\u00e3o de 19 de fevereiro de 1998, o jornal noticiou um \"tiroteio entre gangues\" em um bairro popular no norte da capital. A fotografia da primeira p\u00e1gina mostra um homem deitado em uma maca de hospital com o tronco descoberto, com o que parece ser o n\u00famero 18 tatuado em sua barriga, mas nem a pol\u00edcia nem os jornalistas est\u00e3o cientes da exist\u00eancia da marca. Tamb\u00e9m n\u00e3o sabemos quem tirou sua camisa, se foram os policiais que o prenderam ou os param\u00e9dicos que atenderam a emerg\u00eancia (<em>Al D\u00eda<\/em>, 1998a).<\/p>\n\n\n\n<p>Um m\u00eas depois, em 23 de mar\u00e7o, <em>Al D\u00eda<\/em> O jornal \"The New York Times\", em um artigo de not\u00edcias que informava os resultados das opera\u00e7\u00f5es policiais contra as gangues, deu o nome de \"guerra contra as maras\". A fotografia que acompanha o artigo oferece uma vis\u00e3o panor\u00e2mica de um assentamento irregular com casas de lata espalhadas em uma colina \u00e1rida. O tema da c\u00e2mera n\u00e3o eram os mareros, mas o ambiente social de onde eles vinham: a precariedade da periferia da capital (Flores, 1998: 3).<\/p>\n\n\n\n<p>A primeira men\u00e7\u00e3o a tatuagens como um \u00edndice de participa\u00e7\u00e3o em gangues neste jornal apareceu em 29 de mar\u00e7o de 1998. A not\u00edcia relatava a descoberta de dois cad\u00e1veres n\u00e3o identificados \"deixados\" em uma estrada fora da capital. De acordo com os policiais citados pelo jornalista, os cad\u00e1veres \"eram membros de gangues devido ao n\u00famero de tatuagens pintadas em seu t\u00f3rax, bra\u00e7os e costas\" (Salazar, 1998: 8). Essa \u00e9 a descri\u00e7\u00e3o da foto impressa na pele de um dos membros da gangue executados:<\/p>\n\n\n\n<p class=\"verse\"><em>Onde a morte me surpreende, seja bem-vindo<\/em>. A ora\u00e7\u00e3o acima est\u00e1 tatuada no bra\u00e7o esquerdo e faz parte de v\u00e1rias figuras aladas com garras afiadas, chifres e express\u00f5es demon\u00edacas que foram pintadas em outras partes do corpo da v\u00edtima. O investigador da pol\u00edcia toma nota e diz que \"esse garoto \u00e9 um dos membros da gangue que adoram Satan\u00e1s. J\u00e1 capturamos alguns deles e eles t\u00eam a mesma caracter\u00edstica: muitas tatuagens e uma cruz no dedo m\u00e9dio da m\u00e3o esquerda\" (Salazar, 1998: 8; o it\u00e1lico e as aspas internas pertencem ao original).<\/p>\n\n\n\n<p>A fotografia inclu\u00edda no item da not\u00edcia n\u00e3o mostra as tatuagens. Ela mostra um policial fotografando os corpos e a multid\u00e3o de espectadores ao redor da cena. O jornal enfatiza a indexicalidade que a presen\u00e7a das tatuagens permite estabelecer, al\u00e9m da descoberta dos dois cad\u00e1veres, que, ali\u00e1s, podem muito bem ter sido executados pela pr\u00f3pria pol\u00edcia. A relev\u00e2ncia dessa not\u00edcia est\u00e1 na declara\u00e7\u00e3o feita pelo investigador, que calmamente d\u00e1 uma palestra ao jornalista a partir da posi\u00e7\u00e3o de autoridade que a guerra contra as gangues lhe deu. O uso do plural impl\u00edcito \"n\u00f3s temos\" \u00e9 fundamental nesse sentido, pois alude a um \"n\u00f3s\" incorporado pela pol\u00edcia; n\u00f3s que capturamos membros de gangues; <em>n\u00f3s que<\/em> <em>temos<\/em> aprenderam a reconhec\u00ea-los; <em>n\u00f3s que temos<\/em> adquiriu dom\u00ednio para educar outras pessoas a fazerem suas pr\u00f3prias coisas.<\/p>\n\n\n\n<p>A primeira vez que <em>Al D\u00eda<\/em> A edi\u00e7\u00e3o de 13 de maio de 1998 usou fotografias de um corpo tatuado para se referir \u00e0 visualidade dos mareros. A capa dessa edi\u00e7\u00e3o mostra um homem sem camisa, fotografado por tr\u00e1s, com os bra\u00e7os levantados. Em suas costas e bra\u00e7os, ele tem v\u00e1rias tatuagens, incluindo as iniciais <span class=\"small-caps\">ms<\/span>colocado sobre as omoplatas. A fotografia tem a legenda \"Salvatruchas capturadas\" (<em>Al D\u00eda<\/em>, 1998b: 1).<\/p>\n\n\n\n<div class=\"image-slider\">\n                <div class=\"frame\">\n                    <div class=\"picture\" itemscope itemtype=\"http:\/\/schema.org\/ImageGallery\">\n                        <figure itemprop=\"associatedMedia\" itemscope itemtype=\"http:\/\/schema.org\/ImageObject\" class=\"slider-element\">\n                              <a href=\"https:\/\/encartes.mx\/wp-content\/uploads\/2024\/03\/Imagen-3.jpg\" itemprop=\"contentUrl\" data-size=\"1160x1280\" data-index=\"0\" data-caption=\"Imagen 3. Al D\u00eda, 13 de mayo de 1998 (portada). Fotograf\u00eda del autor.\" >\n                                <img decoding=\"async\" src=\"https:\/\/encartes.mx\/wp-content\/uploads\/2024\/03\/Imagen-3.jpg\" itemprop=\"thumbnail\">\n                                <i class=\"fa fa-expand expand\" aria-hidden=\"true\"><\/i>\n                            <\/a>\n                            <\/figure>                    <\/div>    \n                <\/div>\n                    <div class=\"caption\">Imagem 3: Al D\u00eda, 13 de maio de 1998 (capa). Fotografia do autor.<\/div><div class=\"image-analysis\"><\/div>                <div class=\"bullets\"><\/div>\n            <\/div>\n\n\n\n<p>O leitor perceber\u00e1 que se trata de uma imagem de truque. O objeto foi isolado e colocado em um fundo branco, possivelmente com o objetivo de limitar os fatores de distra\u00e7\u00e3o. A composi\u00e7\u00e3o fala por si s\u00f3, ou essa parece ser a aspira\u00e7\u00e3o subjacente. A montagem que retrata a Salvatrucha baseia-se na tese de que os mareros s\u00e3o visualmente reduz\u00edveis a corpos tatuados.<\/p>\n\n\n\n<p>A not\u00edcia da captura dos bandidos compartilha a primeira p\u00e1gina com tr\u00eas not\u00edcias secund\u00e1rias. Dessas, duas incluem fotografias convencionais. A outra, que relata a chegada da Virgem de F\u00e1tima ao pa\u00eds, tamb\u00e9m apresenta uma imagem adulterada. \u00c0 sua maneira, ambas as imagens fazem o mesmo trabalho: s\u00e3o \u00edcones. Uma da Virgem, a outra dos mareros. \u00c9 a\u00ed que reside sua relev\u00e2ncia representativa. Assim, temos que os primeiros corpos tatuados exibidos pela pol\u00edcia com o objetivo de significar afilia\u00e7\u00e3o \u00e0s maras pertenciam a salvatruchas. Consequentemente, a visualidade p\u00fablica do tipo social marero se adaptou \u00e0 imagem condicionada dos corpos dos membros dessa mara.<\/p>\n\n\n\n<p>O n\u00famero de publica\u00e7\u00f5es de <em>Al D\u00eda<\/em> dedicados \u00e0 guerra contra as maras continuaram a crescer durante 1998. A recorr\u00eancia tem\u00e1tica nos permite observar como os conceitos e as ideias foram transferidos do campo policial para a narrativa jornal\u00edstica. A pol\u00edcia apresentava os indiv\u00edduos, vivos ou mortos, que incriminava como membros de gangues e os expunha para que os jornalistas os fotografassem, oferecia caracteriza\u00e7\u00f5es e explicava o controle que exercia sobre eles, al\u00e9m de fornecer pistas interpretativas para que os leitores os localizassem na paisagem figurativa do crime urbano. A mensagem que ele estava tentando transmitir parece ser clara: para reconhecer os mareros, n\u00e3o era necess\u00e1rio ouvi-los dizer \"eu sou um marero\", bastava olhar as fotografias, cujas notas de rodap\u00e9 estabeleciam que o objeto retratado era um marero.<\/p>\n\n\n\n<p>A narrativa de <em>Nuestro Diario<\/em> \u00e9 pouco diferente do de <em>Al D\u00eda<\/em>A raz\u00e3o para isso \u00e9 uma ret\u00f3rica de incrimina\u00e7\u00e3o adicional. <em>Nuestro Diario<\/em> come\u00e7ou a circular em janeiro de 1998. Como <em>Al D\u00eda,<\/em> especializado em notas vermelhas e not\u00edcias sobre futebol. A apari\u00e7\u00e3o de <em>Nuestro Diario<\/em> coincidiu com o primeiro epis\u00f3dio da guerra policial contra as gangues. Possivelmente por esse motivo, os mareros se tornaram o centro das not\u00edcias desde as primeiras edi\u00e7\u00f5es. Nesse jornal, as rela\u00e7\u00f5es entre corpos tatuados e membros de gangues foram entrela\u00e7adas a partir de encontros da pol\u00edcia com os g\u00e2ngsteres.<\/p>\n\n\n\n<p><em>Nuestro Diario <\/em>fez alus\u00e3o pela primeira vez ao valor interpretativo das tatuagens dos mareros em 13 de maio de 1998, quando relatou que a pol\u00edcia havia capturado dois irm\u00e3os, que ele acusou de assassinato. A mat\u00e9ria inclu\u00eda uma fotografia dos detidos. Um deles est\u00e1 usando uma camiseta sem mangas, revelando as tatuagens no antebra\u00e7o direito. Mas \u00e9 a legenda da foto que tece a correspond\u00eancia entre a imagem e a narrativa. Ela diz: \"A tatuagem tradicional <span class=\"small-caps\">ms<\/span> em seu corpo os identifica como membros da \"'Salvatrucha' mara\" (Revolorio, 1998: 4).<\/p>\n\n\n\n<div class=\"image-slider\">\n                <div class=\"frame\">\n                    <div class=\"picture\" itemscope itemtype=\"http:\/\/schema.org\/ImageGallery\">\n                        <figure itemprop=\"associatedMedia\" itemscope itemtype=\"http:\/\/schema.org\/ImageObject\" class=\"slider-element\">\n                              <a href=\"https:\/\/encartes.mx\/wp-content\/uploads\/2024\/03\/Imagen-4.jpg\" itemprop=\"contentUrl\" data-size=\"320x258\" data-index=\"0\" data-caption=\"Imagen 4. Nuestro Diario, 15 de marzo de 1998: 4. Fotograf\u00eda del autor.\" >\n                                <img decoding=\"async\" src=\"https:\/\/encartes.mx\/wp-content\/uploads\/2024\/03\/Imagen-4.jpg\" itemprop=\"thumbnail\">\n                                <i class=\"fa fa-expand expand\" aria-hidden=\"true\"><\/i>\n                            <\/a>\n                            <\/figure>                    <\/div>    \n                <\/div>\n                    <div class=\"caption\">Imagem 4: Nuestro Diario, 15 de mar\u00e7o de 1998: 4.<\/div><div class=\"image-analysis\"><\/div>                <div class=\"bullets\"><\/div>\n            <\/div>\n\n\n\n<p>Em <em>Nuestro Diario<\/em>O primeiro corpo tatuado despido a ser fotografado com o prop\u00f3sito expresso de exposi\u00e7\u00e3o apareceu em 23 de agosto de 1998. Naquela ocasi\u00e3o, o jornal informou sobre uma batida policial em bord\u00e9is na capital. A hist\u00f3ria dizia que seis g\u00e2ngsteres acusados de roubos e brigas no centro da cidade haviam sido capturados. Embora a manchete resuma o relat\u00f3rio da pol\u00edcia sobre a batida, a fotografia mais longa inclu\u00edda na hist\u00f3ria mostra um homem sem camisa com a parte superior do corpo coberta de tatuagens, submetido \u00e0 mesma t\u00e9cnica de manipula\u00e7\u00e3o que a fotografia da primeira p\u00e1gina de <em>Al D\u00eda<\/em> de 13 de maio. A nota de rodap\u00e9 afirma: \"os 'Salvatruchas' t\u00eam um corpo cheio de tatuagens diab\u00f3licas\" (Cortez, 1998: 5).<\/p>\n\n\n\n<div class=\"image-slider\">\n                <div class=\"frame\">\n                    <div class=\"picture\" itemscope itemtype=\"http:\/\/schema.org\/ImageGallery\">\n                        <figure itemprop=\"associatedMedia\" itemscope itemtype=\"http:\/\/schema.org\/ImageObject\" class=\"slider-element\">\n                              <a href=\"https:\/\/encartes.mx\/wp-content\/uploads\/2024\/03\/Imagen-5.jpg\" itemprop=\"contentUrl\" data-size=\"317x320\" data-index=\"0\" data-caption=\"Imagen 5. Nuestro Diario, 31 de agosto de 1998: 5. Fotograf\u00eda del autor.\" >\n                                <img decoding=\"async\" src=\"https:\/\/encartes.mx\/wp-content\/uploads\/2024\/03\/Imagen-5.jpg\" itemprop=\"thumbnail\">\n                                <i class=\"fa fa-expand expand\" aria-hidden=\"true\"><\/i>\n                            <\/a>\n                            <\/figure>                    <\/div>    \n                <\/div>\n                    <div class=\"caption\">Imagem 5: Nuestro Diario, 31 de agosto de 1998: 5.<\/div><div class=\"image-analysis\"><\/div>                <div class=\"bullets\"><\/div>\n            <\/div>\n\n\n\n<p>A discord\u00e2ncia entre o t\u00edtulo da not\u00edcia, a fotografia e a nota de rodap\u00e9 que a acompanha \u00e9 mais do que aleat\u00f3ria. O jornal omitiu a identidade pessoal do indiv\u00edduo fotografado, bem como a autoria, a proced\u00eancia e a data da fotografia. Quem era essa pessoa? Seria ela uma das capturadas durante a invas\u00e3o aos bord\u00e9is? N\u00e3o sabemos. A identidade pessoal parece ser de pouca relev\u00e2ncia para o empreendimento pedag\u00f3gico visual em quest\u00e3o. A composi\u00e7\u00e3o tem como objetivo produzir os mesmos efeitos pragm\u00e1ticos que a imagem de <em>Al<\/em> <em>Dia<\/em>A seguir, um aviso aos leitores de que os g\u00e2ngsteres s\u00e3o g\u00e2ngsteres e podem ser reconhecidos pelas tatuagens que carregam.<\/p>\n\n\n\n<p>\u00c9 impressionante notar que, na primeira vez em que ambos os jornais expuseram um corpo tatuado com o objetivo de fazer refer\u00eancia \u00e0 visualidade dos mareros, eles recorreram a fotografias de truques que isolam o objeto dos arredores da foto. Ambas as imagens removem o objeto do contexto da foto em um claro esfor\u00e7o para fixar o olhar no corpo tatuado, suprimindo as distra\u00e7\u00f5es.<\/p>\n\n\n\n<p>As evid\u00eancias mostram que, quando as gangues apareciam nas ruas, a pol\u00edcia estava preparada para reconhec\u00ea-las. Esses encontros s\u00e3o sintetizados no slogan \"guerra \u00e0s maras\", cunhado em 1998, em um cen\u00e1rio marcado por uma sensa\u00e7\u00e3o de inseguran\u00e7a que aumentava a antecipa\u00e7\u00e3o de figuras socialmente perigosas. Tamb\u00e9m est\u00e1 claro que o conhecimento de que os mareros eram tatuados havia sido estabelecido de antem\u00e3o, favorecido pelo fluxo de informa\u00e7\u00f5es sobre a criouliza\u00e7\u00e3o das gangues californianas.<\/p>\n\n\n\n<p>Com base no exposto, concordemos que a incorpora\u00e7\u00e3o das tatuagens \u00e0 caixa de ferramentas da intelig\u00eancia criminal se cristalizou durante o estabelecimento da guerra contra as gangues, entre 1997 e 1998, e que sua chegada \u00e0s p\u00e1ginas dos jornais vermelhos foi simult\u00e2nea. Como aponta Jusionyte (2015), ao reportar not\u00edcias sobre as gangues, os jornais fizeram mais do que apenas relatar eventos envolvendo membros de gangues e policiais: ao seguir o padr\u00e3o dos relat\u00f3rios policiais e sincronizar suas lentes com as lentes da pol\u00edcia, os jornais vermelhos moldaram uma narrativa da criminalidade urbana e delimitaram as bordas do olhar p\u00fablico treinado para ver os membros das gangues.<\/p>\n\n\n\n<h2 class=\"wp-block-heading\">Iconicidade e remixagem fotogr\u00e1fica<\/h2>\n\n\n\n<p class=\"abstract\">J\u00e1 sabemos que uma das li\u00e7\u00f5es que a guerra contra as gangues ensinou \u00e0 intelig\u00eancia da pol\u00edcia guatemalteca foi que ser membro de uma gangue e ter uma tatuagem pressupunha pertencer \u00e0s gangues. <span class=\"small-caps\">ms<\/span>. Como o n\u00famero de membros dessa gangue era limitado, a disponibilidade de fotografias de corpos tatuados para expor nas not\u00edcias era limitada. O dilema foi resolvido com a reutiliza\u00e7\u00e3o de fotografias que, de acordo com a \u00f3tica jornal\u00edstica, encapsulavam os sinais visuais do novo tipo de criminoso. Foram essas fotografias que moldaram a iconicidade visual dos mareros.<\/p>\n\n\n\n<p>Esse foi o caso do membro da gangue retratado na fotografia adulterada apresentada por <em>Nuestro Diario<\/em> na not\u00edcia sobre a batida nos bord\u00e9is da capital, cuja imagem foi incorporada em not\u00edcias sobre t\u00f3picos gen\u00e9ricos. Em sua primeira apari\u00e7\u00e3o, a fotografia tornou-se um s\u00edmbolo da exist\u00eancia individual em virtude do fato de representar um marero realmente existente: o propriet\u00e1rio do corpo retratado. Removida de seu contexto original, ela n\u00e3o representava mais esse indiv\u00edduo. Em suas apari\u00e7\u00f5es posteriores, a fotografia tornou-se o sinal ic\u00f4nico de uma categoria sociol\u00f3gica geral: os mareros.<\/p>\n\n\n\n<p>De acordo com a teoria semi\u00f3tica, os \u00edcones s\u00e3o sinais que s\u00e3o retirados de <em>como<\/em> o objeto que representam em virtude de semelhan\u00e7as qualitativas compartilhadas; ou seja, o retrato nos jornais \u00e9 <em>como <\/em>os g\u00e2ngsteres que se escondiam nas ruas. Mas as fotografias ic\u00f4nicas evolu\u00edram para se tornarem representa\u00e7\u00f5es rem\u00e1ticas. As remas s\u00e3o sinais de maior complexidade. Eles se caracterizam pelo fato de estarem conectados pelos objetos que representam por meio de associa\u00e7\u00f5es de ideias gerais. Assim, a cada nova apari\u00e7\u00e3o, as fotografias atualizam na mente do observador um v\u00ednculo de significa\u00e7\u00e3o entre a imagem e sua categoria sociol\u00f3gica correspondente (Peirce, 1986: 35). A remixagem de sinais fotogr\u00e1ficos nos jornais ajudou a galvanizar a visualidade p\u00fablica dos mareros.<\/p>\n\n\n\n<p>A singularidade corporal dos Salvatruchas logo se dissipou. Em 2002, as tatuagens haviam adquirido valor epist\u00eamico suficiente para estabelecer conex\u00f5es existenciais com todos os membros da gangue. N\u00e3o havia mais distin\u00e7\u00f5es entre os Salvatruchas e outros mareros. Para a pol\u00edcia, as tatuagens se tornaram moeda comum para identific\u00e1-los, sem que a afilia\u00e7\u00e3o tivesse muita import\u00e2ncia. Daquele momento em diante, o notici\u00e1rio vermelho estava repleto de not\u00edcias sobre gangues que inclu\u00edam fotos de corpos tatuados. A materialidade do regime esc\u00f3pico das gangues se baseia nesse ac\u00famulo de imagens que repetem padr\u00f5es de visualidade.<\/p>\n\n\n\n<p>Os projetos para decifrar a malignidade tamb\u00e9m n\u00e3o pararam por a\u00ed. \u00c0 medida que ganhava terreno, o olhar policial se dava conta de que as tatuagens constitu\u00edam um sistema de signos interligados a outros sistemas de signos perfeitamente leg\u00edveis para aqueles que os compartilhavam. Seguindo seus rastros, a nota vermelha transmitiu as descobertas da per\u00edcia semi\u00f3tica da pol\u00edcia: as maras t\u00eam sua pr\u00f3pria linguagem que comunica um universo particular. Por exemplo, em uma not\u00edcia de 2004 que informava que a pol\u00edcia da Am\u00e9rica Central estava tentando unificar suas estrat\u00e9gias de combate \u00e0s maras, <em>Nuestro Diario<\/em> fez a seguinte afirma\u00e7\u00e3o: \"Como em todas as culturas marginais, os maras desenvolveram uma linguagem pr\u00f3pria que vai al\u00e9m das palavras. Elas t\u00eam uma linguagem manual e tatuagens, que refletem o grau de ascens\u00e3o de cada um dentro da gangue\" (Redacci\u00f3n, 2004: 3).<\/p>\n\n\n\n<p>Em 2004, \"as maras\" era uma categoria geral com o poder semi\u00f3tico de abranger as diferencia\u00e7\u00f5es que, no passado, tinham de ser apontadas. A posse de uma linguagem comum pulverizou a multiplicidade de identidades que existia uma d\u00e9cada antes. N\u00e3o \u00e9 que as diferen\u00e7as tenham se tornado in\u00fateis; em vez disso, as capacidades interpretativas ganharam amplitude denotativa, conectando e entrela\u00e7ando v\u00ednculos, concebendo semelhan\u00e7as e inserindo hist\u00f3rias particulares em uma hist\u00f3ria comum.<\/p>\n\n\n\n<p>Na \u00e9poca em que o relat\u00f3rio acima foi publicado, os mareros haviam sido colocados no centro dos programas de coopera\u00e7\u00e3o de seguran\u00e7a regional patrocinados pelos EUA (M\u00fcller, 2015; Hochm\u00fcller e M\u00fcller, 2016 e 2017). Eles n\u00e3o eram mais meras figuras de pequenos criminosos localizadas em periferias urbanas, mas redes criminosas transnacionais que podiam ser homologadas e capazes de transferir sua periculosidade para seu ponto de origem m\u00edtico.<\/p>\n\n\n\n<p>Em um relat\u00f3rio posterior, a \"linguagem apropriada\" das maras foi estendida a gestos e picha\u00e7\u00f5es:<\/p>\n\n\n\n<p class=\"verse\">As maras, ou gangues de jovens, formadas por cerca de 15.000 guatemaltecos, t\u00eam um n\u00edvel de organiza\u00e7\u00e3o, como nas m\u00e1fias, em que \"quem entra n\u00e3o sai, s\u00f3 morto\". [Sua linguagem] inclui sinais com as m\u00e3os, grafites nas paredes e tatuagens em seus corpos. Tudo com um significado especial. \"\u00c9 um c\u00f3digo de express\u00e3o \u00fanico, um alfabeto muito complexo com o qual nos comunicamos, nos cumprimentamos ou at\u00e9 mesmo nos insultamos\", explica um l\u00edder marero que n\u00e3o quis dar seu nome ou apelido [...] Cada sinal de m\u00e3o, grafite ou tatuagem tem uma mensagem. \"Os grafites e as tatuagens contam nossa hist\u00f3ria, pensamentos e sentimentos, descrevem o que fazemos\", acrescenta outro membro da gangue. Al\u00e9m disso, h\u00e1 mensagens secretas que eles usam somente entre si e sua revela\u00e7\u00e3o pode levar \u00e0 morte (Salazar e del Cid, 2005: 2; a pontua\u00e7\u00e3o corresponde ao original).<\/p>\n\n\n\n<p>A impress\u00e3o resultante da cita\u00e7\u00e3o \u00e9 que, de fato, como argumentou o primeiro marero que interveio na entrevista, as maras se assemelham a sociedades secretas e que seus membros possuem c\u00f3digos lingu\u00edsticos acess\u00edveis apenas aos iniciados; as tatuagens eram um desses c\u00f3digos. Sendo assim, de acordo com o jornal, o projeto da pol\u00edcia teve que se expandir al\u00e9m do controle f\u00edsico dos indiv\u00edduos para a gram\u00e1tica do espa\u00e7o at\u00e9 que possu\u00edsse a linguagem deles.<\/p>\n\n\n\n<h2 class=\"wp-block-heading\">Fechamento<\/h2>\n\n\n\n<p class=\"abstract\">O fim da guerra antiguerrilha em meados da d\u00e9cada de 1990 representou o desafio de encontrar novos motivos para a continua\u00e7\u00e3o da viol\u00eancia estatal. No lugar dos antigos revolucion\u00e1rios, surgiram criminosos com uma fenomenologia variada. Entre eles estavam os \"mareros\", conglomerados de jovens urbanos, popula\u00e7\u00f5es prec\u00e1rias e flutuantes, com uma sociologia repleta de amea\u00e7as externas, moralidades perturbadoras e assim por diante. Essas caracter\u00edsticas os colocavam no limite da desordem social. Os atos de nomear, de afirmar <em>esses<\/em> O novo tipo penal foi consolidado pela consolida\u00e7\u00e3o do novo tipo penal, constituindo o ponto de partida para os processos subsequentes de sujei\u00e7\u00e3o e rotulagem antecipat\u00f3ria.<\/p>\n\n\n\n<p>A guerra contra as maras, que come\u00e7ou entre 1997 e 1998, significou que ser um marero significava <em>mais<\/em> do que apenas roubar ou brigar. Isso <em>mais <\/em>se mostrou elusivo \u00e0s palavras. Para apreend\u00ea-lo, foi necess\u00e1rio recorrer a mais recursos do que o discurso escrito e examinar os corpos como se eles carregassem as coordenadas interpretativas da malignidade social em forma\u00e7\u00e3o. O realismo representacional que se buscava transmitir era fornecido pela fotografia, cuja rela\u00e7\u00e3o com o arquivo policial \u00e9 de enorme profundidade hist\u00f3rica.<\/p>\n\n\n\n<p>O aparecimento de fotografias de homens tatuados com ind\u00edcios de serem lidos como \u00edcones de perigo social foi fundamental para a consolida\u00e7\u00e3o de uma nova forma de olhar. Para que esse olhar tivesse efeitos p\u00fablicos, ele teve de ser levado \u00e0 aten\u00e7\u00e3o do p\u00fablico nacional do crime, sendo a nota roja sua infraestrutura de comunica\u00e7\u00e3o preferida. Afirmar que a cognoscibilidade dos mareros foi confiada ao olhar \u00e9 outra maneira de designar a exist\u00eancia de um regime esc\u00f3pico espec\u00edfico para esse tipo de criminoso.<\/p>\n\n\n\n<p>Observamos aqui que o regime esc\u00f3pico dos mareros exp\u00f5e os corpos dos mareros, vivos ou mortos, usando as tatuagens como sinais de referencialidade visual da sociologia criminal dos indiv\u00edduos retratados. Ao assumir a \u00f3tica policial dos mareros, jornais como <em>Al D\u00eda<\/em> e <em>Nuestro Diario<\/em> foram combinados com a nova contra-insurg\u00eancia do Estado. Eles traduziram as narrativas autorizadas nos relat\u00f3rios policiais para a opini\u00e3o p\u00fablica e investiram grandes doses de est\u00e9tica gr\u00e1fica para reproduzir fotografias que repetiam padr\u00f5es de representa\u00e7\u00e3o visual, com notas de rodap\u00e9 afirmando que a pessoa ou pessoas retratadas eram mareros.<\/p>\n\n\n\n<p>Na medida em que a nota vermelha do p\u00f3s-guerra abra\u00e7ou com entusiasmo a guerra contra os maras e contribuiu para a forma\u00e7\u00e3o de sua narrativa, ela funcionou como um aparato ret\u00f3rico da nova contra-insurg\u00eancia. Historicamente propensos a depender da voz autorizada da fonte policial, os jornais assumiram esse papel como parte regular da busca por novidades que atra\u00edssem a aten\u00e7\u00e3o dos leitores, aumentando as vendas. Certamente, a nota vermelha urbana do p\u00f3s-guerra calibrou a ret\u00f3rica da nova contra-insurg\u00eancia, mas seria errado reduzi-la a meras caixas de resson\u00e2ncia para a voz da pol\u00edcia. Como em outros contextos e momentos hist\u00f3ricos, a m\u00eddia impressa desempenhou mais de um papel ao mesmo tempo. Se a publicidade das not\u00edcias das maras prosperou, foi porque havia leitores que consumiam as not\u00edcias que elas apresentavam. Nesse sentido, ao apresentar not\u00edcias sobre crimes <em>Al D\u00eda <\/em>e<em> Nuestro Diario<\/em> estavam satisfazendo as demandas de leitores \u00e1vidos por olhar para os criminosos. E, de maneira semelhante \u00e0 viol\u00eancia pol\u00edtica do passado, a nota vermelha nos fornece o melhor reposit\u00f3rio detalhado de crimes e viol\u00eancia contempor\u00e2neos atualmente dispon\u00edvel.<\/p>\n\n\n\n<p>Para concluir, \u00e9 apropriado apontar que, atualmente, a ret\u00f3rica da periculosidade social dos mareros tem gradualmente cedido lugar a um discurso de criminalidade ortodoxa focado na divulga\u00e7\u00e3o da criminalidade extorsiva. Mesmo assim, a visualidade, que, para fins de esclarecimento, chamarei de cl\u00e1ssica, continua relevante e claramente ganhou autonomia em rela\u00e7\u00e3o \u00e0 sua fonte original. Fotografias de corpos tatuados posando como g\u00e2ngsteres continuam a aparecer nos jornais, mas as legendas did\u00e1ticas que afirmam \"...\" ainda est\u00e3o em vigor.<em>este<\/em> \u00e9 um marero\" tornou-se obsoleto. Atualmente, os sinais visuais parecem significar conceitos gerais sem a necessidade de demonstrar a exist\u00eancia real de seus objetos, j\u00e1 que a economia visual das maras se globalizou.<\/p>\n\n\n\n<h2 class=\"wp-block-heading\">Agradecimentos<\/h2>\n\n\n\n<p class=\"abstract\">O artigo apresenta resultados parciais de um projeto financiado pela <span class=\"small-caps\">digi-usac<\/span> (Projeto B-6 2020). A pesquisa foi coordenada por Felipe Gir\u00f3n, com a participa\u00e7\u00e3o de F\u00e1tima D\u00edaz e Fernando Orozco. Gostaria de agradecer a eles.<\/p>\n\n\n\n<h2 class=\"wp-block-heading\">Bibliografia<\/h2>\n\n\n\n<p class=\"bibliography\" data-no-auto-translation=\"\"><em>Al D\u00eda<\/em> (19 de febrero de 1998a). \u201cTiroteo entre maras\u201d, p. 1.<\/p>\n\n\n\n<p class=\"bibliography\" data-no-auto-translation=\"\"><em>Al D\u00eda<\/em> (13 de mayo de 1998b). \u201cCapturan a Salvatruchas\u201d, p. 1.<\/p>\n\n\n\n<p class=\"bibliography\" data-no-auto-translation=\"\">Avenda\u00f1o, Mario y Edwin Salazar (6 de abril de 1998). \u201cDenuncian limpieza social\u201d. <em>Al D\u00eda<\/em>, p. 8.<\/p>\n\n\n\n<p class=\"bibliography\" data-no-auto-translation=\"\">Asociaci\u00f3n para el Avance de las Ciencias Sociales (<span class=\"small-caps\">avancso<\/span>) (1998). <em>Por s\u00ed mismos. Un estudio preliminar de las maras en la ciudad de Guatemala.<\/em> Guatemala: <span class=\"small-caps\">avancso<\/span>.<\/p>\n\n\n\n<p class=\"bibliography\" data-no-auto-translation=\"\">Bateson, Regina (2013). \u201cOrder and Violence in Postwar Guatemala\u201d. Tesis de doctorado, Yale University.<\/p>\n\n\n\n<p class=\"bibliography\" data-no-auto-translation=\"\">Camus, Manuela <em>et al<\/em>. (2015). <em>Dinosaurio Reloaded, violencias actuales en Guatemala<\/em>. Guatemala: <span class=\"small-caps\">flacso<\/span>\/Fundaci\u00f3n Constelaci\u00f3n.<\/p>\n\n\n\n<p class=\"bibliography\" data-no-auto-translation=\"\">Cort\u00e9s, Mynor (31 de agosto de 1998). \u201cPongan las manos arriba. \u2018Peinan\u2019 bares y barras show\u201d, <em>Nuestro Diario,<\/em> p. 5.<\/p>\n\n\n\n<p class=\"bibliography\" data-no-auto-translation=\"\">Feldman, Allen (1991). <em>Formations on Violence. The Narrative of the Body and Political Terror in Northern Ireland<\/em>. Chicago: Chicago University Press.<\/p>\n\n\n\n<p class=\"bibliography\" data-no-auto-translation=\"\">Flores, David (23 de marzo de 1998). \u201c<span class=\"small-caps\">pnc<\/span>: guerra a las maras\u201d, <em>Al D\u00eda<\/em>, p. 3.<\/p>\n\n\n\n<p class=\"bibliography\" data-no-auto-translation=\"\">Hermosilla, Walter (2 de octubre de 1993). \u201cMaras atacan en plena 6ta. Avenida\u201d, <em>El Gr\u00e1fico,<\/em> p. 10.<\/p>\n\n\n\n<p class=\"bibliography\" data-no-auto-translation=\"\">Hochmu\u0308ller, Markus y Markus-Michael M\u00fcller (2017). \u201cCountering Criminal Insurgencies: Fighting Gangs and Building Resilient Communities in Post-War Guatemala\u201d, en Louise Moe y Markus M\u00fcller (eds.). <em>Reconfiguring Intervention: Complexity, Resilience and the \u201cLocal Turn\u201d in Counterinsurgent Warfare. <\/em>Nueva York: Palgrave Macmillan, pp. 163-186.<\/p>\n\n\n\n<p class=\"bibliography\" data-no-auto-translation=\"\">\u2014 (2016). \u201cLocating Guatemala in Global Counterinsurgency\u201d, <em>Globalizations, <\/em>vol. 13, n\u00fam. 1, pp. 94\u2013109. <span class=\"small-caps\">doi<\/span>: https:\/\/doi.org\/10.1080\/14747731.2015.1050850<\/p>\n\n\n\n<p class=\"bibliography\" data-no-auto-translation=\"\">Jay, Martin (2011). <em>Essays from the Edge<\/em>. Charlottesville: University of Virginia Press.<\/p>\n\n\n\n<p class=\"bibliography\" data-no-auto-translation=\"\">\u2014 (1993). <em>Force Fields. Between Intellectual History and Cultural Critique. <\/em>Nueva York: Routledge.<\/p>\n\n\n\n<p class=\"bibliography\" data-no-auto-translation=\"\">Jusionyte, Ieva (2015). \u201cCrimecraft: Journalists, Police, and News Publics in an Argentine Town, <em>American Ethnologist<\/em>, vol. 43, n\u00fam. 3,pp. 451-464. <span class=\"small-caps\">doi<\/span>: https:\/\/doi.org\/10.1111\/amet.12338<\/p>\n\n\n\n<p class=\"bibliography\" data-no-auto-translation=\"\">L\u00f3pez, Juli\u00e1n <em>et al<\/em>. (2009)<em>. Guatemala: violencias desbordadas<\/em>. C\u00f3rdoba: Servicio de Publicaciones de la Universidad de C\u00f3rdoba.<\/p>\n\n\n\n<p class=\"bibliography\" data-no-auto-translation=\"\">Mendoza, Carlos (2007). <em>Ausencia del Estado y violencia colectiva en tierras mayas. Una aproximaci\u00f3n cuantitativa al fen\u00f3meno de los linchamientos en Guatemala (1996-2002). <\/em>Guatemala: <span class=\"small-caps\">flacso<\/span>.<\/p>\n\n\n\n<p class=\"bibliography\" data-no-auto-translation=\"\">Metz, Christian (1982). <em>The Imaginary Signifier. Psychoanalysis and the Cinema<\/em>. Bloomington: Indiana University Press.<\/p>\n\n\n\n<p class=\"bibliography\" data-no-auto-translation=\"\">Misse, Michel (2018). <em>Crimen y violencia en el Brasil contempor\u00e1neo. Estudios de sociolog\u00eda del crimen y de la violencia urbana.<\/em> Ciudad de M\u00e9xico: <span class=\"small-caps\">ciesas<\/span>.<\/p>\n\n\n\n<p class=\"bibliography\" data-no-auto-translation=\"\">M\u00fcller, Markus-Michael (2015). \u201cPunitive Entanglements: The \u2018War on Gangs\u2019 and the Making of a Transnational Penal Apparatus in the Americas\u201d, <em>Geopolitics, <\/em>n\u00fam. 20, pp. 696\u2013727. <span class=\"small-caps\">doi<\/span>: https:\/\/doi.org\/10.1080\/14650045.2015.1036416<\/p>\n\n\n\n<p class=\"bibliography\" data-no-auto-translation=\"\"><em>Nuestro Diario<\/em> (18 de enero de 2004). \u201cGuerra contra las maras\u201d, p. 3.<\/p>\n\n\n\n<p class=\"bibliography\" data-no-auto-translation=\"\">Peirce, Charles (1986). <em>La ciencia de la semi\u00f3tica.<\/em> Buenos Aires: Nueva Visi\u00f3n.<\/p>\n\n\n\n<p class=\"bibliography\" data-no-auto-translation=\"\">Picatto, Pablo (2017). <em>A History of Infamy. Crime, Truth, and Justice in M\u00e9xico<\/em>. Oakland: University of California Press.<\/p>\n\n\n\n<p class=\"bibliography\" data-no-auto-translation=\"\">\u2014 (2001). <em>City of Suspects: Crime, in Mexico City, 1900-1931<\/em>. Durham: Duke University Press.<\/p>\n\n\n\n<p class=\"bibliography\" data-no-auto-translation=\"\">Res\u00e9ndiz, Nelly (2018). <em>Violento luego existo.<\/em> Ciudad de M\u00e9xico: <span class=\"small-caps\">cialc, unam<\/span>.<\/p>\n\n\n\n<p class=\"bibliography\" data-no-auto-translation=\"\">Revolorio, Julio (15 de marzo de 1998). \u201cCaen salvatruchas. Dos acusados de homicidio\u201d, <em>Nuestro Diario<\/em>, p. 4.<\/p>\n\n\n\n<p class=\"bibliography\" data-no-auto-translation=\"\">Salazar, Armando y Julio del Cid (29 de mayo de 2005). \u201cEl lenguaje de las maras. C\u00f3mo se comunican las pandillas\u201d, <em>Nuestro Diario<\/em>, pp. 2-3.<\/p>\n\n\n\n<p class=\"bibliography\" data-no-auto-translation=\"\">Salazar, Eduardo (29 de marzo de 1998). \u201cAsesinan a j\u00f3venes tatuados\u201d, <em>Al D\u00eda<\/em>, p. 8.<\/p>\n\n\n\n<p class=\"bibliography\" data-no-auto-translation=\"\">Sekula, Allan (1986). \u201cThe Body and The Archive\u201d. <em>October<\/em>, n\u00fam. 39,pp. 3-64. <span class=\"small-caps\">doi<\/span>: https:\/\/doi.org\/10.2307\/778312<\/p>\n\n\n\n<p class=\"bibliography\" data-no-auto-translation=\"\">Siegel, James (1998). <em>A New Criminal Type in Jakarta. Counter-revolution Today. <\/em>Durham: Duke University Press.<\/p>\n\n\n\n<p class=\"bibliography\" data-no-auto-translation=\"\">Torres, Mar\u00eda (2014). \u201cArt and Labor in the Framing of Guatemala\u2019s Dead\u201d<em>, Anthropology of Work Review<\/em>, vol. 35, n\u00fam. 1, pp. 14-24. <span class=\"small-caps\">doi<\/span>: https:\/\/doi.org\/10.1111\/awr.12027<\/p>\n\n\n\n<hr class=\"wp-block-separator has-alpha-channel-opacity is-style-dots\"\/>\n\n\n\n<p class=\"abstract\"><em>Luis Bedoya <\/em>\u00e9 PhD em Antropologia Social pelo El Colegio de Michoac\u00e1n, M\u00e9xico (2017). Seu interesse \u00e9 o estudo da viol\u00eancia, das narrativas do crime e dos processos de forma\u00e7\u00e3o do Estado em escala local e regional.<\/p>","protected":false},"excerpt":{"rendered":"<p>Desde meados da d\u00e9cada de 1990, os jornais guatemaltecos t\u00eam publicado fotografias de homens tatuados identificados como mareros. A mobiliza\u00e7\u00e3o dessas fotografias desempenha um papel fundamental na socializa\u00e7\u00e3o de ideias sobre quem s\u00e3o esses indiv\u00edduos e o que eles fazem, levando \u00e0 forma\u00e7\u00e3o de uma vis\u00e3o p\u00fablica do crime como um fen\u00f4meno concomitante do p\u00f3s-guerra. A forma\u00e7\u00e3o desse olhar p\u00fablico, por sua vez, tornou-se um componente nodal de uma nova contrainsurg\u00eancia na forma de luta contra o crime, na qual a nota roja funcionou como um de seus dispositivos ret\u00f3ricos. A discuss\u00e3o que apresento se concentra no desempenho dos dois jornais representativos do g\u00eanero: Al D\u00eda e Nuestro Diario, e se limita \u00e0 d\u00e9cada de 1996-2005.<\/p>","protected":false},"author":4,"featured_media":38637,"comment_status":"open","ping_status":"open","sticky":false,"template":"","format":"standard","meta":{"_acf_changed":false,"footnotes":""},"categories":[9],"tags":[388,1229,1230,1231,894,1232],"coauthors":[551],"class_list":["post-38633","post","type-post","status-publish","format-standard","has-post-thumbnail","hentry","category-9","tag-guatemala","tag-mareros","tag-nota-roja","tag-nueva-contrainsurgencia","tag-posguerra","tag-visualidad","personas-bedoya-luis","numeros-1187"],"acf":[],"yoast_head":"<!-- This site is optimized with the Yoast SEO plugin v22.2 - https:\/\/yoast.com\/wordpress\/plugins\/seo\/ -->\n<title>Las fotograf\u00edas de mareros en la nota roja guatemalteca &#8211; Encartes<\/title>\n<meta name=\"description\" content=\"Desde los 90s, los peri\u00f3dicos guatemaltecos han publicado fotograf\u00edas de hombres con el cuerpo tatuado a quienes identifican como mareros.\" \/>\n<meta name=\"robots\" content=\"index, follow, max-snippet:-1, max-image-preview:large, max-video-preview:-1\" \/>\n<link rel=\"canonical\" href=\"https:\/\/encartes.mx\/pt\/bedoya-visualidad-mareros-periodicos-posguerra-guatemala\/\" \/>\n<meta property=\"og:locale\" content=\"pt_BR\" \/>\n<meta property=\"og:type\" content=\"article\" \/>\n<meta property=\"og:title\" content=\"Las fotograf\u00edas de mareros en la nota roja guatemalteca &#8211; Encartes\" \/>\n<meta property=\"og:description\" content=\"Desde los 90s, los peri\u00f3dicos guatemaltecos han publicado fotograf\u00edas de hombres con el cuerpo tatuado a quienes identifican como mareros.\" \/>\n<meta property=\"og:url\" content=\"https:\/\/encartes.mx\/pt\/bedoya-visualidad-mareros-periodicos-posguerra-guatemala\/\" \/>\n<meta property=\"og:site_name\" content=\"Encartes\" \/>\n<meta property=\"article:published_time\" content=\"2024-03-21T17:00:50+00:00\" \/>\n<meta property=\"og:image\" content=\"https:\/\/encartes.mx\/wp-content\/uploads\/2024\/03\/Imagen-1.jpg\" \/>\n\t<meta property=\"og:image:width\" content=\"1992\" \/>\n\t<meta property=\"og:image:height\" content=\"1265\" \/>\n\t<meta property=\"og:image:type\" content=\"image\/jpeg\" \/>\n<meta name=\"author\" content=\"Arthur Ventura\" \/>\n<meta name=\"twitter:card\" content=\"summary_large_image\" \/>\n<meta name=\"twitter:label1\" content=\"Escrito por\" \/>\n\t<meta name=\"twitter:data1\" content=\"Arthur Ventura\" \/>\n\t<meta name=\"twitter:label2\" content=\"Est. tempo de leitura\" \/>\n\t<meta name=\"twitter:data2\" content=\"37 minutos\" \/>\n\t<meta name=\"twitter:label3\" content=\"Written by\" \/>\n\t<meta name=\"twitter:data3\" content=\"Arthur Ventura\" \/>\n<script type=\"application\/ld+json\" class=\"yoast-schema-graph\">{\"@context\":\"https:\/\/schema.org\",\"@graph\":[{\"@type\":\"Article\",\"@id\":\"https:\/\/encartes.mx\/bedoya-visualidad-mareros-periodicos-posguerra-guatemala\/#article\",\"isPartOf\":{\"@id\":\"https:\/\/encartes.mx\/bedoya-visualidad-mareros-periodicos-posguerra-guatemala\/\"},\"author\":{\"name\":\"Arthur Ventura\",\"@id\":\"https:\/\/encartes.mx\/#\/schema\/person\/97215bba1729028a4169cab07f8e58ef\"},\"headline\":\"Reg\u00edmenes esc\u00f3picos de una nueva guerra: las fotograf\u00edas de mareros en la nota roja de la posguerra guatemalteca\",\"datePublished\":\"2024-03-21T17:00:50+00:00\",\"dateModified\":\"2024-03-21T17:00:50+00:00\",\"mainEntityOfPage\":{\"@id\":\"https:\/\/encartes.mx\/bedoya-visualidad-mareros-periodicos-posguerra-guatemala\/\"},\"wordCount\":9026,\"commentCount\":0,\"publisher\":{\"@id\":\"https:\/\/encartes.mx\/#organization\"},\"image\":{\"@id\":\"https:\/\/encartes.mx\/bedoya-visualidad-mareros-periodicos-posguerra-guatemala\/#primaryimage\"},\"thumbnailUrl\":\"https:\/\/encartes.mx\/wp-content\/uploads\/2024\/03\/Imagen-1.jpg\",\"keywords\":[\"Guatemala\",\"mareros\",\"nota roja\",\"nueva contrainsurgencia\",\"posguerra\",\"visualidad\"],\"articleSection\":[\"Realidades socioculturales\"],\"inLanguage\":\"pt-BR\",\"potentialAction\":[{\"@type\":\"CommentAction\",\"name\":\"Comment\",\"target\":[\"https:\/\/encartes.mx\/bedoya-visualidad-mareros-periodicos-posguerra-guatemala\/#respond\"]}]},{\"@type\":\"WebPage\",\"@id\":\"https:\/\/encartes.mx\/bedoya-visualidad-mareros-periodicos-posguerra-guatemala\/\",\"url\":\"https:\/\/encartes.mx\/bedoya-visualidad-mareros-periodicos-posguerra-guatemala\/\",\"name\":\"Las fotograf\u00edas de mareros en la nota roja guatemalteca &#8211; Encartes\",\"isPartOf\":{\"@id\":\"https:\/\/encartes.mx\/#website\"},\"primaryImageOfPage\":{\"@id\":\"https:\/\/encartes.mx\/bedoya-visualidad-mareros-periodicos-posguerra-guatemala\/#primaryimage\"},\"image\":{\"@id\":\"https:\/\/encartes.mx\/bedoya-visualidad-mareros-periodicos-posguerra-guatemala\/#primaryimage\"},\"thumbnailUrl\":\"https:\/\/encartes.mx\/wp-content\/uploads\/2024\/03\/Imagen-1.jpg\",\"datePublished\":\"2024-03-21T17:00:50+00:00\",\"dateModified\":\"2024-03-21T17:00:50+00:00\",\"description\":\"Desde los 90s, los peri\u00f3dicos guatemaltecos han publicado fotograf\u00edas de hombres con el cuerpo tatuado a quienes identifican como mareros.\",\"breadcrumb\":{\"@id\":\"https:\/\/encartes.mx\/bedoya-visualidad-mareros-periodicos-posguerra-guatemala\/#breadcrumb\"},\"inLanguage\":\"pt-BR\",\"potentialAction\":[{\"@type\":\"ReadAction\",\"target\":[\"https:\/\/encartes.mx\/bedoya-visualidad-mareros-periodicos-posguerra-guatemala\/\"]}]},{\"@type\":\"ImageObject\",\"inLanguage\":\"pt-BR\",\"@id\":\"https:\/\/encartes.mx\/bedoya-visualidad-mareros-periodicos-posguerra-guatemala\/#primaryimage\",\"url\":\"https:\/\/encartes.mx\/wp-content\/uploads\/2024\/03\/Imagen-1.jpg\",\"contentUrl\":\"https:\/\/encartes.mx\/wp-content\/uploads\/2024\/03\/Imagen-1.jpg\",\"width\":1992,\"height\":1265,\"caption\":\"smart\"},{\"@type\":\"BreadcrumbList\",\"@id\":\"https:\/\/encartes.mx\/bedoya-visualidad-mareros-periodicos-posguerra-guatemala\/#breadcrumb\",\"itemListElement\":[{\"@type\":\"ListItem\",\"position\":1,\"name\":\"Home\",\"item\":\"https:\/\/encartes.mx\/\"},{\"@type\":\"ListItem\",\"position\":2,\"name\":\"Reg\u00edmenes esc\u00f3picos de una nueva guerra: las fotograf\u00edas de mareros en la nota roja de la posguerra guatemalteca\"}]},{\"@type\":\"WebSite\",\"@id\":\"https:\/\/encartes.mx\/#website\",\"url\":\"https:\/\/encartes.mx\/\",\"name\":\"Encartes\",\"description\":\"Revista digital multimedia\",\"publisher\":{\"@id\":\"https:\/\/encartes.mx\/#organization\"},\"potentialAction\":[{\"@type\":\"SearchAction\",\"target\":{\"@type\":\"EntryPoint\",\"urlTemplate\":\"https:\/\/encartes.mx\/?s={search_term_string}\"},\"query-input\":\"required name=search_term_string\"}],\"inLanguage\":\"pt-BR\"},{\"@type\":\"Organization\",\"@id\":\"https:\/\/encartes.mx\/#organization\",\"name\":\"Encartes Antropol\u00f3gicos\",\"url\":\"https:\/\/encartes.mx\/\",\"logo\":{\"@type\":\"ImageObject\",\"inLanguage\":\"pt-BR\",\"@id\":\"https:\/\/encartes.mx\/#\/schema\/logo\/image\/\",\"url\":\"https:\/\/encartes.mx\/wp-content\/uploads\/2017\/04\/Logo-04.png\",\"contentUrl\":\"https:\/\/encartes.mx\/wp-content\/uploads\/2017\/04\/Logo-04.png\",\"width\":338,\"height\":306,\"caption\":\"Encartes Antropol\u00f3gicos\"},\"image\":{\"@id\":\"https:\/\/encartes.mx\/#\/schema\/logo\/image\/\"}},{\"@type\":\"Person\",\"@id\":\"https:\/\/encartes.mx\/#\/schema\/person\/97215bba1729028a4169cab07f8e58ef\",\"name\":\"Arthur Ventura\",\"image\":{\"@type\":\"ImageObject\",\"inLanguage\":\"pt-BR\",\"@id\":\"https:\/\/encartes.mx\/#\/schema\/person\/image\/8a45818ea77a67a00c058d294424a6f6\",\"url\":\"https:\/\/secure.gravatar.com\/avatar\/e8ff614b2fa0d91ff6c65f328a272c53?s=96&d=identicon&r=g\",\"contentUrl\":\"https:\/\/secure.gravatar.com\/avatar\/e8ff614b2fa0d91ff6c65f328a272c53?s=96&d=identicon&r=g\",\"caption\":\"Arthur Ventura\"}}]}<\/script>\n<!-- \/ Yoast SEO plugin. -->","yoast_head_json":{"title":"Las fotograf\u00edas de mareros en la nota roja guatemalteca &#8211; Encartes","description":"Desde los 90s, los peri\u00f3dicos guatemaltecos han publicado fotograf\u00edas de hombres con el cuerpo tatuado a quienes identifican como mareros.","robots":{"index":"index","follow":"follow","max-snippet":"max-snippet:-1","max-image-preview":"max-image-preview:large","max-video-preview":"max-video-preview:-1"},"canonical":"https:\/\/encartes.mx\/pt\/bedoya-visualidad-mareros-periodicos-posguerra-guatemala\/","og_locale":"pt_BR","og_type":"article","og_title":"Las fotograf\u00edas de mareros en la nota roja guatemalteca &#8211; Encartes","og_description":"Desde los 90s, los peri\u00f3dicos guatemaltecos han publicado fotograf\u00edas de hombres con el cuerpo tatuado a quienes identifican como mareros.","og_url":"https:\/\/encartes.mx\/pt\/bedoya-visualidad-mareros-periodicos-posguerra-guatemala\/","og_site_name":"Encartes","article_published_time":"2024-03-21T17:00:50+00:00","og_image":[{"width":1992,"height":1265,"url":"https:\/\/encartes.mx\/wp-content\/uploads\/2024\/03\/Imagen-1.jpg","type":"image\/jpeg"}],"author":"Arthur Ventura","twitter_card":"summary_large_image","twitter_misc":{"Escrito por":"Arthur Ventura","Est. tempo de leitura":"37 minutos","Written by":"Arthur Ventura"},"schema":{"@context":"https:\/\/schema.org","@graph":[{"@type":"Article","@id":"https:\/\/encartes.mx\/bedoya-visualidad-mareros-periodicos-posguerra-guatemala\/#article","isPartOf":{"@id":"https:\/\/encartes.mx\/bedoya-visualidad-mareros-periodicos-posguerra-guatemala\/"},"author":{"name":"Arthur Ventura","@id":"https:\/\/encartes.mx\/#\/schema\/person\/97215bba1729028a4169cab07f8e58ef"},"headline":"Reg\u00edmenes esc\u00f3picos de una nueva guerra: las fotograf\u00edas de mareros en la nota roja de la posguerra guatemalteca","datePublished":"2024-03-21T17:00:50+00:00","dateModified":"2024-03-21T17:00:50+00:00","mainEntityOfPage":{"@id":"https:\/\/encartes.mx\/bedoya-visualidad-mareros-periodicos-posguerra-guatemala\/"},"wordCount":9026,"commentCount":0,"publisher":{"@id":"https:\/\/encartes.mx\/#organization"},"image":{"@id":"https:\/\/encartes.mx\/bedoya-visualidad-mareros-periodicos-posguerra-guatemala\/#primaryimage"},"thumbnailUrl":"https:\/\/encartes.mx\/wp-content\/uploads\/2024\/03\/Imagen-1.jpg","keywords":["Guatemala","mareros","nota roja","nueva contrainsurgencia","posguerra","visualidad"],"articleSection":["Realidades socioculturales"],"inLanguage":"pt-BR","potentialAction":[{"@type":"CommentAction","name":"Comment","target":["https:\/\/encartes.mx\/bedoya-visualidad-mareros-periodicos-posguerra-guatemala\/#respond"]}]},{"@type":"WebPage","@id":"https:\/\/encartes.mx\/bedoya-visualidad-mareros-periodicos-posguerra-guatemala\/","url":"https:\/\/encartes.mx\/bedoya-visualidad-mareros-periodicos-posguerra-guatemala\/","name":"Las fotograf\u00edas de mareros en la nota roja guatemalteca &#8211; Encartes","isPartOf":{"@id":"https:\/\/encartes.mx\/#website"},"primaryImageOfPage":{"@id":"https:\/\/encartes.mx\/bedoya-visualidad-mareros-periodicos-posguerra-guatemala\/#primaryimage"},"image":{"@id":"https:\/\/encartes.mx\/bedoya-visualidad-mareros-periodicos-posguerra-guatemala\/#primaryimage"},"thumbnailUrl":"https:\/\/encartes.mx\/wp-content\/uploads\/2024\/03\/Imagen-1.jpg","datePublished":"2024-03-21T17:00:50+00:00","dateModified":"2024-03-21T17:00:50+00:00","description":"Desde los 90s, los peri\u00f3dicos guatemaltecos han publicado fotograf\u00edas de hombres con el cuerpo tatuado a quienes identifican como mareros.","breadcrumb":{"@id":"https:\/\/encartes.mx\/bedoya-visualidad-mareros-periodicos-posguerra-guatemala\/#breadcrumb"},"inLanguage":"pt-BR","potentialAction":[{"@type":"ReadAction","target":["https:\/\/encartes.mx\/bedoya-visualidad-mareros-periodicos-posguerra-guatemala\/"]}]},{"@type":"ImageObject","inLanguage":"pt-BR","@id":"https:\/\/encartes.mx\/bedoya-visualidad-mareros-periodicos-posguerra-guatemala\/#primaryimage","url":"https:\/\/encartes.mx\/wp-content\/uploads\/2024\/03\/Imagen-1.jpg","contentUrl":"https:\/\/encartes.mx\/wp-content\/uploads\/2024\/03\/Imagen-1.jpg","width":1992,"height":1265,"caption":"smart"},{"@type":"BreadcrumbList","@id":"https:\/\/encartes.mx\/bedoya-visualidad-mareros-periodicos-posguerra-guatemala\/#breadcrumb","itemListElement":[{"@type":"ListItem","position":1,"name":"Home","item":"https:\/\/encartes.mx\/"},{"@type":"ListItem","position":2,"name":"Reg\u00edmenes esc\u00f3picos de una nueva guerra: las fotograf\u00edas de mareros en la nota roja de la posguerra guatemalteca"}]},{"@type":"WebSite","@id":"https:\/\/encartes.mx\/#website","url":"https:\/\/encartes.mx\/","name":"Encartes","description":"Revista digital multimedia","publisher":{"@id":"https:\/\/encartes.mx\/#organization"},"potentialAction":[{"@type":"SearchAction","target":{"@type":"EntryPoint","urlTemplate":"https:\/\/encartes.mx\/?s={search_term_string}"},"query-input":"required name=search_term_string"}],"inLanguage":"pt-BR"},{"@type":"Organization","@id":"https:\/\/encartes.mx\/#organization","name":"Encartes Antropol\u00f3gicos","url":"https:\/\/encartes.mx\/","logo":{"@type":"ImageObject","inLanguage":"pt-BR","@id":"https:\/\/encartes.mx\/#\/schema\/logo\/image\/","url":"https:\/\/encartes.mx\/wp-content\/uploads\/2017\/04\/Logo-04.png","contentUrl":"https:\/\/encartes.mx\/wp-content\/uploads\/2017\/04\/Logo-04.png","width":338,"height":306,"caption":"Encartes Antropol\u00f3gicos"},"image":{"@id":"https:\/\/encartes.mx\/#\/schema\/logo\/image\/"}},{"@type":"Person","@id":"https:\/\/encartes.mx\/#\/schema\/person\/97215bba1729028a4169cab07f8e58ef","name":"Arthur Ventura","image":{"@type":"ImageObject","inLanguage":"pt-BR","@id":"https:\/\/encartes.mx\/#\/schema\/person\/image\/8a45818ea77a67a00c058d294424a6f6","url":"https:\/\/secure.gravatar.com\/avatar\/e8ff614b2fa0d91ff6c65f328a272c53?s=96&d=identicon&r=g","contentUrl":"https:\/\/secure.gravatar.com\/avatar\/e8ff614b2fa0d91ff6c65f328a272c53?s=96&d=identicon&r=g","caption":"Arthur Ventura"}}]}},"jetpack_sharing_enabled":true,"jetpack_featured_media_url":"https:\/\/encartes.mx\/wp-content\/uploads\/2024\/03\/Imagen-1.jpg","_links":{"self":[{"href":"https:\/\/encartes.mx\/pt\/wp-json\/wp\/v2\/posts\/38633","targetHints":{"allow":["GET"]}}],"collection":[{"href":"https:\/\/encartes.mx\/pt\/wp-json\/wp\/v2\/posts"}],"about":[{"href":"https:\/\/encartes.mx\/pt\/wp-json\/wp\/v2\/types\/post"}],"author":[{"embeddable":true,"href":"https:\/\/encartes.mx\/pt\/wp-json\/wp\/v2\/users\/4"}],"replies":[{"embeddable":true,"href":"https:\/\/encartes.mx\/pt\/wp-json\/wp\/v2\/comments?post=38633"}],"version-history":[{"count":9,"href":"https:\/\/encartes.mx\/pt\/wp-json\/wp\/v2\/posts\/38633\/revisions"}],"predecessor-version":[{"id":38734,"href":"https:\/\/encartes.mx\/pt\/wp-json\/wp\/v2\/posts\/38633\/revisions\/38734"}],"wp:featuredmedia":[{"embeddable":true,"href":"https:\/\/encartes.mx\/pt\/wp-json\/wp\/v2\/media\/38637"}],"wp:attachment":[{"href":"https:\/\/encartes.mx\/pt\/wp-json\/wp\/v2\/media?parent=38633"}],"wp:term":[{"taxonomy":"category","embeddable":true,"href":"https:\/\/encartes.mx\/pt\/wp-json\/wp\/v2\/categories?post=38633"},{"taxonomy":"post_tag","embeddable":true,"href":"https:\/\/encartes.mx\/pt\/wp-json\/wp\/v2\/tags?post=38633"},{"taxonomy":"author","embeddable":true,"href":"https:\/\/encartes.mx\/pt\/wp-json\/wp\/v2\/coauthors?post=38633"}],"curies":[{"name":"wp","href":"https:\/\/api.w.org\/{rel}","templated":true}]}}