{"id":38605,"date":"2024-03-21T11:01:45","date_gmt":"2024-03-21T17:01:45","guid":{"rendered":"https:\/\/encartes.mx\/?p=38605"},"modified":"2024-03-21T11:01:45","modified_gmt":"2024-03-21T17:01:45","slug":"olvera-procesos-divulgacion-ciencia-sitio-web","status":"publish","type":"post","link":"https:\/\/encartes.mx\/pt\/olvera-procesos-divulgacion-ciencia-sitio-web\/","title":{"rendered":"A divulga\u00e7\u00e3o cient\u00edfica como ci\u00eancia, t\u00e9cnica e arte. O caso do \"musicaenelnoreste.mx\"."},"content":{"rendered":"\n<h2 class=\"wp-block-heading\">Resumen<\/h2>\n\n\n\n<p class=\"abstract\">Este art\u00edculo describe los retos y desaf\u00edos a los que nos enfrentamos para edificar un sitio electr\u00f3nico de divulgaci\u00f3n de ciencias sociales, especializado en estudios de m\u00fasica popular del noreste de M\u00e9xico y sur de Texas. Se hacen expl\u00edcitos los problemas relativos a los modelos de comunicaci\u00f3n de la ciencia social con los que nos hemos topado. Estos retos incluyen procesos de comunicaci\u00f3n y negociaci\u00f3n con quienes colaboraron en la construcci\u00f3n de conocimiento cient\u00edfico y ahora lo hacen en su etapa de divulgaci\u00f3n, a los que se agregan los publicistas o t\u00e9cnicos en comunicaci\u00f3n social. Todos ellos siempre con visiones similares y\/o alternas a las nuestras. Se resalta la complejidad de la labor divulgadora y se combate la noci\u00f3n que la identifica como complemento prescindible de la construcci\u00f3n de conocimiento cient\u00edfico.<\/p>\n\n\n\n<p class=\"abstract\">Palabras claves: <a href=\"https:\/\/encartes.mx\/pt\/tag\/difusion\/\" rel=\"tag\">difusi\u00f3n<\/a>, <a href=\"https:\/\/encartes.mx\/pt\/tag\/divulgacion-de-la-ciencia\/\" rel=\"tag\">divulgaci\u00f3n de la ciencia<\/a>, <a href=\"https:\/\/encartes.mx\/pt\/tag\/modelos-de-comunicacion\/\" rel=\"tag\">modelos de comunicaci\u00f3n<\/a>, <a href=\"https:\/\/encartes.mx\/pt\/tag\/musica-popular\/\" rel=\"tag\">m\u00fasica popular<\/a>, <a href=\"https:\/\/encartes.mx\/pt\/tag\/noreste-de-mexico\/\" rel=\"tag\">noreste de M\u00e9xico<\/a><\/p>\n\n\n\n<p class=\"en-title\"><span class=\"small-caps\">science outreach as science, technique and art: the case of musicaenelnoreste.mx<\/span><\/p>\n\n\n\n<p class=\"en-text abstract\">This article explores the challenges of developing a website for outreach in the social sciences, specifically one specializing in popular music studies in Northeast Mexico and South Texas. It touches on the communication models of the social sciences, including the communications and negotiations with those who developed the scientific knowledge and are now involved in the stage of outreach as well as publicists or social communication experts. The visions of these individuals do not always coincide with those of the website developers. While emphasizing the complexities of outreach, the article challenges the idea that it is imperative for the building of scientific knowledge.<\/p>\n\n\n\n<p class=\"abstract\">Keywords: scientific outreach, dissemination, communication models, popular music, Mexican northeast.<\/p>\n\n\n\n<hr class=\"wp-block-separator has-alpha-channel-opacity is-style-dots\"\/>\n\n\n\n<h2 class=\"wp-block-heading\">Introducci\u00f3n<\/h2>\n\n\n\n<p class=\"has-drop-cap abstract\">Este art\u00edculo describe los retos y desaf\u00edos a los que nos enfrentamos para la construcci\u00f3n de un sitio electr\u00f3nico de divulgaci\u00f3n de las ciencias sociales especializado en estudios de m\u00fasica popular denominado <em>www.musicaenelnoreste.mx<\/em>. El sitio fue elaborado para compartir con el gran p\u00fablico material etnogr\u00e1fico, escrito y audiovisual, sobre tres culturas musicales del noreste de M\u00e9xico y sur de Texas. A lo largo del texto identifico desaf\u00edos metodol\u00f3gicos y t\u00e9cnicos relativos a la divulgaci\u00f3n de los productos y forma de trabajo de los cient\u00edficos sociales. Explicito problemas epistemol\u00f3gicos relativos a los modelos de comunicaci\u00f3n de la ciencia social con los que nos hemos topado desde 2018, cuando se inici\u00f3 la construcci\u00f3n del sitio. Estos retos incluyen definici\u00f3n de objetivos, comunicaci\u00f3n y negociaci\u00f3n con artistas, promotores culturales e investigadores, quienes colaboraron en la construcci\u00f3n de conocimiento cient\u00edfico y ahora lo hacen en esta etapa de divulgaci\u00f3n. A estos actores se agregaron publicistas y dise\u00f1adores o t\u00e9cnicos en comunicaci\u00f3n social.<a class=\"anota\" id=\"anota1\" data-footnote=1>1<\/a>  Todos ellos con visiones similares y\/o alternas a las nuestras. Se resalta la complejidad de la labor divulgadora y se combate la noci\u00f3n que la identifica como colof\u00f3n o complemento prescindible de la construcci\u00f3n de conocimiento cient\u00edfico.<\/p>\n\n\n\n<p>Identifico este particular sitio web como un producto de divulgaci\u00f3n cient\u00edfica que forma parte de la actividad de la comunicaci\u00f3n p\u00fablica de la ciencia y la tecnolog\u00eda. Entiendo la naturaleza de mi trabajo acad\u00e9mico como el esfuerzo de comprensi\u00f3n de procesos sociales a trav\u00e9s de diversos medios, en particular a trav\u00e9s del trabajo etnogr\u00e1fico. Aprender de las personas, sus culturas y contextos lleva aparejado el retribuir de distintas maneras, tanto en el momento de obtener datos como al final de la investigaci\u00f3n, al entregar a todos el producto acad\u00e9mico y otros productos subsidiarios. Para este proceso de divulgaci\u00f3n se hizo lo mismo: explicar el proyecto y pedir y recibir ayuda estando siempre abierto a las propuestas de quienes tienen y practican el conocimiento. En tal sentido, el presente art\u00edculo puede entenderse como una etnograf\u00eda sobre la conceptualizaci\u00f3n e interacci\u00f3n entre acad\u00e9micos, m\u00fasicos, promotores y t\u00e9cnicos, necesaria para la divulgaci\u00f3n cient\u00edfica, as\u00ed como sobre el problema del modelo comunicativo y su especificidad cuando se trata de sonidos, im\u00e1genes y textos.<\/p>\n\n\n\n<p>Finalmente, una de las ense\u00f1anzas en el proceso de construcci\u00f3n de esta p\u00e1gina electr\u00f3nica, que propongo como tesis de este art\u00edculo, es que los acad\u00e9micos somos sujetos conocedores de las condiciones de modo y lugar del tr\u00e1nsito del conocimiento cient\u00edfico, pero solo entre nosotros. Poseemos competencias para construir una serie de metas u objetivos, especificar el tipo de p\u00fablico y calcular el tipo de impacto para nuestras labores de difusi\u00f3n, pero no estamos tan preparados para hacerlo en las de divulgaci\u00f3n. Me refiero a una cultura de capacitaci\u00f3n, planeaci\u00f3n, administraci\u00f3n, financiamiento y evaluaci\u00f3n constante.<\/p>\n\n\n\n<p>Luego de ofrecer una clarificaci\u00f3n de conceptos tales como divulgaci\u00f3n, comunicaci\u00f3n de la ciencia, difusi\u00f3n y popularizaci\u00f3n se describir\u00e1 nuestra experiencia en tres dimensiones: el proyecto de investigaci\u00f3n, el proceso de divulgaci\u00f3n de tal proyecto y, finalmente, la discusi\u00f3n sobre los retos y dificultades que este esfuerzo acarre\u00f3.<a class=\"anota\" id=\"anota2\" data-footnote=2>2<\/a><\/p>\n\n\n\n<h2 class=\"wp-block-heading\">Clarificaci\u00f3n conceptual<\/h2>\n\n\n\n<p class=\"abstract\">Partimos de una realidad polis\u00e9mica dentro de los mundos acad\u00e9micos en los que se hace a veces un uso diferenciado, y a veces sin\u00f3nimo, de los conceptos comunicaci\u00f3n de la ciencia y la tecnolog\u00eda (<span class=\"small-caps\">cpct<\/span>), la divulgaci\u00f3n, la difusi\u00f3n y la popularizaci\u00f3n de la ciencia, que en ocasiones no ayuda a profundizar los debates (Escobar-Ortiz y Rinc\u00f3n \u00c1lvarez, 2019). Generalmente, todos estos se refieren al acto de comunicar resultados o hallazgos de los avances cient\u00edficos en sus diferentes dimensiones, a p\u00fablicos diversos. Este apartado trabaja en una clarificaci\u00f3n conceptual de estos y otros t\u00e9rminos relacionados.<\/p>\n\n\n\n<p>Seg\u00fan Luis Estrada (2014: 3), los conceptos de <em>difusi\u00f3n<\/em> se orientan m\u00e1s a la comunicaci\u00f3n con otros grupos que hacen ciencia; la <em>divulgaci\u00f3n<\/em> estar\u00eda dirigida a p\u00fablicos amplios, sin conocimiento especializado, mientras que la comunicaci\u00f3n de la ciencia se tratar\u00eda de un di\u00e1logo, una interlocuci\u00f3n, haciendo de la comunicaci\u00f3n una acci\u00f3n \u201cactiva\u201d.<\/p>\n\n\n\n<p>En su cr\u00edtica a los modelos deficitario y democr\u00e1tico de comunicaci\u00f3n cient\u00edfica, Escobar-Ortiz y Rinc\u00f3n-\u00c1lvarez (2019) aseguran que el primero est\u00e1 basado en una visi\u00f3n simplista, tanto de la ciencia como de los p\u00fablicos, y el segundo est\u00e1 sostenido en el reconocimiento de saberes m\u00faltiples y la necesidad del establecimiento de un di\u00e1logo entre cient\u00edficos y no cient\u00edficos. As\u00ed, no son en realidad modelos antit\u00e9ticos, es decir, que existen situaciones que pueden tener elementos de ambos. Proponen otro modelo basado en el reconocimiento de las circunstancias de modo y lugar en las que un conocimiento transita de un contexto a otro. De all\u00ed que, cuando los cient\u00edficos asumen un modo y lugar, un contexto, donde su labor es hablar entre expertos, surge un car\u00e1cter unidireccional. Pero tambi\u00e9n puede ocurrir que se ubiquen contextos m\u00faltiples y se reconozcan los posibles di\u00e1logos entre interlocutores diferentes. \u201cEn este caso, el proceso comunicativo se da de forma multidireccional, del p\u00fablico a los expertos, de los expertos al p\u00fablico, del p\u00fablico al p\u00fablico, entre otras opciones, dependiendo siempre de los lugares donde se produzcan la ciencia y la tecnolog\u00eda\u201d (Escobar-Ortiz y Rinc\u00f3n-\u00c1lvarez, 2019: 144).<\/p>\n\n\n\n<p>Para el caso de M\u00e9xico, en el <em>Manual para llenado del Curriculum Vitae \u00danico <\/em>(<span class=\"small-caps\">conacyt<\/span>, 2018), que es la plataforma del <span class=\"small-caps\">conacyt<\/span><a class=\"anota\" id=\"anota3\" data-footnote=3>3<\/a> donde se registran las actividades y productos de los acad\u00e9micos, incluyendo quienes pertenecen o quieren pertenecer al Sistema Nacional de Investigadores, se establecen las particularidades de la <em>comunicaci\u00f3n p\u00fablica de la ciencia y la tecnolog\u00eda<\/em> (<span class=\"small-caps\">cpct<\/span>). Primero se recoge la definici\u00f3n de Manuel Calvo en Sarelly Mart\u00ednez (2011): \u201cdivulgaci\u00f3n de la informaci\u00f3n sobre ciencia y tecnolog\u00eda que abarca a los medios de comunicaci\u00f3n y sus instrumentos de difusi\u00f3n\u201d, y se a\u00f1ade la aclaraci\u00f3n de Cazaux (2008: 8), de que la <span class=\"small-caps\">cpct<\/span> \u201cabarca el conjunto de actividades de comunicaci\u00f3n con contenidos cient\u00edficos mediante t\u00e9cnicas como la publicidad, el espect\u00e1culo, el periodismo y otras, pero excluye la comunicaci\u00f3n entre especialistas con fines docentes o de investigaci\u00f3n\u201d.<\/p>\n\n\n\n<p>Aparecen, por otro lado, los conceptos de <em>cultura cient\u00edfica<\/em> y <em>apropiaci\u00f3n social de la ciencia<\/em>. Leonardo Silvio (2009: 110) ubica dos sentidos de la cultura cient\u00edfica: uno relacionado con una percepci\u00f3n p\u00fablica que combina comprensi\u00f3n de hechos cient\u00edficos y actitudes hacia la ciencia y la tecnolog\u00eda. El otro, m\u00e1s amplio, se refiere a <em>intercambios de significaciones<\/em> \u2013expl\u00edcitas o latentes\u2013 respecto de la ciencia y la tecnolog\u00eda, <em>por parte de distintos actores y grupos sociales<\/em>. Esta tensi\u00f3n y negociaci\u00f3n constante entre diversos significados acompa\u00f1a, en mayor o menor medida, al desarrollo mismo de la ciencia y la tecnolog\u00eda y a lo que se ha llamado apropiaci\u00f3n social de la tecnolog\u00eda. Tal di\u00e1logo puede llevar a una relaci\u00f3n m\u00e1s horizontal y promover diferentes apropiaciones sociales de la ciencia, ya que \u201cuna concepci\u00f3n que sumerja a la instituci\u00f3n y actividad [de Ciencia y Tecnolog\u00eda] en la din\u00e1mica y tensiones de la sociedad [\u2026] centrar\u00e1 la legitimidad del conocimiento cient\u00edfico en otros valores e intereses, adem\u00e1s de los de la ciencia (Silvio, 2009: 98). Por ello, Le\u00f3n Oliv\u00e9 (2011: 114) distingue dos tipos de apropiaci\u00f3n: una d\u00e9bil, que consiste en la incorporaci\u00f3n de las representaciones cient\u00edficas en la cultura del p\u00fablico, y una fuerte, que incluye tambi\u00e9n diversas pr\u00e1cticas en la vida de las personas, pr\u00e1cticas orientadas por estas representaciones cient\u00edficas y tecnol\u00f3gicas, y que pueden incluir lo que Oliv\u00e9 llama <em>redes sociales de innovaci\u00f3n <\/em>(subrayado m\u00edo)<em>, <\/em>donde participan los afectados por un problema y los expertos, \u201cen las cuales se constituyen problemas, se realiza apropiaci\u00f3n de conocimiento ya existente, se genera nuevo conocimiento, se proponen soluciones para el problema en cuesti\u00f3n y se realizan acciones para lograrlas\u201d (Oliv\u00e9, 2011: 114).<\/p>\n\n\n\n<p>Desde mi experiencia considero que, en algunos \u00e1mbitos de las ciencias sociales y las humanidades, las preguntas de divulgar para qui\u00e9n, con base en qu\u00e9 supuestos, con qu\u00e9 objetivos, etc., est\u00e1n vinculadas tambi\u00e9n a las condiciones mismas del proyecto de investigaci\u00f3n. Es decir, que lo situado no es nada m\u00e1s la divulgaci\u00f3n o la comunicaci\u00f3n, sino el investigador y todo su proceso de generaci\u00f3n y divulgaci\u00f3n de conocimiento. Para seguir a Leyva y Shannon (2008), pondr\u00eda de ejemplo un trabajo de lo que ellos y otros autores llaman <em>co-labor<\/em>,<a class=\"anota\" id=\"anota4\" data-footnote=4>4<\/a> donde la investigaci\u00f3n descolonizada conduce a cient\u00edficos sociales y a l\u00edderes campesinos a acordar metas comunes de trabajo cient\u00edfico y discusi\u00f3n de resultados. Esto puede llevar, desde la planeaci\u00f3n de la investigaci\u00f3n, al compromiso de ubicar una fase de discusi\u00f3n de resultados de ambos, no s\u00f3lo en los espacios acad\u00e9micos sino tambi\u00e9n en las comunidades campesinas. De manera que la unidireccionalidad o multidireccionalidad de la divulgaci\u00f3n cient\u00edfica estar\u00edan condicionadas desde el arranque del proceso de investigaci\u00f3n.<\/p>\n\n\n\n<p>Podemos resumir hasta aqu\u00ed diciendo que hay una comunicaci\u00f3n entre cient\u00edficos, generalmente denominada \u201cdifusi\u00f3n\u201d, y que otras comunicaciones entre cient\u00edficos y otros p\u00fablicos se pueden llamar \u201cdivulgaci\u00f3n\u201d y referirse a una informaci\u00f3n de car\u00e1cter unidireccional, o a diferentes tipos de di\u00e1logos entre cient\u00edficos y otros actores o comunidades sociales. Cuando la divulgaci\u00f3n cient\u00edfica se desarrolla de muchas formas (en la escuela, el hogar, la empresa) aumenta la apropiaci\u00f3n social de la ciencia, en particular si se participa de alguna manera en su construcci\u00f3n, debate o cr\u00edtica.<\/p>\n\n\n\n<p>La polisemia de conceptos aqu\u00ed mencionados tambi\u00e9n est\u00e1 vinculada a la evoluci\u00f3n misma de la ciencia en sus dimensiones ontol\u00f3gica, epistemol\u00f3gica, metodol\u00f3gica y \u00e9tica, as\u00ed como a la evoluci\u00f3n de la sociedad misma, de sus relaciones de poder y del propio uso pr\u00e1ctico, que no siempre sigue los avances en las reflexiones de los acad\u00e9micos, como tampoco los cambios en la pol\u00edtica.<\/p>\n\n\n\n<p>As\u00ed, pues, siguiendo una tendencia mundial que aprovecha los beneficios de la digitalizaci\u00f3n, Colombia, Argentina y M\u00e9xico resaltan en sus legislaciones de ciencia y tecnolog\u00eda el tema de \u201cla ciencia abierta\u201d, a la que distintos tipos de p\u00fablicos deben tener acceso (<span class=\"small-caps\">minciencias<\/span>, 2019: 3; <span class=\"small-caps\">conahcyt<\/span>, 2023; <span class=\"small-caps\">sncti<\/span>, 2013:1). En el caso de M\u00e9xico, la nueva ley del <span class=\"small-caps\">conahcyt<\/span> (2022) pone el acento en las nociones \u201cdivulgaci\u00f3n de la ciencia\u201d, \u201cacceso universal al conocimiento\u201d y \u201cderecho a la informaci\u00f3n cient\u00edfica\u201d.<\/p>\n\n\n\n<p>Como parte de las obligaciones asumidas por el Estado, ahora \u201ctoda persona que reciba recursos p\u00fablicos para la [ciencia] tendr\u00e1 la obligaci\u00f3n de poner a disposici\u00f3n p\u00fablica la informaci\u00f3n que derive de las mismas, incluyendo las bases de datos que generen, en su caso\u201d (Art\u00edculo 60: 18). Del mismo modo, el Estado est\u00e1 obligado a establecer y mantener los espacios de divulgaci\u00f3n de las humanidades y las ciencias, as\u00ed como de actualizar la informaci\u00f3n publicada (Art\u00edculo 56: 16) y, finalmente, a trav\u00e9s de los centros p\u00fablicos de investigaci\u00f3n, financiar la actualizaci\u00f3n profesional de los investigadores y t\u00e9cnicos para mejorar sus competencias en cuanto a divulgaci\u00f3n (<span class=\"small-caps\">conahcyt<\/span>, 2023).<\/p>\n\n\n\n<p>Por su lado, en Colombia se destaca el paso de la noci\u00f3n de \u201capropiaci\u00f3n de la ciencia\u201d, en su Ley de Ciencia y Tecnolog\u00eda de 1990 (Ministerio del Trabajo, 1990: 15), a la de \u201capropiaci\u00f3n social del conocimiento\u201d en sus nuevas normativas, incorporando el concepto \u201cotros saberes\u201d a la ciencia reconocida. Un reciente documento, su pol\u00edtica nacional de ciencias para el decenio 2022-2031, indica como uno de los siente ejes estrat\u00e9gicos \u201cIncrementar la apropiaci\u00f3n social del conocimiento\u201d (<span class=\"small-caps\">conpes<\/span>, 2021: 3). En otro documento de pol\u00edtica p\u00fablica del Ministerio de Ciencias de ese pa\u00eds, la define como aquella<\/p>\n\n\n\n<p class=\"verse\">\u2026que se genera mediante la gesti\u00f3n, producci\u00f3n y aplicaci\u00f3n de ciencia, tecnolog\u00eda e innovaci\u00f3n, es un proceso que convoca a los ciudadanos a dialogar e intercambiar sus saberes, conocimientos y experiencias, promoviendo entornos de confianza, equidad e inclusi\u00f3n para transformar sus realidades y generar bienestar social (<span class=\"small-caps\">minciencias<\/span>: 2021: 6).<\/p>\n\n\n\n<p>As\u00ed pues, uno de los actores relevantes en esta tensi\u00f3n, di\u00e1logo y negociaci\u00f3n es el Estado y los actores que disputan el poder. Por ello, comunicaci\u00f3n de la ciencia, divulgaci\u00f3n, popularizaci\u00f3n, cultura cient\u00edfica y apropiaci\u00f3n, tambi\u00e9n evolucionan obedeciendo a posibles cambios ideol\u00f3gicos y de pol\u00edtica p\u00fablica de los gobiernos, que retoman unos conceptos y hacen a un lado otros.<\/p>\n\n\n\n<h2 class=\"wp-block-heading\">El proyecto de investigaci\u00f3n<\/h2>\n\n\n\n<p class=\"abstract\">El proyecto \u201cProceso de producci\u00f3n de la cultura en el noreste de M\u00e9xico y sur de Texas. Los casos del hiphop y la m\u00fasica norte\u00f1a\u201d fue financiado por el <span class=\"small-caps\">conacyt<\/span>. Ten\u00eda como objetivo \u201cGenerar informaci\u00f3n y analizar los procesos contempor\u00e1neos de producci\u00f3n y circulaci\u00f3n de las culturas musicales norte\u00f1a y de hiphop,<a class=\"anota\" id=\"anota5\" data-footnote=5>5<\/a> en el noreste de M\u00e9xico y el sur de Texas, con el potencial de alimentar pol\u00edticas econ\u00f3micas y sociales sustentables, vinculadas a la cultura\u201d.<a class=\"anota\" id=\"anota6\" data-footnote=6>6<\/a> Sus objetivos espec\u00edficos eran: a) Detectar problemas para el desarrollo de las industrias culturales locales vinculadas con los g\u00e9neros especificados; b) Destacar la articulaci\u00f3n entre procesos deproducci\u00f3n-distribuci\u00f3n musicales, espacio social regional y clase social de los actores, individuales o colectivos, c) Identificar proyectos actuales en la poblaci\u00f3n juvenil vulnerable orientados a la m\u00fasica, con alto impacto en las formas de cohesi\u00f3n social y la gesti\u00f3n del conocimiento musical; detectar retos que les impidan convertirse en propuestas autogestoras permanentes y con crecimiento y, finalmente, d) Identificar el rol de las movilidades humanas y de los medios masivos para la expansi\u00f3n y evoluci\u00f3n de estas culturas musicales.<\/p>\n\n\n\n<p>La investigaci\u00f3n incorpor\u00f3 el trabajo de diecis\u00e9is investigadores y estudiantes becarios a lo largo de sus cuatro a\u00f1os oficiales de vida. Lo anterior permiti\u00f3 la conformaci\u00f3n de un grupo de investigaci\u00f3n orientado a los estudios socioantropol\u00f3gicos de la m\u00fasica popular en la regi\u00f3n noreste y abri\u00f3 una l\u00ednea de investigaci\u00f3n que se desarrolla en el <span class=\"small-caps\">ciesas<\/span>-Noreste, mediante variadas actividades de difusi\u00f3n y divulgaci\u00f3n cient\u00edficas. El equipo logr\u00f3 generar 120 productos y actividades acad\u00e9micas. Respecto de los primeros, logr\u00f3 publicar dos libros y un dosier tem\u00e1tico en una revista de investigaci\u00f3n, ocho art\u00edculos y seis cap\u00edtulos de libros, todos ellos dictaminados por pares, adem\u00e1s de cinco tesis de licenciatura y maestr\u00eda. Respecto de lo segundo, se llevaron a cabo dos coloquios internacionales y un seminario mensual entre 2015 y 2018.<\/p>\n\n\n\n<div class=\"image-slider\">\n                <div class=\"frame\">\n                    <div class=\"picture\" itemscope itemtype=\"http:\/\/schema.org\/ImageGallery\">\n                        <figure itemprop=\"associatedMedia\" itemscope itemtype=\"http:\/\/schema.org\/ImageObject\" class=\"slider-element\">\n                              <a href=\"https:\/\/encartes.mx\/wp-content\/uploads\/2024\/03\/FIgura-1.jpg\" itemprop=\"contentUrl\" data-size=\"1129x467\" data-index=\"0\" data-caption=\"Figura 1. Algunos de los productos acad\u00e9micos generados por el proyecto \u201cMuerte y resurrecci\u00f3n en la frontera\u201d. Composici\u00f3n: Jos\u00e9 Juan Olvera.\" >\n                                <img decoding=\"async\" src=\"https:\/\/encartes.mx\/wp-content\/uploads\/2024\/03\/FIgura-1.jpg\" itemprop=\"thumbnail\">\n                                <i class=\"fa fa-expand expand\" aria-hidden=\"true\"><\/i>\n                            <\/a>\n                            <\/figure>                    <\/div>    \n                <\/div>\n                    <div class=\"caption\">Figura 1. Algunos de los productos acad\u00e9micos generados por el proyecto \u201cMuerte y resurrecci\u00f3n en la frontera\u201d. Composici\u00f3n: Jos\u00e9 Juan Olvera.<a class=\"anota\" id=\"anota7\" data-footnote=7>7<\/a><\/div><div class=\"image-analysis\"><\/div>                <div class=\"bullets\"><\/div>\n            <\/div>\n\n\n\n<p>Finalmente, se realizaron actividades cotidianas de divulgaci\u00f3n para un p\u00fablico amplio, como talleres, charlas y entrevistas en diversos medios, destacando un video documental (financiado por el <span class=\"small-caps\">conacyt<\/span>) y un sitio web, del que habla este art\u00edculo.<\/p>\n\n\n\n<p>La particularidad de este proyecto es que, aun cuando comparten objetivos, en realidad fueron dos investigaciones distintas (m\u00fasica norte\u00f1a y m\u00fasica rap), con actores y contextos diferentes. Una vez avanzadas las tareas de divulgaci\u00f3n y observado el potencial que ten\u00eda el sitio web se decidi\u00f3 incorporar material de una investigaci\u00f3n previa sobre la llamada m\u00fasica colombiana de Monterrey. Lo anterior ser\u00e1 importante para explicar las construcciones diferenciadas dentro de la p\u00e1gina web.<\/p>\n\n\n\n<h2 class=\"wp-block-heading\">El proyecto de divulgaci\u00f3n<\/h2>\n\n\n\n<p class=\"abstract\">La motivaci\u00f3n fundamental de este esfuerzo ha sido rebasar los \u00e1mbitos acad\u00e9micos en los cuales el conocimiento generado se distribuye. Su origen se encuentra en experiencias personales en la construcci\u00f3n de grandes corpus de material emp\u00edrico para la investigaci\u00f3n social. Por conocimiento cercano o por participar directamente en su elaboraci\u00f3n, estas experiencias me hab\u00edan dejado, a la vez, ilusionado y decepcionado.<a class=\"anota\" id=\"anota8\" data-footnote=8>8<\/a> Originalmente pensadas para alimentar con evidencia emp\u00edrica a distintos proyectos individuales de los investigadores y, al mismo tiempo, dejar una base para trabajos futuros de estudiantes tesistas y otros investigadores, estas grandes bases de datos terminaban archivadas en las computadoras de sus creadores o en sitios electr\u00f3nicos que, al no renovarse, dejaban la informaci\u00f3n fuera del alcance de los posibles interesados. Ontol\u00f3gicamente, me preguntaba si el \u00fanico conocimiento generado era el que estaba publicado y si del conocimiento no publicado se podr\u00eda generar otro, con una naturaleza y finalidad distinta.<\/p>\n\n\n\n<p>Por lo anterior, mi proyecto busc\u00f3 alcanzar dos objetivos centrales: poner a disposici\u00f3n del p\u00fablico amplio y de manera permanente, material tanto acad\u00e9mico como de divulgaci\u00f3n que, de otra manera, se ir\u00eda quedando en nuestros cajones digitales. De hecho, mucho de este material fue proporcionado por los propios actores-colaboradores, de tal manera que, cuando hablamos de poner a disposici\u00f3n el material, hablamos de \u201cregresarlo\u201d y expandir el n\u00famero de interlocutores. Metodol\u00f3gicamente habr\u00eda que buscar, pues, formatos menos r\u00edgidos para hacer circular el conocimiento. El segundo objetivo ha sido acercar a la gente a la labor que hacemos como investigadores; particularmente, darle detalles de c\u00f3mo se realiza el trabajo etnogr\u00e1fico.<\/p>\n\n\n\n<p>Aunque no fue un proceso de <em>co-labor<\/em>, ni en la investigaci\u00f3n ni en la divulgaci\u00f3n, es importante aclarar que cont\u00e9 con dos grupos de especialistas (artistas, gestores culturales, investigadores) que dieron seguimiento al trabajo. Adem\u00e1s, tuve la fortuna de trabajar las dos primeras etapas con un asistente historiador-rapero: Fusca Mej\u00eda. Fui su director de dos tesis (licenciatura y maestr\u00eda). El aprendizaje conjunto que siempre se da en estos procesos se profundiz\u00f3 cuando se convirti\u00f3 en mi asistente y despu\u00e9s en un colega.<\/p>\n\n\n\n<p>El proyecto de divulgaci\u00f3n, que se basa en un modelo democr\u00e1tico de comunicaci\u00f3n cient\u00edfica y, hasta cierto punto, en una perspectiva multidireccional, tiene las siguientes etapas: 1) planeaci\u00f3n, 2) m\u00fasica rap,3) m\u00fasica norte\u00f1a, 4) m\u00fasica colombiana. En este art\u00edculo me concentro en las tres primeras etapas, que ya terminaron o est\u00e1n muy avanzadas. Debo resaltar que, as\u00ed como las dos primeras son investigaciones distintas, con actores y contextos distintos, insertas en un solo proyecto, as\u00ed tambi\u00e9n fue muy diferente el proceso armado de los materiales de divulgaci\u00f3n. En la tabla 1 se muestran los productos ofrecidos en el sitio electr\u00f3nico.<\/p>\n\n\n\n<div class=\"image-slider\">\n                <div class=\"frame\">\n                    <div class=\"picture\" itemscope itemtype=\"http:\/\/schema.org\/ImageGallery\">\n                        <figure itemprop=\"associatedMedia\" itemscope itemtype=\"http:\/\/schema.org\/ImageObject\" class=\"slider-element\">\n                              <a href=\"https:\/\/encartes.mx\/wp-content\/uploads\/2024\/03\/Screenshot-2024-03-14-131526.png\" itemprop=\"contentUrl\" data-size=\"1509x814\" data-index=\"0\" data-caption=\"Tabla 1. Productos relacionados con tres culturas musicales ofrecidos en el sitio electr\u00f3nico \u201cm\u00fasica en el noreste\u201d. Fuente: Elaboraci\u00f3n propia.\" >\n                                <img decoding=\"async\" src=\"https:\/\/encartes.mx\/wp-content\/uploads\/2024\/03\/Screenshot-2024-03-14-131526.png\" itemprop=\"thumbnail\">\n                                <i class=\"fa fa-expand expand\" aria-hidden=\"true\"><\/i>\n                            <\/a>\n                            <\/figure>                    <\/div>    \n                <\/div>\n                    <div class=\"caption\">Tabla 1. Productos relacionados con tres culturas musicales ofrecidos en el sitio electr\u00f3nico \u201cm\u00fasica en el noreste\u201d. Fuente: Elaboraci\u00f3n propia.<\/div><div class=\"image-analysis\"><\/div>                <div class=\"bullets\"><\/div>\n            <\/div>\n\n\n\n<h3 class=\"wp-block-heading\">Primera etapa: planeaci\u00f3n del sitio<\/h3>\n\n\n\n<p>Comenc\u00e9 la planeaci\u00f3n en marzo de 2018. Realic\u00e9 un primer boceto de las diferentes p\u00e1ginas y una solicitud al <span class=\"small-caps\">conacyt<\/span> para redireccionar un monto de mi proyecto de investigaci\u00f3n para este sitio electr\u00f3nico. Recib\u00ed la aprobaci\u00f3n en mayo de ese a\u00f1o y retom\u00e9 este proyecto hasta marzo-abril del a\u00f1o siguiente (2019).<\/p>\n\n\n\n<div class=\"image-slider\">\n                <div class=\"frame\">\n                    <div class=\"picture\" itemscope itemtype=\"http:\/\/schema.org\/ImageGallery\">\n                        <figure itemprop=\"associatedMedia\" itemscope itemtype=\"http:\/\/schema.org\/ImageObject\" class=\"slider-element\">\n                              <a href=\"https:\/\/encartes.mx\/wp-content\/uploads\/2024\/03\/Figura-2.jpg\" itemprop=\"contentUrl\" data-size=\"578x689\" data-index=\"0\" data-caption=\"Figura 2. Primeros bocetos del sitio electr\u00f3nico \u201cM\u00fasica en el noreste\u201d. Elaboraci\u00f3n: Erik Mej\u00eda Rosas y Jos\u00e9 Juan Olvera.\" >\n                                <img decoding=\"async\" src=\"https:\/\/encartes.mx\/wp-content\/uploads\/2024\/03\/Figura-2.jpg\" itemprop=\"thumbnail\">\n                                <i class=\"fa fa-expand expand\" aria-hidden=\"true\"><\/i>\n                            <\/a>\n                            <\/figure><figure itemprop=\"associatedMedia\" itemscope itemtype=\"http:\/\/schema.org\/ImageObject\" class=\"slider-element\">\n                              <a href=\"https:\/\/encartes.mx\/wp-content\/uploads\/2024\/03\/Figura-3.jpg\" itemprop=\"contentUrl\" data-size=\"1700x2200\" data-index=\"0\" data-caption=\"Figura 4. Portada final del sitio electr\u00f3nico \u201cM\u00fasica en el noreste\u201d.\" >\n                                <img decoding=\"async\" src=\"https:\/\/encartes.mx\/wp-content\/uploads\/2024\/03\/Figura-3.jpg\" itemprop=\"thumbnail\">\n                                <i class=\"fa fa-expand expand\" aria-hidden=\"true\"><\/i>\n                            <\/a>\n                            <\/figure><figure itemprop=\"associatedMedia\" itemscope itemtype=\"http:\/\/schema.org\/ImageObject\" class=\"slider-element\">\n                              <a href=\"https:\/\/encartes.mx\/wp-content\/uploads\/2024\/03\/FIgura-4.jpg\" itemprop=\"contentUrl\" data-size=\"1351x613\" data-index=\"0\" data-caption=\"Figura 4. Portada final del sitio electr\u00f3nico \u201cM\u00fasica en el noreste\u201d.\" >\n                                <img decoding=\"async\" src=\"https:\/\/encartes.mx\/wp-content\/uploads\/2024\/03\/FIgura-4.jpg\" itemprop=\"thumbnail\">\n                                <i class=\"fa fa-expand expand\" aria-hidden=\"true\"><\/i>\n                            <\/a>\n                            <\/figure>                    <\/div>    \n                <\/div>\n                    <div class=\"caption\">Figura 2. Primeros bocetos del sitio electr\u00f3nico \u201cM\u00fasica en el noreste\u201d. Elaboraci\u00f3n: Erik Mej\u00eda Rosas y Jos\u00e9 Juan Olvera.<\/div><div class=\"image-analysis\"><\/div><div class=\"caption\">Figura 4. Portada final del sitio electr\u00f3nico \u201cM\u00fasica en el noreste\u201d.<\/div><div class=\"image-analysis\"><\/div><div class=\"caption\">Figura 4. Portada final del sitio electr\u00f3nico \u201cM\u00fasica en el noreste\u201d.<\/div><div class=\"image-analysis\"><\/div>                <div class=\"bullets\"><\/div>\n            <\/div>\n\n\n\n<p>Hab\u00eda que hacer una convocatoria con un m\u00ednimo de tres empresas ofreciendo el servicio. La primera, en enero de 2019, fracas\u00f3. Se hizo una segunda con los suficientes competidores y ah\u00ed se les mostr\u00f3 nuestro primero boceto, se notific\u00f3 el n\u00famero aproximado de informaci\u00f3n que se iba a subir, sus diferentes formatos y se aclararon dudas generales.<\/p>\n\n\n\n<p>Tras haber tenido una empresa ganadora, sigui\u00f3 el proceso de comunicaci\u00f3n para explicar el plan detallado de la obra y la misi\u00f3n final de esta empresa; se explic\u00f3 a los encargados del servicio \u2013quienes ten\u00edan conocimiento t\u00e9cnico y a la vez art\u00edstico\u2013 la manera como imaginamos que funcionar\u00eda. As\u00ed, se trabajaron los distintos problemas de dise\u00f1o, accesibilidad (posibilidad de uso), usabilidad (vinculada a la calidad y efectividad del uso) y navegabilidad (posibilidad de viajar entre todas las p\u00e1ginas del sitio con comodidad y sin perderse), de acuerdo con los tipos de p\u00fablicos imaginados (Duque y otros, 2015: 140). Se debi\u00f3 desarrollar un arte no trabajado en experiencias previas: conversar con la mente abierta y llegar a acuerdos con otros creativos en medio de empat\u00edas y diferencias, pero tambi\u00e9n del reconocimiento de nuestra relaci\u00f3n cliente-proveedor. Que los proveedores entendieran qu\u00e9 quer\u00edamos y estuvieran abiertos a atender nuestras inquietudes gener\u00f3 un ambiente de confianza, aunque este tardara m\u00e1s de lo previsto.<\/p>\n\n\n\n<p>Tras varios meses de trabajo, finalmente se termin\u00f3 una propuesta t\u00e9cnico-art\u00edstica que desarroll\u00f3 los puntos anteriores, pero tambi\u00e9n una serie de alternativas sobre las plataformas donde se podr\u00eda montar el proyecto y almacenar la informaci\u00f3n. Se decidi\u00f3 usar las plataformas de Google (Sites, Drive y Gmail) y rentar un hospedaje en una compa\u00f1\u00eda que se dedica a ello. Aparecen aqu\u00ed retos importantes en la planeaci\u00f3n, que parten de reconocer la naturaleza diferenciada de los sitios electr\u00f3nicos tradicionales y las plataformas de redes sociales como Facebook, Instagram, etc. En tanto sitio electr\u00f3nico, uno puede comprar un nombre, que constituye un espacio o \u201cun terreno en la web\u201d, por el que se paga; adem\u00e1s, debe hallar un lugar para almacenar la informaci\u00f3n, almacenaje por el que tambi\u00e9n se paga. El contenido de una p\u00e1gina web es propiedad de quien lo sube, mientras que en las plataformas de redes sociales estas tienen derecho sobre el contenido que se sube. Los expertos diferencian en estructura y contenido la p\u00e1gina web tradicional y la red social, \u201c(aquella) donde predomina\u201d la web \u2018social\u2019 o de las \u2018experiencias\u2019\u201d (Evans, 2011: 5). Generalmente un sitio electr\u00f3nico tradicional se usa para compartir contenidos (relativamente homog\u00e9neos) para p\u00fablicos diversos. Estos pueden ser hallados mediante buscadores, como Google, Yahoo o Bing, mientras que la evoluci\u00f3n de la web permite a las redes sociales construir comunidades que comparten contenidos y comunicaci\u00f3n, con un acento en la instantaneidad. Los sitios electr\u00f3nicos tradicionales tambi\u00e9n tienen sistemas de retroalimentaci\u00f3n, pero son m\u00e1s pobres y lentos. De ah\u00ed que lo que se recomienda es un balance y complementariedad al usar unos y otros.<\/p>\n\n\n\n<p>Sab\u00edamos de la \u201cinmovilidad relativa\u201d de las p\u00e1ginas web con respecto al dinamismo de las redes sociales; que los sitios electr\u00f3nicos son poco visitados y las redes sociales est\u00e1n de moda en un ambiente fluido en el que se mueve buena parte de la cultura actual. Pero, por lo mismo, conoc\u00edamos de la inaccesibilidad relativa de sus materiales, puesto que encontrar una informaci\u00f3n espec\u00edfica de dos a\u00f1os atr\u00e1s en Facebook, por ejemplo, es sumamente engorroso. As\u00ed, hay cierta incapacidad para que permanezcan algunos materiales, debido a la fugacidad con que se superponen unos contenidos tras otros. Acordamos con los dise\u00f1adores que nos construyeran entonces el sitio electr\u00f3nico pero conectado con algunas redes sociales.<\/p>\n\n\n\n<p>La propuesta de ellos fue que el sitio \u201cM\u00fasica en el noreste\u201d tuviera una conexi\u00f3n principal con una p\u00e1gina de Facebook, llamada del mismo modo, en la cual se estar\u00edan anunciando los nuevos contenidos cada vez que estuvieran listos en el sitio web. Pero la idea de los dise\u00f1adores era m\u00e1s amplia y ambiciosa. As\u00ed que nos hicieron cuentas de Gmail, Instagram, Twitter, YouTube, Soundcloud. Es verdad que, con buena planeaci\u00f3n y otras actividades, las redes sociales digitales facilitan la publicaci\u00f3n de contenido por medio de sus mismas herramientas. Pero, aun as\u00ed, la cantidad de redes sociales incluidas en esta primera propuesta rebasaba con mucho nuestra capacidad operativa para subir y actualizar material, as\u00ed como para dar atenci\u00f3n a la retroalimentaci\u00f3n posible del p\u00fablico. Si no hac\u00edamos algo pronto, la din\u00e1mica terminar\u00eda por impedirnos terminar siquiera el proyecto principal, que era la p\u00e1gina electr\u00f3nica. As\u00ed que pedimos que las cancelaran y no las trabajamos m\u00e1s.<\/p>\n\n\n\n<h3 class=\"wp-block-heading\">Segunda etapa: secci\u00f3n de m\u00fasica rap<\/h3>\n\n\n\n<p class=\"abstract\">Esta etapa se llev\u00f3 a cabo de manera m\u00e1s o menos planeada. Se hizo un calendario para programar la incorporaci\u00f3n de nuevos materiales a la p\u00e1gina y anunciarlo a trav\u00e9s de las redes sociales para alimentar el tr\u00e1fico a la p\u00e1gina. Estos inclu\u00edan breves mensajes descriptivos del nuevo contenido, agreg\u00e1bamos algunas im\u00e1genes de muestra y coloc\u00e1bamos la direcci\u00f3n de la p\u00e1gina. Los mensajes ten\u00edas sus respectivos <em>hashtags<\/em>, que son marcas usadas para identificar temas de publicaciones, que el usuario puede despu\u00e9s buscar de esa forma. El s\u00edmbolo @ se usa para mencionar a otro usuario o \u201camigo\u201d en un sitio de redes sociales. Los p\u00fablicos esperados eran j\u00f3venes en general y, en particular, los seguidores de este tipo de m\u00fasica; en menor medida, acad\u00e9micos y otros p\u00fablicos.<\/p>\n\n\n\n<div class=\"image-slider\">\n                <div class=\"frame\">\n                    <div class=\"picture\" itemscope itemtype=\"http:\/\/schema.org\/ImageGallery\">\n                        <figure itemprop=\"associatedMedia\" itemscope itemtype=\"http:\/\/schema.org\/ImageObject\" class=\"slider-element\">\n                              <a href=\"https:\/\/encartes.mx\/wp-content\/uploads\/2024\/03\/Figura-5.jpg\" itemprop=\"contentUrl\" data-size=\"1366x768\" data-index=\"0\" data-caption=\"Figura 5. Ejemplo de la programaci\u00f3n de contenidos en Facebook para generar tr\u00e1fico en el sitio electr\u00f3nico.\" >\n                                <img decoding=\"async\" src=\"https:\/\/encartes.mx\/wp-content\/uploads\/2024\/03\/Figura-5.jpg\" itemprop=\"thumbnail\">\n                                <i class=\"fa fa-expand expand\" aria-hidden=\"true\"><\/i>\n                            <\/a>\n                            <\/figure><figure itemprop=\"associatedMedia\" itemscope itemtype=\"http:\/\/schema.org\/ImageObject\" class=\"slider-element\">\n                              <a href=\"https:\/\/encartes.mx\/wp-content\/uploads\/2024\/03\/FIgura-6.jpg\" itemprop=\"contentUrl\" data-size=\"1125x639\" data-index=\"0\" data-caption=\"Figura 6. Ejemplo de los contenidos en Facebook, que tratar\u00edan de interesar al p\u00fablico para que visitaran el sitio electr\u00f3nico.\" >\n                                <img decoding=\"async\" src=\"https:\/\/encartes.mx\/wp-content\/uploads\/2024\/03\/FIgura-6.jpg\" itemprop=\"thumbnail\">\n                                <i class=\"fa fa-expand expand\" aria-hidden=\"true\"><\/i>\n                            <\/a>\n                            <\/figure>                    <\/div>    \n                <\/div>\n                    <div class=\"caption\">Figura 5. Ejemplo de la programaci\u00f3n de contenidos en Facebook para generar tr\u00e1fico en el sitio electr\u00f3nico.<\/div><div class=\"image-analysis\"><\/div><div class=\"caption\">Figura 6. Ejemplo de los contenidos en Facebook, que tratar\u00edan de interesar al p\u00fablico para que visitaran el sitio electr\u00f3nico.<\/div><div class=\"image-analysis\"><\/div>                <div class=\"bullets\"><\/div>\n            <\/div>\n\n\n\n<p>Para este proceso fueron convocados los m\u00fasicos raperos, promotores y otros expertos de la cultura hiphop, con quienes trabajamos durante nuestro proyecto de investigaci\u00f3n. Se les pidi\u00f3 que nos ayudaran a revisar los contenidos y a hacer sugerencias. En principio, hubo una invitaci\u00f3n para que, al terminar todo el proyecto, ellos se hicieran cargo del sitio, pero la idea se fue desvaneciendo conforme se alarg\u00f3 el proyecto, se integraron las otras m\u00fasicas y comenzaron a intervenir otros actores. La pandemia termin\u00f3 por alejar la idea.<\/p>\n\n\n\n<p>Hay que insistir en que el nivel de participaci\u00f3n da para hablar de una revisi\u00f3n, participaci\u00f3n, validaci\u00f3n del esfuerzo de los actores, pero no de una co-labor con todos ellos, tanto en el sentido de la investigaci\u00f3n, como en el sentido de los productos pr\u00e1cticos que de ella se producen a partir del conocimiento generado (Leyva y Speed, 2008). Bien es cierto que estos colegas se hab\u00edan mostrado emp\u00e1ticos con nuestro inter\u00e9s en investigar y difundir su cultura musical, no pas\u00f3 de ah\u00ed, de la revisi\u00f3n y el apoyo. As\u00ed que no podemos decir que este es un proyecto elaborado por ellos, salvo en el caso del rapero Fusca Mej\u00eda, mencionado arriba. Con \u00e9l s\u00ed se puede decir que hubo un trabajo de co-labor, tanto por su condici\u00f3n de rapero como la de historiador y antrop\u00f3logo. Finalmente, hablar con los artistas sobre un proyecto de divulgaci\u00f3n que habla de ellos y que tiene una dimensi\u00f3n art\u00edstica, tambi\u00e9n es un arte. Se trata de personas con sensibilidad especial, con competencias y rivalidades en distintas esferas.<\/p>\n\n\n\n<p>A estas alturas ya hab\u00eda cometido un error estrat\u00e9gico. Permit\u00ed la vinculaci\u00f3n entre la p\u00e1gina web y una nueva p\u00e1gina de Facebook, cuando yo ya ten\u00eda otra llamada <em>Estudios de M\u00fasica en el Noreste<\/em>. Naci\u00f3 en 2014 como un proyecto para difundir todas nuestras actividades acad\u00e9micas y de divulgaci\u00f3n entre otros acad\u00e9micos, pero tambi\u00e9n entre artistas y promotores. Esta duplicidad complic\u00f3 el proyecto, porque mientras aliment\u00e1bamos a la nueva p\u00e1gina de Facebook informando de nuevas incorporaciones al sitio electr\u00f3nico (fondos de fotograf\u00edas, entrevistas recientemente subidas), dejaba morir a la otra. Cuando me di cuenta del error, ya no hab\u00eda manera de solucionarlo sin un costo. Una de las lecciones que me dej\u00f3 este ejercicio fue la exigencia de una mayor planeaci\u00f3n y una actitud de previsi\u00f3n que no me dejara llevar por la ambici\u00f3n de quererme comer un mundo digital que poco conoc\u00eda.<\/p>\n\n\n\n<p>Por otro lado, hab\u00eda que solucionar el asunto de los derechos de autor: la obtenci\u00f3n del permiso para que pudiera ser subido al sitio electr\u00f3nico el material que los propietarios o autores nos ofrecieron originalmente para nuestras investigaciones y que, en ocasiones, aparec\u00edan en nuestros productos acad\u00e9micos. Esta fue y es una situaci\u00f3n delicada y dif\u00edcil por varias razones. Hab\u00eda que localizarlos y despu\u00e9s explicarles el nuevo uso del material. Era una buena noticia para todos porque abonaba a la intenci\u00f3n divulgativa y, aunque la causa era la misma (difundir una cultura musical, a sus exponentes, sus dificultades para sobrevivir de la m\u00fasica, etc.), el recipiente \u2013la p\u00e1gina electr\u00f3nica\u2013 era nuevo. Adem\u00e1s, muchos materiales no aparec\u00edan en los productos acad\u00e9micos y no ten\u00edamos de ellos permisos firmados. As\u00ed que no siempre entend\u00edan por qu\u00e9 se les ped\u00eda una nueva firma o una firma por primera vez. Por otro lado, este es un documento importante m\u00e1s que todo para el autor o propietario del material a difundir, pero muchos de ellos no conoc\u00edan estos tr\u00e1mites. La cultura de la confianza por sobre la cultura de la legalidad formal hizo que algunos colaboradores que ofrecieron entrevistas, fotos o audios prefirieran darnos su permiso oral y evitar firmar algo que no redactan ni controlan, o sencillamente no quer\u00edan leer. En algunos casos se ten\u00edan permisos firmados para las publicaciones del libro, pero localizarlos nuevamente para otro permiso fue muy dif\u00edcil.<\/p>\n\n\n\n<div class=\"image-slider\">\n                <div class=\"frame\">\n                    <div class=\"picture\" itemscope itemtype=\"http:\/\/schema.org\/ImageGallery\">\n                        <figure itemprop=\"associatedMedia\" itemscope itemtype=\"http:\/\/schema.org\/ImageObject\" class=\"slider-element\">\n                              <a href=\"https:\/\/encartes.mx\/wp-content\/uploads\/2024\/03\/Figura-7.jpg\" itemprop=\"contentUrl\" data-size=\"1366x768\" data-index=\"0\" data-caption=\"Figura 7. Cartas de cesi\u00f3n de derechos para los procesos de difusi\u00f3n (libro, a la derecha) y para el proceso de divulgaci\u00f3n (sitio web, a la izquierda).\" >\n                                <img decoding=\"async\" src=\"https:\/\/encartes.mx\/wp-content\/uploads\/2024\/03\/Figura-7.jpg\" itemprop=\"thumbnail\">\n                                <i class=\"fa fa-expand expand\" aria-hidden=\"true\"><\/i>\n                            <\/a>\n                            <\/figure>                    <\/div>    \n                <\/div>\n                    <div class=\"caption\">Figura 7. Cartas de cesi\u00f3n de derechos para los procesos de difusi\u00f3n (libro, a la derecha) y para el proceso de divulgaci\u00f3n (sitio web, a la izquierda).<\/div><div class=\"image-analysis\"><\/div>                <div class=\"bullets\"><\/div>\n            <\/div>\n\n\n\n<p>A\u00f1adido a esto, se estableci\u00f3 una p\u00e1gina especial para nuestro aviso de privacidad estableciendo que este es un proyecto sin fines de lucro; que se ha pedido permiso a los propietarios de los materiales para utilizarlos solo con este fin, y que se atiende lo que mandata la Ley de Datos Personales. Adem\u00e1s, se establece el procedimiento para ejercer los derechos de acceso, rectificaci\u00f3n, cancelaci\u00f3n y oposici\u00f3n (<span class=\"small-caps\">arco<\/span>), instituidos en el Art\u00edculo 16 de la Constituci\u00f3n Mexicana. https:\/\/www.musicaenelnoreste.mx\/aviso-de-privacidad<\/p>\n\n\n\n<h3 class=\"wp-block-heading\">Tercera etapa: secci\u00f3n de m\u00fasica norte\u00f1a<\/h3>\n\n\n\n<p class=\"abstract\">La tercera etapa comenz\u00f3 en 2021 y a\u00fan no concluye. Para su elaboraci\u00f3n se recogi\u00f3 la experiencia de la primera etapa. Debido a que esta parte del proyecto de investigaci\u00f3n cont\u00f3 con m\u00e1s tesistas e investigadores nacionales y extranjeros, tambi\u00e9n hab\u00eda m\u00e1s material con el cual se pod\u00eda trabajar. Sin embargo, mucho de este material en su formato acad\u00e9mico apenas estaba surgiendo o acababa de surgir. As\u00ed pues, una de las caracter\u00edsticas de este periodo fue pedir a varios colegas un nuevo producto: un extracto de su trabajo para ponerlo, no a disposici\u00f3n de los acad\u00e9micos, sino del p\u00fablico amplio. De preferencia, este producto deb\u00eda ser audiovisual y tambi\u00e9n tendr\u00eda que estar acompa\u00f1ado de una explicaci\u00f3n para el p\u00fablico.<\/p>\n\n\n\n<p>Tenemos el ejemplo del mapa de la circulaci\u00f3n del conocimiento en las familias de lauderos por M\u00e9xico y Estados Unidos, que trabaj\u00f3 Ramiro Godina Valerio (2022). Se trataba de pasar el mapa de un libro acad\u00e9mico \u2013<em>Econom\u00edas de las m<\/em>\u00fasicas <em>norte\u00f1as<\/em>\u2013 al sitio electr\u00f3nico. Una breve y sencilla redacci\u00f3n deber\u00eda incluir qu\u00e9 es, por qu\u00e9 se hizo y c\u00f3mo se realiz\u00f3 tal mapa. La respuesta a esta solicitud no tuvo la presteza requerida, pero al final se logr\u00f3.<\/p>\n\n\n\n<div class=\"image-slider\">\n                <div class=\"frame\">\n                    <div class=\"picture\" itemscope itemtype=\"http:\/\/schema.org\/ImageGallery\">\n                        <figure itemprop=\"associatedMedia\" itemscope itemtype=\"http:\/\/schema.org\/ImageObject\" class=\"slider-element\">\n                              <a href=\"https:\/\/encartes.mx\/wp-content\/uploads\/2024\/03\/FIgura-8.jpg\" itemprop=\"contentUrl\" data-size=\"1350x697\" data-index=\"0\" data-caption=\"Figura 8. Ejemplo de un mapa de la circulaci\u00f3n de conocimientos sobre la construcci\u00f3n de bajo sextos, obtenido del cap\u00edtulo de Ramiro Godina Valerio, aparecido en el libro Econom\u00edas de las m\u00fasicas norte\u00f1as.\" >\n                                <img decoding=\"async\" src=\"https:\/\/encartes.mx\/wp-content\/uploads\/2024\/03\/FIgura-8.jpg\" itemprop=\"thumbnail\">\n                                <i class=\"fa fa-expand expand\" aria-hidden=\"true\"><\/i>\n                            <\/a>\n                            <\/figure><figure itemprop=\"associatedMedia\" itemscope itemtype=\"http:\/\/schema.org\/ImageObject\" class=\"slider-element\">\n                              <a href=\"https:\/\/encartes.mx\/wp-content\/uploads\/2024\/03\/FIgura-9.jpg\" itemprop=\"contentUrl\" data-size=\"1366x615\" data-index=\"0\" data-caption=\"Figura 9. Fotograf\u00eda del reloj de la iglesia de Nuevo Repueblo, municipio de Los Ramones, Nuevo Le\u00f3n, con la explicaci\u00f3n elaborada por Raquel Ramos Rangel, junto a la liga del audio de la campana.\" >\n                                <img decoding=\"async\" src=\"https:\/\/encartes.mx\/wp-content\/uploads\/2024\/03\/FIgura-9.jpg\" itemprop=\"thumbnail\">\n                                <i class=\"fa fa-expand expand\" aria-hidden=\"true\"><\/i>\n                            <\/a>\n                            <\/figure>                    <\/div>    \n                <\/div>\n                    <div class=\"caption\">Figura 8. Ejemplo de un mapa de la circulaci\u00f3n de conocimientos sobre la construcci\u00f3n de bajo sextos, obtenido del cap\u00edtulo de Ramiro Godina Valerio, aparecido en el libro Econom\u00edas de las m\u00fasicas norte\u00f1as.<\/div><div class=\"image-analysis\"><\/div><div class=\"caption\">Figura 9. Fotograf\u00eda del reloj de la iglesia de Nuevo Repueblo, municipio de Los Ramones, Nuevo Le\u00f3n, con la explicaci\u00f3n elaborada por Raquel Ramos Rangel, junto a la liga del audio de la campana.<\/div><div class=\"image-analysis\"><\/div>                <div class=\"bullets\"><\/div>\n            <\/div>\n\n\n\n<p>Otro ejemplo es el del sonido del reloj de la iglesia principal de Repueblo de Oriente, parte del municipio de Los Ramones, Nuevo Le\u00f3n. Esta zona tiene una hist\u00f3rica migraci\u00f3n a Estados Unidos y la campana,adquirida por los migrantes, tiene un significado especial para los habitantes que se quedan, sobre todo en el contexto de los profundos silencios en los tiempos en que el poblado est\u00e1 semivac\u00edo. Puede verse la foto, sonidos y explicaci\u00f3n de este reloj en esta direcci\u00f3n: <a href=\"https:\/\/www.musicaenelnoreste.mx\/nortena\/entrevistas-y-audios\/audios\">https:\/\/www.musicaenelnoreste.mx\/nortena\/entrevistas-y-audios\/audios<\/a> .<\/p>\n\n\n\n<p>Para el dise\u00f1o final de esta etapa se convoc\u00f3 a un grupo para que revisara y diera sugerencias al dise\u00f1o original. Se trata de tres acad\u00e9micos vinculados al tema, el representante de un grupo de m\u00fasica tradicional norestense (Tayer) y un escritor e investigador de corridos norte\u00f1os. De sus observaciones, en las que estamos trabajando, resaltamos una de ellas. La artista que realiz\u00f3 este se\u00f1alamiento dijo que se percib\u00eda en el sitio electr\u00f3nico un di\u00e1logo muy interesante entre distintos artistas y generaciones en la regi\u00f3n; que le parec\u00eda muy educativo y esperaba que tambi\u00e9n lo fuera para los raperos. Lo anterior nos dio la idea de incorporar el trabajo de m\u00fasica colombiana, realizado dos d\u00e9cadas antes, y que no tiene que ver con el proyecto de investigaci\u00f3n, pero ahora s\u00ed con el de divulgaci\u00f3n. La cuarta etapa, relativa a la m\u00fasica colombiana, apenas arranc\u00f3 en 2022 y tampoco concluye a\u00fan.<\/p>\n\n\n\n<div class=\"image-slider\">\n                <div class=\"frame\">\n                    <div class=\"picture\" itemscope itemtype=\"http:\/\/schema.org\/ImageGallery\">\n                        <figure itemprop=\"associatedMedia\" itemscope itemtype=\"http:\/\/schema.org\/ImageObject\" class=\"slider-element\">\n                              <a href=\"https:\/\/encartes.mx\/wp-content\/uploads\/2024\/03\/Figura-10.jpg\" itemprop=\"contentUrl\" data-size=\"1366x768\" data-index=\"0\" data-caption=\"Figura 10. Entrada a la galer\u00eda de fotos de la etnograf\u00eda del acorde\u00f3n. En este caso, para la investigaci\u00f3n sobre los reparadores de acordeones, realizada por Jos\u00e9 Juan Olvera y Jacquel\u00edn Pe\u00f1a Ben\u00edtez.\" >\n                                <img decoding=\"async\" src=\"https:\/\/encartes.mx\/wp-content\/uploads\/2024\/03\/Figura-10.jpg\" itemprop=\"thumbnail\">\n                                <i class=\"fa fa-expand expand\" aria-hidden=\"true\"><\/i>\n                            <\/a>\n                            <\/figure>                    <\/div>    \n                <\/div>\n                    <div class=\"caption\">Figura 10. Entrada a la galer\u00eda de fotos de la etnograf\u00eda del acorde\u00f3n. En este caso, para la investigaci\u00f3n sobre los reparadores de acordeones, realizada por Jos\u00e9 Juan Olvera y Jacquel\u00edn Pe\u00f1a Ben\u00edtez.<\/div><div class=\"image-analysis\"><\/div>                <div class=\"bullets\"><\/div>\n            <\/div>\n\n\n\n<p>Termino este apartado indicando que, desde el inicio de la segunda etapa, una preocupaci\u00f3n constante fue posicionar esta propuesta de divulgaci\u00f3n a trav\u00e9s de los buscadores m\u00e1s importantes (Google, Bing, Yahoo). Se trata de hacer esfuerzos para que cada que vez que alg\u00fan usuario interesado buscara, con diferentes combinaciones de palabras, informaci\u00f3n sobre m\u00fasica popular en la regi\u00f3n noreste, apareciera la direcci\u00f3n del sitio que constru\u00ed.<\/p>\n\n\n\n<p>Esto era importante tambi\u00e9n porque no siempre \u00edbamos a poder a alimentar el tr\u00e1fico del sitio a trav\u00e9s de las redes sociales. El proceso de registro en Google (quien mantiene entre el 85-90% del mercado global) fue el m\u00e1s complejo y tard\u00f3 m\u00e1s de 18 meses en conseguirse.<\/p>\n\n\n\n<div class=\"image-slider\">\n                <div class=\"frame\">\n                    <div class=\"picture\" itemscope itemtype=\"http:\/\/schema.org\/ImageGallery\">\n                        <figure itemprop=\"associatedMedia\" itemscope itemtype=\"http:\/\/schema.org\/ImageObject\" class=\"slider-element\">\n                              <a href=\"https:\/\/encartes.mx\/wp-content\/uploads\/2024\/03\/Figura-11.jpg\" itemprop=\"contentUrl\" data-size=\"1366x610\" data-index=\"0\" data-caption=\"Figura 11. Entrada a la galer\u00eda de videos de la secci\u00f3n de \u201cm\u00fasica colombiana\u201d, secci\u00f3n a\u00fan en construcci\u00f3n.\" >\n                                <img decoding=\"async\" src=\"https:\/\/encartes.mx\/wp-content\/uploads\/2024\/03\/Figura-11.jpg\" itemprop=\"thumbnail\">\n                                <i class=\"fa fa-expand expand\" aria-hidden=\"true\"><\/i>\n                            <\/a>\n                            <\/figure>                    <\/div>    \n                <\/div>\n                    <div class=\"caption\">Figura 11. Entrada a la galer\u00eda de videos de la secci\u00f3n de \u201cm\u00fasica colombiana\u201d, secci\u00f3n a\u00fan en construcci\u00f3n.<\/div><div class=\"image-analysis\"><\/div>                <div class=\"bullets\"><\/div>\n            <\/div>\n\n\n\n<h2 class=\"wp-block-heading\">Problemas y retos. A manera de conclusi\u00f3n<\/h2>\n\n\n\n<p class=\"abstract\">Para terminar, ofrecemos algunas reflexiones sobre problemas y retos alrededor de este esfuerzo que pueden servir a otros colegas que inician tareas similares, en t\u00e9rminos de una cultura de divulgaci\u00f3n digital.<\/p>\n\n\n\n<p>Este esfuerzo de divulgaci\u00f3n me ha situado en una posici\u00f3n de humildad en cuanto a la complejidad, cantidad de energ\u00eda, recursos institucionales, humanos y econ\u00f3micos que requiere, as\u00ed como en cuanto a la falta de preparaci\u00f3n y capacitaci\u00f3n, con las que uno se lanza a empresas de este calibre. En tal sentido, las enormes capacidades de las estructuras y plataformas digitales, que rebasan por mucho lo que est\u00e1 contenido en un producto impreso, como un libro o revista, nos hacen a veces perder de vista las posibilidades reales de dar atenci\u00f3n a cada una de las piezas de informaci\u00f3n que subimos a la red. En otras palabras, escalamos el trabajo m\u00e1s all\u00e1 de nuestras posibilidades.<\/p>\n\n\n\n<p>Respecto al dise\u00f1o y la arquitectura, hablamos de un proceso de planeaci\u00f3n, de imaginar la diversidad de posibles p\u00fablicos a los que uno quiere destinar el trabajo, para ofrecer una experiencia agradable de conocimiento. Cuando hablamos del dise\u00f1o web nos referimos a lo anterior, pero tambi\u00e9n al dise\u00f1o de tipograf\u00edas, im\u00e1genes, fondos, as\u00ed que se trata tambi\u00e9n de una experiencia est\u00e9tica. Cuando un grupo de artistas, promotores y acad\u00e9micos evaluaba la secci\u00f3n de m\u00fasica norte\u00f1a, coment\u00f3 que los fondos negros que acompa\u00f1an a la informaci\u00f3n son adecuados para el p\u00fablico joven y para algunas de sus culturas musicales como el rock, heavy metal, punk y rap. Preguntaban qu\u00e9 nos hac\u00eda pensar que una cosa \u201ctan triste\u201d, como el color negro, pod\u00eda acompa\u00f1ar a la m\u00fasica norte\u00f1a. Se mostraba as\u00ed un proceso cr\u00edtico de apropiaci\u00f3n que pon\u00eda en jaque nuestras propuestas de dise\u00f1o. Ha terminado siendo una negociaci\u00f3n interna y con el resto de los constructores del proyecto para adecuar el dise\u00f1o, la navegabilidad, la usabilidad y la accesibilidad al tipo de p\u00fablico imaginado.<\/p>\n\n\n\n<p>Por supuesto, ha ofrecido satisfacciones para m\u00ed y para quienes colaboraron conmigo, pues quienes lo han conocido, lo han valorado. Pero antes de ello debe haber una validaci\u00f3n externa de contenidos y dise\u00f1o. Siempre ser\u00e1 mejor que otro p\u00fablico, en particular si es un p\u00fablico conocedor del tema, valide las propuestas de divulgaci\u00f3n. Recoger las opiniones sobre el dise\u00f1o, el contenido y llevarlas a la pr\u00e1ctica, para volver a mostrarlas al p\u00fablico revisor, es uno de los procesos m\u00e1s nutritivos, pero tambi\u00e9n de los m\u00e1s dif\u00edciles de terminar. El c\u00edrculo se suele cortar poco antes de la \u00faltima etapa. En tal sentido, el proyecto dur\u00f3 casi lo mismo que la misma investigaci\u00f3n (2015-2020 vs. 2016-2020), pero ha continuado hasta la fecha, mostrando que la divulgaci\u00f3n se puede extender por mucho m\u00e1s tiempo.<\/p>\n\n\n\n<p>Este proyecto requiere constante mantenimiento t\u00e9cnico y financiero para asegurarse de que es visto, usado y compartido. No es tan distinto a un libro que, resguardado en una importante biblioteca, deba tener una ubicaci\u00f3n espec\u00edfica, donde goce de un lugar con clima especial y alguien capacitado para encontrarlo y ofrecerlo al p\u00fablico. Y aunque ahora no hay que acudir a la biblioteca de manera presencial, la interlocuci\u00f3n con el p\u00fablico es clave. Construir canales de comunicaci\u00f3n y mantenerlos abiertos. La secci\u00f3n de comentarios en cada una de las p\u00e1ginas es un ejemplo. La calidad de la retroalimentaci\u00f3n es lo que le da vida a un proyecto que quiere tener comunicaci\u00f3n con sus usuarios.<\/p>\n\n\n\n<h2 class=\"wp-block-heading\">Bibliograf\u00eda<\/h2>\n\n\n\n<p class=\"bibliography\">Cazaux, Diana (2008). \u201cLa comunicaci\u00f3n p\u00fablica y la tecnolog\u00eda en la \u201csociedad del conocimiento\u201d, <em>Raz\u00f3n y Palabra<\/em>, 65. Consultado el 11 de noviembre de 2023 http:\/\/www.razonypalabra.org.mx\/N\/n65\/actual\/dcasaux.html<\/p>\n\n\n\n<p class=\"bibliography\"><span class=\"small-caps\">conacyt<\/span> (2018). <em>Manual de usuario para la captura del <span class=\"small-caps\">cvu<\/span>.<\/em> https:\/\/dadip.unison.mx\/wp-content\/uploads\/2019\/03\/Manual_CVU_2018.pdf<\/p>\n\n\n\n<p class=\"bibliography\"><span class=\"small-caps\">\u2014 <\/span>(2023). Plataforma digital para el llenado del Curr\u00edculum Vitae\u00danico.<\/p>\n\n\n\n<p class=\"bibliography\"><span class=\"small-caps\">conahcyt<\/span> (2023). <em>Ley General en materia de Humanidades, Ciencias, Tecnolog\u00edas e Innovaci\u00f3n<\/em>. M\u00e9xico: Gobierno de M\u00e9xico.<\/p>\n\n\n\n<p class=\"bibliography\"><span class=\"small-caps\">conpes<\/span> (2021). <em>Documento <span class=\"small-caps\">conpes<\/span> 4069: Pol\u00edtica de Ciencia, Tecnolog\u00eda e Innovaci\u00f3n (2022-2031)<\/em>. Gobierno de Colombia. Consultado en https:\/\/minciencias.gov.co\/sites\/default\/files\/upload\/paginas\/conpes_4069.pdf<\/p>\n\n\n\n<p class=\"bibliography\">Duque, Miguel, Iv\u00f3n Rodr\u00edguez, Gloria Arcos y Jos\u00e9 Luis Castillo (2015). \u201cMejora de la navegaci\u00f3n de sitios web educativos para personas dalt\u00f3nicas mediante la creaci\u00f3n de patrones de accesibilidad y usabilidad web\u201d, en Carmen Varela, Antonio Mi\u00f1an y Luis Bengochea (coords.). <em>Formaci\u00f3n virtual inclusiva y de calidad para el siglo <span class=\"small-caps\">xxi<\/span><\/em>. Granada: Universidad de Granada, pp.140-147.<\/p>\n\n\n\n<p class=\"bibliography\">Escobar-Ortiz, Jorge Manuel y Andrea Rinc\u00f3n \u00c1lvarez (2019). \u201cLa divulgaci\u00f3n cient\u00edfica y sus modelos comunicativos: algunas reflexiones te\u00f3ricas para la ense\u00f1anza de las ciencias\u201d, <em>Revista Colombiana de Ciencias Sociales<\/em>, vol. 10, n\u00fam. 1, Universidad Cat\u00f3lica Luis Amig\u00f3, enero-junio, pp. 135-154.<\/p>\n\n\n\n<p class=\"bibliography\">Estrada, Luis (2014). \u201cLa comunicaci\u00f3n de la ciencia\u201d, <em>Revista Digital Universitaria<\/em> [en l\u00ednea]. 1 de marzo, vol. 15, n\u00fam. 3 [Consultada:]. Disponible en internet: &lt;http:\/\/www.revista.unam.mx\/vol.15\/num3\/art18\/index.html&gt;.<\/p>\n\n\n\n<p class=\"bibliography\">Evans, Dave (2011). <em>Internet de las cosas. La pr\u00f3xima evoluci\u00f3n de Internet est\u00e1 cambiando todo<\/em>. Informe t\u00e9cnico, <span class=\"small-caps\">cisco<\/span>.<\/p>\n\n\n\n<p class=\"bibliography\">Godina, Ramiro (2022). \u201cProducci\u00f3n y circulaci\u00f3n de bajo sextos en el noreste de M\u00e9xico y sur de Texas\u201d, en <em>M\u00fasica en el noreste<\/em>. Sitio de divulgaci\u00f3n cient\u00edfica. Consultado en https:\/\/www.musicaenelnoreste.mx\/nortena\/mapas-y-tablas<\/p>\n\n\n\n<p class=\"bibliography\">Leyva, X\u00f3chitl y Shannon Speed (2008). \u201cHacia la investigaci\u00f3n descolonizada: nuestra experiencia de co-labor\u201d, en X\u00f3chitl Leyva, Araceli Burguete y Shannon Speed (coords.), <em>Gobernar (en) la diversidad: experiencias ind\u00edgenas desde Am\u00e9rica Latina. Hacia la investigaci\u00f3n de colabor<\/em>. <span class=\"small-caps\">cdmx<\/span>\/Ecuador\/Guatemala: <span class=\"small-caps\">ciesas-flacso<\/span>, pp. 34-59.<\/p>\n\n\n\n<p class=\"bibliography\">Mart\u00ednez Mendoza, Sarelly (2011). \u201cLa difusi\u00f3n y la divulgaci\u00f3n de la ciencia en Chiapas\u201d, <em>Raz\u00f3n y Palabra, <\/em>n\u00fam. 78, noviembre-enero.<\/p>\n\n\n\n<p class=\"bibliography\"><span class=\"small-caps\">minciencias<\/span> (2019). <em>Decreto 2226 de 5\/12\/2019. Por el cual se establece la estructura del Ministerio de Ciencia, Tecnolog\u00eda e Innovaci\u00f3n y se dictan otras disposiciones.<\/em> Gobierno de Colombia. Consultado en https:\/\/www.suin-juriscol.gov.co\/viewDocument.asp?id=30038589<\/p>\n\n\n\n<p class=\"bibliography\"><span class=\"small-caps\">minciencias<\/span> (2021). <em>Pol\u00edtica P\u00fablica de Apropiaci\u00f3n Social del Conocimiento en el marco de la CTeI<\/em>. Bogot\u00e1: Gobierno de Colombia.<\/p>\n\n\n\n<p class=\"bibliography\">Ministerio del Trabajo (1990). <em>Ley de Ciencia y Tecnolog\u00eda<\/em>. Bogot\u00e1: Gobierno de Colombia, pp. 1-34.<\/p>\n\n\n\n<p class=\"bibliography\">Oliv\u00e9, Leon (2011). \u201cLa apropiaci\u00f3n social de la ciencia y la tecnolog\u00eda\u201d, en Tania P\u00e9rez Bustos y Marcela Lozano Borda (eds.). <em>Ciencia, tecnolog\u00eda y democracia: reflexiones en torno a la apropiaci\u00f3n social del conocimiento<\/em>. Medell\u00edn: <span class=\"small-caps\">colciencias<\/span>, Universidad <span class=\"small-caps\">eafit<\/span>, pp. 113-121.<\/p>\n\n\n\n<p class=\"bibliography\">Olvera, Jos\u00e9 Juan (2004). \u201cBases de informaci\u00f3n sobre <em>El habla de Monterrey<\/em>. Proceso de construcci\u00f3n de un sitio de difusi\u00f3n socioling\u00fc\u00edstica\u201d, en Lidia Rodr\u00edguez-Alfano (editora), <em>El habla de Monterrey llega a la <span class=\"small-caps\">web<\/span>. Trayectoria de una investigaci\u00f3n socioling\u00fc\u00edstica.<\/em> Monterrey: <span class=\"small-caps\">uanl<\/span>-Trillas.<\/p>\n\n\n\n<p class=\"bibliography\">Olvera, Jos\u00e9 Juan (2020). <em>M\u00fasica en el noreste<\/em>. Sitio electr\u00f3nico. http:\/\/www.musicaenelnoreste.mx<\/p>\n\n\n\n<p class=\"bibliography\">Rodr\u00edguez-Alfano, Lidia (2004). <em>El habla de Monterrey llega a la <span class=\"small-caps\">web<\/span>. Trayectoria de una investigaci\u00f3n socioling\u00fc\u00edstica.<\/em> Monterrey: <span class=\"small-caps\">uanl<\/span>-Trillas.<\/p>\n\n\n\n<p class=\"bibliography\">Silvio Vaccarezza, Leonardo (2009). \u201cEstudios de cultura cient\u00edfica en Am\u00e9rica Latina\u201d, <em>Redes<\/em>, vol. 15, n\u00fam. 30, diciembre, pp. 75-103.<\/p>\n\n\n\n<p class=\"bibliography\"><span class=\"small-caps\">sncti<\/span> (2013) <em>Ley 26.899. Repositorios digitales institucionales de acceso abierto<\/em>. Buenos Aires: Gobierno argentino. Consultado de https:\/\/www.argentina.gob.ar\/normativa\/nacional\/ley-26899-223459\/texto<\/p>\n\n\n\n<hr class=\"wp-block-separator has-alpha-channel-opacity is-style-dots\"\/>\n\n\n\n<p class=\"abstract\"><em>Juan Jos\u00e9 Olvera<\/em> es soci\u00f3logo, maestro en Comunicaci\u00f3n, doctor en Comunicaci\u00f3n y Estudios Culturales. Tiene diez a\u00f1os de experiencia en periodismo. Se ha especializado en la sociolog\u00eda de la cultura, en particular en la socioantropolog\u00eda de la m\u00fasica popular. Es miembro del Sistema Nacional de Investigadores, nivel 1. Su \u00faltimo proyecto de investigaci\u00f3n ha sido \u201cProcesos regionales de construcci\u00f3n de la cultura en el noreste de M\u00e9xico y sur de Texas: los casos del rap y la m\u00fasica norte\u00f1a\u201d. Sus \u00faltimas publicaciones son <em>Econom\u00edas de las m\u00fasicas norte\u00f1as<\/em> (coordinador), <em>Econom\u00edas del rap en el noreste de M\u00e9xico <\/em>y<em> Emprendimientos y resistencias alrededor de la m\u00fasica popular<\/em>, ambas de la editorial Casa Chata, M\u00e9xico. Su investigaci\u00f3n actual aborda la articulaci\u00f3n econ\u00f3mica entre la m\u00fasica popular y las ferias populares.<\/p>\n","protected":false},"excerpt":{"rendered":"<p>Este artigo descreve os desafios que enfrentamos ao criar um site de divulga\u00e7\u00e3o de ci\u00eancias sociais especializado em estudos de m\u00fasica popular no nordeste do M\u00e9xico e no sul do Texas. Ele explicita os problemas relacionados aos modelos de comunica\u00e7\u00e3o das ci\u00eancias sociais que encontramos. Esses desafios incluem processos de comunica\u00e7\u00e3o e negocia\u00e7\u00e3o com aqueles que colaboraram na constru\u00e7\u00e3o do conhecimento cient\u00edfico e agora o fazem em sua etapa de divulga\u00e7\u00e3o, aos quais se somam publicit\u00e1rios ou t\u00e9cnicos de comunica\u00e7\u00e3o social. Todos eles sempre t\u00eam vis\u00f5es semelhantes e\/ou alternativas \u00e0s nossas. Destaca-se a complexidade do trabalho de divulga\u00e7\u00e3o e combate-se a no\u00e7\u00e3o que o identifica como um complemento dispens\u00e1vel \u00e0 constru\u00e7\u00e3o do conhecimento cient\u00edfico.<\/p>","protected":false},"author":4,"featured_media":38581,"comment_status":"open","ping_status":"open","sticky":false,"template":"","format":"standard","meta":{"_acf_changed":false,"footnotes":""},"categories":[279],"tags":[1218,1217,1219,794,1220],"coauthors":[551],"class_list":["post-38605","post","type-post","status-publish","format-standard","has-post-thumbnail","hentry","category-279","tag-difusion","tag-divulgacion-de-la-ciencia","tag-modelos-de-comunicacion","tag-musica-popular","tag-noreste-de-mexico","personas-olvera-gudino-jose-juan","numeros-1187"],"acf":[],"yoast_head":"<!-- This site is optimized with the Yoast SEO plugin v22.2 - https:\/\/yoast.com\/wordpress\/plugins\/seo\/ -->\n<title>La divulgaci\u00f3n cient\u00edfica como ciencia, t\u00e9cnica y arte &#8211; Encartes<\/title>\n<meta name=\"description\" content=\"Este art\u00edculo describe los retos a los que nos enfrentamos para edificar un sitio web de divulgaci\u00f3n cient\u00edfica en estudios de m\u00fasica.\" \/>\n<meta name=\"robots\" content=\"index, follow, max-snippet:-1, max-image-preview:large, max-video-preview:-1\" \/>\n<link rel=\"canonical\" href=\"https:\/\/encartes.mx\/pt\/olvera-procesos-divulgacion-ciencia-sitio-web\/\" \/>\n<meta property=\"og:locale\" content=\"pt_BR\" \/>\n<meta property=\"og:type\" content=\"article\" \/>\n<meta property=\"og:title\" content=\"La divulgaci\u00f3n cient\u00edfica como ciencia, t\u00e9cnica y arte &#8211; Encartes\" \/>\n<meta property=\"og:description\" content=\"Este art\u00edculo describe los retos a los que nos enfrentamos para edificar un sitio web de divulgaci\u00f3n cient\u00edfica en estudios de m\u00fasica.\" \/>\n<meta property=\"og:url\" content=\"https:\/\/encartes.mx\/pt\/olvera-procesos-divulgacion-ciencia-sitio-web\/\" \/>\n<meta property=\"og:site_name\" content=\"Encartes\" \/>\n<meta property=\"article:published_time\" content=\"2024-03-21T17:01:45+00:00\" \/>\n<meta property=\"og:image\" content=\"https:\/\/encartes.mx\/wp-content\/uploads\/2024\/03\/FIgura-4.jpg\" \/>\n\t<meta property=\"og:image:width\" content=\"1351\" \/>\n\t<meta property=\"og:image:height\" content=\"613\" \/>\n\t<meta property=\"og:image:type\" content=\"image\/jpeg\" \/>\n<meta name=\"author\" content=\"Arthur Ventura\" \/>\n<meta name=\"twitter:card\" content=\"summary_large_image\" \/>\n<meta name=\"twitter:label1\" content=\"Escrito por\" \/>\n\t<meta name=\"twitter:data1\" content=\"Arthur Ventura\" \/>\n\t<meta name=\"twitter:label2\" content=\"Est. tempo de leitura\" \/>\n\t<meta name=\"twitter:data2\" content=\"29 minutos\" \/>\n\t<meta name=\"twitter:label3\" content=\"Written by\" \/>\n\t<meta name=\"twitter:data3\" content=\"Arthur Ventura\" \/>\n<script type=\"application\/ld+json\" class=\"yoast-schema-graph\">{\"@context\":\"https:\/\/schema.org\",\"@graph\":[{\"@type\":\"Article\",\"@id\":\"https:\/\/encartes.mx\/olvera-procesos-divulgacion-ciencia-sitio-web\/#article\",\"isPartOf\":{\"@id\":\"https:\/\/encartes.mx\/olvera-procesos-divulgacion-ciencia-sitio-web\/\"},\"author\":{\"name\":\"Arthur Ventura\",\"@id\":\"https:\/\/encartes.mx\/#\/schema\/person\/97215bba1729028a4169cab07f8e58ef\"},\"headline\":\"La divulgaci\u00f3n cient\u00edfica como ciencia, t\u00e9cnica y arte. El caso de \u201cmusicaenelnoreste.mx\u201d\",\"datePublished\":\"2024-03-21T17:01:45+00:00\",\"dateModified\":\"2024-03-21T17:01:45+00:00\",\"mainEntityOfPage\":{\"@id\":\"https:\/\/encartes.mx\/olvera-procesos-divulgacion-ciencia-sitio-web\/\"},\"wordCount\":7382,\"commentCount\":0,\"publisher\":{\"@id\":\"https:\/\/encartes.mx\/#organization\"},\"image\":{\"@id\":\"https:\/\/encartes.mx\/olvera-procesos-divulgacion-ciencia-sitio-web\/#primaryimage\"},\"thumbnailUrl\":\"https:\/\/encartes.mx\/wp-content\/uploads\/2024\/03\/FIgura-4.jpg\",\"keywords\":[\"difusi\u00f3n\",\"divulgaci\u00f3n de la ciencia\",\"modelos de comunicaci\u00f3n\",\"m\u00fasica popular\",\"noreste de M\u00e9xico\"],\"articleSection\":[\"Dosier\"],\"inLanguage\":\"pt-BR\",\"potentialAction\":[{\"@type\":\"CommentAction\",\"name\":\"Comment\",\"target\":[\"https:\/\/encartes.mx\/olvera-procesos-divulgacion-ciencia-sitio-web\/#respond\"]}]},{\"@type\":\"WebPage\",\"@id\":\"https:\/\/encartes.mx\/olvera-procesos-divulgacion-ciencia-sitio-web\/\",\"url\":\"https:\/\/encartes.mx\/olvera-procesos-divulgacion-ciencia-sitio-web\/\",\"name\":\"La divulgaci\u00f3n cient\u00edfica como ciencia, t\u00e9cnica y arte &#8211; Encartes\",\"isPartOf\":{\"@id\":\"https:\/\/encartes.mx\/#website\"},\"primaryImageOfPage\":{\"@id\":\"https:\/\/encartes.mx\/olvera-procesos-divulgacion-ciencia-sitio-web\/#primaryimage\"},\"image\":{\"@id\":\"https:\/\/encartes.mx\/olvera-procesos-divulgacion-ciencia-sitio-web\/#primaryimage\"},\"thumbnailUrl\":\"https:\/\/encartes.mx\/wp-content\/uploads\/2024\/03\/FIgura-4.jpg\",\"datePublished\":\"2024-03-21T17:01:45+00:00\",\"dateModified\":\"2024-03-21T17:01:45+00:00\",\"description\":\"Este art\u00edculo describe los retos a los que nos enfrentamos para edificar un sitio web de divulgaci\u00f3n cient\u00edfica en estudios de m\u00fasica.\",\"breadcrumb\":{\"@id\":\"https:\/\/encartes.mx\/olvera-procesos-divulgacion-ciencia-sitio-web\/#breadcrumb\"},\"inLanguage\":\"pt-BR\",\"potentialAction\":[{\"@type\":\"ReadAction\",\"target\":[\"https:\/\/encartes.mx\/olvera-procesos-divulgacion-ciencia-sitio-web\/\"]}]},{\"@type\":\"ImageObject\",\"inLanguage\":\"pt-BR\",\"@id\":\"https:\/\/encartes.mx\/olvera-procesos-divulgacion-ciencia-sitio-web\/#primaryimage\",\"url\":\"https:\/\/encartes.mx\/wp-content\/uploads\/2024\/03\/FIgura-4.jpg\",\"contentUrl\":\"https:\/\/encartes.mx\/wp-content\/uploads\/2024\/03\/FIgura-4.jpg\",\"width\":1351,\"height\":613},{\"@type\":\"BreadcrumbList\",\"@id\":\"https:\/\/encartes.mx\/olvera-procesos-divulgacion-ciencia-sitio-web\/#breadcrumb\",\"itemListElement\":[{\"@type\":\"ListItem\",\"position\":1,\"name\":\"Home\",\"item\":\"https:\/\/encartes.mx\/\"},{\"@type\":\"ListItem\",\"position\":2,\"name\":\"La divulgaci\u00f3n cient\u00edfica como ciencia, t\u00e9cnica y arte. El caso de \u201cmusicaenelnoreste.mx\u201d\"}]},{\"@type\":\"WebSite\",\"@id\":\"https:\/\/encartes.mx\/#website\",\"url\":\"https:\/\/encartes.mx\/\",\"name\":\"Encartes\",\"description\":\"Revista digital multimedia\",\"publisher\":{\"@id\":\"https:\/\/encartes.mx\/#organization\"},\"potentialAction\":[{\"@type\":\"SearchAction\",\"target\":{\"@type\":\"EntryPoint\",\"urlTemplate\":\"https:\/\/encartes.mx\/?s={search_term_string}\"},\"query-input\":\"required name=search_term_string\"}],\"inLanguage\":\"pt-BR\"},{\"@type\":\"Organization\",\"@id\":\"https:\/\/encartes.mx\/#organization\",\"name\":\"Encartes Antropol\u00f3gicos\",\"url\":\"https:\/\/encartes.mx\/\",\"logo\":{\"@type\":\"ImageObject\",\"inLanguage\":\"pt-BR\",\"@id\":\"https:\/\/encartes.mx\/#\/schema\/logo\/image\/\",\"url\":\"https:\/\/encartes.mx\/wp-content\/uploads\/2017\/04\/Logo-04.png\",\"contentUrl\":\"https:\/\/encartes.mx\/wp-content\/uploads\/2017\/04\/Logo-04.png\",\"width\":338,\"height\":306,\"caption\":\"Encartes Antropol\u00f3gicos\"},\"image\":{\"@id\":\"https:\/\/encartes.mx\/#\/schema\/logo\/image\/\"}},{\"@type\":\"Person\",\"@id\":\"https:\/\/encartes.mx\/#\/schema\/person\/97215bba1729028a4169cab07f8e58ef\",\"name\":\"Arthur Ventura\",\"image\":{\"@type\":\"ImageObject\",\"inLanguage\":\"pt-BR\",\"@id\":\"https:\/\/encartes.mx\/#\/schema\/person\/image\/8a45818ea77a67a00c058d294424a6f6\",\"url\":\"https:\/\/secure.gravatar.com\/avatar\/e8ff614b2fa0d91ff6c65f328a272c53?s=96&d=identicon&r=g\",\"contentUrl\":\"https:\/\/secure.gravatar.com\/avatar\/e8ff614b2fa0d91ff6c65f328a272c53?s=96&d=identicon&r=g\",\"caption\":\"Arthur Ventura\"}}]}<\/script>\n<!-- \/ Yoast SEO plugin. -->","yoast_head_json":{"title":"La divulgaci\u00f3n cient\u00edfica como ciencia, t\u00e9cnica y arte &#8211; Encartes","description":"Este art\u00edculo describe los retos a los que nos enfrentamos para edificar un sitio web de divulgaci\u00f3n cient\u00edfica en estudios de m\u00fasica.","robots":{"index":"index","follow":"follow","max-snippet":"max-snippet:-1","max-image-preview":"max-image-preview:large","max-video-preview":"max-video-preview:-1"},"canonical":"https:\/\/encartes.mx\/pt\/olvera-procesos-divulgacion-ciencia-sitio-web\/","og_locale":"pt_BR","og_type":"article","og_title":"La divulgaci\u00f3n cient\u00edfica como ciencia, t\u00e9cnica y arte &#8211; Encartes","og_description":"Este art\u00edculo describe los retos a los que nos enfrentamos para edificar un sitio web de divulgaci\u00f3n cient\u00edfica en estudios de m\u00fasica.","og_url":"https:\/\/encartes.mx\/pt\/olvera-procesos-divulgacion-ciencia-sitio-web\/","og_site_name":"Encartes","article_published_time":"2024-03-21T17:01:45+00:00","og_image":[{"width":1351,"height":613,"url":"https:\/\/encartes.mx\/wp-content\/uploads\/2024\/03\/FIgura-4.jpg","type":"image\/jpeg"}],"author":"Arthur Ventura","twitter_card":"summary_large_image","twitter_misc":{"Escrito por":"Arthur Ventura","Est. tempo de leitura":"29 minutos","Written by":"Arthur Ventura"},"schema":{"@context":"https:\/\/schema.org","@graph":[{"@type":"Article","@id":"https:\/\/encartes.mx\/olvera-procesos-divulgacion-ciencia-sitio-web\/#article","isPartOf":{"@id":"https:\/\/encartes.mx\/olvera-procesos-divulgacion-ciencia-sitio-web\/"},"author":{"name":"Arthur Ventura","@id":"https:\/\/encartes.mx\/#\/schema\/person\/97215bba1729028a4169cab07f8e58ef"},"headline":"La divulgaci\u00f3n cient\u00edfica como ciencia, t\u00e9cnica y arte. El caso de \u201cmusicaenelnoreste.mx\u201d","datePublished":"2024-03-21T17:01:45+00:00","dateModified":"2024-03-21T17:01:45+00:00","mainEntityOfPage":{"@id":"https:\/\/encartes.mx\/olvera-procesos-divulgacion-ciencia-sitio-web\/"},"wordCount":7382,"commentCount":0,"publisher":{"@id":"https:\/\/encartes.mx\/#organization"},"image":{"@id":"https:\/\/encartes.mx\/olvera-procesos-divulgacion-ciencia-sitio-web\/#primaryimage"},"thumbnailUrl":"https:\/\/encartes.mx\/wp-content\/uploads\/2024\/03\/FIgura-4.jpg","keywords":["difusi\u00f3n","divulgaci\u00f3n de la ciencia","modelos de comunicaci\u00f3n","m\u00fasica popular","noreste de M\u00e9xico"],"articleSection":["Dosier"],"inLanguage":"pt-BR","potentialAction":[{"@type":"CommentAction","name":"Comment","target":["https:\/\/encartes.mx\/olvera-procesos-divulgacion-ciencia-sitio-web\/#respond"]}]},{"@type":"WebPage","@id":"https:\/\/encartes.mx\/olvera-procesos-divulgacion-ciencia-sitio-web\/","url":"https:\/\/encartes.mx\/olvera-procesos-divulgacion-ciencia-sitio-web\/","name":"La divulgaci\u00f3n cient\u00edfica como ciencia, t\u00e9cnica y arte &#8211; Encartes","isPartOf":{"@id":"https:\/\/encartes.mx\/#website"},"primaryImageOfPage":{"@id":"https:\/\/encartes.mx\/olvera-procesos-divulgacion-ciencia-sitio-web\/#primaryimage"},"image":{"@id":"https:\/\/encartes.mx\/olvera-procesos-divulgacion-ciencia-sitio-web\/#primaryimage"},"thumbnailUrl":"https:\/\/encartes.mx\/wp-content\/uploads\/2024\/03\/FIgura-4.jpg","datePublished":"2024-03-21T17:01:45+00:00","dateModified":"2024-03-21T17:01:45+00:00","description":"Este art\u00edculo describe los retos a los que nos enfrentamos para edificar un sitio web de divulgaci\u00f3n cient\u00edfica en estudios de m\u00fasica.","breadcrumb":{"@id":"https:\/\/encartes.mx\/olvera-procesos-divulgacion-ciencia-sitio-web\/#breadcrumb"},"inLanguage":"pt-BR","potentialAction":[{"@type":"ReadAction","target":["https:\/\/encartes.mx\/olvera-procesos-divulgacion-ciencia-sitio-web\/"]}]},{"@type":"ImageObject","inLanguage":"pt-BR","@id":"https:\/\/encartes.mx\/olvera-procesos-divulgacion-ciencia-sitio-web\/#primaryimage","url":"https:\/\/encartes.mx\/wp-content\/uploads\/2024\/03\/FIgura-4.jpg","contentUrl":"https:\/\/encartes.mx\/wp-content\/uploads\/2024\/03\/FIgura-4.jpg","width":1351,"height":613},{"@type":"BreadcrumbList","@id":"https:\/\/encartes.mx\/olvera-procesos-divulgacion-ciencia-sitio-web\/#breadcrumb","itemListElement":[{"@type":"ListItem","position":1,"name":"Home","item":"https:\/\/encartes.mx\/"},{"@type":"ListItem","position":2,"name":"La divulgaci\u00f3n cient\u00edfica como ciencia, t\u00e9cnica y arte. El caso de \u201cmusicaenelnoreste.mx\u201d"}]},{"@type":"WebSite","@id":"https:\/\/encartes.mx\/#website","url":"https:\/\/encartes.mx\/","name":"Encartes","description":"Revista multim\u00eddia digital","publisher":{"@id":"https:\/\/encartes.mx\/#organization"},"potentialAction":[{"@type":"SearchAction","target":{"@type":"EntryPoint","urlTemplate":"https:\/\/encartes.mx\/?s={search_term_string}"},"query-input":"required name=search_term_string"}],"inLanguage":"pt-BR"},{"@type":"Organization","@id":"https:\/\/encartes.mx\/#organization","name":"Inser\u00e7\u00f5es antropol\u00f3gicas","url":"https:\/\/encartes.mx\/","logo":{"@type":"ImageObject","inLanguage":"pt-BR","@id":"https:\/\/encartes.mx\/#\/schema\/logo\/image\/","url":"https:\/\/encartes.mx\/wp-content\/uploads\/2017\/04\/Logo-04.png","contentUrl":"https:\/\/encartes.mx\/wp-content\/uploads\/2017\/04\/Logo-04.png","width":338,"height":306,"caption":"Encartes Antropol\u00f3gicos"},"image":{"@id":"https:\/\/encartes.mx\/#\/schema\/logo\/image\/"}},{"@type":"Person","@id":"https:\/\/encartes.mx\/#\/schema\/person\/97215bba1729028a4169cab07f8e58ef","name":"Arthur Ventura","image":{"@type":"ImageObject","inLanguage":"pt-BR","@id":"https:\/\/encartes.mx\/#\/schema\/person\/image\/8a45818ea77a67a00c058d294424a6f6","url":"https:\/\/secure.gravatar.com\/avatar\/e8ff614b2fa0d91ff6c65f328a272c53?s=96&d=identicon&r=g","contentUrl":"https:\/\/secure.gravatar.com\/avatar\/e8ff614b2fa0d91ff6c65f328a272c53?s=96&d=identicon&r=g","caption":"Arthur Ventura"}}]}},"jetpack_sharing_enabled":true,"jetpack_featured_media_url":"https:\/\/encartes.mx\/wp-content\/uploads\/2024\/03\/FIgura-4.jpg","_links":{"self":[{"href":"https:\/\/encartes.mx\/pt\/wp-json\/wp\/v2\/posts\/38605","targetHints":{"allow":["GET"]}}],"collection":[{"href":"https:\/\/encartes.mx\/pt\/wp-json\/wp\/v2\/posts"}],"about":[{"href":"https:\/\/encartes.mx\/pt\/wp-json\/wp\/v2\/types\/post"}],"author":[{"embeddable":true,"href":"https:\/\/encartes.mx\/pt\/wp-json\/wp\/v2\/users\/4"}],"replies":[{"embeddable":true,"href":"https:\/\/encartes.mx\/pt\/wp-json\/wp\/v2\/comments?post=38605"}],"version-history":[{"count":7,"href":"https:\/\/encartes.mx\/pt\/wp-json\/wp\/v2\/posts\/38605\/revisions"}],"predecessor-version":[{"id":38737,"href":"https:\/\/encartes.mx\/pt\/wp-json\/wp\/v2\/posts\/38605\/revisions\/38737"}],"wp:featuredmedia":[{"embeddable":true,"href":"https:\/\/encartes.mx\/pt\/wp-json\/wp\/v2\/media\/38581"}],"wp:attachment":[{"href":"https:\/\/encartes.mx\/pt\/wp-json\/wp\/v2\/media?parent=38605"}],"wp:term":[{"taxonomy":"category","embeddable":true,"href":"https:\/\/encartes.mx\/pt\/wp-json\/wp\/v2\/categories?post=38605"},{"taxonomy":"post_tag","embeddable":true,"href":"https:\/\/encartes.mx\/pt\/wp-json\/wp\/v2\/tags?post=38605"},{"taxonomy":"author","embeddable":true,"href":"https:\/\/encartes.mx\/pt\/wp-json\/wp\/v2\/coauthors?post=38605"}],"curies":[{"name":"wp","href":"https:\/\/api.w.org\/{rel}","templated":true}]}}