{"id":37046,"date":"2023-03-21T23:26:42","date_gmt":"2023-03-21T23:26:42","guid":{"rendered":"https:\/\/encartes.mx\/?p=37046"},"modified":"2024-04-24T09:53:50","modified_gmt":"2024-04-24T15:53:50","slug":"navarro-arquitectura-neogotica-jalisco","status":"publish","type":"post","link":"https:\/\/encartes.mx\/pt\/navarro-arquitectura-neogotica-jalisco\/","title":{"rendered":"Para uma interpreta\u00e7\u00e3o geogr\u00e1fica e hist\u00f3rica da arquitetura neo-g\u00f3tica de Jalisco"},"content":{"rendered":"<p class=\"has-drop-cap abstract translation-block\">O livro <em>Neogothic in Jalisco. Gu\u00eda b\u00e1sica para la apreciaci\u00f3n del entorno cultural edificado<\/em>, de Mart\u00edn Checa-Artasu, apresenta uma interessante investiga\u00e7\u00e3o sobre o desenvolvimento hist\u00f3rico, tipologias e distribui\u00e7\u00e3o geogr\u00e1fica da arquitetura neog\u00f3tica no estado mexicano de Jalisco, como um fen\u00f4meno cultural de adapta\u00e7\u00e3o e reinterpreta\u00e7\u00e3o em escala regional de uma tend\u00eancia arquitet\u00f4nica global. Para abordar o tema, o autor adota uma perspectiva interdisciplinar na qual o tempo e a difus\u00e3o territorial das id\u00e9ias em torno do design e simbolismos do <em>reavivamento g\u00f3tico<\/em> s\u00e3o centrais para interpretar o panorama atual da arquitetura neog\u00f3tica de Jalisco constru\u00edda entre o final do s\u00e9culo <span class=\"small-caps\">xix<\/span> e o in\u00edcio do s\u00e9culo <span class=\"small-caps\">xx<\/span>.<\/p>\n\n\n\n<p>Como poucos outros trabalhos sobre este assunto, Mart\u00edn Checa-Artasu's<a class=\"anota\" id=\"anota1\" data-footnote=\"1\">1<\/a> baseia-se numa investiga\u00e7\u00e3o rigorosa de fontes hist\u00f3ricas, documentais, orais e bibliogr\u00e1ficas, complementada por um registro fotogr\u00e1fico exaustivo dos exemplos apresentados nos diferentes cap\u00edtulos do livro. Neste sentido, \u00e9 uma publica\u00e7\u00e3o pioneira que contribui para o estudo de um tipo de patrim\u00f4nio cultural que tem sido pouco analisado do ponto de vista da pesquisa acad\u00eamica, n\u00e3o apenas nesta regi\u00e3o do oeste do M\u00e9xico, mas no pa\u00eds em geral.<\/p>\n\n\n\n<p>O livro est\u00e1 estruturado em duas se\u00e7\u00f5es principais. A primeira \u00e9 desenvolvida a partir de uma perspectiva multi-escala na qual s\u00e3o apresentados os antecedentes e caracter\u00edsticas gerais da arquitetura neog\u00f3tica no mundo, na Am\u00e9rica Latina, no M\u00e9xico e, finalmente, em Jalisco. A segunda se\u00e7\u00e3o explica em detalhes as tipologias da arquitetura neog\u00f3tica de Jalisco, assim como mais de dez exemplos que Checa-Artasu escolheu para examinar em profundidade como casos representativos de um universo maior.<\/p>\n\n\n\n<p class=\"translation-block\">Em resumo, a obra em an\u00e1lise tem a virtude de ser um estudo interdisciplinar que se move entre a hist\u00f3ria da arquitetura e a geografia do patrim\u00f4nio, sem descuidar do marcado interesse do autor em descrever e explicar as diferentes formas que a cultura do design e a constru\u00e7\u00e3o do <em>gothic revival<\/em> pelo mundo, neste caso, na escala regional, no estado de Jalisco.<\/p>\n\n\n\n<p>\u00c9 a partir deste desenvolvimento inicial na Inglaterra e na Fran\u00e7a que a arquitetura neog\u00f3tica encontrou v\u00e1rios canais de transmiss\u00e3o para o resto do mundo anglo-sax\u00e3o na costa leste dos Estados Unidos, Canad\u00e1 e nos territ\u00f3rios imperiais ultramarinos na Oceania. Nestas regi\u00f5es do mundo, sua aplica\u00e7\u00e3o se manifestou principalmente na constru\u00e7\u00e3o de catedrais, universidades e todos os tipos de edif\u00edcios p\u00fablicos.<\/p>\n\n\n\n<p class=\"translation-block\">Nesta mesma se\u00e7\u00e3o, o autor descreve as rotas de entrada e manifesta\u00e7\u00f5es da arquitetura neo-g\u00f3tica na Am\u00e9rica Latina durante a segunda metade do s\u00e9culo XIX, que \u00e9 uma das mais recorrentes na constru\u00e7\u00e3o de monumentais templos cat\u00f3licos como marcos urbanos em diferentes cidades da regi\u00e3o. Segundo o autor, a constru\u00e7\u00e3o destas grandes catedrais e bas\u00edlicas foi a express\u00e3o de uma s\u00e9rie de simbolismos que elevaram a figura da Igreja Cat\u00f3lica, seja para legitimar seu poder durante o processo pol\u00edtico de consolida\u00e7\u00e3o dos jovens Estados-na\u00e7\u00e3o, seja para recuperar sua visibilidade social no final das frentes liberais que dominaram a regi\u00e3o durante a segunda metade do s\u00e9culo XIX. Em qualquer caso, o resultado destes processos de grande escala foi a constru\u00e7\u00e3o de templos grandiloquentes de arquitetura neog\u00f3tica, como a Catedral da Imaculada Concei\u00e7\u00e3o em La Plata ou a Bas\u00edlica de Nossa Senhora de Luj\u00e1n, ambas na Argentina; ou a Bas\u00edlica do Voto Nacional em Quito, Equador, s\u00f3 para citar alguns exemplos.<\/p>\n\n\n\n<p>Continuando com o tema, o autor desenvolve uma nova se\u00e7\u00e3o onde a escala muda para se ater ao n\u00edvel nacional mexicano e concentra sua an\u00e1lise em dois aspectos principais: o primeiro \u00e9 uma leitura inovadora e interessante sobre a arquitetura neo-g\u00f3tica em termos quantitativos que, embora descritiva, cumpre seu prop\u00f3sito oferecendo uma vis\u00e3o sint\u00e9tica, por exemplo, do n\u00famero de casos de arquitetura neo-g\u00f3tica registrados em um censo nacional de sua pr\u00f3pria elabora\u00e7\u00e3o, per\u00edodos de constru\u00e7\u00e3o, tipologias construtivas ou agentes envolvidos nas obras. A vis\u00e3o quantitativa \u00e9 apresentada em detalhes atrav\u00e9s de uma s\u00e9rie de gr\u00e1ficos, cronogramas e descri\u00e7\u00f5es percentuais que oferecem uma leitura muito mais objetiva do fen\u00f4meno neog\u00f3tico em escala nacional. Esta apresenta\u00e7\u00e3o \u00e9 completada por uma representa\u00e7\u00e3o cartogr\u00e1fica da distribui\u00e7\u00e3o geogr\u00e1fica do censo da arquitetura neog\u00f3tica em n\u00edvel nacional.<\/p>\n\n\n\n<p class=\"translation-block\">A segunda parte desta se\u00e7\u00e3o, que se concentra no M\u00e9xico, descreve as formas que a arquitetura neog\u00f3tica tomou no pa\u00eds, assim como as diferentes formas pelas quais entrou, se espalhou e foi interpretada regional ou localmente. Entre essas vias, destaca-se a transfer\u00eancia de estudiosos, professores e intelectuais de arquitetura e design que ocorreu entre diferentes academias mexicanas e europ\u00e9ias a partir da segunda metade do s\u00e9culo XIX. Por outro lado, destaca-se o papel dos arquitetos e engenheiros estrangeiros que, por diversas raz\u00f5es, imigraram para o fin-de-si\u00e8cle M\u00e9xico, contribuindo com o esp\u00edrito construtivo e a experi\u00eancia do neo-g\u00f3tico europeu aplicado aos novos edif\u00edcios nas cidades e vilas do pa\u00eds. Ainda mais importantes no desenvolvimento deste tipo de arquitetura foram agentes como os mestres construtores, mestres construtores, p\u00e1rocos e elites locais que demonstraram sua predile\u00e7\u00e3o pelo uso e reinterpreta\u00e7\u00e3o do g\u00f3tico na constru\u00e7\u00e3o de templos grandiloquentes, capelas, pal\u00e1cios e monumentos funer\u00e1rios. Este \u00faltimo foi, em muitos casos, a principal forma pela qual a cultura do projeto arquitet\u00f4nico neog\u00f3tico se espalhou por todo o pa\u00eds.<\/p>\n\n\n\n<p class=\"translation-block\">Esta se\u00e7\u00e3o conclui com a se\u00e7\u00e3o em escala regional na qual o autor desenvolve o caso espec\u00edfico de Jalisco. A primeira parte fornece uma vis\u00e3o geral quantitativa-descritiva da distribui\u00e7\u00e3o geogr\u00e1fica desta arquitetura em toda a Jalisco. Mais tarde, o autor descreve uma s\u00e9rie de tipologias que nos permitem compreender as diferentes formas que a arquitetura neo-g\u00f3tica adotou na regi\u00e3o em um per\u00edodo de tempo que se estendeu entre a segunda metade do s\u00e9culo XIX e os anos 30. Esta s\u00e9rie tipol\u00f3gica \u00e9 composta por cinco formas de arquitetura neog\u00f3tica de natureza variada que, por sua vez, explicam em grande parte a forma como este historicismo penetrou na regi\u00e3o de Jalisco. A primeira delas s\u00e3o as igrejas paroquiais cat\u00f3licas, conclu\u00eddas ap\u00f3s v\u00e1rios anos de constru\u00e7\u00e3o. A maioria delas s\u00e3o edif\u00edcios com planta latina e uma \u00fanica nave, localizados principalmente em ambientes urbanos de tamanho modesto ou em cidades estreitamente ligadas ao meio rural, onde a igreja neo-g\u00f3tica contrasta espacial e visualmente em grande parte devido a seu tamanho e formas pontiagudas. Entre esses templos est\u00e3o a igreja de Santa Maria de Guadalupe, no munic\u00edpio de Degollado, ou o templo do Senhor da Miseric\u00f3rdia em Jalpa de C\u00e1novas, em Guanajuato.<\/p>\n\n\n\n<p class=\"translation-block\">Uma segunda tipologia \u00e9 a dos grandes templos que permaneceram inacabados at\u00e9 hoje devido \u00e0 monumentalidade de suas obras, \u00e0 falta de recursos e aos conflitos pol\u00edticos nos quais a Igreja e o Estado mexicano estiveram imersos durante as primeiras d\u00e9cadas do s\u00e9culo XX. S\u00e3o igrejas com uma ou tr\u00eas naves, com um plano de cruz latina, com uma ou duas torres altas, uma c\u00fapula e ambulat\u00f3rio. Este tipo de constru\u00e7\u00e3o faz lembrar as grandes catedrais neog\u00f3ticas da Europa e as grandes cidades da costa leste dos Estados Unidos. Dois casos emblem\u00e1ticos desta tipologia s\u00e3o os monumentais templos de San Jos\u00e9 Obrero, em Arandas, e o Expiatorio del Sant\u00edsimo Sacramento, em Guadalajara.<\/p>\n\n\n\n<p class=\"translation-block\">Uma terceira tipologia \u00e9 a daqueles templos que j\u00e1 existiam, muitos deles constru\u00eddos durante o s\u00e9culo XVIII ou mesmo antes em estilos como o neocl\u00e1ssico ou barroco, e sobre os quais foram realizadas renova\u00e7\u00f5es ou adapta\u00e7\u00f5es durante o per\u00edodo do per\u00edodo neo-g\u00f3tico. Estas opera\u00e7\u00f5es foram realizadas no final do s\u00e9culo XIX ou durante as primeiras d\u00e9cadas do s\u00e9culo XX, o que resultou em constru\u00e7\u00f5es ecl\u00e9ticas em elementos como fachadas, torres, campan\u00e1rios ou decora\u00e7\u00f5es interiores em naves, capelas, presbit\u00e9rios, etc. Nesta tipologia vale mencionar, por exemplo, o caso da fachada do templo do Sagrado Cora\u00e7\u00e3o, em Tecolotl\u00e1n; a torre e a fachada da pedreira do templo de Nuestra Se\u00f1ora de la Soledad, em Ayotl\u00e1n; ou a fachada do Santu\u00e1rio de Nuestra Se\u00f1ora del Refugio, em Ojuelos de Jalisco, constru\u00eddo originalmente em estilo neocl\u00e1ssico durante o s\u00e9culo XVIII.<\/p>\n\n\n\n<p class=\"translation-block\">Uma quarta tipologia proposta pelo autor para a arquitetura neo-g\u00f3tica em Jalisco corresponde a torres e torres sineira. Este \u00e9 um tipo de constru\u00e7\u00e3o que foi muito comum na regi\u00e3o a partir de meados do s\u00e9culo XIX e teve uma fun\u00e7\u00e3o de reparo, seja para completar o trabalho em templos semi-constru\u00eddos ou para reconstruir pe\u00e7as que tinham sido danificadas ou deterioradas por diferentes motivos. Um exemplo paradigm\u00e1tico desta tipologia, que serviu de inspira\u00e7\u00e3o para outros templos, foi a constru\u00e7\u00e3o das torres neog\u00f3ticas da Catedral Metropolitana de Guadalajara, projeto do arquiteto Manuel G\u00f3mez Ibarra, realizado de forma pioneira entre 1851 e 1854. Outros casos como a torre do templo da Imaculada Concei\u00e7\u00e3o em Sayula ou a torre com arcos de ogee do Santu\u00e1rio de Nossa Senhora da Defesa em Juanacatl\u00e1n tamb\u00e9m se destacam.<\/p>\n\n\n\n<p class=\"translation-block\">A quinta tipologia refere-se precisamente a decora\u00e7\u00f5es e ornamenta\u00e7\u00e3o: ret\u00e1bulos e m\u00f3veis dentro das igrejas que foram restaurados, recuperados ou renovados. Nesta tipologia, descreve Checa-Artasu, h\u00e1 in\u00fameros exemplos de projetos belamente trabalhados que se materializaram a partir das \u00faltimas d\u00e9cadas do s\u00e9culo XIX.<\/p>\n\n\n\n<p>Na sexta tipologia, o autor se afasta da arquitetura religiosa e nos leva para a arquitetura civil, onde as casas particulares nas cidades e fazendas localizadas em \u00e1reas agr\u00edcolas representam o maior n\u00famero de exemplos deste tipo. Finalmente, a \u00faltima tipologia proposta \u00e9 a da arquitetura neog\u00f3tica, que pode ser encontrada nos cemit\u00e9rios e cemit\u00e9rios de Jalisco.<\/p>\n\n\n\n<p>Neste momento, o autor de <em>Neo-G\u00f3tico em Jalisco<\/em> apresenta a segunda grande se\u00e7\u00e3o do livro, que ele intitulou \"Obras Singulares\". Esta se\u00e7\u00e3o descreve os detalhes hist\u00f3ricos do que Mart\u00edn Checa-Artasu considerou como sendo os casos mais relevantes em seu estudo e que de alguma forma s\u00e3o representativos de todas as tipologias descritas acima para o Estado. A se\u00e7\u00e3o sobre casos espec\u00edficos se destaca por sua profunda revis\u00e3o bibliogr\u00e1fica, mas sobretudo pela pesquisa de fontes hist\u00f3ricas de primeira m\u00e3o, bem como pelo resgate de relatos orais que d\u00e3o conta da hist\u00f3ria construtiva de todos os exemplos apresentados.<\/p>\n\n\n\n<p>Para o leitor interessado nos detalhes de um caso particular tratado nesta se\u00e7\u00e3o, \u00e9 descrito o \u00edndice das \"Obras Singulares\":<\/p>\n\n\n\n<ul class=\"wp-block-list\"><li>Arquitetura civil neog\u00f3tica em Jalisco: casas, escolas e hospitais.<\/li><li>Os portais neo-g\u00f3ticos em Jalisco.<\/li><li>O Neo-G\u00f3tico em cemit\u00e9rios e pante\u00f5es\/Guadalajara, Jalisco.<\/li><li>As torres da Catedral Metropolitana\/Guadalajara, Jalisco.<\/li><li>O Templo Expiat\u00f3rio do Sant\u00edssimo Sacramento\/Guadalajara, Jalisco.<\/li><li>Templo de Nuestra Se\u00f1ora del Rosario\/Guadalajara, Jalisco.<\/li><li>O Templo de San Jos\u00e9 Obrero\/Arandas, Jalisco.<\/li><li>A decora\u00e7\u00e3o neog\u00f3tica do Templo de Santa Teresa\/Guadalajara, Jalisco.<\/li><li>Igreja de Nossa Senhora do Ref\u00fagio\/Guadalajara, Jalisco.<\/li><li>O Templo de San Antonio de Padua\/Ciudad de Guzm\u00e1n, Jalisco.<\/li><li>O Templo del Se\u00f1or San Jos\u00e9 na Hacienda de los Sauces\/Encarnaci\u00f3n de D\u00edaz, Jalisco.<\/li><li>Santu\u00e1rio do Sagrado Cora\u00e7\u00e3o de Jesus\/Tonal\u00e1, Jalisco.<\/li><li>Santu\u00e1rio de Jesus, Maria e Jos\u00e9\/Encarnaci\u00f3n de D\u00edaz, Jalisco.<\/li><li>A Igreja da Imaculada Concei\u00e7\u00e3o\/Autl\u00e1n de Navarro, Jalisco.<\/li><li>La Capilla de El Calvario\/Atotonilco el Alto, Jalisco.<\/li><li>Par\u00f3quia de Santa Maria de Guadalupe\/Degollado, Jalisco.<\/li><li>Um projeto em estilo neo-g\u00f3tico para a par\u00f3quia\/San Agust\u00edn de Tecolotl\u00e1n, Jalisco.<\/li><li>O Santu\u00e1rio da Virgen del Carmen\/Atotonilco el Alto, Jalisco.<\/li><\/ul>\n\n\n\n<p>Em resumo, a obra em an\u00e1lise tem a virtude de ser um estudo interdisciplinar que se move entre a hist\u00f3ria da arquitetura e a geografia do patrim\u00f4nio, sem descuidar do marcado interesse do autor em descrever e explicar as diferentes formas que a cultura do design e a constru\u00e7\u00e3o do edif\u00edcio tomou. <em>reavivamento g\u00f3tico<\/em> O foco neste caso \u00e9 a escala regional, no estado de Jalisco.<\/p>\n\n\n\n<p>Do ponto de vista do estado da arte sobre o assunto, este \u00e9 um estudo inovador por duas raz\u00f5es: a primeira \u00e9 que os estudos sobre arquitetura historicista do tipo medieval s\u00e3o escassos na Espanha e se concentram mais na morfologia dos edif\u00edcios, deixando quase sempre de lado a pesquisa hist\u00f3rica. Neste sentido, o estudo de Checa-Artasu \u00e9 baseado em uma grande quantidade de fontes documentais e informa\u00e7\u00f5es estat\u00edsticas. A segunda \u00e9 que existe uma inova\u00e7\u00e3o metodol\u00f3gica na medida em que a abordagem deste historicismo arquitet\u00f4nico re\u00fane habilmente perspectivas geogr\u00e1ficas, hist\u00f3ricas, cartogr\u00e1ficas e estat\u00edsticas.<\/p>\n\n\n\n<p class=\"translation-block\">Al\u00e9m do trabalho descrito acima, deve-se dizer que este tipo de arquitetura constitui um patrim\u00f4nio que se estende por todo o territ\u00f3rio mexicano, embora tenha sido pouco valorizado e ainda menos estudado, raz\u00e3o pela qual continua sendo uma tarefa pendente tanto para as institui\u00e7\u00f5es encarregadas da gest\u00e3o do patrim\u00f4nio quanto para os estudiosos do assunto. Em todo caso, \u00e9 um legado cultural do s\u00e9culo XIX com muitas peculiaridades e arestas a serem descobertas.<\/p>\n\n\n\n<h2 class=\"wp-block-heading\">Bibliografia<\/h2>\n\n\n\n<p class=\"bibliography\" data-no-auto-translation=\"\">Clark, Kenneth (1995). The Gothic Revival: An Essay in the History of Taste. Londres: John Murray.<\/p>\n\n\n\n<p class=\"bibliography\" data-no-auto-translation=\"\">Pugin, Augustus-Charles y Edward Wilson (1921). Specimens of Gothic: Selected from Various Ancient Edifices in England, vol. <span class=\"small-caps\">i<\/span>. Londres: Architectural Library.<\/p>\n\n\n\n<p class=\"bibliography\" data-no-auto-translation=\"\">Rickman, Thomas (1848). An Attempt to Discriminate the Styles of English Architecture. From the Conquest to the Reformation. Londres: John Henry Parker.<\/p>\n\n\n\n<p class=\"bibliography\" data-no-auto-translation=\"\">Viollet-le Duc, Eug\u00e8ne (1863). Entretiens sur l\u2019architecture. Par\u00eds: Morel.<\/p>\n\n\n\n<p class=\"bibliography\" data-no-auto-translation=\"\">Yorke, Trevor (2017). Gothic Revival Architecture. Londres: Bloomsbury Publishing.<\/p>\n\n\n\n<hr class=\"wp-block-separator has-text-color has-background has-accent-background-color has-accent-color is-style-dots\"\/>\n\n\n\n<p class=\"abstract\"><em>Francisco Javier Navarro Jim\u00e9nez<\/em> \u00e9 formado em Geografia Humana e mestre em Hist\u00f3ria Internacional, atualmente doutorando na Universidad Michoacana. Ele leciona Geografia, Cartografia e Geografia Hist\u00f3rica no Instituto de Investiga\u00e7\u00f5es Dr. Jos\u00e9 Mar\u00eda Luis Mora. Ele se especializou em geografia urbana, hist\u00f3ria urbana, arquitetura historicista e pesquisa de fontes hist\u00f3ricas para o estudo das cidades. Suas \u00faltimas publica\u00e7\u00f5es s\u00e3o \"Las aguas de Chapultepec: historia, proyectos de aprovechamiento y arquitectura, 1888-1952\", <em>Revista Bit\u00e1cora Arquitectura<\/em> (<span class=\"small-caps\">unam<\/span>2022); autor de v\u00e1rios cap\u00edtulos dos livros <em>Arquitetos e artistas da di\u00e1spora italiana na Am\u00e9rica Latina<\/em> (Roma, 2021); <em>Adamo Boari (1863-1928).<\/em> <em>Arquiteto entre Am\u00e9rica e Europa<\/em> (Roma, 2020); e <em>Italianos no M\u00e9xico. Arquitetos, engenheiros e artistas entre os s\u00e9culos <span class=\"small-caps\">xix<\/span> e <span class=\"small-caps\">xx<\/span><\/em> (Roma, 2019).<\/p>","protected":false},"excerpt":{"rendered":"<p>O livro de Mart\u00edn Checa-Artasu apresenta uma interessante investiga\u00e7\u00e3o da arquitetura neog\u00f3tica em Jalisco.<\/p>","protected":false},"author":4,"featured_media":37053,"comment_status":"open","ping_status":"open","sticky":false,"template":"","format":"standard","meta":{"_acf_changed":false,"footnotes":""},"categories":[10],"tags":[],"coauthors":[551],"class_list":["post-37046","post","type-post","status-publish","format-standard","has-post-thumbnail","hentry","category-10","personas-navarro-francisco","numeros-1038"],"acf":[],"yoast_head":"<!-- This site is optimized with the Yoast SEO plugin v22.2 - https:\/\/yoast.com\/wordpress\/plugins\/seo\/ -->\n<title>Hacia una interpretaci\u00f3n geogr\u00e1fica e hist\u00f3rica de la arquitectura neog\u00f3tica jalisciense &#8211; Encartes<\/title>\n<meta name=\"description\" content=\"El libro de Mart\u00edn Checa-Artasu, presenta una interesante investigaci\u00f3n de la arquitectura neog\u00f3tica en Jalisco.\" \/>\n<meta name=\"robots\" content=\"index, follow, max-snippet:-1, max-image-preview:large, max-video-preview:-1\" \/>\n<link rel=\"canonical\" href=\"https:\/\/encartes.mx\/pt\/navarro-arquitectura-neogotica-jalisco\/\" \/>\n<meta property=\"og:locale\" content=\"pt_BR\" \/>\n<meta property=\"og:type\" content=\"article\" \/>\n<meta property=\"og:title\" content=\"Hacia una interpretaci\u00f3n geogr\u00e1fica e hist\u00f3rica de la arquitectura neog\u00f3tica jalisciense &#8211; Encartes\" \/>\n<meta property=\"og:description\" content=\"El libro de Mart\u00edn Checa-Artasu, presenta una interesante investigaci\u00f3n de la arquitectura neog\u00f3tica en Jalisco.\" \/>\n<meta property=\"og:url\" content=\"https:\/\/encartes.mx\/pt\/navarro-arquitectura-neogotica-jalisco\/\" \/>\n<meta property=\"og:site_name\" content=\"Encartes\" \/>\n<meta property=\"article:published_time\" content=\"2023-03-21T23:26:42+00:00\" \/>\n<meta property=\"article:modified_time\" content=\"2024-04-24T15:53:50+00:00\" \/>\n<meta property=\"og:image\" content=\"https:\/\/encartes.mx\/wp-content\/uploads\/2023\/03\/navarro-arquitectura-neogotica-jalisco-portada.jpg\" \/>\n\t<meta property=\"og:image:width\" content=\"994\" \/>\n\t<meta property=\"og:image:height\" content=\"1447\" \/>\n\t<meta property=\"og:image:type\" content=\"image\/jpeg\" \/>\n<meta name=\"author\" content=\"Arthur Ventura\" \/>\n<meta name=\"twitter:card\" content=\"summary_large_image\" \/>\n<meta name=\"twitter:label1\" content=\"Escrito por\" \/>\n\t<meta name=\"twitter:data1\" content=\"Arthur Ventura\" \/>\n\t<meta name=\"twitter:label2\" content=\"Est. tempo de leitura\" \/>\n\t<meta name=\"twitter:data2\" content=\"12 minutos\" \/>\n\t<meta name=\"twitter:label3\" content=\"Written by\" \/>\n\t<meta name=\"twitter:data3\" content=\"Arthur Ventura\" \/>\n<script type=\"application\/ld+json\" class=\"yoast-schema-graph\">{\"@context\":\"https:\/\/schema.org\",\"@graph\":[{\"@type\":\"Article\",\"@id\":\"https:\/\/encartes.mx\/navarro-arquitectura-neogotica-jalisco\/#article\",\"isPartOf\":{\"@id\":\"https:\/\/encartes.mx\/navarro-arquitectura-neogotica-jalisco\/\"},\"author\":{\"name\":\"Arthur Ventura\",\"@id\":\"https:\/\/encartes.mx\/#\/schema\/person\/97215bba1729028a4169cab07f8e58ef\"},\"headline\":\"Hacia una interpretaci\u00f3n geogr\u00e1fica e hist\u00f3rica de la arquitectura neog\u00f3tica jalisciense\",\"datePublished\":\"2023-03-21T23:26:42+00:00\",\"dateModified\":\"2024-04-24T15:53:50+00:00\",\"mainEntityOfPage\":{\"@id\":\"https:\/\/encartes.mx\/navarro-arquitectura-neogotica-jalisco\/\"},\"wordCount\":2842,\"commentCount\":0,\"publisher\":{\"@id\":\"https:\/\/encartes.mx\/#organization\"},\"image\":{\"@id\":\"https:\/\/encartes.mx\/navarro-arquitectura-neogotica-jalisco\/#primaryimage\"},\"thumbnailUrl\":\"https:\/\/encartes.mx\/wp-content\/uploads\/2023\/03\/navarro-arquitectura-neogotica-jalisco-portada.jpg\",\"articleSection\":[\"Rese\u00f1as cr\u00edticas\"],\"inLanguage\":\"pt-BR\",\"potentialAction\":[{\"@type\":\"CommentAction\",\"name\":\"Comment\",\"target\":[\"https:\/\/encartes.mx\/navarro-arquitectura-neogotica-jalisco\/#respond\"]}]},{\"@type\":\"WebPage\",\"@id\":\"https:\/\/encartes.mx\/navarro-arquitectura-neogotica-jalisco\/\",\"url\":\"https:\/\/encartes.mx\/navarro-arquitectura-neogotica-jalisco\/\",\"name\":\"Hacia una interpretaci\u00f3n geogr\u00e1fica e hist\u00f3rica de la arquitectura neog\u00f3tica jalisciense &#8211; Encartes\",\"isPartOf\":{\"@id\":\"https:\/\/encartes.mx\/#website\"},\"primaryImageOfPage\":{\"@id\":\"https:\/\/encartes.mx\/navarro-arquitectura-neogotica-jalisco\/#primaryimage\"},\"image\":{\"@id\":\"https:\/\/encartes.mx\/navarro-arquitectura-neogotica-jalisco\/#primaryimage\"},\"thumbnailUrl\":\"https:\/\/encartes.mx\/wp-content\/uploads\/2023\/03\/navarro-arquitectura-neogotica-jalisco-portada.jpg\",\"datePublished\":\"2023-03-21T23:26:42+00:00\",\"dateModified\":\"2024-04-24T15:53:50+00:00\",\"description\":\"El libro de Mart\u00edn Checa-Artasu, presenta una interesante investigaci\u00f3n de la arquitectura neog\u00f3tica en Jalisco.\",\"breadcrumb\":{\"@id\":\"https:\/\/encartes.mx\/navarro-arquitectura-neogotica-jalisco\/#breadcrumb\"},\"inLanguage\":\"pt-BR\",\"potentialAction\":[{\"@type\":\"ReadAction\",\"target\":[\"https:\/\/encartes.mx\/navarro-arquitectura-neogotica-jalisco\/\"]}]},{\"@type\":\"ImageObject\",\"inLanguage\":\"pt-BR\",\"@id\":\"https:\/\/encartes.mx\/navarro-arquitectura-neogotica-jalisco\/#primaryimage\",\"url\":\"https:\/\/encartes.mx\/wp-content\/uploads\/2023\/03\/navarro-arquitectura-neogotica-jalisco-portada.jpg\",\"contentUrl\":\"https:\/\/encartes.mx\/wp-content\/uploads\/2023\/03\/navarro-arquitectura-neogotica-jalisco-portada.jpg\",\"width\":994,\"height\":1447},{\"@type\":\"BreadcrumbList\",\"@id\":\"https:\/\/encartes.mx\/navarro-arquitectura-neogotica-jalisco\/#breadcrumb\",\"itemListElement\":[{\"@type\":\"ListItem\",\"position\":1,\"name\":\"Home\",\"item\":\"https:\/\/encartes.mx\/\"},{\"@type\":\"ListItem\",\"position\":2,\"name\":\"Hacia una interpretaci\u00f3n geogr\u00e1fica e hist\u00f3rica de la arquitectura neog\u00f3tica jalisciense\"}]},{\"@type\":\"WebSite\",\"@id\":\"https:\/\/encartes.mx\/#website\",\"url\":\"https:\/\/encartes.mx\/\",\"name\":\"Encartes\",\"description\":\"Revista digital multimedia\",\"publisher\":{\"@id\":\"https:\/\/encartes.mx\/#organization\"},\"potentialAction\":[{\"@type\":\"SearchAction\",\"target\":{\"@type\":\"EntryPoint\",\"urlTemplate\":\"https:\/\/encartes.mx\/?s={search_term_string}\"},\"query-input\":\"required name=search_term_string\"}],\"inLanguage\":\"pt-BR\"},{\"@type\":\"Organization\",\"@id\":\"https:\/\/encartes.mx\/#organization\",\"name\":\"Encartes Antropol\u00f3gicos\",\"url\":\"https:\/\/encartes.mx\/\",\"logo\":{\"@type\":\"ImageObject\",\"inLanguage\":\"pt-BR\",\"@id\":\"https:\/\/encartes.mx\/#\/schema\/logo\/image\/\",\"url\":\"https:\/\/encartes.mx\/wp-content\/uploads\/2017\/04\/Logo-04.png\",\"contentUrl\":\"https:\/\/encartes.mx\/wp-content\/uploads\/2017\/04\/Logo-04.png\",\"width\":338,\"height\":306,\"caption\":\"Encartes Antropol\u00f3gicos\"},\"image\":{\"@id\":\"https:\/\/encartes.mx\/#\/schema\/logo\/image\/\"}},{\"@type\":\"Person\",\"@id\":\"https:\/\/encartes.mx\/#\/schema\/person\/97215bba1729028a4169cab07f8e58ef\",\"name\":\"Arthur Ventura\",\"image\":{\"@type\":\"ImageObject\",\"inLanguage\":\"pt-BR\",\"@id\":\"https:\/\/encartes.mx\/#\/schema\/person\/image\/8a45818ea77a67a00c058d294424a6f6\",\"url\":\"https:\/\/secure.gravatar.com\/avatar\/e8ff614b2fa0d91ff6c65f328a272c53?s=96&d=identicon&r=g\",\"contentUrl\":\"https:\/\/secure.gravatar.com\/avatar\/e8ff614b2fa0d91ff6c65f328a272c53?s=96&d=identicon&r=g\",\"caption\":\"Arthur Ventura\"}}]}<\/script>\n<!-- \/ Yoast SEO plugin. -->","yoast_head_json":{"title":"Hacia una interpretaci\u00f3n geogr\u00e1fica e hist\u00f3rica de la arquitectura neog\u00f3tica jalisciense &#8211; Encartes","description":"El libro de Mart\u00edn Checa-Artasu, presenta una interesante investigaci\u00f3n de la arquitectura neog\u00f3tica en Jalisco.","robots":{"index":"index","follow":"follow","max-snippet":"max-snippet:-1","max-image-preview":"max-image-preview:large","max-video-preview":"max-video-preview:-1"},"canonical":"https:\/\/encartes.mx\/pt\/navarro-arquitectura-neogotica-jalisco\/","og_locale":"pt_BR","og_type":"article","og_title":"Hacia una interpretaci\u00f3n geogr\u00e1fica e hist\u00f3rica de la arquitectura neog\u00f3tica jalisciense &#8211; Encartes","og_description":"El libro de Mart\u00edn Checa-Artasu, presenta una interesante investigaci\u00f3n de la arquitectura neog\u00f3tica en Jalisco.","og_url":"https:\/\/encartes.mx\/pt\/navarro-arquitectura-neogotica-jalisco\/","og_site_name":"Encartes","article_published_time":"2023-03-21T23:26:42+00:00","article_modified_time":"2024-04-24T15:53:50+00:00","og_image":[{"width":994,"height":1447,"url":"https:\/\/encartes.mx\/wp-content\/uploads\/2023\/03\/navarro-arquitectura-neogotica-jalisco-portada.jpg","type":"image\/jpeg"}],"author":"Arthur Ventura","twitter_card":"summary_large_image","twitter_misc":{"Escrito por":"Arthur Ventura","Est. tempo de leitura":"12 minutos","Written by":"Arthur Ventura"},"schema":{"@context":"https:\/\/schema.org","@graph":[{"@type":"Article","@id":"https:\/\/encartes.mx\/navarro-arquitectura-neogotica-jalisco\/#article","isPartOf":{"@id":"https:\/\/encartes.mx\/navarro-arquitectura-neogotica-jalisco\/"},"author":{"name":"Arthur Ventura","@id":"https:\/\/encartes.mx\/#\/schema\/person\/97215bba1729028a4169cab07f8e58ef"},"headline":"Hacia una interpretaci\u00f3n geogr\u00e1fica e hist\u00f3rica de la arquitectura neog\u00f3tica jalisciense","datePublished":"2023-03-21T23:26:42+00:00","dateModified":"2024-04-24T15:53:50+00:00","mainEntityOfPage":{"@id":"https:\/\/encartes.mx\/navarro-arquitectura-neogotica-jalisco\/"},"wordCount":2842,"commentCount":0,"publisher":{"@id":"https:\/\/encartes.mx\/#organization"},"image":{"@id":"https:\/\/encartes.mx\/navarro-arquitectura-neogotica-jalisco\/#primaryimage"},"thumbnailUrl":"https:\/\/encartes.mx\/wp-content\/uploads\/2023\/03\/navarro-arquitectura-neogotica-jalisco-portada.jpg","articleSection":["Rese\u00f1as cr\u00edticas"],"inLanguage":"pt-BR","potentialAction":[{"@type":"CommentAction","name":"Comment","target":["https:\/\/encartes.mx\/navarro-arquitectura-neogotica-jalisco\/#respond"]}]},{"@type":"WebPage","@id":"https:\/\/encartes.mx\/navarro-arquitectura-neogotica-jalisco\/","url":"https:\/\/encartes.mx\/navarro-arquitectura-neogotica-jalisco\/","name":"Hacia una interpretaci\u00f3n geogr\u00e1fica e hist\u00f3rica de la arquitectura neog\u00f3tica jalisciense &#8211; Encartes","isPartOf":{"@id":"https:\/\/encartes.mx\/#website"},"primaryImageOfPage":{"@id":"https:\/\/encartes.mx\/navarro-arquitectura-neogotica-jalisco\/#primaryimage"},"image":{"@id":"https:\/\/encartes.mx\/navarro-arquitectura-neogotica-jalisco\/#primaryimage"},"thumbnailUrl":"https:\/\/encartes.mx\/wp-content\/uploads\/2023\/03\/navarro-arquitectura-neogotica-jalisco-portada.jpg","datePublished":"2023-03-21T23:26:42+00:00","dateModified":"2024-04-24T15:53:50+00:00","description":"El libro de Mart\u00edn Checa-Artasu, presenta una interesante investigaci\u00f3n de la arquitectura neog\u00f3tica en Jalisco.","breadcrumb":{"@id":"https:\/\/encartes.mx\/navarro-arquitectura-neogotica-jalisco\/#breadcrumb"},"inLanguage":"pt-BR","potentialAction":[{"@type":"ReadAction","target":["https:\/\/encartes.mx\/navarro-arquitectura-neogotica-jalisco\/"]}]},{"@type":"ImageObject","inLanguage":"pt-BR","@id":"https:\/\/encartes.mx\/navarro-arquitectura-neogotica-jalisco\/#primaryimage","url":"https:\/\/encartes.mx\/wp-content\/uploads\/2023\/03\/navarro-arquitectura-neogotica-jalisco-portada.jpg","contentUrl":"https:\/\/encartes.mx\/wp-content\/uploads\/2023\/03\/navarro-arquitectura-neogotica-jalisco-portada.jpg","width":994,"height":1447},{"@type":"BreadcrumbList","@id":"https:\/\/encartes.mx\/navarro-arquitectura-neogotica-jalisco\/#breadcrumb","itemListElement":[{"@type":"ListItem","position":1,"name":"Home","item":"https:\/\/encartes.mx\/"},{"@type":"ListItem","position":2,"name":"Hacia una interpretaci\u00f3n geogr\u00e1fica e hist\u00f3rica de la arquitectura neog\u00f3tica jalisciense"}]},{"@type":"WebSite","@id":"https:\/\/encartes.mx\/#website","url":"https:\/\/encartes.mx\/","name":"Encartes","description":"Revista multim\u00eddia digital","publisher":{"@id":"https:\/\/encartes.mx\/#organization"},"potentialAction":[{"@type":"SearchAction","target":{"@type":"EntryPoint","urlTemplate":"https:\/\/encartes.mx\/?s={search_term_string}"},"query-input":"required name=search_term_string"}],"inLanguage":"pt-BR"},{"@type":"Organization","@id":"https:\/\/encartes.mx\/#organization","name":"Inser\u00e7\u00f5es antropol\u00f3gicas","url":"https:\/\/encartes.mx\/","logo":{"@type":"ImageObject","inLanguage":"pt-BR","@id":"https:\/\/encartes.mx\/#\/schema\/logo\/image\/","url":"https:\/\/encartes.mx\/wp-content\/uploads\/2017\/04\/Logo-04.png","contentUrl":"https:\/\/encartes.mx\/wp-content\/uploads\/2017\/04\/Logo-04.png","width":338,"height":306,"caption":"Encartes Antropol\u00f3gicos"},"image":{"@id":"https:\/\/encartes.mx\/#\/schema\/logo\/image\/"}},{"@type":"Person","@id":"https:\/\/encartes.mx\/#\/schema\/person\/97215bba1729028a4169cab07f8e58ef","name":"Arthur Ventura","image":{"@type":"ImageObject","inLanguage":"pt-BR","@id":"https:\/\/encartes.mx\/#\/schema\/person\/image\/8a45818ea77a67a00c058d294424a6f6","url":"https:\/\/secure.gravatar.com\/avatar\/e8ff614b2fa0d91ff6c65f328a272c53?s=96&d=identicon&r=g","contentUrl":"https:\/\/secure.gravatar.com\/avatar\/e8ff614b2fa0d91ff6c65f328a272c53?s=96&d=identicon&r=g","caption":"Arthur Ventura"}}]}},"jetpack_sharing_enabled":true,"jetpack_featured_media_url":"https:\/\/encartes.mx\/wp-content\/uploads\/2023\/03\/navarro-arquitectura-neogotica-jalisco-portada.jpg","_links":{"self":[{"href":"https:\/\/encartes.mx\/pt\/wp-json\/wp\/v2\/posts\/37046","targetHints":{"allow":["GET"]}}],"collection":[{"href":"https:\/\/encartes.mx\/pt\/wp-json\/wp\/v2\/posts"}],"about":[{"href":"https:\/\/encartes.mx\/pt\/wp-json\/wp\/v2\/types\/post"}],"author":[{"embeddable":true,"href":"https:\/\/encartes.mx\/pt\/wp-json\/wp\/v2\/users\/4"}],"replies":[{"embeddable":true,"href":"https:\/\/encartes.mx\/pt\/wp-json\/wp\/v2\/comments?post=37046"}],"version-history":[{"count":18,"href":"https:\/\/encartes.mx\/pt\/wp-json\/wp\/v2\/posts\/37046\/revisions"}],"predecessor-version":[{"id":38834,"href":"https:\/\/encartes.mx\/pt\/wp-json\/wp\/v2\/posts\/37046\/revisions\/38834"}],"wp:featuredmedia":[{"embeddable":true,"href":"https:\/\/encartes.mx\/pt\/wp-json\/wp\/v2\/media\/37053"}],"wp:attachment":[{"href":"https:\/\/encartes.mx\/pt\/wp-json\/wp\/v2\/media?parent=37046"}],"wp:term":[{"taxonomy":"category","embeddable":true,"href":"https:\/\/encartes.mx\/pt\/wp-json\/wp\/v2\/categories?post=37046"},{"taxonomy":"post_tag","embeddable":true,"href":"https:\/\/encartes.mx\/pt\/wp-json\/wp\/v2\/tags?post=37046"},{"taxonomy":"author","embeddable":true,"href":"https:\/\/encartes.mx\/pt\/wp-json\/wp\/v2\/coauthors?post=37046"}],"curies":[{"name":"wp","href":"https:\/\/api.w.org\/{rel}","templated":true}]}}