{"id":35588,"date":"2022-03-21T20:44:43","date_gmt":"2022-03-21T20:44:43","guid":{"rendered":"https:\/\/encartes.mx\/?p=35588"},"modified":"2023-11-17T17:59:09","modified_gmt":"2023-11-17T23:59:09","slug":"enriquez-cuevas-castillo-conyugalidad-genero-covid-guadalajara-colima","status":"publish","type":"post","link":"https:\/\/encartes.mx\/pt\/enriquez-cuevas-castillo-conyugalidad-genero-covid-guadalajara-colima\/","title":{"rendered":"Conjugalidade, g\u00eanero e cuidados com o casal em tempos de covid-19 nas \u00e1reas metropolitanas de Colima e Guadalajara, M\u00e9xico."},"content":{"rendered":"<h2 class=\"wp-block-heading\">Sum\u00e1rio<\/h2>\n\n\n\n<p class=\"abstract translation-block\">Diante da pandemia de covid-19, a Organiza\u00e7\u00e3o Mundial da Sa\u00fade (<span class=\"small-caps\">oms<\/span>) recomendou o distanciamento social como medida para diminuir a velocidade de propaga\u00e7\u00e3o do v\u00edrus sars-cov-2. Uma das consequ\u00eancias dessa medida foi o fechamento de institui\u00e7\u00f5es educacionais e um aumento significativo no teletrabalho (<span class=\"small-caps\">cepal<\/span>, 2020c). O confinamento dom\u00e9stico pode estar gerando situa\u00e7\u00f5es de tens\u00e3o, negocia\u00e7\u00e3o e conflito na esfera da intimidade, que, associadas \u00e0 incerteza resultante da pandemia, precisam ser identificadas e analisadas para gerar conhecimento relevante e oportuno diante de um problema sem precedentes que ultrapassa o campo da sa\u00fade e confronta o cotidiano de nossas popula\u00e7\u00f5es.<\/p>\n\n\n\n<p class=\"abstract translation-block\">Diante desse cen\u00e1rio, foi realizada uma pesquisa virtual durante a primeira semana de maio de 2020 usando o Google Forms na \u00c1rea Metropolitana de Guadalajara (<span class=\"small-caps\">amg<\/span>) e na \u00c1rea Metropolitana de Colima (<span class=\"small-caps\">zmc<\/span>) com o objetivo de descobrir como as dimens\u00f5es da conjugalidade, dos pap\u00e9is de g\u00eanero e do cuidado m\u00fatuo em casais heterossexuais foram interrompidas, O objetivo do estudo foi descobrir como as dimens\u00f5es da conjugalidade, dos pap\u00e9is de g\u00eanero e do cuidado m\u00fatuo em casais heterossexuais foram rompidas na esfera da intimidade durante o confinamento causado pela pandemia de covid-19. A pesquisa nos permite concluir que a intimidade nos casais heterossexuais pesquisados mostra que os casais casados e aqueles que tinham relacionamentos de mais de 10 anos de coabita\u00e7\u00e3o vivenciaram conflitos, mas n\u00e3o consideraram o div\u00f3rcio ou a separa\u00e7\u00e3o como sa\u00edda, como fez uma propor\u00e7\u00e3o maior de casais solteiros, e os solteiros que n\u00e3o coabitavam - especialmente os do grupo <span class=\"small-caps\">zmc<\/span> - eram mais afetados pelo confinamento e tinham arranjos mais tradicionais do que o mesmo grupo <span class=\"small-caps\">amg<\/span>, e que tanto os homens quanto as mulheres achavam que a comunica\u00e7\u00e3o com os parceiros, a exist\u00eancia de interesses e objetivos comuns e o fato de se apaixonarem eram elementos fundamentais que afetavam a intimidade conjugal. Por outro lado, os resultados mostram que os pap\u00e9is de g\u00eanero em ambas as cidades continuam a ser uma das esferas da vida privada e p\u00fablica que s\u00e3o utilizadas em situa\u00e7\u00f5es emergentes e urgentes, como a pandemia, situa\u00e7\u00f5es que s\u00e3o imposs\u00edveis de evitar e que t\u00eam um impacto direto nas condi\u00e7\u00f5es de igualdade entre mulheres e homens. Finalmente, no que diz respeito ao cuidado m\u00fatuo no casal, destaca-se a reprodu\u00e7\u00e3o do cuidado material\/econ\u00f4mico por parte do homem, por um lado, e, por outro, a feminiza\u00e7\u00e3o do cuidado emocional e de sa\u00fade por parte da mulher. Em casais jovens, entretanto, h\u00e1 tend\u00eancias interessantes no sentido de um maior envolvimento tanto de mulheres quanto de homens nas tarefas de cuidados emocionais e de sa\u00fade em momentos de confinamento.<\/p>\n\n\n\n<p class=\"abstract\">Palavras-chave: <a href=\"https:\/\/encartes.mx\/pt\/tag\/conyugalidad\/\" rel=\"tag\">conjugalidade<\/a>, <a href=\"https:\/\/encartes.mx\/pt\/tag\/cuidado-mutuo\/\" rel=\"tag\">cuidado m\u00fatuo<\/a>, <a href=\"https:\/\/encartes.mx\/pt\/tag\/intimidad\/\" rel=\"tag\">privacidade<\/a>, <a href=\"https:\/\/encartes.mx\/pt\/tag\/pandemia-por-covid-19\/\" rel=\"tag\">pandemia de covid-19<\/a>, <a href=\"https:\/\/encartes.mx\/pt\/tag\/papeles-de-genero\/\" rel=\"tag\">pap\u00e9is de g\u00eanero<\/a>, <a href=\"https:\/\/encartes.mx\/pt\/tag\/parejas-heterosexuales\/\" rel=\"tag\">casais heterossexuais<\/a><\/p>\n\n\n\n<h2 class=\"en-title wp-block-heading\">Conjugalidade, g\u00eanero e cuidados no casal em tempos de COVID-19 nas \u00e1reas metropolitanas de Colima e Guadalajara, M\u00e9xico<\/h2>\n\n\n\n<p class=\"abstract en-text\">Diante da pandemia da COVID-19, a Organiza\u00e7\u00e3o Mundial da Sa\u00fade (OMS) recomendou o distanciamento social como medida para reduzir a velocidade de propaga\u00e7\u00e3o do v\u00edrus SARS-COV-2. Uma das consequ\u00eancias dessa medida foi o fechamento de centros educacionais e o aumento significativo do trabalho remoto (CEPAL, 2020c). O confinamento domiciliar pode estar criando, em \u00e1reas de intimidade, situa\u00e7\u00f5es de tens\u00e3o, negocia\u00e7\u00e3o e conflito que, associadas \u00e0 incerteza produzida pela pandemia, devem ser identificadas e analisadas para produzir conhecimento pertinente e oportuno contra um problema sem precedentes que ultrapassa o campo da sa\u00fade e confronta a vida cotidiana de nossas popula\u00e7\u00f5es.<\/p>\n\n\n\n<p class=\"abstract en-text\">Considerando essa situa\u00e7\u00e3o, foi realizada uma pesquisa virtual na primeira semana de maio de 2020 usando o Google Forms na \u00c1rea Metropolitana de Guadalajara (AMG) e na Zona Metropolitana de Colima (ZMC) para descobrir como as dimens\u00f5es da vida conjugal, do g\u00eanero e dos pap\u00e9is de cuidado m\u00fatuo foram interrompidas na intimidade de casais heterossexuais durante o bloqueio causado pela pandemia de covid-19. Essa investiga\u00e7\u00e3o nos permite concluir que a intimidade dos casais heterossexuais pesquisados mostra que os casais casados que vivem juntos h\u00e1 mais de 10 anos tiveram conflitos, mas n\u00e3o consideraram o div\u00f3rcio ou a separa\u00e7\u00e3o como uma sa\u00edda, enquanto homens e mulheres solteiros consideraram mais essa possibilidade; os solteiros que n\u00e3o viviam juntos - particularmente na zmc - foram os mais afetados pelo confinamento e fizeram arranjos mais tradicionais do que o mesmo grupo na amg, e ter interesses e objetivos comuns e a falta de amor foram elementos-chave que afetaram a intimidade dos casais. Por outro lado, nossos achados mostram que os pap\u00e9is de g\u00eanero continuam sendo, em ambas as cidades, uma das esferas da vida p\u00fablica e privada a que mais se recorre em situa\u00e7\u00f5es emergentes e urgentes, como a derivada da pandemia, situa\u00e7\u00f5es imposs\u00edveis de serem contornadas e que t\u00eam impacto direto na igualdade de condi\u00e7\u00f5es entre homens e mulheres. Por fim, em rela\u00e7\u00e3o ao cuidado m\u00fatuo do casal, destaca-se a reprodu\u00e7\u00e3o do cuidado material\/econ\u00f4mico por parte dos homens e a feminiza\u00e7\u00e3o do cuidado emocional e de sa\u00fade por parte das mulheres. Entretanto, os casais jovens apresentam tend\u00eancias interessantes no sentido de um maior envolvimento tanto das mulheres quanto dos homens nas tarefas de sa\u00fade e cuidados emocionais em tempos de confinamento.<\/p>\n\n\n\n<p class=\"abstract en-text\">Palavras-chave: pandemia de covid-19, intimidade, conjugalidade, papel de g\u00eanero, cuidado m\u00fatuo, casais heterossexuais.<\/p>\n\n\n\n<hr class=\"wp-block-separator\"\/>\n\n\n\n<h2 class=\"wp-block-heading\">Introdu\u00e7\u00e3o<\/h2>\n\n\n\n<p class=\"has-drop-cap abstract\">Em resposta \u00e0 pandemia de covid-19, a Organiza\u00e7\u00e3o Mundial da Sa\u00fade (<span class=\"small-caps\">quem<\/span>) recomendou o distanciamento social como medida para retardar a dissemina\u00e7\u00e3o do v\u00edrus sars-cov-2. Uma das consequ\u00eancias dessa medida foi o fechamento de institui\u00e7\u00f5es educacionais e um aumento significativo no teletrabalho. At\u00e9 30 de mar\u00e7o de 2020, de acordo com dados do <span class=\"small-caps\">unesco<\/span> (citado em <span class=\"small-caps\">cepal<\/span>Na regi\u00e3o da Am\u00e9rica Latina e do Caribe, 37 pa\u00edses e territ\u00f3rios fecharam suas escolas. Isso levou a uma situa\u00e7\u00e3o em que a popula\u00e7\u00e3o estudantil \u00e9 cuidada pela fam\u00edlia. Essa situa\u00e7\u00e3o levou a um aumento no tempo gasto com trabalho dom\u00e9stico e de cuidados, especialmente pelas mulheres (<span class=\"small-caps\">cepal<\/span>, 2020a). Al\u00e9m disso, em muitos lares, tanto as mulheres quanto os homens est\u00e3o trabalhando remotamente de suas casas, o que est\u00e1 gerando situa\u00e7\u00f5es de tens\u00e3o, negocia\u00e7\u00e3o e conflito que, associadas \u00e0 incerteza resultante da pandemia, precisam ser identificadas e analisadas.<\/p>\n\n\n\n<p>\u00c9 por isso que nos propusemos a realizar uma pesquisa que desse conta das mudan\u00e7as que a pandemia gerou nos relacionamentos de casais. O estudo faz parte do projeto de pesquisa macro \"Intimidade e rela\u00e7\u00f5es de casal na regi\u00e3o centro-oeste do M\u00e9xico contempor\u00e2neo: desafios socioculturais\", com a participa\u00e7\u00e3o de Zeyda Isabel Rodr\u00edguez Morales e Tania Rodr\u00edguez Salazar, da Universidade de Guadalajara; Ana Josefina Cuevas Hern\u00e1ndez e Ana Gabriel Castillo S\u00e1nchez, da Universidade de Colima, e Roc\u00edo Enr\u00edquez Rosas, do Instituto Tecnol\u00f3gico y de Estudios Superiores de Occidente (ITESM).<span class=\"small-caps\">iteso<\/span>). A pesquisa \u00e9 financiada pelo <span class=\"small-caps\">sep-conacyt<\/span> da chamada 2016 para Ci\u00eancia B\u00e1sica, dentro da modalidade de grupos de pesquisa, com o n\u00famero de projeto 245227\/CB284023.<\/p>\n\n\n\n<p>O macroprojeto visa gerar conhecimento no campo de estudos sobre intimidade em casais heterossexuais urbanos, em tr\u00eas faixas et\u00e1rias, a partir de cinco dimens\u00f5es: a) sexualidade, b) conjugalidade, c) pap\u00e9is de g\u00eanero, d) uso de novas tecnologias e e) cuidado m\u00fatuo. O objetivo \u00e9 descobrir como os casais do oeste do M\u00e9xico enfrentam esses desafios, especialmente nos estados de Jalisco e Colima. A \u00c1rea Metropolitana de Guadalajara (<span class=\"small-caps\">amg<\/span>) e a \u00c1rea Metropolitana de Colima (<span class=\"small-caps\">zmc<\/span>) foram escolhidos porque ambos fazem parte de um territ\u00f3rio sociocultural (Gim\u00e9nez, 1999). Isso d\u00e1 forma e significado \u00e0 identidade de indiv\u00edduos e grupos que compartilham elementos econ\u00f4micos, geopol\u00edticos e socioculturais sobre os quais projetam suas concep\u00e7\u00f5es de cultura material e espacial, que, como veremos, s\u00e3o altamente homog\u00eaneas. Esses elementos de identidade s\u00e3o socializados e internalizados e possibilitam \"adquirir o sentimento e o status de pertencimento socioterritorial\" (Gim\u00e9nez, 1999: 37). Eles tamb\u00e9m refletem o fato de que a popula\u00e7\u00e3o estudada compartilha valores e costumes locais, la\u00e7os familiares, sociais e de amizade, e um alto grau de integra\u00e7\u00e3o e solidariedade com a comunidade de refer\u00eancia. Isso explica a grande consist\u00eancia dos dados gerados pela pesquisa, em que as diferen\u00e7as s\u00e3o explicadas mais pelo sexo, idade ou tempo de conviv\u00eancia dos entrevistados do que por suas diferen\u00e7as culturais.<\/p>\n\n\n\n<p>A pesquisa on-line realizada pela equipe que comp\u00f5e esta macropesquisa aborda cinco dimens\u00f5es; para este trabalho, foram analisadas a conjugalidade, os pap\u00e9is de g\u00eanero e o cuidado m\u00fatuo, que s\u00e3o trabalhados no <span class=\"small-caps\">amg<\/span> e no <span class=\"small-caps\">zmc<\/span> compreender as maneiras pelas quais os casais de homens e mulheres vivenciam transforma\u00e7\u00f5es em sua intimidade no atual contexto de incerteza e conting\u00eancia de sa\u00fade.<\/p>\n\n\n\n<p>Em uma publica\u00e7\u00e3o recente, Rodriguez e Rodriguez (2020), com base na pesquisa on-line, abordaram os resultados relacionados \u00e0 <span class=\"small-caps\">amg<\/span> nos eixos da sexualidade e do uso de tecnologias afetivas. Seus resultados indicam que os efeitos em ambas as dimens\u00f5es s\u00e3o mais intensos entre os jovens, os casais que vivenciaram o confinamento \u00e0 dist\u00e2ncia e aqueles com menos anos de relacionamento. Seus achados sobre os efeitos da pandemia na popula\u00e7\u00e3o mais jovem e naqueles com menos anos de conviv\u00eancia s\u00e3o consistentes com os nossos.<\/p>\n\n\n\n<p>Neste artigo, pretendemos responder \u00e0 seguinte pergunta: como a pandemia de covid-19 perturbou a intimidade de tr\u00eas gera\u00e7\u00f5es de casais heterossexuais residentes nas \u00e1reas metropolitanas de Guadalajara e Colima nas dimens\u00f5es da conjugalidade, dos pap\u00e9is de g\u00eanero e do cuidado m\u00fatuo?<\/p>\n\n\n\n<p>O objetivo deste artigo \u00e9 descrever e analisar as principais descobertas da pesquisa on-line realizada na primeira semana de maio de 2020 nas \u00e1reas metropolitanas de Guadalajara e Colima, a fim de descobrir como essas dimens\u00f5es da intimidade foram interrompidas para os casais na regi\u00e3o em estudo. A aplica\u00e7\u00e3o da pesquisa na data mencionada favoreceu uma investiga\u00e7\u00e3o oportuna para explicar a experi\u00eancia do confinamento.<\/p>\n\n\n\n<p>As principais descobertas sobre os efeitos da pandemia na vida conjugal mostram que a popula\u00e7\u00e3o casada e com relacionamentos de mais de dez anos expressou menos inten\u00e7\u00e3o de se separar do parceiro por causa dos conflitos enfrentados durante o relacionamento do que a popula\u00e7\u00e3o mais jovem e com relacionamentos de menos de dez anos, em especial a <span class=\"small-caps\">zmc<\/span>viviam em uma taxa mais alta do que a dos <span class=\"small-caps\">amg<\/span> O estudo constatou que tanto os homens quanto as mulheres achavam que a falta de comunica\u00e7\u00e3o, a falta de interesses e objetivos em comum e o abandono do amor eram as principais causas de um poss\u00edvel div\u00f3rcio ou rompimento.<\/p>\n\n\n\n<p>Com rela\u00e7\u00e3o \u00e0 dimens\u00e3o dos pap\u00e9is de g\u00eanero, constata-se que o trabalho dom\u00e9stico continua sendo realizado principalmente por mulheres em ambas as zonas, embora as condi\u00e7\u00f5es tendam a uma distribui\u00e7\u00e3o mais igualit\u00e1ria entre mulheres e homens na zona de <span class=\"small-caps\">amg<\/span>ao contr\u00e1rio do <span class=\"small-caps\">zmc<\/span>A situa\u00e7\u00e3o de mulheres e homens na regi\u00e3o, onde, como mencionado acima, os valores patriarcais tradicionais persistem e contribuem para o profundo desequil\u00edbrio entre mulheres e homens nesse campo.<\/p>\n\n\n\n<p>Com rela\u00e7\u00e3o ao cuidado m\u00fatuo no casal em tempos de pandemia, os resultados mostram a predomin\u00e2ncia feminina na implementa\u00e7\u00e3o de pr\u00e1ticas de cuidado com o parceiro, tanto na sa\u00fade quanto nas dimens\u00f5es emocional e espiritual. Al\u00e9m disso, o fornecimento de recursos materiais\/econ\u00f4micos \u00e9 considerado principalmente de responsabilidade dos homens. Em casais jovens, s\u00e3o detectadas tend\u00eancias interessantes no sentido de um maior envolvimento tanto de mulheres quanto de homens nas tarefas de cuidado emocional, principalmente.<\/p>\n\n\n\n<p>O documento inclui uma se\u00e7\u00e3o te\u00f3rica que aborda cada um dos tr\u00eas eixos, bem como uma se\u00e7\u00e3o metodol\u00f3gica, e, em seguida, apresentamos a an\u00e1lise dos resultados da pesquisa, bem como as conclus\u00f5es centrais que alertam sobre as m\u00faltiplas maneiras pelas quais a pandemia de covid-19 est\u00e1 questionando categorias como intimidade, conjugalidade, pap\u00e9is de g\u00eanero e cuidado m\u00fatuo em tempos de incerteza, onde h\u00e1 poucas respostas e muitos desafios para a gera\u00e7\u00e3o de conhecimento social que contribua para a compreens\u00e3o dos processos socioculturais envolvidos nessa situa\u00e7\u00e3o in\u00e9dita e excepcional.<\/p>\n\n\n\n<h2 class=\"wp-block-heading\">Perspectiva conceitual-te\u00f3rica<\/h2>\n\n\n\n<p class=\"abstract\">Esta pesquisa est\u00e1 enquadrada em uma perspectiva sociocultural que busca explorar e construir conhecimento sobre a intimidade em casais heterossexuais em \u00e1reas urbanas, cujas vidas di\u00e1rias foram interrompidas pelos efeitos da pandemia de covid-19. Partimos da compreens\u00e3o da intimidade como um \"terreno de reflex\u00e3o, negocia\u00e7\u00e3o e conflito\" subjetivo e interpessoal (Rodr\u00edguez et al., 2019: 41), que \u00e9 composto e compreendido a partir de sua multidimensionalidade, diversidade e dinamismo. A intimidade surgiu a partir da modernidade tardia (Giddens, 1993, 2000; Guevara, 2005; N\u00fa\u00f1ez e Zazueta, 2012) e isso gerou profundas transforma\u00e7\u00f5es na individualiza\u00e7\u00e3o e na autodetermina\u00e7\u00e3o pessoal, bem como na separa\u00e7\u00e3o das esferas p\u00fablica e privada na vida social, cultural, econ\u00f4mica e pol\u00edtica.<\/p>\n\n\n\n<p>Sob essa perspectiva, a conjugalidade \u00e9 entendida como os arranjos formais e informais que os casais estabelecem para viver juntos, sob o mesmo teto ou separadamente, com o objetivo de manter um relacionamento tempor\u00e1rio ou permanente. Esses arranjos envolvem aspectos morais, organizacionais e residenciais, expl\u00edcitos ou impl\u00edcitos, que v\u00e3o al\u00e9m do estado civil de ambos os parceiros. Essa conceitua\u00e7\u00e3o baseia-se em tr\u00eas elementos: a vontade de formar um casal ou de iniciar um relacionamento, viver juntos como um casal com ou sem um teto comum e o tipo de v\u00ednculo por meio do qual o relacionamento \u00e9 estabelecido. O conceito \u00e9 suficientemente amplo e flex\u00edvel para abranger a forma\u00e7\u00e3o de casais, independentemente do motivo da uni\u00e3o, sua dura\u00e7\u00e3o, o fato de terem ou n\u00e3o um teto comum e o tipo de v\u00ednculo que os une. Isso n\u00e3o significa que a distin\u00e7\u00e3o e a an\u00e1lise desses elementos sejam irrelevantes; pelo contr\u00e1rio, o argumento visa mostrar que a conjugalidade, assim como a intimidade, \u00e9 inerente \u00e0 vida em casal, independentemente da formalidade e da dura\u00e7\u00e3o do v\u00ednculo, pois envolve negocia\u00e7\u00e3o, comunica\u00e7\u00e3o, confian\u00e7a, troca de cuidados e aten\u00e7\u00e3o a diferentes tipos de necessidades, todos elementos centrais da intimidade (Giddens, 1998, 2000; Guevara, 2005 e Zelizer, 2009). De acordo com essa l\u00f3gica, especialmente da psicologia (Mosmann e Wagner, 2008, e Oltramari, 2009), os casais cujo relacionamento tem boas pr\u00e1ticas de comunica\u00e7\u00e3o e se baseia na confian\u00e7a e no cuidado e aten\u00e7\u00e3o m\u00fatuos teriam uma base mais s\u00f3lida e duradoura. Como veremos a seguir, os entrevistados, durante os primeiros meses de confinamento, vivenciaram conflitos e tens\u00f5es que refletem a import\u00e2ncia desses elementos em sua din\u00e2mica conjugal e expuseram seus pontos fracos e fortes como casal.<\/p>\n\n\n\n<p>Al\u00e9m da conjugalidade, na intimidade a dimens\u00e3o dos pap\u00e9is de g\u00eanero \u00e9 profusamente evidente, pois ap\u00f3s a distin\u00e7\u00e3o entre o p\u00fablico e o privado - que veio com a modernidade - surgiu uma nova ordem social, cuja \"divis\u00e3o sexual do trabalho n\u00e3o representou apenas a especializa\u00e7\u00e3o das mulheres nas tarefas dom\u00e9sticas e dos homens nas atividades produtivas, mas tamb\u00e9m uma recomposi\u00e7\u00e3o de espa\u00e7os, recursos e formas de exerc\u00edcio do poder em toda a vida social\" (Guevara, 2005: 870). Nesse sentido, \u00e9 no \u00e2mbito \u00edntimo que se experimentam com maior intensidade os efeitos da ordem social, a deten\u00e7\u00e3o assim\u00e9trica do poder, os conflitos, os afetos, as emo\u00e7\u00f5es, os acordos e as negocia\u00e7\u00f5es cotidianas que permitem o funcionamento dos casais, das fam\u00edlias e das sociedades, cujas nuances resultam em diferen\u00e7as e desigualdades para mulheres e homens que, segundo Ten\u00f3rio (2010) e Rojas (2016), s\u00e3o cada vez mais consideradas pelas pessoas para avaliar sua satisfa\u00e7\u00e3o com a rela\u00e7\u00e3o de casal.<\/p>\n\n\n\n<p>As distin\u00e7\u00f5es e desigualdades ditadas pelos pap\u00e9is de g\u00eanero entre mulheres e homens se intensificaram no contexto da pandemia e levaram a um aumento do trabalho dom\u00e9stico e de cuidados n\u00e3o remunerado para mulheres e meninas no M\u00e9xico e na regi\u00e3o da Am\u00e9rica Latina, al\u00e9m do fato de que esse trabalho remunerado tamb\u00e9m \u00e9 feito principalmente por mulheres, conforme constatado por institui\u00e7\u00f5es nacionais (Instituto Nacional de las Mujeres, <span class=\"small-caps\">inmujeres<\/span>2020) e organiza\u00e7\u00f5es internacionais, como a Comiss\u00e3o Econ\u00f4mica para a Am\u00e9rica Latina e o Caribe (<span class=\"small-caps\">cepal<\/span>2020a; 2020b; 2020c) e o Fundo de Popula\u00e7\u00e3o das Na\u00e7\u00f5es Unidas (<span class=\"small-caps\">unfpa<\/span>, 2020).<\/p>\n\n\n\n<p>No que se refere ao eixo do cuidado, considera-se que as a\u00e7\u00f5es nesse sentido est\u00e3o relacionadas \u00e0 produ\u00e7\u00e3o de bens e servi\u00e7os que s\u00e3o centrais para a resolu\u00e7\u00e3o da vida cotidiana, envolvendo apoio instrumental, emocional, cognitivo e outras formas de suporte. O enquadramento do cuidado na perspectiva dos direitos humanos tamb\u00e9m \u00e9 uma quest\u00e3o central (<span class=\"small-caps\">cepal<\/span>, 2020b). Entre as atividades de cuidado realizadas principalmente por mulheres, destaca-se o cuidado que elas prestam a seus parceiros e filhos (Lewis, 1992). Franco (2015) aponta tr\u00eas perspectivas anal\u00edticas sobre a defini\u00e7\u00e3o de cuidado: em termos de trabalho, emo\u00e7\u00f5es e pol\u00edticas sociais.<\/p>\n\n\n\n<p>O cuidado \u00e9 uma responsabilidade social que envolve fam\u00edlias, empresas, comunidades, organiza\u00e7\u00f5es da sociedade civil e institui\u00e7\u00f5es estatais na gera\u00e7\u00e3o de pol\u00edticas p\u00fablicas que buscam responder \u00e0s necessidades de cuidado de pessoas com diferentes n\u00edveis de depend\u00eancia (Franco, 2015). Para Zelizer (2009: 186), as rela\u00e7\u00f5es de cuidado t\u00eam a ver com o apoio pessoal que pode ser prestado de forma intensiva e que busca promover o bem-estar do outro. No entanto, \u00e9 importante considerar que \"a combina\u00e7\u00e3o de rela\u00e7\u00f5es de cuidado e atividades econ\u00f4micas no domic\u00edlio ocorre em um contexto de negocia\u00e7\u00f5es cont\u00ednuas, \u00e0s vezes em um clima de coopera\u00e7\u00e3o, \u00e0s vezes em meio a surtos de conflito\". Essa situa\u00e7\u00e3o pode ser particularmente dif\u00edcil em momentos de tens\u00e3o e poss\u00edveis crises dentro das fam\u00edlias, como pode ser o caso atualmente diante da pandemia da covid-19.<\/p>\n\n\n\n<p>Fraga (2018) prop\u00f5e a l\u00f3gica de escalas para saber se a satisfa\u00e7\u00e3o das necessidades de cuidado est\u00e1 relacionada a uma perspectiva estreita ou ampla de cuidado e que podem estar presentes o cuidado direto, o cuidado indireto e o trabalho de gerenciamento mental, este \u00faltimo relacionado a elementos de natureza afetiva e simb\u00f3lica. Para Zelizer (2009), as formas de cuidado variam de acordo com o grau de intimidade, pois podem variar de impessoais a la\u00e7os estreitos.<\/p>\n\n\n\n<p>Sobre o enquadramento \u00e9tico do cuidado, Tronto (1987: 17) adverte que os seres humanos precisam passar pela experi\u00eancia de serem cuidados por outros e de cuidar de outros, a fim de desenvolver um senso moral de cuidado. \"Pode-se argumentar que uma \u00e9tica do cuidado nada mais \u00e9 do que um conjunto de sensibilidades que todas as pessoas morais maduras deveriam desenvolver, juntamente com a sensibilidade ligada \u00e0 justi\u00e7a\". O senso moral do cuidado est\u00e1 intimamente relacionado \u00e0 experi\u00eancia do cuidado rec\u00edproco.<\/p>\n\n\n\n<h2 class=\"wp-block-heading\">A pesquisa virtual: question\u00e1rio, amostra e an\u00e1lise<\/h2>\n\n\n\n<p class=\"abstract\">A pesquisa foi administrada digitalmente por meio de um formul\u00e1rio do Google de 2 a 10 de maio de 2020 para identificar mudan\u00e7as nos relacionamentos de casais durante as primeiras semanas de confinamento por covid-19. A pesquisa faz parte do projeto sobre intimidade e relacionamentos de casais em tr\u00eas gera\u00e7\u00f5es de adultos da <span class=\"small-caps\">amg<\/span> e o <span class=\"small-caps\">zmc<\/span><a class=\"anota\" id=\"anota1\" data-footnote=\"1\">1<\/a> e abrange cinco eixos: trajet\u00f3rias conjugais, pap\u00e9is de g\u00eanero, cuidado m\u00fatuo, sexualidade e uso de tecnologias digitais em casais heterossexuais. Aqui analisamos as tend\u00eancias gerais dos tr\u00eas primeiros em ambas as \u00e1reas.<\/p>\n\n\n\n<p>A pesquisa<a class=\"anota\" id=\"anota2\" data-footnote=\"2\">2<\/a> n\u00e3o fazia parte do estudo original e foi conduzido por meio da an\u00e1lise das mudan\u00e7as na din\u00e2mica conjugal e familiar durante o confinamento.<a class=\"anota\" id=\"anota3\" data-footnote=\"3\">3<\/a> O hiperlink foi divulgado entre colegas, redes sociais e familiares da equipe de pesquisa, que, por sua vez, o compartilharam entre seus pr\u00f3prios contatos. Isso explica a alta forma\u00e7\u00e3o educacional da amostra: 44% tinham p\u00f3s-gradua\u00e7\u00e3o completa ou incompleta e 36% tinham diploma de bacharel.<\/p>\n\n\n\n<p>Obtivemos 1.553 question\u00e1rios<a class=\"anota\" id=\"anota4\" data-footnote=\"4\">4<\/a> e 1406 foram validados, atendendo aos crit\u00e9rios de maioridade, nacionalidade mexicana e ter ou ter tido um parceiro. Desse total, 950 (n=950) foram analisados, sendo que 760 correspondiam ao crit\u00e9rio de <span class=\"small-caps\">amg<\/span> e 190 para o <span class=\"small-caps\">zmc<\/span>.<\/p>\n\n\n\n<p>Ambas as amostras foram tratadas de forma independente para identificar a incid\u00eancia das vari\u00e1veis sociodemogr\u00e1ficas de idade, sexo, escolaridade, n\u00famero de filhos, tempo de conviv\u00eancia e cidade de estudo na an\u00e1lise dos resultados. Al\u00e9m disso, os crit\u00e9rios para estabelecer tend\u00eancias claras nos resultados foram \u00b130% entre as \u00e1reas de estudo, \u00b115% dentro das \u00e1reas de estudo e \u00b110% entre as pr\u00f3prias vari\u00e1veis. Os resultados s\u00e3o discutidos e contrastados com os de outros trabalhos semelhantes e pesquisas nacionais para apoiar ainda mais a interpreta\u00e7\u00e3o dos dados.<\/p>\n\n\n\n<p>As perguntas da pesquisa eram fechadas, de m\u00faltipla escolha com a possibilidade de escolher uma resposta e de m\u00faltipla escolha com a possibilidade de escolher tr\u00eas de cinco op\u00e7\u00f5es. A an\u00e1lise consistiu em cruzar as vari\u00e1veis sociodemogr\u00e1ficas e as perguntas aplicadas, para verificar se elas foram afetadas ou n\u00e3o pelo tipo de resposta obtida na vari\u00e1vel dois.<\/p>\n\n\n\n<p>A an\u00e1lise dos dados consistiu em dois tipos de tabela de dupla entrada e na interpreta\u00e7\u00e3o das frequ\u00eancias absolutas das respostas obtidas por \u00e1rea de estudo e das porcentagens relativas. O objetivo era saber quantos homens e mulheres responderam ao question\u00e1rio em cada \u00e1rea geogr\u00e1fica e que as respostas em cada \u00e1rea representavam 100%. No eixo da conjugalidade, trabalhamos a satisfa\u00e7\u00e3o do casal, as mudan\u00e7as no relacionamento do casal durante a pandemia, os conflitos conjugais ao ficar em casa, os motivos dos conflitos e os motivos de uma poss\u00edvel separa\u00e7\u00e3o. No eixo de pap\u00e9is de g\u00eanero, foram analisadas as mudan\u00e7as nas atividades dom\u00e9sticas e as mudan\u00e7as em termos de aumento, manuten\u00e7\u00e3o, diminui\u00e7\u00e3o ou aus\u00eancia. No eixo de cuidados m\u00fatuos, foram trabalhadas as vari\u00e1veis de mudan\u00e7as e continuidades nos cuidados m\u00fatuos com a sa\u00fade material, emocional, f\u00edsica e espiritual. Em todos os tr\u00eas, as vari\u00e1veis foram operacionalizadas e cruzadas com o sexo, a idade, o estado civil e o tempo de conviv\u00eancia do casal.<\/p>\n\n\n\n<p>72% da amostra (n) era composta por mulheres.<a class=\"anota\" id=\"anota5\" data-footnote=\"5\">5<\/a> e 57% para casados, 20% para solteiros e 16% para solteiros. 41% dos participantes da amostra tinham filhos menores de 18 anos, 19% tinham filhos maiores de 18 anos e 39% n\u00e3o tinham filhos. Al\u00e9m disso, 24% tinham um parceiro e n\u00e3o moravam com ele\/ela durante a pandemia e os 76% restantes tinham um parceiro e\/ou c\u00f4njuge e dividiam a mesma resid\u00eancia com ele\/ela. Em outras palavras, trata-se de uma amostra predominantemente feminina que passou as primeiras semanas de confinamento com um parceiro e filhos.<\/p>\n\n\n\n<h2 class=\"wp-block-heading\">Conjugalidade em tempos de covid-19 na MGA e na MCZ<\/h2>\n\n\n\n<p class=\"abstract\">Os dados da pesquisa mostram que 76% (n=950) dos entrevistados tinham um parceiro e compartilhavam a mesma resid\u00eancia no momento da pesquisa, 72% (n=950) compartilhavam a mesma resid\u00eancia desde o in\u00edcio da pandemia e apenas 9% (n=950) estavam separados por um parceiro. Os resultados gerais por \u00e1rea de estudo, estado civil e faixa et\u00e1ria sugerem uma ligeira tend\u00eancia a arranjos mais tradicionais na regi\u00e3o. <span class=\"small-caps\">zmc<\/span> que no <span class=\"small-caps\">amg<\/span>. No primeiro, 50% dos solteiros e 39% da faixa et\u00e1ria de 18 a 37 anos foram os grupos mais separados pela pandemia, em compara\u00e7\u00e3o com apenas 20% e 6% da faixa et\u00e1ria de 18 a 37 anos. <span class=\"small-caps\">amg<\/span>. Isso provavelmente \u00e9 explicado por seu estado civil, por n\u00e3o morarem juntos e por n\u00e3o terem filhos ou terem menos filhos juntos. Isso sugere que os arranjos de coabita\u00e7\u00e3o conjugal de jovens casais na <span class=\"small-caps\">zmc[versalitas] eram mais tradicionais do que os da mesma popula\u00e7\u00e3o [versalitas]amg.<\/span>Os dois pa\u00edses, que podem ser inferidos como tendo compartilhado o mesmo teto desde antes da pandemia (veja a figura 1).<\/p>\n\n\n\n<div class=\"image-slider\">\n                <div class=\"frame\">\n                    <div class=\"picture\" itemscope itemtype=\"http:\/\/schema.org\/ImageGallery\">\n                        <figure itemprop=\"associatedMedia\" itemscope itemtype=\"http:\/\/schema.org\/ImageObject\" class=\"slider-element\">\n                              <a href=\"https:\/\/archive.org\/download\/vol5num9-multimedia\/enriquez-cuevas-castillo-conyugalidad-genero-covid-guadalajara-colima-imagen-1.webp\" itemprop=\"contentUrl\" data-size=\"1322x712\" data-index=\"0\" data-caption=\"Gr\u00e1fica 1. Fuente: Elaboraci\u00f3n propia con base en los datos de la investigaci\u00f3n.\" >\n                                <img decoding=\"async\" src=\"https:\/\/archive.org\/download\/vol5num9-multimedia\/enriquez-cuevas-castillo-conyugalidad-genero-covid-guadalajara-colima-imagen-1.webp\" itemprop=\"thumbnail\">\n                                <i class=\"fa fa-expand expand\" aria-hidden=\"true\"><\/i>\n                            <\/a>\n                            <\/figure>                    <\/div>    \n                <\/div>\n                    <div class=\"caption\">Gr\u00e1fico 1. Fonte: Elabora\u00e7\u00e3o pr\u00f3pria com base em dados de pesquisa.<\/div><div class=\"image-analysis\"><\/div>                <div class=\"bullets\"><\/div>\n            <\/div>\n\n\n\n<p>A pandemia mudou abruptamente a din\u00e2mica das fam\u00edlias e dos casais, por isso perguntamos se a capacidade de fazer o que eles queriam fazer havia melhorado, permanecido igual ou piorado. Os resultados indicam diferen\u00e7as interessantes por faixa et\u00e1ria e estado civil. 52% (n=950) da amostra sentiram que sua satisfa\u00e7\u00e3o permaneceu a mesma, sendo que 54% (n=950) das pessoas casadas compartilharam essa avalia\u00e7\u00e3o. Na <span class=\"small-caps\">amg<\/span> todos os tr\u00eas grupos et\u00e1rios consideraram que sua situa\u00e7\u00e3o havia melhorado, dos quais 331 PT3T do total corresponderam ao grupo com 58 anos ou mais, que considerou em apenas 131 PT3T dos casos que sua situa\u00e7\u00e3o havia piorado. Nos <span class=\"small-caps\">zmc<\/span> O tempo de conviv\u00eancia com o parceiro produziu dados importantes sobre o mesmo item. 13% do grupo com mais de 10 anos de conviv\u00eancia consideraram que sua situa\u00e7\u00e3o havia piorado, em compara\u00e7\u00e3o com 50% que disseram que havia melhorado. Isso sugere que, quanto mais velhos, maior a probabilidade de estarem satisfeitos com o parceiro e, portanto, maior a probabilidade de a intimidade ser fortalecida durante as primeiras semanas da pandemia (consulte a Figura 2).<\/p>\n\n\n\n<div class=\"image-slider\">\n                <div class=\"frame\">\n                    <div class=\"picture\" itemscope itemtype=\"http:\/\/schema.org\/ImageGallery\">\n                        <figure itemprop=\"associatedMedia\" itemscope itemtype=\"http:\/\/schema.org\/ImageObject\" class=\"slider-element\">\n                              <a href=\"https:\/\/archive.org\/download\/vol5num9-multimedia\/enriquez-cuevas-castillo-conyugalidad-genero-covid-guadalajara-colima-imagen-2.webp\" itemprop=\"contentUrl\" data-size=\"1321x820\" data-index=\"0\" data-caption=\"Gr\u00e1fica 2. Fuente: Elaboraci\u00f3n propia con base en los datos de la investigaci\u00f3n.\" >\n                                <img decoding=\"async\" src=\"https:\/\/archive.org\/download\/vol5num9-multimedia\/enriquez-cuevas-castillo-conyugalidad-genero-covid-guadalajara-colima-imagen-2.webp\" itemprop=\"thumbnail\">\n                                <i class=\"fa fa-expand expand\" aria-hidden=\"true\"><\/i>\n                            <\/a>\n                            <\/figure>                    <\/div>    \n                <\/div>\n                    <div class=\"caption\">Gr\u00e1fico 2: Elabora\u00e7\u00e3o pr\u00f3pria com base em dados de pesquisa.<\/div><div class=\"image-analysis\"><\/div>                <div class=\"bullets\"><\/div>\n            <\/div>\n\n\n\n<p>50% da popula\u00e7\u00e3o (n=950) pesquisada ficou em casa durante as primeiras semanas da pandemia e 50% relataram conflitos e tens\u00f5es com seus parceiros ou c\u00f4njuges. Nas <span class=\"small-caps\">amg<\/span>No caso dos entrevistados separados, 61% n\u00e3o relataram conflitos, o que os torna o grupo que relatou menos conflitos. Da mesma forma, a hip\u00f3tese apresentada anteriormente sobre a maior capacidade das pessoas mais velhas de ter uma vida mais est\u00e1vel \u00e9 refor\u00e7ada pela observa\u00e7\u00e3o de que, no grupo de entrevistados com mais de 10 anos de conviv\u00eancia, a vida mais est\u00e1vel estava no grupo daqueles com mais de 10 anos de conviv\u00eancia. <span class=\"small-caps\">zmc<\/span> O 68% n\u00e3o enfrentou tens\u00f5es e conflitos, enquanto o 31% enfrentou.<\/p>\n\n\n\n<p>Apesar dos conflitos, 79% (n=950) da amostra n\u00e3o pensaram em um poss\u00edvel div\u00f3rcio ou separa\u00e7\u00e3o, e 21% da amostra restante pensaram. Os resultados em cada \u00e1rea indicam que o estado civil \u00e9 fundamental para a an\u00e1lise dessa inten\u00e7\u00e3o. Na \u00e1rea <span class=\"small-caps\">amg<\/span> 39% dos homens e mulheres solteiros consideraram essa possibilidade, em compara\u00e7\u00e3o com apenas 14% dos homens e mulheres casados, o que mostra que viver em um casal e ter um relacionamento formal tem efeitos positivos sobre a estabilidade do relacionamento. No <span class=\"small-caps\">zmc<\/span> Foram os homens e mulheres separados que pensaram nisso e, como no <span class=\"small-caps\">amg<\/span>homens e mulheres casados foram os que menos consideraram essa possibilidade (50% vs. 7%). Isso sugere que, ao contr\u00e1rio do que o imagin\u00e1rio social dita sobre a solteirice, especialmente para os homens, o casamento oferece abrigo, cuidado e aten\u00e7\u00e3o tanto na vida cotidiana quanto em tempos de crise para ambos os parceiros. Essa constata\u00e7\u00e3o de uma maior sensa\u00e7\u00e3o de bem-estar entre homens e mulheres casados foi encontrada tanto no M\u00e9xico quanto em outros pa\u00edses (<span class=\"small-caps\">inegi<\/span>2014, 2015, 2015, 2016 e 2017 e Bericat, 2018).<\/p>\n\n\n\n<p>O 50% para os solteiros do <span class=\"small-caps\">zmc<\/span> viveram separados desde o in\u00edcio da pandemia, por 21% do <span class=\"small-caps\">amg<\/span>e 17% dos homens e mulheres solteiros da <span class=\"small-caps\">amg<\/span> foram separados por ele, contra 59% do <span class=\"small-caps\">zmc<\/span>. Al\u00e9m disso, 83% de casais que est\u00e3o vivendo juntos h\u00e1 mais de dez anos do <span class=\"small-caps\">amg<\/span> e 91% do <span class=\"small-caps\">zmc<\/span> n\u00e3o consideraram a separa\u00e7\u00e3o, apesar dos conflitos enfrentados. Isso sugere, conforme postulado acima, que a formalidade e a dura\u00e7\u00e3o do v\u00ednculo desempenharam um papel importante na avalia\u00e7\u00e3o de um poss\u00edvel rompimento com a parceira durante o confinamento. Da mesma forma, a popula\u00e7\u00e3o solteira e mais jovem da <span class=\"small-caps\">zmc<\/span> enfrentou press\u00f5es maiores do que as da <span class=\"small-caps\">amg<\/span>vivendo em uma propor\u00e7\u00e3o menor com seu parceiro.<\/p>\n\n\n\n<p>Em termos das causas de poss\u00edveis div\u00f3rcios ou separa\u00e7\u00f5es durante a pandemia, encontramos diferen\u00e7as entre pessoas do mesmo sexo e entre sexos em ambas as \u00e1reas. Na <span class=\"small-caps\">zmc<\/span>57% das mulheres disseram que a m\u00e1goa seria uma poss\u00edvel causa de div\u00f3rcio, em compara\u00e7\u00e3o com 42% dos homens; enquanto na <span class=\"small-caps\">amg<\/span> as porcentagens foram de 73% e 26%, respectivamente. Em outras palavras, as pessoas de ambas as \u00e1reas consideram que esses elementos s\u00e3o fundamentais para a intimidade do casal.<\/p>\n\n\n\n<p>Outros resultados na mesma dire\u00e7\u00e3o mostram que 100% das mulheres no <span class=\"small-caps\">zmc<\/span> mencionaram diferen\u00e7as de interesses e objetivos, comportamento violento do parceiro e falta de comunica\u00e7\u00e3o como as outras causas de um poss\u00edvel rompimento. No <span class=\"small-caps\">amg<\/span> constatou-se que os valores e os anseios por maior democracia na vida conjugal, no sentido definido por Giddens (1993, 1998), incentivaram a ideia de uma poss\u00edvel ruptura. Isso demonstra a centralidade desses elementos na intimidade conjugal contempor\u00e2nea.<\/p>\n\n\n\n<p>De acordo com o tempo de conviv\u00eancia, constatou-se que a dura\u00e7\u00e3o do relacionamento foi fundamental para a avalia\u00e7\u00e3o mais positiva da estabilidade conjugal. No <span class=\"small-caps\">zmc<\/span> conflitos tiveram sua origem na viol\u00eancia entre parceiros (100% vs. 60% dos <span class=\"small-caps\">amg<\/span>) e quest\u00f5es relacionadas ao trabalho (100% vs. 66%) entre casais que vivem juntos h\u00e1 menos de dez anos. No grupo com mais de dez anos de conviv\u00eancia, os principais conflitos foram sobre o tempo que o casal passava na Internet (62% vs. 62% vs. 66%). <span class=\"small-caps\">amg<\/span> vs 0% do <span class=\"small-caps\">zmc<\/span>), que, desagregado por sexo, representou um conflito para o n\u00famero total de mulheres de <span class=\"small-caps\">amg<\/span> e os homens do <span class=\"small-caps\">zmc<\/span>. Isso sugere que o tempo que homens e mulheres passavam em atividades digitais, seja para fins de lazer, recrea\u00e7\u00e3o ou trabalho, afetava a comunica\u00e7\u00e3o e o tempo que os casais passavam juntos na \u00e9poca da pesquisa.<\/p>\n\n\n\n<h2 class=\"wp-block-heading\">Pap\u00e9is de g\u00eanero em tempos de covid-19 na MGA e na MCZ<\/h2>\n\n\n\n<p class=\"abstract\">A experi\u00eancia da pandemia de covid-19 gerou novos cen\u00e1rios de conviv\u00eancia e atividades para os casais, que, embora j\u00e1 estivessem enfrentando ou realizando algumas dessas atividades antes, em muitos casos sofreram mudan\u00e7as e repensaram, especialmente em rela\u00e7\u00e3o \u00e0s atividades dom\u00e9sticas realizadas dentro do lar. Nesse sentido, os dados gerais mostram que as pessoas pesquisadas expressaram que as atividades dom\u00e9sticas aumentaram em 68%, e isso foi semelhante nas tr\u00eas faixas et\u00e1rias, embora, ao fazer compara\u00e7\u00f5es entre as duas cidades, sejam observadas diferen\u00e7as nas porcentagens das tr\u00eas gera\u00e7\u00f5es. No caso de <span class=\"small-caps\">amg<\/span> A porcentagem \u00e9 semelhante em todos os tr\u00eas grupos et\u00e1rios, com porcentagens em torno de 70% e um pouco mais; enquanto no grupo <span class=\"small-caps\">zmc<\/span> O aumento foi maior para o grupo de adultos m\u00e9dios em 60% e foi menor para os adultos mais velhos em 23%. Portanto, no <span class=\"small-caps\">amg<\/span>Os dados mostram maior homogeneidade entre as tr\u00eas faixas et\u00e1rias, enquanto na faixa de <span class=\"small-caps\">zmc<\/span> O oposto \u00e9 verdadeiro. Portanto, no <span class=\"small-caps\">zmc<\/span>O aumento das atividades dom\u00e9sticas parece responder ao ciclo de vida, sendo que o aumento \u00e9 duas vezes maior no grupo de adultos m\u00e9dios e menor nos grupos de idade mais jovens e mais velhos. No entanto, em geral, o aumento em todas as tr\u00eas faixas et\u00e1rias \u00e9 bastante alto, o que mostra a import\u00e2ncia do trabalho dom\u00e9stico n\u00e3o remunerado para a popula\u00e7\u00e3o pesquisada e como ele n\u00e3o pode ser evitado independentemente da idade.<\/p>\n\n\n\n<p>No entanto, quando se considera a vari\u00e1vel sexo (veja o gr\u00e1fico 3), os dados mostram que, em ambas as cidades, o aumento dessas atividades foi maior para as mulheres em 70%; no entanto, um n\u00famero significativo de homens tamb\u00e9m relata realiz\u00e1-las em 63%, o que \u00e9 compreens\u00edvel quando se considera que a maioria dos entrevistados em nossa pesquisa relatou estar ou ter estado em um relacionamento em que a renda era compartilhada igualmente com seus parceiros (37%); Isso poderia levar, embora n\u00e3o totalmente, a relacionamentos de casal cada vez mais equitativos em outras \u00e1reas - como no compartilhamento do trabalho dom\u00e9stico -, conforme apontado por alguns autores (Aldana-Castro, Burgos-D\u00e1vila e Rocha S\u00e1nchez, 2018; Esquila et al., 2015; Rojas, 2010). Da mesma forma, esse percentual entre os homens poderia apontar para um aumento da corresponsabilidade masculina no trabalho dom\u00e9stico, t\u00e3o necess\u00e1rio e cada vez mais evidente no contexto do confinamento pand\u00eamico. A esse respeito, C\u00f3rdoba e Ibarra (2020) destacam que alguns homens come\u00e7aram a se envolver no trabalho dom\u00e9stico e de cuidados com os filhos desde o confinamento, e isso continuou para alguns homens que j\u00e1 o faziam antes. No entanto, a resposta permaneceu a mesma e foi maior para os homens (33%) do que para as mulheres (25%); isso mostra que, em alguns casos, o desempenho das atividades dom\u00e9sticas de acordo com a divis\u00e3o sexual n\u00e3o mudou, e elas continuam a ser realizadas principalmente por mulheres, como j\u00e1 apontou a Pesquisa Nacional de Uso do Tempo.<a class=\"anota\" id=\"anota6\" data-footnote=\"6\">6<\/a> (<span class=\"small-caps\">inegi<\/span>, 2019).<\/p>\n\n\n\n<div class=\"image-slider\">\n                <div class=\"frame\">\n                    <div class=\"picture\" itemscope itemtype=\"http:\/\/schema.org\/ImageGallery\">\n                        <figure itemprop=\"associatedMedia\" itemscope itemtype=\"http:\/\/schema.org\/ImageObject\" class=\"slider-element\">\n                              <a href=\"https:\/\/archive.org\/download\/vol5num9-multimedia\/enriquez-cuevas-castillo-conyugalidad-genero-covid-guadalajara-colima-imagen-3.webp\" itemprop=\"contentUrl\" data-size=\"1052x731\" data-index=\"0\" data-caption=\"Gr\u00e1fica 3. Fuente: Elaboraci\u00f3n propia con base en los datos de la investigaci\u00f3n.\" >\n                                <img decoding=\"async\" src=\"https:\/\/archive.org\/download\/vol5num9-multimedia\/enriquez-cuevas-castillo-conyugalidad-genero-covid-guadalajara-colima-imagen-3.webp\" itemprop=\"thumbnail\">\n                                <i class=\"fa fa-expand expand\" aria-hidden=\"true\"><\/i>\n                            <\/a>\n                            <\/figure>                    <\/div>    \n                <\/div>\n                    <div class=\"caption\">Gr\u00e1fico 3: Elabora\u00e7\u00e3o pr\u00f3pria com base em dados de pesquisa.<\/div><div class=\"image-analysis\"><\/div>                <div class=\"bullets\"><\/div>\n            <\/div>\n\n\n\n<p>No entanto, quando se analisa por cidade, verifica-se que as mulheres da <span class=\"small-caps\">amg<\/span> relataram um aumento percentual maior nessas atividades no 75% em compara\u00e7\u00e3o com as mulheres do <span class=\"small-caps\">zmc<\/span>que tinham 50%. Embora isso possa indicar que as mulheres do <span class=\"small-caps\">zmc<\/span> Nessa \u00e1rea, as mulheres obtiveram porcentagens mais altas nas op\u00e7\u00f5es que permaneceram inalteradas (34% vs. 23% das mulheres na op\u00e7\u00e3o <span class=\"small-caps\">amg<\/span>) e n\u00e3o aplic\u00e1vel (14% vs. 0% de mulheres no grupo de <span class=\"small-caps\">amg<\/span>), o que pode indicar que algumas entrevistadas da <span class=\"small-caps\">zmc<\/span> Ou elas j\u00e1 realizavam mais atividades dom\u00e9sticas e, portanto, n\u00e3o identificaram uma mudan\u00e7a significativa em seu aumento, ou que algumas delas realizam essas atividades de forma menos direta e que, provavelmente, s\u00e3o delegadas a outras mulheres da fam\u00edlia ou a uma empregada dom\u00e9stica. No entanto, seja qual for o cen\u00e1rio, essas situa\u00e7\u00f5es n\u00e3o as isentam da obriga\u00e7\u00e3o de monitorar a realiza\u00e7\u00e3o dessas atividades.<\/p>\n\n\n\n<p>Isso \u00e9 ainda mais compreens\u00edvel quando se observam as diferen\u00e7as nas porcentagens de atividades dom\u00e9sticas de acordo com o estado civil, que, em geral, mostram que elas aumentaram para todas as pessoas, independentemente do estado civil. No entanto, esse aumento \u00e9 ainda maior para as pessoas casadas (72%) e menor para as separadas (45%), o que mostra arranjos mais tradicionais entre as pessoas que t\u00eam um parceiro legal e uma diminui\u00e7\u00e3o dessa situa\u00e7\u00e3o entre as pessoas que romperam uma parceria n\u00e3o legal ou ainda n\u00e3o est\u00e3o divorciadas.<\/p>\n\n\n\n<p>Nas cidades, por outro lado, vale a pena observar que nas <span class=\"small-caps\">amg<\/span> As mulheres divorciadas, com 82%, tiveram o maior aumento percentual nas atividades dom\u00e9sticas e, em contraste, um aumento menor nas mulheres separadas (44%). E no <span class=\"small-caps\">zmc<\/span>Em termos de estado civil, as pessoas casadas (55%) registraram o maior aumento, enquanto as solteiras registraram o menor aumento (20%). Assim, a vari\u00e1vel estado civil (consulte o gr\u00e1fico 4), mesmo com suas diferen\u00e7as entre as duas cidades, relatou um aumento maior nas pessoas que t\u00eam um parceiro e naquelas com uma dissolu\u00e7\u00e3o do relacionamento por meio de v\u00ednculos legais\/religiosos ou morte, em contraste com as pessoas separadas e solteiras, o que poderia sugerir que nas pessoas solteiras ou naquelas que se uniram sem v\u00ednculos legais ou religiosos h\u00e1 uma distribui\u00e7\u00e3o mais igualit\u00e1ria das atividades dom\u00e9sticas, como alguns autores tamb\u00e9m mencionam (Rodriguez, 2008; Gonz\u00e1lez e Jurado-Guerrero, 2009; Ajenjo e Garc\u00eda, 2014) e como mencionado acima.<\/p>\n\n\n\n<div class=\"image-slider\">\n                <div class=\"frame\">\n                    <div class=\"picture\" itemscope itemtype=\"http:\/\/schema.org\/ImageGallery\">\n                        <figure itemprop=\"associatedMedia\" itemscope itemtype=\"http:\/\/schema.org\/ImageObject\" class=\"slider-element\">\n                              <a href=\"https:\/\/archive.org\/download\/vol5num9-multimedia\/enriquez-cuevas-castillo-conyugalidad-genero-covid-guadalajara-colima-imagen-4.webp\" itemprop=\"contentUrl\" data-size=\"1039x762\" data-index=\"0\" data-caption=\"Gr\u00e1fica 4. Fuente: Elaboraci\u00f3n propia con base en los datos de la investigaci\u00f3n.\" >\n                                <img decoding=\"async\" src=\"https:\/\/archive.org\/download\/vol5num9-multimedia\/enriquez-cuevas-castillo-conyugalidad-genero-covid-guadalajara-colima-imagen-4.webp\" itemprop=\"thumbnail\">\n                                <i class=\"fa fa-expand expand\" aria-hidden=\"true\"><\/i>\n                            <\/a>\n                            <\/figure>                    <\/div>    \n                <\/div>\n                    <div class=\"caption\">Gr\u00e1fico 4: Elabora\u00e7\u00e3o pr\u00f3pria com base em dados de pesquisa.<\/div><div class=\"image-analysis\"><\/div>                <div class=\"bullets\"><\/div>\n            <\/div>\n\n\n\n<p>Com rela\u00e7\u00e3o \u00e0 vari\u00e1vel de tempo de relacionamento (veja o gr\u00e1fico 5), os dados no <span class=\"small-caps\">amg<\/span> mostram uma tend\u00eancia semelhante no aumento das atividades dom\u00e9sticas tanto para aqueles em relacionamentos de mais de 10 anos (76%) quanto para casais em relacionamentos de menos de 10 anos (69%). Entretanto, essa tend\u00eancia n\u00e3o \u00e9 a mesma para aqueles em relacionamentos de menos de 10 anos. <span class=\"small-caps\">zmc<\/span>No \u00faltimo, h\u00e1 uma diferen\u00e7a maior entre as porcentagens dos dois grupos; assim, para aqueles que t\u00eam um relacionamento de menos de 10 anos, o aumento percentual nas atividades dom\u00e9sticas foi de 50% (vs. 36% para aqueles que est\u00e3o em um casal h\u00e1 mais de 10 anos). Essas diferen\u00e7as nas porcentagens em cada cidade apontam para o fato de que na <span class=\"small-caps\">amg<\/span> h\u00e1 mais igualdade de condi\u00e7\u00f5es no desempenho das atividades dom\u00e9sticas em ambos os tipos de casais, independentemente do tempo de relacionamento, ao contr\u00e1rio do que ocorre no <span class=\"small-caps\">zmc<\/span> No qual, de acordo com os dados, os casais que est\u00e3o juntos h\u00e1 menos anos mostram que, no in\u00edcio do relacionamento, foram guiados por uma distribui\u00e7\u00e3o das atividades dom\u00e9sticas de acordo com os pap\u00e9is tradicionais de g\u00eanero, situa\u00e7\u00e3o que muda \u00e0 medida que os anos de relacionamento aumentam, o que tamb\u00e9m poderia falar de um posicionamento que tende a uma distribui\u00e7\u00e3o mais equitativa dessas atividades \u00e0 medida que os casais se tornam mais est\u00e1veis ao longo do tempo e enfrentam as necessidades di\u00e1rias que os levam a fazer ajustes nessa \u00e1rea.<\/p>\n\n\n\n<div class=\"image-slider\">\n                <div class=\"frame\">\n                    <div class=\"picture\" itemscope itemtype=\"http:\/\/schema.org\/ImageGallery\">\n                        <figure itemprop=\"associatedMedia\" itemscope itemtype=\"http:\/\/schema.org\/ImageObject\" class=\"slider-element\">\n                              <a href=\"https:\/\/archive.org\/download\/vol5num9-multimedia\/enriquez-cuevas-castillo-conyugalidad-genero-covid-guadalajara-colima-imagen-5.webp\" itemprop=\"contentUrl\" data-size=\"1228x900\" data-index=\"0\" data-caption=\"Gr\u00e1fica 5. Fuente: Elaboraci\u00f3n propia con base en los datos de la investigaci\u00f3n.\" >\n                                <img decoding=\"async\" src=\"https:\/\/archive.org\/download\/vol5num9-multimedia\/enriquez-cuevas-castillo-conyugalidad-genero-covid-guadalajara-colima-imagen-5.webp\" itemprop=\"thumbnail\">\n                                <i class=\"fa fa-expand expand\" aria-hidden=\"true\"><\/i>\n                            <\/a>\n                            <\/figure>                    <\/div>    \n                <\/div>\n                    <div class=\"caption\">Gr\u00e1fico 5: Elabora\u00e7\u00e3o pr\u00f3pria com base em dados de pesquisa.<\/div><div class=\"image-analysis\"><\/div>                <div class=\"bullets\"><\/div>\n            <\/div>\n\n\n\n<h2 class=\"wp-block-heading\">Cuidados m\u00fatuos em tempos de covid-19 na GMA e na MCZ<\/h2>\n\n\n\n<p class=\"abstract\">O eixo do cuidado m\u00fatuo nas rela\u00e7\u00f5es de casal em tempos de pandemia foi abordado em suas diferentes dimens\u00f5es: material (recursos financeiros), emocional, sa\u00fade e espiritual. Sobre os cuidados relacionados aos recursos econ\u00f4micos e materiais dados ao parceiro, levando em conta o sexo dos entrevistados, os resultados mostram que h\u00e1 uma clara diferen\u00e7a de opini\u00f5es. Para as mulheres, tanto na <span class=\"small-caps\">amg<\/span> como no <span class=\"small-caps\">zmc<\/span>Para as mulheres, h\u00e1 altas porcentagens de n\u00e3o serem provedoras de seus parceiros e de terem permanecido iguais, independentemente da ocupa\u00e7\u00e3o. J\u00e1 para os homens, as opini\u00f5es se concentram na op\u00e7\u00e3o de permanecerem iguais, sendo os homens os principais provedores. Essa segunda tend\u00eancia \u00e9 compartilhada por pessoas casadas, tanto homens quanto mulheres, independentemente do local de resid\u00eancia, pois a resposta mais comum \u00e9 que a situa\u00e7\u00e3o de fornecimento de recursos ao parceiro permanece a mesma (veja a Figura 6). Os dados mostram um estilo tradicional de provis\u00e3o econ\u00f4mica atribu\u00eddo principalmente ao homem; de acordo com Tronto (1993), isso sustenta uma \"irresponsabilidade privilegiada\" por parte dos homens, que se concentra no cuidado (econ\u00f4mico) e n\u00e3o no que Fraga (2018) chama de cuidado direto.<\/p>\n\n\n\n<div class=\"image-slider\">\n                <div class=\"frame\">\n                    <div class=\"picture\" itemscope itemtype=\"http:\/\/schema.org\/ImageGallery\">\n                        <figure itemprop=\"associatedMedia\" itemscope itemtype=\"http:\/\/schema.org\/ImageObject\" class=\"slider-element\">\n                              <a href=\"https:\/\/archive.org\/download\/vol5num9-multimedia\/enriquez-cuevas-castillo-conyugalidad-genero-covid-guadalajara-colima-imagen-6.webp\" itemprop=\"contentUrl\" data-size=\"1657x768\" data-index=\"0\" data-caption=\"Gr\u00e1fica 6. Fuente: Elaboraci\u00f3n propia con base en los datos de la investigaci\u00f3n.\" >\n                                <img decoding=\"async\" src=\"https:\/\/archive.org\/download\/vol5num9-multimedia\/enriquez-cuevas-castillo-conyugalidad-genero-covid-guadalajara-colima-imagen-6.webp\" itemprop=\"thumbnail\">\n                                <i class=\"fa fa-expand expand\" aria-hidden=\"true\"><\/i>\n                            <\/a>\n                            <\/figure>                    <\/div>    \n                <\/div>\n                    <div class=\"caption\">Gr\u00e1fico 6: Elabora\u00e7\u00e3o pr\u00f3pria com base em dados de pesquisa.<\/div><div class=\"image-analysis\"><\/div>                <div class=\"bullets\"><\/div>\n            <\/div>\n\n\n\n<p>Em rela\u00e7\u00e3o aos cuidados referentes ao acompanhamento emocional dado ao parceiro, os resultados mostram, quando cruzados por grupos et\u00e1rios, que esse tipo de cuidado aumentou em todos os grupos e acima do 45% para o <span class=\"small-caps\">amg<\/span>. No caso do <span class=\"small-caps\">zmc<\/span> A faixa et\u00e1ria de 18 a 37 anos \u00e9 not\u00e1vel, relatando que esse tipo de cuidado aumentou em 56%. Essas descobertas apontam para as maneiras pelas quais o confinamento minou o mundo \u00edntimo, relacional e afetivo dos casais. Os casais jovens s\u00e3o particularmente sens\u00edveis a essas formas de solidariedade que v\u00e3o al\u00e9m do \u00e2mbito das reciprocidades materiais, instrumentais e econ\u00f4micas. No entanto, a concess\u00e3o desse tipo de apoio est\u00e1 enraizada na esfera das rela\u00e7\u00f5es familiares e pode lev\u00e1-los \u00e0 exaust\u00e3o, como advertem v\u00e1rias publica\u00e7\u00f5es ao abordar as formas de organiza\u00e7\u00e3o social do cuidado na Am\u00e9rica Latina (<span class=\"small-caps\">cepal<\/span>2020a; 2020c; Batthy\u00e1ny, 2020).<\/p>\n\n\n\n<p>Acompanhamento emocional das mulheres com seus parceiros no <span class=\"small-caps\">amg<\/span> mant\u00e9m propor\u00e7\u00f5es pr\u00f3ximas daqueles que consideram que houve um aumento relacionado a esse cuidado; independentemente de seu estado civil, esse aumento \u00e9 consider\u00e1vel: come\u00e7a em 43% em pessoas casadas e divorciadas e sobe para 52% em pessoas solteiras. Por outro lado, h\u00e1 uma varia\u00e7\u00e3o quando elas expressam que as circunst\u00e2ncias permaneceram as mesmas, diminu\u00edram ou n\u00e3o realizaram esse cuidado. Por outro lado, as mulheres do grupo <span class=\"small-caps\">zmc<\/span> mostram propor\u00e7\u00f5es mais altas de maior cuidado entre os divorciados e solteiros, 65% e 50%, respectivamente.<\/p>\n\n\n\n<p>No caso dos homens, tanto no <span class=\"small-caps\">amg<\/span> como no <span class=\"small-caps\">zmc<\/span> h\u00e1 uma maior diversidade nas propor\u00e7\u00f5es daqueles que dizem que houve um aumento no apoio emocional ao parceiro. Em geral, as respostas mais constantes s\u00e3o o aumento e a perman\u00eancia das circunst\u00e2ncias de apoio emocional ao parceiro. Destacam-se os seguintes aspectos <span class=\"small-caps\">amg<\/span> divorciados (71%) e solteiros (60%). No caso de <span class=\"small-caps\">zmc<\/span>o maior percentual est\u00e1 entre os solteiros com 67%. Os dados mostram a relev\u00e2ncia de se investigar o cuidado afetivo (Fraga, 2018; Zelizer, 2009), que n\u00e3o tem sido suficientemente estudado em pesquisas, e que adquire especial relev\u00e2ncia diante de uma conting\u00eancia como a enfrentada pela sociedade como um todo. Tanto as mulheres quanto os homens refor\u00e7aram o apoio emocional a seus parceiros, e isso pode estar intimamente ligado \u00e0 dimens\u00e3o moral do cuidado (Tronto, 1993).<\/p>\n\n\n\n<p>Ao perguntar sobre o cuidado emocional recebido pelo parceiro e levando em conta o g\u00eanero, o estado civil e a \u00e1rea geogr\u00e1fica, observa-se novamente um aumento geral em ambas as \u00e1reas. Embora as porcentagens sejam pr\u00f3ximas, \u00e9 poss\u00edvel notar a presen\u00e7a de apoio emocional do ponto de vista das mulheres, n\u00e3o apenas entre as casadas, mas tamb\u00e9m entre as divorciadas e as solteiras (no caso da <span class=\"small-caps\">amg<\/span>) e os divorciados e separados (para o <span class=\"small-caps\">zmc<\/span>). Um comportamento semelhante nos dados pode ser observado na percep\u00e7\u00e3o dos homens. Os achados apontam para a relev\u00e2ncia do cuidado emocional (Franco, 2015) e sua crescente presen\u00e7a em tempos de confinamento nos diferentes tipos de arranjo de casais. As informa\u00e7\u00f5es nos levam a sugerir que os v\u00ednculos s\u00e3o sens\u00edveis\/emp\u00e1ticos, em termos de aprecia\u00e7\u00e3o subjetiva, aos apelos de apoio e acolhimento emocional diante de momentos in\u00e9ditos como os vivenciados na pandemia de covid-19 (ver gr\u00e1fico 7).<\/p>\n\n\n\n<div class=\"image-slider\">\n                <div class=\"frame\">\n                    <div class=\"picture\" itemscope itemtype=\"http:\/\/schema.org\/ImageGallery\">\n                        <figure itemprop=\"associatedMedia\" itemscope itemtype=\"http:\/\/schema.org\/ImageObject\" class=\"slider-element\">\n                              <a href=\"https:\/\/archive.org\/download\/vol5num9-multimedia\/enriquez-cuevas-castillo-conyugalidad-genero-covid-guadalajara-colima-imagen-7.webp\" itemprop=\"contentUrl\" data-size=\"1659x877\" data-index=\"0\" data-caption=\"Gr\u00e1fica 7. Fuente: Elaboraci\u00f3n propia con base en los datos de la investigaci\u00f3n.\" >\n                                <img decoding=\"async\" src=\"https:\/\/archive.org\/download\/vol5num9-multimedia\/enriquez-cuevas-castillo-conyugalidad-genero-covid-guadalajara-colima-imagen-7.webp\" itemprop=\"thumbnail\">\n                                <i class=\"fa fa-expand expand\" aria-hidden=\"true\"><\/i>\n                            <\/a>\n                            <\/figure>                    <\/div>    \n                <\/div>\n                    <div class=\"caption\">Gr\u00e1fico 7. Fonte: Elabora\u00e7\u00e3o pr\u00f3pria com base em dados de pesquisa.<\/div><div class=\"image-analysis\"><\/div>                <div class=\"bullets\"><\/div>\n            <\/div>\n\n\n\n<p>Com rela\u00e7\u00e3o aos cuidados de sa\u00fade prestados aos parceiros, houve um aumento de cerca de 20% tanto por mulheres quanto por homens casados em rela\u00e7\u00e3o a seus parceiros. A maior porcentagem de homens e mulheres solteiros relatou n\u00e3o prestar esse tipo de assist\u00eancia (veja o gr\u00e1fico 6). Os resultados est\u00e3o relacionados \u00e0 co-resid\u00eancia para essa forma de troca de cuidados de sa\u00fade. Esse achado confirma o que foi apontado sobre a poss\u00edvel maior estabilidade de pessoas casadas que viviam sob o mesmo teto. Tamb\u00e9m \u00e9 interessante comparar esses dados com os dados mencionados anteriormente sobre cuidados em termos de recursos materiais\/econ\u00f4micos. Como observa Zelizer (2009), as rela\u00e7\u00f5es de cuidado com a sa\u00fade est\u00e3o ligadas \u00e0s rela\u00e7\u00f5es econ\u00f4micas dentro das fam\u00edlias e, enquanto a provis\u00e3o de recursos econ\u00f4micos permaneceu a mesma, com predomin\u00e2ncia masculina como remetente, a provis\u00e3o de apoio \u00e0 sa\u00fade mostra um ligeiro aumento para ambos os sexos. Os resultados s\u00e3o semelhantes no caso da assist\u00eancia m\u00e9dica recebida.<\/p>\n\n\n\n<p>Com rela\u00e7\u00e3o ao cuidado espiritual dado ao parceiro, o maior aumento foi observado entre as mulheres separadas (50%) no grupo de <span class=\"small-caps\">zmc<\/span>e, no caso dos homens, divorciados (57%) e coabitantes (49%) da <span class=\"small-caps\">amg<\/span> e individuais (44%) do <span class=\"small-caps\">zmc<\/span>. Porcentagens um pouco mais altas est\u00e3o presentes em arranjos de parceria alternativos ao casamento. As descobertas apontam para a relev\u00e2ncia do estudo de relacionamentos de casais al\u00e9m dos la\u00e7os formalizados e tamb\u00e9m prestam aten\u00e7\u00e3o \u00e0s maneiras pelas quais esse tipo de troca \u00e9 oferecido em contextos de exist\u00eancia sem precedentes, devido \u00e0 situa\u00e7\u00e3o de conting\u00eancia da covid-19.<\/p>\n\n\n\n<p>Ao levar em conta as faixas et\u00e1rias, vale a pena observar a <span class=\"small-caps\">zmc<\/span>O apoio espiritual dado na faixa et\u00e1ria de 58 anos ou mais \u00e9 quase 30 pontos percentuais maior do que na faixa et\u00e1ria de 58 anos ou mais e \u00e9 quase 30 pontos percentuais maior do que na faixa et\u00e1ria de 58 anos ou mais. <span class=\"small-caps\">amg<\/span> (46% e 17%, respectivamente; veja o gr\u00e1fico 8). Esses achados est\u00e3o relacionados a uma pr\u00e1tica espiritual com maior presen\u00e7a na <span class=\"small-caps\">zmc<\/span> que se caracteriza por uma cultura mais conservadora com rela\u00e7\u00e3o \u00e0 <span class=\"small-caps\">amg<\/span>.<\/p>\n\n\n\n<div class=\"image-slider\">\n                <div class=\"frame\">\n                    <div class=\"picture\" itemscope itemtype=\"http:\/\/schema.org\/ImageGallery\">\n                        <figure itemprop=\"associatedMedia\" itemscope itemtype=\"http:\/\/schema.org\/ImageObject\" class=\"slider-element\">\n                              <a href=\"https:\/\/archive.org\/download\/vol5num9-multimedia\/enriquez-cuevas-castillo-conyugalidad-genero-covid-guadalajara-colima-imagen-8.webp\" itemprop=\"contentUrl\" data-size=\"1068x939\" data-index=\"0\" data-caption=\"Gr\u00e1fica 8. Fuente: Elaboraci\u00f3n propia con base en los datos de la investigaci\u00f3n.\" >\n                                <img decoding=\"async\" src=\"https:\/\/archive.org\/download\/vol5num9-multimedia\/enriquez-cuevas-castillo-conyugalidad-genero-covid-guadalajara-colima-imagen-8.webp\" itemprop=\"thumbnail\">\n                                <i class=\"fa fa-expand expand\" aria-hidden=\"true\"><\/i>\n                            <\/a>\n                            <\/figure>                    <\/div>    \n                <\/div>\n                    <div class=\"caption\">Gr\u00e1fico 8: Elabora\u00e7\u00e3o pr\u00f3pria com base em dados de pesquisa.<\/div><div class=\"image-analysis\"><\/div>                <div class=\"bullets\"><\/div>\n            <\/div>\n\n\n\n<p>Em rela\u00e7\u00e3o \u00e0 reciprocidade no cuidado entre os parceiros, utilizando uma escala de 1 a 10 e levando em conta todas as vari\u00e1veis: sexo, estado civil, faixas et\u00e1rias, tempo de relacionamento, ocupa\u00e7\u00e3o, renda, escolaridade, ter ou n\u00e3o filhos, a m\u00e9dia tende a ser de 7,5, o que nos leva a considerar que existe uma avalia\u00e7\u00e3o suficientemente boa sobre esse ponto. Tamb\u00e9m alerta para a necessidade de abordar a equidade no cuidado a partir de enfoques qualitativos que nos aproximem das m\u00faltiplas narrativas que mulheres e homens elaboram e, a partir da\u00ed, aprofundar analiticamente de acordo com cada um dos tipos de cuidado.<\/p>\n\n\n\n<p>A equidade no cuidado no \u00e2mbito do casal n\u00e3o pode ser abordada sem levar em conta a sobrecarga de cuidados que as mulheres t\u00eam tido em seus lares, o que v\u00e1rias fontes apontam como uma constante no contexto da pandemia na regi\u00e3o da Am\u00e9rica Latina, conforme discutido nas se\u00e7\u00f5es anteriores deste texto. A corresponsabilidade pelo cuidado, tanto no espa\u00e7o micro das rela\u00e7\u00f5es de casal e fam\u00edlia quanto no espa\u00e7o macro que envolve o Estado, o mercado, as fam\u00edlias e as comunidades, \u00e9 um aspecto central para a configura\u00e7\u00e3o de um novo pacto social e o respeito aos direitos relacionados ao cuidado (<span class=\"small-caps\">cepal<\/span>2020a; 2020c).<\/p>\n\n\n\n<h2 class=\"wp-block-heading\">Conclus\u00f5es<\/h2>\n\n\n\n<p class=\"abstract\">A pandemia imp\u00f4s uma forte press\u00e3o sobre a amostra pesquisada que transformou de forma abrupta e intensa v\u00e1rios aspectos de sua intimidade. Ela n\u00e3o s\u00f3 modificou suas rotinas individuais, mas tamb\u00e9m suas rotinas familiares e sociais. Em meio a tudo isso, tr\u00eas constata\u00e7\u00f5es se destacam: a maior estabilidade e sensa\u00e7\u00e3o de bem-estar de homens e mulheres casados, o maior impacto da pandemia entre a popula\u00e7\u00e3o solteira e mais jovem, principalmente entre as mulheres que n\u00e3o s\u00e3o casadas, e o maior impacto da pandemia entre a popula\u00e7\u00e3o solteira e mais jovem, principalmente entre as mulheres que n\u00e3o s\u00e3o casadas, e o maior impacto da pandemia entre as mulheres que n\u00e3o s\u00e3o casadas. <span class=\"small-caps\">zmc<\/span> (2020) - como Rodriguez e Rodriguez (2020) tamb\u00e9m encontraram -, e que a falta de comunica\u00e7\u00e3o, a falta de amor, a falta de interesses e objetivos comuns eram os poss\u00edveis motivos para o div\u00f3rcio ou rompimento com o parceiro. Com rela\u00e7\u00e3o ao primeiro, homens e mulheres casados em ambas as \u00e1reas de estudo foram o grupo que demonstrou maior estabilidade e inten\u00e7\u00e3o de permanecer juntos, independentemente da origem do conflito. Esse achado coincide com o encontrado pelo <span class=\"small-caps\">inegi<\/span> (2014, 2015, 2016 e 2017) no M\u00e9xico e por Beric\u00e1t (2018) na Espanha sobre a maior sensa\u00e7\u00e3o de bem-estar das pessoas casadas. Com rela\u00e7\u00e3o a esse \u00faltimo, os dados mostraram que a popula\u00e7\u00e3o solteira e mais jovem do <span class=\"small-caps\">zmc<\/span> teceram rela\u00e7\u00f5es de parceria mais convencionais do que as do <span class=\"small-caps\">amg<\/span>No terceiro, foi muito interessante constatar que, apesar das diferen\u00e7as nas porcentagens de homens e mulheres que deram motivos para um poss\u00edvel div\u00f3rcio ou separa\u00e7\u00e3o, a comunica\u00e7\u00e3o com o parceiro, o compartilhamento de interesses e objetivos e a realiza\u00e7\u00e3o de atividades em conjunto foram muito interessantes, bem como o impacto que a pandemia teve em aspectos centrais de sua intimidade. Em rela\u00e7\u00e3o \u00e0 terceira, foi muito interessante constatar que, apesar das diferen\u00e7as nas porcentagens que homens e mulheres deram aos motivos para um poss\u00edvel div\u00f3rcio ou separa\u00e7\u00e3o, a comunica\u00e7\u00e3o com o parceiro, o compartilhamento de interesses e objetivos e a realiza\u00e7\u00e3o de atividades em conjunto foram fundamentais em suas avalia\u00e7\u00f5es dos conflitos vivenciados durante o confinamento. Em outras palavras, a pandemia os confrontou com h\u00e1bitos e pr\u00e1ticas individuais que se chocaram com as necessidades de tempo e aten\u00e7\u00e3o do casal.<\/p>\n\n\n\n<p>Por sua vez, os pap\u00e9is de g\u00eanero mostram processos de ajuste em ambas as \u00e1reas metropolitanas; por um lado, h\u00e1 uma distribui\u00e7\u00e3o do trabalho dom\u00e9stico no lar entre mulheres e homens que tenta ser cada vez mais equitativa e, por outro lado, foi refor\u00e7ada pelas necessidades emergentes e inevit\u00e1veis originadas pela pr\u00f3pria pandemia e, com isso, foi gerada uma sobrecarga significativa de atividades dom\u00e9sticas e de cuidado para as mulheres. Esses ajustes s\u00e3o vivenciados em um contexto que provoca incertezas e demandas di\u00e1rias de atividades e comportamentos in\u00e9ditos e, no caso de pessoas que t\u00eam filhos, a sobrecarga de trabalho dom\u00e9stico e de cuidados \u00e9 frequentemente combinada com o trabalho \u00e0 dist\u00e2ncia, bem como com o apoio e o monitoramento da educa\u00e7\u00e3o em casa para crian\u00e7as pequenas. Assim, esses processos de ajuste s\u00e3o enfrentados em ambas as cidades, embora se destaque que a distribui\u00e7\u00e3o das atividades dom\u00e9sticas \u00e9 permeada, em sua maioria, pelos pap\u00e9is tradicionais de g\u00eanero nas <span class=\"small-caps\">zmc<\/span> que no <span class=\"small-caps\">amg<\/span>Isso tamb\u00e9m mostra diferen\u00e7as nos vislumbres de mudan\u00e7a na reflex\u00e3o e na experi\u00eancia que homens e mulheres t\u00eam de igualdade no relacionamento do casal nessas \u00e1reas metropolitanas.<\/p>\n\n\n\n<p>Da mesma forma, o cuidado m\u00fatuo nas rela\u00e7\u00f5es de casal em tempos de confinamento tem sido pouco estudado e requer aten\u00e7\u00e3o especial. Os estudos sobre o cuidado alertam sobre os processos de feminiza\u00e7\u00e3o e precariedade do cuidado e se concentram no cuidado de crian\u00e7as, pessoas com defici\u00eancia e idosos. No entanto, o cuidado prestado e recebido entre os parceiros, bem como a equidade das cargas de cuidado, n\u00e3o s\u00e3o conhecidos em profundidade suficiente, e menos ainda no contexto atual da pandemia. O cuidado do casal na dimens\u00e3o do fornecimento ou recebimento de recursos materiais e econ\u00f4micos marca a reprodu\u00e7\u00e3o dos pap\u00e9is tradicionais de g\u00eanero, em que os homens s\u00e3o os principais provedores econ\u00f4micos, e quando se trata de cuidados diretos, relacionados ao acompanhamento emocional, de sa\u00fade e espiritual, h\u00e1 uma indefini\u00e7\u00e3o dos pap\u00e9is tradicionais de g\u00eanero e uma participa\u00e7\u00e3o de ambos, com predomin\u00e2ncia feminina, nos cuidados prestados e recebidos.<\/p>\n\n\n\n<p>A pandemia de covid-19 destaca a exacerba\u00e7\u00e3o das tarefas de cuidado dentro das fam\u00edlias, especialmente para as mulheres, incluindo o cuidado de seus parceiros, bem como a necessidade urgente de avan\u00e7ar em dire\u00e7\u00e3o \u00e0 corresponsabilidade no cuidado, tanto no n\u00edvel da fam\u00edlia quanto do casal (micro) e nas rela\u00e7\u00f5es equitativas entre o Estado, o mercado, as fam\u00edlias, as organiza\u00e7\u00f5es da sociedade civil e as comunidades. Essa pandemia precisa ser vista e analisada como um profundo alerta para as sociedades contempor\u00e2neas, especialmente no M\u00e9xico e nas \u00e1reas urbanas, sobre as possibilidades reais e as circunst\u00e2ncias inegoci\u00e1veis de uma familiza\u00e7\u00e3o do cuidado que exige um avan\u00e7o em dire\u00e7\u00e3o \u00e0 sua coletiviza\u00e7\u00e3o.<\/p>\n\n\n\n<h3 class=\"wp-block-heading\">Bibliografia<\/h3>\n\n\n\n<p class=\"bibliography\" data-no-auto-translation=\"\">Ajenjo, Marc y Joan Garc\u00eda (2014). \u201cCambios en el uso del tiempo de las parejas \u00bfEstamos en el camino hacia una mayor igualdad?\u201d. Revista Internacional de Sociolog\u00eda, vol. 72, n\u00fam. 2, pp. 453-476. https:\/\/doi.org\/10.3989\/ris.2012.05.28<\/p>\n\n\n\n<p class=\"bibliography\" data-no-auto-translation=\"\">Aldana Castro, Mariana, C\u00e9sar Burgos D\u00e1vila y Tania Rocha S\u00e1nchez (2018). \u201cLa divisi\u00f3n sexual del trabajo reproductivo en M\u00e9xico: experiencias, pr\u00e1cticas y significados en parejas j\u00f3venes de doble ingreso\u201d. LAT Revista Latinoamericana del Trabajo, vol. 18, n\u00fam. 4, 1-33. Recuperado de https:\/\/www.academia.edu\/38397589\/La_divisi%C3%B3n_sexual_del_trabajo_reproductivo_en_Mexico_experiencias_pr%C3%A1cticas_y_significados_en_parejas_j%C3%B3venes_de_doble_ingreso.pdf, consultado el 10 de noviembre de 2021.<\/p>\n\n\n\n<p class=\"bibliography\" data-no-auto-translation=\"\">Alegre, Elisa et al. (2020). \u201cEmociones y relaciones en tiempos de la covid-19: una etnograf\u00eda digital en tiempos de crisis\u201d. Cadernos de Campo, vol. 29, pp. 204-215. https:\/\/doi.org\/10.11606\/issn.2316-9133.v29isuplp204-215<\/p>\n\n\n\n<p class=\"bibliography\" data-no-auto-translation=\"\">Batthy\u00e1ny, Karina (2020). \u201cLa pandemia evidencia y potencia la crisis de los cuidados. Pensar la pandemia\u201d. Observatorio Social del Coronavirus. Biblioteca en Acceso Abierto <span class=\"small-caps\">clacso<\/span>. Recuperado de http:\/\/biblioteca.clacso.edu.ar\/clacso\/se\/20200511063748\/1-Karina-Batthyany.pdf, consultado el 10 de noviembre de 2021.<\/p>\n\n\n\n<p class=\"bibliography\" data-no-auto-translation=\"\">Bericat, Eduardo (2018). Excluidos de la felicidad. La estratificaci\u00f3n social del bienestar emocional en Espa\u00f1a. Madrid: Centro de Investigaciones Sociol\u00f3gicas.<\/p>\n\n\n\n<p class=\"bibliography\" data-no-auto-translation=\"\">Comisi\u00f3n Econ\u00f3mica para Am\u00e9rica Latina y el Caribe (<span class=\"small-caps\">cepal<\/span>) (2020a, 2 de abril). La pandemia del covid-19 profundiza la crisis de los cuidados en Am\u00e9rica Latina y el Caribe. Recuperado de https:\/\/repositorio.cepal.org\/bitstream\/handle\/11362\/45335\/1\/S2000261_es.pdf, consultado el 10 de noviembre de 2021.<\/p>\n\n\n\n<p class=\"bibliography\" data-no-auto-translation=\"\">\u2014 (2020b, 3 de abril). Am\u00e9rica Latina y el Caribe ante la pandemia del covid-19. Efectos econ\u00f3micos y sociales. Informe Especial N\u00fam. 1 covid-19. Recuperado de https:\/\/repositorio.cepal.org\/bitstream\/handle\/11362\/45337\/4\/S2000264_es.pdf, consultado el 10 de noviembre de 2021.<\/p>\n\n\n\n<p class=\"bibliography\" data-no-auto-translation=\"\">\u2014 (2020c, 12 de mayo). El desaf\u00edo social en tiempos de covid-19. Informe Especial N\u00fam. 3 covid-19. Recuperado de https:\/\/repositorio.cepal.org\/bitstream\/handle\/11362\/45527\/5\/S2000325_es.pdf, consultado el 10 de noviembre de 2021.<\/p>\n\n\n\n<p class=\"bibliography\" data-no-auto-translation=\"\">C\u00f3rdoba, Mar\u00eda y Dar\u00edo Ibarra (2020). \u201c\u00bfVarones construyendo espacios de igualdad? Desaf\u00edos en contexto de confinamiento (covid-19)\u201d. Revista Punto G\u00e9nero, n\u00fam. 13, pp. 50-65. https:\/\/doi.org\/10.5354\/0719-0417.2020.58191<\/p>\n\n\n\n<p class=\"bibliography\" data-no-auto-translation=\"\">Esquila, Anirian, Susana Zarza, Gabriela Villafa\u00f1a y Hans van Barneveld (2015). \u201cLa identidad y el rol de g\u00e9nero en la relaci\u00f3n de pareja: un estudio generacional sobre la permanencia en el matrimonio\u201d. Revista Electr\u00f3nica de Psicolog\u00eda Iztacala, vol. 18, n\u00fam. 4, pp. 1507-1538. Recuperado de http:\/\/ojs.unam.mx\/index.php\/repi\/article\/view\/53442\/47533, consultado el 10 de noviembre de 2021.<\/p>\n\n\n\n<p class=\"bibliography\" data-no-auto-translation=\"\">Fondo de Poblaci\u00f3n de las Naciones Unidas (<span class=\"small-caps\">unfpa<\/span>) (2020, marzo). covid-19: Un enfoque de g\u00e9nero. Proteger la salud y los derechos sexuales y reproductivos y promover la igualdad de g\u00e9nero. Informe t\u00e9cnico. Recuperado de https:\/\/unfpa.org\/sites\/default\/files\/resource-pdf\/COVID-19_A_Gender_Lens_Guidance_Note.docx_en-US_es-MX.pdf, consultado el 10 de noviembre de 2021.<\/p>\n\n\n\n<p class=\"bibliography\" data-no-auto-translation=\"\">Fontana, Laura (2020). \u201cPandemia y rearticulaci\u00f3n de las relaciones sociales\u201d. Perif\u00e8ria, revista de recerca i formaci\u00f3 en antropologia, vol. 25, n\u00fam. 2, pp. 101-114. https:\/\/doi.org\/10.5565\/rev\/periferia.770<\/p>\n\n\n\n<p class=\"bibliography\" data-no-auto-translation=\"\">Fraga, Cecilia (2018). Cuidados y desigualdades en M\u00e9xico: una lectura conceptual. M\u00e9xico: oxfam M\u00e9xico.<\/p>\n\n\n\n<p class=\"bibliography\" data-no-auto-translation=\"\">Franco, Sandra. (2015). Trabajo de cuidados: debates y conceptualizaciones. Manizales: Universidad de Caldas.<\/p>\n\n\n\n<p class=\"bibliography\" data-no-auto-translation=\"\">Giddens, Anthony (1993). Consecuencias de la modernidad. Madrid: Alianza Editorial.<\/p>\n\n\n\n<p class=\"bibliography\" data-no-auto-translation=\"\">\u2014 (1998). La transformaci\u00f3n de la intimidad. Sexualidad, amor y erotismo en las sociedades modernas. Madrid: C\u00e1tedra y Teorema.<\/p>\n\n\n\n<p class=\"bibliography\" data-no-auto-translation=\"\">\u2014 (2000). Un mundo desbocado. Los efectos de la globalizaci\u00f3n en nuestras vidas. Madrid: Taurus.<\/p>\n\n\n\n<p class=\"bibliography\" data-no-auto-translation=\"\">Gim\u00e9nez, Gilberto (1999). \u201cTerritorio, cultura e identidad. La regi\u00f3n cultural\u201d. Estudios sobre las Culturas Contempor\u00e1neas, vol. 5, n\u00fam. 9, pp. 25-67.<\/p>\n\n\n\n<p class=\"bibliography\" data-no-auto-translation=\"\">Gonz\u00e1lez, Mar\u00eda y Teresa Jurado-Guerrero (2009). \u201c\u00bfCu\u00e1ndo se implican los hombres en las tareas dom\u00e9sticas? Un an\u00e1lisis de la Encuesta de Empleo del Tiempo\u201d. Panorama Social, pp. 65-81. Recuperado de http:\/\/e-spacio.uned.es\/fez\/view\/bibliuned:FAC-CPYS-Articulos-0001, consultado el 10 de noviembre de 2021.<\/p>\n\n\n\n<p class=\"bibliography\" data-no-auto-translation=\"\">Guevara, Elsa (2005). \u201cIntimidad y modernidad: precisiones conceptuales y su pertinencia para el caso de M\u00e9xico\u201d. Estudios sociol\u00f3gicos, vol. 23, n\u00fam. 69, pp. 857-877. Recuperado de https:\/\/dialnet.unirioja.es\/servlet\/articulo?codigo=6163961, consultado el 10 de noviembre de 2021.<\/p>\n\n\n\n<p class=\"bibliography\" data-no-auto-translation=\"\">Instituto Nacional de Estad\u00edstica y Geograf\u00eda (<span class=\"small-caps\">inegi<\/span>). (2014) Encuesta Nacional de Uso del Tiempo. M\u00e9xico: <span class=\"small-caps\">inegi<\/span>. Recuperado de https:\/\/www.ddeser.org\/wp-content\/uploads\/2016\/05\/ENUT-2004-Boleti%CC%81n.pdf, consultado el 3 de enero de 2020.<\/p>\n\n\n\n<p class=\"bibliography\" data-no-auto-translation=\"\">\u2014 (2014). Encuesta Nacional de los Hogares. M\u00e9xico: <span class=\"small-caps\">inegi<\/span>.<\/p>\n\n\n\n<p class=\"bibliography\" data-no-auto-translation=\"\">\u2014 (2015). Encuesta Nacional de los Hogares. M\u00e9xico <span class=\"small-caps\">inegi<\/span>.<\/p>\n\n\n\n<p class=\"bibliography\" data-no-auto-translation=\"\">\u2014 (2016). Encuesta Nacional de los Hogares. M\u00e9xico: <span class=\"small-caps\">inegi<\/span>.<\/p>\n\n\n\n<p class=\"bibliography\" data-no-auto-translation=\"\">\u2014 (2017). Encuesta Nacional de los Hogares. M\u00e9xico: <span class=\"small-caps\">inegi<\/span>.<\/p>\n\n\n\n<p class=\"bibliography\" data-no-auto-translation=\"\">\u2014 (2019) Encuesta Nacional de Uso del Tiempo. M\u00e9xico: <span class=\"small-caps\">inegi<\/span>. Recuperado de https:\/\/www.inegi.org.mx\/contenidos\/programas\/enut\/2019\/doc\/enut_2019_presentacion_resultados.pdf, consultado el 10 de noviembre de 2021.<\/p>\n\n\n\n<p class=\"bibliography\" data-no-auto-translation=\"\">Instituto Nacional de las Mujeres (<span class=\"small-caps\">inmujeres<\/span>) (2020). covid-19 y su impacto en n\u00fameros desde la perspectiva de g\u00e9nero. Recuperado de https:\/\/www.gob.mx\/cms\/uploads\/attachment\/file\/543160\/Covid19-cifrasPEG.pdf, consultado el 10 de noviembre de 2021.<\/p>\n\n\n\n<p class=\"bibliography\" data-no-auto-translation=\"\">Lewis, Jane (1992). \u201cGender and the Development of Welfare Regimes\u201d. Journal of European Social Policy, vol. 2, n\u00fam. 3, pp. 147-178. https:\/\/doi.org\/10.1177\/095892879200200301<\/p>\n\n\n\n<p class=\"bibliography\" data-no-auto-translation=\"\">Mosmann, Clarisse y Adriana Wagner (2008). \u201cDimensiones de la conyugalidad y de la parentalidad: un modelo correlacional\u201d. Revista Intercontinental de Psicolog\u00eda y Educaci\u00f3n, vol. 10, n\u00fam. 2, pp. 79-103. Recuperado de https:\/\/www.redalyc.org\/pdf\/802\/80212387005.pdf, consultado el 10 de noviembre de 2021.<\/p>\n\n\n\n<p class=\"bibliography\" data-no-auto-translation=\"\">N\u00fa\u00f1ez, Guillermo y \u00c9dgar Zazueta (2012). \u201cModernidades e intimidad: aproximaciones conceptuales para el estudio de las transformaciones de las parejas heterosexuales en M\u00e9xico\u201d. Estudios Sociales, n\u00fam. 2, pp. 353-374. Recuperado de http:\/\/www.redalyc.org\/articulo.oa?id=41724972016, consultado el 10 de noviembre de 2021.<\/p>\n\n\n\n<p class=\"bibliography\" data-no-auto-translation=\"\">Observatorio de violencia de g\u00e9nero en medios de comunicaci\u00f3n (2020, 7 de mayo). \u201c\u00bfSubi\u00f3 la violencia de g\u00e9nero en M\u00e9xico durante la pandemia de Covid-19?\u201d. <span class=\"small-caps\">ovigem<\/span> [sitio web]. Recuperado de https:\/\/ovigem.org\/subio-la-violencia-de-genero-en-mexico-durante-la-pandemia-de-covid-19\/05\/2020\/, consultado el 10 de noviembre de 2021.<\/p>\n\n\n\n<p class=\"bibliography\" data-no-auto-translation=\"\">Oltramari, Leandro (2009). \u201cAmor e conjugalidade na contemporaneidade: uma revis\u00e3o de literatura\u201d. Psicologia em Estudo, vol. 14, n\u00fam. 4, pp. 669-677. https:\/\/doi.org\/10.1590\/S1413-73722009000400007<\/p>\n\n\n\n<p class=\"bibliography\" data-no-auto-translation=\"\"><span class=\"small-caps\">onu<\/span> Mujeres (2020, 6 de abril). \u201cViolencia contra las mujeres: la pandemia en la sombra\u201d. <span class=\"small-caps\">onu<\/span> Mujeres. Recuperado en: https:\/\/www.unwomen.org\/es\/news\/stories\/2020\/4\/statement-ed-phumzile-violence-against-women-during-pandemic, consultado el 10 de noviembre de 2021.<\/p>\n\n\n\n<p class=\"bibliography\" data-no-auto-translation=\"\">Rodr\u00edguez, Mar\u00eda (2008). \u201cLa distribuci\u00f3n sexual del trabajo reproductivo\u201d. Acciones e investigaciones sociales, n\u00fam. 26, pp. 61-90. Recuperado de https:\/\/dialnet.unirioja.es\/servlet\/articulo?codigo=2975146, consultado el 10 de noviembre de 2021.<\/p>\n\n\n\n<p class=\"bibliography\" data-no-auto-translation=\"\">Rodr\u00edguez, Tania et al. (2019). \u201cLa intimidad en las relaciones de pareja: reflexiones conceptuales a partir de su multidimensionalidad\u201d, en Ana J. Cuevas (coord.), Intimidad y relaciones de pareja. Exploraciones de un campo de investigaci\u00f3n. M\u00e9xico: Juan Pablos Editor, pp. 37-94.<\/p>\n\n\n\n<p class=\"bibliography\" data-no-auto-translation=\"\">\u2014 y Zeyda Rodr\u00edguez (2020). \u201cIntimidad y relaciones de pareja durante la pandemia de la covid-19 en Guadalajara\u201d. Espiral. Estudios sobre Estado y Sociedad, vol. 28, n\u00fam. 78-79, pp. 215-264. https:\/\/doi.org\/10.32870\/eees.v28i78-79.7206<\/p>\n\n\n\n<p class=\"bibliography\" data-no-auto-translation=\"\">Rojas, Olga (2010). \u201cG\u00e9nero, organizaci\u00f3n familiar y trabajo extradom\u00e9stico femenino asalariado y por cuenta propia\u201d. Revista Latinoamericana de Estudios de Familia, vol. 2, pp. 31-50. Recuperado de http:\/\/vip.ucaldas.edu.co\/revlatinofamilia\/downloads\/Rlef2_2.pdf, consultado el 10 de noviembre de 2021.<\/p>\n\n\n\n<p class=\"bibliography\" data-no-auto-translation=\"\">Rojas, Olga (2016). \u201cMujeres, hombres y vida familiar en M\u00e9xico. Persistencia de la inequidad de g\u00e9nero anclada en la desigualdad social\u201d. Revista Interdisciplinaria de Estudios de G\u00e9nero, vol. 2, n\u00fam. 3, pp. 73-101. https:\/\/doi.org\/10.24201\/eg.v2i3.4<\/p>\n\n\n\n<p class=\"bibliography\" data-no-auto-translation=\"\">Tenorio, Natalia (2010). \u201c\u00bfQu\u00e9 tan modernos somos? El amor y la relaci\u00f3n de pareja en el M\u00e9xico contempor\u00e1neo\u201d. Revista Ciencias, n\u00fam. 9, pp. 38-49. Recuperado de http:\/\/revistas.unam.mx\/index.php\/cns\/article\/view\/22895\/21718, consultado el 10 de noviembre de 2021.<\/p>\n\n\n\n<p class=\"bibliography\" data-no-auto-translation=\"\">Tronto, Joan (1987). \u201cM\u00e1s all\u00e1 de las diferencias de g\u00e9nero. Hacia una teor\u00eda del cuidado\u201d. Journal of Women in Culture and Society, vol. 12, pp. 1-17. Recuperado de http:\/\/www.unsam.edu.ar\/escuelas\/humanidades\/centros\/cedehu\/material\/(13)%20Texto%20Joan%20Tronto.pdf, consultado el 10 de noviembre de 2021.<\/p>\n\n\n\n<p class=\"bibliography\" data-no-auto-translation=\"\">\u2014 (1993). Moral Boundaries: a political argument for an ethic of care . Nueva York: Routledge. https:\/\/doi.org\/10.4324\/9781003070672-7<\/p>\n\n\n\n<p class=\"bibliography\" data-no-auto-translation=\"\">Zelizer, Viviana (2009). La negociaci\u00f3n de la intimidad. Buenos Aires: Fondo de Cultura Econ\u00f3mica.<\/p>\n\n\n\n<hr class=\"wp-block-separator\"\/>\n\n\n\n<p class=\"abstract\"><em>Roc\u00edo Enr\u00edquez Rosas<\/em> Tem doutorado em Ci\u00eancias Sociais pelo Centro de Pesquisa e Estudos Superiores em Antropologia Social, <span class=\"small-caps\">ciesas<\/span>-Oeste. Professor e pesquisador do Departamento de Estudos Socioculturais da <span class=\"small-caps\">iteso<\/span>Guadalajara. N\u00edvel de pesquisador nacional <span class=\"small-caps\">ii<\/span>.<\/p>\n\n\n\n<p class=\"abstract\"><em>Ana Josefina Cuevas Hern\u00e1ndez<\/em> Tem doutorado em Sociologia pela Universidade de Essex. Professor e pesquisador da Faculdade de Literatura e Comunica\u00e7\u00e3o da Universidade de Colima. Pesquisador nacional da <span class=\"small-caps\">i<\/span>.<\/p>\n\n\n\n<p class=\"abstract\"><em>Ana Gabriel Castillo S\u00e1nchez<\/em> \u00e9 PhD em Ci\u00eancias Sociais pela Universidade de Colima. Ela \u00e9 membro do Cognos+ Centro Multidisciplinario de Investigaci\u00f3n y Evaluaci\u00f3n de Pol\u00edticas P\u00fablicas A. C. Candidata a pesquisadora nacional.<\/p>","protected":false},"excerpt":{"rendered":"<p class=\" translation-block\">Diante da pandemia de covid-19, a Organiza\u00e7\u00e3o Mundial da Sa\u00fade (<span class=\"small-caps\">oms<\/span>) recomendou o distanciamento social como medida para diminuir a velocidade de propaga\u00e7\u00e3o do v\u00edrus sars-cov-2. Uma das consequ\u00eancias dessa medida foi o fechamento de institui\u00e7\u00f5es educacionais e um aumento significativo no teletrabalho (<span class=\"small-caps\">cepal<\/span>, 2020c). O confinamento dom\u00e9stico pode estar gerando situa\u00e7\u00f5es de tens\u00e3o, negocia\u00e7\u00e3o e conflito na esfera da intimidade, que, associadas \u00e0 incerteza resultante da pandemia, precisam ser identificadas e analisadas para gerar conhecimento relevante e oportuno diante de um problema sem precedentes que ultrapassa o campo da sa\u00fade e confronta o cotidiano de nossas popula\u00e7\u00f5es.<\/p>","protected":false},"author":8,"featured_media":32470,"comment_status":"open","ping_status":"open","sticky":false,"template":"","format":"standard","meta":{"_acf_changed":false,"footnotes":""},"categories":[9],"tags":[910,912,909,908,911,913],"coauthors":[704],"class_list":["post-35588","post","type-post","status-publish","format-standard","has-post-thumbnail","hentry","category-9","tag-conyugalidad","tag-cuidado-mutuo","tag-intimidad","tag-pandemia-por-covid-19","tag-papeles-de-genero","tag-parejas-heterosexuales","personas-ana-gabriel-castillo-sanchez","personas-ana-josefina-cuevas-hernandez","personas-maria-del-rocio-enriquez-rosas","numeros-888"],"acf":[],"yoast_head":"<!-- This site is optimized with the Yoast SEO plugin v22.2 - https:\/\/yoast.com\/wordpress\/plugins\/seo\/ -->\n<title>Conyugalidad, g\u00e9nero y cuidado en tiempos de covid-19 &#8211; Encartes<\/title>\n<meta name=\"description\" content=\"El confinamiento en los hogares puede estar generando en el \u00e1mbito de la intimidad situaciones de tensi\u00f3n que requieren ser identificadas.\" \/>\n<meta name=\"robots\" content=\"index, follow, max-snippet:-1, max-image-preview:large, max-video-preview:-1\" \/>\n<link rel=\"canonical\" href=\"https:\/\/encartes.mx\/pt\/enriquez-cuevas-castillo-conyugalidad-genero-covid-guadalajara-colima\/\" \/>\n<meta property=\"og:locale\" content=\"pt_BR\" \/>\n<meta property=\"og:type\" content=\"article\" \/>\n<meta property=\"og:title\" content=\"Conyugalidad, g\u00e9nero y cuidado en tiempos de covid-19 &#8211; Encartes\" \/>\n<meta property=\"og:description\" content=\"El confinamiento en los hogares puede estar generando en el \u00e1mbito de la intimidad situaciones de tensi\u00f3n que requieren ser identificadas.\" \/>\n<meta property=\"og:url\" content=\"https:\/\/encartes.mx\/pt\/enriquez-cuevas-castillo-conyugalidad-genero-covid-guadalajara-colima\/\" \/>\n<meta property=\"og:site_name\" content=\"Encartes\" \/>\n<meta property=\"article:published_time\" content=\"2022-03-21T20:44:43+00:00\" \/>\n<meta property=\"article:modified_time\" content=\"2023-11-17T23:59:09+00:00\" \/>\n<meta property=\"og:image\" content=\"https:\/\/encartes.mx\/wp-content\/uploads\/2020\/09\/martin_winocur-cdmx_2.jpg\" \/>\n\t<meta property=\"og:image:width\" content=\"1061\" \/>\n\t<meta property=\"og:image:height\" content=\"708\" \/>\n\t<meta property=\"og:image:type\" content=\"image\/jpeg\" \/>\n<meta name=\"author\" content=\"Sergio Vel\u00e1zquez\" \/>\n<meta name=\"twitter:card\" content=\"summary_large_image\" \/>\n<meta name=\"twitter:label1\" content=\"Escrito por\" \/>\n\t<meta name=\"twitter:data1\" content=\"Sergio Vel\u00e1zquez\" \/>\n\t<meta name=\"twitter:label2\" content=\"Est. tempo de leitura\" \/>\n\t<meta name=\"twitter:data2\" content=\"42 minutos\" \/>\n\t<meta name=\"twitter:label3\" content=\"Written by\" \/>\n\t<meta name=\"twitter:data3\" content=\"Sergio Vel\u00e1zquez\" \/>\n<script type=\"application\/ld+json\" class=\"yoast-schema-graph\">{\"@context\":\"https:\/\/schema.org\",\"@graph\":[{\"@type\":\"Article\",\"@id\":\"https:\/\/encartes.mx\/fr\/enriquez-cuevas-castillo-conyugalidad-genero-covid-guadalajara-colima\/#article\",\"isPartOf\":{\"@id\":\"https:\/\/encartes.mx\/fr\/enriquez-cuevas-castillo-conyugalidad-genero-covid-guadalajara-colima\/\"},\"author\":{\"name\":\"Sergio Vel\u00e1zquez\",\"@id\":\"https:\/\/encartes.mx\/#\/schema\/person\/5be8636bb6a3e2486cf548bf3c500765\"},\"headline\":\"Conyugalidad, g\u00e9nero y cuidado en la pareja en tiempos de covid-19 en las \u00e1reas metropolitanas de Colima y Guadalajara, M\u00e9xico\",\"datePublished\":\"2022-03-21T20:44:43+00:00\",\"dateModified\":\"2023-11-17T23:59:09+00:00\",\"mainEntityOfPage\":{\"@id\":\"https:\/\/encartes.mx\/fr\/enriquez-cuevas-castillo-conyugalidad-genero-covid-guadalajara-colima\/\"},\"wordCount\":10452,\"commentCount\":0,\"publisher\":{\"@id\":\"https:\/\/encartes.mx\/#organization\"},\"image\":{\"@id\":\"https:\/\/encartes.mx\/fr\/enriquez-cuevas-castillo-conyugalidad-genero-covid-guadalajara-colima\/#primaryimage\"},\"thumbnailUrl\":\"https:\/\/encartes.mx\/wp-content\/uploads\/2020\/09\/martin_winocur-cdmx_2.jpg\",\"keywords\":[\"conyugalidad\",\"cuidado mutuo\",\"intimidad\",\"pandemia por covid-19\",\"papeles de g\u00e9nero\",\"parejas heterosexuales\"],\"articleSection\":[\"Realidades socioculturales\"],\"inLanguage\":\"pt-BR\",\"potentialAction\":[{\"@type\":\"CommentAction\",\"name\":\"Comment\",\"target\":[\"https:\/\/encartes.mx\/fr\/enriquez-cuevas-castillo-conyugalidad-genero-covid-guadalajara-colima\/#respond\"]}]},{\"@type\":\"WebPage\",\"@id\":\"https:\/\/encartes.mx\/fr\/enriquez-cuevas-castillo-conyugalidad-genero-covid-guadalajara-colima\/\",\"url\":\"https:\/\/encartes.mx\/fr\/enriquez-cuevas-castillo-conyugalidad-genero-covid-guadalajara-colima\/\",\"name\":\"Conyugalidad, g\u00e9nero y cuidado en tiempos de covid-19 &#8211; Encartes\",\"isPartOf\":{\"@id\":\"https:\/\/encartes.mx\/#website\"},\"primaryImageOfPage\":{\"@id\":\"https:\/\/encartes.mx\/fr\/enriquez-cuevas-castillo-conyugalidad-genero-covid-guadalajara-colima\/#primaryimage\"},\"image\":{\"@id\":\"https:\/\/encartes.mx\/fr\/enriquez-cuevas-castillo-conyugalidad-genero-covid-guadalajara-colima\/#primaryimage\"},\"thumbnailUrl\":\"https:\/\/encartes.mx\/wp-content\/uploads\/2020\/09\/martin_winocur-cdmx_2.jpg\",\"datePublished\":\"2022-03-21T20:44:43+00:00\",\"dateModified\":\"2023-11-17T23:59:09+00:00\",\"description\":\"El confinamiento en los hogares puede estar generando en el \u00e1mbito de la intimidad situaciones de tensi\u00f3n que requieren ser identificadas.\",\"breadcrumb\":{\"@id\":\"https:\/\/encartes.mx\/fr\/enriquez-cuevas-castillo-conyugalidad-genero-covid-guadalajara-colima\/#breadcrumb\"},\"inLanguage\":\"pt-BR\",\"potentialAction\":[{\"@type\":\"ReadAction\",\"target\":[\"https:\/\/encartes.mx\/fr\/enriquez-cuevas-castillo-conyugalidad-genero-covid-guadalajara-colima\/\"]}]},{\"@type\":\"ImageObject\",\"inLanguage\":\"pt-BR\",\"@id\":\"https:\/\/encartes.mx\/fr\/enriquez-cuevas-castillo-conyugalidad-genero-covid-guadalajara-colima\/#primaryimage\",\"url\":\"https:\/\/encartes.mx\/wp-content\/uploads\/2020\/09\/martin_winocur-cdmx_2.jpg\",\"contentUrl\":\"https:\/\/encartes.mx\/wp-content\/uploads\/2020\/09\/martin_winocur-cdmx_2.jpg\",\"width\":1061,\"height\":708},{\"@type\":\"BreadcrumbList\",\"@id\":\"https:\/\/encartes.mx\/fr\/enriquez-cuevas-castillo-conyugalidad-genero-covid-guadalajara-colima\/#breadcrumb\",\"itemListElement\":[{\"@type\":\"ListItem\",\"position\":1,\"name\":\"Home\",\"item\":\"https:\/\/encartes.mx\/\"},{\"@type\":\"ListItem\",\"position\":2,\"name\":\"Conyugalidad, g\u00e9nero y cuidado en la pareja en tiempos de covid-19 en las \u00e1reas metropolitanas de Colima y Guadalajara, M\u00e9xico\"}]},{\"@type\":\"WebSite\",\"@id\":\"https:\/\/encartes.mx\/#website\",\"url\":\"https:\/\/encartes.mx\/\",\"name\":\"Encartes\",\"description\":\"Revista digital multimedia\",\"publisher\":{\"@id\":\"https:\/\/encartes.mx\/#organization\"},\"potentialAction\":[{\"@type\":\"SearchAction\",\"target\":{\"@type\":\"EntryPoint\",\"urlTemplate\":\"https:\/\/encartes.mx\/?s={search_term_string}\"},\"query-input\":\"required name=search_term_string\"}],\"inLanguage\":\"pt-BR\"},{\"@type\":\"Organization\",\"@id\":\"https:\/\/encartes.mx\/#organization\",\"name\":\"Encartes Antropol\u00f3gicos\",\"url\":\"https:\/\/encartes.mx\/\",\"logo\":{\"@type\":\"ImageObject\",\"inLanguage\":\"pt-BR\",\"@id\":\"https:\/\/encartes.mx\/#\/schema\/logo\/image\/\",\"url\":\"https:\/\/encartes.mx\/wp-content\/uploads\/2017\/04\/Logo-04.png\",\"contentUrl\":\"https:\/\/encartes.mx\/wp-content\/uploads\/2017\/04\/Logo-04.png\",\"width\":338,\"height\":306,\"caption\":\"Encartes Antropol\u00f3gicos\"},\"image\":{\"@id\":\"https:\/\/encartes.mx\/#\/schema\/logo\/image\/\"}},{\"@type\":\"Person\",\"@id\":\"https:\/\/encartes.mx\/#\/schema\/person\/5be8636bb6a3e2486cf548bf3c500765\",\"name\":\"Sergio Vel\u00e1zquez\",\"image\":{\"@type\":\"ImageObject\",\"inLanguage\":\"pt-BR\",\"@id\":\"https:\/\/encartes.mx\/#\/schema\/person\/image\/ceeac9312f7124efe61e88a7a1c4299d\",\"url\":\"https:\/\/secure.gravatar.com\/avatar\/13dd71176282795f75f8cf619517c1b9?s=96&d=identicon&r=g\",\"contentUrl\":\"https:\/\/secure.gravatar.com\/avatar\/13dd71176282795f75f8cf619517c1b9?s=96&d=identicon&r=g\",\"caption\":\"Sergio Vel\u00e1zquez\"}}]}<\/script>\n<!-- \/ Yoast SEO plugin. -->","yoast_head_json":{"title":"Conyugalidad, g\u00e9nero y cuidado en tiempos de covid-19 &#8211; Encartes","description":"El confinamiento en los hogares puede estar generando en el \u00e1mbito de la intimidad situaciones de tensi\u00f3n que requieren ser identificadas.","robots":{"index":"index","follow":"follow","max-snippet":"max-snippet:-1","max-image-preview":"max-image-preview:large","max-video-preview":"max-video-preview:-1"},"canonical":"https:\/\/encartes.mx\/pt\/enriquez-cuevas-castillo-conyugalidad-genero-covid-guadalajara-colima\/","og_locale":"pt_BR","og_type":"article","og_title":"Conyugalidad, g\u00e9nero y cuidado en tiempos de covid-19 &#8211; Encartes","og_description":"El confinamiento en los hogares puede estar generando en el \u00e1mbito de la intimidad situaciones de tensi\u00f3n que requieren ser identificadas.","og_url":"https:\/\/encartes.mx\/pt\/enriquez-cuevas-castillo-conyugalidad-genero-covid-guadalajara-colima\/","og_site_name":"Encartes","article_published_time":"2022-03-21T20:44:43+00:00","article_modified_time":"2023-11-17T23:59:09+00:00","og_image":[{"width":1061,"height":708,"url":"https:\/\/encartes.mx\/wp-content\/uploads\/2020\/09\/martin_winocur-cdmx_2.jpg","type":"image\/jpeg"}],"author":"Sergio Vel\u00e1zquez","twitter_card":"summary_large_image","twitter_misc":{"Escrito por":"Sergio Vel\u00e1zquez","Est. tempo de leitura":"42 minutos","Written by":"Sergio Vel\u00e1zquez"},"schema":{"@context":"https:\/\/schema.org","@graph":[{"@type":"Article","@id":"https:\/\/encartes.mx\/fr\/enriquez-cuevas-castillo-conyugalidad-genero-covid-guadalajara-colima\/#article","isPartOf":{"@id":"https:\/\/encartes.mx\/fr\/enriquez-cuevas-castillo-conyugalidad-genero-covid-guadalajara-colima\/"},"author":{"name":"Sergio Vel\u00e1zquez","@id":"https:\/\/encartes.mx\/#\/schema\/person\/5be8636bb6a3e2486cf548bf3c500765"},"headline":"Conyugalidad, g\u00e9nero y cuidado en la pareja en tiempos de covid-19 en las \u00e1reas metropolitanas de Colima y Guadalajara, M\u00e9xico","datePublished":"2022-03-21T20:44:43+00:00","dateModified":"2023-11-17T23:59:09+00:00","mainEntityOfPage":{"@id":"https:\/\/encartes.mx\/fr\/enriquez-cuevas-castillo-conyugalidad-genero-covid-guadalajara-colima\/"},"wordCount":10452,"commentCount":0,"publisher":{"@id":"https:\/\/encartes.mx\/#organization"},"image":{"@id":"https:\/\/encartes.mx\/fr\/enriquez-cuevas-castillo-conyugalidad-genero-covid-guadalajara-colima\/#primaryimage"},"thumbnailUrl":"https:\/\/encartes.mx\/wp-content\/uploads\/2020\/09\/martin_winocur-cdmx_2.jpg","keywords":["conyugalidad","cuidado mutuo","intimidad","pandemia por covid-19","papeles de g\u00e9nero","parejas heterosexuales"],"articleSection":["Realidades socioculturales"],"inLanguage":"pt-BR","potentialAction":[{"@type":"CommentAction","name":"Comment","target":["https:\/\/encartes.mx\/fr\/enriquez-cuevas-castillo-conyugalidad-genero-covid-guadalajara-colima\/#respond"]}]},{"@type":"WebPage","@id":"https:\/\/encartes.mx\/fr\/enriquez-cuevas-castillo-conyugalidad-genero-covid-guadalajara-colima\/","url":"https:\/\/encartes.mx\/fr\/enriquez-cuevas-castillo-conyugalidad-genero-covid-guadalajara-colima\/","name":"Conyugalidad, g\u00e9nero y cuidado en tiempos de covid-19 &#8211; Encartes","isPartOf":{"@id":"https:\/\/encartes.mx\/#website"},"primaryImageOfPage":{"@id":"https:\/\/encartes.mx\/fr\/enriquez-cuevas-castillo-conyugalidad-genero-covid-guadalajara-colima\/#primaryimage"},"image":{"@id":"https:\/\/encartes.mx\/fr\/enriquez-cuevas-castillo-conyugalidad-genero-covid-guadalajara-colima\/#primaryimage"},"thumbnailUrl":"https:\/\/encartes.mx\/wp-content\/uploads\/2020\/09\/martin_winocur-cdmx_2.jpg","datePublished":"2022-03-21T20:44:43+00:00","dateModified":"2023-11-17T23:59:09+00:00","description":"El confinamiento en los hogares puede estar generando en el \u00e1mbito de la intimidad situaciones de tensi\u00f3n que requieren ser identificadas.","breadcrumb":{"@id":"https:\/\/encartes.mx\/fr\/enriquez-cuevas-castillo-conyugalidad-genero-covid-guadalajara-colima\/#breadcrumb"},"inLanguage":"pt-BR","potentialAction":[{"@type":"ReadAction","target":["https:\/\/encartes.mx\/fr\/enriquez-cuevas-castillo-conyugalidad-genero-covid-guadalajara-colima\/"]}]},{"@type":"ImageObject","inLanguage":"pt-BR","@id":"https:\/\/encartes.mx\/fr\/enriquez-cuevas-castillo-conyugalidad-genero-covid-guadalajara-colima\/#primaryimage","url":"https:\/\/encartes.mx\/wp-content\/uploads\/2020\/09\/martin_winocur-cdmx_2.jpg","contentUrl":"https:\/\/encartes.mx\/wp-content\/uploads\/2020\/09\/martin_winocur-cdmx_2.jpg","width":1061,"height":708},{"@type":"BreadcrumbList","@id":"https:\/\/encartes.mx\/fr\/enriquez-cuevas-castillo-conyugalidad-genero-covid-guadalajara-colima\/#breadcrumb","itemListElement":[{"@type":"ListItem","position":1,"name":"Home","item":"https:\/\/encartes.mx\/"},{"@type":"ListItem","position":2,"name":"Conyugalidad, g\u00e9nero y cuidado en la pareja en tiempos de covid-19 en las \u00e1reas metropolitanas de Colima y Guadalajara, M\u00e9xico"}]},{"@type":"WebSite","@id":"https:\/\/encartes.mx\/#website","url":"https:\/\/encartes.mx\/","name":"Encartes","description":"Revista digital multimedia","publisher":{"@id":"https:\/\/encartes.mx\/#organization"},"potentialAction":[{"@type":"SearchAction","target":{"@type":"EntryPoint","urlTemplate":"https:\/\/encartes.mx\/?s={search_term_string}"},"query-input":"required name=search_term_string"}],"inLanguage":"pt-BR"},{"@type":"Organization","@id":"https:\/\/encartes.mx\/#organization","name":"Encartes Antropol\u00f3gicos","url":"https:\/\/encartes.mx\/","logo":{"@type":"ImageObject","inLanguage":"pt-BR","@id":"https:\/\/encartes.mx\/#\/schema\/logo\/image\/","url":"https:\/\/encartes.mx\/wp-content\/uploads\/2017\/04\/Logo-04.png","contentUrl":"https:\/\/encartes.mx\/wp-content\/uploads\/2017\/04\/Logo-04.png","width":338,"height":306,"caption":"Encartes Antropol\u00f3gicos"},"image":{"@id":"https:\/\/encartes.mx\/#\/schema\/logo\/image\/"}},{"@type":"Person","@id":"https:\/\/encartes.mx\/#\/schema\/person\/5be8636bb6a3e2486cf548bf3c500765","name":"Sergio Vel\u00e1zquez","image":{"@type":"ImageObject","inLanguage":"pt-BR","@id":"https:\/\/encartes.mx\/#\/schema\/person\/image\/ceeac9312f7124efe61e88a7a1c4299d","url":"https:\/\/secure.gravatar.com\/avatar\/13dd71176282795f75f8cf619517c1b9?s=96&d=identicon&r=g","contentUrl":"https:\/\/secure.gravatar.com\/avatar\/13dd71176282795f75f8cf619517c1b9?s=96&d=identicon&r=g","caption":"Sergio Vel\u00e1zquez"}}]}},"jetpack_sharing_enabled":true,"jetpack_featured_media_url":"https:\/\/encartes.mx\/wp-content\/uploads\/2020\/09\/martin_winocur-cdmx_2.jpg","_links":{"self":[{"href":"https:\/\/encartes.mx\/pt\/wp-json\/wp\/v2\/posts\/35588","targetHints":{"allow":["GET"]}}],"collection":[{"href":"https:\/\/encartes.mx\/pt\/wp-json\/wp\/v2\/posts"}],"about":[{"href":"https:\/\/encartes.mx\/pt\/wp-json\/wp\/v2\/types\/post"}],"author":[{"embeddable":true,"href":"https:\/\/encartes.mx\/pt\/wp-json\/wp\/v2\/users\/8"}],"replies":[{"embeddable":true,"href":"https:\/\/encartes.mx\/pt\/wp-json\/wp\/v2\/comments?post=35588"}],"version-history":[{"count":34,"href":"https:\/\/encartes.mx\/pt\/wp-json\/wp\/v2\/posts\/35588\/revisions"}],"predecessor-version":[{"id":37917,"href":"https:\/\/encartes.mx\/pt\/wp-json\/wp\/v2\/posts\/35588\/revisions\/37917"}],"wp:featuredmedia":[{"embeddable":true,"href":"https:\/\/encartes.mx\/pt\/wp-json\/wp\/v2\/media\/32470"}],"wp:attachment":[{"href":"https:\/\/encartes.mx\/pt\/wp-json\/wp\/v2\/media?parent=35588"}],"wp:term":[{"taxonomy":"category","embeddable":true,"href":"https:\/\/encartes.mx\/pt\/wp-json\/wp\/v2\/categories?post=35588"},{"taxonomy":"post_tag","embeddable":true,"href":"https:\/\/encartes.mx\/pt\/wp-json\/wp\/v2\/tags?post=35588"},{"taxonomy":"author","embeddable":true,"href":"https:\/\/encartes.mx\/pt\/wp-json\/wp\/v2\/coauthors?post=35588"}],"curies":[{"name":"wp","href":"https:\/\/api.w.org\/{rel}","templated":true}]}}