{"id":34987,"date":"2021-09-09T18:23:19","date_gmt":"2021-09-09T18:23:19","guid":{"rendered":"https:\/\/encartes.mx\/?p=34987"},"modified":"2023-11-17T18:09:33","modified_gmt":"2023-11-18T00:09:33","slug":"godina-construccion-bajo-sextos-coahuila-visual","status":"publish","type":"post","link":"https:\/\/encartes.mx\/pt\/godina-construccion-bajo-sextos-coahuila-visual\/","title":{"rendered":"Constru\u00e7\u00e3o de sextos baixos em tr\u00eas cidades de Coahuila, M\u00e9xico. Tradi\u00e7\u00e3o e inova\u00e7\u00e3o na imagem visual do instrumento."},"content":{"rendered":"\n<h2 class=\"wp-block-heading\">Resumen<\/h2>\n\n\n\n<p class=\"abstract\">Este trabajo aborda la relevancia que tiene la representaci\u00f3n visual del bajo sexto en la actual construcci\u00f3n de este instrumento musical en tres ciudades del estado de Coahuila, M\u00e9xico. \u00c9sta es resultado de influencias medi\u00e1ticas, hibridaciones y b\u00fasquedas de diferenciaci\u00f3n y pertenencia, tanto entre los constructores como en los consumidores. Partiendo de la investigaci\u00f3n cualitativa, y espec\u00edficamente del m\u00e9todo etnogr\u00e1fico, esta aproximaci\u00f3n se articula a trav\u00e9s del concepto de <em>campo<\/em> de Bourdieu para interpretar el di\u00e1logo entre tradici\u00f3n e innovaci\u00f3n alrededor de la elaboraci\u00f3n y el consumo de este icono de la m\u00fasica norte\u00f1a.<\/p>\n\n\n\n<p class=\"abstract\">Palabras claves: <a href=\"https:\/\/encartes.mx\/pt\/tag\/musica-nortena-2\/\" rel=\"tag\">\u201cm\u00fasica norte\u00f1a\u201d<\/a>, <a href=\"https:\/\/encartes.mx\/pt\/tag\/bajo-sexto\/\" rel=\"tag\">bajo sexto<\/a>, <a href=\"https:\/\/encartes.mx\/pt\/tag\/campo\/\" rel=\"tag\">campo<\/a>, <a href=\"https:\/\/encartes.mx\/pt\/tag\/construccion\/\" rel=\"tag\">construcci\u00f3n<\/a>, <a href=\"https:\/\/encartes.mx\/pt\/tag\/innovacion\/\" rel=\"tag\">innovaci\u00f3n<\/a>, <a href=\"https:\/\/encartes.mx\/pt\/tag\/representacion-visual\/\" rel=\"tag\">representaci\u00f3n visual<\/a>, <a href=\"https:\/\/encartes.mx\/pt\/tag\/tradicion\/\" rel=\"tag\">tradici\u00f3n<\/a><\/p>\n\n\n\n<h2 class=\"en-title wp-block-heading\"><span class=\"small-caps\">construction of <\/span><em><span class=\"small-caps\">bajo sextos<\/span><\/em><span class=\"small-caps\"> in three cities of coahuila, mexico. tradition and innovation in the visual image of the instrument<\/span><\/h2>\n\n\n\n<p class=\"abstract en-text\">This article covers the relevance of the visual representation of the bajo sexto in the current production of this instrument in three cities of the state of Coahuila, Mexico. This relevance is a result of media influences, hybridizations, differences and belongings, both in builders and in consumers. With qualittive investigation as a starting point, and specifically the ethnographic method, this approach is articulated through Bordieu\u2019s concept of field to interpret the dialogue between tradition and innovation surrounding the creation and use of this icon of <em>norte\u00f1a<\/em> music.<\/p>\n\n\n\n<p class=\"abstract en-text\">Keywords: <em>bajo sexto<\/em>, visual representation, tradition, innovation, construction, \u201c<em>norte\u00f1a<\/em> music\u201d, field<em>.<\/em><\/p>\n\n\n\n<hr class=\"wp-block-separator\"\/>\n\n\n\n<h2 class=\"wp-block-heading\">Introducci\u00f3n<\/h2>\n\n\n\n<p class=\"has-drop-cap abstract\">La m\u00fasica del conjunto norte\u00f1o<a class=\"anota\" id=\"anota2\" data-footnote=2>2<\/a> (Pe\u00f1a, 1985: 14; D\u00edaz-Santana, 2015: 15) ha pasado de lo regional a lo global, y en este posicionamiento en el <em>imaginario social<\/em><a class=\"anota\" id=\"anota3\" data-footnote=3>3<\/a> tambi\u00e9n est\u00e1n sus instrumentos: el acorde\u00f3n diat\u00f3nico y el bajo sexto.<\/p>\n\n\n\n<p>La experiencia acad\u00e9mica en el tema me permite indicar que la oferta de los bajos<a class=\"anota\" id=\"anota4\" data-footnote=4>4<\/a> se ha incrementado en los \u00faltimos a\u00f1os, esto en raz\u00f3n del posicionamiento de la m\u00fasica norte\u00f1a. El contexto regiomontano lo ejemplifica. Antes se hablaba de las marcas<a class=\"anota\" id=\"anota5\" data-footnote=5>5<\/a> locales,<a class=\"anota\" id=\"anota6\" data-footnote=6>6<\/a> Hern\u00e1ndez o Acosta; hoy se tienen opciones como Herrera, Badines,<a class=\"anota\" id=\"anota7\" data-footnote=7>7<\/a> N\u00e1poles, Vega y Marro, adem\u00e1s de las respectivas ramificaciones de las primeras.<\/p>\n\n\n\n<p>La expansi\u00f3n de la m\u00fasica norte\u00f1a y la demanda de bajos se fortalecen en la globalizaci\u00f3n, en la cual la circulaci\u00f3n de informaci\u00f3n y bienes representa nuevos discursos, din\u00e1micas e interacciones entre los actores alrededor del cord\u00f3fono, ya que los individuos se apropian de parte de estos flujos y los capitalizan en el instrumento. Desde el primer trabajo de campo que realic\u00e9 (2014) hasta el proyecto m\u00e1s reciente,<a class=\"anota\" id=\"anota8\" data-footnote=8>8<\/a> este proceso de apropiaciones se hizo expl\u00edcito en el papel que desempe\u00f1a la representaci\u00f3n visual del bajo en la actual construcci\u00f3n, donde est\u00e1n presentes la tradici\u00f3n y la innovaci\u00f3n.<\/p>\n\n\n\n<p>La importancia del estudio de la representaci\u00f3n visual del bajo sexto parte de la poca investigaci\u00f3n sobre la m\u00fasica norte\u00f1a y el instrumento. Al concebir los instrumentos musicales como \u201csitios de construcci\u00f3n de significado\u2026 encarnaciones de creencias y sistemas de valor basadas en la cultura, un legado art\u00edstico y cient\u00edfico\u201d (Dawe, 2012: 195), \u00e9stos pueden enriquecer la informaci\u00f3n producida desde otros enfoques y representar, a trav\u00e9s de su particularidad, una visi\u00f3n adicional de la realidad.<\/p>\n\n\n\n<p>La importancia de los instrumentos musicales en el fen\u00f3meno de la m\u00fasica norte\u00f1a radica, precisamente, en ser un referente del desarrollo no s\u00f3lo del g\u00e9nero sino de los cambios sociales y econ\u00f3micos de la regi\u00f3n norestense, adem\u00e1s de aproximarnos a todas esas significaciones que se construyen en sus sonidos, repertorios, t\u00e9cnicas, im\u00e1genes y, sobre todo, los rituales en los que participan y que brindan una visi\u00f3n m\u00e1s amplia de la sociedad.<\/p>\n\n\n\n<p>En este trabajo analizo las interacciones de los trabajadores de las maderas desde el concepto de <em>campo<\/em> de Bourdieu, donde tradici\u00f3n e innovaci\u00f3n aparecen como estrategias para el posicionamiento de \u00e9stos y que tratan as\u00ed de fortalecer la importancia del estudio del aspecto visual del instrumento.<\/p>\n\n\n\n<p>Desde esta perspectiva se plantea una pregunta principal: \u00bfqu\u00e9 funci\u00f3n o funciones tiene la representaci\u00f3n visual del bajo sexto en el <em>campo<\/em> de la construcci\u00f3n de estos cord\u00f3fonos, y espec\u00edficamente, las interacciones que en ella se dan entre tradici\u00f3n e innovaci\u00f3n? Las preguntas secundarias son: \u00bfqui\u00e9n o qui\u00e9nes determinan la representaci\u00f3n visual del instrumento?, \u00bfqu\u00e9 elementos posibilitan la tradici\u00f3n y la innovaci\u00f3n en el instrumento?, \u00bfqu\u00e9 peso espec\u00edfico tiene la representaci\u00f3n visual del instrumento en el posicionamiento de un constructor?<\/p>\n\n\n\n<h2 class=\"wp-block-heading\">Antecedentes del bajo sexto en la academia<\/h2>\n\n\n\n<p class=\"abstract\">Los trabajos acad\u00e9micos sobre la m\u00fasica norte\u00f1a se remiten a la \u00faltima d\u00e9cada del siglo pasado. En esta producci\u00f3n el bajo sexto ha sido poco abordado.<\/p>\n\n\n\n<p>En lo local, los trabajos se ocupan del origen del bajo sexto al norte y sur del r\u00edo Bravo (Guerrero, 2002: 28-29); aportan datos sobre su construcci\u00f3n y reparaci\u00f3n en municipios nuevoleoneses (Ayala 2009:108-109; 2014: 142-143); lo ubican en el siglo <span class=\"small-caps\">xix<\/span>, compartiendo datos de bajo sexteros (Garza, 2006: 132-135); lo registran en Monterrey con constructores y casas de m\u00fasica, donde la representaci\u00f3n visual del instrumento se expone aunque no como tema principal (Godina, 2014); registran la historia de vida de un bajo sextero (Godina, 2015) y la de un constructor monclovense (Godina, 2018); dan cuenta de la historia reciente del instrumento en Paracho y su relaci\u00f3n con el Norte (Godina, 2017); abordan al<em> Laudero del desierto<\/em> a trav\u00e9s del concepto de <em>campo<\/em>, perfilando el di\u00e1logo entre tradici\u00f3n e innovaci\u00f3n (Godina, 2019a); exponen la inmigraci\u00f3n y la identidad derivados de la movilidad de los constructores (Godina, 2019b).<\/p>\n\n\n\n<p>En lo nacional, los trabajos consideran al Baj\u00edo como masificador del instrumento y proponen el la\u00fad como matriz (Montoya, 2013a: 191-208); abordan su imagen en la construcci\u00f3n social de la m\u00fasica norte\u00f1a y la <em>rockerizaci\u00f3n <\/em>en la ejecuci\u00f3n del instrumento y en la musicalizaci\u00f3n de las canciones (Montoya, 2013b: 184-222); abordan su historia y proponen a la guitarra barroca como matriz, adem\u00e1s de exponer algunas innovaciones en el instrumento, como amplificaci\u00f3n, morfolog\u00eda y ejecuci\u00f3n (D\u00edaz-Santana, 2015: 96-104, 130-140; 2016); dan un panorama de su fabricaci\u00f3n en Paracho, Michoac\u00e1n, y proponen cuatro etapas<a class=\"anota\" id=\"anota9\" data-footnote=9>9<\/a> (Hern\u00e1ndez, 2014); exponen la migraci\u00f3n constructora, los circuitos derivados de ella y sus efectos en la tierra de origen (Hern\u00e1ndez, 2017a; 2017b).<a class=\"anota\" id=\"anota10\" data-footnote=10>10<\/a><\/p>\n\n\n\n<p>En lo internacional, y espec\u00edficamente en Estados Unidos, se ha abordado la m\u00fasica norte\u00f1a o alg\u00fan elemento de \u00e9sta.<a class=\"anota\" id=\"anota11\" data-footnote=11>11<\/a> Los trabajos narran, entre otras cosas, su empleo en agrupaciones musicales, su ejecuci\u00f3n, y comparten im\u00e1genes (Pe\u00f1a, 1985; 1999); abordan la afinaci\u00f3n, ejecuci\u00f3n e implementaci\u00f3n (Ragland, 2009: 53-55); mencionan la afinaci\u00f3n, la funci\u00f3n musical y el acompa\u00f1amiento b\u00e1sico de algunos g\u00e9neros (Madrid, 2013: 73-89), y s\u00f3lo algunos describen la actividad constructora de los mexicanos en suelo estadounidense (McNutt, 1991; Young, 2001).<\/p>\n\n\n\n<h2 class=\"wp-block-heading\">Metodolog\u00eda y delimitaciones<\/h2>\n\n\n\n<p class=\"abstract\">Ante la breve investigaci\u00f3n acad\u00e9mica y el sugestivo fen\u00f3meno econ\u00f3mico que surgi\u00f3 de mi primer trabajo (2014), fui invitado a participar en el proyecto guiado por el doctor Olvera Gudi\u00f1o<a class=\"anota\" id=\"anota12\" data-footnote=12>12<\/a> para llevar la investigaci\u00f3n a una delimitaci\u00f3n espacial mayor. De este proyecto derivan mis trabajos posteriores sobre el cord\u00f3fono.<\/p>\n\n\n\n<p>La primera aproximaci\u00f3n la realic\u00e9 desde el m\u00e9todo etnogr\u00e1fico, indagando dos espacios claves: las tiendas de instrumentos musicales y los talleres de construcci\u00f3n de bajos. Consider\u00e9 estos espacios como puntos de convergencia de proveedores, aficionados a la m\u00fasica y m\u00fasicos, adem\u00e1s de los v\u00ednculos comerciales entre ambos espacios. El trabajo de campo se focaliz\u00f3 en abordar a empleados y propietarios, respectivamente. Las actividades principales fueron la entrevista semiestructurada y las observaciones participantes y no participantes.<\/p>\n\n\n\n<p>Esa experiencia confirm\u00f3 la pertinencia en la selecci\u00f3n de los espacios, la investigaci\u00f3n cualitativa y el ejercicio etnogr\u00e1fico. Para esta encomienda decid\u00ed repetir la metodolog\u00eda, aunque hay que mencionar que inicialmente se asign\u00f3 un equipo acad\u00e9mico para los objetos sonoros. El protocolo gen\u00e9rico dio la pauta en cuanto a tem\u00e1ticas, objetivos y preguntas pertinentes; m\u00e1s adelante se har\u00edan las adaptaciones necesarias para cada caso.<\/p>\n\n\n\n<p>Como una descripci\u00f3n general del trabajo de campo, puedo mencionar que me enfoqu\u00e9 en bosquejar los v\u00ednculos econ\u00f3micos entre casas de m\u00fasica, constructores y reparadores. En los talleres se abord\u00f3 a los constructores para conocer as\u00ed los instrumentos, los perfiles de consumidores, circuitos econ\u00f3micos y dem\u00e1s. Cabe destacar que se tuvo acceso casi a la totalidad de los informantes claves.<\/p>\n\n\n\n<p>La delimitaci\u00f3n espacial corresponde a tres ciudades del estado de Coahuila: Saltillo, Torre\u00f3n y Monclova. La elecci\u00f3n de las ciudades obedeci\u00f3 a su \u00edndice poblacional e importancia econ\u00f3mica. En cuanto a la delimitaci\u00f3n temporal, \u00e9sta abarca desde la vinculaci\u00f3n de los resultados obtenidos en 2016 hasta los correspondientes al a\u00f1o de 2019, incluyendo datos previos (2014).<\/p>\n\n\n\n<h2 class=\"wp-block-heading\">Marco te\u00f3rico<\/h2>\n\n\n\n<p class=\"abstract\">El bajo sexto es un cord\u00f3fono relacionado con las m\u00fasicas de conjunto norte\u00f1o y tejano que morfol\u00f3gicamente es parecido a la guitarra, con doce cuerdas ordenadas por pares. Las tipolog\u00edas con dieciocho cuerdas reciben el nombre de bajo quinto<a class=\"anota\" id=\"anota13\" data-footnote=13>13<\/a> y bajo cuarto, respectivamente. Su ejecuci\u00f3n, con plectro, se centra en el acompa\u00f1amiento del acorde\u00f3n mediante acordes, marcando bajos y realizando algunos adornos. Armon\u00edas, adornos y solos m\u00e1s din\u00e1micos se han presentado en las \u00faltimas d\u00e9cadas. Cabe mencionar que, de acuerdo con el music\u00f3logo Curt Sachs, en los cord\u00f3fonos las cuerdas pueden ser golpeadas con palos, pulsadas con los dedos o con un plectro, tocadas con un arco o (en el arpa e\u00f3lica, por ejemplo) sonadas por viento (2016: 463).<\/p>\n\n\n\n<p>En cuanto a los artesanos de las maderas, he podido observar que \u00e9stos se conciben, entre otras cosas, como carpinteros, ebanistas, constructores y lauderos, y en su mayor\u00eda identifican su labor como fabricaci\u00f3n.<a class=\"anota\" id=\"anota14\" data-footnote=14>14<\/a> En este sentido, Hern\u00e1ndez escribe:<\/p>\n\n\n\n<p class=\"verse\">Lauder\u00eda es un t\u00e9rmino europeo que hace referencia al instrumento musical conocido como la\u00fad, ejecutado principalmente durante la Edad Media\u2026 En la actualidad [2011], a pesar de que en M\u00e9xico no se construyen tradicionalmente la\u00fades, a los constructores de instrumentos musicales de cuerda se les identifica como lauderos, y al oficio que ejercen se le denomina lauder\u00eda. Es pertinente decir que el t\u00e9rmino se usa m\u00e1s en el ambiente acad\u00e9mico, porque en el contexto creativo de los pueblos se autonombran guitarreros, ebanistas, carpinteros, artesanos, constructores, etc\u00e9tera (2011: 237-238).<\/p>\n\n\n\n<p>De aqu\u00ed la raz\u00f3n para aludir a los trabajadores de la madera como constructores.<\/p>\n\n\n\n<p>Al hablar de los instrumentos, las disciplinas que vienen a escena son la organograf\u00eda y la organolog\u00eda; sin embargo, como indica V\u00edctor Hern\u00e1ndez, cuando se quiere ir m\u00e1s all\u00e1 de la descripci\u00f3n y los sistemas taxon\u00f3micos, estas disciplinas no son suficientes, ya que<\/p>\n\n\n\n<p class=\"verse\">son muy \u00fatiles como herramientas para lograr un primer acercamiento a los instrumentos musicales, pero tiene sus limitantes cuando este investigador se acerca a estudiar sistemas tradicionales donde los artefactos sonoros cumplen funciones metamusicales y pasan de ser objetos materiales a <em>sujetos, entes, seres<\/em> sociales y comunitarios relacionados con la cosmogon\u00eda y los particulares contextos rituales (Hern\u00e1ndez, 2016: 31).<\/p>\n\n\n\n<p>Una excepci\u00f3n es la propuesta sobre organolog\u00eda de Mantle Hood, quien indica que<\/p>\n\n\n\n<p class=\"verse\">podr\u00eda incluir no s\u00f3lo la historia y descripci\u00f3n de los instrumentos, sino tambi\u00e9n es igualmente importante incluir aspectos olvidados por \u201cla ciencia\u201d de los instrumentos musicales, como las particulares t\u00e9cnicas de <em>performance<\/em>, la funci\u00f3n musical, la decoraci\u00f3n (diferenci\u00e1ndola de la construcci\u00f3n del instrumento) y una variedad de consideraciones socioculturales (1982: 124 [traducci\u00f3n propia]).<\/p>\n\n\n\n<p>En el bajo sexto, la decoraci\u00f3n es una manera de darle unicidad al instrumento, y esto se repite con algunos de los \u00f3rganos constructivos; se configura as\u00ed una red de significaciones. Al tener el bajo una dicotom\u00eda de signos audibles y visuales, reflexi\u00f3n que emergi\u00f3 al leer un trabajo sobre el mariachi del etnomusic\u00f3logo Arturo Chamorro (2006), me inclino por sus signos visuales. Arturo Chamorro indica: \u201chabr\u00eda que considerar dicha figura [el mariachi] en el mundo de los signos compartidos y consumidos en dos vertientes: 1) la representaci\u00f3n visual\u2026, 2) la representaci\u00f3n musical\u201d (2006: 91). Empleo \u201crepresentaci\u00f3n visual\u201d para hacer referencia al aspecto visual del instrumento.<\/p>\n\n\n\n<p>Describir la estructuraci\u00f3n semi\u00f3tica de un sistema simb\u00f3lico con respecto al bajo no es mi objetivo principal en este trabajo, aunque es a trav\u00e9s de las significaciones que se dan a sus signos visuales que se tejen las interacciones que me interesa abordar, ya que, \u201centendida como sistemas en interacci\u00f3n de signos interpretables\u2026 la cultura es un contexto dentro del cual pueden describirse todos esos fen\u00f3menos [acontecimientos sociales, modos de conducta, instituciones o procesos sociales] de manera inteligible, es decir, densa\u201d (Geertz, 2003: 27).<\/p>\n\n\n\n<p>En este sentido, el historiador Carlos Herrej\u00f3n Peredo habla de un \u201cciclo de la tradici\u00f3n\u201d que se compone de: a) la acci\u00f3n de transmitir, b) la acci\u00f3n de recibir, c) el proceso de asimilaci\u00f3n, d) la fijaci\u00f3n o posesi\u00f3n, e) la transmisi\u00f3n reiterada (1994: 136). En nuestra empresa, lo que se transmite es la representaci\u00f3n visual de lo que es un bajo; la acci\u00f3n de recibir da acci\u00f3n al receptor; en la asimilaci\u00f3n, la representaci\u00f3n visual del bajo es tomada y actualizada por el receptor; en la posesi\u00f3n, la imagen es vista como patrimonio, pero tambi\u00e9n puede ser enriquecida o modificada; hacer la transmisi\u00f3n nuevamente cierra el ciclo, pero la imagen ya va intervenida, la tradici\u00f3n se va actualizada.<\/p>\n\n\n\n<p>Desde esta concepci\u00f3n, la tradici\u00f3n no queda intacta, y hasta la \u201cinnovaci\u00f3n\u201d (esos cambios que se hacen a los modelos tradicionales de bajo sextos) es parte de esta transmisi\u00f3n de la tradici\u00f3n. Por lo tanto, la tensi\u00f3n entre tradici\u00f3n e innovaci\u00f3n obedece a la que se bosqueja en las interacciones de los constructores, ya que estos t\u00e9rminos sirven para distinguir sus trabajos entre s\u00ed, aunque ya veremos si realmente es una tensi\u00f3n. De esta manera, y hacia donde apunta mi inter\u00e9s, los t\u00e9rminos de tensi\u00f3n e innovaci\u00f3n pueden ser analizados como <em>estrategias de conservaci\u00f3n<\/em> y <em>subversi\u00f3n<\/em>, pertenecientes al concepto de <em>campo<\/em>, de Bourdieu, quien lo define como<\/p>\n\n\n\n<p class=\"verse\">un espacio de juego, un campo de relaciones objetivas entre los individuos o las instituciones que compiten por un juego id\u00e9ntico. En este campo particular que es el de la alta costura [en nuestro caso ser\u00eda el de la construcci\u00f3n de bajo sextos] los dominantes son los que poseen en mayor grado el poder de construir objetos como algo raro por el procedimiento de la firma (la <em>griffe<\/em>); son aquellos cuya firma tiene el precio m\u00e1s alto. En un campo, y esto es una ley general para todos los campos, los que poseen la posici\u00f3n dominante, los que tienen m\u00e1s capital espec\u00edfico, se oponen en numerosos aspectos a los reci\u00e9n llegados (empleo a prop\u00f3sito esta met\u00e1fora tomada de la econom\u00eda), a los que llegaron tarde, los advenedizos que no poseen mucho capital espec\u00edfico. Los que tienen m\u00e1s antig\u00fcedad usan <em>estrategias de conservaci\u00f3n<\/em> cuyo objetivo es sacar provecho de un capital que han acumulado progresivamente. Los reci\u00e9n llegados tienen <em>estrategias de subversi\u00f3n<\/em> orientadas hacia una acumulaci\u00f3n de capital espec\u00edfico que supone una alteraci\u00f3n m\u00e1s o menos radical de la tabla de valores, una redefinici\u00f3n m\u00e1s o menos revolucionaria de los principios de la producci\u00f3n y de apreciaci\u00f3n de los productos y, al mismo tiempo, una devaluaci\u00f3n del capital que poseen los dominantes (Bourdieu, 1990: 216-217).<\/p>\n\n\n\n<p>Lo interesante sobre el <em>campo <\/em>de la construcci\u00f3n de bajo sextos es saber qui\u00e9nes son los dominantes, qu\u00e9 o qui\u00e9n los posiciona all\u00ed, cu\u00e1l es su capital espec\u00edfico (aquel que los \u201creci\u00e9n llegados\u201d anhelan), c\u00f3mo lo que ellos reconocen como tradici\u00f3n e innovaci\u00f3n puede entenderse como <em>estrategias de conservaci\u00f3n<\/em> y <em>subversi\u00f3n<\/em>, y por ende, cu\u00e1l es el peso espec\u00edfico de la representaci\u00f3n visual del instrumento en este <em>campo<\/em>.<\/p>\n\n\n\n<h2 class=\"wp-block-heading\">La representaci\u00f3n visual del bajo sexto a trav\u00e9s del disco y los medios audiovisuales<\/h2>\n\n\n\n<p class=\"abstract\">Las representaciones sonoras y visuales del bajo sexto se posicionaron, en gran medida, por lo difundido en los medios audiovisuales, y espec\u00edficamente las industrias del disco y la cinematograf\u00eda.<\/p>\n\n\n\n<p>La expresi\u00f3n musical del maridaje acorde\u00f3n-bajo surgi\u00f3 en el campo y pas\u00f3 a la ciudad, aunque a la cantina y \u201clos gustos m\u00e1s populares\u201d (Ayala, 2004: 147; 2000: 40). Anidar\u00eda en espacios que se asumieron como norte\u00f1os (Garc\u00eda, 2006: 239). Cruz\u00f3 la frontera y lleg\u00f3 a convertirse en un producto de la industria de la grabaci\u00f3n texana, esto en los a\u00f1os cuarenta del siglo pasado (Ragland, 2009: 65-73). Ya para la d\u00e9cada de 1960, la di\u00e1spora de trabajadores mexicanos propici\u00f3 que los circuitos de la musica norte\u00f1a se extendieran a ambos lados del r\u00edo Bravo (Ragland, 2009: 61), al grado de ser una industria altamente expansiva y lucrativa en d\u00e9cadas posteriores, con la llegada de los Tigres del Norte (Ragland, 2009: 142). En d\u00e9cadas m\u00e1s recientes, \u201cla norte\u00f1a\u201d anidar\u00e1 en lugares y culturas tan \u201cex\u00f3ticas\u201d como la japonesa.<a class=\"anota\" id=\"anota15\" data-footnote=15>15<\/a> En el contexto nacional, se iniciar\u00eda la <em>norte\u00f1izacion<\/em> musical del pa\u00eds.<a class=\"anota\" id=\"anota16\" data-footnote=16>16<\/a><\/p>\n\n\n\n<figure class=\"wp-block-embed is-type-video is-provider-youtube wp-block-embed-youtube wp-embed-aspect-4-3 wp-has-aspect-ratio\"><div class=\"wp-block-embed__wrapper\">\n<iframe loading=\"lazy\" title=\"Los Gatos - &quot;Corazon herido&quot; y &quot;Ojos verdes&quot;\" width=\"580\" height=\"435\" src=\"https:\/\/www.youtube.com\/embed\/sBqpU2zoEJI?feature=oembed\" frameborder=\"0\" allow=\"accelerometer; autoplay; clipboard-write; encrypted-media; gyroscope; picture-in-picture; web-share\" referrerpolicy=\"strict-origin-when-cross-origin\" allowfullscreen><\/iframe>\n<\/div><\/figure>\n\n\n\n<p>Este producto de la industria del disco tuvo impacto en el arte cinematogr\u00e1fico. Imagen ic\u00f3nica sobre la m\u00fasica norte\u00f1a y el bajo sexto es la aparici\u00f3n de la primera agrupaci\u00f3n de esta \u00edndole en el celuloide, los Broncos de Reynosa. La aparici\u00f3n primera del tridente norte\u00f1o acorde\u00f3n-bajo sexto-tololoche se dio en la pel\u00edcula <em>Calibre 44<\/em> (1960), dirigida por Juli\u00e1n Soler<a class=\"anota\" id=\"anota17\" data-footnote=17>17<\/a> y protagonizada por el principal icono de \u201clo norte\u00f1o\u201d, el actor y cantante Eulalio Gonz\u00e1lez, <em>El Piporro<\/em>.<\/p>\n\n\n\n<p>Si el hito relacionado con el bajo sexto fue su aparici\u00f3n en los fotogramas de dicho filme, su imagen tambi\u00e9n se perpetuar\u00eda a trav\u00e9s de la cubierta del disco <span class=\"small-caps\">lp<\/span> (Long Play). En este trabajo abord\u00e9 algunas cubiertas para identificar las tipolog\u00edas de bajos que quedaron registradas en ellas y su impacto en los actores en torno al bajo sexto, ya que \u201cm\u00e1s que meros embalajes, [las cubiertas] se conciben como contextos activos de mediaci\u00f3n cultural que desempe\u00f1an un papel crucial en el desempe\u00f1o de relaciones de comunicaci\u00f3n y empat\u00eda entre productores (compositores, letristas, m\u00fasicos y editores), intermediarios culturales (cr\u00edticos, periodistas, agentes y promotores) y oyentes (consumidores espor\u00e1dicos y <em>fans<\/em> de determinada est\u00e9tica o grupo musical)\u201d (Quintela y Olivera, 2015: 130).<\/p>\n\n\n\n<p>Una de las im\u00e1genes de la agrupaci\u00f3n pionera en la grabaci\u00f3n, la compuesta por Narciso Mart\u00ednez al acorde\u00f3n y Santiago Almeida al bajo sexto, es la que pertenece a una producci\u00f3n realizada sobre las primeras grabaciones por <em>Folklyric Records<\/em> en 1978. En la portada del \u00e1lbum (ilustraci\u00f3n 1) se puede apreciar un bajo sexto de los llamados <em>de<\/em> <em>cuerpo completo<\/em>.<a class=\"anota\" id=\"anota18\" data-footnote=18>18<\/a> Cabe destacar que, aunque el \u00e1lbum es de 1978, la imagen debi\u00f3 tomarse, como indica la informaci\u00f3n, entre 1936 y 1937. El bajo sexto de esta imagen presenta <em>cordones<\/em><a class=\"anota\" id=\"anota19\" data-footnote=19>19<\/a> en la uni\u00f3n de ambas<em> tapas<\/em><a class=\"anota\" id=\"anota2o\" data-footnote=2o>2o<\/a> con los <em>costados<\/em>,<a class=\"anota\" id=\"anota21\" data-footnote=21>21<\/a> mientras que los <em>trastes<\/em><a class=\"anota\" id=\"anota22\" data-footnote=22>22<\/a> sobre el <em>diapas\u00f3n<\/em><a class=\"anota\" id=\"anota23\" data-footnote=23>23<\/a> apenas sobrepasan la uni\u00f3n de los <em>costados <\/em>con la <em>tapa <\/em>frontal, hacia la <em>boca<\/em>.<a class=\"anota\" id=\"anota24\" data-footnote=24>24<\/a> Adicionalmente, el<em> puente<\/em><a class=\"anota\" id=\"anota25\" data-footnote=25>25<\/a> parece dibujar lo que los constructores llaman una sugerente <em>cola de sirena<\/em> o <em>bigote<\/em>. De acuerdo con la imagen, las dimensiones de la <em>caja<\/em> <em>de resonancia<\/em> son generosas.<a class=\"anota\" id=\"anota26\" data-footnote=26>26<\/a> En cuanto a las dem\u00e1s ornamentaciones, no se observan <em>hilos<\/em>,<a class=\"anota\" id=\"anota27\" data-footnote=27>27<\/a> solo una <em>roseta<\/em>,<a class=\"anota\" id=\"anota28\" data-footnote=28>28<\/a> de la cual no se logran apreciar los detalles con nitidez. En lo referente a aditamentos, no hay <em>micas<\/em><a class=\"anota\" id=\"anota29\" data-footnote=29>29<\/a> ni <em>pastillas<\/em>.<a class=\"anota\" id=\"anota30\" data-footnote=30>30<\/a> Por otra parte, el modelo <em>cuerpo completo<\/em> se replica en los fotogramas de <em>Calibre 44<\/em>, aunque con <em>filete<\/em><a class=\"anota\" id=\"anota31\" data-footnote=31>31<\/a> en vez de <em>cordones<\/em>, una <em>roseta<\/em> sin <em>hilos<\/em>, una <em>mica<\/em> en color obscuro sin otro objetivo que proteger el instrumento, y la ausencia de <em>pastilla<\/em>. A esta tipolog\u00eda le llaman <em>bajo tradicional<\/em>.<\/p>\n\n\n\n<div class=\"image-slider\">\n                <div class=\"frame\">\n                    <div class=\"picture\" itemscope itemtype=\"http:\/\/schema.org\/ImageGallery\">\n                        <figure itemprop=\"associatedMedia\" itemscope itemtype=\"http:\/\/schema.org\/ImageObject\" class=\"slider-element\">\n                              <a href=\"https:\/\/archive.org\/download\/enc-8-multimedia\/ramiro-godina-bajo_sextos-img-1.jpeg\" itemprop=\"contentUrl\" data-size=\"990x557\" data-index=\"0\" data-caption=\"Figura 1. Portada del disco lp Una historia de la m\u00fasica de la frontera. Texas-Mexican Border Music Vol. 10. (Ramiro Godina Valerio, San Antonio, Texas, 22 de abril de 2017).\" >\n                                <img decoding=\"async\" src=\"https:\/\/archive.org\/download\/enc-8-multimedia\/ramiro-godina-bajo_sextos-img-1.jpeg\" itemprop=\"thumbnail\">\n                                <i class=\"fa fa-expand expand\" aria-hidden=\"true\"><\/i>\n                            <\/a>\n                            <\/figure>                    <\/div>    \n                <\/div>\n                    <div class=\"caption\">Figura 1. Portada del disco lp Una historia de la m\u00fasica de la frontera. Texas-Mexican Border Music Vol. 10. (Ramiro Godina Valerio, San Antonio, Texas, 22 de abril de 2017).<\/div><div class=\"image-analysis\"><\/div>                <div class=\"bullets\"><\/div>\n            <\/div>\n\n\n\n<p>En la d\u00e9cada de los sesenta surge una nueva generaci\u00f3n de bajo sexteros, quienes aportar\u00edan al instrumento una nueva faceta, la mel\u00f3dica. Quiz\u00e1 el m\u00e1s reconocido, adem\u00e1s de Jes\u00fas <em>Chuy<\/em> Scott, es Cornelio Reyna. Como bajo sextero de los Rel\u00e1mpagos del Norte particip\u00f3 en varios \u00e1lbumes,<a class=\"anota\" id=\"anota32\" data-footnote=32>32<\/a> donde aparece con guitarra y bajo <em>de cuerpo completo<\/em>, mientras que en esos mismos a\u00f1os, en sus participaciones f\u00edlmicas como en <em>El ojo de vidrio<\/em> (1969),<a class=\"anota\" id=\"anota33\" data-footnote=33>33<\/a> dirigida por Ren\u00e9 Cardona Jr., y <em>La venganza de Gabino Barrera<\/em> (1967), dirigida por Ren\u00e9 Cardona, se aprecia un bajo sexto que adem\u00e1s de <em>cordones, mica, puente <\/em>con<em> bigote, <\/em>presenta un <em>resaque<\/em><a class=\"anota\" id=\"anota34\" data-footnote=34>34<\/a> y <em>pastilla<\/em>, esta \u00faltima en la de Cardona padre.<\/p>\n\n\n\n<p>Este tipo de bajo aparece en la portada del \u00e1lbum <em>Cornelio Reyna y los Reyes del Norte En trocitos\/ A nadie le digas<\/em>, de 1985 (Freddie Records), ya separado de Ram\u00f3n Ayala, (imagen 2). En la imagen se aprecia el aumento en el n\u00famero de <em>trastes<\/em>, el <em>puente<\/em> con acabado de <em>bigote<\/em> y la ausencia de la <em>pastilla<\/em>. El bajo con<em> resaque<\/em> cuenta con las tres <em>micas<\/em> que se perfilan como las m\u00e1s usuales hasta ahora. La tipolog\u00eda de bajo es llamada <em>con resaque<\/em>, y se repetir\u00eda en muchas producciones posteriores.<\/p>\n\n\n\n<div class=\"image-slider\">\n                <div class=\"frame\">\n                    <div class=\"picture\" itemscope itemtype=\"http:\/\/schema.org\/ImageGallery\">\n                        <figure itemprop=\"associatedMedia\" itemscope itemtype=\"http:\/\/schema.org\/ImageObject\" class=\"slider-element\">\n                              <a href=\"https:\/\/archive.org\/download\/enc-8-multimedia\/ramiro-godina-bajo_sextos-img-2.jpeg\" itemprop=\"contentUrl\" data-size=\"990x557\" data-index=\"0\" data-caption=\"Figura 2. Portada del disco lp Cornelio Reyna y Los Reyes del Norte En trocitos\/ A nadie le digas. (Ramiro Godina Valerio, San Antonio, Texas, 22 de abril de 2017).\" >\n                                <img decoding=\"async\" src=\"https:\/\/archive.org\/download\/enc-8-multimedia\/ramiro-godina-bajo_sextos-img-2.jpeg\" itemprop=\"thumbnail\">\n                                <i class=\"fa fa-expand expand\" aria-hidden=\"true\"><\/i>\n                            <\/a>\n                            <\/figure>                    <\/div>    \n                <\/div>\n                    <div class=\"caption\">Figura 2. Portada del disco lp Cornelio Reyna y Los Reyes del Norte En trocitos\/ A nadie le digas. (Ramiro Godina Valerio, San Antonio, Texas, 22 de abril de 2017).<\/div><div class=\"image-analysis\"><\/div>                <div class=\"bullets\"><\/div>\n            <\/div>\n\n\n\n<p>La influencia de la guitarra el\u00e9ctrica sobre este tipo de bajo se cristaliz\u00f3 principalmente a trav\u00e9s del <em>resaque<\/em>, las <em>micas<\/em>, la <em>pastilla<\/em> (amplificaci\u00f3n) y la ejecuci\u00f3n mel\u00f3dica. Para la d\u00e9cada de los 90, se consolidaban nuevas figuras en el bajo sexto, como Juan P. Moreno, Salom\u00f3n Robles y Pepe Elizondo. Ejecuci\u00f3n, adornos, implementaciones electr\u00f3nicas expand\u00edan los alcances del instrumento.<\/p>\n\n\n\n<p>El marcado incremento en el acceso a la red de redes, la consolidaci\u00f3n de programas televisivos de videos musicales sobre \u201cla norte\u00f1a\u201d y la circulaci\u00f3n y consumo de producciones discogr\u00e1ficas en la primera d\u00e9cada del nuevo siglo expandieron el horizonte visual, el cual acabar\u00eda influyendo en la representaci\u00f3n visual del instrumento. Reflejo de lo mencionado son el desarrollo de bajo cuartos, formas poco convencionales en el instrumento (dos y hasta cuatro <em>resaques<\/em>), acabados m\u00e1s llamativos (de pintura a pirograbados), hasta la elaboraci\u00f3n de bajos ex\u00f3ticos.<a class=\"anota\" id=\"anota35\" data-footnote=35>35<\/a> Adem\u00e1s de los convenios entre m\u00fasicos y constructores para realizar determinado(s) tipo(s) de bajo sexto(s).<a class=\"anota\" id=\"anota36\" data-footnote=36>36<\/a><\/p>\n\n\n\n<figure class=\"wp-block-embed is-type-video is-provider-youtube wp-block-embed-youtube wp-embed-aspect-16-9 wp-has-aspect-ratio\"><div class=\"wp-block-embed__wrapper\">\n<iframe loading=\"lazy\" title=\"Bajoquinto modelo Pepe Elizondo 002\" width=\"580\" height=\"326\" src=\"https:\/\/www.youtube.com\/embed\/iGJ9z-63P_k?feature=oembed\" frameborder=\"0\" allow=\"accelerometer; autoplay; clipboard-write; encrypted-media; gyroscope; picture-in-picture; web-share\" referrerpolicy=\"strict-origin-when-cross-origin\" allowfullscreen><\/iframe>\n<\/div><\/figure>\n\n\n\n<h2 class=\"wp-block-heading\">Los constructores y sus instrumentos<\/h2>\n\n\n\n<p class=\"abstract\">Tres son los constructores principales en las ciudades referidas. Reynaldo Alonso Escobar (1949), en Saltillo,<a class=\"anota\" id=\"anota37\" data-footnote=37>37<\/a> Rub\u00e9n Castillo Hern\u00e1ndez (1956), en Monclova, y Jos\u00e9 Mendoza, <em>el Laudero del desierto<\/em>, en Torre\u00f3n. Los tres cumplen con esta propuesta de llamarlos constructores, ya que no cuentan con estudios acad\u00e9micos en lauder\u00eda y ninguno pertenece a una familia de constructores.<\/p>\n\n\n\n<p>Reynaldo Escobar, m\u00fasico y constructor, recuerda que, cerca de sus veinte a\u00f1os, se inici\u00f3 en la reparaci\u00f3n y construcci\u00f3n de instrumentos por necesidad, \u201cme puse a arreglar el tololoche \u00a1verdad! una vez que se me cay\u00f3, m\u00e1s bien, me lo quebr\u00f3 un borrachito y\u2026 de ah\u00ed empec\u00e9 a formar un tololoche \u00a1verdad!&#8230; y\u2026 instrumentos tambi\u00e9n, as\u00ed el bajo sexto\u201d.<a class=\"anota\" id=\"anota38\" data-footnote=38>38<\/a> Recibir\u00eda apenas alguna instrucci\u00f3n de don Heraclio, constructor de esa misma ciudad que falleci\u00f3 entre 1975 y 1980, y de quien recuerda solamente el nombre. Por otra parte, con estudios en dibujo industrial y una experiencia de 30 a\u00f1os en la rotulaci\u00f3n, Rub\u00e9n Castillo aprendi\u00f3 este oficio de \u00c1ngel Hern\u00e1ndez, <em>el Borrado<\/em>, cerca del a\u00f1o 2000,<a class=\"anota\" id=\"anota39\" data-footnote=39>39<\/a> quien a su vez aprendi\u00f3 el oficio en sus visitas y compras al constructor potosino Vicente Acosta (padre), radicado en la ciudad de Guadalupe, Nuevo Le\u00f3n. Junto con Rub\u00e9n Castillo, Javier Hern\u00e1ndez Castro,<a class=\"anota\" id=\"anota40\" data-footnote=40>40<\/a> hermano de \u00c1ngel Hern\u00e1ndez, tambi\u00e9n aprender\u00eda esta actividad. En el trabajo de campo observ\u00e9 que hay trabajos donde hacen mancuerna Rub\u00e9n y Javier, aunque \u00e9ste, en palabras de Castillo, construye poco. En lo que respecta a Jos\u00e9 Cuitl\u00e1huac Mendoza, \u00fanica referencia sobre bajos en Torre\u00f3n al menos hasta el a\u00f1o 2019, tiene estudios de medicina veterinaria y zootecnia, es guitarrista autodidacta y tiene un padre carpintero. Comenz\u00f3 en la lauder\u00eda entre 1998 y 1999, reparando sus propios instrumentos y a trav\u00e9s de lo que \u00e9l llama \u201cprueba y error\u201d.<\/p>\n\n\n\n<div class=\"image-slider\">\n                <div class=\"frame\">\n                    <div class=\"picture\" itemscope itemtype=\"http:\/\/schema.org\/ImageGallery\">\n                        <figure itemprop=\"associatedMedia\" itemscope itemtype=\"http:\/\/schema.org\/ImageObject\" class=\"slider-element\">\n                              <a href=\"https:\/\/archive.org\/download\/enc-8-multimedia\/ramiro-godina-bajo_sextos-img-3.jpeg\" itemprop=\"contentUrl\" data-size=\"509x679\" data-index=\"0\" data-caption=\"Figura 3. Constructor Reynaldo Alonso Escobar con dos de sus tololoches. (Ramiro Godina Valerio, Saltillo, Coahuila, 3 de diciembre de 2016).\" >\n                                <img decoding=\"async\" src=\"https:\/\/archive.org\/download\/enc-8-multimedia\/ramiro-godina-bajo_sextos-img-3.jpeg\" itemprop=\"thumbnail\">\n                                <i class=\"fa fa-expand expand\" aria-hidden=\"true\"><\/i>\n                            <\/a>\n                            <\/figure>                    <\/div>    \n                <\/div>\n                    <div class=\"caption\">Figura 3. Constructor Reynaldo Alonso Escobar con dos de sus tololoches. (Ramiro Godina Valerio, Saltillo, Coahuila, 3 de diciembre de 2016).<\/div><div class=\"image-analysis\"><\/div>                <div class=\"bullets\"><\/div>\n            <\/div>\n\n\n\n<p>En cuanto a la elaboraci\u00f3n de bajos con insumos de maderer\u00edas locales y <em>plantillas<\/em><a class=\"anota\" id=\"anota41\" data-footnote=41>41<\/a> obtenidas al copiar otros, Reynaldo Alonso Escobar reconoce como limitantes la falta de herramienta, su delicada salud, la limitada inversi\u00f3n de los m\u00fasicos y el clima (espec\u00edficamente el tiempo de invierno). Me indic\u00f3: \u201cnom\u00e1s me falta c\u00f3mo presentarlos bien, que est\u00e9n bien presentados para que\u2026 ya los pueda uno ofrecer\u201d.<a class=\"anota\" id=\"anota42\" data-footnote=42>42<\/a> Por este motivo, la reparaci\u00f3n de instrumentos resulta m\u00e1s c\u00f3moda y com\u00fan. A pesar de que en el trabajo de campo no contaba con bajos para mostrar, me queda claro que la tipolog\u00eda <em>con resaque<\/em> predomina en Saltillo, ya que el constructor menciona \u201ccomo en el 90\u2026 ya toda <em>la raza<\/em> [los compa\u00f1eros] quer\u00eda de <em>resaque<\/em>. Hasta me llevaban a m\u00ed bajo sextos para que les hiciera el <em>resaque<\/em>\u2026 que <em>media luna <\/em>[<em>resaque<\/em>]\u201d.<a class=\"anota\" id=\"anota43\" data-footnote=43>43<\/a> En lo que respecta a la presencia del bajo quinto, el se\u00f1or Reynaldo indica que este tiene cerca de diez a\u00f1os [cerca del 2006], y es la tipolog\u00eda que m\u00e1s repara ahora. Inclusive algunos m\u00fasicos le piden adecuar la <em>cabeza<\/em> del instrumento para hacerlo bajo quinto.<\/p>\n\n\n\n<div class=\"image-slider\">\n                <div class=\"frame\">\n                    <div class=\"picture\" itemscope itemtype=\"http:\/\/schema.org\/ImageGallery\">\n                        <figure itemprop=\"associatedMedia\" itemscope itemtype=\"http:\/\/schema.org\/ImageObject\" class=\"slider-element\">\n                              <a href=\"https:\/\/archive.org\/download\/enc-8-multimedia\/ramiro-godina-bajo_sextos-img-4.jpeg\" itemprop=\"contentUrl\" data-size=\"762x571\" data-index=\"0\" data-caption=\"Figura 4. Constructor Rub\u00e9n Castillo en su taller (Ramiro Godina Valerio, Monclova, Coahuila, 2 de abril de 2016).\" >\n                                <img decoding=\"async\" src=\"https:\/\/archive.org\/download\/enc-8-multimedia\/ramiro-godina-bajo_sextos-img-4.jpeg\" itemprop=\"thumbnail\">\n                                <i class=\"fa fa-expand expand\" aria-hidden=\"true\"><\/i>\n                            <\/a>\n                            <\/figure>                    <\/div>    \n                <\/div>\n                    <div class=\"caption\">Figura 4. Constructor Rub\u00e9n Castillo en su taller (Ramiro Godina Valerio, Monclova, Coahuila, 2 de abril de 2016).<\/div><div class=\"image-analysis\"><\/div>                <div class=\"bullets\"><\/div>\n            <\/div>\n\n\n\n<p>Por su parte, comprando maderas a constructores de Monterrey o en negocios de Paracho, Rub\u00e9n Castillo tiene una actividad constructora m\u00e1s continua, as\u00ed lo muestran sus publicaciones en su cuenta de Facebook<a class=\"anota\" id=\"anota44\" data-footnote=44>44<\/a> y las interacciones observadas en su taller. Im\u00e1genes de agrupaciones y bajo sextos cuelgan de las paredes a manera de representaci\u00f3n visual del instrumento para sus clientes.<\/p>\n\n\n\n<p>Aunque en lo sonoro siempre busca una mejora, la relevancia de lo visual queda expuesta cuando dice:<\/p>\n\n\n\n<p class=\"verse\">a m\u00ed me traen la foto, y ya lo saco yo a tama\u00f1o real y ya todo dibujado, con todo y <em>paleta<\/em> [<em>cabeza<\/em>] con\u2026 todo, todo\u2026 todo dibujado. Entonces ya de ah\u00ed les digo que lo vean, entonces ya les digo. \u201cdime a ver qu\u00e9 cambio quieres, ahorita que est\u00e1 en papel\u201d. Entonces ya ellos me dicen: \u201cmira, quiero esto o esto\u201d, o dicen \u201cno, as\u00ed mero [as\u00ed est\u00e1 bien]\u201d.<a class=\"anota\" id=\"anota45\" data-footnote=45>45<\/a><\/p>\n\n\n\n<p>Esto evidencia la participaci\u00f3n del comprador en el dise\u00f1o final, lo que acent\u00faa su unicidad. En los trabajos observados tanto en Facebook como en el taller predomina la tipolog\u00eda de bajo <em>con<\/em> <em>resaque<\/em>, siendo una constante el <em>cord\u00f3n<\/em>, el <em>puente<\/em> de doble hueso y la <em>roseta <\/em>con forma espiga. Destacan los dise\u00f1os de las <em>micas<\/em>, los cuales realiza sobre papel, y los vuelve \u00fanicos al desechar el papel una vez calcado el dise\u00f1o. En cuanto a las incrustaciones, uno de los bajo quintos del taller contaba con una de acero inoxidable en el <em>diapas\u00f3n<\/em> con el nombre del comprador,<a class=\"anota\" id=\"anota46\" data-footnote=46>46<\/a> lo que regionalizan al instrumento, ya que <span class=\"small-caps\">ahmsa<\/span><a class=\"anota\" id=\"anota47\" data-footnote=47>47<\/a><span class=\"small-caps\"><\/span> es la empresa emblema de la ciudad (aunque dicha regionalizaci\u00f3n fue accidental, porque el constructor s\u00f3lo quer\u00eda reducir costos).<\/p>\n\n\n\n<p>Resulta de gran importancia para este trabajo saber que estas caracter\u00edsticas en los bajos de Rub\u00e9n Castillo tienen una referencia espec\u00edfica. El coahuilense menciona<\/p>\n\n\n\n<p class=\"verse\">a la gente de aqu\u00ed de Monclova [sus clientes] no le gustan las <em>rosetas<\/em> de concha, porque\u2026 haz de cuenta que no quieren saber nada de Michoac\u00e1n. Este\u2026 yo la trabajo a veces, pero para poner el nombre aqu\u00ed en el <em>diapas\u00f3n<\/em>, los nombres. Y no\u2026 yo no meto nada de concha ni de abul\u00f3n en los bajo sextos porque siempre ellos\u2026 quieren, c\u00f3mo se llama, que no se parezcan a los de Michoac\u00e1n, quieren que tengan el tipo as\u00ed de los Hern\u00e1ndez [bajo sextos Hern\u00e1ndez, de Guadalupe, Nuevo Le\u00f3n], que nom\u00e1s lleven este\u2026 que no lleven nada de concha. Las <em>rosetas<\/em> que sean de espiga y que lleven los <em>hilos<\/em>\u2026 los <em>hilos<\/em>\u2026 o que se llaman vistas nada m\u00e1s.<a class=\"anota\" id=\"anota48\" data-footnote=48>48<\/a><\/p>\n\n\n\n<p>Esta narraci\u00f3n de Castillo propone una referencia espec\u00edfica para el colectivo de bajo sextetos monclovenses y una contrapartida de \u00e9sta. Esto lo abordar\u00e9 m\u00e1s adelante.<\/p>\n\n\n\n<p>Al igual que el constructor saltillense, Rub\u00e9n Castillo tambi\u00e9n se dedica a la reparaci\u00f3n de instrumentos. Por otra parte, Castillo apunta que desde hace algunos a\u00f1os (2010 aproximadamente), dentro de los pedidos de los clientes, se increment\u00f3 la petici\u00f3n de los dos <em>resaques<\/em>, las \u201cf\u201d en la <em>tapa<\/em>, labrados especiales en las <em>palas<\/em> (<em>cabeza <\/em>del instrumento) y hasta la reducci\u00f3n en el volumen de las <em>cajas <\/em>(cuerpo).<\/p>\n\n\n\n<p>En el caso de Jos\u00e9 Mendoza, entre 2008 y 2009 comenz\u00f3 a comercializar sus instrumentos, al considerar que ten\u00edan calidad suficiente, aunque primero elabor\u00f3 guitarras cl\u00e1sicas y de jazz. Algunos a\u00fan lo ubicaban como reparador m\u00e1s que como constructor, y aunque no cuenta con una formaci\u00f3n acad\u00e9mica en lauder\u00eda, se perfilan tres l\u00edneas como base de su propio desarrollo: el an\u00e1lisis de las <em>plantillas<\/em> al copiar, la investigaci\u00f3n sobre la construcci\u00f3n de la guitarra cl\u00e1sica y el estudio de la guitarra el\u00e9ctrica y su evoluci\u00f3n.<\/p>\n\n\n\n<p>En cuanto a la construcci\u00f3n de bajos, Jos\u00e9 Mendoza indica:<\/p>\n\n\n\n<p class=\"verse\">y, sobre todo, trato de darle un aspecto m\u00e1s moderno al instrumento. No trato de hacer el instrumento, el bajo sexto o bajo quinto, tradicional, lleno de demasiada parafernalia, mucho tipo de adornos en concha de abul\u00f3n. No me gusta a m\u00ed, particularmente, recargarlos con tanto este\u2026 parafernalia o detalles. Yo estoy m\u00e1s abocado al sonido\u2026 y su aspecto exterior viene siendo pues bastante simple. Es m\u00e1s sencillo. D\u00e1ndole\u2026 particularmente su lugar a la vista natural de la madera, a un color m\u00e1s cerrado, con unos peque\u00f1os detalles, b\u00e1sicamente. No me ocupo mucho en los adornos. Yo siempre trato de innovar. No me gusta\u2026 este\u2026 de un punto a la fecha ya no me gusta tanto <br>copiar o reproducci\u00f3n de lo que otros hacen, ya estoy en una fase m\u00e1s creativa, en una fase m\u00e1s personal. Ya no\u2026 ahorita ya no es tiempo de reproducir, [es] tiempo de innovar, de la creatividad \u00a1verdad!<a class=\"anota\" id=\"anota49\" data-footnote=49>49<\/a><\/p>\n\n\n\n<p>De acuerdo con estas palabras, Jos\u00e9 Mendoza est\u00e1 en una etapa creadora, de innovaci\u00f3n; su atenci\u00f3n se centra en el sonido m\u00e1s que en la imagen del bajo, contrario a lo que \u00e9l llama bajo <em>tradicional<\/em>, el cual, menciona, est\u00e1 lleno de \u201cparafernalia\u201d. Sin embargo, en su cuenta de YouTube<a class=\"anota\" id=\"anota50\" data-footnote=50>50<\/a> se observan algunas contradicciones en los videos donde hace alusi\u00f3n a sus nuevas creaciones.<\/p>\n\n\n\n<p>Al parecer, la representaci\u00f3n visual del instrumento tiene un papel importante en sus modelos cuando destaca: las <em>curvas<\/em> y <em>cuernos<\/em> del instrumento derivan de modelos espec\u00edficos de guitarras el\u00e9ctricas y modelos propios; la <em>pala<\/em> de la guitarra tiene la marca del constructor, al igual que en el caso de Rub\u00e9n Castillo; los <em>puentes<\/em> son modelos propios, a los que llama \u201cmodelado\u201d, \u201cmurci\u00e9lago\u201d, \u201ccalavera de vaca\u201d, \u201cde \u00e1guila\u201d, \u201csencillo\u201d; tambi\u00e9n hay los modelos propios de las <em>micas<\/em>; la particularidad de tener su propia <em>pastilla, <\/em>la Pepe Mendoza (que est\u00e1 vinculado principalmente con lo sonoro); los diversos colores alternativos en el instrumento; un sugestivo nombre para cada modelo; el <em>brazo<\/em> delgado y el <em>atornillado al cuerpo <\/em>como rasgo distintivo en sus instrumentos; hace tambi\u00e9n alusi\u00f3n al tama\u00f1o de la <em>caja<\/em>, que \u00e9l llama <em>tradicional<\/em> o <em>jumbo<\/em>, adem\u00e1s de la c\u00f3moda altura de las cuerdas. Cabe destacar que tambi\u00e9n se hace alusi\u00f3n al sonido, pero enfatiza lo visual.<\/p>\n\n\n\n<p>En cuanto a la tradici\u00f3n, desde la visi\u00f3n de Jos\u00e9 Mendoza \u00e9sta aparece como algo est\u00e1tico, mientras que la innovaci\u00f3n es seguir el camino, aportar, avanzar. Un retraso generalizado en la entrega de instrumentos, la negaci\u00f3n a comprometerse con m\u00e1s pedidos de los que puede realizar, el aviso de \u201capertura de la agenda\u201d para pr\u00f3ximos trabajos, los comentarios favorables sobre sus instrumentos de quienes ven sus videos y la amplitud de su mercado (en varias ciudades de M\u00e9xico, Latinoam\u00e9rica y Estados Unidos) invitan a pensar que sus propuestas son m\u00e1s aceptadas, que la innovaci\u00f3n se impone a la tradici\u00f3n, sin embargo, las ventas dependen de muchos factores, no solamente del instrumento en s\u00ed.<\/p>\n\n\n\n<p>Habr\u00eda que destacar que algunos de sus modelos rompen con los arquetipos, por ejemplo, de los bajos Hern\u00e1ndez, que sirven como referencia para los bajos de Rub\u00e9n Castillo, ya que algunos no tienen la <em>roseta<\/em> de espiga, algunos no tienen <em>roseta<\/em>, y unos m\u00e1s, ni siquiera tienen <em>boca<\/em>.<\/p>\n\n\n\n<div class=\"image-slider\">\n                <div class=\"frame\">\n                    <div class=\"picture\" itemscope itemtype=\"http:\/\/schema.org\/ImageGallery\">\n                        <figure itemprop=\"associatedMedia\" itemscope itemtype=\"http:\/\/schema.org\/ImageObject\" class=\"slider-element\">\n                              <a href=\"https:\/\/archive.org\/download\/enc-8-multimedia\/ramiro-godina-bajo_sextos-img-5.jpeg\" itemprop=\"contentUrl\" data-size=\"552x737\" data-index=\"0\" data-caption=\"Figura 5. Constructor Jos\u00e9 Mendoza, Laudero Del Desierto, con uno de sus bajos en proceso (Ramiro Godina Valerio, Torre\u00f3n, Coahuila, 1 de abril 2016).\" >\n                                <img decoding=\"async\" src=\"https:\/\/archive.org\/download\/enc-8-multimedia\/ramiro-godina-bajo_sextos-img-5.jpeg\" itemprop=\"thumbnail\">\n                                <i class=\"fa fa-expand expand\" aria-hidden=\"true\"><\/i>\n                            <\/a>\n                            <\/figure>                    <\/div>    \n                <\/div>\n                    <div class=\"caption\">Figura 5. Constructor Jos\u00e9 Mendoza, Laudero Del Desierto, con uno de sus bajos en proceso (Ramiro Godina Valerio, Torre\u00f3n, Coahuila, 1 de abril 2016).<\/div><div class=\"image-analysis\"><\/div>                <div class=\"bullets\"><\/div>\n            <\/div>\n\n\n\n<h2 class=\"wp-block-heading\">Articulando y reflexionando a manera de conclusi\u00f3n<\/h2>\n\n\n\n<p class=\"abstract\">La representaci\u00f3n visual del bajo sexto se perpetu\u00f3 a trav\u00e9s de los medios audiovisuales, donde surgen las tipolog\u00edas de bajo <em>tradicional <\/em>y bajo <em>con<\/em> <em>resaque<\/em>. De acuerdo con los ejemplos citados y las observaciones en los talleres sobre estos bajos, se encuentran los \u00f3rganos constructivos (algunos son ornamentaci\u00f3n) y los aditamentos. En cuanto a los \u00f3rganos constructivos del bajo tradicional, est\u00e1n: <em>caja <\/em>de <em>cuerpo completo<\/em> grande; <em>cordones <\/em>y <em>filetes<\/em>, los primeros son m\u00e1s comunes; <em>roseta<\/em> de <em>espiga<\/em>; <em>hilos<\/em>; <em>puente<\/em> de <em>bigote <\/em>o <em>cola <\/em>de <em>sirena<\/em>; <em>cabeza<\/em> o <em>pala<\/em> sin incrustaciones. En cuanto a los aditamentos, est\u00e1n las <em>micas <\/em>de dise\u00f1o sencillo. Podr\u00eda agregar que las maderas m\u00e1s tradicionales son cedro, nogal y palo escrito, esto en la caja.<\/p>\n\n\n\n<p>Los elementos constructivos del bajo <em>con resaque<\/em> son pr\u00e1cticamente los mismos, la dimensi\u00f3n de la <em>caja<\/em> de resonancia puede reducirse gracias a la amplificaci\u00f3n a trav\u00e9s de la <em>pastilla<\/em>; <em>pala<\/em> o <em>cabeza <\/em>con la marca del instrumento. En cuanto a los aditamentos: el n\u00famero de <em>micas<\/em> comenz\u00f3 a incrementarse, el dise\u00f1o de \u00e9stas se perfeccion\u00f3; las <em>pastillas <\/em>comenzaron a ser habituales.<\/p>\n\n\n\n<p>Los rasgos constructivos y sus aditamentos se ampliaron de acuerdo con cada constructor. Con Rub\u00e9n Castillo, la representaci\u00f3n visual del instrumento se hace presente, principalmente, en <em>puente<\/em>, <em>pala<\/em>, la unicidad de sus <em>micas<\/em> y las incrustaciones en el diapas\u00f3n; por lo dem\u00e1s, se mantiene en las propuestas ya establecidas. Por su parte, Jos\u00e9 Mendoza se distingue por sus propuestas, hibridaciones y adaptaciones. En muchos de sus dise\u00f1os el color uniforme hace impensable el uso de <em>cordones <\/em>y <em>filetes<\/em>; el <em>brazo<\/em> atornillado es \u00fanico al igual que su <em>pastilla<\/em>; sus modelos espec\u00edficos de <em>puentes<\/em> y <em>bajos<\/em> le dan una referencia espec\u00edfica dentro de los constructores del noreste mexicano.<\/p>\n\n\n\n<p>Las significaciones de estos signos visuales se comenzaron a construir desde los medios audiovisuales, estableciendo arquetipos como el bajo <em>tradicional <\/em>y el bajo <em>con resaque, <\/em>que para algunos pueden significar identidad y\/o pertenencia, como son los clientes de Rub\u00e9n Castillo, cuando quieren que sus bajos se parezcan a los de Monterrey y no a los de Paracho, mientras que para otros pueden significar algo est\u00e1tico, como en el caso de Jos\u00e9 Mendoza. La significaci\u00f3n se puede incrementar por parte del constructor, aportando algo diferente a su instrumento, pero tambi\u00e9n por el comprador, participando en su dise\u00f1o.<\/p>\n\n\n\n<p>En este sentido, el \u201cciclo de la tradici\u00f3n\u201d propuesto por el historiador Carlos Herrej\u00f3n Peredo, ahora en el bajo sexto, ha contribuido a comprender que la \u201cinnovaci\u00f3n\u201d constructora obedece a una transmisi\u00f3n reiterada de una tradici\u00f3n intervenida por quien la recibe y la vuelve a transmitir. La tradici\u00f3n no est\u00e1 contrapuesta con la innovaci\u00f3n; se complementan.<\/p>\n\n\n\n<p>Pasando al concepto de <em>campo, <\/em>la construcci\u00f3n de bajos en Coahuila parece tener sentido cuando se le vincula con constructores radicados en Monterrey y su \u00e1rea metropolitana. Primero, porque ninguno de los tres constructores referenci\u00f3 el trabajo de sus colegas; segundo, Reynaldo Alonso Escobar y Rub\u00e9n Castillo se refirieron a los bajos hechos en la Sultana del Norte, adem\u00e1s de la compra de maderas y transmisi\u00f3n de conocimientos, en el caso de Monclova. Esto puede obedecer a: a) la distancia espacial entre las tres ciudades; inclusive hay menos distancia entre algunas de estas ciudades y Monterrey; b) la nula interacci\u00f3n entre los constructores a trav\u00e9s de las redes sociales, y espec\u00edficamente Facebook; c) la relevancia de Monterrey en cuanto a circulaci\u00f3n de insumos y como referencia en la construcci\u00f3n de bajos; d) la presencia de los bajos de Vicente Acosta en Saltillo y Monclova.<\/p>\n\n\n\n<p>Pasando a las <em>estrategias de conservaci\u00f3n<\/em> y <em>subversi\u00f3n<\/em>, desde esta perspectiva, los constructores coahuilenses parecen asumirse como los <em>reci\u00e9n llegados<\/em>, los que buscan ese <em>capital espec\u00edfico<\/em> que tienen los <em>dominantes<\/em>, como las firmas regiomontanas de Acosta y Hern\u00e1ndez. Entre las <em>estrategias de conservaci\u00f3n<\/em> de los <em>dominantes<\/em>, las cuales no se mencionan aqu\u00ed, est\u00e1n el alto costo, que sus instrumentos sean comprados por artistas renombrados, que sus modelos sean considerados <em>tradicionales<\/em> y la longevidad de la firma. Por otra parte, las <em>estrategias de subversi\u00f3n<\/em> de los<em> reci\u00e9n llegados<\/em>, observadas en el trabajo de campo y en las redes sociales, van desde anunciar que alg\u00fan artista ha adquirido sus instrumentos, la innovaci\u00f3n en la construcci\u00f3n interna y externa, y mencionar que sus instrumentos ser\u00e1n mandados para cierta ciudad o pa\u00eds. El caso que m\u00e1s ejemplifica esta percepci\u00f3n es el de Jos\u00e9 Mendoza, quien ha encontrado en su innovaci\u00f3n una ruta interesante para el posicionamiento de sus bajos, aunque no ha sido f\u00e1cil:<\/p>\n\n\n\n<p class=\"verse\">[aprend\u00ed] batallando un poquito, porque los maestros lauderos son muy celosos de sus conocimientos. Casi, casi, de padres a hijos pasan nada m\u00e1s el conocimiento, y\u2026 no todo se aprende en la red\u2026 siempre hay secretos en todo esto, y poco a poco los he ido desenmara\u00f1ando.<a class=\"anota\" id=\"anota51\" data-footnote=51>51<\/a><\/p>\n\n\n\n<p>El <em>Laudero del desierto<\/em> agrega: \u201calguien se atreve aqu\u00ed a innovar\u2026 inmediatamente se le van a la yugular\u2026 yo, si quiero, al rato hago una guitarra cuadrada, si suena bien \u00bfpor qu\u00e9 no?\u201d.<a class=\"anota\" id=\"anota52\" data-footnote=52>52<\/a><\/p>\n\n\n\n<p>Finalmente, la representaci\u00f3n visual del instrumento tiene como funci\u00f3n ser el punto de convergencia de diferentes actores, donde se construye identidad y pertenencia, as\u00ed como alteridad, donde los constructores y consumidores buscan un instrumento \u00fanico. Desde esta perspectiva, este rubro visual es m\u00e1s determinante que el sonoro. Determinada por la historia, la b\u00fasqueda de lo nuevo del que hace y el que adquiere, la representaci\u00f3n visual del bajo ha permitido observar que el <em>capital espec\u00edfico<\/em> del <em>campo<\/em> se articula entre todos los participantes.<\/p>\n\n\n\n<h2 class=\"wp-block-heading\">Bibliograf\u00eda<\/h2>\n\n\n\n<p class=\"bibliography\">Antonio Colores BAJOSEXTOS (2015, 3 de marzo). <em>Bajoquinto modelo Pepe Elizondo 002<\/em> (video). Recuperado de https:\/\/www.youtube.com\/watch?v=iGJ9z-63P_k, consultado el 15 de diciembre de 2020.<\/p>\n\n\n\n<p class=\"bibliography\">Aqu\u00ed Rogelio Archiv (2015, 6 de mayo). <em>Los Gatos &#8211; <\/em>\u201cCorazon herido\u201d y \u201cOjos verdes\u201d (video). Recuperado de https:\/\/www.youtube.com\/watch?v=sBqpU2zoEJI, consultado el 15 de noviembre 2017.<\/p>\n\n\n\n<p class=\"bibliography\">Ayala, Alfonso (2000). <em>Desde el cerro de la Silla. Origen y consolidaci\u00f3n del conjunto norte\u00f1o en Monterrey<\/em>. Monterrey: Herca.<\/p>\n\n\n\n<p class=\"bibliography\">Ayala, Alfonso (2004). <em>Breve historia gr\u00e1fica de la m\u00fasica en Monterrey.<\/em> Monterrey: Fondo Estatal para la Cultura y las Artes de Nuevo Le\u00f3n.<\/p>\n\n\n\n<p class=\"bibliography\">Ayala, Alfonso (2009). \u201cM\u00fasica popular\u201d, en Hern\u00e1n Palma y Mesa Espinoza (coord.), <em>An\u00e1huac<\/em>. Monterrey: Consejo para la Cultura y las Artes de Nuevo Le\u00f3n, pp.115-153.<\/p>\n\n\n\n<p class=\"bibliography\">Ayala, Alfonso (2014). \u201cM\u00fasica popular\u201d, en Hern\u00e1n Palma y Mesa Espinoza (coord.), <em>Santiago.<\/em> Monterrey: Consejo para la Cultura y las Artes de Nuevo Le\u00f3n, pp. 113-143.<\/p>\n\n\n\n<p class=\"bibliography\">Bronislaw, Baczko (1999) [1984]. <em>Los imaginarios sociales. Memorias y esperanzas colectivas.<\/em> Buenos Aires: Nueva Visi\u00f3n <span class=\"small-caps\">saic<\/span><\/p>\n\n\n\n<p class=\"bibliography\">Bourdieu, Pierre (1990). <em>Sociolog\u00eda y cultura<\/em>. M\u00e9xico: Grijalbo.<\/p>\n\n\n\n<p class=\"bibliography\">Chamorro, Jorge A. (2006). <em>Mariachi antiguo, jarabe y son: s\u00edmbolos compartidos y tradici\u00f3n musical en las identidades jaliscienses.<\/em> Guadalajara: Las Culturas Populares de Jalisco.<\/p>\n\n\n\n<p class=\"bibliography\">Chew, Martha (2008). <em>Los corridos en la memoria del migrante<\/em>. M\u00e9xico: E\u00f3n y University of Texas at El Paso.<\/p>\n\n\n\n<p class=\"bibliography\">Dawe, Kevin (2012). \u201cThe Cultural Study of Musical Instruments\u201d, en Martin Clayton, Trevor Herbert y Richard Middleton (ed.), <em>The Cultural Study of Music. A Critical Introduction<\/em>. Nueva York: Routledge, pp. 195-205.<\/p>\n\n\n\n<p class=\"bibliography\">D\u00edaz-Santana, Luis (2015). <em>Historia de la m\u00fasica norte\u00f1a mexicana<\/em>. M\u00e9xico: Plaza y Vald\u00e9s.<\/p>\n\n\n\n<p class=\"bibliography\">D\u00edaz-Santana, Luis (2016). \u201cEl bajo sexto: s\u00edmbolo unificador cultural en la frontera M\u00e9xico-Estados Unidos\u201d. <em>Acta Musicol\u00f3gica,<\/em> vol. 88, n\u00fam. 1, pp. 49-62.<\/p>\n\n\n\n<p class=\"bibliography\">Garc\u00eda, Ra\u00fal (2006). \u201cLa m\u00fasica tradicional en el noreste de M\u00e9xico\u201d, en Isabel Ortega Ridaura (coord.), <em>El Noreste, reflexiones<\/em>. Monterrey: Fondo Editorial de Nuevo Le\u00f3n, pp. 233-239.<\/p>\n\n\n\n<p class=\"bibliography\">Garza, Luis, (2006). <em>Ra\u00edces de la m\u00fasica regional de Nuevo Le\u00f3n<\/em>. Monterrey: Consejo para la Cultura y las Artes de Nuevo Le\u00f3n.<\/p>\n\n\n\n<p class=\"bibliography\">Geertz, Clifford, (2003 [1973]). <em>La interpretaci\u00f3n de las culturas<\/em>. Barcelona: Gedisa.<\/p>\n\n\n\n<p class=\"bibliography\">Godina, Ramiro (2014, 5 de diciembre). \u201cConstructores de bajo sextos en Monterrey. Mi aproximaci\u00f3n primera\u201d. Las Primeras Jornadas sobre la M\u00fasica Norte\u00f1a Mexicana, del 1er Congreso Internacional del Folclor <span class=\"small-caps\">guanajuato<\/span> 2014, El folclor y la m\u00fasica norte\u00f1a tradicional. Simposio llevado a cabo en Universidad de Guanajuato.<\/p>\n\n\n\n<p class=\"bibliography\">Godina, Ramiro (2015, 10 y 12 de septiembre). \u201cReflexiones sobre las itinerantes andanzas de Jorge Loayzat y su bajo sextonombre abreviado\u201d. <em>Second International Conference on Mexican Norte\u00f1a Music<\/em>. Simposio en St. Lawrence University. Canton, Nueva York,<\/p>\n\n\n\n<p class=\"bibliography\">Godina, Ramiro (2017, 5 a 7 de octubre). \u201cEl bajo sexto parachense y su presencia en el noreste mexicano y el sur de Texas. Una aproximaci\u00f3n etnogr\u00e1fica a la econom\u00eda del instrumento\u201d. <em><span class=\"small-caps\">xiii<\/span> Foro Internacional de M\u00fasica Tradicional. Migraci\u00f3n, braceros y mojados; fusiones y nuevas creaciones<\/em>. Simposio en Museo Nacional de Antropolog\u00eda, M\u00e9xico.<\/p>\n\n\n\n<p class=\"bibliography\">Godina, Ramiro (2018). \u201cConstrucci\u00f3n de bajo sextos en Monclova, Coahuila. El caso del maestro Rub\u00e9n Castillo\u201d, en Luis Diaz-Santana (coord.), <em>La investigaci\u00f3n musical en las regiones de M\u00e9xico<\/em>. Zacatecas: Universidad Aut\u00f3noma de Zacatecas \/ Texere Editores, pp. 113-122.<\/p>\n\n\n\n<p class=\"bibliography\">Godina, Ramiro (2019a).\u201cThe <em>Laudero del desierto<\/em> and his place in bajo sexto construction field\u201d, en Paula de Guerra y Thiago Pereira (ed.) <em>Keep It Simple, Make It Fast. An Approach to Underground Music Scenes (vol. 4)<\/em>. Oporto: Universidade do Porto, pp. 256-267.<\/p>\n\n\n\n<p class=\"bibliography\">Godina, Ramiro (2019b). \u201cBajo Sexto Construction in North-East Mexico and Southern Texas: Cases of Immigration and Identity\u201d, en Gisa J\u00e4hnichen (ed.), <em>Studia intrumentorum musicae populares (new series) VI. Series of the ICTM Study Group on Musical Instruments<\/em>. Berl\u00edn: Logos, pp. 101-112.<\/p>\n\n\n\n<p class=\"bibliography\">Guerrero, H\u00e9ctor (2002). \u201cNuestros instrumentos. Apuntes sobre el bajo sexto\u201d. <em>M\u00fasica en Monterrey, Revista de Divulgaci\u00f3n y Gu\u00eda Musical<\/em>, vol. 1, n\u00fam. 5, pp. 28-29.<\/p>\n\n\n\n<p class=\"bibliography\">Guitarras N\u00fa\u00f1ez Saltillo Casa Luthier (2016, 16 de diciembre).<em> Post<\/em> de Facebook [fotograf\u00eda]. Recuperado de https:\/\/www.facebook.com\/356744864696874\/photos3 56744696862.1073741827.35674 4864 696874\/356744918030202\/?type=3&amp;theater, consultado el 25 de junio de 2021.<\/p>\n\n\n\n<p class=\"bibliography\">Hern\u00e1ndez, V\u00edctor (2011). \u201cLauder\u00eda tradicional de la cuenca del Tepalcatepec. Una historia que se empieza a construir\u201d, en Esteban Barrag\u00e1n L\u00f3pez, Ra\u00fal Eduardo Gonz\u00e1lez Hern\u00e1ndez y Jorge Am\u00f3s Mart\u00ednez (ed.), <em>Temples de la tierra. Expresiones art\u00edsticas en la cuenca del r\u00edo Tepalcatepec. <\/em>Zamora: El Colegio de Michoac\u00e1n, pp. 237-252.<\/p>\n\n\n\n<p class=\"bibliography\">Hern\u00e1ndez, V\u00edctor (2014, 28 a 30 de mayo). \u201cLos fabricantes de bajo sextos en Paracho, Michoac\u00e1n\u201d. <em>Coloquio Internacional sobre la M\u00fasica Norte\u00f1a Mexicana<\/em>, Tac\u00e1mbaro, Michoac\u00e1n,<\/p>\n\n\n\n<p class=\"bibliography\">Hern\u00e1ndez, V\u00edctor. (2016). <em>La mata de los instrumentos musicales huastecos. Tequitote, San Luis Potos\u00ed.<\/em> Zamora: El Colegio de Michoac\u00e1n.<\/p>\n\n\n\n<p class=\"bibliography\">Hern\u00e1ndez, V\u00edctor (2017a, 5 a 7 de octubre). Los guitarreros migrantes de Paracho, Michoac\u00e1n. <em>XIII Foro Internacional de M\u00fasica Tradicional. Migraci\u00f3n, braceros y mojados; fusiones y nuevas creaciones<\/em>, Museo Nacional de Antropolog\u00eda, M\u00e9xico<\/p>\n\n\n\n<p class=\"bibliography\">Hern\u00e1ndez, V\u00edctor (2017b). <em>Bajosextero. Los constructores de bajo sexto y bajo quinto en Paracho<\/em>, <em>Michoac\u00e1n.<\/em> Manuscrito in\u00e9dito facilitado por el autor.<\/p>\n\n\n\n<p class=\"bibliography\">Herrej\u00f3n, Carlos (1994). \u201cTradici\u00f3n, esbozo de algunos conceptos\u201d. <em>Relaciones, Estudios de Historia y Sociedad<\/em>, El Colegio de Michoac\u00e1n, vol. 15, n\u00fam. 59, pp.135-149.<\/p>\n\n\n\n<p class=\"bibliography\">Hood, Manlte (1982 [1971]). <em>The Ethnomusicologist.<\/em> Ohio: Kent State University.<\/p>\n\n\n\n<p class=\"bibliography\">Johnson, Henry (1995). \u201cAn ethnomusicology of musical instruments: form, function, and meaning\u201d. <em><span class=\"small-caps\">Jaso<\/span><\/em>, vol. 26, n\u00fam. 3, pp. 257-269. Recuperado de https:\/\/www.anthro.ox.ac.uk\/sites\/default\/files\/anthro\/documents\/media\/jaso26_3_1995_257_269.pdf, consultado el 2 de diciembre de 2020.<\/p>\n\n\n\n<p class=\"bibliography\">Madrid, Alejandro (2013). <em>Music in Mexico. Experiencing music, expressing culture<\/em>. Nueva York: Oxford University Press.<\/p>\n\n\n\n<p class=\"bibliography\">McNutt, James (1991). \u201cMiguel Acosta, instrumentista\u201d, en Joe S. Graham (ed.), <em>Hecho en M\u00e9xico. Texasmexican Folk Arts and Crafts<\/em>. Denton: <span class=\"small-caps\">unt<\/span>, pp. 172-187.<\/p>\n\n\n\n<p class=\"bibliography\">Montoya, Luis (2013a). \u201cEl bajo sexto es del Baj\u00edo mexicano\u201d, en Luis Omar Montoya Arias (coord.),<em> \u00a1Arriba el Norte\u2026! M\u00fasica de acorde\u00f3n y bajo sexto<\/em>, t. 1. M\u00e9xico: Instituto Nacional de Antropolog\u00eda e Historia, pp. 191-208.<\/p>\n\n\n\n<p class=\"bibliography\">Montoya, Luis (2013b). \u201cEl uso de la imagen en la construcci\u00f3n social de la m\u00fasica norte\u00f1a mexicana\u201d, en Luis Omar Montoya Arias (coord.),<em> \u00a1Arriba el Norte\u2026! M\u00fasica de acorde\u00f3n y bajo sexto<\/em>, t. 2. M\u00e9xico: Instituto Nacional de Antropolog\u00eda e Historia, pp. 184-222.<\/p>\n\n\n\n<p class=\"bibliography\">Olvera, Jos\u00e9 (2013) \u201cLa radio en la construcci\u00f3n social de la m\u00fasica norte\u00f1a mexicana\u201d, en Luis Omar Montoya Arias (coord.), \u00a1Arriba e<em>l Norte\u2026! M\u00fasica de acorde\u00f3n y bajo sexto<\/em>, t. 2. M\u00e9xico: Instituto Nacional de Antropolog\u00eda e Historia, pp. 32-59.<\/p>\n\n\n\n<p class=\"bibliography\">Paredes, Am\u00e9rico (1993). <em>Folklore and Culture on the Texas Mexican Border<\/em>. Austin: <span class=\"small-caps\">cmas<\/span> Books \/ University of Texas at Austin.<\/p>\n\n\n\n<p class=\"bibliography\">Paredes, Am\u00e9rico (1995). <em>A Texas-Mexican Cancionero. Folksongs of the lower border<\/em>. Austin: University of Texas Press.<\/p>\n\n\n\n<p class=\"bibliography\">Pe\u00f1a, Manuel (1985). <em>The Texas-Mexican Conjunto. History of a working-class music, <\/em>Austin: University of Texas Press.<\/p>\n\n\n\n<p class=\"bibliography\">Pe\u00f1a, Manuel (1999). <em>M\u00fasica Tejana. The Cultural Economy of Artistic Transformation<\/em>. Austin: College Station\/Texas a&amp;m University Press.<\/p>\n\n\n\n<p class=\"bibliography\">Quintela, Pedro, y Oliveira, Ana (2015). \u201cCapas de discos, est\u00e9tica, interven\u00e7\u00e3o e resistencia: una aproxima\u00e7\u00e3o \u00e0 sociolog\u00eda pelo visual\u201d, en Paula Guerra (org.), <em>More than loud. Os mundos dentro de cada som. <\/em>Oporto: Edi\u00e7\u00f5es Afrontamiento.<\/p>\n\n\n\n<p class=\"bibliography\">Ragland, Cathy (2009). <em>M\u00fasica Norte\u00f1a. Mexican Migrants Creating a Nation between Nations<\/em>. Filadelfia: Temple University Press. https:\/\/doi.org\/10.2307\/j.ctt14btdjr<\/p>\n\n\n\n<p class=\"bibliography\">Ram\u00edrez-Pimienta, Juan (2011). <em>Cantar a los narcos. Voces y versos del narcotr\u00e1fico. <\/em>M\u00e9xico: Planeta.<\/p>\n\n\n\n<p class=\"bibliography\">Sachs, Curt (2016 [1940]). <em>The History of Musical Instruments<\/em>. Mineola: Dover Publications.<\/p>\n\n\n\n<p class=\"bibliography\">Young, Ron, (2001 [1987]). \u201cMac\u00edas. The Stradivarius of Bajo Sextos\u201d, en Juan Tejeda y Avelardo Valdez (ed.), <em>Puro conjunto. An album in words and pictures.<\/em> Austin: <span class=\"small-caps\">cmas<\/span> Books y University of Texas at Austin, pp. 1-12.<\/p>\n\n\n\n<h2 class=\"wp-block-heading\">Referencias digitales<\/h2>\n\n\n\n<p class=\"bibliography\"><em>Entrevistas y comunicaciones personales<\/em><\/p>\n\n\n\n<p class=\"bibliography\">Entrevista personal con Jos\u00e9 Mendoza, por Ramiro Godina Valerio, Torre\u00f3n, 1\u00ba de abril de 2016. Audio en posesi\u00f3n de Ramiro Godina Valerio.<\/p>\n\n\n\n<p class=\"bibliography\">Entrevista personal con Rub\u00e9n Castillo, por Ramiro Godina Valerio, Monclova, 2 de abril de 2016. Audio en posesi\u00f3n de Ramiro Godina Valerio.<\/p>\n\n\n\n<p class=\"bibliography\">Entrevista personal con Rub\u00e9n Castillo, por Ramiro Godina Valerio, Monclova, 16 de diciembre de 2016. Audio en posesi\u00f3n de Ramiro Godina Valerio.<\/p>\n\n\n\n<p class=\"bibliography\">Comunicaci\u00f3n telef\u00f3nica personal con Rub\u00e9n Castillo, por Ramiro Godina Valerio, 4 de mayo de 2017.<\/p>\n\n\n\n<p class=\"bibliography\">Entrevista personal con Reynaldo Alonso Escobar, por Ramiro Godina Valerio, 3 de diciembre de 2016. Audio en posesi\u00f3n de Ramiro Godina Valerio.<\/p>\n\n\n\n<hr class=\"wp-block-separator\"\/>\n\n\n\n<p class=\"abstract\"><em>Ramiro Godina Valerio<\/em> es licenciado en M\u00fasica e Instrumentista (guitarrista) y Maestro en Artes por la Universidad Aut\u00f3noma de Nuevo Le\u00f3n. Su investigaci\u00f3n se centra en el mariachi y la m\u00fasica norte\u00f1a, de esta \u00faltima ha profundizado en el bajo sexto. Ha participado en actos acad\u00e9micos en el \u00e1mbito local, nacional e internacional, de los que destacan el Coloquio Culturas musicales de Monterrey y Nuevo Le\u00f3n (2014); Coloquios Internacionales sobre el Mariachi, en Jalisco, M\u00e9xico (2013, 2014, 2015, 2017, 2018, 2019), <span class=\"small-caps\">kismif<\/span> International Conference (2018), en Oporto, Portugal y el 22nd Symposium of <span class=\"small-caps\">ictm<\/span> (2019), en Lisboa, Portugal. Sus escritos se han publicado bajo sellos como el Instituto Tecnol\u00f3gico y de Estudios Superiores de Monterrey, la Universidad de Zacatecas, el Colegio de Jalisco y la Universidad de Oporto. Actualmente se desempe\u00f1a como maestro en la Facultad de M\u00fasica de la <span class=\"small-caps\">uanl<\/span>.<\/p>\n","protected":false},"excerpt":{"rendered":"<p>Este artigo aborda a relev\u00e2ncia da representa\u00e7\u00e3o visual do bajo sexto na constru\u00e7\u00e3o atual desse instrumento musical em tr\u00eas cidades do estado de Coahuila, M\u00e9xico. Esse \u00e9 o resultado de influ\u00eancias da m\u00eddia, hibrida\u00e7\u00f5es e a busca por diferencia\u00e7\u00e3o e pertencimento, tanto entre os fabricantes quanto entre os consumidores. Com base na pesquisa qualitativa e, especificamente, no m\u00e9todo etnogr\u00e1fico, essa abordagem \u00e9 articulada por meio do conceito de campo de Bourdieu, a fim de interpretar o di\u00e1logo entre tradi\u00e7\u00e3o e inova\u00e7\u00e3o em torno da elabora\u00e7\u00e3o e do consumo desse \u00edcone da m\u00fasica do norte. <\/p>","protected":false},"author":4,"featured_media":0,"comment_status":"open","ping_status":"open","sticky":false,"template":"","format":"standard","meta":{"_acf_changed":false,"footnotes":""},"categories":[279],"tags":[831,835,836,833,830,832,834],"coauthors":[551],"class_list":["post-34987","post","type-post","status-publish","format-standard","hentry","category-279","tag-musica-nortena-2","tag-bajo-sexto","tag-campo","tag-construccion","tag-innovacion","tag-representacion-visual","tag-tradicion","personas-godina-valerio-ramiro","numeros-793"],"acf":[],"yoast_head":"<!-- This site is optimized with the Yoast SEO plugin v22.2 - https:\/\/yoast.com\/wordpress\/plugins\/seo\/ -->\n<title>Construcci\u00f3n de bajo sextos en tres ciudades de Coahuila, M\u00e9xico. Tradici\u00f3n e innovaci\u00f3n en la imagen visual del instrumento &#8211; Encartes<\/title>\n<meta name=\"robots\" content=\"index, follow, max-snippet:-1, max-image-preview:large, max-video-preview:-1\" \/>\n<link rel=\"canonical\" href=\"https:\/\/encartes.mx\/pt\/godina-construccion-bajo-sextos-coahuila-visual\/\" \/>\n<meta property=\"og:locale\" content=\"pt_BR\" \/>\n<meta property=\"og:type\" content=\"article\" \/>\n<meta property=\"og:title\" content=\"Construcci\u00f3n de bajo sextos en tres ciudades de Coahuila, M\u00e9xico. Tradici\u00f3n e innovaci\u00f3n en la imagen visual del instrumento &#8211; Encartes\" \/>\n<meta property=\"og:description\" content=\"Este trabajo aborda la relevancia que tiene la representaci\u00f3n visual del bajo sexto en la actual construcci\u00f3n de este instrumento musical en tres ciudades del estado de Coahuila, M\u00e9xico. \u00c9sta es resultado de influencias medi\u00e1ticas, hibridaciones y b\u00fasquedas de diferenciaci\u00f3n y pertenencia, tanto entre los constructores como en los consumidores. Partiendo de la investigaci\u00f3n cualitativa, y espec\u00edficamente del m\u00e9todo etnogr\u00e1fico, esta aproximaci\u00f3n se articula a trav\u00e9s del concepto de campo de Bourdieu para interpretar el di\u00e1logo entre tradici\u00f3n e innovaci\u00f3n alrededor de la elaboraci\u00f3n y el consumo de este icono de la m\u00fasica norte\u00f1a.\" \/>\n<meta property=\"og:url\" content=\"https:\/\/encartes.mx\/pt\/godina-construccion-bajo-sextos-coahuila-visual\/\" \/>\n<meta property=\"og:site_name\" content=\"Encartes\" \/>\n<meta property=\"article:published_time\" content=\"2021-09-09T18:23:19+00:00\" \/>\n<meta property=\"article:modified_time\" content=\"2023-11-18T00:09:33+00:00\" \/>\n<meta name=\"author\" content=\"Arthur Ventura\" \/>\n<meta name=\"twitter:card\" content=\"summary_large_image\" \/>\n<meta name=\"twitter:label1\" content=\"Escrito por\" \/>\n\t<meta name=\"twitter:data1\" content=\"Arthur Ventura\" \/>\n\t<meta name=\"twitter:label2\" content=\"Est. tempo de leitura\" \/>\n\t<meta name=\"twitter:data2\" content=\"34 minutos\" \/>\n\t<meta name=\"twitter:label3\" content=\"Written by\" \/>\n\t<meta name=\"twitter:data3\" content=\"Arthur Ventura\" \/>\n<script type=\"application\/ld+json\" class=\"yoast-schema-graph\">{\"@context\":\"https:\/\/schema.org\",\"@graph\":[{\"@type\":\"Article\",\"@id\":\"https:\/\/encartes.mx\/en\/godina-construccion-bajo-sextos-coahuila-visual\/#article\",\"isPartOf\":{\"@id\":\"https:\/\/encartes.mx\/en\/godina-construccion-bajo-sextos-coahuila-visual\/\"},\"author\":{\"name\":\"Arthur Ventura\",\"@id\":\"https:\/\/encartes.mx\/#\/schema\/person\/97215bba1729028a4169cab07f8e58ef\"},\"headline\":\"Construcci\u00f3n de bajo sextos en tres ciudades de Coahuila, M\u00e9xico. Tradici\u00f3n e innovaci\u00f3n en la imagen visual del instrumento\",\"datePublished\":\"2021-09-09T18:23:19+00:00\",\"dateModified\":\"2023-11-18T00:09:33+00:00\",\"mainEntityOfPage\":{\"@id\":\"https:\/\/encartes.mx\/en\/godina-construccion-bajo-sextos-coahuila-visual\/\"},\"wordCount\":8285,\"commentCount\":0,\"publisher\":{\"@id\":\"https:\/\/encartes.mx\/#organization\"},\"keywords\":[\"\u201cm\u00fasica norte\u00f1a\u201d\",\"bajo sexto\",\"campo\",\"construcci\u00f3n\",\"innovaci\u00f3n\",\"representaci\u00f3n visual\",\"tradici\u00f3n\"],\"articleSection\":[\"Dosier\"],\"inLanguage\":\"pt-BR\",\"potentialAction\":[{\"@type\":\"CommentAction\",\"name\":\"Comment\",\"target\":[\"https:\/\/encartes.mx\/en\/godina-construccion-bajo-sextos-coahuila-visual\/#respond\"]}]},{\"@type\":\"WebPage\",\"@id\":\"https:\/\/encartes.mx\/en\/godina-construccion-bajo-sextos-coahuila-visual\/\",\"url\":\"https:\/\/encartes.mx\/en\/godina-construccion-bajo-sextos-coahuila-visual\/\",\"name\":\"Construcci\u00f3n de bajo sextos en tres ciudades de Coahuila, M\u00e9xico. Tradici\u00f3n e innovaci\u00f3n en la imagen visual del instrumento &#8211; Encartes\",\"isPartOf\":{\"@id\":\"https:\/\/encartes.mx\/#website\"},\"datePublished\":\"2021-09-09T18:23:19+00:00\",\"dateModified\":\"2023-11-18T00:09:33+00:00\",\"breadcrumb\":{\"@id\":\"https:\/\/encartes.mx\/en\/godina-construccion-bajo-sextos-coahuila-visual\/#breadcrumb\"},\"inLanguage\":\"pt-BR\",\"potentialAction\":[{\"@type\":\"ReadAction\",\"target\":[\"https:\/\/encartes.mx\/en\/godina-construccion-bajo-sextos-coahuila-visual\/\"]}]},{\"@type\":\"BreadcrumbList\",\"@id\":\"https:\/\/encartes.mx\/en\/godina-construccion-bajo-sextos-coahuila-visual\/#breadcrumb\",\"itemListElement\":[{\"@type\":\"ListItem\",\"position\":1,\"name\":\"Home\",\"item\":\"https:\/\/encartes.mx\/\"},{\"@type\":\"ListItem\",\"position\":2,\"name\":\"Construcci\u00f3n de bajo sextos en tres ciudades de Coahuila, M\u00e9xico. Tradici\u00f3n e innovaci\u00f3n en la imagen visual del instrumento\"}]},{\"@type\":\"WebSite\",\"@id\":\"https:\/\/encartes.mx\/#website\",\"url\":\"https:\/\/encartes.mx\/\",\"name\":\"Encartes\",\"description\":\"Revista digital multimedia\",\"publisher\":{\"@id\":\"https:\/\/encartes.mx\/#organization\"},\"potentialAction\":[{\"@type\":\"SearchAction\",\"target\":{\"@type\":\"EntryPoint\",\"urlTemplate\":\"https:\/\/encartes.mx\/?s={search_term_string}\"},\"query-input\":\"required name=search_term_string\"}],\"inLanguage\":\"pt-BR\"},{\"@type\":\"Organization\",\"@id\":\"https:\/\/encartes.mx\/#organization\",\"name\":\"Encartes Antropol\u00f3gicos\",\"url\":\"https:\/\/encartes.mx\/\",\"logo\":{\"@type\":\"ImageObject\",\"inLanguage\":\"pt-BR\",\"@id\":\"https:\/\/encartes.mx\/#\/schema\/logo\/image\/\",\"url\":\"https:\/\/encartes.mx\/wp-content\/uploads\/2017\/04\/Logo-04.png\",\"contentUrl\":\"https:\/\/encartes.mx\/wp-content\/uploads\/2017\/04\/Logo-04.png\",\"width\":338,\"height\":306,\"caption\":\"Encartes Antropol\u00f3gicos\"},\"image\":{\"@id\":\"https:\/\/encartes.mx\/#\/schema\/logo\/image\/\"}},{\"@type\":\"Person\",\"@id\":\"https:\/\/encartes.mx\/#\/schema\/person\/97215bba1729028a4169cab07f8e58ef\",\"name\":\"Arthur Ventura\",\"image\":{\"@type\":\"ImageObject\",\"inLanguage\":\"pt-BR\",\"@id\":\"https:\/\/encartes.mx\/#\/schema\/person\/image\/8a45818ea77a67a00c058d294424a6f6\",\"url\":\"https:\/\/secure.gravatar.com\/avatar\/e8ff614b2fa0d91ff6c65f328a272c53?s=96&d=identicon&r=g\",\"contentUrl\":\"https:\/\/secure.gravatar.com\/avatar\/e8ff614b2fa0d91ff6c65f328a272c53?s=96&d=identicon&r=g\",\"caption\":\"Arthur Ventura\"}}]}<\/script>\n<!-- \/ Yoast SEO plugin. -->","yoast_head_json":{"title":"Construcci\u00f3n de bajo sextos en tres ciudades de Coahuila, M\u00e9xico. Tradici\u00f3n e innovaci\u00f3n en la imagen visual del instrumento &#8211; Encartes","robots":{"index":"index","follow":"follow","max-snippet":"max-snippet:-1","max-image-preview":"max-image-preview:large","max-video-preview":"max-video-preview:-1"},"canonical":"https:\/\/encartes.mx\/pt\/godina-construccion-bajo-sextos-coahuila-visual\/","og_locale":"pt_BR","og_type":"article","og_title":"Construcci\u00f3n de bajo sextos en tres ciudades de Coahuila, M\u00e9xico. Tradici\u00f3n e innovaci\u00f3n en la imagen visual del instrumento &#8211; Encartes","og_description":"Este trabajo aborda la relevancia que tiene la representaci\u00f3n visual del bajo sexto en la actual construcci\u00f3n de este instrumento musical en tres ciudades del estado de Coahuila, M\u00e9xico. \u00c9sta es resultado de influencias medi\u00e1ticas, hibridaciones y b\u00fasquedas de diferenciaci\u00f3n y pertenencia, tanto entre los constructores como en los consumidores. Partiendo de la investigaci\u00f3n cualitativa, y espec\u00edficamente del m\u00e9todo etnogr\u00e1fico, esta aproximaci\u00f3n se articula a trav\u00e9s del concepto de campo de Bourdieu para interpretar el di\u00e1logo entre tradici\u00f3n e innovaci\u00f3n alrededor de la elaboraci\u00f3n y el consumo de este icono de la m\u00fasica norte\u00f1a.","og_url":"https:\/\/encartes.mx\/pt\/godina-construccion-bajo-sextos-coahuila-visual\/","og_site_name":"Encartes","article_published_time":"2021-09-09T18:23:19+00:00","article_modified_time":"2023-11-18T00:09:33+00:00","author":"Arthur Ventura","twitter_card":"summary_large_image","twitter_misc":{"Escrito por":"Arthur Ventura","Est. tempo de leitura":"34 minutos","Written by":"Arthur Ventura"},"schema":{"@context":"https:\/\/schema.org","@graph":[{"@type":"Article","@id":"https:\/\/encartes.mx\/en\/godina-construccion-bajo-sextos-coahuila-visual\/#article","isPartOf":{"@id":"https:\/\/encartes.mx\/en\/godina-construccion-bajo-sextos-coahuila-visual\/"},"author":{"name":"Arthur Ventura","@id":"https:\/\/encartes.mx\/#\/schema\/person\/97215bba1729028a4169cab07f8e58ef"},"headline":"Construcci\u00f3n de bajo sextos en tres ciudades de Coahuila, M\u00e9xico. Tradici\u00f3n e innovaci\u00f3n en la imagen visual del instrumento","datePublished":"2021-09-09T18:23:19+00:00","dateModified":"2023-11-18T00:09:33+00:00","mainEntityOfPage":{"@id":"https:\/\/encartes.mx\/en\/godina-construccion-bajo-sextos-coahuila-visual\/"},"wordCount":8285,"commentCount":0,"publisher":{"@id":"https:\/\/encartes.mx\/#organization"},"keywords":["\u201cm\u00fasica norte\u00f1a\u201d","bajo sexto","campo","construcci\u00f3n","innovaci\u00f3n","representaci\u00f3n visual","tradici\u00f3n"],"articleSection":["Dosier"],"inLanguage":"pt-BR","potentialAction":[{"@type":"CommentAction","name":"Comment","target":["https:\/\/encartes.mx\/en\/godina-construccion-bajo-sextos-coahuila-visual\/#respond"]}]},{"@type":"WebPage","@id":"https:\/\/encartes.mx\/en\/godina-construccion-bajo-sextos-coahuila-visual\/","url":"https:\/\/encartes.mx\/en\/godina-construccion-bajo-sextos-coahuila-visual\/","name":"Construcci\u00f3n de bajo sextos en tres ciudades de Coahuila, M\u00e9xico. Tradici\u00f3n e innovaci\u00f3n en la imagen visual del instrumento &#8211; Encartes","isPartOf":{"@id":"https:\/\/encartes.mx\/#website"},"datePublished":"2021-09-09T18:23:19+00:00","dateModified":"2023-11-18T00:09:33+00:00","breadcrumb":{"@id":"https:\/\/encartes.mx\/en\/godina-construccion-bajo-sextos-coahuila-visual\/#breadcrumb"},"inLanguage":"pt-BR","potentialAction":[{"@type":"ReadAction","target":["https:\/\/encartes.mx\/en\/godina-construccion-bajo-sextos-coahuila-visual\/"]}]},{"@type":"BreadcrumbList","@id":"https:\/\/encartes.mx\/en\/godina-construccion-bajo-sextos-coahuila-visual\/#breadcrumb","itemListElement":[{"@type":"ListItem","position":1,"name":"Home","item":"https:\/\/encartes.mx\/"},{"@type":"ListItem","position":2,"name":"Construcci\u00f3n de bajo sextos en tres ciudades de Coahuila, M\u00e9xico. Tradici\u00f3n e innovaci\u00f3n en la imagen visual del instrumento"}]},{"@type":"WebSite","@id":"https:\/\/encartes.mx\/#website","url":"https:\/\/encartes.mx\/","name":"Encartes","description":"Revista multim\u00eddia digital","publisher":{"@id":"https:\/\/encartes.mx\/#organization"},"potentialAction":[{"@type":"SearchAction","target":{"@type":"EntryPoint","urlTemplate":"https:\/\/encartes.mx\/?s={search_term_string}"},"query-input":"required name=search_term_string"}],"inLanguage":"pt-BR"},{"@type":"Organization","@id":"https:\/\/encartes.mx\/#organization","name":"Inser\u00e7\u00f5es antropol\u00f3gicas","url":"https:\/\/encartes.mx\/","logo":{"@type":"ImageObject","inLanguage":"pt-BR","@id":"https:\/\/encartes.mx\/#\/schema\/logo\/image\/","url":"https:\/\/encartes.mx\/wp-content\/uploads\/2017\/04\/Logo-04.png","contentUrl":"https:\/\/encartes.mx\/wp-content\/uploads\/2017\/04\/Logo-04.png","width":338,"height":306,"caption":"Encartes Antropol\u00f3gicos"},"image":{"@id":"https:\/\/encartes.mx\/#\/schema\/logo\/image\/"}},{"@type":"Person","@id":"https:\/\/encartes.mx\/#\/schema\/person\/97215bba1729028a4169cab07f8e58ef","name":"Arthur Ventura","image":{"@type":"ImageObject","inLanguage":"pt-BR","@id":"https:\/\/encartes.mx\/#\/schema\/person\/image\/8a45818ea77a67a00c058d294424a6f6","url":"https:\/\/secure.gravatar.com\/avatar\/e8ff614b2fa0d91ff6c65f328a272c53?s=96&d=identicon&r=g","contentUrl":"https:\/\/secure.gravatar.com\/avatar\/e8ff614b2fa0d91ff6c65f328a272c53?s=96&d=identicon&r=g","caption":"Arthur Ventura"}}]}},"jetpack_sharing_enabled":true,"jetpack_featured_media_url":"","_links":{"self":[{"href":"https:\/\/encartes.mx\/pt\/wp-json\/wp\/v2\/posts\/34987","targetHints":{"allow":["GET"]}}],"collection":[{"href":"https:\/\/encartes.mx\/pt\/wp-json\/wp\/v2\/posts"}],"about":[{"href":"https:\/\/encartes.mx\/pt\/wp-json\/wp\/v2\/types\/post"}],"author":[{"embeddable":true,"href":"https:\/\/encartes.mx\/pt\/wp-json\/wp\/v2\/users\/4"}],"replies":[{"embeddable":true,"href":"https:\/\/encartes.mx\/pt\/wp-json\/wp\/v2\/comments?post=34987"}],"version-history":[{"count":22,"href":"https:\/\/encartes.mx\/pt\/wp-json\/wp\/v2\/posts\/34987\/revisions"}],"predecessor-version":[{"id":37940,"href":"https:\/\/encartes.mx\/pt\/wp-json\/wp\/v2\/posts\/34987\/revisions\/37940"}],"wp:attachment":[{"href":"https:\/\/encartes.mx\/pt\/wp-json\/wp\/v2\/media?parent=34987"}],"wp:term":[{"taxonomy":"category","embeddable":true,"href":"https:\/\/encartes.mx\/pt\/wp-json\/wp\/v2\/categories?post=34987"},{"taxonomy":"post_tag","embeddable":true,"href":"https:\/\/encartes.mx\/pt\/wp-json\/wp\/v2\/tags?post=34987"},{"taxonomy":"author","embeddable":true,"href":"https:\/\/encartes.mx\/pt\/wp-json\/wp\/v2\/coauthors?post=34987"}],"curies":[{"name":"wp","href":"https:\/\/api.w.org\/{rel}","templated":true}]}}