{"id":33128,"date":"2020-09-19T20:07:42","date_gmt":"2020-09-19T20:07:42","guid":{"rendered":"https:\/\/encartesantropologicos.mx\/?p=33128"},"modified":"2023-11-17T18:32:44","modified_gmt":"2023-11-18T00:32:44","slug":"birman-comentario_joanildo_burity","status":"publish","type":"post","link":"https:\/\/encartes.mx\/pt\/birman-comentario_joanildo_burity\/","title":{"rendered":"Coment\u00e1rios ao texto de Joanildo Burity: desafios para os tempos atuais"},"content":{"rendered":"\n<h2 class=\"wp-block-heading\">Resumen<\/h2>\n\n\n\n<p class=\"no-indent\">El objetivo del texto es promover un di\u00e1logo con el art\u00edculo \u201cEl pueblo evang\u00e9lico: construcci\u00f3n hegem\u00f3nica, disputas minoritarias y reacci\u00f3n conservadora\u201d, de Joanildo Burity. Al valorar positivamente las hip\u00f3tesis del art\u00edculo, relacionadas con el crecimiento evang\u00e9lico en Brasil, busca dialogar con ellas desde una perspectiva antropol\u00f3gica. Con este fin, explora cuestiones relacionadas a la difusi\u00f3n de la cultura evang\u00e9lica, su heterogeneidad y sus afinidades con las pr\u00e1cticas culturales perif\u00e9ricas. Invita el lector a considerar la importancia del militarismo que se desarrolla en los centros urbanos brasile\u00f1os como parcialmente responsable del papel de mediaci\u00f3n de las iglesias evang\u00e9licas y, en consecuencia, como importante para su construcci\u00f3n hegem\u00f3nica. Tambi\u00e9n sugiere que reflexionar sobre las relaciones de g\u00e9nero puede contribuir a una mejor comprensi\u00f3n de las formas pol\u00edticas que ahora adopta el proyecto populista para construir el pa\u00eds como una naci\u00f3n evang\u00e9lica.<\/p>\n\n\n\n<p class=\"no-indent\">Palabras claves: <a href=\"https:\/\/encartes.mx\/pt\/tag\/conservadurismo\/\" rel=\"tag\">conservadurismo<\/a>, <a href=\"https:\/\/encartes.mx\/pt\/tag\/diferenciacion-de-genero\/\" rel=\"tag\">diferenciaci\u00f3n de g\u00e9nero<\/a>, <a href=\"https:\/\/encartes.mx\/pt\/tag\/evangelicos\/\" rel=\"tag\">evang\u00e9licos<\/a>, <a href=\"https:\/\/encartes.mx\/pt\/tag\/militarizacion\/\" rel=\"tag\">militarizaci\u00f3n<\/a>, <a href=\"https:\/\/encartes.mx\/pt\/tag\/periferias\/\" rel=\"tag\">periferias<\/a><\/p>\n\n\n\n<p class=\"en-title\"><span class=\"small-caps\">comments on the text by joanildo burity: challenges for current times<\/span><\/p>\n\n\n\n<p class=\"no-indent en-text\">The aim of this text is to promote a dialogue with the article \u201cThe evangelical people: Hegemonic construction, minority disputes and conservative reaction\u201d by Joanildo Burity. By giving a positive valuation of the article\u2019s hypotheses, in relation to evangelical growth in Brazil, it seeks to have a conversation with them from an anthropological perspective. With this in mind, it explores matters related to the promotion of evangelical culture, its heterogeneity and its affinities with peripheral cultural practices. It invites the reader to consider the importance of the militarism that unfolds in Brazilian urban centers as partially responsible for the role as mediator played by evangelical churches and, in consequence, as important for their hegemonic construction. It also suggests that reflecting upon gender relations can contribute to a better comprehension of the political forms now adopted by the populist project to build the country as an evangelical nation.<\/p>\n\n\n\n<p class=\"no-indent en-text\">Keywords: Evangelicals, militarization, conservatism, gender differentiation, peripheries.<\/p>\n\n\n\n<hr class=\"wp-block-separator\"\/>\n\n\n\n<p class=\"no-indent\"><span class=\"dropcap\">C<\/span>onversar sobre este texto de Joanildo con los lectores no es una tarea f\u00e1cil. De hecho, signific\u00f3 un gran desaf\u00edo que se increment\u00f3 a\u00fan m\u00e1s en el marco impuesto por <span class=\"small-caps\">covid<\/span>-19. M\u00e1s en Brasil que en Argentina, la pandemia genera un n\u00famero creciente y aterrador de muertes que se al\u00eda con el fracaso del servicio p\u00fablico, adem\u00e1s del comportamiento amenazante y autoritario del presidente de la Rep\u00fablica. Y todos los d\u00edas la crisis empeora. Aqu\u00ed, en Brasil, hemos aprendido que lo inimaginable de hoy viene siendo superado por el de ma\u00f1ana, con la profundizaci\u00f3n de un r\u00e9gimen autoritario y mortal, que aprovecha la crisis de salud en la que estamos inmersos. Pero no perderemos la esperanza. Por lo tanto, dialogar con Joanildo Burity a partir de un texto brillante, original y consistente tambi\u00e9n nos llevar\u00e1, a pesar de las dificultades, a otro plano de vida, uno en el que el trabajo intelectual es importante y nos permite reflexionar sobre posibles formas de salir de situaciones como \u00e9stas.<\/p>\n\n\n\n<p>Se trata de un trabajo de reflexi\u00f3n denso y estimulante. Presenta una imagen hist\u00f3rica del crecimiento de las vertientes pentecostales en Brasil y, en cierta medida, en Am\u00e9rica Latina, consider\u00e1ndolo a trav\u00e9s de los instrumentos te\u00f3ricos que en resumen ser\u00edan : la noci\u00f3n de <em>pueblo<\/em> y <em>populismo<\/em>, de <em>minorizaci\u00f3n<\/em>, construidas a trav\u00e9s del concepto de la pol\u00edtica de Ranci\u00e8re (1996), operado como una <em>l\u00f3gica populista<\/em>, elaborada por Laclau (2005). Una nueva hegemon\u00eda nacional a trav\u00e9s de los horizontes abiertos por los grupos evang\u00e9licos est\u00e1 ahora en la agenda. Joanildo Burity, en este art\u00edculo como en otros, no se permite soluciones f\u00e1ciles y se ubica lejos de cualquier marco determinista y de interpretaciones previamente establecidas (Burity, 2006, 2018). La apertura de posibles caminos, por un lado, y la combinaci\u00f3n de intereses y perspectivas, en ciertos momentos hist\u00f3ricos, por el otro, dieron lugar al predominio de la perspectiva pentecostal conservadora, combinada con un proyecto autoritario de naturaleza nacional, engendrado como una <em>l\u00f3gica populista<\/em> que ha conquistado la hegemon\u00eda entre los sectores religiosos y otros sectores de la sociedad. Este proyecto ahora disputa en el \u00e1mbito nacional la constituci\u00f3n del pa\u00eds como una <em>naci\u00f3n evang\u00e9lica<\/em>.<\/p>\n\n\n\n<p>El texto es convincente, lo que no fue una sorpresa, de hecho, conociendo el trabajo anal\u00edtico del autor. Estando de acuerdo con sus tesis, mis comentarios ir\u00e1n en la direcci\u00f3n de amplificar ciertas cuestiones, provocando m\u00e1s preguntas a partir de una lectura asociada con una perspectiva antropol\u00f3gica.<\/p>\n\n\n\n<p>\u00c9l sostiene que el crecimiento evang\u00e9lico conservador fue posible debido a la construcci\u00f3n de una <em>l\u00f3gica populista<\/em>. Esta <em>l\u00f3gica<\/em> que ten\u00eda al actor evang\u00e9lico como su protagonista central demostr\u00f3 ser capaz de ir m\u00e1s all\u00e1 de los l\u00edmites del campo religioso y agregar demandas heterog\u00e9neas, en el plano social, religioso y pol\u00edtico. Fueron los conservadores quienes lograron, a partir de los a\u00f1os ochenta en Brasil, construirse como un pueblo que gradualmente gan\u00f3 legitimidad y protagonismo en la esfera pol\u00edtica y religiosa. Burity llama la atenci\u00f3n sobre la alianza que se forj\u00f3 entre la elite evang\u00e9lica y las fuerzas pol\u00edticas de la extrema derecha que hoy gobiernan el pa\u00eds. El conservadurismo de ayer coquetea con el autoritarismo actual. Cabe se\u00f1alar que el periodo postelectoral ha privilegiado la eliminaci\u00f3n de los derechos adem\u00e1s de promover una enorme crisis en las estructuras democr\u00e1ticas conquistadas por la Constituci\u00f3n de 88.<\/p>\n\n\n\n<p>El texto aborda una cuesti\u00f3n de suma importancia, la cual nos interesa a todos en este momento: \u00bfpodr\u00e1 el actor evang\u00e9lico, que surgi\u00f3 como el sujeto principal de este populismo, junto con todas las fuerzas pol\u00edticas que lo apoyan (y son respaldadas por \u00e9l) hacer valer sus aspiraciones hegem\u00f3nicas antidemocr\u00e1ticas y construir el pa\u00eds como una <em>naci\u00f3n evang\u00e9lica<\/em>, asociada con las elites dominantes del pa\u00eds? \u00bfPuede este proyecto ganar y estabilizarse? No hay forma de predecir el resultado de los enfrentamientos en curso. Y el autor nos invita a reflexionar sobre el juego y las posibilidades que est\u00e1n abiertas.<\/p>\n\n\n\n<p>El eje de este art\u00edculo es el proceso de constituir esta <em>l\u00f3gica populista<\/em>. Para ello explora varios momentos hist\u00f3ricos, diferentes contextos pol\u00edticos y algunas de sus disputas. La aparici\u00f3n de los \u201cevang\u00e9licos\u201d como \u201cpueblo\u201d, a trav\u00e9s de la derrota de los protestantes hist\u00f3ricos y del catolicismo actual, la transformaci\u00f3n de los pentecostales de \u201cindividuos fuera del mundo\u201d en protagonistas de la acci\u00f3n pol\u00edtica en la esfera p\u00fablica dio lugar a procesos electorales con una participaci\u00f3n cada vez mayor de este grupo religioso y, finalmente, a la creaci\u00f3n de una bancada parlamentaria evang\u00e9lica en el Congreso Nacional. Como se sabe, \u00e9sta ha adquirido m\u00e1s poder en el \u00e1mbito pol\u00edtico y social. La descripci\u00f3n de este camino pol\u00edtico-religioso deja en claro c\u00f3mo los ganadores de estas luchas y maniobras pol\u00edticas pudieron constituir a <em>los evang\u00e9licos<\/em> como sujetos pol\u00edticos a trav\u00e9s de la <em>l\u00f3gica populista<\/em>. <em>Los evang\u00e9licos<\/em> se constituyeron as\u00ed como aquellos que llegaron a encarnar al pueblo, \u201clos excluidos\u201d de la naci\u00f3n. Cada vez m\u00e1s evang\u00e9licos, en nombre del <em>pueblo evang\u00e9lico<\/em>, se manifestaron como actores pol\u00edtico-religiosos que forjan un nuevo proceso de subjetividad pol\u00edtica. No ganaron simplemente dentro de una esfera pol\u00edtica restringida, en el Congreso Nacional, ni se limitaron al campo a las iglesias hegem\u00f3nicas. Pero los actores se hicieron en esta trama, inmersos en la capilaridad que las peque\u00f1as iglesias tienen en los barrios populares. Por lo tanto, con el alcance significativo de su papel pol\u00edtico, lograron forjarse a s\u00ed mismos como mediadores, con un alcance variable, entre las pol\u00edticas p\u00fablicas y aquellos cuya experiencia de vida hist\u00f3ricamente los llev\u00f3 a verse a s\u00ed mismos como \u201clos excluidos\u201d de todas los matices.<\/p>\n\n\n\n<p>La <em>l\u00f3gica populista<\/em>, como instrumento te\u00f3rico movilizado por Joanildo Burity, supone una relaci\u00f3n de antagonismo entre los \u201cexcluidos\u201d y los \u201cotros\u201d. La realizaci\u00f3n, aunque moment\u00e1nea, de un v\u00ednculo entre \u201clos evang\u00e9licos\u201d como \u201cpueblo\u201d de \u201clos de abajo\u201d se convirti\u00f3 en un proceso de transformaci\u00f3n de la naci\u00f3n que comenz\u00f3 a incluir a \u201clos evang\u00e9licos\u201d como \u201cpueblo\u201d. El art\u00edculo vincula la l\u00f3gica pol\u00edtica del populismo con la noci\u00f3n de <em>pol\u00edtica<\/em> propuesta por Jacques Ranci\u00e8re (1996). No pretendo reproducir el trabajo te\u00f3rico de estos autores, sino llamar la atenci\u00f3n sobre un aspecto valorado, a saber, el car\u00e1cter de ruptura que la noci\u00f3n de pol\u00edtica adquiere con Jacques Ranci\u00e8re y se refuerza en el an\u00e1lisis de Burity. Para el fil\u00f3sofo franc\u00e9s, cuando la desigualdad se desnaturaliza, pone en jaque a aquellos que no cuentan en ese orden; exigen <em>su<\/em> <em>parte<\/em>, la <em>parte de los que no tienen parte<\/em>.<\/p>\n\n\n\n<p>En resumen, los evang\u00e9licos han surgido como un pueblo de los <em>sin parte<\/em>, los <em>de abajo<\/em> o que, de manera difusa y con diferentes contornos, tienen una fuerte relaci\u00f3n con los antagonismos de clase que a menudo no son visibles ni considerados en la esfera p\u00fablica. Hasta cierto punto, sus formas de pertenencia pudieron combinarse con diferentes movimientos pol\u00edticos y asociativos, como se\u00f1ala Burity. En resumen, los movimientos de los <em>sin parte<\/em>, los estructuralmente dominados en la vida social, fueron y son aquellos que en muchas y peque\u00f1as circunstancias se encontraron en antagonismo con grupos dominantes, como el patr\u00f3n, el obispo, el capataz, por ejemplo, o incluso con los traficantes, la polic\u00eda corrupta y el alcalde, etc., todos integrados de diferentes maneras en una <em>naci\u00f3n cat\u00f3lica<\/em> (Novaes, 1985; Boyer, 2008). Entre esos actores <em>los evang\u00e9licos<\/em> se hicieron progresivamente presentes como motor de reclamos y deseos de igualdad. El antagonismo como <em>pol\u00edtica<\/em>, en el sentido atribuido por Jacques Ranci\u00e8re, hace del movimiento del <em>pueblo evang\u00e9lico<\/em> una manifestaci\u00f3n entre muchas arraigadas en la vida social que pasan por el cuerpo, los afectos, lo cotidiano, y por la memoria de luchas y sufrimientos. Como resultado, destaca Burity, se da la generaci\u00f3n de <em>cadenas de equivalencia<\/em> entre evang\u00e9licos y diferentes grupos y asociaciones heterog\u00e9neos en muchos niveles de acci\u00f3n pol\u00edtica relacionados con los \u201csin parte\u201d.<\/p>\n\n\n\n<p>Por lo tanto, la pol\u00edtica se hace presente en muchas situaciones dentro de los juegos de fuerzas a escala local, como una micropol\u00edtica, en general, restringida a espacios peque\u00f1os, asociada con el papel de las personas apenas visibles en la esfera p\u00fablica. Sus movimientos, que articulan diversos colectivos, b\u00e1sicamente no excluyeron, ni excluyen, hasta hoy, a los religiosos evang\u00e9licos. El proceso de redemocratizaci\u00f3n en el pa\u00eds favoreci\u00f3, se\u00f1ala Burity, la aparici\u00f3n de movimientos plurales que no han dejado de convivir con los evang\u00e9licos. La condici\u00f3n evang\u00e9lica, por supuesto, agreg\u00f3, en gran medida, cualidades espec\u00edficas, un estilo, una moral no siempre activada pero reconocida. Un repertorio pol\u00edtico en torno a \u201cderechos\u201d, identificado por evang\u00e9licos y no evang\u00e9licos, comenz\u00f3 a incluir con otras connotaciones los discursos emanados de las iglesias. Burity tiene raz\u00f3n cuando se\u00f1ala la apertura de esta identidad religiosa, su capacidad de ser producida y reproducida en infinitos movimientos y significados heterog\u00e9neos.<\/p>\n\n\n\n<p>Valoremos las consecuencias del surgimiento del \u201cpueblo evang\u00e9lico\u201d como categor\u00eda y fuerza pol\u00edtica. Se trata, se\u00f1alo, del crecimiento de una elite religiosa que comenz\u00f3 a participar de manera cada vez m\u00e1s org\u00e1nica en los dispositivos para gestionar la vida social. De hecho, los evang\u00e9licos se han atrincherado en las m\u00e1quinas y las tecnolog\u00edas del Estado y, de esta manera, han producido nuevas formas de participaci\u00f3n, expresi\u00f3n cultural y pol\u00edtica en la sociedad. Lo que significa que la participaci\u00f3n de las iglesias y sus representantes pol\u00edticos en muchos frentes gubernamentales ha aumentado.<\/p>\n\n\n\n<p>Reforcemos el argumento de Joanildo que se\u00f1ala dos tendencias pol\u00edtico-religiosas con respecto al surgimiento del \u201cpueblo evang\u00e9lico\u201d como \u201cexcluido\u201d. Una tendencia m\u00e1s conectada con los intereses corporativos de las iglesias y otra m\u00e1s asociada con la activaci\u00f3n de los evang\u00e9licos como pueblo en convergencia con los \u201cde abajo\u201d.<\/p>\n\n\n\n<p>La tendencia corporativa, de hecho, es la m\u00e1s capaz de manejar la conducta de los religiosos. Desde el lugar que se les reconoci\u00f3 como leg\u00edtimos protagonistas de los \u201cexcluidos de la naci\u00f3n cat\u00f3lica\u201d, pasaron con el tiempo a acumular medios de intervenci\u00f3n pol\u00edtica y social, cultivando formas de gobierno. En efecto, eligieron representantes para el Congreso Nacional, estructuraron un frente parlamentario, hicieron alianzas pol\u00edticas con partidos de derecha, de centro e izquierda en el Congreso Nacional y lograron defender los intereses de sus iglesias en el plano econ\u00f3mico y social, asoci\u00e1ndose con ruralistas, empresarios y banqueros en diferentes gobiernos. Joanildo Burity, al destacar este frente pol\u00edtico como la cara corporativa de la construcci\u00f3n del \u201cpueblo evang\u00e9lico\u201d, nos hace pensar en las relaciones que se constituyeron con la otra cara evang\u00e9lica, aquella m\u00e1s claramente asociada con los \u201cexcluidos\u201d, los \u201csin parte\u201d, los \u201cde abajo\u201d.<\/p>\n\n\n\n<p>De hecho, no es dif\u00edcil se\u00f1alar que los protagonistas de esta elite evang\u00e9lica se han beneficiado de los poderosos medios financieros y empresariales y han acumulado m\u00e1s y m\u00e1s riqueza y poder. A trav\u00e9s de las alianzas que cultivaron, tambi\u00e9n avanzaron ampliamente en el dominio de los medios, obteniendo concesiones de radio y televisi\u00f3n a escala nacional. \u00bfEs posible afirmar que los evang\u00e9licos aqu\u00ed, es decir, los l\u00edderes de las grandes iglesias, sus parlamentarios y sus negocios lograron integrarse a la llamada elite nacional de manera estable? El an\u00e1lisis de Burity indica c\u00f3mo los evang\u00e9licos han ganado un lugar significativo tanto en el campo estrictamente religioso como en las esferas del poder estatal, comercial y medi\u00e1tico. Superaron el monopolio cat\u00f3lico con una poderosa m\u00e1quina pol\u00edtico-econ\u00f3mica-religiosa, excluyeron a los protestantes progresistas y se establecieron en la esfera p\u00fablica, operando a toda velocidad. As\u00ed nacieron las modalidades para la elaboraci\u00f3n de <em>una nueva subjetividad pol\u00edtica<\/em> basada en la religi\u00f3n.<\/p>\n\n\n\n<p>Una cuesti\u00f3n importante surge, por lo tanto, de la inserci\u00f3n de los <em>evang\u00e9licos<\/em> en la \u00e9lite pol\u00edtica dominante y las conexiones que mantienen con el lenguaje de ruptura evang\u00e9lico, tan fundamental para la afirmaci\u00f3n de los <em>evang\u00e9licos<\/em> como <em>Pueblo <\/em>de <em>los que no tienen parte<\/em>.<\/p>\n\n\n\n<p>La subjetividad pol\u00edtica de la que habla Joanildo Burity, por lo tanto, tambi\u00e9n es desarrollada por la asociaci\u00f3n de los evang\u00e9licos con la m\u00e1quina gubernamental. \u00c9stos comenzaron a funcionar en muchos campos como un instrumento de gobernabilidad desde una perspectiva conservadora y normativa. El sujeto pol\u00edtico evang\u00e9lico habr\u00eda surgido, entonces, enfatizo, con una doble marca: la que surge de la revuelta y de la ruptura, es decir, de la promoci\u00f3n de la pol\u00edtica, y tambi\u00e9n la tejida por el compromiso con la polic\u00eda (en el sentido atribuido por Ranci\u00e8re [1996], es decir, que se confunde con el trabajo de gesti\u00f3n y de gobierno del <em>statu quo<\/em>) a trav\u00e9s de la aceptaci\u00f3n obediente de las conveniencias que emanan de los acuerdos pol\u00edticos hegem\u00f3nicos. La forma conservadora de actuar se combina, creo, con la aceptaci\u00f3n naturalizada de las pr\u00e1cticas autoritarias que regulan la vida social, cuyos efectos perjudiciales recaen principalmente en la inseguridad y la precariedad de los territorios populares que tambi\u00e9n re\u00fanen a evang\u00e9licos asociados con la defensa de los \u201cderechos\u201d, como ya se dijo.<\/p>\n\n\n\n<p>Un punto importante a tener en cuenta: las iglesias evang\u00e9licas conservadoras nunca se han opuesto a la militarizaci\u00f3n de la vida social (ver Telles, 2019; Birman y Leite, 2018). Antes, aplaudieron y tambi\u00e9n la convirtieron en una forma de acci\u00f3n. Las pr\u00e1cticas de violencia, como muertes, torturas y encarcelamientos masivos a trav\u00e9s de intervenciones de las fuerzas armadas (ej\u00e9rcito y polic\u00eda militar) permitieron a las iglesias manejar una adecuaci\u00f3n conservadora, en l\u00ednea con las actuales pr\u00e1cticas militarizadas.<a class=\"anota\" id=\"anota2\" data-footnote=2>2<\/a> Aceptaron una \u201cguerra\u201d en contra de los pobres y se pusieron a disposici\u00f3n para salvar a sus v\u00edctimas de la muerte, los residentes de las periferias, a trav\u00e9s de varios proyectos de asistencia social (Birman y Machado, 2012; Machado, 2013). En otras palabras, la acci\u00f3n evang\u00e9lica cre\u00f3 importantes v\u00ednculos comunitarios a trav\u00e9s del trabajo de mediaci\u00f3n que involucra situaciones cr\u00edticas y amenazantes de los habitantes de las periferias. Estos v\u00ednculos est\u00e1n altamente dimensionados por el trabajo de difusi\u00f3n de los medios de comunicaci\u00f3n, lo que les da un poder peculiar (Machado, 2013). Aunque existe una heterogeneidad de valores en el campo evang\u00e9lico, de alguna manera se encuentra encubierta por el activismo estridente y abrumador de las iglesias conservadoras que ganan, adem\u00e1s, amparo estatal y paraestatal. Los resultados de esta nueva hegemon\u00eda son se\u00f1alados por Burity en el campo de la cultura y la vida social en localidades perif\u00e9ricas. La cultura medi\u00e1tica que se desarroll\u00f3 a finales del siglo pasado (ver Appadurai, 2001) propici\u00f3 la aparici\u00f3n de nuevas formas de mediaci\u00f3n, tambi\u00e9n religiosas (<em>cf<\/em>. Giumbelli, Rickli y Toniol, 2019), que potenciaron la presencia evang\u00e9lica en la esfera p\u00fablica y contribuyeron a difundir ampliamente sus valores y lenguajes.<\/p>\n\n\n\n<p>Seg\u00fan Burity, \u201cel lenguaje del pentecostalismo proporcion\u00f3 un vocabulario moral para enfrentar la violencia, la pobreza, la p\u00e9rdida de los lazos comunitarios, la negaci\u00f3n de la dignidad y la autoestima de las personas vulnerables\u201d. La pregunta que queda se refiere a su eficacia. \u00bfSer\u00e1 que el uso y el conocimiento socialmente compartido de este lenguaje implica adhesi\u00f3n y sumisi\u00f3n a los valores religiosos que circulan a trav\u00e9s de su vocabulario?<\/p>\n\n\n\n<p>\u00bfEn qu\u00e9 medida el \u201cpueblo evang\u00e9lico\u201d responde adecuadamente a los requisitos normativos de las iglesias conservadoras y se aleja de las manifestaciones de la pol\u00edtica, en t\u00e9rminos de Ranci\u00e8re? \u00bfC\u00f3mo es el lenguaje del pentecostalismo utilizado por la gente \u201ccom\u00fan\u201d, que no pertenece a las iglesias? Y, finalmente, \u00bfc\u00f3mo se han unido efectivamente estas dos caras constitutivas del \u201cpueblo evang\u00e9lico\u201d, la pol\u00edtica y la polic\u00eda, en las periferias?<\/p>\n\n\n\n<p>\u00bfEs posible considerar que el proceso electoral impuso a los evang\u00e9licos (y a la poblaci\u00f3n) tener una \u201cdesafiliaci\u00f3n\u201d de la pol\u00edtica, considerada por los conservadores como el lugar de todos los males? \u00bfAns\u00edan los religiosos (como leemos en el texto) la afiliaci\u00f3n evang\u00e9lica de la naci\u00f3n como el medio para hacer de la polic\u00eda el principal instrumento (religioso) para gobernar el pa\u00eds, excluyendo a los enemigos de Dios que est\u00e1n en todas partes? (Sant\u2019ana, 2017).<\/p>\n\n\n\n<p>No es posible predecir el futuro, se sabe. Al no aceptar ninguna perspectiva teleol\u00f3gica, el texto nos dirige a discutir las brechas propias de una sociedad heterog\u00e9nea como la brasile\u00f1a: las fisuras, las formas de resistencia, las peque\u00f1as y grandes desobediencias que se pueden valorar para que ayuden a reflexionar sobre las agencias, a veces inusuales, que potencializan (Cortes, 2014; Vital da Cunha, 2009, 2015).<\/p>\n\n\n\n<p>La vida cotidiana de las ciudades revela la ubicuidad de la cultura evang\u00e9lica que se expresa mucho m\u00e1s all\u00e1 de los espacios de sus iglesias. Si entendemos la noci\u00f3n de cultura en t\u00e9rminos de Geertz (2011), es decir, como la construcci\u00f3n de pr\u00e1cticas, s\u00edmbolos y cosmovisiones que configuran la realidad, nos damos cuenta de que la cultura evang\u00e9lica ha logrado difundirse y diseminarse en la sociedad. Se acerca a lo que, en otros tiempos, se consideraba catolicismo impregnado en la vida social, marcando el curso del tiempo, las manifestaciones c\u00edvicas, las relaciones pol\u00edticas, las estructuras jur\u00eddicas, los valores nacionales y familiares de una manera casi invisible, en el tejido social. La cultura nacional laica se constituy\u00f3 hist\u00f3ricamente como cat\u00f3lica y, ahora, en tiempos m\u00e1s recientes, es objeto de disputa por parte de los evang\u00e9licos.<\/p>\n\n\n\n<p>\u00bfY ahora? Las observaciones de Joanildo con respecto a la difusi\u00f3n evang\u00e9lica nos llevan a preguntarnos c\u00f3mo se produce esta posible adhesi\u00f3n religiosa y con qu\u00e9 consecuencias. \u00bfNos enfrentaremos a un fen\u00f3meno equivalente, como observ\u00f3 Pierre Sanchis (2001) hace alg\u00fan tiempo, de un sector de evang\u00e9licos \u201cno practicantes\u201d? \u00bfCu\u00e1les ser\u00edan las diferentes formas y grados de adhesi\u00f3n de quienes viven de alguna manera en el tejido naturalizado de la cultura evang\u00e9lica? \u00bfEl \u00e9xito de la m\u00fasica <em>gospel<\/em>, los programas de televisi\u00f3n, los <span class=\"small-caps\">dj<\/span>, las fiestas y las formas de sociabilidad van de la mano de una multiplicaci\u00f3n de estilos y comportamientos evang\u00e9licos? \u00bfEl dominio del lenguaje evang\u00e9lico, recuperando la expresi\u00f3n de Burity, revela una adhesi\u00f3n importante de las poblaciones a los preceptos autoritarios y conservadores que forman parte de la gesti\u00f3n del gobierno? No podemos ignorar una sinton\u00eda de los fieles con la conducta doctrinalmente requerida por sus iglesias. Esto no significa afirmar, primero, que no hay otras tendencias minoritarias, y segundo, que los m\u00e1rgenes de las iglesias sean guiados con la misma fidelidad a los preceptos religiosos que ciertamente conocen.<\/p>\n\n\n\n<p>Aunque puede haber una adhesi\u00f3n y fidelidad mayoritaria entre los evang\u00e9licos a los principios morales y sociales que se les indican, esto no debe confundirse con las formas de apropiaci\u00f3n de su l\u00e9xico sin adherirse a las normas. La l\u00f3gica pol\u00edtica vinculada a la muerte, como pol\u00edtica naturalizada en las periferias del pa\u00eds durante m\u00e1s de treinta a\u00f1os, cre\u00f3 dispositivos gubernamentales para administrar la vida cotidiana. \u00bfPodr\u00e1 garantizar la reproducci\u00f3n hegem\u00f3nica de la conformidad \u00e9tica y pol\u00edtica en estos tiempos dif\u00edciles que vivimos? En el periodo electoral hubo apoyo; queda por ver cu\u00e1nto tiempo persistir\u00e1.<\/p>\n\n\n\n<p>Si hay nuevas formas de subjetivaci\u00f3n en esta forma de gobierno \u201cde la polic\u00eda\u201d, no parece posible separarlas de otros condicionantes que varios antrop\u00f3logos ya han se\u00f1alado, a saber, aquellos que la cercan\u00eda del trabajo de campo en diferentes momentos y con diferentes personas y colectivos se\u00f1alan como los marcadores de g\u00e9nero, clase y raza, presentes en estas relaciones. El sufrimiento, la esperanza, el afecto, las situaciones inevitables diferencian las formas de actuar y sentir. \u00bfPor qu\u00e9 es necesario aceptar que un hijo fue condenado a muerte por el administrador de drogas sin que se pueda reaccionar abiertamente? \u00bfQu\u00e9 hacer con los bailes <em>funk<\/em> que los j\u00f3venes no abandonan y que son una fuente de violencia, sexo y drogas, seg\u00fan sus madres posiblemente evang\u00e9licas?<\/p>\n\n\n\n<p>No ha sido dif\u00edcil percibir que los marcadores de g\u00e9nero, raza y clase son fundamentales para comprender los diferentes movimientos diferenciados que abundan en las formas de vida atravesadas por pr\u00e1cticas y los principios diferentes pero entrelazados (Brah, 2006). Me gustar\u00eda dar dos ejemplos tomados de las descripciones etnogr\u00e1ficas de colegas. Martijn Oosterban (2006) hizo un relato de una escena que presenci\u00f3 en una favela en R\u00edo de Janeiro, en la que un grupo de j\u00f3venes, participantes conocidos del tr\u00e1fico de drogas local, llegaron cerca de una iglesia, ubicada en la plaza de la comunidad. Cuando los j\u00f3venes llegaron con sus ametralladoras y rifles frente a la puerta de la iglesia, bajaron sus armas para recibir la bendici\u00f3n de un pastor visitante. Despu\u00e9s de que el lider evang\u00e9lico puso sus manos sobre sus cabezas, lo cual fue observado en silencio por los residentes en la plaza, los j\u00f3venes desaparecieron r\u00e1pida y furtivamente cruzando un matorral. Estos j\u00f3venes no pertenec\u00edan a la iglesia, pero eran evang\u00e9lico<em>s<\/em> no participantes, integrados de alguna manera a sus valores, sumergidos en los entornos culturales en los que esta cultura est\u00e1 presente, sin embargo, sin obedecer sus preceptos normativos. El segundo ejemplo, del trabajo de maestr\u00eda de Nat\u00e2nia Lopes (Lopes, 2011: 104-105), relata una situaci\u00f3n que ella acompa\u00f1\u00f3 en un baile <em>funk<\/em> que reproduzco a continuaci\u00f3n:<\/p>\n\n\n\n<p class=\"verse\">La intervenci\u00f3n de un pastor en un baile <em>funk<\/em>: me pareci\u00f3 muy curioso que la m\u00fasica se reemplazara por la predicaci\u00f3n en el baile (<em>funk<\/em>). Los evang\u00e9licos pidieron permiso a los bandidos para hacerlo. Fueron ellos quienes lo autorizaron. La audiencia escuch\u00f3 m\u00e1s o menos atentamente. El creyente habl\u00f3 de la importancia de evitar al diablo y sus seducciones. Que el diablo era el mayor enemigo de la humanidad. Que siempre traicion\u00f3 a las personas que lo segu\u00edan. Que era como Judas.<\/p>\n\n\n\n<p>Despu\u00e9s de su breve discurso (que dur\u00f3 poco m\u00e1s de cinco minutos), el <span class=\"small-caps\">dj <\/span>retom\u00f3 el micr\u00f3fono. E hizo la siguiente conexi\u00f3n entre la reanudaci\u00f3n de la fiesta y la predicaci\u00f3n escuchada: \u201cs\u00ed, mis amigos&#8230; traicion\u00f3 a Jes\u00fas por diez monedas de plata. \u00a1A quien no le gusten los X9 [soplones] levante la mano!\u201d El silencio se rompi\u00f3 con una explosi\u00f3n de gritos. La masa de personas salt\u00f3 con las manos en el aire. Y la canci\u00f3n que comenz\u00f3 a sonar dec\u00eda: \u201cel X9 delat\u00f3. Se lo entreg\u00f3, encontr\u00f3 un problema. Est\u00e1 atado, \u00bfsabes d\u00f3nde? En la maleta de un Siena [autom\u00f3vil de la marca Fiat]. El toque de la c\u00e1rcel [el llamado a reunirse la pandilla] lleg\u00f3 a poner fin al problema. El X9 delat\u00f3 &#8230; \u00bf[lo] quemamos o no lo quemamos? Todos respondieron con un grito: \u201c\u00a1lo quemamos!\u201d \u201c\u00bfLo quemamos o no?\u201d \u201c\u00a1Lo quemamos!\u201d<\/p>\n\n\n\n<p>Una relaci\u00f3n de convivencia con los pastores facilit\u00f3 que el joven del tr\u00e1fico local y el responsable del baile permitiera que la palabra de Dios resonara en el sal\u00f3n. El discurso del bandido, imaginativamente, recurri\u00f3 al l\u00e9xico evang\u00e9lico para afirmar la obediencia debida por los residentes. Los ejemplos de relaciones como las descritas anteriormente son infinitas (Vital da Cunha, 2009, 2015; Machado da Silva, 2008). La relaci\u00f3n entre estos componentes morales y materiales de la vida cotidiana puede evocarse como un problema: \u00bfes posible que la porosidad de las fronteras entre los evang\u00e9licos y aquellos vistos como se\u00f1ores de la vida y de la muerte en las periferias no pueda ayudarnos a comprender la sinton\u00eda entre las pautas religiosas que favorecen la guerra como un factor social y cultural importantes? Despu\u00e9s de todo, las ciudades, as\u00ed como sus representantes pol\u00edticos y sus medios de comunicaci\u00f3n, conviven despu\u00e9s de treinta a\u00f1os con la creciente militarizaci\u00f3n de la sociedad (Leite <em>et al<\/em>., 2018; Graham, 2016). \u00bfEsta perspectiva conservadora (y mort\u00edfera) en relaci\u00f3n con los pobres ubicados en las periferias no desempe\u00f1a un papel importante en la coyuntura actual? \u00bfC\u00f3mo la militarizaci\u00f3n de la vida social y la conversi\u00f3n moral del pa\u00eds por las iglesias evang\u00e9licas se convirtieron en factores cruciales en las elecciones de 2018?<\/p>\n\n\n\n<p>Burity menciona la aparici\u00f3n de un p\u00e1nico moral en este proceso. Me gustar\u00eda discutir su significado como un tema final para ser mencionado. El ataque armado y el esp\u00edritu de guerra que ya se han naturalizado en el pa\u00eds se han combinado con el valor de la atenci\u00f3n y la moral como una actividad evang\u00e9lica, que involucra principalmente a las mujeres. Se trata de una afinidad que se cultiva por el conservadurismo de las iglesias evang\u00e9licas que podemos entender mejor por el papel que juegan los marcadores de g\u00e9nero y raza en esta conjunci\u00f3n.<\/p>\n\n\n\n<p>Es importante tener en cuenta que en el proceso electoral el valor de la masculinidad blanca y hegem\u00f3nica se activ\u00f3 como una soluci\u00f3n para luchar contra los enemigos del pa\u00eds. Esta masculinidad eleva la virilidad guerrera como un valor ideal, lo que sucedi\u00f3 en gran medida durante la campa\u00f1a electoral (Braz, 2020). Y se sum\u00f3 a la defensa de la maternidad como ideal femenino que se est\u00e1 enfrentando a las pol\u00edticas de g\u00e9nero defendidas por la \u201cizquierda\u201d. Las mujeres de izquierda fueron ampliamente acusadas como profanadoras de la maternidad y los valores morales b\u00e1sicos, y de complicidad con la pedofilia. Se exhibieron mujeres drogadas profanando iglesias, se sugiri\u00f3 que los ataques sexuales y de pedofilia contra ni\u00f1os eran pr\u00e1cticas habituales de la izquierda en Brasil y en todo el mundo. La violencia b\u00e9lica del futuro presidente de la Rep\u00fablica, por el contrario, fue exaltada por tener un perfil ideal para liderar: alguien que sabe c\u00f3mo matar y no duda en exterminar a los enemigos comunistas, amorales y corruptos para defender el pa\u00eds en nombre de Dios.<\/p>\n\n\n\n<p>En un art\u00edculo reciente (Birman, 2020) enfatic\u00e9 el mismo argumento: \u201cDestacamos la elaboraci\u00f3n de un repertorio de gestos, cuerpos e im\u00e1genes gramaticalmente asociados con la violencia masculina, al mismo tiempo conocida y renovada. El agente de esta violencia, el tema de estas declaraciones, se confunde con la figura del hombre \u201csin color\u201d y heterosexual, es decir, aquel cuya blanquitud es afirmada porque \u00e9l se define como antag\u00f3nico a los que son atacados: negros, ind\u00edgenas, <em>gays<\/em>, mujeres, feministas, personas del noreste, pobres, habitantes de barrios marginales y m\u00e1s. \u00bfNo es este el modelo de individuo\/ciudadano, a la vez conocido y naturalizado y ahora fuertemente impulsado a construir las nuevas bases del Estado-naci\u00f3n?<\/p>\n\n\n\n<p>Camilo Braz (2020), en sus comentarios sobre el valor de la virilidad blanca mostrada por el presidente, nos hace pensar que su relaci\u00f3n con el <span class=\"small-caps\">covid<\/span>-19 es del mismo orden: la muerte de los enemigos, los d\u00e9biles y los vulnerables es parte de su proyecto de gobernar a trav\u00e9s de la violencia extrema. Estar\u00eda vinculada, en la perspectiva foucaultiana de la biopol\u00edtica, con las pol\u00edticas gubernamentales relacionadas con el gobierno de la vida, por un lado, y, por otro, al ejercicio de un poder repartido entre m\u00faltiples fuerzas de la sociedad que hace de la muerte y el ejercicio de la guerra uno de los medios de gobierno de los pobres.<\/p>\n\n\n\n<p>Sin embargo, los medios y las encuestas de opini\u00f3n apuntan que el apoyo pol\u00edtico a su proyecto ha disminuido, aunque con una fluctuaci\u00f3n muy leve. De hecho, no hay datos confiables que demuestren un cambio efectivo en la adhesi\u00f3n de Bolsonaro.<\/p>\n\n\n\n<p>Comenc\u00e9 este comentario en el momento en que la situaci\u00f3n pol\u00edtica en Brasil era a\u00fan m\u00e1s ca\u00f3tica y convulsiva que aqu\u00e9lla en la que escribi\u00f3 Joanildo Burity. Aunque la imagen general no ha cambiado sustancialmente, el poco tiempo que separa la redacci\u00f3n del texto comentado de la de mis comentarios indica un r\u00e1pido empeoramiento de la situaci\u00f3n, lo que reitera la relevancia anal\u00edtica del texto. La pandemia subray\u00f3 a qu\u00e9 grado el gobierno actual utiliza la destrucci\u00f3n mortal como un elemento impulsor. Decimos esto porque, adem\u00e1s de minimizar los efectos de la pandemia, para priorizar el mantenimiento de las actividades econ\u00f3micas \u2013que resultaron en m\u00e1s de 110 mil muertos hasta agosto\u2013 el gobierno de Bolsonaro apoya e incentiva el combate armado militar a la poblaci\u00f3n considerada enemiga, como ya mencionamos. Las muertes relacionadas con la falta de atenci\u00f3n dirigida a la pandemia se deben a procedimientos biopol\u00edticos que hist\u00f3ricamente se han consolidado en la sociedad brasile\u00f1a. Como es sabido, los dispositivos m\u00e9dicos y asistenciales se fabrican jerarquizando a sus beneficiarios (y por lo tanto siempre son precarios para los sectores m\u00e1s pobres y vulnerables de la sociedad).<a class=\"anota\" id=\"anota3\" data-footnote=3>3<\/a> En el caso de muertes por asesinato, llamamos la atenci\u00f3n sobre el proceso de militarizaci\u00f3n en curso que criminaliza los estratos populares, los habitantes de las periferias, especialmente los negros y los pobres, transform\u00e1ndolos en seres \u201casesinables\u201d. Aqu\u00ed se destaca el entrelazamiento de las relaciones de g\u00e9nero, raza y clase.<\/p>\n\n\n\n<p>La pregunta final del texto sobre una posible \u201cdomesticaci\u00f3n\u201d o apaciguamiento de la sed de poder de los pentecostales no puede responderse f\u00e1cilmente. Joanildo pregunta con mucha precisi\u00f3n: \u201cLa hipervisibilidad de la formaci\u00f3n discursiva evang\u00e9lica y las pr\u00e1cticas antidemocr\u00e1ticas y abiertamente antag\u00f3nicas a los movimientos sociales en los que participa cada vez m\u00e1s, \u00bfno conducir\u00e1n a un desgaste y una deslegitimaci\u00f3n de estos actores? En caso de que llegara a ocurrir la institucionalizaci\u00f3n del nuevo orden posdemocr\u00e1tico, \u00bfno se \u2018domesticar\u00e1\u2019 o devorar\u00e1 la sed pentecostal por el poder?\u201d No hay una respuesta f\u00e1cil. La desigualdad social y el autoritarismo no nacieron con el gobierno de Bolsonaro, est\u00e1n arraigados en la historia del pa\u00eds. Sin embargo, no hay nada que prediga que el escenario negativo actual continuar\u00e1. Creo que la mayor\u00eda de los religiosos de los estratos populares, por las m\u00faltiples p\u00e9rdidas que est\u00e1n sufriendo, podr\u00e1n abandonar, como ha sucedido en otras ocasiones, la adhesi\u00f3n a la extrema derecha que encarna este gobierno. Los estratos populares, al reaccionar ante las p\u00e9rdidas, pueden \u201cdomesticar\u201d a los grupos evang\u00e9licos, hasta ahora hegem\u00f3nicos y poderosos, que, por ahora, est\u00e1n bien establecidos en las esferas del poder.<\/p>\n\n\n\n<h2 class=\"wp-block-heading\">Bibliograf\u00eda<\/h2>\n\n\n\n<p class=\"bibliography\">Appadurai, Arjun (2001). <em>Apr\u00e8s le colonialisme. Les cons\u00e9quences culturelles de la globalisation.<\/em> Par\u00eds: Payot.<\/p>\n\n\n\n<p class=\"bibliography\">Bay, Gabriela (2015). \u201cGovernamentalidade e paradigma imunit\u00e1rio: reflex\u00f5es e aproxima\u00e7\u00f5es entre Michel Foucault e Roberto Esp\u00f3sito\u201d, Peri, vol. 2, n\u00fam. 2, pp. 155-167.<\/p>\n\n\n\n<p class=\"bibliography\">Birman, Patricia y M\u00e1rcia Pereira Leite (2018). \u201cRio e S\u00e3o Paulo: categor\u00edas emaranhadas e a relativiza\u00e7\u00e3o de seus sentidos nos estudos sobre (as chamadas) periferias\u201d, en Joana Barros, Andr\u00e9 Dal\u2019B\u00f3 da Costa y Cibele Rizek,<em> Os limites da acumula\u00e7\u00e3o, movimentos e resist\u00eancia nos territ\u00f3rios<\/em>. S\u00e3o Carlos: <span class=\"small-caps\">iau\/usp,<\/span> pp 27-39. https:\/\/doi.org\/10.11606\/9788566624267<\/p>\n\n\n\n<p class=\"bibliography\">\u2014 (2020). \u201cGuerra, religi\u00e3o, secularismo e alguns sujeitos sens\u00edveis: reflex\u00f5es preliminares a partir de Talal Asad\u201d, <em>Revista Exilium<\/em>, vol. 1, n\u00fam 1, pp. 75-101.<\/p>\n\n\n\n<p class=\"bibliography\">\u2014 y Carly Machado (2012). \u201cA viol\u00eancia dos justos: evang\u00e9licos, m\u00eddia e periferias da metr\u00f3pole\u201d, <em>Revista Brasileira de Ci\u00eancias Sociais<\/em>, vol. 27, n\u00fam. 80, pp. 55-69. https:\/\/doi.org\/10.1590\/S0102-69092012000300004<\/p>\n\n\n\n<p class=\"bibliography\">Boyer, V\u00e9ronique (2008). <em>La renaissance des perdants. \u00c9vangelistes et migrations en Amazonie br\u00e9silienne<\/em>. Paris: Karthala.<\/p>\n\n\n\n<p class=\"bibliography\">Brah, Avtar (2006). \u201cDiferen\u00e7as, diversidade, diferencia\u00e7\u00e3o\u201d, <em>Cadernos Pagu<\/em>, vol. 26, pp. 329-376. https:\/\/doi.org\/10.1590\/S0104-83332006000100014<\/p>\n\n\n\n<p class=\"bibliography\">Braz, Camilo y Luiz Mello (2020). \u201cMasculinidades e androcracia e tempos de <span class=\"small-caps\">covid<\/span>-19\u201d, <em>Boletim Cientistas Sociais<\/em>, n\u00fam. 39, pp. 4-8. Recuperado de http:\/\/anpocs.com\/images\/stories\/boletim\/boletim_CS\/Boletim_n39.pdf, consultado el 28 de agosto de 2020.<\/p>\n\n\n\n<p class=\"bibliography\">Burity, Joanildo y Maria das Dores Machado (orgs.) (2006). <em>Os votos de Deus: Evang\u00e9licos, pol\u00edtica e elei\u00e7\u00f5es no Brasil<\/em>. Recife: Massangana.<\/p>\n\n\n\n<p class=\"bibliography\">\u2014 (2018). \u201cA onda conservadora na pol\u00edtica brasileira traz o fundamentalismo ao poder?\u201d, en Ronaldo Almeida y Rodrigo Toniol (org.),<em> Conservadorismos, fascismos e fundamentalismos: an\u00e1lises conjunturais.<\/em> Campinas: Editora da Unicamp, pp. 15-66. https:\/\/doi.org\/10.7476\/9788526815025.0002<\/p>\n\n\n\n<p class=\"bibliography\">Cortes, Mariana (2014). \u201cO mercado pentecostal de prega\u00e7\u00f5es e testemunhos: formas de gest\u00e3o do sofrimento\u201d, <em>Religi\u00e3o e Sociedade<\/em>, vol. 34, n\u00fam. 2, pp.184-209. https:\/\/doi.org\/10.1590\/S1984-04382014000200010<\/p>\n\n\n\n<p class=\"bibliography\">Foucault, Michel (2004). <em>Naissance de la Biopolitique.<\/em> Par\u00eds: Gallimard\/Seuil.<\/p>\n\n\n\n<p class=\"bibliography\">Geertz, Clifford (2011). <em>A interpreta\u00e7\u00e3o das Culturas.<\/em> R\u00edo de Janeiro: Editora <span class=\"small-caps\">ltc<\/span>.<\/p>\n\n\n\n<p class=\"bibliography\">Giumbelli, Emerson, Jo\u00e3o Rickli y Rodrigo Toniol (org.) (2019). <em>Como as coisas importam. Uma abordagem material da religi\u00e3o. Textos de Birgit Meyer<\/em>. Porto Alegre: Editora da <span class=\"small-caps\">ufrgs<\/span>.<\/p>\n\n\n\n<p class=\"bibliography\">Graham, Stephen (2016). <em>Cidades situadas. O novo urbanismo militar.<\/em> Sao Paulo: Boitempo.<\/p>\n\n\n\n<p class=\"bibliography\">Laclau, Ernesto (2005). <em>La raz\u00f3n populista<\/em>. M\u00e9xico y Buenos Aires: Fondo de Cultura Econ\u00f3mica.<\/p>\n\n\n\n<p class=\"bibliography\">Leite, Marcia Pereira, Lia Rocha, Juliana Farias y Monique Carvalho (org.) (2018). <em>Militariza\u00e7\u00e3o do Rio de Janeiro: de pacifica\u00e7\u00e3o \u00e0 interven\u00e7\u00e3o.<\/em> R\u00edo de Janeiro: M\u00f3rula Editorial.<\/p>\n\n\n\n<p class=\"bibliography\">Lopes, Nat\u00e2nia (2011). <em>Os bandidos da Cidade \u2013 formas de criminalidade da pobreza e processo de criminaliza\u00e7\u00e3o dos pobres<\/em> [Tesis de maestr\u00eda]<em>.<\/em> R\u00edo de Janeiro: <span class=\"small-caps\">ppcis, ufrj<\/span>.<\/p>\n\n\n\n<p class=\"bibliography\">Machado, Carly (2013). \u201c\u00c9 muita mistura: projetos religiosos, pol\u00edticos, sociais, midi\u00e1ticos, de sa\u00fade e seguran\u00e7a p\u00fablica no Rio de Janeiro\u201d, <em>Religi\u00e3o e Sociedade<\/em>, vol. 33, n\u00fam. 2, pp. 13-35. https:\/\/doi.org\/10.1590\/S0100-85872013000200002<\/p>\n\n\n\n<p class=\"bibliography\">Machado da Silva, Luis A. (org.) (2008). <em>Vida sob cerco. Viol\u00eancia e rotina nas favelas do Rio de Janeiro. <\/em>R\u00edo de Janeiro: Editora Nova Fronteira\/ Faperj.<\/p>\n\n\n\n<p class=\"bibliography\">Novaes, Regina (1985). <em>Os escolhidos de Deus: pentecostais, trabalhadores e cidadania<\/em>. R\u00edo de Janeiro: Marco Zero e <span class=\"small-caps\">iser<\/span>.<\/p>\n\n\n\n<p class=\"bibliography\">Oosterban, Martijn (2006). <em>Divine Meditations, Pentecostalism, Politics and Mass Media in a Favela in Rio de Janeiro <\/em>[Tesis de doctorado]. \u00c1msterdam: Universidad de \u00c1msterdam.<\/p>\n\n\n\n<p class=\"bibliography\">Ranci\u00e8re, Jacques (1996). <em>O desentendimento. Pol\u00edtica e Filosofia<\/em>. Sao Paulo: Ed34.<\/p>\n\n\n\n<p class=\"bibliography\">Sanchis, Pierre (2001). \u201cReligi\u00f5es, religi\u00e3o\u2026 Alguns problemas do sincretismo no campo religioso brasileiro\u201d, en Pierre Sanchis (org.), <em>Fi\u00e9is e cidad\u00e3os: percursos de sincretismo no Brasil. <\/em>R\u00edo de Janeiro: Eduerj, pp. 9-58.<\/p>\n\n\n\n<p class=\"bibliography\">Sant\u2019ana, Rachel (2017). <em>A na\u00e7\u00e3o cujo Deus \u00e9 o Senhor e a imagina\u00e7\u00e3o de uma nova coletividade evang\u00e9lica\u201d a partir da Marcha para Jesus<\/em> [Tesis de doctorado]. R\u00edo de Janeiro: <span class=\"small-caps\">ppcis<\/span>, <span class=\"small-caps\">ufrj<\/span>.<\/p>\n\n\n\n<p class=\"bibliography\">Telles, Vera (2019). \u201cApresenta\u00e7\u00e3o: figura\u00e7\u00f5es da \u201cguerra urbana\u201d\u201d, <em>Novos Estudos <span class=\"small-caps\">cebrap<\/span><\/em>, vol. 38, n\u00fam. 3, pp. 521-527. https:\/\/doi.org\/10.25091\/S01013300201900030001<\/p>\n\n\n\n<p class=\"bibliography\">Vital da Cunha, Christina (2009). <em>Evang\u00e9licos em a\u00e7\u00e3o nas favelas cariocas: um estudo s\u00f3cio-antropol\u00f3gico sobre redes de prote\u00e7\u00e3o, tr\u00e1fico de drogas e religi\u00e3o no Complexo de Acari<\/em> [Tesis de doctorado]<em>. <\/em>R\u00edo de Janeiro: <span class=\"small-caps\">ppcis<\/span>, <span class=\"small-caps\">ufrj<\/span>.<\/p>\n\n\n\n<p class=\"bibliography\">\u2014 (2015). <em>Ora\u00e7\u00e3o de Traficante. Uma etnografia.<\/em> R\u00edo de Janeiro: Garamond.<\/p>\n\n\n\n<hr class=\"wp-block-separator\"\/>\n\n\n\n<p class=\"no-indent\"><em>Patricia Birman<\/em> es licenciada en Psicolog\u00eda (1976), maestra en Antropolog\u00eda Social (1980) y doctora en Antropolog\u00eda Social por la Universidad Federal de R\u00edo de Janeiro (1988). Recibi\u00f3 una beca postdoctoral (1995\/1996) en la \u00c9cole des Hautes \u00c9tudes en Sciences Sociales, en Par\u00eds, y es profesora de Antropolog\u00eda en la Universidad Estatal de R\u00edo de Janeiro. Como antrop\u00f3loga se especializ\u00f3 en el terreno de los estudios de la religi\u00f3n. Ha investigado sobre los cultos afrobrasile\u00f1os, el pentecostalismo en Brasil y las religiones en el espacio p\u00fablico. Actualmente tiene como objeto de investigaci\u00f3n el entretejido entre pr\u00e1cticas religiosas y seculares orientadas a la gesti\u00f3n de la pobreza. Desarrolla trabajos de investigaci\u00f3n sobre la producci\u00f3n de territorialidades perif\u00e9ricas en espacios urbanos.<\/p>\n","protected":false},"excerpt":{"rendered":"<p>O objetivo do texto \u00e9 promover um di\u00e1logo com o artigo \"O povo evang\u00e9lico: constru\u00e7\u00e3o hegem\u00f4nica, disputas minorit\u00e1rias e rea\u00e7\u00e3o conservadora\", de Joanildo Burity. Ao avaliar positivamente as hip\u00f3teses do artigo relacionadas ao crescimento do evangelicalismo no Brasil, busca-se dialogar com elas a partir de uma perspectiva antropol\u00f3gica. Para tanto, explora quest\u00f5es relacionadas \u00e0 difus\u00e3o da cultura evang\u00e9lica, sua heterogeneidade e suas afinidades com pr\u00e1ticas culturais perif\u00e9ricas. Convida o leitor a considerar a import\u00e2ncia do militarismo que se desenvolve nos centros urbanos brasileiros como parcialmente respons\u00e1vel pelo papel mediador das igrejas evang\u00e9licas e, consequentemente, como importante para sua constru\u00e7\u00e3o hegem\u00f4nica. Sugere tamb\u00e9m que a reflex\u00e3o sobre as rela\u00e7\u00f5es de g\u00eanero pode contribuir para uma melhor compreens\u00e3o das formas pol\u00edticas atualmente assumidas pelo projeto populista de construir o pa\u00eds como uma na\u00e7\u00e3o evang\u00e9lica.<\/p>","protected":false},"author":4,"featured_media":0,"comment_status":"open","ping_status":"open","sticky":false,"template":"","format":"standard","meta":{"_acf_changed":false,"footnotes":""},"categories":[34],"tags":[464,689,475,257,690],"coauthors":[551],"class_list":["post-33128","post","type-post","status-publish","format-standard","hentry","category-34","tag-conservadurismo","tag-diferenciacion-de-genero","tag-evangelicos","tag-militarizacion","tag-periferias","personas-patricia-birman","numeros-627"],"acf":[],"yoast_head":"<!-- This site is optimized with the Yoast SEO plugin v22.2 - https:\/\/yoast.com\/wordpress\/plugins\/seo\/ -->\n<title>Comentarios al texto de Joanildo Burity &#8211; Encartes<\/title>\n<meta name=\"description\" content=\"El objetivo del texto es promover un di\u00e1logo con el art\u00edculo titulado \u201cEl pueblo evang\u00e9lico\u201d, de Joanildo Burity.\" \/>\n<meta name=\"robots\" content=\"index, follow, max-snippet:-1, max-image-preview:large, max-video-preview:-1\" \/>\n<link rel=\"canonical\" href=\"https:\/\/encartes.mx\/pt\/birman-comentario_joanildo_burity\/\" \/>\n<meta property=\"og:locale\" content=\"pt_BR\" \/>\n<meta property=\"og:type\" content=\"article\" \/>\n<meta property=\"og:title\" content=\"Comentarios al texto de Joanildo Burity &#8211; Encartes\" \/>\n<meta property=\"og:description\" content=\"El objetivo del texto es promover un di\u00e1logo con el art\u00edculo titulado \u201cEl pueblo evang\u00e9lico\u201d, de Joanildo Burity.\" \/>\n<meta property=\"og:url\" content=\"https:\/\/encartes.mx\/pt\/birman-comentario_joanildo_burity\/\" \/>\n<meta property=\"og:site_name\" content=\"Encartes\" \/>\n<meta property=\"article:published_time\" content=\"2020-09-19T20:07:42+00:00\" \/>\n<meta property=\"article:modified_time\" content=\"2023-11-18T00:32:44+00:00\" \/>\n<meta name=\"author\" content=\"Arthur Ventura\" \/>\n<meta name=\"twitter:card\" content=\"summary_large_image\" \/>\n<meta name=\"twitter:label1\" content=\"Escrito por\" \/>\n\t<meta name=\"twitter:data1\" content=\"Arthur Ventura\" \/>\n\t<meta name=\"twitter:label2\" content=\"Est. tempo de leitura\" \/>\n\t<meta name=\"twitter:data2\" content=\"26 minutos\" \/>\n\t<meta name=\"twitter:label3\" content=\"Written by\" \/>\n\t<meta name=\"twitter:data3\" content=\"Arthur Ventura\" \/>\n<script type=\"application\/ld+json\" class=\"yoast-schema-graph\">{\"@context\":\"https:\/\/schema.org\",\"@graph\":[{\"@type\":\"Article\",\"@id\":\"https:\/\/encartes.mx\/en\/birman-comentario_joanildo_burity\/#article\",\"isPartOf\":{\"@id\":\"https:\/\/encartes.mx\/en\/birman-comentario_joanildo_burity\/\"},\"author\":{\"name\":\"Arthur Ventura\",\"@id\":\"https:\/\/encartes.mx\/#\/schema\/person\/97215bba1729028a4169cab07f8e58ef\"},\"headline\":\"Comentarios al texto de Joanildo Burity: desaf\u00edos para los tiempos actuales\",\"datePublished\":\"2020-09-19T20:07:42+00:00\",\"dateModified\":\"2023-11-18T00:32:44+00:00\",\"mainEntityOfPage\":{\"@id\":\"https:\/\/encartes.mx\/en\/birman-comentario_joanildo_burity\/\"},\"wordCount\":6533,\"commentCount\":0,\"publisher\":{\"@id\":\"https:\/\/encartes.mx\/#organization\"},\"keywords\":[\"conservadurismo\",\"diferenciaci\u00f3n de g\u00e9nero\",\"evang\u00e9licos\",\"militarizaci\u00f3n\",\"periferias\"],\"articleSection\":[\"Comentarios\"],\"inLanguage\":\"pt-BR\",\"potentialAction\":[{\"@type\":\"CommentAction\",\"name\":\"Comment\",\"target\":[\"https:\/\/encartes.mx\/en\/birman-comentario_joanildo_burity\/#respond\"]}]},{\"@type\":\"WebPage\",\"@id\":\"https:\/\/encartes.mx\/en\/birman-comentario_joanildo_burity\/\",\"url\":\"https:\/\/encartes.mx\/en\/birman-comentario_joanildo_burity\/\",\"name\":\"Comentarios al texto de Joanildo Burity &#8211; Encartes\",\"isPartOf\":{\"@id\":\"https:\/\/encartes.mx\/#website\"},\"datePublished\":\"2020-09-19T20:07:42+00:00\",\"dateModified\":\"2023-11-18T00:32:44+00:00\",\"description\":\"El objetivo del texto es promover un di\u00e1logo con el art\u00edculo titulado \u201cEl pueblo evang\u00e9lico\u201d, de Joanildo Burity.\",\"breadcrumb\":{\"@id\":\"https:\/\/encartes.mx\/en\/birman-comentario_joanildo_burity\/#breadcrumb\"},\"inLanguage\":\"pt-BR\",\"potentialAction\":[{\"@type\":\"ReadAction\",\"target\":[\"https:\/\/encartes.mx\/en\/birman-comentario_joanildo_burity\/\"]}]},{\"@type\":\"BreadcrumbList\",\"@id\":\"https:\/\/encartes.mx\/en\/birman-comentario_joanildo_burity\/#breadcrumb\",\"itemListElement\":[{\"@type\":\"ListItem\",\"position\":1,\"name\":\"Home\",\"item\":\"https:\/\/encartes.mx\/\"},{\"@type\":\"ListItem\",\"position\":2,\"name\":\"Comentarios al texto de Joanildo Burity: desaf\u00edos para los tiempos actuales\"}]},{\"@type\":\"WebSite\",\"@id\":\"https:\/\/encartes.mx\/#website\",\"url\":\"https:\/\/encartes.mx\/\",\"name\":\"Encartes\",\"description\":\"Revista digital multimedia\",\"publisher\":{\"@id\":\"https:\/\/encartes.mx\/#organization\"},\"potentialAction\":[{\"@type\":\"SearchAction\",\"target\":{\"@type\":\"EntryPoint\",\"urlTemplate\":\"https:\/\/encartes.mx\/?s={search_term_string}\"},\"query-input\":\"required name=search_term_string\"}],\"inLanguage\":\"pt-BR\"},{\"@type\":\"Organization\",\"@id\":\"https:\/\/encartes.mx\/#organization\",\"name\":\"Encartes Antropol\u00f3gicos\",\"url\":\"https:\/\/encartes.mx\/\",\"logo\":{\"@type\":\"ImageObject\",\"inLanguage\":\"pt-BR\",\"@id\":\"https:\/\/encartes.mx\/#\/schema\/logo\/image\/\",\"url\":\"https:\/\/encartes.mx\/wp-content\/uploads\/2017\/04\/Logo-04.png\",\"contentUrl\":\"https:\/\/encartes.mx\/wp-content\/uploads\/2017\/04\/Logo-04.png\",\"width\":338,\"height\":306,\"caption\":\"Encartes Antropol\u00f3gicos\"},\"image\":{\"@id\":\"https:\/\/encartes.mx\/#\/schema\/logo\/image\/\"}},{\"@type\":\"Person\",\"@id\":\"https:\/\/encartes.mx\/#\/schema\/person\/97215bba1729028a4169cab07f8e58ef\",\"name\":\"Arthur Ventura\",\"image\":{\"@type\":\"ImageObject\",\"inLanguage\":\"pt-BR\",\"@id\":\"https:\/\/encartes.mx\/#\/schema\/person\/image\/8a45818ea77a67a00c058d294424a6f6\",\"url\":\"https:\/\/secure.gravatar.com\/avatar\/e8ff614b2fa0d91ff6c65f328a272c53?s=96&d=identicon&r=g\",\"contentUrl\":\"https:\/\/secure.gravatar.com\/avatar\/e8ff614b2fa0d91ff6c65f328a272c53?s=96&d=identicon&r=g\",\"caption\":\"Arthur Ventura\"}}]}<\/script>\n<!-- \/ Yoast SEO plugin. -->","yoast_head_json":{"title":"Comentarios al texto de Joanildo Burity &#8211; Encartes","description":"El objetivo del texto es promover un di\u00e1logo con el art\u00edculo titulado \u201cEl pueblo evang\u00e9lico\u201d, de Joanildo Burity.","robots":{"index":"index","follow":"follow","max-snippet":"max-snippet:-1","max-image-preview":"max-image-preview:large","max-video-preview":"max-video-preview:-1"},"canonical":"https:\/\/encartes.mx\/pt\/birman-comentario_joanildo_burity\/","og_locale":"pt_BR","og_type":"article","og_title":"Comentarios al texto de Joanildo Burity &#8211; Encartes","og_description":"El objetivo del texto es promover un di\u00e1logo con el art\u00edculo titulado \u201cEl pueblo evang\u00e9lico\u201d, de Joanildo Burity.","og_url":"https:\/\/encartes.mx\/pt\/birman-comentario_joanildo_burity\/","og_site_name":"Encartes","article_published_time":"2020-09-19T20:07:42+00:00","article_modified_time":"2023-11-18T00:32:44+00:00","author":"Arthur Ventura","twitter_card":"summary_large_image","twitter_misc":{"Escrito por":"Arthur Ventura","Est. tempo de leitura":"26 minutos","Written by":"Arthur Ventura"},"schema":{"@context":"https:\/\/schema.org","@graph":[{"@type":"Article","@id":"https:\/\/encartes.mx\/en\/birman-comentario_joanildo_burity\/#article","isPartOf":{"@id":"https:\/\/encartes.mx\/en\/birman-comentario_joanildo_burity\/"},"author":{"name":"Arthur Ventura","@id":"https:\/\/encartes.mx\/#\/schema\/person\/97215bba1729028a4169cab07f8e58ef"},"headline":"Comentarios al texto de Joanildo Burity: desaf\u00edos para los tiempos actuales","datePublished":"2020-09-19T20:07:42+00:00","dateModified":"2023-11-18T00:32:44+00:00","mainEntityOfPage":{"@id":"https:\/\/encartes.mx\/en\/birman-comentario_joanildo_burity\/"},"wordCount":6533,"commentCount":0,"publisher":{"@id":"https:\/\/encartes.mx\/#organization"},"keywords":["conservadurismo","diferenciaci\u00f3n de g\u00e9nero","evang\u00e9licos","militarizaci\u00f3n","periferias"],"articleSection":["Comentarios"],"inLanguage":"pt-BR","potentialAction":[{"@type":"CommentAction","name":"Comment","target":["https:\/\/encartes.mx\/en\/birman-comentario_joanildo_burity\/#respond"]}]},{"@type":"WebPage","@id":"https:\/\/encartes.mx\/en\/birman-comentario_joanildo_burity\/","url":"https:\/\/encartes.mx\/en\/birman-comentario_joanildo_burity\/","name":"Comentarios al texto de Joanildo Burity &#8211; Encartes","isPartOf":{"@id":"https:\/\/encartes.mx\/#website"},"datePublished":"2020-09-19T20:07:42+00:00","dateModified":"2023-11-18T00:32:44+00:00","description":"El objetivo del texto es promover un di\u00e1logo con el art\u00edculo titulado \u201cEl pueblo evang\u00e9lico\u201d, de Joanildo Burity.","breadcrumb":{"@id":"https:\/\/encartes.mx\/en\/birman-comentario_joanildo_burity\/#breadcrumb"},"inLanguage":"pt-BR","potentialAction":[{"@type":"ReadAction","target":["https:\/\/encartes.mx\/en\/birman-comentario_joanildo_burity\/"]}]},{"@type":"BreadcrumbList","@id":"https:\/\/encartes.mx\/en\/birman-comentario_joanildo_burity\/#breadcrumb","itemListElement":[{"@type":"ListItem","position":1,"name":"Home","item":"https:\/\/encartes.mx\/"},{"@type":"ListItem","position":2,"name":"Comentarios al texto de Joanildo Burity: desaf\u00edos para los tiempos actuales"}]},{"@type":"WebSite","@id":"https:\/\/encartes.mx\/#website","url":"https:\/\/encartes.mx\/","name":"Encartes","description":"Revista multim\u00eddia digital","publisher":{"@id":"https:\/\/encartes.mx\/#organization"},"potentialAction":[{"@type":"SearchAction","target":{"@type":"EntryPoint","urlTemplate":"https:\/\/encartes.mx\/?s={search_term_string}"},"query-input":"required name=search_term_string"}],"inLanguage":"pt-BR"},{"@type":"Organization","@id":"https:\/\/encartes.mx\/#organization","name":"Inser\u00e7\u00f5es antropol\u00f3gicas","url":"https:\/\/encartes.mx\/","logo":{"@type":"ImageObject","inLanguage":"pt-BR","@id":"https:\/\/encartes.mx\/#\/schema\/logo\/image\/","url":"https:\/\/encartes.mx\/wp-content\/uploads\/2017\/04\/Logo-04.png","contentUrl":"https:\/\/encartes.mx\/wp-content\/uploads\/2017\/04\/Logo-04.png","width":338,"height":306,"caption":"Encartes Antropol\u00f3gicos"},"image":{"@id":"https:\/\/encartes.mx\/#\/schema\/logo\/image\/"}},{"@type":"Person","@id":"https:\/\/encartes.mx\/#\/schema\/person\/97215bba1729028a4169cab07f8e58ef","name":"Arthur Ventura","image":{"@type":"ImageObject","inLanguage":"pt-BR","@id":"https:\/\/encartes.mx\/#\/schema\/person\/image\/8a45818ea77a67a00c058d294424a6f6","url":"https:\/\/secure.gravatar.com\/avatar\/e8ff614b2fa0d91ff6c65f328a272c53?s=96&d=identicon&r=g","contentUrl":"https:\/\/secure.gravatar.com\/avatar\/e8ff614b2fa0d91ff6c65f328a272c53?s=96&d=identicon&r=g","caption":"Arthur Ventura"}}]}},"jetpack_sharing_enabled":true,"jetpack_featured_media_url":"","_links":{"self":[{"href":"https:\/\/encartes.mx\/pt\/wp-json\/wp\/v2\/posts\/33128","targetHints":{"allow":["GET"]}}],"collection":[{"href":"https:\/\/encartes.mx\/pt\/wp-json\/wp\/v2\/posts"}],"about":[{"href":"https:\/\/encartes.mx\/pt\/wp-json\/wp\/v2\/types\/post"}],"author":[{"embeddable":true,"href":"https:\/\/encartes.mx\/pt\/wp-json\/wp\/v2\/users\/4"}],"replies":[{"embeddable":true,"href":"https:\/\/encartes.mx\/pt\/wp-json\/wp\/v2\/comments?post=33128"}],"version-history":[{"count":33,"href":"https:\/\/encartes.mx\/pt\/wp-json\/wp\/v2\/posts\/33128\/revisions"}],"predecessor-version":[{"id":37987,"href":"https:\/\/encartes.mx\/pt\/wp-json\/wp\/v2\/posts\/33128\/revisions\/37987"}],"wp:attachment":[{"href":"https:\/\/encartes.mx\/pt\/wp-json\/wp\/v2\/media?parent=33128"}],"wp:term":[{"taxonomy":"category","embeddable":true,"href":"https:\/\/encartes.mx\/pt\/wp-json\/wp\/v2\/categories?post=33128"},{"taxonomy":"post_tag","embeddable":true,"href":"https:\/\/encartes.mx\/pt\/wp-json\/wp\/v2\/tags?post=33128"},{"taxonomy":"author","embeddable":true,"href":"https:\/\/encartes.mx\/pt\/wp-json\/wp\/v2\/coauthors?post=33128"}],"curies":[{"name":"wp","href":"https:\/\/api.w.org\/{rel}","templated":true}]}}