{"id":31817,"date":"2020-03-23T01:22:15","date_gmt":"2020-03-23T01:22:15","guid":{"rendered":"https:\/\/encartesantropologicos.mx\/?p=31817"},"modified":"2024-04-24T13:37:17","modified_gmt":"2024-04-24T19:37:17","slug":"palma-cristian-parker-movilizaciones-2019-chile","status":"publish","type":"post","link":"https:\/\/encartes.mx\/pt\/palma-cristian-parker-movilizaciones-2019-chile\/","title":{"rendered":"Recuperando o sentido democratizante do movimento popular"},"content":{"rendered":"<figure class=\"wp-block-embed is-type-video is-provider-youtube wp-block-embed-youtube wp-embed-aspect-16-9 wp-has-aspect-ratio\"><div class=\"wp-block-embed__wrapper\">\n<iframe loading=\"lazy\" title=\"Recuperando o sentido democratizante do popular - Entrevista com Cristi\u00e1n Parker\" width=\"580\" height=\"326\" src=\"https:\/\/www.youtube.com\/embed\/tWp1audwdtg?feature=oembed\" frameborder=\"0\" allow=\"accelerometer; autoplay; clipboard-write; encrypted-media; gyroscope; picture-in-picture; web-share\" referrerpolicy=\"strict-origin-when-cross-origin\" allowfullscreen><\/iframe>\n<\/div><\/figure>\n\n\n\n<p class=\"abstract\"><span class=\"dropcap\">C<\/span>risti\u00e1n Parker \u00e9 um soci\u00f3logo chileno que trabalhou especialmente com quest\u00f5es de religiosidade popular, educa\u00e7\u00e3o e outras, abordando-as a partir de uma perspectiva que pressup\u00f5e a heterogeneidade das rela\u00e7\u00f5es sociais, bem como as esferas em que elas s\u00e3o constru\u00eddas e expressas. Nessa entrevista, realizada em Guadalajara, enquanto em Santiago e na maioria das cidades do Chile se desenvolvia (e ainda se desenvolve) uma revolta popular e cidad\u00e3 contra as desigualdades do sistema neoliberal, Parker explica os antecedentes e as caracter\u00edsticas de um movimento social t\u00e3o poderoso que parece uma surpresa para muitos, dadas as opini\u00f5es das organiza\u00e7\u00f5es financeiras globais sobre o sucesso do modelo chileno. Sem d\u00favida, isso mostra que as m\u00e9dias com as quais os n\u00fameros macroecon\u00f4micos s\u00e3o analisados e expostos n\u00e3o refletiam a enorme desigualdade gerada por uma cadeia sistem\u00e1tica de abusos que produziu cansa\u00e7o, mas tamb\u00e9m a consci\u00eancia das margens de dignidade que o povo chileno mobilizado agora est\u00e1 exigindo nas ruas do governo e da classe pol\u00edtica. Tanto o presidente quanto o Congresso t\u00eam um \u00edndice m\u00e9dio de aprova\u00e7\u00e3o de 6% e 3%, respectivamente, nas pesquisas de opini\u00e3o, e a pol\u00edcia est\u00e1 em um estado deplor\u00e1vel de legitimidade devido \u00e0s dram\u00e1ticas, m\u00faltiplas e graves viola\u00e7\u00f5es de direitos humanos reconhecidas e acreditadas em campo por diferentes \u00f3rg\u00e3os internacionais. Esse \u00e9 o contexto.<\/p>\n\n\n\n<p>Em sua pesquisa, o Dr. Parker trabalhou em profundidade no conceito de m\u00faltiplas modernidades e, nesta entrevista, ele as caracteriza como conflituosas ao se referir \u00e0 explos\u00e3o social de outubro de 2019 no Chile. Nesse mesmo campo, ele argumenta que a estrat\u00e9gia de acumula\u00e7\u00e3o capitalista inerente ao neoliberalismo fez com que \"as desigualdades crescessem\" a um ponto em que \"as expectativas n\u00e3o s\u00e3o satisfeitas\", o que gera uma crise de legitimidade da ordem social e outra de legitimidade da ordem pol\u00edtica. A primeira foi causada por \"um sistema de abusos\" e desigualdade, juntamente com a corrup\u00e7\u00e3o corporativa combinada com a corrup\u00e7\u00e3o pol\u00edtica. A segunda foi alimentada por uma classe de pol\u00edticos \"profissionais\" e partidos deslegitimados, distanciados dos cidad\u00e3os e incapazes de transformar o pr\u00f3prio sistema pol\u00edtico.<\/p>\n\n\n\n<p>Com base em um breve esbo\u00e7o hist\u00f3rico e sociol\u00f3gico publicado na imprensa chilena, intitulado \"21 teses para entender a crise olig\u00e1rquica no Chile e a necessidade de uma nova ordem social\", perguntamos a Parker sobre sua vis\u00e3o geral sobre a revolta popular e cidad\u00e3 que come\u00e7ou em outubro de 2019 (https:\/\/www.theclinic.cl\/2019\/10\/25\/columna-de-cristian-parker-21-tesis-para-entender-la-crisis-oligarquica-en-chile-y-la-necesidad-de-un-nuevo-orden-social\/?fb_comment_id=2999637290051983_3004344086247970). A explos\u00e3o social e as manifesta\u00e7\u00f5es populares for\u00e7aram os congressistas e os partidos pol\u00edticos a induzir uma sa\u00edda legislativa para a crise, aprovando uma reforma da constitui\u00e7\u00e3o de Pinochet que levou, at\u00e9 o momento, a um processo constituinte que certamente (e ap\u00f3s um plebiscito de aprova\u00e7\u00e3o ou rejei\u00e7\u00e3o de um novo texto constitucional) colocar\u00e1 um fim ao regime neoliberal que foi imposto em 1980 pela Constitui\u00e7\u00e3o nascida ileg\u00edtima durante a ditadura militar.<\/p>\n\n\n\n<p>Em termos gerais, o soci\u00f3logo e acad\u00eamico da Universidade de Santiago do Chile explica que os antecedentes dessa crise podem ser rastreados at\u00e9 um processo de recomposi\u00e7\u00e3o da ordem olig\u00e1rquica ap\u00f3s o golpe de Estado de 1973 contra o governo popular do presidente Salvador Allende, uma quest\u00e3o fundamental no processo hist\u00f3rico subsequente que resultou na situa\u00e7\u00e3o atual. Foi durante a sangrenta ditadura civil-militar (1973-1990) que o sistema econ\u00f4mico, social e de bem-estar social que comp\u00f5e o neoliberalismo foi consagrado constitucionalmente, de forma pioneira no mundo. Que an\u00e1lise \u00e9 necess\u00e1ria a esse respeito por parte das ci\u00eancias sociais, e tamb\u00e9m \u00e9 necess\u00e1ria uma reconfigura\u00e7\u00e3o das pessoas? Parker incentiva a \"recupera\u00e7\u00e3o do sentido democratizante do popular\", propondo a transforma\u00e7\u00e3o do cliente neoliberal em um cidad\u00e3o. No momento atual, considerando a crise generalizada de legitimidade, \u00e9 essencial questionar a validade de uma solu\u00e7\u00e3o pol\u00edtica para a crise no Chile. Parker argumenta que a pol\u00edtica, como tem sido conhecida nas \u00faltimas quatro d\u00e9cadas, deve ser reconfigurada para ser um elemento mediador entre os cidad\u00e3os e o poder pol\u00edtico. Devem surgir novas lideran\u00e7as que assumam a participa\u00e7\u00e3o da sociedade como uma prioridade, articulando capacidades que construam a democracia social e pol\u00edtica.<\/p>\n\n\n\n<p>Por fim, e conforme mencionado na entrevista, \u00e9 importante e uma responsabilidade social, pol\u00edtica e acad\u00eamica condenar as graves e cont\u00ednuas viola\u00e7\u00f5es de direitos humanos ocorridas nos meses de agita\u00e7\u00e3o social por agentes da pol\u00edcia e das for\u00e7as armadas chilenas contra cidad\u00e3os desarmados, homens e mulheres, meninos, meninas e adolescentes que foram presos, torturados, estuprados, mutilados e mortos no contexto de manifesta\u00e7\u00f5es pac\u00edficas. As frases escritas nas paredes das cidades chilenas nos permitem entender que a situa\u00e7\u00e3o atual do pa\u00eds n\u00e3o \u00e9 explicada apenas pelo aumento do transporte p\u00fablico que desencadeou o surto (\"n\u00e3o s\u00e3o trinta pesos, s\u00e3o trinta anos\"), mas, pelo contr\u00e1rio, porque esse processo de press\u00e3o sist\u00eamica gerou um descontentamento que provocou milh\u00f5es de pessoas a sa\u00edrem \u00e0s ruas exigindo que direitos b\u00e1sicos como educa\u00e7\u00e3o, pens\u00f5es ou sa\u00fade n\u00e3o sejam desenvolvidos sob uma l\u00f3gica economicista e de mercado. Assim, durante a primavera de outubro de 2019, \"o Chile acordou\" e n\u00e3o dormir\u00e1 \"at\u00e9 que a dignidade se torne habitual\".<\/p>","protected":false},"excerpt":{"rendered":"<p class=\"translation-block\"><span class=\"dropcap\">Nesta entrevista, realizada em Guadalajara, enquanto em Santiago e na maioria das cidades do Chile se desenvolvia (e ainda se desenvolve) uma revolta popular e cidad\u00e3 contra as desigualdades do sistema neoliberal, Parker explica os antecedentes e as caracter\u00edsticas de um movimento social t\u00e3o poderoso que parece uma surpresa para muitos, dadas as opini\u00f5es das organiza\u00e7\u00f5es financeiras globais sobre o sucesso do modelo chileno.<\/p>","protected":false},"author":4,"featured_media":0,"comment_status":"open","ping_status":"open","sticky":false,"template":"","format":"standard","meta":{"_acf_changed":false,"footnotes":""},"categories":[12],"tags":[601,600,599,602,424],"coauthors":[551],"class_list":["post-31817","post","type-post","status-publish","format-standard","hentry","category-12","tag-601","tag-chile","tag-democracia","tag-movilizacion-popular","tag-movimientos-sociales","personas-palma-macilla-claudio","personas-parker-gumucio-cristian","numeros-616"],"acf":[],"yoast_head":"<!-- This site is optimized with the Yoast SEO plugin v22.2 - https:\/\/yoast.com\/wordpress\/plugins\/seo\/ -->\n<title>A recuperar el sentido democratizador de lo popular &#8211; Encartes<\/title>\n<meta name=\"description\" content=\"En Chile se desarrollaba un levantamiento popular y ciudadano contra las desigualdades del sistema neoliberal. Parker explica los antecedentes.\" \/>\n<meta name=\"robots\" content=\"index, follow, max-snippet:-1, max-image-preview:large, max-video-preview:-1\" \/>\n<link rel=\"canonical\" href=\"https:\/\/encartes.mx\/pt\/palma-cristian-parker-movilizaciones-2019-chile\/\" \/>\n<meta property=\"og:locale\" content=\"pt_BR\" \/>\n<meta property=\"og:type\" content=\"article\" \/>\n<meta property=\"og:title\" content=\"A recuperar el sentido democratizador de lo popular &#8211; Encartes\" \/>\n<meta property=\"og:description\" content=\"En Chile se desarrollaba un levantamiento popular y ciudadano contra las desigualdades del sistema neoliberal. Parker explica los antecedentes.\" \/>\n<meta property=\"og:url\" content=\"https:\/\/encartes.mx\/pt\/palma-cristian-parker-movilizaciones-2019-chile\/\" \/>\n<meta property=\"og:site_name\" content=\"Encartes\" \/>\n<meta property=\"article:published_time\" content=\"2020-03-23T01:22:15+00:00\" \/>\n<meta property=\"article:modified_time\" content=\"2024-04-24T19:37:17+00:00\" \/>\n<meta name=\"author\" content=\"Arthur Ventura\" \/>\n<meta name=\"twitter:card\" content=\"summary_large_image\" \/>\n<meta name=\"twitter:label1\" content=\"Escrito por\" \/>\n\t<meta name=\"twitter:data1\" content=\"Arthur Ventura\" \/>\n\t<meta name=\"twitter:label2\" content=\"Est. tempo de leitura\" \/>\n\t<meta name=\"twitter:data2\" content=\"4 minutos\" \/>\n\t<meta name=\"twitter:label3\" content=\"Written by\" \/>\n\t<meta name=\"twitter:data3\" content=\"Arthur Ventura\" \/>\n<script type=\"application\/ld+json\" class=\"yoast-schema-graph\">{\"@context\":\"https:\/\/schema.org\",\"@graph\":[{\"@type\":\"Article\",\"@id\":\"https:\/\/encartes.mx\/palma-cristian-parker-movilizaciones-2019-chile\/#article\",\"isPartOf\":{\"@id\":\"https:\/\/encartes.mx\/palma-cristian-parker-movilizaciones-2019-chile\/\"},\"author\":{\"name\":\"Arthur Ventura\",\"@id\":\"https:\/\/encartes.mx\/#\/schema\/person\/97215bba1729028a4169cab07f8e58ef\"},\"headline\":\"A recuperar el sentido democratizador de lo popular\",\"datePublished\":\"2020-03-23T01:22:15+00:00\",\"dateModified\":\"2024-04-24T19:37:17+00:00\",\"mainEntityOfPage\":{\"@id\":\"https:\/\/encartes.mx\/palma-cristian-parker-movilizaciones-2019-chile\/\"},\"wordCount\":952,\"commentCount\":0,\"publisher\":{\"@id\":\"https:\/\/encartes.mx\/#organization\"},\"keywords\":[\"2019\",\"Chile\",\"democracia\",\"movilizaci\u00f3n popular\",\"movimientos sociales\"],\"articleSection\":[\"Entrevistas\"],\"inLanguage\":\"pt-BR\",\"potentialAction\":[{\"@type\":\"CommentAction\",\"name\":\"Comment\",\"target\":[\"https:\/\/encartes.mx\/palma-cristian-parker-movilizaciones-2019-chile\/#respond\"]}]},{\"@type\":\"WebPage\",\"@id\":\"https:\/\/encartes.mx\/palma-cristian-parker-movilizaciones-2019-chile\/\",\"url\":\"https:\/\/encartes.mx\/palma-cristian-parker-movilizaciones-2019-chile\/\",\"name\":\"A recuperar el sentido democratizador de lo popular &#8211; Encartes\",\"isPartOf\":{\"@id\":\"https:\/\/encartes.mx\/#website\"},\"datePublished\":\"2020-03-23T01:22:15+00:00\",\"dateModified\":\"2024-04-24T19:37:17+00:00\",\"description\":\"En Chile se desarrollaba un levantamiento popular y ciudadano contra las desigualdades del sistema neoliberal. Parker explica los antecedentes.\",\"breadcrumb\":{\"@id\":\"https:\/\/encartes.mx\/palma-cristian-parker-movilizaciones-2019-chile\/#breadcrumb\"},\"inLanguage\":\"pt-BR\",\"potentialAction\":[{\"@type\":\"ReadAction\",\"target\":[\"https:\/\/encartes.mx\/palma-cristian-parker-movilizaciones-2019-chile\/\"]}]},{\"@type\":\"BreadcrumbList\",\"@id\":\"https:\/\/encartes.mx\/palma-cristian-parker-movilizaciones-2019-chile\/#breadcrumb\",\"itemListElement\":[{\"@type\":\"ListItem\",\"position\":1,\"name\":\"Home\",\"item\":\"https:\/\/encartes.mx\/\"},{\"@type\":\"ListItem\",\"position\":2,\"name\":\"A recuperar el sentido democratizador de lo popular\"}]},{\"@type\":\"WebSite\",\"@id\":\"https:\/\/encartes.mx\/#website\",\"url\":\"https:\/\/encartes.mx\/\",\"name\":\"Encartes\",\"description\":\"Revista digital multimedia\",\"publisher\":{\"@id\":\"https:\/\/encartes.mx\/#organization\"},\"potentialAction\":[{\"@type\":\"SearchAction\",\"target\":{\"@type\":\"EntryPoint\",\"urlTemplate\":\"https:\/\/encartes.mx\/?s={search_term_string}\"},\"query-input\":\"required name=search_term_string\"}],\"inLanguage\":\"pt-BR\"},{\"@type\":\"Organization\",\"@id\":\"https:\/\/encartes.mx\/#organization\",\"name\":\"Encartes Antropol\u00f3gicos\",\"url\":\"https:\/\/encartes.mx\/\",\"logo\":{\"@type\":\"ImageObject\",\"inLanguage\":\"pt-BR\",\"@id\":\"https:\/\/encartes.mx\/#\/schema\/logo\/image\/\",\"url\":\"https:\/\/encartes.mx\/wp-content\/uploads\/2017\/04\/Logo-04.png\",\"contentUrl\":\"https:\/\/encartes.mx\/wp-content\/uploads\/2017\/04\/Logo-04.png\",\"width\":338,\"height\":306,\"caption\":\"Encartes Antropol\u00f3gicos\"},\"image\":{\"@id\":\"https:\/\/encartes.mx\/#\/schema\/logo\/image\/\"}},{\"@type\":\"Person\",\"@id\":\"https:\/\/encartes.mx\/#\/schema\/person\/97215bba1729028a4169cab07f8e58ef\",\"name\":\"Arthur Ventura\",\"image\":{\"@type\":\"ImageObject\",\"inLanguage\":\"pt-BR\",\"@id\":\"https:\/\/encartes.mx\/#\/schema\/person\/image\/8a45818ea77a67a00c058d294424a6f6\",\"url\":\"https:\/\/secure.gravatar.com\/avatar\/e8ff614b2fa0d91ff6c65f328a272c53?s=96&d=identicon&r=g\",\"contentUrl\":\"https:\/\/secure.gravatar.com\/avatar\/e8ff614b2fa0d91ff6c65f328a272c53?s=96&d=identicon&r=g\",\"caption\":\"Arthur Ventura\"}}]}<\/script>\n<!-- \/ Yoast SEO plugin. -->","yoast_head_json":{"title":"A recuperar el sentido democratizador de lo popular &#8211; Encartes","description":"En Chile se desarrollaba un levantamiento popular y ciudadano contra las desigualdades del sistema neoliberal. Parker explica los antecedentes.","robots":{"index":"index","follow":"follow","max-snippet":"max-snippet:-1","max-image-preview":"max-image-preview:large","max-video-preview":"max-video-preview:-1"},"canonical":"https:\/\/encartes.mx\/pt\/palma-cristian-parker-movilizaciones-2019-chile\/","og_locale":"pt_BR","og_type":"article","og_title":"A recuperar el sentido democratizador de lo popular &#8211; Encartes","og_description":"En Chile se desarrollaba un levantamiento popular y ciudadano contra las desigualdades del sistema neoliberal. Parker explica los antecedentes.","og_url":"https:\/\/encartes.mx\/pt\/palma-cristian-parker-movilizaciones-2019-chile\/","og_site_name":"Encartes","article_published_time":"2020-03-23T01:22:15+00:00","article_modified_time":"2024-04-24T19:37:17+00:00","author":"Arthur Ventura","twitter_card":"summary_large_image","twitter_misc":{"Escrito por":"Arthur Ventura","Est. tempo de leitura":"4 minutos","Written by":"Arthur Ventura"},"schema":{"@context":"https:\/\/schema.org","@graph":[{"@type":"Article","@id":"https:\/\/encartes.mx\/palma-cristian-parker-movilizaciones-2019-chile\/#article","isPartOf":{"@id":"https:\/\/encartes.mx\/palma-cristian-parker-movilizaciones-2019-chile\/"},"author":{"name":"Arthur Ventura","@id":"https:\/\/encartes.mx\/#\/schema\/person\/97215bba1729028a4169cab07f8e58ef"},"headline":"A recuperar el sentido democratizador de lo popular","datePublished":"2020-03-23T01:22:15+00:00","dateModified":"2024-04-24T19:37:17+00:00","mainEntityOfPage":{"@id":"https:\/\/encartes.mx\/palma-cristian-parker-movilizaciones-2019-chile\/"},"wordCount":952,"commentCount":0,"publisher":{"@id":"https:\/\/encartes.mx\/#organization"},"keywords":["2019","Chile","democracia","movilizaci\u00f3n popular","movimientos sociales"],"articleSection":["Entrevistas"],"inLanguage":"pt-BR","potentialAction":[{"@type":"CommentAction","name":"Comment","target":["https:\/\/encartes.mx\/palma-cristian-parker-movilizaciones-2019-chile\/#respond"]}]},{"@type":"WebPage","@id":"https:\/\/encartes.mx\/palma-cristian-parker-movilizaciones-2019-chile\/","url":"https:\/\/encartes.mx\/palma-cristian-parker-movilizaciones-2019-chile\/","name":"A recuperar el sentido democratizador de lo popular &#8211; Encartes","isPartOf":{"@id":"https:\/\/encartes.mx\/#website"},"datePublished":"2020-03-23T01:22:15+00:00","dateModified":"2024-04-24T19:37:17+00:00","description":"En Chile se desarrollaba un levantamiento popular y ciudadano contra las desigualdades del sistema neoliberal. Parker explica los antecedentes.","breadcrumb":{"@id":"https:\/\/encartes.mx\/palma-cristian-parker-movilizaciones-2019-chile\/#breadcrumb"},"inLanguage":"pt-BR","potentialAction":[{"@type":"ReadAction","target":["https:\/\/encartes.mx\/palma-cristian-parker-movilizaciones-2019-chile\/"]}]},{"@type":"BreadcrumbList","@id":"https:\/\/encartes.mx\/palma-cristian-parker-movilizaciones-2019-chile\/#breadcrumb","itemListElement":[{"@type":"ListItem","position":1,"name":"Home","item":"https:\/\/encartes.mx\/"},{"@type":"ListItem","position":2,"name":"A recuperar el sentido democratizador de lo popular"}]},{"@type":"WebSite","@id":"https:\/\/encartes.mx\/#website","url":"https:\/\/encartes.mx\/","name":"Encartes","description":"Revista multim\u00eddia digital","publisher":{"@id":"https:\/\/encartes.mx\/#organization"},"potentialAction":[{"@type":"SearchAction","target":{"@type":"EntryPoint","urlTemplate":"https:\/\/encartes.mx\/?s={search_term_string}"},"query-input":"required name=search_term_string"}],"inLanguage":"pt-BR"},{"@type":"Organization","@id":"https:\/\/encartes.mx\/#organization","name":"Inser\u00e7\u00f5es antropol\u00f3gicas","url":"https:\/\/encartes.mx\/","logo":{"@type":"ImageObject","inLanguage":"pt-BR","@id":"https:\/\/encartes.mx\/#\/schema\/logo\/image\/","url":"https:\/\/encartes.mx\/wp-content\/uploads\/2017\/04\/Logo-04.png","contentUrl":"https:\/\/encartes.mx\/wp-content\/uploads\/2017\/04\/Logo-04.png","width":338,"height":306,"caption":"Encartes Antropol\u00f3gicos"},"image":{"@id":"https:\/\/encartes.mx\/#\/schema\/logo\/image\/"}},{"@type":"Person","@id":"https:\/\/encartes.mx\/#\/schema\/person\/97215bba1729028a4169cab07f8e58ef","name":"Arthur Ventura","image":{"@type":"ImageObject","inLanguage":"pt-BR","@id":"https:\/\/encartes.mx\/#\/schema\/person\/image\/8a45818ea77a67a00c058d294424a6f6","url":"https:\/\/secure.gravatar.com\/avatar\/e8ff614b2fa0d91ff6c65f328a272c53?s=96&d=identicon&r=g","contentUrl":"https:\/\/secure.gravatar.com\/avatar\/e8ff614b2fa0d91ff6c65f328a272c53?s=96&d=identicon&r=g","caption":"Arthur Ventura"}}]}},"jetpack_sharing_enabled":true,"jetpack_featured_media_url":"","_links":{"self":[{"href":"https:\/\/encartes.mx\/pt\/wp-json\/wp\/v2\/posts\/31817","targetHints":{"allow":["GET"]}}],"collection":[{"href":"https:\/\/encartes.mx\/pt\/wp-json\/wp\/v2\/posts"}],"about":[{"href":"https:\/\/encartes.mx\/pt\/wp-json\/wp\/v2\/types\/post"}],"author":[{"embeddable":true,"href":"https:\/\/encartes.mx\/pt\/wp-json\/wp\/v2\/users\/4"}],"replies":[{"embeddable":true,"href":"https:\/\/encartes.mx\/pt\/wp-json\/wp\/v2\/comments?post=31817"}],"version-history":[{"count":26,"href":"https:\/\/encartes.mx\/pt\/wp-json\/wp\/v2\/posts\/31817\/revisions"}],"predecessor-version":[{"id":38866,"href":"https:\/\/encartes.mx\/pt\/wp-json\/wp\/v2\/posts\/31817\/revisions\/38866"}],"wp:attachment":[{"href":"https:\/\/encartes.mx\/pt\/wp-json\/wp\/v2\/media?parent=31817"}],"wp:term":[{"taxonomy":"category","embeddable":true,"href":"https:\/\/encartes.mx\/pt\/wp-json\/wp\/v2\/categories?post=31817"},{"taxonomy":"post_tag","embeddable":true,"href":"https:\/\/encartes.mx\/pt\/wp-json\/wp\/v2\/tags?post=31817"},{"taxonomy":"author","embeddable":true,"href":"https:\/\/encartes.mx\/pt\/wp-json\/wp\/v2\/coauthors?post=31817"}],"curies":[{"name":"wp","href":"https:\/\/api.w.org\/{rel}","templated":true}]}}