{"id":30798,"date":"2018-09-21T13:05:19","date_gmt":"2018-09-21T13:05:19","guid":{"rendered":"http:\/\/localhost\/encartes\/?p=30759"},"modified":"2024-04-24T11:36:27","modified_gmt":"2024-04-24T17:36:27","slug":"escuela-de-estudios-transfronterizos","status":"publish","type":"post","link":"https:\/\/encartes.mx\/pt\/escuela-de-estudios-transfronterizos\/","title":{"rendered":"Escola de Estudos Transfronteiri\u00e7os"},"content":{"rendered":"<p><div class=\"video-wrap\"><div class=\"video\"><iframe loading=\"lazy\" src=\"https:\/\/www.youtube.com\/embed\/yZ8rkzm-7Sw\" allow=\"autoplay; encrypted-media\" allowfullscreen=\"\" width=\"560\" height=\"315\" frameborder=\"0\"><\/iframe><\/div><p class=\"leyenda\"><\/p><\/div><br \/>\n<p class=\"no-indent translation-block\"><span class=\"dropcap\">C<\/span>Como parte das atividades da Feira Internacional do Livro de Guadalajara, entrevistamos Carlos V\u00e9lez-Ib\u00e1\u00f1ez, fundador, professor e diretor da School of Transborder Studies da Arizona State University (<span class=\"small-caps\">asu<\/span>). Ele falou sobre a hist\u00f3ria da escola, os programas acad\u00eamicos e os projetos de pesquisa com foco em migrantes e filhos de migrantes. Ele tamb\u00e9m descreveu um projeto para digitalizar mapas que datam do <span class=\"small-caps\">xvi<\/span> ao <span class=\"small-caps\">xix\u00ba<\/span> s\u00e9culo da regi\u00e3o sudoeste dos Estados Unidos, em particular do Arizona, Novo M\u00e9xico e Calif\u00f3rnia.<\/p>\n<p>Ele tamb\u00e9m falou sobre a \u00e2ncora te\u00f3rica que prop\u00f5e para estudar a regi\u00e3o do sul dos Estados Unidos e do norte do M\u00e9xico, com base na ecologia pol\u00edtica, que ele usa para definir as fronteiras da regi\u00e3o, come\u00e7ando pela ecologia ambiental, exemplificada pelos \"dois desertos\" de Sonora e Arizona, que ele afirma serem de fato o mesmo e pelo qual as culturas e a fauna atravessaram. As rela\u00e7\u00f5es comerciais e migrat\u00f3rias se perdem nesse espa\u00e7o quando se fala de pol\u00edtica, pois aspectos como arqueologia e ecologia s\u00e3o deixados de lado.<\/p>\n<p>Por fim, o acad\u00eamico falou sobre sua amizade e rela\u00e7\u00e3o de trabalho com seus colegas e destacou a diferen\u00e7a entre estudos transfronteiri\u00e7os e transnacionais, que, longe de serem mutuamente exclusivos, se complementam, e \u00e9 a\u00ed que reside a riqueza do trabalho cient\u00edfico colaborativo.<\/p>\n<p>Entre suas publica\u00e7\u00f5es mais recentes est\u00e3o <em>Hegemonias lingu\u00edsticas e seus descontentamentos: a regi\u00e3o sudoeste da Am\u00e9rica do Norte desde 1540<\/em>&nbsp;(University of Arizona Press), e um livro est\u00e1 no prelo. <em>Retirado. From Netzahualcoyotl to Aztl\u00e1n: The Intellectual Pilgrimage of a Cross-Borderer<\/em>publicado pelo El Colegio de la Frontera Norte.<\/p>","protected":false},"excerpt":{"rendered":"<p class=\"translation-block\"><span class=\"dropcap\">C<\/span>Como parte das atividades da Feira Internacional do Livro de Guadalajara, entrevistamos Carlos V\u00e9lez-Ib\u00e1\u00f1ez, fundador, professor e diretor da School of Transborder Studies da Arizona State University (ASU). Ele nos falou sobre a hist\u00f3ria, os programas acad\u00eamicos e os projetos de pesquisa da escola, com foco em migrantes e filhos de migrantes. Ele tamb\u00e9m descreveu um projeto de digitaliza\u00e7\u00e3o de mapas que datam do s\u00e9culo XVI ao XIX da regi\u00e3o sudoeste dos Estados Unidos, em especial do Arizona, Novo M\u00e9xico e Calif\u00f3rnia.<\/p>","protected":false},"author":4,"featured_media":0,"comment_status":"open","ping_status":"open","sticky":false,"template":"","format":"standard","meta":{"_acf_changed":false,"footnotes":""},"categories":[12],"tags":[],"coauthors":[551],"class_list":["post-30798","post","type-post","status-publish","format-standard","hentry","category-12","personas-velez-ibanez-carlos","personas-pedraza-mandujano-joel","numeros-277"],"acf":[],"yoast_head":"<!-- This site is optimized with the Yoast SEO plugin v22.2 - https:\/\/yoast.com\/wordpress\/plugins\/seo\/ -->\n<title>Escuela de estudios transfronterizos &#8211; Encartes<\/title>\n<meta name=\"robots\" content=\"index, follow, max-snippet:-1, max-image-preview:large, max-video-preview:-1\" \/>\n<link rel=\"canonical\" href=\"https:\/\/encartes.mx\/pt\/escuela-de-estudios-transfronterizos\/\" \/>\n<meta property=\"og:locale\" content=\"pt_BR\" \/>\n<meta property=\"og:type\" content=\"article\" \/>\n<meta property=\"og:title\" content=\"Escuela de estudios transfronterizos &#8211; Encartes\" \/>\n<meta property=\"og:description\" content=\"Como parte de las actividades del la Feria Internacional del Libro de Guadalajara entrevistamos a Carlos V\u00e9lez-Ib\u00e1\u00f1ez, fundador, profesor y director de la Escuela de Estudios Transfronterizos en la Universidad Estatal de Arizona (ASU por sus siglas en ingl\u00e9s). Nos habl\u00f3 sobre la historia, los programas acad\u00e9micos y proyectos de investigaci\u00f3n que se desarrollan en la Escuela, enfocados en migrantes e hijos de migrantes. Adem\u00e1s describi\u00f3 un proyecto de digitalizaci\u00f3n de mapas que datan del siglo XVI al siglo XIX de la regi\u00f3n suroeste de Estados Unidos, en particular Arizona, Nuevo M\u00e9xico y California.\" \/>\n<meta property=\"og:url\" content=\"https:\/\/encartes.mx\/pt\/escuela-de-estudios-transfronterizos\/\" \/>\n<meta property=\"og:site_name\" content=\"Encartes\" \/>\n<meta property=\"article:published_time\" content=\"2018-09-21T13:05:19+00:00\" \/>\n<meta property=\"article:modified_time\" content=\"2024-04-24T17:36:27+00:00\" \/>\n<meta name=\"author\" content=\"Arthur Ventura\" \/>\n<meta name=\"twitter:card\" content=\"summary_large_image\" \/>\n<meta name=\"twitter:label1\" content=\"Escrito por\" \/>\n\t<meta name=\"twitter:data1\" content=\"Arthur Ventura\" \/>\n\t<meta name=\"twitter:label2\" content=\"Est. tempo de leitura\" \/>\n\t<meta name=\"twitter:data2\" content=\"2 minutos\" \/>\n\t<meta name=\"twitter:label3\" content=\"Written by\" \/>\n\t<meta name=\"twitter:data3\" content=\"Arthur Ventura\" \/>\n<script type=\"application\/ld+json\" class=\"yoast-schema-graph\">{\"@context\":\"https:\/\/schema.org\",\"@graph\":[{\"@type\":\"Article\",\"@id\":\"https:\/\/encartes.mx\/escuela-de-estudios-transfronterizos\/#article\",\"isPartOf\":{\"@id\":\"https:\/\/encartes.mx\/escuela-de-estudios-transfronterizos\/\"},\"author\":{\"name\":\"Arthur Ventura\",\"@id\":\"https:\/\/encartes.mx\/#\/schema\/person\/97215bba1729028a4169cab07f8e58ef\"},\"headline\":\"Escuela de estudios transfronterizos\",\"datePublished\":\"2018-09-21T13:05:19+00:00\",\"dateModified\":\"2024-04-24T17:36:27+00:00\",\"mainEntityOfPage\":{\"@id\":\"https:\/\/encartes.mx\/escuela-de-estudios-transfronterizos\/\"},\"wordCount\":321,\"commentCount\":0,\"publisher\":{\"@id\":\"https:\/\/encartes.mx\/#organization\"},\"articleSection\":[\"Entrevistas\"],\"inLanguage\":\"pt-BR\",\"potentialAction\":[{\"@type\":\"CommentAction\",\"name\":\"Comment\",\"target\":[\"https:\/\/encartes.mx\/escuela-de-estudios-transfronterizos\/#respond\"]}]},{\"@type\":\"WebPage\",\"@id\":\"https:\/\/encartes.mx\/escuela-de-estudios-transfronterizos\/\",\"url\":\"https:\/\/encartes.mx\/escuela-de-estudios-transfronterizos\/\",\"name\":\"Escuela de estudios transfronterizos &#8211; Encartes\",\"isPartOf\":{\"@id\":\"https:\/\/encartes.mx\/#website\"},\"datePublished\":\"2018-09-21T13:05:19+00:00\",\"dateModified\":\"2024-04-24T17:36:27+00:00\",\"breadcrumb\":{\"@id\":\"https:\/\/encartes.mx\/escuela-de-estudios-transfronterizos\/#breadcrumb\"},\"inLanguage\":\"pt-BR\",\"potentialAction\":[{\"@type\":\"ReadAction\",\"target\":[\"https:\/\/encartes.mx\/escuela-de-estudios-transfronterizos\/\"]}]},{\"@type\":\"BreadcrumbList\",\"@id\":\"https:\/\/encartes.mx\/escuela-de-estudios-transfronterizos\/#breadcrumb\",\"itemListElement\":[{\"@type\":\"ListItem\",\"position\":1,\"name\":\"Home\",\"item\":\"https:\/\/encartes.mx\/\"},{\"@type\":\"ListItem\",\"position\":2,\"name\":\"Escuela de estudios transfronterizos\"}]},{\"@type\":\"WebSite\",\"@id\":\"https:\/\/encartes.mx\/#website\",\"url\":\"https:\/\/encartes.mx\/\",\"name\":\"Encartes\",\"description\":\"Revista digital multimedia\",\"publisher\":{\"@id\":\"https:\/\/encartes.mx\/#organization\"},\"potentialAction\":[{\"@type\":\"SearchAction\",\"target\":{\"@type\":\"EntryPoint\",\"urlTemplate\":\"https:\/\/encartes.mx\/?s={search_term_string}\"},\"query-input\":\"required name=search_term_string\"}],\"inLanguage\":\"pt-BR\"},{\"@type\":\"Organization\",\"@id\":\"https:\/\/encartes.mx\/#organization\",\"name\":\"Encartes Antropol\u00f3gicos\",\"url\":\"https:\/\/encartes.mx\/\",\"logo\":{\"@type\":\"ImageObject\",\"inLanguage\":\"pt-BR\",\"@id\":\"https:\/\/encartes.mx\/#\/schema\/logo\/image\/\",\"url\":\"https:\/\/encartes.mx\/wp-content\/uploads\/2017\/04\/Logo-04.png\",\"contentUrl\":\"https:\/\/encartes.mx\/wp-content\/uploads\/2017\/04\/Logo-04.png\",\"width\":338,\"height\":306,\"caption\":\"Encartes Antropol\u00f3gicos\"},\"image\":{\"@id\":\"https:\/\/encartes.mx\/#\/schema\/logo\/image\/\"}},{\"@type\":\"Person\",\"@id\":\"https:\/\/encartes.mx\/#\/schema\/person\/97215bba1729028a4169cab07f8e58ef\",\"name\":\"Arthur Ventura\",\"image\":{\"@type\":\"ImageObject\",\"inLanguage\":\"pt-BR\",\"@id\":\"https:\/\/encartes.mx\/#\/schema\/person\/image\/8a45818ea77a67a00c058d294424a6f6\",\"url\":\"https:\/\/secure.gravatar.com\/avatar\/e8ff614b2fa0d91ff6c65f328a272c53?s=96&d=identicon&r=g\",\"contentUrl\":\"https:\/\/secure.gravatar.com\/avatar\/e8ff614b2fa0d91ff6c65f328a272c53?s=96&d=identicon&r=g\",\"caption\":\"Arthur Ventura\"}}]}<\/script>\n<!-- \/ Yoast SEO plugin. -->","yoast_head_json":{"title":"Escuela de estudios transfronterizos &#8211; Encartes","robots":{"index":"index","follow":"follow","max-snippet":"max-snippet:-1","max-image-preview":"max-image-preview:large","max-video-preview":"max-video-preview:-1"},"canonical":"https:\/\/encartes.mx\/pt\/escuela-de-estudios-transfronterizos\/","og_locale":"pt_BR","og_type":"article","og_title":"Escuela de estudios transfronterizos &#8211; Encartes","og_description":"Como parte de las actividades del la Feria Internacional del Libro de Guadalajara entrevistamos a Carlos V\u00e9lez-Ib\u00e1\u00f1ez, fundador, profesor y director de la Escuela de Estudios Transfronterizos en la Universidad Estatal de Arizona (ASU por sus siglas en ingl\u00e9s). Nos habl\u00f3 sobre la historia, los programas acad\u00e9micos y proyectos de investigaci\u00f3n que se desarrollan en la Escuela, enfocados en migrantes e hijos de migrantes. Adem\u00e1s describi\u00f3 un proyecto de digitalizaci\u00f3n de mapas que datan del siglo XVI al siglo XIX de la regi\u00f3n suroeste de Estados Unidos, en particular Arizona, Nuevo M\u00e9xico y California.","og_url":"https:\/\/encartes.mx\/pt\/escuela-de-estudios-transfronterizos\/","og_site_name":"Encartes","article_published_time":"2018-09-21T13:05:19+00:00","article_modified_time":"2024-04-24T17:36:27+00:00","author":"Arthur Ventura","twitter_card":"summary_large_image","twitter_misc":{"Escrito por":"Arthur Ventura","Est. tempo de leitura":"2 minutos","Written by":"Arthur Ventura"},"schema":{"@context":"https:\/\/schema.org","@graph":[{"@type":"Article","@id":"https:\/\/encartes.mx\/escuela-de-estudios-transfronterizos\/#article","isPartOf":{"@id":"https:\/\/encartes.mx\/escuela-de-estudios-transfronterizos\/"},"author":{"name":"Arthur Ventura","@id":"https:\/\/encartes.mx\/#\/schema\/person\/97215bba1729028a4169cab07f8e58ef"},"headline":"Escuela de estudios transfronterizos","datePublished":"2018-09-21T13:05:19+00:00","dateModified":"2024-04-24T17:36:27+00:00","mainEntityOfPage":{"@id":"https:\/\/encartes.mx\/escuela-de-estudios-transfronterizos\/"},"wordCount":321,"commentCount":0,"publisher":{"@id":"https:\/\/encartes.mx\/#organization"},"articleSection":["Entrevistas"],"inLanguage":"pt-BR","potentialAction":[{"@type":"CommentAction","name":"Comment","target":["https:\/\/encartes.mx\/escuela-de-estudios-transfronterizos\/#respond"]}]},{"@type":"WebPage","@id":"https:\/\/encartes.mx\/escuela-de-estudios-transfronterizos\/","url":"https:\/\/encartes.mx\/escuela-de-estudios-transfronterizos\/","name":"Escuela de estudios transfronterizos &#8211; Encartes","isPartOf":{"@id":"https:\/\/encartes.mx\/#website"},"datePublished":"2018-09-21T13:05:19+00:00","dateModified":"2024-04-24T17:36:27+00:00","breadcrumb":{"@id":"https:\/\/encartes.mx\/escuela-de-estudios-transfronterizos\/#breadcrumb"},"inLanguage":"pt-BR","potentialAction":[{"@type":"ReadAction","target":["https:\/\/encartes.mx\/escuela-de-estudios-transfronterizos\/"]}]},{"@type":"BreadcrumbList","@id":"https:\/\/encartes.mx\/escuela-de-estudios-transfronterizos\/#breadcrumb","itemListElement":[{"@type":"ListItem","position":1,"name":"Home","item":"https:\/\/encartes.mx\/"},{"@type":"ListItem","position":2,"name":"Escuela de estudios transfronterizos"}]},{"@type":"WebSite","@id":"https:\/\/encartes.mx\/#website","url":"https:\/\/encartes.mx\/","name":"Encartes","description":"Revista multim\u00eddia digital","publisher":{"@id":"https:\/\/encartes.mx\/#organization"},"potentialAction":[{"@type":"SearchAction","target":{"@type":"EntryPoint","urlTemplate":"https:\/\/encartes.mx\/?s={search_term_string}"},"query-input":"required name=search_term_string"}],"inLanguage":"pt-BR"},{"@type":"Organization","@id":"https:\/\/encartes.mx\/#organization","name":"Inser\u00e7\u00f5es antropol\u00f3gicas","url":"https:\/\/encartes.mx\/","logo":{"@type":"ImageObject","inLanguage":"pt-BR","@id":"https:\/\/encartes.mx\/#\/schema\/logo\/image\/","url":"https:\/\/encartes.mx\/wp-content\/uploads\/2017\/04\/Logo-04.png","contentUrl":"https:\/\/encartes.mx\/wp-content\/uploads\/2017\/04\/Logo-04.png","width":338,"height":306,"caption":"Encartes Antropol\u00f3gicos"},"image":{"@id":"https:\/\/encartes.mx\/#\/schema\/logo\/image\/"}},{"@type":"Person","@id":"https:\/\/encartes.mx\/#\/schema\/person\/97215bba1729028a4169cab07f8e58ef","name":"Arthur Ventura","image":{"@type":"ImageObject","inLanguage":"pt-BR","@id":"https:\/\/encartes.mx\/#\/schema\/person\/image\/8a45818ea77a67a00c058d294424a6f6","url":"https:\/\/secure.gravatar.com\/avatar\/e8ff614b2fa0d91ff6c65f328a272c53?s=96&d=identicon&r=g","contentUrl":"https:\/\/secure.gravatar.com\/avatar\/e8ff614b2fa0d91ff6c65f328a272c53?s=96&d=identicon&r=g","caption":"Arthur Ventura"}}]}},"jetpack_sharing_enabled":true,"jetpack_featured_media_url":"","_links":{"self":[{"href":"https:\/\/encartes.mx\/pt\/wp-json\/wp\/v2\/posts\/30798","targetHints":{"allow":["GET"]}}],"collection":[{"href":"https:\/\/encartes.mx\/pt\/wp-json\/wp\/v2\/posts"}],"about":[{"href":"https:\/\/encartes.mx\/pt\/wp-json\/wp\/v2\/types\/post"}],"author":[{"embeddable":true,"href":"https:\/\/encartes.mx\/pt\/wp-json\/wp\/v2\/users\/4"}],"replies":[{"embeddable":true,"href":"https:\/\/encartes.mx\/pt\/wp-json\/wp\/v2\/comments?post=30798"}],"version-history":[{"count":9,"href":"https:\/\/encartes.mx\/pt\/wp-json\/wp\/v2\/posts\/30798\/revisions"}],"predecessor-version":[{"id":38846,"href":"https:\/\/encartes.mx\/pt\/wp-json\/wp\/v2\/posts\/30798\/revisions\/38846"}],"wp:attachment":[{"href":"https:\/\/encartes.mx\/pt\/wp-json\/wp\/v2\/media?parent=30798"}],"wp:term":[{"taxonomy":"category","embeddable":true,"href":"https:\/\/encartes.mx\/pt\/wp-json\/wp\/v2\/categories?post=30798"},{"taxonomy":"post_tag","embeddable":true,"href":"https:\/\/encartes.mx\/pt\/wp-json\/wp\/v2\/tags?post=30798"},{"taxonomy":"author","embeddable":true,"href":"https:\/\/encartes.mx\/pt\/wp-json\/wp\/v2\/coauthors?post=30798"}],"curies":[{"name":"wp","href":"https:\/\/api.w.org\/{rel}","templated":true}]}}