{"id":30536,"date":"2018-09-21T13:16:53","date_gmt":"2018-09-21T13:16:53","guid":{"rendered":"https:\/\/encartesantropologicos.mx\/wordpress\/?p=30536"},"modified":"2023-11-17T19:07:06","modified_gmt":"2023-11-18T01:07:06","slug":"fotografia-antropologia-mexico","status":"publish","type":"post","link":"https:\/\/encartes.mx\/pt\/fotografia-antropologia-mexico\/","title":{"rendered":"Tr\u00eas instant\u00e2neos da rela\u00e7\u00e3o entre a fotografia cient\u00edfica e a antropologia no M\u00e9xico"},"content":{"rendered":"<h2 class=\"wp-block-heading\">Sum\u00e1rio<\/h2>\n\n\n\n<p class=\"abstract\">Este artigo apresenta uma vis\u00e3o geral do uso da fotografia como recurso metodol\u00f3gico no trabalho cient\u00edfico da antropologia mexicana. O relato abrange o per\u00edodo de 1840 at\u00e9 os dias atuais, com \u00eanfase em tr\u00eas per\u00edodos. No primeiro, destaca-se como os primeiros fot\u00f3grafos viajantes que chegaram ao pa\u00eds estabeleceram a rela\u00e7\u00e3o com a antropologia. No segundo, s\u00e3o revisados tr\u00eas projetos que levaram aos primeiros mapas etnogr\u00e1ficos da popula\u00e7\u00e3o ind\u00edgena no M\u00e9xico. Na terceira, s\u00e3o mencionadas algumas pesquisas do s\u00e9culo XXI que analisam e criticam as m\u00faltiplas nuances e formas que essa rela\u00e7\u00e3o adotou.<\/p>\n\n\n\n<p class=\"abstract\">Palavras-chave: <a href=\"https:\/\/encartes.mx\/pt\/tag\/antropologia\/\" rel=\"tag\">Antropologia<\/a>, <a href=\"https:\/\/encartes.mx\/pt\/tag\/fotografia\/\" rel=\"tag\">fotografia<\/a>, <a href=\"https:\/\/encartes.mx\/pt\/tag\/investigacion\/\" rel=\"tag\">pesquisa<\/a>, <a href=\"https:\/\/encartes.mx\/pt\/tag\/metodologia\/\" rel=\"tag\">metodologia<\/a>, <a href=\"https:\/\/encartes.mx\/pt\/tag\/practicas-cientificas\/\" rel=\"tag\">pr\u00e1ticas cient\u00edficas<\/a><\/p>\n\n\n<p class=\"en-title\">Three Snapshots Of The Relationship Between Scientific Photography And Anthropology in Mexico (Tr\u00eas Instant\u00e2neos da Rela\u00e7\u00e3o entre Fotografia Cient\u00edfica e Antropologia no M\u00e9xico)<\/p>\n\n\n\n<p class=\"abstract en-text\">Este artigo apresenta uma vis\u00e3o geral do uso da fotografia como recurso metodol\u00f3gico para o trabalho cient\u00edfico na antropologia mexicana. S\u00e3o enfatizados tr\u00eas per\u00edodos que v\u00e3o desde a d\u00e9cada de 1840 at\u00e9 o presente. A primeira se\u00e7\u00e3o analisa como os primeiros fot\u00f3grafos itinerantes que vieram para o M\u00e9xico criaram um v\u00ednculo com a antropologia. A segunda se\u00e7\u00e3o analisa tr\u00eas projetos que levaram aos primeiros mapas etnogr\u00e1ficos das popula\u00e7\u00f5es ind\u00edgenas do M\u00e9xico. A terceira se\u00e7\u00e3o examina a pesquisa do s\u00e9culo XXI que analisa e critica as m\u00faltiplas formas e nuances que essa rela\u00e7\u00e3o assumiu.<\/p>\n\n\n\n<p class=\"abstract en-text\">Palavras-chave: Fotografia, antropologia, metodologia, pesquisa, pr\u00e1ticas cient\u00edficas.<\/p>\n\n\n\n<h2 class=\"wp-block-heading\">Apresenta\u00e7\u00e3o<\/h2>\n\n\n\n<p class=\"abstract translation-block\"><span class=\"dropcap\">Este artigo \u00e9 derivado da pesquisa que realizei para minha tese de doutorado.<a class=\"anota\" id=\"anota1\" data-footnote=\"1\" target=\"_self\">1<\/a> Na tese, procurei dar conta dos usos metodol\u00f3gicos da fotografia na pesquisa cient\u00edfica em algumas \u00e1reas das ci\u00eancias sociais e humanas no M\u00e9xico. Para construir a pesquisa, estabeleci um panorama hist\u00f3rico da rela\u00e7\u00e3o entre a fotografia, entendida como ferramenta cient\u00edfica, e as ci\u00eancias sociais e humanas em nosso pa\u00eds, al\u00e9m de revisar os trabalhos publicados nas disciplinas selecionadas que indicavam expressamente o uso metodol\u00f3gico da fotografia. Ou seja, nem na tese nem neste artigo incluo trabalhos puramente fotogr\u00e1ficos ou publica\u00e7\u00f5es de car\u00e1ter ensa\u00edstico sobre as rela\u00e7\u00f5es com a fotografia ou a imagem em geral, mas aqueles que se referem ao uso da fotografia cient\u00edfica ou ao uso cient\u00edfico da fotografia e as disciplinas estudadas, no caso deste artigo a antropologia.<\/p>\n\n\n\n<p>Descreverei agora tr\u00eas per\u00edodos que considero relevantes para explicar, na forma de um esbo\u00e7o hist\u00f3rico, as caracter\u00edsticas da vincula\u00e7\u00e3o, da compreens\u00e3o e do uso da fotografia (cient\u00edfica ou para fins cient\u00edficos) na antropologia mexicana, desde suas origens pr\u00e9-cient\u00edficas at\u00e9 as explora\u00e7\u00f5es cr\u00edticas contempor\u00e2neas ou revis\u00f5es recentes desses primeiros trabalhos de aventureiros ou artistas.<\/p>\n\n\n\n<h2 class=\"wp-block-heading\">O v\u00ednculo entre antropologia e fotografia no M\u00e9xico<\/h2>\n\n\n\n<p class=\"abstract\">A rela\u00e7\u00e3o entre a antropologia e a fotografia \u00e9 t\u00e3o antiga quanto o surgimento dessa t\u00e9cnica. Desde sua apresenta\u00e7\u00e3o na Academia de Ci\u00eancias de Paris, uma das vantagens destacadas foi seu potencial como ferramenta de apoio cient\u00edfico, que vem sendo desenvolvido desde sua inven\u00e7\u00e3o.<\/p>\n\n\n\n<p>Os primeiros trabalhos de renome mundial que utilizam a fotografia nas ci\u00eancias sociais s\u00e3o as pesquisas de Franz Boas, Margaret Mead e Gregory Bateson. Mais tarde, a contribui\u00e7\u00e3o metodol\u00f3gica de John Collier (1986) relembra e chama a aten\u00e7\u00e3o para a fotografia como um recurso elementar na antropologia. Nessas pesquisas, a fotografia \u00e9 usada dentro dos limites e expectativas \"tradicionais\" da disciplina, atendendo \u00e0s necessidades de sua \u00e1rea de estudo, ou seja, como uma nota\u00e7\u00e3o de campo visual.<\/p>\n\n\n\n<p>No M\u00e9xico, n\u00e3o h\u00e1 nenhum trabalho que tenha tido a penetra\u00e7\u00e3o e a difus\u00e3o das refer\u00eancias anteriores, que lan\u00e7aram as bases para o desenvolvimento de um grande n\u00famero de trabalhos realizados posteriormente, n\u00e3o apenas por antrop\u00f3logos, mas tamb\u00e9m por cientistas sociais em geral. Entretanto, a rela\u00e7\u00e3o entre fotografia e antropologia no M\u00e9xico \u00e9 muito mais antiga. Nesse campo, Samuel Villela enfatizou o papel primordial desempenhado pelos fot\u00f3grafos viajantes no estabelecimento de uma rela\u00e7\u00e3o mais pr\u00f3xima, uma vez que<\/p>\n\n\n\n<p class=\"large-quote\">Motivados pelo desejo de documentar a face de povos desconhecidos e ex\u00f3ticos, eles entrar\u00e3o nas passagens mais in\u00f3spitas e fornecer\u00e3o informa\u00e7\u00f5es que ser\u00e3o cruzadas com novas abordagens te\u00f3ricas da diversidade cultural da humanidade e, com o crivo do m\u00e9todo comparativo e das t\u00e9cnicas de pesquisa <em>in situ<\/em>A nova pesquisa estabelecer\u00e1 as bases para uma melhor compreens\u00e3o do desenvolvimento humano (1998: 106).<\/p>\n\n\n\n<p>Debroise (2005) aponta Fran\u00e7ois Aubert como o primeiro a fotografar a popula\u00e7\u00e3o mexicana em suas diferentes atividades e, assim, produzir um trabalho sobre \"tipos populares\"; no entanto, Villela (1998) coloca como seu predecessor C. Th\u00e9odore Tifereau, que em 1845 come\u00e7ou a fotografar as popula\u00e7\u00f5es do M\u00e9xico.<\/p>\n\n\n<div class=\"image-slider\">\n                <div class=\"frame\">\n                    <div class=\"picture\" itemscope itemtype=\"http:\/\/schema.org\/ImageGallery\">\n                        <figure itemprop=\"associatedMedia\" itemscope itemtype=\"http:\/\/schema.org\/ImageObject\" class=\"slider-element\">\n                              <a href=\"https:\/\/upload.wikimedia.org\/wikipedia\/commons\/c\/cb\/Architectural_Study_in_Mexico_MET_DP-388-028.jpg\" itemprop=\"contentUrl\" data-size=\"3911x2888\" data-index=\"0\" data-caption=\"Aubert, Fran\u00e7ois (1864\u201369), Architectural Study in Mexico. Recuperado de: https:\/\/www.metmuseum.org\/art\/collection\/search\/285901 v\u00eda Wikimedia Commons. Dominio p\u00fablico.\" >\n                                <img decoding=\"async\" src=\"https:\/\/upload.wikimedia.org\/wikipedia\/commons\/c\/cb\/Architectural_Study_in_Mexico_MET_DP-388-028.jpg\" itemprop=\"thumbnail\">\n                                <i class=\"fa fa-expand expand\" aria-hidden=\"true\"><\/i>\n                            <\/a>\n                            <\/figure>                    <\/div>    \n                <\/div>\n                    <div class=\"caption\">Aubert, Fran\u00e7ois (1864-69), Architectural Study in Mexico (Estudo arquitet\u00f4nico no M\u00e9xico). Recuperado de: https:\/\/www.metmuseum.org\/art\/collection\/search\/285901 via Wikimedia Commons. Dom\u00ednio p\u00fablico.<\/div><div class=\"image-analysis\"><\/div>                <div class=\"bullets\"><\/div>\n            <\/div>\n\n\n\n<p>Deve ficar claro que algumas das imagens fundamentais desse nexo entre ci\u00eancia e fotografia foram produzidas para esse fim usando o novo meio, mas outras foram vistas como fontes valiosas para a an\u00e1lise cient\u00edfica de fen\u00f4menos sociais.<\/p>\n\n\n\n<p>O interesse desses exploradores resultou em uma grande contribui\u00e7\u00e3o para disciplinas como a arqueologia e se estendeu \u00e0 etnografia; nessa \u00e1rea, encontramos o trabalho de Lumholtz, um dos principais expoentes do interesse etnogr\u00e1fico cient\u00edfico por meio de imagens (Del Castillo, 2005). Lumholtz, entre 1890 e 1910, financiado pelo Museu Americano de Hist\u00f3ria Natural de Nova York, estudou alguns grupos ind\u00edgenas do noroeste do M\u00e9xico, como os Coras, Yaquis, Tepehuanes, Huicholes e Tarahumaras. Del Castillo (2005) considera que em suas imagens ele foi al\u00e9m do registro e mostrou um contexto amplo que colocava os personagens em seu ambiente cultural, seguindo a linha do estudo abrangente de Franz Boaz. Entretanto, o interesse pela fotografia como ferramenta cient\u00edfica surge desde a \u00e9poca de sua descoberta.<\/p>\n\n\n<div class=\"image-slider\">\n                <div class=\"frame\">\n                    <div class=\"picture\" itemscope itemtype=\"http:\/\/schema.org\/ImageGallery\">\n                        <figure itemprop=\"associatedMedia\" itemscope itemtype=\"http:\/\/schema.org\/ImageObject\" class=\"slider-element\">\n                              <a href=\"https:\/\/upload.wikimedia.org\/wikipedia\/commons\/8\/83\/Carl_Lumholtz_Tarahumara_Woman_Being_Weighed%2C_1892.jpg\" itemprop=\"contentUrl\" data-size=\"1459x1673\" data-index=\"0\" data-caption=\"Lumholtz, Carl (1892). Tarahumara Woman Being Weighed. Barranca de San Carlos (Sinforosa), Chihuahua. Recuperado de http:\/\/www.nybooks.com\/articles\/2016\/11\/24\/indians-slaves-and-mass-murder-the-hidden-history\/ v\u00eda Wikimedia Commons. Dominio p\u00fablico.\" >\n                                <img decoding=\"async\" src=\"https:\/\/upload.wikimedia.org\/wikipedia\/commons\/8\/83\/Carl_Lumholtz_Tarahumara_Woman_Being_Weighed%2C_1892.jpg\" itemprop=\"thumbnail\">\n                                <i class=\"fa fa-expand expand\" aria-hidden=\"true\"><\/i>\n                            <\/a>\n                            <\/figure>                    <\/div>    \n                <\/div>\n                    <div class=\"caption\">Lumholtz, Carl (1892). Mulher Tarahumara sendo pesada, Barranca de San Carlos (Sinforosa), Chihuahua. Recuperado de http:\/\/www.nybooks.com\/articles\/2016\/11\/24\/indians-slaves-and-mass-murder-the-hidden-history\/ via Wikimedia Commons. Dom\u00ednio p\u00fablico.<\/div><div class=\"image-analysis\"><\/div>                <div class=\"bullets\"><\/div>\n            <\/div>\n\n\n\n<p>J\u00e1 nas primeiras viagens de explora\u00e7\u00e3o, come\u00e7aram a ser fundadas sociedades cient\u00edficas que financiavam ou promoviam um registro mais t\u00e9cnico e intencional. No mesmo ano da introdu\u00e7\u00e3o oficial da fotografia, foi fundada a Soci\u00e9t\u00e9 Ethnologique de Paris (1839), que publicou um guia para o trabalho de campo. Em 1842, foi formada a American Ethnological Society e, em 1869, foi fundada a Geserchaft f\u00fcr Anthropologie, Ethnologie und Urgeschichte (Guti\u00e9rrez, citado em Villela, 1998: 113).<\/p>\n\n\n\n<p>Assim, em v\u00e1rios textos do per\u00edodo, como o <em>Instru\u00e7\u00f5es gerais para pesquisas antropol\u00f3gicas <\/em>Em 1879, \u00e9 poss\u00edvel encontrar instru\u00e7\u00f5es sobre como tirar fotografias para estudos etnogr\u00e1ficos:<\/p>\n\n\n\n<p class=\"large-quote\">A fotografia reproduzir\u00e1: 1\u00b0, cabe\u00e7as descobertas, que devem sempre e sem exce\u00e7\u00e3o ser tiradas \"exatamente de frente\", ou \"exatamente de perfil\", pois outros pontos de vista s\u00e3o de pouca utilidade; 2\u00b0, retratos de corpo inteiro, tirados exatamente de frente, com o sujeito de p\u00e9, se poss\u00edvel nu, e com os bra\u00e7os pendurados em ambos os lados do corpo. No entanto, retratos de corpo inteiro com a vestimenta caracter\u00edstica da tribo tamb\u00e9m s\u00e3o importantes (Broca in Naranjo, 2016: 80).<\/p>\n\n\n<div class=\"image-slider\">\n                <div class=\"frame\">\n                    <div class=\"picture\" itemscope itemtype=\"http:\/\/schema.org\/ImageGallery\">\n                        <figure itemprop=\"associatedMedia\" itemscope itemtype=\"http:\/\/schema.org\/ImageObject\" class=\"slider-element\">\n                              <a href=\"https:\/\/upload.wikimedia.org\/wikipedia\/commons\/4\/42\/Sierra_Madre_indian_-_Carl_S._Lumholtz_1895.png\" itemprop=\"contentUrl\" data-size=\"1513x2055\" data-index=\"0\" data-caption=\"Lumholtz, Carl (1895). Native american from the Sierra Madre mountains in Mexico. Recuperado de https:\/\/commons.wikimedia.org\/wiki\/File:Sierra_Madre_indian_-_Carl_S._Lumholtz_1895.png. Dominio p\u00fablico.\" >\n                                <img decoding=\"async\" src=\"https:\/\/upload.wikimedia.org\/wikipedia\/commons\/4\/42\/Sierra_Madre_indian_-_Carl_S._Lumholtz_1895.png\" itemprop=\"thumbnail\">\n                                <i class=\"fa fa-expand expand\" aria-hidden=\"true\"><\/i>\n                            <\/a>\n                            <\/figure><figure itemprop=\"associatedMedia\" itemscope itemtype=\"http:\/\/schema.org\/ImageObject\" class=\"slider-element\">\n                              <a href=\"https:\/\/upload.wikimedia.org\/wikipedia\/commons\/7\/76\/Tarahumaras1.jpg\" itemprop=\"contentUrl\" data-size=\"546x739\" data-index=\"0\" data-caption=\"Lumholtz, Carl (1892). Dos varones tarahumaras. Tuaripa, Chihuahua, M\u00e9xico. Recuperado de https:\/\/commons.wikimedia.org\/wiki\/File:Tarahumaras1.jpg. Dominio p\u00fablico.\" >\n                                <img decoding=\"async\" src=\"https:\/\/upload.wikimedia.org\/wikipedia\/commons\/7\/76\/Tarahumaras1.jpg\" itemprop=\"thumbnail\">\n                                <i class=\"fa fa-expand expand\" aria-hidden=\"true\"><\/i>\n                            <\/a>\n                            <\/figure>                    <\/div>    \n                <\/div>\n                    <div class=\"caption\">Lumholtz, Carl (1895). Nativo americano das montanhas de Sierra Madre, no M\u00e9xico. Recuperado de https:\/\/commons.wikimedia.org\/wiki\/File:Sierra_Madre_indian_-_Carl_S._Lumholtz_1895.png. Dom\u00ednio p\u00fablico.<\/div><div class=\"image-analysis\"><\/div><div class=\"caption\">Lumholtz, Carl (1892). Dois homens Tarahumara. Tuaripa, Chihuahua, M\u00e9xico. Recuperado de https:\/\/commons.wikimedia.org\/wiki\/File:Tarahumaras1.jpg. Dom\u00ednio p\u00fablico.<\/div><div class=\"image-analysis\"><\/div>                <div class=\"bullets\"><\/div>\n            <\/div>\n\n\n\n<p>A grande variedade \u00e9tnica mexicana ofereceu um espa\u00e7o ideal para colocar em pr\u00e1tica esse novo instrumento, e as vis\u00f5es do que era \"fotograf\u00e1vel\" do ponto de vista cient\u00edfico se manifestaram em instru\u00e7\u00f5es como as expostas na cita\u00e7\u00e3o de Broca, em que se enfatiza o registro \"objetivo\" (e objetificador) de cabe\u00e7as e corpos nus, embora \"com as roupas caracter\u00edsticas da tribo tamb\u00e9m sejam importantes\", porque \"o outro\" est\u00e1 sendo caracterizado e com ele \"o outro\". Nesse sentido, Dorotinsky (2013) chama a aten\u00e7\u00e3o para o trabalho etnogr\u00e1fico que foi realizado com a ajuda da fotografia sobre os povos Lacandon no final do s\u00e9culo XX. <span class=\"small-caps\">xix<\/span>e, portanto, \u00e9 anterior ao famoso trabalho de 1915 de Malinowski nas Ilhas Trobriand:<\/p>\n\n\n\n<p class=\"large-quote\">A pesquisa de Maler foi seguida pela pesquisa de Karl Sapper perto do final do s\u00e9culo. <span class=\"small-caps\">xix<\/span>e entre 1902 e 1905 as de Alfred Tozzer [...] \u00c9 esse trabalho de Tozzer,<em> Um estudo comparativo entre os maias e os lacandones<\/em>publicado em 1907, o primeiro estudo etnogr\u00e1fico cient\u00edfico desse grupo. Como parte desse estudo etnogr\u00e1fico comparativo, ou seja, mais focado em pr\u00e1ticas culturais do que em medi\u00e7\u00e3o antropom\u00e9trica, c\u00e1lculo estat\u00edstico ou somatologia, as fotografias e ilustra\u00e7\u00f5es formam uma parte importante do estudo, pois testemunham as avalia\u00e7\u00f5es do etn\u00f3logo (Dorotinsky, 2013: 81-83).<\/p>\n\n\n\n<p>H\u00e1 tamb\u00e9m o caso de Frederick Starr, que trabalhou entre 1895 e 1901 com financiamento do Museu Nacional e da Universidade de Chicago, onde fundou o departamento de antropologia (Del Castillo, 2005). Outro exemplo \u00e9 o do cientista natural Le\u00f3n Diguet, que entre 1896 e 1898, financiado pelo Minist\u00e9rio da Instru\u00e7\u00e3o P\u00fablica da Fran\u00e7a, estudou v\u00e1rios grupos ind\u00edgenas, embora seu principal trabalho tenha sido desenvolvido com os Huichols: \"A fotografia desempenhou um papel importante em seus textos, concebida como um suporte metodol\u00f3gico para o registro de dados, com predomin\u00e2ncia de imagens posadas e do olhar antropom\u00e9trico\" (Del Castillo, 2005: 66).<\/p>\n\n\n\n<p>De acordo com Del Castillo (2005), o trabalho fotogr\u00e1fico desses primeiros cientistas contribuiu para a reflex\u00e3o acad\u00eamica, pois foi divulgado nas revistas antropol\u00f3gicas mais importantes, como a<em> Journal de la Soci\u00e9t\u00e9 des Am\u00e9ricanistes <\/em>de Paris, o <em>Scientific American<\/em>o <em>Arquivo da Sociedade<\/em>\u00e0<em> Italiana di Antropollogia e di Etnologia <\/em>e o <em>Arquivo de Antropologia e Pesquisa de V\u00f6lker<\/em>.<\/p>\n\n\n\n<p>Grande parte desse trabalho forma o que Roussin chama de \"uma segunda descoberta da Am\u00e9rica\" (1993: 98), desenvolvida durante o s\u00e9culo XIX, que come\u00e7ou com a abertura do imp\u00e9rio espanhol e terminou com as escava\u00e7\u00f5es dos s\u00edtios maias no Iucat\u00e3 no final do s\u00e9culo, e na qual a interven\u00e7\u00e3o da fotografia e dos viajantes fotogr\u00e1ficos desempenhou um papel importante.<\/p>\n\n\n\n<p>Nessa vis\u00e3o geral do in\u00edcio do uso da fotografia nas ci\u00eancias sociais, particularmente na antropologia, Villela (1998) prop\u00f5e tr\u00eas per\u00edodos de liga\u00e7\u00e3o entre a fotografia de viajantes e a antropologia mexicana:<\/p>\n\n\n\n<ol class=\"wp-block-list\"><li>Pioneiros, fot\u00f3grafos itinerantes ao longo do s\u00e9culo <span class=\"small-caps\">xix<\/span>.<\/li><li>Os fot\u00f3grafos que, ap\u00f3s a revolu\u00e7\u00e3o, estabeleceram os elementos simb\u00f3licos do que \u00e9 mexicano.<\/li><li>Aqueles que trouxeram novas abordagens est\u00e9ticas e influenciaram o trabalho dos fot\u00f3grafos mexicanos (Paul Strand, Cartier-Bresson, Edward Weston, Tina Modotti).<\/li><\/ol>\n\n\n\n<p>O que fot\u00f3grafos como Paul Strand ou Tina Modotti, que foram pilares da fotografia documental no s\u00e9culo passado <span class=\"small-caps\">xx<\/span>O trabalho desses artistas no M\u00e9xico a partir da d\u00e9cada de 1930 rompe com a tradi\u00e7\u00e3o pictorialista e com toda uma forma de representa\u00e7\u00e3o de um pa\u00eds id\u00edlico e abre caminho para novas contribui\u00e7\u00f5es est\u00e9ticas que colocam a fotografia em outros f\u00f3runs e fazem com que ela comece a ser considerada como uma forma de express\u00e3o art\u00edstica. No entanto, o trabalho desses autores tamb\u00e9m \u00e9 retomado para o estudo das popula\u00e7\u00f5es ind\u00edgenas em nosso pa\u00eds e hoje \u00e9 poss\u00edvel encontr\u00e1-lo nas cole\u00e7\u00f5es que t\u00eam esse foco.<\/p>\n\n\n\n<h2 class=\"wp-block-heading\">Os primeiros mapas etnogr\u00e1ficos no M\u00e9xico<\/h2>\n\n\n\n<p class=\"abstract\">Tr\u00eas grandes projetos marcaram o desenvolvimento da fotografia etnogr\u00e1fica no M\u00e9xico. O primeiro, a Exposi\u00e7\u00e3o Hist\u00f3rica Americana em Madri, no final do s\u00e9culo XX. <span class=\"small-caps\">xix<\/span>Al\u00e9m de objetos hist\u00f3ricos e arqueol\u00f3gicos, uma parte importante das exposi\u00e7\u00f5es era composta por fotografias que mostravam lugares e a diversidade \u00e9tnica das popula\u00e7\u00f5es ind\u00edgenas do pa\u00eds. De acordo com Casanova (2008), Francisco del Paso y Troncoso, diretor do Museu Nacional e comiss\u00e1rio do projeto, era membro da Sociedade Mexicana de Fotografia e, portanto, sens\u00edvel \u00e0s possibilidades oferecidas pela fotografia, raz\u00e3o pela qual incentivou ativamente seu uso.<\/p>\n\n\n\n<p class=\"large-quote\">As fotografias que participaram dessa exposi\u00e7\u00e3o e as informa\u00e7\u00f5es sobre elas no cat\u00e1logo revelam usos significativos desse meio e sua interpreta\u00e7\u00e3o como uma ferramenta de registro para a etnografia mexicana em um per\u00edodo em que ela ainda n\u00e3o estava imersa na pr\u00e1tica da fotografia antropom\u00e9trica (Rodr\u00edguez, 1998: 125).<\/p>\n\n\n<div class=\"iframe-left\"><a title=\"Exposi\u00e7\u00e3o Hist\u00f3rico-Americana de Madri 1892\" href=\"https:\/\/www.flickr.com\/photos\/bibliotecabne\/7830094208\/in\/album-72157631174049584\/\" data-flickr-embed=\"true\" data-footer=\"true\" data-context=\"true\"><img loading=\"lazy\" decoding=\"async\" src=\"https:\/\/farm8.staticflickr.com\/7255\/7830094208_bf6ed63462_n.jpg\" alt=\"Exposici\u00f3n Hist\u00f3rico-Americana de Madrid 1892\" width=\"320\" height=\"251\"><\/a><script async=\"\" src=\"\/\/embedr.flickr.com\/assets\/client-code.js\" charset=\"utf-8\"><\/script><\/div>\n\n\n\n<p>Georgina Rodr\u00edguez (1998) destaca que a exposi\u00e7\u00e3o foi de car\u00e1ter acad\u00eamico, o que representou uma oportunidade de mostrar o M\u00e9xico na Europa e, ao mesmo tempo, deu origem a v\u00e1rios projetos nacionais de pesquisa, como expedi\u00e7\u00f5es e aquisi\u00e7\u00e3o de cole\u00e7\u00f5es particulares que beneficiaram diretamente a antropologia e a etnografia, sobretudo pelo uso de registros fotogr\u00e1ficos em pesquisas de campo. Para a exposi\u00e7\u00e3o a ser realizada em Madri, o Museu Nacional foi o centro operacional da comiss\u00e3o e foi respons\u00e1vel pela pesquisa, para a qual tamb\u00e9m montou a oficina de fotografia, o que significou a incorpora\u00e7\u00e3o de uma t\u00e9cnica de apoio que surgiu ao mesmo tempo que a antropologia e que foi inscrita como uma ferramenta valiosa em sua consolida\u00e7\u00e3o (Ram\u00edrez, 2009).<\/p>\n\n\n\n<p>As fotografias apresentadas na exposi\u00e7\u00e3o foram coletadas ou tiradas por fot\u00f3grafos comerciais comissionados pelos governadores dos estados que atenderam ao chamado de Del Paso y Troncoso, ou obtidas em expedi\u00e7\u00f5es cient\u00edficas especiais, como a Expedi\u00e7\u00e3o Cient\u00edfica Cempoala, em Veracruz, que passou oito meses documentando os arredores da \u00e1rea e seus habitantes,<\/p>\n\n\n\n<p class=\"large-quote\">E, embora buscassem objetivar os sujeitos fotografados, despojando-os de sua individualidade, n\u00e3o chegavam a \"cosific\u00e1-los\", como no registro antropom\u00e9trico. Como s\u00e3o tiradas ao ar livre, registram o ambiente e, ao contar com as descri\u00e7\u00f5es, provavelmente feitas ou fornecidas para o cat\u00e1logo diretamente pelos fot\u00f3grafos, o resultado oferece uma abordagem etnogr\u00e1fica bastante completa (Rodr\u00edguez, 1998: 131).<\/p>\n\n\n\n<p>Por outro lado, Rodr\u00edguez (1998) menciona que havia outro grupo de fotografias pr\u00f3ximas ao registro antropom\u00e9trico, que anunciava uma forma de registro fotogr\u00e1fico que antecipava uma forma de controle e uma pr\u00e1tica cient\u00edfica para o registro \u00e9tnico que seria realizado no M\u00e9xico. Del Castillo (2005) e Ram\u00edrez (2009) reiteram Rodr\u00edguez (1998) quando ele indica que essas s\u00e3o as origens do primeiro mapa etnogr\u00e1fico feito no M\u00e9xico, com a ajuda da fotografia, que mostrava a diversidade \u00e9tnica. Al\u00e9m disso, \"deve-se ressaltar que a Exposi\u00e7\u00e3o Hist\u00f3rico-Americana de Madri foi uma das primeiras em que o M\u00e9xico participou com uma apresenta\u00e7\u00e3o maci\u00e7a de materiais fotogr\u00e1ficos com os quais aspectos arqueol\u00f3gicos e etnol\u00f3gicos foram documentados e ilustrados, uma pr\u00e1tica que se tornou comum a partir de ent\u00e3o\" (Casanova, 2008: 78).<\/p>\n\n\n\n<p>O segundo projeto que fortaleceu a rela\u00e7\u00e3o entre fotografia e antropologia no M\u00e9xico foi, em 1895, o <span class=\"small-caps\">xi<\/span> Congresso Americanista, que apresentou uma exposi\u00e7\u00e3o no Museu Nacional com base no trabalho e nos materiais usados para a exposi\u00e7\u00e3o na Espanha. De acordo com Del Castillo (2005), esse evento foi mais importante no M\u00e9xico do que a Exposici\u00f3n Hist\u00f3rico-Americana, n\u00e3o apenas por ter ocorrido no pa\u00eds, mas tamb\u00e9m pela cobertura dada pela imprensa da \u00e9poca e, mais uma vez, na exposi\u00e7\u00e3o montada nesse Congresso, a fotografia desempenhou um papel importante, pois foram exibidas 500 imagens de diferentes grupos \u00e9tnicos.<\/p>\n\n\n\n<p>Ram\u00edrez (2009) considera que essas exposi\u00e7\u00f5es estabeleceram as diretrizes que guiaram o in\u00edcio da antropologia em nosso pa\u00eds, j\u00e1 que, como resultado desses eventos, foi obtida uma importante cole\u00e7\u00e3o de objetos arqueol\u00f3gicos, que foram apresentados na exposi\u00e7\u00e3o na Espanha, bem como um grande n\u00famero de fotografias que formaram o arquivo do que viria a ser a primeira cartografia etnogr\u00e1fica do pa\u00eds e, al\u00e9m disso, a cria\u00e7\u00e3o da oficina de fotografia que continuaria a ser usada mais tarde. Al\u00e9m disso, como resultado da Exposi\u00e7\u00e3o Hist\u00f3rica Americana e da <span class=\"small-caps\">xi<\/span> No Congresso Americanista, o departamento hist\u00f3rico e arqueol\u00f3gico foi reformado e novas salas foram abertas, incluindo uma para antropologia e etnografia. Por outro lado, foi formada uma nova cole\u00e7\u00e3o de fotografias que inclu\u00eda \"1.645 imagens, das quais 478 eram de tipos ind\u00edgenas e aspectos culturais de v\u00e1rios grupos \u00e9tnicos do pa\u00eds e 1.167 registravam alguns aspectos da cultura material desses grupos, bem como animais, plantas, forma\u00e7\u00f5es rochosas e vistas panor\u00e2micas de comunidades e fazendas\" (Ram\u00edrez, 2009: 299) (Ram\u00edrez, 2009: 299). Com isso, o museu abriu suas portas para estudos antropol\u00f3gicos que complementaram os estudos arqueol\u00f3gicos e hist\u00f3ricos. Ram\u00edrez (2009) destaca que essa foi a semente da qual surgiu a institucionaliza\u00e7\u00e3o, o desenvolvimento e a profissionaliza\u00e7\u00e3o da antropologia mexicana, cujo espa\u00e7o de consolida\u00e7\u00e3o foi o Museu Nacional, que, em 1905, o Minist\u00e9rio da Educa\u00e7\u00e3o P\u00fablica habilitou como um centro de ensino formal onde se ensinava hist\u00f3ria, arqueologia, etnografia e l\u00edngua mexicana.<\/p>\n\n\n\n<p>O terceiro grande projeto diretamente relacionado \u00e0 fotografia etnogr\u00e1fica em nosso pa\u00eds foi a Exposi\u00e7\u00e3o Etnogr\u00e1fica do Instituto de Pesquisas Sociais (Instituto de Investigaciones Sociales (<span class=\"small-caps\">iis<\/span>) da Universidade Nacional Aut\u00f4noma do M\u00e9xico (<span class=\"small-caps\">unam<\/span>).<\/p>\n\n\n\n<p>Em 1939, Lucio Mendieta y N\u00fa\u00f1ez assume a ger\u00eancia do <span class=\"small-caps\">iis<\/span> do <span class=\"small-caps\">unam<\/span> e, entre as mudan\u00e7as e linhas de a\u00e7\u00e3o, advertiu que, para o Instituto, seria priorit\u00e1rio realizar uma sociologia aplicada ao complexo e extenso ambiente social mexicano; para isso, a organiza\u00e7\u00e3o do Instituto conteria cinco se\u00e7\u00f5es, a primeira das quais seria a sociologia, e foi declarado que seriam realizados \"estudos e pesquisas sociol\u00f3gicas no sentido mais amplo [...] estudos de natureza etnol\u00f3gica, etnogr\u00e1fica, estat\u00edstica e demogr\u00e1fica\" (Mendieta, 1939: 9) (Mendieta, 1939: 9). Lucio Mendieta (1939) tamb\u00e9m anunciou naquela \u00e9poca um grande projeto etnogr\u00e1fico a ser realizado com a ajuda da fotografia, a Exposici\u00f3n Etnogr\u00e1fica del <span class=\"small-caps\">iis<\/span> do <span class=\"small-caps\">unam<\/span>. O objetivo era estabelecer uma investiga\u00e7\u00e3o sistem\u00e1tica do que, para ele, ainda era um assunto desconhecido no pa\u00eds: a popula\u00e7\u00e3o ind\u00edgena do M\u00e9xico. \"A exposi\u00e7\u00e3o consistir\u00e1 em uma s\u00e9rie de lotes de fotografias do tipo f\u00edsico, habita\u00e7\u00e3o, vestu\u00e1rio, pequenas ind\u00fastrias, instrumentos de produ\u00e7\u00e3o e objetos produzidos por todas as ra\u00e7as ind\u00edgenas que habitam o territ\u00f3rio mexicano\" (<em>Revista Mexicana de Sociolog\u00eda<\/em>, 1939: 63). Esse trabalho renderia um material metodicamente obtido e ordenado que tamb\u00e9m seria uma contribui\u00e7\u00e3o para o trabalho indigenista do Presidente C\u00e1rdenas, a quem o projeto foi enviado e que seria o patrocinador da exposi\u00e7\u00e3o que seria apresentada no final de 1939. Essa exposi\u00e7\u00e3o tamb\u00e9m planejava convocar \"pequenos industriais abor\u00edgenes\" para realizar um concurso de seus produtos com a inten\u00e7\u00e3o de tornar seu trabalho conhecido, j\u00e1 que \"a humilde atividade econ\u00f4mica dos povos ind\u00edgenas\" sempre foi subestimada e esquecida (<em>Revista Mexicana de Sociolog\u00eda<\/em>1939: 64), os intelectuais interessados no estudo de \"problemas\" \u00e9tnicos tamb\u00e9m eram convidados a dar palestras sobre t\u00f3picos sociol\u00f3gicos.<\/p>\n\n\n\n<p>O Instituto, declarou Lucio Mendieta (1939), pretendia com a Exposi\u00e7\u00e3o criar a base de um museu etnogr\u00e1fico que n\u00e3o existia at\u00e9 ent\u00e3o. Para Dorotinsky (2007), esse projeto cristalizou o valor da fotografia na \u00e9poca e justificou a cria\u00e7\u00e3o de um arquivo para cumprir a fun\u00e7\u00e3o de conserva\u00e7\u00e3o diante de uma ideia de extin\u00e7\u00e3o:<\/p>\n\n\n\n<p class=\"large-quote\">Esses prop\u00f3sitos cient\u00edficos, tipol\u00f3gicos, colecionistas, museol\u00f3gicos e promocionais derivam do valor dado \u00e0 imagem fotogr\u00e1fica em seu papel de documento [...] expressam claramente o prop\u00f3sito de exibir, mostrar e articular, diante dos olhos de um p\u00fablico n\u00e3o ind\u00edgena, a realidade do M\u00e9xico desconhecido com um projeto duplo: manter e mostrar, conservar e exibir (Dorotinsky, 2007: 69).<\/p>\n\n\n\n<p>A exposi\u00e7\u00e3o n\u00e3o foi realizada no final de 1939, mas o projeto continuou at\u00e9 1946, quando foi apresentado por vinte dias no Pal\u00e1cio de Belas Artes. Antes disso, o f\u00f3rum para mostrar as imagens do projeto, que era a Exposi\u00e7\u00e3o Etnogr\u00e1fica, era o <em>Revista Mexicana de Sociolog\u00eda<\/em>tamb\u00e9m criado em 1939 como um \u00f3rg\u00e3o de divulga\u00e7\u00e3o do <span class=\"small-caps\">iis<\/span>.<\/p>\n\n\n\n<p>A exposi\u00e7\u00e3o foi patrocinada pela <span class=\"small-caps\">unam<\/span> em 1946. De acordo com Mendieta, por raz\u00f5es or\u00e7ament\u00e1rias, apenas uma parte m\u00ednima da cole\u00e7\u00e3o obtida pelos pesquisadores do Instituto nesse projeto foi exibida:<\/p>\n\n\n\n<p class=\"large-quote\">A exposi\u00e7\u00e3o etnogr\u00e1fica <em>M\u00e9xico ind\u00edgena<\/em> \u00e9 composto por uma cole\u00e7\u00e3o de fotografias e dados dispostos em tabelas sint\u00e9ticas sobre os quarenta e oito grupos \u00e9tnicos que habitam o territ\u00f3rio da Rep\u00fablica Mexicana, com o objetivo de dar, de forma gr\u00e1fica, pl\u00e1stica e objetiva, uma ideia aproximada do estado da cultura que esses grupos raciais t\u00eam neste momento, do problema social que representam e de suas poss\u00edveis solu\u00e7\u00f5es (Mendieta, 1946a: 315).<\/p>\n\n\n\n<p>Para Mendieta, o material da cole\u00e7\u00e3o era \u00fanico, \"abundante e rico em sugest\u00f5es cient\u00edficas e art\u00edsticas\" (1946a: 315), embora as fotografias mostradas tenham sido escolhidas por seu valor documental, a fim de fazer um apelo nacional para lembrar que \"nas entranhas vivas da p\u00e1tria existem m\u00faltiplos grupos humanos de cultura primitiva ou atrasada que vegetam \u00e0 margem da civiliza\u00e7\u00e3o e constituem, por isso mesmo, um grave problema racial, econ\u00f4mico e cultural que deve ser resolvido\" (Mendieta, 1946: 457).<\/p>\n\n\n\n<p>Dorotinsky (2007) observou que o arquivo fotogr\u00e1fico criado como resultado do projeto de exposi\u00e7\u00e3o etnogr\u00e1fica teve diferentes momentos e leituras, pois foi exibido pela primeira vez na exposi\u00e7\u00e3o de 1946 e depois em 1989, com uma nova exposi\u00e7\u00e3o chamada <em>Sinais de identidade<\/em>cujo cat\u00e1logo de livros foi publicado:<\/p>\n\n\n\n<p class=\"large-quote\">Quarenta anos depois, o Instituto de Investigaciones Sociales da Universidad Nacional Aut\u00f3noma de M\u00e9xico retorna ao mesmo local para exibir uma nova amostra desse arquivo etnogr\u00e1fico composto por quase cinco mil negativos. A perseveran\u00e7a dos fot\u00f3grafos Ra\u00fal E. Discua e Enrique Hern\u00e1ndez Morones, que n\u00e3o se limitaram a seguir as indica\u00e7\u00f5es dos pesquisadores em seu passeio pelo pa\u00eds, mas com a lente da c\u00e2mera cobriram muito mais do que foi solicitado e mostraram uma realidade que hoje, \u00e0 dist\u00e2ncia, podemos ver com um olhar diferente: um olhar que nos permite ir al\u00e9m de seu prop\u00f3sito original de dar um ponto de vista restrito, porque sem a media\u00e7\u00e3o das palavras e com a linguagem das imagens \u00e9 poss\u00edvel mudar nossa vis\u00e3o do mundo ind\u00edgena (Mart\u00ednez, 1989: 9).<\/p>\n\n\n\n<p>Esses f\u00f3runs foram, sem d\u00favida, importantes para aumentar a conscientiza\u00e7\u00e3o sobre a pesquisa da <span class=\"small-caps\">iis<\/span>Embora, conforme observado acima, o primeiro momento de dissemina\u00e7\u00e3o tenha sido no <em>Revista Mexicana de Sociolog\u00eda <\/em>e a discuss\u00e3o gerada ali, tamb\u00e9m estabelece um importante ponto de partida para o trabalho cient\u00edfico com imagens e \u00e9 muito influente em um dos tipos de abordagem posteriores, que construiu a alteridade caracterizada pela exotiza\u00e7\u00e3o, objetifica\u00e7\u00e3o e estereotipagem de um oficialismo que prevaleceu nos anos seguintes.<\/p>\n\n\n\n<p>A consulta aos arquivos fotogr\u00e1ficos nos permite identificar, \u00e0 dist\u00e2ncia, formas, conte\u00fados e pr\u00e1ticas que hoje fornecem informa\u00e7\u00f5es n\u00e3o apenas sobre as imagens em si, mas tamb\u00e9m sobre seus produtores e seus ambientes.Outra cole\u00e7\u00e3o muito importante \u00e9 a que se encontra atualmente no Arquivo Fotogr\u00e1fico Nacho L\u00f3pez do Instituto Nacional Indigenista (<span class=\"small-caps\">ini<\/span>), agora a Comiss\u00e3o Nacional para o Desenvolvimento dos Povos Ind\u00edgenas (<span class=\"small-caps\">cdi<\/span>), que tamb\u00e9m foi estudado, como ser\u00e1 visto a seguir.<\/p>\n\n\n\n<h2 class=\"wp-block-heading\">A cr\u00edtica da fotografia etnogr\u00e1fica na pesquisa do novo s\u00e9culo<\/h2>\n\n\n\n<p class=\"abstract\">Na virada do s\u00e9culo <span class=\"small-caps\">xxi<\/span> Na antropologia e nas ci\u00eancias sociais, destaca-se uma cr\u00edtica \u00e0 fotografia etnogr\u00e1fica dos dois s\u00e9culos anteriores. As formas de representa\u00e7\u00e3o usadas no trabalho etnogr\u00e1fico homogeneizaram popula\u00e7\u00f5es muito diversas, criando assim imagin\u00e1rios com base nos quais foram realizadas pesquisas sobre o mundo ind\u00edgena em nosso pa\u00eds.<\/p>\n\n\n\n<p>A partir da perspectiva da comunica\u00e7\u00e3o e da cultura, Sarah Corona (2007, 2011) produziu algumas pesquisas cr\u00edticas sobre a fotografia dos povos ind\u00edgenas em diferentes campos. Um trabalho nessa linha se baseia em uma an\u00e1lise discursiva das fotografias que \"nomeiam\" os ind\u00edgenas nos campos da arte, da escola e da ci\u00eancia, a partir da qual podemos deduzir o uso principalmente antropol\u00f3gico que tem sido feito da fotografia (Corona, 2007). A pesquisadora observa os elementos contidos nas imagens e os conecta com as tradi\u00e7\u00f5es fotogr\u00e1ficas e art\u00edsticas: \"os mesmos trajes e acess\u00f3rios... os retratos foram tirados em est\u00fadio... posando em tr\u00eas quartos, de frente\" (Corona, 2007: 86), \"em suas fotos do corpo ind\u00edgena seccionado e sem rosto, com um close-up dos detalhes...\" (Corona, 2007: 90). Nesse sentido, Corona considera a necessidade de estudos que permitam a reflex\u00e3o e a an\u00e1lise das propostas comunicativas, nesse caso as visuais, por meio das quais os representados s\u00e3o \"corretamente nomeados\".<\/p>\n\n\n\n<p>Como j\u00e1 foi apontado, a rela\u00e7\u00e3o entre antropologia e fotografia em nosso pa\u00eds pode ser rastreada em diferentes cole\u00e7\u00f5es, como a da Fototeca del <span class=\"small-caps\">ini-cdi<\/span> que Corona (2011) tamb\u00e9m estudou.<\/p>\n\n\n\n<p>O Instituto Nacional Indigenista foi fundado em 1948, seguindo as linhas da antropologia nacionalista que dominava o pensamento acad\u00eamico e a disposi\u00e7\u00e3o pol\u00edtica do pa\u00eds na \u00e9poca. Antrop\u00f3logos ilustres, como Manuel Gamio, Julio de la Fuente, Alfonso Caso e Gonzalo Aguirre Beltr\u00e1n, participaram desse processo, e seu trabalho tamb\u00e9m contribuiu para a cria\u00e7\u00e3o do que mais tarde se tornaria a biblioteca fotogr\u00e1fica da institui\u00e7\u00e3o (Corona, 2011).<\/p>\n\n\n\n<p>Corona (2011) analisa o arquivo fotogr\u00e1fico dessa institui\u00e7\u00e3o e se concentra nas imagens contidas em cinco publica\u00e7\u00f5es comemorativas. As fotografias publicadas s\u00e3o art\u00edsticas ou antropol\u00f3gicas e parecem seguir uma \u00fanica forma de fotografia, com enquadramentos e elementos semelhantes no conte\u00fado, e n\u00e3o apresentam dados contextuais ou t\u00e9cnicos. Sob essa diretriz, ele encontra dados gen\u00e9ricos que n\u00e3o fornecem mais pistas sobre as imagens: \"956 fotos de Lacandones, 378 de Mayos, 631 de Tzotziles, 2.937 de Pur\u00e9pechas, 3.068 de Huicholes, 5.117 outras\" (Corona, 2011: 124). Nesse relato, Corona observa que o autor das imagens \u00e9 o <span class=\"small-caps\">ini-cdi<\/span> Os nomes dos autores s\u00e3o mencionados apenas quando se trata de artistas, funcion\u00e1rios p\u00fablicos ou pesquisadores conhecidos, mas a maioria das fotografias n\u00e3o cont\u00e9m nenhuma informa\u00e7\u00e3o sobre eles. A localiza\u00e7\u00e3o territorial ou os dados t\u00e9cnicos da imagem, a situa\u00e7\u00e3o fotografada ou os coment\u00e1rios do fot\u00f3grafo tamb\u00e9m n\u00e3o aparecem; o que geralmente aparece \u00e9 a data, mesmo quando n\u00e3o h\u00e1 uma refer\u00eancia precisa (esclarecida com o acr\u00f4nimo c.a.o.s.f.) porque \"a data simula uma qualidade objetiva\", t\u00e3o importante na tradi\u00e7\u00e3o cient\u00edfica.<\/p>\n\n\n\n<p>No per\u00edodo inicial da Biblioteca Fotogr\u00e1fica (1948 a 1976), as fotografias foram provenientes de doa\u00e7\u00f5es e do trabalho que diferentes antrop\u00f3logos realizaram em seus projetos para a institui\u00e7\u00e3o durante esses anos (Corona, 2011). Na an\u00e1lise das imagens, a autora constata que, nesse per\u00edodo, predominam as fotos gerais em que os ind\u00edgenas s\u00e3o observados em atividades promovidas pelo Instituto com inten\u00e7\u00e3o modernizadora: \"Ao privilegiar o trabalho institucional, as imagens mostram o ind\u00edgena como conquist\u00e1vel e incorpor\u00e1vel \u00e0 na\u00e7\u00e3o moderna: um sujeito que pode ser educado, moldado e modernizado. Em outras palavras, o ind\u00edgena que se encaixa na institui\u00e7\u00e3o \u00e9 fotografado e exibido\" (Corona, 2011: 112). Essa sele\u00e7\u00e3o e tratamento das imagens que foram preservadas revelam, ao mesmo tempo, os prop\u00f3sitos de registro que elas tiveram e nos permitem interpretar a base ideol\u00f3gica das motiva\u00e7\u00f5es e dos registros fotogr\u00e1ficos.<\/p>\n\n\n\n<p>Nessa linha, o antrop\u00f3logo Scott Robinson (1998) atesta a colonialidade da antropologia visual mexicana, que se dedicou, sem ter plena consci\u00eancia disso, a construir a alteridade e a manter as dist\u00e2ncias sociais em favor dos poderosos. Para Robinson, o campo muito mal definido da antropologia visual mexicana praticou, especialmente a partir da d\u00e9cada de 1970, uma antropologia oficialista, patrocinada por entidades governamentais que estabeleceram os limites tem\u00e1ticos e est\u00e9ticos das alteridades culturais mexicanas:<\/p>\n\n\n\n<p class=\"large-quote\">Constitu\u00edmos uma guilda com uma fun\u00e7\u00e3o institucional: antrop\u00f3logos em busca de imagens para ratificar nossa amb\u00edgua profiss\u00e3o de conhecedores dos \u00edndios [...] \u00c9ramos expropriadores da imagem dessa alteridade, e alguns de n\u00f3s constru\u00edmos nossas profiss\u00f5es de acordo com essas imagens expropriadas, supostas representa\u00e7\u00f5es do M\u00e9xico ind\u00edgena, citadas entre uma certa elite e, em si, uma constru\u00e7\u00e3o social que surge de acordo com as coordenadas culturais dos p\u00fablicos receptores e a obsess\u00e3o humana de representar o outro como um exerc\u00edcio para reafirmar o poder e a autoidentifica\u00e7\u00e3o (Robinson, 1998: 96).<\/p>\n\n\n\n<p>Corona (2011) retoma uma publica\u00e7\u00e3o da <span class=\"small-caps\">ini<\/span> Em 1978, em uma segunda etapa, o Instituto criou uma \u00e1rea dedicada ao registro audiovisual dos diferentes aspectos da popula\u00e7\u00e3o ind\u00edgena e, nessa \u00e9poca, o papel da fotografia foi reconhecido:<\/p>\n\n\n\n<p class=\"large-quote\">No final da d\u00e9cada de 1970, o papel da fotografia como registro do patrim\u00f4nio nacional foi estabelecido e foi visto como um meio de contribuir para a conscientiza\u00e7\u00e3o dos grupos \u00e9tnicos do pa\u00eds em geral sobre os valores do patrim\u00f4nio cultural ind\u00edgena, bem como sobre a necessidade de preserv\u00e1-lo, divulg\u00e1-lo e defend\u00ea-lo (Corona, 2011: 114).<\/p>\n\n\n\n<p>A mesma motiva\u00e7\u00e3o expressa na cita\u00e7\u00e3o pode ser encontrada, quarenta anos atr\u00e1s, no projeto do <span class=\"small-caps\">iis<\/span> do <span class=\"small-caps\">unam<\/span> materializado no mapa etnogr\u00e1fico do pa\u00eds que deu origem \u00e0 Exposi\u00e7\u00e3o Etnogr\u00e1fica apresentada em 1946 no Pal\u00e1cio de Belas Artes. Por outro lado, em um momento de repensar o indigenismo, Corona (2011) identificou em uma publica\u00e7\u00e3o de 1988 a preocupa\u00e7\u00e3o do <span class=\"small-caps\">ini<\/span> Para Robinson (1998), essa preocupa\u00e7\u00e3o se tornou mais aguda no per\u00edodo de seis anos entre 1988 e 1994 e, em sua opini\u00e3o, \u00e9 uma das maneiras pelas quais a antropologia visual poderia ser descolonizada, mas isso significaria produzir com recursos independentes ou, quando muito, das universidades.<\/p>\n\n\n\n<p>A cr\u00edtica expressa no trabalho de Corona (2011) sobre como o ind\u00edgena \u00e9 reconhecido na fotografia antropol\u00f3gica baseia-se, em parte, na aus\u00eancia de abordagens te\u00f3ricas e na falta de questionamento de discursos visuais homog\u00eaneos que, em conjunto, n\u00e3o permitiram o desenvolvimento de uma proposta pr\u00f3pria nessa disciplina. Da mesma forma, a reflex\u00e3o de Robinson (1996) sobre essas diretrizes oficiais que enviesavam as imagens criadas pelos antrop\u00f3logos institucionais reflete claramente as preocupa\u00e7\u00f5es apresentadas por alguns outros trabalhos antropol\u00f3gicos do in\u00edcio do s\u00e9culo, dos quais mencionarei a seguir duas publica\u00e7\u00f5es coletivas que se concentraram na an\u00e1lise da fotografia antropol\u00f3gica.<\/p>\n\n\n\n<p>A primeira \u00e9 <em>De fot\u00f3grafos y de indios <\/em>(Bartra, Moreno e Ram\u00edrez, 2000), que apresenta uma reflex\u00e3o sobre as fotografias dos concursos de fotografia antropol\u00f3gica organizados pelo <span class=\"small-caps\">enah<\/span> desde 1981. A linha institucional no trabalho da antropologia visual mexicana apontada por Robinson (1996) pode, de certa forma, ser vista nesses concursos de fotografia da <span class=\"small-caps\">enah<\/span>No final das contas, reunir sob um determinado tema enviesa os materiais que s\u00e3o coletados e rotulados como imagens antropol\u00f3gicas e que, mais tarde, em uma an\u00e1lise hist\u00f3rica, s\u00e3o os que ser\u00e3o retomados como resultado do trabalho de pesquisa de determinados per\u00edodos.<\/p>\n\n\n\n<p>As diretrizes para a an\u00e1lise das reflex\u00f5es dos autores giram em torno dos temas dos 20 anos do concurso (1981-2000); al\u00e9m das diretrizes impostas pela institui\u00e7\u00e3o, s\u00e3o revisadas as presen\u00e7as e aus\u00eancias nas fotografias, as formas de fotografar, os imagin\u00e1rios refletidos, as constantes tem\u00e1ticas, formais e ideol\u00f3gicas que podem ser encontradas e, como aponta Ram\u00edrez, \"a dist\u00e2ncia entre a realidade e sua representa\u00e7\u00e3o\" (2000: 111). Nesse sentido, discutimos o conceito de \u00edndio, como sua \"imagem-conceito\" foi historicamente moldada (Bartra, 2000: 103) e como, no caso espec\u00edfico da fotografia etnogr\u00e1fica, at\u00e9 o final do s\u00e9culo XX, n\u00e3o foi at\u00e9 o final do s\u00e9culo XX que o conceito de \u00edndio foi criado (Bartra, 2000: 103). <span class=\"small-caps\">xx<\/span> o ind\u00edgena \u00e9 um \"objeto\" de pesquisa cultural e art\u00edstica, nunca um sujeito com voz ativa e autor de uma imagem pr\u00f3pria. Nessa linha, por exemplo, Moreno (2000) se pergunta se o mundo ind\u00edgena do final da d\u00e9cada de 1990 \u00e9 o mesmo de cem anos atr\u00e1s, ou se n\u00e3o h\u00e1 ind\u00edgenas que participem do mundo art\u00edstico ou pol\u00edtico.<\/p>\n\n\n\n<p>Os autores desse livro observam a atemporalidade como uma constante nessa cole\u00e7\u00e3o de imagens. Para Moreno (2000: 15), essas imagens parecem ser \"de outra \u00e9poca\" e poderiam ser de qualquer lugar e de qualquer tempo; o que as une \u00e9 \"a nostalgia de para\u00edsos naturais imaculados, pac\u00edficos e harmoniosos, de tradi\u00e7\u00f5es e identidades c\u00edclicas \u00e0 prova de interrup\u00e7\u00f5es, de tempos im\u00f3veis que d\u00e3o acesso a uma vida cotidiana pac\u00edfica, de resist\u00eancia - apesar das dores -, de sobreviv\u00eancia obstinada, de um passado poss\u00edvel, de uma inf\u00e2ncia perdida e fundadora\" (Ram\u00edrez, 2000: 57).<\/p>\n\n\n\n<p>Parte da atemporalidade observada tem a ver com o fato de que os povos ind\u00edgenas s\u00e3o homogeneizados, s\u00e3o \"homens-capacetes; rostos sem idade e sem tempo\" (Moreno, 2000: 15). Para Bartra, os ind\u00edgenas \"foram constru\u00eddos plasticamente, mas tamb\u00e9m como objetos sociol\u00f3gicos e antropol\u00f3gicos, como material pict\u00f3rico, f\u00edlmico e liter\u00e1rio e como mercadoria cultural e esp\u00f3lio pol\u00edtico\" (2000: 105). Ram\u00edrez (2000) ressalta que, no final do s\u00e9culo <span class=\"small-caps\">xx<\/span>Na sociedade e em suas pr\u00e1ticas, as dist\u00e2ncias de identidade estavam diminuindo, mas esse n\u00e3o parece ser o caso na fotografia, pois h\u00e1 resist\u00eancia em se afastar de uma imagem arquet\u00edpica do ind\u00edgena.<\/p>\n\n\n\n<p>A inten\u00e7\u00e3o de mudar a posi\u00e7\u00e3o dos povos ind\u00edgenas de objetos visuais para criadores de suas pr\u00f3prias representa\u00e7\u00f5es est\u00e1 em sintonia com as crises p\u00f3s-modernas das ci\u00eancias sociais e com o questionamento de suas formas de fazer as coisas, e com isso, finalmente, uma nova vis\u00e3o inclusiva responde \u00e0s novas correntes cient\u00edficas que ainda n\u00e3o podemos avaliar hoje; as cr\u00edticas vir\u00e3o no futuro.<\/p>\n\n\n\n<p>Apesar das mudan\u00e7as de ideologias, mentalidades e objetivos institucionais identificados, h\u00e1 uma hegemonia visual nas imagens fotogr\u00e1ficas dos povos ind\u00edgenas, situa\u00e7\u00e3o tamb\u00e9m identificada posteriormente por Corona (2011). Os per\u00edodos claramente definidos que Corona (2011) aponta no trabalho do <span class=\"small-caps\">ini<\/span> coincidem com a descri\u00e7\u00e3o de Ram\u00edrez (2000) da fotografia ind\u00edgena nas observa\u00e7\u00f5es da revis\u00e3o do arquivo dos concursos de fotografia da <span class=\"small-caps\">enah<\/span>Primeiro, a imagem id\u00edlica do ind\u00edgena como representante de um passado glorioso; depois, o ind\u00edgena assimil\u00e1vel, em processo de integra\u00e7\u00e3o; e, por fim, o ind\u00edgena que come\u00e7a a ter voz por meio de recursos audiovisuais.<\/p>\n\n\n\n<p>\u00c9 pertinente ressaltar que, por meio da fotografia e de seu desenvolvimento em uma disciplina, podemos analisar n\u00e3o apenas as correntes de pensamento dominantes nela em determinados momentos, mas tamb\u00e9m o am\u00e1lgama entre os setores pol\u00edtico-institucional-cient\u00edfico e suas mudan\u00e7as em um pa\u00eds.<\/p>\n\n\n\n<p>O segundo exemplo a que me referirei \u00e9 uma obra de uma exposi\u00e7\u00e3o sobre a fotografia etnogr\u00e1fica de Frederick Starr montada no Centro Fotogr\u00e1fico Manuel \u00c1lvarez Bravo em Oaxaca, da qual foi publicado um livro em 2012, coordenado pelas antrop\u00f3logas Deborah Poole e Gabriela Zamorano, com a inten\u00e7\u00e3o de motivar a reflex\u00e3o sobre o valor hist\u00f3rico e est\u00e9tico de imagens que foram originalmente capturadas sob uma vis\u00e3o cient\u00edfica, e foi, de acordo com os editores, \"um experimento de di\u00e1logo entre arte e pesquisa antropol\u00f3gica\" (Poole e Zamorano, 2012: 10). Essa compila\u00e7\u00e3o reuniu textos de historiadores, historiadores da arte, pesquisadores de belas artes e est\u00e9tica e antrop\u00f3logos, nos quais cada um escreveu sobre algum aspecto do trabalho fotogr\u00e1fico de Starr, sobre ele como personagem e sobre seu trabalho cient\u00edfico. Al\u00e9m de algumas das fotografias de Starr, o livro inclui \"respostas visuais\" contempor\u00e2neas, retratos com interven\u00e7\u00f5es contempor\u00e2neas de duas fot\u00f3grafas de Oaxaca convidadas para a exposi\u00e7\u00e3o.<\/p>\n\n\n\n<p>As reflex\u00f5es nos artigos t\u00eam a ideia constante de abordar um corpo de trabalho que reflete as formas de fazer ci\u00eancia no final do s\u00e9culo. <span class=\"small-caps\">xix<\/span> e cedo <span class=\"small-caps\">xx<\/span>O estudo das tend\u00eancias colonialistas, como a antropometria, que agora est\u00e3o em desuso e t\u00eam sido fortemente criticadas.<\/p>\n\n\n\n<p>Para Poole (2012), a revis\u00e3o das fotografias de Frederick Starr mostra a tentativa de estabelecer um imagin\u00e1rio desejado, uma homogeneidade na popula\u00e7\u00e3o ind\u00edgena que se adaptasse \u00e0s ideias da antropologia da \u00e9poca e de encontrar nas correntes da antropologia f\u00edsica a forma de estudar os grupos ind\u00edgenas, de estabelecer o fen\u00f3tipo oaxaquenho; No entanto, a busca racista pela tipicidade n\u00e3o foi bem-sucedida e hoje, cem anos depois, essas imagens representam outras possibilidades, pois a antropologia visual as analisa como amostras de um passado que ela tenta n\u00e3o repetir.<\/p>\n\n\n\n<p>Nessa linha, P\u00e9rez (2012) aponta a ambiguidade impl\u00edcita no termo \"antropologia visual\", uma vez que, com essa distin\u00e7\u00e3o, parece que qualquer antropologia que n\u00e3o seja visual n\u00e3o envolveria a observa\u00e7\u00e3o que tem a vis\u00e3o como ponte. Quanto \u00e0 cole\u00e7\u00e3o de Frederick Starr, ele considera que, quando olhamos para as imagens, elas nos devolvem o olhar, pois \"a fotografia nos ajuda a entender e a olhar o outro, mas tamb\u00e9m nos ajuda a entender o que estamos olhando e por qu\u00ea\" (P\u00e9rez, 2012: 37).<\/p>\n\n\n\n<p>O m\u00e9todo antropom\u00e9trico para o qual a fotografia racial era um recurso fundamental foi praticado por Frederick Starr com precis\u00e3o, diz V\u00e9lez (2012), pois sua forma de trabalho inclu\u00eda medir 125 pessoas da popula\u00e7\u00e3o estudada para selecionar entre elas aquela que representava os \"tipos tribais\" e depois retrat\u00e1-las de frente e de perfil, em um formato de cinco por sete polegadas. Essas fotografias s\u00e3o as que hoje permitem outras leituras e questionam outra \u00e9poca, sua sociedade, seus pesquisadores e os indiv\u00edduos investigados.<\/p>\n\n\n\n<p>Por outro lado, Dorotinsky reflete sobre nosso repensar dessas imagens, que s\u00e3o um exemplo de um projeto n\u00e3o ind\u00edgena de estudo de culturas \u00e9tnicas, n\u00e3o tanto uma representa\u00e7\u00e3o de culturas visuais, em que a implica\u00e7\u00e3o \u00e9 estud\u00e1-las para entender nossas preocupa\u00e7\u00f5es intelectuais em vez de apontar para o que foi uma antropologia colonialista, e, al\u00e9m disso, \"voltar nosso olhar para as fotografias documentais do passado envolve uma s\u00e9rie de reflex\u00f5es que se relacionam com a pesquisa na hist\u00f3ria das ideias, modos de ver e revis\u00e3o historiogr\u00e1fica\" (Dorotinsky, 2012; 79).<\/p>\n\n\n\n<p>Para Poole e Zamorano, esse projeto prop\u00f4s uma reflex\u00e3o sobre \"at\u00e9 que ponto nossas diferentes abordagens da imagem fotogr\u00e1fica do ind\u00edgena tamb\u00e9m s\u00e3o tingidas por estere\u00f3tipos, idealiza\u00e7\u00f5es est\u00e9ticas e g\u00eaneros pict\u00f3ricos com os quais o imagin\u00e1rio dos povos ind\u00edgenas mexicanos foi constru\u00eddo\" (2012: 13).<\/p>\n\n\n\n<h2 class=\"wp-block-heading\">O horizonte<\/h2>\n\n\n\n<p class=\"abstract\">Esses projetos recentes est\u00e3o inseridos em uma revis\u00e3o cr\u00edtica do uso da fotografia como ferramenta metodol\u00f3gica na antropologia e em outras \u00e1reas das ci\u00eancias sociais. A reflex\u00e3o no \u00e2mbito da disciplina antropol\u00f3gica \u00e9 percebida como uma forma de apologia \u00e0s pr\u00e1ticas de uma ci\u00eancia colonialista, mas, sobretudo, como uma tentativa de estabelecer uma divis\u00e3o entre as correntes que a originaram (hoje em desuso, pelo menos no discurso) e as abordagens atuais, o que, em alguns dos trabalhos mencionados, n\u00e3o fica totalmente claro. Nessa linha, observa-se a falta de horizontes definidos e, com isso, a explora\u00e7\u00e3o de novos caminhos que permitam o desenvolvimento e a compreens\u00e3o de ferramentas visuais, n\u00e3o apenas da fotografia, que s\u00e3o de grande apoio para a disciplina.<\/p>\n\n\n\n<p>Talvez a abordagem comunicativa seja uma contribui\u00e7\u00e3o para essas novas diretrizes buscadas no trabalho visual antropol\u00f3gico. Uma abordagem comunicativa da fotografia implica entend\u00ea-la como um meio que permite a comunica\u00e7\u00e3o em diferentes n\u00edveis. A fotografia carrega em si uma mensagem, mas uma mensagem feita por algu\u00e9m com uma determinada inten\u00e7\u00e3o (ou sem ela), e al\u00e9m de tentar chegar ao fundo de seu significado, devemos considerar que o pr\u00f3prio ato de estabelecer uma abordagem por meio desse meio j\u00e1 \u00e9 analis\u00e1vel para fins de pesquisa.<\/p>\n\n\n\n<p>Grande parte da cr\u00edtica \u00e0s formas passadas de fazer fotografia etnogr\u00e1fica tem a ver com uma objetifica\u00e7\u00e3o dos \"outros\" que n\u00e3o permitia que eles se vissem refletidos nos materiais produzidos sobre eles, e nessa virada de p\u00e1gina as novas correntes t\u00eam como eixo dar voz a eles, investigar com eles e n\u00e3o sobre eles, buscando estabelecer um di\u00e1logo horizontal (Corona, 2012). Nesse panorama, a fotografia passa a ser, mais do que uma imagem com significados a serem decifrados, uma ferramenta para dar voz e estabelecer uma comunica\u00e7\u00e3o baseada na mensagem compartilhada por esse meio, por meio das formas visuais escolhidas pelos envolvidos.<\/p>\n\n\n\n<p>Trabalhar com fotografia a partir de uma abordagem comunicativa com comunidades ind\u00edgenas n\u00e3o \u00e9 um terreno inexplorado no M\u00e9xico; h\u00e1 exemplos s\u00f3lidos desde o final dos anos 90 do s\u00e9culo passado (Duarte, 2001; Corona, 2002 e 2011a). Retomar essas propostas para explorar uma pr\u00f3pria, adaptada aos interesses particulares de pesquisa de cada disciplina, proporcionar\u00e1 uma nova perspectiva que continuar\u00e1 a contribuir para esse campo na constru\u00e7\u00e3o de trabalhos de pesquisa que utilizem a fotografia como ferramenta metodol\u00f3gica para a antropologia e para as ci\u00eancias sociais em geral.<\/p>\n\n\n\n<h2 class=\"wp-block-heading\">Bibliografia<\/h2>\n\n\n\n<p class=\"bibliography\" data-no-auto-translation=\"\">Bartra, Armando, A. Moreno y E. Ram\u00edrez (2000). <em>De fot\u00f3grafos y de indios<\/em>. M\u00e9xico: Ediciones Tecolote.<\/p>\n\n\n\n<p class=\"bibliography\" data-no-auto-translation=\"\">Broca, Paul (1879). <em>Instrucciones generales para las investigaciones antropol\u00f3gicas<\/em>, en J. Naranjo (ed.) (2006). <em>Fotograf\u00eda, antropolog\u00eda y colonialismo (1845-2006)<\/em>, pp. 80-81. Barcelona: Gustavo Gili.<\/p>\n\n\n\n<p class=\"bibliography\" data-no-auto-translation=\"\">Casanova, Rosa (2008). \u201cLa fotograf\u00eda en el Museo Nacional y la expedici\u00f3n cient\u00edfica de Cempoala\u201d, en <em>Dimensi\u00f3n Antropol\u00f3gica<\/em>, a\u00f1o 15, vol. 42, pp. 55- 92. M\u00e9xico: <span class=\"small-caps\">inah<\/span>. Recuperado de: http:\/\/www.dimensionantropologica.inah.gob.mx\/?p=1831, consultado el 5 de septiembre de 2016.<\/p>\n\n\n\n<p class=\"bibliography\" data-no-auto-translation=\"\">Castillo, Alberto del (2005). \u201cHistoria de la fotograf\u00eda en M\u00e9xico, 1890-1920. La diversidad de los usos de la imagen\u201d, en E. Garc\u00eda (coord.). <em>Imaginarios y fotograf\u00eda en M\u00e9xico<\/em>, pp. 59-118. Madrid: Lunwerg.<\/p>\n\n\n\n<p class=\"bibliography\" data-no-auto-translation=\"\">Collier, John y M. Collier (1986). <em>Visual Anthropology: Photography as a Research Method<\/em>. Albuquerque: University of New M\u00e9xico Press.<\/p>\n\n\n\n<p class=\"bibliography\" data-no-auto-translation=\"\">Corona, Sarah (2002). <em>Miradas entrevistas: aproximaci\u00f3n a la cultura, comunicaci\u00f3n y fotograf\u00eda huichola<\/em>. Guadalajara: UdeG.<\/p>\n\n\n\n<p class=\"bibliography\" data-no-auto-translation=\"\">\u2014 (2007). \u201cFotograf\u00edas de ind\u00edgenas. 150 a\u00f1os de visibilidad \u201ccorrecta\u201d, <em>Versi\u00f3n, Estudios de comunicaci\u00f3n y pol\u00edtica,<\/em> n\u00fam. 20, pp. 77-96. M\u00e9xico: <span class=\"small-caps\">uam<\/span>-Xochimilco.<\/p>\n\n\n\n<p class=\"bibliography\" data-no-auto-translation=\"\">\u2014 (2011). \u201cLa fotograf\u00eda de ind\u00edgenas como patrimonio nacional. La fototeca del <span class=\"small-caps\">ini-cdi<\/span>\u201d, en G. de la Pe\u00f1a (coord.). <em>La antropolog\u00eda y el patrimonio cultural de M\u00e9xico<\/em>. M\u00e9xico: <span class=\"small-caps\">conaculta<\/span>.<\/p>\n\n\n\n<p class=\"bibliography\" data-no-auto-translation=\"\">\u2014 (2011).<em> Postales de la diferencia<\/em>. M\u00e9xico: <span class=\"small-caps\">conaculta<\/span>.<\/p>\n\n\n\n<p class=\"bibliography\" data-no-auto-translation=\"\">\u2014 (2012). \u201cNotas para construir metodolog\u00edas horizontales\u201d, en S. Corona y O. Kaltmeier. <em>En di\u00e1logo. Metodolog\u00eda de investigaci\u00f3n horizontal en ciencias sociales y culturales<\/em>, pp. 85-110. M\u00e9xico: Gedisa.<\/p>\n\n\n\n<p class=\"bibliography\" data-no-auto-translation=\"\">Debroise, Olivier (2005). <em>Fuga Mexicana. Un recorrido por la fotograf\u00eda en M\u00e9xico.<\/em> Barcelona: Gustavo Gili.<\/p>\n\n\n\n<p class=\"bibliography\" data-no-auto-translation=\"\">Dorotinsky, Deborah (2007). \u201cLa puesta en escena de un archivo indigenista: El archivo M\u00e9xico Ind\u00edgena del Instituto de Investigaciones Sociales de la <span class=\"small-caps\">unam<\/span>\u201d, <em>Cuicuilco<\/em>, vol. 14, n\u00fam. 41. M\u00e9xico: Escuela Nacional de Antropolog\u00eda e Historia. Disponible en: https:\/\/revistas.inah.gob.mx\/index.php\/cuicuilco\/article\/view\/4433\/4387<\/p>\n\n\n\n<p class=\"bibliography\" data-no-auto-translation=\"\">\u2014 (2013): <em>Viaje de sombras. Fotograf\u00edas del desierto de la soledad y los indios lacandones en los a\u00f1os cuarenta<\/em>. <span class=\"small-caps\">unam<\/span>-Instituto de Investigaciones Est\u00e9ticas. M\u00e9xico.<\/p>\n\n\n\n<p class=\"bibliography\" data-no-auto-translation=\"\">Duarte, Carlota (coord.) (2001). <em>Camaristas: fot\u00f3grafos mayas de Chiapas<\/em>. M\u00e9xico: Ciesas.<\/p>\n\n\n\n<p class=\"bibliography\" data-no-auto-translation=\"\">Mart\u00ednez, C. (1989): \u201cIntroducci\u00f3n\u201d, en <em>Signos de Identidad<\/em>. M\u00e9xico: <span class=\"small-caps\">iis<\/span>&#8211;<span class=\"small-caps\">unam<\/span>.<\/p>\n\n\n\n<p class=\"bibliography\" data-no-auto-translation=\"\">Mendieta, Lucio (1939). \u201cEl Instituto de Investigaciones Sociales de la Universidad Nacional\u201d, <em>Revista Mexicana de Sociolog\u00eda<\/em>, n\u00fam. 1, vol. 1, pp. 3-18. M\u00e9xico: <span class=\"small-caps\">iis-inam<\/span>.<\/p>\n\n\n\n<p class=\"bibliography\" data-no-auto-translation=\"\">\u2014 (1946). \u201cBalance de la Exposici\u00f3n Etnogr\u00e1fica de la Universidad Nacional\u201d, <em>Revista Mexicana de Sociolog\u00eda<\/em>, vol. 8, n\u00fam. 3, pp. 457-472. M\u00e9xico: <span class=\"small-caps\">iis-inam<\/span>.<\/p>\n\n\n\n<p class=\"bibliography\" data-no-auto-translation=\"\">\u2014 (1946a): \u201cEl problema ind\u00edgena de M\u00e9xico y la Exposici\u00f3n Etnogr\u00e1fica de la Universidad\u201d, en <em>Revista Mexicana de Sociolog\u00eda<\/em>, vol. 8, n\u00fam. 3, pp. 311-316. M\u00e9xico: <span class=\"small-caps\">iis-inam<\/span>.<\/p>\n\n\n\n<p class=\"bibliography\" data-no-auto-translation=\"\">Poole, Deborah y G. Zamorano (ed.) (2012). <em>De frente al perfil. Retratos raciales de Frederick Starr<\/em>. Zamora: <span class=\"small-caps\">colmich<\/span>\/Fideicomiso Felipe Teixidor y Monserrat Alfau de Teixidor.<\/p>\n\n\n\n<p class=\"bibliography\" data-no-auto-translation=\"\">Ram\u00edrez, Den\u00ed (2009). \u201cLa Exposici\u00f3n Hist\u00f3rico-Americana de Madrid de 1892 y la \u00bfAusencia? de M\u00e9xico\u201d, <em>Revista de Indias<\/em>, vol. 64, n\u00fam. 246. Disponible en: http:\/\/revistadeindias.revistas.csic.es\/index.php\/revistadeindias\/article\/view\/687\/758revisado el 14 de septiembre de 2016.<\/p>\n\n\n\n<p class=\"bibliography\" data-no-auto-translation=\"\">Robinson, Scott (1998). \u201cDilemas de la antropolog\u00eda visual mexicana\u201d, <em>Cuicuilco Nueva \u00c9poca<\/em>, vol. 5, n\u00fam. 13, pp. 93-104. M\u00e9xico: <span class=\"small-caps\">enah<\/span>.<\/p>\n\n\n\n<p class=\"bibliography\" data-no-auto-translation=\"\">Rodr\u00edguez, Gina (1998). \u201cRecobrar la presencia. Fotograf\u00eda indigenista mexicana en la Exposici\u00f3n Hist\u00f3rico-Americana de 1892\u201d, <em>Cuicuilco Nueva \u00c9poca<\/em>, vol. 5, n\u00fam. 13, pp. 123-144. M\u00e9xico: <span class=\"small-caps\">enah<\/span>.<\/p>\n\n\n\n<p class=\"bibliography\" data-no-auto-translation=\"\">Roussin, Philippe (1993). \u201cFotografiando el segundo descubrimiento de Am\u00e9rica\u201d, en C. Naggar y F. Ritchin (ed.). <em>M\u00e9xico visto por ojos extranjeros<\/em>, pp. 97-111. Mil\u00e1n: Norton &amp; Company.<\/p>\n\n\n\n<p class=\"bibliography\" data-no-auto-translation=\"\">Villela, Samuel (1998). \u201cFot\u00f3grafos viajeros y antropolog\u00eda mexicana\u201d, <em>Cuicuilco Nueva \u00c9poca<\/em>, vol. 5, n\u00fam. 13, pp. 105-122. M\u00e9xico: <span class=\"small-caps\">enah<\/span>.<\/p>","protected":false},"excerpt":{"rendered":"<p>Resumo Este artigo apresenta uma vis\u00e3o geral do uso da fotografia como recurso metodol\u00f3gico no trabalho cient\u00edfico da antropologia mexicana. O relato abrange o per\u00edodo de 1840 at\u00e9 os dias atuais, com \u00eanfase em tr\u00eas per\u00edodos. O primeiro per\u00edodo mostra como os primeiros fot\u00f3grafos viajantes que chegaram ao pa\u00eds estabeleceram uma rela\u00e7\u00e3o com [...]<\/p>","protected":false},"author":4,"featured_media":30555,"comment_status":"open","ping_status":"open","sticky":false,"template":"","format":"standard","meta":{"_acf_changed":false,"footnotes":""},"categories":[279],"tags":[28,291,293,292,294],"coauthors":[551],"class_list":["post-30536","post","type-post","status-publish","format-standard","has-post-thumbnail","hentry","category-279","tag-antropologia","tag-fotografia","tag-investigacion","tag-metodologia","tag-practicas-cientificas","personas-gonzalez-ponce-citlalli","numeros-277"],"acf":[],"yoast_head":"<!-- This site is optimized with the Yoast SEO plugin v22.2 - https:\/\/yoast.com\/wordpress\/plugins\/seo\/ -->\n<title>Tres instant\u00e1neas de la relaci\u00f3n entre fotograf\u00eda cient\u00edfica y antropolog\u00eda en M\u00e9xico &#8211; Encartes<\/title>\n<meta name=\"robots\" content=\"index, follow, max-snippet:-1, max-image-preview:large, max-video-preview:-1\" \/>\n<link rel=\"canonical\" href=\"https:\/\/encartes.mx\/pt\/fotografia-antropologia-mexico\/\" \/>\n<meta property=\"og:locale\" content=\"pt_BR\" \/>\n<meta property=\"og:type\" content=\"article\" \/>\n<meta property=\"og:title\" content=\"Tres instant\u00e1neas de la relaci\u00f3n entre fotograf\u00eda cient\u00edfica y antropolog\u00eda en M\u00e9xico &#8211; Encartes\" \/>\n<meta property=\"og:description\" content=\"Resumen Este art\u00edculo presenta un panorama general del uso de la fotograf\u00eda como recurso metodol\u00f3gico en los trabajos cient\u00edficos de la antropolog\u00eda mexicana. El recuento va desde 1840 a la fecha, haciendo \u00e9nfasis en tres periodos. Al abordar el primero, se se\u00f1ala c\u00f3mo los primeros fot\u00f3grafos viajeros que llegaron al pa\u00eds fincaron la relaci\u00f3n con [&hellip;]\" \/>\n<meta property=\"og:url\" content=\"https:\/\/encartes.mx\/pt\/fotografia-antropologia-mexico\/\" \/>\n<meta property=\"og:site_name\" content=\"Encartes\" \/>\n<meta property=\"article:published_time\" content=\"2018-09-21T13:16:53+00:00\" \/>\n<meta property=\"article:modified_time\" content=\"2023-11-18T01:07:06+00:00\" \/>\n<meta property=\"og:image\" content=\"https:\/\/encartes.mx\/wp-content\/uploads\/2018\/08\/Carl_Lumholtz_Tarahumara_Woman_Being_Weighed_1892.jpg\" \/>\n\t<meta property=\"og:image:width\" content=\"1440\" \/>\n\t<meta property=\"og:image:height\" content=\"480\" \/>\n\t<meta property=\"og:image:type\" content=\"image\/jpeg\" \/>\n<meta name=\"author\" content=\"Arthur Ventura\" \/>\n<meta name=\"twitter:card\" content=\"summary_large_image\" \/>\n<meta name=\"twitter:label1\" content=\"Escrito por\" \/>\n\t<meta name=\"twitter:data1\" content=\"Arthur Ventura\" \/>\n\t<meta name=\"twitter:label2\" content=\"Est. tempo de leitura\" \/>\n\t<meta name=\"twitter:data2\" content=\"32 minutos\" \/>\n\t<meta name=\"twitter:label3\" content=\"Written by\" \/>\n\t<meta name=\"twitter:data3\" content=\"Arthur Ventura\" \/>\n<script type=\"application\/ld+json\" class=\"yoast-schema-graph\">{\"@context\":\"https:\/\/schema.org\",\"@graph\":[{\"@type\":\"Article\",\"@id\":\"https:\/\/encartes.mx\/fotografia-antropologia-mexico\/#article\",\"isPartOf\":{\"@id\":\"https:\/\/encartes.mx\/fotografia-antropologia-mexico\/\"},\"author\":{\"name\":\"Arthur Ventura\",\"@id\":\"https:\/\/encartes.mx\/#\/schema\/person\/97215bba1729028a4169cab07f8e58ef\"},\"headline\":\"Tres instant\u00e1neas de la relaci\u00f3n entre fotograf\u00eda cient\u00edfica y antropolog\u00eda en M\u00e9xico\",\"datePublished\":\"2018-09-21T13:16:53+00:00\",\"dateModified\":\"2023-11-18T01:07:06+00:00\",\"mainEntityOfPage\":{\"@id\":\"https:\/\/encartes.mx\/fotografia-antropologia-mexico\/\"},\"wordCount\":7981,\"commentCount\":0,\"publisher\":{\"@id\":\"https:\/\/encartes.mx\/#organization\"},\"image\":{\"@id\":\"https:\/\/encartes.mx\/fotografia-antropologia-mexico\/#primaryimage\"},\"thumbnailUrl\":\"https:\/\/encartes.mx\/wp-content\/uploads\/2018\/08\/Carl_Lumholtz_Tarahumara_Woman_Being_Weighed_1892.jpg\",\"keywords\":[\"Antropolog\u00eda\",\"fotograf\u00eda\",\"investigaci\u00f3n\",\"metodolog\u00eda\",\"pr\u00e1cticas cient\u00edficas\"],\"articleSection\":[\"Dosier\"],\"inLanguage\":\"pt-BR\",\"potentialAction\":[{\"@type\":\"CommentAction\",\"name\":\"Comment\",\"target\":[\"https:\/\/encartes.mx\/fotografia-antropologia-mexico\/#respond\"]}]},{\"@type\":\"WebPage\",\"@id\":\"https:\/\/encartes.mx\/fotografia-antropologia-mexico\/\",\"url\":\"https:\/\/encartes.mx\/fotografia-antropologia-mexico\/\",\"name\":\"Tres instant\u00e1neas de la relaci\u00f3n entre fotograf\u00eda cient\u00edfica y antropolog\u00eda en M\u00e9xico &#8211; Encartes\",\"isPartOf\":{\"@id\":\"https:\/\/encartes.mx\/#website\"},\"primaryImageOfPage\":{\"@id\":\"https:\/\/encartes.mx\/fotografia-antropologia-mexico\/#primaryimage\"},\"image\":{\"@id\":\"https:\/\/encartes.mx\/fotografia-antropologia-mexico\/#primaryimage\"},\"thumbnailUrl\":\"https:\/\/encartes.mx\/wp-content\/uploads\/2018\/08\/Carl_Lumholtz_Tarahumara_Woman_Being_Weighed_1892.jpg\",\"datePublished\":\"2018-09-21T13:16:53+00:00\",\"dateModified\":\"2023-11-18T01:07:06+00:00\",\"breadcrumb\":{\"@id\":\"https:\/\/encartes.mx\/fotografia-antropologia-mexico\/#breadcrumb\"},\"inLanguage\":\"pt-BR\",\"potentialAction\":[{\"@type\":\"ReadAction\",\"target\":[\"https:\/\/encartes.mx\/fotografia-antropologia-mexico\/\"]}]},{\"@type\":\"ImageObject\",\"inLanguage\":\"pt-BR\",\"@id\":\"https:\/\/encartes.mx\/fotografia-antropologia-mexico\/#primaryimage\",\"url\":\"https:\/\/encartes.mx\/wp-content\/uploads\/2018\/08\/Carl_Lumholtz_Tarahumara_Woman_Being_Weighed_1892.jpg\",\"contentUrl\":\"https:\/\/encartes.mx\/wp-content\/uploads\/2018\/08\/Carl_Lumholtz_Tarahumara_Woman_Being_Weighed_1892.jpg\",\"width\":1440,\"height\":480,\"caption\":\"Carl Lumholtz: Tarahumara Woman Being Weighed, Barranca de San Carlos (Sinforosa), Chihuahua, 1892; from Among Unknown Tribes: Rediscovering the Photographs of Explorer Carl Lumholtz. The book includes essays by Bill Broyles, Ann Christine Eek, and others, and is published by the University of Texas Press.\"},{\"@type\":\"BreadcrumbList\",\"@id\":\"https:\/\/encartes.mx\/fotografia-antropologia-mexico\/#breadcrumb\",\"itemListElement\":[{\"@type\":\"ListItem\",\"position\":1,\"name\":\"Home\",\"item\":\"https:\/\/encartes.mx\/\"},{\"@type\":\"ListItem\",\"position\":2,\"name\":\"Tres instant\u00e1neas de la relaci\u00f3n entre fotograf\u00eda cient\u00edfica y antropolog\u00eda en M\u00e9xico\"}]},{\"@type\":\"WebSite\",\"@id\":\"https:\/\/encartes.mx\/#website\",\"url\":\"https:\/\/encartes.mx\/\",\"name\":\"Encartes\",\"description\":\"Revista digital multimedia\",\"publisher\":{\"@id\":\"https:\/\/encartes.mx\/#organization\"},\"potentialAction\":[{\"@type\":\"SearchAction\",\"target\":{\"@type\":\"EntryPoint\",\"urlTemplate\":\"https:\/\/encartes.mx\/?s={search_term_string}\"},\"query-input\":\"required name=search_term_string\"}],\"inLanguage\":\"pt-BR\"},{\"@type\":\"Organization\",\"@id\":\"https:\/\/encartes.mx\/#organization\",\"name\":\"Encartes Antropol\u00f3gicos\",\"url\":\"https:\/\/encartes.mx\/\",\"logo\":{\"@type\":\"ImageObject\",\"inLanguage\":\"pt-BR\",\"@id\":\"https:\/\/encartes.mx\/#\/schema\/logo\/image\/\",\"url\":\"https:\/\/encartes.mx\/wp-content\/uploads\/2017\/04\/Logo-04.png\",\"contentUrl\":\"https:\/\/encartes.mx\/wp-content\/uploads\/2017\/04\/Logo-04.png\",\"width\":338,\"height\":306,\"caption\":\"Encartes Antropol\u00f3gicos\"},\"image\":{\"@id\":\"https:\/\/encartes.mx\/#\/schema\/logo\/image\/\"}},{\"@type\":\"Person\",\"@id\":\"https:\/\/encartes.mx\/#\/schema\/person\/97215bba1729028a4169cab07f8e58ef\",\"name\":\"Arthur Ventura\",\"image\":{\"@type\":\"ImageObject\",\"inLanguage\":\"pt-BR\",\"@id\":\"https:\/\/encartes.mx\/#\/schema\/person\/image\/8a45818ea77a67a00c058d294424a6f6\",\"url\":\"https:\/\/secure.gravatar.com\/avatar\/e8ff614b2fa0d91ff6c65f328a272c53?s=96&d=identicon&r=g\",\"contentUrl\":\"https:\/\/secure.gravatar.com\/avatar\/e8ff614b2fa0d91ff6c65f328a272c53?s=96&d=identicon&r=g\",\"caption\":\"Arthur Ventura\"}}]}<\/script>\n<!-- \/ Yoast SEO plugin. -->","yoast_head_json":{"title":"Tres instant\u00e1neas de la relaci\u00f3n entre fotograf\u00eda cient\u00edfica y antropolog\u00eda en M\u00e9xico &#8211; Encartes","robots":{"index":"index","follow":"follow","max-snippet":"max-snippet:-1","max-image-preview":"max-image-preview:large","max-video-preview":"max-video-preview:-1"},"canonical":"https:\/\/encartes.mx\/pt\/fotografia-antropologia-mexico\/","og_locale":"pt_BR","og_type":"article","og_title":"Tres instant\u00e1neas de la relaci\u00f3n entre fotograf\u00eda cient\u00edfica y antropolog\u00eda en M\u00e9xico &#8211; Encartes","og_description":"Resumen Este art\u00edculo presenta un panorama general del uso de la fotograf\u00eda como recurso metodol\u00f3gico en los trabajos cient\u00edficos de la antropolog\u00eda mexicana. El recuento va desde 1840 a la fecha, haciendo \u00e9nfasis en tres periodos. Al abordar el primero, se se\u00f1ala c\u00f3mo los primeros fot\u00f3grafos viajeros que llegaron al pa\u00eds fincaron la relaci\u00f3n con [&hellip;]","og_url":"https:\/\/encartes.mx\/pt\/fotografia-antropologia-mexico\/","og_site_name":"Encartes","article_published_time":"2018-09-21T13:16:53+00:00","article_modified_time":"2023-11-18T01:07:06+00:00","og_image":[{"width":1440,"height":480,"url":"https:\/\/encartes.mx\/wp-content\/uploads\/2018\/08\/Carl_Lumholtz_Tarahumara_Woman_Being_Weighed_1892.jpg","type":"image\/jpeg"}],"author":"Arthur Ventura","twitter_card":"summary_large_image","twitter_misc":{"Escrito por":"Arthur Ventura","Est. tempo de leitura":"32 minutos","Written by":"Arthur Ventura"},"schema":{"@context":"https:\/\/schema.org","@graph":[{"@type":"Article","@id":"https:\/\/encartes.mx\/fotografia-antropologia-mexico\/#article","isPartOf":{"@id":"https:\/\/encartes.mx\/fotografia-antropologia-mexico\/"},"author":{"name":"Arthur Ventura","@id":"https:\/\/encartes.mx\/#\/schema\/person\/97215bba1729028a4169cab07f8e58ef"},"headline":"Tres instant\u00e1neas de la relaci\u00f3n entre fotograf\u00eda cient\u00edfica y antropolog\u00eda en M\u00e9xico","datePublished":"2018-09-21T13:16:53+00:00","dateModified":"2023-11-18T01:07:06+00:00","mainEntityOfPage":{"@id":"https:\/\/encartes.mx\/fotografia-antropologia-mexico\/"},"wordCount":7981,"commentCount":0,"publisher":{"@id":"https:\/\/encartes.mx\/#organization"},"image":{"@id":"https:\/\/encartes.mx\/fotografia-antropologia-mexico\/#primaryimage"},"thumbnailUrl":"https:\/\/encartes.mx\/wp-content\/uploads\/2018\/08\/Carl_Lumholtz_Tarahumara_Woman_Being_Weighed_1892.jpg","keywords":["Antropolog\u00eda","fotograf\u00eda","investigaci\u00f3n","metodolog\u00eda","pr\u00e1cticas cient\u00edficas"],"articleSection":["Dosier"],"inLanguage":"pt-BR","potentialAction":[{"@type":"CommentAction","name":"Comment","target":["https:\/\/encartes.mx\/fotografia-antropologia-mexico\/#respond"]}]},{"@type":"WebPage","@id":"https:\/\/encartes.mx\/fotografia-antropologia-mexico\/","url":"https:\/\/encartes.mx\/fotografia-antropologia-mexico\/","name":"Tres instant\u00e1neas de la relaci\u00f3n entre fotograf\u00eda cient\u00edfica y antropolog\u00eda en M\u00e9xico &#8211; Encartes","isPartOf":{"@id":"https:\/\/encartes.mx\/#website"},"primaryImageOfPage":{"@id":"https:\/\/encartes.mx\/fotografia-antropologia-mexico\/#primaryimage"},"image":{"@id":"https:\/\/encartes.mx\/fotografia-antropologia-mexico\/#primaryimage"},"thumbnailUrl":"https:\/\/encartes.mx\/wp-content\/uploads\/2018\/08\/Carl_Lumholtz_Tarahumara_Woman_Being_Weighed_1892.jpg","datePublished":"2018-09-21T13:16:53+00:00","dateModified":"2023-11-18T01:07:06+00:00","breadcrumb":{"@id":"https:\/\/encartes.mx\/fotografia-antropologia-mexico\/#breadcrumb"},"inLanguage":"pt-BR","potentialAction":[{"@type":"ReadAction","target":["https:\/\/encartes.mx\/fotografia-antropologia-mexico\/"]}]},{"@type":"ImageObject","inLanguage":"pt-BR","@id":"https:\/\/encartes.mx\/fotografia-antropologia-mexico\/#primaryimage","url":"https:\/\/encartes.mx\/wp-content\/uploads\/2018\/08\/Carl_Lumholtz_Tarahumara_Woman_Being_Weighed_1892.jpg","contentUrl":"https:\/\/encartes.mx\/wp-content\/uploads\/2018\/08\/Carl_Lumholtz_Tarahumara_Woman_Being_Weighed_1892.jpg","width":1440,"height":480,"caption":"Carl Lumholtz: Tarahumara Woman Being Weighed, Barranca de San Carlos (Sinforosa), Chihuahua, 1892; from Among Unknown Tribes: Rediscovering the Photographs of Explorer Carl Lumholtz. The book includes essays by Bill Broyles, Ann Christine Eek, and others, and is published by the University of Texas Press."},{"@type":"BreadcrumbList","@id":"https:\/\/encartes.mx\/fotografia-antropologia-mexico\/#breadcrumb","itemListElement":[{"@type":"ListItem","position":1,"name":"Home","item":"https:\/\/encartes.mx\/"},{"@type":"ListItem","position":2,"name":"Tres instant\u00e1neas de la relaci\u00f3n entre fotograf\u00eda cient\u00edfica y antropolog\u00eda en M\u00e9xico"}]},{"@type":"WebSite","@id":"https:\/\/encartes.mx\/#website","url":"https:\/\/encartes.mx\/","name":"Encartes","description":"Revista digital multimedia","publisher":{"@id":"https:\/\/encartes.mx\/#organization"},"potentialAction":[{"@type":"SearchAction","target":{"@type":"EntryPoint","urlTemplate":"https:\/\/encartes.mx\/?s={search_term_string}"},"query-input":"required name=search_term_string"}],"inLanguage":"pt-BR"},{"@type":"Organization","@id":"https:\/\/encartes.mx\/#organization","name":"Encartes Antropol\u00f3gicos","url":"https:\/\/encartes.mx\/","logo":{"@type":"ImageObject","inLanguage":"pt-BR","@id":"https:\/\/encartes.mx\/#\/schema\/logo\/image\/","url":"https:\/\/encartes.mx\/wp-content\/uploads\/2017\/04\/Logo-04.png","contentUrl":"https:\/\/encartes.mx\/wp-content\/uploads\/2017\/04\/Logo-04.png","width":338,"height":306,"caption":"Encartes Antropol\u00f3gicos"},"image":{"@id":"https:\/\/encartes.mx\/#\/schema\/logo\/image\/"}},{"@type":"Person","@id":"https:\/\/encartes.mx\/#\/schema\/person\/97215bba1729028a4169cab07f8e58ef","name":"Arthur Ventura","image":{"@type":"ImageObject","inLanguage":"pt-BR","@id":"https:\/\/encartes.mx\/#\/schema\/person\/image\/8a45818ea77a67a00c058d294424a6f6","url":"https:\/\/secure.gravatar.com\/avatar\/e8ff614b2fa0d91ff6c65f328a272c53?s=96&d=identicon&r=g","contentUrl":"https:\/\/secure.gravatar.com\/avatar\/e8ff614b2fa0d91ff6c65f328a272c53?s=96&d=identicon&r=g","caption":"Arthur Ventura"}}]}},"jetpack_sharing_enabled":true,"jetpack_featured_media_url":"https:\/\/encartes.mx\/wp-content\/uploads\/2018\/08\/Carl_Lumholtz_Tarahumara_Woman_Being_Weighed_1892.jpg","_links":{"self":[{"href":"https:\/\/encartes.mx\/pt\/wp-json\/wp\/v2\/posts\/30536","targetHints":{"allow":["GET"]}}],"collection":[{"href":"https:\/\/encartes.mx\/pt\/wp-json\/wp\/v2\/posts"}],"about":[{"href":"https:\/\/encartes.mx\/pt\/wp-json\/wp\/v2\/types\/post"}],"author":[{"embeddable":true,"href":"https:\/\/encartes.mx\/pt\/wp-json\/wp\/v2\/users\/4"}],"replies":[{"embeddable":true,"href":"https:\/\/encartes.mx\/pt\/wp-json\/wp\/v2\/comments?post=30536"}],"version-history":[{"count":34,"href":"https:\/\/encartes.mx\/pt\/wp-json\/wp\/v2\/posts\/30536\/revisions"}],"predecessor-version":[{"id":38067,"href":"https:\/\/encartes.mx\/pt\/wp-json\/wp\/v2\/posts\/30536\/revisions\/38067"}],"wp:featuredmedia":[{"embeddable":true,"href":"https:\/\/encartes.mx\/pt\/wp-json\/wp\/v2\/media\/30555"}],"wp:attachment":[{"href":"https:\/\/encartes.mx\/pt\/wp-json\/wp\/v2\/media?parent=30536"}],"wp:term":[{"taxonomy":"category","embeddable":true,"href":"https:\/\/encartes.mx\/pt\/wp-json\/wp\/v2\/categories?post=30536"},{"taxonomy":"post_tag","embeddable":true,"href":"https:\/\/encartes.mx\/pt\/wp-json\/wp\/v2\/tags?post=30536"},{"taxonomy":"author","embeddable":true,"href":"https:\/\/encartes.mx\/pt\/wp-json\/wp\/v2\/coauthors?post=30536"}],"curies":[{"name":"wp","href":"https:\/\/api.w.org\/{rel}","templated":true}]}}