{"id":29607,"date":"2018-03-21T11:52:03","date_gmt":"2018-03-21T11:52:03","guid":{"rendered":"https:\/\/encartesantropologicos.mx\/wordpress\/?p=29607"},"modified":"2023-11-17T19:16:45","modified_gmt":"2023-11-18T01:16:45","slug":"el-maoismo-en-mexico","status":"publish","type":"post","link":"https:\/\/encartes.mx\/pt\/el-maoismo-en-mexico\/","title":{"rendered":"Mao\u00edsmo no M\u00e9xico. O caso do Partido Revolucion\u00e1rio do Proletariado Mexicano, 1969-1970."},"content":{"rendered":"<h2 class=\"wp-block-heading\">Sum\u00e1rio<\/h2>\n\n\n\n<p class=\"abstract\">Este artigo enfoca o Partido Revolucionario del Proletariado Mexicano (PRPM) que operou no Distrito Federal e nos estados de Morelos e Guerrero entre 1969 e 1970. Atrav\u00e9s de entrevistas com militantes da PRPM e consultando documentos do Archivo General de la Naci\u00f3n (AGN), pude reconstruir esta etapa pouco conhecida da hist\u00f3ria contempor\u00e2nea do M\u00e9xico. Propus-me quatro objetivos: apresentar o processo de funda\u00e7\u00e3o da PRPM, a estrutura deste partido, explicar como este grupo foi desarticulado e, finalmente, a influ\u00eancia que esta organiza\u00e7\u00e3o mao\u00edsta teve sobre o movimento popular urbano, especificamente na funda\u00e7\u00e3o da Col\u00f4nia Prolet\u00e1ria Rub\u00e9n Jaramillo, no estado de Morelos.<\/p>\n\n\n\n<p class=\"abstract\">Palavras-chave: <a href=\"https:\/\/encartes.mx\/pt\/tag\/comunismo\/\" rel=\"tag\">o comunismo<\/a>, <a href=\"https:\/\/encartes.mx\/pt\/tag\/guerrilla\/\" rel=\"tag\">guerrilheiro<\/a>, <a href=\"https:\/\/encartes.mx\/pt\/tag\/izquierda-politica\/\" rel=\"tag\">esquerda pol\u00edtica<\/a>, <a href=\"https:\/\/encartes.mx\/pt\/tag\/maoismo\/\" rel=\"tag\">Mao\u00edsmo<\/a>, <a href=\"https:\/\/encartes.mx\/pt\/tag\/militancia\/\" rel=\"tag\">milit\u00e2ncia<\/a><br><\/p>\n\n\n<p class=\"en-title\">mao\u00edsmo no m\u00e9xico: o caso do <em>Partido Revolucion\u00e1rio do Proletariado Mexicano<\/em>, 1969-1970<\/p>\n\n\n\n<p class=\"abstract en-text\">No presente artigo, vou focar o <em>Partido Revolucion\u00e1rio do Proletariado Mexicano<\/em> (\"O Partido Revolucion\u00e1rio do Proletariado Mexicano\", sigla em espanhol: PRPM), que se desenvolveu na Cidade do M\u00e9xico, bem como nos estados de Guerrero e Morelos em 1969 e 1970. Com base em entrevistas com militantes da PRPM, bem como atrav\u00e9s de pesquisas documentais no Arquivo Nacional do M\u00e9xico (<em>Arquivo Geral da Na\u00e7\u00e3o<\/em>Consegui reconstruir uma era pouco conhecida da hist\u00f3ria recente do M\u00e9xico. Propus-me a alcan\u00e7ar quatro objetivos: apresentar o processo de funda\u00e7\u00e3o da PRPM; descrever a estrutura do partido; recontar como ele se dissolveu e demonstrar a influ\u00eancia que a organiza\u00e7\u00e3o mao\u00edsta exerceu nos movimentos urbanos populares, especificamente a funda\u00e7\u00e3o da \"Col\u00f4nia Prolet\u00e1ria Rub\u00e9n Jaramillo\" em Morelos.<\/p>\n\n\n\n<p class=\"abstract en-text\">Palavras-chave: mao\u00edsmo, comunismo, milit\u00e2ncia, esquerda, guerrilha.<\/p>\n\n\n\n<h2 class=\"wp-block-heading\">O Partido Revolucion\u00e1rio do Proletariado Mexicano (PRPM)<\/h2>\n\n\n\n<p><p class=\"no-indent translation-block\"><span class=\"dropcap\">O PRPM surgiu em um contexto nacional caracterizado por divis\u00f5es de tend\u00eancias ideol\u00f3gicas geradas pela disputa entre o Partido Comunista da Uni\u00e3o Sovi\u00e9tica (CPSU) e o Partido Comunista Chin\u00eas (CCP).<a class=\"anota\" id=\"anota2\" data-footnote=\"2\" target=\"_self\">2<\/a> O atrito e a ruptura entre estes dois partidos teve seus efeitos na milit\u00e2ncia mexicana. Este per\u00edodo foi caracterizado por rupturas pol\u00edticas que levaram os militantes mexicanos a escolher um ou outro lado. Alguns que n\u00e3o estavam satisfeitos com a posi\u00e7\u00e3o pol\u00edtica do Partido Comunista Mexicano (PCM) abra\u00e7aram a causa dos chineses, pois consideravam que o Partido Comunista Chin\u00eas (PCC) estava mais ligado ao marxismo-leninismo, tornando-se a linha geral do movimento comunista internacional.<a class=\"anota\" id=\"anota3\" data-footnote=\"3\" target=\"_self\">3<\/a><\/p>\n\n\n\n<p>Nos anos 60, militantes de esquerda criaram organiza\u00e7\u00f5es de curta exist\u00eancia, como a Liga Leninista Spartacus (LLE), o Partido Comunista Bolchevique (PCB), o Partido Revolucion\u00e1rio do Proletariado (PRP), a Liga Comunista para a Constru\u00e7\u00e3o do Partido Revolucion\u00e1rio do Proletariado (LCPRP), o Partido Revolucion\u00e1rio do Proletariado Mexicano (PRPM), a Associa\u00e7\u00e3o Revolucion\u00e1ria Spartacus (ARE), a Associa\u00e7\u00e3o Revolucion\u00e1ria Spartacus do Proletariado Mexicano (AREPM), o Sindicato para a Reclama\u00e7\u00e3o dos Trabalhadores Camponeses (UROC). Uma boa parte deles acabou na Liga Comunista Spartacus (LCE), que ficou do lado do Partido Comunista Chin\u00eas (CCP).<a class=\"anota\" id=\"anota4\" data-footnote=\"4\">4<\/a><\/p>\n\n\n\n<p>Vale a pena mencionar que houve outros grupos mao\u00edstas que decidiram seguir um caminho de trabalho pol\u00edtico e organiza\u00e7\u00e3o popular durante os anos 70. Entre os mais representativos estavam a fac\u00e7\u00e3o n\u00e3o-militarista da Uni\u00e3o Popular, o Grupo Compa\u00f1ero, a se\u00e7\u00e3o Ho Chi Minh da Universidade Nacional Aut\u00f4noma do M\u00e9xico (UNAM), uma lasca da Liga Comunista Spartacus, e a Pol\u00edtica Popular.<a class=\"anota\" id=\"anota5\" data-footnote=\"5\">5<\/a><\/p>\n\n\n\n<p>Entretanto, entre todos os grupos que se identificaram com o pensamento de Mao Tse-Tung, o \u00fanico grupo reconhecido e apoiado pelos comunistas chineses foi o Movimento Marxista-Leninista do M\u00e9xico (MMLM), cujos membros eram coloquialmente chamados \"os Mamelukes\" e cujo l\u00edder principal era Federico Emery Ulloa.<a class=\"anota\" id=\"anota6\" data-footnote=\"6\">6<\/a> Posteriormente, houve uma segunda organiza\u00e7\u00e3o mao\u00edsta mexicana que os comunistas chineses apoiaram e reconheceram, que foi chamada de Partido Revolucion\u00e1rio do Proletariado Mexicano (PRPM).<\/p>\n\n\n\n<div class=\"wp-block-image full-size wp-image-30143 size-full\"><figure class=\"alignright\"><img loading=\"lazy\" decoding=\"async\" width=\"235\" height=\"227\" src=\"https:\/\/encartesantropologicos.mx\/wordpress\/wp-content\/uploads\/2018\/03\/PRPM-e1521415748725.jpeg\" alt=\"\" class=\"wp-image-30143\"\/><figcaption>Javier Fuentes Guti\u00e9rrez, l\u00edder PRPM.fonte: AGN, IPS, Galeria 2, Caixa 3033 A, arquivo 12.<\/figcaption><\/figure><\/div>\n\n\n\n<p>O principal l\u00edder da PRPM foi o engenheiro Javier Fuentes Guti\u00e9rrez, tamb\u00e9m conhecido como Pancho. Fuentes era membro do Partido Comunista Mexicano (PCM), do Movimento de Liberta\u00e7\u00e3o Nacional (MLN), da Central Camponesa Independente (CCI) e da Frente Eleitoral Popular (FEP). Dos documentos desclassificados da pol\u00edcia pol\u00edtica (DFS) sabemos que Javier Fuentes ficou desiludido com estas organiza\u00e7\u00f5es e se distanciou delas; isto \u00e9 afirmado em sua declara\u00e7\u00e3o:<\/p>\n\n\n\n<p class=\"large-quote\">...mas quando viu que o programa do Partido Comunista Mexicano n\u00e3o o satisfazia, por considerar que n\u00e3o era suficiente para as injusti\u00e7as sociais sofridas pelo povo, optou por separar-se dele e juntar-se \u00e0 Central Campesina Independiente, uma organiza\u00e7\u00e3o rec\u00e9m-criada na \u00e9poca e voltada para a solu\u00e7\u00e3o dos problemas do campesinato no M\u00e9xico, Mas com o passar do tempo, ele percebeu que esta Central tamb\u00e9m n\u00e3o era capaz de resolver os problemas dos camponeses em benef\u00edcio deles, ent\u00e3o decidiu partir e n\u00e3o pertencer a nenhum grupo de esquerda, embora tenha visitado cada um deles para estudar e analisar seus programas de trabalho e ver se era poss\u00edvel para algum deles satisfazer suas aspira\u00e7\u00f5es, que consistiam em realmente fazer trabalho em benef\u00edcio do povo.<a class=\"anota\" id=\"anota7\" data-footnote=\"7\">7<\/a><\/p>\n\n\n\n<p>O engenheiro Javier Fuentes procurou outras op\u00e7\u00f5es e as encontrou quando o militante e l\u00edder do Movimento L\u00eaninista Marxista Mexicano (MMLM) Federico Emery Ulloa o colocou em contato com os chineses. Em um documento do AGN, em uma declara\u00e7\u00e3o dada pelo militante Javier Fuentes, ele conta como conheceu Federico Emery Ulloa:<\/p>\n\n\n\n<p class=\"large-quote\">Quando soube que Federico Emery Ulloa era distribuidor deste material impresso na China, entrou em contato com ele, que, depois de se identificar ideologicamente em termos de que ambos eram e s\u00e3o admiradores dos pensamentos de Mao Tse Tung, Ulloa recomendou ao declarante a distribui\u00e7\u00e3o do material escrito e impresso na China Popular, para sua divulga\u00e7\u00e3o no M\u00e9xico.<a class=\"anota\" id=\"anota8\" data-footnote=\"8\">8<\/a><\/p>\n\n\n\n<p>Foi assim que em janeiro de 1967 Javier Fuentes fundou uma livraria chamada El Primer Paso, localizada na Rua Enrico Mart\u00ednez, 14, na Cidade do M\u00e9xico, com o objetivo de distribuir livros mao\u00edstas. Al\u00e9m de sua atividade de propaganda na Cidade do M\u00e9xico, Javier Fuentes dedicou-se nesse ano a consolidar c\u00edrculos de estudo no estado de Morelos com camponeses e jovens interessados no mao\u00edsmo.<\/p>\n\n\n\n<p class=\"large-quote\">Entre os que participaram dessas reuni\u00f5es de doutrina\u00e7\u00e3o, estavam Antonio e Israel Gonz\u00e1lez, Rafael Equihua, os irm\u00e3os Medrano e seu primo Aquileo, dois ex-jaramilistas, Abundio e el Tlacuache, Justo, um \u00edndio Xoxocotla, e Carmelo C\u00f3rtes, que era ent\u00e3o tenente de Lucio Caba\u00f1as naquele estado. O principal objetivo destas reuni\u00f5es era convencer os participantes de que a teoria mao\u00edsta era o guia cient\u00edfico para a necess\u00e1ria luta revolucion\u00e1ria e que, portanto, era oportuno come\u00e7ar a aumentar a organiza\u00e7\u00e3o para iniciar a luta armada para derrubar o governo e estabelecer um governo socialista. Foi nestas reuni\u00f5es que o Partido Revolucion\u00e1rio do Proletariado Mexicano (PRPM) teve seu germe (Jaso, 2011: 38).<\/p>\n\n\n\n<p>No entanto, naquele ano, a pol\u00edcia pol\u00edtica, a Dire\u00e7\u00e3o Federal de Seguran\u00e7a (DFS)<a class=\"anota\" id=\"anota9\" data-footnote=\"9\">9<\/a> liga Fuentes a uma a\u00e7\u00e3o armada no estado de Guerrero.<\/p>\n\n\n\n<p class=\"large-quote\">De fato, em julho de 1967, quando membros de um grupo guerrilheiro em forma\u00e7\u00e3o foram detidos, o Procurador Geral Adjunto da Rep\u00fablica, Julio S\u00e1nchez Vargas, o acusou de ser \"o autor intelectual da conspira\u00e7\u00e3o\", que serviu de pretexto para fechar a livraria El Primer Paso, de sua propriedade, e confiscar a propaganda e as publica\u00e7\u00f5es chinesas que l\u00e1 mantinham (Cond\u00e9s, 2009: 123).<\/p>\n\n\n\n<p>Javier Fuentes Guti\u00e9rrez escapou da pris\u00e3o. Dias antes, ele havia partido com Emery Ulloa para a Rep\u00fablica Popular da China, onde permaneceram por v\u00e1rios meses. L\u00e1 eles receberam treinamento pol\u00edtico e militar.<\/p>\n\n\n\n<p>Rafael Equihua Palomares, que era o l\u00edder estadual da CCI em Morelos e militante da PRPM, disse em sua declara\u00e7\u00e3o obtida sob tortura que as pessoas que realizaram o ataque contra o transporte militar nas montanhas do estado de Guerrero foram recrutadas pelo engenheiro Javier Fuentes. No entanto, eles agiram por conta pr\u00f3pria. Vamos ver:<\/p>\n\n\n\n<p class=\"large-quote\">Que agora ele lembra que Fuentes Guti\u00e9rrez comentou que quando estava na Rep\u00fablica Popular da China, houve um ataque a um transporte militar nas montanhas do estado de Guerrero, que foi cometido por indiv\u00edduos que ele mesmo havia recrutado para sua organiza\u00e7\u00e3o, mas que haviam agido por conta pr\u00f3pria, o que o havia comprometido, de modo que ele foi for\u00e7ado a voltar ao M\u00e9xico clandestinamente e entrar no pa\u00eds caminhando pela fronteira com a Rep\u00fablica da Guatemala.<a class=\"anota\" id=\"anota10\" data-footnote=\"10\">10<\/a><\/p>\n\n\n\n<p>Quando Javier Fuentes voltou ao M\u00e9xico, ele foi para Cuernavaca, Morelos, onde estabeleceu sua casa e come\u00e7ou a trabalhar em uma oficina de bicicletas. Tanto a oficina quanto sua casa eram uma cobertura para as atividades da PRPM.<\/p>\n\n\n\n<p>O ano de 1968 chegou e manifesta\u00e7\u00f5es estudantis estavam ocorrendo na Cidade do M\u00e9xico.<a class=\"anota\" id=\"anota11\" data-footnote=\"11\">11<\/a> Neste momento, Fuentes trabalhou com um grupo de estudantes da Escola de Economia do Instituto Polit\u00e9cnico Nacional (IPN). Foi durante este movimento que os mao\u00edstas da PRPM recrutaram outros elementos. A militante daqueles anos Rosalba Robles Vessi menciona que: \"eles conheceram o engenheiro Fuentes Guti\u00e9rrez - pelo menos ela e [seu marido] Ra\u00fal Murgu\u00eda - quase no final do movimento estudantil de 1968\" (Jaso, 2011: 39).<\/p>\n\n\n\n<p>Durante o desenvolvimento do movimento estudantil de 1968, Ra\u00fal Murgu\u00eda, matem\u00e1tico do IPN, encontrou o antrop\u00f3logo Antonio Garc\u00eda de Le\u00f3n, que na \u00e9poca estava envolvido em dois comit\u00eas de luta: o da Escola Nacional de Antropologia e Hist\u00f3ria (ENAH), onde estudava, e o de Economia do Instituto Polit\u00e9cnico Nacional (IPN), onde tinha alguns amigos. No final de 1968 - ap\u00f3s o massacre de 2 de outubro em Tlatelolco - Antonio Garc\u00eda de Le\u00f3n conheceu o engenheiro Javier Fuentes atrav\u00e9s de Ra\u00fal Murgu\u00eda e mais tarde se juntou \u00e0 PRPM. As c\u00e9lulas que compunham esta organiza\u00e7\u00e3o eram constitu\u00eddas por pessoas muito perturbadas pela repress\u00e3o do Estado.<a class=\"anota\" id=\"anota12\" data-footnote=\"12\">12<\/a> Diante desta situa\u00e7\u00e3o, os mao\u00edstas da PRPM pensavam que a luta armada era a \u00fanica sa\u00edda pol\u00edtica.<a class=\"anota\" id=\"anota13\" data-footnote=\"13\">13<\/a><\/p>\n\n\n\n<p>Posteriormente, em janeiro de 1969, a PRPM foi formalmente fundada na Cidade do M\u00e9xico. Esta reuni\u00e3o foi realizada na casa de um casal que simpatizou com a organiza\u00e7\u00e3o. Entre os presentes estavam o engenheiro Javier Fuentes Guti\u00e9rrez, Jes\u00fas G\u00f3mez Ibarra, Florencio Medrano Mederos, Ra\u00fal Murgu\u00eda Rosete, Rosalba Robles Vessi, Judith Leal Duque e Rafael Equihua Palomares. Al\u00e9m disso, nesta reuni\u00e3o foi elaborado o programa da organiza\u00e7\u00e3o, que foi chamado de Partido Revolucion\u00e1rio do Proletariado Mexicano.<a class=\"anota\" id=\"anota14\" data-footnote=\"14\">14<\/a><\/p>\n\n\n\n<p>A cria\u00e7\u00e3o da PRPM foi orientada pelo marxismo-leninismo, o pensamento de Mao Tse-Tung. De acordo com Antonio Garc\u00eda de Le\u00f3n, a estrutura organizacional do partido era a seguinte: \"Em c\u00e9lulas de 3 ou 4 membros que funcionavam sob uma coordena\u00e7\u00e3o e sem se conhecerem de c\u00e9lula em c\u00e9lula\".<a class=\"anota\" id=\"anota15\" data-footnote=\"15\">15<\/a> Por outro lado, a militante Rosalba Robles Vessi acrescenta mais sobre a estrutura da PRPM: \"Um l\u00edder, um chefe, um comandante; depois alguns homens perto do l\u00edder, e depois o resto. Era uma organiza\u00e7\u00e3o muito jovem que ainda estava em processo de estrutura\u00e7\u00e3o; o engenheiro Fuentes era o l\u00edder\".<a class=\"anota\" id=\"anota16\" data-footnote=\"16\">16<\/a><\/p>\n\n\n\n<p>Segundo documentos da AGN, o objetivo da PRPM era: \"organizar as massas populares e derrubar pela for\u00e7a armada o poder da classe dominante, o servidor do imperialismo ianque, e estabelecer na na\u00e7\u00e3o mexicana um estado de nova democracia, com um governo representando os interesses de todas as classes revolucion\u00e1rias\".<a class=\"anota\" id=\"anota17\" data-footnote=\"17\">17<\/a><\/p>\n\n\n\n<p>Para levar adiante este projeto e fortalecer o ideal pol\u00edtico e militar da organiza\u00e7\u00e3o, Fuentes prop\u00f4s que os militantes da PRPM viajem para a Rep\u00fablica Popular da China. Como recorda Antonio Garc\u00eda de Le\u00f3n: \"Receber prepara\u00e7\u00e3o pol\u00edtica e treinamento militar dentro da concep\u00e7\u00e3o chinesa e vietnamita de criar uma grande organiza\u00e7\u00e3o, de prefer\u00eancia rural, que cercasse a cidade do campo; essa foi a id\u00e9ia desenvolvida por Fuentes e outros l\u00edderes\".<a class=\"anota\" id=\"anota18\" data-footnote=\"18\">18<\/a><\/p>\n\n\n\n<p>A viagem \u00e0 Rep\u00fablica Popular da China foi realizada em maio de 1969. Os militantes da PRPM foram em dois grupos: no primeiro grupo estavam Ra\u00fal Ernesto Murgu\u00eda, Rosalba Robles, Florencio Medrano, Judith Leal, Rafael Equihua e Teresa, enquanto no segundo grupo estavam Antonio Garc\u00eda de Le\u00f3n, Israel Gonz\u00e1lez e Aquileo Mederos. A primeira parada que fizeram foi em Helsinki e depois em Paris, onde fizeram contato com a embaixada da Rep\u00fablica Popular da China. Desta forma, os diplomatas chineses forneceram-lhes bilhetes de avi\u00e3o que utilizavam para continuar sua viagem at\u00e9 a cidade de Pequim, onde foram recebidos pelas autoridades chinesas. Uma vez reunidos, os militantes da PRPM eram levados de \u00f4nibus para uma escola de guerra de guerrilha.<\/p>\n\n\n\n<p>Um grupo de ativistas da PRPM foi doutrinado desta forma. Um deles, Rosalba Robles Vessi, lembra a experi\u00eancia: \"O treinamento consistiu no estudo e discuss\u00e3o das obras de Mao Tse-Tung, visitas a f\u00e1bricas, comunas, hospitais, locais hist\u00f3ricos, rela\u00e7\u00f5es com trabalhadores e veteranos da revolu\u00e7\u00e3o que compartilharam suas experi\u00eancias durante e ap\u00f3s a revolu\u00e7\u00e3o, e estrat\u00e9gias e t\u00e1ticas militares, incluindo o conhecimento de algumas armas\".<a class=\"anota\" id=\"anota19\" data-footnote=\"19\">19<\/a><br>Em sua declara\u00e7\u00e3o obtida sob tortura, Rafael Equihua Palomares deu uma descri\u00e7\u00e3o mais extensa do treinamento na Rep\u00fablica Popular da China. Ele afirmou que<\/p>\n\n\n\n<p class=\"large-quote\">\u00c0s 6 horas da manh\u00e3 fizeram exerc\u00edcios de gin\u00e1stica e caminhadas; \u00e0s 6h30min deram banho e logo em seguida um caf\u00e9 da manh\u00e3 leve; das 8h00 \u00e0s 11h30min aulas te\u00f3ricas; \u00e0s 12h00 almo\u00e7o e depois uma sesta; das 14h30 \u00e0s 18h30 novas aulas e depois hora do jantar e depois discuss\u00e3o ou coment\u00e1rios sobre o que tinham estudado e \u00e0s 21h00 para dormir; que as aulas consistiam de pol\u00edtica e estrat\u00e9gia militar e t\u00e1ticas, manipula\u00e7\u00e3o de explosivos e armas de fogo e pr\u00e1tica de tiroteio.00 horas para dormir; que as aulas consistiam de pol\u00edtica, estrat\u00e9gia e t\u00e1tica militar, explosivos e manuseio de armas de fogo e pr\u00e1tica de tiroteio, lembrando que desta \u00faltima s\u00f3 tinham duas ou tr\u00eas pr\u00e1ticas, mas n\u00e3o explosivos, que era mais extensa, ensinando-lhes o manuseio de explosivos, dinamite, minas e como fazer e ligar detonadores; que eles tamb\u00e9m realizavam exerc\u00edcios pr\u00e1ticos de ataques e emboscadas, nos quais todos os membros do grupo mexicano j\u00e1 mencionado participavam e os soldados chineses agiam como inimigos, usando espingardas sem cartuchos, e em ocasi\u00f5es recebiam cartuchos em branco, usando camuflagem, e os chineses sempre diziam que na simula\u00e7\u00e3o estavam lutando contra os japoneses.<a class=\"anota\" id=\"anota20\" data-footnote=\"20\">20<\/a><\/p>\n\n\n\n<p>Vale mencionar que os ativistas da PRPM estiveram no pa\u00eds asi\u00e1tico em meio \u00e0 revolu\u00e7\u00e3o cultural,<a class=\"anota\" id=\"anota21\" data-footnote=\"21\">21<\/a> Este foi sem d\u00favida um momento hist\u00f3rico que os marcou pol\u00edtica e ideologicamente. Com o conhecimento que haviam adquirido, os membros da PRPM retornaram ao M\u00e9xico no final de dezembro de 1969. Entretanto, a DFS estava no seu caminho e enfatizou as seguintes premissas:<\/p>\n\n\n\n<p class=\"large-quote\">1) Eles estavam plenamente convencidos da \"necessidade de estabelecer um n\u00facleo pol\u00edtico-militar entre as massas que permitiria a acumula\u00e7\u00e3o de for\u00e7as\", em uma primeira fase de um longo processo pol\u00edtico-militar conhecido na teoria mao\u00edsta como \"Guerra Popular Prolongada\"; 2) Eles se distanciaram das guerrilhas urbanas existentes naquela \u00e9poca, em particular dos esfor\u00e7os que deram origem ao LC23S; para eles, a perspectiva era de guerrilha puramente rural, seu slogan era \"cercar as cidades do campo\"; 3) Embora a maioria deles seja de Guerrero, eles viram melhores condi\u00e7\u00f5es para o desenvolvimento no estado de Morelos por causa da tradi\u00e7\u00e3o de luta camponesa.<a class=\"anota\" id=\"anota22\" data-footnote=\"22\">22<\/a><\/p>\n\n\n\n<p>Infelizmente, os membros da PRPM n\u00e3o sabiam que a DFS estava em seu rastro; como recorda a militante Rosalba Robles Vessi: \"como o pr\u00f3prio Nassar Haro mencionou durante os interrogat\u00f3rios, a Interpol tinha um registro de nossa viagem desde a \u00faltima parada a\u00e9rea antes de chegar \u00e0 China. N\u00e3o, n\u00f3s n\u00e3o sab\u00edamos que eles estavam em nosso rastro at\u00e9 alguns dias antes de nossa pris\u00e3o...\".<a class=\"anota\" id=\"anota23\" data-footnote=\"23\">23<\/a><\/p>\n\n\n\n<p>Os mao\u00edstas da PRPM voltaram convencidos de que poderiam se relacionar com as pessoas comuns. Instalaram-se nos estados de Morelos e Guerrero, onde houve contatos e trabalhos pol\u00edticos anteriores de Javier Fuentes Guti\u00e9rrez, Rafael Equihua Palomares e os irm\u00e3os Florencio, Primo e Pedro Medrano Mederos, entre outros.<\/p>\n\n\n\n<p>O plano com os camponeses desses dois estados foi frustrado pela persegui\u00e7\u00e3o que havia sido feita aos militantes da organiza\u00e7\u00e3o desde sua chegada da China. Um evento que precipitou o desmantelamento do grupo ocorreu em fevereiro de 1970. Duas bombas foram detonadas acidentalmente na oficina de reparos de aparelhos el\u00e9tricos que serviu como arsenal de um grupo chamado Comit\u00ea de Luta Revolucion\u00e1ria (CLR). Estas bombas foram fabricadas e armazenadas l\u00e1.<\/p>\n\n\n\n<p>Ap\u00f3s a explos\u00e3o, a pol\u00edcia iniciou investiga\u00e7\u00f5es at\u00e9 conseguir capturar o grupo inteiro. Segundo os historiadores Azucena Citlalli Jaso Galv\u00e1n e Enrique Condes Lara, o Comit\u00ea de Lucha Revolucionaria (CLR) estava ligado a outros grupos armados que operavam em Chiapas, Tabasco, M\u00e9rida e Guerrero, neste \u00faltimo estado especificamente com o grupo de Genaro V\u00e1zquez,<a class=\"anota\" id=\"anota24\" data-footnote=\"24\">24<\/a> e na Cidade do M\u00e9xico e Morelos com o PRPM. \"Os mao\u00edstas [da PRPM] haviam de fato mantido conversa\u00e7\u00f5es com membros do Comit\u00ea de Luta Revolucion\u00e1ria, mas n\u00e3o participaram dos bombardeios e agress\u00f5es - expropria\u00e7\u00f5es revolucion\u00e1rias - realizados por seus interlocutores\" (Cond\u00e9s, 2009:126).<\/p>\n\n\n\n<p>Foi em meados de fevereiro de 1970 que os militantes da PRPM come\u00e7aram a ter problemas com a distribui\u00e7\u00e3o de propaganda que um de seus membros estava distribuindo de um apartamento em Tlatelolco. Antonio Garc\u00eda de Le\u00f3n lembra que Javier Fuentes tentou esclarecer o problema com esta pessoa:<\/p>\n\n\n\n<p class=\"large-quote\">Devido a um erro de Fuentes, que surgiu com a id\u00e9ia de que dever\u00edamos ir como um grupo para reclamar com esse cara em Tlatelolco. Fuentes, Murgu\u00eda, Rosalba, dois outros colegas e eu ir\u00edamos. Mas naqueles dias eu tinha que atuar como testemunha no casamento de minha irm\u00e3 em Veracruz, ent\u00e3o recusei o \"convite\" e fui ao casamento. Dias depois, soube pela imprensa que todos eles haviam sido \"emboscados\" pela pol\u00edcia da brigada comandada por Nasar Haro....<a class=\"anota\" id=\"anota25\" data-footnote=\"25\">25<\/a><\/p>\n\n\n\n<p>Os militantes da PRPM foram \u00e0 reuni\u00e3o na pra\u00e7a Tlatelolco e, em vez de encontrar a pessoa que os havia convocado, foram detidos por agentes da DFS. Rosalba Robles Vessi lembra: \"Foi realizada por Nassar Haro e outros agentes na Cidade do M\u00e9xico, no jardim de Santiago Tlatelolco, enquanto esper\u00e1vamos por um encontro. Foi l\u00e1 que Javier Fuentes, Ra\u00fal Murgu\u00eda e Rosalba Robles foram presos\".<a class=\"anota\" id=\"anota26\" data-footnote=\"26\">26<\/a><\/p>\n\n\n\n<p>Os militantes da PRPM foram raptados em um local desconhecido, possivelmente o acampamento militar n\u00famero um. Dias depois foram apresentados \u00e0s autoridades e acusados de conspira\u00e7\u00e3o, incita\u00e7\u00e3o \u00e0 rebeli\u00e3o, associa\u00e7\u00e3o criminosa e oculta\u00e7\u00e3o dos crimes de danos \u00e0 propriedade de terceiros por explos\u00e3o e ferimentos.<a class=\"anota\" id=\"anota27\" data-footnote=\"27\">27<\/a><\/p>\n\n\n\n<p>Sabe-se agora que a pris\u00e3o foi devido a uma dica. Antonio Garc\u00eda de Le\u00f3n recorda:<\/p>\n\n\n\n<p class=\"large-quote\">Mas soube mais tarde que ele n\u00e3o era um infiltrado e que a sua den\u00fancia era justificada. A hist\u00f3ria, que Murgu\u00eda me contou anos depois, em 1975, \u00e9 que naquela \u00e9poca (1970) o <em>compa<\/em> Ele havia acabado de se casar e sua esposa estava gr\u00e1vida. A pol\u00edcia de Nasar Haro (da Brigada Branca criada por Echeverr\u00eda no Segob, e anos depois processada por contrabando de carros, assassinato e tr\u00e1fico de drogas) capturou sua esposa: disseram-lhe que a torturariam e violariam em sua presen\u00e7a, que a fariam abortar e que s\u00f3 os respeitariam e os deixariam ir em liberdade se desistissem do grupo.<a class=\"anota\" id=\"anota28\" data-footnote=\"28\">28<\/a><\/p>\n\n\n\n<p>O engenheiro Javier Fuentes Guti\u00e9rrez e seus colegas Ra\u00fal Murgu\u00eda Rosete e Rosalba Robles Vessi foram condenados a 40 anos de pris\u00e3o. Eles foram repentinamente libertados de forma t\u00e3o irregular quanto todo o processo contra eles havia sido.<\/p>\n\n\n\n<p class=\"large-quote\">Com o n\u00facleo da PRPM na pris\u00e3o, o resto do grupo - tanto na Cidade do M\u00e9xico como em Morelos - se dispersou, e as detentas permaneceram no Pal\u00e1cio Lecumberri e na pris\u00e3o feminina de Santa Marta Acatitla por cerca de quatro anos. Elas foram libertadas - possivelmente como sinal de amizade do governo mexicano - ap\u00f3s a viagem de Echeverr\u00eda 1973 \u00e0 Rep\u00fablica Popular da China e ap\u00f3s o rein\u00edcio das atividades diplom\u00e1ticas entre as duas na\u00e7\u00f5es (Jaso, 2011: 45).<\/p>\n\n\n\n<p>Quando foram libertados da pris\u00e3o, os membros da PRPM se dispersaram. Foi assim que a organiza\u00e7\u00e3o mao\u00edsta mexicana foi desmantelada. O militante daqueles anos, Antonio Garc\u00eda de Le\u00f3n, lembra que n\u00e3o houve nenhuma tentativa de reestrutura\u00e7\u00e3o da organiza\u00e7\u00e3o: \"Nunca mais: eu estava em Chiapas e era militante na ala 'vietnamita' do grupo Uni\u00f3n del Pueblo, e Murgu\u00eda me visitou l\u00e1 quando ele saiu da pris\u00e3o, que j\u00e1 era estudante de Antropologia F\u00edsica no ENAH, que foi o que ele fez mais tarde (hoje ele vive em Yucat\u00e1n)\".<a class=\"anota\" id=\"anota29\" data-footnote=\"29\">29<\/a><\/p>\n\n\n\n<p>Entretanto, o legado e a a\u00e7\u00e3o do pensamento mao\u00edsta continuou presente em um dos membros da PRPM, Florencio Medrano Mederos, <em>el G\u00fcero<\/em>de origem camponesa. Isto \u00e9 confirmado por Antonio Garc\u00eda de Le\u00f3n: \"O \u00fanico que ainda mantinha um pequeno PRPM era <em>el G\u00fcero<\/em> Medrano, que mais tarde se tornou o PPUA (United Proletarian Party of America), com c\u00e9lulas no M\u00e9xico e migrantes nos EUA.<a class=\"anota\" id=\"anota30\" data-footnote=\"30\">30<\/a><\/p>\n\n\n\n<div class=\"wp-block-image wp-image-29609 size-medium\"><figure class=\"alignright\"><img decoding=\"async\" src=\"https:\/\/encartesantropologicos.mx\/wordpress\/wp-content\/uploads\/2017\/12\/d-t-titulacion-imagenes-12923284_887896514665882-225x300.jpeg\" alt=\"\"\/><figcaption>Florencio Medrano Mederos, \"el G\u00fcero\". Fotografia doada por Mar\u00eda \u00c1ngeles Vences Guti\u00e9rrez<\/figcaption><\/figure><\/div>\n\n\n\n<p>Quando os militantes da PRPM retornaram de seu treinamento pol\u00edtico e militar na China, Florencio Medrano estava em fuga da pol\u00edcia pol\u00edtica. Durante 1971 e 1972 ele se refugiou com os ejidatarios de Acatlipa, Morelos. L\u00e1, Florencio trabalhou como pedreiro e cortou rosas, e em seu tempo livre contou a seus companheiros sobre as obras e id\u00e9ias de Mao Tse-Tung. Assim, quando viu a necessidade de terras para viver, come\u00e7ou a planejar a invas\u00e3o de terras no que estava destinado a ser o loteamento Villa de las Flores, localizado em Temixco, no estado de Morelos. \u00c9 assim que seu irm\u00e3o e companheiro na luta pela moradia, Pedro Medrano Mederos, se lembra dela:<\/p>\n\n\n\n<p class=\"large-quote\">Eles o convidaram para ir estudar, para se preparar precisamente na China... quando ele voltou ao M\u00e9xico e a partir da\u00ed o governo mexicano come\u00e7ou a segui-lo, a lei mexicana come\u00e7ou a persegui-lo e ent\u00e3o ele estava pulando de um lugar para outro, e trabalhando com os pedreiros ou onde quer que houvesse trabalho a ser feito. Ent\u00e3o ele foi para Acatlipa, onde se refugiou com os ejidatarios para cortar rosas e de l\u00e1, entre coment\u00e1rios, ele era como os evangelistas com seus livros sob seu sovaco e dando a doutrina de Mao Tse-Tung aos trabalhadores dos ejidatarios, \u00e0queles que ali se reuniam para cortar rosas e tudo isso. Ent\u00e3o, com o passar do tempo, foi a vez do Rub\u00e9n Jaramillo.<a class=\"anota\" id=\"anota31\" data-footnote=\"31\">31<\/a><\/p>\n\n\n\n<p>Florencio Medrano assimilou sua experi\u00eancia na Rep\u00fablica Popular da China como uma an\u00e1lise te\u00f3rica, redefinindo assim o mao\u00edsmo, mas de acordo com as condi\u00e7\u00f5es da realidade mexicana. Florencio Medrano levou um grande grupo de camponeses, migrantes, diaristas, trabalhadores e desempregados de Acatlipa, Temixco, Jojutla e tamb\u00e9m do estado de Guerrero, principalmente de Iguala e Tierra Caliente, a invadir um grande terreno em Villa de las Flores, Temixco, Morelos, de propriedade do filho do governador do estado, Felipe Rivera Crespo. A apreens\u00e3o das terras ocorreu em 31 de mar\u00e7o de 1973, que foi como fundaram a Colonia Proletaria Rub\u00e9n Jaramillo com base no pensamento mao\u00edsta.<a class=\"anota\" id=\"anota32\" data-footnote=\"32\">32<\/a><\/p>\n\n\n\n<p>Entretanto, este projeto mao\u00edsta foi interrompido nas primeiras horas de 28 de setembro de 1973, quando elementos do ex\u00e9rcito mexicano reprimiram e ocuparam a Col\u00f4nia Prolet\u00e1ria Rub\u00e9n Jaramillo, sob o pretexto de que \"pessoas e arsenal de Lucio Caba\u00f1as\" estavam ali escondidos.<a class=\"anota\" id=\"anota33\" data-footnote=\"33\">33<\/a> <em>El G\u00fcero<\/em> Medrano e Felix Basilio Guadarrama conseguiram escapar.<\/p>\n\n\n\n<p>Assim, Florencio Medrano e alguns de seus simpatizantes, movidos pela repress\u00e3o e persegui\u00e7\u00e3o, n\u00e3o tiveram outra escolha sen\u00e3o ir para a clandestinidade. Pouco depois decidiram formar o Partido Prolet\u00e1rio Unido da Am\u00e9rica (PPUA), com o qual iniciaram a luta armada para se defender e enfrentar o governo autorit\u00e1rio do PRI.<a class=\"anota\" id=\"anota34\" data-footnote=\"34\">34<\/a> Esta organiza\u00e7\u00e3o armada estilo mao\u00edsta foi finalmente desmantelada ap\u00f3s a morte de Florencio Medrano Mederos, <em>el G\u00fcero<\/em>nas terras altas de Oaxaca, em 26 de mar\u00e7o de 1979.<a class=\"anota\" id=\"anota35\" data-footnote=\"35\">35<\/a><\/p>\n\n\n\n<h2 class=\"wp-block-heading\">Considera\u00e7\u00f5es finais<\/h2>\n\n\n\n<p><p class=\"no-indent\">A funda\u00e7\u00e3o da PRPM deve ser analisada em um contexto nacional caracterizado por divis\u00f5es de tend\u00eancias ideol\u00f3gicas, geradas pela luta internacional sino-sovi\u00e9tica: uma luta entre o Partido Comunista da Uni\u00e3o Sovi\u00e9tica (CPSU) e o Partido Comunista Chin\u00eas (CCP). A crise come\u00e7ou sob Nikita Khrushchev, que iniciou um processo de desestatiza\u00e7\u00e3o e impulsionou uma transi\u00e7\u00e3o pac\u00edfica para o socialismo, uma posi\u00e7\u00e3o antag\u00f4nica \u00e0 do CPC. Nos anos 60 e 70, a ruptura completa da alian\u00e7a dos dois gigantes comunistas tornou-se um dos elementos b\u00e1sicos dos assuntos internacionais.<\/p>\n\n\n\n<p>Foi neste contexto que Javier Fuentes Guti\u00e9rrez (o principal l\u00edder da PRPM) come\u00e7ou a fazer propaganda e trabalho pol\u00edtico com grupos de camponeses nos estados de Morelos e Guerrero, e com grupos de trabalhadores e estudantes na Cidade do M\u00e9xico. A propaganda e literatura mao\u00edsta foi distribu\u00edda atrav\u00e9s da livraria El Primer Paso, localizada na Cidade do M\u00e9xico, enquanto o trabalho pol\u00edtico foi feito atrav\u00e9s de c\u00edrculos de estudo nas casas das fam\u00edlias simpatizantes da organiza\u00e7\u00e3o.<\/p>\n\n\n\n<p>Em janeiro de 1969, os militantes mao\u00edstas decidiram fundar a PRPM. Assim, come\u00e7aram sua milit\u00e2ncia pol\u00edtica e ideol\u00f3gica formal, refor\u00e7ada pelo treinamento pol\u00edtico e militar na Rep\u00fablica Popular da China. Alguns trabalhos sobre movimentos armados no M\u00e9xico afirmam que o Movimento de A\u00e7\u00e3o Revolucion\u00e1ria (MAR) foi a \u00fanica organiza\u00e7\u00e3o mexicana a ter sido submetida ao treinamento pol\u00edtico e militar no exterior.<a class=\"anota\" id=\"anota36\" data-footnote=\"36\">36<\/a>. Sabemos agora que n\u00e3o foi apenas o mar, pois os membros da PRPM tamb\u00e9m foram treinados no exterior.<\/p>\n\n\n\n<p>A PRPM teve uma vida curta e poucas atividades. Em 1970, alguns de seus militantes foram presos, incluindo seu principal l\u00edder Javier Fuentes, e a organiza\u00e7\u00e3o foi dissolvida. Entretanto, seu legado e influ\u00eancia serviram de ponte ou ensaio para um de seus militantes, Florencio Medrano Mederos, <em>el G\u00fcero<\/em>Ele fundou a Col\u00f4nia Prolet\u00e1ria Rub\u00e9n Jaramillo, baseada no pensamento mao\u00edsta, e mais tarde criou um movimento guerrilheiro mao\u00edsta, o PPUA.<br><p class=\"en-title\">Entrevistas<\/p><\/p>\n\n\n\n<p class=\"bibliography\" data-no-auto-translation=\"\">Rosalba Robles Vessi, 22 de septiembre de 2015.<\/p>\n\n\n\n<p class=\"bibliography\" data-no-auto-translation=\"\">Antonio Garc\u00eda de Le\u00f3n, 20 de octubre de 2015.<\/p>\n\n\n\n<p class=\"bibliography\" data-no-auto-translation=\"\">Pedro Medrano Mederos, 22 de enero de 2016.<\/p>\n\n\n<p class=\"en-title\">Arquivo<\/p>\n\n\n\n<p class=\"bibliography\" data-no-auto-translation=\"\">AGN, Galer\u00eda 1, IPS, Grupo Documental Lucio Caba\u00f1as. Versi\u00f3n p\u00fablica.<\/p>\n\n\n\n<p class=\"bibliography\" data-no-auto-translation=\"\">AGN, Galer\u00eda 2, IPS, caja 2538, expediente 1.<\/p>\n\n\n\n<p class=\"bibliography\" data-no-auto-translation=\"\">AGS, IPS, Galer\u00eda 2, caja 3033 A, expediente12.<\/p>\n\n\n\n<h2 class=\"wp-block-heading\">Bibliografia<\/h2>\n\n\n\n<p class=\"bibliography\" data-no-auto-translation=\"\">Carr, Barry (1996). La izquierda mexicana a trav\u00e9s del siglo XX. M\u00e9xico: Era.<\/p>\n\n\n\n<p class=\"bibliography\" data-no-auto-translation=\"\">Castellanos, Laura (2007). M\u00e9xico Armado 1943-1981. M\u00e9xico: Era.<\/p>\n\n\n\n<p class=\"bibliography\" data-no-auto-translation=\"\">Cond\u00e9s Lara, Enrique (2009). Represi\u00f3n y rebeli\u00f3n en M\u00e9xico (1959-1985). Corea del Norte y M\u00e9xico. El mao\u00edsmo en M\u00e9xico. La revoluci\u00f3n cubana y M\u00e9xico. La cara desconocida del Partido Comunista Mexicano. Tomo iii. M\u00e9xico: Miguel \u00c1ngel Porr\u00faa.<\/p>\n\n\n\n<p class=\"bibliography\" data-no-auto-translation=\"\">De Mora, Juan Miguel (1972). Las guerrillas en M\u00e9xico y Jenaro V\u00e1zquez Rojas (su personalidad, su vida y su muerte). M\u00e9xico: Latino Americana.<\/p>\n\n\n\n<p class=\"bibliography\" data-no-auto-translation=\"\">Escamilla Santiago, Yllich (2016). \u201cSendero Luminoso, guerra popular y la cuarta espada del comunismo: \u00bfUn mao\u00edsmo de los Andes?\u201d, en istor, n\u00fam. 64.<\/p>\n\n\n\n<p class=\"bibliography\" data-no-auto-translation=\"\">Fern\u00e1ndez Christlieb, Paulina (1978). El Espartaquismo en M\u00e9xico. M\u00e9xico: El Caballito.<\/p>\n\n\n\n<p class=\"bibliography\" data-no-auto-translation=\"\">Gami\u00f1o Mu\u00f1oz, Rodolfo, Yllich Escamilla Santiago, Rigoberto Reyes S\u00e1nchez y Fabi\u00e1n Campos Hern\u00e1ndez (coord.) (2014). La Liga Comunista 23 de Septiembre. Cuatro d\u00e9cadas a debate: historia, memoria, testimonio y literatura. M\u00e9xico: Creativa Impresores.<\/p>\n\n\n\n<p class=\"bibliography\" data-no-auto-translation=\"\">Informe General de la Fiscal\u00eda Especial para Movimientos Sociales y Pol\u00edticos del Pasado (femospp). Alojado en: nsarchive2.gwu.edu\/NSAEBB\/NSAEBB209\/informe\/tema07.pdf<\/p>\n\n\n\n<p class=\"bibliography\" data-no-auto-translation=\"\">Jaso Galv\u00e1n, Azucena Citlalli (2011). \u201cLa Colonia Proletaria Rub\u00e9n Jaramillo: La lucha por la tenencia de la tierra y la guerra popular prolongada (31 de marzo de 1973-enero de 1974)\u201d, tesis de licenciatura. M\u00e9xico: Universidad Nacional Aut\u00f3noma de M\u00e9xico.<\/p>\n\n\n\n<p class=\"bibliography\" data-no-auto-translation=\"\">\u2014 (2015). O Mao\u00edsmo Mexicano de Esquerda, en V Simp\u00f3sio de Pesquisa Estado e Poder. Brasil.<\/p>\n\n\n\n<p class=\"bibliography\" data-no-auto-translation=\"\">Montemayor, Carlos (1991). Guerra en el Para\u00edso. M\u00e9xico: Diana.<\/p>\n\n\n\n<p class=\"bibliography\" data-no-auto-translation=\"\">Reyes S\u00e1nchez, Rigoberto, Fabi\u00e1n Campos Hern\u00e1ndez, Yllich Escamilla Santiago y Rodolfo Gami\u00f1o Mu\u00f1oz (coords.) (2016). Cartograf\u00edas del horror. M\u00e9xico: Taller Editorial La Casa del Mago.<\/p>\n\n\n\n<p class=\"bibliography\" data-no-auto-translation=\"\">Rodr\u00edguez, Mart\u00edn (2007). Genaro V\u00e1zquez Rojas y la Asociaci\u00f3n C\u00edvica Nacional Revolucionaria. M\u00e9xico: Colectivo Popular de Propaganda.<\/p>\n\n\n\n<p class=\"bibliography\" data-no-auto-translation=\"\">V\u00e1zquez Camacho, Yair Balam (2010). La relaci\u00f3n de la Liga Comunista 23 de Septiembre y el Partido de los Pobres en el Estado de Guerrero. La imposibilidad de la unidad (1970-1974), tesis de licenciatura. M\u00e9xico: Escuela Nacional de Antropolog\u00eda e Historia.<\/p>\n\n\n\n<p class=\"bibliography\" data-no-auto-translation=\"\">\u2014 (2016). \u201cMemoria e identidad en el Partido de los Pobres-Brigada Campesina de Ajusticiamiento pdlp-bca, Guerrero, M\u00e9xico. 1967-1974\u201d, en Pacarina del Sur [en l\u00ednea], a\u00f1o 7, n\u00fam. 28, julio-septiembre, 2016. Dossier 18: Herencias y exigencias. Usos de la memoria en los proyectos pol\u00edticos de Am\u00e9rica Latina y el Caribe (1959-2010). Disponible en Internet: http:\/\/www.pacarinadelsur.com\/dossiers\/dossier-18\/58-dossiers\/dossier-18\/1331-memoria-e-identidad-en-el-partido-de-los-pobres-brigada-campesina-de-ajusticiamiento-pdlp-bca-guerrero-mexico-1967-1974<\/p>\n\n\n\n<p class=\"bibliography\" data-no-auto-translation=\"\">Vel\u00e1zquez Vidal, Uriel (2016). \u201cLa lucha social y pol\u00edtica de Florencio Medrano Mederos y la fundaci\u00f3n de la \u201cColonia Proletaria Rub\u00e9n Jaramillo en el Estado de Morelos. 1973-1979\u201d, tesis de licenciatura. M\u00e9xico: Escuela Nacional de Antropolog\u00eda e Historia.<\/p>\n\n\n\n<p class=\"bibliography\" data-no-auto-translation=\"\">\u2014 (2016). \u201cEl movimiento social impulsado por Florencio Medrano Mederos el G\u00fcero, la lucha armada y el PPUA en el estado de Morelos. 1973-1979\u201d, en Pacarina del Sur [en l\u00ednea], a\u00f1o 8, n\u00fam. 29, octubre-diciembre, 2016. Dossier 19: Herencias y exigencias. Usos de la memoria en los proyectos pol\u00edticos de Am\u00e9rica Latina y el Caribe (1959-2010). De Chihuahua a los Andes. Huellas y caminos de las rebeliones en la sierra. Disponible en Internet: http:\/\/www.pacarinadelsur.com\/editorial\/59-dossiers\/dossier-19\/1376-el-movimiento-social-impulsado-por-florencio-medrano-mederos-el-gueero-la-lucha-armada-y-el-ppua-en-el-estado-de-morelos-1973-1979<\/p>\n\n\n<div class=\"notas invisible\" id=\"notas-fixed\"><br \/>\n<div class=\"nota invisible\" id=\"footnote1\">1 Este artigo, em sua vers\u00e3o original, fazia parte de minha tese de gradua\u00e7\u00e3o sobre a luta social e pol\u00edtica de Florencio Medrano Mederos, <em>el G\u00fcero<\/em>e a funda\u00e7\u00e3o da \"Colonia Proletaria Rub\u00e9n Jaramillo\", e agora foi modificada para os prop\u00f3sitos desta publica\u00e7\u00e3o.<\/div><br \/>\n<div class=\"nota invisible\" id=\"footnote2\">2 \"Em meados do s\u00e9culo XX, a disputa entre o Partido Comunista da Uni\u00e3o Sovi\u00e9tica (CPSU) e o Partido Comunista da China (CPC) surgiu devido \u00e0 morte de Stalin em 1953 e \u00e0 subseq\u00fcente sucess\u00e3o de Nikita Khrushchev, que remodelou a geopol\u00edtica comunista. Em 1956 o CPSU iniciou uma nova purga\u00e7\u00e3o da elite burocr\u00e1tica sovi\u00e9tica e se distanciou do regime anterior, entrando em um per\u00edodo de desestatiza\u00e7\u00e3o, que foi complementado por uma postura de \"transi\u00e7\u00e3o pac\u00edfica para o socialismo\", uma posi\u00e7\u00e3o antag\u00f4nica \u00e0 do CPC. Estas duas situa\u00e7\u00f5es cruciais geraram tens\u00f5es e fissuras pol\u00edticas e econ\u00f4micas nas rela\u00e7\u00f5es diplom\u00e1ticas entre o CPSU e o CPC; a ruptura era inevit\u00e1vel \u00e0 medida que as contradi\u00e7\u00f5es do projeto comunista se aprofundavam e n\u00e3o havia espa\u00e7o para posi\u00e7\u00f5es intermedi\u00e1rias, os outros partidos tinham que escolher entre a postura pr\u00f3-sovi\u00e9tica ou pr\u00f3-chinesa\" (Escamilla, 2016: 118).<\/div><br \/>\n<div class=\"nota invisible\" id=\"footnote3\">3 O militante mao\u00edsta daqueles anos Antonio Garc\u00eda de Le\u00f3n lembra como a luta internacional sino-sovi\u00e9tica foi concebida nos c\u00edrculos de estudo da PRPM: \"Fomos instru\u00eddos no marxismo atrav\u00e9s de c\u00edrculos de estudo que tinham se deslocado para posi\u00e7\u00f5es muito radicais: a URSS era ent\u00e3o considerada uma esp\u00e9cie de 'capitalismo de estado' que tinha tra\u00eddo o marxismo. Somente a China popular e a Alb\u00e2nia foram consideradas como verdadeiramente socialistas. Os outros pa\u00edses do Oriente eram, segundo isto, 'revisionistas', inclusive Cuba\". Antonio Garc\u00eda de Le\u00f3n, entrevistado via e-mail por Uriel Vel\u00e1zquez Vidal. Cidade do M\u00e9xico, 20 de outubro de 2015.<\/div><br \/>\n<div class=\"nota invisible\" id=\"footnote4\">4 Para mais informa\u00e7\u00f5es, ver Fern\u00e1ndez, 1978.<\/div><br \/>\n<div class=\"nota invisible\" id=\"footnote5\">5 O historiador Jorge Iv\u00e1n Puma Crespo analisa o desenvolvimento da Pol\u00edtica Popular em seu artigo \"La lucha armada en la memoria de los mao\u00edstas de Pol\u00edtica Popular de M\u00e9xico\". Ele menciona que alguns dos militantes da Pol\u00edtica Popular participaram efemeramente dos grupos mao\u00edstas mexicanos dos anos 60. Ele argumenta que \"embora existam antecedentes do movimento mao\u00edsta no M\u00e9xico desde o in\u00edcio dos anos 60, quando alguns dissidentes do Partido Comunista Mexicano assumiram a posi\u00e7\u00e3o chinesa em rela\u00e7\u00e3o \u00e0 lideran\u00e7a pr\u00f3-sovi\u00e9tica do partido, sua rela\u00e7\u00e3o com o grupo que formaria a Pol\u00edtica Popular \u00e9 complexa. <em>Alguns dos estudantes ativistas que se juntariam ao grupo participaram primeiro das atividades do Movimento Marxista-Leninista Mexicano (<\/em>os Mamelukes<em>) ou a Liga Comunista Spartacus, mas sua passagem por estas organiza\u00e7\u00f5es foi fugaz e sem milit\u00e2ncia formal. Nesses termos, n\u00e3o \u00e9 poss\u00edvel falar de uma continuidade org\u00e2nica entre esses grupos e a Pol\u00edtica Popular.<\/em>\". (Reyes, 2016: 388).<\/div><br \/>\n<div class=\"nota invisible\" id=\"footnote6\">6 Federico Emery Ulloa, \"fazendo parte de um clube universit\u00e1rio da Juventude Comunista, no final de 1963 encontrado em uma exposi\u00e7\u00e3o industrial e comercial da rpch [Rep\u00fablica Popular da China] que foi apresentada na Cidade do M\u00e9xico, a oportunidade de se conectar com os chineses\" (Cond\u00e9s, 2009: 105).<\/div><br \/>\n<div class=\"nota invisible\" id=\"footnote7\">7 AGN, Galeria 1, IPS, Lucio Caba\u00f1as Documentary Group. Vers\u00e3o p\u00fablica.<\/div><br \/>\n<div class=\"nota invisible\" id=\"footnote8\">8 AGN, Galeria 1, IPS, Lucio Caba\u00f1as Documentary Group. Vers\u00e3o p\u00fablica.<\/div><br \/>\n<div class=\"nota invisible\" id=\"footnote9\">9 A mais importante das novas organiza\u00e7\u00f5es criadas pela administra\u00e7\u00e3o presidencial de Miguel Alem\u00e1n (1946-1952) foi a Dire\u00e7\u00e3o Federal de Seguran\u00e7a (DFS). Desta forma, o Federal Bureau of Investigation (fbi) dos Estados Unidos forneceu a orienta\u00e7\u00e3o e treinamento para este corpo de intelig\u00eancia. A principal fun\u00e7\u00e3o da DFS era espionar, monitorar e reprimir as atividades dos dissidentes do movimento esquerdista no M\u00e9xico (Carr, 1996).<\/div><br \/>\n<div class=\"nota invisible\" id=\"footnote10\">10 AGN, Galeria 2, IPS, caixa 2538, arquivo 1, p\u00e1gina 4.<\/div><br \/>\n<div class=\"nota invisible\" id=\"footnote11\">11 O movimento estudantil de 1968 abalou o sistema. Eles exigiram melhores condi\u00e7\u00f5es de estudo, democracia nas universidades e protestaram contra o autoritarismo dos governos do PRI. O movimento terminou com o massacre de estudantes e apoiadores do movimento em 2 de outubro de 1968, na Plaza de las Tres Culturas.<\/div><br \/>\n<div class=\"nota invisible\" id=\"footnote12\">12 Informa\u00e7\u00f5es sobre testemunhas: Antonio Garc\u00eda de Le\u00f3n, entrevistado via e-mail por Uriel Vel\u00e1zquez Vidal. Cidade do M\u00e9xico, 20 de outubro de 2015.<\/div><br \/>\n<div class=\"nota invisible\" id=\"footnote13\">13 \"O significado e a influ\u00eancia que o movimento de 1968 teve sobre a consci\u00eancia dos jovens daquela gera\u00e7\u00e3o e mais tarde, ser\u00e1 de grande transcend\u00eancia, para alguns foi o fim de sua atividade pol\u00edtica, para muitos foi o catalisador que os radicalizou e os levou a assumir a luta armada como \u00fanica forma de transforma\u00e7\u00e3o social\" (V\u00e1zquez, 2010:51). (V\u00e1zquez, 2010:51).<\/div><br \/>\n<div class=\"nota invisible\" id=\"footnote14\">14 Esta informa\u00e7\u00e3o \u00e9 confirmada na declara\u00e7\u00e3o feita pelo militante Rafael Equihua Palomares. Ver AGN, Galer\u00eda 2, IPS, caixa 2538, arquivo 1, p\u00e1gina 4.<\/div><br \/>\n<div class=\"nota invisible\" id=\"footnote15\">15 Antonio Garc\u00eda de Le\u00f3n, entrevistado via e-mail por Uriel Vel\u00e1zquez Vidal. Cidade do M\u00e9xico, 20 de outubro de 2015.<\/div><br \/>\n<div class=\"nota invisible\" id=\"footnote16\">16 Rosalba Robles Vessi, entrevistada via e-mail por Uriel Vel\u00e1zquez Vidal. M\u00e9rida, Yucat\u00e1n, 22 de setembro de 2015.<\/div><br \/>\n<div class=\"nota invisible\" id=\"footnote17\">17 AGN, Galeria 1, IPS, Lucio Caba\u00f1as Documentary Group. Vers\u00e3o p\u00fablica.<\/div><br \/>\n<div class=\"nota invisible\" id=\"footnote18\">18 Antonio Garc\u00eda de Le\u00f3n, entrevistado via e-mail por Uriel Vel\u00e1zquez Vidal. Cidade do M\u00e9xico, 20 de outubro de 2015.<\/div><br \/>\n<div class=\"nota invisible\" id=\"footnote19\">19 Rosalba Robles Vessi, entrevistada via e-mail por Uriel Vel\u00e1zquez Vidal. M\u00e9rida, Yucat\u00e1n, 22 de setembro de 2015.<\/div><br \/>\n<div class=\"nota invisible\" id=\"footnote20\">20 AGN, Galeria 2, IPS, caixa 2538, arquivo 1, p\u00e1gina 6.<\/div><br \/>\n<div class=\"nota invisible\" id=\"footnote21\">21 \"A Revolu\u00e7\u00e3o Cultural chinesa (1966-1969), uma estrat\u00e9gia ideol\u00f3gica e pol\u00edtica para radicalizar a revolu\u00e7\u00e3o e apropriar-se do aparelho ideol\u00f3gico do Estado burgu\u00eas, com o objetivo de impedir um retorno ao capitalismo; foi tamb\u00e9m uma pol\u00edtica internacional para disputar a hegemonia da URSS e tornar-se o novo paradigma do comunismo internacional\" (Gami\u00f1o, 2014: 110).<\/div><br \/>\n<div class=\"nota invisible\" id=\"footnote22\">22 Relat\u00f3rio Geral da Procuradoria Especial para Movimentos Sociais e Pol\u00edticos do Passado (femospp). Ver <a href=\"http:\/\/www2.gwu.edu\/~nsarchiv\/NSAEBB\/NSAEBB180\/010_Informe%20General.\">http:\/\/www2.gwu.edu\/~nsarchiv\/NSAEBB\/NSAEBB180\/010_Informe%20General.<\/a>.[PDF]. Acessado em 20 de fevereiro de 2013.<\/div><br \/>\n<div class=\"nota invisible\" id=\"footnote23\">23 Rosalba Robles Vessi, entrevistada via e-mail por Uriel Vel\u00e1zquez Vidal. M\u00e9rida, Yucat\u00e1n, 22 de setembro de 2015.<\/div><br \/>\n<div class=\"nota invisible\" id=\"footnote24\">24 O Professor Genaro V\u00e1zquez Rojas liderou a Associa\u00e7\u00e3o C\u00edvica Revolucion\u00e1ria Nacional (ACNR) de 1968-1972. Para mais informa\u00e7\u00f5es sobre a luta social, pol\u00edtica e armada do Professor Genaro V\u00e1zquez Rojas, veja: (Castellanos, 2007); (Rodr\u00edguez, 2007).<\/div><br \/>\n<div class=\"nota invisible\" id=\"footnote25\">25 Antonio Garc\u00eda de Le\u00f3n, entrevistado via e-mail por Uriel Vel\u00e1zquez Vidal. Cidade do M\u00e9xico, 20 de outubro de 2015.<\/div><br \/>\n<div class=\"nota invisible\" id=\"footnote26\">26 Rosalba Robles Vessi, entrevistada via e-mail por Uriel Vel\u00e1zquez Vidal. M\u00e9rida, Yucat\u00e1n, 22 de setembro de 2015.<\/div><br \/>\n<div class=\"nota invisible\" id=\"footnote27\">27 Para mais informa\u00e7\u00f5es sobre este assunto, ver Jaso, 2015.<\/div><br \/>\n<div class=\"nota invisible\" id=\"footnote28\">28 Antonio Garc\u00eda de Le\u00f3n, entrevistado via e-mail por Uriel Vel\u00e1zquez Vidal. Cidade do M\u00e9xico, 20 de outubro de 2015.<\/div><br \/>\n<div class=\"nota invisible\" id=\"footnote29\">29 Ibid.<\/div><br \/>\n<div class=\"nota invisible\" id=\"footnote30\">30 Ibid.<\/div><br \/>\n<div class=\"nota invisible\" id=\"footnote31\">31 Pedro Medrano Mederos, entrevistado por telefone por Uriel Vel\u00e1zquez Vidal. Calif\u00f3rnia, Estados Unidos, 22 de janeiro de 2016.<\/div><br \/>\n<div class=\"nota invisible\" id=\"footnote32\">32 A funda\u00e7\u00e3o da Colonia Proletaria Rub\u00e9n Jaramillo foi um forte projeto social com dire\u00e7\u00e3o na qual o trabalho coletivo, a organiza\u00e7\u00e3o, o estudo e as assembl\u00e9ias eram parte fundamental da vida cotidiana. Para maiores informa\u00e7\u00f5es sobre a funda\u00e7\u00e3o e organiza\u00e7\u00e3o da Colonia Proletaria Rub\u00e9n Jaramillo, recomendo a leitura do meu trabalho de tese para uma gradua\u00e7\u00e3o em hist\u00f3ria, ver Vel\u00e1zquez, 2016.<\/div><br \/>\n<div class=\"nota invisible\" id=\"footnote33\">33 O professor Lucio Caba\u00f1as Barrientos liderou a pdlp-bca, que era composta principalmente por camponeses da serra de Atoyac de \u00c1lvarez, Guerrero, e cuja atividade pol\u00edtico-militar teve lugar nos anos 1967-1974. As raz\u00f5es de sua luta foram a despossess\u00e3o dos caciques e a viol\u00eancia do Estado. Neste sentido, o Governo Federal desenvolveu uma luta contra a guerrilha de Lucio Caba\u00f1as que foi realizada pelo ex\u00e9rcito e pela pol\u00edcia, onde isolaram, torturaram, assassinaram e desapareceram guerrilheiros, simpatizantes e cidad\u00e3os do estado de Guerrero. Para mais informa\u00e7\u00f5es sobre a luta do Professor Lucio Caba\u00f1as Barrientos, ver Montemayor, 1991; V\u00e1zquez, 2016.<\/div><br \/>\n<div class=\"nota invisible\" id=\"footnote34\">34 Para mais informa\u00e7\u00f5es sobre a luta pol\u00edtico-militar do Partido Prolet\u00e1rio Unido da Am\u00e9rica (UPAA), recomendo a leitura do meu artigo publicado na revista <em>Pacarina do Sul<\/em>. Ver Vel\u00e1zquez, 2016.<\/div><br \/>\n<div class=\"nota invisible\" id=\"footnote35\">35 A jornalista Laura Castellanos afirma em seu trabalho <em>M\u00e9xico armado. 1943-1981<\/em> a data da morte: \"a PPUA sofrendo com a queda do <em>G\u00fcero<\/em> Medrano em 26 de mar\u00e7o de 1979\" (Castellanos, 2007: 297).<\/div><br \/>\n<div class=\"nota invisible\" id=\"footnote36\">36 Um grupo de 56 elementos sob o comando de Fabricio G\u00f3mez Souza recebeu treinamento pol\u00edtico-militar na Cor\u00e9ia do Norte. O grupo de jovens homens se mudou em tr\u00eas contingentes para uma base militar norte-coreana perto de Pyong-Yang. Cada contingente foi treinado por uma m\u00e9dia de seis meses durante 1969 e 1970. Para mais informa\u00e7\u00f5es, ver De Mora, 1972; Gami\u00f1o, 2014.<\/div><br \/>\n<div class=\"nota invisible\" id=\"footnote37\">37 A jornalista Laura Castellanos, em seu trabalho, afirma que <em>M\u00e9xico armado. 1943-1981<\/em> a data da morte: \"el PPUA que padece la ca\u00edda del G\u00fcero Medrano el 26 de marzo de 1979\" (Castellanos, 2007: 297). <\/div><br \/>\n<div class=\"nota invisible\" id=\"footnote38\">38 Um grupo de 56 elementos sob o comando de Fabricio G\u00f3mez Souza recebeu treinamento pol\u00edtico-militar na Cor\u00e9ia do Norte. O grupo de jovens homens se mudou em tr\u00eas contingentes para uma base militar norte-coreana perto de Pyong-Yang. Cada contingente foi treinado por uma m\u00e9dia de seis meses durante 1969 e 1970. Para mais informa\u00e7\u00f5es, veja: (De Mora, 1972); (Gami\u00f1o, 2014). <\/div><br \/>\n<\/div>","protected":false},"excerpt":{"rendered":"<p>Este artigo enfoca o Partido Revolucionario del Proletariado Mexicano (PRPM), que atuou no Distrito Federal e nos estados de Morelos e Guerrero entre 1969 e 1970. Por meio de entrevistas com militantes do PRPM e da consulta a documentos do Archivo General de la Naci\u00f3n (AGN), pude reconstruir esse est\u00e1gio pouco conhecido da hist\u00f3ria contempor\u00e2nea do M\u00e9xico. Estabeleci quatro objetivos: apresentar o processo de funda\u00e7\u00e3o do PRPM, a estrutura desse partido, a desarticula\u00e7\u00e3o desse grupo e, finalmente, a influ\u00eancia que essa organiza\u00e7\u00e3o maoista teve no movimento popular urbano, especificamente na funda\u00e7\u00e3o da Col\u00f4nia Prolet\u00e1ria Rub\u00e9n Jaramillo, no estado de Morelos.<\/p>","protected":false},"author":4,"featured_media":29609,"comment_status":"open","ping_status":"open","sticky":false,"template":"","format":"standard","meta":{"_acf_changed":false,"footnotes":""},"categories":[9],"tags":[142,253,269,141,143],"coauthors":[551],"class_list":["post-29607","post","type-post","status-publish","format-standard","has-post-thumbnail","hentry","category-9","tag-comunismo","tag-guerrilla","tag-izquierda-politica","tag-maoismo","tag-militancia","personas-velazquez-vidal-uriel","numeros-217"],"acf":[],"yoast_head":"<!-- This site is optimized with the Yoast SEO plugin v22.2 - https:\/\/yoast.com\/wordpress\/plugins\/seo\/ -->\n<title>El mao\u00edsmo en M\u00e9xico. El caso del Partido Revolucionario del Proletariado Mexicano, 1969-1970 &#8211; Encartes<\/title>\n<meta name=\"robots\" content=\"index, follow, max-snippet:-1, max-image-preview:large, max-video-preview:-1\" \/>\n<link rel=\"canonical\" href=\"https:\/\/encartes.mx\/pt\/el-maoismo-en-mexico\/\" \/>\n<meta property=\"og:locale\" content=\"pt_BR\" \/>\n<meta property=\"og:type\" content=\"article\" \/>\n<meta property=\"og:title\" content=\"El mao\u00edsmo en M\u00e9xico. El caso del Partido Revolucionario del Proletariado Mexicano, 1969-1970 &#8211; Encartes\" \/>\n<meta property=\"og:description\" content=\"Este art\u00edculo se enfoca en el Partido Revolucionario del Proletariado Mexicano (PRPM) que oper\u00f3 en el Distrito Federal y en los estados de Morelos y Guerrero entre los a\u00f1os de 1969 y 1970. Por medio de entrevistas hechas a los militantes del PRPM y de la consulta de documentos del Archivo General de la Naci\u00f3n (AGN) pude reconstruir esta etapa poco conocida de la historia contempor\u00e1nea de M\u00e9xico. Me he propuesto cuatro objetivos: presentar el proceso de fundaci\u00f3n del PRPM, cu\u00e1l fue la estructura de este partido, exponer c\u00f3mo se dio la desarticulaci\u00f3n de este grupo y, finalmente, la influencia que tuvo este organismo mao\u00edsta en el movimiento urbano popular, espec\u00edficamente en la fundaci\u00f3n de la Colonia Proletaria Rub\u00e9n Jaramillo, en el estado de Morelos.\" \/>\n<meta property=\"og:url\" content=\"https:\/\/encartes.mx\/pt\/el-maoismo-en-mexico\/\" \/>\n<meta property=\"og:site_name\" content=\"Encartes\" \/>\n<meta property=\"article:published_time\" content=\"2018-03-21T11:52:03+00:00\" \/>\n<meta property=\"article:modified_time\" content=\"2023-11-18T01:16:45+00:00\" \/>\n<meta property=\"og:image\" content=\"https:\/\/encartes.mx\/wp-content\/uploads\/2017\/12\/d-t-titulacion-imagenes-12923284_887896514665882-e1518728352836.jpeg\" \/>\n\t<meta property=\"og:image:width\" content=\"297\" \/>\n\t<meta property=\"og:image:height\" content=\"92\" \/>\n\t<meta property=\"og:image:type\" content=\"image\/jpeg\" \/>\n<meta name=\"author\" content=\"Arthur Ventura\" \/>\n<meta name=\"twitter:card\" content=\"summary_large_image\" \/>\n<meta name=\"twitter:label1\" content=\"Escrito por\" \/>\n\t<meta name=\"twitter:data1\" content=\"Arthur Ventura\" \/>\n\t<meta name=\"twitter:label2\" content=\"Est. tempo de leitura\" \/>\n\t<meta name=\"twitter:data2\" content=\"29 minutos\" \/>\n\t<meta name=\"twitter:label3\" content=\"Written by\" \/>\n\t<meta name=\"twitter:data3\" content=\"Arthur Ventura\" \/>\n<script type=\"application\/ld+json\" class=\"yoast-schema-graph\">{\"@context\":\"https:\/\/schema.org\",\"@graph\":[{\"@type\":\"Article\",\"@id\":\"https:\/\/encartes.mx\/fr\/el-maoismo-en-mexico\/#article\",\"isPartOf\":{\"@id\":\"https:\/\/encartes.mx\/fr\/el-maoismo-en-mexico\/\"},\"author\":{\"name\":\"Arthur Ventura\",\"@id\":\"https:\/\/encartes.mx\/#\/schema\/person\/97215bba1729028a4169cab07f8e58ef\"},\"headline\":\"El mao\u00edsmo en M\u00e9xico. El caso del Partido Revolucionario del Proletariado Mexicano, 1969-1970\",\"datePublished\":\"2018-03-21T11:52:03+00:00\",\"dateModified\":\"2023-11-18T01:16:45+00:00\",\"mainEntityOfPage\":{\"@id\":\"https:\/\/encartes.mx\/fr\/el-maoismo-en-mexico\/\"},\"wordCount\":7120,\"commentCount\":2,\"publisher\":{\"@id\":\"https:\/\/encartes.mx\/#organization\"},\"image\":{\"@id\":\"https:\/\/encartes.mx\/fr\/el-maoismo-en-mexico\/#primaryimage\"},\"thumbnailUrl\":\"https:\/\/encartes.mx\/wp-content\/uploads\/2017\/12\/d-t-titulacion-imagenes-12923284_887896514665882-e1518728352836.jpeg\",\"keywords\":[\"comunismo\",\"guerrilla\",\"izquierda pol\u00edtica\",\"mao\u00edsmo\",\"militancia\"],\"articleSection\":[\"Realidades socioculturales\"],\"inLanguage\":\"pt-BR\",\"potentialAction\":[{\"@type\":\"CommentAction\",\"name\":\"Comment\",\"target\":[\"https:\/\/encartes.mx\/fr\/el-maoismo-en-mexico\/#respond\"]}]},{\"@type\":\"WebPage\",\"@id\":\"https:\/\/encartes.mx\/fr\/el-maoismo-en-mexico\/\",\"url\":\"https:\/\/encartes.mx\/fr\/el-maoismo-en-mexico\/\",\"name\":\"El mao\u00edsmo en M\u00e9xico. El caso del Partido Revolucionario del Proletariado Mexicano, 1969-1970 &#8211; Encartes\",\"isPartOf\":{\"@id\":\"https:\/\/encartes.mx\/#website\"},\"primaryImageOfPage\":{\"@id\":\"https:\/\/encartes.mx\/fr\/el-maoismo-en-mexico\/#primaryimage\"},\"image\":{\"@id\":\"https:\/\/encartes.mx\/fr\/el-maoismo-en-mexico\/#primaryimage\"},\"thumbnailUrl\":\"https:\/\/encartes.mx\/wp-content\/uploads\/2017\/12\/d-t-titulacion-imagenes-12923284_887896514665882-e1518728352836.jpeg\",\"datePublished\":\"2018-03-21T11:52:03+00:00\",\"dateModified\":\"2023-11-18T01:16:45+00:00\",\"breadcrumb\":{\"@id\":\"https:\/\/encartes.mx\/fr\/el-maoismo-en-mexico\/#breadcrumb\"},\"inLanguage\":\"pt-BR\",\"potentialAction\":[{\"@type\":\"ReadAction\",\"target\":[\"https:\/\/encartes.mx\/fr\/el-maoismo-en-mexico\/\"]}]},{\"@type\":\"ImageObject\",\"inLanguage\":\"pt-BR\",\"@id\":\"https:\/\/encartes.mx\/fr\/el-maoismo-en-mexico\/#primaryimage\",\"url\":\"https:\/\/encartes.mx\/wp-content\/uploads\/2017\/12\/d-t-titulacion-imagenes-12923284_887896514665882-e1518728352836.jpeg\",\"contentUrl\":\"https:\/\/encartes.mx\/wp-content\/uploads\/2017\/12\/d-t-titulacion-imagenes-12923284_887896514665882-e1518728352836.jpeg\",\"width\":297,\"height\":92,\"caption\":\"D:\\\\T. Titulaci\u00f3n\\\\im\u00e1genes\\\\12923284_887896514665882_183474903711663941_n.jpg\"},{\"@type\":\"BreadcrumbList\",\"@id\":\"https:\/\/encartes.mx\/fr\/el-maoismo-en-mexico\/#breadcrumb\",\"itemListElement\":[{\"@type\":\"ListItem\",\"position\":1,\"name\":\"Home\",\"item\":\"https:\/\/encartes.mx\/\"},{\"@type\":\"ListItem\",\"position\":2,\"name\":\"El mao\u00edsmo en M\u00e9xico. El caso del Partido Revolucionario del Proletariado Mexicano, 1969-1970\"}]},{\"@type\":\"WebSite\",\"@id\":\"https:\/\/encartes.mx\/#website\",\"url\":\"https:\/\/encartes.mx\/\",\"name\":\"Encartes\",\"description\":\"Revista digital multimedia\",\"publisher\":{\"@id\":\"https:\/\/encartes.mx\/#organization\"},\"potentialAction\":[{\"@type\":\"SearchAction\",\"target\":{\"@type\":\"EntryPoint\",\"urlTemplate\":\"https:\/\/encartes.mx\/?s={search_term_string}\"},\"query-input\":\"required name=search_term_string\"}],\"inLanguage\":\"pt-BR\"},{\"@type\":\"Organization\",\"@id\":\"https:\/\/encartes.mx\/#organization\",\"name\":\"Encartes Antropol\u00f3gicos\",\"url\":\"https:\/\/encartes.mx\/\",\"logo\":{\"@type\":\"ImageObject\",\"inLanguage\":\"pt-BR\",\"@id\":\"https:\/\/encartes.mx\/#\/schema\/logo\/image\/\",\"url\":\"https:\/\/encartes.mx\/wp-content\/uploads\/2017\/04\/Logo-04.png\",\"contentUrl\":\"https:\/\/encartes.mx\/wp-content\/uploads\/2017\/04\/Logo-04.png\",\"width\":338,\"height\":306,\"caption\":\"Encartes Antropol\u00f3gicos\"},\"image\":{\"@id\":\"https:\/\/encartes.mx\/#\/schema\/logo\/image\/\"}},{\"@type\":\"Person\",\"@id\":\"https:\/\/encartes.mx\/#\/schema\/person\/97215bba1729028a4169cab07f8e58ef\",\"name\":\"Arthur Ventura\",\"image\":{\"@type\":\"ImageObject\",\"inLanguage\":\"pt-BR\",\"@id\":\"https:\/\/encartes.mx\/#\/schema\/person\/image\/8a45818ea77a67a00c058d294424a6f6\",\"url\":\"https:\/\/secure.gravatar.com\/avatar\/e8ff614b2fa0d91ff6c65f328a272c53?s=96&d=identicon&r=g\",\"contentUrl\":\"https:\/\/secure.gravatar.com\/avatar\/e8ff614b2fa0d91ff6c65f328a272c53?s=96&d=identicon&r=g\",\"caption\":\"Arthur Ventura\"}}]}<\/script>\n<!-- \/ Yoast SEO plugin. -->","yoast_head_json":{"title":"El mao\u00edsmo en M\u00e9xico. El caso del Partido Revolucionario del Proletariado Mexicano, 1969-1970 &#8211; Encartes","robots":{"index":"index","follow":"follow","max-snippet":"max-snippet:-1","max-image-preview":"max-image-preview:large","max-video-preview":"max-video-preview:-1"},"canonical":"https:\/\/encartes.mx\/pt\/el-maoismo-en-mexico\/","og_locale":"pt_BR","og_type":"article","og_title":"El mao\u00edsmo en M\u00e9xico. El caso del Partido Revolucionario del Proletariado Mexicano, 1969-1970 &#8211; Encartes","og_description":"Este art\u00edculo se enfoca en el Partido Revolucionario del Proletariado Mexicano (PRPM) que oper\u00f3 en el Distrito Federal y en los estados de Morelos y Guerrero entre los a\u00f1os de 1969 y 1970. Por medio de entrevistas hechas a los militantes del PRPM y de la consulta de documentos del Archivo General de la Naci\u00f3n (AGN) pude reconstruir esta etapa poco conocida de la historia contempor\u00e1nea de M\u00e9xico. Me he propuesto cuatro objetivos: presentar el proceso de fundaci\u00f3n del PRPM, cu\u00e1l fue la estructura de este partido, exponer c\u00f3mo se dio la desarticulaci\u00f3n de este grupo y, finalmente, la influencia que tuvo este organismo mao\u00edsta en el movimiento urbano popular, espec\u00edficamente en la fundaci\u00f3n de la Colonia Proletaria Rub\u00e9n Jaramillo, en el estado de Morelos.","og_url":"https:\/\/encartes.mx\/pt\/el-maoismo-en-mexico\/","og_site_name":"Encartes","article_published_time":"2018-03-21T11:52:03+00:00","article_modified_time":"2023-11-18T01:16:45+00:00","og_image":[{"width":297,"height":92,"url":"https:\/\/encartes.mx\/wp-content\/uploads\/2017\/12\/d-t-titulacion-imagenes-12923284_887896514665882-e1518728352836.jpeg","type":"image\/jpeg"}],"author":"Arthur Ventura","twitter_card":"summary_large_image","twitter_misc":{"Escrito por":"Arthur Ventura","Est. tempo de leitura":"29 minutos","Written by":"Arthur Ventura"},"schema":{"@context":"https:\/\/schema.org","@graph":[{"@type":"Article","@id":"https:\/\/encartes.mx\/fr\/el-maoismo-en-mexico\/#article","isPartOf":{"@id":"https:\/\/encartes.mx\/fr\/el-maoismo-en-mexico\/"},"author":{"name":"Arthur Ventura","@id":"https:\/\/encartes.mx\/#\/schema\/person\/97215bba1729028a4169cab07f8e58ef"},"headline":"El mao\u00edsmo en M\u00e9xico. El caso del Partido Revolucionario del Proletariado Mexicano, 1969-1970","datePublished":"2018-03-21T11:52:03+00:00","dateModified":"2023-11-18T01:16:45+00:00","mainEntityOfPage":{"@id":"https:\/\/encartes.mx\/fr\/el-maoismo-en-mexico\/"},"wordCount":7120,"commentCount":2,"publisher":{"@id":"https:\/\/encartes.mx\/#organization"},"image":{"@id":"https:\/\/encartes.mx\/fr\/el-maoismo-en-mexico\/#primaryimage"},"thumbnailUrl":"https:\/\/encartes.mx\/wp-content\/uploads\/2017\/12\/d-t-titulacion-imagenes-12923284_887896514665882-e1518728352836.jpeg","keywords":["comunismo","guerrilla","izquierda pol\u00edtica","mao\u00edsmo","militancia"],"articleSection":["Realidades socioculturales"],"inLanguage":"pt-BR","potentialAction":[{"@type":"CommentAction","name":"Comment","target":["https:\/\/encartes.mx\/fr\/el-maoismo-en-mexico\/#respond"]}]},{"@type":"WebPage","@id":"https:\/\/encartes.mx\/fr\/el-maoismo-en-mexico\/","url":"https:\/\/encartes.mx\/fr\/el-maoismo-en-mexico\/","name":"El mao\u00edsmo en M\u00e9xico. El caso del Partido Revolucionario del Proletariado Mexicano, 1969-1970 &#8211; Encartes","isPartOf":{"@id":"https:\/\/encartes.mx\/#website"},"primaryImageOfPage":{"@id":"https:\/\/encartes.mx\/fr\/el-maoismo-en-mexico\/#primaryimage"},"image":{"@id":"https:\/\/encartes.mx\/fr\/el-maoismo-en-mexico\/#primaryimage"},"thumbnailUrl":"https:\/\/encartes.mx\/wp-content\/uploads\/2017\/12\/d-t-titulacion-imagenes-12923284_887896514665882-e1518728352836.jpeg","datePublished":"2018-03-21T11:52:03+00:00","dateModified":"2023-11-18T01:16:45+00:00","breadcrumb":{"@id":"https:\/\/encartes.mx\/fr\/el-maoismo-en-mexico\/#breadcrumb"},"inLanguage":"pt-BR","potentialAction":[{"@type":"ReadAction","target":["https:\/\/encartes.mx\/fr\/el-maoismo-en-mexico\/"]}]},{"@type":"ImageObject","inLanguage":"pt-BR","@id":"https:\/\/encartes.mx\/fr\/el-maoismo-en-mexico\/#primaryimage","url":"https:\/\/encartes.mx\/wp-content\/uploads\/2017\/12\/d-t-titulacion-imagenes-12923284_887896514665882-e1518728352836.jpeg","contentUrl":"https:\/\/encartes.mx\/wp-content\/uploads\/2017\/12\/d-t-titulacion-imagenes-12923284_887896514665882-e1518728352836.jpeg","width":297,"height":92,"caption":"D:\\T. Titulaci\u00f3n\\im\u00e1genes\\12923284_887896514665882_183474903711663941_n.jpg"},{"@type":"BreadcrumbList","@id":"https:\/\/encartes.mx\/fr\/el-maoismo-en-mexico\/#breadcrumb","itemListElement":[{"@type":"ListItem","position":1,"name":"Home","item":"https:\/\/encartes.mx\/"},{"@type":"ListItem","position":2,"name":"El mao\u00edsmo en M\u00e9xico. El caso del Partido Revolucionario del Proletariado Mexicano, 1969-1970"}]},{"@type":"WebSite","@id":"https:\/\/encartes.mx\/#website","url":"https:\/\/encartes.mx\/","name":"Encartes","description":"Revista digital multimedia","publisher":{"@id":"https:\/\/encartes.mx\/#organization"},"potentialAction":[{"@type":"SearchAction","target":{"@type":"EntryPoint","urlTemplate":"https:\/\/encartes.mx\/?s={search_term_string}"},"query-input":"required name=search_term_string"}],"inLanguage":"pt-BR"},{"@type":"Organization","@id":"https:\/\/encartes.mx\/#organization","name":"Encartes Antropol\u00f3gicos","url":"https:\/\/encartes.mx\/","logo":{"@type":"ImageObject","inLanguage":"pt-BR","@id":"https:\/\/encartes.mx\/#\/schema\/logo\/image\/","url":"https:\/\/encartes.mx\/wp-content\/uploads\/2017\/04\/Logo-04.png","contentUrl":"https:\/\/encartes.mx\/wp-content\/uploads\/2017\/04\/Logo-04.png","width":338,"height":306,"caption":"Encartes Antropol\u00f3gicos"},"image":{"@id":"https:\/\/encartes.mx\/#\/schema\/logo\/image\/"}},{"@type":"Person","@id":"https:\/\/encartes.mx\/#\/schema\/person\/97215bba1729028a4169cab07f8e58ef","name":"Arthur Ventura","image":{"@type":"ImageObject","inLanguage":"pt-BR","@id":"https:\/\/encartes.mx\/#\/schema\/person\/image\/8a45818ea77a67a00c058d294424a6f6","url":"https:\/\/secure.gravatar.com\/avatar\/e8ff614b2fa0d91ff6c65f328a272c53?s=96&d=identicon&r=g","contentUrl":"https:\/\/secure.gravatar.com\/avatar\/e8ff614b2fa0d91ff6c65f328a272c53?s=96&d=identicon&r=g","caption":"Arthur Ventura"}}]}},"jetpack_sharing_enabled":true,"jetpack_featured_media_url":"https:\/\/encartes.mx\/wp-content\/uploads\/2017\/12\/d-t-titulacion-imagenes-12923284_887896514665882-e1518728352836.jpeg","_links":{"self":[{"href":"https:\/\/encartes.mx\/pt\/wp-json\/wp\/v2\/posts\/29607","targetHints":{"allow":["GET"]}}],"collection":[{"href":"https:\/\/encartes.mx\/pt\/wp-json\/wp\/v2\/posts"}],"about":[{"href":"https:\/\/encartes.mx\/pt\/wp-json\/wp\/v2\/types\/post"}],"author":[{"embeddable":true,"href":"https:\/\/encartes.mx\/pt\/wp-json\/wp\/v2\/users\/4"}],"replies":[{"embeddable":true,"href":"https:\/\/encartes.mx\/pt\/wp-json\/wp\/v2\/comments?post=29607"}],"version-history":[{"count":69,"href":"https:\/\/encartes.mx\/pt\/wp-json\/wp\/v2\/posts\/29607\/revisions"}],"predecessor-version":[{"id":38092,"href":"https:\/\/encartes.mx\/pt\/wp-json\/wp\/v2\/posts\/29607\/revisions\/38092"}],"wp:featuredmedia":[{"embeddable":true,"href":"https:\/\/encartes.mx\/pt\/wp-json\/wp\/v2\/media\/29609"}],"wp:attachment":[{"href":"https:\/\/encartes.mx\/pt\/wp-json\/wp\/v2\/media?parent=29607"}],"wp:term":[{"taxonomy":"category","embeddable":true,"href":"https:\/\/encartes.mx\/pt\/wp-json\/wp\/v2\/categories?post=29607"},{"taxonomy":"post_tag","embeddable":true,"href":"https:\/\/encartes.mx\/pt\/wp-json\/wp\/v2\/tags?post=29607"},{"taxonomy":"author","embeddable":true,"href":"https:\/\/encartes.mx\/pt\/wp-json\/wp\/v2\/coauthors?post=29607"}],"curies":[{"name":"wp","href":"https:\/\/api.w.org\/{rel}","templated":true}]}}