{"id":40277,"date":"2026-03-20T15:00:00","date_gmt":"2026-03-20T21:00:00","guid":{"rendered":"https:\/\/encartes.mx\/?p=40277"},"modified":"2026-03-17T21:05:58","modified_gmt":"2026-03-18T03:05:58","slug":"ceriani-pueblos-indigenas-gran-chaco-celebraciones","status":"publish","type":"post","link":"https:\/\/encartes.mx\/fr\/ceriani-pueblos-indigenas-gran-chaco-celebraciones\/","title":{"rendered":"Performance sociale et transformation historique dans les c\u00e9l\u00e9brations d'anniversaire des \u00e9glises indig\u00e8nes du Chaco (Argentine)"},"content":{"rendered":"<h2 class=\"wp-block-heading\">R\u00e9sum\u00e9<\/h2>\n\n\n\n<p class=\"abstract\">Cet article pr\u00e9sente une probl\u00e9matisation anthropologique des c\u00e9l\u00e9brations des anniversaires des \u00e9glises indig\u00e8nes dans le Chaco argentin. Il analyse la mani\u00e8re dont les processus de changement culturel convergent avec les <em>performances<\/em> des institutions sociales de r\u00e9putation et d'appartenance ethno-religieuse. La recherche observe ces c\u00e9l\u00e9brations comme des institutions culturelles autochtones transform\u00e9es dans leur parcours historique et dynamisant des formes de sociabilit\u00e9, d'effervescence collective, de comp\u00e9tition et de gestion du pouvoir spirituel et\/ou politique. L'\u00e9tude souligne la vitalit\u00e9 contemporaine des anniversaires \u00e0 la cl\u00e9 de <em>performances<\/em> politiques et esth\u00e9tiques pour r\u00e9fl\u00e9chir \u00e0 leurs dimensions perturbatrices et instituantes.<\/p>\n\n\n\n<p class=\"abstract\">Mots cl\u00e9s : <a href=\"https:\/\/encartes.mx\/fr\/tag\/cambio-cultural\/\" rel=\"tag\">changement culturel<\/a>, <a href=\"https:\/\/encartes.mx\/fr\/tag\/gran-chaco\/\" rel=\"tag\">Gran Chaco<\/a>, <a href=\"https:\/\/encartes.mx\/fr\/tag\/pueblos-indigenas\/\" rel=\"tag\">peuples indig\u00e8nes<\/a><\/p>\n\n\n\n<p class=\"abstract en-text\"><span class=\"small-caps\">performance sociale et transformation historique dans la c\u00e9l\u00e9bration des anniversaires des \u00e9glises indig\u00e8nes dans la r\u00e9gion du gran chaco en argentine<\/span>Cet article d\u00e9veloppe une enqu\u00eate anthropologique sur les c\u00e9l\u00e9brations d'anniversaire des \u00e9glises indig\u00e8nes dans la r\u00e9gion du Gran Chaco en Argentine. Il examine la mani\u00e8re dont les transformations culturelles s'entrecroisent avec les performances sociales qui mettent en sc\u00e8ne \u00e0 la fois la r\u00e9putation et l'identit\u00e9 ethnico-religieuse. L'analyse aborde ces c\u00e9l\u00e9brations comme des institutions culturelles indig\u00e8nes historiquement remodel\u00e9es au fil du temps et comme des ar\u00e8nes dynamiques de sociabilit\u00e9, de partage d'affects, de comp\u00e9tition et de n\u00e9gociation de l'autorit\u00e9 spirituelle et politique. Consid\u00e9r\u00e9s comme des performances politiques et esth\u00e9tiques, ces anniversaires se r\u00e9v\u00e8lent vitaux dans le pr\u00e9sent, soulignant leur dimension perturbatrice et cr\u00e9atrice de monde.<\/p>\n\n\n\n<p class=\"abstract en-text\">Mots-cl\u00e9s : indig\u00e8nes, Gran Chaco, changement culturel, c\u00e9l\u00e9brations religieuses.<\/p>\n\n\n\n<h2 class=\"wp-block-heading\">Introduction<\/h2>\n\n\n\n<p class=\"has-drop-cap abstract\">\u00c0 la lumi\u00e8re des donn\u00e9es anthropologiques, l'exp\u00e9rience des missions protestantes parmi les peuples indig\u00e8nes du Chaco argentin, en particulier parmi les groupes Qom (ou Toba), Wich\u00ed, Pilag\u00e1, Mocov\u00ed et Nivacl\u00e9, a contribu\u00e9 \u00e0 l'\u00e9mergence d'un processus de changement socio-religieux sans pr\u00e9c\u00e9dent depuis les premi\u00e8res d\u00e9cennies du XXe si\u00e8cle. <span class=\"small-caps\">xx<\/span> (Cordeu et Siffredi, 1971 ; Miller, 1979). S'il existe un contexte dans le champ religieux national dans lequel le christianisme \u00e9vang\u00e9lique ne constitue pas une minorit\u00e9, mais plut\u00f4t son contraire, c'est bien dans le monde social des groupes aborig\u00e8nes du Chaco. Cette situation a \u00e9galement perturb\u00e9 le r\u00e9cit dominant de la nation catholique (Di Stefano et Zanatta, 2000), car l'histoire sociale du christianisme indig\u00e8ne chacoan est un ph\u00e9nom\u00e8ne qui abrite une critique m\u00e9ta-culturelle de l'identification du catholicisme comme religion des criollos (ou blancs) et de l'\u00c9tat (Wright, 2008).<\/p>\n\n\n\n<p>La vie spirituelle et communautaire dans les localit\u00e9s indig\u00e8nes, dans les contextes ruraux ou p\u00e9riurbains, est centr\u00e9e sur l'appartenance \u00e0 l\u201c\u201d\u00e9vangile\".\u201d<em>, <\/em>une cat\u00e9gorie pratique qui encode une ascription multiple d'ancrages ontologiques, moraux, esth\u00e9tiques et politiques (Wright, 2002 ; Ceriani Cernadas et Citro, 2005). Le d\u00e9veloppement religieux de chaque communaut\u00e9 rurale, quartier ou \u00e9tablissement se d\u00e9roule selon un calendrier d'\u00e9v\u00e9nements r\u00e9guliers et sp\u00e9ciaux organis\u00e9s par la congr\u00e9gation. Ces derniers sont g\u00e9n\u00e9ralement appel\u00e9s \u201cc\u00e9l\u00e9brations sp\u00e9ciales\u201d et impliquent des \u00e9v\u00e9nements rituels et comm\u00e9moratifs tels que les bapt\u00eames, les mariages, les anniversaires, les mouvements cultuels, les campagnes d'\u00e9vang\u00e9lisation et les \u201canniversaires\u201d de l'\u00e9glise. Au sens maussien classique, les anniversaires constituent une sorte d\u201c\u201d\u00e9v\u00e9nement social total\" : des \u00e9v\u00e9nements ritualis\u00e9s qui rassemblent des dimensions sociales, spirituelles, morales, \u00e9conomiques, politiques et esth\u00e9tiques.<\/p>\n\n\n\n<p>Dans cet article, j'analyse les c\u00e9l\u00e9brations des anniversaires de l'\u00e9glise parmi les partialit\u00e9s Qom et Wich\u00ed du territoire du Chaco. La proposition d\u00e9ploie deux objectifs conceptuels : l'un vise \u00e0 repenser le processus de transformation historique des c\u00e9l\u00e9brations indig\u00e8nes et le r\u00f4le sociologique condensant des anniversaires eccl\u00e9siastiques actuels ; l'autre r\u00e9p\u00e8te - dans les termes de Marshall Sahlins (1988 : 15) - une \u201csociologie situationnelle de la signification\u201d des anniversaires, en probl\u00e9matisant ethnographiquement leur dimension performative, politique et esth\u00e9tique.<\/p>\n\n\n\n<p>Les racines empiriques de l'article sont \u00e9tay\u00e9es par des recherches historiques et ethnographiques sur le processus de changement social et religieux des peuples du Chaco et sur la place culturelle, spirituelle et politique de l\u201c\u201d\u00e9vangile\".<a class=\"anota\" id=\"anota1\" data-footnote=\"1\">1<\/a> La premi\u00e8re partie de l'article passe en revue, d'un point de vue historico-culturel, l'implication des christianismes indig\u00e8nes du Chaco, en d\u00e9limitant leurs caract\u00e9ristiques principales et en proposant quatre exemples du processus de transformation de ces c\u00e9l\u00e9brations collectives. La deuxi\u00e8me partie de l'article se concentre sur les relations sociales et le processus de transformation de ces c\u00e9l\u00e9brations collectives. <em>performances<\/em> Les relations culturelles entre les dirigeants, les membres locaux, les musiciens, les danseurs et les invit\u00e9s qui se d\u00e9roulent lors de chaque f\u00eate religieuse. \u00c0 partir de deux vignettes ethnographiques d'anniversaires dans les colonies de La Primavera et de Misi\u00f3n La Loma (Embarcaci\u00f3n), les relations discursives et pratiques entre les acteurs et les publics, les locaux et les invit\u00e9s, sont probl\u00e9matis\u00e9es de mani\u00e8re comparative, en analysant l'efficacit\u00e9 relative et positionnelle des actions rituelles.<\/p>\n\n\n\n<h2 class=\"wp-block-heading\"><span class=\"small-caps\">Les anniversaires \u201c\u00e9vang\u00e9liques\u201d <\/span> <span class=\"small-caps\">en tant que pratiques historiques <\/span><\/h2>\n\n\n\n<p class=\"abstract\">\u00c0 partir de la deuxi\u00e8me d\u00e9cennie du 20e si\u00e8cle <span class=\"small-caps\">xx<\/span>, le territoire du Chaco est devenu un laboratoire socio-religieux pour diverses missions protestantes et \u00e9vang\u00e9liques venues d'Angleterre, des \u00c9tats-Unis, de Norv\u00e8ge et de Su\u00e8de. Ces \u201c configurations missionnaires \u201d (Ceriani Cernadas et L\u00f3pez, 2017 : 20) impliquaient de nouvelles formations sociales d\u00e9termin\u00e9es par des relations d'interd\u00e9pendance entre missionnaires et indig\u00e8nes, travers\u00e9es par des sch\u00e9mas culturels, des strat\u00e9gies pragmatiques et des asym\u00e9tries de pouvoir. Au-del\u00e0 des diff\u00e9rences de th\u00e9ologies ou de pratiques, les entreprises anglicanes, \u00e9vang\u00e9liques, mennonites et pentec\u00f4tistes ont orient\u00e9 des politiques sociales et culturelles concr\u00e8tes en direction de ces populations. Les <em>ethos<\/em> La civilisation, la r\u00e9forme morale et corporelle et les soins de sant\u00e9 en \u00e9taient les caract\u00e9ristiques. De m\u00eame, bien qu'avec des accents diff\u00e9rents, l'ing\u00e9nierie sociale s'est traduite par la diffusion de l'agriculture, la traduction des langues indig\u00e8nes, l'alphab\u00e9tisation bilingue (espagnol et langue maternelle) et la modification des v\u00eatements et des logements.<\/p>\n\n\n\n<p>Au d\u00e9but des ann\u00e9es 1950, l'expansion du mouvement \u201c\u00e9vang\u00e9lique\u201d s'est traduite par l'\u00e9mergence massive d'\u00e9glises ind\u00e9pendantes, dirig\u00e9es et contest\u00e9es par les dirigeants de Qom \u00e0 Chaco et Formosa (Reyburn, 1954). Dans le champ toujours plus vaste des nouvelles d\u00e9nominations, nous en trouvons trois principales : l'\u00c9glise \u00e9vang\u00e9lique unie, premi\u00e8re congr\u00e9gation autonome de Qom organis\u00e9e en 1961 et qui s'est progressivement \u00e9tendue aux peuples Pilag\u00e1, Mocov\u00ed et Wich\u00ed ; l'\u00c9glise internationale de l'\u00c9vangile \u00e0 quatre pattes, \u00e9tablie \u00e0 la fin des ann\u00e9es 1960 et dont la croissance et la l\u00e9gitimit\u00e9 sociale sont constantes \u00e0 Formosa et au Chaco ; et l'Iglesia Misi\u00f3n Evang\u00e9lica Asamblea de Dios, fond\u00e9e par des missionnaires scandinaves dans le nord-ouest de Salta vers 1947 (Cordeu, 1984 ; Wright, 1990 ; Ceriani Cernadas et Lavazza, 2017).<\/p>\n\n\n\n<p>Les \u00e9glises indig\u00e8nes forment une ar\u00e8ne socio-religieuse dynamique, sujette \u00e0 des fusions constantes et \u00e0 la mobilit\u00e9 des croyants entre elles, ainsi qu'\u00e0 des all\u00e9geances et des n\u00e9gociations interconfessionnelles. Au-del\u00e0 des diverses congr\u00e9gations, l\u201c\u201d\u00e9vangile\" s'exprime dans une compr\u00e9hension culturelle partag\u00e9e de la puissance, de la sant\u00e9, des dons et des gr\u00e2ces accord\u00e9s par le Saint-Esprit. Le contact direct entre le croyant et le Saint-Esprit constitue la pierre angulaire des cultes religieux et s'exprime par deux motivations essentielles : l'atteinte corporelle de l'extase et des dons sp\u00e9ciaux (<em>ntonagak<\/em> dans la langue de Qom ; <em>laweku<\/em> dans le Wich\u00ed) et la gu\u00e9rison de tout mal. Ce dernier aspect est central, car la dimension th\u00e9rapeutique est la charni\u00e8re cosmologique qui relie les notions de personne, de chamanisme (contrats avec des \u00eatres puissants, r\u00eaves, pr\u00e9judices et gu\u00e9rison) et de la culture Wich\u00ed. <em>habitus<\/em> \u00e9vang\u00e9lique (corpor\u00e9it\u00e9, discours moral, v\u00eatements et extase c\u00e9r\u00e9monielle) (Ceriani Cernadas, 2019).<\/p>\n\n\n\n<p>Dans son \u00e9tude classique <em>La danse des fant\u00f4mes Pawnee Jeu de mains<\/em>, Alexander Lesser (1933) a propos\u00e9 une interpr\u00e9tation historico-culturelle pour expliquer les changements survenus chez les Pawnee par l'int\u00e9gration des jeux de mains traditionnels dans les cultes visionnaires du mouvement revivaliste pan-indien \u201cSpirit Dance\u201d.<a class=\"anota\" id=\"anota2\" data-footnote=\"2\">2<\/a> L'analyse de Lesser porte sur la transformation culturelle de ce peuple au cours des premi\u00e8res d\u00e9cennies du XXe si\u00e8cle. <span class=\"small-caps\">xx<\/span> -Apr\u00e8s les d\u00e9localisations complexes impos\u00e9es par le gouvernement f\u00e9d\u00e9ral, il a analys\u00e9 le poids symbolique et social que la sacralisation de ces jeux a acquis dans la variante locale du mouvement. Le processus historique des jeux de mains a \u00e9t\u00e9 abord\u00e9, selon les termes de l'auteur, comme la \u201ccourse dans le temps\u201d d'une institution culturelle (Lesser, 1933 : 334). L'analyse met en \u00e9vidence la mani\u00e8re dont un noyau fondamental d'action perdure jusqu'\u00e0 nos jours, alors que le contexte dans lequel il s'exprime, comme les significations et les formes qui lui sont associ\u00e9es, ont subi des changements majeurs.<\/p>\n\n\n\n<p>Il s'agit ici de reprendre de mani\u00e8re heuristique cette notion de \u201ccourse dans le temps\u201d pour penser la transformation historique des rassemblements festifs des partialit\u00e9s Qom et Wich\u00ed du Chaco argentin. Ces rassemblements ont \u00e9t\u00e9 modifi\u00e9s dans l'action culturelle, selon la proposition de Marshall Sahlins (1988), dans une ligne de pens\u00e9e plus actuelle mais pas \u00e9trang\u00e8re \u00e0 celle de Lesser, par des \u201crevalorisations fonctionnelles\u201d des cat\u00e9gories symboliques et des pratiques ritualis\u00e9es.<\/p>\n\n\n\n<p>Dans quelle mesure les rassemblements festifs des anciennes bandes familiales de langue guaycur\u00fa (Qom, Pilag\u00e1 et Moqoit) et mataco-mataguayo (Wich\u00ed-Weyanek, Chorote, Nivacl\u00e9), caract\u00e9ris\u00e9s par leurs danses intenses et li\u00e9s \u00e0 la r\u00e9colte des caroubes, \u00e0 la s\u00e9duction sexuelle et au triomphe de la guerre, ont-ils \u00e9t\u00e9 recr\u00e9\u00e9s dans les festivit\u00e9s eccl\u00e9siastiques ? 2) Quel a \u00e9t\u00e9 l'impact sur la reconstitution des exp\u00e9riences interethniques du travail saisonnier dans les sucreries de la r\u00e9gion occidentale (1860-1960), o\u00f9 les danses des peuples du Chaco ont captiv\u00e9 l'exotisme des voyageurs et des fonctionnaires ? 3) Comment les processus de missionnalisation ont-ils influenc\u00e9 les c\u00e9l\u00e9brations comm\u00e9moratives, bas\u00e9es sur le clivage historique impliqu\u00e9 par l\u201c\u201d\u00e9vangile\", la classification et la r\u00e9glementation des pratiques religieuses et l'\u00e9laboration de calendriers d'activit\u00e9s ? 4. dans quelle mesure ont-ils influenc\u00e9 le processus de nationalisation et d'\u00e9tatisation des populations indig\u00e8nes depuis 1940, avec les c\u00e9r\u00e9monies scolaires et les anniversaires provinciaux et nationaux, ainsi que les politiques de reconnaissance des derni\u00e8res d\u00e9cennies bas\u00e9es sur le discours des droits territoriaux et culturels de pr\u00e9existence ?<\/p>\n\n\n\n<p>Le premier point a \u00e9t\u00e9 relev\u00e9 par Silvia Citro (2006) dans ses \u00e9tudes ethnographiques sur les danses des Qom Takshek de l'est de Formose, qui analysent les correspondances symboliques et les processus de changement entre les danses de pouvoir (<em>nmi<\/em>) et l'initiation des femmes (<em>niematak<\/em>) dans le cadre de l'exp\u00e9rience \u00e9vang\u00e9lique. Il est certain que l'importance des danses dans les soci\u00e9t\u00e9s et les cultures du Chaco a \u00e9t\u00e9 observ\u00e9e tr\u00e8s t\u00f4t par les missionnaires j\u00e9suites et franciscains au cours des si\u00e8cles <span class=\"small-caps\">xviii<\/span> et <span class=\"small-caps\">xix<\/span>, C'est ce qu'ont fait d'\u00e9minents ethnographes tels que Rapha\u00ebl Karsten et Alfred M\u00e9traux au cours des premi\u00e8res d\u00e9cennies de l'histoire de l'humanit\u00e9. <span class=\"small-caps\">xx<\/span>. Sur cette g\u00e9n\u00e9alogie, Elizabeth Bergallo (2004) approfondit la notion de personne Qom et ses liens avec les danses de l\u201c\u201d\u00e9vangile\u201c. De m\u00eame, Lavinia Contini (2015), dans sa recherche sur la \u201dcult-fiesta\u201c dans les \u00e9glises \u201dunies\" chez les Wich\u00ed de Nueva Pompeya, signale une reconfiguration de ces c\u00e9l\u00e9brations traditionnelles de la r\u00e9colte du fruit du caroubier (<em>yatchep<\/em>) des danses (<em>katinah<\/em>) et les danses de s\u00e9duction (<em>ahutsaj<\/em>), soulignant la place cl\u00e9 qu'ils occupent dans la dynamique sociologique et rituelle de ces partialit\u00e9s. Nous sugg\u00e9rons ici qu'il est important d'approfondir d'autres facteurs cruciaux qui ont influenc\u00e9 la transformation historique de ces c\u00e9l\u00e9brations, rendant compte d'une \u201ccourse \u00e0 travers le temps\u201d dense, dans laquelle la continuit\u00e9 sociale et l'innovation culturelle ont fait pivoter l'\u00e9volution de ces peuples dans un processus d'incorporation-exclusion dans le march\u00e9 capitaliste et l'\u00c9tat-nation.<\/p>\n\n\n\n<p>En effet, la seconde question rend compte de l'\u00e9volution de la mobilit\u00e9 des groupes indig\u00e8nes sous l'effet des processus de missionnarisation, de la colonisation progressive du territoire, de l'imp\u00e9ratif de s\u00e9dentarisation et de l'exp\u00e9rience s\u00e9culaire du travail saisonnier dans les enclaves sucri\u00e8res du nord de Salta et de Jujuy (C\u00f3rdoba, Bossert et Richard, 2015). De leur c\u00f4t\u00e9, les sucreries ont massivement mobilis\u00e9 de nombreuses familles indig\u00e8nes \u00e0 travers des r\u00e9seaux de conchabo et de transfert de 1850 \u00e0 1960, lorsque la m\u00e9canisation de la r\u00e9colte sucri\u00e8re a entra\u00een\u00e9 une r\u00e9duction radicale de leur force de travail. La vie sociale y forme un espace <em>sui generis<\/em> des relations interethniques, o\u00f9 des danses nocturnes en cercles d'hommes et de femmes aux bras entrelac\u00e9s (connues sous le nom de \" cercles \") sont organis\u00e9es dans le cadre d'un programme d'\u00e9ducation \u00e0 la citoyennet\u00e9. <em>nmi<\/em> o <em>nomi<\/em> pour les Qom et \u201cbaile de sapo\u201d pour les criollos) constituaient <em>performances<\/em> les fr\u00e9quentations sexuelles cathartiques et les \u00e9changes symboliques, mat\u00e9riels et sociaux entre les groupes Qom, Wich\u00ed, Nivacl\u00e9 et Chorote. Les possibilit\u00e9s offertes par les danses collectives en tant que m\u00e9canismes de cr\u00e9ation de nouveaux liens sociaux dans des groupes traditionnellement hostiles les uns aux autres, ainsi que de renforcement de ceux d\u00e9j\u00e0 \u00e9tablis, ont fait l'objet de r\u00e9inventions successives en fonction des r\u00e9ceptions locales. Lorsque les \u201cpaisanos\u201d sont retourn\u00e9s dans leurs campements, \u00e9galement ins\u00e9r\u00e9s dans un processus de changement socio-religieux d\u00fb \u00e0 l'action missionnaire, ces nouvelles exp\u00e9riences d'interaction et d'\u00e9change de pratiques ont acquis d'autres significations et valeurs (Ceriani Cernadas, 2015).<\/p>\n\n\n\n<p>Pr\u00e9cis\u00e9ment, la troisi\u00e8me question concerne les processus de missionnarisation chr\u00e9tienne, dans lesquels les projets de r\u00e9forme sociale et morale ont \u00e9tabli des disciplines corporelles et de nouveaux sch\u00e9mas d'organisation temporelle et spatiale, des r\u00f4les de genre et la fixation de jours et d'heures pour les activit\u00e9s eccl\u00e9siastiques. Il convient ici de souligner deux points : premi\u00e8rement, le d\u00e9fi \u00e9vang\u00e9lique lanc\u00e9 aux diff\u00e9rentes danses indig\u00e8nes, dans le cadre d'un projet de r\u00e9forme corporelle et de coercition morale dans lequel ces danses \u00e9taient qualifi\u00e9es de pratiques pa\u00efennes, p\u00e9cheresses et mauvaises ; deuxi\u00e8mement, la mani\u00e8re dont la culture \u00e9crite protestante a eu un effet sur ces formes r\u00e9glement\u00e9es d'organisation de la vie religieuse, qui ont \u00e9t\u00e9 domestiqu\u00e9es par les peuples chacoans lorsque les \u00e9glises indig\u00e8nes ont acquis leur propre autonomie. C'est au cours de ce processus d'appropriation culturelle indig\u00e8ne que les danses ont \u00e9t\u00e9 progressivement int\u00e9gr\u00e9es aux cultes de la \u201cUnida\u201d et des autres \u00e9glises.<\/p>\n\n\n\n<p>Dans les ann\u00e9es 1950 et 1960, les danses \u00e9taient une pratique courante chez les personnes \u00e2g\u00e9es et les adultes \u00e0 la recherche ou \u00e0 la manipulation de <em>haloik<\/em> (puissance) et l'obtention de la <em>ntonagak<\/em> (joie), par de petits pas sur place ou de lents mouvements circulaires (Loewen, Buckwalter et Kratz, 1965). Dans les ann\u00e9es 1970 et 1980, les ensembles musicaux ont fait irruption sur la sc\u00e8ne \u00e9vang\u00e9lique indig\u00e8ne, mais depuis la fin des ann\u00e9es 1990 jusqu'\u00e0 aujourd'hui, les danses constituent la pratique spirituelle la plus dynamique dans le domaine \u00e9vang\u00e9lique indig\u00e8ne (Citro, 2009).<\/p>\n\n\n\n<p>En ce qui concerne les dispositifs \u00e9crits qui ont fa\u00e7onn\u00e9 une \u201ccommunaut\u00e9 imagin\u00e9e\u201d indig\u00e8ne \u00e9vang\u00e9lique dans le Chaco et \u00e0 Formosa, la publication du bulletin trimestriel <em>Qad\u00e1qtaxanaxanec Qad\u00e1qtaxanaxanec<\/em> (\u201cNotre Messager\u201d), publi\u00e9 par les Travailleurs Fraternels Mennonites de 1959 \u00e0 2015, a \u00e9t\u00e9 d\u00e9cisif. M\u00e9canisme p\u00e9dagogique et de communication entre congr\u00e9gations, l'objectif principal \u00e9tait d\u00e8s l'origine de former une technologie d'unit\u00e9 indig\u00e8ne-\u00e9vang\u00e9lique susceptible de contrecarrer les processus de fission et de fournir une identit\u00e9 englobante (Altman, 2023). Distribu\u00e9 par courrier puis par internet, chaque bulletin comprend des notes de pasteurs et de dirigeants indig\u00e8nes (en langues indig\u00e8nes et en espagnol), des nouvelles d'actualit\u00e9, des conseils pratiques, des questions sociopolitiques (terre, \u00e9ducation, sant\u00e9) et - au verso de la couverture - les \u201cdates sp\u00e9ciales\u201d, qui d\u00e9taillent toutes les activit\u00e9s de c\u00e9l\u00e9bration non r\u00e9guli\u00e8res des \u00e9glises, telles que les anniversaires, les f\u00eates et les campagnes d'\u00e9vang\u00e9lisation.<\/p>\n\n\n\n<p>Enfin, la quatri\u00e8me interrogation situe un processus social concomitant au d\u00e9veloppement du mouvement \u00e9vang\u00e9lique de Qom au cours des ann\u00e9es 1950 : la pr\u00e9sence progressive de politiques \u00e9tatiques d'incorporation et de citoyennet\u00e9 des peuples du Chaco de la part d'agences nationales et provinciales. Le lien entre ces politiques et les gouvernements justicialistes ou \u201cp\u00e9ronistes\u201d entre 1946 et 1955 \u00e9tait direct, et le soutien des populations indig\u00e8nes, ainsi que l'int\u00e9r\u00eat de nombreux chefs \u00e0 s'impliquer dans la politique du parti, \u00e9taient \u00e9crasants. Dans ce processus social, o\u00f9 l'\u00e9mergence d'\u00e9glises indig\u00e8nes et l'appr\u00e9hension du p\u00e9ronisme allaient de pair, les nouveaux symboles d'appartenance politique se sont profond\u00e9ment enracin\u00e9s. Les identifications nationales et provinciales ont \u00e9galement \u00e9t\u00e9 renforc\u00e9es par le biais des \u00e9coles, et de nouvelles pratiques politiques, g\u00e9n\u00e9ralement qualifi\u00e9es de \u201cclient\u00e9listes\u201d, ont commenc\u00e9 \u00e0 se r\u00e9pandre dans les diff\u00e9rentes populations. Les r\u00e9f\u00e9rents communautaires, tels que les bergers, les caciques ou les anciens dot\u00e9s de pouvoir et de sagesse (g\u00e9n\u00e9ralement des chamans), ont \u00e9tendu leurs r\u00e9seaux interpersonnels avec des criollos li\u00e9s au \u201cmonde de la politique\u201d (selon la r\u00e9f\u00e9rence habituelle). En tant qu\u201c\u201damis-patrons-padrinos\" qui aident habituellement \u00e0 fournir des biens, des permis, des services et du travail en \u00e9change de loyaut\u00e9s politiques, \u00e9tendant ainsi leurs ancrages territoriaux parmi les paisanos, ils sont les gestionnaires de la faisabilit\u00e9 des c\u00e9l\u00e9brations au cours desquelles des dons, des cadeaux et des repas g\u00e9n\u00e9reux sont g\u00e9n\u00e9ralement offerts ; des exemples repr\u00e9sentatifs sont la Journ\u00e9e autochtone, la Journ\u00e9e des enfants et la Journ\u00e9e de la diversit\u00e9 culturelle.<\/p>\n\n\n\n<p>Ils sont \u00e9galement des invit\u00e9s sp\u00e9ciaux lors de c\u00e9l\u00e9brations ayant une plus grande r\u00e9sonance publique et performative, telles que les anniversaires d'\u00e9glises susmentionn\u00e9s et les mariages de leaders ou de dirigeants religieux et\/ou politiques. Lors de ces c\u00e9l\u00e9brations sp\u00e9ciales, le prestige de chaque \u00e9glise est mis en jeu et le charisme de chaque congr\u00e9gation est revalid\u00e9 par le biais d'un r\u00e9seau relationnel entre les dirigeants, les fid\u00e8les locaux et les invit\u00e9s (pr\u00e9dicateurs, musiciens et danseurs). J'en parlerai dans la deuxi\u00e8me partie de l'article.<\/p>\n\n\n\n<h2 class=\"wp-block-heading\">Anniversaires tels que <em>performances<\/em>La mise en sc\u00e8ne, les charismes et les efficacit\u00e9s<\/h2>\n\n\n\n<p>Dans cette section, nous nous attacherons \u00e0 comprendre les anniversaires religieux comme des dispositifs actualis\u00e9s de mise en sc\u00e8ne des relations symboliques et politiques entre les dirigeants, les invit\u00e9s et le public. Analys\u00e9s comme <em>performances<\/em> Dans cet article, nous nous concentrons sur l'importance des anniversaires dans le tissu de la reconnaissance sociale des pasteurs dans l'ar\u00e8ne du leadership, c'est-\u00e0-dire les performances dans lesquelles les sujets et les groupes \u201c montrent aux autres le sens de leurs situations sociales \u201d (Alexander, 2006 : 32). Pour ce faire, nous int\u00e9grons une description ethnographique de la vie sociale des \u00e9glises indig\u00e8nes dans le cadre d'une analyse comparative de deux anniversaires r\u00e9alis\u00e9s dans des contextes h\u00e9t\u00e9rog\u00e8nes de relations historiques. Le premier a lieu dans la Colonia Aborigen La Primavera, \u00e0 l'est de Formosa, une r\u00e9serve d'\u00c9tat fond\u00e9e en 1942 et li\u00e9e \u00e0 l'origine \u00e0 la Mission \u00e9vang\u00e9lique britannique Emmanuel. Le second a lieu \u00e0 la Misi\u00f3n La Loma, un quartier indig\u00e8ne p\u00e9riurbain de la ville d'Embarcaci\u00f3n (Salta), fond\u00e9 par des missionnaires norv\u00e9giens de la Mission \u00e9vang\u00e9lique Assembl\u00e9e de Dieu (ci-apr\u00e8s d\u00e9nomm\u00e9e Misi\u00f3n Evang\u00e9lica Asamblea de Dios), <span class=\"small-caps\">hydromel<\/span>) en 1962.<\/p>\n\n\n\n<p>Dans les communaut\u00e9s indig\u00e8nes Qom et Wich\u00ed qui ont \u00e9t\u00e9 constitu\u00e9es soit comme des r\u00e9serves d'\u00c9tat ou des terres fiscales adjug\u00e9es, soit comme dans les quartiers ou les zones situ\u00e9es \u00e0 la p\u00e9riph\u00e9rie des villes criollo, l'\u00e9difice religieux et son pasteur principal sont g\u00e9n\u00e9ralement situ\u00e9s sur des terres voisines, formant ainsi un symbole unifi\u00e9 de prestige pour le groupe familial et son r\u00e9seau de parents qui sont membres de la congr\u00e9gation. \u00c0 la mort d'un pasteur, dont la dur\u00e9e de vie n'est g\u00e9n\u00e9ralement r\u00e9duite que par la maladie, la mort ou sa propre d\u00e9cision, c'est le plus souvent un fils, un neveu ou une personne apparent\u00e9e, comme un beau-fr\u00e8re, qui prend en charge la direction de la congr\u00e9gation.<\/p>\n\n\n\n<p>Dans certains cas, l'\u00e9glise reste sur le terrain que le pasteur fondateur a donn\u00e9 \u00e0 la d\u00e9nomination, m\u00eame si le responsable actuel ne r\u00e9side pas sur place, mais dans un rayon proche de la communaut\u00e9. C'est le cas de la premi\u00e8re congr\u00e9gation Foursquare \u00e0 Colonia Aborigen La Primavera, dirig\u00e9e par le pasteur Pedro,<a class=\"anota\" id=\"anota3\" data-footnote=\"3\">3<\/a> \u00e9tablie en 1968 sur le terrain du cacique de l'\u00e9poque, Fernando Sanabria, en collaboration avec le pasteur Domingo Mendoza. Dans d'autres congr\u00e9gations qui ont h\u00e9rit\u00e9 du processus de missionnalisation, il est courant que les \u00e9glises soient \u00e9rig\u00e9es dans des espaces \u201cneutres\u201d. C'est le cas de la Misi\u00f3n La Loma de Embarcaci\u00f3n (Salta), o\u00f9 l'annexe de l'\u00e9glise a \u00e9t\u00e9 construite dans un espace \"neutre\". <span class=\"small-caps\">hydromel<\/span> est situ\u00e9 sur la partie la plus \u00e9lev\u00e9e du terrain et \u00e0 trois kilom\u00e8tres de l'\u00e9glise et de la base centrale de la mission dirig\u00e9e par le pasteur Marcio.<\/p>\n\n\n\n<p>En tant qu'institutions sociales, les \u00e9glises dirig\u00e9es par les deux leaders comportent trois dimensions essentielles : 1) une entreprise personnelle et familiale \u00e9largie, visant \u00e0 construire une pertinence sociale, politique et \u00e9conomique en occupant des positions institutionnelles, en \u00e9tendant les r\u00e9seaux interpersonnels, en obtenant et en g\u00e9rant des ressources ; 2) un espace\/temps - le \u201cculte\u201d - de sociabilit\u00e9 spirituelle hautement ritualis\u00e9e et corporellement participative, dans lequel les dispositifs \u00e9motionnels et th\u00e9rapeutiques s'av\u00e8rent cruciaux ; 3) un sc\u00e9nario domestiqu\u00e9 de la modernit\u00e9 indig\u00e8ne, en tant que formation religieuse inter-milieux, ou pont, reproduction sociale et culturelle (langue, alliances matrimoniales, leadership et descendance) et int\u00e9gration dans le monde \u201ccriollo\u201d ou \u201cblanc\u201d : l'organisation bureaucratique, les technologies, les styles culturels, les r\u00e9seaux de soutien ou de financement, les agences d'\u00c9tat, les partis politiques et\/ou les fonctionnaires, etc.<\/p>\n\n\n\n<p>Le pasteur principal d'une congr\u00e9gation aspire \u00e0 apporter des am\u00e9liorations \u00e0 son \u00e9glise, en particulier pour les anniversaires, en changeant le toit ou le sol, en agrandissant la salle, en ajoutant des chaises ou des bancs, en installant des toilettes \u00e0 l'ext\u00e9rieur du b\u00e2timent, en peignant la fa\u00e7ade et en achetant du mat\u00e9riel musical et audio. La r\u00e9alisation de ces am\u00e9liorations est un signe positif pour les croyants, montrant que les responsables de l'\u00e9glise \u201cfont les choses correctement\u201d, comme me l'a dit un ami \u00e0 propos de l'\u00e9glise de Peter et des changements mat\u00e9riels importants qu'elle avait apport\u00e9s pour l'anniversaire en question. Cette logique s'inscrit dans une conception culturelle dans laquelle les \u00e9glises - leurs murs, leurs toits, leurs syst\u00e8mes musicaux, leurs sols et leurs bancs - se r\u00e9v\u00e8lent \u00eatre des mat\u00e9rialit\u00e9s charg\u00e9es d'un pouvoir numineux et social. Le premier est directement li\u00e9 aux pratiques de gu\u00e9rison et \u00e0 la lutte contre les \u201cmauvais esprits\u201d qui les produisent ; le second est un symbole de pertinence et de reconnaissance pour le pasteur, son groupe de proches et la congr\u00e9gation des fid\u00e8les.<\/p>\n\n\n\n<p>L'int\u00e9grit\u00e9 d'un chef berger se mesure \u00e0 sa sant\u00e9 physique, \u00e0 sa capacit\u00e9 oratoire lors des cultes, \u00e0 son talent de m\u00e9diateur dans les querelles internes, \u00e0 son int\u00e9grit\u00e9 morale et \u00e0 ses connaissances th\u00e9ologiques, qui m\u00e9taphorisent \u00e0 leur tour le degr\u00e9 de relation avec les pasteurs non indig\u00e8nes, les missionnaires ou les agences ext\u00e9rieures. La maladie physique ou l'infirmit\u00e9 d'un dirigeant rev\u00eat un caract\u00e8re inqui\u00e9tant dans la perception indig\u00e8ne des peuples du Chaco, interpr\u00e9t\u00e9e comme une diminution du pouvoir ou une attaque directe d'une force spirituelle n\u00e9gative (Wright, 1990). Cette question, comme nous le verrons bient\u00f4t, n'est pas pass\u00e9e inaper\u00e7ue lors de l'anniversaire de la Misi\u00f3n La Loma.<\/p>\n\n\n\n<p>Dans ce mod\u00e8le culturel, les anniversaires d'\u00e9glise pr\u00e9sentent ces caract\u00e9ristiques de mani\u00e8re performative, car l'hospitalit\u00e9 des repr\u00e9sentants locaux devient un exercice cl\u00e9 dans la (re)production du leadership. Ainsi, le pasteur de Qom ou de Wich\u00ed qui dirige une congr\u00e9gation commande un groupe de parents, de proches et d'alli\u00e9s qui doivent d\u00e9montrer qu'il est possible de recevoir des invit\u00e9s d'autres \u00e9glises et d'autres lieux, qui doivent \u00eatre log\u00e9s et - surtout - nourris pendant une ou deux nuits. La mobilit\u00e9 est pay\u00e9e par les voyageurs invit\u00e9s (individuellement ou en groupes de musiciens et de danseurs), en fonction du soutien financier que leur congr\u00e9gation peut leur apporter gr\u00e2ce aux offrandes des fid\u00e8les ou \u00e0 l'aide familiale.<\/p>\n\n\n\n<p>Chaque anniversaire est le r\u00e9sultat d'une politique des invit\u00e9s, d'un jeu pragmatique et conjoncturel \u00e0 chaque \u00e9v\u00e9nement, dans lequel prennent place des pr\u00e9dicateurs autochtones ou allochtones, locaux ou \u00e9trangers, des musiciens et des leaders politiques. L'invitation de pasteurs d'\u00e9glises voisines s'enrichit de la pr\u00e9sence de pasteurs cr\u00e9oles, dont l'\u00e9loignement g\u00e9ographique se r\u00e9v\u00e8le \u00eatre un signe de prestige. Ainsi, dans cette logique cumulative et inclusive, la participation de leaders indig\u00e8nes de diff\u00e9rentes localit\u00e9s du territoire atteint un pouvoir charismatique aupr\u00e8s des visiteurs de Rosario (province de Santa Fe), La Plata ou Buenos Aires, ou des pays voisins tels que le Paraguay et la Bolivie. Ces visites d\u00e9montrent les r\u00e9seaux d'alli\u00e9s des dirigeants de chaque \u00e9glise, ce qui constitue un capital politique fondamental. Dans le cas des groupes de danseurs et de musiciens, la distance est \u00e9galement un signe d'importance, m\u00eame si l'essentiel est la pr\u00e9sence des uns et des autres et le nombre de groupes visiteurs.<\/p>\n\n\n\n<p>Chaque c\u00e9l\u00e9bration commence par l'ex\u00e9cution du \u201cmouvement de louange\u201d, int\u00e9gr\u00e9 de mani\u00e8re organis\u00e9e par les diff\u00e9rents groupes de musique et de danse, puis se poursuit par la pr\u00e9dication du pasteur, suivie de nouveaux ch\u0153urs et de nouvelles danses, ainsi que par l'instance finale de b\u00e9n\u00e9dictions et de demandes de gu\u00e9rison de la part de la congr\u00e9gation. Chaque ensemble pr\u00e9sente son propre r\u00e9pertoire musical, esth\u00e9tique et chor\u00e9graphique, mais tous partagent un style, une mani\u00e8re caract\u00e9ristique et mim\u00e9tique de faire et de montrer, observable dans les costumes : longues robes de satin et couleurs vives pour les femmes, jupes et tabliers avec des bandes suspendues aux couleurs symboliquement repr\u00e9sentatives pour les femmes et les hommes, les tonalit\u00e9s musicales et les mouvements corporels synchronis\u00e9s. Les groupes de danse sont donc des lieux de relation entre jeunes et adultes, des espaces de rencontre et de partenariat, des lieux d'expression des sensibilit\u00e9s culturelles contemporaines, o\u00f9 convergent des esth\u00e9tiques et des chor\u00e9graphies locales, r\u00e9gionales et globales (<em>Danse de la roue, La grande ronde, Danse du tambourin<\/em>, etc.) Les costumes et accessoires des danses (bandeaux, cannes, lunettes, etc.) et m\u00eame ceux qui ne portent pas de costumes et ne font que croiser leurs mains, sont des \u00e9l\u00e9ments essentiels de la danse. <em>yica<\/em> (sac traditionnel) avec la Bible \u00e0 l'int\u00e9rieur, expriment des formes non ambigu\u00ebs d'auto-reconnaissance de l'identit\u00e9 ou, en termes barthiens classiques, de d\u00e9finition des fronti\u00e8res ethniques sur la base de l'esth\u00e9tique de l'identit\u00e9.<\/p>\n\n\n\n<p>De m\u00eame, ces c\u00e9r\u00e9monies constituent des sc\u00e9narios d'affirmation discursive de la communaut\u00e9 religieuse pour r\u00e9inscrire des significations fondamentales concernant l'avenir de l'\u00e9glise ou de la mission, dans le cadre d'un r\u00e9cit g\u00e9n\u00e9ralement \u00e9pique et sacrificiel. Les principaux pasteurs et dirigeants pr\u00eachent sur les missionnaires, les \u00e9vang\u00e9listes ou les pasteurs fondateurs, sur la construction de l'\u00e9glise et sur ceux qui ont particip\u00e9 \u00e0 sa cr\u00e9ation. Les membres d\u00e9c\u00e9d\u00e9s au cours de l'ann\u00e9e \u00e9coul\u00e9e et les dons re\u00e7us pour la construction de l'\u00e9glise et les d\u00e9penses li\u00e9es \u00e0 la c\u00e9l\u00e9bration de l'anniversaire sont \u00e9galement mentionn\u00e9s. Enfin, des remerciements sont adress\u00e9s aux groupes de pr\u00e9dicateurs, de danseurs et de musiciens invit\u00e9s \u00e0 la rencontre festive.<\/p>\n\n\n\n<p>L'analyse de deux situations concr\u00e8tes et diff\u00e9rentes, \u00e9tudi\u00e9es ethnographiquement lors de deux anniversaires d'\u00e9glises dirig\u00e9es par le pasteur Pedro et le pasteur Marcio, nous permettra de rendre compte de ces dimensions et de nous concentrer sur trois questions cl\u00e9s : les r\u00e9gimes de consensus et de dissension impliqu\u00e9s, les mani\u00e8res dont le charisme de leurs dirigeants cro\u00eet ou d\u00e9cro\u00eet, et les m\u00e9diations esth\u00e9tiques impliqu\u00e9es.<\/p>\n\n\n\n<h3 class=\"wp-block-heading\">\u00c9glise de Pierre : l'anniversaire comme renforcement du charisme<\/h3>\n\n\n\n<p class=\"abstract\">Pedro est n\u00e9 \u00e0 La Primavera il y a soixante ans. Depuis 1996, il est le pasteur principal de la Foursquare of the Fund, la plus ancienne et la plus reconnue des trois autres congr\u00e9gations de cette d\u00e9nomination. La colonie couvre un territoire de 5 000 ha, habit\u00e9 par des familles Qom Takshek de la r\u00e9gion qui, en 1937, se sont rassembl\u00e9es autour de la Mission \u00e9vang\u00e9lique Emmanuel, dirig\u00e9e par l'Anglais John Church jusqu'en 1951. De taille moyenne, avec un nez busqu\u00e9 et une bonne apparence physique, le pasteur parle couramment, mais sans pr\u00e9cipitation, en renfor\u00e7ant les mots importants. Il vit dans une maison en mat\u00e9riaux bien entretenue, avec un jardin soign\u00e9 et des chaises de campagne de style cr\u00e9ole. Sa femme est \u00e9galement pasteur de l'\u00e9glise et dirige le \u201cladies\u201d foursquare\", un espace de sociabilit\u00e9 f\u00e9minine, d'\u00e9ducation biblique et d'organisation de groupes de danse. Pedro incarne avec prestige le type de pasteur contemporain, qui a travaill\u00e9 comme instituteur adjoint bilingue, avec une excellente ma\u00eetrise de l'espagnol et un int\u00e9r\u00eat pour les affaires publiques de la colonie : la gestion des puits d'eau, les r\u00e9formes du centre de sant\u00e9 ou l'am\u00e9lioration des routes int\u00e9rieures, entre autres.<\/p>\n\n\n\n<p>Nous nous sommes rencontr\u00e9s il y a plus de 20 ans, \u00e0 l'occasion de l'anniversaire de son \u00e9glise, qui comprenait l'inauguration d'un nouveau b\u00e2timent \u00e0 c\u00f4t\u00e9 de l'ancien, devenu un lieu de cours bibliques avec des signes \u00e9vidents de progr\u00e8s mat\u00e9riel : sol en b\u00e9ton, murs en briques avec de grandes fen\u00eatres et un toit en t\u00f4le. En tant que chef religieux respect\u00e9 par les autres congr\u00e9gations et les dirigeants de la communaut\u00e9, l'anniversaire de l'\u00e9glise \u00e9tait un \u00e9v\u00e9nement important \u00e0 l'\u00e9poque. C'est Miguel, un infirmier et ami tr\u00e8s engag\u00e9 dans sa foi et li\u00e9 aux familles historiques de la colonie, qui m'a invit\u00e9 \u00e0 me joindre \u00e0 lui pour la c\u00e9l\u00e9bration. Il m'a dit qu'un important pasteur de Buenos Aires qui faisait campagne dans la r\u00e9gion serait pr\u00e9sent et qu'il y aurait ensuite une grande f\u00eate avec du locro (rago\u00fbt typique) et des boissons non alcoolis\u00e9es.<\/p>\n\n\n\n<p>\u00c0 chaque anniversaire, une fois le service termin\u00e9, le grand repas est l'un des moments les plus importants et de longues planches sont install\u00e9es pour organiser les tables. Le repas en commun fait autant partie de ces \u00e9v\u00e9nements que la s\u00e9ance de gu\u00e9rison par le Saint-Esprit. Il ne s'agit pas d'un ajout ou d'un \u00e9v\u00e9nement superflu, mais de l'acte final d'un \u201c\u00e9v\u00e9nement social total\u201d, dans lequel le repas donne une autre dimension affective et \u00e9valuative.<\/p>\n\n\n\n<p>Il ne reste plus que quelques places dans l'\u00e9glise et les groupes de musique ont entam\u00e9 le \u201cmouvement de louange\u201d. Quelques femmes ont dans\u00e9 en courts cercles concentriques devant l'\u00e9glise. L'anniversaire a \u00e9t\u00e9 ouvert par le chant de l'hymne national et de l'hymne confessionnel des \u201cFoursquare\u201d. Les groupes de musiciens invit\u00e9s ont ensuite repris la louange, \u00e0 laquelle le pasteur Pedro a \u00e9galement ajout\u00e9 sa voix, souhaitant la bienvenue aux personnes pr\u00e9sentes, rappelant les membres fondateurs de l'\u00e9glise, remerciant les groupes de musique et, de mani\u00e8re sp\u00e9ciale, \u201cle pasteur Tito de Buenos Aires, qui est venu ici pour partager cette c\u00e9l\u00e9bration avec nous et pr\u00eacher la parole\u201d. L'ambiance \u00e9tait donn\u00e9e.<\/p>\n\n\n\n<p>Un autre responsable d'\u00e9glise a pris la parole \u00e0 <em>qom'lactaq<\/em> (langue de Qom) aux personnes pr\u00e9sentes et, en espagnol, a invit\u00e9 le pasteur Tito \u00e0 pr\u00eacher. Le pasteur Tito a commenc\u00e9 son discours, selon l'habituel t\u00e9moignage pentec\u00f4tiste d'autoc\u00e9l\u00e9bration, en racontant comment il avait surmont\u00e9 une vie de toxicomanie en s'abandonnant \u00e0 Dieu et en soulignant que le minist\u00e8re qu'il dirige avait r\u00e9ussi \u00e0 \u201csortir de nombreux jeunes de la rue et de la drogue\u201d. Puis, apr\u00e8s avoir pr\u00e9cis\u00e9 qu'il n'avait pas l'intention d'offenser qui que ce soit, il a d\u00e9clar\u00e9 : \u201cAvant de conna\u00eetre l\u2018\u2019\u00e9vangile\u201d, l'aborig\u00e8ne de la campagne \u00e9tait le m\u00eame que le toxicomane de la ville, oubli\u00e9, battu, utilis\u00e9, nu, sans direction, li\u00e9 aux vices et \u00e0 la pauvret\u00e9\u201c. Il a ensuite poursuivi la comparaison en soulignant que l'abandon au Christ \u00e9tait la seule solution pour sortir de cet \u00e9tat de d\u00e9possession existentielle. L'assistance est rest\u00e9e silencieuse et le sermon n'a pas suscit\u00e9 de r\u00e9actions enthousiastes de la part des gens, mais plut\u00f4t des r\u00e9actions prudentes, peu expressives, presque indiff\u00e9rentes, quelques battements de mains, quelques \u201dall\u00e9luia\u201c doux. Nerveux dans ce climat, le pasteur de Buenos Aires a parl\u00e9 de plus en plus fort, pensant que les gens n'\u00e9taient pas int\u00e9ress\u00e9s par son discours, au point de reprocher ouvertement \u00e0 l'auditoire d'\u00eatre \u201dti\u00e8de\u201c ou \u201dinattentif\".<\/p>\n\n\n\n<p>Enfin, le grand repas a eu lieu : les tables ont \u00e9t\u00e9 dress\u00e9es \u00e0 l'ext\u00e9rieur et une bonne partie des participants ont d\u00e9gust\u00e9 le locro. Le pasteur a discut\u00e9 avec son homologue cr\u00e9ole de Buenos Aires et d'autres dirigeants de Qom, le tout dans une atmosph\u00e8re festive et d\u00e9tendue. La situation ne semble pas avoir affect\u00e9 l'esprit de l'\u00e9v\u00e9nement et le charisme de \u201cl'\u00e9glise de Pedro\u201d. Cependant, d\u00e9sireux de comprendre comment la pr\u00e9dication du pasteur cr\u00e9ole invit\u00e9 avait \u00e9t\u00e9 accueillie, j'ai demand\u00e9 le lendemain \u00e0 Miguel ce qui s'\u00e9tait pass\u00e9. \u201cCe pasteur n'a rien compris\u201d, m'a-t-il r\u00e9pondu, notant que les gens s'\u00e9taient tus parce que c'\u00e9tait ce que les chefs indig\u00e8nes lui avaient demand\u00e9 de faire avant le d\u00e9but du service. \u201c\u00c9coutez la parole, soyez attentifs \u00e0 ce qui est pr\u00each\u00e9\u201d, lui avaient-ils dit en anglais. <em>qom'lactac<\/em>. L'exhortation n'est pas anodine, et elle r\u00e9sume un th\u00e8me historique qui a tendu le christianisme indig\u00e8ne chacoan depuis ses origines : la relation entre la pr\u00e9dication, l'enseignement et la connaissance biblique et les pratiques collectives de la danse, du chant et de l'extase \u00e9motionnelle. Le style autoritaire et les m\u00e9taphores ethnocentriques du pasteur invit\u00e9 n'ont pas entam\u00e9 la r\u00e9putation du pasteur Pedro ni la puissance \u00e9motionnelle et esth\u00e9tique de l'anniversaire, avec ses groupes de musiciens invit\u00e9s et ses pasteurs communautaires. Aujourd'hui, sa congr\u00e9gation reste l'\u00e9glise Foursquare la plus active de la colonie.<\/p>\n\n\n\n<h3 class=\"wp-block-heading\">Mission de La Loma : l'anniversaire comme ritualisation du conflit<\/h3>\n\n\n\n<p class=\"abstract\">La mission La Loma a \u00e9t\u00e9 cr\u00e9\u00e9e en 1962 apr\u00e8s le d\u00e9m\u00e9nagement de la mission \u00e9vang\u00e9lique indig\u00e8ne que des missionnaires norv\u00e9giens et su\u00e9dois avaient organis\u00e9e dans la ville d'Embarcaci\u00f3n dans les ann\u00e9es 1930. Il s'agit d'une colonie multiethnique, compos\u00e9e de familles entrem\u00eal\u00e9es descendant de parents Wich\u00ed de la bande sud du Bermejo (Salta) et du sud de la Bolivie, de Qom de l'ouest de Formosa et du sud de la Bolivie, et de quelques familles Guaran\u00ed du nord de Salta.<\/p>\n\n\n\n<p>Jusqu'en 1995, des missionnaires norv\u00e9giens \u00e9taient en charge de l'\u0153uvre, dont le quartier g\u00e9n\u00e9ral et la maison de mission sont situ\u00e9s dans le village, \u00e0 trois kilom\u00e8tres de l\u00e0. Entre 1995 et 2000, un conflit a \u00e9clat\u00e9 entre les responsables norv\u00e9giens et nationaux de l'organisation. <span class=\"small-caps\">hydromel<\/span>, La nouvelle pr\u00e9sidence de l'UE, qui implique la s\u00e9paration d\u00e9finitive de la tutelle nordique apr\u00e8s 80 ans.<\/p>\n\n\n\n<p>\u201cLorsque les missionnaires norv\u00e9giens \u00e9taient l\u00e0, les \u2018paisanos\u2019 disaient oui \u00e0 tout, mais avec moi, c'est diff\u00e9rent\u201d, m'a dit Marcio, un cr\u00e9ole d'origine wich\u00ed (son grand-p\u00e8re maternel \u00e9tait un \u00e9vang\u00e9liste indig\u00e8ne pionnier dans l'\u0153uvre) et pasteur principal de l'institution depuis l'an 2000. Il cherchait \u00e0 exprimer la complexit\u00e9 de son leadership parmi les membres indig\u00e8nes de l'\u00e9glise, marqu\u00e9e par des conflits politiques, des revendications territoriales et une m\u00e9fiance mutuelle. En effet, la congr\u00e9gation de la mission de La Loma est devenue de plus en plus isol\u00e9e et autonome dans la conduite de son culte : ni la population locale ne vient \u00e0 l'\u00e9glise centrale le dimanche, ni le pasteur principal ou d'autres responsables non autochtones ne participent r\u00e9guli\u00e8rement \u00e0 des activit\u00e9s dans la communaut\u00e9 autochtone, comme ils le faisaient \u00e0 l'\u00e9poque des missionnaires norv\u00e9giens. Cette situation a ouvert la possibilit\u00e9 d'une n\u00e9gociation symbolique entre Marcio et les dirigeants indig\u00e8nes concernant le style des c\u00e9r\u00e9monies religieuses, qui acqu\u00e9raient des danses et des formes c\u00e9r\u00e9monielles directement influenc\u00e9es par les \u00e9glises de Formosa et de Chaco, ce qui a entra\u00een\u00e9 des conflits majeurs avec les dirigeants norv\u00e9giens de l'\u00e9poque.<\/p>\n\n\n\n<p>Dans ce contexte, il n'est pas surprenant que les c\u00e9l\u00e9brations du 50e anniversaire de la Misi\u00f3n La Loma en octobre 2012 aient condens\u00e9 toutes ces frictions. Pour notre propos, je me concentrerai sur un \u00e9v\u00e9nement en tant que \u201csignification interpr\u00e9t\u00e9e\u201d, conform\u00e9ment \u00e0 Sahlins (1988) : la c\u00e9l\u00e9bration du 50e anniversaire de la Misi\u00f3n La Loma. <em>performance<\/em> de r\u00e9paration lors de la c\u00e9l\u00e9bration du culte indig\u00e8ne \u00e0 la Misi\u00f3n La Loma.<\/p>\n\n\n\n<p>Le service du samedi soir a \u00e9t\u00e9 l'\u00e9picentre de la c\u00e9l\u00e9bration dans la communaut\u00e9. Marcio ne pouvait pas le manquer, m\u00eame s'il souffrait de fortes douleurs \u00e0 la cheville droite, ce qui l'emp\u00eachait de bien marcher. Plusieurs groupes de musique et de danse invit\u00e9s, issus de diff\u00e9rentes \u00e9glises et quartiers d'Embarcaci\u00f3n et d'autres villes voisines, \u00e9taient charg\u00e9s de la c\u00e9l\u00e9bration. Cependant, l'un d'entre eux s'est particuli\u00e8rement distingu\u00e9 et a r\u00e9ussi \u00e0 attirer l'attention de toute l'assistance : un groupe de musique et de pr\u00e9dication de la ville voisine de Pichanal, compos\u00e9 d'Indiens guaranis et cr\u00e9oles. L'ensemble, compos\u00e9 d'un chantre-pr\u00e9dicateur et de trois accompagnateurs - deux \u00e0 la guitare, un \u00e0 la basse \u00e9lectrique - appartenait \u00e0 une \u201c\u00e9glise amie\u201d de l'une des \u00e9lites familiales et politiques historiques de La Loma.<\/p>\n\n\n\n<p>Une fois les chants termin\u00e9s, le chanteur-pr\u00e9dicateur invit\u00e9 a annonc\u00e9 haut et fort qu'il se trouvait dans un cas de r\u00e9v\u00e9lation proph\u00e9tique et que ce qu'il observait l\u00e0 \u201c\u00e9tait un conflit tr\u00e8s fort au sein de l'\u00e9glise\u201d et que sa mission sp\u00e9ciale \u00e9tait de r\u00e9concilier la crise qui lui \u00e9tait r\u00e9v\u00e9l\u00e9e. Il a appel\u00e9 le pasteur g\u00e9n\u00e9ral et les autres responsables \u00e0 s'agenouiller devant, sous l'estrade, afin qu'ensemble ils puissent d\u00e9bloquer \u201cla lutte interne et l'agitation\u201d dans l'\u00e9glise. Plac\u00e9 dans une situation \u00e0 laquelle il ne pouvait \u00e9chapper et boitant sur son pied douloureux, Martius remplit la mission qui lui avait \u00e9t\u00e9 confi\u00e9e. <em>performance<\/em> et se sont agenouill\u00e9s avec d'autres responsables d'\u00e9glises locales devant les pasteurs pr\u00e9sents. Sous l'imposition des mains, ils ont pri\u00e9 pour la r\u00e9solution du danger qui avait germ\u00e9 dans la congr\u00e9gation, implorant la r\u00e9conciliation et l'unit\u00e9 entre les fr\u00e8res. Les musiciens ont suivi de pr\u00e8s le rite de r\u00e9paration, le public a \u00e9galement pri\u00e9 bruyamment et lev\u00e9 les bras \u00e0 l'unisson. Apr\u00e8s quelques chants de louange et de remerciement, le culte d'anniversaire s'est achev\u00e9. Il ne restait plus qu'\u00e0 participer au repas final, qui s'est d\u00e9roul\u00e9 \u00e0 l'int\u00e9rieur de l'\u00e9glise, et dont le pasteur principal \u00e9tait absent en raison de son malaise et de sa difficult\u00e9 \u00e0 marcher.<\/p>\n\n\n\n<p>Le lendemain, nous avons parl\u00e9 avec Marcio, qui n'a pas cach\u00e9 sa col\u00e8re et a clairement indiqu\u00e9 qu'il avait \u00e9t\u00e9 pi\u00e9g\u00e9, qu'il avait \u00e9t\u00e9 utilis\u00e9 pour faire \u201ctoute cette farce de la proph\u00e9tie\u201d. Sans doute, comme toutes les personnes pr\u00e9sentes, le leader avait-il ressenti la mani\u00e8re dont le rituel th\u00e9matisait et exposait de mani\u00e8re spirituelle les complexit\u00e9s de son leadership et les d\u00e9saccords et conflits de l\u00e9gitimit\u00e9 qui le caract\u00e9risaient.<\/p>\n\n\n\n<p>Mais que nous sugg\u00e8rent ces deux sc\u00e8nes quant \u00e0 l'importance des anniversaires d'\u00e9glises dans le contexte d'une soci\u00e9t\u00e9 de l'information ? <em>performance<\/em> Qu'est-ce que ces deux situations expriment sur les articulations tendues entre les traditions culturelles et les ordres sociocommunautaires dans l'exp\u00e9rience historique de ces populations indig\u00e8nes ? Le mod\u00e8le qui relie la premi\u00e8re question est la pr\u00e9sence d'invit\u00e9s importants et la r\u00e9ception diff\u00e9rentielle, ou la co-participation, qu'ils ont eue en fonction de la reconnaissance sociale du chef des bergers dans chaque contexte particulier. La deuxi\u00e8me question se situe sur une \u00e9chelle analytique plus large qui servira de porte d'entr\u00e9e aux conclusions de l'article.<\/p>\n\n\n\n<p>Le cas du pasteur Pedro nous pr\u00e9sente une situation d'incommunication culturelle qui met en \u00e9vidence la fa\u00e7on dont le consensus symbolique et social des festivit\u00e9s est g\u00e9n\u00e9r\u00e9 par les significations et les \u00e9valuations que la congr\u00e9gation imprime. En effet, et suivant Anne Taylor (2022 : 69), \u201cdans toute performance sociale, les publics sont les arbitres fondamentaux de son succ\u00e8s ou de son \u00e9chec\u201d. La possibilit\u00e9 d'une fusion (ou d'une d\u00e9sunion) en tant que produit de la <em>performances<\/em> est une relation dialogique entre le public (les membres dans notre cas) et les acteurs principaux (pasteur local et responsables invit\u00e9s, musiciens et danseurs). Le r\u00f4le du public est central, puisque les participants sont charg\u00e9s d'\u00e9tablir des interpr\u00e9tations et des \u00e9valuations des \u00e9v\u00e9nements, dans lesquels les applaudissements, les invocations verbales (\u201call\u00e9luia\u201d, \u201cgloire \u00e0 Dieu\u201d, \u201camen\u201d) et les dispositions corporelles (bras lev\u00e9s, mouvements pendulaires, debout ou assis) impriment, dans leur \u00e9lan ou leur apathie, les sens et les affections de la reconnaissance sociale. C'est pr\u00e9cis\u00e9ment sur ce th\u00e8me vert\u00e9bral que l'auditoire, dans sa passivit\u00e9, a jug\u00e9 inappropri\u00e9es les actions et la rh\u00e9torique agressive du pasteur invit\u00e9, un fait qui, loin de contaminer le charisme de Pierre, l'a confirm\u00e9.<\/p>\n\n\n\n<p>L'anniversaire de la Misi\u00f3n La Loma, en revanche, nous place dans un contexte et un climat social tr\u00e8s diff\u00e9rents. En ce sens, tant pour l'exemple pr\u00e9c\u00e9dent que pour celui-ci, il est important de prendre en consid\u00e9ration la deuxi\u00e8me dimension analytique : l'historicit\u00e9 et les plis perturbateurs de la situation sociale. Cette question implique que le <em>performances<\/em> Les chefs religieux analys\u00e9s avaient d\u00e9j\u00e0 \u00e9tabli des significations, des affections et des l\u00e9gitimations du leadership. Alors que la figure et le leadership de Pedro \u00e9taient socialement appr\u00e9ci\u00e9s par de nombreux habitants de la Colonia Aborigen La Primavera (y compris par d'autres leaders et membres de diff\u00e9rentes \u00e9glises), le cas de Marcio \u00e9tait tout \u00e0 fait oppos\u00e9.<\/p>\n\n\n\n<p>En ce sens, si lors de l'anniversaire de l'\u00e9glise Foursquare, le charisme de la congr\u00e9gation n'a pas \u00e9t\u00e9 entam\u00e9 malgr\u00e9 l'interpellation du pasteur cr\u00e9ole invit\u00e9, ce qui s'est pass\u00e9 \u00e0 la Misi\u00f3n La Loma a rituellement expos\u00e9 la relation tendue entre les diff\u00e9rents membres et le chef religieux. Les <em>performance<\/em> Le commentaire social sur \u201cla proph\u00e9tie de la division de l'\u00c9glise\u201d a \u00e9t\u00e9 interpr\u00e9t\u00e9 par le pasteur local comme une tentative d'un ancien rival de La Loma, qui avait \u00e9t\u00e9 expuls\u00e9 de la congr\u00e9gation plusieurs ann\u00e9es auparavant, de le mettre litt\u00e9ralement \u00e0 genoux devant tout le monde. Le public a suivi le sc\u00e9nario \u00e9tabli par l'ensemble musical et la pr\u00e9dication de l'invit\u00e9 pour prier en faveur d'une r\u00e9paration rapide du conflit, rendant ainsi visible de mani\u00e8re rituelle la cha\u00eene complexe de ressentiments mutuels entre le pasteur principal, les chefs religieux et politiques indig\u00e8nes de La Loma et la congr\u00e9gation locale. Bien que dans cet \u00e9pisode le contr\u00f4le de la situation sociale soit entre les mains des principaux invit\u00e9s (le groupe de musiciens et les pr\u00e9dicateurs), le public des dirigeants locaux et des paroissiens a \u00e9galement acquis un r\u00f4le central dans sa mise en sc\u00e8ne.<\/p>\n\n\n\n<h2 class=\"wp-block-heading\">Consid\u00e9rations finales<\/h2>\n\n\n\n<p class=\"abstract\">Tout au long de cet article, nous abordons les c\u00e9l\u00e9brations d'anniversaires dans les \u00e9glises indig\u00e8nes du Chaco de deux points de vue analytiques : en tant qu'institutions culturelles et en tant que mode de vie. <em>\u00e0<\/em> le temps et la mani\u00e8re <em>performances<\/em> des femmes religieuses \u00e0 la r\u00e9putation personnelle et au charisme collectif. La temporalit\u00e9 nous renvoie \u00e0 une pratique historique ant\u00e9rieure au mouvement \u201c\u00e9vang\u00e9lique\u201d, transform\u00e9e par des processus divergents de m\u00e9diation interculturelle et de relations de pouvoir dans les enclaves industrielles et agricoles, les missions chr\u00e9tiennes et l'\u00c9tat-nation \u00e0 l'\u00e9chelle locale et r\u00e9gionale. Sur la base de ces c\u00e9l\u00e9brations ritualis\u00e9es de concours de chefferie, de danses et de festins intergroupes, nous soutenons que les anniversaires des \u00e9glises contemporaines constituent le noyau qui condense, s\u00e9lectionne et actualise leurs principales \u201cunit\u00e9s ou ensembles de relations\u201d sociales, symboliques, esth\u00e9tiques et politiques (Lesser, 1933, p. 334). Parall\u00e8lement \u00e0 la compr\u00e9hension de leur fa\u00e7onnement historique, nous observons ethnographiquement les anniversaires en tant que \u201c...\" (Lesser, 1933 : 334) sociaux, symboliques, esth\u00e9tiques et politiques.\u201c<em>performances <\/em>sociale\u201d. L'imbrication de l'oralit\u00e9, de la musique, de la danse et de l'effervescence collective, les relations entre les acteurs locaux, les invit\u00e9s et les publics, ainsi qu'entre les pratiques religieuses accept\u00e9es ou contest\u00e9es, t\u00e9moignent d'une cr\u00e9ation sociale et historique aux dimensions multiples. Dans le cadre de cette recherche, et afin de relier les questions ethnographiques soulev\u00e9es, nous mettons en \u00e9vidence deux dimensions cl\u00e9s de cette institution culturelle : une dimension perturbatrice et une dimension instituante.<\/p>\n\n\n\n<p>La premi\u00e8re nous situe, d'une part, dans les processus li\u00e9s \u00e0 la configuration de la diversit\u00e9 ethnique et religieuse au sein de l'\u00c9tat-nation argentin et les formations nationales et provinciales d'alt\u00e9rit\u00e9 sociale qui en d\u00e9coulent (Briones, 2005). Dans l'exp\u00e9rience historique des peuples indig\u00e8nes du Chaco, les tentatives missionnaires du catholicisme ont \u00e9chou\u00e9 et le r\u00e9cit h\u00e9g\u00e9monique de leur place en tant que religion de la patrie a succomb\u00e9 \u00e0 l'option de l\u201c\u201d\u00e9vangile\u201c. Dans ce contexte, la nouvelle identification religieuse a acquis pour ces groupes une dimension culturelle, politique et esth\u00e9tique de \u201ddiff\u00e9renciation\u201c par rapport au catholicisme, \u00e0 ses formes rituelles et \u00e0 son statut de religion civique ; et d\u201d\u201cint\u00e9gration\u201d dans des formes, des styles de comportement, la participation \u00e0 la politique des partis et le d\u00e9sir d'\u00eatre per\u00e7u comme \u201cmoderne\u201d ou, dans les discours de plusieurs anciens, \"civilis\u00e9\".<\/p>\n\n\n\n<p>L'effet perturbateur des id\u00e9aux de la constitution nationale, en d\u00e9posant dans la religion catholique une sorte de droit naturel \u00e0 la \u201cconversion\u201d et \u00e0 la \u201ccivilisation\u201d des indig\u00e8nes, a \u00e9t\u00e9 r\u00e9gl\u00e9 par une option religieuse comprise par les protagonistes eux-m\u00eames comme une purification de leurs mod\u00e8les culturels. Cette ambivalence structurelle de l\u201c\u201d\u00e9vangile\" codifie une dynamique de reproduction sociale, de cr\u00e9ativit\u00e9 symbolique et de conscience culturelle, qui s'est \u00e9largie au cours des deux derni\u00e8res d\u00e9cennies dans le cadre de diverses entreprises interculturelles et de nouvelles formes d'action autochtone.<\/p>\n\n\n\n<p>L'exp\u00e9rience Cuadrangular men\u00e9e par le pasteur Pedro et ce qui s'est pass\u00e9 \u00e0 la Misi\u00f3n La Loma se situent dans des sc\u00e9narios tr\u00e8s diff\u00e9rents dans leurs trajectoires locales et provinciales, mais ils partagent un positionnement identitaire dans lequel l'auto-reconnaissance en tant qu'indig\u00e8ne, \u00e9vang\u00e9lique et argentin est centrale. Ce positionnement incarne \u00e9galement une deuxi\u00e8me rupture culturelle, dans la mesure o\u00f9 les groupes Qom et Wich\u00ed domestiquent une coupure impos\u00e9e par le gouvernement argentin. <em>doxa<\/em> L'interdiction de poursuivre les danses des anciens. Comme nous l'avons vu, les danses forment aujourd'hui un espace institutionnalis\u00e9 et expansif avec de nombreux groupes et commissions. Celles-ci articulent des rangs g\u00e9n\u00e9rationnels et affichent dans leurs pratiques des comp\u00e9titions intergroupes, des reconfigurations chamaniques, de nouveaux costumes rituels - dont les formes ou les couleurs, comme dans le cas des danses de l'Antiquit\u00e9 - et de nouvelles techniques d'interpr\u00e9tation. <em>Danse fant\u00f4me<\/em> chez les Pawnee, ils arrivent souvent en r\u00eave - et int\u00e8grent des technologies visuelles, des rythmes et des chor\u00e9graphies r\u00e9cents (Tola et Robledo, 2022).<\/p>\n\n\n\n<p>D'autre part, nous mettons l'accent sur la dimension sociale des comm\u00e9morations eccl\u00e9siastiques, dans la mesure o\u00f9 elles <em>performances<\/em> Les anniversaires sont des manifestations culturelles qui endossent symboliquement une institution d\u00e9finie dans ses contours ethniques, sociologiques et dans son esth\u00e9tique d'appartenance. De cette mani\u00e8re, les anniversaires cherchent \u00e0 (r\u00e9)\u00e9tablir la cons\u00e9cration d'une continuit\u00e9 positive entre la congr\u00e9gation, ses histoires fondatrices et ses dirigeants actuels en r\u00e9alisant leur efficacit\u00e9 relationnelle ou \u201carc de fusion\u201d, selon les termes de Taylor (2022), entre les acteurs et les publics. Comme nous l'avons observ\u00e9 dans les situations ethnographiques, les c\u00e9l\u00e9brations des \u00e9glises indig\u00e8nes sont aussi les lieux o\u00f9 les positions de pouvoir sont r\u00e9gl\u00e9es de mani\u00e8re performative entre les dirigeants, les groupes familiaux et le charisme du groupe de chaque congr\u00e9gation. Ces comp\u00e9titions de leadership \u00e9taient \u00e9galement exprim\u00e9es rituellement dans les c\u00e9l\u00e9brations anciennes, tout comme les rivalit\u00e9s entre les diff\u00e9rents groupes. Nous probl\u00e9matisons ici bri\u00e8vement deux positions distinctes : dans l'\u00e9glise Foursquare du pasteur Pedro, nous soulignons la reconnaissance de la congr\u00e9gation, sa relation avec des lign\u00e9es importantes dans les structures de leadership de la colonie, et le poids positif d'autres chefs religieux dans la r\u00e9gion. Ces conditions ont jet\u00e9 les bases sociologiques sur lesquelles l'\u00e9glise Foursquare du pasteur Pedro a pu s'appuyer. <em>performances<\/em> de l'auditoire ont perturb\u00e9 les attentes du pasteur. <em>doqsh\u00e9<\/em> (L'\u00e9v\u00e9nement de la Misi\u00f3n La Loma a conduit le pasteur Marcio \u00e0 une situation o\u00f9 la construction rituelle affirmative du groupe invit\u00e9, accompagn\u00e9e par le public, exprimait symboliquement la perturbation de sa propre identit\u00e9. Sym\u00e9triquement et inversement, l'\u00e9v\u00e9nement de la Misi\u00f3n La Loma a conduit le pasteur Marcio \u00e0 une situation dans laquelle la construction rituelle affirmative du groupe invit\u00e9, accompagn\u00e9e par le public, exprimait symboliquement la perturbation que son propre leadership incarnait parmi les congr\u00e9gations indig\u00e8nes.<\/p>\n\n\n\n<p>Analys\u00e9 comme <em>performances <\/em>Cette \u00e9tude sur les c\u00e9l\u00e9brations d'anniversaires d'\u00e9glises indig\u00e8nes dans le Chaco argentin permet d'envisager des recherches futures sur les formes ritualis\u00e9es dans lesquelles s'expriment les processus de changement culturel et les dynamiques d'appartenance ethnique et religieuse.<\/p>\n\n\n\n<h2 class=\"wp-block-heading\">Bibliographie<\/h2>\n\n\n\n<p class=\"bibliography\" data-no-auto-translation=\"\">Alexander, Jeffrey (2006). \u201cCultural Pragmatics: Social Performance between Ritual and Strategy\u201d, en Jeffrey Alexander, Bernhard Giesen y Jason Mast (eds.). <em>Social Performance: Symbolic Action, Cultural Pragmatics, and Ritual<\/em>. Cambridge: Cambridge University Press, pp. 29-90.<\/p>\n\n\n\n<p class=\"bibliography\" data-no-auto-translation=\"\">Altman, Agustina (2023). \u201c\u2018Los hermanos sean unidos\u2026\u2019. Procesos de fisi\u00f3n y fusi\u00f3n al interior del <em>Evangelio Moqoit<\/em>\u201d, <em>Etnograf\u00edas Contempor\u00e1neas<\/em>, vol. 9, n\u00fam. 16, pp. 36-62.<\/p>\n\n\n\n<p class=\"bibliography\" data-no-auto-translation=\"\">Bergallo, Elizabeth (2004). <em>Danza en el viento. Ntonaxac. Memoria y resistencia qom (toba)<\/em>. Resistencia: Subsecretar\u00eda de Cultura de la Provincia del Chaco.<\/p>\n\n\n\n<p class=\"bibliography\" data-no-auto-translation=\"\">Briones, Claudia (2005). \u201cFormaciones de alteridad: contextos globales, procesos nacionales y provinciales\u201d, en Claudia Briones (comp.). <em>Cartograf\u00edas argentinas. Pol\u00edticas indigenistas y formaciones provinciales de alteridad<\/em>. Buenos Aires: Antropofagia, pp. 9-36.<\/p>\n\n\n\n<p class=\"bibliography\" data-no-auto-translation=\"\">Ceriani Cernadas, C\u00e9sar (2015). \u201cCampanas del \u2018evangelio\u2019. La din\u00e1mica religiosa ind\u00edgena en los ingenios azucareros del noroeste argentino\u201d, en Lorena C\u00f3rdoba, Federico Bossert y Nicol\u00e1s Richard (eds.). <em>Capitalismo en las selvas: enclaves industriales en el Chaco y Amazon\u00eda ind\u00edgenas (1850-1950<\/em>). San Pedro de Atacama: Ediciones del Desierto, pp. 45-64.<\/p>\n\n\n\n<p class=\"bibliography\" data-no-auto-translation=\"\">\u2014 (2019). \u201cEsp\u00edritus, biblias y remedios: sentidos pr\u00e1cticos de la sanaci\u00f3n en el Chaco ind\u00edgena argentino\u201d, en Joaqu\u00edn Algranti, Mariela Mosqueira y Dami\u00e1n Setton (eds.). <em>La instituci\u00f3n como proceso. Configuraciones de lo religioso en las sociedades contempor\u00e1neas<\/em>. Buenos Aires: Biblos, pp. 99-112.<\/p>\n\n\n\n<p class=\"bibliography\" data-no-auto-translation=\"\">\u2014 y Silvia Citro (2005). \u201cEl movimiento del \u2018evangelio\u2019 entre los tobas del Chaco argentino. Una revisi\u00f3n hist\u00f3rica y etnogr\u00e1fica\u201d, en Bernardo Guerrero Jim\u00e9nez (comp.).<em> De indio a hermano: pentecostalismo ind\u00edgena en Am\u00e9rica Latina.<\/em> Iquique: Ediciones Campvs, pp. 111-170.<\/p>\n\n\n\n<p class=\"bibliography\" data-no-auto-translation=\"\">\u2014 y Hugo Lavazza (2017). \u201c\u2018Por la salvaci\u00f3n de los indios\u2019: una traves\u00eda visual por la misi\u00f3n evang\u00e9lica de Embarcaci\u00f3n, Salta (1925-1975)\u201d, <em>Corpus. Archivos Virtuales de la Alteridad Americana<\/em>, vol. 7, n\u00fam. 2, pp. 1-34. Disponible en: https:\/\/doi.org\/10.4000\/corpusarchivos.1964<\/p>\n\n\n\n<p class=\"bibliography\" data-no-auto-translation=\"\">\u2014 y Alejandro L\u00f3pez (2017). \u201cIntroducci\u00f3n: una antropolog\u00eda comparativa sobre las misionalizaciones chaque\u00f1as\u201d, en C\u00e9sar Ceriani Cernadas (ed.). <em>Los evangelios chaque\u00f1os. Misiones y estrategias ind\u00edgenas en el siglo <span class=\"small-caps\">xx<\/span>.<\/em> Buenos Aires: Rumbo Sur\/Ethnographica, pp. 19-37.<\/p>\n\n\n\n<p class=\"bibliography\" data-no-auto-translation=\"\">Citro, Silvia (2006). \u201cEl an\u00e1lisis de las <em>performances<\/em>: las transformaciones de los cantos-danzas de los tobas orientales\u201d, en Guillermo Wilde y Pablo Schamber (eds.). <em>Simbolismo, ritual y performance. <\/em>Buenos Aires: Editorial <span class=\"small-caps\">sb<\/span>, pp. 83-119.<\/p>\n\n\n\n<p class=\"bibliography\" data-no-auto-translation=\"\">\u2014 (2009). <em>Cuerpos significantes. Traves\u00edas de una etnograf\u00eda dial\u00e9ctica<\/em>. Buenos Aires: Biblos.<\/p>\n\n\n\n<p class=\"bibliography\" data-no-auto-translation=\"\">Contini, Lavinia (2015). \u201cEl \u2018culto-fiesta\u2019 entre los wich\u00ed del Chaco argentino\u201d, <em>Mundo de Antes, <\/em>n\u00fam. 9, pp. 227-251.<\/p>\n\n\n\n<p class=\"bibliography\" data-no-auto-translation=\"\">Cordeu, Edgardo (1984). \u201cNotas sobre la din\u00e1mica socio-religiosa Toba Pilag\u00e1\u201d, <em>Suplemento Antropol\u00f3gico<\/em>, vol. 19, n\u00fam. 1, pp. 187-235.<\/p>\n\n\n\n<p class=\"bibliography\" data-no-auto-translation=\"\">\u2014 y Alejandra Siffredi (1971).<em> De la algarroba al algod\u00f3n. Movimientos milenaristas del Chaco argentino<\/em>. Buenos Aires: Ju\u00e1rez Editor.<\/p>\n\n\n\n<p class=\"bibliography\" data-no-auto-translation=\"\">C\u00f3rdoba, Lorena, Federico Bossert y Nicol\u00e1s Richard (eds.) (2015). <em>Capitalismo en las selvas. Enclaves industriales en el Chaco y Amazon\u00eda ind\u00edgenas (1850-1950)<\/em>. San Pedro de Atacama: Ediciones del Desierto.<\/p>\n\n\n\n<p class=\"bibliography\" data-no-auto-translation=\"\">Di Stefano, Roberto y Loris Zanatta (2000). <em>Historia de la Iglesia argentina. Desde la conquista hasta fines del siglo <span class=\"small-caps\">xx<\/span><\/em>. Buenos Aires: Grijalbo\/Mondadori.<\/p>\n\n\n\n<p class=\"bibliography\" data-no-auto-translation=\"\">Fox, Richard (2002). \u201cThe Study of Historical Transformation in American Anthropology\u201d, en Andr\u00e9 Gingrich y Richard Fox. <em>Anthropology, by Comparison<\/em>. Londres\/Nueva York: Routledge, pp. 167-184.<\/p>\n\n\n\n<p class=\"bibliography\" data-no-auto-translation=\"\">Lesser, Alexander (1933). <em>The Pawnee Ghost Dance Hand Game. A Study of Cultural Change<\/em>. Nueva York: Columbia University Press.<\/p>\n\n\n\n<p class=\"bibliography\" data-no-auto-translation=\"\">Loewen, Jackob, Albert Buckwalter y James Kratz (1965). \u201cShamanism, Power and Illness in Toba Church Life\u201d, <em>Practical Anthropology<\/em>, vol. 12, pp. 250-280.<\/p>\n\n\n\n<p class=\"bibliography\" data-no-auto-translation=\"\">Miller, Elmer (1979). <em>Armon\u00eda y disonancia en una sociedad. Los tobas argentinos.<\/em> M\u00e9xico: Siglo <span class=\"small-caps\">xxi<\/span>.<\/p>\n\n\n\n<p class=\"bibliography\" data-no-auto-translation=\"\">Reyburn, William (1954). <em>The Toba Indians of the Argentine Chaco: An Interpretative Report<\/em>. Elkhart: Mennonite Board of Missions &amp; Charities.<\/p>\n\n\n\n<p class=\"bibliography\" data-no-auto-translation=\"\">Sahlins, Marshall (1988). <em>Islas de historia.<\/em> Barcelona: Gedisa.<\/p>\n\n\n\n<p class=\"bibliography\" data-no-auto-translation=\"\">Segato, Rita (2007). <em>La naci\u00f3n y sus otros. Raza, etnicidad y diversidad religiosa en tiempos de pol\u00edticas de la identidad<\/em>. Buenos Aires: Prometeo.<\/p>\n\n\n\n<p class=\"bibliography\" data-no-auto-translation=\"\">Taylor, Anne (2022). \u201cAudience Agency in Social Performance\u201d, <em>Cultural Sociology<\/em>, vol. 16, n\u00fam. 1, pp. 68-85.<\/p>\n\n\n\n<p class=\"bibliography\" data-no-auto-translation=\"\">Tola, Florencia y Emilio Robledo (2022). \u201c<em>Danzas de alabanza<\/em> (Praise Dances): Pentecostal Ritual or Shamanic Resurgence?\u201d, en Elise Capredon, C\u00e9sar Ceriani Cernadas y Minna Opas (eds.). <em>Indigenous Churches. Anthropology of Christianity in Lowland South America.<\/em> Londres: Palgrave Macmillan, pp. 131-154.<\/p>\n\n\n\n<p class=\"bibliography\" data-no-auto-translation=\"\">Wright, Pablo (1990). \u201cCrisis, enfermedad y poder en la Iglesia Cuadrangular Toba\u201d, <em>Cristianismo y Sociedad<\/em>, vol. 28, n\u00fam. 105, pp. 15-37.<\/p>\n\n\n\n<p class=\"bibliography\" data-no-auto-translation=\"\">\u2014 (2002). \u201cL\u2019 \u2018Evangelio\u2019: pentec\u00f4tisme indig\u00e8ne dans le Chaco argentin\u201d, <em>Social Compass<\/em>, vol. 49, pp. 43-66.<\/p>\n\n\n\n<p class=\"bibliography\" data-no-auto-translation=\"\">\u2014 (2008). <em>Ser-en-el-sue\u00f1o. Cr\u00f3nicas de historia y vida toba<\/em>. Buenos Aires: Biblos.<\/p>\n\n\n\n<p><em>C\u00e9sar Ceriani Cernadas<\/em> D. en anthropologie socioculturelle de l'Universit\u00e9 de Buenos Aires (<span class=\"small-caps\">uba<\/span>). Chercheur au Consejo Nacional de Investigaciones Cient\u00edficas y T\u00e9cnicas (<span class=\"small-caps\">conicet<\/span>) \u00e0 l'Instituto de Ciencias Antropol\u00f3gicas, Facultad de Filosof\u00eda y Letras, <span class=\"small-caps\">uba<\/span>. Professeur adjoint dans le programme d'\u00e9tudes en sciences anthropologiques \u00e0 l'Universit\u00e9 d'Helsinki. <span class=\"small-caps\">uba<\/span> et professeur permanent du doctorat en sciences sociales \u00e0 la Facult\u00e9 latino-am\u00e9ricaine des sciences sociales (<span class=\"small-caps\">flacso<\/span>, (Argentine). Son domaine de recherche est l'\u00e9tude anthropologique de la religion. Il s'int\u00e9resse aux productions de la diversit\u00e9 religieuse en Argentine et, en particulier, aux dynamiques historiques et contemporaines du christianisme indig\u00e8ne dans la r\u00e9gion du Chaco.<\/p>\n\n\n\n<div class=\"notas\" id=\"notas-fixed\">\n  <div class=\"nota invisible\" id=\"footnote1\">1 Entre 2000 et 2007, j'ai men\u00e9 des recherches ethnographiques sur les \u00e9glises indig\u00e8nes et les exp\u00e9riences missionnaires protestantes dans les communaut\u00e9s de Qom \u00e0 l'est de Formosa. Entre 2009 et 2022, j'ai entrepris des recherches sur la mission scandinave \u00e0 Embarcaci\u00f3n (Salta) et dans les localit\u00e9s voisines, afin de comprendre son processus historique de missionnalisation et sa pr\u00e9sence actuelle en tant qu'\u00e9glise indig\u00e8ne.<\/div>\n  <div class=\"nota invisible\" id=\"footnote2\">2 Ph\u00e9nom\u00e8ne culturel am\u00e9rindien h\u00e9t\u00e9rog\u00e8ne et complexe, les tours de passe-passe \u00e9taient \u00e0 l'origine un jeu de devinettes et de paris, un concours de \u201cchance\u201d (une valeur culturelle essentielle), dans lequel des groupes oppos\u00e9s (de deux ou quatre personnes) devaient deviner dans quelle main leurs adversaires cachaient un jeton. Leur incorporation dans les c\u00e9r\u00e9monies de la <em>Danse fant\u00f4me<\/em>, L'\u00e9tude de Lesser implique des modifications symboliques, mat\u00e9rielles et cosmologiques, au cours desquelles les gagnants ont revalid\u00e9 leurs forces et leurs dons spirituels dans des comp\u00e9titions.<\/div>\n  <div class=\"nota invisible\" id=\"footnote3\">3 Afin de prot\u00e9ger l'identit\u00e9 des pasteurs mentionn\u00e9s dans cet article, j'ai choisi d'utiliser des pseudonymes.<\/div>\n<\/div>","protected":false},"excerpt":{"rendered":"<p>Resumen El art\u00edculo presenta una problematizaci\u00f3n antropol\u00f3gica sobre los festejos de aniversarios de iglesias ind\u00edgenas en el Chaco argentino. Se analizan las formas en que convergen procesos de cambio cultural y performances sociales de reputaci\u00f3n y pertenencia \u00e9tnico-religiosa. La indagaci\u00f3n observa estas celebraciones como instituciones culturales nativas transformadas en su derrotero hist\u00f3rico y dinamizadoras de [&hellip;]<\/p>\n","protected":false},"author":4,"featured_media":40278,"comment_status":"open","ping_status":"open","sticky":false,"template":"","format":"standard","meta":{"_acf_changed":false,"footnotes":""},"categories":[279],"tags":[1512,1513,1125],"coauthors":[551],"class_list":["post-40277","post","type-post","status-publish","format-standard","has-post-thumbnail","hentry","category-279","tag-cambio-cultural","tag-gran-chaco","tag-pueblos-indigenas","personas-ceriani-cernadas-cesar","numeros-1490"],"acf":[],"yoast_head":"<!-- This site is optimized with the Yoast SEO plugin v22.2 - https:\/\/yoast.com\/wordpress\/plugins\/seo\/ -->\n<title>Celebraciones de aniversarios de iglesias ind\u00edgenas chaque\u00f1as &#8211; Encartes<\/title>\n<meta name=\"description\" content=\"An\u00e1lisis antropol\u00f3gico de los aniversarios de iglesias ind\u00edgenas chaque\u00f1as como performances pol\u00edticas y est\u00e9ticas de transformaci\u00f3n cultural.\" \/>\n<meta name=\"robots\" content=\"index, follow, max-snippet:-1, max-image-preview:large, max-video-preview:-1\" \/>\n<link rel=\"canonical\" href=\"https:\/\/encartes.mx\/fr\/ceriani-pueblos-indigenas-gran-chaco-celebraciones\/\" \/>\n<meta property=\"og:locale\" content=\"fr_FR\" \/>\n<meta property=\"og:type\" content=\"article\" \/>\n<meta property=\"og:title\" content=\"Celebraciones de aniversarios de iglesias ind\u00edgenas chaque\u00f1as &#8211; Encartes\" \/>\n<meta property=\"og:description\" content=\"An\u00e1lisis antropol\u00f3gico de los aniversarios de iglesias ind\u00edgenas chaque\u00f1as como performances pol\u00edticas y est\u00e9ticas de transformaci\u00f3n cultural.\" \/>\n<meta property=\"og:url\" content=\"https:\/\/encartes.mx\/fr\/ceriani-pueblos-indigenas-gran-chaco-celebraciones\/\" \/>\n<meta property=\"og:site_name\" content=\"Encartes\" \/>\n<meta property=\"article:published_time\" content=\"2026-03-20T21:00:00+00:00\" \/>\n<meta property=\"article:modified_time\" content=\"2026-03-18T03:05:58+00:00\" \/>\n<meta property=\"og:image\" content=\"https:\/\/encartes.mx\/wp-content\/uploads\/2026\/03\/9764779101_731968f7ab_b.jpg\" \/>\n\t<meta property=\"og:image:width\" content=\"768\" \/>\n\t<meta property=\"og:image:height\" content=\"1024\" \/>\n\t<meta property=\"og:image:type\" content=\"image\/jpeg\" \/>\n<meta name=\"author\" content=\"Arthur Ventura\" \/>\n<meta name=\"twitter:card\" content=\"summary_large_image\" \/>\n<meta name=\"twitter:label1\" content=\"\u00c9crit par\" \/>\n\t<meta name=\"twitter:data1\" content=\"Arthur Ventura\" \/>\n\t<meta name=\"twitter:label2\" content=\"Dur\u00e9e de lecture estim\u00e9e\" \/>\n\t<meta name=\"twitter:data2\" content=\"37 minutes\" \/>\n\t<meta name=\"twitter:label3\" content=\"Written by\" \/>\n\t<meta name=\"twitter:data3\" content=\"Arthur Ventura\" \/>\n<script type=\"application\/ld+json\" class=\"yoast-schema-graph\">{\"@context\":\"https:\/\/schema.org\",\"@graph\":[{\"@type\":\"Article\",\"@id\":\"https:\/\/encartes.mx\/ceriani-pueblos-indigenas-gran-chaco-celebraciones\/#article\",\"isPartOf\":{\"@id\":\"https:\/\/encartes.mx\/ceriani-pueblos-indigenas-gran-chaco-celebraciones\/\"},\"author\":{\"name\":\"Arthur Ventura\",\"@id\":\"https:\/\/encartes.mx\/#\/schema\/person\/97215bba1729028a4169cab07f8e58ef\"},\"headline\":\"Performance social y transformaci\u00f3n hist\u00f3rica en las celebraciones de aniversarios de iglesias ind\u00edgenas chaque\u00f1as (Argentina)\",\"datePublished\":\"2026-03-20T21:00:00+00:00\",\"dateModified\":\"2026-03-18T03:05:58+00:00\",\"mainEntityOfPage\":{\"@id\":\"https:\/\/encartes.mx\/ceriani-pueblos-indigenas-gran-chaco-celebraciones\/\"},\"wordCount\":9053,\"commentCount\":0,\"publisher\":{\"@id\":\"https:\/\/encartes.mx\/#organization\"},\"image\":{\"@id\":\"https:\/\/encartes.mx\/ceriani-pueblos-indigenas-gran-chaco-celebraciones\/#primaryimage\"},\"thumbnailUrl\":\"https:\/\/encartes.mx\/wp-content\/uploads\/2026\/03\/9764779101_731968f7ab_b.jpg\",\"keywords\":[\"cambio cultural\",\"Gran Chaco\",\"pueblos ind\u00edgenas\"],\"articleSection\":[\"Dosier\"],\"inLanguage\":\"fr-FR\",\"potentialAction\":[{\"@type\":\"CommentAction\",\"name\":\"Comment\",\"target\":[\"https:\/\/encartes.mx\/ceriani-pueblos-indigenas-gran-chaco-celebraciones\/#respond\"]}]},{\"@type\":\"WebPage\",\"@id\":\"https:\/\/encartes.mx\/ceriani-pueblos-indigenas-gran-chaco-celebraciones\/\",\"url\":\"https:\/\/encartes.mx\/ceriani-pueblos-indigenas-gran-chaco-celebraciones\/\",\"name\":\"Celebraciones de aniversarios de iglesias ind\u00edgenas chaque\u00f1as &#8211; Encartes\",\"isPartOf\":{\"@id\":\"https:\/\/encartes.mx\/#website\"},\"primaryImageOfPage\":{\"@id\":\"https:\/\/encartes.mx\/ceriani-pueblos-indigenas-gran-chaco-celebraciones\/#primaryimage\"},\"image\":{\"@id\":\"https:\/\/encartes.mx\/ceriani-pueblos-indigenas-gran-chaco-celebraciones\/#primaryimage\"},\"thumbnailUrl\":\"https:\/\/encartes.mx\/wp-content\/uploads\/2026\/03\/9764779101_731968f7ab_b.jpg\",\"datePublished\":\"2026-03-20T21:00:00+00:00\",\"dateModified\":\"2026-03-18T03:05:58+00:00\",\"description\":\"An\u00e1lisis antropol\u00f3gico de los aniversarios de iglesias ind\u00edgenas chaque\u00f1as como performances pol\u00edticas y est\u00e9ticas de transformaci\u00f3n cultural.\",\"breadcrumb\":{\"@id\":\"https:\/\/encartes.mx\/ceriani-pueblos-indigenas-gran-chaco-celebraciones\/#breadcrumb\"},\"inLanguage\":\"fr-FR\",\"potentialAction\":[{\"@type\":\"ReadAction\",\"target\":[\"https:\/\/encartes.mx\/ceriani-pueblos-indigenas-gran-chaco-celebraciones\/\"]}]},{\"@type\":\"ImageObject\",\"inLanguage\":\"fr-FR\",\"@id\":\"https:\/\/encartes.mx\/ceriani-pueblos-indigenas-gran-chaco-celebraciones\/#primaryimage\",\"url\":\"https:\/\/encartes.mx\/wp-content\/uploads\/2026\/03\/9764779101_731968f7ab_b.jpg\",\"contentUrl\":\"https:\/\/encartes.mx\/wp-content\/uploads\/2026\/03\/9764779101_731968f7ab_b.jpg\",\"width\":768,\"height\":1024},{\"@type\":\"BreadcrumbList\",\"@id\":\"https:\/\/encartes.mx\/ceriani-pueblos-indigenas-gran-chaco-celebraciones\/#breadcrumb\",\"itemListElement\":[{\"@type\":\"ListItem\",\"position\":1,\"name\":\"Home\",\"item\":\"https:\/\/encartes.mx\/\"},{\"@type\":\"ListItem\",\"position\":2,\"name\":\"Performance social y transformaci\u00f3n hist\u00f3rica en las celebraciones de aniversarios de iglesias ind\u00edgenas chaque\u00f1as (Argentina)\"}]},{\"@type\":\"WebSite\",\"@id\":\"https:\/\/encartes.mx\/#website\",\"url\":\"https:\/\/encartes.mx\/\",\"name\":\"Encartes\",\"description\":\"Revista digital multimedia\",\"publisher\":{\"@id\":\"https:\/\/encartes.mx\/#organization\"},\"potentialAction\":[{\"@type\":\"SearchAction\",\"target\":{\"@type\":\"EntryPoint\",\"urlTemplate\":\"https:\/\/encartes.mx\/?s={search_term_string}\"},\"query-input\":\"required name=search_term_string\"}],\"inLanguage\":\"fr-FR\"},{\"@type\":\"Organization\",\"@id\":\"https:\/\/encartes.mx\/#organization\",\"name\":\"Encartes Antropol\u00f3gicos\",\"url\":\"https:\/\/encartes.mx\/\",\"logo\":{\"@type\":\"ImageObject\",\"inLanguage\":\"fr-FR\",\"@id\":\"https:\/\/encartes.mx\/#\/schema\/logo\/image\/\",\"url\":\"https:\/\/encartes.mx\/wp-content\/uploads\/2017\/04\/Logo-04.png\",\"contentUrl\":\"https:\/\/encartes.mx\/wp-content\/uploads\/2017\/04\/Logo-04.png\",\"width\":338,\"height\":306,\"caption\":\"Encartes Antropol\u00f3gicos\"},\"image\":{\"@id\":\"https:\/\/encartes.mx\/#\/schema\/logo\/image\/\"}},{\"@type\":\"Person\",\"@id\":\"https:\/\/encartes.mx\/#\/schema\/person\/97215bba1729028a4169cab07f8e58ef\",\"name\":\"Arthur Ventura\",\"image\":{\"@type\":\"ImageObject\",\"inLanguage\":\"fr-FR\",\"@id\":\"https:\/\/encartes.mx\/#\/schema\/person\/image\/8a45818ea77a67a00c058d294424a6f6\",\"url\":\"https:\/\/secure.gravatar.com\/avatar\/e8ff614b2fa0d91ff6c65f328a272c53?s=96&d=identicon&r=g\",\"contentUrl\":\"https:\/\/secure.gravatar.com\/avatar\/e8ff614b2fa0d91ff6c65f328a272c53?s=96&d=identicon&r=g\",\"caption\":\"Arthur Ventura\"}}]}<\/script>\n<!-- \/ Yoast SEO plugin. -->","yoast_head_json":{"title":"Celebraciones de aniversarios de iglesias ind\u00edgenas chaque\u00f1as &#8211; Encartes","description":"An\u00e1lisis antropol\u00f3gico de los aniversarios de iglesias ind\u00edgenas chaque\u00f1as como performances pol\u00edticas y est\u00e9ticas de transformaci\u00f3n cultural.","robots":{"index":"index","follow":"follow","max-snippet":"max-snippet:-1","max-image-preview":"max-image-preview:large","max-video-preview":"max-video-preview:-1"},"canonical":"https:\/\/encartes.mx\/fr\/ceriani-pueblos-indigenas-gran-chaco-celebraciones\/","og_locale":"fr_FR","og_type":"article","og_title":"Celebraciones de aniversarios de iglesias ind\u00edgenas chaque\u00f1as &#8211; Encartes","og_description":"An\u00e1lisis antropol\u00f3gico de los aniversarios de iglesias ind\u00edgenas chaque\u00f1as como performances pol\u00edticas y est\u00e9ticas de transformaci\u00f3n cultural.","og_url":"https:\/\/encartes.mx\/fr\/ceriani-pueblos-indigenas-gran-chaco-celebraciones\/","og_site_name":"Encartes","article_published_time":"2026-03-20T21:00:00+00:00","article_modified_time":"2026-03-18T03:05:58+00:00","og_image":[{"width":768,"height":1024,"url":"https:\/\/encartes.mx\/wp-content\/uploads\/2026\/03\/9764779101_731968f7ab_b.jpg","type":"image\/jpeg"}],"author":"Arthur Ventura","twitter_card":"summary_large_image","twitter_misc":{"\u00c9crit par":"Arthur Ventura","Dur\u00e9e de lecture estim\u00e9e":"37 minutes","Written by":"Arthur Ventura"},"schema":{"@context":"https:\/\/schema.org","@graph":[{"@type":"Article","@id":"https:\/\/encartes.mx\/ceriani-pueblos-indigenas-gran-chaco-celebraciones\/#article","isPartOf":{"@id":"https:\/\/encartes.mx\/ceriani-pueblos-indigenas-gran-chaco-celebraciones\/"},"author":{"name":"Arthur Ventura","@id":"https:\/\/encartes.mx\/#\/schema\/person\/97215bba1729028a4169cab07f8e58ef"},"headline":"Performance social y transformaci\u00f3n hist\u00f3rica en las celebraciones de aniversarios de iglesias ind\u00edgenas chaque\u00f1as (Argentina)","datePublished":"2026-03-20T21:00:00+00:00","dateModified":"2026-03-18T03:05:58+00:00","mainEntityOfPage":{"@id":"https:\/\/encartes.mx\/ceriani-pueblos-indigenas-gran-chaco-celebraciones\/"},"wordCount":9053,"commentCount":0,"publisher":{"@id":"https:\/\/encartes.mx\/#organization"},"image":{"@id":"https:\/\/encartes.mx\/ceriani-pueblos-indigenas-gran-chaco-celebraciones\/#primaryimage"},"thumbnailUrl":"https:\/\/encartes.mx\/wp-content\/uploads\/2026\/03\/9764779101_731968f7ab_b.jpg","keywords":["cambio cultural","Gran Chaco","pueblos ind\u00edgenas"],"articleSection":["Dosier"],"inLanguage":"fr-FR","potentialAction":[{"@type":"CommentAction","name":"Comment","target":["https:\/\/encartes.mx\/ceriani-pueblos-indigenas-gran-chaco-celebraciones\/#respond"]}]},{"@type":"WebPage","@id":"https:\/\/encartes.mx\/ceriani-pueblos-indigenas-gran-chaco-celebraciones\/","url":"https:\/\/encartes.mx\/ceriani-pueblos-indigenas-gran-chaco-celebraciones\/","name":"Celebraciones de aniversarios de iglesias ind\u00edgenas chaque\u00f1as &#8211; Encartes","isPartOf":{"@id":"https:\/\/encartes.mx\/#website"},"primaryImageOfPage":{"@id":"https:\/\/encartes.mx\/ceriani-pueblos-indigenas-gran-chaco-celebraciones\/#primaryimage"},"image":{"@id":"https:\/\/encartes.mx\/ceriani-pueblos-indigenas-gran-chaco-celebraciones\/#primaryimage"},"thumbnailUrl":"https:\/\/encartes.mx\/wp-content\/uploads\/2026\/03\/9764779101_731968f7ab_b.jpg","datePublished":"2026-03-20T21:00:00+00:00","dateModified":"2026-03-18T03:05:58+00:00","description":"An\u00e1lisis antropol\u00f3gico de los aniversarios de iglesias ind\u00edgenas chaque\u00f1as como performances pol\u00edticas y est\u00e9ticas de transformaci\u00f3n cultural.","breadcrumb":{"@id":"https:\/\/encartes.mx\/ceriani-pueblos-indigenas-gran-chaco-celebraciones\/#breadcrumb"},"inLanguage":"fr-FR","potentialAction":[{"@type":"ReadAction","target":["https:\/\/encartes.mx\/ceriani-pueblos-indigenas-gran-chaco-celebraciones\/"]}]},{"@type":"ImageObject","inLanguage":"fr-FR","@id":"https:\/\/encartes.mx\/ceriani-pueblos-indigenas-gran-chaco-celebraciones\/#primaryimage","url":"https:\/\/encartes.mx\/wp-content\/uploads\/2026\/03\/9764779101_731968f7ab_b.jpg","contentUrl":"https:\/\/encartes.mx\/wp-content\/uploads\/2026\/03\/9764779101_731968f7ab_b.jpg","width":768,"height":1024},{"@type":"BreadcrumbList","@id":"https:\/\/encartes.mx\/ceriani-pueblos-indigenas-gran-chaco-celebraciones\/#breadcrumb","itemListElement":[{"@type":"ListItem","position":1,"name":"Home","item":"https:\/\/encartes.mx\/"},{"@type":"ListItem","position":2,"name":"Performance social y transformaci\u00f3n hist\u00f3rica en las celebraciones de aniversarios de iglesias ind\u00edgenas chaque\u00f1as (Argentina)"}]},{"@type":"WebSite","@id":"https:\/\/encartes.mx\/#website","url":"https:\/\/encartes.mx\/","name":"Encartes","description":"Magazine num\u00e9rique multim\u00e9dia","publisher":{"@id":"https:\/\/encartes.mx\/#organization"},"potentialAction":[{"@type":"SearchAction","target":{"@type":"EntryPoint","urlTemplate":"https:\/\/encartes.mx\/?s={search_term_string}"},"query-input":"required name=search_term_string"}],"inLanguage":"fr-FR"},{"@type":"Organization","@id":"https:\/\/encartes.mx\/#organization","name":"Insertions anthropologiques","url":"https:\/\/encartes.mx\/","logo":{"@type":"ImageObject","inLanguage":"fr-FR","@id":"https:\/\/encartes.mx\/#\/schema\/logo\/image\/","url":"https:\/\/encartes.mx\/wp-content\/uploads\/2017\/04\/Logo-04.png","contentUrl":"https:\/\/encartes.mx\/wp-content\/uploads\/2017\/04\/Logo-04.png","width":338,"height":306,"caption":"Encartes Antropol\u00f3gicos"},"image":{"@id":"https:\/\/encartes.mx\/#\/schema\/logo\/image\/"}},{"@type":"Person","@id":"https:\/\/encartes.mx\/#\/schema\/person\/97215bba1729028a4169cab07f8e58ef","name":"Arthur Ventura","image":{"@type":"ImageObject","inLanguage":"fr-FR","@id":"https:\/\/encartes.mx\/#\/schema\/person\/image\/8a45818ea77a67a00c058d294424a6f6","url":"https:\/\/secure.gravatar.com\/avatar\/e8ff614b2fa0d91ff6c65f328a272c53?s=96&d=identicon&r=g","contentUrl":"https:\/\/secure.gravatar.com\/avatar\/e8ff614b2fa0d91ff6c65f328a272c53?s=96&d=identicon&r=g","caption":"Arthur Ventura"}}]}},"jetpack_sharing_enabled":true,"jetpack_featured_media_url":"https:\/\/encartes.mx\/wp-content\/uploads\/2026\/03\/9764779101_731968f7ab_b.jpg","_links":{"self":[{"href":"https:\/\/encartes.mx\/fr\/wp-json\/wp\/v2\/posts\/40277","targetHints":{"allow":["GET"]}}],"collection":[{"href":"https:\/\/encartes.mx\/fr\/wp-json\/wp\/v2\/posts"}],"about":[{"href":"https:\/\/encartes.mx\/fr\/wp-json\/wp\/v2\/types\/post"}],"author":[{"embeddable":true,"href":"https:\/\/encartes.mx\/fr\/wp-json\/wp\/v2\/users\/4"}],"replies":[{"embeddable":true,"href":"https:\/\/encartes.mx\/fr\/wp-json\/wp\/v2\/comments?post=40277"}],"version-history":[{"count":5,"href":"https:\/\/encartes.mx\/fr\/wp-json\/wp\/v2\/posts\/40277\/revisions"}],"predecessor-version":[{"id":40448,"href":"https:\/\/encartes.mx\/fr\/wp-json\/wp\/v2\/posts\/40277\/revisions\/40448"}],"wp:featuredmedia":[{"embeddable":true,"href":"https:\/\/encartes.mx\/fr\/wp-json\/wp\/v2\/media\/40278"}],"wp:attachment":[{"href":"https:\/\/encartes.mx\/fr\/wp-json\/wp\/v2\/media?parent=40277"}],"wp:term":[{"taxonomy":"category","embeddable":true,"href":"https:\/\/encartes.mx\/fr\/wp-json\/wp\/v2\/categories?post=40277"},{"taxonomy":"post_tag","embeddable":true,"href":"https:\/\/encartes.mx\/fr\/wp-json\/wp\/v2\/tags?post=40277"},{"taxonomy":"author","embeddable":true,"href":"https:\/\/encartes.mx\/fr\/wp-json\/wp\/v2\/coauthors?post=40277"}],"curies":[{"name":"wp","href":"https:\/\/api.w.org\/{rel}","templated":true}]}}