{"id":40272,"date":"2026-03-20T15:00:00","date_gmt":"2026-03-20T21:00:00","guid":{"rendered":"https:\/\/encartes.mx\/?p=40272"},"modified":"2026-03-14T17:44:08","modified_gmt":"2026-03-14T23:44:08","slug":"dossier-carlos-hernandez-tradiciones-disruptivas","status":"publish","type":"post","link":"https:\/\/encartes.mx\/fr\/dossier-carlos-hernandez-tradiciones-disruptivas\/","title":{"rendered":"Les traditions perturbatrices de l'ordre culturel"},"content":{"rendered":"<p class=\"has-drop-cap abstract\">Le dossier que les lecteurs de<em> Encartes<\/em> Le projet que nous avons en vue aujourd'hui est n\u00e9 d'une communication constante entre cet auteur et sa coll\u00e8gue Ren\u00e9e de la Torre - en particulier de nos conversations en personne ou sur nos r\u00e9seaux sociaux respectifs - sur le r\u00f4le transgressif de diverses traditions qui traversent des moments de crise, de censure, de menaces ou d'attaques avant de se consolider en tant que nouveaux espaces formels, soit au sein d'environnements institutionnels, soit en cr\u00e9ant, \u00e0 partir de leur propre marginalit\u00e9, de nouveaux mod\u00e8les de traditionalit\u00e9 canonique. Lorsqu'on \u00e9value la trajectoire de certaines d\u00e9votions, coutumes ou c\u00e9l\u00e9brations, largement favoris\u00e9es aujourd'hui par la sympathie populaire, il faut reconna\u00eetre que leur consolidation a impliqu\u00e9, \u00e0 un moment donn\u00e9, de graves ruptures au sein de certains collectifs, comme l'a montr\u00e9 la th\u00e9orie anthropologique classique consacr\u00e9e \u00e0 la fois au rituel et \u00e0 l'analyse du comportement de ceux qui y participent, tels que les sp\u00e9cialistes du rituel, les la\u00efcs, les divinit\u00e9s, les paysages ou les sites sacr\u00e9s o\u00f9 ils se d\u00e9roulent.<\/p>\n\n\n\n<p>Cette situation est commune \u00e0 toutes les soci\u00e9t\u00e9s et s'observe avec une fureur particuli\u00e8re dans les soci\u00e9t\u00e9s complexes : par exemple, aujourd'hui, les sp\u00e9cialistes du ph\u00e9nom\u00e8ne religieux aux \u00c9tats-Unis commencent \u00e0 analyser le soi-disant \u201c christofascisme \u201d li\u00e9 au gouvernement actuel de Donald Trump (Goldstein, 2021), de la m\u00eame mani\u00e8re que des recherches ont \u00e9t\u00e9 men\u00e9es sur l'arriv\u00e9e de l'islam parmi les familles tzotziles expuls\u00e9es de San Juan Chamula au Chiapas (Bernal Hern\u00e1ndez et Casas Mendoza, 2024). Il existe des ruptures qui r\u00e9v\u00e8lent d'autres sc\u00e9narios possibles pour les cr\u00e9ateurs de nouvelles traditions : en pleine crise du catholicisme, des millions d'adolescents en Espagne et en Am\u00e9rique latine abordent avec enthousiasme les nouvelles spiritualit\u00e9s sonores, comme nous l'avons vu avec l'apparition du <em>Lux, <\/em>le dernier album de la chanteuse catalane Rosal\u00eda, tandis qu'un autre segment de jeunes explore l'exp\u00e9rience interactive des processions ou des messes catholiques sur la plateforme Roblox, un site sp\u00e9cialis\u00e9 dans la conception de \u201cmondes virtuels\u201d (Jord\u00e1 Ch\u00e1vez, 2025). Le vertige de notre \u00e9poque nous met sous les yeux, presque en temps r\u00e9el, une quantit\u00e9 remarquable d'informations sur des traditions soumises \u00e0 des transformations ou \u00e0 des adaptations impensables il y a encore quelques ann\u00e9es, ou sur des crises et des ruptures qui donnent lieu \u00e0 la construction de nouveaux ordres culturels de plus en plus instables, ratifiant l'intuition de Franz Boas convertie en \u00e9pigraphe avec laquelle Claude L\u00e9vi-Strauss ouvre les pages de son merveilleux texte \u201cLa structure des mythes\u201d : \u201con dirait que les univers symboliques mythologiques sont destin\u00e9s \u00e0 \u00eatre pulv\u00e9ris\u00e9s d\u00e8s leur formation, pour que de leurs restes naissent de nouveaux univers\u201d (Boas, <em>apud <\/em>L\u00e9vi-Strauss, 1994 : 229).<\/p>\n\n\n\n<p>Ainsi, ceux qui s'engagent dans l'ethnographie du rituel ont d\u00e9sormais un terrain fertile au-del\u00e0 des soci\u00e9t\u00e9s consid\u00e9r\u00e9es comme \u201ctraditionnelles\u201d, un adjectif remis en question par les travaux de coll\u00e8gues qui sont devenus des parieurs des transformations, des perturbations et des dilemmes. Si Max Weber avait conc\u00e9d\u00e9 que le rituel exerce une efficacit\u00e9 extraordinaire gr\u00e2ce \u00e0 son haut niveau de routinisation, les \u00e9tudes contemporaines ont mis sur la table l'importance au sein du rituel de l'innovation, de la cr\u00e9ativit\u00e9, des erreurs et des \u00e9checs comme le propose Kathryn T. McClymond dans son merveilleux livre : <em>Un rituel qui tourne mal : ce que nous apprennent les perturbations rituelles<\/em> (2025), dans lequel il analyse les cas o\u00f9 les erreurs rituelles et leur correction r\u00e9habilitent de nouveaux symboles, toujours sujets \u00e0 des d\u00e9bats et des querelles. Par exemple, au Mexique, nous avons assist\u00e9 aux d\u00e9cisions de la classe politique mexicaine d'incorporer des symboles indig\u00e8nes dans leurs c\u00e9r\u00e9monies civiques, comme la pr\u00e9sentation des \u201cb\u00e2tons de commandement\u201d, tant aux pr\u00e9sidents de la r\u00e9publique qu'aux nouveaux ministres de la Cour supr\u00eame de justice de la nation (Aguilar, 2025).<\/p>\n\n\n\n<p>Ainsi, la crise des traditions constitue souvent un terrain fertile pour la recherche sociale, car l'\u00e9mergence de nouvelles identit\u00e9s ou la r\u00e9apparition d'autres que l'on croyait disparues conduit \u00e0 la mise en place de nouvelles pratiques culturelles - \u201cliquides\u201d, si l'on peut encore parler des travaux de Zygmunt Bauman : les ruptures et les schismes sont des ph\u00e9nom\u00e8nes qui maintiennent la cr\u00e9ativit\u00e9 et l'imagination ethnographique en \u00e9veil pour en rendre compte. C'est pourquoi ce num\u00e9ro de <em>Encartes<\/em> propose un dossier qui aborde ces questions en cinq textes, \u00e0 partir de r\u00e9flexions partag\u00e9es par les auteurs. Nous commen\u00e7ons par \u201c<em>Performance<\/em> transformation sociale et historique dans les c\u00e9l\u00e9brations anniversaires des \u00e9glises indig\u00e8nes du Chaco (Argentine)\u201d, par C\u00e9sar Ceriani Cernadas, qui parle de la r\u00e9gion habit\u00e9e par les peuples Qom (ou Toba), Wich\u00ed, Pilag\u00e1, Mocov\u00ed et Nivacl\u00e9, qui, en d\u00e9fiant ouvertement le syst\u00e8me dominant blanc, cr\u00e9ole et catholique, ont embrass\u00e9 l\u201c\u201d\u00e9vangile\", c'est-\u00e0-dire le christianisme \u00e9vang\u00e9lique, \u00e0 partir du d\u00e9but du 20e si\u00e8cle. <span class=\"small-caps\">xx<\/span>, L'auteur montre que le passage du catholicisme au protestantisme d\u00e9passe le simple ordre intellectuel, moral et doctrinal. En effet, en entrant en contact avec le monde profond de Qom et de Wich\u00ed, l\u201c\u201d\u00e9vangile\" op\u00e8re de puissantes transformations ontologiques, esth\u00e9tiques et politiques qui forgent non seulement de nouvelles communaut\u00e9s vivifi\u00e9es par l'Esprit Saint, mais aussi de nouvelles m\u00e9moires historiques, \u00e9trang\u00e8res au discours indig\u00e9niste officiel.<\/p>\n\n\n\n<p>Le second texte, \u201cLa th\u00e9matisation du religieux dans les \u00e9coles de samba de Rio de Janeiro (2016-2022) : <em>Performances<\/em> L'auteur y propose une analyse des \u201denchev\u00eatrements\u201c ou arguments sc\u00e9niques qui se traduisent par une esth\u00e9tique puissante que les \u00e9coles de samba exposent dans les d\u00e9fil\u00e9s du carnaval de Rio de Janeiro, au Br\u00e9sil. Dans ces \u201denchev\u00eatrements\u201c, le religieux a fortement p\u00e9n\u00e9tr\u00e9 de mani\u00e8re critique et transgressive. Pour amplifier leurs satires, ils profitent d'un environnement hautement st\u00e9r\u00e9otyp\u00e9, qui b\u00e9n\u00e9ficie d'un puissant appareil m\u00e9diatique, dont le message ne reste g\u00e9n\u00e9ralement pas lettre morte, compte tenu des positions de droite dans la politique r\u00e9gionale br\u00e9silienne.<\/p>\n\n\n\n<p>De retour au Mexique, nous disposons de trois ouvrages suggestifs. La premi\u00e8re est celle de Jos\u00e9 Joel Lara Gonz\u00e1lez qui, dans son texte \u201cEtnofon\u00edas : Le patrimoine bioculturel du Mexique\u201d, explore l'univers du son dans les environnements rituels et mythiques, g\u00e9n\u00e9ralement n\u00e9glig\u00e9 lorsqu'il s'agit de comprendre les m\u00e9canismes par lesquels le son - exprim\u00e9 en murmures, cris, chuchotements, m\u00e9lodies - fait partie d'une mani\u00e8re \u201cd'\u00eatre et d'\u00eatre au monde\u201d qui d\u00e9borde le monde humain et fait du son une voie ontologique qui relie les mondes et les exp\u00e9riences existants dans la sph\u00e8re rituelle, v\u00e9ritable champ de diversit\u00e9s acoustiques.<\/p>\n\n\n\n<p>Yves Bernardo Roger Solis Nicot nous propose quant \u00e0 lui un texte \u00e0 la crois\u00e9e de l'histoire et de l'ethnographie intitul\u00e9 \u201cEchos de la chr\u00e9tient\u00e9 ? N\u00e9cropolitique et \u2018martyre sacerdotal\u2019 au XXe si\u00e8cle. <span class=\"small-caps\">xxi<\/span> Mexican\u201d, dans lequel l'auteur \u00e9tablit un lien entre l'\u00e9pisode historique connu sous le nom de \u201cla cristiada\u201d - un conflit arm\u00e9 entre la hi\u00e9rarchie et le peuple catholiques et le gouvernement post-r\u00e9volutionnaire mexicain au cours des ann\u00e9es 1926-1929 - et les assassinats de pr\u00eatres au 20e si\u00e8cle. <span class=\"small-caps\">xxi<\/span>, Il s'agit d'une question importante dans un pays majoritairement catholique, o\u00f9 la figure du pr\u00eatre catholique est importante, m\u00eame si, depuis la r\u00e9v\u00e9lation de nombreux cas de p\u00e9dophilie, elle est entr\u00e9e dans une crise sociologiquement pertinente.<\/p>\n\n\n\n<p>Le dossier se termine par un texte dont je suis l'auteur, \u201cLas <em>ng\u00e4d'i-dokwe<\/em>Ritual disruptions, altered bodies and bodily alterities in the Otom\u00ed world\u201d, dans lequel je pr\u00e9sente quelques r\u00e9flexions sur les \u201clocas\u201d, personnages du carnaval Otom\u00ed dans le sud de la Huasteca, dont les corps, arrang\u00e9s pour satisfaire les d\u00e9sirs de leur seigneur (<em>ar zithu<\/em>, Le \u201cdiable\u201d), ils remettent en question nos id\u00e9es sur l'homosexualit\u00e9 dans le monde indig\u00e8ne au-del\u00e0 d'un biologisme r\u00e9ductionniste, faisant du corps des \u201cfolles\u201d une ar\u00e8ne dans laquelle se joue un enjeu ethnique, rituel et, surtout, cosmopolitique complexe.<\/p>\n\n\n\n<p>Les possibilit\u00e9s ethnographiques offertes par les mondes et environnements marginaux, transgressifs, contre-h\u00e9g\u00e9moniques et contestataires sont un appel urgent, comme je l'ai d\u00e9j\u00e0 dit, \u00e0 maintenir le statut pertinent des disciplines anthropologiques. Les f\u00e9minismes et les luttes pour la d\u00e9fense des territoires, les nouvelles recherches sur les arts et leur port\u00e9e politique dans un monde d\u00e9fi\u00e9 par de nouveaux (et de plus en plus mortels) r\u00e9cits de violence, d'extermination et de mort, nous rappellent que l'anthropologie tend \u00e0 s'\u00e9panouir l\u00e0 o\u00f9 elle est paradoxalement d\u00e9fi\u00e9e et, en m\u00eame temps, chez elle : l\u00e0 o\u00f9 tout s'effondre, c'est le devoir professionnel des anthropologues de reconstruire les pi\u00e8ces qui donnent un sens \u00e0 chaque crise, \u00e0 chaque innovation, \u00e0 chaque transformation. Ce dossier est un petit effort dans cette direction.<\/p>\n\n\n\n<h2 class=\"wp-block-heading\">Bibliographie<\/h2>\n\n\n\n<p class=\"bibliography\" data-no-auto-translation=\"\">Aguilar, Y\u00e1snaya (2025). \u201cLa <span class=\"small-caps\">scjn<\/span> y su ceremonia \u2018tradicional\u2019: efecto Tizoc. Max\u00e4n\u201d, recurso electr\u00f3nico. Disponible en: https:\/\/elpais.com\/mexico\/opinion\/2025-08-30\/la-scjn-y-su-ceremonia-tradicional-efecto-tizoc-maxan.html<\/p>\n\n\n\n<p class=\"bibliography\" data-no-auto-translation=\"\">Bernal Hern\u00e1ndez, Guillermo Ra\u00fal y Carlos Alberto Casas Mendoza (2024). \u201cTzotziles a la <em>da\u2019wa<\/em>. Del \u00e9xodo protestante al comunalismo isl\u00e1mico en Chiapas\u201d, recurso electr\u00f3nico. Disponible en: https:\/\/www.redalyc.org\/journal\/1808\/180879970006\/180879970006.pdf<\/p>\n\n\n\n<p class=\"bibliography\" data-no-auto-translation=\"\">Boas, Franz, <em>apud <\/em>Claude L\u00e9vi-Strauss (1994). \u201cLa estructura de los mitos\u201d, en Claude L\u00e9vi Strauss. <em>Antropolog\u00eda estructural<\/em>. Barcelona: Altaya.<\/p>\n\n\n\n<p class=\"bibliography\" data-no-auto-translation=\"\">Goldstein, Warren S. (2025). \u201cTrump, la derecha religiosa y el espectro del fascismo\u201d, recurso electr\u00f3nico. Disponible en: https:\/\/journals.sagepub.com\/doi\/10.1177\/2050303221997554.<\/p>\n\n\n\n<p class=\"bibliography\" data-no-auto-translation=\"\">Jord\u00e1 Ch\u00e1vez, Abril (2025). \u201cLas misas en Roblox: \u00bfuna nueva forma de congregarse?\u201d, recurso electr\u00f3nico. Disponible en: https:\/\/christus.jesuitasmexico.org\/las-misas-en-roblox-una-nueva-forma-de-congregar-a-fieles\/<\/p>\n\n\n\n<p class=\"bibliography\" data-no-auto-translation=\"\">Manrique Sabogal, Winston (2025). \u201cRosal\u00eda y \u2018Lux\u2019 (1): mujeres, libros y misticismo que inspiraron su disco\u201d, recurso electr\u00f3nico. Disponible en: https:\/\/wmagazin.com\/relatos\/rosalia-y-lux-1-mujeres-libros-y-misticismo-que-inspiraron-su-disco\/<\/p>\n\n\n\n<hr class=\"wp-block-separator has-alpha-channel-opacity\"\/>\n\n\n\n<p class=\"abstract\"><em>Carlos Arturo Hern\u00e1ndez D\u00e1vila<\/em> est professeur de recherche \u00e0 plein temps au Centre <span class=\"small-caps\">inah<\/span>-\u00c9tat du Mexique. Il est charg\u00e9 de cours \u00e0 l'Universidad Iberoamericana de Mexico et \u00e0 l'Escuela Nacional de Antropolog\u00eda e Historia (\u00c9cole nationale d'anthropologie et d'histoire). Il est expert externe en anthropologie sociale aupr\u00e8s de la Cour sup\u00e9rieure de justice de l'\u00c9tat de Mexico. Auteur de <em>Nous allions ensemble \u00e0 la campagne<\/em> (<span class=\"small-caps\">enah-inah<\/span>, Mexique, 2023), et <em>Salut sur le sang : le chamanisme catholique des Otomi du Mexique central<\/em> (<span class=\"small-caps\">sb<\/span> Editores, Buenos Aires, 2022). Son documentaire <em>Virus fractal : les visages de la pand\u00e9mie<\/em> a remport\u00e9 le Venado de Plata del Certamen Miradas sin Tiempo, en 2023.<\/p>","protected":false},"excerpt":{"rendered":"<p>El dosier que las y los lectores de Encartes tienen hoy a la vista naci\u00f3 de una constante comunicaci\u00f3n entre quien esto escribe y la colega Ren\u00e9e de la Torre \u2013en especial a partir de nuestras conversaciones en persona o en nuestras respectivas redes sociales\u2013 en torno al papel transgresor de varias tradiciones que atraviesan [&hellip;]<\/p>\n","protected":false},"author":4,"featured_media":40274,"comment_status":"open","ping_status":"open","sticky":false,"template":"","format":"standard","meta":{"_acf_changed":false,"footnotes":""},"categories":[278],"tags":[],"coauthors":[551],"class_list":["post-40272","post","type-post","status-publish","format-standard","has-post-thumbnail","hentry","category-278","personas-hernandez-davila-carlos-arturo","numeros-1490"],"acf":[],"yoast_head":"<!-- This site is optimized with the Yoast SEO plugin v22.2 - https:\/\/yoast.com\/wordpress\/plugins\/seo\/ -->\n<title>Tradiciones disruptivas del orden cultural &#8211; Encartes<\/title>\n<meta name=\"description\" content=\"Presentaci\u00f3n del dossier sobre tradiciones disruptivas, transgresoras y contestatarias en el orden cultural contempor\u00e1neo.\" \/>\n<meta name=\"robots\" content=\"index, follow, max-snippet:-1, max-image-preview:large, max-video-preview:-1\" \/>\n<link rel=\"canonical\" href=\"https:\/\/encartes.mx\/fr\/dossier-carlos-hernandez-tradiciones-disruptivas\/\" \/>\n<meta property=\"og:locale\" content=\"fr_FR\" \/>\n<meta property=\"og:type\" content=\"article\" \/>\n<meta property=\"og:title\" content=\"Tradiciones disruptivas del orden cultural &#8211; Encartes\" \/>\n<meta property=\"og:description\" content=\"Presentaci\u00f3n del dossier sobre tradiciones disruptivas, transgresoras y contestatarias en el orden cultural contempor\u00e1neo.\" \/>\n<meta property=\"og:url\" content=\"https:\/\/encartes.mx\/fr\/dossier-carlos-hernandez-tradiciones-disruptivas\/\" \/>\n<meta property=\"og:site_name\" content=\"Encartes\" \/>\n<meta property=\"article:published_time\" content=\"2026-03-20T21:00:00+00:00\" \/>\n<meta property=\"article:modified_time\" content=\"2026-03-14T23:44:08+00:00\" \/>\n<meta property=\"og:image\" content=\"https:\/\/encartes.mx\/wp-content\/uploads\/2026\/03\/17.1.442_Imagen-6_Renata-Menezes.jpg\" \/>\n\t<meta property=\"og:image:width\" content=\"499\" \/>\n\t<meta property=\"og:image:height\" content=\"333\" \/>\n\t<meta property=\"og:image:type\" content=\"image\/jpeg\" \/>\n<meta name=\"author\" content=\"Arthur Ventura\" \/>\n<meta name=\"twitter:card\" content=\"summary_large_image\" \/>\n<meta name=\"twitter:label1\" content=\"\u00c9crit par\" \/>\n\t<meta name=\"twitter:data1\" content=\"Arthur Ventura\" \/>\n\t<meta name=\"twitter:label2\" content=\"Dur\u00e9e de lecture estim\u00e9e\" \/>\n\t<meta name=\"twitter:data2\" content=\"8 minutes\" \/>\n\t<meta name=\"twitter:label3\" content=\"Written by\" \/>\n\t<meta name=\"twitter:data3\" content=\"Arthur Ventura\" \/>\n<script type=\"application\/ld+json\" class=\"yoast-schema-graph\">{\"@context\":\"https:\/\/schema.org\",\"@graph\":[{\"@type\":\"Article\",\"@id\":\"https:\/\/encartes.mx\/dossier-carlos-hernandez-tradiciones-disruptivas\/#article\",\"isPartOf\":{\"@id\":\"https:\/\/encartes.mx\/dossier-carlos-hernandez-tradiciones-disruptivas\/\"},\"author\":{\"name\":\"Arthur Ventura\",\"@id\":\"https:\/\/encartes.mx\/#\/schema\/person\/97215bba1729028a4169cab07f8e58ef\"},\"headline\":\"Tradiciones disruptivas del orden cultural\",\"datePublished\":\"2026-03-20T21:00:00+00:00\",\"dateModified\":\"2026-03-14T23:44:08+00:00\",\"mainEntityOfPage\":{\"@id\":\"https:\/\/encartes.mx\/dossier-carlos-hernandez-tradiciones-disruptivas\/\"},\"wordCount\":1792,\"commentCount\":0,\"publisher\":{\"@id\":\"https:\/\/encartes.mx\/#organization\"},\"image\":{\"@id\":\"https:\/\/encartes.mx\/dossier-carlos-hernandez-tradiciones-disruptivas\/#primaryimage\"},\"thumbnailUrl\":\"https:\/\/encartes.mx\/wp-content\/uploads\/2026\/03\/17.1.442_Imagen-6_Renata-Menezes.jpg\",\"articleSection\":[\"Presentaci\u00f3n del tema\"],\"inLanguage\":\"fr-FR\",\"potentialAction\":[{\"@type\":\"CommentAction\",\"name\":\"Comment\",\"target\":[\"https:\/\/encartes.mx\/dossier-carlos-hernandez-tradiciones-disruptivas\/#respond\"]}]},{\"@type\":\"WebPage\",\"@id\":\"https:\/\/encartes.mx\/dossier-carlos-hernandez-tradiciones-disruptivas\/\",\"url\":\"https:\/\/encartes.mx\/dossier-carlos-hernandez-tradiciones-disruptivas\/\",\"name\":\"Tradiciones disruptivas del orden cultural &#8211; Encartes\",\"isPartOf\":{\"@id\":\"https:\/\/encartes.mx\/#website\"},\"primaryImageOfPage\":{\"@id\":\"https:\/\/encartes.mx\/dossier-carlos-hernandez-tradiciones-disruptivas\/#primaryimage\"},\"image\":{\"@id\":\"https:\/\/encartes.mx\/dossier-carlos-hernandez-tradiciones-disruptivas\/#primaryimage\"},\"thumbnailUrl\":\"https:\/\/encartes.mx\/wp-content\/uploads\/2026\/03\/17.1.442_Imagen-6_Renata-Menezes.jpg\",\"datePublished\":\"2026-03-20T21:00:00+00:00\",\"dateModified\":\"2026-03-14T23:44:08+00:00\",\"description\":\"Presentaci\u00f3n del dossier sobre tradiciones disruptivas, transgresoras y contestatarias en el orden cultural contempor\u00e1neo.\",\"breadcrumb\":{\"@id\":\"https:\/\/encartes.mx\/dossier-carlos-hernandez-tradiciones-disruptivas\/#breadcrumb\"},\"inLanguage\":\"fr-FR\",\"potentialAction\":[{\"@type\":\"ReadAction\",\"target\":[\"https:\/\/encartes.mx\/dossier-carlos-hernandez-tradiciones-disruptivas\/\"]}]},{\"@type\":\"ImageObject\",\"inLanguage\":\"fr-FR\",\"@id\":\"https:\/\/encartes.mx\/dossier-carlos-hernandez-tradiciones-disruptivas\/#primaryimage\",\"url\":\"https:\/\/encartes.mx\/wp-content\/uploads\/2026\/03\/17.1.442_Imagen-6_Renata-Menezes.jpg\",\"contentUrl\":\"https:\/\/encartes.mx\/wp-content\/uploads\/2026\/03\/17.1.442_Imagen-6_Renata-Menezes.jpg\",\"width\":499,\"height\":333},{\"@type\":\"BreadcrumbList\",\"@id\":\"https:\/\/encartes.mx\/dossier-carlos-hernandez-tradiciones-disruptivas\/#breadcrumb\",\"itemListElement\":[{\"@type\":\"ListItem\",\"position\":1,\"name\":\"Home\",\"item\":\"https:\/\/encartes.mx\/\"},{\"@type\":\"ListItem\",\"position\":2,\"name\":\"Tradiciones disruptivas del orden cultural\"}]},{\"@type\":\"WebSite\",\"@id\":\"https:\/\/encartes.mx\/#website\",\"url\":\"https:\/\/encartes.mx\/\",\"name\":\"Encartes\",\"description\":\"Revista digital multimedia\",\"publisher\":{\"@id\":\"https:\/\/encartes.mx\/#organization\"},\"potentialAction\":[{\"@type\":\"SearchAction\",\"target\":{\"@type\":\"EntryPoint\",\"urlTemplate\":\"https:\/\/encartes.mx\/?s={search_term_string}\"},\"query-input\":\"required name=search_term_string\"}],\"inLanguage\":\"fr-FR\"},{\"@type\":\"Organization\",\"@id\":\"https:\/\/encartes.mx\/#organization\",\"name\":\"Encartes Antropol\u00f3gicos\",\"url\":\"https:\/\/encartes.mx\/\",\"logo\":{\"@type\":\"ImageObject\",\"inLanguage\":\"fr-FR\",\"@id\":\"https:\/\/encartes.mx\/#\/schema\/logo\/image\/\",\"url\":\"https:\/\/encartes.mx\/wp-content\/uploads\/2017\/04\/Logo-04.png\",\"contentUrl\":\"https:\/\/encartes.mx\/wp-content\/uploads\/2017\/04\/Logo-04.png\",\"width\":338,\"height\":306,\"caption\":\"Encartes Antropol\u00f3gicos\"},\"image\":{\"@id\":\"https:\/\/encartes.mx\/#\/schema\/logo\/image\/\"}},{\"@type\":\"Person\",\"@id\":\"https:\/\/encartes.mx\/#\/schema\/person\/97215bba1729028a4169cab07f8e58ef\",\"name\":\"Arthur Ventura\",\"image\":{\"@type\":\"ImageObject\",\"inLanguage\":\"fr-FR\",\"@id\":\"https:\/\/encartes.mx\/#\/schema\/person\/image\/8a45818ea77a67a00c058d294424a6f6\",\"url\":\"https:\/\/secure.gravatar.com\/avatar\/e8ff614b2fa0d91ff6c65f328a272c53?s=96&d=identicon&r=g\",\"contentUrl\":\"https:\/\/secure.gravatar.com\/avatar\/e8ff614b2fa0d91ff6c65f328a272c53?s=96&d=identicon&r=g\",\"caption\":\"Arthur Ventura\"}}]}<\/script>\n<!-- \/ Yoast SEO plugin. -->","yoast_head_json":{"title":"Tradiciones disruptivas del orden cultural &#8211; Encartes","description":"Presentaci\u00f3n del dossier sobre tradiciones disruptivas, transgresoras y contestatarias en el orden cultural contempor\u00e1neo.","robots":{"index":"index","follow":"follow","max-snippet":"max-snippet:-1","max-image-preview":"max-image-preview:large","max-video-preview":"max-video-preview:-1"},"canonical":"https:\/\/encartes.mx\/fr\/dossier-carlos-hernandez-tradiciones-disruptivas\/","og_locale":"fr_FR","og_type":"article","og_title":"Tradiciones disruptivas del orden cultural &#8211; Encartes","og_description":"Presentaci\u00f3n del dossier sobre tradiciones disruptivas, transgresoras y contestatarias en el orden cultural contempor\u00e1neo.","og_url":"https:\/\/encartes.mx\/fr\/dossier-carlos-hernandez-tradiciones-disruptivas\/","og_site_name":"Encartes","article_published_time":"2026-03-20T21:00:00+00:00","article_modified_time":"2026-03-14T23:44:08+00:00","og_image":[{"width":499,"height":333,"url":"https:\/\/encartes.mx\/wp-content\/uploads\/2026\/03\/17.1.442_Imagen-6_Renata-Menezes.jpg","type":"image\/jpeg"}],"author":"Arthur Ventura","twitter_card":"summary_large_image","twitter_misc":{"\u00c9crit par":"Arthur Ventura","Dur\u00e9e de lecture estim\u00e9e":"8 minutes","Written by":"Arthur Ventura"},"schema":{"@context":"https:\/\/schema.org","@graph":[{"@type":"Article","@id":"https:\/\/encartes.mx\/dossier-carlos-hernandez-tradiciones-disruptivas\/#article","isPartOf":{"@id":"https:\/\/encartes.mx\/dossier-carlos-hernandez-tradiciones-disruptivas\/"},"author":{"name":"Arthur Ventura","@id":"https:\/\/encartes.mx\/#\/schema\/person\/97215bba1729028a4169cab07f8e58ef"},"headline":"Tradiciones disruptivas del orden cultural","datePublished":"2026-03-20T21:00:00+00:00","dateModified":"2026-03-14T23:44:08+00:00","mainEntityOfPage":{"@id":"https:\/\/encartes.mx\/dossier-carlos-hernandez-tradiciones-disruptivas\/"},"wordCount":1792,"commentCount":0,"publisher":{"@id":"https:\/\/encartes.mx\/#organization"},"image":{"@id":"https:\/\/encartes.mx\/dossier-carlos-hernandez-tradiciones-disruptivas\/#primaryimage"},"thumbnailUrl":"https:\/\/encartes.mx\/wp-content\/uploads\/2026\/03\/17.1.442_Imagen-6_Renata-Menezes.jpg","articleSection":["Presentaci\u00f3n del tema"],"inLanguage":"fr-FR","potentialAction":[{"@type":"CommentAction","name":"Comment","target":["https:\/\/encartes.mx\/dossier-carlos-hernandez-tradiciones-disruptivas\/#respond"]}]},{"@type":"WebPage","@id":"https:\/\/encartes.mx\/dossier-carlos-hernandez-tradiciones-disruptivas\/","url":"https:\/\/encartes.mx\/dossier-carlos-hernandez-tradiciones-disruptivas\/","name":"Tradiciones disruptivas del orden cultural &#8211; Encartes","isPartOf":{"@id":"https:\/\/encartes.mx\/#website"},"primaryImageOfPage":{"@id":"https:\/\/encartes.mx\/dossier-carlos-hernandez-tradiciones-disruptivas\/#primaryimage"},"image":{"@id":"https:\/\/encartes.mx\/dossier-carlos-hernandez-tradiciones-disruptivas\/#primaryimage"},"thumbnailUrl":"https:\/\/encartes.mx\/wp-content\/uploads\/2026\/03\/17.1.442_Imagen-6_Renata-Menezes.jpg","datePublished":"2026-03-20T21:00:00+00:00","dateModified":"2026-03-14T23:44:08+00:00","description":"Presentaci\u00f3n del dossier sobre tradiciones disruptivas, transgresoras y contestatarias en el orden cultural contempor\u00e1neo.","breadcrumb":{"@id":"https:\/\/encartes.mx\/dossier-carlos-hernandez-tradiciones-disruptivas\/#breadcrumb"},"inLanguage":"fr-FR","potentialAction":[{"@type":"ReadAction","target":["https:\/\/encartes.mx\/dossier-carlos-hernandez-tradiciones-disruptivas\/"]}]},{"@type":"ImageObject","inLanguage":"fr-FR","@id":"https:\/\/encartes.mx\/dossier-carlos-hernandez-tradiciones-disruptivas\/#primaryimage","url":"https:\/\/encartes.mx\/wp-content\/uploads\/2026\/03\/17.1.442_Imagen-6_Renata-Menezes.jpg","contentUrl":"https:\/\/encartes.mx\/wp-content\/uploads\/2026\/03\/17.1.442_Imagen-6_Renata-Menezes.jpg","width":499,"height":333},{"@type":"BreadcrumbList","@id":"https:\/\/encartes.mx\/dossier-carlos-hernandez-tradiciones-disruptivas\/#breadcrumb","itemListElement":[{"@type":"ListItem","position":1,"name":"Home","item":"https:\/\/encartes.mx\/"},{"@type":"ListItem","position":2,"name":"Tradiciones disruptivas del orden cultural"}]},{"@type":"WebSite","@id":"https:\/\/encartes.mx\/#website","url":"https:\/\/encartes.mx\/","name":"Encartes","description":"Magazine num\u00e9rique multim\u00e9dia","publisher":{"@id":"https:\/\/encartes.mx\/#organization"},"potentialAction":[{"@type":"SearchAction","target":{"@type":"EntryPoint","urlTemplate":"https:\/\/encartes.mx\/?s={search_term_string}"},"query-input":"required name=search_term_string"}],"inLanguage":"fr-FR"},{"@type":"Organization","@id":"https:\/\/encartes.mx\/#organization","name":"Insertions anthropologiques","url":"https:\/\/encartes.mx\/","logo":{"@type":"ImageObject","inLanguage":"fr-FR","@id":"https:\/\/encartes.mx\/#\/schema\/logo\/image\/","url":"https:\/\/encartes.mx\/wp-content\/uploads\/2017\/04\/Logo-04.png","contentUrl":"https:\/\/encartes.mx\/wp-content\/uploads\/2017\/04\/Logo-04.png","width":338,"height":306,"caption":"Encartes Antropol\u00f3gicos"},"image":{"@id":"https:\/\/encartes.mx\/#\/schema\/logo\/image\/"}},{"@type":"Person","@id":"https:\/\/encartes.mx\/#\/schema\/person\/97215bba1729028a4169cab07f8e58ef","name":"Arthur Ventura","image":{"@type":"ImageObject","inLanguage":"fr-FR","@id":"https:\/\/encartes.mx\/#\/schema\/person\/image\/8a45818ea77a67a00c058d294424a6f6","url":"https:\/\/secure.gravatar.com\/avatar\/e8ff614b2fa0d91ff6c65f328a272c53?s=96&d=identicon&r=g","contentUrl":"https:\/\/secure.gravatar.com\/avatar\/e8ff614b2fa0d91ff6c65f328a272c53?s=96&d=identicon&r=g","caption":"Arthur Ventura"}}]}},"jetpack_sharing_enabled":true,"jetpack_featured_media_url":"https:\/\/encartes.mx\/wp-content\/uploads\/2026\/03\/17.1.442_Imagen-6_Renata-Menezes.jpg","_links":{"self":[{"href":"https:\/\/encartes.mx\/fr\/wp-json\/wp\/v2\/posts\/40272","targetHints":{"allow":["GET"]}}],"collection":[{"href":"https:\/\/encartes.mx\/fr\/wp-json\/wp\/v2\/posts"}],"about":[{"href":"https:\/\/encartes.mx\/fr\/wp-json\/wp\/v2\/types\/post"}],"author":[{"embeddable":true,"href":"https:\/\/encartes.mx\/fr\/wp-json\/wp\/v2\/users\/4"}],"replies":[{"embeddable":true,"href":"https:\/\/encartes.mx\/fr\/wp-json\/wp\/v2\/comments?post=40272"}],"version-history":[{"count":4,"href":"https:\/\/encartes.mx\/fr\/wp-json\/wp\/v2\/posts\/40272\/revisions"}],"predecessor-version":[{"id":40447,"href":"https:\/\/encartes.mx\/fr\/wp-json\/wp\/v2\/posts\/40272\/revisions\/40447"}],"wp:featuredmedia":[{"embeddable":true,"href":"https:\/\/encartes.mx\/fr\/wp-json\/wp\/v2\/media\/40274"}],"wp:attachment":[{"href":"https:\/\/encartes.mx\/fr\/wp-json\/wp\/v2\/media?parent=40272"}],"wp:term":[{"taxonomy":"category","embeddable":true,"href":"https:\/\/encartes.mx\/fr\/wp-json\/wp\/v2\/categories?post=40272"},{"taxonomy":"post_tag","embeddable":true,"href":"https:\/\/encartes.mx\/fr\/wp-json\/wp\/v2\/tags?post=40272"},{"taxonomy":"author","embeddable":true,"href":"https:\/\/encartes.mx\/fr\/wp-json\/wp\/v2\/coauthors?post=40272"}],"curies":[{"name":"wp","href":"https:\/\/api.w.org\/{rel}","templated":true}]}}