{"id":39376,"date":"2025-03-21T13:00:00","date_gmt":"2025-03-21T19:00:00","guid":{"rendered":"https:\/\/encartes.mx\/?p=39376"},"modified":"2025-03-25T06:58:13","modified_gmt":"2025-03-25T12:58:13","slug":"guzman-etnografia-mesa-nayar-transformacion-tiznados-semana-santa","status":"publish","type":"post","link":"https:\/\/encartes.mx\/fr\/guzman-etnografia-mesa-nayar-transformacion-tiznados-semana-santa\/","title":{"rendered":"Xumuavikari n\u00e1ayarite. Transformation et activit\u00e9s des tiznados de la Semaine Sainte de Cora \u00e0 Nayarit."},"content":{"rendered":"\n<h2 class=\"wp-block-heading\">Resumen<\/h2>\n\n\n\n<p class=\"abstract\">A partir de la etnograf\u00eda en la Mesa del Nayar, Nayarit, se presenta el proceso de transformaci\u00f3n a lo largo del a\u00f1o de los tiznados, los principales creadores de la Semana Santa o Judea <em>n\u00e1ayari<\/em> (cora) y sus actividades m\u00e1s importantes durante la festividad, as\u00ed como la condensaci\u00f3n de distintas creaciones en el mismo ritual: la muerte y resurrecci\u00f3n de Cristo (Cristo-Sol para los coras), inicio de la cristiandad; el G\u00e9nesis, origen del universo para el catolicismo y la creaci\u00f3n del mundo seg\u00fan los <em>n\u00e1ayarite<\/em>.<\/p>\n\n\n\n<p class=\"abstract\">Palabras claves: <a href=\"https:\/\/encartes.mx\/fr\/tag\/borrados\/\" rel=\"tag\">borrados<\/a>, <a href=\"https:\/\/encartes.mx\/fr\/tag\/genesis\/\" rel=\"tag\">G\u00e9nesis<\/a>, <a href=\"https:\/\/encartes.mx\/fr\/tag\/mundo-naayari\/\" rel=\"tag\">mundo n\u00e1ayari<\/a>, <a href=\"https:\/\/encartes.mx\/fr\/tag\/proceso-de-transformacion\/\" rel=\"tag\">proceso de transformaci\u00f3n<\/a><\/p>\n\n\n\n<p class=\"en-title\"><em><span class=\"small-caps\">xumuavikari n\u00e1ayarite<\/span><\/em><span class=\"small-caps\">: the tiznados, cora holy week in nayarit<\/span><\/p>\n\n\n\n<p class=\"en-text abstract\">Drawing on an ethnographic study in Mesa del Nayar, Nayarit, this article explores the yearlong transformation of the <em>tiznados<\/em>, the main organizers of Holy Week or the <em>N\u00e1ayari<\/em> (Cora) Judea, and their role during the festivity. It analyzes how different creations meld together in the same ritual, specifically, the death and resurrection of Christ (Christ-Sun for the Cora people), the birth of Christianity; and Genesis, which represents the origin of the universe in Catholicism and the creation of the world according to the <em>N\u00e1ayarite<\/em>.<\/p>\n\n\n\n<p class=\"abstract\">Keywords: Holy Week, the erased, transformation, Genesis, n\u00e1ayari world.<\/p>\n\n\n\n<hr class=\"wp-block-separator has-alpha-channel-opacity is-style-dots\"\/>\n\n\n\n<p class=\"has-drop-cap abstract\">En la Sierra Madre Occidental comparten territorio los <em>n\u00e1ayari<\/em> (coras),<a class=\"anota\" id=\"anota1\" data-footnote=1>1<\/a> <em>wix\u00e1rica<\/em> (huicholes), <em>o\u2019dam<\/em> (tepehuanos), <em>mexican<\/em> (mexicaneros) y mestizos. Espec\u00edficamente los <em>n\u00e1ayarite<\/em> habitan en el estado de Nayarit, dentro de la denominada Cora Alta (partes altas de la sierra), en el municipio Del Nayar y, de los que forman parte de la Cora Baja (faldas de la sierra), en Acaponeta, Rosamorada y Ruiz:<\/p>\n\n\n\n<div class=\"image-slider\">\n                <div class=\"frame\">\n                    <div class=\"picture\" itemscope itemtype=\"http:\/\/schema.org\/ImageGallery\">\n                        <figure itemprop=\"associatedMedia\" itemscope itemtype=\"http:\/\/schema.org\/ImageObject\" class=\"slider-element\">\n                              <a href=\"https:\/\/encartes.mx\/wp-content\/uploads\/2025\/03\/mapa_1_grupos_culturales_regiones_y_municipios.jpg\" itemprop=\"contentUrl\" data-size=\"764x627\" data-index=\"0\" data-caption=\"Mapa 1: Grupos culturales, regiones y municipios (J\u00e1uregui et al., 2003: 127).\" >\n                                <img decoding=\"async\" src=\"https:\/\/encartes.mx\/wp-content\/uploads\/2025\/03\/mapa_1_grupos_culturales_regiones_y_municipios.jpg\" itemprop=\"thumbnail\">\n                                <i class=\"fa fa-expand expand\" aria-hidden=\"true\"><\/i>\n                            <\/a>\n                            <\/figure>                    <\/div>    \n                <\/div>\n                    <div class=\"caption\">Mapa 1: Grupos culturales, regiones y municipios (J\u00e1uregui et al., 2003: 127).<\/div><div class=\"image-analysis\"><\/div>                <div class=\"bullets\"><\/div>\n            <\/div>\n\n\n\n<p>La Judea o Semana Santa se realiza en cabeceras comunales<a class=\"anota\" id=\"anota2\" data-footnote=2>2<\/a> en las que se re\u00fanen los habitantes de localidades pertenecientes a cada una de ellas \u2013que llegan incluso desde el extranjero\u2013, en las que \u201cvar\u00eda la tonada\u201d<a class=\"anota\" id=\"anota3\" data-footnote=3>3<\/a> y resaltan los distintos \u201cestilos\u201d:<a class=\"anota\" id=\"anota4\" data-footnote=4>4<\/a> dentro de la Cora Alta, se lleva a cabo en Santa Teresa, Dolores, Mesa del Nayar, San Francisco y Jesu\u0301s Mari\u0301a; y, en la Cora Baja, en San Juan Corapan, Presidio de los Reyes, Mojocuautla, Rosarito, San Juan Bautista, San Blasito y Huaynamota.<\/p>\n\n\n\n<h2 class=\"wp-block-heading\">Introducci\u00f3n<\/h2>\n\n\n\n<p class=\"abstract\">Las publicaciones existentes sobre la Judea <em>n\u00e1ayari<\/em> dentro de la Cora Alta proceden de Jes\u00fas Mar\u00eda, la cabecera del municipio Del Nayar (Gonz\u00e1lez Laporte, 1994; Imafuku, 1993 [1987]; Valdovinos, 2002) y de las comunidades de Santa Teresa (Coyle, 1997; Jim\u00e9nez, 2006; Castillo Badillo y Coyle, 2021) y Dolores (J\u00e1uregui, 2016). Dentro de la Cora Baja, est\u00e1n los trabajos sobre los pueblos San Juan Bautista (Muratalla, 2015) y Presidio de los Reyes (J\u00e1uregui y Magri\u00f1\u00e1, 2015). Igualmente hay an\u00e1lisis generales derivados o relacionados con la Judea <em>n\u00e1ayari<\/em> (J\u00e1uregui, 2000 y 2008; Benciolini, 2012), adem\u00e1s de informes de corte monogr\u00e1fico y documental (Ben\u00edtez, 2019 [1970]; Gonz\u00e1lez Ramos, 1972; Mu\u00f1oz, 1973). A la fecha, no existe ninguna publicaci\u00f3n<a class=\"anota\" id=\"anota5\" data-footnote=5>5<\/a> sobre la Semana Santa en la Mesa del Nayar, lugar en el que se centra este trabajo.<a class=\"anota\" id=\"anota6\" data-footnote=6>6<\/a><\/p>\n\n\n\n<p>La mayor\u00eda de estos trabajos consiste en descripciones y\/o an\u00e1lisis que se concentran en el Triduo Pascual y que observan a la Semana Santa como rito de paso estacional de la temporada de secas a la de lluvias, al igual que para los hombres, y siguen el planteamiento de Konrad Theodor Preuss (1998 [1906\u00aa, 1906b, 1908\u00aa, 1908b, 1908c, 1908d, 1908e, 1909\u00aa, 1909b, 1912, 1928]), centrado en la lucha astral entre las fuerzas del mundo diurno y las del inframundo. En t\u00e9rminos generales, esta propuesta sostiene que los jud\u00edos se borran porque son seres del inframundo que suben a la tierra para capturar a Cristo, relacionado con el sol, que debe \u201cmorir\u201d para que sea posible que las lluvias fertilicen la tierra. Sin embargo, en ninguno de estos trabajos se ha se\u00f1alado el largo proceso de transformaci\u00f3n individual y comunitaria que se vive a lo largo del a\u00f1o para que sea posible dicho evento.<\/p>\n\n\n\n<p>Lo anterior es fundamental pues para los <em>n\u00e1ayarite<\/em> el mundo no es algo dado, sino que debe construirse constantemente con trabajo ritual y siempre en correspondencia con el \u201ccamino\u201d del sol que recorre el mundo luminoso durante el d\u00eda y la temporada de secas y el mundo de abajo, muchas veces llamado inframundo, durante la noche y la \u00e9poca de lluvias. A lo largo del a\u00f1o, adem\u00e1s de realizarse distintos rituales en correspondencia con lo anterior, hay una constante preparaci\u00f3n de los jud\u00edos, cuya actividad en Semana Santa ser\u00e1 vital debido a que es el momento en el que se crear\u00e1 la tierra que las lluvias habr\u00e1n de fertilizar.<\/p>\n\n\n\n<p>Esta creaci\u00f3n del mundo es entendida de diversas maneras; por un lado, implica dejar que el mundo de abajo, donde se encuentra toda la vida en potencia, \u201csuba\u201d a la superficie de la tierra, lo cual acontece durante el Triduo Pascual, momento en el que para los <em>n\u00e1ayarite<\/em> \u201cs\u00f3lo es de noche\u201d, porque \u201ccuando hay sol no se puede\u201d. Una vez creada la tierra, habr\u00e1 que fertilizarla con la fuerza vital contenida en los huesos de los ancestros que, tras ser enterrados, \u201ccrecen como flores\u201d, mismas que son, entonces, semillas, frutos que germinan la tierra. Por otro lado, la creaci\u00f3n del mundo se desarrolla \u201cpor partes\u201d, en las que es revelador que sigan los momentos de la creaci\u00f3n seg\u00fan el G\u00e9nesis.<a class=\"anota\" id=\"anota7\" data-footnote=7>7<\/a><\/p>\n\n\n\n<p>Debido a lo anterior ha sido posible establecer que en la Judea <em>n\u00e1ayari<\/em> se condensa<a class=\"anota\" id=\"anota8\" data-footnote=8>8<\/a> la formaci\u00f3n de tres grandes creaciones: por un lado, la muerte y resurrecci\u00f3n de Cristo, el conocido inicio hist\u00f3rico de la cristiandad y su renovaci\u00f3n anual; por otro lado, el G\u00e9nesis, origen del universo para el catolicismo y, por \u00faltimo, la creaci\u00f3n del mundo seg\u00fan los <em>n\u00e1ayarite<\/em>. En los trabajos de especialistas de la regi\u00f3n ha sido se\u00f1alada la primera creaci\u00f3n, pero las \u00faltimas dos nunca han sido comentadas.<\/p>\n\n\n\n<p>En el presente texto se ha elegido la presentaci\u00f3n en orden cronol\u00f3gico para mostrar tanto la paulatina transformaci\u00f3n de los jud\u00edos a lo largo del a\u00f1o, como las actividades de la Semana Santa relacionadas con las tres creaciones mencionadas. Para dar cuenta de lo anterior, primero se realiza una breve presentaci\u00f3n de los realizadores de la Judea; enseguida se muestran los momentos etnogr\u00e1ficos sobresalientes, a lo largo del a\u00f1o, de la paulatina transformaci\u00f3n comunitaria e individual gracias a la cual son posibles las tres grandes creaciones que se llevan a cabo en Semana Santa, mismas que, en el siguiente apartado, se observan a partir de determinadas acciones rituales, realizadas en conjunci\u00f3n con el G\u00e9nesis y cantos <em>n\u00e1ayarite.<\/em><\/p>\n\n\n\n<h2 class=\"wp-block-heading\">Inicio<\/h2>\n\n\n\n<p class=\"abstract\"><em>Xumuavikari<\/em>, tiznados, borrados, negros, pintos, pintados o jud\u00edos son los nombres dados por los <em>n\u00e1ayarite<\/em> al grupo mayor de participantes hombres, un aut\u00e9ntico ej\u00e9rcito, durante la <em>Xumuavika jetse<\/em> \u201cFiesta de los tiznados\u201d, la Semana Santa o Judea (por la participaci\u00f3n de los jud\u00edos) entre los <em>n\u00e1ayarite<\/em>, de Nayarit. La caracter\u00edstica distintiva, lo que les da su nombre, es que se embijan con olote y pasto seco quemado y disuelto en agua, quedando completamente tiznados, oscuros, que es el punto culminante de una transformaci\u00f3n que se desarrolla paulatinamente a lo largo del a\u00f1o.<\/p>\n\n\n\n<p>Como se establece en el Concilio de Trento (1545-1563),<a class=\"anota\" id=\"anota9\" data-footnote=9>9<\/a> la celebraci\u00f3n inicia el Viernes de Dolores y acaba el Domingo de Resurrecci\u00f3n, diez d\u00edas de intens\u00edsima actividad ritual, sobre todo durante el Triduo Pascual. Durante este tiempo, las Autoridades Tradicionales ceden su lugar a los Principales de la Judea, quienes se vuelven los responsables de la comunidad, as\u00ed como de la realizaci\u00f3n del ritual y de todos los participantes, que son los siguientes:<a class=\"anota\" id=\"anota10\" data-footnote=10>10<\/a><\/p>\n\n\n\n<figure class=\"wp-block-image size-large\"><img loading=\"lazy\" decoding=\"async\" width=\"1024\" height=\"699\" src=\"https:\/\/encartes.mx\/wp-content\/uploads\/2025\/03\/adriana_guzman-tabla-1-1024x699.jpg\" alt=\"\" class=\"wp-image-39610\" srcset=\"https:\/\/encartes.mx\/wp-content\/uploads\/2025\/03\/adriana_guzman-tabla-1-1024x699.jpg 1024w, https:\/\/encartes.mx\/wp-content\/uploads\/2025\/03\/adriana_guzman-tabla-1-300x205.jpg 300w, https:\/\/encartes.mx\/wp-content\/uploads\/2025\/03\/adriana_guzman-tabla-1-768x524.jpg 768w, https:\/\/encartes.mx\/wp-content\/uploads\/2025\/03\/adriana_guzman-tabla-1-1600x1093.jpg 1600w, https:\/\/encartes.mx\/wp-content\/uploads\/2025\/03\/adriana_guzman-tabla-1-2200x1502.jpg 2200w, https:\/\/encartes.mx\/wp-content\/uploads\/2025\/03\/adriana_guzman-tabla-1-1536x1049.jpg 1536w, https:\/\/encartes.mx\/wp-content\/uploads\/2025\/03\/adriana_guzman-tabla-1-2048x1399.jpg 2048w, https:\/\/encartes.mx\/wp-content\/uploads\/2025\/03\/adriana_guzman-tabla-1-18x12.jpg 18w, https:\/\/encartes.mx\/wp-content\/uploads\/2025\/03\/adriana_guzman-tabla-1-1200x819.jpg 1200w, https:\/\/encartes.mx\/wp-content\/uploads\/2025\/03\/adriana_guzman-tabla-1-1980x1352.jpg 1980w, https:\/\/encartes.mx\/wp-content\/uploads\/2025\/03\/adriana_guzman-tabla-1-scaled.jpg 2560w\" sizes=\"auto, (max-width: 1024px) 100vw, 1024px\" \/><\/figure>\n\n\n\n<h2 class=\"wp-block-heading\">Paulatina transformaci\u00f3n de los <em>xumuavikari<\/em><\/h2>\n\n\n\n<p class=\"abstract\">La trasformaci\u00f3n del espacio y los tiznados no es s\u00fabita, sino que es una prolongada construcci\u00f3n relacionada con el \u201ccamino del sol\u201d que inicia despu\u00e9s de la celebraci\u00f3n de la Santa Cruz (3 de mayo), d\u00eda en el que \u201cya est\u00e1 la cruz, as\u00ed se queda\u201d, siendo Huazamayor, con ayuda de algunos jud\u00edos (sin borrarse), el encargado de elaborarla y \u201clevantarla\u201d. Tiene un momento importante durante la Sant\u00edsima Trinidad (junio), la fiesta de <em>Tayau<\/em>, el sol en plenitud, momento en el que Huazamayor \u201carregla\u201d<a class=\"anota\" id=\"anota11\" data-footnote=11>11<\/a> a la Sant\u00edsima Trinidad<a class=\"anota\" id=\"anota12\" data-footnote=12>12<\/a> que se encuentra en el altar de la iglesia. Contin\u00faa en la can\u00edcula, durante la festividad de Santiago\/Santa Ana,<a class=\"anota\" id=\"anota13\" data-footnote=13>13<\/a> 25 y 26 de julio, cuando los jinetes santiagueros \u2013entre los que se encuentra Huazamayor, pero sin los atav\u00edos que lo caracterizan durante la Judea\u2013, descuartizan gallos y gallinas, es decir al sol,<a class=\"anota\" id=\"anota14\" data-footnote=14>14<\/a> para que las lluvias puedan terminar de caer durante la \u201csegunda vuelta\u201d<a class=\"anota\" id=\"anota15\" data-footnote=15>15<\/a> de su temporada.<\/p>\n\n\n\n<p>Despu\u00e9s, al d\u00eda siguiente del Arrullo al Rey Nayar (Santos Reyes, 6 de enero), \u201ccuando Cristo est\u00e1 chiquito\u201d,<a class=\"anota\" id=\"anota16\" data-footnote=16>16<\/a> durante la comida que Huazamayor<a class=\"anota\" id=\"anota17\" data-footnote=17>17<\/a> ofrece el 7 de enero, a la \u201cmitad\u201d de las festividades del cambio de Autoridades Tradicionales,<a class=\"anota\" id=\"anota18\" data-footnote=18>18<\/a> los Jefes de los jud\u00edos segundo y tercero aparecen con sus m\u00e1scaras buscando al Nazareno. Dos d\u00edas despu\u00e9s, el 9 de enero, se llevan a cabo \u201clos limonazos\u201d, que son arrojados a los caballos de los Jefes de los Moros \u2013jinetes guardianes de la virgen de Guadalupe, la diosa del mundo de abajo\u2013 para llamarlos, despertarlos, resucitarlos \u2013as\u00ed como con lim\u00f3n se resucita a los jud\u00edos el Viernes Santo\u2013.<\/p>\n\n\n\n<p>Posteriormente, en las Pachitas<a class=\"anota\" id=\"anota19\" data-footnote=19>19<\/a> se narran acontecimientos como la b\u00fasqueda del Nazareno por parte de los Pachiteros por \u201chaber cometido pecado con su madre\u201d.<a class=\"anota\" id=\"anota20\" data-footnote=20>20<\/a> Despu\u00e9s de esta celebraci\u00f3n, el Martes de Carnaval, una de las Malinches<a class=\"anota\" id=\"anota21\" data-footnote=21>21<\/a> de las Pachitas se dirije a Huazamayor dici\u00e9ndole que \u201clo intent\u00f3\u201d pero \u201cno pudo\u201d y \u201cfall\u00f3\u201d, por lo que ahora le corresponde a Huazamayor seguir con \u201cel trabajo\u201d y capturar a Cristo-Sol.<\/p>\n\n\n\n<p>Al d\u00eda siguiente, Mi\u00e9rcoles de Ceniza, atr\u00e1s de la casa de Huazamayor, el Gobernador le entrega al primero \u201cel mando\u201d, quien lo recibe de espaldas. Ambas acciones \u2013atr\u00e1s de la casa y estar de espaldas\u2013 indican una caracter\u00edstica distintiva del grupo de los borrados, que es su actuar \u201cal rev\u00e9s\u201d: palabras y acciones que son lo opuesto a lo que manifiestan o realizan.<\/p>\n\n\n\n<p>A partir de este momento y durante los viernes de Cuaresma, Huazamayor y Centuri\u00f3n \u2013quienes encarnan a los antepasados que han tenido los mismos cargos\u2013 ayunar\u00e1n junto con los dem\u00e1s Principales de la Judea, y Huazamayor con los Principales de los Moros recorrer\u00e1n a caballo el mundo, es decir, los puntos cardinales de las cercan\u00edas de la comunidad, en una circunferencia establecida en relaci\u00f3n con el Pozo de los jud\u00edos, lugar donde se borran, ubicado al oriente, en las partes bajas del arroyo que cruza la comunidad.<\/p>\n\n\n\n<div class=\"image-slider\">\n                <div class=\"frame\">\n                    <div class=\"picture\" itemscope itemtype=\"http:\/\/schema.org\/ImageGallery\">\n                        <figure itemprop=\"associatedMedia\" itemscope itemtype=\"http:\/\/schema.org\/ImageObject\" class=\"slider-element\">\n                              <a href=\"https:\/\/encartes.mx\/wp-content\/uploads\/2025\/03\/esquema_1_lugares_relevantes_de_la_comunidad_durante_la_judea_y_circuito_procesional.jpg\" itemprop=\"contentUrl\" data-size=\"559x401\" data-index=\"0\" data-caption=\"Esquema 1: Lugares relevantes de la comunidad durante la Judea y circuito procesional Fuente: Elaboraci\u00f3n de la autora.\" >\n                                <img decoding=\"async\" src=\"https:\/\/encartes.mx\/wp-content\/uploads\/2025\/03\/esquema_1_lugares_relevantes_de_la_comunidad_durante_la_judea_y_circuito_procesional.jpg\" itemprop=\"thumbnail\">\n                                <i class=\"fa fa-expand expand\" aria-hidden=\"true\"><\/i>\n                            <\/a>\n                            <\/figure>                    <\/div>    \n                <\/div>\n                    <div class=\"caption\">Esquema 1: Lugares relevantes de la comunidad durante la Judea y circuito procesional Fuente: Elaboraci\u00f3n de la autora.<\/div><div class=\"image-analysis\"><\/div>                <div class=\"bullets\"><\/div>\n            <\/div>\n\n\n\n<p>Durante la Cuaresma, Huazamayor organiza a los \u201cmensajeros\u201d que habr\u00e1n de conseguir los insumos para la fiesta \u2013pl\u00e1tanos, naranjas, miel, ma\u00edz y otros alimentos que ser\u00e1n para los jud\u00edos; flores, ramas verdes diversas, varas de otate que se utilizar\u00e1n en los arreglos de la iglesia; agua \u201cespecial\u201d<a class=\"anota\" id=\"anota22\" data-footnote=22>22<\/a> con la que se bendecir\u00e1 todo y se le repartir\u00e1 a la gente; olotes, pasto y tierra blanca para borrarse y los largos carrizos que ser\u00e1n las lanzas\u2013, que guarda en su casa,<a class=\"anota\" id=\"anota23\" data-footnote=23>23<\/a> donde se re\u00fanen para elaborar las velas con cera de abeja nativa, o los apagavelas de ramas de gordolobo (<em>Verbascum thapsus)<\/em>, o para arreglar cualquier objeto de los que se utilizar\u00e1n durante la Judea. Una semana antes del inicio de la Semana Santa, los Ancianos<a class=\"anota\" id=\"anota24\" data-footnote=24>24<\/a> de la comunidad y Principales de la Judea se encuentran todos los di\u0301as para las oraciones y la fabricacio\u0301n de las lanzas de carrizo que portar\u00e1n los jud\u00edos.<\/p>\n\n\n\n<p>Asimismo durante Cuaresma, quienes han hecho \u201cmanda de borrarse\u201d durante cinco a\u00f1os consecutivos se presentan ante los Principales de la Judea \u2013o mandan \u201crecado\u201d\u2013 para reiterar su compromiso e informar cu\u00e1ntos a\u00f1os les faltan por cumplir. Igualmente se apersonan quienes desean \u201ciniciar manda\u201d para s\u00ed mismos o para alg\u00fan familiar, en ocasiones ni\u00f1os de brazos y todos los que tienen alg\u00fan cargo de Semana Santa.<\/p>\n\n\n\n<p>Tambi\u00e9n durante este tiempo, sobre todo mientras m\u00e1s se acerca a su fin, los futuros borrados van en busca de la madera de hu\u00e1sima, naranjo \u2013o alguna otra suave pero resistente\u2013 para fabricar su sable<a class=\"anota\" id=\"anota25\" data-footnote=25>25<\/a>, lo que suelen realizar en solitario o acompa\u00f1ados entre dos, cuando mucho tres hombres. De acuerdo con el dise\u00f1o de sable que quieran realizar, ser\u00e1 la madera seleccionada, tras lo cual comienza la talla del mismo con machete y cuchillo, actividad que lleva varios d\u00edas (v\u00e9anse fotos 1 y 2).<\/p>\n\n\n\n<div class=\"image-slider\">\n                <div class=\"frame\">\n                    <div class=\"picture\" itemscope itemtype=\"http:\/\/schema.org\/ImageGallery\">\n                        <figure itemprop=\"associatedMedia\" itemscope itemtype=\"http:\/\/schema.org\/ImageObject\" class=\"slider-element\">\n                              <a href=\"https:\/\/encartes.mx\/wp-content\/uploads\/2025\/03\/fotografia_1_sables_de_adultos.jpg\" itemprop=\"contentUrl\" data-size=\"175x233\" data-index=\"0\" data-caption=\"Foto 1: Sables de adultos. Fotograf\u00edas: Adriana Guzm\u00e1n, Mesa del Nayar, 2023.\" >\n                                <img decoding=\"async\" src=\"https:\/\/encartes.mx\/wp-content\/uploads\/2025\/03\/fotografia_1_sables_de_adultos.jpg\" itemprop=\"thumbnail\">\n                                <i class=\"fa fa-expand expand\" aria-hidden=\"true\"><\/i>\n                            <\/a>\n                            <\/figure><figure itemprop=\"associatedMedia\" itemscope itemtype=\"http:\/\/schema.org\/ImageObject\" class=\"slider-element\">\n                              <a href=\"https:\/\/encartes.mx\/wp-content\/uploads\/2025\/03\/fotografia_2_sable_de_nino.jpg\" itemprop=\"contentUrl\" data-size=\"537x715\" data-index=\"0\" data-caption=\"Foto 2: Sable de ni\u00f1o.\" >\n                                <img decoding=\"async\" src=\"https:\/\/encartes.mx\/wp-content\/uploads\/2025\/03\/fotografia_2_sable_de_nino.jpg\" itemprop=\"thumbnail\">\n                                <i class=\"fa fa-expand expand\" aria-hidden=\"true\"><\/i>\n                            <\/a>\n                            <\/figure>                    <\/div>    \n                <\/div>\n                    <div class=\"caption\">Foto 1: Sables de adultos. Fotograf\u00edas: Adriana Guzm\u00e1n, Mesa del Nayar, 2023.<\/div><div class=\"image-analysis\"><\/div><div class=\"caption\">Foto 2: Sable de ni\u00f1o.<\/div><div class=\"image-analysis\"><\/div>                <div class=\"bullets\"><\/div>\n            <\/div>\n\n\n\n<p>Mientras los hombres fabrican su sable, las mujeres elaboran el calz\u00f3n de manta y la faja, obligatorios para todos los borrados y, cuando as\u00ed lo solicitan los hombres, hacen peque\u00f1os morrales<a class=\"anota\" id=\"anota26\" data-footnote=26>26<\/a> con los colores y dise\u00f1os que quieran (v\u00e9anse fotos 3 y 4), y que algunos utilizan atados a la cintura, donde recargan las largas lanzas. Igualmente realizan los portavelas (cilindros de papel de china de colores) que utilizar\u00e1n en las procesiones de mujeres. Anteriormente, era el tiempo de hacer los ramitos de flores \u2013que han sustituido por mo\u00f1os de colores\u2013 que amarran a la ropa y cabello de \u201clos angelitos\u201d, ni\u00f1as,<a class=\"anota\" id=\"anota27\" data-footnote=27>27<\/a> y de coserse falda y blusa que estrenar\u00e1n despu\u00e9s del Domingo de Resurrecci\u00f3n (v\u00e9ase foto 5).<a class=\"anota\" id=\"anota28\" data-footnote=28>28<\/a><\/p>\n\n\n\n<div class=\"image-slider\">\n                <div class=\"frame\">\n                    <div class=\"picture\" itemscope itemtype=\"http:\/\/schema.org\/ImageGallery\">\n                        <figure itemprop=\"associatedMedia\" itemscope itemtype=\"http:\/\/schema.org\/ImageObject\" class=\"slider-element\">\n                              <a href=\"https:\/\/encartes.mx\/wp-content\/uploads\/2025\/03\/fotografia_3_pequeno_morral.jpg\" itemprop=\"contentUrl\" data-size=\"531x678\" data-index=\"0\" data-caption=\"Fotos 3 y 4: Peque\u00f1o morral para jud\u00edo. Fotograf\u00edas: Adriana Guzm\u00e1n, Mesa del Nayar, 2023.\" >\n                                <img decoding=\"async\" src=\"https:\/\/encartes.mx\/wp-content\/uploads\/2025\/03\/fotografia_3_pequeno_morral.jpg\" itemprop=\"thumbnail\">\n                                <i class=\"fa fa-expand expand\" aria-hidden=\"true\"><\/i>\n                            <\/a>\n                            <\/figure><figure itemprop=\"associatedMedia\" itemscope itemtype=\"http:\/\/schema.org\/ImageObject\" class=\"slider-element\">\n                              <a href=\"https:\/\/encartes.mx\/wp-content\/uploads\/2025\/03\/fotografia_4_pequeno_morral.jpg\" itemprop=\"contentUrl\" data-size=\"722x669\" data-index=\"0\" data-caption=\"Fotos 3 y 4: Peque\u00f1o morral para jud\u00edo. Fotograf\u00edas: Adriana Guzm\u00e1n, Mesa del Nayar, 2023.\" >\n                                <img decoding=\"async\" src=\"https:\/\/encartes.mx\/wp-content\/uploads\/2025\/03\/fotografia_4_pequeno_morral.jpg\" itemprop=\"thumbnail\">\n                                <i class=\"fa fa-expand expand\" aria-hidden=\"true\"><\/i>\n                            <\/a>\n                            <\/figure><figure itemprop=\"associatedMedia\" itemscope itemtype=\"http:\/\/schema.org\/ImageObject\" class=\"slider-element\">\n                              <a href=\"https:\/\/encartes.mx\/wp-content\/uploads\/2025\/03\/fotografia_5_portavelas_y_angelito.jpg\" itemprop=\"contentUrl\" data-size=\"840x1227\" data-index=\"0\" data-caption=\"Foto 5: Portavelas y \"angelito\". Fotograf\u00eda: Adriana Guzm\u00e1n, Mesa del Nayar, 2023.\" >\n                                <img decoding=\"async\" src=\"https:\/\/encartes.mx\/wp-content\/uploads\/2025\/03\/fotografia_5_portavelas_y_angelito.jpg\" itemprop=\"thumbnail\">\n                                <i class=\"fa fa-expand expand\" aria-hidden=\"true\"><\/i>\n                            <\/a>\n                            <\/figure>                    <\/div>    \n                <\/div>\n                    <div class=\"caption\">Fotos 3 y 4: Peque\u00f1o morral para jud\u00edo. Fotograf\u00edas: Adriana Guzm\u00e1n, Mesa del Nayar, 2023.<\/div><div class=\"image-analysis\"><\/div><div class=\"caption\">Fotos 3 y 4: Peque\u00f1o morral para jud\u00edo. Fotograf\u00edas: Adriana Guzm\u00e1n, Mesa del Nayar, 2023.<\/div><div class=\"image-analysis\"><\/div><div class=\"caption\">Foto 5: Portavelas y \"angelito\". Fotograf\u00eda: Adriana Guzm\u00e1n, Mesa del Nayar, 2023.<\/div><div class=\"image-analysis\"><\/div>                <div class=\"bullets\"><\/div>\n            <\/div>\n\n\n\n<p>Este tiempo no es solo de preparativos para la celebraci\u00f3n, sino parte fundamental del proceso de transformaci\u00f3n social, del territorio y de cada uno de los participantes. Paulatinamente la comunidad modifica sus ritmos, detiene sus labores cotidianas para dedicarse a las necesarias para la celebraci\u00f3n: obtenci\u00f3n de productos, ayunos \u2013individuales o colectivos\u2013, reuniones con los Principales o fabricaci\u00f3n de objetos \u2013velas, apagavelas, lanzas\u2013. Las actividades que se realizan individualmente \u2013tallar los sables, elaborar textiles\u2013 son laboriosas, demandan tiempo, concentraci\u00f3n, paciencia, habilidad, creatividad, lo que propicia introspecci\u00f3n, cambios de actitud, de ritmos corporales, de autorreflexi\u00f3n.<\/p>\n\n\n\n<p>El territorio tambi\u00e9n se ha ido transformando en mucho sentidos: las carreras de caballos desde Santiago\/Santa Ana, junto con las de Huazamayor y los Moros realizadas durante la Cuaresma y las de los borrados y las de Centuri\u00f3n durante la Judea, levantan polvo que es como el humo de tabaco, es decir, nubes que son antepasados que traen y son la lluvia. Las danzas circulares de las Pachitas han removido la fuerza vital que se encuentra en el mundo de abajo, atray\u00e9ndola para que surja a la superficie de la tierra, del mundo, que se ha preparado con los recorridos de Huazamayor y los Moros.<\/p>\n\n\n\n<h2 class=\"wp-block-heading\">La Judea<\/h2>\n\n\n\n<p class=\"abstract\">La Semana Santa es la culminaci\u00f3n del largo proceso anual, individual y comunitario, mencionado brevemente, que hace posible la creaci\u00f3n del mundo en varios sentidos: en ella se condensan la muerte y resurrecci\u00f3n de Cristo (Cristo-Sol para los coras), inicio de la cristiandad; el G\u00e9nesis, origen del mundo para el catolicismo y la creaci\u00f3n del mundo seg\u00fan los <em>n\u00e1ayarite<\/em>.<\/p>\n\n\n\n<p>Para los coras, la iglesia<a class=\"anota\" id=\"anota29\" data-footnote=29>29<\/a> es igual al mundo, \u201cpero m\u00e1s chiquito\u201d, al igual que el circuito procesional de la comunidad.<a class=\"anota\" id=\"anota30\" data-footnote=30>30<\/a> Antes del Triduo Pascual, el Viernes de Dolores, se cubren o retiran las deidades del altar. Con ramas verdes de pino, mango y laurel<a class=\"anota\" id=\"anota31\" data-footnote=31>31<\/a> cubren el barandal colocado ante el altar mayor, as\u00ed como las tres largas cuerdas que sostienen al centro un incensario y en cada lado un candelabro, cada uno de los cuales tiene tres velas que deben ser de fabricaci\u00f3n local con cera de abeja nativa. Igualmente colocan ramas verdes en la cruz del coro, en las que est\u00e1n sobre las paredes laterales y en la de la pila bautismal, junto a la que colocan m\u00e1s ramas verdes. En el atrio, las amarran en la cruz y en las estaciones del circuito procesional colocan cruces de palma.<\/p>\n\n\n\n<div class=\"image-slider\">\n                <div class=\"frame\">\n                    <div class=\"picture\" itemscope itemtype=\"http:\/\/schema.org\/ImageGallery\">\n                        <figure itemprop=\"associatedMedia\" itemscope itemtype=\"http:\/\/schema.org\/ImageObject\" class=\"slider-element\">\n                              <a href=\"https:\/\/encartes.mx\/wp-content\/uploads\/2025\/03\/fotografia_6_interior_de_la_iglesia_el_viernes_de_dolores.jpg\" itemprop=\"contentUrl\" data-size=\"369x333\" data-index=\"0\" data-caption=\"Foto 6: Interior de la iglesia el Viernes de Dolores. Fotograf\u00eda: Adriana Guzm\u00e1n, Mesa del Nayar, 2023.\" >\n                                <img decoding=\"async\" src=\"https:\/\/encartes.mx\/wp-content\/uploads\/2025\/03\/fotografia_6_interior_de_la_iglesia_el_viernes_de_dolores.jpg\" itemprop=\"thumbnail\">\n                                <i class=\"fa fa-expand expand\" aria-hidden=\"true\"><\/i>\n                            <\/a>\n                            <\/figure>                    <\/div>    \n                <\/div>\n                    <div class=\"caption\">Foto 6: Interior de la iglesia el Viernes de Dolores. Fotograf\u00eda: Adriana Guzm\u00e1n, Mesa del Nayar, 2023.<\/div><div class=\"image-analysis\"><\/div>                <div class=\"bullets\"><\/div>\n            <\/div>\n\n\n\n<p>Desde este d\u00eda y hasta el Viernes Santo, cuando baja el sol, los jud\u00edos \u201cque son lluvia\u201d recorren el circuito procesional, el mismo que Huazamayor ha cabalgado durante la Cuaresma, es decir, el mundo que van creando con sus pasos.<\/p>\n\n\n\n<p>El Lunes Santo, todas \u201clas ropas\u201d (mantas, manteles, servilletas) de la iglesia se llevan a lavar. El Martes Santo, se retira absolutamente todo lo que hay en el interior del templo, de tal manera que no haya nada, como antes de la Creaci\u00f3n seg\u00fan el G\u00e9nesis:<a class=\"anota\" id=\"anota33\" data-footnote=33>33<\/a><\/p>\n\n\n\n<p class=\"verse\">En el principio cre\u00f3 Dios los cielos y la tierra. Y la tierra estaba desordenada y vac\u00eda, y las tinieblas estaban sobre la faz del abismo, y el Esp\u00edritu de Dios se mov\u00eda sobre la faz de las aguas.<\/p>\n\n\n\n<p>A mediod\u00eda, en un petrograbado que se encuentra en la barda norte del atrio, viendo hacia la cruz atrial y la entrada de la iglesia, una Anciana (viuda con cargo vitalicio) coloca l\u00edneas de ma\u00edz triturado de los cinco colores:<a class=\"anota\" id=\"anota34\" data-footnote=34>34<\/a> en la l\u00ednea y los hoyos que quedan al norte distribuye ma\u00edz amarillo; en la siguiente, morado; la que sigue, rojo; la siguiente, blanco y la \u00faltima, pinto. En cada una de las cuatro esquinas del cuadrado interior coloca tamalitos de pinole de los cinco ma\u00edces, junto con cinco peque\u00f1os peyotes. En torno al hoyo del centro coloca cinco flores cuyos tallos convergen en el centro y los brotes dirigidos hacia los puntos cardinales. Es el mundo <em>n\u00e1ayari<\/em> que se est\u00e1 creando en estos d\u00edas.<\/p>\n\n\n\n<div class=\"image-slider\">\n                <div class=\"frame\">\n                    <div class=\"picture\" itemscope itemtype=\"http:\/\/schema.org\/ImageGallery\">\n                        <figure itemprop=\"associatedMedia\" itemscope itemtype=\"http:\/\/schema.org\/ImageObject\" class=\"slider-element\">\n                              <a href=\"https:\/\/encartes.mx\/wp-content\/uploads\/2025\/03\/fotografia_7_el_mundo_naayari.jpg\" itemprop=\"contentUrl\" data-size=\"442x331\" data-index=\"0\" data-caption=\"Foto 7: El mundo n\u00e1ayari. Fotograf\u00eda: Adriana Guzm\u00e1n, Mesa del Nayar, 2023.\" >\n                                <img decoding=\"async\" src=\"https:\/\/encartes.mx\/wp-content\/uploads\/2025\/03\/fotografia_7_el_mundo_naayari.jpg\" itemprop=\"thumbnail\">\n                                <i class=\"fa fa-expand expand\" aria-hidden=\"true\"><\/i>\n                            <\/a>\n                            <\/figure>                    <\/div>    \n                <\/div>\n                    <div class=\"caption\">Foto 7: El mundo n\u00e1ayari. Fotograf\u00eda: Adriana Guzm\u00e1n, Mesa del Nayar, 2023.<\/div><div class=\"image-analysis\"><\/div>                <div class=\"bullets\"><\/div>\n            <\/div>\n\n\n\n<p>Mientras tanto, al interior del templo queda todo a oscuras hasta el alba del Mi\u00e9rcoles Santo, momento en que hay una total transformaci\u00f3n de la iglesia. Desde la ma\u00f1ana se elabora una gran estructura llamada \u201ccasa de Dios\u201d o \u201ccorona\u201d adornada de \u201cflores\u201d de ramas verdes de sotol (<em>Dasyrilion<\/em>), en cuya c\u00faspide se coloca una cruz de Cristo-Sol. La \u201ccorona\u201d se suspende del techo, debajo de la misma ubican una mesa que sirve de altar donde se colocar\u00e1 a Cristo crucificado: el Sol, cuyo recorrido \u201ccrea\u201d las temporadas de lluvias y de secas. La \u201ccorona\u201d es el cielo con el Sol y las estrellas (flores), el altar es la Tierra, debajo de la cual est\u00e1 \u201cel agua que rodea al mundo\u201d. Como dice el G\u00e9nesis:<\/p>\n\n\n\n<p class=\"verse\">Y dijo Dios: Sea la luz; y fue la luz. Y vio Dios que la luz era buena; y separ\u00f3 Dios la luz de las tinieblas. Y llam\u00f3 Dios a la luz D\u00eda, y a las tinieblas llam\u00f3 Noche.<br>Luego dijo Dios: Haya expansi\u00f3n en medio de las aguas, y separe las aguas de las aguas. E hizo Dios la expansi\u00f3n, y separ\u00f3 las aguas que estaban debajo de la expansi\u00f3n, de las aguas que estaban sobre la expansi\u00f3n. Y fue as\u00ed. Y llam\u00f3 Dios a la expansi\u00f3n Cielos.<br>Dijo luego Dios: Haya lumbreras en la expansi\u00f3n de los cielos para separar el d\u00eda de la noche; y sirvan de se\u00f1ales para las estaciones, para d\u00edas y a\u00f1os, y sean por lumbreras en la expansi\u00f3n de los cielos para alumbrar sobre la tierra. Y fue as\u00ed. E hizo Dios las dos grandes lumbreras; la lumbrera mayor para que se\u00f1orease en el d\u00eda, y la lumbrera menor para que se\u00f1orease en la noche; hizo tambi\u00e9n las estrellas. Y las puso Dios en la expansi\u00f3n de los cielos para alumbrar sobre la tierra, y para se\u00f1orear en el d\u00eda y en la noche, y para separar las luz de las tinieblas. Y vio Dios que era bueno.<br>Dijo tambi\u00e9n Dios: J\u00fantense las aguas que est\u00e1n debajo de los cielos en un lugar, y descr\u00edbase lo seco. Y fue as\u00ed. Y llam\u00f3 Dios a lo seco Tierra, y a la reuni\u00f3n de las aguas llam\u00f3 Mares. Y vio Dios que era bueno.<\/p>\n\n\n\n<div class=\"image-slider\">\n                <div class=\"frame\">\n                    <div class=\"picture\" itemscope itemtype=\"http:\/\/schema.org\/ImageGallery\">\n                        <figure itemprop=\"associatedMedia\" itemscope itemtype=\"http:\/\/schema.org\/ImageObject\" class=\"slider-element\">\n                              <a href=\"https:\/\/encartes.mx\/wp-content\/uploads\/2025\/03\/fotografia_8_interior_de_la_iglesia_el_miercoles_santo.jpg\" itemprop=\"contentUrl\" data-size=\"416x487\" data-index=\"0\" data-caption=\"Foto 8: Interior de la iglesia el Mi\u00e9rcoles Santo. Fotograf\u00eda: Adriana Guzm\u00e1n, Mesa del Nayar, 2023.\" >\n                                <img decoding=\"async\" src=\"https:\/\/encartes.mx\/wp-content\/uploads\/2025\/03\/fotografia_8_interior_de_la_iglesia_el_miercoles_santo.jpg\" itemprop=\"thumbnail\">\n                                <i class=\"fa fa-expand expand\" aria-hidden=\"true\"><\/i>\n                            <\/a>\n                            <\/figure>                    <\/div>    \n                <\/div>\n                    <div class=\"caption\">Foto 8: Interior de la iglesia el Mi\u00e9rcoles Santo. Fotograf\u00eda: Adriana Guzm\u00e1n, Mesa del Nayar, 2023.<\/div><div class=\"image-analysis\"><\/div>                <div class=\"bullets\"><\/div>\n            <\/div>\n\n\n\n<p>Al amanecer del Jueves Santo, los jud\u00edos se borran en el Pozo de los jud\u00edos, al oriente de la comunidad, e ingresan al poblado realizando un movimiento envolvente: una columna por el norte, otra por el sur y se encuentran al poniente desde donde corren hacia el atrio para \u201ctomar\u201d la iglesia (v\u00e9ase foto 9); es el momento en el que el mundo acu\u00e1tico de abajo se junta con el agua de arriba (la lluvia, los jud\u00edos) para crear la tierra con el correr de los jud\u00edos; a partir de este momento y hasta que se abra la Gloria el S\u00e1bado Santo, el mundo se mantiene en tinieblas, pues est\u00e1 invadido por la oscuridad del mundo de abajo, lugar donde siempre est\u00e1 latente la fertilidad que habr\u00e1 de brotar en la tierra.<\/p>\n\n\n\n<div class=\"image-slider\">\n                <div class=\"frame\">\n                    <div class=\"picture\" itemscope itemtype=\"http:\/\/schema.org\/ImageGallery\">\n                        <figure itemprop=\"associatedMedia\" itemscope itemtype=\"http:\/\/schema.org\/ImageObject\" class=\"slider-element\">\n                              <a href=\"https:\/\/encartes.mx\/wp-content\/uploads\/2025\/03\/fotografia_9_judios_corriendo_a_tomar_la_iglesia.jpg\" itemprop=\"contentUrl\" data-size=\"1350x875\" data-index=\"0\" data-caption=\"Foto 9: Jud\u00edos corriendo a \"tomar\" la iglesia. Fotograf\u00eda: Adriana Guzm\u00e1n, Mesa del Nayar, 2023.\" >\n                                <img decoding=\"async\" src=\"https:\/\/encartes.mx\/wp-content\/uploads\/2025\/03\/fotografia_9_judios_corriendo_a_tomar_la_iglesia.jpg\" itemprop=\"thumbnail\">\n                                <i class=\"fa fa-expand expand\" aria-hidden=\"true\"><\/i>\n                            <\/a>\n                            <\/figure>                    <\/div>    \n                <\/div>\n                    <div class=\"caption\">Foto 9: Jud\u00edos corriendo a \"tomar\" la iglesia. Fotograf\u00eda: Adriana Guzm\u00e1n, Mesa del Nayar, 2023.<\/div><div class=\"image-analysis\"><\/div>                <div class=\"bullets\"><\/div>\n            <\/div>\n\n\n\n<p>A partir de que se borran no se les puede llamar por su nombre, no tienen casa y \u201cpierden\u201d sus relaciones familiares, ya que todos son hijos de Huazamayor. Los tiznados son seres del mundo de abajo responsables de la creaci\u00f3n del mundo; por eso tan larga transformaci\u00f3n, por eso su formaci\u00f3n militar, pues deben luchar contra la potencia del sol. Dado que en esos tiempos el mundo est\u00e1 invertido \u2013lo de abajo ha cubierto a lo de arriba\u2013 deben ser borrados, as\u00ed como hablar y actuar \u201cal rev\u00e9s\u201d.<\/p>\n\n\n\n<p>Poco despu\u00e9s de las dos de la tarde comienza la persecuci\u00f3n del Nazareno, quien primero est\u00e1 con los jud\u00edos, repentinamente se va a la casa de Huazamayor de donde sale corriendo y se hace el dormido debajo de un \u00e1rbol; es descubierto por los borrados, quienes en columnas, una por un lado y en una direcci\u00f3n y la otra por el otro en direcci\u00f3n contraria, lo rodean y lo acorralan, pero escapa. En un segundo intento hacen lo mismo cerca del Patio de los Moros, pero nuevamente escapa, hasta la tercera ocasi\u00f3n, alrededor de las tres de la tarde, en la que lo apresan cerca de la iglesia. Lo detiene un Capit\u00e1n y luego otros jud\u00edos lo atan y lo tiran al suelo, boca arriba, con la cabeza hacia el poniente, le hacen juicio y lo sentencian. Lo presentan frente a la iglesia, lo llevan a realizar el viacrucis del interior del atrio y, mientras los Capitanes se suben a la cruz atrial, crucifican al Nazareno en una gran cruz de madera en la que lo llevan a hacer el circuito procesional por la comunidad, que termina en la Casa Fuerte. Acto seguido, los jud\u00edos se dirigen a la casa de Huazamayor donde bailan y cantan,<a class=\"anota\" id=\"anota35\" data-footnote=35>35<\/a> creando el mundo entendido a la manera <em>n\u00e1ayeri<\/em> conforme lo mencionan:<\/p>\n\n\n\n<p class=\"verse\">\u00bfD\u00f3nde estamos en realidad?<br>Estamos en T\u00e9ijmata\u2019 [este]<br>\u00bfD\u00f3nde estamos en realidad?<br>Estamos en Hu\u00e1ahuta [oeste]<br>\u00bfD\u00f3nde estamos en realidad?<br>Estamos en Tz\u00e9r\u00e9eme\u2019en [norte]<br>\u00bfD\u00f3nde estamos en realidad?<br>Estamos en Cuamerech\u00e9 [sur]<br>\u00bfD\u00f3nde estamos en realidad?<br>Estamos en Tajapu\u00e1 (arriba)<br>\u00bfD\u00f3nde estamos en realidad?<br>Estamos en Tajet\u00e9 (abajo)<br>\u00bfD\u00f3nde estamos en realidad?<br>Estamos en Nainjapua (en todas partes)<br>(Casad, 1989: 114).<\/p>\n\n\n\n<p>Mientras esto sucede en el exterior, en el interior de la iglesia desde el amanecer hay una nueva transformaci\u00f3n; lo del d\u00eda anterior se retira, la \u201ccorona\u201d y las ramas verdes son arrojadas afuera del atrio, del lado oriental, y todo se llena de flores de clavellina (<em>Preudobombax ellipticum<\/em>) rojas y blancas y frutos, especialmente naranjas.<\/p>\n\n\n\n<p>Por la tarde\/noche se lleva a cabo la \u201cprocesi\u00f3n de mujeres\u201d con los \u201cangelitos\u201d, encabezada por Centuri\u00f3n en su enjaezada montura, seguido por Nazareno crucificado y Santo Entierro en andas y rodeada por los borrados, lo que se asemeja a una \u201cserpiente\u201d<a class=\"anota\" id=\"anota36\" data-footnote=36>36<\/a> con el \u201ccuerpo\u201d lleno de flores o \u201cserpiente floreada\u201d: la fuerza vital del mundo de abajo que le ha dado muerte a Cristo-Sol, lo cual es necesario para que las lluvias puedan hacer su tarea. Los \u201cangelitos\u201d coloridos esparcen la fuerza vital a manera de flores (mo\u00f1os) por toda la tierra que ha sido creada por los jud\u00edos durante sus recorridos por el circuito procesional: la tierra florece, como dice el G\u00e9nesis:<\/p>\n\n\n\n<p class=\"verse\">Despu\u00e9s dijo Dios: Produzca la tierra hierba verde, hierba que d\u00e9 semilla; \u00e1rbol de fruto que d\u00e9 fruto seg\u00fan su g\u00e9nero, que su semilla est\u00e9 en \u00e9l, sobre la tierra. Y fue as\u00ed. Produjo, pues, la tierra hierba verde, hierba que da semilla seg\u00fan su naturaleza, y \u00e1rbol que da fruto, cuya semilla est\u00e1 en \u00e9l, seg\u00fan su g\u00e9nero. Y vio Dios que era bueno.<\/p>\n\n\n\n<div class=\"image-slider\">\n                <div class=\"frame\">\n                    <div class=\"picture\" itemscope itemtype=\"http:\/\/schema.org\/ImageGallery\">\n                        <figure itemprop=\"associatedMedia\" itemscope itemtype=\"http:\/\/schema.org\/ImageObject\" class=\"slider-element\">\n                              <a href=\"https:\/\/encartes.mx\/wp-content\/uploads\/2025\/03\/fotografia_10_10_tenebrario.jpg\" itemprop=\"contentUrl\" data-size=\"249x343\" data-index=\"0\" data-caption=\"Foto 10: Tenebrario. Fotograf\u00edas: Adriana Guzm\u00e1n, Mesa del Nayar, 2023.\" >\n                                <img decoding=\"async\" src=\"https:\/\/encartes.mx\/wp-content\/uploads\/2025\/03\/fotografia_10_10_tenebrario.jpg\" itemprop=\"thumbnail\">\n                                <i class=\"fa fa-expand expand\" aria-hidden=\"true\"><\/i>\n                            <\/a>\n                            <\/figure><figure itemprop=\"associatedMedia\" itemscope itemtype=\"http:\/\/schema.org\/ImageObject\" class=\"slider-element\">\n                              <a href=\"https:\/\/encartes.mx\/wp-content\/uploads\/2025\/03\/fotografia_11_crus_atrial.jpg\" itemprop=\"contentUrl\" data-size=\"248x296\" data-index=\"0\" data-caption=\"Foto 11: Cruz atrial.\" >\n                                <img decoding=\"async\" src=\"https:\/\/encartes.mx\/wp-content\/uploads\/2025\/03\/fotografia_11_crus_atrial.jpg\" itemprop=\"thumbnail\">\n                                <i class=\"fa fa-expand expand\" aria-hidden=\"true\"><\/i>\n                            <\/a>\n                            <\/figure>                    <\/div>    \n                <\/div>\n                    <div class=\"caption\">Foto 10: Tenebrario. Fotograf\u00edas: Adriana Guzm\u00e1n, Mesa del Nayar, 2023.<\/div><div class=\"image-analysis\"><\/div><div class=\"caption\">Foto 11: Cruz atrial.<\/div><div class=\"image-analysis\"><\/div>                <div class=\"bullets\"><\/div>\n            <\/div>\n\n\n\n<p>Ambos llenos de flores, de la misma manera en la que se encuentra toda la iglesia.<\/p>\n\n\n\n<p>El Viernes Santo nuevamente la iglesia se desnuda por completo. Mientras esto sucede, se lleva a cabo la \u201cinstrucci\u00f3n\u201d de los borrados: encabezados por un jud\u00edo adulto, los ni\u00f1os tiznados deben seguirlo \u201csin perder el paso\u201d; el mayor los lleva cuesta arriba por distintas partes de la comunidad, mientras los ni\u00f1os van quedando en el camino completamente sofocados. Los jud\u00edos j\u00f3venes hacen formaciones \u201cen cuadro\u201d (v\u00e9ase foto 12): a la cabeza unos cinco borrados atr\u00e1s de los cuales se integran cuantos quieran, respetando los lugares, avanzan en l\u00ednea con \u201cel paso del sapo\u201d,<a class=\"anota\" id=\"anota37\" data-footnote=37>37<\/a> se desplazan emitiendo su caracter\u00edstico grito, sin prisa, desde su \u201ccuartel\u201d<a class=\"anota\" id=\"anota38\" data-footnote=38>38<\/a> hacia otros espacios cercanos y regresando a su lugar. Todo esto se repite varias veces hasta el atardecer.<\/p>\n\n\n\n<div class=\"image-slider\">\n                <div class=\"frame\">\n                    <div class=\"picture\" itemscope itemtype=\"http:\/\/schema.org\/ImageGallery\">\n                        <figure itemprop=\"associatedMedia\" itemscope itemtype=\"http:\/\/schema.org\/ImageObject\" class=\"slider-element\">\n                              <a href=\"https:\/\/encartes.mx\/wp-content\/uploads\/2025\/03\/fotografia_12_judios_en_formacion.jpg\" itemprop=\"contentUrl\" data-size=\"1350x684\" data-index=\"0\" data-caption=\"Foto 12: Jud\u00edos en formaci\u00f3n \"en cuadro\". Fotograf\u00eda: Adriana Guzm\u00e1n, Mesa del Nayar, 2023.\" >\n                                <img decoding=\"async\" src=\"https:\/\/encartes.mx\/wp-content\/uploads\/2025\/03\/fotografia_12_judios_en_formacion.jpg\" itemprop=\"thumbnail\">\n                                <i class=\"fa fa-expand expand\" aria-hidden=\"true\"><\/i>\n                            <\/a>\n                            <\/figure>                    <\/div>    \n                <\/div>\n                    <div class=\"caption\">Foto 12: Jud\u00edos en formaci\u00f3n \"en cuadro\". Fotograf\u00eda: Adriana Guzm\u00e1n, Mesa del Nayar, 2023.<\/div><div class=\"image-analysis\"><\/div>                <div class=\"bullets\"><\/div>\n            <\/div>\n\n\n\n<p>Alrededor de las tres de la tarde, los jud\u00edos se pintan motivos blancos o de colores sobre el tizne negro y aparecen con animales disecados, similar al siguiente momento del G\u00e9nesis:<\/p>\n\n\n\n<p class=\"verse\">Dios dijo: Produzcan las aguas seres vivientes, y aves que vuelen sobre la tierra, en la abierta expansi\u00f3n de los cielos. Y cre\u00f3 Dios los grandes monstruos marinos, y todo ser viviente que se mueve, que las aguas produjeron seg\u00fan su g\u00e9nero, y toda ave alada seg\u00fan su especie. Y vio Dios que era bueno. Y Dios los bendijo, diciendo: Fructificad y multiplicaos, y llenad las aguas en los mares, y multipl\u00edquense las aves en la tierra.<\/p>\n\n\n\n<p class=\"verse\">Luego dijo Dios: Produzca la tierra seres vivientes seg\u00fan su g\u00e9nero, bestias y serpientes y animales de la tierra seg\u00fan su especie. Y fue as\u00ed. E hizo Dios animales de la tierra seg\u00fan su g\u00e9nero, y ganado seg\u00fan su g\u00e9nero, y todo animal que se arrastra sobre la tierra seg\u00fan su especie. Y vio Dios que era bueno.<\/p>\n\n\n\n<p>Despu\u00e9s de pintarse, realizan una procesi\u00f3n con la \u201ccorona\u201d en andas, arriba de la cual se sube un ni\u00f1o borrado (v\u00e9ase foto 13). En seguida los pintados se dividen en dos grupos. Uno le da la vuelta al pueblo subiendo por el lado sur, y otro hace lo mismo por el norte. Los dos grupos se encuentran al poniente del pueblo, pero esta vez como enemigos. Pasan y se chiflan tres veces uno a otro, a manera de reto, para despu\u00e9s entablar una fiera lucha en la que se lanzan bosta y despu\u00e9s pelean cuerpo a cuerpo utilizando sables y lanzas. Un grupo vence y al que le dieron \u201cmuerte\u201d es resucitado con jugo de lim\u00f3n. Luego de reanimarse, los grupos se trenzan de nuevo en lucha y se emboscan uno al a otro. El grupo que fue vencido resulta vencedor en esta ocasi\u00f3n y nuevamente los \u201cmuertos\u201d son resucitados con lim\u00f3n.<\/p>\n\n\n\n<div class=\"image-slider\">\n                <div class=\"frame\">\n                    <div class=\"picture\" itemscope itemtype=\"http:\/\/schema.org\/ImageGallery\">\n                        <figure itemprop=\"associatedMedia\" itemscope itemtype=\"http:\/\/schema.org\/ImageObject\" class=\"slider-element\">\n                              <a href=\"https:\/\/encartes.mx\/wp-content\/uploads\/2025\/03\/fotografia_13_procesion_con_corona.jpg\" itemprop=\"contentUrl\" data-size=\"1280x1134\" data-index=\"0\" data-caption=\"Foto 13: Procesi\u00f3n con \"corona\". Fotograf\u00eda: Adriana Guzm\u00e1n, Mesa del Nayar, 2023.\" >\n                                <img decoding=\"async\" src=\"https:\/\/encartes.mx\/wp-content\/uploads\/2025\/03\/fotografia_13_procesion_con_corona.jpg\" itemprop=\"thumbnail\">\n                                <i class=\"fa fa-expand expand\" aria-hidden=\"true\"><\/i>\n                            <\/a>\n                            <\/figure>                    <\/div>    \n                <\/div>\n                    <div class=\"caption\">Foto 13: Procesi\u00f3n con \"corona\". Fotograf\u00eda: Adriana Guzm\u00e1n, Mesa del Nayar, 2023.<\/div><div class=\"image-analysis\"><\/div>                <div class=\"bullets\"><\/div>\n            <\/div>\n\n\n\n<p>Al concluir la procesi\u00f3n, aparece un pintado vestido de mujer que grita \u201cpecados\u201d<a class=\"anota\" id=\"anota39\" data-footnote=39>39<\/a> de la gente desde afuera del atrio, relacionado con la \u201ccreaci\u00f3n del hombre\u201d seg\u00fan el G\u00e9nesis:<\/p>\n\n\n\n<p class=\"verse\">Entonces dijo Dios: Hagamos al hombre a nuestra imagen, conforme a nuestra semejanza; y se\u00f1oree en los peces del mar, en las aves de los cielos, en las bestias, en toda la tierra, y en todo animal que se arrastra sobre la tierra. Y cre\u00f3 Dios al hombre a su imagen, a imagen de Dios lo cre\u00f3; var\u00f3n y hembra los cre\u00f3. Y los bendijo Dios, y les dijo: Fructificad y multiplicaos; llenad la tierra, y sojuzgadla, y se\u00f1oread en los peces del mar, en las aves de los cielos, y en todas las bestias que se mueven sobre la tierra.<\/p>\n\n\n\n<p>Por la tarde, la gran comida de los jud\u00edos consiste obligadamente en productos vegetales \u2013frutos: naranjas, pl\u00e1tanos; tortillas de ma\u00edz, arroz\u2013 y productos animales \u2013miel, pescado, huevo\u2013, como lo se\u00f1ala el G\u00e9nesis:<\/p>\n\n\n\n<p class=\"verse\">Y dijo Dios: He aqu\u00ed que os he dado toda planta que da semilla, que est\u00e1 sobre la tierra, y todo \u00e1rbol en que hay fruto y que da semilla; os ser\u00e1n para comer. Y a toda bestia de la tierra, y a todas las aves de los cielos, y a todo lo que se arrastra sobre la tierra, en que hay vida, toda planta verde les ser\u00e1 para comer. Y fue as\u00ed. Y vio Dios todo lo que hab\u00eda hecho, y he aqu\u00ed que era bueno en gran manera.<\/p>\n\n\n\n<p>El S\u00e1bado de Gloria por la ma\u00f1ana, los jud\u00edos re\u00fanen a todos los burros de la comunidad y los encierran en el Patio de los Moros donde los incitan a aparearse (v\u00e9ase foto 14); es la culminaci\u00f3n del proceso de fertilizaci\u00f3n de todo lo que est\u00e1 vivo: ha iniciado con ramas verdes \u2013el Viernes de Dolores\u2013, despu\u00e9s con flores y frutos \u2013el Jueves Santo\u2013 que \u201clos angelitos\u201d se han encargado de diseminar por la tierra creada por el paso de los jud\u00edos y concluye con los animales \u2013el apareamiento de los burros\u2013, lo que es posible porque las flores (semillas) han germinado y llenado de colores y alimentos toda la tierra.<\/p>\n\n\n\n<div class=\"image-slider\">\n                <div class=\"frame\">\n                    <div class=\"picture\" itemscope itemtype=\"http:\/\/schema.org\/ImageGallery\">\n                        <figure itemprop=\"associatedMedia\" itemscope itemtype=\"http:\/\/schema.org\/ImageObject\" class=\"slider-element\">\n                              <a href=\"https:\/\/encartes.mx\/wp-content\/uploads\/2025\/03\/fotografia_14_apareamiento_de_los_burros.jpg\" itemprop=\"contentUrl\" data-size=\"1327x882\" data-index=\"0\" data-caption=\"Foto 14: Apareamiento de los burros en el Patio de los Moros. Fotograf\u00eda: Adriana Guzm\u00e1n, Mesa del Nayar, 2023.\" >\n                                <img decoding=\"async\" src=\"https:\/\/encartes.mx\/wp-content\/uploads\/2025\/03\/fotografia_14_apareamiento_de_los_burros.jpg\" itemprop=\"thumbnail\">\n                                <i class=\"fa fa-expand expand\" aria-hidden=\"true\"><\/i>\n                            <\/a>\n                            <\/figure><figure itemprop=\"associatedMedia\" itemscope itemtype=\"http:\/\/schema.org\/ImageObject\" class=\"slider-element\">\n                              <a href=\"https:\/\/encartes.mx\/wp-content\/uploads\/2025\/03\/fotografia_15_muerte_de_los_judios.jpg\" itemprop=\"contentUrl\" data-size=\"1350x1030\" data-index=\"0\" data-caption=\"Foto 15: Muerte de los jud\u00edos cuando se Abre la Gloria. Fotograf\u00eda: Adriana Guzm\u00e1n, Mesa del Nayar, 2023.\" >\n                                <img decoding=\"async\" src=\"https:\/\/encartes.mx\/wp-content\/uploads\/2025\/03\/fotografia_15_muerte_de_los_judios.jpg\" itemprop=\"thumbnail\">\n                                <i class=\"fa fa-expand expand\" aria-hidden=\"true\"><\/i>\n                            <\/a>\n                            <\/figure>                    <\/div>    \n                <\/div>\n                    <div class=\"caption\">Foto 14: Apareamiento de los burros en el Patio de los Moros. Fotograf\u00eda: Adriana Guzm\u00e1n, Mesa del Nayar, 2023.<\/div><div class=\"image-analysis\"><\/div><div class=\"caption\">Foto 15: Muerte de los jud\u00edos cuando se Abre la Gloria. Fotograf\u00eda: Adriana Guzm\u00e1n, Mesa del Nayar, 2023.<\/div><div class=\"image-analysis\"><\/div>                <div class=\"bullets\"><\/div>\n            <\/div>\n\n\n\n<p>Por la tarde, en medio de gran agitaci\u00f3n, se Abre la Gloria con m\u00fasica, campanadas, cohetes y gran movimiento al interior y exterior de la iglesia (v\u00e9ase foto 15); cuando Nazareno sale corriendo de la misma, mueren los jud\u00edos que ruedan por el suelo y sus sables y lanzas son destruidos por Centuri\u00f3n, despu\u00e9s de lo cual corren al r\u00edo a ba\u00f1arse. En ese momento inicia una larga misa acompa\u00f1ada de m\u00fasica de minuetes, durante la cual los participantes de la Judea se retiran del templo e ingresan las Autoridades Tradicionales y las mujeres. Antes de que acabe la misa, algunos jud\u00edos ya ba\u00f1ados van a la iglesia \u201ca decirle al Dios que han cumplido\u201d.<\/p>\n\n\n\n<p>Al terminar la misa, las Autoridades Tradicionales salen de la iglesia y se encaminan al porche de la Casa Fuerte, donde ocupan sus lugares habituales y cuelgan sus bastones de mando: han recuperado el gobierno de la comunidad. Poco despu\u00e9s, varios jud\u00edos ya ba\u00f1ados pero a\u00fan con el obligatorio calz\u00f3n de manta pasean un Judas de zacate montado en un burro (v\u00e9ase foto 16), luego lo tiran al piso, lo rodean y le prenden fuego, le gritan y le avientan cosas.<\/p>\n\n\n\n<div class=\"image-slider\">\n                <div class=\"frame\">\n                    <div class=\"picture\" itemscope itemtype=\"http:\/\/schema.org\/ImageGallery\">\n                        <figure itemprop=\"associatedMedia\" itemscope itemtype=\"http:\/\/schema.org\/ImageObject\" class=\"slider-element\">\n                              <a href=\"https:\/\/encartes.mx\/wp-content\/uploads\/2025\/03\/fotografia_16_el_judas_de_zacate_montado_en_un_burro.jpg\" itemprop=\"contentUrl\" data-size=\"441x364\" data-index=\"0\" data-caption=\"Foto 16: El Judas de zacate montado en un burro. Fotograf\u00eda: Adriana Guzm\u00e1n, Mesa del Nayar, 2023.\" >\n                                <img decoding=\"async\" src=\"https:\/\/encartes.mx\/wp-content\/uploads\/2025\/03\/fotografia_16_el_judas_de_zacate_montado_en_un_burro.jpg\" itemprop=\"thumbnail\">\n                                <i class=\"fa fa-expand expand\" aria-hidden=\"true\"><\/i>\n                            <\/a>\n                            <\/figure>                    <\/div>    \n                <\/div>\n                    <div class=\"caption\">Foto 16: El Judas de zacate montado en un burro. Fotograf\u00eda: Adriana Guzm\u00e1n, Mesa del Nayar, 2023.<\/div><div class=\"image-analysis\"><\/div>                <div class=\"bullets\"><\/div>\n            <\/div>\n\n\n\n<p>El Domingo de Resurrecci\u00f3n finalmente todos los dioses ocupan su<br>lugar habitual en el altar y limpian toda la iglesia (v\u00e9ase foto 17).<\/p>\n\n\n\n<div class=\"image-slider\">\n                <div class=\"frame\">\n                    <div class=\"picture\" itemscope itemtype=\"http:\/\/schema.org\/ImageGallery\">\n                        <figure itemprop=\"associatedMedia\" itemscope itemtype=\"http:\/\/schema.org\/ImageObject\" class=\"slider-element\">\n                              <a href=\"https:\/\/encartes.mx\/wp-content\/uploads\/2025\/03\/fotografia_17_interior_de_la_iglesia_el_domingo_de_resureccion.jpg\" itemprop=\"contentUrl\" data-size=\"1350x934\" data-index=\"0\" data-caption=\"Foto 17: Interior de la iglesia el Domingo de Resurrecci\u00f3n. Fotograf\u00eda: Adriana Guzm\u00e1n, Mesa del Nayar, 2023.\" >\n                                <img decoding=\"async\" src=\"https:\/\/encartes.mx\/wp-content\/uploads\/2025\/03\/fotografia_17_interior_de_la_iglesia_el_domingo_de_resureccion.jpg\" itemprop=\"thumbnail\">\n                                <i class=\"fa fa-expand expand\" aria-hidden=\"true\"><\/i>\n                            <\/a>\n                            <\/figure>                    <\/div>    \n                <\/div>\n                    <div class=\"caption\">Foto 17: Interior de la iglesia el Domingo de Resurrecci\u00f3n. Fotograf\u00eda: Adriana Guzm\u00e1n, Mesa del Nayar, 2023.<\/div><div class=\"image-analysis\"><\/div>                <div class=\"bullets\"><\/div>\n            <\/div>\n\n\n\n<p>Ha conclu\u00eddo la Judea, pero no as\u00ed las actividades de los jud\u00edos que han hecho manda, pues el 3 de mayo, cuando \u201cya queda la cruz\u201d, en la apertura de la temporada de lluvias, tienen que llevar dep\u00f3sitos rituales a distintos lugares de particular importancia para los <em>n\u00e1ayarite<\/em>. Despu\u00e9s, Cristo-Sol reci\u00e9n resucitado tendr\u00e1 su momento culminante en la Sant\u00edsima Trinidad (junio), la fiesta de Tayau, el sol en plenitud, que ser\u00e1 nuevamente descuartizado en Santiago\/Santa Ana\u2026 y el ciclo contin\u00faa.<\/p>\n\n\n\n<p>Entre s\u00e1bado y domingo, Huazamayor y Centuri\u00f3n distribuyen entre la gente la comida que sus familias y ayudantes han preparado; algunos de estos alimentos se comen despu\u00e9s en cada uno de los diferentes rituales durante el a\u00f1o, incluidos los mitotes, una de las maneras con las que enlazan con los rituales que se realizan en relaci\u00f3n con el crecimiento del ma\u00edz, vinculando la muerte y resurrecci\u00f3n de Cristo-Sol\u2026 y el ciclo contin\u00faa y contin\u00faa.<\/p>\n\n\n\n<h2 class=\"wp-block-heading\">Comentarios finales<\/h2>\n\n\n\n<p class=\"abstract\">Entre los especialistas ha sido constantemente se\u00f1alada la importancia de la Semana Santa para los <em>n\u00e1ayarite,<\/em> en tanto que rito de paso estacional y de los hombres, pero hasta ahora no se hab\u00eda comentado la condensaci\u00f3n de las tres grandes creaciones que acontecen en el mismo ritual: la muerte y resurrecci\u00f3n de Cristo-Sol, inicio de la cristiandad; el G\u00e9nesis, origen del mundo para el catolicismo y la creaci\u00f3n del mundo seg\u00fan los <em>n\u00e1ayarite<\/em>. Dar cuenta de ellas posibilita no solo comprender a\u00fan m\u00e1s la envergadura del ritual, tambi\u00e9n es un acercamiento al conocimiento del mundo de abajo o inframundo <em>n\u00e1ayari<\/em> como lugar de toda creaci\u00f3n y a una de las maneras como la creaci\u00f3n es posible, es decir, cuando se fusiona con el mundo luminoso y \u201cllega\u201d a la tierra; es la conjunci\u00f3n de la luz, el sol, el cielo, la oscuridad, el agua, el mundo de abajo, siempre en el lugar en el que est\u00e1 la tierra, desde donde los humanos trabajan para que ello sea posible. Son, entonces, tres haces de elementos requeridos: por un lado, el trabajo del sol, de lo luminoso, de lo de arriba; por otro lado, el trabajo de las aguas, de lo oscuro, de lo de abajo y, por \u00faltimo, el trabajo de los humanos que a lo largo del a\u00f1o preparan el encuentro entre todo para que resulte en la creaci\u00f3n y fertilidad de la tierra; por ello la importancia de mencionar el largo proceso de preparaci\u00f3n comunitaria e individual que hacen posible la Judea; es la vitalidad de danzas, m\u00fasica, semillas, flores y plantas: creaci\u00f3n generada a partir del caminar de los jud\u00edos, donde germinan las flores de los angelitos.<\/p>\n\n\n\n<p>Dar cuenta de las tres grandes creaciones realizadas en la Judea igualmente permite conocer algunos de los procesos hist\u00f3ricos que no es tan f\u00e1cil encontrar en documentos, pues si bien dicen lo que se ha querido ense\u00f1ar \u2013en este caso la evangelizaci\u00f3n\u2013, no todo est\u00e1 escrito en cuanto a c\u00f3mo se ha llevado a cabo; as\u00ed, el an\u00e1lisis de la etnograf\u00eda a partir de comentarios de los <em>n\u00e1ayarite<\/em> muestra que se han conjuntado, por un lado, las dos grandes creaciones para el catolicismo \u2013el G\u00e9nesis y el surgimiento del cristianismo con la muerte y resurrecci\u00f3n de Cristo\u2013 y, por otro lado, ambas con la creaci\u00f3n del mundo seg\u00fan los <em>n\u00e1ayarite<\/em>: tres haces de elementos en relaci\u00f3n.<\/p>\n\n\n\n<h2 class=\"wp-block-heading\">Bibliograf\u00eda<\/h2>\n\n\n\n<p class=\"bibliography\">Ben\u00edtez, Fernando (2019 [1989]). \u201cNostalgia del para\u00edso\u201d, <em>Los indios de M\u00e9xico <span class=\"small-caps\">iii<\/span><\/em>, pp. 171-226.<\/p>\n\n\n\n<p class=\"bibliography\">Benciolini, Mar\u00eda (2012). \u201cEntre el orden y la transgresi\u00f3n: el consumo ritual del peyote entre los coras<em>\u201d<\/em>, <em>Cuicuilco<\/em>, 19 (53), pp. 175-193.<\/p>\n\n\n\n<p class=\"bibliography\">\u00ad\u00ad\u2014 (2014). \u201cIridiscencias de un mundo florido: estudio sobre relacionalidad y ritualidad cora\u201d. Tesis de Doctorado en Antropolog\u00eda. M\u00e9xico: Universidad Nacional Aut\u00f3noma de M\u00e9xico.<\/p>\n\n\n\n<p class=\"bibliography\">Castillo Badillo, Frine y Philip E. Coyle (2021). \u201cThe Holy Week of Pu\u00e1axku jits\u00e9 in Santa Teresa, Nayarit, M\u00e9xico, en W. Frej (Coord.), <em>Seasons of Ceremonies: Rites and Rituals in Guatemala and M\u00e9xico<\/em>. Santa Fe: Museum of New Mexico Press, pp. 162-195.<\/p>\n\n\n\n<p class=\"bibliography\">Coyle, Theodore (1997). \u201cHapw\u00e1n Ch\u00e1naka (\u2018On Top of the Earth\u2019): The Politics and History of Public Ceremonial Tradition in Santa Teresa, Nayarit, M\u00e9xico\u201d. Tesis de Doctorado en Antropolog\u00eda. Tucs\u00f3n: University of Arizona.<\/p>\n\n\n\n<p class=\"bibliography\">Casad, Eugene (1989). \u201cTop\u00f3nimos coras\u201d, <em>Tlalocan. Revista de Fuentes para el Conocimiento de las Culturas Ind\u00edgenas de M\u00e9xico<\/em>, n\u00fam. 11. M\u00e9xico: Instituto de Investigaciones Hist\u00f3ricas\/Instituto de Investigaciones Filol\u00f3gicas, Universidad Nacional Aut\u00f3noma de M\u00e9xico, pp. 101-128.<\/p>\n\n\n\n<p class=\"bibliography\">Dutcher Mann, Kristin (2010). <em>The Power of Song. Music and Dance in the Mission Communities of Northern New Spain, 1590-1810<\/em>. Stanford: Stanford University Press\/The Academy of American Franciscan History.<\/p>\n\n\n\n<p class=\"bibliography\"><em>G\u00e9nesis<\/em>: https:\/\/www.bible.com\/es\/bible\/149\/GEN.1.RVR1960.<\/p>\n\n\n\n<p class=\"bibliography\">Gonz\u00e1lez Laporte, Ver\u00f3nica (1994). \u201cLa \u2018Judea\u2019: Rituel de la Semaine Sainte Cora (Nayarit, Mexique)\u201d. Tesis de grado de Antropolog\u00eda. Sorbone Nouvelle-Paris <span class=\"small-caps\">iii: <\/span>Institut des Hautes Etudes de L\u2019Amerique Latine.<\/p>\n\n\n\n<p class=\"bibliography\">Gonz\u00e1lez Ramos, Gildardo (1972). <em>Los coras<\/em>. M\u00e9xico: Consejo Nacional para la Cultura y las Artes\/Instituto Nacional Indigenista.<\/p>\n\n\n\n<p class=\"bibliography\">Guzm\u00e1n, Adriana (2002).<em> Mitote y universo cora<\/em>. M\u00e9xico: Instituto Nacional de Antropolog\u00eda e Historia.<\/p>\n\n\n\n<p class=\"bibliography\">\u2014 (2024). <em>Nayar: el sol de la oscuridad. Tiempo, cuerpo, espacio y persona.<\/em> M\u00e9xico: Instituto Nacional de Antropolog\u00eda e Historia.<\/p>\n\n\n\n<p class=\"bibliography\">Guzm\u00e1n, Arturo (1997). \u201cLos coras. Semana Santa en la Mesa del Nayar\u201d, <em>Revista de Geograf\u00eda Universal<\/em>, 2, 3, 4, pp. 468-487.<\/p>\n\n\n\n<p class=\"bibliography\">Houseman, Michel (2022) [2006]. \u201cRelacionalidad\u201d. Trad. de Adriana Guzm\u00e1n. <em>Antropolog\u00eda. Revista Interdisciplinaria del <span class=\"small-caps\">inah<\/span><\/em>, 6 (13), pp. 107-117.<\/p>\n\n\n\n<p class=\"bibliography\">\u2014 y Carlo Severi (1994). <em>Naven ou Le donner \u00e1 voir. Essai d\u2019interpr\u00e9tation de l\u2019action rituelle<\/em>. Par\u00eds: <span class=\"small-caps\">cnrs<\/span>\/\u00c9d. De la Maison des Sciences del\u2019Homme.<\/p>\n\n\n\n<p class=\"bibliography\">J\u00e1uregui, Jes\u00fas (2000). \u201cLa Judea de los coras: un drama astral en primavera. M\u00e9xico en movimiento, La religi\u00f3n popular\u201d. Actas del Sexto Encuentro de Mexicanistas en Holanda, organizado en Groningen el 11 de noviembre 1999. Hub Hermans\/Dick Papasek y Catherine Raffi-B\u00e9roud (comps.). <em>Centro de Estudios Mexicanos, Groninen<\/em>, pp. 28-53.<\/p>\n\n\n\n<p class=\"bibliography\">\u2014 (2008). \u201cUna contribuci\u00f3n a la teor\u00eda de los ritos de paso a partir de la Judea (Semana Santa) de los coras<em>\u201d, Antropolog\u00eda en Bolet\u00edn Oficial del Instituto Nacional de Antropolog\u00eda e Historia<\/em>, Nueva \u00c9poca 83-84, pp. 53-70.<\/p>\n\n\n\n<p class=\"bibliography\">\u2014 (2016). \u201cEl sol nocturno asciende al altar del templo: La Judea en Guajch\u00e1japua (Dolores) 2000\u201d, en Andr\u00e9s Oseguera Montiel y Antonio Reyes Valdez (coords.). <em>Develando la tradici\u00f3n<\/em>. <em>Procesos rituales en las comunidades ind\u00edgenas de M\u00e9xico: volumen <span class=\"small-caps\">iv<\/span><\/em>. M\u00e9xico: Secretar\u00eda de Cultura\/<span class=\"small-caps\">inah<\/span>, pp. 95-135.<\/p>\n\n\n\n<p class=\"bibliography\">\u2014 y Laura Magri\u00f1\u00e1 (2015). \u201cLas grandes serpientes oscuras invaden el lugar del algod\u00f3n (Mu\u00faxate\u2019e). La funci\u00f3n de los cantos en la Judea Cora\u201d, en Catherine Good Eshelman y Mar\u00eda Alonso Bola\u00f1os (comps.). <em>Creando mundos, entrelazando realidades: cosmovisiones y mitolog\u00edas en el M\u00e9xico ind\u00edgena: vol. <span class=\"small-caps\">ii<\/span>.<\/em> M\u00e9xico: <span class=\"small-caps\">inah<\/span>-M\u00e9xico, pp. 177-258.<\/p>\n\n\n\n<p class=\"bibliography\">\u2014 <em>et al<\/em>. (2003). \u201cLa autoridad de los antepasados: \u00bfun sistema de organizaci\u00f3n social de tradici\u00f3n aborigen entre los coras y huicholes?\u201d, en S. Mill\u00e1n y J. Valle (coords.). <em>La comunidad sin l\u00edmites: la estructura social y comunitaria de los pueblos ind\u00edgenas de M\u00e9xico<\/em>. M\u00e9xico: <span class=\"small-caps\">inah, <\/span>vol. <span class=\"small-caps\">iii<\/span>, pp. 113-219.<\/p>\n\n\n\n<p class=\"bibliography\">Jim\u00e9nez, \u00c1ngel (2006). \u201cSimbolismo, ritualidad y forma procesual: el ciclo ceremonial y ritual de los nayeris de Santa Teresa\u201d. Tesis de licenciatura en Etnolog\u00eda. M\u00e9xico: Escuela Nacional de Antropolog\u00eda e Historia.<\/p>\n\n\n\n<p class=\"bibliography\">Magri\u00f1\u00e1, Laura (2022). <em>El Gran Nayar jesu\u00edtico (1722-1767). La conformaci\u00f3n de la matriz cultural ind\u00edgena de raigambre aborigen de los coras contempor\u00e1neos<\/em>. M\u00e9xico: Instituto Nacional de Antropolog\u00eda e Historia\/Universidad Nacional Aut\u00f3noma de M\u00e9xico.<\/p>\n\n\n\n<p class=\"bibliography\">Mu\u00f1oz, Alfonso (dir.) (1973). <em>Zaya\u2019hu. La pasi\u00f3n de Cristo seg\u00fan los coras de la Mesa del Nayar<\/em> (pel\u00edcula de acetato). Patrimonio f\u00edlmico del Instituto Nacional de Antropolog\u00eda e Historia (<span class=\"small-caps\">inah<\/span>) preservado y digitalizado por la Cineteca Nacional de M\u00e9xico. M\u00e9xico: Instituto Nacional de Antropolog\u00eda e Historia (<span class=\"small-caps\">inah<\/span>)\/Secretar\u00eda de Educaci\u00f3n P\u00fablica (<span class=\"small-caps\">sep<\/span>). https:\/\/www.youtube.com\/watch?v=ED-14724PjE [6\/V\/20]<\/p>\n\n\n\n<p class=\"bibliography\">Muratalla, Benjam\u00edn (2015). \u201cLa representaci\u00f3n del universo en los cantos ceremoniales del pueblo cora\u201d<em>.<\/em> Tesis de Doctorado en Antropolog\u00eda. M\u00e9xico: Universidad Nacional Aut\u00f3noma de M\u00e9xico.<\/p>\n\n\n\n<p class=\"bibliography\">Neurath, Johannes (2001). \u201cLa Semana Santa cora de la Mesa del Nayar, <em>Arqueolog\u00eda Mexicana<\/em>, 9 (52), pp. 72-77.<\/p>\n\n\n\n<p class=\"bibliography\">Preuss, Konrad Theodor (1998 [1906a]). \u201cObservaciones sobre la religi\u00f3n de los coras\u201d, en Jes\u00fas J\u00e1uregui y Johannes Neurath (comps.). <em>Fiesta, literatura y magia en el Nayarit. Ensayos sobre coras, huicholes y mexicaneros de Konrad Theodor Preuss<\/em>. M\u00e9xico: Instituto Nacional Indigenista (<span class=\"small-caps\">ini<\/span>)\/Centro de Estudios Mexicanos y Centroamericanos (<span class=\"small-caps\">cemca<\/span>), pp. 105-118.<\/p>\n\n\n\n<p class=\"bibliography\">\u2014 (1998 [1906b]). \u201cM\u00e1s informaci\u00f3n acerca de las costumbres religiosas de los coras, especialmente sobre los portadores de falos en Semana Santa\u201d, en Jes\u00fas J\u00e1uregui y Johannes Neurath (comps.). <em>Fiesta, literatura y magia en el Nayarit. Ensayos sobre coras, huicholes y mexicaneros de Konrad Theodor Preuss<\/em>. M\u00e9xico: Instituto Nacional Indigenista (<span class=\"small-caps\">ini<\/span>)\/Centro de Estudios Mexicanos y Centroamericanos (<span class=\"small-caps\">cemca<\/span>), pp. 127-137.<\/p>\n\n\n\n<p class=\"bibliography\">\u2014 (1998 [1908a]). \u201cUn viaje a la Sierra Madre Occidental de M\u00e9xico\u201d, en Jes\u00fas J\u00e1uregui y Johannes Neurath (comps.). <em>Fiesta, literatura y magia en el Nayarit. Ensayos sobre coras, huicholes y mexicaneros de Konrad Theodor Preuss<\/em>. M\u00e9xico: Instituto Nacional Indigenista (<span class=\"small-caps\">ini<\/span>)\/Centro de Estudios Mexicanos y Centroamericanos (<span class=\"small-caps\">cemca<\/span>), pp. 213-233.<\/p>\n\n\n\n<p class=\"bibliography\">\u2014 (1998 [1908b]). \u201cResultados etnogr\u00e1ficos de un viaje a la Sierra Madre Occidental\u201d, en Jes\u00fas J\u00e1uregui y Johannes Neurath (comps.). <em>Fiesta, literatura y magia en el Nayarit. Ensayos sobre coras, huicholes y mexicaneros de Konrad Theodor Preuss<\/em>. M\u00e9xico: Instituto Nacional Indigenista (<span class=\"small-caps\">ini<\/span>)\/Centro de Estudios Mexicanos y Centroamericanos (<span class=\"small-caps\">cemca<\/span>), pp. 235-260.<\/p>\n\n\n\n<p class=\"bibliography\">\u2014 (1998 [1908c]). \u201cEntre los ind\u00edgenas de la Sierra Madre Occidental\u201d, en Jes\u00fas J\u00e1uregui, y Johannes Neurath (comps.). <em>Fiesta, literatura y magia en el Nayarit. Ensayos sobre coras, huicholes y mexicaneros de Konrad Theodor Preuss<\/em>. M\u00e9xico: Instituto Nacional Indigenista (<span class=\"small-caps\">ini<\/span>)\/Centro de Estudios Mexicanos y Centroamericanos (<span class=\"small-caps\">cemca<\/span>), pp. 261-264.<\/p>\n\n\n\n<p class=\"bibliography\">\u2014 (1998 [1908d]). \u201cLos cantos religiosos y los mitos de algunas tribus de la Sierra Madre Occidental\u201d, en Jes\u00fas J\u00e1uregui y Johannes Neurath (comps.). <em>Fiesta, literatura y magia en el Nayarit. Ensayos sobre coras, huicholes y mexicaneros de Konrad Theodor Preuss<\/em>. M\u00e9xico: Instituto Nacional Indigenista (<span class=\"small-caps\">ini<\/span>)\/Centro de Estudios Mexicanos y Centroamericanos (<span class=\"small-caps\">cemca<\/span>), pp. 265-287.<\/p>\n\n\n\n<p class=\"bibliography\">\u2014 (1998 [1908e]). \u201cLa religi\u00f3n astral mexicana en tiempos prehisp\u00e1nicos y en la actualidad\u201d, en Jes\u00fas J\u00e1uregui. y Johannes Neurath (comps.). <em>Fiesta, literatura y magia en el Nayarit. Ensayos sobre coras, huicholes y mexicaneros de Konrad Theodor Preuss<\/em>, Instituto Nacional Indigenista (<span class=\"small-caps\">ini<\/span>)\/Centro de Estudios Mexicanos y Centroamericanos (<span class=\"small-caps\">cemca<\/span>), M\u00e9xico, pp. 317-325.<\/p>\n\n\n\n<p class=\"bibliography\">\u2014 (1998 [1909a]). \u201cColecci\u00f3n etnogr\u00e1fica de M\u00e9xico\u201d, en Jes\u00fas J\u00e1uregui y Johannes Neurath (comps.), <em>Fiesta, literatura y magia en el Nayarit. Ensayos sobre coras, huicholes y mexicaneros de Konrad Theodor Preuss<\/em>. M\u00e9xico: Instituto Nacional Indigenista (<span class=\"small-caps\">ini<\/span>)\/Centro de Estudios Mexicanos y Centroamericanos (<span class=\"small-caps\">cemca<\/span>), pp. 291-293.<\/p>\n\n\n\n<p class=\"bibliography\">\u2014 (1998 [1909b]). \u201cLos cantos dialogales del <em>Rig Veda<\/em> a la luz de los cantos religiosos de los indios mexicanos\u201d, en Jes\u00fas J\u00e1uregui y Johannes Neurath (comps.). <em>Fiesta, literatura y magia en el Nayarit. Ensayos sobre coras, huicholes y mexicaneros de Konrad Theodor Preuss<\/em>. M\u00e9xico: Instituto Nacional Indigenista (<span class=\"small-caps\">ini<\/span>)\/Centro de Estudios Mexicanos y Centroamericanos (<span class=\"small-caps\">cemca<\/span>), pp. 387-401.<\/p>\n\n\n\n<p class=\"bibliography\">\u2014 (1998 [1912]). \u201cEl pensamiento m\u00e1gico de los coras\u201d, en Jes\u00fas J\u00e1uregui y Johannes Neurath (comps.). <em>Fiesta, literatura y magia en el Nayarit. Ensayos sobre coras, huicholes y mexicaneros de Konrad Theodor Preuss<\/em>. M\u00e9xico: Instituto Nacional Indigenista (<span class=\"small-caps\">ini<\/span>)\/Centro de Estudios Mexicanos y Centroamericanos (<span class=\"small-caps\">cemca<\/span>), pp. 327-332.<\/p>\n\n\n\n<p class=\"bibliography\">\u2014 (1998 [1928]). \u201cEl mito de Cristo y otros mitos solares de los mexicaneros (texto, traducci\u00f3n y comentarios)\u201d, en Jes\u00fas J\u00e1uregui y Johannes Neurath (comps.). <em>Fiesta, literatura y magia en el Nayarit. Ensayos sobre coras, huicholes y mexicaneros de Konrad Theodor Preuss<\/em>. M\u00e9xico: Instituto Nacional Indigenista (<span class=\"small-caps\">ini<\/span>)\/Centro de Estudios Mexicanos y Centroamericanos (<span class=\"small-caps\">cemca<\/span>), pp. 355-367.<\/p>\n\n\n\n<p class=\"bibliography\">Severi, Carlo (2008). \u201cEl Yo-memoria. Una nueva aproximaci\u00f3n a los cantos cham\u00e1nicos amerindios\u201d. Trad. de Sa\u00fal Mill\u00e1n. <em>Cuicuilco<\/em>, 15 (42), pp: 11-28.<\/p>\n\n\n\n<hr class=\"wp-block-separator has-alpha-channel-opacity\"\/>\n\n\n\n<p class=\"abstract\"><em>Adriana Guzm\u00e1n. <\/em>Bailarina. Doctora, profesora-investigadora de la <span class=\"small-caps\">enah<\/span>. Miembro del Sistema Nacional de Investigadores. Especialista en antropolog\u00eda del cuerpo y del arte, particularmente de procesos rituales y art\u00edsticos del Gran Nayar y de la vida contempor\u00e1nea. Miembro de diversos seminarios de investigaci\u00f3n. Ha coordinado y participado en numerosos congresos, seminarios y publicaciones, entre las que caben destacar los libros individuales <em>Mitote y universo cora<\/em> (2002), <em>Revelaci\u00f3n del cuerpo. La elocuencia del gesto<\/em> (2016) y <em>Nayar, el sol de la oscuridad: tiempo, cuerpo, espacio y persona<\/em> (2024); as\u00ed como los libros colectivos <em>M\u00e9xico coreogr\u00e1fico. Danzantes de letras y pies<\/em>, <em>Caminos de la est\u00e9tica<\/em> (ambos de 2017), <em>Cat\u00e1logo bibliogr\u00e1fico de investigaci\u00f3n sobre danza en M\u00e9xico <\/em>(2018); <em>Dilemas de la representaci\u00f3n: presencias, <\/em>performance<em>, poder<\/em> (2017), <em>Inquietudes en torno a Das Unheimliche en la sociedad y el arte<\/em> (2019), los dos \u00faltimos co-coordinados junto con Anne Johnson y Rodrigo D\u00edaz Cruz; <em>Presencia. Acciones est\u00e9ticas y pol\u00edticas<\/em> (2023) en cocoordinaci\u00f3n con Nelson Artega y con Jes\u00fas J\u00e1uregui <em>El <\/em>trickster<em>, una perspectiva antropol\u00f3gica<\/em> (2024).<\/p>\n","protected":false},"excerpt":{"rendered":"<p>Resumen A partir de la etnograf\u00eda en la Mesa del Nayar, Nayarit, se presenta el proceso de transformaci\u00f3n a lo largo del a\u00f1o de los tiznados, los principales creadores de la Semana Santa o Judea n\u00e1ayari (cora) y sus actividades m\u00e1s importantes durante la festividad, as\u00ed como la condensaci\u00f3n de distintas creaciones en el mismo [&hellip;]<\/p>\n","protected":false},"author":4,"featured_media":39391,"comment_status":"open","ping_status":"open","sticky":false,"template":"","format":"standard","meta":{"_acf_changed":false,"footnotes":""},"categories":[9],"tags":[1369,1370,1372,1371],"coauthors":[551],"class_list":["post-39376","post","type-post","status-publish","format-standard","has-post-thumbnail","hentry","category-9","tag-borrados","tag-genesis","tag-mundo-naayari","tag-proceso-de-transformacion","personas-guzman-adriana","numeros-1330"],"acf":[],"yoast_head":"<!-- This site is optimized with the Yoast SEO plugin v22.2 - https:\/\/yoast.com\/wordpress\/plugins\/seo\/ -->\n<title>Tiznados de la La Semana Santa cora de Nayarit &#8211; Encartes<\/title>\n<meta name=\"description\" content=\"An\u00e1lisis etnogr\u00e1fico de la transformaci\u00f3n anual de los tiznados coras y su papel en la creaci\u00f3n ritual del mundo durante la Semana Santa n\u00e1ayari.\" \/>\n<meta name=\"robots\" content=\"index, follow, max-snippet:-1, max-image-preview:large, max-video-preview:-1\" \/>\n<link rel=\"canonical\" href=\"https:\/\/encartes.mx\/fr\/guzman-etnografia-mesa-nayar-transformacion-tiznados-semana-santa\/\" \/>\n<meta property=\"og:locale\" content=\"fr_FR\" \/>\n<meta property=\"og:type\" content=\"article\" \/>\n<meta property=\"og:title\" content=\"Tiznados de la La Semana Santa cora de Nayarit &#8211; Encartes\" \/>\n<meta property=\"og:description\" content=\"An\u00e1lisis etnogr\u00e1fico de la transformaci\u00f3n anual de los tiznados coras y su papel en la creaci\u00f3n ritual del mundo durante la Semana Santa n\u00e1ayari.\" \/>\n<meta property=\"og:url\" content=\"https:\/\/encartes.mx\/fr\/guzman-etnografia-mesa-nayar-transformacion-tiznados-semana-santa\/\" \/>\n<meta property=\"og:site_name\" content=\"Encartes\" \/>\n<meta property=\"article:published_time\" content=\"2025-03-21T19:00:00+00:00\" \/>\n<meta property=\"article:modified_time\" content=\"2025-03-25T12:58:13+00:00\" \/>\n<meta property=\"og:image\" content=\"https:\/\/encartes.mx\/wp-content\/uploads\/2025\/03\/fotografia_17_interior_de_la_iglesia_el_domingo_de_resureccion.jpg\" \/>\n\t<meta property=\"og:image:width\" content=\"1350\" \/>\n\t<meta property=\"og:image:height\" content=\"934\" \/>\n\t<meta property=\"og:image:type\" content=\"image\/jpeg\" \/>\n<meta name=\"author\" content=\"Arthur Ventura\" \/>\n<meta name=\"twitter:card\" content=\"summary_large_image\" \/>\n<meta name=\"twitter:label1\" content=\"\u00c9crit par\" \/>\n\t<meta name=\"twitter:data1\" content=\"Arthur Ventura\" \/>\n\t<meta name=\"twitter:label2\" content=\"Dur\u00e9e de lecture estim\u00e9e\" \/>\n\t<meta name=\"twitter:data2\" content=\"32 minutes\" \/>\n\t<meta name=\"twitter:label3\" content=\"Written by\" \/>\n\t<meta name=\"twitter:data3\" content=\"Arthur Ventura\" \/>\n<script type=\"application\/ld+json\" class=\"yoast-schema-graph\">{\"@context\":\"https:\/\/schema.org\",\"@graph\":[{\"@type\":\"Article\",\"@id\":\"https:\/\/encartes.mx\/guzman-etnografia-mesa-nayar-transformacion-tiznados-semana-santa\/#article\",\"isPartOf\":{\"@id\":\"https:\/\/encartes.mx\/guzman-etnografia-mesa-nayar-transformacion-tiznados-semana-santa\/\"},\"author\":{\"name\":\"Arthur Ventura\",\"@id\":\"https:\/\/encartes.mx\/#\/schema\/person\/97215bba1729028a4169cab07f8e58ef\"},\"headline\":\"Xumuavikari n\u00e1ayarite. Transformaci\u00f3n y actividades de los tiznados de la Semana Santa cora de Nayarit\",\"datePublished\":\"2025-03-21T19:00:00+00:00\",\"dateModified\":\"2025-03-25T12:58:13+00:00\",\"mainEntityOfPage\":{\"@id\":\"https:\/\/encartes.mx\/guzman-etnografia-mesa-nayar-transformacion-tiznados-semana-santa\/\"},\"wordCount\":7614,\"commentCount\":0,\"publisher\":{\"@id\":\"https:\/\/encartes.mx\/#organization\"},\"image\":{\"@id\":\"https:\/\/encartes.mx\/guzman-etnografia-mesa-nayar-transformacion-tiznados-semana-santa\/#primaryimage\"},\"thumbnailUrl\":\"https:\/\/encartes.mx\/wp-content\/uploads\/2025\/03\/fotografia_17_interior_de_la_iglesia_el_domingo_de_resureccion.jpg\",\"keywords\":[\"borrados\",\"G\u00e9nesis\",\"mundo n\u00e1ayari\",\"proceso de transformaci\u00f3n\"],\"articleSection\":[\"Realidades socioculturales\"],\"inLanguage\":\"fr-FR\",\"potentialAction\":[{\"@type\":\"CommentAction\",\"name\":\"Comment\",\"target\":[\"https:\/\/encartes.mx\/guzman-etnografia-mesa-nayar-transformacion-tiznados-semana-santa\/#respond\"]}]},{\"@type\":\"WebPage\",\"@id\":\"https:\/\/encartes.mx\/guzman-etnografia-mesa-nayar-transformacion-tiznados-semana-santa\/\",\"url\":\"https:\/\/encartes.mx\/guzman-etnografia-mesa-nayar-transformacion-tiznados-semana-santa\/\",\"name\":\"Tiznados de la La Semana Santa cora de Nayarit &#8211; Encartes\",\"isPartOf\":{\"@id\":\"https:\/\/encartes.mx\/#website\"},\"primaryImageOfPage\":{\"@id\":\"https:\/\/encartes.mx\/guzman-etnografia-mesa-nayar-transformacion-tiznados-semana-santa\/#primaryimage\"},\"image\":{\"@id\":\"https:\/\/encartes.mx\/guzman-etnografia-mesa-nayar-transformacion-tiznados-semana-santa\/#primaryimage\"},\"thumbnailUrl\":\"https:\/\/encartes.mx\/wp-content\/uploads\/2025\/03\/fotografia_17_interior_de_la_iglesia_el_domingo_de_resureccion.jpg\",\"datePublished\":\"2025-03-21T19:00:00+00:00\",\"dateModified\":\"2025-03-25T12:58:13+00:00\",\"description\":\"An\u00e1lisis etnogr\u00e1fico de la transformaci\u00f3n anual de los tiznados coras y su papel en la creaci\u00f3n ritual del mundo durante la Semana Santa n\u00e1ayari.\",\"breadcrumb\":{\"@id\":\"https:\/\/encartes.mx\/guzman-etnografia-mesa-nayar-transformacion-tiznados-semana-santa\/#breadcrumb\"},\"inLanguage\":\"fr-FR\",\"potentialAction\":[{\"@type\":\"ReadAction\",\"target\":[\"https:\/\/encartes.mx\/guzman-etnografia-mesa-nayar-transformacion-tiznados-semana-santa\/\"]}]},{\"@type\":\"ImageObject\",\"inLanguage\":\"fr-FR\",\"@id\":\"https:\/\/encartes.mx\/guzman-etnografia-mesa-nayar-transformacion-tiznados-semana-santa\/#primaryimage\",\"url\":\"https:\/\/encartes.mx\/wp-content\/uploads\/2025\/03\/fotografia_17_interior_de_la_iglesia_el_domingo_de_resureccion.jpg\",\"contentUrl\":\"https:\/\/encartes.mx\/wp-content\/uploads\/2025\/03\/fotografia_17_interior_de_la_iglesia_el_domingo_de_resureccion.jpg\",\"width\":1350,\"height\":934},{\"@type\":\"BreadcrumbList\",\"@id\":\"https:\/\/encartes.mx\/guzman-etnografia-mesa-nayar-transformacion-tiznados-semana-santa\/#breadcrumb\",\"itemListElement\":[{\"@type\":\"ListItem\",\"position\":1,\"name\":\"Home\",\"item\":\"https:\/\/encartes.mx\/\"},{\"@type\":\"ListItem\",\"position\":2,\"name\":\"Xumuavikari n\u00e1ayarite. Transformaci\u00f3n y actividades de los tiznados de la Semana Santa cora de Nayarit\"}]},{\"@type\":\"WebSite\",\"@id\":\"https:\/\/encartes.mx\/#website\",\"url\":\"https:\/\/encartes.mx\/\",\"name\":\"Encartes\",\"description\":\"Revista digital multimedia\",\"publisher\":{\"@id\":\"https:\/\/encartes.mx\/#organization\"},\"potentialAction\":[{\"@type\":\"SearchAction\",\"target\":{\"@type\":\"EntryPoint\",\"urlTemplate\":\"https:\/\/encartes.mx\/?s={search_term_string}\"},\"query-input\":\"required name=search_term_string\"}],\"inLanguage\":\"fr-FR\"},{\"@type\":\"Organization\",\"@id\":\"https:\/\/encartes.mx\/#organization\",\"name\":\"Encartes Antropol\u00f3gicos\",\"url\":\"https:\/\/encartes.mx\/\",\"logo\":{\"@type\":\"ImageObject\",\"inLanguage\":\"fr-FR\",\"@id\":\"https:\/\/encartes.mx\/#\/schema\/logo\/image\/\",\"url\":\"https:\/\/encartes.mx\/wp-content\/uploads\/2017\/04\/Logo-04.png\",\"contentUrl\":\"https:\/\/encartes.mx\/wp-content\/uploads\/2017\/04\/Logo-04.png\",\"width\":338,\"height\":306,\"caption\":\"Encartes Antropol\u00f3gicos\"},\"image\":{\"@id\":\"https:\/\/encartes.mx\/#\/schema\/logo\/image\/\"}},{\"@type\":\"Person\",\"@id\":\"https:\/\/encartes.mx\/#\/schema\/person\/97215bba1729028a4169cab07f8e58ef\",\"name\":\"Arthur Ventura\",\"image\":{\"@type\":\"ImageObject\",\"inLanguage\":\"fr-FR\",\"@id\":\"https:\/\/encartes.mx\/#\/schema\/person\/image\/8a45818ea77a67a00c058d294424a6f6\",\"url\":\"https:\/\/secure.gravatar.com\/avatar\/e8ff614b2fa0d91ff6c65f328a272c53?s=96&d=identicon&r=g\",\"contentUrl\":\"https:\/\/secure.gravatar.com\/avatar\/e8ff614b2fa0d91ff6c65f328a272c53?s=96&d=identicon&r=g\",\"caption\":\"Arthur Ventura\"}}]}<\/script>\n<!-- \/ Yoast SEO plugin. -->","yoast_head_json":{"title":"Tiznados de la La Semana Santa cora de Nayarit &#8211; Encartes","description":"An\u00e1lisis etnogr\u00e1fico de la transformaci\u00f3n anual de los tiznados coras y su papel en la creaci\u00f3n ritual del mundo durante la Semana Santa n\u00e1ayari.","robots":{"index":"index","follow":"follow","max-snippet":"max-snippet:-1","max-image-preview":"max-image-preview:large","max-video-preview":"max-video-preview:-1"},"canonical":"https:\/\/encartes.mx\/fr\/guzman-etnografia-mesa-nayar-transformacion-tiznados-semana-santa\/","og_locale":"fr_FR","og_type":"article","og_title":"Tiznados de la La Semana Santa cora de Nayarit &#8211; Encartes","og_description":"An\u00e1lisis etnogr\u00e1fico de la transformaci\u00f3n anual de los tiznados coras y su papel en la creaci\u00f3n ritual del mundo durante la Semana Santa n\u00e1ayari.","og_url":"https:\/\/encartes.mx\/fr\/guzman-etnografia-mesa-nayar-transformacion-tiznados-semana-santa\/","og_site_name":"Encartes","article_published_time":"2025-03-21T19:00:00+00:00","article_modified_time":"2025-03-25T12:58:13+00:00","og_image":[{"width":1350,"height":934,"url":"https:\/\/encartes.mx\/wp-content\/uploads\/2025\/03\/fotografia_17_interior_de_la_iglesia_el_domingo_de_resureccion.jpg","type":"image\/jpeg"}],"author":"Arthur Ventura","twitter_card":"summary_large_image","twitter_misc":{"\u00c9crit par":"Arthur Ventura","Dur\u00e9e de lecture estim\u00e9e":"32 minutes","Written by":"Arthur Ventura"},"schema":{"@context":"https:\/\/schema.org","@graph":[{"@type":"Article","@id":"https:\/\/encartes.mx\/guzman-etnografia-mesa-nayar-transformacion-tiznados-semana-santa\/#article","isPartOf":{"@id":"https:\/\/encartes.mx\/guzman-etnografia-mesa-nayar-transformacion-tiznados-semana-santa\/"},"author":{"name":"Arthur Ventura","@id":"https:\/\/encartes.mx\/#\/schema\/person\/97215bba1729028a4169cab07f8e58ef"},"headline":"Xumuavikari n\u00e1ayarite. Transformaci\u00f3n y actividades de los tiznados de la Semana Santa cora de Nayarit","datePublished":"2025-03-21T19:00:00+00:00","dateModified":"2025-03-25T12:58:13+00:00","mainEntityOfPage":{"@id":"https:\/\/encartes.mx\/guzman-etnografia-mesa-nayar-transformacion-tiznados-semana-santa\/"},"wordCount":7614,"commentCount":0,"publisher":{"@id":"https:\/\/encartes.mx\/#organization"},"image":{"@id":"https:\/\/encartes.mx\/guzman-etnografia-mesa-nayar-transformacion-tiznados-semana-santa\/#primaryimage"},"thumbnailUrl":"https:\/\/encartes.mx\/wp-content\/uploads\/2025\/03\/fotografia_17_interior_de_la_iglesia_el_domingo_de_resureccion.jpg","keywords":["borrados","G\u00e9nesis","mundo n\u00e1ayari","proceso de transformaci\u00f3n"],"articleSection":["Realidades socioculturales"],"inLanguage":"fr-FR","potentialAction":[{"@type":"CommentAction","name":"Comment","target":["https:\/\/encartes.mx\/guzman-etnografia-mesa-nayar-transformacion-tiznados-semana-santa\/#respond"]}]},{"@type":"WebPage","@id":"https:\/\/encartes.mx\/guzman-etnografia-mesa-nayar-transformacion-tiznados-semana-santa\/","url":"https:\/\/encartes.mx\/guzman-etnografia-mesa-nayar-transformacion-tiznados-semana-santa\/","name":"Tiznados de la La Semana Santa cora de Nayarit &#8211; Encartes","isPartOf":{"@id":"https:\/\/encartes.mx\/#website"},"primaryImageOfPage":{"@id":"https:\/\/encartes.mx\/guzman-etnografia-mesa-nayar-transformacion-tiznados-semana-santa\/#primaryimage"},"image":{"@id":"https:\/\/encartes.mx\/guzman-etnografia-mesa-nayar-transformacion-tiznados-semana-santa\/#primaryimage"},"thumbnailUrl":"https:\/\/encartes.mx\/wp-content\/uploads\/2025\/03\/fotografia_17_interior_de_la_iglesia_el_domingo_de_resureccion.jpg","datePublished":"2025-03-21T19:00:00+00:00","dateModified":"2025-03-25T12:58:13+00:00","description":"An\u00e1lisis etnogr\u00e1fico de la transformaci\u00f3n anual de los tiznados coras y su papel en la creaci\u00f3n ritual del mundo durante la Semana Santa n\u00e1ayari.","breadcrumb":{"@id":"https:\/\/encartes.mx\/guzman-etnografia-mesa-nayar-transformacion-tiznados-semana-santa\/#breadcrumb"},"inLanguage":"fr-FR","potentialAction":[{"@type":"ReadAction","target":["https:\/\/encartes.mx\/guzman-etnografia-mesa-nayar-transformacion-tiznados-semana-santa\/"]}]},{"@type":"ImageObject","inLanguage":"fr-FR","@id":"https:\/\/encartes.mx\/guzman-etnografia-mesa-nayar-transformacion-tiznados-semana-santa\/#primaryimage","url":"https:\/\/encartes.mx\/wp-content\/uploads\/2025\/03\/fotografia_17_interior_de_la_iglesia_el_domingo_de_resureccion.jpg","contentUrl":"https:\/\/encartes.mx\/wp-content\/uploads\/2025\/03\/fotografia_17_interior_de_la_iglesia_el_domingo_de_resureccion.jpg","width":1350,"height":934},{"@type":"BreadcrumbList","@id":"https:\/\/encartes.mx\/guzman-etnografia-mesa-nayar-transformacion-tiznados-semana-santa\/#breadcrumb","itemListElement":[{"@type":"ListItem","position":1,"name":"Home","item":"https:\/\/encartes.mx\/"},{"@type":"ListItem","position":2,"name":"Xumuavikari n\u00e1ayarite. Transformaci\u00f3n y actividades de los tiznados de la Semana Santa cora de Nayarit"}]},{"@type":"WebSite","@id":"https:\/\/encartes.mx\/#website","url":"https:\/\/encartes.mx\/","name":"Encartes","description":"Magazine num\u00e9rique multim\u00e9dia","publisher":{"@id":"https:\/\/encartes.mx\/#organization"},"potentialAction":[{"@type":"SearchAction","target":{"@type":"EntryPoint","urlTemplate":"https:\/\/encartes.mx\/?s={search_term_string}"},"query-input":"required name=search_term_string"}],"inLanguage":"fr-FR"},{"@type":"Organization","@id":"https:\/\/encartes.mx\/#organization","name":"Insertions anthropologiques","url":"https:\/\/encartes.mx\/","logo":{"@type":"ImageObject","inLanguage":"fr-FR","@id":"https:\/\/encartes.mx\/#\/schema\/logo\/image\/","url":"https:\/\/encartes.mx\/wp-content\/uploads\/2017\/04\/Logo-04.png","contentUrl":"https:\/\/encartes.mx\/wp-content\/uploads\/2017\/04\/Logo-04.png","width":338,"height":306,"caption":"Encartes Antropol\u00f3gicos"},"image":{"@id":"https:\/\/encartes.mx\/#\/schema\/logo\/image\/"}},{"@type":"Person","@id":"https:\/\/encartes.mx\/#\/schema\/person\/97215bba1729028a4169cab07f8e58ef","name":"Arthur Ventura","image":{"@type":"ImageObject","inLanguage":"fr-FR","@id":"https:\/\/encartes.mx\/#\/schema\/person\/image\/8a45818ea77a67a00c058d294424a6f6","url":"https:\/\/secure.gravatar.com\/avatar\/e8ff614b2fa0d91ff6c65f328a272c53?s=96&d=identicon&r=g","contentUrl":"https:\/\/secure.gravatar.com\/avatar\/e8ff614b2fa0d91ff6c65f328a272c53?s=96&d=identicon&r=g","caption":"Arthur Ventura"}}]}},"jetpack_sharing_enabled":true,"jetpack_featured_media_url":"https:\/\/encartes.mx\/wp-content\/uploads\/2025\/03\/fotografia_17_interior_de_la_iglesia_el_domingo_de_resureccion.jpg","_links":{"self":[{"href":"https:\/\/encartes.mx\/fr\/wp-json\/wp\/v2\/posts\/39376","targetHints":{"allow":["GET"]}}],"collection":[{"href":"https:\/\/encartes.mx\/fr\/wp-json\/wp\/v2\/posts"}],"about":[{"href":"https:\/\/encartes.mx\/fr\/wp-json\/wp\/v2\/types\/post"}],"author":[{"embeddable":true,"href":"https:\/\/encartes.mx\/fr\/wp-json\/wp\/v2\/users\/4"}],"replies":[{"embeddable":true,"href":"https:\/\/encartes.mx\/fr\/wp-json\/wp\/v2\/comments?post=39376"}],"version-history":[{"count":17,"href":"https:\/\/encartes.mx\/fr\/wp-json\/wp\/v2\/posts\/39376\/revisions"}],"predecessor-version":[{"id":39686,"href":"https:\/\/encartes.mx\/fr\/wp-json\/wp\/v2\/posts\/39376\/revisions\/39686"}],"wp:featuredmedia":[{"embeddable":true,"href":"https:\/\/encartes.mx\/fr\/wp-json\/wp\/v2\/media\/39391"}],"wp:attachment":[{"href":"https:\/\/encartes.mx\/fr\/wp-json\/wp\/v2\/media?parent=39376"}],"wp:term":[{"taxonomy":"category","embeddable":true,"href":"https:\/\/encartes.mx\/fr\/wp-json\/wp\/v2\/categories?post=39376"},{"taxonomy":"post_tag","embeddable":true,"href":"https:\/\/encartes.mx\/fr\/wp-json\/wp\/v2\/tags?post=39376"},{"taxonomy":"author","embeddable":true,"href":"https:\/\/encartes.mx\/fr\/wp-json\/wp\/v2\/coauthors?post=39376"}],"curies":[{"name":"wp","href":"https:\/\/api.w.org\/{rel}","templated":true}]}}