{"id":38992,"date":"2024-09-20T10:49:10","date_gmt":"2024-09-20T16:49:10","guid":{"rendered":"https:\/\/encartes.mx\/?p=38992"},"modified":"2024-09-25T14:12:13","modified_gmt":"2024-09-25T20:12:13","slug":"gutierrez-kuhn-trayectoria-cimetatografia-mexicana","status":"publish","type":"post","link":"https:\/\/encartes.mx\/fr\/gutierrez-kuhn-trayectoria-cimetatografia-mexicana\/","title":{"rendered":"Faisceaux de lumi\u00e8re : le regard cin\u00e9matographique de Luc-Toni Kuhn"},"content":{"rendered":"\n<figure class=\"wp-block-embed is-type-video is-provider-youtube wp-block-embed-youtube wp-embed-aspect-16-9 wp-has-aspect-ratio\"><div class=\"wp-block-embed__wrapper\">\n<iframe loading=\"lazy\" title=\"Entrevista a Toni Kuhn | Haces de luz: La mirada cinematogr\u00e1fica de Toni Kuhn\" width=\"580\" height=\"326\" src=\"https:\/\/www.youtube.com\/embed\/dddS3IXgVmk?feature=oembed\" frameborder=\"0\" allow=\"accelerometer; autoplay; clipboard-write; encrypted-media; gyroscope; picture-in-picture; web-share\" referrerpolicy=\"strict-origin-when-cross-origin\" allowfullscreen><\/iframe>\n<\/div><\/figure>\n\n\n\n<p class=\"has-drop-cap abstract\">Quien no conoce el cine de Toni es porque no ha visto cine mexicano; \u00e9l fue el segundo cinemat\u00f3grafo en haber recibido, en M\u00e9xico, el Ariel de oro. El primero fue otro de los grandes, Gabriel Figueroa. Toni lo recibi\u00f3 por su amplia trayectoria como cinemat\u00f3gafo, pues ha realizado m\u00e1s de cuarenta pel\u00edculas, como <em>Crates <\/em>(Joskowicz, 1970), <em>Retorno a Aztl\u00e1n <\/em>(Mora Catlett, 1990)<em>, La tarea <\/em>(Hermosillo, 1991), <em>Mujeres insumisas <\/em>(Isaac, 1995)<em>, <\/em>entre muchas m\u00e1s. Aunque no es el \u00fanico premio en su haber, ya que en 1974 obtuvo la John Simon Guggenheim Memorial Foundation en cine; en 1997 fue seleccionado en la Octava Bienal de Fotograf\u00eda, del Centro de la Imagen, y ha ganado cuatro Arieles y un Heraldo a la mejor fotograf\u00eda en el cine mexicano. Adem\u00e1s, es miembro de la Academia Mexicana de las Artes y Ciencias Cinematogr\u00e1ficas.<\/p>\n\n\n\n<figure class=\"wp-block-embed is-type-video is-provider-youtube wp-block-embed-youtube wp-embed-aspect-16-9 wp-has-aspect-ratio\"><div class=\"wp-block-embed__wrapper\">\n<iframe loading=\"lazy\" title=\"Entrevista a Toni Kuhn | Haces de luz: La mirada cinematogr\u00e1fica de Toni Kuhn\" width=\"580\" height=\"326\" src=\"https:\/\/www.youtube.com\/embed\/dddS3IXgVmk?feature=oembed\" frameborder=\"0\" allow=\"accelerometer; autoplay; clipboard-write; encrypted-media; gyroscope; picture-in-picture; web-share\" referrerpolicy=\"strict-origin-when-cross-origin\" allowfullscreen><\/iframe>\n<\/div><\/figure>\n\n\n\n<p>En v\u00edsperas de una retrospectiva celebrada en la Cineteca Nacional de M\u00e9xico el 18 de julio del 2024, sobre su trayectoria cinematogr\u00e1fica, titulada <em>Luc-Toni Kuhn, cine fot\u00f3grafo: \u201centre dos mundos\u2026 siempre pensando en el cine\u201d<\/em>, tuvimos la fortuna de que Toni nos abriera las puertas de su casa para platicarnos sobre su vida y trayectoria en lo que han sido para \u00e9l los haces de luz capturados e inmortalizados en su ya larga obra.<\/p>\n\n\n\n<p>Toni Kuhn, de origen suizo, lleg\u00f3 a M\u00e9xico en 1964, a sus 21 a\u00f1os. Gracias a la afici\u00f3n que ten\u00edan sus padres hacia el arte y las im\u00e1genes \u2013eran pintores\u2013, Toni se volvi\u00f3 un aficionado y admirador de la fotograf\u00eda. Lleg\u00f3 a M\u00e9xico con la idea fija de estudiar cine. En M\u00e9xico se le revela la imagen como toda una posibilidad creativa, e ingresa al Centro Universitario de Estudios Cinematogr\u00e1ficos (<span class=\"small-caps\">cuec)<\/span> para comenzar sus estudios de cine. Como creador, busc\u00f3 la originalidad, no repetir clich\u00e9s de moda y llevar al l\u00edmite las posibilidades sem\u00e1nticas y simb\u00f3licas que la realidad le impon\u00eda: desafiar, mediante la creatividad, lo establecido por la lucrativa industria cinematogr\u00e1fica, a la cual ni respetaba ni se adher\u00eda. Siempre busc\u00f3 un cine propositivo, inteligente, que desafiara las leyes de lo hecho, de las im\u00e1genes convencionales. De ah\u00ed uno de sus primeros largometrajes de ciencia ficci\u00f3n, <em>Crates <\/em>(Joskowicz,1970), llevado a cabo con Leobardo L\u00f3pez. Si uno observa la pel\u00edcula, cae en cuenta de que la fotograf\u00eda rompe con anteriores propuestas f\u00edlmicas que siguen un patr\u00f3n calcado.<\/p>\n\n\n\n<p>Por ello, se puede decir que, en retrospectiva, la obra de Toni Kuhn es una continuidad y parte de esta gran tradici\u00f3n de cinemat\u00f3grafos mexicanos, como Gabriel Figueroa, Alex Phillips, Jack Draper, Agust\u00edn Jim\u00e9nez, por nombrar algunos. Ellos fueron sus maestros, sus referentes, aunque no le dieron \u2013como \u00e9l nos dice\u2013 un ojo visual, fotogr\u00e1fico, pues se nace con ello o no, es casi sustituto del mismo lenguaje, de los m\u00faltiples lenguajes, los cuales, comenta, aprendi\u00f3 en su natal Suiza y que supo, de una u otra manera, traducir a im\u00e1genes y capitalizarlo con una realidad que M\u00e9xico le impon\u00eda.<\/p>\n\n\n\n<p>El expertis como fot\u00f3grafo ha llevado a Toni a realizar maravillas en el cine, como la pel\u00edcula <em>La tarea <\/em>(Hermosillo, 1991) que, por incre\u00edble que parezca, la film\u00f3 en dos d\u00edas, y eso que Toni es conocido en el medio por detallista y lento a la hora de hacer sus tomas, sus acercamientos; en meditar la imagen y pensar las secuencias. En contraparte a la velocidad con la que film\u00f3 <em>La tarea<\/em>, est\u00e1 la excelente pel\u00edcula <em>El diablo y la dama <\/em>(Z\u00fa\u00f1iga, 1983): encuadres fant\u00e1sticos y de atm\u00f3sferas impresionantes, meditadas lentamente. Formas abstractas dadas por un cuadro original. Un estilo muy propio que quiz\u00e1s explota mucho m\u00e1s en la ya m\u00edtica pel\u00edcula <em>Novia que te vea <\/em>(Schyfter, 1993), un recorrido de lo que es la fotograf\u00eda a trav\u00e9s de la historia, una historia dada por im\u00e1genes, encuadres y el cambio de color, lo cual, en su conjunto, crea&nbsp;un estilo muy particular de la visi\u00f3n que tiene Toni sobre el quehacer cinematogr\u00e1fico; una fotograf\u00eda, dice, que no se vea; la sutileza del mensaje deslizado hacia la conciencia, sin percibir el medio. Ese, seg\u00fan entiendo, es el estilo de Toni Kuhn, su criterio, la levedad que tiene el ojo avizor del fot\u00f3grafo, un susurro visual que manda, muy sutilmente, un mensaje a trav\u00e9s de la imagen.&nbsp;Y su estilo se decanta en la pura observaci\u00f3n de las cosas, y el film que despliega su imaginaci\u00f3n es su lenguaje que enuncia esa observaci\u00f3n. Podemos constatar esto no solo en sus pel\u00edculas, sino tambi\u00e9n en la fotograf\u00eda fija que ha hecho y que se encuentra en una serie de publicaciones, como es <em>La noci\u00f3n del tiempo <\/em>(Kuhn, 2016), su \u00faltimo libro, en el que captura de una manera sutil lugares y espacios, objetos de la vida cotidiana, fotograf\u00edas que datan de por lo menos hace 35 a\u00f1os y que re\u00fane magistralmente en ese tomo.<\/p>\n\n\n\n<p>En esta entrevista, Toni nos cuenta sobre los haces de luz que ha plasmado a lo largo de su longeva obra.<\/p>\n\n\n\n<h2 class=\"wp-block-heading\">Bibliograf\u00eda<\/h2>\n\n\n\n<p class=\"bibliography\">Kuhn, Toni (2016). <em>La noci\u00f3n del tiempo. <\/em>M\u00e9xico: Tiempo imaginario.<\/p>\n\n\n\n<h2 class=\"wp-block-heading\">Filmograf\u00eda<\/h2>\n\n\n\n<p class=\"bibliography\">Hermosillo, Jaime Humberto (director) (1991). <em>La tarea <\/em>[pel\u00edcula]. M\u00e9xico: Clasa Films Mundiales.<\/p>\n\n\n\n<p class=\"bibliography\">Isaac, Alberto (director) (1995). <em>Mujeres insumisas <\/em>[pel\u00edcula]. M\u00e9xico: Claudio Producciones\/Televicine, <span class=\"small-caps\">s.a.<\/span> de <span class=\"small-caps\">c.v.<\/span>\/Universidad de Colima\/U de G.<\/p>\n\n\n\n<p class=\"bibliography\">Joskowicz, Alfredo (director) (1970). <em>Crates <\/em>[pel\u00edcula]. M\u00e9xico: Guillermo D\u00edaz Palafox\/<span class=\"small-caps\">unam<\/span>.<\/p>\n\n\n\n<p class=\"bibliography\">Mora Catlett, Juan (director) (1990). <em>Retorno a Aztl\u00e1n <\/em>[pel\u00edcula]. M\u00e9xico: Direcci\u00f3n de Actividades Cinematogr\u00e1ficas de la <span class=\"small-caps\">unam\/imcine<\/span>\/Cooperativa Jos\u00e9 Revueltas\/Fondo de Fomento a la Calidad Cinematogr\u00e1fica\/Producciones Volc\u00e1n, <span class=\"small-caps\">s.a.<\/span> de <span class=\"small-caps\">c.v.<\/span><\/p>\n\n\n\n<p class=\"bibliography\">Schyfter, Guita (directora) (1993). <em>Novia que te vea <\/em>[pel\u00edcula]<em>. <\/em>M\u00e9xico: Fondo de Fomento a la Calidad Cinematogr\u00e1fica\/Instituto Mexicano de Cinematograf\u00eda (<span class=\"small-caps\">imcine<\/span>)\/Producciones Arte Nuevo.<\/p>\n\n\n\n<p class=\"bibliography\">Z\u00fa\u00f1iga, Ariel (director) (1983). <em>El diablo y la dama <\/em>[pel\u00edcula]. M\u00e9xico: Ariel Z\u00fa\u00f1iga\/Benito Perojo.<\/p>\n\n\n\n<hr class=\"wp-block-separator has-alpha-channel-opacity is-style-dots\"\/>\n\n\n\n<p class=\"abstract\"><em>Arturo Guti\u00e9rrez del \u00c1ngel<\/em> es profesor-investigador del Programa de Estudios Antropol\u00f3gicos de El Colegio de San Luis. Miembro del Sistema Nacional de Investigadores (<span class=\"small-caps\">sni<\/span>) desde 2008. Sus investigaciones han girado en torno a la mitolog\u00eda, las religiones y los rituales. Se ha especializado en antropolog\u00eda visual, particularmente en la relaci\u00f3n entre la fotograf\u00eda, las expresiones pl\u00e1sticas y culturales. Ha trabajado con grupos del occidente y norte mexicanos, como los <em>wixaritari<\/em> o los <em>na\u2019ayari<\/em>. Ha publicado cinco libros de autor y seis libros como coautor, aparte de publicaciones en revistas nacionales e internacionales. Ha expuesto su trabajo fotogr\u00e1fico en museos y galer\u00edas; cuenta con 20 exposiciones de fotograf\u00edas relacionadas con Asia, \u201cEl instante de la mirada: 5 pa\u00edses de Asia\u201d. <a href=\"https:\/\/orcid.org\/0000-0002-2974-1991\">https:\/\/orcid.org\/0000-0002-2974-1991<\/a><\/p>\n\n\n\n<p class=\"abstract\"><em>Toni Kuhn<\/em> es un reconocido fot\u00f3grafo de cine, video y foto fija, nacido en Biel-Bienne, Suiza, el 6 de diciembre de 1942. Toni lleg\u00f3 a M\u00e9xico a los 22 a\u00f1os. Inicialmente, hab\u00eda llegado al pa\u00eds con el fin de permanecer tres meses, pero ha permanecido en el m\u00e1s de 50 a\u00f1os, naturalizado como mexicano. Desde peque\u00f1o, a los ocho a\u00f1os, un pariente le hab\u00eda regalado una c\u00e1mara de 8 mm, la cual nunca soltaba, registraba todo a su alrededor y, poco a poco, eso se convertir\u00eda en una verdadera vocaci\u00f3n. Dos a\u00f1os despu\u00e9s de su llegada a M\u00e9xico, Toni entr\u00f3 al <span class=\"small-caps\">cuec<\/span>, a pesar de las dificultades del idioma que enfrent\u00f3 en un inicio.<\/p>\n","protected":false},"excerpt":{"rendered":"<p>Le travail de Toni Kuhn s'inscrit dans la continuit\u00e9 et dans la grande tradition des directeurs de la photographie mexicains, tels que Gabriel Figueroa, Alex Phillips, Jack Draper, Agust\u00edn Jim\u00e9nez, pour n'en citer que quelques-uns. Ils ont \u00e9t\u00e9 ses ma\u00eetres, ses r\u00e9f\u00e9rences, bien qu'ils ne lui aient pas donn\u00e9 - comme il nous le dit - un \u0153il visuel, photographique, parce que, que l'on naisse avec ou sans, c'est presque un substitut \u00e0 la langue elle-m\u00eame, aux multiples langues, qu'il dit avoir apprises dans sa Suisse natale et qu'il a su, d'une mani\u00e8re ou d'une autre, traduire en images et capitaliser avec une r\u00e9alit\u00e9 que le Mexique lui a impos\u00e9e. Dans cet entretien, Toni nous parle des faisceaux de lumi\u00e8re qu'il a capt\u00e9s tout au long de son \u0153uvre de longue haleine.<\/p>","protected":false},"author":4,"featured_media":0,"comment_status":"open","ping_status":"open","sticky":false,"template":"","format":"standard","meta":{"_acf_changed":false,"footnotes":""},"categories":[12],"tags":[],"coauthors":[551],"class_list":["post-38992","post","type-post","status-publish","format-standard","hentry","category-12","personas-gutierrez-del-angel","personas-kuhn-toni","numeros-1267"],"acf":[],"yoast_head":"<!-- This site is optimized with the Yoast SEO plugin v22.2 - https:\/\/yoast.com\/wordpress\/plugins\/seo\/ -->\n<title>Haces de luz: la mirada cinematogr\u00e1fica de Luc-Toni Kuhn &#8211; Encartes<\/title>\n<meta name=\"description\" content=\"En esta entrevista, Toni Kuhn nos cuenta sobre los haces de luz que ha plasmado a lo largo de su longeva obra.\" \/>\n<meta name=\"robots\" content=\"index, follow, max-snippet:-1, max-image-preview:large, max-video-preview:-1\" \/>\n<link rel=\"canonical\" href=\"https:\/\/encartes.mx\/fr\/gutierrez-kuhn-trayectoria-cimetatografia-mexicana\/\" \/>\n<meta property=\"og:locale\" content=\"fr_FR\" \/>\n<meta property=\"og:type\" content=\"article\" \/>\n<meta property=\"og:title\" content=\"Haces de luz: la mirada cinematogr\u00e1fica de Luc-Toni Kuhn &#8211; Encartes\" \/>\n<meta property=\"og:description\" content=\"En esta entrevista, Toni Kuhn nos cuenta sobre los haces de luz que ha plasmado a lo largo de su longeva obra.\" \/>\n<meta property=\"og:url\" content=\"https:\/\/encartes.mx\/fr\/gutierrez-kuhn-trayectoria-cimetatografia-mexicana\/\" \/>\n<meta property=\"og:site_name\" content=\"Encartes\" \/>\n<meta property=\"article:published_time\" content=\"2024-09-20T16:49:10+00:00\" \/>\n<meta property=\"article:modified_time\" content=\"2024-09-25T20:12:13+00:00\" \/>\n<meta name=\"author\" content=\"Arthur Ventura\" \/>\n<meta name=\"twitter:card\" content=\"summary_large_image\" \/>\n<meta name=\"twitter:label1\" content=\"\u00c9crit par\" \/>\n\t<meta name=\"twitter:data1\" content=\"Arthur Ventura\" \/>\n\t<meta name=\"twitter:label2\" content=\"Dur\u00e9e de lecture estim\u00e9e\" \/>\n\t<meta name=\"twitter:data2\" content=\"6 minutes\" \/>\n\t<meta name=\"twitter:label3\" content=\"Written by\" \/>\n\t<meta name=\"twitter:data3\" content=\"Arthur Ventura\" \/>\n<script type=\"application\/ld+json\" class=\"yoast-schema-graph\">{\"@context\":\"https:\/\/schema.org\",\"@graph\":[{\"@type\":\"Article\",\"@id\":\"https:\/\/encartes.mx\/gutierrez-kuhn-trayectoria-cimetatografia-mexicana\/#article\",\"isPartOf\":{\"@id\":\"https:\/\/encartes.mx\/gutierrez-kuhn-trayectoria-cimetatografia-mexicana\/\"},\"author\":{\"name\":\"Arthur Ventura\",\"@id\":\"https:\/\/encartes.mx\/#\/schema\/person\/97215bba1729028a4169cab07f8e58ef\"},\"headline\":\"Haces de luz: la mirada cinematogr\u00e1fica de Luc-Toni Kuhn\",\"datePublished\":\"2024-09-20T16:49:10+00:00\",\"dateModified\":\"2024-09-25T20:12:13+00:00\",\"mainEntityOfPage\":{\"@id\":\"https:\/\/encartes.mx\/gutierrez-kuhn-trayectoria-cimetatografia-mexicana\/\"},\"wordCount\":1318,\"commentCount\":0,\"publisher\":{\"@id\":\"https:\/\/encartes.mx\/#organization\"},\"articleSection\":[\"Entrevistas\"],\"inLanguage\":\"fr-FR\",\"potentialAction\":[{\"@type\":\"CommentAction\",\"name\":\"Comment\",\"target\":[\"https:\/\/encartes.mx\/gutierrez-kuhn-trayectoria-cimetatografia-mexicana\/#respond\"]}]},{\"@type\":\"WebPage\",\"@id\":\"https:\/\/encartes.mx\/gutierrez-kuhn-trayectoria-cimetatografia-mexicana\/\",\"url\":\"https:\/\/encartes.mx\/gutierrez-kuhn-trayectoria-cimetatografia-mexicana\/\",\"name\":\"Haces de luz: la mirada cinematogr\u00e1fica de Luc-Toni Kuhn &#8211; Encartes\",\"isPartOf\":{\"@id\":\"https:\/\/encartes.mx\/#website\"},\"datePublished\":\"2024-09-20T16:49:10+00:00\",\"dateModified\":\"2024-09-25T20:12:13+00:00\",\"description\":\"En esta entrevista, Toni Kuhn nos cuenta sobre los haces de luz que ha plasmado a lo largo de su longeva obra.\",\"breadcrumb\":{\"@id\":\"https:\/\/encartes.mx\/gutierrez-kuhn-trayectoria-cimetatografia-mexicana\/#breadcrumb\"},\"inLanguage\":\"fr-FR\",\"potentialAction\":[{\"@type\":\"ReadAction\",\"target\":[\"https:\/\/encartes.mx\/gutierrez-kuhn-trayectoria-cimetatografia-mexicana\/\"]}]},{\"@type\":\"BreadcrumbList\",\"@id\":\"https:\/\/encartes.mx\/gutierrez-kuhn-trayectoria-cimetatografia-mexicana\/#breadcrumb\",\"itemListElement\":[{\"@type\":\"ListItem\",\"position\":1,\"name\":\"Home\",\"item\":\"https:\/\/encartes.mx\/\"},{\"@type\":\"ListItem\",\"position\":2,\"name\":\"Haces de luz: la mirada cinematogr\u00e1fica de Luc-Toni Kuhn\"}]},{\"@type\":\"WebSite\",\"@id\":\"https:\/\/encartes.mx\/#website\",\"url\":\"https:\/\/encartes.mx\/\",\"name\":\"Encartes\",\"description\":\"Revista digital multimedia\",\"publisher\":{\"@id\":\"https:\/\/encartes.mx\/#organization\"},\"potentialAction\":[{\"@type\":\"SearchAction\",\"target\":{\"@type\":\"EntryPoint\",\"urlTemplate\":\"https:\/\/encartes.mx\/?s={search_term_string}\"},\"query-input\":\"required name=search_term_string\"}],\"inLanguage\":\"fr-FR\"},{\"@type\":\"Organization\",\"@id\":\"https:\/\/encartes.mx\/#organization\",\"name\":\"Encartes Antropol\u00f3gicos\",\"url\":\"https:\/\/encartes.mx\/\",\"logo\":{\"@type\":\"ImageObject\",\"inLanguage\":\"fr-FR\",\"@id\":\"https:\/\/encartes.mx\/#\/schema\/logo\/image\/\",\"url\":\"https:\/\/encartes.mx\/wp-content\/uploads\/2017\/04\/Logo-04.png\",\"contentUrl\":\"https:\/\/encartes.mx\/wp-content\/uploads\/2017\/04\/Logo-04.png\",\"width\":338,\"height\":306,\"caption\":\"Encartes Antropol\u00f3gicos\"},\"image\":{\"@id\":\"https:\/\/encartes.mx\/#\/schema\/logo\/image\/\"}},{\"@type\":\"Person\",\"@id\":\"https:\/\/encartes.mx\/#\/schema\/person\/97215bba1729028a4169cab07f8e58ef\",\"name\":\"Arthur Ventura\",\"image\":{\"@type\":\"ImageObject\",\"inLanguage\":\"fr-FR\",\"@id\":\"https:\/\/encartes.mx\/#\/schema\/person\/image\/8a45818ea77a67a00c058d294424a6f6\",\"url\":\"https:\/\/secure.gravatar.com\/avatar\/e8ff614b2fa0d91ff6c65f328a272c53?s=96&d=identicon&r=g\",\"contentUrl\":\"https:\/\/secure.gravatar.com\/avatar\/e8ff614b2fa0d91ff6c65f328a272c53?s=96&d=identicon&r=g\",\"caption\":\"Arthur Ventura\"}}]}<\/script>\n<!-- \/ Yoast SEO plugin. -->","yoast_head_json":{"title":"Haces de luz: la mirada cinematogr\u00e1fica de Luc-Toni Kuhn &#8211; Encartes","description":"En esta entrevista, Toni Kuhn nos cuenta sobre los haces de luz que ha plasmado a lo largo de su longeva obra.","robots":{"index":"index","follow":"follow","max-snippet":"max-snippet:-1","max-image-preview":"max-image-preview:large","max-video-preview":"max-video-preview:-1"},"canonical":"https:\/\/encartes.mx\/fr\/gutierrez-kuhn-trayectoria-cimetatografia-mexicana\/","og_locale":"fr_FR","og_type":"article","og_title":"Haces de luz: la mirada cinematogr\u00e1fica de Luc-Toni Kuhn &#8211; Encartes","og_description":"En esta entrevista, Toni Kuhn nos cuenta sobre los haces de luz que ha plasmado a lo largo de su longeva obra.","og_url":"https:\/\/encartes.mx\/fr\/gutierrez-kuhn-trayectoria-cimetatografia-mexicana\/","og_site_name":"Encartes","article_published_time":"2024-09-20T16:49:10+00:00","article_modified_time":"2024-09-25T20:12:13+00:00","author":"Arthur Ventura","twitter_card":"summary_large_image","twitter_misc":{"\u00c9crit par":"Arthur Ventura","Dur\u00e9e de lecture estim\u00e9e":"6 minutes","Written by":"Arthur Ventura"},"schema":{"@context":"https:\/\/schema.org","@graph":[{"@type":"Article","@id":"https:\/\/encartes.mx\/gutierrez-kuhn-trayectoria-cimetatografia-mexicana\/#article","isPartOf":{"@id":"https:\/\/encartes.mx\/gutierrez-kuhn-trayectoria-cimetatografia-mexicana\/"},"author":{"name":"Arthur Ventura","@id":"https:\/\/encartes.mx\/#\/schema\/person\/97215bba1729028a4169cab07f8e58ef"},"headline":"Haces de luz: la mirada cinematogr\u00e1fica de Luc-Toni Kuhn","datePublished":"2024-09-20T16:49:10+00:00","dateModified":"2024-09-25T20:12:13+00:00","mainEntityOfPage":{"@id":"https:\/\/encartes.mx\/gutierrez-kuhn-trayectoria-cimetatografia-mexicana\/"},"wordCount":1318,"commentCount":0,"publisher":{"@id":"https:\/\/encartes.mx\/#organization"},"articleSection":["Entrevistas"],"inLanguage":"fr-FR","potentialAction":[{"@type":"CommentAction","name":"Comment","target":["https:\/\/encartes.mx\/gutierrez-kuhn-trayectoria-cimetatografia-mexicana\/#respond"]}]},{"@type":"WebPage","@id":"https:\/\/encartes.mx\/gutierrez-kuhn-trayectoria-cimetatografia-mexicana\/","url":"https:\/\/encartes.mx\/gutierrez-kuhn-trayectoria-cimetatografia-mexicana\/","name":"Haces de luz: la mirada cinematogr\u00e1fica de Luc-Toni Kuhn &#8211; Encartes","isPartOf":{"@id":"https:\/\/encartes.mx\/#website"},"datePublished":"2024-09-20T16:49:10+00:00","dateModified":"2024-09-25T20:12:13+00:00","description":"En esta entrevista, Toni Kuhn nos cuenta sobre los haces de luz que ha plasmado a lo largo de su longeva obra.","breadcrumb":{"@id":"https:\/\/encartes.mx\/gutierrez-kuhn-trayectoria-cimetatografia-mexicana\/#breadcrumb"},"inLanguage":"fr-FR","potentialAction":[{"@type":"ReadAction","target":["https:\/\/encartes.mx\/gutierrez-kuhn-trayectoria-cimetatografia-mexicana\/"]}]},{"@type":"BreadcrumbList","@id":"https:\/\/encartes.mx\/gutierrez-kuhn-trayectoria-cimetatografia-mexicana\/#breadcrumb","itemListElement":[{"@type":"ListItem","position":1,"name":"Home","item":"https:\/\/encartes.mx\/"},{"@type":"ListItem","position":2,"name":"Haces de luz: la mirada cinematogr\u00e1fica de Luc-Toni Kuhn"}]},{"@type":"WebSite","@id":"https:\/\/encartes.mx\/#website","url":"https:\/\/encartes.mx\/","name":"Encartes","description":"Magazine num\u00e9rique multim\u00e9dia","publisher":{"@id":"https:\/\/encartes.mx\/#organization"},"potentialAction":[{"@type":"SearchAction","target":{"@type":"EntryPoint","urlTemplate":"https:\/\/encartes.mx\/?s={search_term_string}"},"query-input":"required name=search_term_string"}],"inLanguage":"fr-FR"},{"@type":"Organization","@id":"https:\/\/encartes.mx\/#organization","name":"Insertions anthropologiques","url":"https:\/\/encartes.mx\/","logo":{"@type":"ImageObject","inLanguage":"fr-FR","@id":"https:\/\/encartes.mx\/#\/schema\/logo\/image\/","url":"https:\/\/encartes.mx\/wp-content\/uploads\/2017\/04\/Logo-04.png","contentUrl":"https:\/\/encartes.mx\/wp-content\/uploads\/2017\/04\/Logo-04.png","width":338,"height":306,"caption":"Encartes Antropol\u00f3gicos"},"image":{"@id":"https:\/\/encartes.mx\/#\/schema\/logo\/image\/"}},{"@type":"Person","@id":"https:\/\/encartes.mx\/#\/schema\/person\/97215bba1729028a4169cab07f8e58ef","name":"Arthur Ventura","image":{"@type":"ImageObject","inLanguage":"fr-FR","@id":"https:\/\/encartes.mx\/#\/schema\/person\/image\/8a45818ea77a67a00c058d294424a6f6","url":"https:\/\/secure.gravatar.com\/avatar\/e8ff614b2fa0d91ff6c65f328a272c53?s=96&d=identicon&r=g","contentUrl":"https:\/\/secure.gravatar.com\/avatar\/e8ff614b2fa0d91ff6c65f328a272c53?s=96&d=identicon&r=g","caption":"Arthur Ventura"}}]}},"jetpack_sharing_enabled":true,"jetpack_featured_media_url":"","_links":{"self":[{"href":"https:\/\/encartes.mx\/fr\/wp-json\/wp\/v2\/posts\/38992","targetHints":{"allow":["GET"]}}],"collection":[{"href":"https:\/\/encartes.mx\/fr\/wp-json\/wp\/v2\/posts"}],"about":[{"href":"https:\/\/encartes.mx\/fr\/wp-json\/wp\/v2\/types\/post"}],"author":[{"embeddable":true,"href":"https:\/\/encartes.mx\/fr\/wp-json\/wp\/v2\/users\/4"}],"replies":[{"embeddable":true,"href":"https:\/\/encartes.mx\/fr\/wp-json\/wp\/v2\/comments?post=38992"}],"version-history":[{"count":10,"href":"https:\/\/encartes.mx\/fr\/wp-json\/wp\/v2\/posts\/38992\/revisions"}],"predecessor-version":[{"id":39168,"href":"https:\/\/encartes.mx\/fr\/wp-json\/wp\/v2\/posts\/38992\/revisions\/39168"}],"wp:attachment":[{"href":"https:\/\/encartes.mx\/fr\/wp-json\/wp\/v2\/media?parent=38992"}],"wp:term":[{"taxonomy":"category","embeddable":true,"href":"https:\/\/encartes.mx\/fr\/wp-json\/wp\/v2\/categories?post=38992"},{"taxonomy":"post_tag","embeddable":true,"href":"https:\/\/encartes.mx\/fr\/wp-json\/wp\/v2\/tags?post=38992"},{"taxonomy":"author","embeddable":true,"href":"https:\/\/encartes.mx\/fr\/wp-json\/wp\/v2\/coauthors?post=38992"}],"curies":[{"name":"wp","href":"https:\/\/api.w.org\/{rel}","templated":true}]}}