{"id":36817,"date":"2023-03-21T03:28:57","date_gmt":"2023-03-21T03:28:57","guid":{"rendered":"https:\/\/encartes.mx\/?p=36817"},"modified":"2023-11-16T17:50:21","modified_gmt":"2023-11-16T23:50:21","slug":"salazar-ciudad-juarez-violencias-investigacion-social","status":"publish","type":"post","link":"https:\/\/encartes.mx\/fr\/salazar-ciudad-juarez-violencias-investigacion-social\/","title":{"rendered":"L'\u00e9v\u00e9nement \u00e9clate. L'horreur de la violence contemporaine et l'\u00e9rosion du pacte social \u00e0 la fronti\u00e8re nord du Mexique."},"content":{"rendered":"\n<h2 class=\"wp-block-heading\">Resumen<\/h2>\n\n\n\n<p class=\"abstract\">En las dos \u00faltimas d\u00e9cadas, la regi\u00f3n fronteriza del norte del pa\u00eds, en particular Ciudad Ju\u00e1rez, ha enfrentado un paisaje dominado por diversas violencias ligadas no solo a la presencia del narcotr\u00e1fico y el crimen organizado, sino tambi\u00e9n a aquella generada por la intervenci\u00f3n punitiva por parte del Estado mexicano. En ese sentido, repensar los marcos explicativos en torno a enfoques te\u00f3ricos-metodol\u00f3gicos ha constituido una de las tareas claves en contextos donde, en palabras de Rossana Reguillo, el miedo se apodera de un presente en crisis como expresi\u00f3n de un paisaje colapsado.<\/p>\n\n\n\n<p class=\"abstract\">Palabras claves: <a href=\"https:\/\/encartes.mx\/fr\/tag\/accion-colectiva\/\" rel=\"tag\">acci\u00f3n colectiva<\/a>, <a href=\"https:\/\/encartes.mx\/fr\/tag\/acontecimiento\/\" rel=\"tag\">acontecimiento<\/a>, <a href=\"https:\/\/encartes.mx\/fr\/tag\/ciudad-juarez\/\" rel=\"tag\">Ciudad Ju\u00e1rez<\/a>, <a href=\"https:\/\/encartes.mx\/fr\/tag\/horror\/\" rel=\"tag\">horror<\/a>, <a href=\"https:\/\/encartes.mx\/fr\/tag\/violencias\/\" rel=\"tag\">violencias<\/a><\/p>\n\n\n\n<p class=\"en-title\"><span class=\"small-caps\">the event barges in: the horror of modern violence and the erosion of the social pact at mexico\u2019s northern border<\/span><\/p>\n\n\n\n<p class=\"abstract en-text\">In the last two decades the border region in the north of the country, Ciudad Ju\u00e1rez in particular, has faced a landscape dominated by various types of violence tied not only to the presence of drug trafficking and organized crime but also to that generated by the punitive intervention on the part of the Mexican state. In this sense, rethinking the explanatory frameworks in relation to theoretical-methodological approaches has constituted one of the key tasks in contexts where, in the words of Rossana Reguillo, fear takes possession of a present in crisis and as an expression of a collapsed landscape.<\/p>\n\n\n\n<p class=\"abstract en-text\">Keywords: events, horror, violence, collective action, Ciudad Ju\u00e1rez.<\/p>\n\n\n\n<hr class=\"wp-block-separator has-text-color has-background has-accent-background-color has-accent-color is-style-dots\"\/>\n\n\n\n<h2 class=\"wp-block-heading\">Punto de partida<\/h2>\n\n\n\n<p class=\"has-drop-cap abstract\">Nos re\u00fane en esta edici\u00f3n de la revista <em>Encartes<\/em> una obra fascinante y de referencia obligada de nuestra acad\u00e9mica Rossana Reguillo, no solo por los tiempos en convulsi\u00f3n que hemos estado viviendo en nuestro pa\u00eds en los \u00faltimos a\u00f1os, sino por el llamado urgente a una academia adormecida en la que se vuelve imprescindible un pensamiento cr\u00edtico y creativo que abone al entendimiento de lo que acontece. Manifestaciones de violencias que han sacudido el \u00e1mbito de la vida cotidiana de un n\u00famero creciente de la poblaci\u00f3n, sumado a un Estado incapaz o completamente superado que, en varios de sus \u00e1mbitos, ha sido c\u00f3mplice de la crisis humanitaria resultado de fen\u00f3menos como la migraci\u00f3n desbordada, el narcotr\u00e1fico, los feminicidios, las desapariciones o desplazamientos forzados, entre otros.<\/p>\n\n\n\n<p>Este ensayo presenta una serie de l\u00edneas de lectura sobre el impacto de la obra de Rossana Reguillo en el abordaje del fen\u00f3meno de las violencias y la producci\u00f3n del horror en la frontera norte de M\u00e9xico. Como bien ha se\u00f1alado la autora, ya no podemos seguir pensando al horror como exceso, sino como expresi\u00f3n central de las violencias que marcan las trayectorias vivenciales. Desde hace m\u00e1s de una d\u00e9cada, como profesor de la Universidad Aut\u00f3noma de Ciudad Ju\u00e1rez, una de mis preocupaciones centrales ha sido comprender c\u00f3mo diversas violencias se articulan en torno a la experiencia cotidiana de las y los j\u00f3venes habitantes de esta ciudad fronteriza. En este sentido, han sido fundamentales categor\u00edas como socialidad de resguardo, subjetividades del riesgo, subjetividades disidentes, entre otras,<a class=\"anota\" id=\"anota1\" data-footnote=1>1<\/a> que han marcado el desarrollo inicial de mis aproximaciones al estudio de las culturas juveniles en esta regi\u00f3n.<\/p>\n\n\n\n<p>El art\u00edculo \u201cEnsayos sobre el abismo: pol\u00edticas de la mirada, violencia, tecnopol\u00edtica\u201d, que encabeza la secci\u00f3n de \u201cColoquios interdisciplinarios\u201d de la revista <em>Encartes<\/em>, nos aproxima a una compleja trayectoria de pensamiento en la que Reguillo (2021) ha insistido en la necesidad de narrar y nombrar los malestares y horrores, s\u00edntomas del colapso civilizatorio de la modernidad. A finales del siglo pasado, fen\u00f3menos como el feminicidio comenzaban a dar cuenta de la crisis que produc\u00eda un modelo econ\u00f3mico basado en la expropiaci\u00f3n de la vida como condici\u00f3n del incremento de capitales trasnacionales; en las dos d\u00e9cadas del presente siglo, hemos enfrentado un escenario en el que la barbarie y lo monstruoso han constituido dos marcas del abismo en el que no logramos observar, con todo y las contra-articulaciones que buscan disidir el orden establecido, un horizonte de certeza que nos permita pensar que la alternativa es posible.<\/p>\n\n\n\n<p>El presente ensayo da cuenta de c\u00f3mo se han articulado las observaciones te\u00f3rico-metodol\u00f3gicas que, por lo general, han privilegiado tres premisas que, en mi opini\u00f3n, son de suma relevancia en el quehacer de la investigaci\u00f3n en el campo de los estudios socioculturales.<a class=\"anota\" id=\"anota2\" data-footnote=2>2<\/a> En primer lugar, en diversos espacios acad\u00e9micos se ha enfatizado que es fundamental en el quehacer de la investigaci\u00f3n la \u201crobustez te\u00f3rica con la solvencia emp\u00edrica\u201d<em>, <\/em>como andamiaje que da solidez a nuestras aproximaciones explicativas. Sumado a ello, Rossana Reguillo, fiel a su capacidad creativa y rigurosa, sit\u00faa lo que ha llamado como \u201cla epistemolog\u00eda de la espada del augurio\u201d,<a class=\"anota\" id=\"anota3\" data-footnote=3>3<\/a> esto es, ver m\u00e1s all\u00e1 de lo evidente. Y, en tercer lugar, el uso del \u201clenguaje metaf\u00f3rico\u201d como recurso anal\u00edtico para fortalecer el andamiaje te\u00f3rico del que se sirve el investigador para comprender los fen\u00f3menos que se le presentan.<a class=\"anota\" id=\"anota4\" data-footnote=4>4<\/a> Estas tres premisas son relevantes y constituyen un punto de partida en el comprometido ejercicio de la investigaci\u00f3n cient\u00edfica ante un paisaje de \u201clo atroz y el colapso\u201d, como dos expresiones de las violencias contempor\u00e1neas.<a class=\"anota\" id=\"anota5\" data-footnote=5>5<\/a><\/p>\n\n\n\n<h2 class=\"wp-block-heading\">Violencias de hoy, violencias de siempre<\/h2>\n\n\n\n<p class=\"abstract\">El escenario de la frontera norte, en particular la regi\u00f3n del estado de Chihuahua, ha enfrentado hist\u00f3ricamente diversas expresiones de violencias vinculadas a los fen\u00f3menos como la llamada \u201cguerra sucia\u201d por parte del gobierno mexicano contra campesinos y estudiantes en la d\u00e9cada de los setenta, asesinatos en la v\u00eda p\u00fablica vinculados al inicio de la presencia del narcotr\u00e1fico con el poder que comenz\u00f3 a gestar el C\u00e1rtel de Ju\u00e1rez en los ochenta, as\u00ed como el feminicidio como una expresi\u00f3n brutal frente a los cuerpos de las mujeres con los primeros casos al finalizar los a\u00f1os noventa.<meta http-equiv=\"content-type\" content=\"text\/html; charset=utf-8\"><a class=\"anota\" id=\"anota6\" data-footnote=6>6<\/a> Colocar la mirada en un horizonte de mayor amplitud permite advertir c\u00f3mo las violencias que enfrentamos en la regi\u00f3n fronteriza del norte del pa\u00eds se articulan a procesos hist\u00f3ricos en los que las condiciones estructurales de la violencia constituyen una ardua y necesaria tarea de reflexi\u00f3n.<\/p>\n\n\n\n<p>De obligada lectura, el libro <em>Capitalismo gore<\/em>: <em>control econ\u00f3mico, violencia y narcopoder<\/em> de Sayak Valencia (2010)<meta http-equiv=\"content-type\" content=\"text\/html; charset=utf-8\"><a class=\"anota\" id=\"anota7\" data-footnote=7>7<\/a> permite comprender c\u00f3mo en el contexto reciente de la frontera norte de M\u00e9xico el uso desenfrenado, grotesco y espectacular de la violencia, de quienes ella denomina como \u201csujetos endriagos\u201d, evidencian la perversidad de un modelo econ\u00f3mico sostenido en l\u00f3gicas de consumo de los entornos vitales, as\u00ed como la presencia de necropoderes que vuelven rentable la gesti\u00f3n de la muerte violenta. En este sentido, el enfoque de la necropol\u00edtica del fil\u00f3sofo camerun\u00e9s Achille Mbembe (2011) ha significado una ruta clave y del pacto social y c\u00f3mo la vida se somete al poder de la muerte. Como bien se\u00f1ala Sayak Valencia:<\/p>\n\n\n\n<p class=\"verse\">Cuerpos concebidos como productos de intercambio que alteran y rompen las l\u00f3gicas del proceso de producci\u00f3n del capital, ya que subvierten sus t\u00e9rminos al sacar de juego la fase de producci\u00f3n de la mercanc\u00eda, sustituy\u00e9ndola por una mercanc\u00eda encarnada literalmente por el cuerpo y la vida humana, a trav\u00e9s de t\u00e9cnicas predatorias de violencia extrema (Valencia, 2010: 15).<\/p>\n\n\n\n<p>Hablar de la frontera es colocarnos ante un espacio intersticial en el que hist\u00f3ricamente han operado poderes extractores de la vida y el ecosistema asociado a factores como una industria manufacturera altamente rentable para un modelo econ\u00f3mico neoliberal, as\u00ed como la hist\u00f3rica presencia del narcotr\u00e1fico y crimen organizado, que generan un v\u00ednculo perverso asociativo con el Estado mexicano, dando cuenta con ello de la aparici\u00f3n de una l\u00f3gica paralegal (Reguillo, 2007). Esta categor\u00eda es relevante en la obra reciente de <em>Necrom\u00e1quina<\/em> (Reguillo, 2021) que, junto al concepto de violencia expresiva, permite repensar los mapas conceptuales frente al horizonte que nos aqueja.<\/p>\n\n\n\n<h2 class=\"wp-block-heading\">Paralegalidad, el estallido de los pactos<\/h2>\n\n\n\n<p class=\"abstract\">Ante el escenario que interpela a los acad\u00e9micos con urgente prioridad, no podemos perder de vista que una de las rutas comunes que ha sido propiciada, tanto en el espacio de la acad\u00e9mica como en los medios de comunicaci\u00f3n, es la idea de un \u201ccombate\u201d frente a un fen\u00f3meno etiquetado como crimen organizado. Sin embargo, en este punto radica una de las preocupaciones claves de la categor\u00eda de paralegalidad que utiliza Reguillo (2007) ante el colapso de las instituciones y la gestaci\u00f3n de un orden que todav\u00eda no es, pero est\u00e1 en v\u00edas de serlo. La paralegalidad es una forma intermedia que se viene tejiendo entre lo legal e ilegal, binomio en franca crisis, \u201cfunda su propio orden, sus propios c\u00f3digos, sus normas, y c\u00f3mo dirime sus conflictos\u201d (Reguillo, 2021: 1).<\/p>\n\n\n\n<p>En el caso concreto de la regi\u00f3n que comprende Ciudad Ju\u00e1rez, los operativos policiaco-militares de las tres \u00faltimas administraciones de los gobiernos federales, en particular el Operativo Conjunto Chihuahua-Ju\u00e1rez, son expresiones de medidas o acuerdos que a escala binacional han significado estrategias de implementaci\u00f3n de \u201cmano dura\u201d principalmente hacia la poblaci\u00f3n civil. Ejemplo de ello fue la Iniciativa M\u00e9rida<a class=\"anota\" id=\"anota8\" data-footnote=8>8<\/a> que constituy\u00f3 un programa de flagrante expresi\u00f3n intervencionista, en el que, con el argumento de la \u201cayuda estrat\u00e9gica\u201d, el gobierno de Estados Unidos invirti\u00f3 una cantidad enorme de recursos financieros y operativos para favorecer el fortalecimiento y la capacitaci\u00f3n t\u00e1ctica de corporaciones policiales y del ej\u00e9rcito en el combate al narcotr\u00e1fico y crimen organizado.<meta http-equiv=\"content-type\" content=\"text\/html; charset=utf-8\"><a class=\"anota\" id=\"anota9\" data-footnote=9>9<\/a> El resultado fue la toma f\u00e1ctica de la seguridad p\u00fablica a cargo de militares entrenados en estrategias de contrainsurgencia, quienes llevaron a cabo operativos caracterizados por las violaciones sistem\u00e1ticas a los derechos humanos.<\/p>\n\n\n\n<p>En este contexto, Ciudad Ju\u00e1rez ha sido la expresi\u00f3n contundente de tres procesos que denotan la erosi\u00f3n del pacto social. Un modelo econ\u00f3mico-social basado en una l\u00f3gica hiperconsumista de los cuerpos (juveniles) que establece una separaci\u00f3n entre quienes pueden formar parte de los criterios de selectividad y aquellos otros\/otras que cada vez son obligados a colocarse en los m\u00e1rgenes (Salazar, 2016). La configuraci\u00f3n sociocultural de una \u201csociedad bul\u00edmica\u201d, t\u00e9rmino con el que Reguillo hace referencia a las actuales l\u00f3gicas de inclusi\u00f3n excluyente que caracterizan el modelo econ\u00f3mico y social tardocapitalista, devora la vida de los cuerpos juveniles para despu\u00e9s arrojarlos como banalidad inerte que deambula en la precariedad y la carencia. Un contexto que da cuenta de un r\u00e9gimen que, m\u00e1s all\u00e1 de la excepcionalidad, se ha distinguido por el endurecimiento de pol\u00edticas de seguritizaci\u00f3n y sus diversas estrategias en torno al uso del terror y el miedo deliberativo, como medidas para erosionar y desalentar la participaci\u00f3n ciudadana como alternativa frente a las violencias que se apoderan de los espacios cotidianos.<\/p>\n\n\n\n<h2 class=\"wp-block-heading\">El acontecimiento irrumpe.<\/h2>\n\n\n\n<h3 class=\"wp-block-heading\">Tres momentos del paisaje convulsionado<\/h3>\n\n\n\n<p class=\"abstract\">En su texto \u201cMemorias, performatividad y cat\u00e1strofe: ciudad interrumpida\u201d, Reguillo nos advierte que \u201ctodo acontecimiento instaura sus propias reglas de lectura y configura su propio espacio p\u00fablico\u201d (2006: 95). Y, como tal, en el acontecimiento entran en tensi\u00f3n dos l\u00f3gicas o trayectorias: por un lado, una racionalidad hist\u00f3rica que se asocia a una articulaci\u00f3n estructural de larga duraci\u00f3n y, por el otro, una racionalidad comunicativa que refiere a los diversos modos y maneras de representar y nombrar el acontecimiento. Sobre el primer punto, en los \u00faltimos 15 a\u00f1os en Ciudad Ju\u00e1rez y gran parte de la regi\u00f3n fronteriza hemos enfrentado un incremento agobiante de diversas violencias que avasallan las trayectorias de vida de gran parte de la poblaci\u00f3n, que no puede separarse de procesos estructurantes de mayor alcance. El extractivismo depredatorio de un modelo econ\u00f3mico, pol\u00edtico y social, que consume las energ\u00edas vitales de los individuos, ha sido la marca propia de un escenario en el que la valoraci\u00f3n de la vida se mide por la l\u00f3gica de consumo y rentabilidad. Las violencias que hemos enfrentado: asesinatos, desapariciones, torturas, desplazamientos forzados, secuestros, feminicidios, entre otras, encuentran su caldo de cultivo gracias a un modelo en el que la vida precarizada y violentamente desechada es su expresi\u00f3n m\u00e1s cruda y necesaria. En esta l\u00ednea, recordemos tres eventos que en la \u00faltima d\u00e9cada han plasmado la marca del horror y la barbarie que ha enfrentado la poblaci\u00f3n habitante de la regi\u00f3n fronteriza de Ciudad Ju\u00e1rez:<\/p>\n\n\n\n<h4 class=\"wp-block-heading\">Familia Alvarado Espinoza<\/h4>\n\n\n\n<p class=\"verse\">En marzo de 2008, el gobierno federal y del estado de Chihuahua implementaron el Operativo Conjunto Chihuahua-Ju\u00e1rez, resultado de la puesta en marcha de la pol\u00edtica de militarizaci\u00f3n propiciada por el gobierno calderonista (Salazar, 2020). En cuesti\u00f3n de d\u00edas, la regi\u00f3n norte del estado, principalmente Ciudad Ju\u00e1rez, fue literalmente tomada por m\u00e1s de ocho mil efectivos militares de la agrupaci\u00f3n <span class=\"small-caps\">gafes<\/span> (fuerzas especiales), quienes asumieron las tareas de vigilancia propias de la seguridad p\u00fablica. Con el paso de los meses, se present\u00f3 en la regi\u00f3n un incremento exponencial de casos de tortura, desaparici\u00f3n forzada, desplazamiento forzado, detenciones arbitrarias y ejecuciones extrajudiciales. Evidencia de ello fue el caso Alvarado Espinoza, ocurrido en diciembre de 2009, cuando tres integrantes de la familia fueron sacados a la fuerza de sus domicilios por elementos del Ej\u00e9rcito mexicano en la poblaci\u00f3n rural de Buenaventura. Fue uno de los casos emblem\u00e1ticos en torno a la desaparici\u00f3n forzada reciente en el pa\u00eds, ya que involucr\u00f3 directamente a elementos de la Secretar\u00eda de la Defensa Nacional adscritos al Operativo Conjunto Chihuahua-Ju\u00e1rez.<meta http-equiv=\"content-type\" content=\"text\/html; charset=utf-8\"><a class=\"anota\" id=\"anota10\" data-footnote=10>10<\/a><\/p>\n\n\n\n<h4 class=\"wp-block-heading\">Villas de Salv\u00e1rcar<\/h4>\n\n\n\n<p class=\"verse\">En enero de 2010, el Operativo Conjunto Chihuahua-Ju\u00e1rez daba cuenta de su fracaso a partir del n\u00famero creciente de asesinatos y desapariciones forzadas, entre otras violaciones a los derechos humanos generadas por los operativos policiaco-militares. En una colonia popular, al suroriente de la ciudad, entre complejos de naves industriales y extensiones de terrenos bald\u00edos, un grupo de j\u00f3venes entre 16 y 22 a\u00f1os, la mayor\u00eda estudiantes del \u00faltimo a\u00f1o de bachillerato, se encontraban realizando una fiesta en el domicilio particular de uno de ellos. En cuesti\u00f3n de minutos, un grupo de cerca de 20 hombres fuertemente armados, con capacidad t\u00e1ctica y operativa, cerraron la salida de las dos vialidades cercanas a la casa, bajaron de los veh\u00edculos y comenzaron a disparar a todo aquel que se atravesara en su camino. Resultado de la masacre, 15 j\u00f3venes asesinados y otros m\u00e1s heridos. El hecho, que hasta la fecha no ha sido explicado de manera clara por las autoridades, dio cuenta no solo del fracaso en la estrategia de seguridad p\u00fablica implementada, sino de la complicidad por parte del Estado mexicano, ya que, al paso de los meses y al hacerse p\u00fablica la operaci\u00f3n \u201cr\u00e1pido y furioso\u201d por parte de la prensa nacional e internacional, se dio a conocer que las armas utilizadas esa noche fueron ingresadas al pa\u00eds con el auspicio de agencias de seguridad de M\u00e9xico y Estados Unidos (Salazar y Curiel, 2012).<\/p>\n\n\n\n<h4 class=\"wp-block-heading\">Arroyo El Navajo<\/h4>\n\n\n\n<p class=\"verse\">A finales de 2011, en una terracer\u00eda ubicada en la regi\u00f3n conocida como Valle de Ju\u00e1rez, se encontraron los restos \u00f3seos de varios cuerpos que, despu\u00e9s de ser analizados por especialistas forenses, determinaron ser restos de j\u00f3venes mujeres declaradas desaparecidas por sus familiares en la zona centro de Ciudad Ju\u00e1rez entre 2008 y 2011. Tras varias semanas de b\u00fasqueda, se logr\u00f3 identificar al menos 11 cuerpos que fueron analizados por varios crimin\u00f3logos apoyados por organizaciones de la sociedad civil, quienes declararon que las j\u00f3venes hab\u00edan llegado con vida, presentaban se\u00f1ales de violencia y que fueron ejecutadas y sus cuerpos abandonados en aquella zona. El 14 de abril de 2015 inici\u00f3 el que fue llamado por la prensa local e internacional \u201cEl juicio del siglo\u201d, en el que la Fiscal\u00eda de Atenci\u00f3n a Mujeres V\u00edctimas de Delitos por Razones de G\u00e9nero en el estado de Chihuahua sostuvo la hip\u00f3tesis de que entre 2009 y 2012 los detenidos procuraron, indujeron, facilitaron, promovieron, reclutaron, mantuvieron, captaron, ofrecieron y trasladaron a mujeres j\u00f3venes, varias menores de edad, que eran explotadas sexualmente y obligadas a vender droga en la zona centro de la ciudad, principalmente en el inmueble conocido como Hotel Verde. A los meses, se les privaba de la vida y sus restos eran abandonados en la zona conocida como Arroyo El Navajo (Salazar, 2021).<\/p>\n\n\n\n<p>Si bien en otros momentos he abordado en profundidad la relaci\u00f3n de estos eventos con respecto a la producci\u00f3n de subjetividades al l\u00edmite (Salazar, 2016), as\u00ed como la configuraci\u00f3n de espacios de lo que hemos denominado socialidad del resguardo (Salazar y Curiel, 2012), lo interesante es resaltar c\u00f3mo el acontecimiento que irrumpe en la vida cotidiana es una expresi\u00f3n de lo que Reguillo (2021) contundentemente ha nombrado como \u201clo atroz\u201d. Pero, en un sentido opuesto, lo atroz ha resultado en una presencia de lo que ha llamado como la \u201ccontram\u00e1quina\u201d; es decir, maneras de producir una presencia colectiva que, frente a la perversa producci\u00f3n de vidas al l\u00edmite de la necrom\u00e1quina, articulan acciones para develar la experiencia del horror encarnada en los cuerpos. Son maneras de disidir el pacto hegem\u00f3nico que domina el imaginario social, absorbido por el miedo y la incertidumbre, restituyendo as\u00ed el sentido por el reconocimiento y la exigencia de justicia.<\/p>\n\n\n\n<h3 class=\"wp-block-heading\">Ante el paisaje que aturde, acci\u00f3n colectiva en los m\u00e1rgenes<\/h3>\n\n\n\n<p class=\"abstract\">Las violencias marcan los cuerpos y se anclan en sus experiencias cotidianas. Aturden el sensorium \u2013en el sentido de Walter Benjamin\u2013, lo que se convierte en un paisaje que moment\u00e1neamente deja sin actuar o responder, haciendo que el miedo sea el articulador social dominante. Sin embargo, ante el horizonte colapsado, la irrupci\u00f3n de aquellos que el fil\u00f3sofo franc\u00e9s Jacques Ranci\u00e8re llam\u00f3 como \u201clos sin parte\u201d resignifica el sentido de la experiencia vivible principalmente en las fronteras, donde la maquinaria del modelo econ\u00f3mico dominante tambi\u00e9n denota su propia crisis. Sobre este asunto, el fil\u00f3sofo franc\u00e9s Alain Badiou nos recuerda que \u201cdesde cierto punto de vista, el sujeto no adviene como sujeto sino a condici\u00f3n de que haya una ruptura acontecimental, y luego un trabajo orientado que lo constituye como sujeto\u201d (Badiou, 2017: 30). En sinton\u00eda, Reguillo plantea no solo la urgente necesidad de nombrar y evidenciar el paisaje colapsado, sino dar un giro indispensable desde la academia para presentar las resistencias colectivas frente a la colonizaci\u00f3n del horror.<\/p>\n\n\n\n<p>Es aqu\u00ed donde adquiere relevancia en los \u00faltimos a\u00f1os la presencia de colectivos de j\u00f3venes, entre los que destaca un grupo de mujeres fronterizas que se han nombrado Batallones Femeninos, quienes han alzado la voz para visibilizar una de las expresiones m\u00e1s atroces de las violencias hacia las mujeres como es el feminicidio. A trav\u00e9s del hiphop, que ha constituido un recurso de expresi\u00f3n y visibilidad en el espacio p\u00fablico, subvierten el orden establecido por la \u201cnecrom\u00e1quina\u201d. Como sostiene Diana Silva Londo\u00f1o (2017: 148), varias de las j\u00f3venes han encontrado en el hiphop un \u201cacto de transgresi\u00f3n que recupera la vida como acto pol\u00edtico desde el cual reivindican sus voces y sus cuerpos\u201d. Batallones Femeninos aparece en un momento en que las manifestaciones m\u00e1s crudas de violencia mis\u00f3gina, el fen\u00f3meno del feminicidio y su expresi\u00f3n de brutalidad en los cuerpos de mujeres j\u00f3venes asesinadas y abandonadas en diversos parajes de la ciudad, est\u00e1n presentes en la experiencia de vida de un n\u00famero creciente de sus habitantes y, a partir de la puesta en escena de una performatividad irreverente, el colectivo genera espacios para el encuentro, la reflexi\u00f3n cr\u00edtica, la denuncia y la construcci\u00f3n de lo com\u00fan.<meta http-equiv=\"content-type\" content=\"text\/html; charset=utf-8\"><a class=\"anota\" id=\"anota11\" data-footnote=11>11<\/a><\/p>\n\n\n\n<p>De la misma manera, varias artistas gr\u00e1ficas han tomado muros de viviendas en diversas zonas de la ciudad para plasmar los rostros de las j\u00f3venes desaparecidas y asesinadas; el clamor generalizado es de justicia y \u201cNi una m\u00e1s\u201d. En espec\u00edfico, pintar el \u201crostro\u201d adquiere relevancia como enunciado performativo que se encuentra fuera del horizonte cognitivo del yo, es decir, lo trasciende. La fuerza significativa es lo que hace especial la interpelaci\u00f3n del \u201crostro\u201d como acto de habla. Logra destronar y cuestionar el poder nominativo y acusativo al poner en marcha un sentido que se sit\u00faa fuera del ser sustancial. En otras palabras, el \u201crostro\u201d de las j\u00f3venes presenta un polo o fuente de significaci\u00f3n que se caracteriza por su capacidad de cuestionar o hacer cara a los poderes del yo (Navarro, 2008), un \u201cYo\u201d entronizado por los poderes f\u00e1cticos de la necrom\u00e1quina.<\/p>\n\n\n\n<h2 class=\"wp-block-heading\">Conclusi\u00f3n<\/h2>\n\n\n\n<p class=\"abstract\">El acontecimiento es un enclave del pasado en el presente que, en relaci\u00f3n con el contexto de lo vivencial, adquiere sentido, ya sea como una idea de futuro posible o, en oposici\u00f3n, se liga al retorno de lo monstruoso. Las violencias que han sacudido la regi\u00f3n de Ciudad Ju\u00e1rez no son ajenas a la evidente crisis social, econ\u00f3mica y pol\u00edtica que enfrenta nuestro pa\u00eds en las dos \u00faltimas d\u00e9cadas. Lamentablemente, el panorama no es alentador, sobre todo porque estamos ante un Estado que ha apostado su presencia al defender las estrategias de mano dura y contenciosa propia de la militarizaci\u00f3n de las tareas de seguridad p\u00fablica (Salazar, 2020). Ante este panorama, el ejercicio de la academia no es sencillo. Exige restituir una profunda explicaci\u00f3n frente a realidades convulsionadas, as\u00ed como asumir el compromiso de una participaci\u00f3n activa en la academia, en clara solidaridad junto a otras y otros que cotidianamente desnudan la atrocidad de las violencias en sus entornos cotidianos, con el objetivo de romper su circuito de normalizaci\u00f3n. Acciones colectivas que irrumpen el espacio p\u00fablico como una arena en litigio para, con ello, develar las fracturas y anclar alternativas. El silencio no es opci\u00f3n, sobre todo en un tiempo en el que el des\u00e1nimo y la desesperanza son la constante. \u201cTomar la palabra\u201d, recordando a Michel de Certeau, \u201cciertamente, la toma de la palabra tiene la forma de un rechazo, es una protesta [\u2026] dar fe de lo negativo [\u2026] tal vez en eso radique su grandeza\u201d (De Certeau, 1995: 40).<\/p>\n\n\n\n<h2 class=\"wp-block-heading\">Bibliograf\u00eda<\/h2>\n\n\n\n<p class=\"bibliography\">Azaola, Elena (2013). \u201cLas violencias de hoy, las violencias de siempre\u201d. <em>Desacatos. Revista de Ciencias Sociales<\/em>, n\u00fam. 40, pp.13-32.<\/p>\n\n\n\n<p class=\"bibliography\">Badiou, Alain (2019). <em>El fin<\/em>. Buenos Aires: Tinta Lim\u00f3n.<\/p>\n\n\n\n<p class=\"bibliography\">Corte Interamericana de Derechos Humanos (2018). \u201cResoluci\u00f3n del presidente en ejercicio de la Corte Interamericana de Derechos Humanos del 23 de marzo de 2018. Caso Alvarado Espinoza y otros vs. M\u00e9xico, convocatoria audiencia\u201d. Consultado en https:\/\/www.corteidh.or.cr\/docs\/asuntos\/lvarado_23_03_18.pdf<\/p>\n\n\n\n<p class=\"bibliography\">De Certeau, Michel (1995). <em>La toma de la palabra y otros escritos pol\u00edticos<\/em>. M\u00e9xico: Universidad Iberoamericana.<\/p>\n\n\n\n<p class=\"bibliography\">Mbembe, Achille (2011). <em>Necropol\u00edtica<\/em>. Tenerife: Melusina.<\/p>\n\n\n\n<p class=\"bibliography\">Mon\u00e1rrez Fragoso, Julia E. (2009). <em>Trama de una injusticia. Feminicidio sexual sist\u00e9mico en Ciudad Ju\u00e1rez<\/em>. M\u00e9xico: Porr\u00faa.<\/p>\n\n\n\n<p class=\"bibliography\">Navarro, Olivia (2008). \u201cEl \u2018rostro\u2019 del otro: una lectura de la \u00e9tica de la alteridad de Emmanuel L\u00e9vinas\u201d. <em>Contrastes: Revista Interdisciplinar de Filosof\u00eda, <\/em>n\u00fam. 13, pp. 177-194.<\/p>\n\n\n\n<p class=\"bibliography\">Reguillo Cruz, Rossana (2006). \u201cMemorias, performatividad y cat\u00e1strofes: ciudad interrumpida\u201d.<em> Contratexto<\/em>, n\u00fam. 14, pp. 93-104.<\/p>\n\n\n\n<p class=\"bibliography\">\u2014 (2007). \u201cInvisibilidad resguardada: violencia(s) y gesti\u00f3n de la paralegalidad en la era del colapso\u201d. <em>Revista Cr\u00edtica Cultural<\/em>, n\u00fam. 36, diciembre, Santiago de Chile, pp. 6-13.<\/p>\n\n\n\n<p class=\"bibliography\">\u2014 (2021). <em>Necrom\u00e1quina. Cuando morir no es suficiente<\/em>. Barcelona: <span class=\"small-caps\">ned<\/span>.<\/p>\n\n\n\n<p class=\"bibliography\">Salazar Guti\u00e9rrez, Salvador (2016). <em>J\u00f3venes, violencias y contexto fronterizo: la construcci\u00f3n sociocultural de la relaci\u00f3n vida-muerte en colectivos juveniles, Ciudad Ju\u00e1rez, M\u00e9xico<\/em>. M\u00e9xico: Colof\u00f3n.<\/p>\n\n\n\n<p class=\"bibliography\">\u2014 (2020). \u201c(Des)militarizaci\u00f3n y violencia pol\u00edtica: desaparici\u00f3n forzada en el norte de M\u00e9xico\u201d. <em> Chihuahua Hoy<\/em>, vol. <span class=\"small-caps\">xviii<\/span>, pp. 251-283.<\/p>\n\n\n\n<p class=\"bibliography\">\u2014 (2021). <em>Mercado sexual juvenil en Ciudad Ju\u00e1rez. De las trayectorias sensibles del relato juvenil, al r\u00e9gimen socioest\u00e9tico de la exclusi\u00f3n-negaci\u00f3n<\/em>. Aguascalientes: Universidad Aut\u00f3noma de Aguascalientes.<\/p>\n\n\n\n<p class=\"bibliography\">\u2014 y Martha M\u00f3nica Curiel Garc\u00eda (2012). <em>Ciudad abatida, antropolog\u00edas de las fatalidades<\/em>. Ciudad Ju\u00e1rez: <span class=\"small-caps\">uacj<\/span>.<\/p>\n\n\n\n<p class=\"bibliography\">Silva Londo\u00f1o, Diana Alejandra (2017). \u201cSomos las vivas de Ju\u00e1rez: hip-hop femenino en Ciudad Ju\u00e1rez\u201d. <em>Revista Mexicana de Sociolog\u00eda<\/em>, vol. 79, n\u00fam. 1, M\u00e9xico, pp. 147-174.<\/p>\n\n\n\n<p class=\"bibliography\">Valencia, Sayak (2010). <em>Capitalismo gore<\/em>. <em>Control econ\u00f3mico, violencia y narcopoder.<\/em> Tenerife: Melusina.<\/p>\n\n\n\n<hr class=\"wp-block-separator has-text-color has-background has-accent-background-color has-accent-color is-style-dots\"\/>\n\n\n\n<p class=\"abstract\"><em>Salvador Salazar Guti\u00e9rrez<\/em> es doctor en Estudios Cient\u00edfico-Sociales por el Instituto Tecnol\u00f3gico y de Estudios Superiores de Occidente (<span class=\"small-caps\">iteso<\/span>). Profesor-investigador en la Universidad Aut\u00f3noma de Ciudad Ju\u00e1rez. Integrante del Sistema Nacional de Investigadores nivel <span class=\"small-caps\">ii<\/span>. Su l\u00ednea de investigaci\u00f3n trata de temas como culturas juveniles, subjetividades y violencias en la frontera norte de M\u00e9xico.<\/p>\n","protected":false},"excerpt":{"rendered":"<p>La r\u00e9gion frontali\u00e8re du nord du Mexique, en particulier Ciudad Ju\u00e1rez, a connu un paysage domin\u00e9 par diverses formes de violence.<\/p>","protected":false},"author":4,"featured_media":36841,"comment_status":"open","ping_status":"open","sticky":false,"template":"","format":"standard","meta":{"_acf_changed":false,"footnotes":""},"categories":[34],"tags":[1059,1057,1060,1058,645],"coauthors":[551],"class_list":["post-36817","post","type-post","status-publish","format-standard","has-post-thumbnail","hentry","category-34","tag-accion-colectiva","tag-acontecimiento","tag-ciudad-juarez","tag-horror","tag-violencias","personas-salazar-gutierrez-salvador","numeros-1038"],"acf":[],"yoast_head":"<!-- This site is optimized with the Yoast SEO plugin v22.2 - https:\/\/yoast.com\/wordpress\/plugins\/seo\/ -->\n<title>La erosi\u00f3n del pacto social en Ciudad Ju\u00e1rez &#8211; Encartes<\/title>\n<meta name=\"description\" content=\"La regi\u00f3n fronteriza del norte de M\u00e9xico, en particular Ciudad Ju\u00e1rez, ha enfrentado un paisaje dominado por diversas violencias.\" \/>\n<meta name=\"robots\" content=\"index, follow, max-snippet:-1, max-image-preview:large, max-video-preview:-1\" \/>\n<link rel=\"canonical\" href=\"https:\/\/encartes.mx\/fr\/salazar-ciudad-juarez-violencias-investigacion-social\/\" \/>\n<meta property=\"og:locale\" content=\"fr_FR\" \/>\n<meta property=\"og:type\" content=\"article\" \/>\n<meta property=\"og:title\" content=\"La erosi\u00f3n del pacto social en Ciudad Ju\u00e1rez &#8211; Encartes\" \/>\n<meta property=\"og:description\" content=\"La regi\u00f3n fronteriza del norte de M\u00e9xico, en particular Ciudad Ju\u00e1rez, ha enfrentado un paisaje dominado por diversas violencias.\" \/>\n<meta property=\"og:url\" content=\"https:\/\/encartes.mx\/fr\/salazar-ciudad-juarez-violencias-investigacion-social\/\" \/>\n<meta property=\"og:site_name\" content=\"Encartes\" \/>\n<meta property=\"article:published_time\" content=\"2023-03-21T03:28:57+00:00\" \/>\n<meta property=\"article:modified_time\" content=\"2023-11-16T23:50:21+00:00\" \/>\n<meta property=\"og:image\" content=\"https:\/\/encartes.mx\/wp-content\/uploads\/2023\/03\/craiyon_191137_En_las_dos__ltimas_d_cadas__la_regi_n_fronteriza_del_norte_del_pa_s__en_particular_Ci.png\" \/>\n\t<meta property=\"og:image:width\" content=\"1024\" \/>\n\t<meta property=\"og:image:height\" content=\"1024\" \/>\n\t<meta property=\"og:image:type\" content=\"image\/png\" \/>\n<meta name=\"author\" content=\"Arthur Ventura\" \/>\n<meta name=\"twitter:card\" content=\"summary_large_image\" \/>\n<meta name=\"twitter:label1\" content=\"\u00c9crit par\" \/>\n\t<meta name=\"twitter:data1\" content=\"Arthur Ventura\" \/>\n\t<meta name=\"twitter:label2\" content=\"Dur\u00e9e de lecture estim\u00e9e\" \/>\n\t<meta name=\"twitter:data2\" content=\"18 minutes\" \/>\n\t<meta name=\"twitter:label3\" content=\"Written by\" \/>\n\t<meta name=\"twitter:data3\" content=\"Arthur Ventura\" \/>\n<script type=\"application\/ld+json\" class=\"yoast-schema-graph\">{\"@context\":\"https:\/\/schema.org\",\"@graph\":[{\"@type\":\"Article\",\"@id\":\"https:\/\/encartes.mx\/pt\/salazar-ciudad-juarez-violencias-investigacion-social\/#article\",\"isPartOf\":{\"@id\":\"https:\/\/encartes.mx\/pt\/salazar-ciudad-juarez-violencias-investigacion-social\/\"},\"author\":{\"name\":\"Arthur Ventura\",\"@id\":\"https:\/\/encartes.mx\/#\/schema\/person\/97215bba1729028a4169cab07f8e58ef\"},\"headline\":\"El acontecimiento irrumpe. El horror de las violencias contempor\u00e1neas y la erosi\u00f3n del pacto social en la frontera norte de M\u00e9xico\",\"datePublished\":\"2023-03-21T03:28:57+00:00\",\"dateModified\":\"2023-11-16T23:50:21+00:00\",\"mainEntityOfPage\":{\"@id\":\"https:\/\/encartes.mx\/pt\/salazar-ciudad-juarez-violencias-investigacion-social\/\"},\"wordCount\":4224,\"commentCount\":0,\"publisher\":{\"@id\":\"https:\/\/encartes.mx\/#organization\"},\"image\":{\"@id\":\"https:\/\/encartes.mx\/pt\/salazar-ciudad-juarez-violencias-investigacion-social\/#primaryimage\"},\"thumbnailUrl\":\"https:\/\/encartes.mx\/wp-content\/uploads\/2023\/03\/craiyon_191137_En_las_dos__ltimas_d_cadas__la_regi_n_fronteriza_del_norte_del_pa_s__en_particular_Ci.png\",\"keywords\":[\"acci\u00f3n colectiva\",\"acontecimiento\",\"Ciudad Ju\u00e1rez\",\"horror\",\"violencias\"],\"articleSection\":[\"Comentarios\"],\"inLanguage\":\"fr-FR\",\"potentialAction\":[{\"@type\":\"CommentAction\",\"name\":\"Comment\",\"target\":[\"https:\/\/encartes.mx\/pt\/salazar-ciudad-juarez-violencias-investigacion-social\/#respond\"]}]},{\"@type\":\"WebPage\",\"@id\":\"https:\/\/encartes.mx\/pt\/salazar-ciudad-juarez-violencias-investigacion-social\/\",\"url\":\"https:\/\/encartes.mx\/pt\/salazar-ciudad-juarez-violencias-investigacion-social\/\",\"name\":\"La erosi\u00f3n del pacto social en Ciudad Ju\u00e1rez &#8211; Encartes\",\"isPartOf\":{\"@id\":\"https:\/\/encartes.mx\/#website\"},\"primaryImageOfPage\":{\"@id\":\"https:\/\/encartes.mx\/pt\/salazar-ciudad-juarez-violencias-investigacion-social\/#primaryimage\"},\"image\":{\"@id\":\"https:\/\/encartes.mx\/pt\/salazar-ciudad-juarez-violencias-investigacion-social\/#primaryimage\"},\"thumbnailUrl\":\"https:\/\/encartes.mx\/wp-content\/uploads\/2023\/03\/craiyon_191137_En_las_dos__ltimas_d_cadas__la_regi_n_fronteriza_del_norte_del_pa_s__en_particular_Ci.png\",\"datePublished\":\"2023-03-21T03:28:57+00:00\",\"dateModified\":\"2023-11-16T23:50:21+00:00\",\"description\":\"La regi\u00f3n fronteriza del norte de M\u00e9xico, en particular Ciudad Ju\u00e1rez, ha enfrentado un paisaje dominado por diversas violencias.\",\"breadcrumb\":{\"@id\":\"https:\/\/encartes.mx\/pt\/salazar-ciudad-juarez-violencias-investigacion-social\/#breadcrumb\"},\"inLanguage\":\"fr-FR\",\"potentialAction\":[{\"@type\":\"ReadAction\",\"target\":[\"https:\/\/encartes.mx\/pt\/salazar-ciudad-juarez-violencias-investigacion-social\/\"]}]},{\"@type\":\"ImageObject\",\"inLanguage\":\"fr-FR\",\"@id\":\"https:\/\/encartes.mx\/pt\/salazar-ciudad-juarez-violencias-investigacion-social\/#primaryimage\",\"url\":\"https:\/\/encartes.mx\/wp-content\/uploads\/2023\/03\/craiyon_191137_En_las_dos__ltimas_d_cadas__la_regi_n_fronteriza_del_norte_del_pa_s__en_particular_Ci.png\",\"contentUrl\":\"https:\/\/encartes.mx\/wp-content\/uploads\/2023\/03\/craiyon_191137_En_las_dos__ltimas_d_cadas__la_regi_n_fronteriza_del_norte_del_pa_s__en_particular_Ci.png\",\"width\":1024,\"height\":1024},{\"@type\":\"BreadcrumbList\",\"@id\":\"https:\/\/encartes.mx\/pt\/salazar-ciudad-juarez-violencias-investigacion-social\/#breadcrumb\",\"itemListElement\":[{\"@type\":\"ListItem\",\"position\":1,\"name\":\"Home\",\"item\":\"https:\/\/encartes.mx\/\"},{\"@type\":\"ListItem\",\"position\":2,\"name\":\"El acontecimiento irrumpe. El horror de las violencias contempor\u00e1neas y la erosi\u00f3n del pacto social en la frontera norte de M\u00e9xico\"}]},{\"@type\":\"WebSite\",\"@id\":\"https:\/\/encartes.mx\/#website\",\"url\":\"https:\/\/encartes.mx\/\",\"name\":\"Encartes\",\"description\":\"Revista digital multimedia\",\"publisher\":{\"@id\":\"https:\/\/encartes.mx\/#organization\"},\"potentialAction\":[{\"@type\":\"SearchAction\",\"target\":{\"@type\":\"EntryPoint\",\"urlTemplate\":\"https:\/\/encartes.mx\/?s={search_term_string}\"},\"query-input\":\"required name=search_term_string\"}],\"inLanguage\":\"fr-FR\"},{\"@type\":\"Organization\",\"@id\":\"https:\/\/encartes.mx\/#organization\",\"name\":\"Encartes Antropol\u00f3gicos\",\"url\":\"https:\/\/encartes.mx\/\",\"logo\":{\"@type\":\"ImageObject\",\"inLanguage\":\"fr-FR\",\"@id\":\"https:\/\/encartes.mx\/#\/schema\/logo\/image\/\",\"url\":\"https:\/\/encartes.mx\/wp-content\/uploads\/2017\/04\/Logo-04.png\",\"contentUrl\":\"https:\/\/encartes.mx\/wp-content\/uploads\/2017\/04\/Logo-04.png\",\"width\":338,\"height\":306,\"caption\":\"Encartes Antropol\u00f3gicos\"},\"image\":{\"@id\":\"https:\/\/encartes.mx\/#\/schema\/logo\/image\/\"}},{\"@type\":\"Person\",\"@id\":\"https:\/\/encartes.mx\/#\/schema\/person\/97215bba1729028a4169cab07f8e58ef\",\"name\":\"Arthur Ventura\",\"image\":{\"@type\":\"ImageObject\",\"inLanguage\":\"fr-FR\",\"@id\":\"https:\/\/encartes.mx\/#\/schema\/person\/image\/8a45818ea77a67a00c058d294424a6f6\",\"url\":\"https:\/\/secure.gravatar.com\/avatar\/e8ff614b2fa0d91ff6c65f328a272c53?s=96&d=identicon&r=g\",\"contentUrl\":\"https:\/\/secure.gravatar.com\/avatar\/e8ff614b2fa0d91ff6c65f328a272c53?s=96&d=identicon&r=g\",\"caption\":\"Arthur Ventura\"}}]}<\/script>\n<!-- \/ Yoast SEO plugin. -->","yoast_head_json":{"title":"La erosi\u00f3n del pacto social en Ciudad Ju\u00e1rez &#8211; Encartes","description":"La r\u00e9gion frontali\u00e8re du nord du Mexique, en particulier Ciudad Ju\u00e1rez, a connu un paysage domin\u00e9 par diverses formes de violence.","robots":{"index":"index","follow":"follow","max-snippet":"max-snippet:-1","max-image-preview":"max-image-preview:large","max-video-preview":"max-video-preview:-1"},"canonical":"https:\/\/encartes.mx\/fr\/salazar-ciudad-juarez-violencias-investigacion-social\/","og_locale":"fr_FR","og_type":"article","og_title":"La erosi\u00f3n del pacto social en Ciudad Ju\u00e1rez &#8211; Encartes","og_description":"La regi\u00f3n fronteriza del norte de M\u00e9xico, en particular Ciudad Ju\u00e1rez, ha enfrentado un paisaje dominado por diversas violencias.","og_url":"https:\/\/encartes.mx\/fr\/salazar-ciudad-juarez-violencias-investigacion-social\/","og_site_name":"Encartes","article_published_time":"2023-03-21T03:28:57+00:00","article_modified_time":"2023-11-16T23:50:21+00:00","og_image":[{"width":1024,"height":1024,"url":"https:\/\/encartes.mx\/wp-content\/uploads\/2023\/03\/craiyon_191137_En_las_dos__ltimas_d_cadas__la_regi_n_fronteriza_del_norte_del_pa_s__en_particular_Ci.png","type":"image\/png"}],"author":"Arthur Ventura","twitter_card":"summary_large_image","twitter_misc":{"\u00c9crit par":"Arthur Ventura","Dur\u00e9e de lecture estim\u00e9e":"18 minutes","Written by":"Arthur Ventura"},"schema":{"@context":"https:\/\/schema.org","@graph":[{"@type":"Article","@id":"https:\/\/encartes.mx\/pt\/salazar-ciudad-juarez-violencias-investigacion-social\/#article","isPartOf":{"@id":"https:\/\/encartes.mx\/pt\/salazar-ciudad-juarez-violencias-investigacion-social\/"},"author":{"name":"Arthur Ventura","@id":"https:\/\/encartes.mx\/#\/schema\/person\/97215bba1729028a4169cab07f8e58ef"},"headline":"El acontecimiento irrumpe. El horror de las violencias contempor\u00e1neas y la erosi\u00f3n del pacto social en la frontera norte de M\u00e9xico","datePublished":"2023-03-21T03:28:57+00:00","dateModified":"2023-11-16T23:50:21+00:00","mainEntityOfPage":{"@id":"https:\/\/encartes.mx\/pt\/salazar-ciudad-juarez-violencias-investigacion-social\/"},"wordCount":4224,"commentCount":0,"publisher":{"@id":"https:\/\/encartes.mx\/#organization"},"image":{"@id":"https:\/\/encartes.mx\/pt\/salazar-ciudad-juarez-violencias-investigacion-social\/#primaryimage"},"thumbnailUrl":"https:\/\/encartes.mx\/wp-content\/uploads\/2023\/03\/craiyon_191137_En_las_dos__ltimas_d_cadas__la_regi_n_fronteriza_del_norte_del_pa_s__en_particular_Ci.png","keywords":["acci\u00f3n colectiva","acontecimiento","Ciudad Ju\u00e1rez","horror","violencias"],"articleSection":["Comentarios"],"inLanguage":"fr-FR","potentialAction":[{"@type":"CommentAction","name":"Comment","target":["https:\/\/encartes.mx\/pt\/salazar-ciudad-juarez-violencias-investigacion-social\/#respond"]}]},{"@type":"WebPage","@id":"https:\/\/encartes.mx\/pt\/salazar-ciudad-juarez-violencias-investigacion-social\/","url":"https:\/\/encartes.mx\/pt\/salazar-ciudad-juarez-violencias-investigacion-social\/","name":"La erosi\u00f3n del pacto social en Ciudad Ju\u00e1rez &#8211; Encartes","isPartOf":{"@id":"https:\/\/encartes.mx\/#website"},"primaryImageOfPage":{"@id":"https:\/\/encartes.mx\/pt\/salazar-ciudad-juarez-violencias-investigacion-social\/#primaryimage"},"image":{"@id":"https:\/\/encartes.mx\/pt\/salazar-ciudad-juarez-violencias-investigacion-social\/#primaryimage"},"thumbnailUrl":"https:\/\/encartes.mx\/wp-content\/uploads\/2023\/03\/craiyon_191137_En_las_dos__ltimas_d_cadas__la_regi_n_fronteriza_del_norte_del_pa_s__en_particular_Ci.png","datePublished":"2023-03-21T03:28:57+00:00","dateModified":"2023-11-16T23:50:21+00:00","description":"La r\u00e9gion frontali\u00e8re du nord du Mexique, en particulier Ciudad Ju\u00e1rez, a connu un paysage domin\u00e9 par diverses formes de violence.","breadcrumb":{"@id":"https:\/\/encartes.mx\/pt\/salazar-ciudad-juarez-violencias-investigacion-social\/#breadcrumb"},"inLanguage":"fr-FR","potentialAction":[{"@type":"ReadAction","target":["https:\/\/encartes.mx\/pt\/salazar-ciudad-juarez-violencias-investigacion-social\/"]}]},{"@type":"ImageObject","inLanguage":"fr-FR","@id":"https:\/\/encartes.mx\/pt\/salazar-ciudad-juarez-violencias-investigacion-social\/#primaryimage","url":"https:\/\/encartes.mx\/wp-content\/uploads\/2023\/03\/craiyon_191137_En_las_dos__ltimas_d_cadas__la_regi_n_fronteriza_del_norte_del_pa_s__en_particular_Ci.png","contentUrl":"https:\/\/encartes.mx\/wp-content\/uploads\/2023\/03\/craiyon_191137_En_las_dos__ltimas_d_cadas__la_regi_n_fronteriza_del_norte_del_pa_s__en_particular_Ci.png","width":1024,"height":1024},{"@type":"BreadcrumbList","@id":"https:\/\/encartes.mx\/pt\/salazar-ciudad-juarez-violencias-investigacion-social\/#breadcrumb","itemListElement":[{"@type":"ListItem","position":1,"name":"Home","item":"https:\/\/encartes.mx\/"},{"@type":"ListItem","position":2,"name":"El acontecimiento irrumpe. El horror de las violencias contempor\u00e1neas y la erosi\u00f3n del pacto social en la frontera norte de M\u00e9xico"}]},{"@type":"WebSite","@id":"https:\/\/encartes.mx\/#website","url":"https:\/\/encartes.mx\/","name":"Encartes","description":"Magazine num\u00e9rique multim\u00e9dia","publisher":{"@id":"https:\/\/encartes.mx\/#organization"},"potentialAction":[{"@type":"SearchAction","target":{"@type":"EntryPoint","urlTemplate":"https:\/\/encartes.mx\/?s={search_term_string}"},"query-input":"required name=search_term_string"}],"inLanguage":"fr-FR"},{"@type":"Organization","@id":"https:\/\/encartes.mx\/#organization","name":"Insertions anthropologiques","url":"https:\/\/encartes.mx\/","logo":{"@type":"ImageObject","inLanguage":"fr-FR","@id":"https:\/\/encartes.mx\/#\/schema\/logo\/image\/","url":"https:\/\/encartes.mx\/wp-content\/uploads\/2017\/04\/Logo-04.png","contentUrl":"https:\/\/encartes.mx\/wp-content\/uploads\/2017\/04\/Logo-04.png","width":338,"height":306,"caption":"Encartes Antropol\u00f3gicos"},"image":{"@id":"https:\/\/encartes.mx\/#\/schema\/logo\/image\/"}},{"@type":"Person","@id":"https:\/\/encartes.mx\/#\/schema\/person\/97215bba1729028a4169cab07f8e58ef","name":"Arthur Ventura","image":{"@type":"ImageObject","inLanguage":"fr-FR","@id":"https:\/\/encartes.mx\/#\/schema\/person\/image\/8a45818ea77a67a00c058d294424a6f6","url":"https:\/\/secure.gravatar.com\/avatar\/e8ff614b2fa0d91ff6c65f328a272c53?s=96&d=identicon&r=g","contentUrl":"https:\/\/secure.gravatar.com\/avatar\/e8ff614b2fa0d91ff6c65f328a272c53?s=96&d=identicon&r=g","caption":"Arthur Ventura"}}]}},"jetpack_sharing_enabled":true,"jetpack_featured_media_url":"https:\/\/encartes.mx\/wp-content\/uploads\/2023\/03\/craiyon_191137_En_las_dos__ltimas_d_cadas__la_regi_n_fronteriza_del_norte_del_pa_s__en_particular_Ci.png","_links":{"self":[{"href":"https:\/\/encartes.mx\/fr\/wp-json\/wp\/v2\/posts\/36817","targetHints":{"allow":["GET"]}}],"collection":[{"href":"https:\/\/encartes.mx\/fr\/wp-json\/wp\/v2\/posts"}],"about":[{"href":"https:\/\/encartes.mx\/fr\/wp-json\/wp\/v2\/types\/post"}],"author":[{"embeddable":true,"href":"https:\/\/encartes.mx\/fr\/wp-json\/wp\/v2\/users\/4"}],"replies":[{"embeddable":true,"href":"https:\/\/encartes.mx\/fr\/wp-json\/wp\/v2\/comments?post=36817"}],"version-history":[{"count":30,"href":"https:\/\/encartes.mx\/fr\/wp-json\/wp\/v2\/posts\/36817\/revisions"}],"predecessor-version":[{"id":37880,"href":"https:\/\/encartes.mx\/fr\/wp-json\/wp\/v2\/posts\/36817\/revisions\/37880"}],"wp:featuredmedia":[{"embeddable":true,"href":"https:\/\/encartes.mx\/fr\/wp-json\/wp\/v2\/media\/36841"}],"wp:attachment":[{"href":"https:\/\/encartes.mx\/fr\/wp-json\/wp\/v2\/media?parent=36817"}],"wp:term":[{"taxonomy":"category","embeddable":true,"href":"https:\/\/encartes.mx\/fr\/wp-json\/wp\/v2\/categories?post=36817"},{"taxonomy":"post_tag","embeddable":true,"href":"https:\/\/encartes.mx\/fr\/wp-json\/wp\/v2\/tags?post=36817"},{"taxonomy":"author","embeddable":true,"href":"https:\/\/encartes.mx\/fr\/wp-json\/wp\/v2\/coauthors?post=36817"}],"curies":[{"name":"wp","href":"https:\/\/api.w.org\/{rel}","templated":true}]}}