{"id":35588,"date":"2022-03-21T20:44:43","date_gmt":"2022-03-21T20:44:43","guid":{"rendered":"https:\/\/encartes.mx\/?p=35588"},"modified":"2023-11-17T17:59:09","modified_gmt":"2023-11-17T23:59:09","slug":"enriquez-cuevas-castillo-conyugalidad-genero-covid-guadalajara-colima","status":"publish","type":"post","link":"https:\/\/encartes.mx\/fr\/enriquez-cuevas-castillo-conyugalidad-genero-covid-guadalajara-colima\/","title":{"rendered":"Conjugalit\u00e9, genre et soins aux couples \u00e0 l'\u00e9poque du covid-19 dans les zones m\u00e9tropolitaines de Colima et Guadalajara, Mexique."},"content":{"rendered":"<h2 class=\"wp-block-heading\">R\u00e9sum\u00e9<\/h2>\n\n\n\n<p class=\"abstract translation-block\">Face \u00e0 la pand\u00e9mie de covid-19, l'Organisation mondiale de la sant\u00e9 (<span class=\"small-caps\">oms<\/span>) a recommand\u00e9 la distanciation sociale comme mesure pour ralentir la vitesse de propagation du virus sars-cov-2. L'une des cons\u00e9quences de cette mesure a \u00e9t\u00e9 la fermeture d'\u00e9tablissements d'enseignement et une augmentation significative du t\u00e9l\u00e9travail (<span class=\"small-caps\">cepal<\/span>, 2020c). Le confinement des m\u00e9nages peut g\u00e9n\u00e9rer des situations de tension, de n\u00e9gociation et de conflit dans la sph\u00e8re de l'intimit\u00e9 qui, associ\u00e9es \u00e0 l'incertitude r\u00e9sultant de la pand\u00e9mie, doivent \u00eatre identifi\u00e9es et analys\u00e9es afin de g\u00e9n\u00e9rer des connaissances pertinentes et opportunes face \u00e0 un probl\u00e8me sans pr\u00e9c\u00e9dent qui d\u00e9passe le domaine de la sant\u00e9 et se confronte \u00e0 la vie quotidienne de nos populations.<\/p>\n\n\n\n<p class=\"abstract translation-block\">Dans ce contexte, une enqu\u00eate virtuelle a \u00e9t\u00e9 men\u00e9e au cours de la premi\u00e8re semaine de mai 2020 \u00e0 l'aide de Google Forms dans la r\u00e9gion m\u00e9tropolitaine de Guadalajara (<span class=\"small-caps\">amg<\/span>) et dans la r\u00e9gion m\u00e9tropolitaine de Colima (<span class=\"small-caps\">zmc<\/span>) dans le but de savoir comment les dimensions de la conjugalit\u00e9, des r\u00f4les de genre et des soins mutuels dans les couples h\u00e9t\u00e9rosexuels ont \u00e9t\u00e9 perturb\u00e9es, L'objectif de l'\u00e9tude \u00e9tait de d\u00e9couvrir comment les dimensions de la conjugalit\u00e9, des r\u00f4les de genre et des soins mutuels dans les couples h\u00e9t\u00e9rosexuels ont \u00e9t\u00e9 perturb\u00e9es dans la sph\u00e8re de l'intimit\u00e9 pendant l'enfermement caus\u00e9 par la pand\u00e9mie du covid-19. La recherche nous permet de conclure que l'intimit\u00e9 des couples h\u00e9t\u00e9rosexuels interrog\u00e9s montre que les couples mari\u00e9s et ceux qui ont une relation de plus de 10 ans de cohabitation ont connu des conflits mais n'ont pas envisag\u00e9 le divorce ou la s\u00e9paration comme une issue, comme l'a fait une plus grande proportion de couples non mari\u00e9s, et que les c\u00e9libataires non cohabitants - en particulier ceux du <span class=\"small-caps\">zmc<\/span> - \u00e9taient plus affect\u00e9s par le confinement et avaient des arrangements plus traditionnels que ce m\u00eame <span class=\"small-caps\">amg<\/span> groupe, et que tant les hommes que les femmes estimaient que la communication avec les partenaires, le fait d'avoir des int\u00e9r\u00eats et des objectifs communs, et le fait de tomber amoureux \u00e9taient des \u00e9l\u00e9ments cl\u00e9s affectant l'intimit\u00e9 maritale. D'autre part, les r\u00e9sultats montrent que les r\u00f4les de genre continuent d'\u00eatre l'une des sph\u00e8res de la vie priv\u00e9e et publique dans les deux villes qui sont sollicit\u00e9es dans des situations \u00e9mergentes et urgentes telles que la pand\u00e9mie, des situations qu'il est impossible d'\u00e9viter et qui ont un impact direct sur les conditions d'\u00e9galit\u00e9 entre les femmes et les hommes. Enfin, en ce qui concerne les soins mutuels au sein du couple, on constate la reproduction des soins mat\u00e9riels\/\u00e9conomiques de la part de l'homme d'une part et, d'autre part, une f\u00e9minisation des soins \u00e9motionnels et de sant\u00e9 de la part des femmes. Dans les jeunes couples, cependant, on observe des tendances int\u00e9ressantes vers une plus grande implication des femmes et des hommes dans les t\u00e2ches de soins \u00e9motionnels et de sant\u00e9 en p\u00e9riode d'enfermement.<\/p>\n\n\n\n<p class=\"abstract\">Mots cl\u00e9s : <a href=\"https:\/\/encartes.mx\/fr\/tag\/conyugalidad\/\" rel=\"tag\">conjugalit\u00e9<\/a>, <a href=\"https:\/\/encartes.mx\/fr\/tag\/cuidado-mutuo\/\" rel=\"tag\">soins mutuels<\/a>, <a href=\"https:\/\/encartes.mx\/fr\/tag\/intimidad\/\" rel=\"tag\">vie priv\u00e9e<\/a>, <a href=\"https:\/\/encartes.mx\/fr\/tag\/pandemia-por-covid-19\/\" rel=\"tag\">covid-19 pand\u00e9mie<\/a>, <a href=\"https:\/\/encartes.mx\/fr\/tag\/papeles-de-genero\/\" rel=\"tag\">r\u00f4les de genre<\/a>, <a href=\"https:\/\/encartes.mx\/fr\/tag\/parejas-heterosexuales\/\" rel=\"tag\">les couples h\u00e9t\u00e9rosexuels<\/a><\/p>\n\n\n\n<h2 class=\"en-title wp-block-heading\">Conjugalit\u00e9, genre et soins au sein du couple \u00e0 l'\u00e9poque du COVID-19 dans les zones m\u00e9tropolitaines de Colima et Guadalajara, Mexique<\/h2>\n\n\n\n<p class=\"abstract en-text\">Suite \u00e0 la pand\u00e9mie de COVID-19, l'Organisation mondiale de la sant\u00e9 (OMS) a recommand\u00e9 l'\u00e9loignement social comme mesure pour r\u00e9duire la vitesse de propagation du virus SARS-COV-2. L'une des cons\u00e9quences de cette mesure a \u00e9t\u00e9 la fermeture des centres d'\u00e9ducation et l'augmentation significative du travail \u00e0 distance (CEPALC, 2020c). Le confinement \u00e0 domicile peut cr\u00e9er, dans les zones d'intimit\u00e9, des situations de tension, de n\u00e9gociation et de conflit qui, associ\u00e9es \u00e0 l'incertitude produite par la pand\u00e9mie, doivent \u00eatre identifi\u00e9es et analys\u00e9es pour produire des connaissances pertinentes et opportunes face \u00e0 un probl\u00e8me sans pr\u00e9c\u00e9dent qui d\u00e9passe le domaine de la sant\u00e9 et confronte la vie quotidienne de nos populations.<\/p>\n\n\n\n<p class=\"abstract en-text\">Compte tenu de cette situation, une enqu\u00eate virtuelle a \u00e9t\u00e9 men\u00e9e la premi\u00e8re semaine de mai 2020 \u00e0 l'aide de Google Forms dans la zone m\u00e9tropolitaine de Guadalajara (AMG) et la zone m\u00e9tropolitaine de Colima (ZMC) afin de d\u00e9terminer comment les dimensions de la vie conjugale, du genre et des r\u00f4les de soins mutuels ont \u00e9t\u00e9 perturb\u00e9es dans l'intimit\u00e9 des couples h\u00e9t\u00e9rosexuels pendant la fermeture caus\u00e9e par la pand\u00e9mie de covid-19. Cette enqu\u00eate nous permet de conclure que l'intimit\u00e9 des couples h\u00e9t\u00e9rosexuels interrog\u00e9s montre que les couples mari\u00e9s vivant ensemble depuis plus de 10 ans ont connu des conflits mais n'ont pas envisag\u00e9 le divorce ou la s\u00e9paration comme une issue, alors que les hommes et les femmes c\u00e9libataires l'ont davantage envisag\u00e9 ; les c\u00e9libataires ne vivant pas ensemble - en particulier dans la zmc - ont \u00e9t\u00e9 les plus touch\u00e9s par le confinement et ont pris des dispositions plus traditionnelles que le m\u00eame groupe dans l'amg, et le fait d'avoir des int\u00e9r\u00eats et des objectifs communs et le manque d'amour ont \u00e9t\u00e9 des \u00e9l\u00e9ments cl\u00e9s qui ont affect\u00e9 l'intimit\u00e9 des couples. D'autre part, nos r\u00e9sultats montrent que les r\u00f4les de genre continuent d'\u00eatre, dans les deux villes, l'une des sph\u00e8res de la vie publique et priv\u00e9e les plus utilis\u00e9es dans les situations \u00e9mergentes et urgentes, telles que celle d\u00e9riv\u00e9e de la pand\u00e9mie, des situations auxquelles il est impossible d'\u00e9chapper et qui ont un impact direct sur l'\u00e9galit\u00e9 des conditions entre les hommes et les femmes. Enfin, en ce qui concerne les soins mutuels du couple, la reproduction des soins mat\u00e9riels\/\u00e9conomiques par les hommes se distingue par la f\u00e9minisation des soins de sant\u00e9 et \u00e9motionnels par les femmes. Toutefois, les jeunes couples affichent des tendances int\u00e9ressantes vers une plus grande implication des femmes et des hommes dans les t\u00e2ches de soins de sant\u00e9 et de soins \u00e9motionnels en p\u00e9riode d'enfermement.<\/p>\n\n\n\n<p class=\"abstract en-text\">Mots cl\u00e9s : pand\u00e9mie de covid-19, intimit\u00e9, conjugalit\u00e9, r\u00f4le de genre, soins mutuels, couples h\u00e9t\u00e9rosexuels.<\/p>\n\n\n\n<hr class=\"wp-block-separator\"\/>\n\n\n\n<h2 class=\"wp-block-heading\">Introduction<\/h2>\n\n\n\n<p class=\"has-drop-cap abstract\">En r\u00e9ponse \u00e0 la pand\u00e9mie de covid-19, l'Organisation mondiale de la sant\u00e9 (<span class=\"small-caps\">qui<\/span>) a recommand\u00e9 l'\u00e9loignement social comme mesure pour ralentir la propagation du virus sars-cov-2. L'une des cons\u00e9quences de cette mesure a \u00e9t\u00e9 la fermeture d'\u00e9tablissements d'enseignement et une augmentation significative du t\u00e9l\u00e9travail. D'ici au 30 mars 2020, selon les donn\u00e9es de la <span class=\"small-caps\">unesco<\/span> (cit\u00e9 dans <span class=\"small-caps\">cepal<\/span>Dans la r\u00e9gion de l'Am\u00e9rique latine et des Cara\u00efbes, 37 pays et territoires ont ferm\u00e9 leurs \u00e9coles. Cela a conduit \u00e0 une situation dans laquelle la population \u00e9tudiante est prise en charge \u00e0 la maison. Cette situation a entra\u00een\u00e9 une augmentation du temps consacr\u00e9 aux t\u00e2ches domestiques et aux soins, en particulier pour les femmes (<span class=\"small-caps\">cepal<\/span>, 2020a). En outre, dans de nombreux foyers, les femmes et les hommes travaillent \u00e0 distance, ce qui g\u00e9n\u00e8re des situations de tension, de n\u00e9gociation et de conflit qui, associ\u00e9es \u00e0 l'incertitude r\u00e9sultant de la pand\u00e9mie, doivent \u00eatre identifi\u00e9es et analys\u00e9es.<\/p>\n\n\n\n<p>C'est pourquoi nous avons entrepris de r\u00e9aliser une enqu\u00eate qui rendrait compte des changements que la pand\u00e9mie a engendr\u00e9s dans les relations de couple. L'\u00e9tude fait partie du macro-projet de recherche \"Intimit\u00e9 et relations de couple dans la r\u00e9gion centre-ouest du Mexique contemporain : d\u00e9fis socioculturels\", avec la participation de Zeyda Isabel Rodr\u00edguez Morales et Tania Rodr\u00edguez Salazar, de l'universit\u00e9 de Guadalajara ; Ana Josefina Cuevas Hern\u00e1ndez et Ana Gabriel Castillo S\u00e1nchez, de l'universit\u00e9 de Colima, et Roc\u00edo Enr\u00edquez Rosas, de l'Instituto Tecnol\u00f3gico y de Estudios Superiores de Occidente (ITESM).<span class=\"small-caps\">iteso<\/span>). La recherche est financ\u00e9e par la <span class=\"small-caps\">sep-conacyt<\/span> de l'appel 2016 pour la science fondamentale, dans la modalit\u00e9 des groupes de recherche, avec le num\u00e9ro de projet 245227\/CB284023.<\/p>\n\n\n\n<p>Le macro-projet vise \u00e0 g\u00e9n\u00e9rer des connaissances dans le domaine des \u00e9tudes sur l'intimit\u00e9 des couples h\u00e9t\u00e9rosexuels urbains, dans trois groupes d'\u00e2ge, \u00e0 partir de cinq dimensions : a) la sexualit\u00e9, b) la conjugalit\u00e9, c) les r\u00f4les de genre, d) l'utilisation des nouvelles technologies et e) les soins mutuels. L'objectif est de savoir comment les couples de l'ouest du Mexique font face \u00e0 ces d\u00e9fis, en particulier dans les \u00c9tats de Jalisco et de Colima. L'aire m\u00e9tropolitaine de Guadalajara (<span class=\"small-caps\">amg<\/span>) et la r\u00e9gion m\u00e9tropolitaine de Colima (<span class=\"small-caps\">zmc<\/span>) ont \u00e9t\u00e9 choisis parce qu'ils font tous deux partie d'un territoire socioculturel (Gim\u00e9nez, 1999). Celui-ci donne forme et sens \u00e0 l'identit\u00e9 des individus et des groupes qui partagent des \u00e9l\u00e9ments \u00e9conomiques, g\u00e9opolitiques et socioculturels sur lesquels ils projettent leurs conceptions de la culture mat\u00e9rielle et spatiale qui, comme nous le verrons, sont tr\u00e8s homog\u00e8nes. Ces \u00e9l\u00e9ments identitaires sont socialis\u00e9s et int\u00e9rioris\u00e9s et permettent \"d'acqu\u00e9rir le sentiment et le statut d'appartenance socio-territoriale\" (Gim\u00e9nez, 1999 : 37). Ils refl\u00e8tent \u00e9galement le fait que la population \u00e9tudi\u00e9e partage des valeurs et des coutumes locales, des liens familiaux, sociaux et amicaux, ainsi qu'un degr\u00e9 \u00e9lev\u00e9 d'int\u00e9gration et de solidarit\u00e9 avec la communaut\u00e9 de r\u00e9f\u00e9rence. Cela explique la grande coh\u00e9rence des donn\u00e9es g\u00e9n\u00e9r\u00e9es par l'enqu\u00eate, o\u00f9 les diff\u00e9rences s'expliquent davantage par le sexe, l'\u00e2ge ou l'anciennet\u00e9 de la cohabitation que par les diff\u00e9rences culturelles.<\/p>\n\n\n\n<p>L'enqu\u00eate en ligne men\u00e9e par l'\u00e9quipe qui compose cette macro-recherche aborde cinq dimensions ; pour ce travail, la conjugalit\u00e9, les r\u00f4les de genre et les soins mutuels ont \u00e9t\u00e9 analys\u00e9s, et ils sont trait\u00e9s dans l'\u00e9tude. <span class=\"small-caps\">amg<\/span> et dans le <span class=\"small-caps\">zmc<\/span> comprendre comment les couples d'hommes et de femmes vivent les transformations de leur intimit\u00e9 dans le contexte actuel d'incertitude et de contingence sanitaire.<\/p>\n\n\n\n<p>Dans une publication r\u00e9cente, Rodriguez et Rodriguez (2020), se basant sur l'enqu\u00eate en ligne, ont abord\u00e9 les r\u00e9sultats concernant les <span class=\"small-caps\">amg<\/span> sur les axes de la sexualit\u00e9 et de l'utilisation des technologies affectives. Leurs r\u00e9sultats indiquent que les effets sur les deux dimensions sont plus intenses chez les jeunes, les couples qui ont v\u00e9cu l'enfermement \u00e0 distance et ceux qui ont moins d'ann\u00e9es de relation. Leurs conclusions sur les effets de la pand\u00e9mie dans la population plus jeune et celle ayant moins d'ann\u00e9es de cohabitation sont coh\u00e9rentes avec les n\u00f4tres.<\/p>\n\n\n\n<p>Dans cet article, nous nous proposons de r\u00e9pondre \u00e0 la question suivante : comment la pand\u00e9mie de covid-19 a-t-elle perturb\u00e9 l'intimit\u00e9 de trois g\u00e9n\u00e9rations de couples h\u00e9t\u00e9rosexuels r\u00e9sidant dans les zones m\u00e9tropolitaines de Guadalajara et de Colima dans les dimensions de la conjugalit\u00e9, des r\u00f4les de genre et des soins mutuels ?<\/p>\n\n\n\n<p>L'objectif de cet article est de d\u00e9crire et d'analyser les principaux r\u00e9sultats de l'enqu\u00eate en ligne men\u00e9e au cours de la premi\u00e8re semaine de mai 2020 dans les zones m\u00e9tropolitaines de Guadalajara et de Colima afin de d\u00e9couvrir comment ces dimensions de l'intimit\u00e9 ont \u00e9t\u00e9 perturb\u00e9es pour les couples de la r\u00e9gion \u00e9tudi\u00e9e. L'application de l'enqu\u00eate \u00e0 la date susmentionn\u00e9e a favoris\u00e9 une enqu\u00eate opportune pour rendre compte de l'exp\u00e9rience de l'enfermement.<\/p>\n\n\n\n<p>Les principaux r\u00e9sultats concernant les effets de la pand\u00e9mie sur la vie conjugale montrent que les personnes mari\u00e9es et celles engag\u00e9es dans une relation de plus de dix ans sont celles qui ont le moins l'intention de se s\u00e9parer de leur partenaire en raison des conflits rencontr\u00e9s au cours de la relation, que les personnes plus jeunes et celles engag\u00e9es dans une relation de moins de dix ans, en particulier les personnes \u00e2g\u00e9es de moins de dix ans, qui ont le moins l'intention de se s\u00e9parer de leur partenaire en raison des conflits rencontr\u00e9s au cours de la relation. <span class=\"small-caps\">zmc<\/span>a v\u00e9cu \u00e0 un rythme plus \u00e9lev\u00e9 que celui des <span class=\"small-caps\">amg<\/span> L'\u00e9tude a r\u00e9v\u00e9l\u00e9 que les hommes et les femmes estimaient que le manque de communication, l'absence d'int\u00e9r\u00eats et d'objectifs communs et le fait de ne plus s'aimer \u00e9taient les principales causes d'un \u00e9ventuel divorce ou d'une rupture.<\/p>\n\n\n\n<p>En ce qui concerne la dimension des r\u00f4les des hommes et des femmes, on constate que le travail domestique continue d'\u00eatre effectu\u00e9 principalement par les femmes dans les deux r\u00e9gions, bien que les conditions tendent vers une r\u00e9partition plus \u00e9quitable entre les femmes et les hommes dans les r\u00e9gions de l'Union europ\u00e9enne et de l'Union europ\u00e9enne. <span class=\"small-caps\">amg<\/span>contrairement \u00e0 la <span class=\"small-caps\">zmc<\/span>La situation des femmes et des hommes dans la r\u00e9gion, o\u00f9, comme mentionn\u00e9 ci-dessus, les valeurs patriarcales traditionnelles persistent et contribuent au profond d\u00e9s\u00e9quilibre entre les femmes et les hommes dans ce domaine.<\/p>\n\n\n\n<p>En ce qui concerne les soins mutuels au sein du couple en temps de pand\u00e9mie, les r\u00e9sultats montrent une pr\u00e9dominance f\u00e9minine dans le d\u00e9ploiement de pratiques de soins envers le partenaire, tant dans le domaine de la sant\u00e9 que dans les dimensions \u00e9motionnelles et spirituelles. L'apport de ressources mat\u00e9rielles\/\u00e9conomiques est \u00e9galement consid\u00e9r\u00e9 comme relevant principalement de la responsabilit\u00e9 des hommes. Chez les jeunes couples, on observe des tendances int\u00e9ressantes vers une plus grande implication des femmes et des hommes dans les t\u00e2ches de soins \u00e9motionnels, principalement.<\/p>\n\n\n\n<p>Le document comprend une partie th\u00e9orique qui aborde chacun des trois axes, ainsi qu'une partie m\u00e9thodologique, puis nous pr\u00e9sentons l'analyse des r\u00e9sultats de l'enqu\u00eate, ainsi que les conclusions centrales qui mettent en garde contre les multiples fa\u00e7ons dont la pand\u00e9mie de covid-19 remet en question des cat\u00e9gories telles que l'intimit\u00e9, la conjugalit\u00e9, les r\u00f4les de genre et les soins mutuels en p\u00e9riode d'incertitude, o\u00f9 il y a peu de r\u00e9ponses et de nombreux d\u00e9fis pour la g\u00e9n\u00e9ration de connaissances sociales qui contribuent \u00e0 la compr\u00e9hension des processus socioculturels impliqu\u00e9s dans cette situation sans pr\u00e9c\u00e9dent et exceptionnelle.<\/p>\n\n\n\n<h2 class=\"wp-block-heading\">Perspective conceptuelle et th\u00e9orique<\/h2>\n\n\n\n<p class=\"abstract\">Cette recherche s'inscrit dans une perspective socioculturelle qui vise \u00e0 explorer et \u00e0 construire des connaissances sur l'intimit\u00e9 chez les couples h\u00e9t\u00e9rosexuels en milieu urbain, dont la vie quotidienne a \u00e9t\u00e9 perturb\u00e9e par les effets de la pand\u00e9mie de covid-19. Nous partons du principe que l'intimit\u00e9 est un \"terrain de r\u00e9flexion, de n\u00e9gociation et de conflit\" subjectif et interpersonnel (Rodr\u00edguez et al., 2019 : 41), qui se compose et se comprend \u00e0 partir de sa multidimensionnalit\u00e9, de sa diversit\u00e9 et de son dynamisme. L'intimit\u00e9 a \u00e9merg\u00e9 de la modernit\u00e9 tardive (Giddens, 1993, 2000 ; Guevara, 2005 ; N\u00fa\u00f1ez et Zazueta, 2012) et cela a g\u00e9n\u00e9r\u00e9 de profondes transformations dans l'individualisation et l'autod\u00e9termination personnelle, ainsi que dans la s\u00e9paration des sph\u00e8res publique et priv\u00e9e dans la vie sociale, culturelle, \u00e9conomique et politique.<\/p>\n\n\n\n<p>Dans cette perspective, la conjugalit\u00e9 est comprise comme les arrangements formels et informels que les couples \u00e9tablissent pour vivre ensemble, sous le m\u00eame toit ou s\u00e9par\u00e9ment, dans le but de maintenir une relation temporaire ou permanente. Ces arrangements comportent des aspects moraux, organisationnels et r\u00e9sidentiels explicites ou implicites qui transcendent le statut marital des deux partenaires. Cette conceptualisation repose sur trois \u00e9l\u00e9ments : la volont\u00e9 de former un couple ou de s'engager dans une relation, la vie en couple avec ou sans toit commun et le type de lien par lequel la relation s'\u00e9tablit. Le concept est suffisamment large et flexible pour couvrir la formation de couples ind\u00e9pendamment de la raison de l'union, de sa dur\u00e9e, de l'existence ou non d'un toit commun et du type de lien qui les unit. Cela ne signifie pas que la distinction et l'analyse de ces \u00e9l\u00e9ments ne sont pas pertinentes ; au contraire, l'argument vise \u00e0 montrer que la conjugalit\u00e9, comme l'intimit\u00e9, est inh\u00e9rente \u00e0 la vie de couple ind\u00e9pendamment de la formalit\u00e9 et de la dur\u00e9e du lien, puisqu'elle implique la n\u00e9gociation, la communication, la confiance, l'\u00e9change de soins et l'attention \u00e0 diff\u00e9rents types de besoins, autant d'\u00e9l\u00e9ments centraux de l'intimit\u00e9 (Giddens, 1998, 2000 ; Guevara, 2005 et Zelizer, 2009). Selon cette logique, notamment issue de la psychologie (Mosmann et Wagner, 2008, et Oltramari, 2009), les couples dont la relation a de bonnes pratiques de communication et est bas\u00e9e sur la confiance et l'attention mutuelle auraient des fondations plus solides et durables. Comme nous le verrons plus loin, les enqu\u00eat\u00e9s ont v\u00e9cu au cours des premiers mois d'enfermement des conflits et des tensions qui refl\u00e8tent l'importance de ces \u00e9l\u00e9ments dans leur dynamique conjugale et mettent \u00e0 jour leurs faiblesses et leurs forces en tant que couple.<\/p>\n\n\n\n<p>Outre la conjugalit\u00e9, c'est dans l'intimit\u00e9 que la dimension des r\u00f4les de genre se manifeste \u00e0 profusion, puisqu'apr\u00e8s la distinction entre le public et le priv\u00e9 - qui est apparue avec la modernit\u00e9 - un nouvel ordre social a \u00e9merg\u00e9, dont \"la division sexuelle du travail a repr\u00e9sent\u00e9 non seulement la sp\u00e9cialisation des femmes dans les t\u00e2ches domestiques et des hommes dans les activit\u00e9s productives, mais aussi une recomposition des espaces, des ressources et des formes d'exercice du pouvoir dans l'ensemble de la vie sociale\" (Guevara, 2005 : 870). En ce sens, c'est dans la sph\u00e8re intime que sont v\u00e9cus avec plus d'intensit\u00e9 les effets de l'ordre social, la d\u00e9tention asym\u00e9trique du pouvoir, les conflits, les affects, les \u00e9motions, les accords et les n\u00e9gociations quotidiennes qui permettent aux couples, aux familles et aux soci\u00e9t\u00e9s de fonctionner, dont les nuances se traduisent par des diff\u00e9rences et des in\u00e9galit\u00e9s pour les femmes et les hommes qui, selon Tenorio (2010) et Rojas (2016), sont de plus en plus prises en compte par les personnes pour \u00e9valuer leur satisfaction \u00e0 l'\u00e9gard de la relation de couple.<\/p>\n\n\n\n<p>Les distinctions et les in\u00e9galit\u00e9s dict\u00e9es par les r\u00f4les de genre entre les femmes et les hommes se sont intensifi\u00e9es dans le contexte de la pand\u00e9mie et ont entra\u00een\u00e9 une augmentation du travail domestique et des soins non r\u00e9mun\u00e9r\u00e9s pour les femmes et les filles au Mexique et dans la r\u00e9gion de l'Am\u00e9rique latine - outre le fait que ce travail r\u00e9mun\u00e9r\u00e9 est \u00e9galement effectu\u00e9 en majorit\u00e9 par des femmes - comme l'ont constat\u00e9 des institutions nationales (Instituto Nacional de las Mujeres, <span class=\"small-caps\">inmujeres<\/span>2020) et des organisations internationales telles que la Commission \u00e9conomique pour l'Am\u00e9rique latine et les Cara\u00efbes (<span class=\"small-caps\">cepal<\/span>2020a ; 2020b ; 2020c) et le Fonds des Nations Unies pour la population (<span class=\"small-caps\">unfpa<\/span>, 2020).<\/p>\n\n\n\n<p>En ce qui concerne l'axe des soins, on consid\u00e8re que les actions dans ce sens sont li\u00e9es \u00e0 la production de biens et de services qui sont essentiels \u00e0 la r\u00e9solution de la vie quotidienne, impliquant un soutien instrumental, \u00e9motionnel, cognitif et d'autres formes de soutien. L'encadrement des soins du point de vue des droits de l'homme est \u00e9galement une question centrale (<span class=\"small-caps\">cepal<\/span>, 2020b). Parmi les activit\u00e9s de soins principalement exerc\u00e9es par les femmes, les soins qu'elles prodiguent \u00e0 leur partenaire et \u00e0 leurs enfants se distinguent (Lewis, 1992). Franco (2015) met en \u00e9vidence trois perspectives analytiques sur la d\u00e9finition des soins : en termes de travail, d'\u00e9motions et de politiques sociales.<\/p>\n\n\n\n<p>Le care est une responsabilit\u00e9 sociale qui implique les familles, les entreprises, les communaut\u00e9s, les organisations de la soci\u00e9t\u00e9 civile et les institutions publiques dans la g\u00e9n\u00e9ration de politiques publiques qui cherchent \u00e0 r\u00e9pondre aux besoins de care des personnes avec diff\u00e9rents niveaux de d\u00e9pendance (Franco, 2015). Pour Zelizer (2009 : 186), les relations de soins sont li\u00e9es \u00e0 un soutien personnel qui peut \u00eatre fourni de mani\u00e8re intensive et qui vise \u00e0 promouvoir le bien-\u00eatre de l'autre. Cependant, il est important de consid\u00e9rer que \" le m\u00e9lange des relations de care et des activit\u00e9s \u00e9conomiques dans le m\u00e9nage se fait dans un contexte de n\u00e9gociations permanentes, parfois dans un climat de coop\u00e9ration, parfois au milieu d'\u00e9clats de conflits \". Cette situation peut \u00eatre particuli\u00e8rement difficile en p\u00e9riode de tensions et de crises potentielles au sein des m\u00e9nages, comme c'est peut-\u00eatre le cas actuellement face \u00e0 la pand\u00e9mie de covid-19.<\/p>\n\n\n\n<p>Fraga (2018) propose une logique d'\u00e9chelles pour savoir si la satisfaction des besoins de soins est li\u00e9e \u00e0 une perspective \u00e9troite ou large des soins et que les soins directs, les soins indirects et le travail de gestion mentale peuvent \u00eatre pr\u00e9sents, ce dernier \u00e9tant li\u00e9 \u00e0 des \u00e9l\u00e9ments de nature affective et symbolique. Pour Zelizer (2009), les formes de soins varient en fonction du degr\u00e9 d'intimit\u00e9, puisqu'elles peuvent aller de l'impersonnel \u00e0 des liens \u00e9troits.<\/p>\n\n\n\n<p>En ce qui concerne le cadre \u00e9thique des soins, Tronto (1987 : 17) souligne que les \u00eatres humains doivent faire l'exp\u00e9rience d'\u00eatre soign\u00e9s par d'autres et de soigner d'autres personnes, afin de d\u00e9velopper un sens moral des soins. \"On pourrait affirmer qu'une \u00e9thique des soins n'est rien d'autre qu'un ensemble de sensibilit\u00e9s que toutes les personnes morales m\u00fbres devraient d\u00e9velopper, parall\u00e8lement \u00e0 la sensibilit\u00e9 li\u00e9e \u00e0 la justice\". Le sens moral de l'attention est intimement li\u00e9 \u00e0 l'exp\u00e9rience de l'attention r\u00e9ciproque.<\/p>\n\n\n\n<h2 class=\"wp-block-heading\">L'enqu\u00eate virtuelle : questionnaire, \u00e9chantillon et analyse<\/h2>\n\n\n\n<p class=\"abstract\">L'enqu\u00eate a \u00e9t\u00e9 administr\u00e9e num\u00e9riquement via un formulaire Google du 2 au 10 mai 2020 afin d'identifier les changements dans les relations de couple au cours des premi\u00e8res semaines de confinement du covid-19. Elle fait partie du projet sur l'intimit\u00e9 et les relations de couple dans trois g\u00e9n\u00e9rations d'adultes de l'Union europ\u00e9enne. <span class=\"small-caps\">amg<\/span> et le <span class=\"small-caps\">zmc<\/span><a class=\"anota\" id=\"anota1\" data-footnote=\"1\">1<\/a> et couvre cinq axes : les trajectoires conjugales, les r\u00f4les de genre, les soins mutuels, la sexualit\u00e9 et l'utilisation des technologies num\u00e9riques dans les couples h\u00e9t\u00e9rosexuels. Nous analysons ici les tendances g\u00e9n\u00e9rales des trois premiers axes dans les deux domaines.<\/p>\n\n\n\n<p>L'enqu\u00eate<a class=\"anota\" id=\"anota2\" data-footnote=\"2\">2<\/a> ne faisait pas partie de l'\u00e9tude initiale et a \u00e9t\u00e9 men\u00e9e en examinant les changements dans la dynamique conjugale et familiale pendant l'enfermement.<a class=\"anota\" id=\"anota3\" data-footnote=\"3\">3<\/a> L'hyperlien a \u00e9t\u00e9 diffus\u00e9 parmi les coll\u00e8gues, les r\u00e9seaux sociaux et les familles de l'\u00e9quipe de recherche, qui l'ont \u00e0 leur tour partag\u00e9 avec leurs propres contacts. Cela explique le niveau d'\u00e9ducation \u00e9lev\u00e9 de l'\u00e9chantillon : 44% avaient suivi des \u00e9tudes sup\u00e9rieures compl\u00e8tes ou incompl\u00e8tes et 36% \u00e9taient titulaires d'une licence.<\/p>\n\n\n\n<p>Nous avons obtenu 1 553 questionnaires<a class=\"anota\" id=\"anota4\" data-footnote=\"4\">4<\/a> et 1406 ont \u00e9t\u00e9 valid\u00e9es qui r\u00e9pondaient aux crit\u00e8res d'\u00e2ge de la majorit\u00e9, de nationalit\u00e9 mexicaine et d'avoir ou d'avoir eu un partenaire. Sur ce total, 950 (n=950) ont \u00e9t\u00e9 analys\u00e9s, 760 correspondaient \u00e0 l'\u00e2ge de la majorit\u00e9, \u00e0 la nationalit\u00e9 mexicaine et au fait d'avoir ou d'avoir eu un partenaire. <span class=\"small-caps\">amg<\/span> et 190 \u00e0 la <span class=\"small-caps\">zmc<\/span>.<\/p>\n\n\n\n<p>Les deux \u00e9chantillons ont \u00e9t\u00e9 trait\u00e9s ind\u00e9pendamment afin d'identifier l'incidence des variables sociod\u00e9mographiques que sont l'\u00e2ge, le sexe, la scolarit\u00e9, le nombre d'enfants, la dur\u00e9e de cohabitation et la ville d'\u00e9tude dans l'analyse des r\u00e9sultats. En outre, les crit\u00e8res pour \u00e9tablir des tendances claires dans les r\u00e9sultats \u00e9taient \u00b130% entre les zones d'\u00e9tude, \u00b115% au sein des zones d'\u00e9tude et \u00b110% entre les variables elles-m\u00eames. Les r\u00e9sultats sont discut\u00e9s et compar\u00e9s \u00e0 ceux d'autres travaux similaires et d'enqu\u00eates nationales afin d'\u00e9tayer l'interpr\u00e9tation des donn\u00e9es.<\/p>\n\n\n\n<p>Les questions de l'enqu\u00eate \u00e9taient ferm\u00e9es, \u00e0 choix multiples avec possibilit\u00e9 de choisir une r\u00e9ponse et \u00e0 choix multiples avec possibilit\u00e9 de choisir trois options sur cinq. L'analyse a consist\u00e9 \u00e0 croiser les variables sociod\u00e9mographiques et les questions pos\u00e9es, afin de voir si celles-ci \u00e9taient affect\u00e9es ou non par le type de r\u00e9ponses obtenues dans la variable deux.<\/p>\n\n\n\n<p>L'analyse des donn\u00e9es a consist\u00e9 en deux types de tableaux \u00e0 double entr\u00e9e et en l'interpr\u00e9tation des fr\u00e9quences absolues des r\u00e9ponses obtenues par zone d'\u00e9tude et des pourcentages relatifs. L'objectif \u00e9tait de savoir combien d'hommes et de femmes avaient r\u00e9pondu au questionnaire dans chaque zone g\u00e9ographique et que les r\u00e9ponses de chaque zone repr\u00e9sentaient 100%. Sur l'axe de la conjugalit\u00e9, nous avons travaill\u00e9 sur la satisfaction du couple, l'\u00e9volution de la relation de couple pendant la pand\u00e9mie, les conflits conjugaux lors du maintien \u00e0 domicile, les raisons des conflits et les raisons d'une \u00e9ventuelle rupture. Sur l'axe des r\u00f4les de genre, les changements dans les activit\u00e9s m\u00e9nag\u00e8res ont \u00e9t\u00e9 analys\u00e9s et les changements en termes d'augmentation, de maintien, de diminution ou de non-application. Dans l'axe des soins mutuels, les variables des changements et des continuit\u00e9s dans les soins de sant\u00e9 mat\u00e9riels, \u00e9motionnels, physiques et spirituels mutuels ont \u00e9t\u00e9 \u00e9tudi\u00e9es. Dans les trois cas, les variables ont \u00e9t\u00e9 op\u00e9rationnalis\u00e9es et crois\u00e9es avec le sexe, l'\u00e2ge, l'\u00e9tat civil et la dur\u00e9e de cohabitation du couple.<\/p>\n\n\n\n<p>72% de l'\u00e9chantillon (n) \u00e9tait compos\u00e9 de femmes.<a class=\"anota\" id=\"anota5\" data-footnote=\"5\">5<\/a> et 57% pour les personnes mari\u00e9es, 20% pour les c\u00e9libataires et 16% pour les c\u00e9libataires. 41% des personnes de l'\u00e9chantillon avaient des enfants de moins de 18 ans, 19% avaient des enfants de plus de 18 ans et 39% n'avaient pas d'enfants. En outre, 24% avaient un partenaire et ne vivaient pas avec lui\/elle pendant la pand\u00e9mie et les 76% restants avaient un partenaire et\/ou un conjoint et partageaient le m\u00eame logement avec lui\/elle. En d'autres termes, il s'agit d'un \u00e9chantillon majoritairement f\u00e9minin qui a pass\u00e9 les premi\u00e8res semaines de confinement avec un partenaire et des enfants.<\/p>\n\n\n\n<h2 class=\"wp-block-heading\">Conjugalit\u00e9 \u00e0 l'\u00e9poque du covid-19 dans la MGA et la MCZ<\/h2>\n\n\n\n<p class=\"abstract\">Les donn\u00e9es de l'enqu\u00eate montrent que 76% (n=950) des personnes interrog\u00e9es avaient un partenaire et partageaient le m\u00eame logement au moment de l'enqu\u00eate, 72% (n=950) partageaient le m\u00eame logement depuis le d\u00e9but de la pand\u00e9mie et seulement 9% (n=950) \u00e9taient s\u00e9par\u00e9es par un partenaire. Les r\u00e9sultats globaux par zone d'\u00e9tude, \u00e9tat matrimonial et groupe d'\u00e2ge sugg\u00e8rent une l\u00e9g\u00e8re tendance \u00e0 des arrangements plus traditionnels dans la zone d'\u00e9tude. <span class=\"small-caps\">zmc<\/span> que dans les <span class=\"small-caps\">amg<\/span>. Dans le premier cas, 50% des c\u00e9libataires et 39% des 18-37 ans ont \u00e9t\u00e9 les groupes les plus s\u00e9par\u00e9s par la pand\u00e9mie, contre seulement 20% et 6% des 18-37 ans. <span class=\"small-caps\">amg<\/span>. Cela s'explique probablement par leur statut matrimonial, le fait qu'ils ne vivent pas ensemble et qu'ils n'ont pas ou peu d'enfants ensemble. Cela sugg\u00e8re que les arrangements de cohabitation maritale des jeunes couples dans les <span class=\"small-caps\">zmc[versalitas] \u00e9taient plus traditionnels que ceux de la m\u00eame population [versalitas]amg.<\/span>Les deux pays, dont on peut d\u00e9duire qu'ils partagent le m\u00eame toit depuis avant la pand\u00e9mie (voir figure 1).<\/p>\n\n\n\n<div class=\"image-slider\">\n                <div class=\"frame\">\n                    <div class=\"picture\" itemscope itemtype=\"http:\/\/schema.org\/ImageGallery\">\n                        <figure itemprop=\"associatedMedia\" itemscope itemtype=\"http:\/\/schema.org\/ImageObject\" class=\"slider-element\">\n                              <a href=\"https:\/\/archive.org\/download\/vol5num9-multimedia\/enriquez-cuevas-castillo-conyugalidad-genero-covid-guadalajara-colima-imagen-1.webp\" itemprop=\"contentUrl\" data-size=\"1322x712\" data-index=\"0\" data-caption=\"Gr\u00e1fica 1. Fuente: Elaboraci\u00f3n propia con base en los datos de la investigaci\u00f3n.\" >\n                                <img decoding=\"async\" src=\"https:\/\/archive.org\/download\/vol5num9-multimedia\/enriquez-cuevas-castillo-conyugalidad-genero-covid-guadalajara-colima-imagen-1.webp\" itemprop=\"thumbnail\">\n                                <i class=\"fa fa-expand expand\" aria-hidden=\"true\"><\/i>\n                            <\/a>\n                            <\/figure>                    <\/div>    \n                <\/div>\n                    <div class=\"caption\">Graphique 1 - Source : \u00c9laboration propre sur la base de donn\u00e9es de recherche.<\/div><div class=\"image-analysis\"><\/div>                <div class=\"bullets\"><\/div>\n            <\/div>\n\n\n\n<p>La pand\u00e9mie a brusquement chang\u00e9 la dynamique des familles et des couples. Nous avons donc demand\u00e9 si la capacit\u00e9 \u00e0 faire ce qu'ils voulaient faire s'\u00e9tait am\u00e9lior\u00e9e, \u00e9tait rest\u00e9e la m\u00eame ou s'\u00e9tait d\u00e9t\u00e9rior\u00e9e. Les r\u00e9sultats r\u00e9v\u00e8lent des diff\u00e9rences int\u00e9ressantes en fonction de la tranche d'\u00e2ge et de la situation matrimoniale. 52% (n=950) de l'\u00e9chantillon ont estim\u00e9 que leur satisfaction \u00e9tait rest\u00e9e la m\u00eame, 54% (n=950) des personnes mari\u00e9es partageant ce point de vue. Dans le <span class=\"small-caps\">amg<\/span> les trois groupes d'\u00e2ge ont consid\u00e9r\u00e9 que leur situation s'\u00e9tait am\u00e9lior\u00e9e, dont 331 PT3T du total correspondent au groupe des 58 ans et plus, qui ont consid\u00e9r\u00e9 dans seulement 131 PT3T des cas que leur situation s'\u00e9tait d\u00e9t\u00e9rior\u00e9e. Dans le groupe des <span class=\"small-caps\">zmc<\/span> La dur\u00e9e de cohabitation avec le partenaire a fourni des donn\u00e9es importantes sur le m\u00eame point. 13% du groupe ayant plus de 10 ans de cohabitation consid\u00e8rent que leur situation s'est d\u00e9t\u00e9rior\u00e9e, contre 50% qui d\u00e9clarent qu'elle s'est am\u00e9lior\u00e9e. Cela sugg\u00e8re que plus ils sont \u00e2g\u00e9s, plus ils sont susceptibles d'\u00eatre satisfaits de leur partenaire, et donc que leur intimit\u00e9 \u00e9tait plus susceptible d'\u00eatre renforc\u00e9e au cours des premi\u00e8res semaines de la pand\u00e9mie (voir figure 2).<\/p>\n\n\n\n<div class=\"image-slider\">\n                <div class=\"frame\">\n                    <div class=\"picture\" itemscope itemtype=\"http:\/\/schema.org\/ImageGallery\">\n                        <figure itemprop=\"associatedMedia\" itemscope itemtype=\"http:\/\/schema.org\/ImageObject\" class=\"slider-element\">\n                              <a href=\"https:\/\/archive.org\/download\/vol5num9-multimedia\/enriquez-cuevas-castillo-conyugalidad-genero-covid-guadalajara-colima-imagen-2.webp\" itemprop=\"contentUrl\" data-size=\"1321x820\" data-index=\"0\" data-caption=\"Gr\u00e1fica 2. Fuente: Elaboraci\u00f3n propia con base en los datos de la investigaci\u00f3n.\" >\n                                <img decoding=\"async\" src=\"https:\/\/archive.org\/download\/vol5num9-multimedia\/enriquez-cuevas-castillo-conyugalidad-genero-covid-guadalajara-colima-imagen-2.webp\" itemprop=\"thumbnail\">\n                                <i class=\"fa fa-expand expand\" aria-hidden=\"true\"><\/i>\n                            <\/a>\n                            <\/figure>                    <\/div>    \n                <\/div>\n                    <div class=\"caption\">Graphique 2 : \u00c9laboration propre sur la base de donn\u00e9es de recherche.<\/div><div class=\"image-analysis\"><\/div>                <div class=\"bullets\"><\/div>\n            <\/div>\n\n\n\n<p>50% de la population (n=950) interrog\u00e9e est rest\u00e9e \u00e0 la maison pendant les premi\u00e8res semaines de la pand\u00e9mie et 50% a d\u00e9clar\u00e9 avoir v\u00e9cu des conflits et des tensions avec son partenaire ou son conjoint. Au cours de la <span class=\"small-caps\">amg<\/span>Dans le cas des r\u00e9pondants s\u00e9par\u00e9s, 61% n'ont rapport\u00e9 aucun conflit, ce qui en fait le groupe qui a rapport\u00e9 le moins de conflits. De m\u00eame, l'hypoth\u00e8se \u00e9mise pr\u00e9c\u00e9demment concernant la plus grande capacit\u00e9 des personnes plus \u00e2g\u00e9es \u00e0 avoir une vie plus stable est renforc\u00e9e par l'observation que dans le groupe des r\u00e9pondants ayant plus de 10 ans de cohabitation, la vie la plus stable se trouve dans le groupe de ceux qui ont plus de 10 ans de cohabitation, et la vie la plus stable dans le groupe de ceux qui ont plus de 10 ans de cohabitation. <span class=\"small-caps\">zmc<\/span> 68% n'ont pas \u00e9t\u00e9 confront\u00e9s \u00e0 des tensions et des conflits, alors que 31% l'ont \u00e9t\u00e9.<\/p>\n\n\n\n<p>Malgr\u00e9 les conflits, 79% (n=950) de l'\u00e9chantillon n'ont pas pens\u00e9 \u00e0 un \u00e9ventuel divorce ou \u00e0 une s\u00e9paration, et 21% du reste de l'\u00e9chantillon y ont pens\u00e9. Les r\u00e9sultats obtenus dans chaque domaine indiquent que l'\u00e9tat matrimonial est un \u00e9l\u00e9ment cl\u00e9 dans l'analyse de cette intention. Dans le <span class=\"small-caps\">amg<\/span> 39% des hommes et femmes c\u00e9libataires ont envisag\u00e9 cette possibilit\u00e9, contre seulement 14% des hommes et femmes mari\u00e9s, ce qui montre que le fait de vivre en couple et d'avoir une relation formelle a des effets positifs sur la stabilit\u00e9 de la relation. Dans l'enqu\u00eate <span class=\"small-caps\">zmc<\/span> Ce sont les hommes et les femmes s\u00e9par\u00e9s qui y ont pens\u00e9 et, comme dans la <span class=\"small-caps\">amg<\/span>Les hommes et les femmes mari\u00e9s sont les moins susceptibles d'envisager cette possibilit\u00e9 (50% contre 7%). Cela sugg\u00e8re, contrairement \u00e0 ce que l'imaginaire social dicte sur le c\u00e9libat, en particulier pour les hommes, que le mariage offre un abri, des soins et de l'attention \u00e0 la fois dans la vie quotidienne et en temps de crise pour les deux partenaires. Cette constatation d'un plus grand sentiment de bien-\u00eatre chez les hommes et les femmes mari\u00e9s a \u00e9t\u00e9 faite tant au Mexique que dans d'autres pays (<span class=\"small-caps\">inegi<\/span>2014, 2015, 2015, 2016 et 2017 et Bericat, 2018).<\/p>\n\n\n\n<p>Le 50% pour les c\u00e9libataires du <span class=\"small-caps\">zmc<\/span> ont v\u00e9cu s\u00e9par\u00e9s du d\u00e9but de la pand\u00e9mie, de 21% du d\u00e9but de la pand\u00e9mie, de 21% du d\u00e9but de la pand\u00e9mie. <span class=\"small-caps\">amg<\/span>et 17% des hommes et femmes c\u00e9libataires de l'Union europ\u00e9enne. <span class=\"small-caps\">amg<\/span> ont \u00e9t\u00e9 s\u00e9par\u00e9s par elle, contre 59% des <span class=\"small-caps\">zmc<\/span>. En outre, 83% des couples qui vivent ensemble depuis plus de dix ans de la <span class=\"small-caps\">amg<\/span> et 91% de la <span class=\"small-caps\">zmc<\/span> n'ont pas envisag\u00e9 la s\u00e9paration, malgr\u00e9 les conflits rencontr\u00e9s. Cela sugg\u00e8re, comme nous l'avons postul\u00e9 plus haut, que la formalit\u00e9 et la dur\u00e9e du lien ont jou\u00e9 un r\u00f4le important dans l'\u00e9valuation d'une \u00e9ventuelle rupture avec le partenaire pendant l'enfermement. De m\u00eame, la population c\u00e9libataire et jeune de la <span class=\"small-caps\">zmc<\/span> a subi des pressions plus fortes que celle de la <span class=\"small-caps\">amg<\/span>en vivant dans une plus petite proportion avec leur partenaire.<\/p>\n\n\n\n<p>En ce qui concerne les causes d'un \u00e9ventuel divorce ou d'une s\u00e9paration pendant la pand\u00e9mie, nous avons constat\u00e9 des diff\u00e9rences entre les hommes et les femmes et entre les sexes dans les deux domaines. Dans le <span class=\"small-caps\">zmc<\/span>57% des femmes ont d\u00e9clar\u00e9 qu'un chagrin d'amour serait une cause possible de divorce, contre 42% pour les hommes. <span class=\"small-caps\">amg<\/span> les pourcentages \u00e9taient respectivement de 73% et 26%. En d'autres termes, les habitants des deux r\u00e9gions consid\u00e8rent que ces \u00e9l\u00e9ments sont essentiels \u00e0 l'intimit\u00e9 du couple.<\/p>\n\n\n\n<p>D'autres r\u00e9sultats allant dans le m\u00eame sens montrent que 100% des femmes de la <span class=\"small-caps\">zmc<\/span> ont cit\u00e9 les diff\u00e9rences d'int\u00e9r\u00eats et d'objectifs, le comportement violent de leur partenaire et le manque de communication comme les autres causes d'une \u00e9ventuelle rupture. Dans le <span class=\"small-caps\">amg<\/span> il a \u00e9t\u00e9 constat\u00e9 que les valeurs et les aspirations \u00e0 une plus grande d\u00e9mocratie dans la vie conjugale, au sens d\u00e9fini par Giddens (1993, 1998), encourageaient l'id\u00e9e d'une rupture possible. Cela t\u00e9moigne de la centralit\u00e9 de ces \u00e9l\u00e9ments dans l'intimit\u00e9 conjugale contemporaine.<\/p>\n\n\n\n<p>En ce qui concerne la dur\u00e9e de la cohabitation, il a \u00e9t\u00e9 constat\u00e9 que la dur\u00e9e de la relation \u00e9tait d\u00e9terminante pour l'\u00e9valuation la plus positive de la stabilit\u00e9 conjugale. Dans l'enqu\u00eate <span class=\"small-caps\">zmc<\/span> conflits \u00e9taient dus \u00e0 la violence exerc\u00e9e par le partenaire intime (100% contre 60%). <span class=\"small-caps\">amg<\/span>) et les probl\u00e8mes li\u00e9s au travail (100% vs. 66%) chez les couples qui vivent ensemble depuis moins de dix ans. Dans le groupe des couples vivant ensemble depuis plus de dix ans, les principaux conflits portaient sur le temps que le couple passait sur l'internet (62% vs. 62% vs. 66%). <span class=\"small-caps\">amg<\/span> vs 0% de la <span class=\"small-caps\">zmc<\/span>), qui, ventil\u00e9 par sexe, a repr\u00e9sent\u00e9 un conflit pour le nombre total de femmes d'un million d'euros. <span class=\"small-caps\">amg<\/span> et les hommes de la <span class=\"small-caps\">zmc<\/span>. Cela sugg\u00e8re que le temps que les femmes et les hommes consacrent aux activit\u00e9s num\u00e9riques, que ce soit \u00e0 des fins de loisirs, de d\u00e9tente ou de travail, a une incidence sur la communication et le temps que les couples passaient ensemble au moment de l'enqu\u00eate.<\/p>\n\n\n\n<h2 class=\"wp-block-heading\">R\u00f4les des hommes et des femmes \u00e0 l'\u00e9poque du covid-19 dans la MGA et la MCZ<\/h2>\n\n\n\n<p class=\"abstract\">L'exp\u00e9rience de la pand\u00e9mie de covid-19 a g\u00e9n\u00e9r\u00e9 de nouveaux sc\u00e9narios de coexistence et d'activit\u00e9s pour les couples qui, bien qu'ils aient \u00e9t\u00e9 confront\u00e9s ou aient r\u00e9alis\u00e9 certaines de ces activit\u00e9s auparavant, ont dans de nombreux cas connu des changements et des remises en question, en particulier en ce qui concerne les activit\u00e9s domestiques r\u00e9alis\u00e9es au sein du m\u00e9nage. En ce sens, les donn\u00e9es g\u00e9n\u00e9rales montrent que les personnes interrog\u00e9es ont d\u00e9clar\u00e9 que les activit\u00e9s domestiques ont augment\u00e9 de 68%, et ce de mani\u00e8re similaire dans les trois groupes d'\u00e2ge, m\u00eame si, en comparant les deux villes, on observe des diff\u00e9rences dans les pourcentages des trois g\u00e9n\u00e9rations. Dans le cas de <span class=\"small-caps\">amg<\/span> Le pourcentage est similaire dans les trois groupes d'\u00e2ge, avec des pourcentages autour de 70% et un peu plus ; tandis que dans le groupe des <span class=\"small-caps\">zmc<\/span> l'augmentation \u00e9tait la plus forte pour le groupe des adultes moyens \u00e0 60%, et la plus faible pour les adultes plus \u00e2g\u00e9s \u00e0 23%. Ainsi, dans le groupe des <span class=\"small-caps\">amg<\/span>Les donn\u00e9es montrent une plus grande homog\u00e9n\u00e9it\u00e9 entre les trois groupes d'\u00e2ge, alors que dans le groupe des <span class=\"small-caps\">zmc<\/span> Le contraire est vrai. Ainsi, dans le <span class=\"small-caps\">zmc<\/span>L'augmentation des activit\u00e9s domestiques semble correspondre au cycle de vie, l'augmentation \u00e9tant deux fois plus \u00e9lev\u00e9e dans le groupe des adultes moyens et plus faible dans les groupes d'\u00e2ge plus jeunes et plus \u00e2g\u00e9s. Toutefois, en g\u00e9n\u00e9ral, l'augmentation dans les trois groupes d'\u00e2ge est assez \u00e9lev\u00e9e, ce qui montre l'importance du travail domestique non r\u00e9mun\u00e9r\u00e9 pour la population interrog\u00e9e et le fait qu'il ne peut \u00eatre \u00e9vit\u00e9 quel que soit l'\u00e2ge.<\/p>\n\n\n\n<p>Cependant, si l'on consid\u00e8re la variable du sexe (voir graphique 3), les donn\u00e9es montrent que dans les deux villes, l'augmentation de ces activit\u00e9s a \u00e9t\u00e9 plus importante pour les femmes dans 70% ; cependant, un nombre significatif d'hommes d\u00e9clarent \u00e9galement les pratiquer dans 63%, ce qui est compr\u00e9hensible si l'on consid\u00e8re que la plupart des personnes interrog\u00e9es dans notre enqu\u00eate ont d\u00e9clar\u00e9 \u00eatre ou avoir \u00e9t\u00e9 dans une relation dans laquelle le revenu \u00e9tait partag\u00e9 de mani\u00e8re \u00e9gale avec leur partenaire (37%) ; Cela pourrait conduire, m\u00eame si ce n'est pas enti\u00e8rement le cas, \u00e0 des relations de couple de plus en plus \u00e9quitables dans d'autres domaines -comme le partage des t\u00e2ches domestiques-, comme le soulignent certains auteurs (Aldana-Castro, Burgos-D\u00e1vila et Rocha S\u00e1nchez, 2018 ; Esquila et al., 2015 ; Rojas, 2010). De m\u00eame, ce pourcentage chez les hommes pourrait indiquer une augmentation de la coresponsabilit\u00e9 masculine dans le travail domestique, qui a \u00e9t\u00e9 si n\u00e9cessaire et de plus en plus \u00e9vidente dans le contexte de l'enfermement pand\u00e9mique. cet \u00e9gard, C\u00f3rdoba et Ibarra (2020) soulignent que certains hommes ont commenc\u00e9 \u00e0 s'impliquer dans le travail domestique et les soins aux enfants depuis l'enfermement, et que cela s'est poursuivi pour certains hommes qui le faisaient auparavant. Cependant, la r\u00e9ponse est rest\u00e9e la m\u00eame et a \u00e9t\u00e9 plus \u00e9lev\u00e9e pour les hommes (33%) que pour les femmes (25%), ce qui montre que, dans certains cas, l'ex\u00e9cution des activit\u00e9s domestiques conform\u00e9ment \u00e0 la division sexuelle n'a pas chang\u00e9 et qu'elles continuent d'\u00eatre effectu\u00e9es principalement par les femmes, comme l'a d\u00e9j\u00e0 soulign\u00e9 l'enqu\u00eate nationale sur l'utilisation du temps.<a class=\"anota\" id=\"anota6\" data-footnote=\"6\">6<\/a> (<span class=\"small-caps\">inegi<\/span>, 2019).<\/p>\n\n\n\n<div class=\"image-slider\">\n                <div class=\"frame\">\n                    <div class=\"picture\" itemscope itemtype=\"http:\/\/schema.org\/ImageGallery\">\n                        <figure itemprop=\"associatedMedia\" itemscope itemtype=\"http:\/\/schema.org\/ImageObject\" class=\"slider-element\">\n                              <a href=\"https:\/\/archive.org\/download\/vol5num9-multimedia\/enriquez-cuevas-castillo-conyugalidad-genero-covid-guadalajara-colima-imagen-3.webp\" itemprop=\"contentUrl\" data-size=\"1052x731\" data-index=\"0\" data-caption=\"Gr\u00e1fica 3. Fuente: Elaboraci\u00f3n propia con base en los datos de la investigaci\u00f3n.\" >\n                                <img decoding=\"async\" src=\"https:\/\/archive.org\/download\/vol5num9-multimedia\/enriquez-cuevas-castillo-conyugalidad-genero-covid-guadalajara-colima-imagen-3.webp\" itemprop=\"thumbnail\">\n                                <i class=\"fa fa-expand expand\" aria-hidden=\"true\"><\/i>\n                            <\/a>\n                            <\/figure>                    <\/div>    \n                <\/div>\n                    <div class=\"caption\">Graphique 3 : \u00c9laboration propre sur la base de donn\u00e9es de recherche.<\/div><div class=\"image-analysis\"><\/div>                <div class=\"bullets\"><\/div>\n            <\/div>\n\n\n\n<p>Toutefois, si l'on examine la situation par ville, on constate que les femmes originaires des <span class=\"small-caps\">amg<\/span> ont d\u00e9clar\u00e9 un pourcentage plus \u00e9lev\u00e9 d'augmentation de ces activit\u00e9s dans 75% par rapport aux femmes du groupe t\u00e9moin. <span class=\"small-caps\">zmc<\/span>qui avaient 50%. Bien que cela puisse indiquer que les femmes de l'\u00e9tude <span class=\"small-caps\">zmc<\/span> Dans ce domaine, les femmes ont obtenu des pourcentages plus \u00e9lev\u00e9s dans les options sont rest\u00e9es les m\u00eames (34% contre 23% des femmes dans l'option de l'ann\u00e9e pr\u00e9c\u00e9dente). <span class=\"small-caps\">amg<\/span>) et sans objet (14% vs. 0% des femmes de l'\u00e9tude <span class=\"small-caps\">amg<\/span>), ce qui pourrait indiquer que certaines femmes interrog\u00e9es dans le cadre de l <span class=\"small-caps\">zmc<\/span> Soit elles effectuaient d\u00e9j\u00e0 plus d'activit\u00e9s domestiques et n'ont donc pas identifi\u00e9 de changement significatif dans leur augmentation, soit certaines d'entre elles effectuent ces activit\u00e9s moins directement et celles-ci sont tr\u00e8s probablement d\u00e9l\u00e9gu\u00e9es \u00e0 d'autres femmes de la famille ou \u00e0 une employ\u00e9e de maison. Cependant, quel que soit le sc\u00e9nario, ces situations ne les dispensent pas de contr\u00f4ler l'ex\u00e9cution de ces activit\u00e9s.<\/p>\n\n\n\n<p>Ceci est encore plus compr\u00e9hensible si l'on examine les diff\u00e9rences dans les pourcentages d'activit\u00e9s m\u00e9nag\u00e8res en fonction de l'\u00e9tat matrimonial, qui montrent globalement qu'ils ont augment\u00e9 pour toutes les personnes, quel que soit l'\u00e9tat matrimonial. Cependant, cette augmentation est encore plus forte pour les personnes mari\u00e9es (72%) et plus faible pour les personnes s\u00e9par\u00e9es (45%), ce qui montre des arrangements plus traditionnels parmi les personnes qui ont un partenaire l\u00e9gal et une diminution de cette situation parmi les personnes qui ont rompu un partenariat non l\u00e9gal ou qui ne sont pas encore divorc\u00e9es.<\/p>\n\n\n\n<p>Dans les villes, en revanche, il convient de noter que, dans les pays de l <span class=\"small-caps\">amg<\/span> Les femmes divorc\u00e9es, avec 82%, ont enregistr\u00e9 le plus fort pourcentage d'augmentation des activit\u00e9s m\u00e9nag\u00e8res et, \u00e0 l'inverse, une augmentation plus faible chez les femmes s\u00e9par\u00e9es (44%). Et dans les <span class=\"small-caps\">zmc<\/span>En ce qui concerne l'\u00e9tat civil, les personnes mari\u00e9es (55%) ont d\u00e9clar\u00e9 la plus forte augmentation, tandis que les c\u00e9libataires ont d\u00e9clar\u00e9 la plus faible augmentation (20%). Ainsi, la variable de l'\u00e9tat matrimonial (voir graphique 4), m\u00eame avec ses diff\u00e9rences entre les deux villes, a enregistr\u00e9 une augmentation plus importante chez les personnes ayant un partenaire et celles dont la relation a \u00e9t\u00e9 dissoute par des liens juridiques\/religieux ou par la mort, contrairement aux personnes s\u00e9par\u00e9es et c\u00e9libataires, ce qui pourrait sugg\u00e9rer que chez les personnes non mari\u00e9es ou celles qui se sont unies sans liens juridiques ou religieux, il y a une distribution plus \u00e9gale des activit\u00e9s domestiques, comme certains auteurs le mentionnent \u00e9galement (Rodriguez, 2008 ; Gonz\u00e1lez et Jurado-Guerrero, 2009 ; Ajenjo et Garc\u00eda, 2014) et comme mentionn\u00e9 ci-dessus.<\/p>\n\n\n\n<div class=\"image-slider\">\n                <div class=\"frame\">\n                    <div class=\"picture\" itemscope itemtype=\"http:\/\/schema.org\/ImageGallery\">\n                        <figure itemprop=\"associatedMedia\" itemscope itemtype=\"http:\/\/schema.org\/ImageObject\" class=\"slider-element\">\n                              <a href=\"https:\/\/archive.org\/download\/vol5num9-multimedia\/enriquez-cuevas-castillo-conyugalidad-genero-covid-guadalajara-colima-imagen-4.webp\" itemprop=\"contentUrl\" data-size=\"1039x762\" data-index=\"0\" data-caption=\"Gr\u00e1fica 4. Fuente: Elaboraci\u00f3n propia con base en los datos de la investigaci\u00f3n.\" >\n                                <img decoding=\"async\" src=\"https:\/\/archive.org\/download\/vol5num9-multimedia\/enriquez-cuevas-castillo-conyugalidad-genero-covid-guadalajara-colima-imagen-4.webp\" itemprop=\"thumbnail\">\n                                <i class=\"fa fa-expand expand\" aria-hidden=\"true\"><\/i>\n                            <\/a>\n                            <\/figure>                    <\/div>    \n                <\/div>\n                    <div class=\"caption\">Graphique 4 : \u00c9laboration propre sur la base de donn\u00e9es de recherche.<\/div><div class=\"image-analysis\"><\/div>                <div class=\"bullets\"><\/div>\n            <\/div>\n\n\n\n<p>En ce qui concerne la variable temps de la relation (voir graphique 5), les donn\u00e9es de l'enqu\u00eate de la <span class=\"small-caps\">amg<\/span> montrent une tendance similaire \u00e0 l'augmentation des activit\u00e9s m\u00e9nag\u00e8res, tant pour les couples en couple depuis plus de 10 ans (76%) que pour les couples en couple depuis moins de 10 ans (69%). Toutefois, cette tendance n'est pas la m\u00eame pour les couples dont la relation a dur\u00e9 moins de 10 ans. <span class=\"small-caps\">zmc<\/span>Dans ce dernier cas, la diff\u00e9rence entre les pourcentages des deux groupes est plus importante ; ainsi, pour les personnes en couple depuis moins de 10 ans, le pourcentage d'augmentation des activit\u00e9s domestiques est de 50% (contre 36% pour les personnes en couple depuis plus de 10 ans). Ces diff\u00e9rences de pourcentages dans chaque ville soulignent le fait que, dans les pays de l <span class=\"small-caps\">amg<\/span> les conditions d'exercice des activit\u00e9s domestiques sont plus \u00e9gales dans les deux types de couples, quelle que soit la dur\u00e9e de la relation, contrairement \u00e0 ce qui se passe dans les pays de l'Union europ\u00e9enne. <span class=\"small-caps\">zmc<\/span> D'apr\u00e8s les donn\u00e9es, les couples qui sont ensemble depuis moins longtemps montrent qu'au d\u00e9but de la relation, ils ont \u00e9t\u00e9 guid\u00e9s par une r\u00e9partition des activit\u00e9s domestiques conforme aux r\u00f4les traditionnels des hommes et des femmes, une situation qui change au fur et \u00e0 mesure que les ann\u00e9es de la relation augmentent, ce qui pourrait \u00e9galement indiquer un positionnement qui tend vers une r\u00e9partition plus \u00e9quitable de ces activit\u00e9s au fur et \u00e0 mesure que les couples se stabilisent dans le temps et font face aux besoins quotidiens qui les am\u00e8nent \u00e0 faire des ajustements dans ce domaine.<\/p>\n\n\n\n<div class=\"image-slider\">\n                <div class=\"frame\">\n                    <div class=\"picture\" itemscope itemtype=\"http:\/\/schema.org\/ImageGallery\">\n                        <figure itemprop=\"associatedMedia\" itemscope itemtype=\"http:\/\/schema.org\/ImageObject\" class=\"slider-element\">\n                              <a href=\"https:\/\/archive.org\/download\/vol5num9-multimedia\/enriquez-cuevas-castillo-conyugalidad-genero-covid-guadalajara-colima-imagen-5.webp\" itemprop=\"contentUrl\" data-size=\"1228x900\" data-index=\"0\" data-caption=\"Gr\u00e1fica 5. Fuente: Elaboraci\u00f3n propia con base en los datos de la investigaci\u00f3n.\" >\n                                <img decoding=\"async\" src=\"https:\/\/archive.org\/download\/vol5num9-multimedia\/enriquez-cuevas-castillo-conyugalidad-genero-covid-guadalajara-colima-imagen-5.webp\" itemprop=\"thumbnail\">\n                                <i class=\"fa fa-expand expand\" aria-hidden=\"true\"><\/i>\n                            <\/a>\n                            <\/figure>                    <\/div>    \n                <\/div>\n                    <div class=\"caption\">Graphique 5 : \u00c9laboration propre sur la base de donn\u00e9es de recherche.<\/div><div class=\"image-analysis\"><\/div>                <div class=\"bullets\"><\/div>\n            <\/div>\n\n\n\n<h2 class=\"wp-block-heading\">Soins mutuels en p\u00e9riode de covid-19 dans la GMA et la MCZ<\/h2>\n\n\n\n<p class=\"abstract\">L'axe des soins mutuels dans les relations de couple en temps de pand\u00e9mie a \u00e9t\u00e9 abord\u00e9 dans ses diff\u00e9rentes dimensions : mat\u00e9rielle (ressources financi\u00e8res), \u00e9motionnelle, sanitaire et spirituelle. En ce qui concerne les soins li\u00e9s aux ressources \u00e9conomiques et mat\u00e9rielles accord\u00e9es au partenaire, compte tenu du sexe des personnes interrog\u00e9es, les r\u00e9sultats montrent qu'il existe une nette diff\u00e9rence d'opinion. Pour les femmes, tant dans la <span class=\"small-caps\">amg<\/span> comme dans le <span class=\"small-caps\">zmc<\/span>Pour les femmes, les pourcentages sont \u00e9lev\u00e9s en ce qui concerne le fait de ne pas \u00eatre des pourvoyeurs pour leur partenaire et d'\u00eatre rest\u00e9es les m\u00eames, quelle que soit leur profession. En revanche, chez les hommes, les opinions se concentrent sur l'option de rester le m\u00eame, les hommes \u00e9tant les principaux pourvoyeurs. Cette deuxi\u00e8me tendance est partag\u00e9e par les personnes mari\u00e9es, hommes et femmes, quel que soit leur lieu de r\u00e9sidence, puisque la r\u00e9ponse la plus fr\u00e9quente est que la situation de pourvoyeur de ressources \u00e0 leur partenaire reste la m\u00eame (voir figure 6). Les donn\u00e9es montrent un style traditionnel de fourniture \u00e9conomique attribu\u00e9 principalement \u00e0 l'homme ; selon Tronto (1993), cela entretient une \"irresponsabilit\u00e9 privil\u00e9gi\u00e9e\" de la part des hommes, qui se concentre sur les soins (\u00e9conomiques) et non sur ce que Fraga (2018) appelle les soins directs.<\/p>\n\n\n\n<div class=\"image-slider\">\n                <div class=\"frame\">\n                    <div class=\"picture\" itemscope itemtype=\"http:\/\/schema.org\/ImageGallery\">\n                        <figure itemprop=\"associatedMedia\" itemscope itemtype=\"http:\/\/schema.org\/ImageObject\" class=\"slider-element\">\n                              <a href=\"https:\/\/archive.org\/download\/vol5num9-multimedia\/enriquez-cuevas-castillo-conyugalidad-genero-covid-guadalajara-colima-imagen-6.webp\" itemprop=\"contentUrl\" data-size=\"1657x768\" data-index=\"0\" data-caption=\"Gr\u00e1fica 6. Fuente: Elaboraci\u00f3n propia con base en los datos de la investigaci\u00f3n.\" >\n                                <img decoding=\"async\" src=\"https:\/\/archive.org\/download\/vol5num9-multimedia\/enriquez-cuevas-castillo-conyugalidad-genero-covid-guadalajara-colima-imagen-6.webp\" itemprop=\"thumbnail\">\n                                <i class=\"fa fa-expand expand\" aria-hidden=\"true\"><\/i>\n                            <\/a>\n                            <\/figure>                    <\/div>    \n                <\/div>\n                    <div class=\"caption\">Graphique 6 : \u00c9laboration propre sur la base de donn\u00e9es de recherche.<\/div><div class=\"image-analysis\"><\/div>                <div class=\"bullets\"><\/div>\n            <\/div>\n\n\n\n<p>En ce qui concerne les soins relatifs \u00e0 l'accompagnement \u00e9motionnel du partenaire, les r\u00e9sultats montrent, lorsque l'on croise les groupes d'\u00e2ge, que ce type de soins a augment\u00e9 dans tous les groupes et au-del\u00e0 de 45% pour les personnes \u00e2g\u00e9es de 15 \u00e0 64 ans, et de 45% pour les personnes \u00e2g\u00e9es de 15 \u00e0 64 ans. <span class=\"small-caps\">amg<\/span>. Dans le cas de la <span class=\"small-caps\">zmc<\/span> Le groupe d'\u00e2ge des 18-37 ans se distingue en signalant que ce type de soins a augment\u00e9 de 56%. Ces r\u00e9sultats mettent en \u00e9vidence la fa\u00e7on dont l'enfermement a min\u00e9 l'univers intime, relationnel et affectif des couples. Les jeunes couples sont particuli\u00e8rement sensibles \u00e0 ces formes de solidarit\u00e9 qui d\u00e9passent le cadre des r\u00e9ciprocit\u00e9s mat\u00e9rielles, instrumentales et \u00e9conomiques. Cependant, l'octroi de ce type de soutien est ancr\u00e9 dans la sph\u00e8re des relations familiales et peut les conduire \u00e0 l'\u00e9puisement, comme le rappellent plusieurs publications abordant les formes d'organisation sociale des soins en Am\u00e9rique latine (<span class=\"small-caps\">cepal<\/span>2020a ; 2020c ; Batthy\u00e1ny, 2020).<\/p>\n\n\n\n<p>L'accompagnement \u00e9motionnel des femmes aupr\u00e8s de leurs partenaires dans la <span class=\"small-caps\">amg<\/span> Les proportions de ceux qui consid\u00e8rent qu'il y a eu une augmentation li\u00e9e \u00e0 ces soins sont proches ; quel que soit leur statut marital, cette augmentation est consid\u00e9rable : elle commence \u00e0 43% chez les personnes mari\u00e9es et divorc\u00e9es et atteint 52% chez les c\u00e9libataires. D'autre part, il y a une variation lorsqu'elles expriment que les circonstances sont rest\u00e9es les m\u00eames, qu'elles ont diminu\u00e9 ou qu'elles n'ont pas effectu\u00e9 ces soins. D'autre part, les femmes du groupe <span class=\"small-caps\">zmc<\/span> montrent des proportions plus \u00e9lev\u00e9es de soins accrus chez les personnes divorc\u00e9es et c\u00e9libataires, respectivement 65% et 50%.<\/p>\n\n\n\n<p>Dans le cas des hommes, tant au niveau de la <span class=\"small-caps\">amg<\/span> comme dans le <span class=\"small-caps\">zmc<\/span> il y a une plus grande diversit\u00e9 dans les proportions de ceux qui disent qu'il y a eu une augmentation du soutien \u00e9motionnel pour leur partenaire. En g\u00e9n\u00e9ral, les r\u00e9ponses les plus constantes sont l'augmentation et la permanence des circonstances du soutien \u00e9motionnel au partenaire. Les r\u00e9ponses suivantes se distinguent pour le <span class=\"small-caps\">amg<\/span> divorc\u00e9s (71%) et non mari\u00e9s (60%). Dans le cas des <span class=\"small-caps\">zmc<\/span>le pourcentage le plus \u00e9lev\u00e9 est celui des c\u00e9libataires avec 67%. Les donn\u00e9es montrent l'importance d'\u00e9tudier les soins affectifs (Fraga, 2018 ; Zelizer, 2009), qui n'ont pas \u00e9t\u00e9 suffisamment \u00e9tudi\u00e9s dans les \u00e9tudes, et qui acqui\u00e8rent une importance particuli\u00e8re face \u00e0 une contingence telle que celle \u00e0 laquelle la soci\u00e9t\u00e9 dans son ensemble est confront\u00e9e. Tant les femmes que les hommes ont renforc\u00e9 leur soutien affectif \u00e0 leur partenaire, ce qui peut \u00eatre \u00e9troitement li\u00e9 \u00e0 la dimension morale des soins (Tronto, 1993).<\/p>\n\n\n\n<p>Lorsque l'on s'interroge sur les soins \u00e9motionnels re\u00e7us par le partenaire et que l'on tient compte du sexe, de l'\u00e9tat matrimonial et de la zone g\u00e9ographique, on observe \u00e0 nouveau une augmentation g\u00e9n\u00e9rale dans les deux domaines. Bien que les pourcentages soient proches, il est possible de noter la pr\u00e9sence d'un soutien \u00e9motionnel du point de vue des femmes, non seulement parmi les femmes mari\u00e9es, mais aussi parmi les femmes divorc\u00e9es et c\u00e9libataires (dans le cas de l'enqu\u00eate sur les femmes \u00e2g\u00e9es de 15 ans et plus). <span class=\"small-caps\">amg<\/span>) et ceux qui sont divorc\u00e9s et s\u00e9par\u00e9s (pour les <span class=\"small-caps\">zmc<\/span>). Un comportement similaire dans les donn\u00e9es peut \u00eatre observ\u00e9 dans la perception des hommes. Les r\u00e9sultats soulignent la pertinence des soins \u00e9motionnels (Franco, 2015) et leur pr\u00e9sence croissante en p\u00e9riode de confinement dans les diff\u00e9rents types d'arrangements de couple. Les informations nous am\u00e8nent \u00e0 sugg\u00e9rer que les liens sont sensibles\/empathiques, en termes d'appr\u00e9ciation subjective, aux appels au soutien et \u00e0 l'accueil \u00e9motionnel face \u00e0 des moments in\u00e9dits tels que ceux v\u00e9cus lors de la pand\u00e9mie de covid-19 (voir graphique 7).<\/p>\n\n\n\n<div class=\"image-slider\">\n                <div class=\"frame\">\n                    <div class=\"picture\" itemscope itemtype=\"http:\/\/schema.org\/ImageGallery\">\n                        <figure itemprop=\"associatedMedia\" itemscope itemtype=\"http:\/\/schema.org\/ImageObject\" class=\"slider-element\">\n                              <a href=\"https:\/\/archive.org\/download\/vol5num9-multimedia\/enriquez-cuevas-castillo-conyugalidad-genero-covid-guadalajara-colima-imagen-7.webp\" itemprop=\"contentUrl\" data-size=\"1659x877\" data-index=\"0\" data-caption=\"Gr\u00e1fica 7. Fuente: Elaboraci\u00f3n propia con base en los datos de la investigaci\u00f3n.\" >\n                                <img decoding=\"async\" src=\"https:\/\/archive.org\/download\/vol5num9-multimedia\/enriquez-cuevas-castillo-conyugalidad-genero-covid-guadalajara-colima-imagen-7.webp\" itemprop=\"thumbnail\">\n                                <i class=\"fa fa-expand expand\" aria-hidden=\"true\"><\/i>\n                            <\/a>\n                            <\/figure>                    <\/div>    \n                <\/div>\n                    <div class=\"caption\">Graphique 7. Source : \u00c9laboration propre sur la base de donn\u00e9es de recherche.<\/div><div class=\"image-analysis\"><\/div>                <div class=\"bullets\"><\/div>\n            <\/div>\n\n\n\n<p>En ce qui concerne les soins de sant\u00e9 prodigu\u00e9s aux partenaires, on constate une augmentation d'environ 20% de la part des femmes et des hommes mari\u00e9s \u00e0 l'\u00e9gard de leurs partenaires. Le pourcentage le plus \u00e9lev\u00e9 d'hommes et de femmes non mari\u00e9s d\u00e9clare ne pas fournir ce type de soins (voir graphique 6). Les r\u00e9sultats sont li\u00e9s \u00e0 la co-r\u00e9sidence pour cette forme d'\u00e9change de soins de sant\u00e9. Ce r\u00e9sultat confirme ce qui a \u00e9t\u00e9 soulign\u00e9 \u00e0 propos de l'\u00e9ventuelle plus grande stabilit\u00e9 des personnes mari\u00e9es qui vivaient sous le m\u00eame toit. Il est \u00e9galement int\u00e9ressant de comparer ces donn\u00e9es avec les donn\u00e9es susmentionn\u00e9es sur les soins en termes de ressources mat\u00e9rielles\/\u00e9conomiques. Comme le note Zelizer (2009), les relations en mati\u00e8re de soins de sant\u00e9 sont li\u00e9es aux relations \u00e9conomiques au sein des familles, et alors que la fourniture de ressources \u00e9conomiques est rest\u00e9e la m\u00eame avec une pr\u00e9dominance masculine en tant qu'exp\u00e9diteur, la fourniture d'un soutien en mati\u00e8re de sant\u00e9 montre une l\u00e9g\u00e8re augmentation pour les deux sexes. Les r\u00e9sultats sont similaires dans le cas des soins de sant\u00e9 re\u00e7us.<\/p>\n\n\n\n<p>En ce qui concerne les soins spirituels apport\u00e9s au partenaire, l'augmentation la plus importante a \u00e9t\u00e9 observ\u00e9e chez les femmes s\u00e9par\u00e9es (50%) au cours de la p\u00e9riode de r\u00e9f\u00e9rence. <span class=\"small-caps\">zmc<\/span>et, pour les hommes, les divorc\u00e9s (57%) et les cohabitants (49%) de l'Union europ\u00e9enne. <span class=\"small-caps\">amg<\/span> et des c\u00e9libataires (44%) de la <span class=\"small-caps\">zmc<\/span>. Des pourcentages l\u00e9g\u00e8rement plus \u00e9lev\u00e9s sont pr\u00e9sents dans les partenariats alternatifs au mariage. Les r\u00e9sultats soulignent la pertinence de l'\u00e9tude des relations de couple au-del\u00e0 des liens formels et attirent \u00e9galement l'attention sur la mani\u00e8re dont ce type d'\u00e9change est propos\u00e9 dans des contextes d'existence in\u00e9dits, en raison de la situation de contingence de covid-19.<\/p>\n\n\n\n<p>Si l'on prend en compte les groupes d'\u00e2ge, il est int\u00e9ressant de noter que le nombre d'enfants de moins de 18 ans est inf\u00e9rieur \u00e0 celui des enfants de moins de 18 ans. <span class=\"small-caps\">zmc<\/span>Le soutien spirituel apport\u00e9 aux personnes \u00e2g\u00e9es de plus de 58 ans est sup\u00e9rieur de pr\u00e8s de 30 points de pourcentage \u00e0 celui apport\u00e9 aux personnes \u00e2g\u00e9es de plus de 58 ans et de pr\u00e8s de 30 points de pourcentage \u00e0 celui apport\u00e9 aux personnes \u00e2g\u00e9es de plus de 58 ans. <span class=\"small-caps\">amg<\/span> (46% et 17% respectivement ; voir graphique 8). Ces r\u00e9sultats sont li\u00e9s \u00e0 une pratique spirituelle plus pr\u00e9sente dans l'espace de libert\u00e9 et de s\u00e9curit\u00e9 de l'Union europ\u00e9enne. <span class=\"small-caps\">zmc<\/span> qui se caract\u00e9rise par une culture plus conservatrice en ce qui concerne la <span class=\"small-caps\">amg<\/span>.<\/p>\n\n\n\n<div class=\"image-slider\">\n                <div class=\"frame\">\n                    <div class=\"picture\" itemscope itemtype=\"http:\/\/schema.org\/ImageGallery\">\n                        <figure itemprop=\"associatedMedia\" itemscope itemtype=\"http:\/\/schema.org\/ImageObject\" class=\"slider-element\">\n                              <a href=\"https:\/\/archive.org\/download\/vol5num9-multimedia\/enriquez-cuevas-castillo-conyugalidad-genero-covid-guadalajara-colima-imagen-8.webp\" itemprop=\"contentUrl\" data-size=\"1068x939\" data-index=\"0\" data-caption=\"Gr\u00e1fica 8. Fuente: Elaboraci\u00f3n propia con base en los datos de la investigaci\u00f3n.\" >\n                                <img decoding=\"async\" src=\"https:\/\/archive.org\/download\/vol5num9-multimedia\/enriquez-cuevas-castillo-conyugalidad-genero-covid-guadalajara-colima-imagen-8.webp\" itemprop=\"thumbnail\">\n                                <i class=\"fa fa-expand expand\" aria-hidden=\"true\"><\/i>\n                            <\/a>\n                            <\/figure>                    <\/div>    \n                <\/div>\n                    <div class=\"caption\">Graphique 8 : \u00c9laboration propre sur la base de donn\u00e9es de recherche.<\/div><div class=\"image-analysis\"><\/div>                <div class=\"bullets\"><\/div>\n            <\/div>\n\n\n\n<p>En ce qui concerne la r\u00e9ciprocit\u00e9 des soins entre partenaires, sur une \u00e9chelle de 1 \u00e0 10 et en tenant compte de toutes les variables : sexe, \u00e9tat civil, groupes d'\u00e2ge, dur\u00e9e de la relation, profession, revenu, scolarit\u00e9, pr\u00e9sence ou non d'enfants, la moyenne tend vers 7,5, ce qui nous am\u00e8ne \u00e0 consid\u00e9rer qu'il existe une \u00e9valuation suffisamment bonne sur ce point. Elle met \u00e9galement en garde contre la n\u00e9cessit\u00e9 d'aborder l'\u00e9quit\u00e9 dans les soins \u00e0 partir d'approches qualitatives qui nous rapprochent des multiples r\u00e9cits que les femmes et les hommes \u00e9laborent et, \u00e0 partir de l\u00e0, d'approfondir l'analyse en fonction de chacun des types de soins.<\/p>\n\n\n\n<p>L'\u00e9quit\u00e9 des soins dans la sph\u00e8re du couple ne peut \u00eatre abord\u00e9e sans tenir compte de la surcharge de soins que les femmes ont eue \u00e0 leur domicile, que diverses sources signalent comme une constante dans le contexte de la pand\u00e9mie dans la r\u00e9gion latino-am\u00e9ricaine, comme nous l'avons vu dans les sections pr\u00e9c\u00e9dentes de ce texte. La coresponsabilit\u00e9 en mati\u00e8re de soins, tant dans le micro-espace des relations de couple et de famille que dans le macro-espace impliquant l'\u00c9tat, le march\u00e9, les familles et les communaut\u00e9s, est un aspect central pour la configuration d'un nouveau pacte social et le respect des droits li\u00e9s aux soins (<span class=\"small-caps\">cepal<\/span>2020a ; 2020c).<\/p>\n\n\n\n<h2 class=\"wp-block-heading\">Conclusions<\/h2>\n\n\n\n<p class=\"abstract\">La pand\u00e9mie a exerc\u00e9 sur l'\u00e9chantillon interrog\u00e9 une forte pression qui a brusquement et intens\u00e9ment transform\u00e9 divers aspects de leur intimit\u00e9. Elle a modifi\u00e9 non seulement les habitudes individuelles, mais aussi les habitudes familiales et sociales. Au milieu de tout cela, trois constats se d\u00e9gagent : la plus grande stabilit\u00e9 et le sentiment de bien-\u00eatre des hommes et des femmes mari\u00e9s, l'impact plus important de la pand\u00e9mie dans la population non mari\u00e9e et plus jeune, en particulier chez les femmes non mari\u00e9es, et l'impact plus important de la pand\u00e9mie dans la population non mari\u00e9e et plus jeune, en particulier chez les femmes non mari\u00e9es, et l'impact plus important de la pand\u00e9mie chez les femmes non mari\u00e9es. <span class=\"small-caps\">zmc<\/span> (2020) - comme l'ont \u00e9galement constat\u00e9 Rodriguez et Rodriguez (2020) -, et que le manque de communication, le manque d'amour, le manque d'int\u00e9r\u00eats et d'objectifs communs \u00e9taient les raisons possibles d'un divorce ou d'une rupture avec le partenaire. En ce qui concerne le premier point, les hommes et les femmes mari\u00e9s des deux zones d'\u00e9tude constituent le groupe qui fait preuve de la plus grande stabilit\u00e9 et de la plus grande intention de rester ensemble, quelle que soit la source du conflit. Cette constatation co\u00efncide avec celle de l'\u00e9tude <span class=\"small-caps\">inegi<\/span> (2014, 2015, 2016 et 2017) au Mexique et par Beric\u00e1t (2018) en Espagne sur le sentiment de bien-\u00eatre plus \u00e9lev\u00e9 des personnes mari\u00e9es. Dans ce dernier cas, les donn\u00e9es ont montr\u00e9 que la population c\u00e9libataire et plus jeune de l'Union europ\u00e9enne avait un sentiment de bien-\u00eatre plus \u00e9lev\u00e9 chez les personnes mari\u00e9es que chez les personnes non mari\u00e9es. <span class=\"small-caps\">zmc<\/span> a tiss\u00e9 des relations de partenariat plus conventionnelles que celles de la <span class=\"small-caps\">amg<\/span>Dans le troisi\u00e8me cas, il \u00e9tait tr\u00e8s int\u00e9ressant de constater que, malgr\u00e9 les diff\u00e9rences dans les pourcentages d'hommes et de femmes donnant les raisons d'un \u00e9ventuel divorce ou d'une s\u00e9paration, la communication avec les partenaires, le partage des int\u00e9r\u00eats et des objectifs, et la pratique d'activit\u00e9s ensemble \u00e9taient tr\u00e8s int\u00e9ressants, de m\u00eame que l'impact de la pand\u00e9mie sur les aspects centraux de leur intimit\u00e9. En ce qui concerne le troisi\u00e8me point, il \u00e9tait tr\u00e8s int\u00e9ressant de constater que, malgr\u00e9 les diff\u00e9rences dans les pourcentages que les hommes et les femmes attribuaient aux raisons d'un \u00e9ventuel divorce ou d'une s\u00e9paration, la communication avec le partenaire, le partage des int\u00e9r\u00eats et des objectifs, et la pratique d'activit\u00e9s ensemble \u00e9taient des \u00e9l\u00e9ments cl\u00e9s dans leur \u00e9valuation des conflits qu'ils avaient v\u00e9cus pendant l'enfermement. En d'autres termes, la pand\u00e9mie les a confront\u00e9s \u00e0 des habitudes et des pratiques individuelles qui entraient en conflit avec les besoins de temps et d'attention du couple.<\/p>\n\n\n\n<p>D'une part, la r\u00e9partition du travail domestique entre les femmes et les hommes s'efforce d'\u00eatre de plus en plus \u00e9quitable et, d'autre part, elle a \u00e9t\u00e9 renforc\u00e9e par les besoins \u00e9mergents et in\u00e9vitables engendr\u00e9s par la pand\u00e9mie elle-m\u00eame, ce qui a g\u00e9n\u00e9r\u00e9 une surcharge importante d'activit\u00e9s domestiques et de soins pour les femmes. Ces ajustements sont v\u00e9cus dans un contexte qui provoque des incertitudes et des demandes quotidiennes d'activit\u00e9s et de comportements sans pr\u00e9c\u00e9dent, et dans le cas des personnes qui ont des enfants, la surcharge de travail domestique et de soins est souvent combin\u00e9e avec le travail \u00e0 distance, ainsi qu'avec le soutien et le suivi de l'\u00e9ducation \u00e0 domicile pour les jeunes enfants. Ainsi, ces processus d'ajustement sont confront\u00e9s dans les deux villes, bien qu'il soit \u00e9vident que la r\u00e9partition des activit\u00e9s domestiques est principalement impr\u00e9gn\u00e9e par les r\u00f4les traditionnels des hommes et des femmes dans les villes de l'Union europ\u00e9enne. <span class=\"small-caps\">zmc<\/span> que dans les <span class=\"small-caps\">amg<\/span>Cela montre \u00e9galement des diff\u00e9rences dans les aper\u00e7us de changement dans la r\u00e9flexion et l'exp\u00e9rience que les hommes et les femmes ont de l'\u00e9galit\u00e9 dans la relation de couple dans ces r\u00e9gions m\u00e9tropolitaines.<\/p>\n\n\n\n<p>De m\u00eame, les soins mutuels dans les relations de couple en p\u00e9riode d'enfermement ont \u00e9t\u00e9 peu \u00e9tudi\u00e9s et n\u00e9cessitent une attention particuli\u00e8re. Les \u00e9tudes sur la prestation de soins mettent en garde contre les processus de f\u00e9minisation et de pr\u00e9carisation de la prestation de soins et se concentrent sur les soins aux enfants, aux personnes handicap\u00e9es et aux personnes \u00e2g\u00e9es. Cependant, les soins donn\u00e9s et re\u00e7us entre partenaires, ainsi que l'\u00e9quit\u00e9 des charges de soins, ne sont pas suffisamment connus, et encore moins dans le contexte actuel de la pand\u00e9mie. Les soins prodigu\u00e9s par le couple sous la forme de ressources mat\u00e9rielles et \u00e9conomiques marquent la reproduction des r\u00f4les traditionnels des hommes et des femmes, dans lesquels les hommes sont les principaux pourvoyeurs \u00e9conomiques. Lorsqu'il s'agit de soins directs, li\u00e9s \u00e0 l'accompagnement \u00e9motionnel, sanitaire et spirituel, les r\u00f4les traditionnels des hommes et des femmes s'estompent et les deux partenaires participent, avec une pr\u00e9dominance f\u00e9minine, aux soins prodigu\u00e9s et re\u00e7us.<\/p>\n\n\n\n<p>La pand\u00e9mie de covid-19 met en \u00e9vidence l'exacerbation des t\u00e2ches de soins au sein des familles, en particulier pour les femmes, y compris les soins \u00e0 leurs partenaires, ainsi que le besoin urgent d'\u00e9voluer vers une coresponsabilit\u00e9 en mati\u00e8re de soins, tant au niveau de la famille que du couple (micro) et dans les relations \u00e9quitables entre l'\u00c9tat, le march\u00e9, les familles, les organisations de la soci\u00e9t\u00e9 civile et les communaut\u00e9s. Cette pand\u00e9mie doit \u00eatre consid\u00e9r\u00e9e et analys\u00e9e comme un signal d'alarme pour les soci\u00e9t\u00e9s contemporaines, en particulier au Mexique et dans les zones urbaines, sur les possibilit\u00e9s r\u00e9elles et les conditions non n\u00e9gociables d'une familialisation des soins qui n\u00e9cessite une \u00e9volution vers leur collectivisation.<\/p>\n\n\n\n<h3 class=\"wp-block-heading\">Bibliographie<\/h3>\n\n\n\n<p class=\"bibliography\" data-no-auto-translation=\"\">Ajenjo, Marc y Joan Garc\u00eda (2014). \u201cCambios en el uso del tiempo de las parejas \u00bfEstamos en el camino hacia una mayor igualdad?\u201d. Revista Internacional de Sociolog\u00eda, vol. 72, n\u00fam. 2, pp. 453-476. https:\/\/doi.org\/10.3989\/ris.2012.05.28<\/p>\n\n\n\n<p class=\"bibliography\" data-no-auto-translation=\"\">Aldana Castro, Mariana, C\u00e9sar Burgos D\u00e1vila y Tania Rocha S\u00e1nchez (2018). \u201cLa divisi\u00f3n sexual del trabajo reproductivo en M\u00e9xico: experiencias, pr\u00e1cticas y significados en parejas j\u00f3venes de doble ingreso\u201d. LAT Revista Latinoamericana del Trabajo, vol. 18, n\u00fam. 4, 1-33. Recuperado de https:\/\/www.academia.edu\/38397589\/La_divisi%C3%B3n_sexual_del_trabajo_reproductivo_en_Mexico_experiencias_pr%C3%A1cticas_y_significados_en_parejas_j%C3%B3venes_de_doble_ingreso.pdf, consultado el 10 de noviembre de 2021.<\/p>\n\n\n\n<p class=\"bibliography\" data-no-auto-translation=\"\">Alegre, Elisa et al. (2020). \u201cEmociones y relaciones en tiempos de la covid-19: una etnograf\u00eda digital en tiempos de crisis\u201d. Cadernos de Campo, vol. 29, pp. 204-215. https:\/\/doi.org\/10.11606\/issn.2316-9133.v29isuplp204-215<\/p>\n\n\n\n<p class=\"bibliography\" data-no-auto-translation=\"\">Batthy\u00e1ny, Karina (2020). \u201cLa pandemia evidencia y potencia la crisis de los cuidados. Pensar la pandemia\u201d. Observatorio Social del Coronavirus. Biblioteca en Acceso Abierto <span class=\"small-caps\">clacso<\/span>. Recuperado de http:\/\/biblioteca.clacso.edu.ar\/clacso\/se\/20200511063748\/1-Karina-Batthyany.pdf, consultado el 10 de noviembre de 2021.<\/p>\n\n\n\n<p class=\"bibliography\" data-no-auto-translation=\"\">Bericat, Eduardo (2018). Excluidos de la felicidad. La estratificaci\u00f3n social del bienestar emocional en Espa\u00f1a. Madrid: Centro de Investigaciones Sociol\u00f3gicas.<\/p>\n\n\n\n<p class=\"bibliography\" data-no-auto-translation=\"\">Comisi\u00f3n Econ\u00f3mica para Am\u00e9rica Latina y el Caribe (<span class=\"small-caps\">cepal<\/span>) (2020a, 2 de abril). La pandemia del covid-19 profundiza la crisis de los cuidados en Am\u00e9rica Latina y el Caribe. Recuperado de https:\/\/repositorio.cepal.org\/bitstream\/handle\/11362\/45335\/1\/S2000261_es.pdf, consultado el 10 de noviembre de 2021.<\/p>\n\n\n\n<p class=\"bibliography\" data-no-auto-translation=\"\">\u2014 (2020b, 3 de abril). Am\u00e9rica Latina y el Caribe ante la pandemia del covid-19. Efectos econ\u00f3micos y sociales. Informe Especial N\u00fam. 1 covid-19. Recuperado de https:\/\/repositorio.cepal.org\/bitstream\/handle\/11362\/45337\/4\/S2000264_es.pdf, consultado el 10 de noviembre de 2021.<\/p>\n\n\n\n<p class=\"bibliography\" data-no-auto-translation=\"\">\u2014 (2020c, 12 de mayo). El desaf\u00edo social en tiempos de covid-19. Informe Especial N\u00fam. 3 covid-19. Recuperado de https:\/\/repositorio.cepal.org\/bitstream\/handle\/11362\/45527\/5\/S2000325_es.pdf, consultado el 10 de noviembre de 2021.<\/p>\n\n\n\n<p class=\"bibliography\" data-no-auto-translation=\"\">C\u00f3rdoba, Mar\u00eda y Dar\u00edo Ibarra (2020). \u201c\u00bfVarones construyendo espacios de igualdad? Desaf\u00edos en contexto de confinamiento (covid-19)\u201d. Revista Punto G\u00e9nero, n\u00fam. 13, pp. 50-65. https:\/\/doi.org\/10.5354\/0719-0417.2020.58191<\/p>\n\n\n\n<p class=\"bibliography\" data-no-auto-translation=\"\">Esquila, Anirian, Susana Zarza, Gabriela Villafa\u00f1a y Hans van Barneveld (2015). \u201cLa identidad y el rol de g\u00e9nero en la relaci\u00f3n de pareja: un estudio generacional sobre la permanencia en el matrimonio\u201d. Revista Electr\u00f3nica de Psicolog\u00eda Iztacala, vol. 18, n\u00fam. 4, pp. 1507-1538. Recuperado de http:\/\/ojs.unam.mx\/index.php\/repi\/article\/view\/53442\/47533, consultado el 10 de noviembre de 2021.<\/p>\n\n\n\n<p class=\"bibliography\" data-no-auto-translation=\"\">Fondo de Poblaci\u00f3n de las Naciones Unidas (<span class=\"small-caps\">unfpa<\/span>) (2020, marzo). covid-19: Un enfoque de g\u00e9nero. Proteger la salud y los derechos sexuales y reproductivos y promover la igualdad de g\u00e9nero. Informe t\u00e9cnico. Recuperado de https:\/\/unfpa.org\/sites\/default\/files\/resource-pdf\/COVID-19_A_Gender_Lens_Guidance_Note.docx_en-US_es-MX.pdf, consultado el 10 de noviembre de 2021.<\/p>\n\n\n\n<p class=\"bibliography\" data-no-auto-translation=\"\">Fontana, Laura (2020). \u201cPandemia y rearticulaci\u00f3n de las relaciones sociales\u201d. Perif\u00e8ria, revista de recerca i formaci\u00f3 en antropologia, vol. 25, n\u00fam. 2, pp. 101-114. https:\/\/doi.org\/10.5565\/rev\/periferia.770<\/p>\n\n\n\n<p class=\"bibliography\" data-no-auto-translation=\"\">Fraga, Cecilia (2018). Cuidados y desigualdades en M\u00e9xico: una lectura conceptual. M\u00e9xico: oxfam M\u00e9xico.<\/p>\n\n\n\n<p class=\"bibliography\" data-no-auto-translation=\"\">Franco, Sandra. (2015). Trabajo de cuidados: debates y conceptualizaciones. Manizales: Universidad de Caldas.<\/p>\n\n\n\n<p class=\"bibliography\" data-no-auto-translation=\"\">Giddens, Anthony (1993). Consecuencias de la modernidad. Madrid: Alianza Editorial.<\/p>\n\n\n\n<p class=\"bibliography\" data-no-auto-translation=\"\">\u2014 (1998). La transformaci\u00f3n de la intimidad. Sexualidad, amor y erotismo en las sociedades modernas. Madrid: C\u00e1tedra y Teorema.<\/p>\n\n\n\n<p class=\"bibliography\" data-no-auto-translation=\"\">\u2014 (2000). Un mundo desbocado. Los efectos de la globalizaci\u00f3n en nuestras vidas. Madrid: Taurus.<\/p>\n\n\n\n<p class=\"bibliography\" data-no-auto-translation=\"\">Gim\u00e9nez, Gilberto (1999). \u201cTerritorio, cultura e identidad. La regi\u00f3n cultural\u201d. Estudios sobre las Culturas Contempor\u00e1neas, vol. 5, n\u00fam. 9, pp. 25-67.<\/p>\n\n\n\n<p class=\"bibliography\" data-no-auto-translation=\"\">Gonz\u00e1lez, Mar\u00eda y Teresa Jurado-Guerrero (2009). \u201c\u00bfCu\u00e1ndo se implican los hombres en las tareas dom\u00e9sticas? Un an\u00e1lisis de la Encuesta de Empleo del Tiempo\u201d. Panorama Social, pp. 65-81. Recuperado de http:\/\/e-spacio.uned.es\/fez\/view\/bibliuned:FAC-CPYS-Articulos-0001, consultado el 10 de noviembre de 2021.<\/p>\n\n\n\n<p class=\"bibliography\" data-no-auto-translation=\"\">Guevara, Elsa (2005). \u201cIntimidad y modernidad: precisiones conceptuales y su pertinencia para el caso de M\u00e9xico\u201d. Estudios sociol\u00f3gicos, vol. 23, n\u00fam. 69, pp. 857-877. Recuperado de https:\/\/dialnet.unirioja.es\/servlet\/articulo?codigo=6163961, consultado el 10 de noviembre de 2021.<\/p>\n\n\n\n<p class=\"bibliography\" data-no-auto-translation=\"\">Instituto Nacional de Estad\u00edstica y Geograf\u00eda (<span class=\"small-caps\">inegi<\/span>). (2014) Encuesta Nacional de Uso del Tiempo. M\u00e9xico: <span class=\"small-caps\">inegi<\/span>. Recuperado de https:\/\/www.ddeser.org\/wp-content\/uploads\/2016\/05\/ENUT-2004-Boleti%CC%81n.pdf, consultado el 3 de enero de 2020.<\/p>\n\n\n\n<p class=\"bibliography\" data-no-auto-translation=\"\">\u2014 (2014). Encuesta Nacional de los Hogares. M\u00e9xico: <span class=\"small-caps\">inegi<\/span>.<\/p>\n\n\n\n<p class=\"bibliography\" data-no-auto-translation=\"\">\u2014 (2015). Encuesta Nacional de los Hogares. M\u00e9xico <span class=\"small-caps\">inegi<\/span>.<\/p>\n\n\n\n<p class=\"bibliography\" data-no-auto-translation=\"\">\u2014 (2016). Encuesta Nacional de los Hogares. M\u00e9xico: <span class=\"small-caps\">inegi<\/span>.<\/p>\n\n\n\n<p class=\"bibliography\" data-no-auto-translation=\"\">\u2014 (2017). Encuesta Nacional de los Hogares. M\u00e9xico: <span class=\"small-caps\">inegi<\/span>.<\/p>\n\n\n\n<p class=\"bibliography\" data-no-auto-translation=\"\">\u2014 (2019) Encuesta Nacional de Uso del Tiempo. M\u00e9xico: <span class=\"small-caps\">inegi<\/span>. Recuperado de https:\/\/www.inegi.org.mx\/contenidos\/programas\/enut\/2019\/doc\/enut_2019_presentacion_resultados.pdf, consultado el 10 de noviembre de 2021.<\/p>\n\n\n\n<p class=\"bibliography\" data-no-auto-translation=\"\">Instituto Nacional de las Mujeres (<span class=\"small-caps\">inmujeres<\/span>) (2020). covid-19 y su impacto en n\u00fameros desde la perspectiva de g\u00e9nero. Recuperado de https:\/\/www.gob.mx\/cms\/uploads\/attachment\/file\/543160\/Covid19-cifrasPEG.pdf, consultado el 10 de noviembre de 2021.<\/p>\n\n\n\n<p class=\"bibliography\" data-no-auto-translation=\"\">Lewis, Jane (1992). \u201cGender and the Development of Welfare Regimes\u201d. Journal of European Social Policy, vol. 2, n\u00fam. 3, pp. 147-178. https:\/\/doi.org\/10.1177\/095892879200200301<\/p>\n\n\n\n<p class=\"bibliography\" data-no-auto-translation=\"\">Mosmann, Clarisse y Adriana Wagner (2008). \u201cDimensiones de la conyugalidad y de la parentalidad: un modelo correlacional\u201d. Revista Intercontinental de Psicolog\u00eda y Educaci\u00f3n, vol. 10, n\u00fam. 2, pp. 79-103. Recuperado de https:\/\/www.redalyc.org\/pdf\/802\/80212387005.pdf, consultado el 10 de noviembre de 2021.<\/p>\n\n\n\n<p class=\"bibliography\" data-no-auto-translation=\"\">N\u00fa\u00f1ez, Guillermo y \u00c9dgar Zazueta (2012). \u201cModernidades e intimidad: aproximaciones conceptuales para el estudio de las transformaciones de las parejas heterosexuales en M\u00e9xico\u201d. Estudios Sociales, n\u00fam. 2, pp. 353-374. Recuperado de http:\/\/www.redalyc.org\/articulo.oa?id=41724972016, consultado el 10 de noviembre de 2021.<\/p>\n\n\n\n<p class=\"bibliography\" data-no-auto-translation=\"\">Observatorio de violencia de g\u00e9nero en medios de comunicaci\u00f3n (2020, 7 de mayo). \u201c\u00bfSubi\u00f3 la violencia de g\u00e9nero en M\u00e9xico durante la pandemia de Covid-19?\u201d. <span class=\"small-caps\">ovigem<\/span> [sitio web]. Recuperado de https:\/\/ovigem.org\/subio-la-violencia-de-genero-en-mexico-durante-la-pandemia-de-covid-19\/05\/2020\/, consultado el 10 de noviembre de 2021.<\/p>\n\n\n\n<p class=\"bibliography\" data-no-auto-translation=\"\">Oltramari, Leandro (2009). \u201cAmor e conjugalidade na contemporaneidade: uma revis\u00e3o de literatura\u201d. Psicologia em Estudo, vol. 14, n\u00fam. 4, pp. 669-677. https:\/\/doi.org\/10.1590\/S1413-73722009000400007<\/p>\n\n\n\n<p class=\"bibliography\" data-no-auto-translation=\"\"><span class=\"small-caps\">onu<\/span> Mujeres (2020, 6 de abril). \u201cViolencia contra las mujeres: la pandemia en la sombra\u201d. <span class=\"small-caps\">onu<\/span> Mujeres. Recuperado en: https:\/\/www.unwomen.org\/es\/news\/stories\/2020\/4\/statement-ed-phumzile-violence-against-women-during-pandemic, consultado el 10 de noviembre de 2021.<\/p>\n\n\n\n<p class=\"bibliography\" data-no-auto-translation=\"\">Rodr\u00edguez, Mar\u00eda (2008). \u201cLa distribuci\u00f3n sexual del trabajo reproductivo\u201d. Acciones e investigaciones sociales, n\u00fam. 26, pp. 61-90. Recuperado de https:\/\/dialnet.unirioja.es\/servlet\/articulo?codigo=2975146, consultado el 10 de noviembre de 2021.<\/p>\n\n\n\n<p class=\"bibliography\" data-no-auto-translation=\"\">Rodr\u00edguez, Tania et al. (2019). \u201cLa intimidad en las relaciones de pareja: reflexiones conceptuales a partir de su multidimensionalidad\u201d, en Ana J. Cuevas (coord.), Intimidad y relaciones de pareja. Exploraciones de un campo de investigaci\u00f3n. M\u00e9xico: Juan Pablos Editor, pp. 37-94.<\/p>\n\n\n\n<p class=\"bibliography\" data-no-auto-translation=\"\">\u2014 y Zeyda Rodr\u00edguez (2020). \u201cIntimidad y relaciones de pareja durante la pandemia de la covid-19 en Guadalajara\u201d. Espiral. Estudios sobre Estado y Sociedad, vol. 28, n\u00fam. 78-79, pp. 215-264. https:\/\/doi.org\/10.32870\/eees.v28i78-79.7206<\/p>\n\n\n\n<p class=\"bibliography\" data-no-auto-translation=\"\">Rojas, Olga (2010). \u201cG\u00e9nero, organizaci\u00f3n familiar y trabajo extradom\u00e9stico femenino asalariado y por cuenta propia\u201d. Revista Latinoamericana de Estudios de Familia, vol. 2, pp. 31-50. Recuperado de http:\/\/vip.ucaldas.edu.co\/revlatinofamilia\/downloads\/Rlef2_2.pdf, consultado el 10 de noviembre de 2021.<\/p>\n\n\n\n<p class=\"bibliography\" data-no-auto-translation=\"\">Rojas, Olga (2016). \u201cMujeres, hombres y vida familiar en M\u00e9xico. Persistencia de la inequidad de g\u00e9nero anclada en la desigualdad social\u201d. Revista Interdisciplinaria de Estudios de G\u00e9nero, vol. 2, n\u00fam. 3, pp. 73-101. https:\/\/doi.org\/10.24201\/eg.v2i3.4<\/p>\n\n\n\n<p class=\"bibliography\" data-no-auto-translation=\"\">Tenorio, Natalia (2010). \u201c\u00bfQu\u00e9 tan modernos somos? El amor y la relaci\u00f3n de pareja en el M\u00e9xico contempor\u00e1neo\u201d. Revista Ciencias, n\u00fam. 9, pp. 38-49. Recuperado de http:\/\/revistas.unam.mx\/index.php\/cns\/article\/view\/22895\/21718, consultado el 10 de noviembre de 2021.<\/p>\n\n\n\n<p class=\"bibliography\" data-no-auto-translation=\"\">Tronto, Joan (1987). \u201cM\u00e1s all\u00e1 de las diferencias de g\u00e9nero. Hacia una teor\u00eda del cuidado\u201d. Journal of Women in Culture and Society, vol. 12, pp. 1-17. Recuperado de http:\/\/www.unsam.edu.ar\/escuelas\/humanidades\/centros\/cedehu\/material\/(13)%20Texto%20Joan%20Tronto.pdf, consultado el 10 de noviembre de 2021.<\/p>\n\n\n\n<p class=\"bibliography\" data-no-auto-translation=\"\">\u2014 (1993). Moral Boundaries: a political argument for an ethic of care . Nueva York: Routledge. https:\/\/doi.org\/10.4324\/9781003070672-7<\/p>\n\n\n\n<p class=\"bibliography\" data-no-auto-translation=\"\">Zelizer, Viviana (2009). La negociaci\u00f3n de la intimidad. Buenos Aires: Fondo de Cultura Econ\u00f3mica.<\/p>\n\n\n\n<hr class=\"wp-block-separator\"\/>\n\n\n\n<p class=\"abstract\"><em>Roc\u00edo Enr\u00edquez Rosas<\/em> est titulaire d'un doctorat en sciences sociales du Centro de Investigaci\u00f3n y Estudios Superiores en Antropolog\u00eda Social, <span class=\"small-caps\">ciesas<\/span>-Ouest. Enseignant et chercheur au d\u00e9partement d'\u00e9tudes socioculturelles de l'Universit\u00e9 d'Helsinki. <span class=\"small-caps\">iteso<\/span>Guadalajara. Niveau national des chercheurs <span class=\"small-caps\">ii<\/span>.<\/p>\n\n\n\n<p class=\"abstract\"><em>Ana Josefina Cuevas Hern\u00e1ndez<\/em> est titulaire d'un doctorat en sociologie de l'universit\u00e9 d'Essex. Professeur et chercheur \u00e0 la facult\u00e9 de litt\u00e9rature et de communication de l'universit\u00e9 de Colima. Chercheur national au <span class=\"small-caps\">i<\/span>.<\/p>\n\n\n\n<p class=\"abstract\"><em>Ana Gabriel Castillo S\u00e1nchez<\/em> est titulaire d'un doctorat en sciences sociales de l'universit\u00e9 de Colima. Elle est membre du Cognos+ Centro Multidisciplinario de Investigaci\u00f3n y Evaluaci\u00f3n de Pol\u00edticas P\u00fablicas A. C. Candidate au titre de chercheur national.<\/p>","protected":false},"excerpt":{"rendered":"<p class=\" translation-block\">Face \u00e0 la pand\u00e9mie de covid-19, l'Organisation mondiale de la sant\u00e9 (<span class=\"small-caps\">oms<\/span>) a recommand\u00e9 la distanciation sociale comme mesure pour ralentir la vitesse de propagation du virus sars-cov-2. L'une des cons\u00e9quences de cette mesure a \u00e9t\u00e9 la fermeture d'\u00e9tablissements d'enseignement et une augmentation significative du t\u00e9l\u00e9travail (<span class=\"small-caps\">cepal<\/span>, 2020c). Le confinement des m\u00e9nages peut g\u00e9n\u00e9rer des situations de tension, de n\u00e9gociation et de conflit dans la sph\u00e8re de l'intimit\u00e9 qui, associ\u00e9es \u00e0 l'incertitude r\u00e9sultant de la pand\u00e9mie, doivent \u00eatre identifi\u00e9es et analys\u00e9es afin de g\u00e9n\u00e9rer des connaissances pertinentes et opportunes face \u00e0 un probl\u00e8me sans pr\u00e9c\u00e9dent qui d\u00e9passe le domaine de la sant\u00e9 et se confronte \u00e0 la vie quotidienne de nos populations.<\/p>","protected":false},"author":8,"featured_media":32470,"comment_status":"open","ping_status":"open","sticky":false,"template":"","format":"standard","meta":{"_acf_changed":false,"footnotes":""},"categories":[9],"tags":[910,912,909,908,911,913],"coauthors":[704],"class_list":["post-35588","post","type-post","status-publish","format-standard","has-post-thumbnail","hentry","category-9","tag-conyugalidad","tag-cuidado-mutuo","tag-intimidad","tag-pandemia-por-covid-19","tag-papeles-de-genero","tag-parejas-heterosexuales","personas-ana-gabriel-castillo-sanchez","personas-ana-josefina-cuevas-hernandez","personas-maria-del-rocio-enriquez-rosas","numeros-888"],"acf":[],"yoast_head":"<!-- This site is optimized with the Yoast SEO plugin v22.2 - https:\/\/yoast.com\/wordpress\/plugins\/seo\/ -->\n<title>Conyugalidad, g\u00e9nero y cuidado en tiempos de covid-19 &#8211; Encartes<\/title>\n<meta name=\"description\" content=\"El confinamiento en los hogares puede estar generando en el \u00e1mbito de la intimidad situaciones de tensi\u00f3n que requieren ser identificadas.\" \/>\n<meta name=\"robots\" content=\"index, follow, max-snippet:-1, max-image-preview:large, max-video-preview:-1\" \/>\n<link rel=\"canonical\" href=\"https:\/\/encartes.mx\/fr\/enriquez-cuevas-castillo-conyugalidad-genero-covid-guadalajara-colima\/\" \/>\n<meta property=\"og:locale\" content=\"fr_FR\" \/>\n<meta property=\"og:type\" content=\"article\" \/>\n<meta property=\"og:title\" content=\"Conyugalidad, g\u00e9nero y cuidado en tiempos de covid-19 &#8211; Encartes\" \/>\n<meta property=\"og:description\" content=\"El confinamiento en los hogares puede estar generando en el \u00e1mbito de la intimidad situaciones de tensi\u00f3n que requieren ser identificadas.\" \/>\n<meta property=\"og:url\" content=\"https:\/\/encartes.mx\/fr\/enriquez-cuevas-castillo-conyugalidad-genero-covid-guadalajara-colima\/\" \/>\n<meta property=\"og:site_name\" content=\"Encartes\" \/>\n<meta property=\"article:published_time\" content=\"2022-03-21T20:44:43+00:00\" \/>\n<meta property=\"article:modified_time\" content=\"2023-11-17T23:59:09+00:00\" \/>\n<meta property=\"og:image\" content=\"https:\/\/encartes.mx\/wp-content\/uploads\/2020\/09\/martin_winocur-cdmx_2.jpg\" \/>\n\t<meta property=\"og:image:width\" content=\"1061\" \/>\n\t<meta property=\"og:image:height\" content=\"708\" \/>\n\t<meta property=\"og:image:type\" content=\"image\/jpeg\" \/>\n<meta name=\"author\" content=\"Sergio Vel\u00e1zquez\" \/>\n<meta name=\"twitter:card\" content=\"summary_large_image\" \/>\n<meta name=\"twitter:label1\" content=\"\u00c9crit par\" \/>\n\t<meta name=\"twitter:data1\" content=\"Sergio Vel\u00e1zquez\" \/>\n\t<meta name=\"twitter:label2\" content=\"Dur\u00e9e de lecture estim\u00e9e\" \/>\n\t<meta name=\"twitter:data2\" content=\"42 minutes\" \/>\n\t<meta name=\"twitter:label3\" content=\"Written by\" \/>\n\t<meta name=\"twitter:data3\" content=\"Sergio Vel\u00e1zquez\" \/>\n<script type=\"application\/ld+json\" class=\"yoast-schema-graph\">{\"@context\":\"https:\/\/schema.org\",\"@graph\":[{\"@type\":\"Article\",\"@id\":\"https:\/\/encartes.mx\/fr\/enriquez-cuevas-castillo-conyugalidad-genero-covid-guadalajara-colima\/#article\",\"isPartOf\":{\"@id\":\"https:\/\/encartes.mx\/fr\/enriquez-cuevas-castillo-conyugalidad-genero-covid-guadalajara-colima\/\"},\"author\":{\"name\":\"Sergio Vel\u00e1zquez\",\"@id\":\"https:\/\/encartes.mx\/#\/schema\/person\/5be8636bb6a3e2486cf548bf3c500765\"},\"headline\":\"Conyugalidad, g\u00e9nero y cuidado en la pareja en tiempos de covid-19 en las \u00e1reas metropolitanas de Colima y Guadalajara, M\u00e9xico\",\"datePublished\":\"2022-03-21T20:44:43+00:00\",\"dateModified\":\"2023-11-17T23:59:09+00:00\",\"mainEntityOfPage\":{\"@id\":\"https:\/\/encartes.mx\/fr\/enriquez-cuevas-castillo-conyugalidad-genero-covid-guadalajara-colima\/\"},\"wordCount\":10452,\"commentCount\":0,\"publisher\":{\"@id\":\"https:\/\/encartes.mx\/#organization\"},\"image\":{\"@id\":\"https:\/\/encartes.mx\/fr\/enriquez-cuevas-castillo-conyugalidad-genero-covid-guadalajara-colima\/#primaryimage\"},\"thumbnailUrl\":\"https:\/\/encartes.mx\/wp-content\/uploads\/2020\/09\/martin_winocur-cdmx_2.jpg\",\"keywords\":[\"conyugalidad\",\"cuidado mutuo\",\"intimidad\",\"pandemia por covid-19\",\"papeles de g\u00e9nero\",\"parejas heterosexuales\"],\"articleSection\":[\"Realidades socioculturales\"],\"inLanguage\":\"fr-FR\",\"potentialAction\":[{\"@type\":\"CommentAction\",\"name\":\"Comment\",\"target\":[\"https:\/\/encartes.mx\/fr\/enriquez-cuevas-castillo-conyugalidad-genero-covid-guadalajara-colima\/#respond\"]}]},{\"@type\":\"WebPage\",\"@id\":\"https:\/\/encartes.mx\/fr\/enriquez-cuevas-castillo-conyugalidad-genero-covid-guadalajara-colima\/\",\"url\":\"https:\/\/encartes.mx\/fr\/enriquez-cuevas-castillo-conyugalidad-genero-covid-guadalajara-colima\/\",\"name\":\"Conyugalidad, g\u00e9nero y cuidado en tiempos de covid-19 &#8211; Encartes\",\"isPartOf\":{\"@id\":\"https:\/\/encartes.mx\/#website\"},\"primaryImageOfPage\":{\"@id\":\"https:\/\/encartes.mx\/fr\/enriquez-cuevas-castillo-conyugalidad-genero-covid-guadalajara-colima\/#primaryimage\"},\"image\":{\"@id\":\"https:\/\/encartes.mx\/fr\/enriquez-cuevas-castillo-conyugalidad-genero-covid-guadalajara-colima\/#primaryimage\"},\"thumbnailUrl\":\"https:\/\/encartes.mx\/wp-content\/uploads\/2020\/09\/martin_winocur-cdmx_2.jpg\",\"datePublished\":\"2022-03-21T20:44:43+00:00\",\"dateModified\":\"2023-11-17T23:59:09+00:00\",\"description\":\"El confinamiento en los hogares puede estar generando en el \u00e1mbito de la intimidad situaciones de tensi\u00f3n que requieren ser identificadas.\",\"breadcrumb\":{\"@id\":\"https:\/\/encartes.mx\/fr\/enriquez-cuevas-castillo-conyugalidad-genero-covid-guadalajara-colima\/#breadcrumb\"},\"inLanguage\":\"fr-FR\",\"potentialAction\":[{\"@type\":\"ReadAction\",\"target\":[\"https:\/\/encartes.mx\/fr\/enriquez-cuevas-castillo-conyugalidad-genero-covid-guadalajara-colima\/\"]}]},{\"@type\":\"ImageObject\",\"inLanguage\":\"fr-FR\",\"@id\":\"https:\/\/encartes.mx\/fr\/enriquez-cuevas-castillo-conyugalidad-genero-covid-guadalajara-colima\/#primaryimage\",\"url\":\"https:\/\/encartes.mx\/wp-content\/uploads\/2020\/09\/martin_winocur-cdmx_2.jpg\",\"contentUrl\":\"https:\/\/encartes.mx\/wp-content\/uploads\/2020\/09\/martin_winocur-cdmx_2.jpg\",\"width\":1061,\"height\":708},{\"@type\":\"BreadcrumbList\",\"@id\":\"https:\/\/encartes.mx\/fr\/enriquez-cuevas-castillo-conyugalidad-genero-covid-guadalajara-colima\/#breadcrumb\",\"itemListElement\":[{\"@type\":\"ListItem\",\"position\":1,\"name\":\"Home\",\"item\":\"https:\/\/encartes.mx\/\"},{\"@type\":\"ListItem\",\"position\":2,\"name\":\"Conyugalidad, g\u00e9nero y cuidado en la pareja en tiempos de covid-19 en las \u00e1reas metropolitanas de Colima y Guadalajara, M\u00e9xico\"}]},{\"@type\":\"WebSite\",\"@id\":\"https:\/\/encartes.mx\/#website\",\"url\":\"https:\/\/encartes.mx\/\",\"name\":\"Encartes\",\"description\":\"Revista digital multimedia\",\"publisher\":{\"@id\":\"https:\/\/encartes.mx\/#organization\"},\"potentialAction\":[{\"@type\":\"SearchAction\",\"target\":{\"@type\":\"EntryPoint\",\"urlTemplate\":\"https:\/\/encartes.mx\/?s={search_term_string}\"},\"query-input\":\"required name=search_term_string\"}],\"inLanguage\":\"fr-FR\"},{\"@type\":\"Organization\",\"@id\":\"https:\/\/encartes.mx\/#organization\",\"name\":\"Encartes Antropol\u00f3gicos\",\"url\":\"https:\/\/encartes.mx\/\",\"logo\":{\"@type\":\"ImageObject\",\"inLanguage\":\"fr-FR\",\"@id\":\"https:\/\/encartes.mx\/#\/schema\/logo\/image\/\",\"url\":\"https:\/\/encartes.mx\/wp-content\/uploads\/2017\/04\/Logo-04.png\",\"contentUrl\":\"https:\/\/encartes.mx\/wp-content\/uploads\/2017\/04\/Logo-04.png\",\"width\":338,\"height\":306,\"caption\":\"Encartes Antropol\u00f3gicos\"},\"image\":{\"@id\":\"https:\/\/encartes.mx\/#\/schema\/logo\/image\/\"}},{\"@type\":\"Person\",\"@id\":\"https:\/\/encartes.mx\/#\/schema\/person\/5be8636bb6a3e2486cf548bf3c500765\",\"name\":\"Sergio Vel\u00e1zquez\",\"image\":{\"@type\":\"ImageObject\",\"inLanguage\":\"fr-FR\",\"@id\":\"https:\/\/encartes.mx\/#\/schema\/person\/image\/ceeac9312f7124efe61e88a7a1c4299d\",\"url\":\"https:\/\/secure.gravatar.com\/avatar\/13dd71176282795f75f8cf619517c1b9?s=96&d=identicon&r=g\",\"contentUrl\":\"https:\/\/secure.gravatar.com\/avatar\/13dd71176282795f75f8cf619517c1b9?s=96&d=identicon&r=g\",\"caption\":\"Sergio Vel\u00e1zquez\"}}]}<\/script>\n<!-- \/ Yoast SEO plugin. -->","yoast_head_json":{"title":"Conyugalidad, g\u00e9nero y cuidado en tiempos de covid-19 &#8211; Encartes","description":"El confinamiento en los hogares puede estar generando en el \u00e1mbito de la intimidad situaciones de tensi\u00f3n que requieren ser identificadas.","robots":{"index":"index","follow":"follow","max-snippet":"max-snippet:-1","max-image-preview":"max-image-preview:large","max-video-preview":"max-video-preview:-1"},"canonical":"https:\/\/encartes.mx\/fr\/enriquez-cuevas-castillo-conyugalidad-genero-covid-guadalajara-colima\/","og_locale":"fr_FR","og_type":"article","og_title":"Conyugalidad, g\u00e9nero y cuidado en tiempos de covid-19 &#8211; Encartes","og_description":"El confinamiento en los hogares puede estar generando en el \u00e1mbito de la intimidad situaciones de tensi\u00f3n que requieren ser identificadas.","og_url":"https:\/\/encartes.mx\/fr\/enriquez-cuevas-castillo-conyugalidad-genero-covid-guadalajara-colima\/","og_site_name":"Encartes","article_published_time":"2022-03-21T20:44:43+00:00","article_modified_time":"2023-11-17T23:59:09+00:00","og_image":[{"width":1061,"height":708,"url":"https:\/\/encartes.mx\/wp-content\/uploads\/2020\/09\/martin_winocur-cdmx_2.jpg","type":"image\/jpeg"}],"author":"Sergio Vel\u00e1zquez","twitter_card":"summary_large_image","twitter_misc":{"\u00c9crit par":"Sergio Vel\u00e1zquez","Dur\u00e9e de lecture estim\u00e9e":"42 minutes","Written by":"Sergio Vel\u00e1zquez"},"schema":{"@context":"https:\/\/schema.org","@graph":[{"@type":"Article","@id":"https:\/\/encartes.mx\/fr\/enriquez-cuevas-castillo-conyugalidad-genero-covid-guadalajara-colima\/#article","isPartOf":{"@id":"https:\/\/encartes.mx\/fr\/enriquez-cuevas-castillo-conyugalidad-genero-covid-guadalajara-colima\/"},"author":{"name":"Sergio Vel\u00e1zquez","@id":"https:\/\/encartes.mx\/#\/schema\/person\/5be8636bb6a3e2486cf548bf3c500765"},"headline":"Conyugalidad, g\u00e9nero y cuidado en la pareja en tiempos de covid-19 en las \u00e1reas metropolitanas de Colima y Guadalajara, M\u00e9xico","datePublished":"2022-03-21T20:44:43+00:00","dateModified":"2023-11-17T23:59:09+00:00","mainEntityOfPage":{"@id":"https:\/\/encartes.mx\/fr\/enriquez-cuevas-castillo-conyugalidad-genero-covid-guadalajara-colima\/"},"wordCount":10452,"commentCount":0,"publisher":{"@id":"https:\/\/encartes.mx\/#organization"},"image":{"@id":"https:\/\/encartes.mx\/fr\/enriquez-cuevas-castillo-conyugalidad-genero-covid-guadalajara-colima\/#primaryimage"},"thumbnailUrl":"https:\/\/encartes.mx\/wp-content\/uploads\/2020\/09\/martin_winocur-cdmx_2.jpg","keywords":["conyugalidad","cuidado mutuo","intimidad","pandemia por covid-19","papeles de g\u00e9nero","parejas heterosexuales"],"articleSection":["Realidades socioculturales"],"inLanguage":"fr-FR","potentialAction":[{"@type":"CommentAction","name":"Comment","target":["https:\/\/encartes.mx\/fr\/enriquez-cuevas-castillo-conyugalidad-genero-covid-guadalajara-colima\/#respond"]}]},{"@type":"WebPage","@id":"https:\/\/encartes.mx\/fr\/enriquez-cuevas-castillo-conyugalidad-genero-covid-guadalajara-colima\/","url":"https:\/\/encartes.mx\/fr\/enriquez-cuevas-castillo-conyugalidad-genero-covid-guadalajara-colima\/","name":"Conyugalidad, g\u00e9nero y cuidado en tiempos de covid-19 &#8211; Encartes","isPartOf":{"@id":"https:\/\/encartes.mx\/#website"},"primaryImageOfPage":{"@id":"https:\/\/encartes.mx\/fr\/enriquez-cuevas-castillo-conyugalidad-genero-covid-guadalajara-colima\/#primaryimage"},"image":{"@id":"https:\/\/encartes.mx\/fr\/enriquez-cuevas-castillo-conyugalidad-genero-covid-guadalajara-colima\/#primaryimage"},"thumbnailUrl":"https:\/\/encartes.mx\/wp-content\/uploads\/2020\/09\/martin_winocur-cdmx_2.jpg","datePublished":"2022-03-21T20:44:43+00:00","dateModified":"2023-11-17T23:59:09+00:00","description":"El confinamiento en los hogares puede estar generando en el \u00e1mbito de la intimidad situaciones de tensi\u00f3n que requieren ser identificadas.","breadcrumb":{"@id":"https:\/\/encartes.mx\/fr\/enriquez-cuevas-castillo-conyugalidad-genero-covid-guadalajara-colima\/#breadcrumb"},"inLanguage":"fr-FR","potentialAction":[{"@type":"ReadAction","target":["https:\/\/encartes.mx\/fr\/enriquez-cuevas-castillo-conyugalidad-genero-covid-guadalajara-colima\/"]}]},{"@type":"ImageObject","inLanguage":"fr-FR","@id":"https:\/\/encartes.mx\/fr\/enriquez-cuevas-castillo-conyugalidad-genero-covid-guadalajara-colima\/#primaryimage","url":"https:\/\/encartes.mx\/wp-content\/uploads\/2020\/09\/martin_winocur-cdmx_2.jpg","contentUrl":"https:\/\/encartes.mx\/wp-content\/uploads\/2020\/09\/martin_winocur-cdmx_2.jpg","width":1061,"height":708},{"@type":"BreadcrumbList","@id":"https:\/\/encartes.mx\/fr\/enriquez-cuevas-castillo-conyugalidad-genero-covid-guadalajara-colima\/#breadcrumb","itemListElement":[{"@type":"ListItem","position":1,"name":"Home","item":"https:\/\/encartes.mx\/"},{"@type":"ListItem","position":2,"name":"Conyugalidad, g\u00e9nero y cuidado en la pareja en tiempos de covid-19 en las \u00e1reas metropolitanas de Colima y Guadalajara, M\u00e9xico"}]},{"@type":"WebSite","@id":"https:\/\/encartes.mx\/#website","url":"https:\/\/encartes.mx\/","name":"Encartes","description":"Revista digital multimedia","publisher":{"@id":"https:\/\/encartes.mx\/#organization"},"potentialAction":[{"@type":"SearchAction","target":{"@type":"EntryPoint","urlTemplate":"https:\/\/encartes.mx\/?s={search_term_string}"},"query-input":"required name=search_term_string"}],"inLanguage":"fr-FR"},{"@type":"Organization","@id":"https:\/\/encartes.mx\/#organization","name":"Encartes Antropol\u00f3gicos","url":"https:\/\/encartes.mx\/","logo":{"@type":"ImageObject","inLanguage":"fr-FR","@id":"https:\/\/encartes.mx\/#\/schema\/logo\/image\/","url":"https:\/\/encartes.mx\/wp-content\/uploads\/2017\/04\/Logo-04.png","contentUrl":"https:\/\/encartes.mx\/wp-content\/uploads\/2017\/04\/Logo-04.png","width":338,"height":306,"caption":"Encartes Antropol\u00f3gicos"},"image":{"@id":"https:\/\/encartes.mx\/#\/schema\/logo\/image\/"}},{"@type":"Person","@id":"https:\/\/encartes.mx\/#\/schema\/person\/5be8636bb6a3e2486cf548bf3c500765","name":"Sergio Vel\u00e1zquez","image":{"@type":"ImageObject","inLanguage":"fr-FR","@id":"https:\/\/encartes.mx\/#\/schema\/person\/image\/ceeac9312f7124efe61e88a7a1c4299d","url":"https:\/\/secure.gravatar.com\/avatar\/13dd71176282795f75f8cf619517c1b9?s=96&d=identicon&r=g","contentUrl":"https:\/\/secure.gravatar.com\/avatar\/13dd71176282795f75f8cf619517c1b9?s=96&d=identicon&r=g","caption":"Sergio Vel\u00e1zquez"}}]}},"jetpack_sharing_enabled":true,"jetpack_featured_media_url":"https:\/\/encartes.mx\/wp-content\/uploads\/2020\/09\/martin_winocur-cdmx_2.jpg","_links":{"self":[{"href":"https:\/\/encartes.mx\/fr\/wp-json\/wp\/v2\/posts\/35588","targetHints":{"allow":["GET"]}}],"collection":[{"href":"https:\/\/encartes.mx\/fr\/wp-json\/wp\/v2\/posts"}],"about":[{"href":"https:\/\/encartes.mx\/fr\/wp-json\/wp\/v2\/types\/post"}],"author":[{"embeddable":true,"href":"https:\/\/encartes.mx\/fr\/wp-json\/wp\/v2\/users\/8"}],"replies":[{"embeddable":true,"href":"https:\/\/encartes.mx\/fr\/wp-json\/wp\/v2\/comments?post=35588"}],"version-history":[{"count":34,"href":"https:\/\/encartes.mx\/fr\/wp-json\/wp\/v2\/posts\/35588\/revisions"}],"predecessor-version":[{"id":37917,"href":"https:\/\/encartes.mx\/fr\/wp-json\/wp\/v2\/posts\/35588\/revisions\/37917"}],"wp:featuredmedia":[{"embeddable":true,"href":"https:\/\/encartes.mx\/fr\/wp-json\/wp\/v2\/media\/32470"}],"wp:attachment":[{"href":"https:\/\/encartes.mx\/fr\/wp-json\/wp\/v2\/media?parent=35588"}],"wp:term":[{"taxonomy":"category","embeddable":true,"href":"https:\/\/encartes.mx\/fr\/wp-json\/wp\/v2\/categories?post=35588"},{"taxonomy":"post_tag","embeddable":true,"href":"https:\/\/encartes.mx\/fr\/wp-json\/wp\/v2\/tags?post=35588"},{"taxonomy":"author","embeddable":true,"href":"https:\/\/encartes.mx\/fr\/wp-json\/wp\/v2\/coauthors?post=35588"}],"curies":[{"name":"wp","href":"https:\/\/api.w.org\/{rel}","templated":true}]}}