{"id":31785,"date":"2020-03-23T01:27:49","date_gmt":"2020-03-23T01:27:49","guid":{"rendered":"https:\/\/encartesantropologicos.mx\/?p=31785"},"modified":"2023-11-17T18:44:31","modified_gmt":"2023-11-18T00:44:31","slug":"hernandez-alberto-hernandez-curiel-documental-muro-mexico-estados-unidos","status":"publish","type":"post","link":"https:\/\/encartes.mx\/fr\/hernandez-alberto-hernandez-curiel-documental-muro-mexico-estados-unidos\/","title":{"rendered":"Le documentaire \"Over The Wall\/Sobre el muro\" : un regard sur les transformations sociales caus\u00e9es par la barri\u00e8re frontali\u00e8re entre les \u00c9tats-Unis et le Mexique \u00e0 Tijuana."},"content":{"rendered":"<figure class=\"wp-block-embed is-type-video is-provider-youtube wp-block-embed-youtube wp-embed-aspect-16-9 wp-has-aspect-ratio\"><div class=\"wp-block-embed__wrapper\">\n<iframe loading=\"lazy\" title=\"Over the Wall\/Sobre el Muro (El Colef, 2019, documentaire)\" width=\"580\" height=\"326\" src=\"https:\/\/www.youtube.com\/embed\/PCCxwPdJbr0?feature=oembed\" frameborder=\"0\" allow=\"accelerometer; autoplay; clipboard-write; encrypted-media; gyroscope; picture-in-picture; web-share\" referrerpolicy=\"strict-origin-when-cross-origin\" allowfullscreen><\/iframe>\n<\/div><\/figure>\n\n\n\n<h2 class=\"wp-block-heading\">R\u00e9sum\u00e9<\/h2>\n\n\n\n<p class=\"abstract\">Bas\u00e9 sur le documentaire <em>Au-dessus du mur <\/em>(El Colef, 2019), ce texte aborde certains des effets sociaux des transformations des barri\u00e8res et des divisions qui ont d\u00e9limit\u00e9 la fronti\u00e8re entre les \u00c9tats de Californie, aux \u00c9tats-Unis, et de Basse-Californie, au Mexique, jusqu'\u00e0 la construction de cl\u00f4tures et de murs frontaliers promus par les quatre derni\u00e8res administrations f\u00e9d\u00e9rales am\u00e9ricaines. Bas\u00e9 sur des entretiens avec des sp\u00e9cialistes des migrations et des fronti\u00e8res, des r\u00e9sidents, ainsi que sur des archives et des recherches documentaires sur la cl\u00f4ture et ses effets sur la fronti\u00e8re entre Tijuana et San Diego, ce documentaire retrace les p\u00e9riodes de changement et de renforcement de la fronti\u00e8re par les \u00c9tats-Unis, ainsi que la situation r\u00e9cente avec l'arriv\u00e9e de nouveaux flux migratoires tels que les caravanes de migrants centram\u00e9ricains \u00e0 Tijuana et les d\u00e9fis pos\u00e9s \u00e0 cette fronti\u00e8re.<\/p>\n\n\n\n<p class=\"abstract\">Mots cl\u00e9s : <a href=\"https:\/\/encartes.mx\/fr\/tag\/documental\/\" rel=\"tag\">documentaire<\/a>, <a href=\"https:\/\/encartes.mx\/fr\/tag\/frontera\/\" rel=\"tag\">fronti\u00e8re<\/a>, <a href=\"https:\/\/encartes.mx\/fr\/tag\/migracion\/\" rel=\"tag\">migration<\/a>, <a href=\"https:\/\/encartes.mx\/fr\/tag\/muro\/\" rel=\"tag\">mur<\/a>, <a href=\"https:\/\/encartes.mx\/fr\/tag\/tijuana\/\" rel=\"tag\">Tijuana<\/a><\/p>\n\n\n\n<p class=\"en-title\">Documentaire \"over the Wall\"\/\"Sobre el muro\" (El Colef, 2019) : Une vision de la transformation sociale \u00e0 Tijuana <span class=\"small-caps\">nous<\/span>-Mur \u00e0 la fronti\u00e8re du Mexique<\/p>\n\n\n\n<p class=\"abstract en-text\">Bas\u00e9 sur le film documentaire Over the Wall\/Sobre el muro (El Colef, 2019), le pr\u00e9sent essai reprend certains effets sociaux qui d\u00e9coulent de la transformation des barri\u00e8res et des divisions qui \u00e9tablissent la fronti\u00e8re entre la Californie (\u00c9tats-Unis) et la Basse-Californie (Mexique), jusqu'\u00e0 la construction de cl\u00f4tures et de murs frontaliers supervis\u00e9s par les quatre administrations f\u00e9d\u00e9rales am\u00e9ricaines les plus r\u00e9centes. \u00c0 partir d'entretiens avec des experts de la migration et de la fronti\u00e8re, ainsi qu'avec des r\u00e9sidents, et de recherches archivistiques et documentaires sur le mur et ses effets sur la fronti\u00e8re entre Tijuana et San Diego, le documentaire d\u00e9peint les d\u00e9fis auxquels la fronti\u00e8re est confront\u00e9e : l'\u00e9volution des temps, le renforcement des \u00c9tats-Unis et la situation r\u00e9cente des flux de migrants, tels que les caravanes d'Am\u00e9rique centrale en partance pour Tijuana.<\/p>\n\n\n\n<p class=\"abstract en-text\">Mots-cl\u00e9s : fronti\u00e8re, mur, immigration, Tijuana, documentaire.<\/p>\n\n\n\n<hr class=\"wp-block-separator\"\/>\n\n\n\n<h2 class=\"wp-block-heading\">Les murs dans le monde et la cl\u00f4ture de la fronti\u00e8re entre les \u00c9tats-Unis et le Mexique<\/h2>\n\n\n\n<p class=\"abstract translation-block\"><span class=\"dropcap\">Contrairement \u00e0 ce que l'on pensait avec la chute du mur de Berlin en Europe, les divisions physiques entre les personnes et les pays se sont accrues. Aujourd'hui, la construction de barri\u00e8res et de diff\u00e9rents types de murs entre les nations et les territoires est une industrie de plusieurs milliards de dollars, pr\u00e9sente dans le monde entier. Bien que leur objectif soit justifi\u00e9 en tant que mesures de renforcement des contr\u00f4les aux fronti\u00e8res et de la s\u00e9curit\u00e9, leur construction a \u00e9galement entra\u00een\u00e9 une utilisation politique et sociale qui refl\u00e8te des visions conservatrices des soci\u00e9t\u00e9s et encourage les expressions de discrimination, de racisme et de x\u00e9nophobie \u00e0 l'\u00e9gard des r\u00e9fugi\u00e9s, des migrants ou de toute personne consid\u00e9r\u00e9e comme \u00e9trang\u00e8re \u00e0 l'endroit o\u00f9 elle arrive.<\/p>\n\n\n\n<p>Au cours de la premi\u00e8re d\u00e9cennie du 20e si\u00e8cle <span class=\"small-caps\">xxi<\/span>Alexandra Novosseloff et Frank Niesse, tous deux collaborateurs de projets strat\u00e9giques aux Nations unies, ont parcouru les murs restants dans diff\u00e9rents pays et ont enregistr\u00e9 neuf de ces divisions (Novosseloff et Niesse 2011).<a class=\"anota\" id=\"anota1\" data-footnote=\"1\">1<\/a> Ce rapport a \u00e9t\u00e9 compil\u00e9 dans un livre avec des photographies des caract\u00e9ristiques de chaque division, ainsi que de courts articles pour contextualiser leurs origines.<\/p>\n\n\n\n<div class=\"image-slider\">\n                <div class=\"frame\">\n                    <div class=\"picture\" itemscope itemtype=\"http:\/\/schema.org\/ImageGallery\">\n                        <figure itemprop=\"associatedMedia\" itemscope itemtype=\"http:\/\/schema.org\/ImageObject\" class=\"slider-element\">\n                              <a href=\"https:\/\/ia801401.us.archive.org\/19\/items\/encartesvol3num5-multimedia\/hernandez_alberto-over_the_wall-1-AN-Coree_Seungni_2005.JPG\" itemprop=\"contentUrl\" data-size=\"1400x1050\" data-index=\"0\" data-caption=\"Imagen 1: Custodiar la monta\u00f1a. Puesto de vigilancia fronteriza en Seungni. Frontera entre Corea del Norte y Corea del Sur. Foto: Alexandra Novosseloff, 2005.\" >\n                                <img decoding=\"async\" src=\"https:\/\/ia801401.us.archive.org\/19\/items\/encartesvol3num5-multimedia\/hernandez_alberto-over_the_wall-1-AN-Coree_Seungni_2005.JPG\" itemprop=\"thumbnail\">\n                                <i class=\"fa fa-expand expand\" aria-hidden=\"true\"><\/i>\n                            <\/a>\n                            <\/figure><figure itemprop=\"associatedMedia\" itemscope itemtype=\"http:\/\/schema.org\/ImageObject\" class=\"slider-element\">\n                              <a href=\"https:\/\/ia801401.us.archive.org\/19\/items\/encartesvol3num5-multimedia\/hernandez_alberto-over_the_wall-2-AN-Inde-Pakistan_La%20frontiere_electrifiee_2007.JPG\" itemprop=\"contentUrl\" data-size=\"1544x1024\" data-index=\"0\" data-caption=\"Imagen 2. La frontera electrificada. Valla electrificado en la l\u00ednea divisoria. Frontera entre la India y Pakist\u00e1n. Foto: Alexandra Novosseloff, 2007.\" >\n                                <img decoding=\"async\" src=\"https:\/\/ia801401.us.archive.org\/19\/items\/encartesvol3num5-multimedia\/hernandez_alberto-over_the_wall-2-AN-Inde-Pakistan_La%20frontiere_electrifiee_2007.JPG\" itemprop=\"thumbnail\">\n                                <i class=\"fa fa-expand expand\" aria-hidden=\"true\"><\/i>\n                            <\/a>\n                            <\/figure><figure itemprop=\"associatedMedia\" itemscope itemtype=\"http:\/\/schema.org\/ImageObject\" class=\"slider-element\">\n                              <a href=\"https:\/\/ia801401.us.archive.org\/19\/items\/encartesvol3num5-multimedia\/hernandez_alberto-over_the_wall-3-AN_Mur_a_Bethleem.JPG\" itemprop=\"contentUrl\" data-size=\"1544x1024\" data-index=\"0\" data-caption=\"Imagen 3. Las caras del conflicto. Arte en la muralla fronteriza de Bel\u00e9n. Frontera entre Israel y Palestina. Foto: Alexandra Novosseloff, 2006.\" >\n                                <img decoding=\"async\" src=\"https:\/\/ia801401.us.archive.org\/19\/items\/encartesvol3num5-multimedia\/hernandez_alberto-over_the_wall-3-AN_Mur_a_Bethleem.JPG\" itemprop=\"thumbnail\">\n                                <i class=\"fa fa-expand expand\" aria-hidden=\"true\"><\/i>\n                            <\/a>\n                            <\/figure><figure itemprop=\"associatedMedia\" itemscope itemtype=\"http:\/\/schema.org\/ImageObject\" class=\"slider-element\">\n                              <a href=\"https:\/\/ia801401.us.archive.org\/19\/items\/encartesvol3num5-multimedia\/hernandez_alberto-over_the_wall-4-FN-Sahara_Agwanit_UN_Teamsite_2001.jpg\" itemprop=\"contentUrl\" data-size=\"1300x854\" data-index=\"0\" data-caption=\"Imagen 4: Muros de arena. Vista a\u00e9rea de la zona de conflicto entre Marruecos y el Frente Polisario Saharau\u00ed, Sahara, \u00c1frica occidental. Foto: Frank Neisse, 2001.\" >\n                                <img decoding=\"async\" src=\"https:\/\/ia801401.us.archive.org\/19\/items\/encartesvol3num5-multimedia\/hernandez_alberto-over_the_wall-4-FN-Sahara_Agwanit_UN_Teamsite_2001.jpg\" itemprop=\"thumbnail\">\n                                <i class=\"fa fa-expand expand\" aria-hidden=\"true\"><\/i>\n                            <\/a>\n                            <\/figure><figure itemprop=\"associatedMedia\" itemscope itemtype=\"http:\/\/schema.org\/ImageObject\" class=\"slider-element\">\n                              <a href=\"https:\/\/ia801401.us.archive.org\/19\/items\/encartesvol3num5-multimedia\/hernandez_alberto-over_the_wall-5-AN-Ceuta_Maisons_au_bord_du_mur_a_Benzu_2007.JPG\" itemprop=\"contentUrl\" data-size=\"1400x937\" data-index=\"0\" data-caption=\"Imagen 5: El muro bordea las casas en la localidad de Benz\u00fa, en la ciudad aut\u00f3noma de Ceuta, frontera con Marruecos. Foto: Alexandra Novoseloff, 2007.\" >\n                                <img decoding=\"async\" src=\"https:\/\/ia801401.us.archive.org\/19\/items\/encartesvol3num5-multimedia\/hernandez_alberto-over_the_wall-5-AN-Ceuta_Maisons_au_bord_du_mur_a_Benzu_2007.JPG\" itemprop=\"thumbnail\">\n                                <i class=\"fa fa-expand expand\" aria-hidden=\"true\"><\/i>\n                            <\/a>\n                            <\/figure>                    <\/div>    \n                <\/div>\n                    <div class=\"caption\">Image 1 : Garder la montagne. Poste de garde-fronti\u00e8re \u00e0 Seungni. Fronti\u00e8re entre la Cor\u00e9e du Nord et la Cor\u00e9e du Sud. Photo : Alexandra Novosseloff, 2005.<\/div><div class=\"image-analysis\"><\/div><div class=\"caption\">Image 2 : La fronti\u00e8re \u00e9lectrifi\u00e9e. Cl\u00f4ture \u00e9lectrifi\u00e9e sur la ligne de d\u00e9marcation. Fronti\u00e8re entre l'Inde et le Pakistan. Photo : Alexandra Novosseloff, 2007.<\/div><div class=\"image-analysis\"><\/div><div class=\"caption\">Image 3 : Les visages du conflit. Art sur le mur frontalier de Bethl\u00e9em. Fronti\u00e8re isra\u00e9lo-palestinienne. Photo : Alexandra Novosseloff, 2006.<\/div><div class=\"image-analysis\"><\/div><div class=\"caption\">Image 4 : Murs de sable. Vue a\u00e9rienne de la zone de conflit entre le Maroc et le Front Polisario Sahraoui, Sahara, Afrique de l'Ouest. Photo : Frank Neisse, 2001.<\/div><div class=\"image-analysis\"><\/div><div class=\"caption\">Image 5 : Le mur borde les maisons de la ville de Benz\u00fa, dans la ville autonome de Ceuta, \u00e0 la fronti\u00e8re avec le Maroc. Photo : Alexandra Novoseloff, 2007.<\/div><div class=\"image-analysis\"><\/div>                <div class=\"bullets\"><\/div>\n            <\/div>\n\n\n\n<p>Le livre a \u00e9t\u00e9 traduit en espagnol et r\u00e9\u00e9dit\u00e9 en 2011 par El Colegio de la Frontera Norte au Mexique et par le r\u00e9seau Alma Mater en Colombie. Quelques ann\u00e9es plus tard, le Dr Novosseloff s'est de nouveau rendu \u00e0 la fronti\u00e8re mexicaine avec les \u00c9tats-Unis, \u00e0 Tijuana, \u00e0 une \u00e9poque o\u00f9 les d\u00e9portations encourag\u00e9es par l'administration de Barack Obama s'accompagnaient \u00e9galement d'actions visant \u00e0 renforcer la bande frontali\u00e8re, et il a constat\u00e9 que les cl\u00f4tures install\u00e9es par le gouvernement am\u00e9ricain, loin de repr\u00e9senter une strat\u00e9gie inefficace, devenaient en fait plus solides et plus sophistiqu\u00e9es. Dans le monde entier, les murs n'ont pas seulement \u00e9t\u00e9 \u00e9tendus et r\u00e9form\u00e9s, ils se sont multipli\u00e9s et on en compte aujourd'hui plus de soixante-dix.<a class=\"anota\" id=\"anota2\" data-footnote=\"2\">2<\/a><\/p>\n\n\n\n<p>C'est dans ce contexte de renforcement et d'\u00e9mergence de nouvelles divisions que se situe la fronti\u00e8re du Mexique avec les \u00c9tats-Unis. Cette fronti\u00e8re a connu des transformations depuis la fin des ann\u00e9es 1980, notamment avec l'arriv\u00e9e en 2016 de Donald Trump \u00e0 la pr\u00e9sidence, qui a utilis\u00e9 la proposition d'un mur avec le Mexique comme promesse de campagne et dont la rh\u00e9torique n\u00e9gative \u00e0 l'\u00e9gard des migrants a encourag\u00e9 le rejet et la violence envers les communaut\u00e9s mexicaines et hispaniques, qu'elles aient un statut l\u00e9gal ou non.<\/p>\n\n\n\n<p>C'est \u00e9galement dans ce contexte qu'est n\u00e9e en 2018 l'initiative d'El Colef de r\u00e9aliser un documentaire sur les transformations de la barri\u00e8re frontali\u00e8re entre le Mexique et les \u00c9tats-Unis, en prenant le cas de Tijuana pour montrer les changements r\u00e9sultant des barri\u00e8res qui ont exist\u00e9 depuis les ann\u00e9es 1990 jusqu'\u00e0 aujourd'hui, en utilisant le format documentaire afin d'atteindre un public plus large avec un contenu audiovisuel.<\/p>\n\n\n\n<p>Ce texte cherche \u00e0 contextualiser les transformations \u00e0 Tijuana en relation avec la construction du mur. Tout d'abord, certaines des pr\u00e9misses du sc\u00e9nario du documentaire sont pr\u00e9sent\u00e9es, y compris les processus de changement \u00e0 la fronti\u00e8re r\u00e9sultant de la construction de ces divisions, ainsi que les \u00e9v\u00e9nements et les effets sociaux du renforcement de la fronti\u00e8re, de la migration et des nouvelles formes de mobilit\u00e9, telles que les caravanes de migrants. L'article se termine par une discussion sur certaines r\u00e9flexions relatives \u00e0 l'\u00e9tude de la fronti\u00e8re. <br>ainsi que les d\u00e9fis auxquels sont confront\u00e9es les villes frontali\u00e8res telles que Tijuana dans le cadre de ce sc\u00e9nario.<\/p>\n\n\n\n<h2 class=\"wp-block-heading\">Sur le mur\/\u00e0 propos du mur et les changements survenus dans la r\u00e9gion frontali\u00e8re depuis les quatre derni\u00e8res administrations f\u00e9d\u00e9rales aux \u00c9tats-Unis<\/h2>\n\n\n\n<p class=\"abstract\"><em>Au-dessus du mur<\/em> est un documentaire de 28 minutes produit par El Colef et diffus\u00e9 d\u00e9but 2019. L'id\u00e9e originale et la production ex\u00e9cutive ont \u00e9t\u00e9 men\u00e9es par Alberto Hern\u00e1ndez, pr\u00e9sident d'El Colef. Le film a \u00e9t\u00e9 r\u00e9alis\u00e9 et produit par Luis Mercado et Marina Viruete, cr\u00e9ateurs audiovisuels, qui ont \u00e9galement collabor\u00e9 \u00e0 l'\u00e9criture du sc\u00e9nario avec Jhonnatan Curiel d'El Colef.<\/p>\n\n\n\n<p>Le travail est bas\u00e9 sur des entretiens avec des historiens, des sociologues, des sp\u00e9cialistes des migrations et des fronti\u00e8res, des r\u00e9sidents de cette fronti\u00e8re, et des recherches dans les archives, les documents et le mat\u00e9riel audiovisuel sur les changements du mur et ses effets sur la r\u00e9gion de Tijuana-San Diego, y compris les \u00e9v\u00e9nements r\u00e9cents avec les caravanes de migrants d'Am\u00e9rique centrale. Le documentaire int\u00e8gre les voix de sp\u00e9cialistes tels que Paul Ganster de l'universit\u00e9 d'\u00c9tat de San Diego, \u00c9rika Pani de El Colegio de M\u00e9xico, David Pi\u00f1era de l'Instituto de Investigaciones Hist\u00f3ricas de la Universidad Aut\u00f3noma de Baja California, Alberto Hern\u00e1ndez, Rodolfo Cruz, Rafael Alarc\u00f3n et Olivia Ruiz de El Colegio de la Frontera Norte, ainsi que Jos\u00e9 Luis P\u00e9rez Canchola, qui a \u00e9t\u00e9 directeur des droits de l'homme \u00e0 Tijuana et a travaill\u00e9 sur les questions migratoires dans l'\u00c9tat de Basse-Californie depuis 1970.<\/p>\n\n\n\n<p>L'objectif du sc\u00e9nario \u00e9tait d'illustrer les changements survenus \u00e0 la suite du renforcement de la s\u00e9curit\u00e9 \u00e0 la fronti\u00e8re par les \u00c9tats-Unis \u00e0 la fin des ann\u00e9es 1980, et la mani\u00e8re dont ces actions ont eu un effet sur la vie quotidienne \u00e0 Tijuana.<\/p>\n\n\n\n<p>Auparavant, les conditions historiques qui ont fait de cette localit\u00e9 une fronti\u00e8re \u00e0 la suite de la guerre d'intervention des \u00c9tats-Unis au Mexique (1846-1848) et de la signature des trait\u00e9s de Guadalupe-Hidalgo, par lesquels le Mexique a c\u00e9d\u00e9 50 % de son territoire, sont replac\u00e9es dans leur contexte. Le ranch de Tijuana restera \u00e0 la fronti\u00e8re de cette d\u00e9marcation et donnera naissance \u00e0 cette localit\u00e9 (Pi\u00f1era, 1985).<\/p>\n\n\n\n<p>L'un des d\u00e9veloppements qui a contribu\u00e9 \u00e0 la croissance de cette fronti\u00e8re est le tourisme en provenance du sud des \u00c9tats-Unis, qui a trouv\u00e9 \u00e0 Tijuana un endroit pour \u00e9viter la p\u00e9riode de prohibition en Californie au cours des premi\u00e8res d\u00e9cennies du si\u00e8cle. <span class=\"small-caps\">xx<\/span>. \u00c0 partir des ann\u00e9es 1940, la Seconde Guerre mondiale et la mise en \u0153uvre du programme Bracero ont entra\u00een\u00e9 des changements importants pour Tijuana en termes de population et de d\u00e9veloppement urbain. Des d\u00e9cennies plus tard, la mise en \u0153uvre du Programme national pour les fronti\u00e8res (<span class=\"small-caps\">pronaf<\/span>) en 1961 et le programme d'industrialisation des fronti\u00e8res (<span class=\"small-caps\">pif<\/span>) en 1972 a eu un impact positif sur l'int\u00e9gration \u00e9conomique du Mexique dans les march\u00e9s mondiaux, bien qu'elle ait \u00e9galement encourag\u00e9 un afflux sans pr\u00e9c\u00e9dent de personnes venant d'autres \u00c9tats mexicains \u00e0 la recherche d'un emploi ou dans le but de passer aux \u00c9tats-Unis. Au cours des d\u00e9cennies suivantes, Tijuana est devenue l'une des cinq villes les plus importantes du pays, tant pour sa croissance d\u00e9mographique acc\u00e9l\u00e9r\u00e9e que pour les avantages \u00e9conomiques li\u00e9s \u00e0 son statut de ville frontali\u00e8re, par exemple avec l'industrie maquiladora, et parce qu'elle est devenue l'une des fronti\u00e8res les plus dynamiques et les plus fr\u00e9quent\u00e9es du monde. Ces faits constituaient des opportunit\u00e9s pour l'\u00c9tat mexicain, mais pour le gouvernement am\u00e9ricain, ils repr\u00e9sentaient des d\u00e9fis en termes d'immigration clandestine de Mexicains sur son territoire et de n\u00e9cessit\u00e9 de mettre en \u0153uvre davantage de r\u00e9glementations et d'infrastructures pour la s\u00e9curit\u00e9 \u00e0 sa fronti\u00e8re avec le Mexique.<\/p>\n\n\n\n<p>Si l'attention port\u00e9e par l'administration am\u00e9ricaine \u00e0 sa fronti\u00e8re m\u00e9ridionale a \u00e9t\u00e9 une priorit\u00e9 dans ses relations avec son homologue mexicain, les ann\u00e9es 1980 ont marqu\u00e9 un tournant dans la surveillance et le renforcement de la fronti\u00e8re, ainsi que le d\u00e9but d'une phase au cours de laquelle la fronti\u00e8re sera progressivement ferm\u00e9e.<\/p>\n\n\n\n<p>Les d\u00e9buts d'El Colef en tant qu'institution acad\u00e9mique dans le nord du Mexique rendront compte de ce processus avec le projet Ca\u00f1\u00f3n Zapata (El Colef, 2019a), qui a d\u00e9velopp\u00e9 une m\u00e9thodologie pour mesurer les flux migratoires de sans-papiers dans une zone de Tijuana o\u00f9 les gens traversaient tous les jours. Le projet Ca\u00f1\u00f3n Zapata a montr\u00e9 que ces flux \u00e9taient dus \u00e0 des p\u00e9riodes de demande de main-d'\u0153uvre de la part des \u00c9tats-Unis, mais aussi au laxisme des contr\u00f4les frontaliers jusqu'alors (Bustamante, 2012).<\/p>\n\n\n\n<p>Suite \u00e0 ce projet et au d\u00e9but des ann\u00e9es 1990, des changements ont commenc\u00e9 \u00e0 \u00eatre mis en \u0153uvre le long de la bande frontali\u00e8re \u00e0 travers un renforcement de sa s\u00e9curit\u00e9 et l'introduction d'actions plus restrictives dans le domaine de la migration. Les quatre derni\u00e8res administrations f\u00e9d\u00e9rales am\u00e9ricaines dirig\u00e9es par Bill Clinton (1993-2001), George W. Bush (2001-2009), Barack Obama (2009-2017) et Donald Trump (2017-pr\u00e9sent) ont transform\u00e9 les dynamiques et les processus le long de la fronti\u00e8re partag\u00e9e avec le Mexique.<\/p>\n\n\n\n<p>Bill Clinton a mis en \u0153uvre l'op\u00e9ration <em>Gatekeeper<\/em> (Op\u00e9ration Guardian) en octobre 1994. Dans le cas de la fronti\u00e8re Tijuana-San Diego, il s'agissait d'un renforcement de la s\u00e9curit\u00e9 dans les ports internationaux, de l'installation de cl\u00f4tures m\u00e9talliques pour s\u00e9parer le territoire, d'un mur avec des barres d'acier s'\u00e9tendant jusqu'\u00e0 l'oc\u00e9an Pacifique, ainsi que d'une augmentation du personnel de la Border Patrol.<\/p>\n\n\n\n<p>La loi sur la r\u00e9forme de l'immigration ill\u00e9gale et la responsabilit\u00e9 en mati\u00e8re d'immigration (Illegal Immigration Reform and Immigration Accountability Act), promulgu\u00e9e en 1996, a \u00e9galement autoris\u00e9 le renforcement de cette barri\u00e8re avec le Mexique.<\/p>\n\n\n\n<p>Ces actions et leurs effets ont transform\u00e9 la vie quotidienne du poste-fronti\u00e8re de Tijuana, qui, pendant des d\u00e9cennies, \u00e9tait rest\u00e9 souple ou moins restrictif pour les personnes et les v\u00e9hicules. La c\u00e9l\u00e8bre anecdote des personnes franchissant la fronti\u00e8re en disant simplement \"citoyen am\u00e9ricain\" \u00e0 l'agent d'immigration ou en utilisant des documents apocryphes \u00e9tait une r\u00e9alit\u00e9 pour certains jusqu'au milieu des ann\u00e9es 1990, lorsque la situation a chang\u00e9.<\/p>\n\n\n\n<p>Un autre \u00e9v\u00e9nement qui a transform\u00e9 la fronti\u00e8re a \u00e9t\u00e9 les attaques terroristes contre les tours jumelles le 11 septembre 2001. Ces \u00e9v\u00e9nements ont donn\u00e9 naissance \u00e0 une nouvelle agence dans l'administration de George W. Bush, qui, en novembre 2002, a pouss\u00e9 \u00e0 la cr\u00e9ation du minist\u00e8re am\u00e9ricain de la s\u00e9curit\u00e9 int\u00e9rieure (DHS).<em>D\u00e9partement de la s\u00e9curit\u00e9 int\u00e9rieure<\/em>, <span class=\"small-caps\">dhs<\/span>) qui a pour mission de prot\u00e9ger le territoire am\u00e9ricain contre les menaces pesant sur sa s\u00e9curit\u00e9 nationale.<\/p>\n\n\n\n<p>Un peu moins d'un an plus tard, en mars 2003, le Bureau des douanes et de la protection des fronti\u00e8res des \u00c9tats-Unis (CBP) a \u00e9t\u00e9 cr\u00e9\u00e9.<em>Service des douanes et de la protection des fronti\u00e8res des \u00c9tats-Unis (U.S. Custom and Border Protection)<\/em>, <span class=\"small-caps\">cbp<\/span>) rattach\u00e9 au minist\u00e8re de la s\u00e9curit\u00e9 int\u00e9rieure, pour mener des actions de protection contre le trafic de drogue, le terrorisme, ainsi que le trafic ill\u00e9gal de personnes et de marchandises. Les deux <span class=\"small-caps\">dhs<\/span> d\u00f4me le <span class=\"small-caps\">cbp<\/span>en liaison avec la <em>Patrouille frontali\u00e8re<\/em>La nouvelle cl\u00f4ture frontali\u00e8re, un nouveau projet plus ambitieux et plus \u00e9labor\u00e9 en termes d'infrastructure et de technologie, a \u00e9t\u00e9 construite par les unit\u00e9s de contr\u00f4le des fronti\u00e8res m\u00e9ridionales, ainsi que par les services de supervision et de surveillance impliqu\u00e9s dans la construction d'une nouvelle cl\u00f4ture frontali\u00e8re.<a class=\"anota\" id=\"anota3\" data-footnote=\"3\">3<\/a><\/p>\n\n\n\n<p>L'arriv\u00e9e de Barack Obama \u00e0 la pr\u00e9sidence des \u00c9tats-Unis a suscit\u00e9 des attentes favorables en ce qui concerne les relations avec le Mexique. Au cours de ses deux administrations, M. Obama a tenu un discours public sceptique quant \u00e0 l'efficacit\u00e9 de la poursuite de la construction d'un mur avec le Mexique, mais dans la pratique, il a renforc\u00e9 la s\u00e9curit\u00e9 de la cl\u00f4ture frontali\u00e8re en la dotant de ressources financi\u00e8res, de personnel et d'infrastructures de surveillance.<\/p>\n\n\n\n<p>En ao\u00fbt 2010, Obama a affect\u00e9 600 millions de dollars au renforcement de la s\u00e9curit\u00e9 \u00e0 la fronti\u00e8re avec le Mexique (<span class=\"small-caps\">pbs<\/span>, 2010). En outre, bien qu'elle n'ait pas poursuivi l'extension de la barri\u00e8re frontali\u00e8re physique, elle a investi dans la s\u00e9curit\u00e9 du passage de la fronti\u00e8re naturelle en \u00e9tablissant au moins douze bases navales sur les rivi\u00e8res qui divisent les deux pays (Arias, 2016).<\/p>\n\n\n\n<p>Si le pr\u00e9sident Obama ne s'est pas distingu\u00e9 en continuant \u00e0 multiplier les divisions, il est le pr\u00e9sident qui a proc\u00e9d\u00e9 au plus grand nombre d'expulsions vers le Mexique au cours des derni\u00e8res d\u00e9cennies. Entre 2009 et 2016, plus de 2,5 millions d'actions de refoulement ont \u00e9t\u00e9 enregistr\u00e9es, et \u00e0 la fin de son mandat, en 2017, ce chiffre atteignait presque trois millions (<span class=\"small-caps\">emif<\/span> Norte, 2016). Ainsi, bien qu'Obama n'ait pas augment\u00e9 l'extension du mur, il a \u00e9tabli des barri\u00e8res et des obstacles d'un autre type pour la population migrante et latino aux \u00c9tats-Unis, tout en influen\u00e7ant le changement de population dans les villes frontali\u00e8res du nord du Mexique, comme ce fut le cas pour la ville de Tijuana, en raison des centaines de milliers de personnes qui sont retourn\u00e9es au Mexique.<a class=\"anota\" id=\"anota4\" data-footnote=\"4\">4<\/a> pendant son mandat.<\/p>\n\n\n\n<p>Cependant, l'ascension de Trump \u00e0 la pr\u00e9sidence des \u00c9tats-Unis, avec une campagne \u00e9lectorale marqu\u00e9e par des menaces de construction d'un \"grand mur\" avec le Mexique, a \u00e9t\u00e9 facilit\u00e9e par des projets ant\u00e9rieurs qui ont sem\u00e9 la discorde. Lorsqu'il est devenu pr\u00e9sident des \u00c9tats-Unis, le mur frontalier avec le Mexique \u00e9tait d\u00e9j\u00e0 en construction sur plus de 1 000 kilom\u00e8tres, avec diff\u00e9rents types de cl\u00f4tures et de murs dans les \u00c9tats de Californie, d'Arizona, du Nouveau-Mexique et du Texas. Cela \u00e9quivaut \u00e0 un tiers de la fronti\u00e8re totale avec le Mexique, qui s'\u00e9tend sur 3 141 km.<\/p>\n\n\n\n<p>Au d\u00e9but de l'ann\u00e9e 2018, il a \u00e9t\u00e9 rapport\u00e9 que le projet de <em>La Grande Muraille<\/em> signifierait 1 400 km de nouveaux murs (<span class=\"small-caps\">bbc<\/span> News Mundo, 2019), mais cela a \u00e9t\u00e9 remis en question en raison des zones montagneuses ou des territoires inaccessibles aux engins de chantier, en particulier dans la r\u00e9gion du nord-est, ce qui, outre les implications budg\u00e9taires, aurait un impact sur les \u00e9cosyst\u00e8mes et causerait de graves dommages environnementaux (C\u00f3rdova et De la Parra, 2012).<\/p>\n\n\n\n<p>L'utilisation politique du mur frontalier a permis d'obtenir un plus grand soutien de la part des partisans de Trump. En mars 2018, il s'est rendu dans le sud de San Diego, en Californie, pour superviser les huit prototypes de mur \u00e9rig\u00e9s afin d'\u00e9valuer lequel d'entre eux \u00e9tait la meilleure option \u00e0 construire \u00e0 la fronti\u00e8re avec le Mexique. Ces images sont r\u00e9cup\u00e9r\u00e9es dans ce documentaire.<\/p>\n\n\n\n<p>En f\u00e9vrier 2019, ces prototypes seront d\u00e9molis par le gouvernement am\u00e9ricain lui-m\u00eame, car un nouveau mod\u00e8le de mur sera choisi. En f\u00e9vrier et en juin de la m\u00eame ann\u00e9e, depuis son compte Twitter, Trump partagera des vid\u00e9os montrant l'avancement de la construction du mur au Nouveau-Mexique, au Texas et en Californie, accompagn\u00e9es de la l\u00e9gende \"J'ai chang\u00e9 le design, il est plus fort, plus grand, meilleur et moins cher, beaucoup moins cher\" (Hern\u00e1ndez J., 2019).<\/p>\n\n\n\n<p>Aujourd'hui, \u00e0 Tijuana, \u00e0 l'emplacement de la cl\u00f4ture en t\u00f4le originale install\u00e9e sous la pr\u00e9sidence de Clinton en 1994, se dresse le nouveau mur de Trump, un mur de dix m\u00e8tres de haut construit avec des barres d'acier ancr\u00e9es dans le b\u00e9ton. En plus de cette barri\u00e8re, un deuxi\u00e8me mur de 10 m\u00e8tres de haut a \u00e9t\u00e9 \u00e9rig\u00e9 \u00e0 seulement 10 m\u00e8tres de l\u00e0, en territoire am\u00e9ricain, de sorte que dans des zones telles que les plages de Tijuana, la route de Playas et le long de l'avenue internationale, ces deux nouveaux murs sont d\u00e9j\u00e0 visibles, des structures qui ont transform\u00e9 le paysage le long des 41 kilom\u00e8tres de fronti\u00e8re partag\u00e9s entre Tijuana et San Diego.<\/p>\n\n\n\n<h2 class=\"wp-block-heading\">Migration et nouvelles mobilit\u00e9s \u00e0 la fronti\u00e8re entre les \u00c9tats-Unis et le Mexique : le cas de Tijuana<\/h2>\n\n\n\n<p class=\"abstract\">Outre les transformations r\u00e9sultant des diff\u00e9rents projets de division et de renforcement de la fronti\u00e8re, la fronti\u00e8re am\u00e9ricano-mexicaine a \u00e9galement connu des changements substantiels en termes de migration et de nouveaux mouvements internationaux dont le transit par le Mexique et, dans certains cas, le s\u00e9jour dans le pays, sont li\u00e9s \u00e0 des demandes d'asile ou \u00e0 la reconnaissance du statut de r\u00e9fugi\u00e9.<\/p>\n\n\n\n<p>En r\u00e9sum\u00e9, on peut identifier quatre faits qui expliquent ces transformations : a) l'\u00e9migration mexicaine vers les \u00c9tats-Unis a consid\u00e9rablement diminu\u00e9 au cours des 20 derni\u00e8res ann\u00e9es ;<a class=\"anota\" id=\"anota5\" data-footnote=\"5\">5<\/a> b) le retour des Mexicains de l'\u00e9tranger a augment\u00e9 ainsi que celui des personnes expuls\u00e9es ou renvoy\u00e9es des \u00c9tats-Unis ; c) la population (surtout centram\u00e9ricaine) des migrants en transit sur le territoire mexicain a augment\u00e9 ; et d) le nombre de demandes d'asile, de refuge et d'autres formes de protection internationale a augment\u00e9 (Hern\u00e1ndez, A., 2019).<\/p>\n\n\n\n<p>En ce qui concerne les deux derniers points, entre 2013 et 2016, il y a eu un contraste dans la tendance du volume de migrants mexicains et centram\u00e9ricains en situation irr\u00e9guli\u00e8re qui tentent d'entrer aux \u00c9tats-Unis. <span class=\"small-caps\">eu<\/span>. Cela s'est traduit par la d\u00e9tention d'un plus grand nombre de Centram\u00e9ricains que de Mexicains \u00e0 la fronti\u00e8re sud des \u00c9tats-Unis.<\/p>\n\n\n\n<p>Au cours de ces ann\u00e9es, les autorit\u00e9s am\u00e9ricaines ont renvoy\u00e9 plus de 360 000 Centram\u00e9ricains. Au cours de la m\u00eame p\u00e9riode, le gouvernement mexicain a enregistr\u00e9 plus de 400 000 retours de Centram\u00e9ricains (<span class=\"small-caps\">emif<\/span>, 2016). Parall\u00e8lement, de la fin de l'ann\u00e9e 2016 au second semestre 2019, on observe une augmentation des demandes de reconnaissance du statut de r\u00e9fugi\u00e9 de la part de personnes originaires du Triangle du Nord de l'Am\u00e9rique centrale, d'Ha\u00efti et, dans une moindre mesure, de migrants originaires de pays des Cara\u00efbes, d'Am\u00e9rique latine et d'Afrique. Par cons\u00e9quent, le Mexique, en plus d'\u00eatre un pays de transit, est \u00e9galement devenu un pays de destination (Hern\u00e1ndez A. 2019).<\/p>\n\n\n\n<p>\u00c0 ces changements se sont ajout\u00e9es les caravanes de migrants d'Am\u00e9rique centrale au cours de l'ann\u00e9e 2018, en particulier les Honduriens qui cherchaient \u00e0 atteindre les \u00c9tats-Unis. Ces \u00e9v\u00e9nements ont pos\u00e9 de s\u00e9rieux d\u00e9fis aux villes frontali\u00e8res mexicaines, qui ont \u00e9t\u00e9 d\u00e9bord\u00e9es et ont n\u00e9cessit\u00e9 un travail entre les agences gouvernementales locales, \u00e9tatiques et f\u00e9d\u00e9rales du Mexique, ainsi que le soutien des organisations de la soci\u00e9t\u00e9 civile, qui ont uni leurs forces pour fournir une assistance face \u00e0 cette situation.<\/p>\n\n\n\n<p>Cependant, le volume de personnes arrivant avec les caravanes a augment\u00e9. Rien qu'\u00e0 Tijuana, plus de 7 000 migrants d'origine centram\u00e9ricaine sont arriv\u00e9s (El Colef, 2019b), qui ont \u00e9t\u00e9 plac\u00e9s \u00e0 l'Unidad Deportiva Benito Ju\u00e1rez dans la zone nord, un abri de fortune situ\u00e9 \u00e0 quelques m\u00e8tres de la cl\u00f4ture frontali\u00e8re.<\/p>\n\n\n\n<p>Peu apr\u00e8s, des milliers de personnes ont \u00e9t\u00e9 transf\u00e9r\u00e9es \u00e0 El Barretal, un autre abri improvis\u00e9 dans la partie orientale de la ville. L'arriv\u00e9e des Centram\u00e9ricains \u00e0 cette fronti\u00e8re a \u00e9galement \u00e9t\u00e9 marqu\u00e9e par des attitudes de rejet et des attaques x\u00e9nophobes et discriminatoires de la part d'une partie de la population de Tijuana qui n'\u00e9tait pas d'accord avec leur pr\u00e9sence dans la ville.<\/p>\n\n\n\n<p>L'objectif d'atteindre les \u00c9tats-Unis a conduit un grand nombre de migrants d'Am\u00e9rique centrale \u00e0 tenter une travers\u00e9e massive en d\u00e9cembre 2018 dans la zone connue sous le nom de El Bordo de Tijuana, un canal dans la zone f\u00e9d\u00e9rale qui s\u00e9pare le Mexique des \u00c9tats-Unis. Ils ont \u00e9galement tent\u00e9 de passer de force aux postes-fronti\u00e8res internationaux de San Ysidro et d'Otay, ainsi que dans des zones situ\u00e9es le long de la cl\u00f4ture frontali\u00e8re, ce qui a entra\u00een\u00e9 la fermeture temporaire des ports internationaux et le d\u00e9ploiement de l'arm\u00e9e et de la garde nationale am\u00e9ricaines, qui, avec les forces de l'ordre de l'Union europ\u00e9enne, se sont rendues sur place. <em>Patrouille frontali\u00e8re <\/em>et le personnel de la <span class=\"small-caps\">cbp<\/span> avaient pour mission de contenir et de capturer ceux qui tentaient de passer par ces sites.<\/p>\n\n\n\n<h2 class=\"wp-block-heading\">La fronti\u00e8re Tijuana-San Diego et le documentaire comme outil socio-anthropologique pour son \u00e9tude.<\/h2>\n\n\n\n<p class=\"abstract\">L'utilisation du documentaire comme outil pour rendre compte d'un ph\u00e9nom\u00e8ne social est une ressource qui acquiert de la pertinence \u00e0 une \u00e9poque o\u00f9 les r\u00e9gimes discursifs contemporains sont li\u00e9s aux productions audiovisuelles. Ce n'est donc pas un hasard si, parfois, pour certains publics, par exemple les jeunes, le visuel a plus de poids que l'\u00e9crit, dans la mesure o\u00f9, \u00e0 travers l'audiovisuel, les personnes sont repr\u00e9sent\u00e9es \u00e0 partir de leur corps, de leur visage et de leur subjectivit\u00e9, ce qui s'estompe parfois dans l'exposition et l'argumentation \u00e9crites (Trujillo, 2013).<\/p>\n\n\n\n<p>D'o\u00f9 la pertinence de continuer \u00e0 explorer les relations entre le genre documentaire, l'anthropologie et les \u00e9tudes sociales, \u00e0 la recherche d'une repr\u00e9sentation des contextes ou d'une saisie du monde au plus pr\u00e8s de sa r\u00e9alit\u00e9, ce que le documentaire ne fait pas. <em>Au-dessus du mur<\/em> a cherch\u00e9.<\/p>\n\n\n\n<p>Comme nous l'avons mentionn\u00e9 au d\u00e9but, sur la base du contenu de cette \u0153uvre audiovisuelle, l'objectif de ce texte \u00e9tait de contextualiser l'ensemble des transformations sociales provoqu\u00e9es par le renforcement de la barri\u00e8re frontali\u00e8re entre le Mexique et les \u00c9tats-Unis, en prenant le cas de Tijuana comme exemple de ces changements.<\/p>\n\n\n\n<p>Comme le montre le documentaire, la transformation du paysage urbain dans la bande frontali\u00e8re, du d\u00e9but des ann\u00e9es 1990 \u00e0 aujourd'hui, est li\u00e9e \u00e0 des projets de division promus et renforc\u00e9s par les quatre derni\u00e8res administrations f\u00e9d\u00e9rales am\u00e9ricaines.<\/p>\n\n\n\n<p>Mais au cours de la m\u00eame p\u00e9riode, cette fronti\u00e8re a \u00e9volu\u00e9 dans ses composantes et ses flux migratoires, \u00e0 la fois en raison du retour des Mexicains dans le pays et du flux de migrants internationaux, en particulier des Centram\u00e9ricains, qui ont ouvert un nouveau paradigme de mobilit\u00e9 qui transite par le Mexique en utilisant les caravanes comme une strat\u00e9gie de visibilit\u00e9 et de protection. Leur objectif de recherche d'asile ou de refuge, tant au Mexique qu'aux \u00c9tats-Unis, est une composante qui se distingue dans ces nouvelles formes de mobilit\u00e9, car elle rompt avec les mod\u00e8les du ph\u00e9nom\u00e8ne migratoire dans l'histoire de Tijuana.<\/p>\n\n\n\n<p>D'autre part, l'administration du pr\u00e9sident Trump a plac\u00e9 de nombreux obstacles sur le chemin de ces populations dans des contextes de mobilit\u00e9. Tant son discours que ses actions contre les migrants ont conduit \u00e0 un nouveau renforcement des contr\u00f4les aux fronti\u00e8res, \u00e0 des raids, \u00e0 des expulsions et \u00e0 la cr\u00e9ation de centres de d\u00e9tention pour les hommes, les femmes, les enfants et m\u00eame les b\u00e9b\u00e9s, tout cela dans le but de d\u00e9courager leur aspiration \u00e0 atteindre le sol am\u00e9ricain. Ces d\u00e9veloppements ont sans aucun doute renforc\u00e9 les supr\u00e9macistes et les groupes anti-immigr\u00e9s, ainsi que le soutien de leurs partisans politiques en vue des \u00e9lections f\u00e9d\u00e9rales de 2020.<\/p>\n\n\n\n<p>La bande frontali\u00e8re actuelle entre les \u00c9tats-Unis et le Mexique consiste en un territoire commun qui, historiquement, a \u00e9t\u00e9 perm\u00e9able de diff\u00e9rentes mani\u00e8res et \u00e0 diff\u00e9rents moments, tout en servant de m\u00e9canisme de filtrage et de contr\u00f4le entre deux modes de vie s\u00e9par\u00e9s non seulement sur le plan \u00e9conomique, mais aussi sur le plan historique et religieux.<\/p>\n\n\n\n<p>Des millions de personnes vivant le long de cette bande de terre consid\u00e8rent le mur comme un \u00e9l\u00e9ment de tension inutile dans le cours de leur vie. Les gens, malgr\u00e9 leur tendance pragmatique \u00e0 construire des barri\u00e8res, des fronti\u00e8res et des limites, remettent \u00e9galement en question son existence en observant l'impact que la discrimination peut avoir d'un c\u00f4t\u00e9 \u00e0 l'autre. Les disparit\u00e9s observ\u00e9es entre San Diego et Tijuana et les contrastes entre les opportunit\u00e9s et les manques renforcent encore la nature imposante de cette barri\u00e8re. Les filtres et le contr\u00f4le sont deux axes de la vie \u00e0 la fronti\u00e8re entre les \u00c9tats-Unis et le Mexique.<a class=\"anota\" id=\"anota6\" data-footnote=\"6\">6<\/a><\/p>\n\n\n\n<p>La question de l'alt\u00e9rit\u00e9 est l'un des points nodaux de la pens\u00e9e anthropologique et des \u00e9tudes sociales en g\u00e9n\u00e9ral : la barri\u00e8re frontali\u00e8re, en plus de d\u00e9limiter la fronti\u00e8re entre deux pays, fonctionne comme un point de r\u00e9f\u00e9rence \u00e0 partir duquel diverses identit\u00e9s et alt\u00e9rit\u00e9s sont g\u00e9n\u00e9r\u00e9es.<\/p>\n\n\n\n<p>Le mur ne d\u00e9termine pas seulement qui peut ou ne peut pas le franchir ; le mur, en plus de fa\u00e7onner des vies quotidiennes marqu\u00e9es par l'acc\u00e8s aux privil\u00e8ges et le manque d'opportunit\u00e9s, fonctionne \u00e9galement comme une r\u00e9f\u00e9rence symbolique pour diff\u00e9rencier le Nord et le Sud du monde, du moins sur le continent am\u00e9ricain.<\/p>\n\n\n\n<p>Le mur, qui est devenu progressivement de plus en plus imperm\u00e9able, a fini par susciter des sentiments contradictoires : pour les plus conservateurs, il s'agit d'une garantie que les choses resteront telles qu'elles sont et telles qu'elles ont \u00e9t\u00e9 ; pour les plus lib\u00e9raux, il s'agit d'une atteinte \u00e0 la dignit\u00e9 humaine de ceux qui recherchent de nouvelles opportunit\u00e9s. D'autres murs sont construits dans le monde, mais celui qui s\u00e9pare le Mexique des \u00c9tats-Unis, tel qu'il est d\u00e9peint dans ce documentaire, est une expression claire des asym\u00e9tries et des diff\u00e9rences entre les aspects sociaux et culturels des deux pays.<\/p>\n\n\n\n<p>Sur un tron\u00e7on de 41 kilom\u00e8tres de territoire commun entre Tijuana et San Diego, les deux villes dont la fronti\u00e8re est la plus dynamique du monde, deux ou trois murs de m\u00e9tal et de b\u00e9ton de 6 \u00e0 10 m\u00e8tres de haut, \u00e9quip\u00e9s de syst\u00e8mes de contr\u00f4le et de surveillance avanc\u00e9s, ont \u00e9t\u00e9 d\u00e9plac\u00e9s. Les habitants de longue date de ces deux villes se souviennent de l'\u00e9poque o\u00f9 il n'y avait qu'un c\u00e2ble m\u00e9tallique et des ob\u00e9lisques pour d\u00e9limiter une fronti\u00e8re \u00e0 peine perceptible. Aujourd'hui, alors que cet espace menace de devenir imp\u00e9n\u00e9trable, du moins du point de vue de Trump, nous devrions nous rappeler que le r\u00f4le de l'anthropologie, des \u00e9tudes sociales et l'utilisation d'outils tels que les documentaires peuvent \u00eatre des alternatives pour faire du monde un endroit s\u00fbr, digne et plus juste malgr\u00e9 les diff\u00e9rences.<\/p>\n\n\n\n<h2 class=\"wp-block-heading\">Bibliographie<\/h2>\n\n\n\n<p class=\"bibliography\" data-no-auto-translation=\"\">Alarc\u00f3n, Rafael y William Becerra (2012). \u201c\u00bfCriminales o v\u00edctimas? La deportaci\u00f3n de migrantes mexicanos de Estados Unidos a Tijuana, Baja California\u201d, en <em>Norteam\u00e9rica<\/em>, A\u00f1o 7, n\u00fam. 1, enero-junio de 2012, pp. 125-148. Disponible en http:\/\/revistanorteamerica.unam.mx\/index.php\/nam\/article\/viewFile\/160\/146<\/p>\n\n\n\n<p class=\"bibliography\" data-no-auto-translation=\"\">Arias, Guillermo (2016, 7 de diciembre). \u201cDe la barrera natural al doble muro: as\u00ed ha crecido la separaci\u00f3n fronteriza entre M\u00e9xico y EU\u201d, en <em>Animal Pol\u00edtico<\/em>. Disponible en https:\/\/www.animalpolitico.com\/2016\/12\/la-barrera-natural-al-doble-muro-asi-ha-crecido-la-separacion-fronteriza-mexico-eu\/<\/p>\n\n\n\n<p class=\"bibliography\" data-no-auto-translation=\"\"><span class=\"small-caps\">bbc<\/span> News Mundo (2019, 7 de enero). \u201c\u00bfCu\u00e1nto se ha construido realmente del muro que planea Trump entre M\u00e9xico y Estados Unidos?\u201d, en <em>Animal Pol\u00edtico<\/em>. Disponible en https:\/\/www.animalpolitico.com\/2019\/01\/trump-muro-fronterizo-cuanto-se-ha-construido\/<\/p>\n\n\n\n<p class=\"bibliography\" data-no-auto-translation=\"\">Bustamante, Jorge A. (2012). <em>Sembrar en el desierto. Cr\u00f3nicas de los primeros 30 a\u00f1os de El Colegio de la Frontera Norte<\/em>. Tijuana: El Colef.<\/p>\n\n\n\n<p class=\"bibliography\" data-no-auto-translation=\"\">C\u00f3rdova Ana y Carlos de la Parra (coord.) (2012). <em>El muro fronterizo entre M\u00e9xico y Estados Unidos. Espacios, instrumentos y actores para un di\u00e1logo constructivo<\/em>. Tijuana: El Colef.<\/p>\n\n\n\n<p class=\"bibliography\" data-no-auto-translation=\"\">El Colegio de la Frontera Norte (El Colef) (2019a). \u201cCa\u00f1\u00f3n Zapata, un estudio pionero sobre migraci\u00f3n\u201d, en <em>El Colegio de la Frontera Norte &#8211; El Colef, canal de Youtube<\/em>, secci\u00f3n \u201cHecho en la Frontera\u201d, 12 de marzo de 2019. Disponible en https:\/\/www.youtube.com\/watch?v=WlTJoWk6orc<\/p>\n\n\n\n<p class=\"bibliography\" data-no-auto-translation=\"\">El Colegio de la Frontera Norte (El Colef) (2019b). \u201cLa caravana de migrantes centroamericanos en Tijuana. Diagn\u00f3stico y propuesta de acci\u00f3n\u201d [Documento de trabajo], 13 de diciembre de 2018. Disponible en https:\/\/www.colef.mx\/estudiosdeelcolef\/la-caravana-de-migrantes-centroamericanos-en-tijuana-2018-diagnostico-y-propuestas-de-accion\/<\/p>\n\n\n\n<p class=\"bibliography\" data-no-auto-translation=\"\">Encuestas sobre Migraci\u00f3n en las Fronteras Norte y Sur de M\u00e9xico (<span class=\"small-caps\">emif<\/span>) (2016<em>).<\/em> <em>N\u00famero de eventos de devoluci\u00f3n por parte de autoridades estadounidenses. Periodo 2009-2016<\/em>. M\u00e9xico: El Colef, <span class=\"small-caps\">stps<\/span>, <span class=\"small-caps\">conapo<\/span>, Unidad de Pol\u00edtica Migratoria-<span class=\"small-caps\">segob<\/span>, <span class=\"small-caps\">sre<\/span>, <span class=\"small-caps\">conapred<\/span>, <span class=\"small-caps\">sedesol<\/span>.<\/p>\n\n\n\n<p class=\"bibliography\" data-no-auto-translation=\"\">Gabriel Zu\u00f1iga, Ana (2019, 24 de febrero). \u201cLos muros que dividen al mundo\u201d, en <em>El Heraldo<\/em>. Disponible en https:\/\/www.elheraldo.co\/mundo\/los-muros-que-dividen-al-mundo-600324<\/p>\n\n\n\n<p class=\"bibliography\" data-no-auto-translation=\"\">Hern\u00e1ndez, Alberto (2019). \u201cPr\u00e1cticas culturales y religiosas en contextos de cambio y movilidad\u201d, en Jos\u00e9 Manuel Valenzuela Arce y Nuria Sanz (coord. y ed.), <em>Cultura, migraci\u00f3n y desarrollo<\/em>. <em>Visi\u00f3n y acci\u00f3n desde M\u00e9xico<\/em>, pp. 121-134. Tijuana: El Colef\/<span class=\"small-caps\">unesco<\/span>.<\/p>\n\n\n\n<p class=\"bibliography\" data-no-auto-translation=\"\">Hern\u00e1ndez, Javier (2019, 22 de junio). \u201cTrump comparte video con avances de construcci\u00f3n del muro fronterizo\u201d, en <em>El Dictamen<\/em>. Disponible en https:\/\/www.eldictamen.mx\/2019\/06\/noticias\/internacional \/trump-comparte-video-con-avances-de-construccion-del-muro-fronterizo\/<\/p>\n\n\n\n<p class=\"bibliography\" data-no-auto-translation=\"\">Linares, Mireille (2012). \u201cEspacios binacionales formales de interacci\u00f3n en la frontera M\u00e9xico-Estados Unidos y la inclusi\u00f3n del tema del muro fronterizo\u201d, en Ana C\u00f3rdova y Carlos de la Parra (coord.), <em>El muro fronterizo entre M\u00e9xico y Estados Unidos. Espacios, instrumentos y actores para un di\u00e1logo constructivo<\/em>, pp. 47-77. Tijuana: El Colef.<\/p>\n\n\n\n<p class=\"bibliography\" data-no-auto-translation=\"\">Muri\u00e0 Tu\u00f1\u00f3n, Magal\u00ed (2010). \u201cEnforcing Boundaries: Globalization, State Power and the Geography of Cross-border Consumption in Tijuana, Mexico\u201d. Tesis de doctorado, Universidad de California en San Diego.<\/p>\n\n\n\n<p class=\"bibliography\" data-no-auto-translation=\"\">Novosseloff, Alexandra y Frank Niesse (2011). <em>Muros entre los hombres<\/em>. Tijuana: El Colef y Red Alma Mater.<\/p>\n\n\n\n<p class=\"bibliography\" data-no-auto-translation=\"\">Pi\u00f1era Ram\u00edrez, David (1985). <em>Historia de Tijuana: semblanza general<\/em>. Tijuana: Centro de Investigaciones Hist\u00f3ricas <span class=\"small-caps\">unam-uabc<\/span>.<\/p>\n\n\n\n<p class=\"bibliography\" data-no-auto-translation=\"\">Public Broadcasting Service (<span class=\"small-caps\">pbs<\/span>) (2010). \u201cObama Signs $600 Million Bill to Boost U.S. Border Security\u201d, disponible en https:\/\/www.pbs.org\/newshour\/show\/obama-signs-600-million-bill-to-boost-u-s-border-security<\/p>\n\n\n\n<p class=\"bibliography\" data-no-auto-translation=\"\">Trujillo, Adriana (ed.) (2013). <em>Bordocs y fronteras. Cine documental en el norte de M\u00e9xico<\/em>. M\u00e9xico: CreateSpace Independent Publishing Platform.<\/p>\n\n\n\n<p class=\"bibliography\" data-no-auto-translation=\"\">Velasco Ortiz, Matilde Laura, Ma. Dolores Par\u00eds Pombo, Sandra L. Albicker Aguilera, Gabriel H. P\u00e9rez Duperou y Carlos F\u00e9lix Vega (2017). <em>Emergencia migratoria y solidaridad de la sociedad civil en Tijuana, 2016-2017<\/em>. Tijuana: El Colegio de la Frontera Norte.<\/p>\n\n\n\n<h2 class=\"wp-block-heading\"><span class=\"small-caps\">Sp\u00e9cifications techniques<\/span><\/h2>\n\n\n\n<p>Titre : <em>Au-dessus du mur <\/em>(El Colef, 2019)<\/p>\n\n\n\n<p>Genre : Documentaire<\/p>\n\n\n\n<p>Dur\u00e9e : 28 minutes<\/p>\n\n\n\n<p>R\u00e9alisateur : Luis Mercado<\/p>\n\n\n\n<p>Producteur ex\u00e9cutif et id\u00e9e originale : Alberto Hern\u00e1ndez<\/p>\n\n\n\n<p>Soci\u00e9t\u00e9 de production : Marina Viruete<\/p>\n\n\n\n<p>Sc\u00e9nario : Jhonnatan Curiel, Marina Viruete et Luis Mercado<\/p>\n\n\n\n<p>Synopsis : Ce documentaire montre les transformations de la fronti\u00e8re entre le Mexique et les \u00c9tats-Unis sur cinq d\u00e9cennies. Depuis la ville de Tijuana et \u00e0 travers des entretiens avec des habitants et des sp\u00e9cialistes, ainsi que du mat\u00e9riel historique et documentaire, il saisit les relations et les tensions que cette ville a connues en tant que ville frontali\u00e8re, en particulier depuis l'arriv\u00e9e de Donald Trump \u00e0 la pr\u00e9sidence des \u00c9tats-Unis.<\/p>","protected":false},"excerpt":{"rendered":"<p>Bas\u00e9 sur le documentaire Over the Wall\/Sobre el muro (El Colef, 2019), ce texte aborde certains des effets sociaux des transformations des barri\u00e8res et des divisions qui ont d\u00e9limit\u00e9 la fronti\u00e8re entre les \u00c9tats de Californie, aux \u00c9tats-Unis, et de Basse-Californie, au Mexique, jusqu'\u00e0 la construction de cl\u00f4tures et de murs frontaliers promus par les quatre derni\u00e8res administrations f\u00e9d\u00e9rales am\u00e9ricaines. Bas\u00e9 sur des entretiens avec des sp\u00e9cialistes des migrations et des fronti\u00e8res, des r\u00e9sidents, ainsi que sur des archives et des recherches documentaires sur la cl\u00f4ture et ses effets sur la fronti\u00e8re entre Tijuana et San Diego, ce documentaire retrace les p\u00e9riodes de changement et de renforcement de la fronti\u00e8re par les \u00c9tats-Unis, ainsi que la situation r\u00e9cente avec l'arriv\u00e9e de nouveaux flux migratoires tels que les caravanes de migrants centram\u00e9ricains \u00e0 Tijuana et les d\u00e9fis pos\u00e9s \u00e0 cette fronti\u00e8re. <\/p>","protected":false},"author":4,"featured_media":0,"comment_status":"open","ping_status":"open","sticky":false,"template":"","format":"standard","meta":{"_acf_changed":false,"footnotes":""},"categories":[11],"tags":[350,419,500,589,590],"coauthors":[551],"class_list":["post-31785","post","type-post","status-publish","format-standard","hentry","category-11","tag-documental","tag-frontera","tag-migracion","tag-muro","tag-tijuana","personas-hernandez-hernandez-alberto","personas-curiel-jhonnatan","numeros-616"],"acf":[],"yoast_head":"<!-- This site is optimized with the Yoast SEO plugin v22.2 - https:\/\/yoast.com\/wordpress\/plugins\/seo\/ -->\n<title>Over the Wall\/Sobre el muro (El Colef, 2019) &#8211; Encartes<\/title>\n<meta name=\"description\" content=\"Over the Wall\/Sobre el muro (El Colef, 2019) captura periodos de cambio y reforzamiento fronterizo por parte de Estados Unidos.\" \/>\n<meta name=\"robots\" content=\"index, follow, max-snippet:-1, max-image-preview:large, max-video-preview:-1\" \/>\n<link rel=\"canonical\" href=\"https:\/\/encartes.mx\/fr\/hernandez-alberto-hernandez-curiel-documental-muro-mexico-estados-unidos\/\" \/>\n<meta property=\"og:locale\" content=\"fr_FR\" \/>\n<meta property=\"og:type\" content=\"article\" \/>\n<meta property=\"og:title\" content=\"Over the Wall\/Sobre el muro (El Colef, 2019) &#8211; Encartes\" \/>\n<meta property=\"og:description\" content=\"Over the Wall\/Sobre el muro (El Colef, 2019) captura periodos de cambio y reforzamiento fronterizo por parte de Estados Unidos.\" \/>\n<meta property=\"og:url\" content=\"https:\/\/encartes.mx\/fr\/hernandez-alberto-hernandez-curiel-documental-muro-mexico-estados-unidos\/\" \/>\n<meta property=\"og:site_name\" content=\"Encartes\" \/>\n<meta property=\"article:published_time\" content=\"2020-03-23T01:27:49+00:00\" \/>\n<meta property=\"article:modified_time\" content=\"2023-11-18T00:44:31+00:00\" \/>\n<meta name=\"author\" content=\"Arthur Ventura\" \/>\n<meta name=\"twitter:card\" content=\"summary_large_image\" \/>\n<meta name=\"twitter:label1\" content=\"\u00c9crit par\" \/>\n\t<meta name=\"twitter:data1\" content=\"Arthur Ventura\" \/>\n\t<meta name=\"twitter:label2\" content=\"Dur\u00e9e de lecture estim\u00e9e\" \/>\n\t<meta name=\"twitter:data2\" content=\"22 minutes\" \/>\n\t<meta name=\"twitter:label3\" content=\"Written by\" \/>\n\t<meta name=\"twitter:data3\" content=\"Arthur Ventura\" \/>\n<script type=\"application\/ld+json\" class=\"yoast-schema-graph\">{\"@context\":\"https:\/\/schema.org\",\"@graph\":[{\"@type\":\"Article\",\"@id\":\"https:\/\/encartes.mx\/hernandez-alberto-hernandez-curiel-documental-muro-mexico-estados-unidos\/#article\",\"isPartOf\":{\"@id\":\"https:\/\/encartes.mx\/hernandez-alberto-hernandez-curiel-documental-muro-mexico-estados-unidos\/\"},\"author\":{\"name\":\"Arthur Ventura\",\"@id\":\"https:\/\/encartes.mx\/#\/schema\/person\/97215bba1729028a4169cab07f8e58ef\"},\"headline\":\"El documental &#8220;Over The Wall\/Sobre el muro&#8221;: una mirada a las transformaciones sociales por el muro fronterizo entre M\u00e9xico y Estados Unidos en Tijuana\",\"datePublished\":\"2020-03-23T01:27:49+00:00\",\"dateModified\":\"2023-11-18T00:44:31+00:00\",\"mainEntityOfPage\":{\"@id\":\"https:\/\/encartes.mx\/hernandez-alberto-hernandez-curiel-documental-muro-mexico-estados-unidos\/\"},\"wordCount\":5225,\"commentCount\":0,\"publisher\":{\"@id\":\"https:\/\/encartes.mx\/#organization\"},\"keywords\":[\"documental\",\"frontera\",\"migraci\u00f3n\",\"muro\",\"Tijuana\"],\"articleSection\":[\"EncArtes multimedia\"],\"inLanguage\":\"fr-FR\",\"potentialAction\":[{\"@type\":\"CommentAction\",\"name\":\"Comment\",\"target\":[\"https:\/\/encartes.mx\/hernandez-alberto-hernandez-curiel-documental-muro-mexico-estados-unidos\/#respond\"]}]},{\"@type\":\"WebPage\",\"@id\":\"https:\/\/encartes.mx\/hernandez-alberto-hernandez-curiel-documental-muro-mexico-estados-unidos\/\",\"url\":\"https:\/\/encartes.mx\/hernandez-alberto-hernandez-curiel-documental-muro-mexico-estados-unidos\/\",\"name\":\"Over the Wall\/Sobre el muro (El Colef, 2019) &#8211; Encartes\",\"isPartOf\":{\"@id\":\"https:\/\/encartes.mx\/#website\"},\"datePublished\":\"2020-03-23T01:27:49+00:00\",\"dateModified\":\"2023-11-18T00:44:31+00:00\",\"description\":\"Over the Wall\/Sobre el muro (El Colef, 2019) captura periodos de cambio y reforzamiento fronterizo por parte de Estados Unidos.\",\"breadcrumb\":{\"@id\":\"https:\/\/encartes.mx\/hernandez-alberto-hernandez-curiel-documental-muro-mexico-estados-unidos\/#breadcrumb\"},\"inLanguage\":\"fr-FR\",\"potentialAction\":[{\"@type\":\"ReadAction\",\"target\":[\"https:\/\/encartes.mx\/hernandez-alberto-hernandez-curiel-documental-muro-mexico-estados-unidos\/\"]}]},{\"@type\":\"BreadcrumbList\",\"@id\":\"https:\/\/encartes.mx\/hernandez-alberto-hernandez-curiel-documental-muro-mexico-estados-unidos\/#breadcrumb\",\"itemListElement\":[{\"@type\":\"ListItem\",\"position\":1,\"name\":\"Home\",\"item\":\"https:\/\/encartes.mx\/\"},{\"@type\":\"ListItem\",\"position\":2,\"name\":\"El documental &#8220;Over The Wall\/Sobre el muro&#8221;: una mirada a las transformaciones sociales por el muro fronterizo entre M\u00e9xico y Estados Unidos en Tijuana\"}]},{\"@type\":\"WebSite\",\"@id\":\"https:\/\/encartes.mx\/#website\",\"url\":\"https:\/\/encartes.mx\/\",\"name\":\"Encartes\",\"description\":\"Revista digital multimedia\",\"publisher\":{\"@id\":\"https:\/\/encartes.mx\/#organization\"},\"potentialAction\":[{\"@type\":\"SearchAction\",\"target\":{\"@type\":\"EntryPoint\",\"urlTemplate\":\"https:\/\/encartes.mx\/?s={search_term_string}\"},\"query-input\":\"required name=search_term_string\"}],\"inLanguage\":\"fr-FR\"},{\"@type\":\"Organization\",\"@id\":\"https:\/\/encartes.mx\/#organization\",\"name\":\"Encartes Antropol\u00f3gicos\",\"url\":\"https:\/\/encartes.mx\/\",\"logo\":{\"@type\":\"ImageObject\",\"inLanguage\":\"fr-FR\",\"@id\":\"https:\/\/encartes.mx\/#\/schema\/logo\/image\/\",\"url\":\"https:\/\/encartes.mx\/wp-content\/uploads\/2017\/04\/Logo-04.png\",\"contentUrl\":\"https:\/\/encartes.mx\/wp-content\/uploads\/2017\/04\/Logo-04.png\",\"width\":338,\"height\":306,\"caption\":\"Encartes Antropol\u00f3gicos\"},\"image\":{\"@id\":\"https:\/\/encartes.mx\/#\/schema\/logo\/image\/\"}},{\"@type\":\"Person\",\"@id\":\"https:\/\/encartes.mx\/#\/schema\/person\/97215bba1729028a4169cab07f8e58ef\",\"name\":\"Arthur Ventura\",\"image\":{\"@type\":\"ImageObject\",\"inLanguage\":\"fr-FR\",\"@id\":\"https:\/\/encartes.mx\/#\/schema\/person\/image\/8a45818ea77a67a00c058d294424a6f6\",\"url\":\"https:\/\/secure.gravatar.com\/avatar\/e8ff614b2fa0d91ff6c65f328a272c53?s=96&d=identicon&r=g\",\"contentUrl\":\"https:\/\/secure.gravatar.com\/avatar\/e8ff614b2fa0d91ff6c65f328a272c53?s=96&d=identicon&r=g\",\"caption\":\"Arthur Ventura\"}}]}<\/script>\n<!-- \/ Yoast SEO plugin. -->","yoast_head_json":{"title":"Over the Wall\/Sobre el muro (El Colef, 2019) &#8211; Encartes","description":"Over the Wall\/Sobre el muro (El Colef, 2019) captura periodos de cambio y reforzamiento fronterizo por parte de Estados Unidos.","robots":{"index":"index","follow":"follow","max-snippet":"max-snippet:-1","max-image-preview":"max-image-preview:large","max-video-preview":"max-video-preview:-1"},"canonical":"https:\/\/encartes.mx\/fr\/hernandez-alberto-hernandez-curiel-documental-muro-mexico-estados-unidos\/","og_locale":"fr_FR","og_type":"article","og_title":"Over the Wall\/Sobre el muro (El Colef, 2019) &#8211; Encartes","og_description":"Over the Wall\/Sobre el muro (El Colef, 2019) captura periodos de cambio y reforzamiento fronterizo por parte de Estados Unidos.","og_url":"https:\/\/encartes.mx\/fr\/hernandez-alberto-hernandez-curiel-documental-muro-mexico-estados-unidos\/","og_site_name":"Encartes","article_published_time":"2020-03-23T01:27:49+00:00","article_modified_time":"2023-11-18T00:44:31+00:00","author":"Arthur Ventura","twitter_card":"summary_large_image","twitter_misc":{"\u00c9crit par":"Arthur Ventura","Dur\u00e9e de lecture estim\u00e9e":"22 minutes","Written by":"Arthur Ventura"},"schema":{"@context":"https:\/\/schema.org","@graph":[{"@type":"Article","@id":"https:\/\/encartes.mx\/hernandez-alberto-hernandez-curiel-documental-muro-mexico-estados-unidos\/#article","isPartOf":{"@id":"https:\/\/encartes.mx\/hernandez-alberto-hernandez-curiel-documental-muro-mexico-estados-unidos\/"},"author":{"name":"Arthur Ventura","@id":"https:\/\/encartes.mx\/#\/schema\/person\/97215bba1729028a4169cab07f8e58ef"},"headline":"El documental &#8220;Over The Wall\/Sobre el muro&#8221;: una mirada a las transformaciones sociales por el muro fronterizo entre M\u00e9xico y Estados Unidos en Tijuana","datePublished":"2020-03-23T01:27:49+00:00","dateModified":"2023-11-18T00:44:31+00:00","mainEntityOfPage":{"@id":"https:\/\/encartes.mx\/hernandez-alberto-hernandez-curiel-documental-muro-mexico-estados-unidos\/"},"wordCount":5225,"commentCount":0,"publisher":{"@id":"https:\/\/encartes.mx\/#organization"},"keywords":["documental","frontera","migraci\u00f3n","muro","Tijuana"],"articleSection":["EncArtes multimedia"],"inLanguage":"fr-FR","potentialAction":[{"@type":"CommentAction","name":"Comment","target":["https:\/\/encartes.mx\/hernandez-alberto-hernandez-curiel-documental-muro-mexico-estados-unidos\/#respond"]}]},{"@type":"WebPage","@id":"https:\/\/encartes.mx\/hernandez-alberto-hernandez-curiel-documental-muro-mexico-estados-unidos\/","url":"https:\/\/encartes.mx\/hernandez-alberto-hernandez-curiel-documental-muro-mexico-estados-unidos\/","name":"Over the Wall\/Sobre el muro (El Colef, 2019) &#8211; Encartes","isPartOf":{"@id":"https:\/\/encartes.mx\/#website"},"datePublished":"2020-03-23T01:27:49+00:00","dateModified":"2023-11-18T00:44:31+00:00","description":"Over the Wall\/Sobre el muro (El Colef, 2019) captura periodos de cambio y reforzamiento fronterizo por parte de Estados Unidos.","breadcrumb":{"@id":"https:\/\/encartes.mx\/hernandez-alberto-hernandez-curiel-documental-muro-mexico-estados-unidos\/#breadcrumb"},"inLanguage":"fr-FR","potentialAction":[{"@type":"ReadAction","target":["https:\/\/encartes.mx\/hernandez-alberto-hernandez-curiel-documental-muro-mexico-estados-unidos\/"]}]},{"@type":"BreadcrumbList","@id":"https:\/\/encartes.mx\/hernandez-alberto-hernandez-curiel-documental-muro-mexico-estados-unidos\/#breadcrumb","itemListElement":[{"@type":"ListItem","position":1,"name":"Home","item":"https:\/\/encartes.mx\/"},{"@type":"ListItem","position":2,"name":"El documental &#8220;Over The Wall\/Sobre el muro&#8221;: una mirada a las transformaciones sociales por el muro fronterizo entre M\u00e9xico y Estados Unidos en Tijuana"}]},{"@type":"WebSite","@id":"https:\/\/encartes.mx\/#website","url":"https:\/\/encartes.mx\/","name":"Encartes","description":"Revista digital multimedia","publisher":{"@id":"https:\/\/encartes.mx\/#organization"},"potentialAction":[{"@type":"SearchAction","target":{"@type":"EntryPoint","urlTemplate":"https:\/\/encartes.mx\/?s={search_term_string}"},"query-input":"required name=search_term_string"}],"inLanguage":"fr-FR"},{"@type":"Organization","@id":"https:\/\/encartes.mx\/#organization","name":"Encartes Antropol\u00f3gicos","url":"https:\/\/encartes.mx\/","logo":{"@type":"ImageObject","inLanguage":"fr-FR","@id":"https:\/\/encartes.mx\/#\/schema\/logo\/image\/","url":"https:\/\/encartes.mx\/wp-content\/uploads\/2017\/04\/Logo-04.png","contentUrl":"https:\/\/encartes.mx\/wp-content\/uploads\/2017\/04\/Logo-04.png","width":338,"height":306,"caption":"Encartes Antropol\u00f3gicos"},"image":{"@id":"https:\/\/encartes.mx\/#\/schema\/logo\/image\/"}},{"@type":"Person","@id":"https:\/\/encartes.mx\/#\/schema\/person\/97215bba1729028a4169cab07f8e58ef","name":"Arthur Ventura","image":{"@type":"ImageObject","inLanguage":"fr-FR","@id":"https:\/\/encartes.mx\/#\/schema\/person\/image\/8a45818ea77a67a00c058d294424a6f6","url":"https:\/\/secure.gravatar.com\/avatar\/e8ff614b2fa0d91ff6c65f328a272c53?s=96&d=identicon&r=g","contentUrl":"https:\/\/secure.gravatar.com\/avatar\/e8ff614b2fa0d91ff6c65f328a272c53?s=96&d=identicon&r=g","caption":"Arthur Ventura"}}]}},"jetpack_sharing_enabled":true,"jetpack_featured_media_url":"","_links":{"self":[{"href":"https:\/\/encartes.mx\/fr\/wp-json\/wp\/v2\/posts\/31785","targetHints":{"allow":["GET"]}}],"collection":[{"href":"https:\/\/encartes.mx\/fr\/wp-json\/wp\/v2\/posts"}],"about":[{"href":"https:\/\/encartes.mx\/fr\/wp-json\/wp\/v2\/types\/post"}],"author":[{"embeddable":true,"href":"https:\/\/encartes.mx\/fr\/wp-json\/wp\/v2\/users\/4"}],"replies":[{"embeddable":true,"href":"https:\/\/encartes.mx\/fr\/wp-json\/wp\/v2\/comments?post=31785"}],"version-history":[{"count":32,"href":"https:\/\/encartes.mx\/fr\/wp-json\/wp\/v2\/posts\/31785\/revisions"}],"predecessor-version":[{"id":38014,"href":"https:\/\/encartes.mx\/fr\/wp-json\/wp\/v2\/posts\/31785\/revisions\/38014"}],"wp:attachment":[{"href":"https:\/\/encartes.mx\/fr\/wp-json\/wp\/v2\/media?parent=31785"}],"wp:term":[{"taxonomy":"category","embeddable":true,"href":"https:\/\/encartes.mx\/fr\/wp-json\/wp\/v2\/categories?post=31785"},{"taxonomy":"post_tag","embeddable":true,"href":"https:\/\/encartes.mx\/fr\/wp-json\/wp\/v2\/tags?post=31785"},{"taxonomy":"author","embeddable":true,"href":"https:\/\/encartes.mx\/fr\/wp-json\/wp\/v2\/coauthors?post=31785"}],"curies":[{"name":"wp","href":"https:\/\/api.w.org\/{rel}","templated":true}]}}