{"id":31225,"date":"2019-09-23T13:49:55","date_gmt":"2019-09-23T13:49:55","guid":{"rendered":"https:\/\/encartesantropologicos.mx\/wordpress\/?p=31225"},"modified":"2024-04-24T11:46:02","modified_gmt":"2024-04-24T17:46:02","slug":"indigena-lucha-espana-vivienda","status":"publish","type":"post","link":"https:\/\/encartes.mx\/fr\/indigena-lucha-espana-vivienda\/","title":{"rendered":"La lutte d'un migrant indig\u00e8ne \u00e9quatorien en Espagne pour le droit au logement et contre les abus bancaires"},"content":{"rendered":"<p><div class=\"video-wrap\"><div class=\"video\"><iframe loading=\"lazy\" src=\"https:\/\/www.youtube.com\/embed\/qzLQXvFTuyQ\" allow=\"accelerometer; autoplay; encrypted-media; gyroscope; picture-in-picture\" allowfullscreen=\"\" width=\"560\" height=\"315\" frameborder=\"0\"><\/iframe><\/div><p class=\"leyenda\"><\/p><\/div><br \/>\n<p class=\"no-indent\"><span class=\"dropcap\">A<\/span>\u00edda Quinatoa es una ind\u00edgena ecuatoriana migrante econ\u00f3mica en Espa\u00f1a, donde ha sido l\u00edder de la movilizaci\u00f3n de los migrantes contra la llamada \u201cestafa inmobiliaria\u201d, contra los bancos y las inmobiliarias. Esta misma lucha dio a conocer a Ada Colau y la llev\u00f3 a la Alcald\u00eda de Barcelona (2015-2019).<\/p>\n<p>La historia de A\u00edda est\u00e1 entrelazada con la de los ecuatorianos que emigraron masivamente a finales de los a\u00f1os noventa y durante toda la d\u00e9cada del 2000. Durante el mandato de Rafael Correa (2007- 2017), este proceso migratorio estuvo acompa\u00f1ado de la voluntad de desarrollar cierta conciencia pol\u00edtica de los migrantes (la posibilidad de votar se da en la pr\u00e1ctica desde el 2006; los migrantes pueden elegir diputados que los representen en la circunscripci\u00f3n internacional; el \u201cderecho a la migraci\u00f3n\u201d fue inscrito en la Constituci\u00f3n). Sin embargo, la movilizaci\u00f3n referida a la \u201cestafa inmobiliaria\u201d fue exclusivamente realizada por un sector de estos migrantes.<\/p>\n<p>En esta entrevista, A\u00edda detalla el papel de la Coordinadora Nacional de Ecuatorianos en Espa\u00f1a, <span class=\"small-caps\">conadee<\/span>, organizaci\u00f3n que dirigi\u00f3 entre 2006 y 2013. Esta movilizaci\u00f3n se hizo visible m\u00e1s all\u00e1 de los c\u00edrculos que trabajan con migrantes a partir de mediados de 2011, debido a su presencia en los desahucios. Por medio de las redes sociales y con la intermediaci\u00f3n de la Plataforma de Afectados por la Hipoteca de Madrid, <span class=\"small-caps\">pah<\/span>, se coordinaron movilizaciones masivas para frenar los desalojos. Desde la primera jornada de oposici\u00f3n masiva y p\u00fablica a un desahucio, en 2011 en el barrio de Tetu\u00e1n, barrio con una importante proporci\u00f3n de poblaci\u00f3n de origen migrante, la presencia en la calle de posibles futuros desahuciados y muchos migrantes fue masiva en esos a\u00f1os. Sin embargo, el papel de la <span class=\"small-caps\">conadee<\/span> en esta lucha fue muy anterior al a\u00f1o 2011, a\u00f1o de la inmensa movilizaci\u00f3n que dio lugar, entre otros, a la ocupaci\u00f3n de la Plaza del Sol por los indignados.<\/p>\n<p>En su agenda, <span class=\"small-caps\">conadee<\/span> exig\u00eda no s\u00f3lo frenar los desahucios. Adem\u00e1s, trabaj\u00f3 para proponer un cambio de la ley inmobiliaria<a class=\"anota\" id=\"anota1\" data-footnote=1>1<\/a> y denunci\u00f3 vehementemente \u201cla &nbsp;estafa del sistema bancario\u201d. En cuanto a lo primero, reclamaba una ley retroactiva de \u201cdaci\u00f3n en pago\u201d, es decir una ley que anulara la deuda contra\u00edda previamente al momento en que el banco confiscaba la vivienda. Con respecto a lo segundo, exig\u00eda respuestas en el plano jur\u00eddico y en el plano pol\u00edtico. Concretamente, se ha constituido parte civil de algunas demandas por estafa contra las agencias inmobiliarias.<\/p>\n<p>En esta entrevista, realizada a finales de 2018, A\u00edda Quinatoa narra los episodios centrales de su vida, su formaci\u00f3n pol\u00edtica, sus migraciones, su inserci\u00f3n laboral, las alianzas constituidas y, en t\u00e9rminos generales, su lucha. Su trayectoria en pos de obtener justicia frente a los grandes poderes ilustra lo que William Gamson llama una \u201ccarrera de rebeli\u00f3n\u201d.<\/p>\n<h2>La familia y la vida en el campo<\/h2>\n<p class=\"abstract\"><span style=\"color: #ffb400;\"><strong>A\u00edda Quinatoa<\/strong><\/span>: Yo me llamo A\u00edda, nac\u00ed en una comunidad peque\u00f1ita que se llama Santa Teresita, parroquia San Jos\u00e9 de Guayabal en la provincia de Bol\u00edvar, Cant\u00f3n Chillanes, Ecuador. Nac\u00ed en 1964. Mi comunidad queda en la Sierra, en la parte andina, en el centro de Ecuador; colinda con la provincia del Chimborazo, de all\u00ed toca ir como tres horas en carretera y ah\u00ed est\u00e1 mi pueblo. Hoy en d\u00eda estamos a seis horas en autob\u00fas de Quito. La gente del pueblo habla espa\u00f1ol, pero todav\u00eda se habla quichua. Yo hablaba m\u00e1s quichua que espa\u00f1ol. Se dice \u201cquichua\u201d en Ecuador porque a nuestro idioma le metemos mucho la \u201cu\u201c y la \u201ci\u201d , las vocales cerradas, en cambio, en Per\u00fa y en Bolivia se habla quechua porque muchos le ponen la \u201co\u201d o la \u201ce\u201d. Yo crec\u00ed ah\u00ed, hasta los doce a\u00f1os. De peque\u00f1a viv\u00ed en torno de mi familia, pero en la comunidad. Nos apoy\u00e1bamos mutuamente, aunque con muchas carencias, pero siempre hab\u00eda esa solidaridad, ese apoyo mutuo.<\/p>\n<p class=\"abstract\"><span style=\"color: #7d5a03;\"><strong>Olga Gonz\u00e1lez<\/strong><\/span>: \u00bfTus pap\u00e1s que hac\u00edan?<\/p>\n<p class=\"abstract\"><span style=\"color: #ffb400;\"><strong>A.Q.<\/strong><\/span>: Eran campesinos, se dedicaban a labrar la tierra, crianza de animales dom\u00e9sticos. De eso viv\u00edamos.<\/p>\n<p class=\"abstract\"><span style=\"color: #7d5a03;\"><strong>O.G.<\/strong><\/span>: \u00bfCu\u00e1ntos hijos hubo?<\/p>\n<p class=\"abstract\"><span style=\"color: #ffb400;\"><strong>A.Q.<\/strong><\/span>: Siete: Gumersindo, Rodrigo, Alejandro, Judith, Gustavo, Roc\u00edo y yo.<\/p>\n<p class=\"abstract\"><span style=\"color: #7d5a03;\"><strong>O.G.<\/strong><\/span>: \u00bfY t\u00fa eres qu\u00e9 n\u00famero?<\/p>\n<p class=\"abstract\"><span style=\"color: #ffb400;\"><strong>A.Q.<\/strong><\/span>: Primera. Bueno\u2026 Hubo dos anteriores. Se murieron porque no hab\u00eda condiciones, se murieron pr\u00e1cticamente en y por la pobreza. La hermanita me parece que muri\u00f3 como a los tres a\u00f1itos y el ni\u00f1o me parece de seis meses.<\/p>\n<p class=\"abstract\"><span style=\"color: #7d5a03;\"><strong>O.G.<\/strong><\/span>: Y t\u00fa s\u00ed sobreviviste.<\/p>\n<p class=\"abstract\"><span style=\"color: #ffb400;\"><strong>A.Q.<\/strong><\/span>: S\u00ed, sobreviv\u00ed y justo me pusieron el nombre de mi hermanita que se muri\u00f3. Mi hermana se llamaba Etelvina Mar\u00eda y yo me llamo A\u00edda Mar\u00eda.<\/p>\n<p class=\"abstract\"><span style=\"color: #7d5a03;\"><strong>O.G.<\/strong><\/span>: \u00bfY por qu\u00e9 te pusieron A\u00edda?<\/p>\n<p class=\"abstract\"><span style=\"color: #ffb400;\"><strong>A.Q.<\/strong><\/span>: Porque han visto en el calendario que hab\u00eda ese nombre.<\/p>\n<p class=\"abstract\"><span style=\"color: #7d5a03;\"><strong>O.G.<\/strong><\/span>: \u00bfTe gusta tu nombre? Es el nombre de una \u00f3pera.<\/p>\n<p class=\"abstract\"><span style=\"color: #ffb400;\"><strong>A.Q.<\/strong><\/span>: S\u00ed, s\u00ed me gusta. Y s\u00ed, me han dicho aqu\u00ed que es una \u00f3pera. A m\u00ed me gustaba porque todo lo que ha hecho mi mam\u00e1, su vida, el tiempo que pas\u00f3 con nosotros, a m\u00ed me encantaba.<\/p>\n<p class=\"abstract\"><span style=\"color: #7d5a03;\"><strong>O.G.<\/strong><\/span>: \u00bfTu mam\u00e1 se llamaba c\u00f3mo?<\/p>\n<p class=\"abstract\"><span style=\"color: #ffb400;\"><strong>A.Q.<\/strong><\/span>: Lucinda Irene Quinatoa. Est\u00e1 ah\u00ed [se\u00f1ala un retrato en el muro]. Esa foto es cuando vino ya a la ciudad, se cambi\u00f3 de ropa. Le hab\u00edan hecho foto mis hermanos pero con ropa [tradicional], ya no tenemos.<\/p>\n<p class=\"abstract\"><span style=\"color: #7d5a03;\"><strong>O.G.<\/strong><\/span>: Tuviste una infancia campesina, en contacto con los animales.<\/p>\n<p class=\"abstract\"><span style=\"color: #ffb400;\"><strong>A.Q.<\/strong><\/span>: Lo m\u00e1s bonito era eso, que tienes relaci\u00f3n con los pajaritos, con las aves, con todo lo que te rodea en el campo. Yo recuerdo de haber caminado con los pies descalzos, me encantaba ir con los pies descalzos a la escuela y para m\u00ed era una tortura cuando me obligaron a poner zapatos y dizque yo iba a la escuela con zapatos y me los regresaba en la mano porque no me acostumbraba y lloraba cuando me los pon\u00edan, me obligaban para los d\u00edas especiales y a m\u00ed me gustaba ir con el pie desnudo, porque te acostumbras y tienes una relaci\u00f3n directa con la tierra. Me encantaba.<\/p>\n<p class=\"abstract\"><span style=\"color: #7d5a03;\"><strong>O.G.<\/strong><\/span>: \u00bfY tus hermanitos? Al ser t\u00fa la ni\u00f1a mayor, \u00bfte toc\u00f3 responsabilizarte de ellos?<\/p>\n<p class=\"abstract\"><span style=\"color: #ffb400;\"><strong>A.Q.<\/strong><\/span>: Eso te iba a comentar, porque para m\u00ed ha sido de cierta manera, muy bonito, bonito, ser la primera. Para mis padres, para mis abuelitos, para mis t\u00edos, era yo la protegida, la que tiene que cuidar a mis hermanos. Por una parte es precioso, pero por otra parte tambi\u00e9n es responsabilidad con mis hermanos, yo ten\u00eda que cuidar de ellos. Mi madre trabajaba todo el d\u00eda en el campo. Yo me acuerdo poco de mi pap\u00e1 porque mucho sal\u00eda y al final con diecinueve a\u00f1os nos quedamos sin padre, y pues nosotros \u00e9ramos muchos hermanos y mi mam\u00e1 trabajaba todo el d\u00eda, siempre en el campo.<\/p>\n<p class=\"abstract\"><span style=\"color: #7d5a03;\"><strong>O.G.<\/strong><\/span>: \u00bfSiempre en el campo?<\/p>\n<p class=\"abstract\"><span style=\"color: #ffb400;\"><strong>A.Q.<\/strong><\/span>: Siempre. Y ya cuando termin\u00e9 la escuela yo ten\u00eda que ir ayudarlos a ellos, o sea a la escuela iba yo por la ma\u00f1ana, era caminar dos horas para llegar a la escuela, yo sal\u00eda a las seis de la ma\u00f1ana para empezar las clases a las ocho y luego de vuelta regresaba a las cuatro de la tarde a casa e iba con mis hermanos peque\u00f1os y hab\u00eda otros dos ni\u00f1os m\u00e1s que me segu\u00edan a m\u00ed, ten\u00eda que cuidar de ellos, o sea era mucha responsabilidad andar con ellos, con mis hermanos, pero tambi\u00e9n ayudar a hacer deberes, luego por la tarde cuidar a los animales y cambiar de estacas a los animales que ten\u00edamos.<\/p>\n<p class=\"abstract\"><span style=\"color: #7d5a03;\"><strong>O.G.<\/strong><\/span>: \u00bfLas estacas, para qu\u00e9?<\/p>\n<p class=\"abstract\"><span style=\"color: #ffb400;\"><strong>A.Q.<\/strong><\/span>: Le pon\u00edan unas estacas al ganado para amarrarlo, para que no est\u00e9 suelto. Tocaba cambiarlos de un sitio a otro para que ellos comieran. Hac\u00edamos todas las tardes eso y bueno, pues, por la noche a hacer deberes, a ayudar en la casa, y tambi\u00e9n hacer a veces otras cosas. Por ejemplo, ayudar a llevar del campo, ayudar a cargar fr\u00edjol y todo lo que se produc\u00eda. A veces ten\u00edamos que hacer eso tambi\u00e9n y en la noche. Ya cuando est\u00e1bamos agotados nos pon\u00edamos a hacer deberes. Entonces ha sido mucho trabajo y mucha responsabilidad de peque\u00f1a, pero tambi\u00e9n muy bonito lo que eso generaba. Eso me alegraba con mis t\u00edos, por ejemplo, en las fiestas cuando descans\u00e1bamos, los primeros hijos tienen que ayudar a hacer la m\u00fasica. Yo aprend\u00ed por mis t\u00edos y por mi familia a entonar la guitarra, a tocar el tambor, a marcar paso, me encantaba. Por eso andaba con ellos. Eso recuerdo de mi infancia.<\/p>\n<p class=\"abstract\"><span style=\"color: #7d5a03;\"><strong>O.G.<\/strong><\/span>: T\u00fa saliste joven de la comunidad. \u00bfNecesitabas ganar dinero?<\/p>\n<p class=\"abstract\"><span style=\"color: #ffb400;\"><strong>A.Q.<\/strong><\/span>: Ganar dinero y cambiar de vida, o sea no era tanto ganar dinero, porque no ten\u00edamos. En la comunidad, mi madre llevaba un poco de habas secas y las cambiaba por papas, con tanto que se haga un cambio, un trueque, ten\u00edamos gallina, \u00edbamos y cambi\u00e1bamos por un poco de tortillas, o sea, ya ten\u00edamos para comer. O sea, dinero dinero no hab\u00eda, sino que las condiciones de vida \u00a1eran malas! No ten\u00edamos carreteras en buenas condiciones. Yo ten\u00eda que irme a dos horas de distancia, que era cuesta y bajada para la escuela, eso era lej\u00edsimos, era horrible. Entonces dije: \u201cesto hay que cambiarlo\u201d, siempre dije \u201cesto hay que cambiarlo\u201d. Y no ten\u00edamos casa. Mi madre viv\u00eda en el terreno y casa de mis abuelitos. Ellos consiguieron ese terreno de una hacienda, esa hacienda les dieron por huasipungueros. Huasipungo es el que te da un pedazo de tierra a cambio de que la vayas trabajando para ese hacendado el resto de tu vida, y va quedando a tus hijos y tus otros hijos y as\u00ed, igual que las deudas que te dejan los banqueros, as\u00ed parecido, entonces yo ve\u00eda esa situaci\u00f3n fatal.<\/p>\n<p class=\"abstract\"><span style=\"color: #7d5a03;\"><strong>O.G.<\/strong><\/span>: \u00bfTus abuelos nunca fueron propietarios?<\/p>\n<p class=\"abstract\"><span style=\"color: #ffb400;\"><strong>A.Q.<\/strong><\/span>: Despu\u00e9s s\u00ed les dieron escrituras, a mis abuelos les dieron escrituras de esas tierras, pero como era tan poquito y mi t\u00edo, hermano de mi madre, la hab\u00eda puesto de hipoteca para pedir prestado dinero y comprar ganado y sembrar muchos granos y luego devolver el dinero\u2026 Entonces se qued\u00f3 con el terreno el banco. Mi madre nunca tuvo tierra.<\/p>\n<p class=\"abstract\"><span style=\"color: #7d5a03;\"><strong>O.G.<\/strong><\/span>: \u00bfY tu padre tampoco?<\/p>\n<p class=\"abstract\"><span style=\"color: #ffb400;\"><strong>A.Q.<\/strong><\/span>: De mi padre no recuerdo, yo no tengo en mi mente, porque mi padre encima de tomar, de beber alcohol, tambi\u00e9n ten\u00eda muchas mujeres\u2026 Esa imagen tengo, o sea\u2026 desagradable. Yo no lo soportaba, no pod\u00eda, y pues no quer\u00eda saber nada de mi padre, \u00e9l iba a un sitio, se quedaba yo no se cu\u00e1ntos d\u00edas, bueno\u2026 Yo m\u00e1s bien ten\u00eda una bonita imagen de mi abuelito, el padre de mi madre, de unos t\u00edos, de dos t\u00edos sobre todo, una imagen lind\u00edsima. Para m\u00ed, ellos eran mis padres, de hecho mis t\u00edos hasta muy grande siempre ense\u00f1\u00e1ndome m\u00fasica. Y bueno, yo siempre recuerdo que mi t\u00edo quer\u00eda que yo estudiara. \u00c9l me llev\u00f3 lejos, tambi\u00e9n, para una ni\u00f1a peque\u00f1a, caminar horas, o sea yo estaba muy cansada y mis t\u00edos me llevaron a hombros, cargada, a la Costa, para que estudiara, y yo recuerdo que lloraba hasta que me devolvieron, pero mi t\u00edo, era con esa finalidad de que estudiara.<\/p>\n<p class=\"abstract\"><span style=\"color: #7d5a03;\"><strong>O.G.<\/strong><\/span>: \u00bf\u00c9l te quer\u00eda dejar all\u00e1, para que te quedaras en la Costa?<\/p>\n<p class=\"abstract\"><span style=\"color: #ffb400;\"><strong>A.Q.<\/strong><\/span>: Claro, \u00e9l quer\u00eda que me quedara con mis primos y que estudiara y ah\u00ed terminara la escuela, porque donde mi mam\u00e1 la escuela estaba muy lejos. En la casa de \u00e9l, porque ten\u00eda una peque\u00f1a casita, estaba muy cerquita a la escuela.<\/p>\n<p class=\"abstract\"><span style=\"color: #7d5a03;\"><strong>O.G.<\/strong><\/span>: Eso hubiera significado que ten\u00edas que vivir all\u00e1.<\/p>\n<p class=\"abstract\"><span style=\"color: #ffb400;\"><strong>A.Q.<\/strong><\/span>: Claro, y de hecho me llevaron seis meses, pero esos seis meses eran una tortura para ellos porque yo lloraba todo el d\u00eda, mi t\u00edo no quer\u00eda verme llorar. \u00c9l quer\u00eda algo bonito, que terminara la escuela, que terminara el colegio. \u00c9l so\u00f1aba y dec\u00eda que yo era inteligente, y eso era lo bonito, desde peque\u00f1a siempre confiaban en m\u00ed.<\/p>\n<h2>Salida de la comunidad y primer encuentro con la ciudad<\/h2>\n<p class=\"abstract\"><span style=\"color: #7d5a03;\"><strong>O.G.<\/strong><\/span>: \u00bfPor qu\u00e9 saliste de la comunidad?<\/p>\n<p class=\"abstract\"><span style=\"color: #ffb400;\"><strong>A.Q.<\/strong><\/span>: Por mis estudios, por el colegio, la universidad y m\u00e1s que todo porque hab\u00eda que ayudar a mi familia y por eso no me quedaba otra que salir de esa comuna. A los trece a\u00f1os sal\u00ed a la ciudad. Sal\u00ed con mi hermano, el que me segu\u00eda a m\u00ed. \u00c9l ten\u00eda nueve a\u00f1os. Nos fuimos a la ciudad porque nos ofrecieron trabajo y que posiblemente pudi\u00e9ramos estudiar en el colegio. Por eso salimos a Quito desde esa comunidad hasta la capital.<\/p>\n<p class=\"abstract\"><span style=\"color: #7d5a03;\"><strong>O.G.<\/strong><\/span>: \u00bfQu\u00e9 trabajo les ofrecieron?<\/p>\n<p class=\"abstract\"><span style=\"color: #ffb400;\"><strong>A.Q.<\/strong><\/span>: A m\u00ed me tocaba trabajar en una casa. A mi hermano en un almac\u00e9n. Pero \u00e9l era peque\u00f1o, no se acostumbr\u00f3, dec\u00edan que lloraba todo el d\u00eda, y yo como trabajaba, no lo ve\u00eda. Mi hermano no dorm\u00eda conmigo, dorm\u00eda en el negocio que ten\u00eda esa familia, pues ellos lo llevaron a dormir donde ellos. Pero \u00e9l no se acostumbr\u00f3 a vivir en un ambiente donde no hab\u00eda nadie de la familia, dicen que lloraba de noche y de d\u00eda y que por eso lo han devuelto.<\/p>\n<p class=\"abstract\"><span style=\"color: #7d5a03;\"><strong>O.G.<\/strong><\/span>: Y t\u00fa en cambio s\u00ed te quedaste en esa casa\u2026<\/p>\n<p class=\"abstract\"><span style=\"color: #ffb400;\"><strong>A.Q.<\/strong><\/span>: Yo s\u00ed me qued\u00e9 trabajando. Yo pens\u00e9 volver a verlo despu\u00e9s de unos d\u00edas. Pens\u00e9 que podr\u00eda ver a mi hermano si alguien me dec\u00eda d\u00f3nde estaba. Pero nadie lograba comunicarme con \u00e9l, s\u00f3lo fue hasta que han pasado los a\u00f1os, que mi madre me busc\u00f3 y lleg\u00f3 donde yo estaba y ah\u00ed me enter\u00e9 de que mi hermano ya no estaba en Quito.<\/p>\n<p class=\"abstract\"><span style=\"color: #7d5a03;\"><strong>O.G.<\/strong><\/span>: \u00bfY mientras tanto, vas t\u00fa adapt\u00e1ndote a ese nueva vida?<\/p>\n<p class=\"abstract\"><span style=\"color: #ffb400;\"><strong>A.Q.<\/strong><\/span>: S\u00ed a esa nueva vida, y fue horrible, me cost\u00f3 mucho; me adapt\u00e9 pero no me acostumbr\u00e9, es horrible todo, yo recuerdo muy duro ese sistema de vida. Yo pas\u00e9 unas noches horribles, llorando igual, pero s\u00f3lo recuerdo que ofrec\u00ed a mis abuelitos, a mi madre, que yo iba a sacar adelante a mi familia.<\/p>\n<p class=\"abstract\"><span style=\"color: #7d5a03;\"><strong>O.G.<\/strong><\/span>: Entonces, luego de dos a\u00f1os tu mam\u00e1 te busca y te dice que tu hermanito ya no est\u00e1 ah\u00ed. \u00bfY t\u00fa qu\u00e9 haces?<\/p>\n<p class=\"abstract\"><span style=\"color: #ffb400;\"><strong>A.Q.<\/strong><\/span>: Ah\u00ed decido regresar a ir a ver a mi mam\u00e1 y a mis hermanos. Y me encontr\u00e9 con \u00e9l y a los otros hermanos. La hermana peque\u00f1ita que qued\u00f3 y que ya estaba grande, no quer\u00eda verme. Dec\u00eda que me desconoc\u00eda. \u00a1Claro, es que pasaron dos a\u00f1os! No era que no quer\u00eda verme, ella s\u00f3lo se escond\u00eda. Pero yo siempre so\u00f1aba con mis hermanos, crecer juntos, siempre jug\u00e1bamos\u2026 \u00a1uf! Un mont\u00f3n de juegos, luego de hacer deberes, nos qued\u00e1bamos hasta las doce de la noche, saltando a la soga y con un perro que ten\u00edamos y el perro tambi\u00e9n jugaba y era una linda vida con mis hermanos y yo so\u00f1aba seguir con ellos. Pero todo eso qued\u00f3 atr\u00e1s, ya cuando vienes a la ciudad, se queda ah\u00ed, se corta.<\/p>\n<p class=\"abstract\"><span style=\"color: #7d5a03;\"><strong>O.G.<\/strong><\/span>: Y la hermanita no te reconoce y eso te entristece.<\/p>\n<p class=\"abstract\"><span style=\"color: #ffb400;\"><strong>A.Q.<\/strong><\/span>: \u00a1Claro! Y el perro tampoco me reconoci\u00f3, \u00a1casi me muerde! As\u00ed que yo dije: \u201cAqu\u00ed todos me desconocen\u201d. Entonces, yo me qued\u00e9 viviendo en la ciudad, pero a partir de eso, cada a\u00f1o volv\u00eda, estaba m\u00e1s cerca. Y en eso yo ya cumplo 18 a\u00f1os y decid\u00ed que mi mam\u00e1 no pod\u00eda estar m\u00e1s tiempo separada de m\u00ed. Las cosas segu\u00edan mal en la comunidad y se decidi\u00f3 entonces que mi mam\u00e1 se viniera a Quito, y busqu\u00e9 sitio y consegu\u00ed que viniera con todos los seis hermanos, mi abuelita tambi\u00e9n, viv\u00eda mi abuelita todav\u00eda. Ya en ese entonces mi abuelito hab\u00eda muerto, yo nunca vi c\u00f3mo se muri\u00f3, eso me doli\u00f3 mucho\u2026 Pero bueno, vino mi abuelita, vino mi mam\u00e1 y vinieron mis hermanos\u2026 No s\u00e9 c\u00f3mo lo consegu\u00ed pero logr\u00e9 meterlos a todos\u2026<\/p>\n<h2>La familia reunida en Quito. Trabajo y dificultades de la unidad econ\u00f3mica familiar. Descubrimiento del trabajo social en la parroquia<\/h2>\n<p class=\"abstract\"><span style=\"color: #7d5a03;\"><strong>O.G.<\/strong><\/span>: \u00bfEn qu\u00e9 sector viv\u00edan?<\/p>\n<p class=\"abstract\"><span style=\"color: #ffb400;\"><strong>A.Q.<\/strong><\/span>: Al sur de Quito.<\/p>\n<p class=\"abstract\"><span style=\"color: #7d5a03;\"><strong>O.G.<\/strong><\/span>: \u00bfY segu\u00edas trabajando en una casa?<\/p>\n<p class=\"abstract\"><span style=\"color: #ffb400;\"><strong>A.Q.<\/strong><\/span>: No, yo trabajaba en el d\u00eda. Consegu\u00ed un trabajo en una panader\u00eda, en el mostrador. Trabajaba en el d\u00eda en la panader\u00eda y por la noche estudiaba. Era mi trabajo. En cambio, para mi mam\u00e1 no conseguimos un trabajo. Como ella estaba embarazada de tres meses de mi hermanita, ella no pod\u00eda trabajar. Entonces ten\u00edamos que poner a trabajar a mis hermanos. El uno fue a trabajar ayudando a cobrar en un transporte y el otro a trabajar en construcci\u00f3n y nosotros, los tres, a sostener la casa. Buen tiempo aguantamos as\u00ed, hasta que mi otro hermano decidi\u00f3 conseguir novia y ya se desbarat\u00f3 la familia. Lo que hab\u00edamos pensado era que los hermanos peque\u00f1os ten\u00edan que seguir estudiando mientras que los otros trabaj\u00e1bamos en el d\u00eda y estudi\u00e1bamos por la noche, as\u00ed hasta que termin\u00e1ramos. Pero uno decidi\u00f3 salirse del ruedo, pues\u2026<\/p>\n<p class=\"abstract\"><span style=\"color: #7d5a03;\"><strong>O.G.<\/strong><\/span>: Cuando consigue novia se va con ella\u2026<\/p>\n<p class=\"abstract\"><span style=\"color: #ffb400;\"><strong>A.Q.<\/strong><\/span>: Pues s\u00ed, ya despu\u00e9s con su novia tuvo una ni\u00f1a.<\/p>\n<p class=\"abstract\"><span style=\"color: #7d5a03;\"><strong>O.G.<\/strong><\/span>: Entonces ya no aporta a la unidad familiar.<\/p>\n<p class=\"abstract\"><span style=\"color: #ffb400;\"><strong>A.Q.<\/strong><\/span>: Ya me dio coraje. Y entonces yo segu\u00eda con mi otro hermano, seguimos para adelante, hac\u00edamos lo que pod\u00edamos. Pero bueno, s\u00ed que nos cost\u00f3 eso, cuando uno sale de la familia.<\/p>\n<p class=\"abstract\"><span style=\"color: #7d5a03;\"><strong>O.G.<\/strong><\/span>: \u00bfY para tu madre c\u00f3mo fue la llegada a la ciudad? \u00bfCu\u00e1ntos a\u00f1os ten\u00eda ella?<\/p>\n<p class=\"abstract\"><span style=\"color: #ffb400;\"><strong>A.Q.<\/strong><\/span>: Ten\u00eda como cuarenta. Fue dif\u00edcil, pero creo que la pobre tuvo que acostumbrarse. Dif\u00edcil, de hecho yo a veces la ve\u00eda llorar, porque quer\u00eda volver. Pero al mismo tiempo dec\u00eda: \u201c\u00bfA d\u00f3nde?\u201d<\/p>\n<p class=\"abstract\"><span style=\"color: #7d5a03;\"><strong>O.G.<\/strong><\/span>: Y hab\u00eda que trabajar\u2026<\/p>\n<p class=\"abstract\"><span style=\"color: #ffb400;\"><strong>A.Q.<\/strong><\/span>: S\u00ed. Yo segu\u00eda en lo m\u00edo. Ten\u00eda que estudiar, ten\u00eda reuniones, porque tambi\u00e9n eso, en Quito yo siempre buscaba un medio social. Y yo me acerqu\u00e9 a la parroquia. Hab\u00eda otro espacio social comunitario donde pod\u00edas reunirte, por ejemplo, ve\u00eda mucho grupito como pandillas, haciendo cosas en la ciudad, hijos de mucha gente migrante que ven\u00eda del campo a la ciudad pero se dedicaban a hacer cosas que yo no entiendo, que no me gustaban. Yo ve\u00eda cosas raras y no me acostumbraba. Pero con catorce o quince, me acerqu\u00e9 a la parroquia, a una iglesia donde se reun\u00edan j\u00f3venes dizque para estudiar a Dios para no s\u00e9 qu\u00e9. Me met\u00ed ah\u00ed los fines de semana. Y me dediqu\u00e9 a dar clases ah\u00ed, en esa parroquia, \u00a1y qu\u00e9 sorpresa! Despu\u00e9s me enter\u00e9 de que esa iglesia era parte del equipo pastoral del sur de Quito, y que ten\u00edan l\u00edneas con movimientos de la Teolog\u00eda de la Liberaci\u00f3n. Conoc\u00ed de cerca las obras y vida de monse\u00f1or \u00d3scar Arnulfo Romero, Le\u00f3nidas Proa\u00f1o, o sea los que despu\u00e9s fueron famosos en cuanto a la Teolog\u00eda de la Liberaci\u00f3n. Hab\u00eda muchos encuentros, much\u00edsima gente de Latinoam\u00e9rica, luchadores por la paz se reun\u00edan en esa iglesia, se llamaba <em>El Barquito<\/em>, que era como un barco, de hecho muy jovencito fue el que es presidente ahora de Nicaragua.<\/p>\n<p class=\"abstract\"><span style=\"color: #7d5a03;\"><strong>O.G.<\/strong><\/span>: Daniel Ortega.<\/p>\n<p class=\"abstract\"><span style=\"color: #ffb400;\"><strong>A.Q.<\/strong><\/span>: Bueno, a \u00e9se yo lo conoc\u00ed jovencito y me enamor\u00e9 de su lucha social, su compromiso con su pueblo, me gustaba lo que hablaba \u00e9l. Era una forma de expresarse genial\u00edsima. Hab\u00eda muchos cubanos, o sea gente de izquierda, izquierda de verdad. Eso fue sorpresa. Luego fui creciendo, yo vi que me gustaba el trabajo social, vi que no solamente con los ni\u00f1os se puede trabajar sino tambi\u00e9n con los mayores. Me dediqu\u00e9 a trabajar tambi\u00e9n luego con radiof\u00f3nicas, con el Instituto Radiof\u00f3nico de Fe y Alegr\u00eda, estuve ah\u00ed como cinco a\u00f1os.<\/p>\n<p class=\"abstract\"><span style=\"color: #7d5a03;\"><strong>O.G.<\/strong><\/span>: \u00bfTambi\u00e9n era de la iglesia?<\/p>\n<p class=\"abstract\"><span style=\"color: #ffb400;\"><strong>A.Q.<\/strong><\/span>: S\u00ed, pero de hecho era un espa\u00f1ol el que dirig\u00eda eso. Ten\u00eda una casa enorme, ten\u00eda toda una infraestructura para esa labor, estaba ah\u00ed y estuve en la parroquia tambi\u00e9n colaborando con las comunidades de base de ah\u00ed; como estaba haciendo bastante labor los fines de semana y como sab\u00eda entonar la guitarra, tambi\u00e9n me llevaba el padre de la parroquia a cantar e hicimos un grupo de m\u00fasica junto a una compa\u00f1era llamada Margarita, que lideraba en ese entonces. Ah\u00ed ganamos el primer premio de Don Bosco en Ecuador.<\/p>\n<p class=\"abstract\"><span style=\"color: #7d5a03;\"><strong>O.G.<\/strong><\/span>: Con el grupo de m\u00fasica.<\/p>\n<p class=\"abstract\"><span style=\"color: #ffb400;\"><strong>A.Q.<\/strong><\/span>: S\u00ed, entonces yo hac\u00eda el bajo\u2026<\/p>\n<p class=\"abstract\"><span style=\"color: #7d5a03;\"><strong>O.G.<\/strong><\/span>: \u00bfQu\u00e9 canciones tocaban con el grupo?<\/p>\n<p class=\"abstract\"><span style=\"color: #ffb400;\"><strong>A.Q.<\/strong><\/span>: Hicimos un himno, un himno a San Pablo, pero San Pablo el liberador, un Pablo diferente, y recuerdo que nos daba la noche estudiando y pr\u00e1cticando eso. La idea era proponer bonita m\u00fasica y algo nuevo. Y qued\u00f3 para la historia, porque fotos que se hicieron, quedaron para la parroquia. Ya a los dieciocho a\u00f1os, o sea, yo encantada. Recuerdo que iba contenta porque trabajaba, estudiaba, estaba con mi familia, ya todos ah\u00ed, estaba m\u00e1s tranquila.<\/p>\n<h2>Estudios universitarios y activismo<\/h2>\n<p class=\"abstract\"><span style=\"color: #ffb400;\"><strong>A.Q.<\/strong><\/span>: Ya luego de que estuve en esa parroquia llegu\u00e9 a ser secretaria de un grupo de sacerdotes que daban seguimiento a Monse\u00f1or Proa\u00f1o, el Obispo de los indios, que es muy reconocido en Ecuador.<\/p>\n<p class=\"abstract\"><span style=\"color: #7d5a03;\"><strong>O.G.<\/strong><\/span>: No conozco a Monse\u00f1or Proa\u00f1o.<\/p>\n<p class=\"abstract\"><span style=\"color: #ffb400;\"><strong>A.Q.<\/strong><\/span>: Estaba a la altura del Monse\u00f1or \u00d3scar Romero. La diferencia es que a \u00e9l lo mataron y Monse\u00f1or Proa\u00f1o estuvo preso en la dictadura militar cinco veces. Entonces, estos curas me llevaban de secretaria de all\u00e1 para ac\u00e1 y, bueno, aprend\u00ed muchas cosas, aprend\u00ed a manejar documentos y con ellos tambi\u00e9n estrategias, me asesoraron en c\u00f3mo estudiar, facilitaron para estudiar sobre liderazgo los fines de semana.<\/p>\n<p class=\"abstract\"><span style=\"color: #7d5a03;\"><strong>O.G.<\/strong><\/span>: \u00bfEn la universidad de ellos?<\/p>\n<p class=\"abstract\"><span style=\"color: #ffb400;\"><strong>A.Q.<\/strong><\/span>: As\u00ed es, pero con Monse\u00f1or Proa\u00f1o se hizo un plan para que los seglares pudieran estudiar teolog\u00eda pero dentro de la Iglesia, en vez de salir para afuera. Yo no llegu\u00e9 a culminar porque \u00e9l se muri\u00f3 justo en ese a\u00f1o. Yo segu\u00ed de lunes a viernes y como todo, trabajar el d\u00eda y por la noche estudiar.<\/p>\n<p class=\"abstract\"><span style=\"color: #7d5a03;\"><strong>O.G.<\/strong><\/span>: \u00bfEn qu\u00e9 universidad?<\/p>\n<p class=\"abstract\"><span style=\"color: #ffb400;\"><strong>A.Q.<\/strong><\/span>: En la Central.<\/p>\n<p class=\"abstract\"><span style=\"color: #7d5a03;\"><strong>O.G.<\/strong><\/span>: \u00bfY ten\u00edas que pagar o era gratuita?<\/p>\n<p class=\"abstract\"><span style=\"color: #ffb400;\"><strong>A.Q.<\/strong><\/span>: \u00a1Gratis! Yo no ten\u00eda de d\u00f3nde. A duras penas pod\u00eda. No lleg\u00e1bamos al fin de mes y encima ten\u00edas gastos de luz, agua\u2026 Tel\u00e9fono no ten\u00edamos en ese entonces. Los que s\u00ed ten\u00edan posibilidad, mis jefes por ejemplo, cuando yo trabaja de interna, ellos ten\u00edan tel\u00e9fono fijo en casa. Nosotros no. Entonces, claro, no hab\u00eda dinero. As\u00ed que mis hermanos, ellos dos no lograron terminar el bachillerato, los otros s\u00ed que han terminado, y de los peque\u00f1os, la \u00faltima no quiso estudiar pero estamos empuj\u00e1ndola.<\/p>\n<p class=\"abstract\"><span style=\"color: #7d5a03;\"><strong>O.G.<\/strong><\/span>: \u00bfY a la universidad cu\u00e1ntos han ido?<\/p>\n<p class=\"abstract\"><span style=\"color: #ffb400;\"><strong>A.Q.<\/strong><\/span>: Hemos ido tres.<\/p>\n<p class=\"abstract\"><span style=\"color: #7d5a03;\"><strong>O.G.<\/strong><\/span>: Entonces, t\u00fa escoges ir a la Central. \u00bfY all\u00ed te inscribes en qu\u00e9?<\/p>\n<p class=\"abstract\"><span style=\"color: #ffb400;\"><strong>A.Q.<\/strong><\/span>: Primero en sociolog\u00eda. Yo quer\u00eda terminar la carrera, graduarme, pero no termin\u00e9. Me retir\u00e9 porque me delegaron desde las Comunidades Eclesiales de Base, <span class=\"small-caps\">ceb<\/span>, de delegada a un encuentro de m\u00e1s de 250 organizaciones del pa\u00eds para conformar un comit\u00e9 con <span class=\"small-caps\">conaie<\/span> para reunir investigaciones en toda Am\u00e9rica latina sobre el genocidio y el etnocidio que cometieron hace m\u00e1s de 500 a\u00f1os.<\/p>\n<p class=\"abstract\"><span style=\"color: #7d5a03;\"><strong>O.G.<\/strong><\/span>: Claro, todo esto fue en los a\u00f1os noventa.<\/p>\n<p class=\"abstract\"><span style=\"color: #ffb400;\"><strong>A.Q.<\/strong><\/span>: Fue previo al levantamiento ind\u00edgena, en el 92. Entonces yo particip\u00e9 ah\u00ed, me nombraron secretaria ejecutiva del Comit\u00e9 y bueno, ah\u00ed estuve un buen tiempo con ellos.<\/p>\n<p class=\"abstract\"><span style=\"color: #7d5a03;\"><strong>O.G.<\/strong><\/span>: \u00bfMe puedes decir qu\u00e9 es <span class=\"small-caps\">conaie<\/span>?<\/p>\n<p class=\"abstract\"><span style=\"color: #ffb400;\"><strong>A.Q.<\/strong><\/span>: Confederaci\u00f3n de Nacionalidades Ind\u00edgenas de Ecuador. Y ah\u00ed estuve bastante tiempo. Yo ten\u00eda que estudiar en la universidad o terminar el mandato. Y dije \u201cComo \u00e9sta, no va a haber otra oportunidad\u201d. Termin\u00e9 el mandato y ya luego s\u00ed segu\u00ed estudiando. Yo vuelvo a estudiar pero ya no me dan ganas de seguir sociolog\u00eda. Me gusta la psicolog\u00eda tambi\u00e9n, porque con eso voy a ayudar mejor y a m\u00ed misma, creo. Mis hermanos me dec\u00edan: \u201cEso es para resolver tu problema que tienes, sigue sociolog\u00eda, termina eso\u201d. Y los otros, que no quer\u00edan estudiar, dec\u00edan: \u201cT\u00fa sigue\u201d. Es que es de debate con mis hermanos y siempre estamos as\u00ed nosotros.<\/p>\n<h2>Vida marital. Trabajo pol\u00edtico y la decisi\u00f3n de emigrar a Espa\u00f1a<\/h2>\n<p class=\"abstract\"><span style=\"color: #7d5a03;\"><strong>O.G.<\/strong><\/span>: \u00bfA tu compa\u00f1ero lo conociste en esa \u00e9poca?<\/p>\n<p class=\"abstract\"><span style=\"color: #ffb400;\"><strong>A.Q.<\/strong><\/span>: S\u00ed, creo que ya lo conoc\u00eda pero \u00e9l no estaba en mi plan. Yo lo ve\u00eda, \u00e9l nunca estaba en mis planes, pero \u00e9l dec\u00eda que yo s\u00ed en los suyos. Es que yo tambi\u00e9n ten\u00eda alg\u00fan novio, pero como anduve metida en trabajos, estudiando, mi familia, la organizaci\u00f3n\u2026 Me olvidaba de las citas, as\u00ed que siempre termin\u00e1bamos peleando porque alguno de ellos siempre me dec\u00edan que soy \u201cplantilla\u201d, o sea que dejo plantada a la gente\u2026<\/p>\n<p class=\"abstract\"><span style=\"color: #7d5a03;\"><strong>O.G.<\/strong><\/span>: \u00bfEn esos a\u00f1os en que dejaste psicolog\u00eda te juntaste con tu compa\u00f1ero?<\/p>\n<p class=\"abstract\"><span style=\"color: #ffb400;\"><strong>A.Q.<\/strong><\/span>: S\u00ed, me fui a vivir a su pueblo, Echeand\u00eda. Era la misma provincia de Bol\u00edvar donde nac\u00ed, lo que pasa es que \u00e9l es de la parte Costa y yo soy de la Sierra, de la parte andina, pero est\u00e1 a tres horas de distancia, est\u00e1 cerquita. Pero yo lo conoc\u00ed en Quito.<\/p>\n<p class=\"abstract\"><span style=\"color: #7d5a03;\"><strong>O.G.<\/strong><\/span>: \u00bf\u00c9l qu\u00e9 actividad ten\u00eda en esa \u00e9poca?<\/p>\n<p class=\"abstract\"><span style=\"color: #ffb400;\"><strong>A.Q.<\/strong><\/span>: Activismo social y radiot\u00e9cnico.<\/p>\n<p class=\"abstract\"><span style=\"color: #7d5a03;\"><strong>O.G.<\/strong><\/span>: Ah\u00ed pasas un tiempo en Echeand\u00eda.<\/p>\n<p class=\"abstract\"><span style=\"color: #ffb400;\"><strong>A.Q.<\/strong><\/span>: S\u00ed. Cinco a\u00f1os antes de venir aqu\u00ed.<\/p>\n<p class=\"abstract\"><span style=\"color: #7d5a03;\"><strong>O.G.<\/strong><\/span>: \u00bfY a los cinco a\u00f1os te vienes?<\/p>\n<p class=\"abstract\"><span style=\"color: #ffb400;\"><strong>A.Q.<\/strong><\/span>: S\u00ed, y aqu\u00ed ya llevamos 18 a\u00f1os.<\/p>\n<p class=\"abstract\"><span style=\"color: #7d5a03;\"><strong>O.G.<\/strong><\/span>: \u00bfY c\u00f3mo es la decisi\u00f3n de venir para ac\u00e1?<\/p>\n<p class=\"abstract\"><span style=\"color: #ffb400;\"><strong>A.Q.<\/strong><\/span>: A ver: Gerardo, mi compa\u00f1ero, ten\u00eda un negocio, en Echeand\u00eda a \u00e9l le iba a mal\u2026 En cambio a m\u00ed no me fue tan mal, tuve un trabajo fijo.<\/p>\n<p class=\"abstract\"><span style=\"color: #7d5a03;\"><strong>O.G.<\/strong><\/span>: \u00bfEn qu\u00e9 trabajaste en Echeand\u00eda?<\/p>\n<p class=\"abstract\"><span style=\"color: #ffb400;\"><strong>A.Q.<\/strong><\/span>: Estuve de secretaria en el departamento jur\u00eddico del municipio. Estuve varios a\u00f1os, pagaban m\u00e1s o menos, no tan bien pero tampoco tan mal, me daba para vivir. \u00c9l, en cambio, tuvo que poner un negocio en el Oriente, lejos, a doce horas de camino. Fue para all\u00e1 y no le fue tan bien. Y luego, pues a m\u00ed me lanzan de candidata para concejal de ese municipio.<\/p>\n<p class=\"abstract\"><span style=\"color: #7d5a03;\"><strong>O.G.<\/strong><\/span>: \u00bfPara Echeand\u00eda?<\/p>\n<p class=\"abstract\"><span style=\"color: #ffb400;\"><strong>A.Q.<\/strong><\/span>: S\u00ed. Tuve que hacer gastos, tuve que invertir y sin embargo, \u00bfdespu\u00e9s de d\u00f3nde iba a tener para pagar? Porque la l\u00f3gica que tienen los partidos es gastar mucho dinero para ganar y luego exprimir al municipio, y luego la deuda va para la gente. \u00bfDe qu\u00e9 le sirve eso a la gente? Yo no estoy en esos planes y dije: \u201cNo, esa deuda yo tengo que pagarla\u201d. Pero en ese entonces se dolariz\u00f3 el pa\u00eds. Se subi\u00f3 la deuda, te puedes imaginar. Entonces un d\u00eda dije: \u201cMe voy a Europa un tiempo, pago esas deudas y regreso a trabajar\u201d.<\/p>\n<p class=\"abstract\"><span style=\"color: #7d5a03;\"><strong>O.G.<\/strong><\/span>: \u00bfTe pidieron que fueras concejal por qu\u00e9 partido?<\/p>\n<p class=\"abstract\"><span style=\"color: #ffb400;\"><strong>A.Q.<\/strong><\/span>: Pachakutik, de los pueblos ind\u00edgenas, un ala del movimiento ind\u00edgena para participar en elecciones.<\/p>\n<p class=\"abstract\"><span style=\"color: #7d5a03;\"><strong>O.G.<\/strong><\/span>: \u00bfY no quedaste?<\/p>\n<p class=\"abstract\"><span style=\"color: #ffb400;\"><strong>A.Q.<\/strong><\/span>: No, no qued\u00e9 como concejal. No gan\u00e9 nada, pero yo pod\u00eda volver a trabajar ah\u00ed en el municipio. Pero yo digo: \u201cNo, yo mejor pago aparte y ya despu\u00e9s volver\u00e9\u201d.<\/p>\n<p class=\"abstract\"><span style=\"color: #7d5a03;\"><strong>O.G.<\/strong><\/span>: S\u00ed, y tiene que ver con la dolarizaci\u00f3n&#8230;<\/p>\n<p class=\"abstract\"><span style=\"color: #ffb400;\"><strong>A.Q.<\/strong><\/span>: Efectivamente. Para poder sobrevivir iba a ser m\u00e1s precario, m\u00e1s compleja la vida que nos esperaba.<\/p>\n<p class=\"abstract\"><span style=\"color: #7d5a03;\"><strong>O.G.<\/strong><\/span>: Y es una \u00e9poca en que salieron muchos ecuatorianos.<\/p>\n<p class=\"abstract\"><span style=\"color: #ffb400;\"><strong>A.Q.<\/strong><\/span>: Much\u00edsimos. Entonces decidimos que seguramente ser\u00eda mejor que los dos trabaj\u00e1ramos ac\u00e1 y luego regres\u00e1ramos.<\/p>\n<p class=\"abstract\"><span style=\"color: #7d5a03;\"><strong>O.G.<\/strong><\/span>: \u00bfLlegaron a Madrid?<\/p>\n<p class=\"abstract\"><span style=\"color: #ffb400;\"><strong>A.Q.<\/strong><\/span>: S\u00ed. Llegamos a donde una amiga que nos esperaba. Ella nos dio cobijo los primeros ocho d\u00edas o quince, luego conseguimos un trabajo de interno los dos.<\/p>\n<p class=\"abstract\"><span style=\"color: #7d5a03;\"><strong>O.G.<\/strong><\/span>: \u00bfEn qu\u00e9 consisti\u00f3 el trabajo de \u00e9l y el tuyo?<\/p>\n<p class=\"abstract\"><span style=\"color: #ffb400;\"><strong>A.Q.<\/strong><\/span>: Yo en la cocina y \u00e9l limpiar, porque era una casa grande. Limpieza y ayudar a servir. Era en la misma casa. Nos alojaban ah\u00ed mismo, ten\u00edamos una habitaci\u00f3n para los dos.<\/p>\n<p class=\"abstract\"><span style=\"color: #7d5a03;\"><strong>O.G.<\/strong><\/span>: \u00bfY c\u00f3mo les fue ah\u00ed?<\/p>\n<p class=\"abstract\"><span style=\"color: #ffb400;\"><strong>A.Q.<\/strong><\/span>: Nos fue\u2026 bueno, bien. Conseguimos pagar las deudas, con respecto a eso no hubo problema. Pero claro, era mucho trabajo. Hab\u00eda que atender a una persona que estaba invalidada, otra persona que tampoco pod\u00eda movilizarse mucho pero caminaba con dos personas, y en el resto hab\u00eda que atender a cinco. Ah\u00ed estuvimos dos a\u00f1os. Conseguimos papeles. Al a\u00f1o y medio ya ten\u00edamos papeles. Gerardo consigui\u00f3 papeles con el trabajo en la electricidad y yo de ayuda a domicilio.<\/p>\n<h2>Del sue\u00f1o de ser propietaria al descubrimiento de la estafa inmobiliaria<\/h2>\n<p class=\"abstract\"><span style=\"color: #ffb400;\"><strong>A.Q.<\/strong><\/span>: En eso se vino mi hermana la peque\u00f1a, que quer\u00eda estar aqu\u00ed. Ten\u00eda diecisiete a\u00f1os. Cuando ella vino, tuvimos que alquilar una habitaci\u00f3n. Era un l\u00edo. Mi hermana tuvo que ir a vivir en una habitaci\u00f3n, nosotros en otra y tambi\u00e9n por eso tuvimos que buscar. Por eso fue el apuro de buscar piso, alquiler y no hab\u00eda c\u00f3mo y tuve que comprar.<\/p>\n<p class=\"abstract\"><span style=\"color: #7d5a03;\"><strong>O.G.<\/strong><\/span>: \u00bfEra m\u00e1s f\u00e1cil comprar que alquilar?<\/p>\n<p class=\"abstract\"><span style=\"color: #ffb400;\"><strong>A.Q.<\/strong><\/span>: Era m\u00e1s f\u00e1cil comprar que alquilar porque ellos mismos te dec\u00edan que en vez de gastar el dinero en alquiler, pues est\u00e1s ahorrando. Dec\u00edan que cuando llegue tu d\u00eda de devolverte, vendes este piso, que nunca los precios van para abajo. Entonces, claro, yo pod\u00eda supuestamente vender ese piso y luego ya volver a mi tierra con dinero, eso es lo que nos vendieron en el principio.<\/p>\n<p class=\"abstract\"><span style=\"color: #7d5a03;\"><strong>O.G.<\/strong><\/span>: Y ustedes lo creen y se endeudan, y compran este apartamento.<\/p>\n<p class=\"abstract\"><span style=\"color: #ffb400;\"><strong>A.Q.<\/strong><\/span>: S\u00ed, este apartamento donde estamos.<\/p>\n<p class=\"abstract\"><span style=\"color: #7d5a03;\"><strong>O.G.<\/strong><\/span>: \u00bfEsto es en qu\u00e9 a\u00f1o?<\/p>\n<p class=\"abstract\"><span style=\"color: #ffb400;\"><strong>A.Q.<\/strong><\/span>: En el 2004 compramos este piso, nosotros llegamos en el a\u00f1o 2001 y luego a los tres a\u00f1os es que viene mi hermana. Bueno, porque este piso no era habitable<\/p>\n<p class=\"abstract\"><span style=\"color: #7d5a03;\"><strong>O.G.<\/strong><\/span>: \u00bfNo era habitable?<\/p>\n<p class=\"abstract\"><span style=\"color: #ffb400;\"><strong>A.Q.<\/strong><\/span>: O sea, nos vendieron supuestamente un apartamento amoblado, pero no era as\u00ed. No ten\u00edamos cocina, hab\u00eda cables que estaban todos podridos, hac\u00edan corto circuito cada rato, y as\u00ed\u2026 Limpiamos todo para poder vivir.<\/p>\n<p class=\"abstract\"><span style=\"color: #7d5a03;\"><strong>O.G.<\/strong><\/span>: \u00bfEste apartamento se los vendi\u00f3 qui\u00e9n?<\/p>\n<p class=\"abstract\"><span style=\"color: #ffb400;\"><strong>A.Q.<\/strong><\/span>: Una inmobiliaria, una agencia, de hecho este es el caso <span class=\"small-caps\">chi<\/span>, Central Hipotecaria del Inmigrante, \u00e9sa es la inmobiliaria que nos capt\u00f3 para que compr\u00e1ramos este piso.<\/p>\n<p class=\"abstract\"><span style=\"color: #7d5a03;\"><strong>O.G.<\/strong><\/span>: \u00bfEn qu\u00e9 consiste el enga\u00f1o y en qu\u00e9 consiste la lucha?<\/p>\n<p class=\"abstract\"><span style=\"color: #ffb400;\"><strong>A.Q.<\/strong><\/span>: Ac\u00e1 estuvo todo organizado, planificado por la banca. Ten\u00edan sus asesores, ten\u00edan gente muy preparada para que las v\u00edctimas, en este caso por necesidad y porque te induc\u00edan a ello, pues cayeran en que lo mejor era comprar vivienda. Para traer a nuestras familias, incluso, dentro de los requisitos, hab\u00eda que tener un piso. Entonces, ac\u00e1 el Estado estaba realmente implicado en esto de inducir a conseguir un piso, una vivienda. Nosotros venimos, much\u00edsimos latinoamericanos, en los a\u00f1os 2000 a 2004, nos embarcamos aqu\u00ed porque en nuestros pa\u00edses nuestras condiciones iban a ser peores. En nuestros pa\u00edses se dio el corralito, se dio la debacle econ\u00f3mica, los bancos ah\u00ed tambi\u00e9n fueron los responsables, pues no resolvieron el problema, lo que hicieron fue echarnos a nosotros. Y aqu\u00ed, pues encontramos todo igual, lo que pasa es que no sab\u00edamos. Igual, si hubi\u00e9ramos sabido, no s\u00e9 qu\u00e9 hubi\u00e9ramos hecho.<\/p>\n<p>Para m\u00ed, la lucha social ha sido\u2026 No es que me guste, es que con ello hemos nacido y hemos crecido y hemos conseguido cambios importantes en nuestros pa\u00edses. Y yo tambi\u00e9n ten\u00eda esa fe de que aqu\u00ed eso no lo debo perder. Estuve en muchos grupos, integr\u00e1ndome, pero ninguno me dijo que ac\u00e1 puede haber una estafa o que vea bien la letra peque\u00f1a, nadie me dijo nada\u2026<\/p>\n<p class=\"abstract\"><span style=\"color: #7d5a03;\"><strong>O.G.<\/strong><\/span>: Y es que fueron muchos los que cayeron\u2026<\/p>\n<p class=\"abstract\"><span style=\"color: #ffb400;\"><strong>A.Q.<\/strong><\/span> Miles\u2026 Es que no tenemos idea de lo que ha sido esta brutal estafa a la gente. Hemos sido v\u00edctimas en nuestros pa\u00eds de origen y ahora ac\u00e1 tambi\u00e9n hemos venido a caer. Nos hizo falta el apoyo de personalidades que tienen conocimientos. Por ejemplo, lo que se ha investigado en Ecuador sobre lo que hizo Estados Unidos para que se diera la dolarizaci\u00f3n y para que se quedaran los bancos con la plata de mucha gente\u2026 Nos hubiera ayudado eso, para que aqu\u00ed nosotros estuvi\u00e9ramos preparados. Es que son cosas que se repiten, solamente cambian algunos contenidos, pero se vuelve a repetir la estafa. Y las v\u00edctimas seguimos siendo los mismos. Solamente hemos cambiado de lugar. La batalla aqu\u00ed ha sido muy dura, muy dura.<\/p>\n<h2>La lucha con la <span class=\"small-caps\">conadee<\/span> y la dificultad de lograr visibilidad<\/h2>\n<div class=\"video-wrap\"><div class=\"video\"><iframe loading=\"lazy\" src=\"https:\/\/www.youtube.com\/embed\/CZyy1Q-M1KI\" allow=\"accelerometer; autoplay; encrypted-media; gyroscope; picture-in-picture\" allowfullscreen=\"\" width=\"560\" height=\"315\" frameborder=\"0\"><\/iframe><\/div><p class=\"leyenda\"><\/p><\/div>\n<p class=\"abstract\"><span style=\"color: #7d5a03;\"><strong>O.G.<\/strong><\/span>: \u00bfCu\u00e1ndo empez\u00f3 la batalla?<\/p>\n<p class=\"abstract\"><span style=\"color: #ffb400;\"><strong>A.Q.<\/strong><\/span>: En el 2007. En el 2006 yo asum\u00ed la presidencia de la <span class=\"small-caps\">conadee<\/span>.<\/p>\n<p class=\"abstract\"><span style=\"color: #7d5a03;\"><strong>O.G.<\/strong><\/span>: H\u00e1blame de la Coordinadora Nacional de Ecuatorianos en Espa\u00f1a, <span class=\"small-caps\">conadee<\/span>.<\/p>\n<p class=\"abstract\"><span style=\"color: #ffb400;\"><strong>A.Q.<\/strong><\/span>: La <span class=\"small-caps\">conadee<\/span> se cre\u00f3 en el a\u00f1o 2000, pero con el objetivo de difundir la cultura, hacer m\u00fasica y danza. Yo llegu\u00e9 despu\u00e9s. Cuando yo llegu\u00e9 hab\u00eda conflictos, porque algunos quer\u00edan s\u00f3lo dedicarse a la cultura y al deporte, pero yo no estaba por eso. El plan de trabajo que yo present\u00e9 para ser presidenta era visibilizar no s\u00f3lo la parte cultural, tambi\u00e9n otras cosas fundamentales. Los j\u00f3venes y las mujeres me dieron el voto. Eso fue una lucha dura. Incluso una noche antes de las elecciones, la mujer de uno de los hombres que compet\u00eda por la presidencia vino para comentarme: \u201cYo de usted recibo un plato de comida y nunca usted me ha dicho a cambio de qu\u00e9\u201d. Dice: \u201cDe usted he recibido consejos, apoyo solidario\u2026\u201d Mejor dicho, el discurso que se lanz\u00f3. \u201cEn cambio, de mi marido \u2013dijo, mejor dicho, hasta golpes aguanto\u201d. Me di cuenta de que son enemigos hasta en la casa, estos machistas. Ella me dijo: \u201cPrep\u00e1rate para ma\u00f1ana, que \u00e9l va a llevar gente, ecuatorianos que se van a afiliar a la organizaci\u00f3n, y eso lo hace para ganar votos\u201d. Yo dije: \u201cPor m\u00ed no hay problema\u201d. Lo que s\u00ed, cuando supe eso, dije: \u201cTiene que haber medios de comunicaci\u00f3n. No importa que yo no sea presidenta, pero que quede por lo menos una foto\u201d. Llamamos a unas personas. Hab\u00eda periodistas grabando todo. La mujer de \u00e9l vot\u00f3 por m\u00ed. Fue lind\u00edsimo. Porque cuando otras personas con las que yo hac\u00eda danza se enteraron, convocaron a m\u00e1s gente. Estaba la sala llena, hab\u00eda como 200 personas. Doce votaron por estos dos, uno tuvo 8 votos y el otro 4. Del resto, toditos por m\u00ed. Yo gan\u00e9 por las mujeres y los j\u00f3venes, y algunos hombres, que tambi\u00e9n hay buenos.<\/p>\n<p class=\"abstract\"><span style=\"color: #7d5a03;\"><strong>O.G.<\/strong><\/span>: \u00bfQu\u00e9 pasa cuando eres elegida?<\/p>\n<p class=\"abstract\"><span style=\"color: #ffb400;\"><strong>A.Q.<\/strong><\/span>: Eso fue bonito. Est\u00e1bamos trabajando en propuestas de inmigraci\u00f3n, explicando que los inmigrantes no venimos aqu\u00ed a quitarle el trabajo a nadie, sino a construir, y para construir tenemos que conocer la realidad de ac\u00e1, y la historia, que tambi\u00e9n hay buenas cosas. Y tambi\u00e9n, lo bueno que hemos tra\u00eddo nosotros es para compartir. Hay que debatir, hay que llegar a consensos. Est\u00e1bamos trabajando en eso y preparando materiales cuando en el 2007 mi marido se qued\u00f3 sin trabajo, e igual los maridos de mis compa\u00f1eras y de mis amigas. Primero fueron los migrantes, los que trabajaban en la construcci\u00f3n. Cuando nos quedamos sin trabajo, lo primero que hice fue acudir al banco. Porque cuando yo tom\u00e9 la hipoteca, me dijeron que los primeros a\u00f1os iba a pagar tanto, y luego iba a pagar menos. Y del dicho al hecho, fue todo diferente.<\/p>\n<p class=\"abstract\"><span style=\"color: #7d5a03;\"><strong>O.G.<\/strong><\/span>: \u00bfQu\u00e9 te dijo el banco?<\/p>\n<p class=\"abstract\"><span style=\"color: #ffb400;\"><strong>A.Q.<\/strong><\/span>: Me dijeron que esto no era as\u00ed: \u201cT\u00fa has firmado una hipoteca variable, y por lo tanto el Euribor<a class=\"anota\" id=\"anota2\" data-footnote=2>2<\/a> cambia y eso es problema vuestro\u201d. Yo digo, \u201c\u00bfC\u00f3mo es esto?\u201d Y empezamos con las reuniones en <span class=\"small-caps\">conadee<\/span>, con las preguntas, a averiguar de qu\u00e9 iba esto. Le dije al abogado que nos asesora que nos ayudara a ver a un profesional, a ver si era cierto lo que me estaba diciendo la se\u00f1ora del banco. El ley\u00f3 la hipoteca y dijo: \u201cNo s\u00e9 lo que has firmado, pero ac\u00e1 hay una cosa gorda\u201d. Se contrat\u00f3 a un equipo de abogados, y tambi\u00e9n a otro grupo de mujeres abogadas. Y los dos equipos casi coincidieron. Uno dijo \u201cAc\u00e1 ha habido fraude\u201d y otro dijo \u201cAc\u00e1 hay estafa\u201d. Con otros compa\u00f1eros del tema contable hemos venido analizando cu\u00e1nto he estado pagando y c\u00f3mo se distribuye el inter\u00e9s y el capital. \u00a1Pero para el capital es nada! \u00a1S\u00f3lo para el inter\u00e9s! Inicialmente este an\u00e1lisis se hizo con mi escritura. Luego, lo que hice fue compartir con la gente, para que esta informaci\u00f3n no fuera s\u00f3lo para m\u00ed, sino tambi\u00e9n para los que estaban padeciendo lo mismo que yo. Se hicieron talleres. Yo ped\u00eda que vinieran veinte personas, que no fueran muchos, y ven\u00edan 40 o 60. Invitaba a 40 o 60 y llegaban 300 personas.<\/p>\n<p class=\"abstract\"><span style=\"color: #7d5a03;\"><strong>O.G.<\/strong><\/span>: \u00bfEsto ya es en el a\u00f1o 2008?<\/p>\n<p class=\"abstract\"><span style=\"color: #ffb400;\"><strong>A.Q.<\/strong><\/span>: S\u00ed, en 2008. \u00c9ramos inmigrantes. De hecho, la mayor\u00eda de las hipotecas fueron firmadas por los inmigrantes. Porque nosotros en ese entonces ten\u00edamos recursos. Nosotros nunca dec\u00edamos no a lo que los bancos nos pon\u00edan sobre la mesa. Son ellos los que nos han inducido y preparado el paquete para que cay\u00e9ramos en eso. Los responsables son ellos, pero a la hora de la hora ellos nunca han asumido su responsabilidad.<\/p>\n<p class=\"abstract\"><span style=\"color: #7d5a03;\"><strong>O.G.<\/strong><\/span>: H\u00e1blame de la lucha, c\u00f3mo se organiz\u00f3 y cu\u00e1l fue tu papel.<\/p>\n<p class=\"abstract\"><span style=\"color: #ffb400;\"><strong>A.Q.<\/strong><\/span>: Para m\u00ed fue un papel fundamental aguantar, resistir, no dormir, hasta que se visibilizara. En el 2006 fui elegida presidenta. En el 2007 yo estaba encantada, haciendo cosas, y tuve que dejarlas, porque ya descubr\u00ed el tema de hipotecas. As\u00ed que esto ha sido para m\u00ed\u2026 Se me ha ido la vida\u2026 En principio, yo dije \u201cSi somos muchos, no vamos a tardar, vamos a salir pronto de esto\u201d. Pero no ha sido as\u00ed.<\/p>\n<p class=\"abstract\"><span style=\"color: #7d5a03;\"><strong>O.G.<\/strong><\/span>: \u00bfCu\u00e1les fueron las etapas?<\/p>\n<p class=\"abstract\"><span style=\"color: #ffb400;\"><strong>A.Q.<\/strong><\/span>: En el 2007 se hizo la investigaci\u00f3n, se hizo la reuni\u00f3n para informar a los migrantes. Nos organizamos para, primero, entrar a hablar con las autoridades. Nos organizamos por comisiones, en total como ocho grupos. \u00c9ramos s\u00f3lo migrantes, casi todos ecuatorianos, con <span class=\"small-caps\">conadee<\/span>. Yo estaba en la comisi\u00f3n que hablaba con las autoridades. Fui a hablar con Zapatero, tres veces nos recibi\u00f3 \u00e9l. Luego nos mand\u00f3 a donde el responsable del Banco de Espa\u00f1a y con el representante del <span class=\"small-caps\">psoe<\/span> en el campo econ\u00f3mico. Con los responsables de la banca <span class=\"small-caps\">bbva<\/span>, Bankia, de Banco Santander, con ellos tambi\u00e9n nos sentamos a hablar. Hemos hablado con medio mundo. En el 2008 fue esto, y ellos nos echaban la culpa a nosotros. Nos dijeron: \u201cUstedes han decidido comprar\u201d. Y yo lo \u00fanico que ten\u00eda era la esperanza de hacer ver la realidad a las <span class=\"small-caps\">ong,<\/span> o por ejemplo a la <span class=\"small-caps\">ugt<\/span>, Comisiones Obreras, y yo vi que ellos\u2026 \u00a1nada! Ellos dijeron que nosotros hab\u00edamos firmado. Y nos dijeron que cada uno deb\u00eda resolver con el banco. \u00c9sa es la posici\u00f3n del gobierno y de la banca: captar al afectado y poner a firmar a las personas lo que la banca quiere. En esa situaci\u00f3n yo dije: \u201cAqu\u00ed, o nos movilizamos, o nos comen\u201d. Asist\u00ed a una reuni\u00f3n en el <span class=\"small-caps\">psoe<\/span> donde me pidieron que demostrara que hab\u00eda estafa, que llevara las escrituras. Yo escog\u00ed como 200 escrituras, donde estamos todos encadenados. En cada escritura hay cuatro o cinco personas, propietarias o copropietarias, que no tenemos un trabajo fijo y que servimos de avalistas. Pero esto es ilegal, tener hipotecas as\u00ed, saltando los controles de riesgo del Banco de Espa\u00f1a. Yo llev\u00e9 pruebas. Y me dijeron los representantes del <span class=\"small-caps\">psoe<\/span>: \u201cSi tienes claro que esto ha sido una estafa, para eso est\u00e1n las autoridades, los juzgados. Segundo, no hagas ruido, porque lo que quieres es echar para abajo el sistema\u201d. Cuando me dicen eso, yo pens\u00e9: \u201cYo asumir\u00e9 mi equivocaci\u00f3n, tendr\u00e9 que asumir ciertas cuestiones ah\u00ed, pero no puede ser que tenga que asumirlo todo. Si a esto le llaman sistema, mal asunto, ellos tendr\u00e1n que asumir\u201d.<\/p>\n<p class=\"abstract\"><span style=\"color: #7d5a03;\"><strong>O.G.<\/strong><\/span>: \u00bfC\u00f3mo es esto de los avalistas cruzados?<\/p>\n<p class=\"abstract\"><span style=\"color: #ffb400;\"><strong>A.Q.<\/strong><\/span>: Por ejemplo, la persona a la que en 2004 yo le firm\u00e9 el aval me llam\u00f3 en 2008 para decirme que hab\u00eda dejado de pagar el piso. Y que le parec\u00eda que el piso estaba en juicio. Ocho d\u00edas despu\u00e9s me llam\u00f3 el banco para decirme: \u201cT\u00fa tienes que pagar porque t\u00fa tienes n\u00f3mina, vamos por tu n\u00f3mina porque t\u00fa fuiste aval para esta persona\u201d. Yo estaba consternada. Pens\u00e9: \u201cVoy a quedarme sin ese salario\u201d, siendo que era yo quien segu\u00eda pagando por el piso que hab\u00edamos comprado con mi marido, que estaba sin empleo. Yo era la \u00fanica que estaba solventando. As\u00ed que fui corriendo a ese banco, Caja del Mediterr\u00e1neo, y les dije que yo iba a cantarle a toda Espa\u00f1a esa estafa. No s\u00e9 qu\u00e9 pas\u00f3, luego de eso nunca m\u00e1s me llamaron. S\u00f3lo supe que el piso estaba saneado y que no iba a haber problemas. Me qued\u00e9 libre de eso. Pero a otros no les ha pasado as\u00ed. Ahora mismo tengo a una amiga que fue avalista de otra, y que le est\u00e1n cobrando de su n\u00f3mina con una sentencia judicial. Esto era en 2008, y yo no sab\u00eda que iba a pasar en mi futuro.<\/p>\n<p class=\"abstract\"><span style=\"color: #7d5a03;\"><strong>O.G.<\/strong><\/span>: Son ya diez a\u00f1os de lucha.<\/p>\n<p class=\"abstract\"><span style=\"color: #ffb400;\"><strong>A.Q.<\/strong><\/span>: S\u00ed, son ya diez a\u00f1os. En 2008, despu\u00e9s de las reuniones con la <span class=\"small-caps\">ugt<\/span> [Uni\u00f3n General de Trabajadores], con el gobierno, con los banqueros, ve\u00edamos que no nos iban ayudar. Entendimos que ten\u00edamos que movernos, aunque no lleg\u00e1ramos lejos, pero con ideas claras.<\/p>\n<p class=\"abstract\"><span style=\"color: #7d5a03;\"><strong>O.G.<\/strong><\/span>: \u00bfHubo alianzas con sectores espa\u00f1oles?<\/p>\n<p class=\"abstract\"><span style=\"color: #ffb400;\"><strong>A.Q.<\/strong><\/span>: Solamente nos recibi\u00f3 la Federaci\u00f3n de Vecinos de Madrid, <span class=\"small-caps\">fravm<\/span>. Nacho Murgui estaba de presidente. Mientras tanto, en el 2008 creamos una plataforma de afectados por las hipotecas. Ah\u00ed estaban nuestras escrituras, que eran las hipotecas. Creamos una plataforma, porque hab\u00eda como ocho o diez asociaciones de ecuatorianos. Pero luego quedamos como agua de borrajas. Nadie hac\u00eda eco, ni siquiera la prensa latinoamericana, y peor la prensa espa\u00f1ola. En la primera movilizaci\u00f3n \u00e9ramos cuatro mil migrantes, fue el 20 de diciembre de 2008. Fuimos desde la Embajada ecuatoriana hasta el Banco de Espa\u00f1a. En el 2009 vino la compa\u00f1era Ada Colau, con su trabajo en el Observatorio, a la <span class=\"small-caps\">conadee<\/span>, porque quer\u00eda saber qu\u00e9 est\u00e1bamos haciendo. Yo le di papeles e informaci\u00f3n de lo que est\u00e1bamos haciendo. Luego, me fui a cinco de las provincias m\u00e1s grandes, Catalu\u00f1a, Navarra, Murcia, Andaluc\u00eda y otra, en dos fines de semana, para organizar en talleres y preparar a la gente, que se enterara de lo que se iba a venir: no van a tener trabajo, les echan de la casa y encima, van a perder los papeles, por ser migrantes. Yo iba a dar las charlas y a hacer contactos y luego iban a dar seminarios Iv\u00e1n Cisneros y Rafa Mayoral, profesionales de la <span class=\"small-caps\">conadee<\/span>, e iban a contar lo que se hab\u00eda investigado. Lo de Ada Colau era Stop Desahucios, en Barcelona.<\/p>\n<p class=\"abstract\"><span style=\"color: #7d5a03;\"><strong>O.G.<\/strong><\/span>: Entonces ella se inspira mucho de lo que se hace aqu\u00ed.<\/p>\n<p class=\"abstract\"><span style=\"color: #ffb400;\"><strong>A.Q.<\/strong><\/span>: De hecho, hay un libro que te voy a mostrar, donde dice \u201cAntes de Ada est\u00e1 A\u00edda\u201d. Ada le dijo al periodista de <em>El Pa\u00eds<\/em> que escribi\u00f3&nbsp;el libro que ella se inspir\u00f3 de esto. Lo de ella fue Stop Desahucios. Mientras tanto, nosotros est\u00e1bamos amarrados de pies y manos, no hab\u00eda c\u00f3mo, no nos permit\u00edan visibilizar. Ya hab\u00eda desahucios, cualquier cantidad. Pero pensamos que si desde Barcelona ella lograba parar desahucios, ser\u00eda genial. La plataforma de afectados por las hipotecas, nosotros la hemos empezado, pero nosotros no legalizamos la organizaci\u00f3n. Entonces ella cogi\u00f3 ese vac\u00edo que hab\u00eda y legaliz\u00f3 como <span class=\"small-caps\">pah<\/span>, Plataforma de Afectados por las Hipotecas. Ya luego ella fue al Congreso, dijo lo que dijo y yo ya dije, para m\u00ed, he logrado lo que quer\u00eda. Logramos visibilizar, recogimos firmas para cambiar la ley, hubo mucha movida y logramos llegar a lo alto.<\/p>\n<div style=\"background-color: #e6e6e6; padding: 0.1em 1em;\">\n<p class=\"abstract\" style=\"margin: 0;\"><em><strong>Ada Colau, de la <span class=\"small-caps\">pah<\/span> a la Alcald\u00eda de Barcelona<\/strong><\/em><\/p>\n<p class=\"abstract\" style=\"font-size: 0.9em;\">En 2009 Ada Colau fue una de los organizadores de la Plataforma de Afectados por la Hipoteca, <span class=\"small-caps\">pah<\/span>, en Barcelona. En febrero de 2013 fue la encargada de presentar en nombre de la <span class=\"small-caps\">pah<\/span>, del Observatorio de Derechos Econ\u00f3micos, Sociales y Culturales y de otros movimientos sociales, una iniciativa legislativa popular en el Congreso de los Diputados, para que se elaborase una nueva legislaci\u00f3n en materia hipotecaria que conten\u00eda una proposici\u00f3n de ley para la regulaci\u00f3n de tres aspectos: la daci\u00f3n en pago como f\u00f3rmula preferente para la extinci\u00f3n de la deuda contra\u00edda con el banco por vivienda habitual; la moratoria de todos los desahucios por ejecuci\u00f3n hipotecaria de viviendas habituales, y la ampliaci\u00f3n del alquiler social de las viviendas en manos de los bancos. Entre 2015 y 2019 fue elegida alcaldesa de Barcelona por la coalici\u00f3n Barcelona en Com\u00fa (confluencia de Iniciativa per Catalunya Verds, Esquerra Unida i Alternativa, Equo, Proc\u00e9s Constituent, Podemos y la plataforma Guanyem).<\/p>\n<\/div>\n<p class=\"abstract\"><span style=\"color: #7d5a03;\"><strong>O.G.<\/strong><\/span>: \u00bfEl gobierno ecuatoriano los apoyaba en aquellos a\u00f1os?<\/p>\n<p class=\"abstract\"><span style=\"color: #ffb400;\"><strong>A.Q.<\/strong><\/span>: Para nada. De hecho, en el 2010 el Banco Pichincha, ecuatoriano, hab\u00eda comprado deudas de hipotecados de Bankia, y ten\u00edamos documentos. Cuando vimos esto, y que el presidente Correa estaba por aqu\u00ed, le dijeron: \u201cEsto est\u00e1 pasando, \u00bfqu\u00e9 hay de verdad?\u201d y \u00e9l dijo que no, que esto es falso. A los pocos meses, ya empezaron las deudas contra los ecuatorianos en el Ecuador. Entonces ah\u00ed es cuando justo se cambi\u00f3 de canciller, yo logr\u00e9 hablar con \u00e9l. Luego, con Iv\u00e1n<a class=\"anota\" id=\"anota3\" data-footnote=3>3<\/a> y un equipo preparamos un proyecto para que desde dentro del gobierno lo defendiera Correa en 2012; logramos introducir esta propuesta, pero Correa no la firmaba, no estaba de nuestro lado.<\/p>\n<p class=\"abstract\"><span style=\"color: #7d5a03;\"><strong>O.G.<\/strong><\/span>: Ha sido una lucha muy solitaria.<\/p>\n<p class=\"abstract\"><span style=\"color: #ffb400;\"><strong>A.Q.<\/strong><\/span>: Y de hecho, esta demanda colectiva reciente se ha hecho con nuestros recursos. Somos sesenta familias.<\/p>\n<p class=\"abstract\"><span style=\"color: #7d5a03;\"><strong>O.G.<\/strong><\/span>: A\u00fan en el 2018 quedan sesenta familias que buscan justicia. \u00bfC\u00f3mo fue ese proceso?<\/p>\n<p class=\"abstract\"><span style=\"color: #ffb400;\"><strong>A.Q.<\/strong><\/span>: En el 2008 \u00e9ramos cinco familias. O sea, en ese a\u00f1o, todos los ecuatorianos dijeron \u201cVamos a meter juicio a la banca; en Ecuador hemos botado gobiernos, vamos a demostrar que s\u00ed podemos\u201d. Bueno, pero a la hora de la hora, de 500 que se apuntaron, se asomaron cinco con papeles, como siempre. Pero bueno, esos casos se ingresaron en el sistema judicial, juzgado de Plaza Castilla 42, en el 2010. En el 2012 hubo una orden de captura para el director de este chiringuito financiero que es de la Central Hipotecaria. \u00c9l declar\u00f3 muchas cosas: dijo lo que ya hab\u00edamos dicho, lo que sabemos. Lo que \u00e9l declara est\u00e1 grabado en video. Con todos esos elementos, hemos seguido ampliando m\u00e1s denuncia, pero nos han tenido dando vueltas por todos los juzgados. Durante siete a\u00f1os nos tuvieron en los juzgados de Plaza Castilla, hasta que lleg\u00f3 a la audiencia provincial, al Constitucional, y por \u00faltimo hemos llegado ya, a los ocho a\u00f1os, al Tribunal Europeo de Derechos Humanos en Estrasburgo. Eso es lo \u00faltimo.<\/p>\n<p class=\"abstract\"><span style=\"color: #7d5a03;\"><strong>O.G.<\/strong><\/span>: \u00bfQu\u00e9 ha resultado de todo esto?<\/p>\n<p class=\"abstract\"><span style=\"color: #ffb400;\"><strong>A.Q.<\/strong><\/span>: El juzgado ha dicho que aqu\u00ed no hay delito. Han ido archivando todo. No quieren investigar. No quieren tocar a los directores de las entidades financieras. S\u00ed tocaron al director de la inmobiliaria, de hecho a \u00e9l le dieron una orden de captura, el del chiringuito. \u00c9l dijo que \u00e9l es prescriptor de la banca, dijo que la banca lo asesor\u00f3, que le dijo \u201cT\u00fa haz esto\u201d y \u00e9l cumpli\u00f3 lo que le dijo la banca. El del chiringuito dice que \u00e9l estar\u00eda dispuesto a pagarles a los afectados, pero la banca no quiere eso. Los juzgados les guardan las espaldas a los directores de las entidades financieras. Y hay pruebas, hay videos donde los directores de los bancos dicen cu\u00e1l es su plan. Nos hemos movido duro para llegar a donde hemos llegado. Como dicen nuestros abogados, \u201cHemos llegado con dignidad\u201d.<\/p>\n<hr>\n<p class=\"abstract\">El \u00faltimo recurso legal de los afectados, el Tribunal Europeo de Derechos Humanos en Estrasburgo, se pronunci\u00f3 el 18 de junio de 2018. En su dictamen, afirma que una formaci\u00f3n de Juez \u00fanico ha decidido inadmitir la demanda de referencia y que la decisi\u00f3n, definitiva, no puede ser objeto de recurso alguno.<\/p>\n<p>A\u00edda sigue trabajando como ayudante de personas mayores y en labores de limpieza. Actualmente tiene a su cuidado a dos personas. Paralelamente, realiza estudios de derecho, a distancia, con la Universidad T\u00e9cnica Particular de Loja (Ecuador).<\/p>\n<p>En 2018 A\u00edda fue elegida en las elecciones primarias de Podemos. Fue la primera persona migrante en su lista blanca. En 2019 aspira a la Diputaci\u00f3n del Congreso con Unidas Podemos, en el puesto 12 de la lista.<\/p>\n","protected":false},"excerpt":{"rendered":"<p class=\"translation-block\"><span class=\"dropcap\">A<\/span>\u00edda Quinatoa est une migrante \u00e9conomique indig\u00e8ne \u00e9quatorienne en Espagne, o\u00f9 elle a \u00e9t\u00e9 un leader dans la mobilisation des migrants contre la soi-disant \"arnaque immobili\u00e8re\", contre les banques et les soci\u00e9t\u00e9s immobili\u00e8res. Cette m\u00eame lutte a fait conna\u00eetre Ada Colau et l'a conduite \u00e0 la mairie de Barcelone (2015-2019). Dans cet entretien, A\u00edda d\u00e9taille le r\u00f4le de la Coordinatrice nationale des \u00c9quatoriens en Espagne, CONADEE, organisation qu'elle a dirig\u00e9e entre 2006 et 2013. Cette mobilisation est devenue visible au-del\u00e0 des cercles travaillant avec les migrants \u00e0 partir de la mi-2011, en raison de sa pr\u00e9sence dans les expulsions.<\/p>","protected":false},"author":4,"featured_media":0,"comment_status":"open","ping_status":"open","sticky":false,"template":"","format":"standard","meta":{"_acf_changed":false,"footnotes":""},"categories":[12],"tags":[492,488,489,342,487,424,490,491],"coauthors":[551],"class_list":["post-31225","post","type-post","status-publish","format-standard","hentry","category-12","tag-ecuador","tag-espana","tag-estafa-inmobiliaria","tag-indigenas","tag-migrante","tag-movimientos-sociales","tag-sistema-bancario","tag-vivienda","personas-aida-quinatoa","personas-gonzalez-olga-l","numeros-439"],"acf":[],"yoast_head":"<!-- This site is optimized with the Yoast SEO plugin v22.2 - https:\/\/yoast.com\/wordpress\/plugins\/seo\/ -->\n<title>La lucha de una ind\u00edgena ecuatoriana, migrante en Espa\u00f1a, por el derecho a la vivienda y contra los abusos de la banca &#8211; Encartes<\/title>\n<meta name=\"description\" content=\"A\u00edda Quinatoa es una ind\u00edgena ecuatoriana migrante econ\u00f3mica en Espa\u00f1a, donde lider\u00f3 la movilizaci\u00f3n contra la llamada \u201cestafa inmobiliaria\u201d.\" \/>\n<meta name=\"robots\" content=\"index, follow, max-snippet:-1, max-image-preview:large, max-video-preview:-1\" \/>\n<link rel=\"canonical\" href=\"https:\/\/encartes.mx\/fr\/indigena-lucha-espana-vivienda\/\" \/>\n<meta property=\"og:locale\" content=\"fr_FR\" \/>\n<meta property=\"og:type\" content=\"article\" \/>\n<meta property=\"og:title\" content=\"La lucha de una ind\u00edgena ecuatoriana, migrante en Espa\u00f1a, por el derecho a la vivienda y contra los abusos de la banca &#8211; Encartes\" \/>\n<meta property=\"og:description\" content=\"A\u00edda Quinatoa es una ind\u00edgena ecuatoriana migrante econ\u00f3mica en Espa\u00f1a, donde lider\u00f3 la movilizaci\u00f3n contra la llamada \u201cestafa inmobiliaria\u201d.\" \/>\n<meta property=\"og:url\" content=\"https:\/\/encartes.mx\/fr\/indigena-lucha-espana-vivienda\/\" \/>\n<meta property=\"og:site_name\" content=\"Encartes\" \/>\n<meta property=\"article:published_time\" content=\"2019-09-23T13:49:55+00:00\" \/>\n<meta property=\"article:modified_time\" content=\"2024-04-24T17:46:02+00:00\" \/>\n<meta name=\"author\" content=\"Arthur Ventura\" \/>\n<meta name=\"twitter:card\" content=\"summary_large_image\" \/>\n<meta name=\"twitter:label1\" content=\"\u00c9crit par\" \/>\n\t<meta name=\"twitter:data1\" content=\"Arthur Ventura\" \/>\n\t<meta name=\"twitter:label2\" content=\"Dur\u00e9e de lecture estim\u00e9e\" \/>\n\t<meta name=\"twitter:data2\" content=\"35 minutes\" \/>\n\t<meta name=\"twitter:label3\" content=\"Written by\" \/>\n\t<meta name=\"twitter:data3\" content=\"Arthur Ventura\" \/>\n<script type=\"application\/ld+json\" class=\"yoast-schema-graph\">{\"@context\":\"https:\/\/schema.org\",\"@graph\":[{\"@type\":\"Article\",\"@id\":\"https:\/\/encartes.mx\/indigena-lucha-espana-vivienda\/#article\",\"isPartOf\":{\"@id\":\"https:\/\/encartes.mx\/indigena-lucha-espana-vivienda\/\"},\"author\":{\"name\":\"Arthur Ventura\",\"@id\":\"https:\/\/encartes.mx\/#\/schema\/person\/97215bba1729028a4169cab07f8e58ef\"},\"headline\":\"La lucha de una ind\u00edgena ecuatoriana, migrante en Espa\u00f1a, por el derecho a la vivienda y contra los abusos de la banca\",\"datePublished\":\"2019-09-23T13:49:55+00:00\",\"dateModified\":\"2024-04-24T17:46:02+00:00\",\"mainEntityOfPage\":{\"@id\":\"https:\/\/encartes.mx\/indigena-lucha-espana-vivienda\/\"},\"wordCount\":8720,\"commentCount\":0,\"publisher\":{\"@id\":\"https:\/\/encartes.mx\/#organization\"},\"keywords\":[\"Ecuador\",\"Espa\u00f1a\",\"estafa inmobiliaria\",\"ind\u00edgenas\",\"migrante\",\"movimientos sociales\",\"sistema bancario\",\"vivienda\"],\"articleSection\":[\"Entrevistas\"],\"inLanguage\":\"fr-FR\",\"potentialAction\":[{\"@type\":\"CommentAction\",\"name\":\"Comment\",\"target\":[\"https:\/\/encartes.mx\/indigena-lucha-espana-vivienda\/#respond\"]}]},{\"@type\":\"WebPage\",\"@id\":\"https:\/\/encartes.mx\/indigena-lucha-espana-vivienda\/\",\"url\":\"https:\/\/encartes.mx\/indigena-lucha-espana-vivienda\/\",\"name\":\"La lucha de una ind\u00edgena ecuatoriana, migrante en Espa\u00f1a, por el derecho a la vivienda y contra los abusos de la banca &#8211; Encartes\",\"isPartOf\":{\"@id\":\"https:\/\/encartes.mx\/#website\"},\"datePublished\":\"2019-09-23T13:49:55+00:00\",\"dateModified\":\"2024-04-24T17:46:02+00:00\",\"description\":\"A\u00edda Quinatoa es una ind\u00edgena ecuatoriana migrante econ\u00f3mica en Espa\u00f1a, donde lider\u00f3 la movilizaci\u00f3n contra la llamada \u201cestafa inmobiliaria\u201d.\",\"breadcrumb\":{\"@id\":\"https:\/\/encartes.mx\/indigena-lucha-espana-vivienda\/#breadcrumb\"},\"inLanguage\":\"fr-FR\",\"potentialAction\":[{\"@type\":\"ReadAction\",\"target\":[\"https:\/\/encartes.mx\/indigena-lucha-espana-vivienda\/\"]}]},{\"@type\":\"BreadcrumbList\",\"@id\":\"https:\/\/encartes.mx\/indigena-lucha-espana-vivienda\/#breadcrumb\",\"itemListElement\":[{\"@type\":\"ListItem\",\"position\":1,\"name\":\"Home\",\"item\":\"https:\/\/encartes.mx\/\"},{\"@type\":\"ListItem\",\"position\":2,\"name\":\"La lucha de una ind\u00edgena ecuatoriana, migrante en Espa\u00f1a, por el derecho a la vivienda y contra los abusos de la banca\"}]},{\"@type\":\"WebSite\",\"@id\":\"https:\/\/encartes.mx\/#website\",\"url\":\"https:\/\/encartes.mx\/\",\"name\":\"Encartes\",\"description\":\"Revista digital multimedia\",\"publisher\":{\"@id\":\"https:\/\/encartes.mx\/#organization\"},\"potentialAction\":[{\"@type\":\"SearchAction\",\"target\":{\"@type\":\"EntryPoint\",\"urlTemplate\":\"https:\/\/encartes.mx\/?s={search_term_string}\"},\"query-input\":\"required name=search_term_string\"}],\"inLanguage\":\"fr-FR\"},{\"@type\":\"Organization\",\"@id\":\"https:\/\/encartes.mx\/#organization\",\"name\":\"Encartes Antropol\u00f3gicos\",\"url\":\"https:\/\/encartes.mx\/\",\"logo\":{\"@type\":\"ImageObject\",\"inLanguage\":\"fr-FR\",\"@id\":\"https:\/\/encartes.mx\/#\/schema\/logo\/image\/\",\"url\":\"https:\/\/encartes.mx\/wp-content\/uploads\/2017\/04\/Logo-04.png\",\"contentUrl\":\"https:\/\/encartes.mx\/wp-content\/uploads\/2017\/04\/Logo-04.png\",\"width\":338,\"height\":306,\"caption\":\"Encartes Antropol\u00f3gicos\"},\"image\":{\"@id\":\"https:\/\/encartes.mx\/#\/schema\/logo\/image\/\"}},{\"@type\":\"Person\",\"@id\":\"https:\/\/encartes.mx\/#\/schema\/person\/97215bba1729028a4169cab07f8e58ef\",\"name\":\"Arthur Ventura\",\"image\":{\"@type\":\"ImageObject\",\"inLanguage\":\"fr-FR\",\"@id\":\"https:\/\/encartes.mx\/#\/schema\/person\/image\/8a45818ea77a67a00c058d294424a6f6\",\"url\":\"https:\/\/secure.gravatar.com\/avatar\/e8ff614b2fa0d91ff6c65f328a272c53?s=96&d=identicon&r=g\",\"contentUrl\":\"https:\/\/secure.gravatar.com\/avatar\/e8ff614b2fa0d91ff6c65f328a272c53?s=96&d=identicon&r=g\",\"caption\":\"Arthur Ventura\"}}]}<\/script>\n<!-- \/ Yoast SEO plugin. -->","yoast_head_json":{"title":"La lucha de una ind\u00edgena ecuatoriana, migrante en Espa\u00f1a, por el derecho a la vivienda y contra los abusos de la banca &#8211; Encartes","description":"A\u00edda Quinatoa es una ind\u00edgena ecuatoriana migrante econ\u00f3mica en Espa\u00f1a, donde lider\u00f3 la movilizaci\u00f3n contra la llamada \u201cestafa inmobiliaria\u201d.","robots":{"index":"index","follow":"follow","max-snippet":"max-snippet:-1","max-image-preview":"max-image-preview:large","max-video-preview":"max-video-preview:-1"},"canonical":"https:\/\/encartes.mx\/fr\/indigena-lucha-espana-vivienda\/","og_locale":"fr_FR","og_type":"article","og_title":"La lucha de una ind\u00edgena ecuatoriana, migrante en Espa\u00f1a, por el derecho a la vivienda y contra los abusos de la banca &#8211; Encartes","og_description":"A\u00edda Quinatoa es una ind\u00edgena ecuatoriana migrante econ\u00f3mica en Espa\u00f1a, donde lider\u00f3 la movilizaci\u00f3n contra la llamada \u201cestafa inmobiliaria\u201d.","og_url":"https:\/\/encartes.mx\/fr\/indigena-lucha-espana-vivienda\/","og_site_name":"Encartes","article_published_time":"2019-09-23T13:49:55+00:00","article_modified_time":"2024-04-24T17:46:02+00:00","author":"Arthur Ventura","twitter_card":"summary_large_image","twitter_misc":{"\u00c9crit par":"Arthur Ventura","Dur\u00e9e de lecture estim\u00e9e":"35 minutes","Written by":"Arthur Ventura"},"schema":{"@context":"https:\/\/schema.org","@graph":[{"@type":"Article","@id":"https:\/\/encartes.mx\/indigena-lucha-espana-vivienda\/#article","isPartOf":{"@id":"https:\/\/encartes.mx\/indigena-lucha-espana-vivienda\/"},"author":{"name":"Arthur Ventura","@id":"https:\/\/encartes.mx\/#\/schema\/person\/97215bba1729028a4169cab07f8e58ef"},"headline":"La lucha de una ind\u00edgena ecuatoriana, migrante en Espa\u00f1a, por el derecho a la vivienda y contra los abusos de la banca","datePublished":"2019-09-23T13:49:55+00:00","dateModified":"2024-04-24T17:46:02+00:00","mainEntityOfPage":{"@id":"https:\/\/encartes.mx\/indigena-lucha-espana-vivienda\/"},"wordCount":8720,"commentCount":0,"publisher":{"@id":"https:\/\/encartes.mx\/#organization"},"keywords":["Ecuador","Espa\u00f1a","estafa inmobiliaria","ind\u00edgenas","migrante","movimientos sociales","sistema bancario","vivienda"],"articleSection":["Entrevistas"],"inLanguage":"fr-FR","potentialAction":[{"@type":"CommentAction","name":"Comment","target":["https:\/\/encartes.mx\/indigena-lucha-espana-vivienda\/#respond"]}]},{"@type":"WebPage","@id":"https:\/\/encartes.mx\/indigena-lucha-espana-vivienda\/","url":"https:\/\/encartes.mx\/indigena-lucha-espana-vivienda\/","name":"La lucha de una ind\u00edgena ecuatoriana, migrante en Espa\u00f1a, por el derecho a la vivienda y contra los abusos de la banca &#8211; Encartes","isPartOf":{"@id":"https:\/\/encartes.mx\/#website"},"datePublished":"2019-09-23T13:49:55+00:00","dateModified":"2024-04-24T17:46:02+00:00","description":"A\u00edda Quinatoa es una ind\u00edgena ecuatoriana migrante econ\u00f3mica en Espa\u00f1a, donde lider\u00f3 la movilizaci\u00f3n contra la llamada \u201cestafa inmobiliaria\u201d.","breadcrumb":{"@id":"https:\/\/encartes.mx\/indigena-lucha-espana-vivienda\/#breadcrumb"},"inLanguage":"fr-FR","potentialAction":[{"@type":"ReadAction","target":["https:\/\/encartes.mx\/indigena-lucha-espana-vivienda\/"]}]},{"@type":"BreadcrumbList","@id":"https:\/\/encartes.mx\/indigena-lucha-espana-vivienda\/#breadcrumb","itemListElement":[{"@type":"ListItem","position":1,"name":"Home","item":"https:\/\/encartes.mx\/"},{"@type":"ListItem","position":2,"name":"La lucha de una ind\u00edgena ecuatoriana, migrante en Espa\u00f1a, por el derecho a la vivienda y contra los abusos de la banca"}]},{"@type":"WebSite","@id":"https:\/\/encartes.mx\/#website","url":"https:\/\/encartes.mx\/","name":"Encartes","description":"Magazine num\u00e9rique multim\u00e9dia","publisher":{"@id":"https:\/\/encartes.mx\/#organization"},"potentialAction":[{"@type":"SearchAction","target":{"@type":"EntryPoint","urlTemplate":"https:\/\/encartes.mx\/?s={search_term_string}"},"query-input":"required name=search_term_string"}],"inLanguage":"fr-FR"},{"@type":"Organization","@id":"https:\/\/encartes.mx\/#organization","name":"Insertions anthropologiques","url":"https:\/\/encartes.mx\/","logo":{"@type":"ImageObject","inLanguage":"fr-FR","@id":"https:\/\/encartes.mx\/#\/schema\/logo\/image\/","url":"https:\/\/encartes.mx\/wp-content\/uploads\/2017\/04\/Logo-04.png","contentUrl":"https:\/\/encartes.mx\/wp-content\/uploads\/2017\/04\/Logo-04.png","width":338,"height":306,"caption":"Encartes Antropol\u00f3gicos"},"image":{"@id":"https:\/\/encartes.mx\/#\/schema\/logo\/image\/"}},{"@type":"Person","@id":"https:\/\/encartes.mx\/#\/schema\/person\/97215bba1729028a4169cab07f8e58ef","name":"Arthur Ventura","image":{"@type":"ImageObject","inLanguage":"fr-FR","@id":"https:\/\/encartes.mx\/#\/schema\/person\/image\/8a45818ea77a67a00c058d294424a6f6","url":"https:\/\/secure.gravatar.com\/avatar\/e8ff614b2fa0d91ff6c65f328a272c53?s=96&d=identicon&r=g","contentUrl":"https:\/\/secure.gravatar.com\/avatar\/e8ff614b2fa0d91ff6c65f328a272c53?s=96&d=identicon&r=g","caption":"Arthur Ventura"}}]}},"jetpack_sharing_enabled":true,"jetpack_featured_media_url":"","_links":{"self":[{"href":"https:\/\/encartes.mx\/fr\/wp-json\/wp\/v2\/posts\/31225","targetHints":{"allow":["GET"]}}],"collection":[{"href":"https:\/\/encartes.mx\/fr\/wp-json\/wp\/v2\/posts"}],"about":[{"href":"https:\/\/encartes.mx\/fr\/wp-json\/wp\/v2\/types\/post"}],"author":[{"embeddable":true,"href":"https:\/\/encartes.mx\/fr\/wp-json\/wp\/v2\/users\/4"}],"replies":[{"embeddable":true,"href":"https:\/\/encartes.mx\/fr\/wp-json\/wp\/v2\/comments?post=31225"}],"version-history":[{"count":13,"href":"https:\/\/encartes.mx\/fr\/wp-json\/wp\/v2\/posts\/31225\/revisions"}],"predecessor-version":[{"id":38858,"href":"https:\/\/encartes.mx\/fr\/wp-json\/wp\/v2\/posts\/31225\/revisions\/38858"}],"wp:attachment":[{"href":"https:\/\/encartes.mx\/fr\/wp-json\/wp\/v2\/media?parent=31225"}],"wp:term":[{"taxonomy":"category","embeddable":true,"href":"https:\/\/encartes.mx\/fr\/wp-json\/wp\/v2\/categories?post=31225"},{"taxonomy":"post_tag","embeddable":true,"href":"https:\/\/encartes.mx\/fr\/wp-json\/wp\/v2\/tags?post=31225"},{"taxonomy":"author","embeddable":true,"href":"https:\/\/encartes.mx\/fr\/wp-json\/wp\/v2\/coauthors?post=31225"}],"curies":[{"name":"wp","href":"https:\/\/api.w.org\/{rel}","templated":true}]}}