{"id":30533,"date":"2018-09-21T13:17:58","date_gmt":"2018-09-21T13:17:58","guid":{"rendered":"https:\/\/encartesantropologicos.mx\/wordpress\/?p=30533"},"modified":"2023-11-17T19:06:44","modified_gmt":"2023-11-18T01:06:44","slug":"culturas-visuales","status":"publish","type":"post","link":"https:\/\/encartes.mx\/fr\/culturas-visuales\/","title":{"rendered":"Cultures visuelles. Vers la pluralisation de la culture visuelle"},"content":{"rendered":"<p class=\"abstract\"><span class=\"dropcap\">E<\/span>n este <em>dossier <\/em>pensamos en la importancia de acercarnos a las culturas visuales, en plural, para conocer las m\u00faltiples construcciones de realidad que se cristalizan en im\u00e1genes en diversos entornos sociales. Hoy no solo una inmensa cantidad de im\u00e1genes nos invade y representa, sino que las opciones digitales y las redes sociales construyen en tiempo real el mundo material y simb\u00f3lico en el que vivimos.<\/p>\n<p>Este <em>dossier <\/em>explora el t\u00e9rmino de cultura visual en su forma plural, culturas visuales, para destacar la existencia de una diversidad de ellas. Hablar en plural nos permite ver que existen m\u00faltiples formas de producciones visuales y una distribuci\u00f3n asim\u00e9trica de poder entre las supuestas culturas globalizadas procedentes de Occidente y aquellas diversas im\u00e1genes y visualidades que se gestan en contextos m\u00faltiples, desde miradas propias. De esta manera, el concepto en singular reduce nuestro entendimiento de las producciones visuales posibles a una \u00fanica condici\u00f3n homog\u00e9nea. Consideramos que las culturas visuales pertenecen a formaciones culturales situadas geopol\u00edtica e hist\u00f3ricamente. Abordadas en su plural, se generan pr\u00e1cticas investigativas que se aproximan al conflicto con los presupuestos de una visualidad universal y favorecen los conocimientos particulares, las visualidades otras.<\/p>\n<p>Enseguida examino tres momentos en la construcci\u00f3n del concepto de culturas visuales en plural. Este recorrido ha significado una extensi\u00f3n de los estudios de las im\u00e1genes hacia el sujeto que las hace y las consume. La transformaci\u00f3n del concepto al plural se produce en di\u00e1logo con los estudios culturales, en busca de comprender otras epistemes y otras formas de ver. Enseguida expongo y comparo los estudios en Am\u00e9rica Latina que han sido cr\u00edticos a los estudios tradicionales de la imagen y se han enfocado en las im\u00e1genes producidas o \u201cle\u00eddas\u201d desde contextos no hegem\u00f3nicos. En un tercer momento se presentan algunos conceptos y m\u00e9todos que se originan en la investigaci\u00f3n dial\u00f3gica sobre las culturas visuales en Am\u00e9rica Latina. Los textos incluidos en este<em> dossier<\/em> son muestra de esta b\u00fasqueda.<\/p>\n<h2>Or\u00edgenes y disciplinas de un campo de estudio<\/h2>\n<p class=\"abstract\">El t\u00e9rmino \u201ccultura visual\u201d fue utilizado por vez primera por Svetlana Alpers en su estudio sobre las artes y la cultura holandesas del siglo <span class=\"small-caps\">xvii<\/span>. En el texto publicado en 1982 (Brea, 2005), la autora, originaria del campo de la historia del arte, busca un m\u00e9todo alternativo al empiricismo que adquir\u00eda fuerza como herramienta de la investigaci\u00f3n cient\u00edfica y las obras de arte que ella analizaba. La originalidad de su texto fue cuestionar la centralidad del arte para acercarse a las im\u00e1genes y proponerlas como el lugar en que se crean y discuten los significados culturales en distintos contextos.<\/p>\n<p>Los estudios de arte y cultura visual, tambi\u00e9n muy recientes, se debaten entre la reproducci\u00f3n metodol\u00f3gica que les impone la academia y lo que consideran es la caracter\u00edstica propia del arte: una instituci\u00f3n dentro de una instituci\u00f3n. En este contexto, buscan crear bases para el trabajo, nodos y redes con otras disciplinas, para pensar m\u00e1s all\u00e1 de las redes corporativas (Kantonen, 2017).<\/p>\n<p>Los estudios de arte y de historia del arte tambi\u00e9n se vieron restringidos para entender la producci\u00f3n de im\u00e1genes no occidentales. El concepto de arte result\u00f3 estrecho para nombrar la producci\u00f3n que incorrectamente llamaron arte \u201cprimitivo\u201d y \u201cpopular\u201d, que inclu\u00eda lo producido en Am\u00e9rica Latina fuera de los c\u00e1nones acad\u00e9micos europeos. Con esta influencia de la academia, a los museos del mundo llegaron, con una visi\u00f3n estetizada, los objetos producidos en otras latitudes: las herramientas de los pueblos exhibidos perdieron su utilidad, los rituales su relevancia, las diferencias \u00e9tnicas se racializaron y nacionalizaron. La diversidad de culturas visuales no fue considerada.<\/p>\n<p>Por otro lado, los estudios de la antropolog\u00eda visual y de los <em>mass media<\/em> tambi\u00e9n fueron puntos de partida importantes para conformar el campo de la cultura visual. Por su lado, la antropolog\u00eda visual entra a la universidad latinoamericana en los a\u00f1os 70 con una vocaci\u00f3n indigenista. Scott Robinson, pionero de los cursos de antropolog\u00eda visual, hace una honesta autocr\u00edtica a 25 a\u00f1os de esta pr\u00e1ctica. Para el autor, la antropolog\u00eda visual \u201ces el ejemplo por excelencia del proceso de expropiaci\u00f3n, v\u00eda im\u00e1genes, de la intimidad cultural de los ajenos fotografiados\u201d (Robinson, 1998: 95). Aunque no siempre conscientes, los antrop\u00f3logos visuales han cooperado para producir un Estado nacional que retrata a \u201csus\u201d ind\u00edgenas pero, al esencializarlos, los excluye de la participaci\u00f3n pol\u00edtica nacional.<\/p>\n<p>Del origen de la fotograf\u00eda de ind\u00edgenas en M\u00e9xico habla el archivo fotogr\u00e1fico del Instituto Nacional Indigenista. Desde la fundaci\u00f3n del Instituto en 1948 hasta la d\u00e9cada de los 70 se mostraba un proyecto de antropolog\u00eda nacionalista portador de direcci\u00f3n intelectual y pol\u00edtica. Con el paso del tiempo, observamos que el antiguo proyecto visual indigenista no es remplazado por los antrop\u00f3logos con otra propuesta visual (Corona 2011b). Lejos de ilustrar las actividades del antrop\u00f3logo visual como fuera en un principio, o incluir la mirada propia de los ind\u00edgenas, hoy las fotograf\u00edas no son m\u00e1s los testimonios de quienes \u201cestuvieron all\u00ed\u201d, ni son las comunidades ind\u00edgenas retratadas por s\u00ed mismas en su diferencia; son fotograf\u00edas de momentos excepcionales atrapados por fot\u00f3grafos artistas que luchan por separarse de la cualidad referencial de la fotograf\u00eda para transformarla en arte. Las huellas de la etnograf\u00eda, de la descripci\u00f3n y la b\u00fasqueda de objetividad han desaparecido en pos del ind\u00edgena est\u00e9tico. \u00c9sta es otra manera de racializar y abonar a la colonialidad visual. Hoy las im\u00e1genes con las que reconocemos a los ind\u00edgenas tienen m\u00e1s que ver con las inspiradas en los fot\u00f3grafos como \u00c1lvarez Bravo, por el cine del Indio Fern\u00e1ndez, las telenovelas, los comerciales y las revistas de divulgaci\u00f3n cient\u00edfica.<\/p>\n<p>El art\u00edculo \u201cTres instant\u00e1neas de la relaci\u00f3n entre antropolog\u00eda y fotograf\u00eda en M\u00e9xico\u201d, de Citlalli Gonz\u00e1lez Ponce, incluido en este <em>dossier<\/em>, ofrece una elaborada historia de la participaci\u00f3n de la antropolog\u00eda en la fotograf\u00eda de ind\u00edgenas, mostrando c\u00f3mo se construyen formas de ver al ind\u00edgena en M\u00e9xico en tres periodos hist\u00f3ricos diferentes.<\/p>\n<p>Por su lado, los estudios de Comunicaci\u00f3n Social tambi\u00e9n inician su trayectoria investigativa en el campo de lo visual en los a\u00f1os 70 y 80 en Am\u00e9rica Latina, donde se analizaba el lugar de las representaciones visuales que ven\u00edan de los centros productores de im\u00e1genes (como el cine, la televisi\u00f3n y la publicidad estadounidenses y sus r\u00e9plicas mexicanas) y el poder que ejerc\u00edan sobre las poblaciones marginales.<\/p>\n<p>La nueva investigaci\u00f3n latinoamericana denunciaba el capital ideol\u00f3gico imperialista. Se pensaba que entre otros aparatos del Estado, las redes ideol\u00f3gicas de los medios de comunicaci\u00f3n eran la causa del subdesarrollo latinoamericano. Si bien la cr\u00edtica marxista descubr\u00eda el poder desigual entre los productores y los consumidores de los medios audiovisuales, para estos estudios las instituciones productoras de im\u00e1genes segu\u00edan dominando el polo activo y los consumidores el polo pasivo o receptor de las estrategias visuales dominantes. Esta perspectiva no ofrec\u00eda explicaci\u00f3n a las formas de producci\u00f3n visual no capitalista de algunos grupos sociales, ni a su capacidad transformadora en el consumo de las consideradas \u201cmercanc\u00edas alienantes\u201d. La existencia de formas heterog\u00e9neas de consumo de im\u00e1genes o las expresiones visuales propias no ten\u00edan pertinencia en la investigaci\u00f3n comunicativa de los medios visuales.<\/p>\n<h2>Estudios cr\u00edticos de las im\u00e1genes<\/h2>\n<p class=\"abstract\">Posteriormente, la lectura de Gramsci en Am\u00e9rica Latina permiti\u00f3 entender los mecanismos de reproducci\u00f3n y transformaci\u00f3n de un sistema a partir de la lucha cultural por la hegemon\u00eda. Las im\u00e1genes no se concibieron m\u00e1s como entes est\u00e1ticos sino como campos de lucha, de relaciones de fuerza, de conflictos por una visi\u00f3n del mundo<em>.<\/em><\/p>\n<p>En esta etapa, las im\u00e1genes estadounidenses como lugar privilegiado para el estudio visual fueron contrarrestadas por el inter\u00e9s en la producci\u00f3n formulada por otras narrativas visuales no euroc\u00e9ntricas.<\/p>\n<p>Jorge Gonz\u00e1lez (1986), en su estudio de los exvotos producidos por las culturas subalternas, mostraba c\u00f3mo la religi\u00f3n popular conviv\u00eda con la modernidad hegem\u00f3nica obligando a redefinir el significado mismo de la religi\u00f3n y de la modernidad. Desde entonces se han hecho otras investigaciones en torno a las im\u00e1genes religiosas y su producci\u00f3n y consumo desde Am\u00e9rica Latina (Carozzi y Frigerio 1992; De la Torre, 2000; Menezes 2009; Zires, 2014).<\/p>\n<p>Garc\u00eda Canclini discute el desequilibrio que existe en la circulaci\u00f3n de im\u00e1genes y obras de arte producidas en el circuito trasnacional y lo relaciona con la producci\u00f3n de conocimiento acerca de las culturas visuales: \u201cLa configuraci\u00f3n geopol\u00edtica de los saberes es tan importante como la organizaci\u00f3n transnacional de las representaciones e im\u00e1genes en las artes y las industrias culturales\u201d. Para el autor, la globalizaci\u00f3n y estandarizaci\u00f3n de las im\u00e1genes no ayuda a la producci\u00f3n de conocimiento latinoamericano ni a la comunicaci\u00f3n multicultural, sino por el contrario: \u201ctratar con la diversidad de im\u00e1genes y elaboraciones simb\u00f3licas en que se representa [el otro] obliga a ocuparse de su diferencia y a hacerse preguntas sobre la posibilidad de universalizar las miradas diversas\u201d (Garc\u00eda Canclini, 2007: 41).<\/p>\n<p>Las im\u00e1genes y su proliferaci\u00f3n global han dado pie a investigaciones sobre las culturas visuales como recurso oficial escolar y los usos de los profesores y alumnos en el campo de la educaci\u00f3n (Pinto M. y Ribes R., 2011; Reno y Reno, 2013; Baronnet, 2017). Una interesante manera de construir nuevas im\u00e1genes a partir de im\u00e1genes viejas es el trabajo de quienes producen otras historias nacionales sobre la base de sus \u201c\u00e1lbumes familiares\u201d y su visualidad en di\u00e1logo con la oficial (Wood, 2014).<\/p>\n<p>Resulta interesante tambi\u00e9n el uso metodol\u00f3gico de las im\u00e1genes en los trabajos de Pablo Vila (1997), que m\u00e1s que analizar las im\u00e1genes mismas las pone al servicio de la investigaci\u00f3n como herramienta para que los sujetos se expresen en torno a su propia visi\u00f3n. Mar\u00eda In\u00e9s Garc\u00eda Canal (1997) realiza un estudio sobre los estereotipos de g\u00e9nero y deja al descubierto los prejuicios visuales en la descripci\u00f3n de fotograf\u00edas, en consumidores de distintas edades y clases sociales.<\/p>\n<p>En otro espacio y tiempo, Silvia Rivera Cusicanqui (2010) analiza m\u00e1s de 300 dibujos hechos por el cronista Waman Poma de Ayala en su <em>Primer Nueva Cr\u00f3nica y Buen Gobierno<\/em> (1612-1615). Es de inter\u00e9s para nosotros el resultado de esta investigaci\u00f3n donde la autora encuentra, desde una perspectiva hist\u00f3rica, que las im\u00e1genes del cronista le permiten descubrir sentidos no censurados por la lengua oficial impuesta. En este an\u00e1lisis se puede observar que la \u201cteorizaci\u00f3n visual del sistema colonial\u201d aporta mejor a las ideas propias ind\u00edgenas sobre los significados de la colonizaci\u00f3n y subordinaci\u00f3n de la poblaci\u00f3n ind\u00edgena a la Corona espa\u00f1ola. Metodol\u00f3gicamente, la autora se separa de las propuestas epistemol\u00f3gicas euroc\u00e9ntricas estructuralistas o semi\u00f3ticas y se\u00f1ala con humor que la metodolog\u00eda que aplica a los dibujos es cinematogr\u00e1fica, el <em>flashback<\/em>. A partir de su experiencia actual con alumnos ind\u00edgenas que llegan a expresar en im\u00e1genes sentidos que no pueden ser expresados en escritos acad\u00e9micos, estudia las im\u00e1genes de Waman Poma, que superan el registro escrito plagado de eufemismos; lo no dicho, en este sentido, es dibujado.<\/p>\n<p>Jes\u00fas Mart\u00edn Barbero criticaba en los a\u00f1os 70 y 80 a aquellos investigadores de la imagen, sobre todo televisiva, que se preocupaban por los \u201cefectos\u201d de los medios visuales, ya que buscaban efectos directos y coherentes. Mart\u00edn Barbero consideraba entonces que \u201cel problema a afrontar es de qu\u00e9 modo cambia la relaci\u00f3n de los usuarios con lo real y la experiencia de los hechos por el contacto continuo con la representaci\u00f3n\u201d (Mart\u00edn Barbero, 2002: 99). Un convencido del placer que engendra la imagen, Mart\u00edn Barbero se\u00f1ala hoy que el campo visual es central en el nuevo <em>sensorium<\/em> de la poblaci\u00f3n planetaria. En este sentido, las m\u00faltiples visualidades son claves para comprender que es all\u00ed donde se hibridan hoy lo que llama las est\u00e9ticas de lo desechable con las fr\u00e1giles utop\u00edas que surgen del v\u00e9rtigo audiovisual.<\/p>\n<p>Con diferentes planteamientos, los estudios poscoloniales hablan de la lucha por construir nuestras propias im\u00e1genes frente al lugar de enunciaci\u00f3n expropiado que nos ubica en situaci\u00f3n de colonizaci\u00f3n (Le\u00f3n, 2012; Barriendos, 2008). Seg\u00fan Quijano, la dominaci\u00f3n colonial no nos ha permitido desarrollar nuestras propias im\u00e1genes, nuestros significados visuales y est\u00e9ticas pl\u00e1sticas y, como consecuencia, pensarnos desde nuestra propia epistemolog\u00eda.<\/p>\n<p>Las capacidades de los pueblos dominados para producir sus propios patrones visuales fueron reprimidas, y se vieron forzados a adoptar los modelos de los dominadores. Las im\u00e1genes instruyeron que la raza era el elemento fundamental para distinguir a los dominados de los dominadores. Las im\u00e1genes no han dejado de subrayar la desigualdad entre los europeos y los no europeos. A esta pr\u00e1ctica Quijano le llama racismo:<\/p>\n<p class=\"large-quote\">Tal mistificaci\u00f3n hist\u00f3rica que les niega a las poblaciones no blancas no s\u00f3lo sus efectivas contribuciones a la historia mundial sino su capacidad para haberlo hecho [\u2026] result\u00f3 eficaz, ya que su imposici\u00f3n sobre el imaginario mundial, incluido el de los dominados, ha sido hegem\u00f3nica hasta ahora (Quijano 2014: 47).<\/p>\n<p>Los estudios de las culturas visuales como campo de lo visual en las artes, los medios de comunicaci\u00f3n y la vida cotidiana se ha extendido en la academia latinoamericana desde los a\u00f1os 80. Los estudios de culturas visuales incluyen el estudio de obras de arte, de las telenovelas, los videos y otros productos que circulan en los medios masivos, y tambi\u00e9n los productos visuales generados en contextos culturales m\u00faltiples y por los actores mismos, como la migraci\u00f3n, las fiestas, la educaci\u00f3n, los grafitis y la producci\u00f3n visual en redes sociales. Por otra parte, este campo no s\u00f3lo trata de las im\u00e1genes o los objetos visuales, sino que se preocupa por el contexto cultural y las relaciones de lo visual con otras \u00e1reas de la vida social. Las condiciones econ\u00f3micas y pol\u00edticas de producci\u00f3n y distribuci\u00f3n, as\u00ed como la recepci\u00f3n y el consumo de im\u00e1genes cobran importancia.<\/p>\n<p>Esta gama de investigaciones ha hecho cada vez m\u00e1s insostenible la idea de una cultura visual en singular. Sobre todo, hablar de culturas visuales en plural nos permite reconocer las m\u00faltiples formas de mirar el mundo y anima la b\u00fasqueda metodol\u00f3gica para realizar investigaciones <em>con<\/em> los otros, en lugar de hacerlo <em>sobre<\/em> los otros.<\/p>\n<h2>De la cultura visual en singular a las culturas visuales en plural<\/h2>\n<p class=\"abstract\">De acuerdo con los incisos anteriores, se puede entender que las pol\u00edticas visuales dominantes mantienen desigualdades visuales al no dar cuenta de las im\u00e1genes propias cargadas de otros saberes. La pr\u00e1ctica de las im\u00e1genes occidentales, propagadas masivamente, excluye al otro en sus propias im\u00e1genes y formas de ver.<\/p>\n<p>El campo de las culturas visuales en plural implica el reconocimiento de las m\u00faltiples visualidades no hegem\u00f3nicas. El plural significa el estudio de las experiencias visuales otras: su producci\u00f3n, distribuci\u00f3n y consumo no hegem\u00f3nicos. En el plural se incluyen las propias miradas sobre s\u00ed mismos y sobre su otro, muchas veces el occidental hegem\u00f3nico.<\/p>\n<p>Como plantea Spivak en su influyente texto \u201c\u00bfPueden los subalternos hablar?\u201d, no s\u00f3lo es necesario considerar y dar voz al otro excluido, porque ese otro ya habla y en nuestro caso tambi\u00e9n produce im\u00e1genes y visualiza. Nuestro planteamiento es que hace falta transformar el lugar de enunciaci\u00f3n, porque el investigador colocado desde el lugar de poder, aunque intente invisibilizarse o dar visibilidad al otro, no deja de ser cr\u00edtico de la mirada euroc\u00e9ntrica desde el mismo eurocentrismo.<\/p>\n<p>Los seis art\u00edculos de este<em> dossier<\/em> son muestra de la pluralidad de las culturas visuales y de las formas de estudiarlas. Las culturas visuales se dejan ver en las fotos de las reclusas, en tatuajes de j\u00f3venes pandilleros, en los <em>selfies<\/em> tomados por ind\u00edgenas, en los mapas dibujados por usuarios del transporte p\u00fablico, en las fotos de antrop\u00f3logos contempor\u00e1neos, y en el video autorrepresentaciones de afroestadounidenses.<\/p>\n<p>Los temas de los art\u00edculos son los siguientes: en el texto titulado \u201cTres instant\u00e1neas de la relaci\u00f3n entre fotograf\u00eda cient\u00edfica y antropolog\u00eda en M\u00e9xico\u201d, con Citlalli Gonz\u00e1lez Ponce accedemos a un panorama hist\u00f3rico del uso de la fotograf\u00eda como recurso metodol\u00f3gico en los trabajos cient\u00edficos de la antropolog\u00eda mexicana desde 1840 a la fecha. En este rango temporal, alcanzamos a entender c\u00f3mo la fotograf\u00eda ha construido la imagen del ind\u00edgena en M\u00e9xico y la necesidad de continuar con este g\u00e9nero de forma cr\u00edtica para reconocer la imagen fotogr\u00e1fica propia de los ind\u00edgenas mexicanos.<\/p>\n<p>En este <em>dossier <\/em>incluimos un art\u00edculo que compone \u201cen movimiento\u201d una pr\u00e1ctica metodol\u00f3gica con im\u00e1genes, que al ser dial\u00f3gica, construye formas, normas y s\u00edmbolos de la ciudad con el investigador mismo viajando en el transporte p\u00fablico. Christian O. Grimaldo, en \u201cLa metodolog\u00eda es un movimiento. Propuestas apoyadas en el uso de la imagen para el estudio de la experiencia urbana en tr\u00e1nsito\u201d, propone el uso creativo de la fotograf\u00eda como registro de sus traves\u00edas y muestra c\u00f3mo el recorrido da sentido al panorama urbano. Para completar su entendimiento de esta ciudad en movimiento, el autor opta por el di\u00e1logo con otros usuarios. Recurre de nuevo a la imagen para aproximarse a los usuarios de las rutas y pide que dibujen el mapa de la ciudad y localicen lugares simb\u00f3licos de acuerdo con su lectura social de las fotograf\u00edas que proporciona.<\/p>\n<p>Rogelio Marcial mira, pregunta, fotograf\u00eda y nos ofrece las \u201cIm\u00e1genes del cuerpo pandillero: representaciones de identidad desde un di\u00e1logo colaborativo\u201d. Marcial nos permite entender la importancia de los cuerpos tatuados en grupos de pandillas violentas. La masculinidad, la pertenencia a un grupo, la protecci\u00f3n de la pandilla frente a grupos antag\u00f3nicos, la fidelidad, dependen en gran medida de los emblemas que construyen con im\u00e1genes en su cuerpo. Llevar con orgullo esas marcas tiene que ver con la construcci\u00f3n identitaria del pandillero, que muestra que \u201cpara ser hay que parecer\u201d.<\/p>\n<p>Illiana Landeros nos reporta en su art\u00edculo, titulado \u201cLa construcci\u00f3n de la imagen de las mujeres en el Penal de Puente Grande, Jalisco\u201d, los resultados de su investigaci\u00f3n <em>entre voces<\/em> con internas del penal. En los textos y las fotograf\u00edas que analiza con las mujeres nos aproximamos a las historias de vida que las reclusas mismas descubren a partir de sus autorretratos. \u00c9ste es un proyecto que profundiza en la construcci\u00f3n de la identidad femenina de mujeres que a trav\u00e9s de sus propias fotos reconocen el origen violento de su existencia.<\/p>\n<p>El tema del art\u00edculo \u201cLa participaci\u00f3n en el cine antropol\u00f3gico: el caso de <em>Question Bridge<\/em>, del video instalaci\u00f3n a la interfaz colaborativa <em>on-line<\/em>\u201d de Fabiola Alcal\u00e1 Anguiano, Ariadna Ruiz Almanza y Carmen Luc\u00eda G\u00f3mez S\u00e1nchez gira en torno a las preguntas que las autoras se hacen sobre la participaci\u00f3n en un documental <em>on-line <\/em>donde la funci\u00f3n de autor y receptor no es lineal. En el texto las autoras muestran la importancia de la participaci\u00f3n en la construcci\u00f3n de este producto visual donde los hombres afroamericanos debaten su propia imagen y los roles identitarios y representaciones que su cultura les ha impuesto. Se discuten ampliamente las peculiaridades participativas de la herramienta tecnol\u00f3gica y las caracter\u00edsticas de los participantes para producir colectivamente un <em>web<\/em> documental.<\/p>\n<p>En \u201cDel retrato al <em>selfie<\/em> wix\u00e1rika: una historia visual nuestra\u201d describo los autorretratos que una comunidad ind\u00edgena se toma de s\u00ed misma y los <em>selfies<\/em> que la misma comunidad se toma veinte a\u00f1os despu\u00e9s, a partir de la llegada de los <em>smartphones<\/em>. Sobre la base de una selecci\u00f3n del archivo de 6000 fotograf\u00edas hechas por j\u00f3venes wixaritari, planteo preguntas en torno a las culturas visuales, en plural, y su relaci\u00f3n con la cultura visual occidental y hegem\u00f3nica.<\/p>\n<p>En los seis art\u00edculos de este <em>dossier<\/em> se presenta una doble reflexi\u00f3n: sobre la relaci\u00f3n de la imagen con la construcci\u00f3n de la propia imagen y representaci\u00f3n, y, segundo, las t\u00e9cnicas utilizadas para investigar dichas im\u00e1genes de forma dial\u00f3gica. Las propuestas son sugerentes y creativas, y muestran que partir de las culturas visuales en plural arroja necesariamente otras formas metodol\u00f3gicas para aproximarse a las im\u00e1genes que se construyen fuera del circuito hegem\u00f3nico. Pensar las im\u00e1genes <em>con<\/em> los otros, como lo hacen los art\u00edculos de este<em> dossier<\/em>, abre la puerta al nuevo r\u00e9gimen visual donde las culturas, en plural, tambi\u00e9n son visibles.<\/p>\n<h2>Bibliograf\u00eda<\/h2>\n<p class=\"bibliography\">Alpers, S. (1987). <em>El arte de describir<\/em>. Madrid: Blume.<\/p>\n<p class=\"bibliography\">Baronnet, B. (2017). \u201cEl uso de las im\u00e1genes en los muros de los salones de clase de educaci\u00f3n ind\u00edgena\u201d, en Sarah Corona Berkin (coord.) <em>\u00bfLa imagen educa? El recurso visual de la Secretar\u00eda de Educaci\u00f3n P\u00fablica<\/em>. Guadalajara: Universidad de Guadalajara.<\/p>\n<p class=\"bibliography\">Barriendos, J. (2008). \u201cApetitos extremos. La colonialidad del ver y las im\u00e1genes-archivo sobre el canibalismo de Indias\u201d, <em>Trasversal<\/em>, 08-2008.<\/p>\n<p class=\"bibliography\">Benjamin, W. (1973). \u201cLa oba de arte en la \u00e9poca de su reproductibilidad t\u00e9cnica\u201d, en <em>Discursos interrumpidos <span class=\"small-caps\">i<\/span><\/em>, Madrid: Taurus.<\/p>\n<p class=\"bibliography\">Bourdieu, P. [1965](1979). <em>La fotograf\u00eda. Un arte intermedio<\/em>. M\u00e9xico: Nueva Imagen.<\/p>\n<p class=\"bibliography\">Brea, J. L. (2005). <em>Estudios visuales. La epistemolog\u00eda de la visualidad en la era de la globalizaci\u00f3n<\/em>. Madrid: Akal.<\/p>\n<p class=\"bibliography\">Carozzi, J. y A. Frigerio (1992).\u201cMam\u00e3e Oxum y la Madre Maria: santos, curanderos y religiones afro-brasile\u00f1as\u201d, <em>Revista del Centro de Estudos Afro-Orientais de la Universidade Federal da Bahia<\/em>.<\/p>\n<p class=\"bibliography\">Corona Berkin, S. (2002). <em>Miradas entrevistas. Aproximaci\u00f3n a la cultura, comunicaci\u00f3n y fotograf\u00eda huichola. <\/em>Guadalajara: Universidad de Guadalajara.<\/p>\n<p class=\"bibliography\">\u2014 (2011a). <em>Postales de la diferencia. La ciudad vista por fot\u00f3grafos wix\u00e1ritari<\/em>. M\u00e9xico: Conaculta.<\/p>\n<p class=\"bibliography\">Garc\u00eda Canal, M. (1997). <em>El se\u00f1or de las uvas. Cultura y g\u00e9nero<\/em>. M\u00e9xico: Universidad Aut\u00f3noma Metropolitana-<span class=\"small-caps\">x<\/span>.<\/p>\n<p class=\"bibliography\">Garc\u00eda Canclini, N. (2007). \u201cEl poder de las im\u00e1genes. Diez preguntas sobre su redistribuci\u00f3n internacional\u201d, <em>Estudios Visuales<\/em>, vol 4: 36-55.<\/p>\n<p class=\"bibliography\">Gonz\u00e1les, J. (1986). \u201cExvotos y retablitos, religi\u00f3n popular y comunicaci\u00f3n en M\u00e9xico\u201d, en <em>Estudios sobre las Culturas Contempor\u00e1neas<\/em>, vol 1, n\u00fam.1.<\/p>\n<p class=\"bibliography\">Kantonen, P. (2017). <em>Generational Filming<\/em>. Helsinki: The Academy of Fine Arts at the University of Arts.<\/p>\n<p class=\"bibliography\">Le\u00f3n, C. (2012), \u201cImagen, medios y telecolonialidad: hacia una cr\u00edtica decolonial de los estudios visuales\u201d. <em>Aisthesis<\/em>, n\u00fam. 51, julio 2012, Santiago.<\/p>\n<p class=\"bibliography\">Martin Barbero, J. (2002). <em>Oficio de cart\u00f3grafo. Traves\u00edas latinoamericanas de la comunicaci\u00f3n en la cultura.<\/em> Santiago de Chile: <span class=\"small-caps\">fce<\/span>.<\/p>\n<p class=\"bibliography\">Menezes, Renata. (2009). <em>The Sacred Image in the Age of Mechanical Reproduction: On Santinhos<\/em>. R\u00edo de Janeiro: <span class=\"small-caps\">ppgas<\/span>\/Museu Nacional.<\/p>\n<p class=\"bibliography\">Pe\u00f1a, G. de la (2002). \u201cLos debates y las b\u00fasquedas: ayer, hoy, ma\u00f1ana\u201d, en Guillermo de la Pe\u00f1a y Luis V\u00e1zquez Le\u00f3n (coord.), <em>La antropolog\u00eda sociocultural en el M\u00e9xico del milenio. B\u00fasquedas, encuentros y transiciones.<\/em> M\u00e9xico: <span class=\"small-caps\">ini<\/span>\/Conaculta\/<span class=\"small-caps\">fce<\/span>.<\/p>\n<p class=\"bibliography\">Pinto M. y M. Ribes (2011). <em>Educa\u00e7ao Experi\u00eancia Est\u00e9tica<\/em>. R\u00edo de Janeiro: Nau.<\/p>\n<p class=\"bibliography\">Pool, D. (1991). <em>Visi\u00f3n, raza y modernidad. Una econom\u00eda visual del mundo andino de im\u00e1genes.<\/em> Lima: Sur Casa de Estudios del Socialismo.<\/p>\n<p class=\"bibliography\">Quijano, A. (2014). <em>De la dependencia hist\u00f3rico-estructural a la colonialidad\/descolonialidad del poder<\/em>. Buenos Aires: Clacso.<\/p>\n<p class=\"bibliography\">Ren\u00f3, D. y L. Ren\u00f3 (2013). \u201cNarrativa Trasm\u00eddia e Interfaces Interactivas como Suportes para a Educa\u00e7ao\u201d. <em>Estudios em Comunica\u00e7ao. Sociedade e Cultura<\/em>, vol. 2, n\u00fam. 5.<\/p>\n<p class=\"bibliography\">Rivera Cusicanqui, S. (2010). \u201cSociolog\u00eda de la imagen. Una visi\u00f3n desde la historia colonial andina\u201d, en <em>Ch\u2019ixinakax utxiwa: una reflexi\u00f3n sobre pr\u00e1cticas y discursos descolonizadores<\/em>. Buenos Aires: Tinta, Lim\u00f3n y Retazos.<\/p>\n<p class=\"bibliography\">Robinson, S. (1998). \u201cDilemas de la antropolog\u00eda visual mexicana\u201d, <em>Cuicuilco<\/em>, vol. 5, n\u00fam. 13, mayo\/agosto. M\u00e9xico: <span class=\"small-caps\">enah<\/span>.<\/p>\n<p class=\"bibliography\">Spivak, G. C. (1998). \u201c\u00bfPuede hablar el sujeto subalterno?\u201d, en <em>Orbis Tertius<\/em>, <span class=\"small-caps\">iii<\/span> (6), Buenos Aires.<\/p>\n<p class=\"bibliography\">Torre, R. de la (2000). \u201cEst\u00e9tica azteca de las danzas concheras. Tradiciones ex\u00f3ticas o memorias redescubiertas\u201d, <em>Versi\u00f3n. Estudios de Comunicaci\u00f3n y Pol\u00edtica<\/em>, n\u00fam. 20, diciembre.<\/p>\n<p class=\"bibliography\">Trevisan, P. y L. Massa (2009). \u201cFotograf\u00edas cusque\u00f1as atravesando el indigenismo\u201d, <em>Aisthesis<\/em>, n\u00fam. 46.<\/p>\n<p class=\"bibliography\">Vila, P. (1997). \u201cHacia una reconstrucci\u00f3n de la antropolog\u00eda visual\u201d, <em>Estudios sobre las Culturas Contempor\u00e1neas,<\/em> n\u00fam. 6, diciembre.<\/p>\n<p class=\"bibliography\">Wood, David (2014). \u201cVestigios de historia: el archivo familiar en el cine documental y experimental contempor\u00e1neo\u201d, <em>Anales del Instituto de Investigaciones Est\u00e9ticas<\/em>, vol. <span class=\"small-caps\">xxxvi<\/span>, n\u00fam. 104.<\/p>\n<p class=\"bibliography\">Zires, M. (2014). <em>Las transformaciones de los exvotos pictogr\u00e1ficos guadalupanos (1848-1999).<\/em> M\u00e9xico: Conacyt\/Iberoamericana\/<span class=\"small-caps\">uam-x<\/span>.<\/p>\n","protected":false},"excerpt":{"rendered":"<p>n este dossier pensamos en la importancia de acercarnos a las culturas visuales, en plural, para conocer las m\u00faltiples construcciones de realidad que se cristalizan en im\u00e1genes en diversos entornos sociales. Hoy no solo una inmensa cantidad de im\u00e1genes nos invade y representa, sino que las opciones digitales y las redes sociales construyen en tiempo [&hellip;]<\/p>\n","protected":false},"author":4,"featured_media":30556,"comment_status":"open","ping_status":"open","sticky":false,"template":"","format":"standard","meta":{"_acf_changed":false,"footnotes":""},"categories":[278],"tags":[],"coauthors":[551],"class_list":["post-30533","post","type-post","status-publish","format-standard","has-post-thumbnail","hentry","category-278","personas-corona-berkin-sarah","numeros-277"],"acf":[],"yoast_head":"<!-- This site is optimized with the Yoast SEO plugin v22.2 - https:\/\/yoast.com\/wordpress\/plugins\/seo\/ -->\n<title>Culturas visuales. Hacia la pluralizaci\u00f3n de la cultura visual &#8211; Encartes<\/title>\n<meta name=\"robots\" content=\"index, follow, max-snippet:-1, max-image-preview:large, max-video-preview:-1\" \/>\n<link rel=\"canonical\" href=\"https:\/\/encartes.mx\/fr\/culturas-visuales\/\" \/>\n<meta property=\"og:locale\" content=\"fr_FR\" \/>\n<meta property=\"og:type\" content=\"article\" \/>\n<meta property=\"og:title\" content=\"Culturas visuales. Hacia la pluralizaci\u00f3n de la cultura visual &#8211; Encartes\" \/>\n<meta property=\"og:description\" content=\"n este dossier pensamos en la importancia de acercarnos a las culturas visuales, en plural, para conocer las m\u00faltiples construcciones de realidad que se cristalizan en im\u00e1genes en diversos entornos sociales. Hoy no solo una inmensa cantidad de im\u00e1genes nos invade y representa, sino que las opciones digitales y las redes sociales construyen en tiempo [&hellip;]\" \/>\n<meta property=\"og:url\" content=\"https:\/\/encartes.mx\/fr\/culturas-visuales\/\" \/>\n<meta property=\"og:site_name\" content=\"Encartes\" \/>\n<meta property=\"article:published_time\" content=\"2018-09-21T13:17:58+00:00\" \/>\n<meta property=\"article:modified_time\" content=\"2023-11-18T01:06:44+00:00\" \/>\n<meta property=\"og:image\" content=\"https:\/\/encartes.mx\/wp-content\/uploads\/2018\/08\/39731075221_6a234e213c_z.jpg\" \/>\n\t<meta property=\"og:image:width\" content=\"640\" \/>\n\t<meta property=\"og:image:height\" content=\"217\" \/>\n\t<meta property=\"og:image:type\" content=\"image\/jpeg\" \/>\n<meta name=\"author\" content=\"Arthur Ventura\" \/>\n<meta name=\"twitter:card\" content=\"summary_large_image\" \/>\n<meta name=\"twitter:label1\" content=\"\u00c9crit par\" \/>\n\t<meta name=\"twitter:data1\" content=\"Arthur Ventura\" \/>\n\t<meta name=\"twitter:label2\" content=\"Dur\u00e9e de lecture estim\u00e9e\" \/>\n\t<meta name=\"twitter:data2\" content=\"17 minutes\" \/>\n\t<meta name=\"twitter:label3\" content=\"Written by\" \/>\n\t<meta name=\"twitter:data3\" content=\"Arthur Ventura\" \/>\n<script type=\"application\/ld+json\" class=\"yoast-schema-graph\">{\"@context\":\"https:\/\/schema.org\",\"@graph\":[{\"@type\":\"Article\",\"@id\":\"https:\/\/encartes.mx\/fr\/culturas-visuales\/#article\",\"isPartOf\":{\"@id\":\"https:\/\/encartes.mx\/fr\/culturas-visuales\/\"},\"author\":{\"name\":\"Arthur Ventura\",\"@id\":\"https:\/\/encartes.mx\/#\/schema\/person\/97215bba1729028a4169cab07f8e58ef\"},\"headline\":\"Culturas visuales. Hacia la pluralizaci\u00f3n de la cultura visual\",\"datePublished\":\"2018-09-21T13:17:58+00:00\",\"dateModified\":\"2023-11-18T01:06:44+00:00\",\"mainEntityOfPage\":{\"@id\":\"https:\/\/encartes.mx\/fr\/culturas-visuales\/\"},\"wordCount\":4267,\"commentCount\":0,\"publisher\":{\"@id\":\"https:\/\/encartes.mx\/#organization\"},\"image\":{\"@id\":\"https:\/\/encartes.mx\/fr\/culturas-visuales\/#primaryimage\"},\"thumbnailUrl\":\"https:\/\/encartes.mx\/wp-content\/uploads\/2018\/08\/39731075221_6a234e213c_z.jpg\",\"articleSection\":[\"Presentaci\u00f3n del tema\"],\"inLanguage\":\"fr-FR\",\"potentialAction\":[{\"@type\":\"CommentAction\",\"name\":\"Comment\",\"target\":[\"https:\/\/encartes.mx\/fr\/culturas-visuales\/#respond\"]}]},{\"@type\":\"WebPage\",\"@id\":\"https:\/\/encartes.mx\/fr\/culturas-visuales\/\",\"url\":\"https:\/\/encartes.mx\/fr\/culturas-visuales\/\",\"name\":\"Culturas visuales. Hacia la pluralizaci\u00f3n de la cultura visual &#8211; Encartes\",\"isPartOf\":{\"@id\":\"https:\/\/encartes.mx\/#website\"},\"primaryImageOfPage\":{\"@id\":\"https:\/\/encartes.mx\/fr\/culturas-visuales\/#primaryimage\"},\"image\":{\"@id\":\"https:\/\/encartes.mx\/fr\/culturas-visuales\/#primaryimage\"},\"thumbnailUrl\":\"https:\/\/encartes.mx\/wp-content\/uploads\/2018\/08\/39731075221_6a234e213c_z.jpg\",\"datePublished\":\"2018-09-21T13:17:58+00:00\",\"dateModified\":\"2023-11-18T01:06:44+00:00\",\"breadcrumb\":{\"@id\":\"https:\/\/encartes.mx\/fr\/culturas-visuales\/#breadcrumb\"},\"inLanguage\":\"fr-FR\",\"potentialAction\":[{\"@type\":\"ReadAction\",\"target\":[\"https:\/\/encartes.mx\/fr\/culturas-visuales\/\"]}]},{\"@type\":\"ImageObject\",\"inLanguage\":\"fr-FR\",\"@id\":\"https:\/\/encartes.mx\/fr\/culturas-visuales\/#primaryimage\",\"url\":\"https:\/\/encartes.mx\/wp-content\/uploads\/2018\/08\/39731075221_6a234e213c_z.jpg\",\"contentUrl\":\"https:\/\/encartes.mx\/wp-content\/uploads\/2018\/08\/39731075221_6a234e213c_z.jpg\",\"width\":640,\"height\":217},{\"@type\":\"BreadcrumbList\",\"@id\":\"https:\/\/encartes.mx\/fr\/culturas-visuales\/#breadcrumb\",\"itemListElement\":[{\"@type\":\"ListItem\",\"position\":1,\"name\":\"Home\",\"item\":\"https:\/\/encartes.mx\/\"},{\"@type\":\"ListItem\",\"position\":2,\"name\":\"Culturas visuales. Hacia la pluralizaci\u00f3n de la cultura visual\"}]},{\"@type\":\"WebSite\",\"@id\":\"https:\/\/encartes.mx\/#website\",\"url\":\"https:\/\/encartes.mx\/\",\"name\":\"Encartes\",\"description\":\"Revista digital multimedia\",\"publisher\":{\"@id\":\"https:\/\/encartes.mx\/#organization\"},\"potentialAction\":[{\"@type\":\"SearchAction\",\"target\":{\"@type\":\"EntryPoint\",\"urlTemplate\":\"https:\/\/encartes.mx\/?s={search_term_string}\"},\"query-input\":\"required name=search_term_string\"}],\"inLanguage\":\"fr-FR\"},{\"@type\":\"Organization\",\"@id\":\"https:\/\/encartes.mx\/#organization\",\"name\":\"Encartes Antropol\u00f3gicos\",\"url\":\"https:\/\/encartes.mx\/\",\"logo\":{\"@type\":\"ImageObject\",\"inLanguage\":\"fr-FR\",\"@id\":\"https:\/\/encartes.mx\/#\/schema\/logo\/image\/\",\"url\":\"https:\/\/encartes.mx\/wp-content\/uploads\/2017\/04\/Logo-04.png\",\"contentUrl\":\"https:\/\/encartes.mx\/wp-content\/uploads\/2017\/04\/Logo-04.png\",\"width\":338,\"height\":306,\"caption\":\"Encartes Antropol\u00f3gicos\"},\"image\":{\"@id\":\"https:\/\/encartes.mx\/#\/schema\/logo\/image\/\"}},{\"@type\":\"Person\",\"@id\":\"https:\/\/encartes.mx\/#\/schema\/person\/97215bba1729028a4169cab07f8e58ef\",\"name\":\"Arthur Ventura\",\"image\":{\"@type\":\"ImageObject\",\"inLanguage\":\"fr-FR\",\"@id\":\"https:\/\/encartes.mx\/#\/schema\/person\/image\/8a45818ea77a67a00c058d294424a6f6\",\"url\":\"https:\/\/secure.gravatar.com\/avatar\/e8ff614b2fa0d91ff6c65f328a272c53?s=96&d=identicon&r=g\",\"contentUrl\":\"https:\/\/secure.gravatar.com\/avatar\/e8ff614b2fa0d91ff6c65f328a272c53?s=96&d=identicon&r=g\",\"caption\":\"Arthur Ventura\"}}]}<\/script>\n<!-- \/ Yoast SEO plugin. -->","yoast_head_json":{"title":"Culturas visuales. Hacia la pluralizaci\u00f3n de la cultura visual &#8211; Encartes","robots":{"index":"index","follow":"follow","max-snippet":"max-snippet:-1","max-image-preview":"max-image-preview:large","max-video-preview":"max-video-preview:-1"},"canonical":"https:\/\/encartes.mx\/fr\/culturas-visuales\/","og_locale":"fr_FR","og_type":"article","og_title":"Culturas visuales. Hacia la pluralizaci\u00f3n de la cultura visual &#8211; Encartes","og_description":"n este dossier pensamos en la importancia de acercarnos a las culturas visuales, en plural, para conocer las m\u00faltiples construcciones de realidad que se cristalizan en im\u00e1genes en diversos entornos sociales. Hoy no solo una inmensa cantidad de im\u00e1genes nos invade y representa, sino que las opciones digitales y las redes sociales construyen en tiempo [&hellip;]","og_url":"https:\/\/encartes.mx\/fr\/culturas-visuales\/","og_site_name":"Encartes","article_published_time":"2018-09-21T13:17:58+00:00","article_modified_time":"2023-11-18T01:06:44+00:00","og_image":[{"width":640,"height":217,"url":"https:\/\/encartes.mx\/wp-content\/uploads\/2018\/08\/39731075221_6a234e213c_z.jpg","type":"image\/jpeg"}],"author":"Arthur Ventura","twitter_card":"summary_large_image","twitter_misc":{"\u00c9crit par":"Arthur Ventura","Dur\u00e9e de lecture estim\u00e9e":"17 minutes","Written by":"Arthur Ventura"},"schema":{"@context":"https:\/\/schema.org","@graph":[{"@type":"Article","@id":"https:\/\/encartes.mx\/fr\/culturas-visuales\/#article","isPartOf":{"@id":"https:\/\/encartes.mx\/fr\/culturas-visuales\/"},"author":{"name":"Arthur Ventura","@id":"https:\/\/encartes.mx\/#\/schema\/person\/97215bba1729028a4169cab07f8e58ef"},"headline":"Culturas visuales. Hacia la pluralizaci\u00f3n de la cultura visual","datePublished":"2018-09-21T13:17:58+00:00","dateModified":"2023-11-18T01:06:44+00:00","mainEntityOfPage":{"@id":"https:\/\/encartes.mx\/fr\/culturas-visuales\/"},"wordCount":4267,"commentCount":0,"publisher":{"@id":"https:\/\/encartes.mx\/#organization"},"image":{"@id":"https:\/\/encartes.mx\/fr\/culturas-visuales\/#primaryimage"},"thumbnailUrl":"https:\/\/encartes.mx\/wp-content\/uploads\/2018\/08\/39731075221_6a234e213c_z.jpg","articleSection":["Presentaci\u00f3n del tema"],"inLanguage":"fr-FR","potentialAction":[{"@type":"CommentAction","name":"Comment","target":["https:\/\/encartes.mx\/fr\/culturas-visuales\/#respond"]}]},{"@type":"WebPage","@id":"https:\/\/encartes.mx\/fr\/culturas-visuales\/","url":"https:\/\/encartes.mx\/fr\/culturas-visuales\/","name":"Culturas visuales. Hacia la pluralizaci\u00f3n de la cultura visual &#8211; Encartes","isPartOf":{"@id":"https:\/\/encartes.mx\/#website"},"primaryImageOfPage":{"@id":"https:\/\/encartes.mx\/fr\/culturas-visuales\/#primaryimage"},"image":{"@id":"https:\/\/encartes.mx\/fr\/culturas-visuales\/#primaryimage"},"thumbnailUrl":"https:\/\/encartes.mx\/wp-content\/uploads\/2018\/08\/39731075221_6a234e213c_z.jpg","datePublished":"2018-09-21T13:17:58+00:00","dateModified":"2023-11-18T01:06:44+00:00","breadcrumb":{"@id":"https:\/\/encartes.mx\/fr\/culturas-visuales\/#breadcrumb"},"inLanguage":"fr-FR","potentialAction":[{"@type":"ReadAction","target":["https:\/\/encartes.mx\/fr\/culturas-visuales\/"]}]},{"@type":"ImageObject","inLanguage":"fr-FR","@id":"https:\/\/encartes.mx\/fr\/culturas-visuales\/#primaryimage","url":"https:\/\/encartes.mx\/wp-content\/uploads\/2018\/08\/39731075221_6a234e213c_z.jpg","contentUrl":"https:\/\/encartes.mx\/wp-content\/uploads\/2018\/08\/39731075221_6a234e213c_z.jpg","width":640,"height":217},{"@type":"BreadcrumbList","@id":"https:\/\/encartes.mx\/fr\/culturas-visuales\/#breadcrumb","itemListElement":[{"@type":"ListItem","position":1,"name":"Home","item":"https:\/\/encartes.mx\/"},{"@type":"ListItem","position":2,"name":"Culturas visuales. Hacia la pluralizaci\u00f3n de la cultura visual"}]},{"@type":"WebSite","@id":"https:\/\/encartes.mx\/#website","url":"https:\/\/encartes.mx\/","name":"Encartes","description":"Magazine num\u00e9rique multim\u00e9dia","publisher":{"@id":"https:\/\/encartes.mx\/#organization"},"potentialAction":[{"@type":"SearchAction","target":{"@type":"EntryPoint","urlTemplate":"https:\/\/encartes.mx\/?s={search_term_string}"},"query-input":"required name=search_term_string"}],"inLanguage":"fr-FR"},{"@type":"Organization","@id":"https:\/\/encartes.mx\/#organization","name":"Insertions anthropologiques","url":"https:\/\/encartes.mx\/","logo":{"@type":"ImageObject","inLanguage":"fr-FR","@id":"https:\/\/encartes.mx\/#\/schema\/logo\/image\/","url":"https:\/\/encartes.mx\/wp-content\/uploads\/2017\/04\/Logo-04.png","contentUrl":"https:\/\/encartes.mx\/wp-content\/uploads\/2017\/04\/Logo-04.png","width":338,"height":306,"caption":"Encartes Antropol\u00f3gicos"},"image":{"@id":"https:\/\/encartes.mx\/#\/schema\/logo\/image\/"}},{"@type":"Person","@id":"https:\/\/encartes.mx\/#\/schema\/person\/97215bba1729028a4169cab07f8e58ef","name":"Arthur Ventura","image":{"@type":"ImageObject","inLanguage":"fr-FR","@id":"https:\/\/encartes.mx\/#\/schema\/person\/image\/8a45818ea77a67a00c058d294424a6f6","url":"https:\/\/secure.gravatar.com\/avatar\/e8ff614b2fa0d91ff6c65f328a272c53?s=96&d=identicon&r=g","contentUrl":"https:\/\/secure.gravatar.com\/avatar\/e8ff614b2fa0d91ff6c65f328a272c53?s=96&d=identicon&r=g","caption":"Arthur Ventura"}}]}},"jetpack_sharing_enabled":true,"jetpack_featured_media_url":"https:\/\/encartes.mx\/wp-content\/uploads\/2018\/08\/39731075221_6a234e213c_z.jpg","_links":{"self":[{"href":"https:\/\/encartes.mx\/fr\/wp-json\/wp\/v2\/posts\/30533","targetHints":{"allow":["GET"]}}],"collection":[{"href":"https:\/\/encartes.mx\/fr\/wp-json\/wp\/v2\/posts"}],"about":[{"href":"https:\/\/encartes.mx\/fr\/wp-json\/wp\/v2\/types\/post"}],"author":[{"embeddable":true,"href":"https:\/\/encartes.mx\/fr\/wp-json\/wp\/v2\/users\/4"}],"replies":[{"embeddable":true,"href":"https:\/\/encartes.mx\/fr\/wp-json\/wp\/v2\/comments?post=30533"}],"version-history":[{"count":23,"href":"https:\/\/encartes.mx\/fr\/wp-json\/wp\/v2\/posts\/30533\/revisions"}],"predecessor-version":[{"id":38065,"href":"https:\/\/encartes.mx\/fr\/wp-json\/wp\/v2\/posts\/30533\/revisions\/38065"}],"wp:featuredmedia":[{"embeddable":true,"href":"https:\/\/encartes.mx\/fr\/wp-json\/wp\/v2\/media\/30556"}],"wp:attachment":[{"href":"https:\/\/encartes.mx\/fr\/wp-json\/wp\/v2\/media?parent=30533"}],"wp:term":[{"taxonomy":"category","embeddable":true,"href":"https:\/\/encartes.mx\/fr\/wp-json\/wp\/v2\/categories?post=30533"},{"taxonomy":"post_tag","embeddable":true,"href":"https:\/\/encartes.mx\/fr\/wp-json\/wp\/v2\/tags?post=30533"},{"taxonomy":"author","embeddable":true,"href":"https:\/\/encartes.mx\/fr\/wp-json\/wp\/v2\/coauthors?post=30533"}],"curies":[{"name":"wp","href":"https:\/\/api.w.org\/{rel}","templated":true}]}}