{"id":30491,"date":"2018-09-21T13:15:00","date_gmt":"2018-09-21T13:15:00","guid":{"rendered":"https:\/\/encartesantropologicos.mx\/wordpress\/?p=30491"},"modified":"2023-11-17T19:07:36","modified_gmt":"2023-11-18T01:07:36","slug":"metodologia-imagen-transporte","status":"publish","type":"post","link":"https:\/\/encartes.mx\/fr\/metodologia-imagen-transporte\/","title":{"rendered":"La m\u00e9thodologie, c'est le mouvement. Propositions pour l'\u00e9tude de l'exp\u00e9rience urbaine des transports en commun \u00e0 partir de l'utilisation des images."},"content":{"rendered":"\n<h2 class=\"wp-block-heading\">Resumen<\/h2>\n\n\n\n<p class=\"abstract\">Presento una estrategia metodol\u00f3gica dirigida a la comprensi\u00f3n y el an\u00e1lisis de las formas objetivadas e interiorizadas de la ciudad a partir de la experiencia del tr\u00e1nsito. Las herramientas que comparto consideran dos expresiones fundamentales de la experiencia: la pr\u00e1ctica-vivencial y la imaginaria-referencial. Enfatizo el papel clave que desempe\u00f1a la aproximaci\u00f3n colaborativa y dial\u00f3gica apoyada en el uso y la creaci\u00f3n de im\u00e1genes para comprender la experiencia de los transe\u00fantes.<\/p>\n\n\n\n<p class=\"abstract\">A lo largo del texto muestro algunos esbozos interpretativos para mostrar las posibilidades anal\u00edticas del m\u00e9todo que puede utilizarse para identificar las imbricaciones entre la ciudad practicada, percibida e imaginada por diversos transe\u00fantes, en este caso usuarios del transporte p\u00fablico en el \u00e1rea metropolitana de Guadalajara.<\/p>\n\n\n\n<p class=\"abstract\">Palabras claves: <a href=\"https:\/\/encartes.mx\/fr\/tag\/antropologia-visual\/\" rel=\"tag\">antropolog\u00eda visual<\/a>, <a href=\"https:\/\/encartes.mx\/fr\/tag\/imaginarios-urbanos\/\" rel=\"tag\">imaginarios urbanos<\/a>, <a href=\"https:\/\/encartes.mx\/fr\/tag\/metodologia-colaborativa\/\" rel=\"tag\">metodolog\u00eda colaborativa<\/a>, <a href=\"https:\/\/encartes.mx\/fr\/tag\/movilidad\/\" rel=\"tag\">movilidad<\/a>, <a href=\"https:\/\/encartes.mx\/fr\/tag\/psico-geografia\/\" rel=\"tag\">psico-geograf\u00eda<\/a><br><p class=\"en-title\">Methodology is movement: image-use-supported proposals for studying the urban transit experience<\/p><\/p>\n\n\n\n<p class=\"abstract en-text\">I present a methodological strategy that seeks to understand and analyze the city\u2019s objectivized and interiorized forms, based on the transit experience. The tools I share take up two of the experience\u2019s fundamental expressions: related to life-practice and the imaginary-referential. I emphasize the critical role collaborative and supported-dialogic approximations play in using and creating images to understand the transit experience.<\/p>\n\n\n\n<p class=\"abstract en-text\">Throughout the text I present interpretative models to demonstrate analytical-method possibilities that can be used to identify overlap between the way a variety of those in transit\u2014in this case, metro guadalajara\u2019s public-transportation users\u2014interact with, perceive and imagine the city.<\/p>\n\n\n\n<p class=\"abstract en-text\"><strong>Keywords: <\/strong>collaborative methodology, visual anthropology, mobility, urban imaginaries, psycho-geography.<\/p>\n\n\n\n<p class=\"has-text-align-right abstract\">No hay un mapa definido para esos traslados sin fin,<br>donde el medio de transporte resulta<br>m\u00e1s significativo que el entorno.<br>Juan Villoro<br><em>El olvido: un itinerario urbano.<\/em><\/p>\n\n\n\n<h2 class=\"wp-block-heading\">Primera ubicaci\u00f3n: el origen de una pregunta al transitar<\/h2>\n\n\n\n<p class=\"abstract\"><span class=\"dropcap\">E<\/span>structuro este art\u00edculo a partir de la similitud de una estrategia metodol\u00f3gica con un camino que se recorre, en ocasiones de manera sinuosa y muchas de las veces con giros inesperados. Es as\u00ed que describo cinco diferentes ubicaciones y sus consecuentes desplazamientos originados a partir de la necesidad de dar l\u00f3gica a la pr\u00e1ctica investigativa en el entorno urbano. Con esto busco dar cuenta de la manera en que la metodolog\u00eda en antropolog\u00eda urbana requiere ser, en s\u00ed misma, un movimiento. Tal como se ver\u00e1 en las siguientes secciones, lo que inici\u00f3 como un estudio sobre la experiencia pr\u00e1ctica y vivencial del transitar vir\u00f3 hacia la indagaci\u00f3n sobre la experiencia simb\u00f3lica de dicha pr\u00e1ctica, para lo cual el uso de la imagen se volvi\u00f3 clave como parte de una estrategia de comprensi\u00f3n. El motivo de tal viraje lo produjo la misma experiencia de transitar por la ciudad con una mirada antropol\u00f3gica guiada por las miradas de los transe\u00fantes cotidianos.<\/p>\n\n\n\n<p>La primera ubicaci\u00f3n que presento aqu\u00ed coincide con el origen de mi inter\u00e9s por estudiar la relaci\u00f3n del transitar cotidiano con las formas de ser, practicar e imaginar a la ciudad, \u00e9ste naci\u00f3 de la manera m\u00e1s inesperada pero quiz\u00e1 m\u00e1s apropiada posible: mientras viajaba en un veh\u00edculo del transporte p\u00fablico en la ciudad que habito y por la que transito desde mi infancia.<\/p>\n\n\n\n<p>Al igual que los millones de personas que viven en el \u00e1rea metropolitana de Guadalajara (<span class=\"small-caps\">amg<\/span>) y que muchas otras que residen en ciudades, me he visto en la necesidad de trasladarme entre distintos puntos de ella para desarrollarme como persona.<a class=\"anota\" id=\"anota1\" data-footnote=1>1<\/a> El transporte p\u00fablico fue \u2013desde la adolescencia y durante la mayor parte de mi vida\u2013 la forma m\u00e1s asequible para trasladarme y realizar las actividades de estudio y trabajo a las que debo la oportunidad de estar escribiendo hoy este tipo de reflexiones.<\/p>\n\n\n\n<p>En uno de esos aparentemente insignificantes y tediosos trayectos, una ma\u00f1ana en hora pico, me di cuenta de que hab\u00eda ciertas recurrencias en lo que percib\u00eda d\u00eda tras d\u00eda como parte de mi vida cotidiana en la ciudad. En un peque\u00f1o momento de extra\u00f1eza me pareci\u00f3 percibir una relaci\u00f3n entre los paisajes industriales por los que transitaba la ruta del transporte p\u00fablico y los rostros, formas de vestir, hablar e incluso pensar de quienes viaj\u00e1bamos diariamente por ese mismo camino. La gente que me parec\u00eda obrera descend\u00eda del autob\u00fas donde hab\u00eda industrias, la gente que me parec\u00eda oficinista se bajaba donde hab\u00eda edificios de aspecto ejecutivo, la gente que me parec\u00eda estudiante lo abandonaba donde pudiera transbordar con destino a sus escuelas. As\u00ed tuve mis primeras dos preguntas, quiz\u00e1 igual de complejas: \u201c\u00bfyo que parecer\u00e9?\u201d y la segunda \u201c\u00bftransitar por los mismos lugares todos los d\u00edas influir\u00eda de alguna manera en la forma en que quienes viaj\u00e1bamos en el veh\u00edculo de transporte p\u00fablico nos percib\u00edamos a nosotros mismos y a la ciudad?\u201d Sent\u00ed la necesidad imperativa de platicar con los otros viajeros sobre esto, pero en un primer momento me pareci\u00f3 que no podr\u00eda hacerlo, porque para ello tendr\u00eda que entablar conversaci\u00f3n con desconocidos y sab\u00eda, impl\u00edcitamente, que eso no debe hacerse en el transporte p\u00fablico.<\/p>\n\n\n\n<p>Narro este pre\u00e1mbulo a manera de introducci\u00f3n porque fue la necesidad de entrar en di\u00e1logo la que me llev\u00f3 a proponer la metodolog\u00eda que presento en este art\u00edculo, como posibilidad para identificar formas objetivadas e interiorizadas del espacio urbano en la experiencia de los transe\u00fantes y usuarios del transporte p\u00fablico. Los primeros dilemas a los que me enfrent\u00e9 fueron los de pensar c\u00f3mo estudiar aquello de lo que yo mismo formaba parte y en qu\u00e9 t\u00e9rminos podr\u00eda construir una definici\u00f3n horizontal sobre lo que me parec\u00eda un principio del orden de la vida urbana que se crea y re-crea todos los d\u00edas a partir de las pr\u00e1cticas de quienes transitamos por la ciudad.<\/p>\n\n\n\n<p>Esta reflexi\u00f3n tiene relaci\u00f3n directa con la discusi\u00f3n de las metodolog\u00edas horizontales (Corona y Kaltmeier, 2012) porque el di\u00e1logo con usuarios del transporte p\u00fablico me permiti\u00f3 desarrollar una estrategia metodol\u00f3gica que pudiese dar cuenta de los procesos de intersubjetividad que subyacen la experiencia del tr\u00e1nsito por la ciudad. Para m\u00ed, el encuentro con las experiencias de otros que transitan la misma ciudad que yo, represent\u00f3 la oportunidad de ver, como en un espejo, el rostro colectivo del que formo parte como residente de la misma ciudad que estudio. Al mismo tiempo, me permiti\u00f3 poner a discusi\u00f3n mis propias concepciones sobre el espacio urbano y las personas que lo producen.<\/p>\n\n\n\n<p>Retomo mi pr\u00e1ctica investigativa para discutir la manera en que, al estudiar temas relacionados con el movimiento, curiosamente la propia metodolog\u00eda de mi estudio se fue formando en movimiento; tal como lo describen Corona y Kaltmeier (2012) al referirse a las particularidades que adquieren las metodolog\u00edas horizontales, debido a su inter\u00e9s por estudiar procesos sociales antes que definir verdades o certificar preconcepciones del investigador.<\/p>\n\n\n\n<p>El objetivo que persigo es mostrar una propuesta metodol\u00f3gica que incorpora diversas herramientas visuales para la comprensi\u00f3n dual de la experiencia del tr\u00e1nsito. Considero que el uso de la fotograf\u00eda y la cartograf\u00eda, como complemento del acercamiento etnogr\u00e1fico al estudio del tr\u00e1nsito, habilita perspectivas anal\u00edticas que muestran el proceso de construcci\u00f3n social de la ciudad en su complejidad pr\u00e1ctica, f\u00edsica y simb\u00f3lica.<\/p>\n\n\n\n<h2 class=\"wp-block-heading\">Segunda ubicaci\u00f3n: la experiencia como veh\u00edculo para comprender lo urbano<\/h2>\n\n\n\n<p class=\"abstract\">Una vez que tuve certeza sobre la pertinencia de acercarme al estudio de la correlaci\u00f3n entre la ciudad y los transe\u00fantes como objeto de estudio antropol\u00f3gico, fue necesario identificar una puerta de acceso comprehensivo que me permitiera desarrollar una estrategia metodol\u00f3gica. Me pareci\u00f3 que lo id\u00f3neo ser\u00eda abordar este fen\u00f3meno mediante el estudio sistem\u00e1tico de la experiencia en el plano de la vida cotidiana.<\/p>\n\n\n\n<p>Aqu\u00ed tomar\u00e9 por experiencia el c\u00famulo de conocimientos sobre el mundo social adquiridos mediante la vivencia personal y\/o la referencia social, que a su vez sirven para orientar las pr\u00e1cticas y los sentidos que atribuimos a nuestra vida cotidiana. Alfred Sch\u00fctz recurri\u00f3 a una tipificaci\u00f3n similar a \u00e9sta para referirse al acto, definido como \u201cuna vivencia instalada en el repositorio de conocimientos disponible de algo concretado, sea real o imaginario\u201d (Sch\u00fctz, 1932: 60). Esto quiere decir que, desde este tipo de perspectivas, existen dos formas de adquirir conocimientos sobre el mundo social que orienten nuestros actos en la vida cotidiana: mediante la vivencia y pr\u00e1ctica inmediata o mediante la referencia imaginaria contextual; la primera nutrida principalmente por la vivencia personal, la segunda por el marco hist\u00f3rico-cultural.<\/p>\n\n\n\n<p>Considerar el rol de lo imaginario como constitutivo de la experiencia referencial es imprescindible, sobre todo en t\u00e9rminos de lo urbano. En palabras de Garc\u00eda Canclini (2007: 91), \u201clo imaginario remite a un campo de im\u00e1genes diferenciadas de lo emp\u00edricamente observable. Los imaginarios corresponden a elaboraciones simb\u00f3licas de lo que observamos o de lo que nos atemoriza o desear\u00edamos que existiera\u201d. Esto quiere decir que, a pesar de que se trate de elementos diferenciados de lo emp\u00edricamente observable, no se trata de algo ajeno a la experiencia emp\u00edrica, por el contrario, como bien reconocen Hiernaux y Lind\u00f3n, se trata de \u201cuna fuerza actuante, no una simple representaci\u00f3n, una manera de asimilar la realidad vivida y actuar en ella\u201d (2007: 158).<\/p>\n\n\n\n<p>Pensar en la dualidad de la experiencia vivencial\/referencial conlleva asumir que tales conocimientos est\u00e1n imbricados, de manera que las vivencias personales nutren las referencias sociales y \u00e9stas a su vez pueden preceder y perfilar el tipo de vivencias personales; se trata de una dial\u00e9ctica continua que ordena nuestro ser y estar en el plano de la vida cotidiana. Entendida as\u00ed, la experiencia perfila el tipo de acercamiento que las personas tenemos con la realidad, as\u00ed como el deseo o evitaci\u00f3n que guardamos respecto a determinadas pr\u00e1cticas, personas, relaciones, objetos y lugares en la ciudad.<\/p>\n\n\n\n<p>El entorno urbano es un entramado de relaciones sociales, arquitect\u00f3nicas y simb\u00f3licas. Tales atributos constituyen a las ciudades en un conglomerado de estructuras socializantes que ordenan y modelan a las personas que las practican de manera cotidiana. La ciudad no modela a las personas a manera de un ente superior, sino mediante el entramado intersubjetivo que precede a sus individualidades producido y reproducido mediante sus propias pr\u00e1cticas en la vida cotidiana, sustentadas a su vez en el sentido que las personas les otorgan. De ah\u00ed que Fern\u00e1ndez Christlieb (2004: 14) afirme que \u201cel ser humano es estrictamente ser urbano, porque la humanidad es en primer lugar urbanidad\u201d.<\/p>\n\n\n\n<p>Es por lo anterior que diversos autores han propuesto pensar a la ciudad desde su caracter\u00edstica colectividad, ya sea como un modo de vida (Wirth, 1938), un estado de \u00e1nimo (Park, 1999), un pensamiento (Fern\u00e1ndez, 2004) e, incluso, una experiencia corporal (Sennett, 1997). En todo caso, se trata de apreciarla como un proceso colectivo, intervenido por una serie de interacciones comunes y no como una suma de elementos materiales o un mero escenario en el que ocurren conductas individuales.<\/p>\n\n\n\n<p>Para poder acercarme anal\u00edticamente a la experiencia, tanto vivencial como referencial, de quienes transitan por la ciudad, recurr\u00ed a las ideas del construccionismo social propuestas por Berger y Luckmann (2006), desde las cuales se puede analizar el proceso de objetivaci\u00f3n de la realidad urbana en el mundo de la vida cotidiana. As\u00ed, las esferas social, f\u00edsica y mental que constituyen la vida urbana pueden visualizarse como un <em>continuum<\/em> articulado, en el cual el transitar representa un dispositivo de interiorizaci\u00f3n constante de formas, normas y s\u00edmbolos. Al transitar aprendemos, reforzamos y\/o refutamos experiencias referenciales, mediante la vivencia personal; lo cual constituye una dial\u00e9ctica entre lo vivido y lo referenciado descrita por autores como Castoriadis (2013) en t\u00e9rminos del proceso dial\u00e9ctico entre lo instituido y lo institucionalizante que configura el cambio y la permanencia de la sociedad.<\/p>\n\n\n\n<p>Recupero el \u00e9nfasis que ponen Berger y Luckmann (2006: 37) al considerar la vida cotidiana como \u201cla realidad por excelencia\u201d. Para ellos, la vida cotidiana es la realidad desde la cual articulamos nuestros pensamientos y acciones respecto del mundo social en que nos desarrollamos. Esto quiere decir que es a partir de la experiencia cotidiana que las personas percibimos, interactuamos e interiorizamos la ciudad, con lo cual adem\u00e1s nos constituimos como seres urbanos, al tiempo que reproducimos el orden urbano que da sentido a las ciudades.<\/p>\n\n\n\n<p>Berger y Luckmann propusieron un aparato conceptual interesado en conocer la manera en que la realidad se construye socialmente. Para ellos, \u201cel hombre de la calle vive en un mundo que para \u00e9l es \u2018real\u2019, aunque en grados diferentes, y \u2018sabe\u2019, con diferentes grados de certeza, que este mundo posee tales o cuales caracter\u00edsticas\u201d (2006: 11). Por ello, sosten\u00edan que la sociolog\u00eda del conocimiento deber\u00eda centrarse sobre todo en \u201clo que la gente \u2018conoce\u2019 como \u2018realidad\u2019 en su vida cotidiana\u201d (p. 29). A ese tipo de conocimiento lo reconocieron como el conocimiento del sentido com\u00fan y en \u00e9l ubicaron al tipo de conocimiento \u201csin el cual ninguna sociedad podr\u00eda existir\u201d (Berger y Luckmann, 2006: 29).<\/p>\n\n\n\n<p>La experiencia de la vida cotidiana ha sido un eje de articulaci\u00f3n te\u00f3rica recurrente en el estudio de las esferas f\u00edsica, social y mental de las ciudades. Ya sea para trabajar con el espacio, paisaje y territorio (De Castro, 1997), situar el plano donde las personas presentan sus actuaciones mediante las interacciones (Goffman, 1997) o discutir sobre la formaci\u00f3n y acci\u00f3n de los imaginarios urbanos (Ortiz, 2006). De ah\u00ed que, por ejemplo, propuestas para etnograf\u00edar los lugares como la de Vergara (2013) recurran a lo cotidiano como articulador de los itinerarios y trayectos que las personas practican a escala micro (casa), meso (meso) y macro (ciudad).<\/p>\n\n\n\n<p>En el caso concreto de la experiencia del tr\u00e1nsito tambi\u00e9n se han desarrollado m\u00faltiples esfuerzos metodol\u00f3gicos, de los cuales deriva mi propuesta. Tal es el caso de lo que B\u00fcscher y Urry (2009) reconocen como m\u00e9todos m\u00f3viles, producto de lo que identifican como un \u201cgiro a la movilidad\u201d, caracterizado por la identificaci\u00f3n de nuevas entidades de estudio en el campo de la vida cotidiana. La propuesta de tales m\u00e9todos apunta a considerar el valor de lo m\u00faltiple, lo ca\u00f3tico y complejo que ocurre en el espacio entre el aqu\u00ed y el all\u00e1 que suelen representar el origen y el destino de los puntos geogr\u00e1ficos donde se ubican los escenarios de estudio antropol\u00f3gicos. Para este tipo de propuestas, el trayecto mismo es el objeto de estudio.<\/p>\n\n\n\n<p>Para B\u00fcscher y Urry (2009) los m\u00e9todos de investigaci\u00f3n se asumen m\u00f3viles en dos sentidos; por un lado, est\u00e1n aquellos que buscan seguir las formas interdependientes e intermitentes del movimiento f\u00edsico de personas, im\u00e1genes, informaci\u00f3n y objetos (Sheller y Urry, 2006); y por otro aquellos que se pretenden sintonizar en la organizaci\u00f3n social del movimiento, como consecuencia de moverse con y por los colaboradores de la investigaci\u00f3n. En este segundo caso, se trata de investigaciones sobre c\u00f3mo personas, objetos, informaci\u00f3n e ideas se mueven y movilizan en interacci\u00f3n con otros, lo cual revela una gram\u00e1tica del orden social, econ\u00f3mico y pol\u00edtico (Sheller y Urry, 2006: 103). Lo interesante de estos dos sentidos es la descripci\u00f3n y el an\u00e1lisis de los m\u00e9todos que las personas usan para lograr y coordinar orientaciones y normas en el mundo social por el que transitan.<\/p>\n\n\n\n<p>Entre las formas m\u00e1s comunes de practicar estos m\u00e9todos se encuentra la pr\u00e1ctica de seguir a las personas en movimiento mediante t\u00e9cnicas como el <em>shadowing<\/em> o sombreo (Alyanak <em>et al<\/em>., 1980), con el fin de identificar sus relaciones con los lugares o eventos durante sus trayectos por la ciudad. Como ejemplo de este tipo de ejercicio puede consultarse el trabajo de Jir\u00f3n y Mansilla (2014), en el que utilizan el sombreo para dar cuenta de las consecuencias del urbanismo fragmentador en la vida cotidiana de transe\u00fantes en la ciudad de Santiago de Chile.<\/p>\n\n\n\n<p>Tambi\u00e9n est\u00e1n las t\u00e9cnicas enfocadas a participar en patrones de movimiento mientras se desarrolla la investigaci\u00f3n, como el andar acompa\u00f1ado (Morris, 2004) a diferencia del sombreo, esta herramienta implica una relaci\u00f3n m\u00e1s directa con los colaboradores de investigaci\u00f3n, mediante la inmersi\u00f3n en sus cosmovisiones. Suele caracterizarse por incluir entrevistas que ocurren durante los trayectos, en las cuales se buscan descripciones detalladas de lo percibido, lo sentido y lo significado por parte de los colaboradores de investigaci\u00f3n. Este tipo de herramientas son b\u00e1sicas, pero se complejizan seg\u00fan las necesidades y preguntas antropol\u00f3gicas de la investigaci\u00f3n, en algunos casos involucrando el uso de herramientas tecnol\u00f3gicas, visuales, textuales o cartogr\u00e1ficas como en el trabajo de B\u00fcscher (2006) sobre la percepci\u00f3n e intervenci\u00f3n del paisaje en el Reino Unido.<\/p>\n\n\n\n<p>Una estrategia metodol\u00f3gica para estudiar el tr\u00e1nsito y su sentido ordenador en la vida urbana podr\u00e1 variar en t\u00e9rminos de las t\u00e9cnicas empleadas, pero sugiero que \u00e9stas se articulen en torno al abordaje de las tres esferas clave en que ocurre la experiencia: la material, correspondiente con la experiencia de lo percibido; la social, vinculada a la experiencia de lo practicado; y la simb\u00f3lica, vinculada a la experiencia de lo imaginado. Las tres esferas se encuentran entrelazadas de manera co-constitutiva y s\u00f3lo pueden separarse en t\u00e9rminos anal\u00edticos, dado que, en la realidad, ocurren y existen como un mismo fen\u00f3meno.<\/p>\n\n\n\n<p>Propongo considerar estas tres esferas a partir de lo propuesto por Henri Lefevbre, quien consider\u00f3 la existencia de tres tipos de espacio: 1) el espacio percibido (real-objetivo), 2) el espacio concebido (de los expertos, cient\u00edficos y planeadores) y 3) el espacio vivido (de la imaginaci\u00f3n y lo simb\u00f3lico, dentro de una existencia material).<a class=\"anota\" id=\"anota2\" data-footnote=2>2<\/a> Retomo la expresi\u00f3n de esta trial\u00e9ctica para dar cuenta del proceso mediante el cual los individuos interiorizan la ciudad que practican, pero en este caso me interesa pensar m\u00e1s en t\u00e9rminos de experiencia que de espacio; por ello, opto por hablar de lo percibido, lo practicado y lo imaginado. Utilizo distintos adjetivos para definir la experiencia porque considero, por ejemplo, que hablar del espacio concebido como el espacio de los expertos pasa a un plano anal\u00edtico distinto del que me interesa mostrar aqu\u00ed. Otro de los motivos que persigo es evitar los problemas que puede engendrar la similitud de los adjetivos \u201cpercibido\u201d y \u201cconcebido\u201d tal como se traducen al espa\u00f1ol de la propuesta original de Lefebvre; por fines pr\u00e1cticos, me parece que es mejor hablar de lo percibido, lo practicado y lo imaginado de la mano con la experiencia.<\/p>\n\n\n\n<p>Para el abordaje de las tres esferas mencionadas propongo: 1) la lectura del paisaje urbano mediante el registro sistem\u00e1tico de sus regularidades durante el tr\u00e1nsito a partir de recorridos estrat\u00e9gicos; 2) la pr\u00e1ctica del tr\u00e1nsito urbano para reconocer los patrones rituales, c\u00f3digos y normas de interacci\u00f3n propios de la vida cotidiana desde el movimiento; 3) la exteriorizaci\u00f3n y objetivaci\u00f3n de aquellos elementos de la vida urbana que los transe\u00fantes mantienen interiorizados como parte de sus imaginarios urbanos, y 4) la definici\u00f3n y puesta en com\u00fan de la experiencia y los significados atribuidos a la ciudad desde la mirada de los propios transe\u00fantes.<\/p>\n\n\n<div class=\"image-slider\">\n                <div class=\"frame\">\n                    <div class=\"picture\" itemscope itemtype=\"http:\/\/schema.org\/ImageGallery\">\n                        <figure itemprop=\"associatedMedia\" itemscope itemtype=\"http:\/\/schema.org\/ImageObject\" class=\"slider-element\">\n                              <a href=\"https:\/\/archive.org\/download\/imagen-1\/imagen-1.png\" itemprop=\"contentUrl\" data-size=\"677x509\" data-index=\"0\" data-caption=\"Imagen 1. Componentes de la experiencia transe\u00fante y t\u00e9cnicas asociadas a su estudio\" >\n                                <img decoding=\"async\" src=\"https:\/\/archive.org\/download\/imagen-1\/imagen-1.png\" itemprop=\"thumbnail\">\n                                <i class=\"fa fa-expand expand\" aria-hidden=\"true\"><\/i>\n                            <\/a>\n                            <\/figure>                    <\/div>    \n                <\/div>\n                    <div class=\"caption\">Imagen 1. Componentes de la experiencia transe\u00fante y t\u00e9cnicas asociadas a su estudio<\/div><div class=\"image-analysis\"><\/div>                <div class=\"bullets\"><\/div>\n            <\/div>\n\n\n\n<p>En los siguientes apartados presento algunas de las situaciones que dieron origen a la estrategia metodol\u00f3gica que he comentado, as\u00ed como algunas reflexiones en torno a las t\u00e9cnicas utilizadas para el registro de la experiencia de transitar. Enfatizo el tipo de informaci\u00f3n que emana de sus usos y la forma en que se entrecruzan dos tipos distintos de experiencias en el mismo quehacer del investigador: la del transe\u00fante observador y la del transe\u00fante cotidiano. El investigador que estudia el tr\u00e1nsito cotidiano es ante todo un transe\u00fante y eso conlleva diversos retos y virtudes en la investigaci\u00f3n.<\/p>\n\n\n\n<p>Como se ver\u00e1, el estudio y an\u00e1lisis de la experiencia del tr\u00e1nsito a partir de herramientas etnogr\u00e1ficas, en mi caso, deriv\u00f3 en la necesidad de pensar y tipificar la diversidad de la experiencia m\u00e1s all\u00e1 de su lado vivencial, para pensar en sus componentes referenciales. Esto quiere decir que no toda la experiencia est\u00e1 definida en t\u00e9rminos personales y\/o individuales, sino que muchas de las veces la experiencia social-referencial perfila y filtra tales tipos de experiencia al transitar. El uso de la imagen se volvi\u00f3 clave para poder comprender mejor c\u00f3mo se articulan ambos tipos de experiencia en la vida cotidiana. Esto ocurri\u00f3 sobre todo a partir del reconocimiento del papel que desempe\u00f1an la apariencia y la percepci\u00f3n en la experiencia y la categorizaci\u00f3n social de los transe\u00fantes, lo cual se ver\u00e1 en los siguientes apartados.<\/p>\n\n\n\n<h2 class=\"wp-block-heading\">Tercera ubicaci\u00f3n: la ciudad percibida y practicada (la observaci\u00f3n en tr\u00e1nsito y la entrevista semiestructurada)<\/h2>\n\n\n\n<p class=\"abstract\">En mi caso, y muy probablemente en el de muchos estudiosos de la cultura urbana, la observaci\u00f3n sirve para re-conocer la ciudad que uno practica y en la cual ha sido socializado. El re-conocer implica la posibilidad de volver a conocer aspectos de la vida urbana desde una mirada extra\u00f1ada y obligatoriamente curiosa (nunca desde cero), de manera que la observaci\u00f3n y los registros que deriven de ella problematicen y desestabilicen la mirada normalizada del investigador. Me referir\u00e9 a este ejercicio como observaci\u00f3n en tr\u00e1nsito, sin pretender a\u00f1adir otra t\u00e9cnica m\u00e1s al caj\u00f3n ya extenso de las m\u00faltiples existentes, sino para destacar que, en este caso, la observaci\u00f3n participante precisa del tr\u00e1nsito como l\u00f3gica articuladora.<\/p>\n\n\n\n<p>Dado que la investigaci\u00f3n que realic\u00e9 se interes\u00f3 en la percepci\u00f3n y experiencia del tr\u00e1nsito por el territorio urbano, me plante\u00e9 la posibilidad de estudiar a profundidad cinco rutas del transporte p\u00fablico en su trayecto de ida y vuelta.<a class=\"anota\" id=\"anota3\" data-footnote=3>3<\/a> Seleccion\u00e9 rutas que transitaran por los diversos puntos cardinales de la ciudad en trayectos norte-sur, este-oeste, suroeste-noreste, noroeste-sureste y una circundante. En el mapa 1 presento los trayectos que dichas rutas siguen; como se ver\u00e1, cumplen con el objetivo de contrastar la diversidad de paisajes de la ciudad seg\u00fan sus puntos cardinales. Busqu\u00e9 abordar las rutas en tres distintos horarios y diferentes d\u00edas de la semana, de manera que pudiese identificar variaciones en la interacci\u00f3n, los tipos de transe\u00fantes y las condiciones de las zonas por las cuales circulan las distintas rutas del transporte p\u00fablico.<\/p>\n\n\n<div class=\"image-slider\">\n                <div class=\"frame\">\n                    <div class=\"picture\" itemscope itemtype=\"http:\/\/schema.org\/ImageGallery\">\n                        <figure itemprop=\"associatedMedia\" itemscope itemtype=\"http:\/\/schema.org\/ImageObject\" class=\"slider-element\">\n                              <a href=\"https:\/\/ia601500.us.archive.org\/19\/items\/tabla-1_201809\/tabla-1.png\" itemprop=\"contentUrl\" data-size=\"917x229\" data-index=\"0\" data-caption=\"Tabla 1. Propuesta de rutas a estudiar seg\u00fan recorridos cardinales.\" >\n                                <img decoding=\"async\" src=\"https:\/\/ia601500.us.archive.org\/19\/items\/tabla-1_201809\/tabla-1.png\" itemprop=\"thumbnail\">\n                                <i class=\"fa fa-expand expand\" aria-hidden=\"true\"><\/i>\n                            <\/a>\n                            <\/figure>                    <\/div>    \n                <\/div>\n                    <div class=\"caption\">Tabla 1. Propuesta de rutas a estudiar seg\u00fan recorridos cardinales.<\/div><div class=\"image-analysis\"><\/div>                <div class=\"bullets\"><\/div>\n            <\/div>\n\n\n<div class=\"image-slider\">\n                <div class=\"frame\">\n                    <div class=\"picture\" itemscope itemtype=\"http:\/\/schema.org\/ImageGallery\">\n                        <figure itemprop=\"associatedMedia\" itemscope itemtype=\"http:\/\/schema.org\/ImageObject\" class=\"slider-element\">\n                              <a href=\"https:\/\/ia801504.us.archive.org\/1\/items\/imageneslmsm\/Mapa%201.jpeg\" itemprop=\"contentUrl\" data-size=\"749x573\" data-index=\"0\" data-caption=\"Fuente: http:\/\/rutasgdl.com\/. Consultado el 10 de diciembre del 2014.\" >\n                                <img decoding=\"async\" src=\"https:\/\/ia801504.us.archive.org\/1\/items\/imageneslmsm\/Mapa%201.jpeg\" itemprop=\"thumbnail\">\n                                <i class=\"fa fa-expand expand\" aria-hidden=\"true\"><\/i>\n                            <\/a>\n                            <\/figure>                    <\/div>    \n                <\/div>\n                    <div class=\"caption\">Fuente: http:\/\/rutasgdl.com\/. Consultado el 10 de diciembre del 2014.<\/div><div class=\"image-analysis\"><\/div>                <div class=\"bullets\"><\/div>\n            <\/div>\n\n\n\n<p>Durante los recorridos me dediqu\u00e9 a observar principalmente la apariencia de las personas (edad, g\u00e9nero, tez, vestimenta), el tipo de paisaje (fachadas arquitect\u00f3nicas, vegetaci\u00f3n, vialidades, veh\u00edculos, paradas de autob\u00fas, publicidad) y las interacciones entre usuarios (s\u00edmbolos, avisos, normas impl\u00edcitas y expl\u00edcitas, charlas informales).<\/p>\n\n\n\n<p>Una vez que mis observaciones comenzaron a reiterar lo que ya hab\u00eda apreciado en m\u00faltiples recorridos, decid\u00ed modificar la l\u00f3gica bajo la cual los realizaba. As\u00ed, opt\u00e9 por continuar la observaci\u00f3n en tr\u00e1nsito, pero esta vez bajo la l\u00f3gica de dejarme llevar por la curiosidad y el azar. Los trayectos azarosos me sirvieron para corroborar mis primeras apreciaciones y para poder romper con las limitaciones que me impon\u00eda viajar a lo largo de una ruta completa. En ciertas ocasiones, por ejemplo, hab\u00eda sentido curiosidad por descender en paradas donde mucha gente lo hac\u00eda, para apreciar los rumbos hacia los que transbordaba la mayor\u00eda y qu\u00e9 caracter\u00edsticas ten\u00edan estos espacios de transbordo. Andar a la deriva (Pellicer, Rojas y Vivas, 2013) me permiti\u00f3 satisfacer esa curiosidad. Como se aprecia en la imagen 2, la forma de los recorridos realizados a la deriva suele ser confusa y no transmite la idea de un recorrido funcional, antes bien, el trazo de \u00e9stos da cuenta del azar y la curiosidad.<\/p>\n\n\n\n<p>Finalmente, realic\u00e9 tres recorridos siguiendo la ruta de usuarios del transporte p\u00fablico colaboradores del proyecto; en \u00e9stos aprovechaba para ver si, en un recorrido realizado de manera com\u00fan, apreciaba los mismos aspectos de la interacci\u00f3n y las caracter\u00edsticas del paisaje. Adem\u00e1s, aprovech\u00e9 para platicar con las tres personas sobre lo que consideraban recurrente en sus viajes diarios, los actores que sol\u00edan ver, los lugares por los que transitaban y sus opiniones sobre el servicio y el recorrido en general.<\/p>\n\n\n<div class=\"image-slider\">\n                <div class=\"frame\">\n                    <div class=\"picture\" itemscope itemtype=\"http:\/\/schema.org\/ImageGallery\">\n                        <figure itemprop=\"associatedMedia\" itemscope itemtype=\"http:\/\/schema.org\/ImageObject\" class=\"slider-element\">\n                              <a href=\"https:\/\/ia801504.us.archive.org\/1\/items\/imageneslmsm\/imagen-2.png\" itemprop=\"contentUrl\" data-size=\"985x773\" data-index=\"0\" data-caption=\"\" >\n                                <img decoding=\"async\" src=\"https:\/\/ia801504.us.archive.org\/1\/items\/imageneslmsm\/imagen-2.png\" itemprop=\"thumbnail\">\n                                <i class=\"fa fa-expand expand\" aria-hidden=\"true\"><\/i>\n                            <\/a>\n                            <\/figure>                    <\/div>    \n                <\/div>\n                    <div class=\"caption\"><\/div><div class=\"image-analysis\"><\/div>                <div class=\"bullets\"><\/div>\n            <\/div>\n\n\n\n<p>La observaci\u00f3n en tr\u00e1nsito sirve para elaborar un registro de patrones de interacci\u00f3n comunes y normas en el uso del transporte p\u00fablico mediante notas escritas en un diario de campo, apoyado de fotograf\u00edas que ayudan a coleccionar recurrencias en el paisaje y las interacciones. La fotograf\u00eda, en este caso, sirve para crear un registro y una narrativa etnogr\u00e1fica m\u00e1s detallada, apoy\u00e1ndose en la forma de los trayectos como una gu\u00eda para ordenar y dar sentido a la experiencia. Al d\u00eda siguiente de cada recorrido, me sentaba frente a la computadora a transformar mis notas telegr\u00e1ficas en un diario de campo. En una ventana de mi ordenador abr\u00eda el mapa de mi recorrido, y en otra mi carpeta de fotograf\u00edas; al momento de escribir, tanto las fotograf\u00edas secuenciadas como el mapa me ayudaban a recordar elementos que no hab\u00eda anotado en mi libreta y, de cierta manera, re-experimentaba el trayecto.<\/p>\n\n\n\n<p>Las notas generadas por este tipo de observaciones pueden mostrar recurrencias y contrastes bastante reveladores. Por ejemplo, en el caso del <span class=\"small-caps\">amg<\/span>, el paisaje contrasta enormemente en el recorrido de una misma ruta del transporte p\u00fablico, al grado de generar una sensaci\u00f3n de extranjer\u00eda dentro de la propia ciudad. Las fotograf\u00edas tomadas a lo largo del recorrido, puestas en orden de sucesi\u00f3n, permiten identificar contrastes que pueden asociarse claramente como fronteras simb\u00f3licas. En las im\u00e1genes que muestro a continuaci\u00f3n, presento uno de los resultados que provienen de la colecci\u00f3n de fotograf\u00edas en tr\u00e1nsito; en este caso, puede reconocerse el contraste entre las fachadas arquitect\u00f3nicas de dos puntos cardinales distintos del <span class=\"small-caps\">amg<\/span>.<a class=\"anota\" id=\"anota4\" data-footnote=4>4<\/a><\/p>\n\n\n<div class=\"image-slider\">\n                <div class=\"frame\">\n                    <div class=\"picture\" itemscope itemtype=\"http:\/\/schema.org\/ImageGallery\">\n                        <figure itemprop=\"associatedMedia\" itemscope itemtype=\"http:\/\/schema.org\/ImageObject\" class=\"slider-element\">\n                              <a href=\"https:\/\/ia801504.us.archive.org\/1\/items\/imageneslmsm\/imagen-3.png\" itemprop=\"contentUrl\" data-size=\"826x407\" data-index=\"0\" data-caption=\"Imagen 3. Fachadas en la zona oriente de la AMG, en el municipio de Guadalajara. Fuente: Colecci\u00f3n Christian O. Grimaldo. Fotograf\u00eda tomada en el trayecto de la ruta 51-C.\" >\n                                <img decoding=\"async\" src=\"https:\/\/ia801504.us.archive.org\/1\/items\/imageneslmsm\/imagen-3.png\" itemprop=\"thumbnail\">\n                                <i class=\"fa fa-expand expand\" aria-hidden=\"true\"><\/i>\n                            <\/a>\n                            <\/figure><figure itemprop=\"associatedMedia\" itemscope itemtype=\"http:\/\/schema.org\/ImageObject\" class=\"slider-element\">\n                              <a href=\"https:\/\/ia801504.us.archive.org\/1\/items\/imageneslmsm\/imagen-4.png\" itemprop=\"contentUrl\" data-size=\"826x408\" data-index=\"0\" data-caption=\"Imagen 4. Fachadas en la zona poniente de la AMG, en el municipio de Zapopan Fuente: Colecci\u00f3n Christian O. Grimaldo. Fotograf\u00eda tomada en el trayecto de la ruta 51-C.\" >\n                                <img decoding=\"async\" src=\"https:\/\/ia801504.us.archive.org\/1\/items\/imageneslmsm\/imagen-4.png\" itemprop=\"thumbnail\">\n                                <i class=\"fa fa-expand expand\" aria-hidden=\"true\"><\/i>\n                            <\/a>\n                            <\/figure>                    <\/div>    \n                <\/div>\n                    <div class=\"caption\">Imagen 3. Fachadas en la zona oriente de la AMG, en el municipio de Guadalajara. Fuente: Colecci\u00f3n Christian O. Grimaldo. Fotograf\u00eda tomada en el trayecto de la ruta 51-C.<\/div><div class=\"image-analysis\"><\/div><div class=\"caption\">Imagen 4. Fachadas en la zona poniente de la AMG, en el municipio de Zapopan Fuente: Colecci\u00f3n Christian O. Grimaldo. Fotograf\u00eda tomada en el trayecto de la ruta 51-C.<\/div><div class=\"image-analysis\"><\/div>                <div class=\"bullets\"><\/div>\n            <\/div>\n\n\n\n<p>En una entrada de mi diario de campo relataba, sobre mi experiencia de transitar por la zona de la imagen 4, lo siguiente:<\/p>\n\n\n\n<p class=\"large-quote\">Me atrever\u00eda a decir que de las rutas que he observado hasta hoy es en \u00e9sta, y en particular en esta zona [del poniente], donde siento una mayor sensaci\u00f3n de extra\u00f1amiento, una suerte de barrera a mi presencia. Cuando observo el contenido de los anuncios espectaculares de la zona reconozco que publicitan productos o establecimientos que no concuerdan con mi estilo de vida, lo mismo ocurre con las agencias automotrices de lujo que parecen ser una constante comercial. La sensaci\u00f3n se repite cuando el cami\u00f3n pasa por calles flanqueadas por los muros prolongados de los fraccionamientos exclusivos que se protegen de las miradas de los transe\u00fantes. Aqu\u00ed me siento como un intruso.<\/p>\n\n\n\n<p>Sin una noci\u00f3n del recorrido y su respectiva narrativa, las fotograf\u00edas pierden sentido y se desarticulan. Como sostienen Ard\u00e9vol y Munta\u00f1ola (2004: 24):<\/p>\n\n\n\n<p class=\"large-quote\">Pensar en la fotograf\u00eda desde la mirada es reconocer que en la relaci\u00f3n entre nuestra mirada y la imagen interviene nuestra experiencia, nuestra memoria y nuestro conocimiento del mundo, y en esta relaci\u00f3n compleja la imagen nos proporciona nueva informaci\u00f3n y nuevo conocimiento.<\/p>\n\n\n\n<p>Ard\u00e9vol y Monta\u00f1ola completan la cita anterior diciendo que \u201cpensar en la imagen como mirada tambi\u00e9n nos vierte hacia el sujeto, a preguntarnos c\u00f3mo somos mirados y a reconocer la mirada del otro\u201d (2004: 24). Esto deriva en un segundo aporte de la observaci\u00f3n en tr\u00e1nsito que descubr\u00ed a partir de una dificultad t\u00e9cnica. Se trat\u00f3 de la respuesta a una duda sumamente importante para m\u00ed desde el principio de mi investigaci\u00f3n: la imagen que los otros usuarios ten\u00edan de m\u00ed. Todo comenz\u00f3 a ra\u00edz de las ocasiones en que me era imposible sentarme, una vez a bordo de la unidad, para tomar notas tranquilamente, lo cual resolv\u00ed tratando de emular las estrategias de otros actores del autob\u00fas:<\/p>\n\n\n\n<p class=\"large-quote\">Para tomar algunas notas recurr\u00ed a la postura corporal que he visto que toman las personas que tocan la guitarra en los camiones. Pies separados, rodillas un poco flexionadas y cintura recargada en los asientos o postes de la unidad. Esto me ayud\u00f3 a mantener el equilibrio, aunque no solucion\u00f3 del todo la incomodidad al escribir (Christian O. Grimaldo. Diario de campo. Lunes 25 de mayo de 2015).<\/p>\n\n\n\n<p>Despu\u00e9s de abordar rutas por cierto tiempo, not\u00e9 que mi pr\u00e1ctica de tomar notas a bordo del cami\u00f3n pasaba inadvertida, lo cual me result\u00f3 muy c\u00f3modo. Tiempo despu\u00e9s me di cuenta de que esto ocurri\u00f3 debido a que mi mochila y mis posturas corporales para tomar notas fueron muy similares a las que usan los \u201cchecadores\u201d. Se trata de personas asignadas para supervisar las distintas rutas, especialmente en t\u00e9rminos de los horarios en los que circulan y la distribuci\u00f3n obligada de boletos de pasaje entre los usuarios. Estas personas, adem\u00e1s, suelen subir con un cuaderno o una tabla en la cual toman notas.<\/p>\n\n\n\n<p>Es com\u00fan que cuando un \u201cchecador\u201d sube a un veh\u00edculo del transporte p\u00fablico, solicite los boletos del pasaje a los usuarios, lo que se refleja en una b\u00fasqueda ansiosa de \u00e9stos entre sus pertenencias. Se dice que, de no mostrarlo, el \u201cchecador\u201d puede solicitar al usuario que descienda de la unidad, aunque nunca he visto que esto ocurra. Luego de ser consciente de esta similitud con mi apariencia, me di cuenta de que, en ocasiones, cuando la gente me ve\u00eda a bordo, de pie y tomando notas, buscaban su boleto de pasaje con esa desesperaci\u00f3n de quien no quiere que lo bajen del autob\u00fas, incluso not\u00e9 que a veces tomaban la actitud disimulada de quien no encontr\u00f3 su boleto y no quiere que lo vean. Mi cuerpo y mi apariencia transmit\u00edan algo inesperado por m\u00ed a los dem\u00e1s, el contexto del autob\u00fas me transformaba para algunos en \u201cchecador\u201d. Entender que no pasaba inadvertido, sino que era confundido, me llev\u00f3 a repensar mi hacer antropol\u00f3gico.<\/p>\n\n\n\n<p>Darme cuenta a partir de la propia experiencia de que, en la ciudad, el contexto personifica y, sobre todo, de que s\u00f3lo en funci\u00f3n de mi apariencia yo pod\u00eda pasar ante los otros por algo que no era me llevo a cuestionar el valor de los registros que hab\u00eda realizado. Mis notas estaban llenas de observaciones en las que supon\u00eda que determinados sujetos ten\u00edan tal o cual rol seg\u00fan su apariencia, y ahora me daba cuenta de que en muchos casos esto no se adecuar\u00eda a sus realidades concretas e individuales. No obstante, esto volv\u00eda a\u00fan m\u00e1s importante el reconocimiento del papel que desempe\u00f1an las percepciones que nos hacemos de los otros y su correlaci\u00f3n con el contexto urbano al transitar. \u00bfDejar\u00eda de ser real aquello que rige nuestras conductas en el espacio p\u00fablico s\u00f3lo porque no lo constatamos todo el tiempo?<\/p>\n\n\n\n<p>Aqu\u00ed fue donde regresar a las ideas de Berger y Luckmann cobr\u00f3 un sentido orientador en mi investigaci\u00f3n, puesto que, en el estudio de las interacciones <em>en<\/em> la calle y las concepciones <em>de<\/em> la calle, no importa como tal si la realidad de la apariencia corresponde con la realidad f\u00e1ctica, sino el hecho de que esa realidad percibida es la que ordena las pr\u00e1cticas de quienes perciben, dando sentido a algo que bien podr\u00eda leerse como una interacci\u00f3n desde lo imaginario. Lo anterior quiere decir que la experiencia vivencial no ocurre nunca separada de la referencial y muchas veces, incluso, es la segunda la que limita las experiencias vivenciales.<\/p>\n\n\n\n<p>El orden urbano en que vivimos se sustenta m\u00e1s de lo que parece en el imaginario urbano, debido a la compleja e inmensa cantidad de interacciones fugaces que ocurren en la calle. Para dar sentido a los encuentros con lo desconocido e inesperado, las personas articulamos una realidad urbana que se fundamenta en un imaginario construido a imagen y semejanza de la cultura urbana en la que somos socializados; al mismo tiempo, esa ciudad adquiere formas materiales que se corresponden con el imaginario que alimentamos todos los d\u00edas. El proceso no es lineal, y justo la confrontaci\u00f3n de ese componente imaginario mediante la experiencia vivencial es lo que permite la posibilidad de transformar la ciudad material y socialmente; o, en su caso, reafirmarla.<\/p>\n\n\n\n<p>Para darle un valor intersubjetivo a esta estrategia no basta con la observaci\u00f3n, es necesario un di\u00e1logo con los otros que sirva para articular las experiencias. De tal manera, me di a la tarea de encontrarme con otras personas usuarias del transporte p\u00fablico que pudiesen compartir conmigo su experiencia, lo cual me llev\u00f3 a encontrar diversas formas de registrar sus experiencias en t\u00e9rminos f\u00edsicos, sociales y simb\u00f3licos.<\/p>\n\n\n\n<p>Con los actores identificados, me dispuse a mantener conversaciones a manera de entrevistas semiestructuradas, donde pudiese conocer m\u00e1s sobre la biograf\u00eda y experiencias de usuarios con perfiles diversos. Con esta t\u00e9cnica profundic\u00e9 en las normas expl\u00edcitas e impl\u00edcitas de la interacci\u00f3n en los autobuses; el reconocimiento de lugares en la ciudad y su asociaci\u00f3n con lo temido o lo deseado; el sentido de pertenencia a determinadas zonas; las pautas de socializaci\u00f3n propias del transitar en autob\u00fas y la experiencia de sus trayectos cotidianos.<\/p>\n\n\n\n<p>Las primeras conversaciones me guiaron al desarrollo y puesta en marcha de la siguiente parte de la estrategia, m\u00e1s enfocada a la comprensi\u00f3n del papel que desempe\u00f1a lo que se percibe de la ciudad en la construcci\u00f3n de tipificaciones sobre las personas que transitan la ciudad. En voz de los propios colaboradores, el transporte p\u00fablico representa una forma de conocer la diversidad de la ciudad. Cuando les pregunt\u00e9 sobre aprendizajes que consideraran adquiridos a partir del uso del transporte p\u00fablico, surg\u00edan respuestas como la siguiente:<a class=\"anota\" id=\"anota5\" data-footnote=5>5<\/a><\/p>\n\n\n<div class=\"audiobox entrevista\"><h3>Extracto de la entrevista con Donato<\/h3><iframe loading=\"lazy\" src=\"https:\/\/archive.org\/embed\/entrevistaslmem\/Audio Donato%2C p16.mp3\" width=\"320\" height=\"32\" frameborder=\"0\" align=\"left\" allowfullscreen=\"allowfullscreen\"><\/iframe><\/div>\n\n\n\n<p class=\"large-quote\">Conoces lugares, calles, avenidas, barrios, de que vas en el cami\u00f3n y vas ubicando pa\u2019un lado y pa\u2019otro de la ciudad. Como agarras normalmente una ruta y conoces toda la rutina m\u00e1s o menos de ese cami\u00f3n, luego de repente ya [cambias a] otro trabajo u otro, si otro lado y que est\u00e1s tambi\u00e9n acostumbr\u00e1ndote a agarrar \u00e9se, tambi\u00e9n vas reconociendo diferentes lugares; que a veces en los carros no reconoces porque siempre vas por las avenidas casi m\u00e1s rectas que te llevan, y en el cami\u00f3n no, el cami\u00f3n te lleva por barrios diferentes. [Ves] c\u00f3mo viven y aparte los barrios c\u00f3mo se ven, c\u00f3mo son los barrios tambi\u00e9n de distintos lados (Donato, 59 a\u00f1os, agente de ventas).<\/p>\n\n\n\n<p>Otros destacaron el uso del transporte p\u00fablico como facilitador del reconocimiento de los otros que practican la ciudad mediante el solo hecho de percibirlos. Algo que ocurre de manera muy distinta en otras modalidades de tr\u00e1nsito, sobre todo con el autom\u00f3vil. Para Ad\u00e1n,<\/p>\n\n\n<div class=\"audiobox entrevista\"><h3>Extracto de la entrevista con Ad\u00e1n<\/h3><iframe loading=\"lazy\" src=\"https:\/\/archive.org\/embed\/entrevistaslmem\/Audio Adan p16.mp3\" width=\"320\" height=\"32\" frameborder=\"0\" align=\"left\" allowfullscreen=\"allowfullscreen\"><\/iframe><\/div>\n\n\n\n<p class=\"large-quote\">[El transporte p\u00fablico] te acerca m\u00e1s a las personas, o sea, si t\u00fa toda tu vida est\u00e1s dentro de un carro, pues no vas a tener nada con qu\u00e9 convivir m\u00e1s que con las paredes del carro, pero si te mueves en transporte p\u00fablico, pues aunque no las conozcas, aunque no platiques con ellas t\u00fa las ves \u00bfno? y percibes sus problemas, percibes si est\u00e1n enojados, si est\u00e1n felices, si tienen prisa, o sea, percibes muchas cosas de ellas y aunque no te platiquen de su vida t\u00fa puedes conocer un poquito m\u00e1s de las personas con el simple hecho de subirte a un cami\u00f3n (Ad\u00e1n, 20 a\u00f1os, estudiante de universidad privada).<\/p>\n\n\n\n<p>La correlaci\u00f3n entre la materialidad de las zonas y la sensaci\u00f3n de seguridad era una menci\u00f3n expl\u00edcita en varias de las experiencias, como en la opini\u00f3n de Bertha al referirse a una zona de la ciudad en la que se siente tranquila:<\/p>\n\n\n<div class=\"audiobox entrevista\"><h3>Extracto de la entrevista con Bertha<\/h3><iframe loading=\"lazy\" src=\"https:\/\/archive.org\/embed\/entrevistaslmem\/Audio Bertha%2C p16-1.mp3\" width=\"320\" height=\"32\" frameborder=\"0\" align=\"left\" allowfullscreen=\"allowfullscreen\"><\/iframe><\/div>\n\n\n\n<p class=\"large-quote\">[Me gusta la zona de Providencia y Terranova], se me hace s\u00faper seguro, de verdad de que puedes andar con el tel\u00e9fono y de que vas caminando s\u00faper tranquilo, de que te encuentras a gente y&#8230; no toda, pero la gran mayor\u00eda es amable, o de que sacan a pasear a sus perritos y as\u00ed y con correa, as\u00ed que s\u00faper educados. Me encanta [se lo atribuyo a] la infraestructura, de que&#8230; me gusta tambi\u00e9n, o sea que est\u00e1 limpia, no tiene grafiti, no hay tanta basura, de que veo muchos polic\u00edas a veces rondando por ah\u00ed, no much\u00edsimos, pero me ha tocado ver patrullas que pasan por ah\u00ed. No s\u00e9, yo creo que tambi\u00e9n como la parte de&#8230; como gente de buenos recursos \u00bfse puede decir as\u00ed? entonces como que sabes que no te van a hacer nada, porque no tienen la necesidad \u00bfde hacerte algo? (Bertha, 22 a\u00f1os, estudiante de universidad privada).<\/p>\n\n\n\n<p>La misma Bertha me cont\u00f3 de su preferencia por utilizar los servicios de transporte p\u00fablico de lujo ofrecidos por la l\u00ednea <span class=\"small-caps\">tur<\/span>, debido a que \u00e9stos le generaban mayor sensaci\u00f3n de seguridad que los veh\u00edculos de transporte convencional, sobre todo por dos motivos: el primero era que la ruta que sol\u00eda utilizar contaba con c\u00e1maras de seguridad a bordo; el segundo ten\u00eda que ver con la desconfianza que le generaba lo que, en su percepci\u00f3n, se trata de un tipo particular de usuarios que no suelen utilizar esta clase de transporte p\u00fablico, a los que describi\u00f3 de la siguiente manera:<\/p>\n\n\n<div class=\"audiobox entrevista\"><h3>Extracto de la entrevista con Bertha<\/h3><iframe loading=\"lazy\" src=\"https:\/\/archive.org\/embed\/entrevistaslmem\/Audio Bertha%2C p17-2.mp3\" width=\"320\" height=\"32\" frameborder=\"0\" align=\"left\" allowfullscreen=\"allowfullscreen\"><\/iframe><\/div>\n\n\n\n<p class=\"large-quote\">Voy a sonar mal, nunca lo digo, pero como si, gente como muy morena y as\u00ed como fea, o sea fea no s\u00e9 c\u00f3mo definir, pero&#8230; fea. Y as\u00ed de que tienen unos peinados rid\u00edculos que me ha tocado ver, se ponen un mont\u00f3n de gel aqu\u00ed *se\u00f1ala su sien* \u00a1\u00a1ay no, horrendo!! no s\u00e9 por qu\u00e9 lo hacen&#8230; pero no s\u00e9, que pantalones aguados y no s\u00e9, camisas flojas, o cuando tienen gorra o&#8230; de esos que tienen gorra y luego aparte usan otra gorra aqu\u00ed en la chamarra (Bertha, 22 a\u00f1os, estudiante de universidad privada).<\/p>\n\n\n\n<p>Incluso en su misma ruta, Bertha distingui\u00f3 entre usuarios que le generaban mayor confianza que otros, seg\u00fan las zonas. En su discurso aparecieron correlaciones entre zonas, apariencias y sensaciones como el miedo o la seguridad. En la zona que consider\u00f3 segura, describi\u00f3 a los usuarios as\u00ed:<\/p>\n\n\n<div class=\"audiobox entrevista\"><h3>Extracto de la entrevista con Bertha<\/h3><iframe loading=\"lazy\" src=\"https:\/\/archive.org\/embed\/entrevistaslmem\/Audio Bertha%2C p17-3.mp3\" width=\"320\" height=\"32\" frameborder=\"0\" align=\"left\" allowfullscreen=\"allowfullscreen\"><\/iframe><\/div>\n\n\n\n<p class=\"large-quote\">Casi siempre siento que son como trabajadores, entonces van de vestir, no s\u00e9, \u00bfcon camisa de botones? y no s\u00e9, con uniforme o de que huelen un mont\u00f3n a perfume, se acaban de ba\u00f1ar (Bertha, 22 a\u00f1os, estudiante de universidad privada).<\/p>\n\n\n\n<p>Mientras que la parte insegura de la ruta la asoci\u00f3 con personas de distinta apariencia:<\/p>\n\n\n<div class=\"audiobox entrevista\"><h3>Extracto de la entrevista con Bertha<\/h3><iframe loading=\"lazy\" src=\"https:\/\/archive.org\/embed\/entrevistaslmem\/Audio Bertha%2C p17-4.mp3\" width=\"320\" height=\"32\" frameborder=\"0\" align=\"left\" allowfullscreen=\"allowfullscreen\"><\/iframe><\/div>\n\n\n\n<p class=\"large-quote\">Pues con pantal\u00f3n de mezclilla o no s\u00e9, sudadera o gente que me imagino que hace aseo en casas de&#8230; como cuando llegas a Plaza del Sol y luego se da vuelta como por avenida Obsidiana, entonces hay muchas mujeres que se bajan ah\u00ed, son como se\u00f1oras del aseo, eso creo, no s\u00e9, no estoy segura, un poco m\u00e1s humildes (Bertha, 22 a\u00f1os, estudiante de universidad privada).<\/p>\n\n\n\n<p>Aurelia, otra de las colaboradoras, me compart\u00eda su inter\u00e9s por conocer zonas distintas de las que sol\u00eda recorrer en sus trayectos; en su descripci\u00f3n aparec\u00eda la curiosidad por percibir las diferencias f\u00edsicas e interaccionales de una zona a la que referencialmente reconoc\u00eda como discriminatoria:<\/p>\n\n\n<div class=\"audiobox entrevista\"><h3>Extracto de la entrevista con Aurelia<\/h3><iframe loading=\"lazy\" src=\"https:\/\/archive.org\/embed\/entrevistaslmem\/Audio Aurelia%2C p18.mp3\" width=\"320\" height=\"32\" frameborder=\"0\" align=\"left\" allowfullscreen=\"allowfullscreen\"><\/iframe><\/div>\n\n\n\n<p class=\"large-quote\">Quisiera conocer las zonas ricas como Andares \u00bfPalacio&#8230; c\u00f3mo se llama el otro? Puerta de Hierro y esas cosas, pero como para ver qu\u00e9 tan diferente es la gente o&#8230; c\u00f3mo se mueven ah\u00ed o c\u00f3mo me tratan, no s\u00e9, dicen que tratan muy mal a los que no somos de ah\u00ed (Aurelia, 22 a\u00f1os, estudiante de universidad p\u00fablica).<\/p>\n\n\n\n<p>Cuando cuestion\u00e9 a Aurelia sobre la forma en que se imaginaba esas zonas ricas, mencion\u00f3 atributos est\u00e9ticos que caracterizaban por igual los cuerpos y las formas arquitect\u00f3nicas. Distingui\u00f3 a los habitantes de la zona que consider\u00f3 privilegiada incluso en su tono de piel y puntualiz\u00f3: \u201caunque sean morenos, no s\u00e9, no siento que sean como el moreno que yo tengo\u201d. Lo cual segu\u00eda reforzando el aparente nexo entre lo percibido y lo imaginado sobre ciertas zonas de la ciudad.<\/p>\n\n\n\n<p>Otros testimonios, como el de Elda, de profesi\u00f3n arquitecta, me suger\u00edan lecturas autorreflexivas sobre la condici\u00f3n clasista del transporte p\u00fablico en el <span class=\"small-caps\">amg<\/span>. Ella record\u00f3 que la primera vez que utiliz\u00f3 el transporte p\u00fablico minti\u00f3 a su familia para poder abordarlo, debido a que ten\u00eda restricciones muy claras para su uso, sobre todo por el imaginario negativo atribuido tanto al servicio como a la gente que lo utiliza:<\/p>\n\n\n<div class=\"audiobox entrevista\"><h3>Extracto de la entrevista con Elda<\/h3><iframe loading=\"lazy\" src=\"https:\/\/archive.org\/embed\/entrevistaslmem\/Audio Elda%2C p18.mp3\" width=\"320\" height=\"32\" frameborder=\"0\" align=\"left\" allowfullscreen=\"allowfullscreen\"><\/iframe><\/div>\n\n\n\n<p class=\"large-quote\">Yo vengo de una familia de clase media, media alta, en la que&#8230; eh, me inculcaron como que el cami\u00f3n es para pobres \u00bfno? entonces t\u00fa no puedes subirte a un cami\u00f3n, porque t\u00fa no eres pobre, \u00bfsabes? ese imaginario superfuerte que tenemos, entonces a veces le ment\u00eda a mi mam\u00e1 porque me chocaba que fueran por m\u00ed a la escuela porque me parec\u00eda una p\u00e9rdida de tiempo, de dinero; mi mam\u00e1 renegaba por el tr\u00e1fico y pues \u201cpara qu\u00e9 vas por m\u00ed\u201d \u00bfno? No te compliques la vida, d\u00e9jame regresarme en cami\u00f3n. Entonces hab\u00eda como una confrontaci\u00f3n de ideolog\u00edas en ese sentido, porque mi mam\u00e1 lo ve\u00eda como \u201cte van a violar, te van a robar, el cami\u00f3n es peligroso, se sube gente no deseada\u201d, etc. (Elda, 32 a\u00f1os, arquitecta).<\/p>\n\n\n\n<p>Este tipo de experiencias y opiniones me llevaron a la siguiente parte de la metodolog\u00eda, m\u00e1s enfocada en profundizar en las conexiones entre la forma que adquir\u00eda la ciudad en su imaginario, los sitios en que identificaban fronteras perceptuales y la relaci\u00f3n que juega su rol de transe\u00fante en la construcci\u00f3n de tales tipificaciones, consideradas como antesalas para la acci\u00f3n y la experiencia vivencial.<\/p>\n\n\n\n<h2 class=\"wp-block-heading\">Cuarta ubicaci\u00f3n: la experiencia de la ciudad imaginada (los mapas mentales)<\/h2>\n\n\n\n<p class=\"abstract\">Una vez consciente del valor que tienen la percepci\u00f3n y las apariencias en los sentidos que otorgamos a la ciudad y lo urbano, me encontr\u00e9 con la necesidad de formular una manera de identificar formas objetivadas de los imaginarios urbanos de otros transe\u00fantes. Al mismo tiempo, necesitaba poner en di\u00e1logo la percepci\u00f3n que yo hab\u00eda tenido acerca del paisaje y las interacciones de los usuarios del transporte p\u00fablico.<\/p>\n\n\n\n<p>A partir de la observaci\u00f3n en tr\u00e1nsito y las entrevistas semi-estructuradas, dibuj\u00e9 un posible orden en el paisaje y las interacciones que corresponde con determinadas formas de practicar e identificarse en la ciudad. Tal como Reguillo (2000: 87) sostiene: \u201cla diferenciaci\u00f3n en las percepciones y usos del tiempo-espacio genera diversos programas de acci\u00f3n que a su vez definen <em>regiones de interacci\u00f3n<\/em>\u201d, y ser\u00e1n \u00e9stas, en buena medida, las que nos permitan comprender patrones de diferenciaci\u00f3n y segregaci\u00f3n urbana en un espacio p\u00fablico que suele asumirse homog\u00e9neo. La forma que atribuimos a la ciudad desde nuestra percepci\u00f3n importa en la medida en que \u00e9sta se vincula directamente con las maneras en que la practicamos.<\/p>\n\n\n\n<p>La expresi\u00f3n de la forma de la ciudad en la concepci\u00f3n de un individuo y los rasgos colectivos que se desprenden de ella han resultado de suma relevancia para la comprensi\u00f3n de la cultura urbana. El desarrollo de una propuesta anal\u00edtica sobre las im\u00e1genes de la ciudad por parte de Lynch en 1960 (Lynch, 2008) y de los mapas cognitivos por parte de Downs y Stea en 1970 corresponden con la necesidad de construir informaci\u00f3n sobre las maneras en que los sujetos configuran el sentido de las ciudades que practican. En palabras de Downs y Stea:<\/p>\n\n\n\n<p class=\"large-quote\">El mapeo cognitivo es un proceso compuesto de una serie de transformaciones psicol\u00f3gicas mediante las cuales una persona adquiere, codifica, almacena, recuerda y decodifica informaci\u00f3n acerca de las ubicaciones y atributos relativos de los fen\u00f3menos en su entorno espacial cotidiano (Downs y Stea, 1974: 312).<\/p>\n\n\n\n<p>Los mapas mentales se pueden expresar de varias maneras, entre ellas la narraci\u00f3n y la representaci\u00f3n gr\u00e1fica; en ambos casos, mediante la presentaci\u00f3n de sitios y sucesos ordenados en una secuencia que cobre sentido al estar unida por una l\u00ednea o trayecto. Esto quiere decir que lo que hace subjetiva a la cartograf\u00eda es el acto de pensar y articular una serie de puntos conectados o desconectados en un plano (f\u00edsico o mental), con el fin de dotar de sentido a la experiencia o las pr\u00e1cticas urbanas. Las rutas, las t\u00e1cticas, la biograf\u00eda, los marcadores emotivos, los tiempos; todos fijan coordenadas de sentido y por ello el uso de mapas de este tipo permite exteriorizar y objetivar los procesos de singularizaci\u00f3n de la ciudad.<\/p>\n\n\n\n<p>Los mapas mentales incitan a las personas para dotar a la ciudad de una forma con sentido, creada a partir de sus experiencias. Para la obtenci\u00f3n de estas representaciones, di a cada colaborador una hoja blanca tama\u00f1o carta, un l\u00e1piz de madera, un borrador y un sacapuntas. Part\u00ed de esta consigna: \u201cte voy a pedir que dibujes en esta hoja un mapa de la ciudad en la que vives, lo que t\u00fa consideres tu ciudad, y los lugares que reconozcas mejor en ella. Puedes empezar por donde quieras y agregar lo que desees. Si necesitas m\u00e1s hojas puedes tomar las que necesites\u201d. En seguida le acercaba a cada persona un peque\u00f1o altero de hojas blancas y le aclaraba que pod\u00eda tomarse todo el tiempo del que dispusiera para elaborarlo. En todos los casos, los mapas fueron creados en sesiones individuales, s\u00f3lo ante mi presencia.<\/p>\n\n\n\n<p>No debe pasar desapercibido que, si bien se trata de representaciones hechas por sujetos individuales a partir de su percepci\u00f3n y experiencia de la vida urbana, estas expresiones cartogr\u00e1ficas dan cuenta de patrones de interiorizaci\u00f3n de la ciudad en funci\u00f3n del tipo de recorridos que cada uno de los transe\u00fantes realiza. Es as\u00ed que los mapas mentales dan pie para generar tipificaciones a partir de lo compartido por los propios transe\u00fantes.<\/p>\n\n\n<div class=\"image-slider\">\n                <div class=\"frame\">\n                    <div class=\"picture\" itemscope itemtype=\"http:\/\/schema.org\/ImageGallery\">\n                        <figure itemprop=\"associatedMedia\" itemscope itemtype=\"http:\/\/schema.org\/ImageObject\" class=\"slider-element\">\n                              <a href=\"https:\/\/ia801504.us.archive.org\/1\/items\/imageneslmsm\/imagen-5.png\" itemprop=\"contentUrl\" data-size=\"664x499\" data-index=\"0\" data-caption=\"Imagen 4. Mapa mental de Ad\u00e1n. Fuente: Colecci\u00f3n Christian O. Grimaldo, 2015.\" >\n                                <img decoding=\"async\" src=\"https:\/\/ia801504.us.archive.org\/1\/items\/imageneslmsm\/imagen-5.png\" itemprop=\"thumbnail\">\n                                <i class=\"fa fa-expand expand\" aria-hidden=\"true\"><\/i>\n                            <\/a>\n                            <\/figure>                    <\/div>    \n                <\/div>\n                    <div class=\"caption\">Imagen 4. Mapa mental de Ad\u00e1n. Fuente: Colecci\u00f3n Christian O. Grimaldo, 2015.<\/div><div class=\"image-analysis\"><\/div>                <div class=\"bullets\"><\/div>\n            <\/div>\n\n\n\n<p>La imagen 4 muestra un ejemplo del valor anal\u00edtico que ofrecen los mapas mentales. En este caso, se muestra el mapa creado por Ad\u00e1n, un estudiante de universidad privada. Como se puede apreciar, su representaci\u00f3n de la ciudad corresponde con el tipo de recorrido que realiza todos los d\u00edas a trav\u00e9s de la l\u00ednea 1 del tren ligero. De hecho, en la imagen que elabor\u00f3, la ciudad est\u00e1 articulada a partir de las dos l\u00edneas existentes del tren ligero, caracterizadas por v\u00edas que atraviesan la hoja vertical y horizontalmente. Un detalle importante es la presencia de la leyenda \u201c-$\u201d en el oriente y la leyenda \u201c+$\u201d en el poniente de la representaci\u00f3n. En el imaginario de Ad\u00e1n y su descripci\u00f3n narrativa est\u00e1n representadas las diferencias captadas en las im\u00e1genes 2 y 3 que mostr\u00e9 en el apartado anterior, lo cual da cuenta de que las diferencias en el paisaje tienen un correlato de significados atribuidos a marcadores de clase socioecon\u00f3mica.<\/p>\n\n\n\n<p>En el siguiente ejemplo presento el mapa creado por Fausto, un alba\u00f1il que no tiene un recorrido predefinido debido a su oficio. Sus trayectos duran lo mismo que los proyectos para los cuales es contratado. \u00c9l fue la primera persona que me explic\u00f3 por qu\u00e9 la ruta 380, que circula por el circuito Perif\u00e9rico del <span class=\"small-caps\">amg<\/span>, est\u00e1 asociada con una alta presencia de usuarios de oficio alba\u00f1iles, pues el trazo circundante de la ruta les permite llegar a distintos puntos de la ciudad mediante pocos transbordos.<a class=\"anota\" id=\"anota6\" data-footnote=6>6<\/a> Al explicarme su representaci\u00f3n, me dec\u00eda que, para \u00e9l, \u201cla ciudad es como una rueda de bicicleta, las avenidas son los rayos y el Perif\u00e9rico es el rin\u201d.<\/p>\n\n\n<div class=\"image-slider\">\n                <div class=\"frame\">\n                    <div class=\"picture\" itemscope itemtype=\"http:\/\/schema.org\/ImageGallery\">\n                        <figure itemprop=\"associatedMedia\" itemscope itemtype=\"http:\/\/schema.org\/ImageObject\" class=\"slider-element\">\n                              <a href=\"https:\/\/ia801504.us.archive.org\/1\/items\/imageneslmsm\/imagen-6.png\" itemprop=\"contentUrl\" data-size=\"647x487\" data-index=\"0\" data-caption=\"Imagen 5. Mapa mental de Fausto. Colecci\u00f3n: Colecci\u00f3n Christian O. Grimaldo, 2015.\" >\n                                <img decoding=\"async\" src=\"https:\/\/ia801504.us.archive.org\/1\/items\/imageneslmsm\/imagen-6.png\" itemprop=\"thumbnail\">\n                                <i class=\"fa fa-expand expand\" aria-hidden=\"true\"><\/i>\n                            <\/a>\n                            <\/figure>                    <\/div>    \n                <\/div>\n                    <div class=\"caption\">Imagen 5. Mapa mental de Fausto. Colecci\u00f3n: Colecci\u00f3n Christian O. Grimaldo, 2015.<\/div><div class=\"image-analysis\"><\/div>                <div class=\"bullets\"><\/div>\n            <\/div>\n\n\n\n<p>La forma urbana representada en los mapas no s\u00f3lo me permiti\u00f3 identificar concepciones del entramado urbano que correspond\u00edan con las observaciones en tr\u00e1nsito que hab\u00eda realizado, sino incluso encontrar paralelismos con mi forma de organizar la estrategia metodol\u00f3gica. Al ver el mapa de Fausto, me di cuenta de que la traza que presentaba se parec\u00eda mucho a la estrategia que yo hab\u00eda propuesto desde un principio para estudiar el paisaje urbano a partir de sus distintos puntos cardinales, la cual puede verse en el mapa 1. Nuestra l\u00f3gica part\u00eda de un objetivo com\u00fan: abarcar la mayor parte del <span class=\"small-caps\">amg<\/span> en el menor n\u00famero de trayectos posible. Esto cobra mayor sentido considerando que la morfolog\u00eda de la ciudad de Guadalajara es conc\u00e9ntrica, y 80% de las rutas del transporte p\u00fablico circulan por el centro de la ciudad que tanto \u00e9l como yo practicamos (Caracol Urbano, 2014).<\/p>\n\n\n\n<p>De los 17 mapas mentales elaborados por los colaboradores, \u00fanicamente en dos no fue tan evidente la influencia de los trayectos en la imagen de la ciudad que tienen los transe\u00fantes, pero indudablemente forma parte de ella. En ese par de casos, los colaboradores representaron \u00fanicamente la zona pr\u00f3xima al vecindario que habitan; el motivo es que en ese fragmento de la ciudad era donde se sent\u00edan en lo que definieron como su ciudad; sobre todo, lo que marcaba la diferencia con el resto de la ciudad fue que era en ese fragmento donde descansaban del constante tr\u00e1nsito. Esto quiere decir que la experiencia del transitar prolongado limita su noci\u00f3n de ciudad a espacios acotados, en los cuales no experimentan la sensaci\u00f3n de encuentro con la extra\u00f1eza o lo inesperado. Este par de mapas son la idealizaci\u00f3n de una ciudad donde la longitud y los tiempos de los trayectos se acortan. El punto clave para poder leer este tipo de representaci\u00f3n es, en todo caso, acompa\u00f1ar a la imagen creada con la lectura de los trayectos y las narraciones detalladas de quienes los crean. Este tipo de mapas son un pretexto perfecto para iniciar la conversaci\u00f3n y encontrar los entrecruces de la experiencias vivenciales y referenciales.<a class=\"anota\" id=\"anota7\" data-footnote=7>7<\/a><\/p>\n\n\n\n<p>Uno de los detalles m\u00e1s esclarecedores que surgieron del an\u00e1lisis en conjunto de los mapas fue la relaci\u00f3n existente entre el centro y la periferia en todos los casos. La morfolog\u00eda conc\u00e9ntrica de Guadalajara, articuladora del <span class=\"small-caps\">amg<\/span>, marca la pauta en la concepci\u00f3n mental de cada uno de los colaboradores. La estructura de los mapas se articula a partir de las conexiones viales entre el centro hist\u00f3rico y lo que existe m\u00e1s all\u00e1 de \u00e9l.<\/p>\n\n\n\n<p>El papel que desempe\u00f1a el Anillo Perif\u00e9rico es crucial para comprender la forma colectiva de la ciudad. En el sentido que se ha presentado en los mapas mentales, tiene dos principales funciones: facilitador vial y frontera cultural. En el primer caso se trata de un circuito que facilita el transporte de las personas a diversos sitios de la ciudad. En el segundo, funge como un l\u00edmite entre el adentro y el afuera de lo que se considera en algunos casos el escenario de lo urbano y en otros el <span class=\"small-caps\">amg<\/span>.<a class=\"anota\" id=\"anota8\" data-footnote=8>8<\/a><\/p>\n\n\n\n<p>La representaci\u00f3n del Perif\u00e9rico en los mapas establece un m\u00e1s all\u00e1 de Guadalajara que no s\u00f3lo marca diferencias en el territorio, sino tambi\u00e9n en el paisaje, en los servicios y en los sujetos que habitan-transitan lo que excede dicho circuito. En la concepci\u00f3n de los transe\u00fantes colaboradores, vivir fuera del Perif\u00e9rico implica la necesidad de planear trayectos m\u00e1s complejos, basados en distancias mayores, veh\u00edculos en peores condicione, en compa\u00f1\u00eda de personas de poblaciones marginadas. En el <span class=\"small-caps\">amg<\/span>, el circuito del anillo perif\u00e9rico demarca la periferia social.<\/p>\n\n\n\n<p>En contraposici\u00f3n al Perif\u00e9rico, que simboliza la forma de lo lejano, est\u00e1 el centro, que es s\u00edmbolo de lo cercano; juntos marcan en el espacio en blanco de los mapas con los valores del aqu\u00ed y all\u00e1, lo cercano y lo lejano. Es tal la naturalidad con que el centro se concibe vinculado a la ciudad que no s\u00f3lo aparece en la mayor parte de los mapas, sino que en varios casos lo representan con mayor detalle, en buena medida a partir de sus marcadores ic\u00f3nicos. En varios mapas, el centro es origen del resto de las zonas que configuran la forma colectiva de la ciudad, componente que gu\u00eda la orientaci\u00f3n de la traza de los mapas mentales; una suerte de rosa de los vientos del espacio interiorizado. Esto es sumamente esclarecedor para comprender la relaci\u00f3n entre la experiencia de los usuarios del transporte p\u00fablico y la forma en que imaginan la ciudad, sobre todo si se retoma el hecho de que la mayor\u00eda de las rutas del transporte p\u00fablico atraviesan el centro, como si \u00e9ste fuera un embudo del servicio. No por nada suele darse el consejo de que, si un d\u00eda uno se pierde en Guadalajara, tome un cami\u00f3n que lo lleve al centro y de ah\u00ed transborde a su respectivo destino.<\/p>\n\n\n\n<h2 class=\"wp-block-heading\">Quinta ubicaci\u00f3n: las superposiciones entre lo vivido y lo referenciado (mapeo del imaginario)<\/h2>\n\n\n\n<p class=\"abstract\">Ahora que los mapas mentales me hab\u00edan mostrado que exist\u00edan correspondencias entre lo visto a partir de la observaci\u00f3n en tr\u00e1nsito, lo escuchado en las entrevistas y lo plasmado en los mapas mentales, sent\u00eda a\u00fan mayor necesidad de visibilizar la relaci\u00f3n entre la experiencia vivencial y referencial de los transe\u00fantes del transporte p\u00fablico. Las t\u00e9cnicas que he descrito hasta ahora dan cuenta de algunos indicios que relacionan los paisajes y cuerpos percibidos a lo largo de los trayectos con ciertos correlatos socioecon\u00f3micos y raciales, as\u00ed como con determinadas sensaciones de deseo o repulsi\u00f3n.<\/p>\n\n\n\n<p>A lo largo de mis recorridos, reun\u00ed una colecci\u00f3n de 3 809 fotograf\u00edas; la mayor\u00eda dan cuenta de una colecci\u00f3n de situaciones urbanas que muestran una territorialidad creada por mi propia mirada desde el tr\u00e1nsito. Al repasar mi archivo fotogr\u00e1fico, ca\u00ed en cuenta de que pod\u00eda recordar casi exactamente el punto geogr\u00e1fico donde hab\u00eda tomado cada foto, debido al trabajo exhaustivo que hab\u00eda realizado al redactar mis diarios de campo, apoyado en los mapas de mis recorridos.<\/p>\n\n\n\n<p>En una de mis lecturas metodol\u00f3gicas, encontr\u00e9 pistas sobre el uso de las im\u00e1genes para el an\u00e1lisis de la experiencia urbana en relaci\u00f3n con los diversos lugares de la ciudad. Aguilar (2006) describe una estrategia que considera la posibilidad de emplear im\u00e1genes para evocar diversos lugares en la concepci\u00f3n de las personas que transitan la ciudad. El autor describe este tipo de im\u00e1genes como \u201cparlantes\u201d, debido a que su funci\u00f3n es la de incitar a la narraci\u00f3n de la experiencia y, a su vez, incitar a la creaci\u00f3n de \u00e1mbitos de significado (Aguilar, 2006: 137).<\/p>\n\n\n\n<p>La t\u00e9cnica mencionada por Aguilar es una expresi\u00f3n de lo que Amphoux (citado por Aguilar, 2006) denomin\u00f3 \u201ct\u00e9cnica de observaci\u00f3n recurrente\u201d, en la cual se presentan materiales audiovisuales ante habitantes de la ciudad con la intenci\u00f3n de que \u00e9stos dejen fluir sus interpretaciones de los lugares a partir de la imagen; seg\u00fan Amphoux, esto no busca hacer hablar a las personas, sino a la ciudad (Aguilar, 2006: 136). Este tipo de estrategias buscan tender un nexo entre la experiencia sensible y la experiencia simb\u00f3lica de la ciudad, lo cual es bastante enriquecedor.<\/p>\n\n\n\n<p>Dada la familiaridad que ya ten\u00eda con el uso de mapas, me pareci\u00f3 que ser\u00eda buena idea mantener el di\u00e1logo a partir de la fotograf\u00eda con los otros transe\u00fantes sobre un mapa, de manera que pudiera mostrarles diversas escenas urbanas y escuchar en d\u00f3nde consideraban que ocurr\u00edan y los motivos por los que emplazaban tales escenas en determinados puntos del mapa. Part\u00ed del supuesto de que una evocaci\u00f3n de este tipo plasmar\u00eda en el plano cartogr\u00e1fico una expresi\u00f3n territorializada y objetivada de los imaginarios de los colaboradores.<\/p>\n\n\n\n<p>Realic\u00e9 la selecci\u00f3n de las fotograf\u00edas a partir de diversas categor\u00edas seg\u00fan zonas: comerciales, habitacionales, c\u00e9ntricas, perif\u00e9ricas, de servicios e ic\u00f3nicas. Adem\u00e1s, a\u00f1ad\u00ed un par lugares que consideraba cr\u00edpticos, cuya arquitectura o contexto no tuviera elementos que los hicieran f\u00e1cilmente ubicables en un mapa. Adem\u00e1s de las im\u00e1genes de lugares, agregu\u00e9 dos im\u00e1genes de publicidad espectacular y tres im\u00e1genes que muestran escenas ocurridas a bordo de diferentes autobuses sin n\u00famero de ruta a la vista, en cuyo primer plano aparecen como protagonistas otros usuarios del transporte p\u00fablico. En total, sumaron una serie de 27 fotograf\u00edas.<\/p>\n\n\n\n<p>Ante cada colaborador extend\u00ed un plano recortado del <span class=\"small-caps\">amg<\/span>, donde les ped\u00eda que se\u00f1alaran su casa y su trabajo o lugar de estudio. Si ten\u00edan dificultades para ubicarse les ayudaba a encontrar puntos cercanos a ambos sitios. Luego les comentaba que iba a mostrarles una serie de fotograf\u00edas que hab\u00edan sido tomadas en diversas ubicaciones contenidas dentro de ese plano, en seguida mostraba la primera imagen y les ped\u00eda que la observaran detenidamente y que se\u00f1alaran el punto del mapa en el que ellos consideraban que ese lugar o esa situaci\u00f3n se encontraba. Cada punto se iba enumerando de manera sucesiva hasta haber llenado el mapa con las ubicaciones de los 27 puntos.<a class=\"anota\" id=\"anota9\" data-footnote=9>9<\/a><\/p>\n\n\n\n<p>Luego de que los participantes ubicaban cada fotograf\u00eda en un punto del mapa, les planteaba algunas preguntas con el fin de conocer los motivos por los que hab\u00edan ubicado el lugar de la imagen en determinada ubicaci\u00f3n y no en otra. Por lo regular, estas preguntas se realizaban a manera de un di\u00e1logo, buscando que cada colaborador detallara lo m\u00e1s posible los motivos que le hac\u00edan ubicar cada imagen en cierto punto; algunos ejemplos de estas preguntas fueron: \u00bfqu\u00e9 te hace pensar que es ah\u00ed?, \u00bfeso no pasar\u00eda en otro lugar?, \u00bfy s\u00f3lo en ese sitio lo has visto?, \u00bfpor qu\u00e9 no en otro sitio?<\/p>\n\n\n\n<p>A continuaci\u00f3n, muestro algunos ejemplos de los resultados de este tipo de registros. La fotograf\u00eda del punto 1 muestra la zona comercial de tipo exclusivo ubicada al poniente del <span class=\"small-caps\">amg<\/span> conocida como plaza Andares. La imagen capta un plano general de la zona donde est\u00e1n una tienda departamental y una serie de edificios verticales. La ubicaci\u00f3n que se adjudica a este lugar es un\u00e1nime entre los colaboradores. Es por ello que el mapa muestra una serie de puntos superpuestos. Un detalle importante es que varios de los participantes manifestaron no haber estado nunca en ese lugar; en algunos casos, incluso, se asever\u00f3 no haber pasado siquiera por ah\u00ed, pero ubicaron el punto en el lugar exacto en que se encuentra.<\/p>\n\n\n\n<p><strong>Mapa 2. Ubicaci\u00f3n atribuida a la fotograf\u00eda 1<\/strong><\/p>\n\n\n<div class=\"map-audio\">\n    \n    <div class=\"image-slider map\">\n        <div class=\"frame\">\n            <div class=\"picture\" itemscope itemtype=\"http:\/\/schema.org\/ImageGallery\">\n                <i class=\"fa fa-expand expand\" aria-hidden=\"true\"><\/i>\n                <figure itemprop=\"associatedMedia\" itemscope itemtype=\"http:\/\/schema.org\/ImageObject\" id=\"map-two\" class=\"slider-element\">\n                    <a href=\"https:\/\/encartes.mx\/wp-content\/themes\/encartes\/parts\/map_audio_gallery-post\/imgs\/mapa_2.jpg\" itemprop=\"contentUrl\" data-size=\"1910x1863\" data-index=\"0\" data-caption=\"\">\n                        <img decoding=\"async\" src=\"https:\/\/encartes.mx\/wp-content\/themes\/encartes\/parts\/map_audio_gallery-post\/imgs\/mapa_2.jpg\" itemprop=\"thumbnail\">\n                    <\/a>\n                <\/figure>\n            <\/div>\n        <\/div>\n    <\/div>\n    <div class=\"menu\">\n        <div class=\"image-title\">Fotograf\u00eda 1<\/div>\n        <div class=\"photo\">\n            <div class=\"image-slider map\">\n                <div class=\"frame\">\n                    <div class=\"picture\" itemscope itemtype=\"http:\/\/schema.org\/ImageGallery\">\n                        <i class=\"fa fa-expand expand\" aria-hidden=\"true\"><\/i>\n                        <figure itemprop=\"associatedMedia\" itemscope itemtype=\"http:\/\/schema.org\/ImageObject\" id=\"map-two\" class=\"slider-element\">\n                            <a href=\"https:\/\/encartes.mx\/wp-content\/themes\/encartes\/parts\/map_audio_gallery-post\/imgs\/foto_mapa_2.jpg\" itemprop=\"contentUrl\" data-size=\"3648x2736\" data-index=\"0\" data-caption=\"\">\n                        <img decoding=\"async\" src=\"https:\/\/encartes.mx\/wp-content\/themes\/encartes\/parts\/map_audio_gallery-post\/imgs\/foto_mapa_2.jpg\" itemprop=\"thumbnail\">\n                    <\/a>\n                <\/figure>\n            <\/div>\n        <\/div>\n    <\/div>\n        <\/div>\n        <div class=\"people-wrap\">\n            <div class=\"title\">Encuestados:<\/div>\n            <div class=\"person donato\"><span class=\"rect\"><\/span>Donato <img decoding=\"async\" class=\"audio\" src=\"https:\/\/encartes.mx\/wp-content\/themes\/encartes\/parts\/map_audio_gallery-post\/imgs\/bocina.gif\"data-audio=\"https:\/\/encartes.mx\/wp-content\/themes\/encartes\/parts\/map_audio_gallery-post\/audio\/donato_1.mp3\"\/><audio><\/audio><\/div>\n            <div class=\"person eva\"><span class=\"rect\"><\/span>Eva <img decoding=\"async\" class=\"audio\" src=\"https:\/\/encartes.mx\/wp-content\/themes\/encartes\/parts\/map_audio_gallery-post\/imgs\/bocina.gif\"data-audio=\"https:\/\/encartes.mx\/wp-content\/themes\/encartes\/parts\/map_audio_gallery-post\/audio\/eva_1.mp3\"><audio><\/audio><\/div>\n            <div class=\"person fernanda\"><span class=\"rect\"><\/span>Fernanda<\/div>\n            <div class=\"person elda\"><span class=\"rect\"><\/span>Elda<\/div>\n            <div class=\"person ernesto\"><span class=\"rect\"><\/span>Ernesto<\/div>\n            <div class=\"person dulce\"><span class=\"rect\"><\/span>Dulce<\/div>\n            <div class=\"person georgina\"><span class=\"rect\"><\/span>Georgina<\/div>\n            <div class=\"person clara\"><span class=\"rect\"><\/span>Clara<\/div>\n            <div class=\"person hortencia\"><span class=\"rect\"><\/span>Hortencia<\/div>\n            <div class=\"person bertha\"><span class=\"rect\"><\/span>Bertha <img decoding=\"async\" class=\"audio\" src=\"https:\/\/encartes.mx\/wp-content\/themes\/encartes\/parts\/map_audio_gallery-post\/imgs\/bocina.gif\"data-audio=\"https:\/\/encartes.mx\/wp-content\/themes\/encartes\/parts\/map_audio_gallery-post\/audio\/bertha_1.mp3\"><audio><\/audio><\/div>\n            <div class=\"person conrado\"><span class=\"rect\"><\/span>Conrado<\/div>\n            <div class=\"person bernardo\"><span class=\"rect\"><\/span>Bernardo<\/div>\n            <div class=\"person aurelia\"><span class=\"rect\"><\/span>Aurelia<\/div>\n            <div class=\"person adan\"><span class=\"rect\"><\/span>Adan<\/div>\n            <div class=\"person manzana\"><span class=\"rect\"><\/span>Manzanas ZMG<\/div>\n        <\/div>\n        <div class=\"credits\">\n            <p>Proyecci\u00f3n WGS84 UTM 13N<\/p>\n            <p>Autores:<br\/>Christian O. Grimaldo<br\/>Jorge Alberto Curz Barbosa<\/p>\n            <p>Colaboraci\u00f3n:<br\/>Juan Miguel Herrera Cema<\/p>\n            <p>Fuente:<br\/>Elaboraci\u00f3n propia con base en trabajo de campo, 2016.<\/p>\n        <\/div>\n        <div class=\"antropo-sig-logo\">\n            <img src= \"https:\/\/encartes.mx\/wp-content\/themes\/encartes\/parts\/map_audio_gallery-post\/imgs\/antropo-sig-logo.jpg\">\n        <\/div>\n    <\/div>\n<\/div>\n\n\n\n\n<p>La ubicaci\u00f3n del punto 3 muestra una lectura interesante sobre los paisajes que denotan marginalidad en el <span class=\"small-caps\">amg<\/span>. Se trata de un sitio en las periferias del municipio de Tonal\u00e1. En primer plano, se muestra un \u201cmototaxi\u201d, veh\u00edculo peque\u00f1o que se ha introducido de manera irregular, pero a cuyos propietarios se les han concedido amparos que exhiben ante las autoridades para continuar circulando; operan sobre todo en zonas donde el servicio del transporte p\u00fablico es nulo o escaso y que suelen ser lugares donde existen nuevas urbanizaciones, en la periferia. La lectura de la mayor\u00eda de los participantes iniciaba identificando al mototaxi con la periferia, lo cual se acompa\u00f1aba de su asociaci\u00f3n con la calle de terracer\u00eda. El edificio del fondo fue considerado por algunos como una casa ostentosa y por otros como un local de fiestas.<\/p>\n\n\n\n<p>Uno de los detalles m\u00e1s interesantes de la manera en que est\u00e1n distribuidos estos puntos es que est\u00e1n asociados con el oriente y el sur de la ciudad. En varios casos se coment\u00f3 que eso podr\u00eda estar en el municipio de Tlajomulco, a pesar de que se explicit\u00f3 que todas las fotos hab\u00edan sido tomadas dentro del per\u00edmetro que comprend\u00eda el plano. Por ello, una buena parte de los puntos aparece en el sur, hacia donde estar\u00eda el municipio mencionado. Esto es importante si se retoma la menci\u00f3n del Anillo Perif\u00e9rico como la frontera que marca la periferia social, adem\u00e1s de la menci\u00f3n de lo est\u00e9tico como patr\u00f3n que orienta la ubicaci\u00f3n geogr\u00e1fica de los colaboradores y sus zonas de adscripci\u00f3n.<\/p>\n\n\n\n<p><strong>Mapa 3. Ubicaci\u00f3n atribuida a la fotograf\u00eda 3<\/strong><\/p>\n\n\n<div class=\"map-audio\">\n    \n    <div class=\"image-slider map\">\n        <div class=\"frame\">\n            <div class=\"picture\" itemscope itemtype=\"http:\/\/schema.org\/ImageGallery\">\n                <i class=\"fa fa-expand expand\" aria-hidden=\"true\"><\/i>\n                <figure itemprop=\"associatedMedia\" itemscope itemtype=\"http:\/\/schema.org\/ImageObject\" id=\"map-two\" class=\"slider-element\">\n                    <a href=\"https:\/\/encartes.mx\/wp-content\/themes\/encartes\/parts\/map_audio_gallery-post\/imgs\/mapa_3.jpg\" itemprop=\"contentUrl\" data-size=\"1908x1864\" data-index=\"0\" data-caption=\"\">\n                        <img decoding=\"async\" src=\"https:\/\/encartes.mx\/wp-content\/themes\/encartes\/parts\/map_audio_gallery-post\/imgs\/mapa_3.jpg\" itemprop=\"thumbnail\">\n                    <\/a>\n                <\/figure>\n            <\/div>\n        <\/div>\n    <\/div>\n    <div class=\"menu\">\n        <div class=\"image-title\">Fotograf\u00eda 3<\/div>\n        <div class=\"photo\">\n            <div class=\"image-slider map\">\n                <div class=\"frame\">\n                    <div class=\"picture\" itemscope itemtype=\"http:\/\/schema.org\/ImageGallery\">\n                        <i class=\"fa fa-expand expand\" aria-hidden=\"true\"><\/i>\n                        <figure itemprop=\"associatedMedia\" itemscope itemtype=\"http:\/\/schema.org\/ImageObject\" id=\"map-two\" class=\"slider-element\">\n                            <a href=\"https:\/\/encartes.mx\/wp-content\/themes\/encartes\/parts\/map_audio_gallery-post\/imgs\/foto_mapa_3.JPG\" itemprop=\"contentUrl\" data-size=\"3648x2736\" data-index=\"0\" data-caption=\"\">\n                        <img decoding=\"async\" src=\"https:\/\/encartes.mx\/wp-content\/themes\/encartes\/parts\/map_audio_gallery-post\/imgs\/foto_mapa_3.JPG\" itemprop=\"thumbnail\">\n                    <\/a>\n                <\/figure>\n            <\/div>\n        <\/div>\n    <\/div>\n        <\/div>\n        <div class=\"people-wrap\">\n            <div class=\"title\">Encuestados:<\/div>\n            <div class=\"person donato\"><span class=\"rect\"><\/span>Donato <img decoding=\"async\" class=\"audio\" src=\"https:\/\/encartes.mx\/wp-content\/themes\/encartes\/parts\/map_audio_gallery-post\/imgs\/bocina.gif\"data-audio=\"https:\/\/encartes.mx\/wp-content\/themes\/encartes\/parts\/map_audio_gallery-post\/audio\/donato_2.mp3\"\/><audio><\/audio><\/div>\n            <div class=\"person eva\"><span class=\"rect\"><\/span>Eva <img decoding=\"async\" class=\"audio\" src=\"https:\/\/encartes.mx\/wp-content\/themes\/encartes\/parts\/map_audio_gallery-post\/imgs\/bocina.gif\"data-audio=\"https:\/\/encartes.mx\/wp-content\/themes\/encartes\/parts\/map_audio_gallery-post\/audio\/eva_2.mp3\"><audio><\/audio><\/div>\n            <div class=\"person fernanda\"><span class=\"rect\"><\/span>Fernanda<\/div>\n            <div class=\"person elda\"><span class=\"rect\"><\/span>Elda<\/div>\n            <div class=\"person ernesto\"><span class=\"rect\"><\/span>Ernesto<\/div>\n            <div class=\"person dulce\"><span class=\"rect\"><\/span>Dulce<\/div>\n            <div class=\"person georgina\"><span class=\"rect\"><\/span>Georgina <img decoding=\"async\" class=\"audio\" src=\"https:\/\/encartes.mx\/wp-content\/themes\/encartes\/parts\/map_audio_gallery-post\/imgs\/bocina.gif\"data-audio=\"https:\/\/encartes.mx\/wp-content\/themes\/encartes\/parts\/map_audio_gallery-post\/audio\/georgina_2.mp3\"><audio><\/audio><\/div>\n            <div class=\"person clara\"><span class=\"rect\"><\/span>Clara<\/div>\n            <div class=\"person hortencia\"><span class=\"rect\"><\/span>Hortencia<\/div>\n            <div class=\"person bertha\"><span class=\"rect\"><\/span>Bertha <img decoding=\"async\" class=\"audio\" src=\"https:\/\/encartes.mx\/wp-content\/themes\/encartes\/parts\/map_audio_gallery-post\/imgs\/bocina.gif\"data-audio=\"https:\/\/encartes.mx\/wp-content\/themes\/encartes\/parts\/map_audio_gallery-post\/audio\/bertha_2.mp3\"><audio><\/audio><\/div>\n            <div class=\"person conrado\"><span class=\"rect\"><\/span>Conrado <img decoding=\"async\" class=\"audio\" src=\"https:\/\/encartes.mx\/wp-content\/themes\/encartes\/parts\/map_audio_gallery-post\/imgs\/bocina.gif\"data-audio=\"https:\/\/encartes.mx\/wp-content\/themes\/encartes\/parts\/map_audio_gallery-post\/audio\/conrado_2.mp3\"><audio><\/audio><\/div>\n            <div class=\"person bernardo\"><span class=\"rect\"><\/span>Bernardo<\/div>\n            <div class=\"person aurelia\"><span class=\"rect\"><\/span>Aurelia<\/div>\n            <div class=\"person adan\"><span class=\"rect\"><\/span>Adan<\/div>\n            <div class=\"person manzana\"><span class=\"rect\"><\/span>Manzanas ZMG<\/div>\n        <\/div>\n        <div class=\"credits\">\n            <p>Proyecci\u00f3n WGS84 UTM 13N<\/p>\n            <p>Autores:<br\/>Christian O. Grimaldo<br\/>Jorge Alberto Curz Barbosa<\/p>\n            <p>Colaboraci\u00f3n:<br\/>Juan Miguel Herrera Cema<\/p>\n            <p>Fuente:<br\/>Elaboraci\u00f3n propia con base en trabajo de campo, 2016.<\/p>\n        <\/div>\n        <div class=\"antropo-sig-logo\">\n            <img src= \"https:\/\/encartes.mx\/wp-content\/themes\/encartes\/parts\/map_audio_gallery-post\/imgs\/antropo-sig-logo.jpg\">\n        <\/div>\n    <\/div>\n<\/div>\n\n\n\n\n<p>La fotograf\u00eda 4 muestra la avenida Ju\u00e1rez, una de las principales de Guadalajara a la altura del centro. Se muestra la vialidad con circulaci\u00f3n de algunos autom\u00f3viles; en una esquina se aprecia una tienda de ropa con larga tradici\u00f3n, llamada El Nuevo Mundo. En este caso, la arquitectura del edificio que alberga la tienda mencionada y los adoquines fueron el principal motivo que orient\u00f3 a los participantes para ubicar el lugar en sitios muy similares. Al igual que en el mapa 1, se muestra una superposici\u00f3n de los puntos. El centro es sumamente reconocible, al igual que en los mapas mentales. Para el usuario habitual del transporte p\u00fablico es com\u00fan haber transitado por esta y otras zonas del centro.<\/p>\n\n\n\n<p><strong>Mapa 4. Ubicaci\u00f3n atribuida a la fotograf\u00eda 4<br><\/strong><\/p>\n\n\n<div class=\"map-audio\">\n    \n    <div class=\"image-slider map\">\n        <div class=\"frame\">\n            <div class=\"picture\" itemscope itemtype=\"http:\/\/schema.org\/ImageGallery\">\n                <i class=\"fa fa-expand expand\" aria-hidden=\"true\"><\/i>\n                <figure itemprop=\"associatedMedia\" itemscope itemtype=\"http:\/\/schema.org\/ImageObject\" id=\"map-two\" class=\"slider-element\">\n                    <a href=\"https:\/\/encartes.mx\/wp-content\/themes\/encartes\/parts\/map_audio_gallery-post\/imgs\/mapa_4.jpg\" itemprop=\"contentUrl\" data-size=\"1908x1864\" data-index=\"0\" data-caption=\"\">\n                        <img decoding=\"async\" src=\"https:\/\/encartes.mx\/wp-content\/themes\/encartes\/parts\/map_audio_gallery-post\/imgs\/mapa_4.jpg\" itemprop=\"thumbnail\">\n                    <\/a>\n                <\/figure>\n            <\/div>\n        <\/div>\n    <\/div>\n    <div class=\"menu\">\n        <div class=\"image-title\">Fotograf\u00eda 4<\/div>\n        <div class=\"photo\">\n            <div class=\"image-slider map\">\n                <div class=\"frame\">\n                    <div class=\"picture\" itemscope itemtype=\"http:\/\/schema.org\/ImageGallery\">\n                        <i class=\"fa fa-expand expand\" aria-hidden=\"true\"><\/i>\n                        <figure itemprop=\"associatedMedia\" itemscope itemtype=\"http:\/\/schema.org\/ImageObject\" id=\"map-two\" class=\"slider-element\">\n                            <a href=\"https:\/\/encartes.mx\/wp-content\/themes\/encartes\/parts\/map_audio_gallery-post\/imgs\/foto_mapa_4.JPG\" itemprop=\"contentUrl\" data-size=\"3648x2736\" data-index=\"0\" data-caption=\"\">\n                        <img decoding=\"async\" src=\"https:\/\/encartes.mx\/wp-content\/themes\/encartes\/parts\/map_audio_gallery-post\/imgs\/foto_mapa_4.JPG\" itemprop=\"thumbnail\">\n                    <\/a>\n                <\/figure>\n            <\/div>\n        <\/div>\n    <\/div>\n        <\/div>\n        <div class=\"people-wrap\">\n            <div class=\"title\">Encuestados:<\/div>\n            <div class=\"person donato\"><span class=\"rect\"><\/span>Donato <img decoding=\"async\" class=\"audio\" src=\"https:\/\/encartes.mx\/wp-content\/themes\/encartes\/parts\/map_audio_gallery-post\/imgs\/bocina.gif\"data-audio=\"https:\/\/encartes.mx\/wp-content\/themes\/encartes\/parts\/map_audio_gallery-post\/audio\/donato_3.mp3\"\/><audio><\/audio><\/div>\n            <div class=\"person eva\"><span class=\"rect\"><\/span>Eva<\/div>\n            <div class=\"person fernanda\"><span class=\"rect\"><\/span>Fernanda<\/div>\n            <div class=\"person elda\"><span class=\"rect\"><\/span>Elda<\/div>\n            <div class=\"person ernesto\"><span class=\"rect\"><\/span>Ernesto<\/div>\n            <div class=\"person dulce\"><span class=\"rect\"><\/span>Dulce<\/div>\n            <div class=\"person georgina\"><span class=\"rect\"><\/span>Georgina <img decoding=\"async\" class=\"audio\" src=\"https:\/\/encartes.mx\/wp-content\/themes\/encartes\/parts\/map_audio_gallery-post\/imgs\/bocina.gif\"data-audio=\"https:\/\/encartes.mx\/wp-content\/themes\/encartes\/parts\/map_audio_gallery-post\/audio\/georgina_3.mp3\"><audio><\/audio><\/div>\n            <div class=\"person clara\"><span class=\"rect\"><\/span>Clara<\/div>\n            <div class=\"person hortencia\"><span class=\"rect\"><\/span>Hortencia<\/div>\n            <div class=\"person bertha\"><span class=\"rect\"><\/span>Bertha <img decoding=\"async\" class=\"audio\" src=\"https:\/\/encartes.mx\/wp-content\/themes\/encartes\/parts\/map_audio_gallery-post\/imgs\/bocina.gif\"data-audio=\"https:\/\/encartes.mx\/wp-content\/themes\/encartes\/parts\/map_audio_gallery-post\/audio\/bertha_3.mp3\"><audio><\/audio><\/div>\n            <div class=\"person conrado\"><span class=\"rect\"><\/span>Conrado <img decoding=\"async\" class=\"audio\" src=\"https:\/\/encartes.mx\/wp-content\/themes\/encartes\/parts\/map_audio_gallery-post\/imgs\/bocina.gif\"data-audio=\"https:\/\/encartes.mx\/wp-content\/themes\/encartes\/parts\/map_audio_gallery-post\/audio\/conrado_3.mp3\"><audio><\/audio><\/div>\n            <div class=\"person bernardo\"><span class=\"rect\"><\/span>Bernardo<\/div>\n            <div class=\"person aurelia\"><span class=\"rect\"><\/span>Aurelia<\/div>\n            <div class=\"person adan\"><span class=\"rect\"><\/span>Adan<\/div>\n            <div class=\"person manzana\"><span class=\"rect\"><\/span>Manzanas ZMG<\/div>\n        <\/div>\n        <div class=\"credits\">\n            <p>Proyecci\u00f3n WGS84 UTM 13N<\/p>\n            <p>Autores:<br\/>Christian O. Grimaldo<br\/>Jorge Alberto Curz Barbosa<\/p>\n            <p>Colaboraci\u00f3n:<br\/>Juan Miguel Herrera Cema<\/p>\n            <p>Fuente:<br\/>Elaboraci\u00f3n propia con base en trabajo de campo, 2016.<\/p>\n        <\/div>\n        <div class=\"antropo-sig-logo\">\n            <img src= \"https:\/\/encartes.mx\/wp-content\/themes\/encartes\/parts\/map_audio_gallery-post\/imgs\/antropo-sig-logo.jpg\">\n        <\/div>\n    <\/div>\n<\/div>\n\n\n\n\n<p>La fotograf\u00eda 9 muestra la entrada a un coto privado ubicado en el municipio de Zapopan, sobre la avenida Guadalupe. Se aprecia un per\u00edmetro cercado por una barda y herrer\u00eda; este per\u00edmetro separa el espacio p\u00fablico del espacio privado de quienes habitan tras el cercamiento. Tambi\u00e9n se alcanza a ver una caseta de seguridad en la esquina inferior derecha y algunos cajones de estacionamiento. Las casas en el interior son de dos o tres plantas y sus fachadas muestran algunos acabados y dise\u00f1os comunes.<\/p>\n\n\n\n<p><strong>Mapa 5. Ubicaci\u00f3n atribuida a la fotograf\u00eda 9<br><\/strong><\/p>\n\n\n<div class=\"map-audio\">\n    \n    <div class=\"image-slider map\">\n        <div class=\"frame\">\n            <div class=\"picture\" itemscope itemtype=\"http:\/\/schema.org\/ImageGallery\">\n                <i class=\"fa fa-expand expand\" aria-hidden=\"true\"><\/i>\n                <figure itemprop=\"associatedMedia\" itemscope itemtype=\"http:\/\/schema.org\/ImageObject\" id=\"map-two\" class=\"slider-element\">\n                    <a href=\"https:\/\/encartes.mx\/wp-content\/themes\/encartes\/parts\/map_audio_gallery-post\/imgs\/mapa_5.jpg\" itemprop=\"contentUrl\" data-size=\"1908x1864\" data-index=\"0\" data-caption=\"\">\n                        <img decoding=\"async\" src=\"https:\/\/encartes.mx\/wp-content\/themes\/encartes\/parts\/map_audio_gallery-post\/imgs\/mapa_5.jpg\" itemprop=\"thumbnail\">\n                    <\/a>\n                <\/figure>\n            <\/div>\n        <\/div>\n    <\/div>\n    <div class=\"menu\">\n        <div class=\"image-title\">Fotograf\u00eda 9<\/div>\n        <div class=\"photo\">\n            <div class=\"image-slider map\">\n                <div class=\"frame\">\n                    <div class=\"picture\" itemscope itemtype=\"http:\/\/schema.org\/ImageGallery\">\n                        <i class=\"fa fa-expand expand\" aria-hidden=\"true\"><\/i>\n                        <figure itemprop=\"associatedMedia\" itemscope itemtype=\"http:\/\/schema.org\/ImageObject\" id=\"map-two\" class=\"slider-element\">\n                            <a href=\"https:\/\/encartes.mx\/wp-content\/themes\/encartes\/parts\/map_audio_gallery-post\/imgs\/foto_mapa_5.JPG\" itemprop=\"contentUrl\" data-size=\"3648x2736\" data-index=\"0\" data-caption=\"\">\n                        <img decoding=\"async\" src=\"https:\/\/encartes.mx\/wp-content\/themes\/encartes\/parts\/map_audio_gallery-post\/imgs\/foto_mapa_5.JPG\" itemprop=\"thumbnail\">\n                    <\/a>\n                <\/figure>\n            <\/div>\n        <\/div>\n    <\/div>\n        <\/div>\n        <div class=\"people-wrap\">\n            <div class=\"title\">Encuestados:<\/div>\n            <div class=\"person donato\"><span class=\"rect\"><\/span>Donato <img decoding=\"async\" class=\"audio\" src=\"https:\/\/encartes.mx\/wp-content\/themes\/encartes\/parts\/map_audio_gallery-post\/imgs\/bocina.gif\"data-audio=\"https:\/\/encartes.mx\/wp-content\/themes\/encartes\/parts\/map_audio_gallery-post\/audio\/donato_4.mp3\"\/><audio><\/audio><\/div>\n            <div class=\"person eva\"><span class=\"rect\"><\/span>Eva <img decoding=\"async\" class=\"audio\" src=\"https:\/\/encartes.mx\/wp-content\/themes\/encartes\/parts\/map_audio_gallery-post\/imgs\/bocina.gif\"data-audio=\"https:\/\/encartes.mx\/wp-content\/themes\/encartes\/parts\/map_audio_gallery-post\/audio\/eva_4.mp3\"><audio><\/audio><\/div>\n            <div class=\"person fernanda\"><span class=\"rect\"><\/span>Fernanda<\/div>\n            <div class=\"person elda\"><span class=\"rect\"><\/span>Elda<\/div>\n            <div class=\"person ernesto\"><span class=\"rect\"><\/span>Ernesto<\/div>\n            <div class=\"person dulce\"><span class=\"rect\"><\/span>Dulce<\/div>\n            <div class=\"person georgina\"><span class=\"rect\"><\/span>Georgina <img decoding=\"async\" class=\"audio\" src=\"https:\/\/encartes.mx\/wp-content\/themes\/encartes\/parts\/map_audio_gallery-post\/imgs\/bocina.gif\"data-audio=\"https:\/\/encartes.mx\/wp-content\/themes\/encartes\/parts\/map_audio_gallery-post\/audio\/georgina_4.mp3\"><audio><\/audio><\/div>\n            <div class=\"person clara\"><span class=\"rect\"><\/span>Clara<\/div>\n            <div class=\"person hortencia\"><span class=\"rect\"><\/span>Hortencia<\/div>\n            <div class=\"person bertha\"><span class=\"rect\"><\/span>Bertha <img decoding=\"async\" class=\"audio\" src=\"https:\/\/encartes.mx\/wp-content\/themes\/encartes\/parts\/map_audio_gallery-post\/imgs\/bocina.gif\"data-audio=\"https:\/\/encartes.mx\/wp-content\/themes\/encartes\/parts\/map_audio_gallery-post\/audio\/bertha_4.mp3\"><audio><\/audio><\/div>\n            <div class=\"person conrado\"><span class=\"rect\"><\/span>Conrado <img decoding=\"async\" class=\"audio\" src=\"https:\/\/encartes.mx\/wp-content\/themes\/encartes\/parts\/map_audio_gallery-post\/imgs\/bocina.gif\"data-audio=\"https:\/\/encartes.mx\/wp-content\/themes\/encartes\/parts\/map_audio_gallery-post\/audio\/conrado_4.mp3\"><audio><\/audio><\/div>\n            <div class=\"person bernardo\"><span class=\"rect\"><\/span>Bernardo<\/div>\n            <div class=\"person aurelia\"><span class=\"rect\"><\/span>Aurelia<\/div>\n            <div class=\"person adan\"><span class=\"rect\"><\/span>Adan<\/div>\n            <div class=\"person manzana\"><span class=\"rect\"><\/span>Manzanas ZMG<\/div>\n        <\/div>\n        <div class=\"credits\">\n            <p>Proyecci\u00f3n WGS84 UTM 13N<\/p>\n            <p>Autores:<br\/>Christian O. Grimaldo<br\/>Jorge Alberto Curz Barbosa<\/p>\n            <p>Colaboraci\u00f3n:<br\/>Juan Miguel Herrera Cema<\/p>\n            <p>Fuente:<br\/>Elaboraci\u00f3n propia con base en trabajo de campo, 2016.<\/p>\n        <\/div>\n        <div class=\"antropo-sig-logo\">\n            <img src= \"https:\/\/encartes.mx\/wp-content\/themes\/encartes\/parts\/map_audio_gallery-post\/imgs\/antropo-sig-logo.jpg\">\n        <\/div>\n    <\/div>\n<\/div>\n\n\n\n\n<p>El mapa 4 ofrece una lectura que se complementa con la del mapa 2. Aqu\u00ed, los colaboradores decidieron ubicar el lugar en funci\u00f3n de lo que ellos consideran la zona donde ser\u00eda m\u00e1s com\u00fan identificar fachadas de lo que algunos definen como \u201cbuen gusto\u201d; o bien de zonas donde existe mayor nivel adquisitivo. Un detalle que destaca en los motivos por los cuales se decide ubicar el lugar en el poniente es la presencia de jardines bien conservados. Esta zona del poniente aparece como representaci\u00f3n de un tipo de vivienda inaccesible para las personas del oriente.<\/p>\n\n\n\n<p><strong>Mapa 6. Ubicaci\u00f3n atribuida a la fotograf\u00eda 24<br><\/strong><\/p>\n\n\n<div class=\"map-audio\">\n    \n    <div class=\"image-slider map\">\n        <div class=\"frame\">\n            <div class=\"picture\" itemscope itemtype=\"http:\/\/schema.org\/ImageGallery\">\n                <i class=\"fa fa-expand expand\" aria-hidden=\"true\"><\/i>\n                <figure itemprop=\"associatedMedia\" itemscope itemtype=\"http:\/\/schema.org\/ImageObject\" id=\"map-two\" class=\"slider-element\">\n                    <a href=\"https:\/\/encartes.mx\/wp-content\/themes\/encartes\/parts\/map_audio_gallery-post\/imgs\/mapa_6.jpg\" itemprop=\"contentUrl\" data-size=\"1908x1864\" data-index=\"0\" data-caption=\"\">\n                        <img decoding=\"async\" src=\"https:\/\/encartes.mx\/wp-content\/themes\/encartes\/parts\/map_audio_gallery-post\/imgs\/mapa_6.jpg\" itemprop=\"thumbnail\">\n                    <\/a>\n                <\/figure>\n            <\/div>\n        <\/div>\n    <\/div>\n    <div class=\"menu\">\n        <div class=\"image-title\">Fotograf\u00eda 24<\/div>\n        <div class=\"photo\">\n            <div class=\"image-slider map\">\n                <div class=\"frame\">\n                    <div class=\"picture\" itemscope itemtype=\"http:\/\/schema.org\/ImageGallery\">\n                        <i class=\"fa fa-expand expand\" aria-hidden=\"true\"><\/i>\n                        <figure itemprop=\"associatedMedia\" itemscope itemtype=\"http:\/\/schema.org\/ImageObject\" id=\"map-two\" class=\"slider-element\">\n                            <a href=\"https:\/\/encartes.mx\/wp-content\/themes\/encartes\/parts\/map_audio_gallery-post\/imgs\/foto_mapa_6.JPG\" itemprop=\"contentUrl\" data-size=\"3648x2736\" data-index=\"0\" data-caption=\"\">\n                        <img decoding=\"async\" src=\"https:\/\/encartes.mx\/wp-content\/themes\/encartes\/parts\/map_audio_gallery-post\/imgs\/foto_mapa_6.JPG\" itemprop=\"thumbnail\">\n                    <\/a>\n                <\/figure>\n            <\/div>\n        <\/div>\n    <\/div>\n        <\/div>\n        <div class=\"people-wrap\">\n            <div class=\"title\">Encuestados:<\/div>\n            <div class=\"person donato\"><span class=\"rect\"><\/span>Donato <img decoding=\"async\" class=\"audio\" src=\"https:\/\/encartes.mx\/wp-content\/themes\/encartes\/parts\/map_audio_gallery-post\/imgs\/bocina.gif\"data-audio=\"https:\/\/encartes.mx\/wp-content\/themes\/encartes\/parts\/map_audio_gallery-post\/audio\/donato_5.mp3\"\/><audio><\/audio><\/div>\n            <div class=\"person eva\"><span class=\"rect\"><\/span>Eva <img decoding=\"async\" class=\"audio\" src=\"https:\/\/encartes.mx\/wp-content\/themes\/encartes\/parts\/map_audio_gallery-post\/imgs\/bocina.gif\"data-audio=\"https:\/\/encartes.mx\/wp-content\/themes\/encartes\/parts\/map_audio_gallery-post\/audio\/eva_5.mp3\"><audio><\/audio><\/div>\n            <div class=\"person fernanda\"><span class=\"rect\"><\/span>Fernanda<\/div>\n            <div class=\"person elda\"><span class=\"rect\"><\/span>Elda <img decoding=\"async\" class=\"audio\" src=\"https:\/\/encartes.mx\/wp-content\/themes\/encartes\/parts\/map_audio_gallery-post\/imgs\/bocina.gif\"data-audio=\"https:\/\/encartes.mx\/wp-content\/themes\/encartes\/parts\/map_audio_gallery-post\/audio\/elda_5.mp3\"><audio><\/audio><\/div>\n            <div class=\"person ernesto\"><span class=\"rect\"><\/span>Ernesto<\/div>\n            <div class=\"person dulce\"><span class=\"rect\"><\/span>Dulce<\/div>\n            <div class=\"person georgina\"><span class=\"rect\"><\/span>Georgina <img decoding=\"async\" class=\"audio\" src=\"https:\/\/encartes.mx\/wp-content\/themes\/encartes\/parts\/map_audio_gallery-post\/imgs\/bocina.gif\"data-audio=\"https:\/\/encartes.mx\/wp-content\/themes\/encartes\/parts\/map_audio_gallery-post\/audio\/georgina_5.mp3\"><audio><\/audio><\/div>\n            <div class=\"person clara\"><span class=\"rect\"><\/span>Clara <img decoding=\"async\" class=\"audio\" src=\"https:\/\/encartes.mx\/wp-content\/themes\/encartes\/parts\/map_audio_gallery-post\/imgs\/bocina.gif\"data-audio=\"https:\/\/encartes.mx\/wp-content\/themes\/encartes\/parts\/map_audio_gallery-post\/audio\/clara_5.mp3\"><audio><\/audio><\/div>\n            <div class=\"person hortencia\"><span class=\"rect\"><\/span>Hortencia<\/div>\n            <div class=\"person bertha\"><span class=\"rect\"><\/span>Bertha <img decoding=\"async\" class=\"audio\" src=\"https:\/\/encartes.mx\/wp-content\/themes\/encartes\/parts\/map_audio_gallery-post\/imgs\/bocina.gif\"data-audio=\"https:\/\/encartes.mx\/wp-content\/themes\/encartes\/parts\/map_audio_gallery-post\/audio\/bertha_5.mp3\"><audio><\/audio><\/div>\n            <div class=\"person conrado\"><span class=\"rect\"><\/span>Conrado <img decoding=\"async\" class=\"audio\" src=\"https:\/\/encartes.mx\/wp-content\/themes\/encartes\/parts\/map_audio_gallery-post\/imgs\/bocina.gif\"data-audio=\"https:\/\/encartes.mx\/wp-content\/themes\/encartes\/parts\/map_audio_gallery-post\/audio\/conrado_5.mp3\"><audio><\/audio><\/div>\n            <div class=\"person bernardo\"><span class=\"rect\"><\/span>Bernardo<\/div>\n            <div class=\"person aurelia\"><span class=\"rect\"><\/span>Aurelia<\/div>\n            <div class=\"person adan\"><span class=\"rect\"><\/span>Adan<\/div>\n            <div class=\"person manzana\"><span class=\"rect\"><\/span>Manzanas ZMG<\/div>\n        <\/div>\n        <div class=\"credits\">\n            <p>Proyecci\u00f3n WGS84 UTM 13N<\/p>\n            <p>Autores:<br\/>Christian O. Grimaldo<br\/>Jorge Alberto Curz Barbosa<\/p>\n            <p>Colaboraci\u00f3n:<br\/>Juan Miguel Herrera Cema<\/p>\n            <p>Fuente:<br\/>Elaboraci\u00f3n propia con base en trabajo de campo, 2016.<\/p>\n        <\/div>\n        <div class=\"antropo-sig-logo\">\n            <img src= \"https:\/\/encartes.mx\/wp-content\/themes\/encartes\/parts\/map_audio_gallery-post\/imgs\/antropo-sig-logo.jpg\">\n        <\/div>\n    <\/div>\n<\/div>\n\n\n\n\n<p>Finalmente, la fotograf\u00eda 24 muestra una situaci\u00f3n ocurrida en un veh\u00edculo del transporte p\u00fablico. Se trata de una unidad de la ruta 380, que circula alrededor del Anillo Perif\u00e9rico. Tom\u00e9 la fotograf\u00eda en hora pico, cerca de las 6 pm, mientras el cami\u00f3n transitaba por la zona sur. Lo m\u00e1s impresionante es la recurrencia con que los puntos se distribuyen hacia las periferias, adem\u00e1s de la constante con que los colaboradores identificaron al veh\u00edculo como perteneciente a la ruta 380 por el hecho de que las personas que aparecen en la fotograf\u00eda son de tez morena. Esto reafirma la correlaci\u00f3n entre la noci\u00f3n de periferia social que marca al Anillo Perif\u00e9rico, adem\u00e1s de los patrones de segregaci\u00f3n racial asociados con ciertas zonas del <span class=\"small-caps\">amg<\/span>, en este caso de la mano con el estigma atribuido a la ruta 380.<\/p>\n\n\n\n<p>Los ejemplos que he mostrado aqu\u00ed son s\u00f3lo algunos resultados preliminares de un ejercicio que se ha realizado con m\u00e1s colaboradores. La intenci\u00f3n es mostrar el tipo de relaciones que se establecen entre la imagen, el mapa y el imaginario urbano de los participantes. Los casos que he presentado ilustran la existencia de recurrencias muy marcadas en las evocaciones de los colaboradores, que no necesariamente tienen un perfil homog\u00e9neo; entre ellos se encuentran hombres, mujeres, profesionistas, estudiantes de posgrado, alba\u00f1iles, oficinistas, obreros. Uno de los roles que los vuelve m\u00e1s comunes es el de usuarios del transporte p\u00fablico, transe\u00fantes que perciben la ciudad cotidianamente a partir de recorridos a bordo de veh\u00edculos colectivos.<\/p>\n\n\n\n<p>Bien podr\u00eda preguntarse cu\u00e1l es el papel que desempe\u00f1a el ser usuario del transporte p\u00fablico en el se\u00f1alamiento que hacen de ciertos puntos en el plano geogr\u00e1fico, especialmente cuando yo mismo he se\u00f1alado que algunos colaboradores argumentaron nunca haber pasado por ciertas zonas antes de poner el punto en el mapa. Lo que este ejercicio cartogr\u00e1fico nos indica es que la presencia de ciertos actores en determinados puntos de la ciudad est\u00e1 normada, es decir, que existen determinadas zonas del espacio p\u00fablico en las cuales la pr\u00e1ctica de las personas estar\u00e1 limitada exclusivamente al tr\u00e1nsito, debido a los imaginarios institucionalizados que les preceden. A\u00fan m\u00e1s, en algunos casos, si su respectivo autob\u00fas no pasa por esas zonas, o no constituyen puntos laborales, ser\u00e1 dif\u00edcil encontrar motivos por los cuales decidan acercarse. A causa de las experiencias referenciales, habr\u00e1 usuarios del transporte p\u00fablico que se limiten a transitar por ciertas zonas y no a utilizarlas, tal es el caso de Aurelia, quien al ser entrevistada coment\u00f3 la advertencia de no ir a la plaza Andares porque ah\u00ed trataban mal a la gente de bajos recursos econ\u00f3micos; as\u00ed como su idea de que la piel morena de quienes habitan esa zona no es igual a su piel morena. En casos como \u00e9ste, el papel de usuario del transporte p\u00fablico se suma a otros atributos de segregaci\u00f3n, como la raza y la clase social.<\/p>\n\n\n\n<p>Hiernaux y Lind\u00f3n (2007) destacan que una parte importante de lo que se estudia bajo el concepto de imaginarios se sostiene en lo que Alfred Schutz consider\u00f3 como el concepto de <em>Wissensvorrat<\/em> o \u201cacervo de conocimiento\u201d, con el cual se refer\u00eda al conocimiento de una sociedad que las personas incorporan y replantean en sus vidas, mediante la experiencia en sus trayectorias de vida. Ese conocimiento incorporado conforma acervos subjetivos de conocimiento, en los cuales se integran experiencias biogr\u00e1ficas personales. Seg\u00fan se\u00f1alan, cada persona comparte una parte de su acervo subjetivo con los otros, y en esos fragmentos se encuentra lo que sostiene la vida social, la interacci\u00f3n y la comunicaci\u00f3n (Hiernaux y Lind\u00f3n, 2007:160). En ese sentido, los imaginarios urbanos implicados en el mapeo que he mostrado aqu\u00ed no dan cuenta \u00fanicamente de la evocaci\u00f3n superficial de ciertos lugares, sino de una orientaci\u00f3n a la pr\u00e1ctica, una tendencia a la interacci\u00f3n y a la identificaci\u00f3n de las personas con la ciudad, creada desde la experiencia urbana.<\/p>\n\n\n\n<h2 class=\"wp-block-heading\">Conclusiones<\/h2>\n\n\n\n<p class=\"abstract\">Mi intenci\u00f3n al compartir la experiencia de configurar una propuesta metodol\u00f3gica para el estudio de la experiencia del tr\u00e1nsito por la ciudad de otros usuarios del transporte p\u00fablico ha sido resaltar que, cuando las estrategias de estudio preceden por completo a la realidad estudiada, se corre el riesgo de llegar a un callej\u00f3n sin salida. En t\u00e9rminos antropol\u00f3gicos, la realidad urbana es parecida a un camino sin se\u00f1alamientos en el que necesitamos pedir indicaciones a los otros que transitan por ella.<\/p>\n\n\n\n<p>A primera vista, la interacci\u00f3n de los transe\u00fantes del transporte p\u00fablico con otros actores y el paisaje urbano ocurre en los t\u00e9rminos fugaces y anodinos caracter\u00edsticos del anonimato. Sin embargo, la metodolog\u00eda que he propuesto aqu\u00ed muestra que, detr\u00e1s de la superficialidad y fugacidad de los encuentros individuales, ocurre un encuentro m\u00e1s duradero: el encuentro en el nivel de estructuras socializantes que ordenan el territorio urbano, as\u00ed como la presencia y las pr\u00e1cticas de las personas en determinadas zonas.<\/p>\n\n\n\n<p>En la escala personal de la experiencia, puede resultar poco significativo cuando un individuo identifica \u201csuperficialmente\u201d a otro y lo clasifica bajo un rol funcional en el espacio p\u00fablico: es una mujer, es un hombre, es joven, es adulta, es estudiante, es alba\u00f1il, es oficinista; lo m\u00e1s probable es que el rostro de los participantes de la interacci\u00f3n que se da en esos t\u00e9rminos se difumine pronto en la memoria de quien percibe y clasifica, casi al mismo tiempo que ocurre otro encuentro del mismo tipo. Sin embargo, en la escala social de la experiencia, estos encuentros, que pueden tomarse por superficiales y fugaces, demuestran ser el sustento del orden m\u00e1s duradero de la ciudad; sobre todo, porque tales reconocimientos ocurren en un contexto sociohist\u00f3rico espacializado. Cuando percibimos a alguien al transitar por la ciudad y lo clasificamos seg\u00fan su imagen dentro del orden social en que vivimos cotidianamente, tambi\u00e9n nos estamos clasificando a nosotros mismos mediante un interjuego de imaginarios urbanos. Esas lecturas superficiales sustentan el orden m\u00e1s profundo de las ciudades modernas y lo m\u00e1s sorprendente es que ocurren de manera incesante mientras transitamos por ellas.<\/p>\n\n\n\n<p>En el caso concreto de mi estudio, el uso de la imagen se present\u00f3 m\u00e1s como una necesidad que como una alternativa, y esto ocurri\u00f3 debido a que el propio sentido de la realidad urbana se articula a partir de interacciones basadas en la imagen; un tipo de sociedad a la que, por tales caracter\u00edsticas, Delgado (2011: 20) reconoce como \u201c\u00f3ptica\u201d. En la estrategia que he descrito, la imagen se muestra lo mismo como una pluma para escribir la etnograf\u00eda (Ullate, 1999) que como un est\u00edmulo para evocar y objetivar las diversas experiencias del tr\u00e1nsito por la ciudad. Es precisamente en la identificaci\u00f3n de lo com\u00fan entre las experiencias diversas \u2013en el sentido que los transe\u00fantes atribuyen a la ciudad que practican\u2013 donde radica el principal aporte del uso de la imagen; se trata de un potencial dial\u00f3gico para entretejer las experiencias urbanas.<\/p>\n\n\n\n<p>La metodolog\u00eda que propongo posibilita la comprensi\u00f3n del proceso mediante el cual los transe\u00fantes se apropian y reinterpretan ciertas narrativas relativamente coherentes a partir de aquello que experimentan en sus recorridos cotidianos, seg\u00fan unidades de sentido territorializadas. Es a partir de estas narrativas que sus experiencias individuales al transitar por el espacio p\u00fablico dotan de sentido colectivo a la ciudad.<\/p>\n\n\n\n<p>La estrategia que he mostrado articula la vivencia y la referencia como parte de un mismo proceso mediante el cual los usuarios del transporte p\u00fablico conocen y act\u00faan en el plano cotidiano del transitar urbano. Se visibiliza as\u00ed la manera en que los transe\u00fantes se orientan en el plano geogr\u00e1fico y social, mostrando que transitan cotidianamente tanto por una red de circuitos viales como por una red de relaciones simb\u00f3licas que los configura como personas y los restringe a ciertas pr\u00e1cticas y puntos geogr\u00e1ficos.<\/p>\n\n\n\n<p>La principal limitaci\u00f3n de esta estrategia, tal como la he compartido, es que no alcanza a mostrar todos los elementos y factores que configuran los imaginarios institucionalizados, dentro de los cuales la mayor\u00eda de los sujetos urbanos nos insertamos al ser socializados desde edades tempranas. Para ello, es necesaria una lectura cr\u00edtica y longitudinal de la historia particular de la morfolog\u00eda de la ciudad o metr\u00f3polis en que el tr\u00e1nsito ocurre, as\u00ed como la enunciaci\u00f3n de los actores pol\u00edticos que se benefician de un determinado orden urbano. De lo contrario, puede caerse en el supuesto err\u00f3neo de que el orden urbano se teje \u00fanicamente con la suma de experiencias en el presente.<\/p>\n\n\n\n<h2 class=\"wp-block-heading\">Bibliograf\u00eda<\/h2>\n\n\n\n<p class=\"bibliography\">Alyanak, Oguz <em>et al. <\/em>(1980). \u201cShadowing as a Methodology: Notes from Research in Strasbourg, Amsterdam, Barcelona, and Milan\u201d, en George Gmelch, Petra Kuppinger (coord.) <em>Urban life. Readings in the Antrhopology of the City. <\/em>Long Grove: Waveland Press, pp. 89-102.<\/p>\n\n\n\n<p class=\"bibliography\">Aguilar, Miguel \u00c1ngel (2006). \u201cRecorridos e itinerarios urbanos: de la mirada a las pr\u00e1cticas\u201d, en Patricia Ram\u00edrez, Miguel \u00c1ngel Aguilar (coords). <em>Pensar y habitar la ciudad. Afectividad, memoria y significado en el espacio urbano contempor\u00e1neo. <\/em>Madrid: Anthropos.<\/p>\n\n\n\n<p class=\"bibliography\">Ard\u00e8vol, Elisenda y Nora Munta\u00f1ola (2004). \u201cVisualidad y mirada. El an\u00e1lisis cultural de la imagen\u201d, en Elisenda Ard\u00e8vol, Nora Munta\u00f1ola (coord.) <em>Representaci\u00f3n y cultura audiovisual en la sociedad contempor\u00e1nea. <\/em>Barcelona: <span class=\"small-caps\">uoc<\/span>.<\/p>\n\n\n\n<p class=\"bibliography\">Berger, Peter y Thomas Luckmann (2006). <em>La construcci\u00f3n social de la realidad. <\/em>Buenos Aires: Amorrortu.<\/p>\n\n\n\n<p class=\"bibliography\">B\u00fcscher, Monika (2006). \u201cVision in motion\u201d, <em>Environment and Planning, <\/em>vol. 38, pp. 281-299.<\/p>\n\n\n\n<p class=\"bibliography\">\u2014 y J. Urry (2009). \u201cMobile methods an the empirical\u201d, <em>European Journal of Social Theory<\/em>, vol. 12, n\u00fam. 1, pp. 99-116.<\/p>\n\n\n\n<p class=\"bibliography\">Caracol Urbano (2014). \u201cEnsayo de ruta. Apuntes etnogr\u00e1ficos de una investigaci\u00f3n sobre transporte p\u00fablico en la zona metropolitana de Guadalajara (M\u00e9xico)\u201d, <em>URBS Revista de Estudios Urbanos y Ciencias Sociales, <\/em>vol. 5, n\u00fam. 1, pp. 147-158.<\/p>\n\n\n\n<p class=\"bibliography\">Castoriadis, Cornelius (2013). <em>La instituci\u00f3n imaginaria de la sociedad.<\/em> M\u00e9xico: Tusquets.<\/p>\n\n\n\n<p class=\"bibliography\">Castro, Constancio de (1997). <em>La geograf\u00eda en la vida cotidiana. De los mapas cognitivos al prejuicio regional<\/em>. Barcelona: Serbal.<\/p>\n\n\n\n<p class=\"bibliography\">Corona, Sarah y O. Kaltmeier (2012) <em>En di\u00e1logo. Metodolog\u00edas horizontales en ciencias sociales y culturales<\/em>. Barcelona: Gedisa.<\/p>\n\n\n\n<p class=\"bibliography\">Delgado, Manuel (2011). <em>El espacio p\u00fablico como ideolog\u00eda<\/em>. Madrid: Catarata.<\/p>\n\n\n\n<p class=\"bibliography\">Downs, Roger y David Stea (eds.) (1974). <em>Image and environment.&nbsp;Cognitive maps and spatial behavior. <\/em>Aldine.<\/p>\n\n\n\n<p class=\"bibliography\">Fern\u00e1ndez, Pablo (2004). <em>El esp\u00edritu de la calle. Psicolog\u00eda pol\u00edtica de la cultura cotidiana<\/em>. Barcelona: Anthropos.<\/p>\n\n\n\n<p class=\"bibliography\">Garc\u00eda Canclini, N\u00e9stor (2007). \u201c\u00bfQu\u00e9 son los imaginarios y c\u00f3mo act\u00faan en la ciudad?\u201d Entrevista realizada por Alicia Lind\u00f3n, 23 de febrero de 2007, <em>Eure, <\/em>vol. 33, n\u00fam.99, pp. 89-99.<\/p>\n\n\n\n<p class=\"bibliography\">Goffman, Erving (1997). <em>La presentaci\u00f3n de la persona en la vida cotidiana<\/em>. Buenos Aires: Amorrortu.<\/p>\n\n\n\n<p class=\"bibliography\">Grimaldo, Christian (2017). \u201cLa pr\u00e1ctica del recorrido como construcci\u00f3n de sentido y territorialidad en la vida urbana\u201d, <em>Anuario de Espacios Urbanos. Historia, cultura y dise\u00f1o<\/em>, n\u00fam. 24, pp. 15-35.<\/p>\n\n\n\n<p class=\"bibliography\">Hiernaux, Daniel y A. Lind\u00f3n (2007). \u201cImaginarios urbanos desde Am\u00e9rica Latina. Tradiciones y nuevas perspectivas\u201d, en <em>Imaginarios urbanos en Am\u00e9rica Latina: urbanismos ciudadanos.<\/em> Barcelona: Fundaci\u00f3n Antoni T\u00e0pies.<\/p>\n\n\n\n<p class=\"bibliography\">Jir\u00f3n, Paola y P. Mansilla (2014). \u201cLas consecuencias del urbanismo fragmentador en la vida cotidiana de habitantes de la ciudad de Santiago\u201d, <em>Eure<\/em>, vol. 40, n\u00fam. 121, septiembre-diciembre, pp. 5-28. Chile: Pontificia Universidad Cat\u00f3lica de Chile.<\/p>\n\n\n\n<p class=\"bibliography\">Lynch, Kevin (2008). <em>La imagen de la ciudad. <\/em>Barcelona: Gustavo Gili.<\/p>\n\n\n\n<p class=\"bibliography\">Morris, Jim (2004). <em>Locals and Experts: The New Conservation Paradigm in the <span class=\"small-caps\">manu<\/span> Biosphere Reserve, Peru and the Yorkshire Dales National Park, England<\/em>. Tesis doctoral, Universidad de Lancaster.<\/p>\n\n\n\n<p class=\"bibliography\">Ortiz, Anna (2006). \u201cUso de los espacios p\u00fablicos y construcci\u00f3n del sentido de pertenencia de sus habitantes en Barcelona\u201d, en Alicia Lind\u00f3n, Miguel \u00c1ngel Aguilar, Daniel Hiernaux (coord.), <em>Lugares e imaginarios en la metr\u00f3polis, <\/em>pp. 67-84<em>. <\/em>Madrid: Universidad Aut\u00f3noma Metropolitana\/Anthropos.<\/p>\n\n\n\n<p class=\"bibliography\">Park, Robert (1999). <em>La ciudad y otros ensayos de ecolog\u00eda urbana. <\/em>Barcelona: Serbal.<\/p>\n\n\n\n<p class=\"bibliography\">Pellicer, Isabel, P. Vivas-Elias y J. Rojas (2013). \u201cLa observaci\u00f3n participante y la deriva: dos t\u00e9cnicas m\u00f3viles para el an\u00e1lisis de la ciudad contempor\u00e1nea. El caso de Barcelona\u201d, <em>Eure<\/em>, vol. 39, n\u00fam. 116, pp. 119-139.<\/p>\n\n\n\n<p class=\"bibliography\">Reguillo, Rossana (2000). \u201cLa clandestina centralidad de la vida cotidiana\u201d, en Alicia Lind\u00f3n (coord.), <em>La vida cotidiana y su espacio-temporalidad<\/em>, pp. 77-93. Barcelona: Anthropos.<\/p>\n\n\n\n<p class=\"bibliography\">Sheller, Mimi y J. Urry (2006). \u201cThe New Mobilities Paradigm\u201d, <em>Environment and Planning<\/em>, vol. 38, pp. 207-226.<\/p>\n\n\n\n<p class=\"bibliography\">Sennett, Richard (1997). <em>Carne y piedra. El cuerpo y la ciudad en la civilizaci\u00f3n occidental. <\/em>Madrid: Alianza.<\/p>\n\n\n\n<p class=\"bibliography\">Torre, Ren\u00e9e de la (1998). \u201cGuadalajara vista desde la Calzada: fronteras culturales e imaginarios urbanos\u201d, <em>Alteridades<\/em>, vol. 8, n\u00fam. 15, pp. 45-55.<\/p>\n\n\n\n<p class=\"bibliography\">Ullate, Mart\u00edn (1999). \u201cLa pluma y la c\u00e1mara. Reflexiones desde la pr\u00e1ctica de la antropolog\u00eda visual\u201d, en <em>Revista de Antropolog\u00eda Social<\/em>, n\u00fam. 8, pp. 137-158.<\/p>\n\n\n\n<p class=\"bibliography\">Vergara, Abilio (2013). <em>Etnograf\u00eda de los lugares: Una gu\u00eda antropol\u00f3gica para estudiar su concreta complejidad.<\/em> M\u00e9xico: <span class=\"small-caps\">inah<\/span>.<\/p>\n\n\n\n<p class=\"bibliography\">Wirth, Louis (1938). \u201cUrbanism as a way of life\u201d, <em>The American Journal of Sociology<\/em>, vol. 44, n\u00fam. 1, pp. 1-24.<\/p>\n","protected":false},"excerpt":{"rendered":"<p>Je pr\u00e9sente une strat\u00e9gie m\u00e9thodologique visant \u00e0 comprendre et \u00e0 analyser les formes objectiv\u00e9es et int\u00e9rioris\u00e9es de la ville \u00e0 travers l'exp\u00e9rience du transit. Les outils que je partage consid\u00e8rent deux expressions fondamentales de l'exp\u00e9rience : l'exp\u00e9rientiel-pratique et l'imaginaire-r\u00e9f\u00e9rentiel. J'insiste sur le r\u00f4le cl\u00e9 d'une approche collaborative et dialogique soutenue par l'utilisation et la cr\u00e9ation d'images pour comprendre l'exp\u00e9rience des passants. Tout au long du texte, je montre quelques croquis interpr\u00e9tatifs pour d\u00e9montrer les possibilit\u00e9s analytiques de la m\u00e9thode qui peut \u00eatre utilis\u00e9e pour identifier les chevauchements entre la ville pratiqu\u00e9e, per\u00e7ue et imagin\u00e9e par diff\u00e9rents passants, dans ce cas les usagers des transports publics dans la zone m\u00e9tropolitaine de Guadalajara.<\/p>","protected":false},"author":4,"featured_media":30845,"comment_status":"open","ping_status":"open","sticky":false,"template":"","format":"standard","meta":{"_acf_changed":false,"footnotes":""},"categories":[279],"tags":[296,297,295,233,298],"coauthors":[551],"class_list":["post-30491","post","type-post","status-publish","format-standard","has-post-thumbnail","hentry","category-279","tag-antropologia-visual","tag-imaginarios-urbanos","tag-metodologia-colaborativa","tag-movilidad","tag-psico-geografia","personas-grimaldo-o-christian","numeros-277"],"acf":[],"yoast_head":"<!-- This site is optimized with the Yoast SEO plugin v22.2 - https:\/\/yoast.com\/wordpress\/plugins\/seo\/ -->\n<title>La metodolog\u00eda es movimiento. Propuestas para el estudio de la experiencia urbana del transitar apoyadas en el uso de la imagen &#8211; Encartes<\/title>\n<meta name=\"robots\" content=\"index, follow, max-snippet:-1, max-image-preview:large, max-video-preview:-1\" \/>\n<link rel=\"canonical\" href=\"https:\/\/encartes.mx\/fr\/metodologia-imagen-transporte\/\" \/>\n<meta property=\"og:locale\" content=\"fr_FR\" \/>\n<meta property=\"og:type\" content=\"article\" \/>\n<meta property=\"og:title\" content=\"La metodolog\u00eda es movimiento. Propuestas para el estudio de la experiencia urbana del transitar apoyadas en el uso de la imagen &#8211; Encartes\" \/>\n<meta property=\"og:description\" content=\"Presento una estrategia metodol\u00f3gica dirigida a la comprensi\u00f3n y el an\u00e1lisis de las formas objetivadas e interiorizadas de la ciudad a partir de la experiencia del tr\u00e1nsito. Las herramientas que comparto consideran dos expresiones fundamentales de la experiencia: la pr\u00e1ctica-vivencial y la imaginaria-referencial. Enfatizo el papel clave que desempe\u00f1a la aproximaci\u00f3n colaborativa y dial\u00f3gica apoyada en el uso y la creaci\u00f3n de im\u00e1genes para comprender la experiencia de los transe\u00fantes. A lo largo del texto muestro algunos esbozos interpretativos para mostrar las posibilidades anal\u00edticas del m\u00e9todo que puede utilizarse para identificar las imbricaciones entre la ciudad practicada, percibida e imaginada por diversos transe\u00fantes, en este caso usuarios del transporte p\u00fablico en el \u00e1rea metropolitana de Guadalajara.\" \/>\n<meta property=\"og:url\" content=\"https:\/\/encartes.mx\/fr\/metodologia-imagen-transporte\/\" \/>\n<meta property=\"og:site_name\" content=\"Encartes\" \/>\n<meta property=\"article:published_time\" content=\"2018-09-21T13:15:00+00:00\" \/>\n<meta property=\"article:modified_time\" content=\"2023-11-18T01:07:36+00:00\" \/>\n<meta property=\"og:image\" content=\"https:\/\/encartes.mx\/wp-content\/uploads\/2018\/09\/Boletos.jpg\" \/>\n\t<meta property=\"og:image:width\" content=\"850\" \/>\n\t<meta property=\"og:image:height\" content=\"283\" \/>\n\t<meta property=\"og:image:type\" content=\"image\/jpeg\" \/>\n<meta name=\"author\" content=\"Arthur Ventura\" \/>\n<meta name=\"twitter:card\" content=\"summary_large_image\" \/>\n<meta name=\"twitter:label1\" content=\"\u00c9crit par\" \/>\n\t<meta name=\"twitter:data1\" content=\"Arthur Ventura\" \/>\n\t<meta name=\"twitter:label2\" content=\"Dur\u00e9e de lecture estim\u00e9e\" \/>\n\t<meta name=\"twitter:data2\" content=\"54 minutes\" \/>\n\t<meta name=\"twitter:label3\" content=\"Written by\" \/>\n\t<meta name=\"twitter:data3\" content=\"Arthur Ventura\" \/>\n<script type=\"application\/ld+json\" class=\"yoast-schema-graph\">{\"@context\":\"https:\/\/schema.org\",\"@graph\":[{\"@type\":\"Article\",\"@id\":\"https:\/\/encartes.mx\/metodologia-imagen-transporte\/#article\",\"isPartOf\":{\"@id\":\"https:\/\/encartes.mx\/metodologia-imagen-transporte\/\"},\"author\":{\"name\":\"Arthur Ventura\",\"@id\":\"https:\/\/encartes.mx\/#\/schema\/person\/97215bba1729028a4169cab07f8e58ef\"},\"headline\":\"La metodolog\u00eda es movimiento. Propuestas para el estudio de la experiencia urbana del transitar apoyadas en el uso de la imagen\",\"datePublished\":\"2018-09-21T13:15:00+00:00\",\"dateModified\":\"2023-11-18T01:07:36+00:00\",\"mainEntityOfPage\":{\"@id\":\"https:\/\/encartes.mx\/metodologia-imagen-transporte\/\"},\"wordCount\":13034,\"commentCount\":0,\"publisher\":{\"@id\":\"https:\/\/encartes.mx\/#organization\"},\"image\":{\"@id\":\"https:\/\/encartes.mx\/metodologia-imagen-transporte\/#primaryimage\"},\"thumbnailUrl\":\"https:\/\/encartes.mx\/wp-content\/uploads\/2018\/09\/Boletos.jpg\",\"keywords\":[\"antropolog\u00eda visual\",\"imaginarios urbanos\",\"metodolog\u00eda colaborativa\",\"movilidad\",\"psico-geograf\u00eda\"],\"articleSection\":[\"Dosier\"],\"inLanguage\":\"fr-FR\",\"potentialAction\":[{\"@type\":\"CommentAction\",\"name\":\"Comment\",\"target\":[\"https:\/\/encartes.mx\/metodologia-imagen-transporte\/#respond\"]}]},{\"@type\":\"WebPage\",\"@id\":\"https:\/\/encartes.mx\/metodologia-imagen-transporte\/\",\"url\":\"https:\/\/encartes.mx\/metodologia-imagen-transporte\/\",\"name\":\"La metodolog\u00eda es movimiento. Propuestas para el estudio de la experiencia urbana del transitar apoyadas en el uso de la imagen &#8211; Encartes\",\"isPartOf\":{\"@id\":\"https:\/\/encartes.mx\/#website\"},\"primaryImageOfPage\":{\"@id\":\"https:\/\/encartes.mx\/metodologia-imagen-transporte\/#primaryimage\"},\"image\":{\"@id\":\"https:\/\/encartes.mx\/metodologia-imagen-transporte\/#primaryimage\"},\"thumbnailUrl\":\"https:\/\/encartes.mx\/wp-content\/uploads\/2018\/09\/Boletos.jpg\",\"datePublished\":\"2018-09-21T13:15:00+00:00\",\"dateModified\":\"2023-11-18T01:07:36+00:00\",\"breadcrumb\":{\"@id\":\"https:\/\/encartes.mx\/metodologia-imagen-transporte\/#breadcrumb\"},\"inLanguage\":\"fr-FR\",\"potentialAction\":[{\"@type\":\"ReadAction\",\"target\":[\"https:\/\/encartes.mx\/metodologia-imagen-transporte\/\"]}]},{\"@type\":\"ImageObject\",\"inLanguage\":\"fr-FR\",\"@id\":\"https:\/\/encartes.mx\/metodologia-imagen-transporte\/#primaryimage\",\"url\":\"https:\/\/encartes.mx\/wp-content\/uploads\/2018\/09\/Boletos.jpg\",\"contentUrl\":\"https:\/\/encartes.mx\/wp-content\/uploads\/2018\/09\/Boletos.jpg\",\"width\":850,\"height\":283},{\"@type\":\"BreadcrumbList\",\"@id\":\"https:\/\/encartes.mx\/metodologia-imagen-transporte\/#breadcrumb\",\"itemListElement\":[{\"@type\":\"ListItem\",\"position\":1,\"name\":\"Home\",\"item\":\"https:\/\/encartes.mx\/\"},{\"@type\":\"ListItem\",\"position\":2,\"name\":\"La metodolog\u00eda es movimiento. Propuestas para el estudio de la experiencia urbana del transitar apoyadas en el uso de la imagen\"}]},{\"@type\":\"WebSite\",\"@id\":\"https:\/\/encartes.mx\/#website\",\"url\":\"https:\/\/encartes.mx\/\",\"name\":\"Encartes\",\"description\":\"Revista digital multimedia\",\"publisher\":{\"@id\":\"https:\/\/encartes.mx\/#organization\"},\"potentialAction\":[{\"@type\":\"SearchAction\",\"target\":{\"@type\":\"EntryPoint\",\"urlTemplate\":\"https:\/\/encartes.mx\/?s={search_term_string}\"},\"query-input\":\"required name=search_term_string\"}],\"inLanguage\":\"fr-FR\"},{\"@type\":\"Organization\",\"@id\":\"https:\/\/encartes.mx\/#organization\",\"name\":\"Encartes Antropol\u00f3gicos\",\"url\":\"https:\/\/encartes.mx\/\",\"logo\":{\"@type\":\"ImageObject\",\"inLanguage\":\"fr-FR\",\"@id\":\"https:\/\/encartes.mx\/#\/schema\/logo\/image\/\",\"url\":\"https:\/\/encartes.mx\/wp-content\/uploads\/2017\/04\/Logo-04.png\",\"contentUrl\":\"https:\/\/encartes.mx\/wp-content\/uploads\/2017\/04\/Logo-04.png\",\"width\":338,\"height\":306,\"caption\":\"Encartes Antropol\u00f3gicos\"},\"image\":{\"@id\":\"https:\/\/encartes.mx\/#\/schema\/logo\/image\/\"}},{\"@type\":\"Person\",\"@id\":\"https:\/\/encartes.mx\/#\/schema\/person\/97215bba1729028a4169cab07f8e58ef\",\"name\":\"Arthur Ventura\",\"image\":{\"@type\":\"ImageObject\",\"inLanguage\":\"fr-FR\",\"@id\":\"https:\/\/encartes.mx\/#\/schema\/person\/image\/8a45818ea77a67a00c058d294424a6f6\",\"url\":\"https:\/\/secure.gravatar.com\/avatar\/e8ff614b2fa0d91ff6c65f328a272c53?s=96&d=identicon&r=g\",\"contentUrl\":\"https:\/\/secure.gravatar.com\/avatar\/e8ff614b2fa0d91ff6c65f328a272c53?s=96&d=identicon&r=g\",\"caption\":\"Arthur Ventura\"}}]}<\/script>\n<!-- \/ Yoast SEO plugin. -->","yoast_head_json":{"title":"La metodolog\u00eda es movimiento. Propuestas para el estudio de la experiencia urbana del transitar apoyadas en el uso de la imagen &#8211; Encartes","robots":{"index":"index","follow":"follow","max-snippet":"max-snippet:-1","max-image-preview":"max-image-preview:large","max-video-preview":"max-video-preview:-1"},"canonical":"https:\/\/encartes.mx\/fr\/metodologia-imagen-transporte\/","og_locale":"fr_FR","og_type":"article","og_title":"La metodolog\u00eda es movimiento. Propuestas para el estudio de la experiencia urbana del transitar apoyadas en el uso de la imagen &#8211; Encartes","og_description":"Presento una estrategia metodol\u00f3gica dirigida a la comprensi\u00f3n y el an\u00e1lisis de las formas objetivadas e interiorizadas de la ciudad a partir de la experiencia del tr\u00e1nsito. Las herramientas que comparto consideran dos expresiones fundamentales de la experiencia: la pr\u00e1ctica-vivencial y la imaginaria-referencial. Enfatizo el papel clave que desempe\u00f1a la aproximaci\u00f3n colaborativa y dial\u00f3gica apoyada en el uso y la creaci\u00f3n de im\u00e1genes para comprender la experiencia de los transe\u00fantes. A lo largo del texto muestro algunos esbozos interpretativos para mostrar las posibilidades anal\u00edticas del m\u00e9todo que puede utilizarse para identificar las imbricaciones entre la ciudad practicada, percibida e imaginada por diversos transe\u00fantes, en este caso usuarios del transporte p\u00fablico en el \u00e1rea metropolitana de Guadalajara.","og_url":"https:\/\/encartes.mx\/fr\/metodologia-imagen-transporte\/","og_site_name":"Encartes","article_published_time":"2018-09-21T13:15:00+00:00","article_modified_time":"2023-11-18T01:07:36+00:00","og_image":[{"width":850,"height":283,"url":"https:\/\/encartes.mx\/wp-content\/uploads\/2018\/09\/Boletos.jpg","type":"image\/jpeg"}],"author":"Arthur Ventura","twitter_card":"summary_large_image","twitter_misc":{"\u00c9crit par":"Arthur Ventura","Dur\u00e9e de lecture estim\u00e9e":"54 minutes","Written by":"Arthur Ventura"},"schema":{"@context":"https:\/\/schema.org","@graph":[{"@type":"Article","@id":"https:\/\/encartes.mx\/metodologia-imagen-transporte\/#article","isPartOf":{"@id":"https:\/\/encartes.mx\/metodologia-imagen-transporte\/"},"author":{"name":"Arthur Ventura","@id":"https:\/\/encartes.mx\/#\/schema\/person\/97215bba1729028a4169cab07f8e58ef"},"headline":"La metodolog\u00eda es movimiento. Propuestas para el estudio de la experiencia urbana del transitar apoyadas en el uso de la imagen","datePublished":"2018-09-21T13:15:00+00:00","dateModified":"2023-11-18T01:07:36+00:00","mainEntityOfPage":{"@id":"https:\/\/encartes.mx\/metodologia-imagen-transporte\/"},"wordCount":13034,"commentCount":0,"publisher":{"@id":"https:\/\/encartes.mx\/#organization"},"image":{"@id":"https:\/\/encartes.mx\/metodologia-imagen-transporte\/#primaryimage"},"thumbnailUrl":"https:\/\/encartes.mx\/wp-content\/uploads\/2018\/09\/Boletos.jpg","keywords":["antropolog\u00eda visual","imaginarios urbanos","metodolog\u00eda colaborativa","movilidad","psico-geograf\u00eda"],"articleSection":["Dosier"],"inLanguage":"fr-FR","potentialAction":[{"@type":"CommentAction","name":"Comment","target":["https:\/\/encartes.mx\/metodologia-imagen-transporte\/#respond"]}]},{"@type":"WebPage","@id":"https:\/\/encartes.mx\/metodologia-imagen-transporte\/","url":"https:\/\/encartes.mx\/metodologia-imagen-transporte\/","name":"La metodolog\u00eda es movimiento. Propuestas para el estudio de la experiencia urbana del transitar apoyadas en el uso de la imagen &#8211; Encartes","isPartOf":{"@id":"https:\/\/encartes.mx\/#website"},"primaryImageOfPage":{"@id":"https:\/\/encartes.mx\/metodologia-imagen-transporte\/#primaryimage"},"image":{"@id":"https:\/\/encartes.mx\/metodologia-imagen-transporte\/#primaryimage"},"thumbnailUrl":"https:\/\/encartes.mx\/wp-content\/uploads\/2018\/09\/Boletos.jpg","datePublished":"2018-09-21T13:15:00+00:00","dateModified":"2023-11-18T01:07:36+00:00","breadcrumb":{"@id":"https:\/\/encartes.mx\/metodologia-imagen-transporte\/#breadcrumb"},"inLanguage":"fr-FR","potentialAction":[{"@type":"ReadAction","target":["https:\/\/encartes.mx\/metodologia-imagen-transporte\/"]}]},{"@type":"ImageObject","inLanguage":"fr-FR","@id":"https:\/\/encartes.mx\/metodologia-imagen-transporte\/#primaryimage","url":"https:\/\/encartes.mx\/wp-content\/uploads\/2018\/09\/Boletos.jpg","contentUrl":"https:\/\/encartes.mx\/wp-content\/uploads\/2018\/09\/Boletos.jpg","width":850,"height":283},{"@type":"BreadcrumbList","@id":"https:\/\/encartes.mx\/metodologia-imagen-transporte\/#breadcrumb","itemListElement":[{"@type":"ListItem","position":1,"name":"Home","item":"https:\/\/encartes.mx\/"},{"@type":"ListItem","position":2,"name":"La metodolog\u00eda es movimiento. Propuestas para el estudio de la experiencia urbana del transitar apoyadas en el uso de la imagen"}]},{"@type":"WebSite","@id":"https:\/\/encartes.mx\/#website","url":"https:\/\/encartes.mx\/","name":"Encartes","description":"Magazine num\u00e9rique multim\u00e9dia","publisher":{"@id":"https:\/\/encartes.mx\/#organization"},"potentialAction":[{"@type":"SearchAction","target":{"@type":"EntryPoint","urlTemplate":"https:\/\/encartes.mx\/?s={search_term_string}"},"query-input":"required name=search_term_string"}],"inLanguage":"fr-FR"},{"@type":"Organization","@id":"https:\/\/encartes.mx\/#organization","name":"Insertions anthropologiques","url":"https:\/\/encartes.mx\/","logo":{"@type":"ImageObject","inLanguage":"fr-FR","@id":"https:\/\/encartes.mx\/#\/schema\/logo\/image\/","url":"https:\/\/encartes.mx\/wp-content\/uploads\/2017\/04\/Logo-04.png","contentUrl":"https:\/\/encartes.mx\/wp-content\/uploads\/2017\/04\/Logo-04.png","width":338,"height":306,"caption":"Encartes Antropol\u00f3gicos"},"image":{"@id":"https:\/\/encartes.mx\/#\/schema\/logo\/image\/"}},{"@type":"Person","@id":"https:\/\/encartes.mx\/#\/schema\/person\/97215bba1729028a4169cab07f8e58ef","name":"Arthur Ventura","image":{"@type":"ImageObject","inLanguage":"fr-FR","@id":"https:\/\/encartes.mx\/#\/schema\/person\/image\/8a45818ea77a67a00c058d294424a6f6","url":"https:\/\/secure.gravatar.com\/avatar\/e8ff614b2fa0d91ff6c65f328a272c53?s=96&d=identicon&r=g","contentUrl":"https:\/\/secure.gravatar.com\/avatar\/e8ff614b2fa0d91ff6c65f328a272c53?s=96&d=identicon&r=g","caption":"Arthur Ventura"}}]}},"jetpack_sharing_enabled":true,"jetpack_featured_media_url":"https:\/\/encartes.mx\/wp-content\/uploads\/2018\/09\/Boletos.jpg","_links":{"self":[{"href":"https:\/\/encartes.mx\/fr\/wp-json\/wp\/v2\/posts\/30491","targetHints":{"allow":["GET"]}}],"collection":[{"href":"https:\/\/encartes.mx\/fr\/wp-json\/wp\/v2\/posts"}],"about":[{"href":"https:\/\/encartes.mx\/fr\/wp-json\/wp\/v2\/types\/post"}],"author":[{"embeddable":true,"href":"https:\/\/encartes.mx\/fr\/wp-json\/wp\/v2\/users\/4"}],"replies":[{"embeddable":true,"href":"https:\/\/encartes.mx\/fr\/wp-json\/wp\/v2\/comments?post=30491"}],"version-history":[{"count":45,"href":"https:\/\/encartes.mx\/fr\/wp-json\/wp\/v2\/posts\/30491\/revisions"}],"predecessor-version":[{"id":38068,"href":"https:\/\/encartes.mx\/fr\/wp-json\/wp\/v2\/posts\/30491\/revisions\/38068"}],"wp:featuredmedia":[{"embeddable":true,"href":"https:\/\/encartes.mx\/fr\/wp-json\/wp\/v2\/media\/30845"}],"wp:attachment":[{"href":"https:\/\/encartes.mx\/fr\/wp-json\/wp\/v2\/media?parent=30491"}],"wp:term":[{"taxonomy":"category","embeddable":true,"href":"https:\/\/encartes.mx\/fr\/wp-json\/wp\/v2\/categories?post=30491"},{"taxonomy":"post_tag","embeddable":true,"href":"https:\/\/encartes.mx\/fr\/wp-json\/wp\/v2\/tags?post=30491"},{"taxonomy":"author","embeddable":true,"href":"https:\/\/encartes.mx\/fr\/wp-json\/wp\/v2\/coauthors?post=30491"}],"curies":[{"name":"wp","href":"https:\/\/api.w.org\/{rel}","templated":true}]}}