{"id":7,"count":0,"description":"est une section qui consiste en un dossier sp\u00e9cialis\u00e9 sur des th\u00e8mes socioculturels pertinents. Les contributeurs \u00e0 ce num\u00e9ro seront invit\u00e9s \u00e0 participer \u00e0 la revue en raison de la reconnaissance de leur travail en tant que sp\u00e9cialistes du sujet en question. Tous les articles seront \u00e9valu\u00e9s en double aveugle.","link":"https:\/\/encartes.mx\/fr\/category\/02\/","name":"Tem\u00e1ticas","slug":"02","taxonomy":"category","parent":0,"meta":[],"acf":[],"yoast_head":"<!-- This site is optimized with the Yoast SEO plugin v22.2 - https:\/\/yoast.com\/wordpress\/plugins\/seo\/ -->\n<title>Tem\u00e1ticas Archives &#8211; Encartes<\/title>\n<meta name=\"robots\" content=\"index, follow, max-snippet:-1, max-image-preview:large, max-video-preview:-1\" \/>\n<link rel=\"canonical\" href=\"https:\/\/encartes.mx\/fr\/category\/02\/\" \/>\n<meta property=\"og:locale\" content=\"fr_FR\" \/>\n<meta property=\"og:type\" content=\"article\" \/>\n<meta property=\"og:title\" content=\"Tem\u00e1ticas Archives &#8211; Encartes\" \/>\n<meta property=\"og:description\" content=\"es una secci\u00f3n compuesta por un dossier especializado sobre tem\u00e1ticas socioculturales relevantes. Los colaboradores del n\u00famero ser\u00e1n invitados a participar en la revista debido al reconocimiento de su trabajo como especialistas en la tem\u00e1tica particular. Todos los trabajos ser\u00e1n arbitrados en doble ciego.\" \/>\n<meta property=\"og:url\" content=\"https:\/\/encartes.mx\/fr\/category\/02\/\" \/>\n<meta property=\"og:site_name\" content=\"Encartes\" \/>\n<meta name=\"twitter:card\" content=\"summary_large_image\" \/>\n<script type=\"application\/ld+json\" class=\"yoast-schema-graph\">{\"@context\":\"https:\/\/schema.org\",\"@graph\":[{\"@type\":\"CollectionPage\",\"@id\":\"https:\/\/encartes.mx\/category\/02\/\",\"url\":\"https:\/\/encartes.mx\/category\/02\/\",\"name\":\"Tem\u00e1ticas Archives &#8211; Encartes\",\"isPartOf\":{\"@id\":\"https:\/\/encartes.mx\/#website\"},\"breadcrumb\":{\"@id\":\"https:\/\/encartes.mx\/category\/02\/#breadcrumb\"},\"inLanguage\":\"fr-FR\"},{\"@type\":\"BreadcrumbList\",\"@id\":\"https:\/\/encartes.mx\/category\/02\/#breadcrumb\",\"itemListElement\":[{\"@type\":\"ListItem\",\"position\":1,\"name\":\"Home\",\"item\":\"https:\/\/encartes.mx\/\"},{\"@type\":\"ListItem\",\"position\":2,\"name\":\"Tem\u00e1ticas\"}]},{\"@type\":\"WebSite\",\"@id\":\"https:\/\/encartes.mx\/#website\",\"url\":\"https:\/\/encartes.mx\/\",\"name\":\"Encartes\",\"description\":\"Revista digital multimedia\",\"publisher\":{\"@id\":\"https:\/\/encartes.mx\/#organization\"},\"potentialAction\":[{\"@type\":\"SearchAction\",\"target\":{\"@type\":\"EntryPoint\",\"urlTemplate\":\"https:\/\/encartes.mx\/?s={search_term_string}\"},\"query-input\":\"required name=search_term_string\"}],\"inLanguage\":\"fr-FR\"},{\"@type\":\"Organization\",\"@id\":\"https:\/\/encartes.mx\/#organization\",\"name\":\"Encartes Antropol\u00f3gicos\",\"url\":\"https:\/\/encartes.mx\/\",\"logo\":{\"@type\":\"ImageObject\",\"inLanguage\":\"fr-FR\",\"@id\":\"https:\/\/encartes.mx\/#\/schema\/logo\/image\/\",\"url\":\"https:\/\/encartes.mx\/wp-content\/uploads\/2017\/04\/Logo-04.png\",\"contentUrl\":\"https:\/\/encartes.mx\/wp-content\/uploads\/2017\/04\/Logo-04.png\",\"width\":338,\"height\":306,\"caption\":\"Encartes Antropol\u00f3gicos\"},\"image\":{\"@id\":\"https:\/\/encartes.mx\/#\/schema\/logo\/image\/\"}}]}<\/script>\n<!-- \/ Yoast SEO plugin. -->","yoast_head_json":{"title":"Tem\u00e1ticas Archives &#8211; Encartes","robots":{"index":"index","follow":"follow","max-snippet":"max-snippet:-1","max-image-preview":"max-image-preview:large","max-video-preview":"max-video-preview:-1"},"canonical":"https:\/\/encartes.mx\/fr\/category\/02\/","og_locale":"fr_FR","og_type":"article","og_title":"Tem\u00e1ticas Archives &#8211; Encartes","og_description":"es una secci\u00f3n compuesta por un dossier especializado sobre tem\u00e1ticas socioculturales relevantes. Los colaboradores del n\u00famero ser\u00e1n invitados a participar en la revista debido al reconocimiento de su trabajo como especialistas en la tem\u00e1tica particular. Todos los trabajos ser\u00e1n arbitrados en doble ciego.","og_url":"https:\/\/encartes.mx\/fr\/category\/02\/","og_site_name":"Encartes","twitter_card":"summary_large_image","schema":{"@context":"https:\/\/schema.org","@graph":[{"@type":"CollectionPage","@id":"https:\/\/encartes.mx\/category\/02\/","url":"https:\/\/encartes.mx\/category\/02\/","name":"Tem\u00e1ticas Archives &#8211; Encartes","isPartOf":{"@id":"https:\/\/encartes.mx\/#website"},"breadcrumb":{"@id":"https:\/\/encartes.mx\/category\/02\/#breadcrumb"},"inLanguage":"fr-FR"},{"@type":"BreadcrumbList","@id":"https:\/\/encartes.mx\/category\/02\/#breadcrumb","itemListElement":[{"@type":"ListItem","position":1,"name":"Home","item":"https:\/\/encartes.mx\/"},{"@type":"ListItem","position":2,"name":"Tem\u00e1ticas"}]},{"@type":"WebSite","@id":"https:\/\/encartes.mx\/#website","url":"https:\/\/encartes.mx\/","name":"Encartes","description":"Magazine num\u00e9rique multim\u00e9dia","publisher":{"@id":"https:\/\/encartes.mx\/#organization"},"potentialAction":[{"@type":"SearchAction","target":{"@type":"EntryPoint","urlTemplate":"https:\/\/encartes.mx\/?s={search_term_string}"},"query-input":"required name=search_term_string"}],"inLanguage":"fr-FR"},{"@type":"Organization","@id":"https:\/\/encartes.mx\/#organization","name":"Insertions anthropologiques","url":"https:\/\/encartes.mx\/","logo":{"@type":"ImageObject","inLanguage":"fr-FR","@id":"https:\/\/encartes.mx\/#\/schema\/logo\/image\/","url":"https:\/\/encartes.mx\/wp-content\/uploads\/2017\/04\/Logo-04.png","contentUrl":"https:\/\/encartes.mx\/wp-content\/uploads\/2017\/04\/Logo-04.png","width":338,"height":306,"caption":"Encartes Antropol\u00f3gicos"},"image":{"@id":"https:\/\/encartes.mx\/#\/schema\/logo\/image\/"}}]}},"_links":{"self":[{"href":"https:\/\/encartes.mx\/fr\/wp-json\/wp\/v2\/categories\/7","targetHints":{"allow":["GET"]}}],"collection":[{"href":"https:\/\/encartes.mx\/fr\/wp-json\/wp\/v2\/categories"}],"about":[{"href":"https:\/\/encartes.mx\/fr\/wp-json\/wp\/v2\/taxonomies\/category"}],"wp:post_type":[{"href":"https:\/\/encartes.mx\/fr\/wp-json\/wp\/v2\/posts?categories=7"},{"href":"https:\/\/encartes.mx\/fr\/wp-json\/wp\/v2\/media?categories=7"}],"curies":[{"name":"wp","href":"https:\/\/api.w.org\/{rel}","templated":true}]}}