{"id":39280,"date":"2025-03-21T13:00:00","date_gmt":"2025-03-21T19:00:00","guid":{"rendered":"https:\/\/encartes.mx\/?p=39280"},"modified":"2025-03-27T17:41:57","modified_gmt":"2025-03-27T23:41:57","slug":"navarro-hernandez-corredores-migratorios-darien-tapachula-sig","status":"publish","type":"post","link":"https:\/\/encartes.mx\/en\/navarro-hernandez-corredores-migratorios-darien-tapachula-sig\/","title":{"rendered":"From the Darien Gap to the Tapachula Gap. Mapping and shaping of new routes for migrants moving to the United States."},"content":{"rendered":"\n<h2 class=\"wp-block-heading\">Resumen<\/h2>\n\n\n\n<p class=\"abstract\">Se realiz\u00f3 una investigaci\u00f3n geogr\u00e1fica y sociol\u00f3gica sobre las rutas utilizadas por migrantes que cruzan el Dari\u00e9n e ingresan a M\u00e9xico por Tapachula con la finalidad de llegar a Estados Unidos. Metodol\u00f3gicamente, se combin\u00f3 an\u00e1lisis cartogr\u00e1fico, entrevistas y recorridos de campo. Adem\u00e1s, se tomaron puntos <span class=\"small-caps\">gps<\/span> (Sistema de Posicionamiento Global, por sus siglas en ingl\u00e9s) para espacializar la presencia de la Guardia Nacional (<span class=\"small-caps\">gn<\/span>) en el corredor chiapaneco Costa-Soconusco. La investigaci\u00f3n es pertinente porque da cuenta de nuevas rutas y la destreza de los migrantes para lograr su prop\u00f3sito, adem\u00e1s de que entre los entrevistados surge la percepci\u00f3n de Tapachula como una ciudad prisi\u00f3n que enfrenta desaf\u00edos similares a los del Dari\u00e9n. Por \u00faltimo, es importante se\u00f1alar que, con base en sus narrativas, se construy\u00f3 la primera base de datos georreferenciada de las rutas en <span class=\"small-caps\">sig (<\/span>Sistema de Informaci\u00f3n Geogr\u00e1fica).<\/p>\n\n\n\n<p class=\"abstract\">Palabras claves: <a href=\"https:\/\/encartes.mx\/en\/tag\/corredores-migratorios\/\" rel=\"tag\">corredores migratorios<\/a>, <a href=\"https:\/\/encartes.mx\/en\/tag\/desplazamientos-forzados\/\" rel=\"tag\">desplazamientos forzados<\/a>, <a href=\"https:\/\/encartes.mx\/en\/tag\/fronteras-latinoamericanas\/\" rel=\"tag\">fronteras latinoamericanas<\/a>, <a href=\"https:\/\/encartes.mx\/en\/tag\/sig\/\" rel=\"tag\">SIG<\/a><\/span><\/p>\n\n\n\n<p class=\"en-title\"><span class=\"small-caps\">from the darien gap to tapachula: mapping a new route of the displaced to the united states<\/span><\/p>\n\n\n\n<p class=\"abstract en-text\">This article provides a geographic and sociological analysis of the routes used by immigrants who cross the Darien Gap and enter Mexico at Tapachula on their way to the United States. The methodology combines mapping with interviews and field visits. Using GPS coordinates, the positions of the Mexican National Guard were mapped on the Chiapas coastal highway through Soconusco. The research reveals new routes and the skills migrants develop as they make the journey. It also delves into the perception among those interviewed of Tapachula as a prison-city with risks similar to those immigrants face in the Darien Gap. Finally, immigrant narratives of the journey were used to build the first georeferenced database of migrant routes using Mexico\u2019s Geographic Information System (<span class=\"small-caps\">sig<\/span>).<\/p>\n\n\n\n<p class=\"abstract\">Keywords: forced displaced, migrant routes, Latin American borders, <span class=\"small-caps\">sig.<\/span><\/p>\n\n\n\n<h2 class=\"wp-block-heading\">Introducci\u00f3n<\/h2>\n\n\n\n<p class=\"has-drop-cap abstract\">Colombia y Panam\u00e1 comparten una frontera de 266 kil\u00f3metros que conecta el oc\u00e9ano Pac\u00edfico con el mar Caribe. El punto nodal de este territorio es una barrera natural \u2013la selva del Dari\u00e9n\u2013 que divide Centro y Sudam\u00e9rica e interrumpe el trazo de la carretera Panamericana; el Dari\u00e9n est\u00e1 cubierto de vegetaci\u00f3n selv\u00e1tica, r\u00edos, zonas pantanosas, serran\u00edas, fauna silvestre, \u00e1reas de conservaci\u00f3n y reservas de poblaci\u00f3n ind\u00edgena. En s\u00edntesis, sus caracter\u00edsticas f\u00edsico-geogr\u00e1ficas desafiantes dificultan la penetraci\u00f3n y la movilidad en la zona (Congreso Panamericano de Carreteras, 1991; Botero, 2009; Ficek, 2016; Corbino, 2021).<\/p>\n\n\n\n<p>El Dari\u00e9n, un territorio en los m\u00e1rgenes, es un ejemplo de c\u00f3mo los l\u00edmites entre actores armados leg\u00edtimos e ileg\u00edtimos se difuminan, formando un complejo tapiz de violencia y poder. Hist\u00f3ricamente, cruzar esta selva ha representado un gran desaf\u00edo para exploradores, colonizadores, poblaci\u00f3n desplazada y migrantes, debido a que conlleva m\u00faltiples riesgos y peligros. A lo largo del tiempo, asentamientos, muelles y senderos cercanos a la frontera se han convertido en puntos neur\u00e1lgicos para el tr\u00e1fico de armas, drogas y, en los \u00faltimos a\u00f1os, de humanos. Durante d\u00e9cadas, grupos guerrilleros y paramilitares han controlado esta \u00e1rea, regulando el acceso seg\u00fan las implicaciones para sus operaciones il\u00edcitas (Polo <em>et al<\/em>., 2019) (v\u00e9ase Mapa 1).<\/p>\n\n\n\n<div class=\"image-slider\">\n                <div class=\"frame\">\n                    <div class=\"picture\" itemscope itemtype=\"http:\/\/schema.org\/ImageGallery\">\n                        <figure itemprop=\"associatedMedia\" itemscope itemtype=\"http:\/\/schema.org\/ImageObject\" class=\"slider-element\">\n                              <a href=\"https:\/\/encartes.mx\/wp-content\/uploads\/2025\/03\/mapa_1-1-scaled.jpg\" itemprop=\"contentUrl\" data-size=\"3509x2481\" data-index=\"0\" data-caption=\"Mapa 1: Lugares importantes de salida, estancamiento y desplazamiento de migrantes internacionales con destino a los Estados Unidos, 2023-2024. Elaboraci\u00f3n: Am\u00e9rica Navarro.\" >\n                                <img decoding=\"async\" src=\"https:\/\/encartes.mx\/wp-content\/uploads\/2025\/03\/mapa_1-1-scaled.jpg\" itemprop=\"thumbnail\">\n                                <i class=\"fa fa-expand expand\" aria-hidden=\"true\"><\/i>\n                            <\/a>\n                            <\/figure>                    <\/div>    \n                <\/div>\n                    <div class=\"caption\">Mapa 1: Lugares importantes de salida, estancamiento y desplazamiento de migrantes internacionales con destino a los Estados Unidos, 2023-2024. Elaboraci\u00f3n: Am\u00e9rica Navarro.<\/div><div class=\"image-analysis\"><\/div>                <div class=\"bullets\"><\/div>\n            <\/div>\n\n\n\n<p>En t\u00e9rminos generales, los estudios sobre el Dari\u00e9n han abordado temas diferentes. Destacan las investigaciones desde la historia ambiental (Castro, 2005; Alimonda, 2014), los estudios de frontera (Carre\u00f1o, 2012; Luque <em>et al<\/em>., 2019; Corbino, 2021), el tr\u00e1nsito irregular, el tr\u00e1fico de personas y la ayuda humanitaria (Le\u00f3n y Antol\u00ednez, 2021; Polo <em>et al<\/em>., 2019; Cabrera y Carrillo, 2022; Schmidtke, 2022; Echeverri <em>et al<\/em>., 2023; Porras, 2023; Severiche <em>et al<\/em>., s\/f), los corredores migratorios (Zamora <em>et al<\/em>., 2008; \u00c1lvarez <em>et al<\/em>., 2021; Miranda, 2021; Berm\u00fadez <em>et al<\/em>., 2023) y los nuevos retos metodol\u00f3gicos (Hern\u00e1ndez e Ibarra, 2023). No obstante, este espacio no ha sido estudiado desde una perspectiva interdisciplinaria que combine el an\u00e1lisis geogr\u00e1fico con el sociol\u00f3gico para identificar nuevos corredores migratorios entre el Tap\u00f3n del Dari\u00e9n y Tapachula; esta es nuestra intenci\u00f3n.<\/p>\n\n\n\n<p>El art\u00edculo se divide en tres partes en las que se ofrecen nuevas cartograf\u00edas sobre el trazo de rutas migratorias, tradicionales y nuevas.<a class=\"anota\" id=\"anota1\" data-footnote=1>1<\/a> En la primera se aborda el cruce de la frontera Colombia-Panam\u00e1, haciendo \u00e9nfasis en las adversidades que enfrentan los migrantes en el espacio conocido como Tap\u00f3n del Dari\u00e9n. En un segundo momento se centra la atenci\u00f3n en el tr\u00e1nsito por los pa\u00edses de Centroam\u00e9rica. Por \u00faltimo, en la tercera parte se aborda el cruce por M\u00e9xico, con una breve referencia hist\u00f3rica al traslado de personas en La Bestia, para hacer alusi\u00f3n a las rutas tradicionales que funcionaron por mucho tiempo. En esta secci\u00f3n enfocamos la mirada en el corredor migratorio sur de Chiapas, caracterizado por una fuerte militarizaci\u00f3n. Tapachula se presenta como un nuevo tap\u00f3n, como lo plantearon las personas migrantes entrevistadas, quienes se asum\u00edan en tr\u00e1nsito y quedaron estancadas, a decir de ellas \u201caprisionadas\u201d, en lapsos de diversa temporalidad, en parte debido a las medidas que Estados Unidos impone a M\u00e9xico, que act\u00faa como frontera sur extendida del pa\u00eds vecino.<\/p>\n\n\n\n<h2 class=\"wp-block-heading\">Procesamiento metodol\u00f3gico<\/h2>\n\n\n\n<p class=\"abstract\">La investigaci\u00f3n se bas\u00f3 en metodolog\u00edas mixtas que integraron el an\u00e1lisis cartogr\u00e1fico de rutas, elaborado a partir de la informaci\u00f3n que revelaron las entrevistas, los recorridos en campo, la observaci\u00f3n participante y no participante, as\u00ed como los datos estad\u00edsticos del Servicio Nacional de Fronteras (Senafront) del gobierno de Panam\u00e1 y la Comisi\u00f3n Mexicana de Ayuda a Refugiados (<span class=\"small-caps\">comar<\/span>), que posteriormente fueron georreferenciados, lo que permiti\u00f3 construir las primeras bases de datos espaciales sobre el tema. Asimismo, al considerar la importancia del cotejo de datos con la realidad espacial de la problem\u00e1tica abordada, se tomaron puntos <span class=\"small-caps\">gps<\/span> para espacializar el control que ejerce la Guardia Nacional (<span class=\"small-caps\">gn<\/span>) en el corredor migratorio sur de Chiapas. El procesamiento de estos datos mediante el <em>software<\/em> ArcGis Pro permiti\u00f3 obtener insumos para la elaboraci\u00f3n cartogr\u00e1fica.<\/p>\n\n\n\n<p>Las entrevistas, principal fuente de datos cualitativos, fueron individuales y en ocasiones grupales, en algunos casos semiestructuradas y en otros no estructuradas, a partir de gu\u00edas dise\u00f1adas para los recorridos en campo. En la selva del Dari\u00e9n, varias entrevistas no se grabaron por el temor de los informantes y razones de seguridad. Las entrevistas grabadas, con duraci\u00f3n de 20 minutos a una hora seg\u00fan las condiciones de movilidad de las personas participantes, se realizaron siempre con su aprobaci\u00f3n.<\/p>\n\n\n\n<p>Entre 2018 y 2024 se entrevistaron a m\u00e1s de 60 migrantes, principalmente de Venezuela, Colombia, Ecuador, Cuba y Hait\u00ed, en su tr\u00e1nsito por puntos fronterizos de Colombia, Panam\u00e1, Costa Rica, Nicaragua, Guatemala y M\u00e9xico. Adem\u00e1s, se dio seguimiento mediante videollamadas y llamadas telef\u00f3nicas a cinco casos de personas que lograron llegar a Estados Unidos; estas se encontraban en diversas ciudades como Tehuantepec, Oaxaca, Ciudad de M\u00e9xico, Saltillo, Monterrey, Denver, Seaforth,&nbsp;Nueva Jersey y Nueva York. En todos los casos nuestro inter\u00e9s se centr\u00f3 en la narrativa de las rutas y en las experiencias que las personas entrevistadas experimentaron con los actores involucrados en esos largos recorridos internacionales. El objetivo era comprobar si se hab\u00edan producido cambios en las rutas y en los actores.<\/p>\n\n\n\n<p>Los puntos fronterizos visitados fueron Capurgan\u00e1, Sapzurro, Acand\u00ed (Colombia), Paso Canoas (Panam\u00e1-Costa Rica), Los Chiles (Costa Rica), San Pancho (Nicaragua), as\u00ed como Ciudad Hidalgo, Talism\u00e1n y Tapachula (Chiapas). En estos lugares se realizaron entrevistas no estructuradas a migrantes, funcionarios p\u00fablicos, personal de migraci\u00f3n, aduanas, polic\u00edas, enganchadores o traficantes de migrantes, gu\u00edas, vendedores ambulantes, taxistas, mototaxistas y otros actores clave.<\/p>\n\n\n\n<p>Este dise\u00f1o metodol\u00f3gico permite considerar la nueva cartograf\u00eda generada como una herramienta anal\u00edtica, debido a que mediante su proyecci\u00f3n en <span class=\"small-caps\">sig<\/span> pueden observarse patrones espaciales de posici\u00f3n, coincidencia, distancia y trayectos emprendidos por las personas migrantes a partir de las fuentes. Asimismo, ofrece a los lectores la oportunidad de acercarse a las experiencias de quienes se desplazan por los territorios latinoamericanos, con lo que se pretende promover una comprensi\u00f3n m\u00e1s integral que vincula las dimensiones social y espacial.<\/p>\n\n\n\n<h2 class=\"wp-block-heading\">El Tap\u00f3n del Dari\u00e9n: navegando por la selva<\/h2>\n\n\n\n<p class=\"abstract\">Ingresar al Dari\u00e9n desde el territorio colombiano resulta una traves\u00eda ardua. De acuerdo con el recorrido en campo y las entrevistas realizadas en el lugar, la ruta habitual es desde el puerto de Buenaventura, Valle del Cauca, a Bah\u00eda Solano, Choc\u00f3, con una duraci\u00f3n estimada de 22 horas en barco m\u00e1s seis horas en lancha r\u00e1pida. El siguiente itinerario es el de Bah\u00eda Solano-Jurad\u00f3, de aproximadamente tres horas en lancha r\u00e1pida, al que se suma una hora para llegar al puerto de Jaqu\u00e9, en Panam\u00e1; el recorrido contin\u00faa en un ferri durante 16 horas y media con direcci\u00f3n a Puerto Quimba, punto de conexi\u00f3n con la carretera Panamericana. Se trata de una vieja ruta que era utilizada principalmente para el tr\u00e1fico de drogas y que en la actualidad, debido a los altos costos de traslado y a la extrema vigilancia mar\u00edtima, es poco transitada (Severiche <em>et al<\/em>., s\/f) (v\u00e9ase Mapa 2).<\/p>\n\n\n\n<div class=\"image-slider\">\n                <div class=\"frame\">\n                    <div class=\"picture\" itemscope itemtype=\"http:\/\/schema.org\/ImageGallery\">\n                        <figure itemprop=\"associatedMedia\" itemscope itemtype=\"http:\/\/schema.org\/ImageObject\" class=\"slider-element\">\n                              <a href=\"https:\/\/encartes.mx\/wp-content\/uploads\/2025\/03\/mapa_2-scaled.jpg\" itemprop=\"contentUrl\" data-size=\"3509x2481\" data-index=\"0\" data-caption=\"Mapa 2: Ruta habitual para ingresar a la selva del Dari\u00e9n. Elaboraci\u00f3n: Am\u00e9rica Navarro.\" >\n                                <img decoding=\"async\" src=\"https:\/\/encartes.mx\/wp-content\/uploads\/2025\/03\/mapa_2-scaled.jpg\" itemprop=\"thumbnail\">\n                                <i class=\"fa fa-expand expand\" aria-hidden=\"true\"><\/i>\n                            <\/a>\n                            <\/figure>                    <\/div>    \n                <\/div>\n                    <div class=\"caption\">Mapa 2: Ruta habitual para ingresar a la selva del Dari\u00e9n. Elaboraci\u00f3n: Am\u00e9rica Navarro.<\/div><div class=\"image-analysis\"><\/div>                <div class=\"bullets\"><\/div>\n            <\/div>\n\n\n\n<p>Otros puntos de ingreso al Dari\u00e9n han sido las localidades selv\u00e1ticas cercanas al r\u00edo Atrato, aunque estas rutas fueron cerradas en la d\u00e9cada anterior por grupos paramilitares y la guerrilla del Ej\u00e9rcito de Liberaci\u00f3n Nacional (<span class=\"small-caps\">eln<\/span>). Por tanto, para conectar Colombia con Panam\u00e1 es necesario franquear el golfo de Urab\u00e1, una lengua de mar con un \u00e1rea aproximada de 1 800 km\u00b2 que incluye el delta del r\u00edo Atrato. En las costas de este golfo se encuentran Turbo y Necocl\u00ed, en Antioquia, que se han consolidado como puntos de conexi\u00f3n fluvial hacia Acand\u00ed y Capurgan\u00e1, en Choc\u00f3 (Botero, 2009).<\/p>\n\n\n\n<p>Inicialmente ese recorrido se realizaba en las llamadas pangas.<a class=\"anota\" id=\"anota2\" data-footnote=2>2<\/a> En Turbo, el viejo muelle El Waffe se convirti\u00f3 en el punto de salida de esas embarcaciones, y tiempo despu\u00e9s las empresas navieras se modernizaron e introdujeron embarcaciones tipo catamar\u00e1n.<a class=\"anota\" id=\"anota3\" data-footnote=3>3<\/a> Desde 2010, esas cuatro localidades emergieron como las zonas de tr\u00e1nsito y conexi\u00f3n principales para las personas migrantes en la selva del Dari\u00e9n (Hern\u00e1ndez e Ibarra, 2023) (v\u00e9ase Mapa 3).<\/p>\n\n\n\n<div class=\"image-slider\">\n                <div class=\"frame\">\n                    <div class=\"picture\" itemscope itemtype=\"http:\/\/schema.org\/ImageGallery\">\n                        <figure itemprop=\"associatedMedia\" itemscope itemtype=\"http:\/\/schema.org\/ImageObject\" class=\"slider-element\">\n                              <a href=\"https:\/\/encartes.mx\/wp-content\/uploads\/2025\/03\/mapa_3-scaled.jpg\" itemprop=\"contentUrl\" data-size=\"3509x2481\" data-index=\"0\" data-caption=\"Mapa 3: Ruta de Urab\u00e1. Elaboraci\u00f3n: Am\u00e9rica Navarro..\" >\n                                <img decoding=\"async\" src=\"https:\/\/encartes.mx\/wp-content\/uploads\/2025\/03\/mapa_3-scaled.jpg\" itemprop=\"thumbnail\">\n                                <i class=\"fa fa-expand expand\" aria-hidden=\"true\"><\/i>\n                            <\/a>\n                            <\/figure>                    <\/div>    \n                <\/div>\n                    <div class=\"caption\">Mapa 3: Ruta de Urab\u00e1. Elaboraci\u00f3n: Am\u00e9rica Navarro..<\/div><div class=\"image-analysis\"><\/div>                <div class=\"bullets\"><\/div>\n            <\/div>\n\n\n\n<p>Con la apertura de Ecuador como pa\u00eds de libre tr\u00e1nsito se origin\u00f3 un corredor terrestre de 1 200 km en autob\u00fas, desde la frontera de Tulc\u00e1n-Ipiales hacia Turbo, en el que varias l\u00edneas de transporte ofrec\u00edan un servicio directo o mediante conexiones en Cali y Medell\u00edn (Ceja y Ram\u00edrez, 2022). Por su parte, las personas migrantes que part\u00edan de las Guayanas o de Manaos, Brasil, llegaban a Turbo despu\u00e9s de cruzar la regi\u00f3n amaz\u00f3nica durante varios d\u00edas en barco. Turbo se convirti\u00f3 en la ruta de tr\u00e1nsito m\u00e1s utilizada para quienes ten\u00edan la intenci\u00f3n de cruzar el Dari\u00e9n (v\u00e9ase Mapa 4).<\/p>\n\n\n\n<div class=\"image-slider\">\n                <div class=\"frame\">\n                    <div class=\"picture\" itemscope itemtype=\"http:\/\/schema.org\/ImageGallery\">\n                        <figure itemprop=\"associatedMedia\" itemscope itemtype=\"http:\/\/schema.org\/ImageObject\" class=\"slider-element\">\n                              <a href=\"https:\/\/encartes.mx\/wp-content\/uploads\/2025\/03\/mapa_4-scaled.jpg\" itemprop=\"contentUrl\" data-size=\"3509x2481\" data-index=\"0\" data-caption=\"Mapa 4: Rutas Tulc\u00e1n, Ecuador-Turbo; Guayanas y Manaos, Brasil (Amazonas)-Turbo. Elaboraci\u00f3n: Am\u00e9rica Navarro.\" >\n                                <img decoding=\"async\" src=\"https:\/\/encartes.mx\/wp-content\/uploads\/2025\/03\/mapa_4-scaled.jpg\" itemprop=\"thumbnail\">\n                                <i class=\"fa fa-expand expand\" aria-hidden=\"true\"><\/i>\n                            <\/a>\n                            <\/figure>                    <\/div>    \n                <\/div>\n                    <div class=\"caption\">Mapa 4: Rutas Tulc\u00e1n, Ecuador-Turbo; Guayanas y Manaos, Brasil (Amazonas)-Turbo. Elaboraci\u00f3n: Am\u00e9rica Navarro.<\/div><div class=\"image-analysis\"><\/div>                <div class=\"bullets\"><\/div>\n            <\/div>\n\n\n\n<p>Ante ese escenario, en 2014 el gobierno de Panam\u00e1 decidi\u00f3 establecer dos estaciones de control migratorio: una en Lajas Blancas y otra en La Pe\u00f1ita (hoy San Vicente), operadas por el Senafront. Gracias a la actividad realizada en esos puestos se puede conocer la cantidad de migrantes que cruzaron el Dari\u00e9n, as\u00ed como su nacionalidad, sexo y edad (v\u00e9ase Mapa 5).<\/p>\n\n\n\n<p>De acuerdo con esos datos, en 2014 se tuvo un registro de 6 175 migrantes. En 2015 el flujo aument\u00f3 a 29 289, de los que 85% fue de origen cubano; la ruta Turbo-Acand\u00ed-Sapzurro se estableci\u00f3 como el camino habitual para ingresar a esta selva (Senafront, s\/f). Quiz\u00e1 sin advertirlo esa traves\u00eda se convertir\u00eda en la verdadera haza\u00f1a del flujo cubano, de la que solo algunos lograr\u00edan salir con vida (v\u00e9ase Mapa 5).<\/p>\n\n\n\n<div class=\"image-slider\">\n                <div class=\"frame\">\n                    <div class=\"picture\" itemscope itemtype=\"http:\/\/schema.org\/ImageGallery\">\n                        <figure itemprop=\"associatedMedia\" itemscope itemtype=\"http:\/\/schema.org\/ImageObject\" class=\"slider-element\">\n                              <a href=\"https:\/\/encartes.mx\/wp-content\/uploads\/2025\/03\/mapa_5-scaled.jpg\" itemprop=\"contentUrl\" data-size=\"3509x2481\" data-index=\"0\" data-caption=\"Mapa 5: Ruta Turbo-Acand\u00ed-Sapzurro (ruta cubana). Elaboraci\u00f3n: Am\u00e9rica Navarro.\" >\n                                <img decoding=\"async\" src=\"https:\/\/encartes.mx\/wp-content\/uploads\/2025\/03\/mapa_5-scaled.jpg\" itemprop=\"thumbnail\">\n                                <i class=\"fa fa-expand expand\" aria-hidden=\"true\"><\/i>\n                            <\/a>\n                            <\/figure>                    <\/div>    \n                <\/div>\n                    <div class=\"caption\">Mapa 5: Ruta Turbo-Acand\u00ed-Sapzurro (ruta cubana). Elaboraci\u00f3n: Am\u00e9rica Navarro.<\/div><div class=\"image-analysis\"><\/div>                <div class=\"bullets\"><\/div>\n            <\/div>\n\n\n\n<p>En esos a\u00f1os, para la mayor\u00eda de los inmigrantes el recorrido implicaba entre cuatro y siete d\u00edas atravesando trochas, r\u00edos y serran\u00edas, y soportando una humedad extrema, escasez de alimentos y lluvia continua. Solo quienes dispon\u00edan de m\u00e1s recursos econ\u00f3micos pod\u00edan bordear la l\u00ednea costera en lancha, acortando su recorrido hasta llegar a la localidad ind\u00edgena de Anachucuna, otro punto clave de ingreso a la selva (v\u00e9ase Mapa 5).<\/p>\n\n\n\n<p>De esta manera, en un lapso relativamente corto, los flujos por el Dari\u00e9n se diversificaron y se increment\u00f3 el volumen de migrantes. Los de nacionalidad cubana y haitiana exploraron otros caminos, creando nuevas rutas y desafiando riesgos, lo que represent\u00f3 un reto log\u00edstico que expon\u00eda la miseria de la condici\u00f3n humana (Clot y Mart\u00ednez, 2018) y les ocasion\u00f3 numerosos sinsabores y p\u00e9rdidas que se convirtieron en sus m\u00e1s tristes historias.<\/p>\n\n\n\n<h2 class=\"wp-block-heading\">Europa, la primera frontera<\/h2>\n\n\n\n<p class=\"abstract\">De manera paralela, el endurecimiento de la pol\u00edtica migratoria europea se tradujo en medidas de todo tipo para limitar la llegada y el libre tr\u00e1nsito de migrantes de origen africano y asi\u00e1tico, lo que impuls\u00f3 a esta poblaci\u00f3n a ver en Am\u00e9rica, especialmente en Estados Unidos, un nuevo destino y lugar de posibilidades. Delhi, Dhaka, Estambul, Dub\u00e1i, Johannesburgo, Ciudad del Cabo, Casablanca, Luanda y Ad\u00eds Abeba se convirtieron en puntos de conexi\u00f3n a\u00e9rea del subcontinente indio y \u00c1frica con destino a Brasil. Desde all\u00ed, este flujo se trasladar\u00eda por diversos medios hac\u00eda Per\u00fa, Ecuador y Colombia (Vilchez, 2016) (v\u00e9ase Mapa 6).<\/p>\n\n\n\n<div class=\"image-slider\">\n                <div class=\"frame\">\n                    <div class=\"picture\" itemscope itemtype=\"http:\/\/schema.org\/ImageGallery\">\n                        <figure itemprop=\"associatedMedia\" itemscope itemtype=\"http:\/\/schema.org\/ImageObject\" class=\"slider-element\">\n                              <a href=\"https:\/\/encartes.mx\/wp-content\/uploads\/2025\/03\/mapa_6-scaled.jpg\" itemprop=\"contentUrl\" data-size=\"3509x2481\" data-index=\"0\" data-caption=\"Mapa 6: Rutas As\u00eda-\u00c1frica-Am\u00e9rica; Brasil-Per\u00fa-Ecuador-Colombia. Elaboraci\u00f3n: Am\u00e9rica Navarro.\" >\n                                <img decoding=\"async\" src=\"https:\/\/encartes.mx\/wp-content\/uploads\/2025\/03\/mapa_6-scaled.jpg\" itemprop=\"thumbnail\">\n                                <i class=\"fa fa-expand expand\" aria-hidden=\"true\"><\/i>\n                            <\/a>\n                            <\/figure>                    <\/div>    \n                <\/div>\n                    <div class=\"caption\">Mapa 6: Rutas As\u00eda-\u00c1frica-Am\u00e9rica; Brasil-Per\u00fa-Ecuador-Colombia. Elaboraci\u00f3n: Am\u00e9rica Navarro.<\/div><div class=\"image-analysis\"><\/div>                <div class=\"bullets\"><\/div>\n            <\/div>\n\n\n\n<p>As\u00ed, cruzar el Dari\u00e9n se convirti\u00f3 en una oportunidad para las personas en movilidad desde el otro lado del Atl\u00e1ntico. Seg\u00fan datos del Senafront (s\/f), durante 2018 casi la mitad de los migrantes que ingresaron de manera irregular por las estaciones de Lajas Blancas y San Vicente proven\u00edan de India y Bangladesh.<\/p>\n\n\n\n<p>A medida que los flujos se incrementaron, en Panam\u00e1 las comarcas ind\u00edgenas Guna Yala y Ember\u00e1-Wounaan empezaron a cobrar por el cruce de sus territorios y por acampar en ellos, adem\u00e1s de que comenzaron a proliferar servicios de traslado en las embarcaciones conocidas como piraguas. Tambi\u00e9n se diversific\u00f3 el n\u00famero de nacionalidades de los migrantes. Al respecto, una de las consecuencias m\u00e1s notorias fue la integraci\u00f3n de redes internacionales de trata de personas con estructuras locales para \u201cfacilitar\u201d el cruce por el Dari\u00e9n, que sincronizaron algunas rutas y habilitaron otras nuevas, incluso mar\u00edtimas, a altos costos (Villalibre, 2015; Miraglia, 2016).<\/p>\n\n\n\n<h2 class=\"wp-block-heading\">La ca\u00edda de Turbo<\/h2>\n\n\n\n<p class=\"abstract\">En 2018, tras la apertura de un servicio mar\u00edtimo de Necocl\u00ed a Capurgan\u00e1, la ruta de Turbo perdi\u00f3 fuerza. El trayecto por Necocl\u00ed resultaba m\u00e1s corto y seguro, lo que motiv\u00f3 a que los migrantes comenzaran a trasladarse por esa v\u00eda. Las embarcaciones tipo catamar\u00e1n operaban de las 07:00 a las 17:00 horas, con dos tipos de salidas: unas para poblaci\u00f3n local y turistas y otras para migrantes, quienes ten\u00edan que pagar forzosamente boleto de ida y vuelta, aunque el trayecto de retorno no fuera necesario (informaci\u00f3n obtenida en entrevistas).<\/p>\n\n\n\n<p>En cuanto a cambios culturales, los habitantes locales comentaron c\u00f3mo algunos oficios tradicionales de la zona comenzaron a desaparecer debido a que la poblaci\u00f3n vio en los migrantes un modo seguro de obtener ingresos. As\u00ed, viejos oficios fueron r\u00e1pidamente reemplazados por nuevos roles como ser lanchero, ayudante de lanchero, vendedor de art\u00edculos para acampar en la selva, puntero, facilitador, coyote, gu\u00eda o cargador de bolsos y provisiones.<\/p>\n\n\n\n<p>Por otro lado, las rutas para cruzar el Dari\u00e9n cambiaban regularmente por diversos motivos; entre las m\u00e1s conocidas y transitadas estaban las siguientes:<\/p>\n\n\n\n<ol class=\"wp-block-list\">\n<li>Turbo-Capurgan\u00e1-El Cielo-Armilla-Anachucuna-Cana\u00e1n Membrillo-San Vicente.<\/li>\n\n\n\n<li>Necocl\u00ed-Capurgan\u00e1-Carreto-La Llorona-Cana\u00e1n Membrillo-San Vicente.<\/li>\n\n\n\n<li>Turbo-Acand\u00ed-La Bandera-Come Gallina-Bajo Chiquito-Lajas Blancas.<\/li>\n\n\n\n<li>Necocl\u00ed-Acand\u00ed-La Bandera-Come Gallina-Bajo Chiquito-Lajas Blancas (v\u00e9ase Mapa 7).<\/li>\n<\/ol>\n\n\n\n<div class=\"image-slider\">\n                <div class=\"frame\">\n                    <div class=\"picture\" itemscope itemtype=\"http:\/\/schema.org\/ImageGallery\">\n                        <figure itemprop=\"associatedMedia\" itemscope itemtype=\"http:\/\/schema.org\/ImageObject\" class=\"slider-element\">\n                              <a href=\"https:\/\/encartes.mx\/wp-content\/uploads\/2025\/03\/mapa_7-scaled.jpg\" itemprop=\"contentUrl\" data-size=\"3509x2481\" data-index=\"0\" data-caption=\"Mapa 7: Rutas m\u00e1s conocidas y transitadas para cruzar el Dari\u00e9n. Elaboraci\u00f3n: Am\u00e9rica Navarro.\" >\n                                <img decoding=\"async\" src=\"https:\/\/encartes.mx\/wp-content\/uploads\/2025\/03\/mapa_7-scaled.jpg\" itemprop=\"thumbnail\">\n                                <i class=\"fa fa-expand expand\" aria-hidden=\"true\"><\/i>\n                            <\/a>\n                            <\/figure>                    <\/div>    \n                <\/div>\n                    <div class=\"caption\">Mapa 7: Rutas m\u00e1s conocidas y transitadas para cruzar el Dari\u00e9n. Elaboraci\u00f3n: Am\u00e9rica Navarro.<\/div><div class=\"image-analysis\"><\/div>                <div class=\"bullets\"><\/div>\n            <\/div>\n\n\n\n<p>Para las personas migrantes todas las rutas implican una inversi\u00f3n econ\u00f3mica considerable y largos recorridos con extensas caminatas que van de tres a seis d\u00edas, traslados tambi\u00e9n en lanchas y piraguas y, finalmente, en los autobuses del Senafront de Panam\u00e1. Adicionalmente, de acuerdo con los testimonios, desde 2014 los grupos criminales y de trata de personas establecieron una pr\u00e1ctica de extorsi\u00f3n a los migrantes que implic\u00f3 el pago de impuestos, vacunas o colaboraciones, conocidos como \u201cimpuesto de llegada, pago de seguridad y de gu\u00eda e impuesto de salida\u201d.<\/p>\n\n\n\n<p>Como resultado de las medidas sanitarias adoptadas durante la pandemia por covid-19 y el cierre de los puertos fronterizos de Ecuador, Colombia y Panam\u00e1, el Senafront calcul\u00f3 que m\u00e1s de 25 000 migrantes, en su mayor\u00eda de origen haitiano, se quedaron atrapados en Turbo, Necocl\u00ed y Capurgan\u00e1 (Corbino, 2021) hasta agosto de 2021, cuando la reapertura de la frontera paname\u00f1a hizo resurgir la esperanza por continuar la traves\u00eda. No obstante, el gobierno de Panam\u00e1 estaba dispuesto a admitir solo a 650 personas por d\u00eda, lo que provoc\u00f3 presiones sobre todo de migrantes haitianos y cubanos, quienes acusaron a los dirigentes locales de falta de sensibilidad. La respuesta de las autoridades fue que, a partir de octubre de 2021, Acand\u00ed figur\u00f3 como nuevo punto de control y cruce fronterizo.<\/p>\n\n\n\n<p>Desde ah\u00ed hasta la frontera con Panam\u00e1 la ruta implica una caminata de aproximadamente ocho horas. Despu\u00e9s, para llegar a la poblaci\u00f3n de Bajo Chiquito, inicia una nueva traves\u00eda desde una altitud de 50 metros, cruzando r\u00edos y \u00e1reas pantanosas a trav\u00e9s de una geograf\u00eda accidentada, hasta alcanzar los mil metros de altitud, con variaciones clim\u00e1ticas significativas (v\u00e9ase Mapa 8).<\/p>\n\n\n\n<div class=\"image-slider\">\n                <div class=\"frame\">\n                    <div class=\"picture\" itemscope itemtype=\"http:\/\/schema.org\/ImageGallery\">\n                        <figure itemprop=\"associatedMedia\" itemscope itemtype=\"http:\/\/schema.org\/ImageObject\" class=\"slider-element\">\n                              <a href=\"https:\/\/encartes.mx\/wp-content\/uploads\/2025\/03\/mapa_8-scaled.jpg\" itemprop=\"contentUrl\" data-size=\"3509x2481\" data-index=\"0\" data-caption=\"Mapa 8: Lugares de estancamiento por covid-19, 2021. Acand\u00ed, ruta pospandemia 2022. Elaboraci\u00f3n: Am\u00e9rica Navarro.\" >\n                                <img decoding=\"async\" src=\"https:\/\/encartes.mx\/wp-content\/uploads\/2025\/03\/mapa_8-scaled.jpg\" itemprop=\"thumbnail\">\n                                <i class=\"fa fa-expand expand\" aria-hidden=\"true\"><\/i>\n                            <\/a>\n                            <\/figure>                    <\/div>    \n                <\/div>\n                    <div class=\"caption\">Mapa 8: Lugares de estancamiento por covid-19, 2021. Acand\u00ed, ruta pospandemia 2022. Elaboraci\u00f3n: Am\u00e9rica Navarro.<\/div><div class=\"image-analysis\"><\/div>                <div class=\"bullets\"><\/div>\n            <\/div>\n\n\n\n<p>Seg\u00fan las personas entrevistadas, el tramo m\u00e1s dif\u00edcil de atravesar es el de Panam\u00e1. Ana, que hab\u00eda salido con su familia de Ecuador un mes antes debido a que \u201chay mucha violencia [\u2026] hay mafias extorsionadoras, vacunadores [\u2026] quienes le amenazan a usted, le mandan un papel y le dicen que si no les da el dinero le van a quemar su negocio o lo van a matar\u201d, explic\u00f3 que para llegar a Bajo Chiquito realizaron una caminata \u201cde 6 de la ma\u00f1ana a 6 de la tarde, no dejando de caminar en la parte de Panam\u00e1\u201d.<\/p>\n\n\n\n<p>En la entrevista comparti\u00f3 que en Panam\u00e1 se enfrentaban los mayores riesgos. Para ella:<\/p>\n\n\n\n<p class=\"verse\">Es peor que en la selva, porque en la selva al menos hay comida, hay bolos, hay pasi\u00f3n [\u2026] pero cuando usted pasa el r\u00edo de Panam\u00e1 es terrible [\u2026] hay agua, pero esa agua es agua contaminada y usted no se la puede tomar, y usted si se lanza as\u00ed sin agua no llega hasta Bajo Chiquito, que es un lugar donde hay pura gente, as\u00ed como en forma de indios (entrevista, migrante ecuatoriana, septiembre, 2023).<\/p>\n\n\n\n<p>Un inmigrante haitiano de 30 a\u00f1os que cruz\u00f3 por esa zona a finales de 2021&nbsp;narr\u00f3 su experiencia en ese recorrido:<\/p>\n\n\n\n<p class=\"verse\">Antes de entrar en Panam\u00e1 tienes tres monta\u00f1as muy altas, una primera de tres horas, una segunda de cuatro horas, subiendo y descendiendo, y la tercera a\u00fan m\u00e1s alta de seis horas. Despu\u00e9s viene lo m\u00e1s dif\u00edcil. Yo comienzo a subir al medio d\u00eda, a las 6, 7 de la tarde llegas a una piedra muy grande, el cansancio te agota. Hay que pasar por abajo y mirar la selva negra, debes cruzar una piedra que le llaman la \u201cloma de la muerte\u201d porque, si la persona cae, muere. Abajo hay m\u00e1s selva y tienes animales salvajes. Despu\u00e9s de eso tienes que llegar a un r\u00edo, la gente sigue este r\u00edo por tres d\u00edas hasta llegar al primer refugio. En esos tres d\u00edas comienza lo m\u00e1s peligroso porque est\u00e1 lloviendo y la tierra tiene mucho barro, t\u00fa tienes que agarrarte de los \u00e1rboles para sostener la vida; ah\u00ed no tienes c\u00f3mo dormir, vas como un zombi todo el tiempo, parece una zona de muerte. Al amanecer todo el mundo se va por un&nbsp;camino con mucha maleza. Los primeros en salir marcan el trayecto con ropas y usando machetes para saber por d\u00f3nde ir, porque puedes morir y desaparecer. Despu\u00e9s empieza el infierno porque no se puede comer, beber agua ni descansar, tampoco dormir, y tambi\u00e9n tienes que cuidarte de los bandidos que te roban y matan. Tu esp\u00edritu&nbsp;necesita energ\u00eda, tienes que ser como un&nbsp;animal salvaje [\u2026] a veces tienes que abandonar a las personas que te acompa\u00f1an. Despu\u00e9s de eso sigue un r\u00edo peligroso, la corriente se cruza con balsa [\u2026] me toc\u00f3 mirar a ni\u00f1os que se los trag\u00f3 el r\u00edo [\u2026] desaparecieron. Llegando del lado de Panam\u00e1 hay un verdadero infierno, ah\u00ed empiezas a mirar los muertos en el r\u00edo [\u2026] huelen los muertos. En la primera parada comienzas a respirar un poco, todo mundo est\u00e1 con sed, tiene que esperar hasta que salga una buena fuente para tomar agua y no tomar el agua contaminada del r\u00edo. Cuando ves el horizonte, est\u00e1s cerca de la llegada (entrevista, migrante haitiano, diciembre, 2021).<\/p>\n\n\n\n<p>Aun conociendo lo narrado por los entrevistados, en 2021,&nbsp;83 000 migrantes de origen haitiano cruzaron el Dari\u00e9n por Acand\u00ed y su experiencia fue crucial para quienes siguieron ese camino. La elecci\u00f3n de la ruta por la selva depende en gran medida de los recursos econ\u00f3micos con que se cuenta, pues los gu\u00edas locales y los llamados \u201ccoyotes\u201d ofrecen servicios cuya peligrosidad var\u00eda seg\u00fan el costo. Por ello, algunos optan por el transporte en lancha, mientras que otros eligen rutas terrestres m\u00e1s arduas, como la de Acand\u00ed, que ha sido definida como la m\u00e1s extrema y peligrosa, conocida tambi\u00e9n como \u201cla ruta de los haitianos\u201d (Clot y Mart\u00ednez, 2018; C\u00e1rdenas, 2021).<\/p>\n\n\n\n<p>En 2022 el n\u00famero de cruces pr\u00e1cticamente se duplic\u00f3 con respecto al a\u00f1o anterior. El Servicio de Migraci\u00f3n de Panam\u00e1 registr\u00f3 el ingreso de 248 284 migrantes irregulares, de los que el 70% era de Venezuela, seguidos de personas de Hait\u00ed y de Ecuador, estos \u00faltimos como resultado de una nueva etapa de violencia pol\u00edtica y econ\u00f3mica en su pa\u00eds. Otro dato importante es que a partir de ese a\u00f1o el cruce de cubanos disminuy\u00f3 porque cambiaron su ruta y comenzaron a viajar v\u00eda a\u00e9rea a Nicaragua, evitando el paso por el Dari\u00e9n (Hern\u00e1ndez, 2023).<\/p>\n\n\n\n<p>La llegada masiva de migrantes venezolanos se hizo evidente, y con mayor frecuencia se fueron integrando familias j\u00f3venes, mujeres solas o con hijos peque\u00f1os, hombres solos, poblaci\u00f3n no binaria, menores no acompa\u00f1ados, grupos de vecinos y compa\u00f1eros de trabajo. Estos conformaron contingentes de miles de personas a las que se sumaron otras que reemigraron desde Argentina, Chile, Brasil y Per\u00fa. En octubre de 2022 el flujo de venezolanos superaba las 150 000 personas (Senafront, s\/f A) (v\u00e9ase Mapa 9).<\/p>\n\n\n\n<div class=\"image-slider\">\n                <div class=\"frame\">\n                    <div class=\"picture\" itemscope itemtype=\"http:\/\/schema.org\/ImageGallery\">\n                        <figure itemprop=\"associatedMedia\" itemscope itemtype=\"http:\/\/schema.org\/ImageObject\" class=\"slider-element\">\n                              <a href=\"https:\/\/encartes.mx\/wp-content\/uploads\/2025\/03\/mapa_9-scaled.jpg\" itemprop=\"contentUrl\" data-size=\"2481x3509\" data-index=\"0\" data-caption=\"Mapa 9: Pa\u00edses sudamericanos que contribuyeron al flujo internacional por el Dari\u00e9n con destino a Estados Unidos, 2022. Elaboraci\u00f3n: Am\u00e9rica Navarro.\" >\n                                <img decoding=\"async\" src=\"https:\/\/encartes.mx\/wp-content\/uploads\/2025\/03\/mapa_9-scaled.jpg\" itemprop=\"thumbnail\">\n                                <i class=\"fa fa-expand expand\" aria-hidden=\"true\"><\/i>\n                            <\/a>\n                            <\/figure>                    <\/div>    \n                <\/div>\n                    <div class=\"caption\">Mapa 9: Pa\u00edses sudamericanos que contribuyeron al flujo internacional por el Dari\u00e9n con destino a Estados Unidos, 2022. Elaboraci\u00f3n: Am\u00e9rica Navarro.<\/div><div class=\"image-analysis\"><\/div>                <div class=\"bullets\"><\/div>\n            <\/div>\n\n\n\n<p>En t\u00e9rminos generales, las rutas migratorias est\u00e1n controladas por organizaciones criminales que act\u00faan como garantes de seguridad desde Turbo y Necocl\u00ed, y su dominio se extiende a lo largo del camino por la selva hasta la frontera con Panam\u00e1. La traves\u00eda m\u00e1s corta por el Dari\u00e9n dura entre cuatro y cinco d\u00edas, mientras que la m\u00e1s larga, entre ocho y doce. En Necocl\u00ed, la playa se ha convertido en un vasto campamento de acogida para cientos de migrantes que esperan un lugar para continuar hacia Acand\u00ed y Capurgan\u00e1. La espera puede prolongarse de una semana a diez d\u00edas. Desde temprano, parten de los tres muelles del lugar embarcaciones con 60 y 80 pasajeros, en su mayor\u00eda migrantes, para navegar por el golfo del Urab\u00e1. Al llegar a Acand\u00ed o a Capurgan\u00e1 son trasladados por los mismos grupos que controlan el tr\u00e1fico humano a los campamentos o albergues.<\/p>\n\n\n\n<p>En Turbo y Necocl\u00ed les ofrecen servicios de traslado, gu\u00eda y seguridad con un costo promedio de 340 d\u00f3lares por persona, lo que cubre el pago para cruzar el golfo de Urab\u00e1, una o dos noches de alojamiento sin cama en un campamento, un almuerzo ligero, traslado al segundo campamento, seguridad y gu\u00eda hasta la frontera con Panam\u00e1. Una vez que efect\u00faan el pago, les entregan un par de brazaletes que deben portar todo el tiempo. Al llegar al primer campamento, las personas migrantes tienen que entregar sus documentos de identidad o pasaportes, que son verificados en un sistema al que estos grupos tienen acceso. Si todo est\u00e1 en orden, a cada documento le fijan una calcoman\u00eda que funge como certificaci\u00f3n. Ning\u00fan migrante puede llegar a la frontera sin haber cubierto ese pago.<\/p>\n\n\n\n<p>Las cuotas por dichos servicios var\u00edan seg\u00fan la nacionalidad de los migrantes y, de acuerdo con sus relatos, oscilan entre 2 000 y 5 000 d\u00f3lares por persona. Adem\u00e1s, como parte de la modernizaci\u00f3n de los servicios prestados por esas organizaciones, en los campamentos de Capurgan\u00e1 y Acand\u00ed se comenzaron a vender \u2013a precios elevados\u2013 alimentos, bebidas fr\u00edas y tiempo aire para los m\u00f3viles, servicios que solo algunas personas pod\u00edan costear.<\/p>\n\n\n\n<p>Una migrante venezolana que hizo esa traves\u00eda con su esposo y sus tres hijos nos comparti\u00f3 lo siguiente: \u201cPasamos mucha hambre y sed por todo el camino [\u2026] si a ustedes por sus universidades les hacen caso los gobiernos, yo sugerir\u00eda que, por favor, en cada punto de las fronteras colocaran comida y agua gratis\u201d. Respecto al tiempo de traves\u00eda en la selva agreg\u00f3 que \u201cera seguir el viaje o quedarnos botados [en el Dari\u00e9n] y comer\u201d (entrevista, migrante venezolana, enero, 2024).<\/p>\n\n\n\n<p>La crisis se agudiz\u00f3 el 12 de octubre de 2022 cuando Estados Unidos anunci\u00f3 su decisi\u00f3n de rechazar a los migrantes venezolanos que llegaran por tierra a su frontera sur, lo que caus\u00f3 gran desconcierto. Dar el siguiente paso se tornaba dif\u00edcil, ya que se ten\u00eda que decidir entre seguir avanzando y quedar atrapado en Panam\u00e1 o en alg\u00fan pa\u00eds de Centroam\u00e9rica o volver a Venezuela (Pi\u00f1a, 2022).<\/p>\n\n\n\n<p>En Necocl\u00ed, tres grupos de migrantes llamaron nuestra atenci\u00f3n. El primero estaba conformado por nueve hombres y una mujer, todos vecinos de un barrio popular de Valencia, Venezuela. Se hab\u00edan organizado para realizar el viaje y con ese fin vendieron sus autos, enseres dom\u00e9sticos y herramientas; algunos pidieron pr\u00e9stamos, otros lograron reunir recursos a trav\u00e9s de sus familiares. El 5 de octubre de 2022 se reunieron en Medell\u00edn, desde donde abordaron un autob\u00fas hasta Necocl\u00ed. All\u00ed compraron el equipo y las provisiones necesarias para cruzar la selva, y estuvieron a punto de adquirir el llamado \u201ccombo\u201d, que inclu\u00eda el pago de 280 d\u00f3lares para cubrir los gastos de traslado mar\u00edtimo, servicios de gu\u00eda y el impuesto de entrada y protecci\u00f3n en la selva.<\/p>\n\n\n\n<p>Iban acompa\u00f1ados de un gu\u00eda venezolano de 17 a\u00f1os que hab\u00eda cruzado tres veces el Dari\u00e9n y conoc\u00eda la ruta para llegar hasta la frontera en Piedras Negras, Coahuila, M\u00e9xico. Este joven les dibuj\u00f3 un mapa detallado de la ruta que seguir\u00edan. Sin embargo, el tiempo no fue favorable para el grupo, pues la noticia de que el 12 de octubre Estados Unidos cerrar\u00eda su frontera los hizo reconsiderar los planes. Algunos vendieron lo que pose\u00edan para pagar su traslado de regreso a Venezuela y otros buscaron trabajo en alguna ciudad de Colombia; entre ellos hab\u00eda cocineros, mec\u00e1nicos, peluqueros y alba\u00f1iles.<\/p>\n\n\n\n<p>El segundo grupo era una familia venezolana de origen campesino, compuesta por un matrimonio con dos hijos varones, de 18 y 16 a\u00f1os, y dos hijas, de 10 y cuatro a\u00f1os. Su ilusi\u00f3n era llegar a Estados Unidos para que los hijos mayores recibieran atenci\u00f3n m\u00e9dica en los hospitales de caridad Shriners, pues ambos padec\u00edan una deformaci\u00f3n en las manos y no hab\u00edan recibido la atenci\u00f3n requerida ni en Colombia ni en Venezuela. Sus recursos eran limitados y se dedicaban a la pesca y recolecci\u00f3n de alimentos. Desafortunadamente, su plan de migrar a Estados Unidos se vio truncado por la pol\u00edtica migratoria de Joe Biden.<\/p>\n\n\n\n<p>El \u00faltimo grupo estaba formado por migrantes venezolanos que se conocieron al llegar a Necocl\u00ed. Cuatro eran hombres de entre 20 y 40 a\u00f1os, y dos familias con hijos peque\u00f1os. Entre todos montaron un campamento en la playa, compart\u00edan fog\u00f3n e improvisaron una letrina. Gracias a la ayuda de unas religiosas, recib\u00edan provisiones y compart\u00edan sus alimentos. Dos d\u00edas despu\u00e9s de la noticia del llamado cierre de la frontera, este grupo tom\u00f3 la decisi\u00f3n de dividirse. A pesar de lo dif\u00edcil del momento, Jorge y Jos\u00e9, cu\u00f1ados que llevaban un par de a\u00f1os residiendo en Colombia, no quisieron volver atr\u00e1s. Hab\u00edan logrado ahorrar para emprender el viaje; adem\u00e1s, su fe era ciega y \u201ccon invocaciones y oraciones al Se\u00f1or Jesucristo\u201d ten\u00edan la esperanza de alcanzar su objetivo.<\/p>\n\n\n\n<p>A este \u00faltimo caso se dio seguimiento. Tras un a\u00f1o de emprender la aventura, Jorge logr\u00f3 llegar a Nueva Jersey, pero su cu\u00f1ado tuvo menos suerte. Para \u00e9l, cruzar la selva del Dari\u00e9n represent\u00f3 el primer reto, y gran parte de su \u00e9xito se debi\u00f3 a que busc\u00f3 orientaci\u00f3n sobre la ruta en redes sociales, principalmente en WhatsApp y TikTok. Jorge relat\u00f3 lo extenuante del camino, c\u00f3mo vio a familias y ni\u00f1os enfermos, y c\u00f3mo experiment\u00f3 algo que muchas personas entrevistadas mencionaron, \u201cel olor de [los] muertos\u201d.<\/p>\n\n\n\n<p>Unas bolsas azules esparcidas entre la maleza lo guiaron en el trayecto, donde se agrup\u00f3 con gente de otras nacionalidades y descubri\u00f3 c\u00f3mo el agua era un elemento muy preciado. Logr\u00f3 llegar a Bajo Chiquito tras cuatro d\u00edas de caminata y, como pudo, consigui\u00f3 el dinero para pagar la piragua que lo llevar\u00eda a la estaci\u00f3n migratoria de Lajas Blancas. Al llegar fue recibido por militares, quienes dividieron al grupo con el siguiente criterio: personas con tatuajes y sin ellos, lo que gener\u00f3 entre los primeros una sensaci\u00f3n de estigma y discriminaci\u00f3n.<\/p>\n\n\n\n<p>En contra de lo que el gobierno estadunidense esperaba con el endurecimiento de su frontera, a partir del 12 de octubre de 2022 el flujo migratorio super\u00f3 ampliamente las cifras de a\u00f1os anteriores; incluso se unieron personas de nuevas nacionalidades, como chinos. Meses despu\u00e9s circul\u00f3 el rumor de que Panam\u00e1 y Costa Rica cerrar\u00edan sus fronteras al tr\u00e1nsito irregular, lo que provoc\u00f3 otra gran oleada migratoria.<\/p>\n\n\n\n<p>Las instalaciones de los controles de Lajas Blancas y San Vicente, operadas por el Senafront y la agencia de migraci\u00f3n en Panam\u00e1, en colaboraci\u00f3n con organizaciones internacionales como la Federaci\u00f3n Internacional de la Cruz Roja, el Fondo de las Naciones Unidas para la Infancia (Unicef) y el Alto Comisionado de las Naciones Unidas para los Refugiados (<span class=\"small-caps\">acnur<\/span>), continuaron funcionando de manera regular. Los campamentos llegaron a albergar hasta 2 000 personas por d\u00eda, de las que solo mil eran trasladadas a la frontera con Costa Rica, quienes deb\u00edan pagar una tarifa de 45 a 50 d\u00f3lares para su traslado en autob\u00fas desde el sur de Panam\u00e1 hasta un campamento en el norte, cerca de la frontera costarricense. Es en este punto de conexi\u00f3n donde las autoridades paname\u00f1as y costarricenses coordinan el proceso que permite a los migrantes llegar a Costa Rica (Senafront, s\/f A) (v\u00e9ase Mapa 10).<\/p>\n\n\n\n<div class=\"image-slider\">\n                <div class=\"frame\">\n                    <div class=\"picture\" itemscope itemtype=\"http:\/\/schema.org\/ImageGallery\">\n                        <figure itemprop=\"associatedMedia\" itemscope itemtype=\"http:\/\/schema.org\/ImageObject\" class=\"slider-element\">\n                              <a href=\"https:\/\/encartes.mx\/wp-content\/uploads\/2025\/03\/mapa_10-scaled.jpg\" itemprop=\"contentUrl\" data-size=\"3509x2481\" data-index=\"0\" data-caption=\"Mapa 10: Ruta Metet\u00ed- Paso Canoas, Panam\u00e1, frontera con Costa Rica. Elaboraci\u00f3n: Am\u00e9rica Navarro.\" >\n                                <img decoding=\"async\" src=\"https:\/\/encartes.mx\/wp-content\/uploads\/2025\/03\/mapa_10-scaled.jpg\" itemprop=\"thumbnail\">\n                                <i class=\"fa fa-expand expand\" aria-hidden=\"true\"><\/i>\n                            <\/a>\n                            <\/figure>                    <\/div>    \n                <\/div>\n                    <div class=\"caption\">Mapa 10: Ruta Metet\u00ed- Paso Canoas, Panam\u00e1, frontera con Costa Rica. Elaboraci\u00f3n: Am\u00e9rica Navarro.<\/div><div class=\"image-analysis\"><\/div>                <div class=\"bullets\"><\/div>\n            <\/div>\n\n\n\n<p>En Costa Rica, agencias gubernamentales y organizaciones internacionales brindan a los migrantes alimentos, albergue y atenci\u00f3n m\u00e9dica b\u00e1sica en los Centros de Atenci\u00f3n Temporal para Personas Migrantes. Con estas medidas se busca que contin\u00faen su trayecto lo m\u00e1s r\u00e1pido posible hacia Nicaragua. Tras ocho horas en autob\u00fas y un pago de 40 d\u00f3lares, se les traslada a Los Chiles, un cant\u00f3n de la provincia de Alajuela en la frontera con Nicaragua, con cerca de 35 000 habitantes, que posee una econom\u00eda b\u00e1sicamente agropecuaria. Durante muchos a\u00f1os el cruce hacia Nicaragua se realizaba a trav\u00e9s del r\u00edo San Juan, pero ahora est\u00e1 formalmente cerrado (v\u00e9ase Mapa 11).<\/p>\n\n\n\n<div class=\"image-slider\">\n                <div class=\"frame\">\n                    <div class=\"picture\" itemscope itemtype=\"http:\/\/schema.org\/ImageGallery\">\n                        <figure itemprop=\"associatedMedia\" itemscope itemtype=\"http:\/\/schema.org\/ImageObject\" class=\"slider-element\">\n                              <a href=\"https:\/\/encartes.mx\/wp-content\/uploads\/2025\/03\/mapa_11-scaled.jpg\" itemprop=\"contentUrl\" data-size=\"3509x2481\" data-index=\"0\" data-caption=\"Mapa 11: Ruta Paso Canoas, Costa Rica-Los Chiles, frontera con Nicaragua, 2023. Elaboraci\u00f3n: Am\u00e9rica Navarro.\" >\n                                <img decoding=\"async\" src=\"https:\/\/encartes.mx\/wp-content\/uploads\/2025\/03\/mapa_11-scaled.jpg\" itemprop=\"thumbnail\">\n                                <i class=\"fa fa-expand expand\" aria-hidden=\"true\"><\/i>\n                            <\/a>\n                            <\/figure>                    <\/div>    \n                <\/div>\n                    <div class=\"caption\">Mapa 11: Ruta Paso Canoas, Costa Rica-Los Chiles, frontera con Nicaragua, 2023. Elaboraci\u00f3n: Am\u00e9rica Navarro.<\/div><div class=\"image-analysis\"><\/div>                <div class=\"bullets\"><\/div>\n            <\/div>\n\n\n\n<p>En Los Chiles los migrantes son abordados por gu\u00edas, taxistas clandestinos y coyotes que ofrecen opciones para desplazarse ocho kil\u00f3metros hasta el puesto fronterizo de Las Tablillas (v\u00e9ase Mapa 11). Durante la temporada de lluvias, transitar implica el pago de un derecho de piso. Algunos vecinos de la zona rentan botas de hule por tres d\u00f3lares, otros cobran por limpiar el lodo de los pies de los migrantes y otros les venden almuerzos y bebidas (v\u00e9ase Mapa 12).<\/p>\n\n\n\n<div class=\"image-slider\">\n                <div class=\"frame\">\n                    <div class=\"picture\" itemscope itemtype=\"http:\/\/schema.org\/ImageGallery\">\n                        <figure itemprop=\"associatedMedia\" itemscope itemtype=\"http:\/\/schema.org\/ImageObject\" class=\"slider-element\">\n                              <a href=\"https:\/\/encartes.mx\/wp-content\/uploads\/2025\/03\/mapa_12-scaled.jpg\" itemprop=\"contentUrl\" data-size=\"3509x2481\" data-index=\"0\" data-caption=\"Mapa 12: Ruta San Pancho, Nicaragua-Las Manos, frontera con Honduras, 2023. Elaboraci\u00f3n: Am\u00e9rica Navarro.\" >\n                                <img decoding=\"async\" src=\"https:\/\/encartes.mx\/wp-content\/uploads\/2025\/03\/mapa_12-scaled.jpg\" itemprop=\"thumbnail\">\n                                <i class=\"fa fa-expand expand\" aria-hidden=\"true\"><\/i>\n                            <\/a>\n                            <\/figure>                    <\/div>    \n                <\/div>\n                    <div class=\"caption\">Mapa 12: Ruta San Pancho, Nicaragua-Las Manos, frontera con Honduras, 2023. Elaboraci\u00f3n: Am\u00e9rica Navarro.<\/div><div class=\"image-analysis\"><\/div>                <div class=\"bullets\"><\/div>\n            <\/div>\n\n\n\n<p>A diferencia de Panam\u00e1 y Costa Rica, que gestionan la migraci\u00f3n en tr\u00e1nsito de manera coordinada, Nicaragua carece de una pol\u00edtica oficial al respecto, por lo que las autoridades migratorias y policiacas act\u00faan a discreci\u00f3n. Si un migrante desea entrar al pa\u00eds por el punto fronterizo de San Pancho, Nicaragua, debe pagar 150 d\u00f3lares; de lo contrario tendr\u00e1 que cruzar por alguna trocha, bordear una alta barda de concreto, transitar por campos de naranjos y caminar en busca de transporte no oficial bajo el calor h\u00famedo. Una vez que se ha logrado franquear Nicaragua, el siguiente reto ser\u00e1 cruzar la frontera con Honduras, donde existe la opci\u00f3n de hacerlo de manera oficial o clandestina, dependiendo de los recursos econ\u00f3micos con que se cuente.<\/p>\n\n\n\n<h2 class=\"wp-block-heading\">La ruta de Guasaule, Honduras, a El Salvador: tr\u00e1nsito por el pa\u00eds m\u00e1s peque\u00f1o de Centroam\u00e9rica<\/h2>\n\n\n\n<p class=\"abstract\">El cruce fronterizo de Guasaule, Honduras, es un punto de tr\u00e1nsito para cientos de migrantes nicarag\u00fcenses que abandonan su pa\u00eds por necesidad y miedo. A trav\u00e9s de lo que llaman una \u201cexcursi\u00f3n\u201d, estos migrantes cruzan el Tri\u00e1ngulo Norte de Centroam\u00e9rica rumbo a Estados Unidos. Desde la revuelta de 2018, la situaci\u00f3n econ\u00f3mica y pol\u00edtica en Nicaragua ha empeorado y ha provocado un gran \u00e9xodo. Se estima que al puesto de Guasaule llegan a diario hasta 40 autobuses con migrantes, de los que el 90% es nicarag\u00fcense.<\/p>\n\n\n\n<p>Como en otras fronteras, el uso de trochas o \u201cpasos ciegos\u201d es una alternativa. A menos de un kil\u00f3metro de la aduana, el negocio de los balseros est\u00e1 floreciendo. Con un neum\u00e1tico amarrado a un marco de madera, los balseros trasladan a las personas de una orilla a otra del Guasaule, r\u00edo que marca la frontera entre Nicaragua y Honduras; el cobro por ese servicio oscila entre 20 y 30 lempiras (de uno a cinco d\u00f3lares), mientras que quienes cruzan el r\u00edo a caballo pagan cien lempiras. Para vendedores de comida, balseros y cambistas de moneda, el \u00e9xodo nicarag\u00fcense representa una ventana de oportunidad para generar recursos (Hern\u00e1ndez, 2023).<\/p>\n\n\n\n<p>El ingreso de migrantes nicarag\u00fcenses a Honduras se realiza de manera sencilla. La principal terminal de autobuses se encuentra a unos pasos de la aduana, desde donde salen los transportes hacia Choluteca, poblaci\u00f3n localizada a 46 kil\u00f3metros. El siguiente punto es El Amatillo, puerto de entrada a El Salvador. El tiempo para atravesar Honduras es de tres horas. Seg\u00fan el Instituto Nacional de Migraci\u00f3n de Honduras (2022), entre el 1 de enero y el 23 de octubre de 2022 sumaron 239 091 los nicarag\u00fcenses que viajaron por ese pa\u00eds.<\/p>\n\n\n\n<p>El Amatillo, ubicado en el departamento de La Uni\u00f3n, es el primer puesto fronterizo integrado por El Salvador. En octubre de 2023 se inauguraron las instalaciones de ese moderno recinto, que opera en forma conjunta entre los gobiernos de Honduras y El Salvador. El cruce se realiza de manera r\u00e1pida y sencilla, ya que las personas solo deben mostrar su documentaci\u00f3n de viaje \u2013pasaporte o c\u00e9dula de identidad\u2013 al salir o entrar, mientras que quienes no cuentan con ella pueden ingresar en balsas por el r\u00edo Goascor\u00e1n.<\/p>\n\n\n\n<p>En autob\u00fas, el trayecto de El Amatillo a San Salvador es de cinco horas, y desde ah\u00ed la empresa C\u00f3ndor Internacional ofrece el servicio de transporte directo hacia la frontera de Tec\u00fan Um\u00e1n por un costo de 45 d\u00f3lares por persona. Un salvadore\u00f1o de 22 a\u00f1os hizo las siguientes recomendaciones:<\/p>\n\n\n\n<p class=\"verse\">Lo ideal es viajar con equipaje ligero y reservar dos d\u00edas antes los pasajes. Cuando uno sale de El Salvador comienza la odisea. La gente no debe cambiar todos los d\u00f3lares en quetzales, a lo mucho unos cien. En el camino, de ocho horas, los choferes est\u00e1n en contacto con los polic\u00edas y generalmente en todos los puntos te paran y extorsionan, aun cuando seas salvadore\u00f1o. Debes decirles a los polic\u00edas que vas para el refugio del Quetzal, eso te dar\u00e1 cierta cobertura (entrevista a migrante salvadore\u00f1o, febrero 2024) (v\u00e9ase Mapa 13).<\/p>\n\n\n\n<div class=\"image-slider\">\n                <div class=\"frame\">\n                    <div class=\"picture\" itemscope itemtype=\"http:\/\/schema.org\/ImageGallery\">\n                        <figure itemprop=\"associatedMedia\" itemscope itemtype=\"http:\/\/schema.org\/ImageObject\" class=\"slider-element\">\n                              <a href=\"https:\/\/encartes.mx\/wp-content\/uploads\/2025\/03\/mapa_13-scaled.jpg\" itemprop=\"contentUrl\" data-size=\"3509x2481\" data-index=\"0\" data-caption=\"Mapa 13: Corredores migratorios en el territorio del Tri\u00e1ngulo del Norte, 2023. Elaboraci\u00f3n: Am\u00e9rica Navarro.\" >\n                                <img decoding=\"async\" src=\"https:\/\/encartes.mx\/wp-content\/uploads\/2025\/03\/mapa_13-scaled.jpg\" itemprop=\"thumbnail\">\n                                <i class=\"fa fa-expand expand\" aria-hidden=\"true\"><\/i>\n                            <\/a>\n                            <\/figure>                    <\/div>    \n                <\/div>\n                    <div class=\"caption\">Mapa 13: Corredores migratorios en el territorio del Tri\u00e1ngulo del Norte, 2023. Elaboraci\u00f3n: Am\u00e9rica Navarro.<\/div><div class=\"image-analysis\"><\/div>                <div class=\"bullets\"><\/div>\n            <\/div>\n\n\n\n<p>El Salvador desde hace tres d\u00e9cadas es un pa\u00eds de salida de emigrantes hacia Estados Unidos; el tr\u00e1nsito de migrantes de otros pa\u00edses por su territorio no representa un flujo importante, ya que estos suelen ingresar a Guatemala desde Honduras.<\/p>\n\n\n\n<h2 class=\"wp-block-heading\">Honduras: restricciones migratorias y exenci\u00f3n en el cobro de salvoconductos<\/h2>\n\n\n\n<p class=\"abstract\">Las Manos es la frontera terrestre m\u00e1s cercana a Tegucigalpa. Los migrantes ingresan generalmente a Honduras a trav\u00e9s de trochas, posteriormente se trasladan en veh\u00edculos de carga y mototaxis hacia Danl\u00ed, donde deben tramitar un salvoconducto por el que esperan de uno a dos d\u00edas debido al alto n\u00famero de solicitudes. Al salir de ese poblado lo primero que hacen es ubicar los \u201cbuses de inmigrantes\u201d, viejos autobuses que ofrecen servicios a bajo costo.<\/p>\n\n\n\n<p>El trayecto de Danl\u00ed a Tegucigalpa es de 160 kil\u00f3metros y demora cuatro horas transitando por una carretera angosta y llena de baches. En ese recorrido los migrantes se encuentran con retenes de la polic\u00eda o del ej\u00e9rcito en los que les piden cooperaci\u00f3n, que consiste en aportaciones en lempiras o d\u00f3lares. Pese a ello, los migrantes consideran que Honduras no es un pa\u00eds que los rechace o discrimine (v\u00e9ase Mapa 13).<\/p>\n\n\n\n<p>Para llegar de Tegucigalpa a la frontera con Guatemala existen tres pasos fronterizos oficiales. Los m\u00e1s importantes son Agua Caliente y el puerto de Corinto; los tramos carreteros por recorrer son de 300 y 370 km, respectivamente, aunque las malas condiciones de los caminos hacen que los transportes demoren hasta seis horas. En el puerto de Corinto se llevan a cabo controles rigurosos para ingresar a Guatemala que incluyen registros biom\u00e9tricos; sin embargo, como en otras fronteras de Centroam\u00e9rica, quienes no cumplen con los requisitos para el ingreso oficial pueden acceder a trav\u00e9s de trochas (v\u00e9ase Mapa 13).<\/p>\n\n\n\n<h2 class=\"wp-block-heading\">Guatemala: un dif\u00edcil camino para el migrante<\/h2>\n\n\n\n<p class=\"abstract\">La poblaci\u00f3n de Agua Caliente, Honduras, es para muchos el punto de llegada m\u00e1s cercano a Guatemala, donde las condiciones de movilidad son severas. A lo largo del d\u00eda se observa el traj\u00edn de cientos de personas caminando por trochas para evitar el cruce de la garita fronteriza. Una vez en Guatemala, la primera meta consiste en llegar a Esquipulas, un lugar clave en la ruta hacia Estados Unidos, donde se ha establecido una compleja red dedicada al tr\u00e1fico humano. Seg\u00fan la opini\u00f3n de muchos migrantes, cruzar Guatemala de manera irregular sin la ayuda de una organizaci\u00f3n criminal puede resultar peligroso (v\u00e9ase Mapa 13). Una mujer venezolana de 34 a\u00f1os coment\u00f3 que Guatemala fue el pa\u00eds del trayecto en el que menos atenci\u00f3n recibi\u00f3. \u201cEn Honduras nos dieron un salvoconducto para atravesar el pa\u00eds en cinco d\u00edas y no nos cobraron nada. Aqu\u00ed desde que llegamos no hemos visto nada de parte del gobierno, m\u00e1s bien ha resultado en un gran robo la presencia de la polic\u00eda\u201d (entrevista, migrante venezolana, octubre, 2023).<\/p>\n\n\n\n<div class=\"image-slider\">\n                <div class=\"frame\">\n                    <div class=\"picture\" itemscope itemtype=\"http:\/\/schema.org\/ImageGallery\">\n                        <figure itemprop=\"associatedMedia\" itemscope itemtype=\"http:\/\/schema.org\/ImageObject\" class=\"slider-element\">\n                              <a href=\"https:\/\/encartes.mx\/wp-content\/uploads\/2025\/03\/imagen_1-3-scaled.jpg\" itemprop=\"contentUrl\" data-size=\"3474x2605\" data-index=\"0\" data-caption=\"Imagen 1: Ellas y el mapa en Tapanatepec, Oaxaca. Fuente: Am\u00e9rica Navarro, 2023.\" >\n                                <img decoding=\"async\" src=\"https:\/\/encartes.mx\/wp-content\/uploads\/2025\/03\/imagen_1-3-scaled.jpg\" itemprop=\"thumbnail\">\n                                <i class=\"fa fa-expand expand\" aria-hidden=\"true\"><\/i>\n                            <\/a>\n                            <\/figure>                    <\/div>    \n                <\/div>\n                    <div class=\"caption\">Imagen 1: Ellas y el mapa en Tapanatepec, Oaxaca. Fuente: Am\u00e9rica Navarro, 2023.<\/div><div class=\"image-analysis\"><\/div>                <div class=\"bullets\"><\/div>\n            <\/div>\n\n\n\n<p>Existe consenso entre los migrantes de que en Guatemala se vulneran todos sus derechos. Abundan los testimonios de mujeres que se\u00f1alaron abusos sexuales y psicol\u00f3gicos al ser encerradas en cuartos antes de que los \u201cencargados del orden\u201d las dejaran salir hacia la frontera con M\u00e9xico. A lo largo de esa ruta deben cruzar varios retenes, por lo que muchas veces prefieren caminar por terrenos escarpados para evitar ser capturados por la polic\u00eda o el ej\u00e9rcito. En cada ret\u00e9n o control los guardias solicitan contribuciones o mordidas de entre 10 y 30 d\u00f3lares o su equivalente en quetzales.<\/p>\n\n\n\n<p>El pago por el traslado a la frontera de Tec\u00fan Um\u00e1n es de 300 d\u00f3lares, que incluye una o dos noches de alojamiento, alimentos y traslado en veh\u00edculo privado en condiciones de hacinamiento sin la posibilidad de bajar. Otro de los retos es evitar ser retenidos por grupos criminales, generalmente formados por hombres armados vestidos con ropa oscura que exigen una cuota por persona o sustraen las pertenencias de valor.<\/p>\n\n\n\n<p>Una joven pareja venezolana con un hijo de tres a\u00f1os comparti\u00f3 su experiencia de viaje por Guatemala:<\/p>\n\n\n\n<p class=\"verse\">En la frontera con Guatemala Nanys entr\u00f3 en estado depresivo y no ten\u00eda c\u00f3mo seguir el camino. Volver resultaba una locura. Duramos atorados tres d\u00edas en Esquipulas hasta que ella logr\u00f3 recuperarse. Para entonces a\u00fan nos quedaban algunos ahorros, con ello pudimos pagar el servicio de los coyotes. El traslado por Guatemala era muy inc\u00f3modo, autos peque\u00f1os y con demasiados pasajeros, uno no se pod\u00eda bajar a comer o al ba\u00f1o, hab\u00eda retenes de la polic\u00eda y de bandas criminales, los choferes se bajaban a negociar con estos sujetos, usaban nombres o apodos de gente y claves, luego les daban el visto bueno para seguir. Unas dos horas antes de llegar a la frontera con M\u00e9xico tomamos un autob\u00fas a Tec\u00fan Um\u00e1n. Saliendo de la terminal fuimos retenidos por unos supuestos gu\u00edas, quienes nos enga\u00f1aron y robaron el celular y todo el dinero. Aunque la frontera estaba cerca no ten\u00edamos para pagar la balsa por el r\u00edo. El que se anim\u00f3 a pedir dinero fue Edis. Gracias a la gente que nos apoy\u00f3 pudimos llegar a Ciudad Hidalgo (entrevista, migrante venezolano, octubre, 2023).<\/p>\n\n\n\n<p>Pero al llegar a Tec\u00fan Um\u00e1n, sea caminando o en autob\u00fas, existen otros peligros, como lo relat\u00f3 un migrante salvadore\u00f1o:<\/p>\n\n\n\n<p class=\"verse\">Recomiendo que al llegar a ese poblado si le preguntan no responda m\u00e1s de lo que le pregunten, que no pregunte nada a nadie, porque desde el momento que uno se baja del bus caen buitres de todos lados. Recomiendo no cruzar el r\u00edo por la noche porque a esa hora hay muchos secuestros. Si vas a cruzar a Ciudad Hidalgo, recomiendo hacerlo entre 11 de la ma\u00f1ana y dos de la tarde porque a esa hora cruza la gente de Guatemala que viene de compras a M\u00e9xico. Y tambi\u00e9n que hagan que conocen al conductor del Waze porque eso disfraza que eres migrante. Aconsejo buscar la base de combis; son dos opciones, una para migrantes que se salta los controles y vale como 500 pesos o irse de combi normal, lo bajan antes del ret\u00e9n y rodear caminando. De esa manera solo pagas 50 pesos, pero el conductor no se har\u00e1 cargo de ti si te paran. Recomiendo ir sin gorra, sin bandoleras, sin mochilas [&#8230;] y si Dios permite llegas al centro de Tapachula. Una vez ah\u00ed sugiero buscar un Oxxo y comprar un chip de Telcel para comunicarte y ahorrar dinero (entrevista, migrante salvadore\u00f1o, octubre, 2023).<\/p>\n\n\n\n<h2 class=\"wp-block-heading\">M\u00e9xico: Tapachula, el otro tap\u00f3n<\/h2>\n\n\n\n<p class=\"abstract\">La importancia de Chiapas, y particularmente de Tapachula, en la recepci\u00f3n del flujo migrante tiene sus antecedentes en el inicio del nuevo milenio. El tren conocido como La Bestia dinamiz\u00f3 la movilidad del flujo principalmente centroamericano, desde un entorno caracterizado como peligroso, con la finalidad de cruzar el territorio mexicano y llegar a Estados Unidos (Casillas, 2008). En las \u00faltimas dos d\u00e9cadas, diversos autores han tratado el tema, exponiendo los riesgos y las violaciones de todo tipo que sufrieron las personas que utilizaron La Bestia. Pandillas como las maras, grupos de secuestradores e incluso funcionarios de los retenes del Instituto Nacional de Migraci\u00f3n (<span class=\"small-caps\">inm<\/span>) incurrieron en actos que violentaban los derechos humanos, siendo las mujeres las m\u00e1s vulnerables y expuestas a riesgos (Ruiz, 2001; Casillas, 2008; Castillo y N\u00e1jera, 2016; Hern\u00e1ndez y Mora, 2022).<\/p>\n\n\n\n<p>Entender la complejidad de las rutas migratorias centroamericanas a trav\u00e9s de M\u00e9xico implica comprender que el tren ha sido clave en la traves\u00eda de los migrantes, a pesar de los costos econ\u00f3micos y los riesgos humanos que representaba (Casillas, 2008) (v\u00e9ase Mapa 14). No obstante, el 20 de septiembre de 2023 esta situaci\u00f3n cambi\u00f3 cuando el <span class=\"small-caps\">inm<\/span>, en alianza con la empresa Ferromex, anunci\u00f3 el cierre de 60 l\u00edneas de tren.<\/p>\n\n\n\n<div class=\"image-slider\">\n                <div class=\"frame\">\n                    <div class=\"picture\" itemscope itemtype=\"http:\/\/schema.org\/ImageGallery\">\n                        <figure itemprop=\"associatedMedia\" itemscope itemtype=\"http:\/\/schema.org\/ImageObject\" class=\"slider-element\">\n                              <a href=\"https:\/\/encartes.mx\/wp-content\/uploads\/2025\/03\/mapa_14-scaled.jpg\" itemprop=\"contentUrl\" data-size=\"3509x2481\" data-index=\"0\" data-caption=\"Mapa 14: Rutas ferroviarias tradicionales en La Bestia a partir de 2000. Elaboraci\u00f3n: Am\u00e9rica Navarro\" >\n                                <img decoding=\"async\" src=\"https:\/\/encartes.mx\/wp-content\/uploads\/2025\/03\/mapa_14-scaled.jpg\" itemprop=\"thumbnail\">\n                                <i class=\"fa fa-expand expand\" aria-hidden=\"true\"><\/i>\n                            <\/a>\n                            <\/figure>                    <\/div>    \n                <\/div>\n                    <div class=\"caption\">Mapa 14: Rutas ferroviarias tradicionales en La Bestia a partir de 2000. Elaboraci\u00f3n: Am\u00e9rica Navarro<\/div><div class=\"image-analysis\"><\/div>                <div class=\"bullets\"><\/div>\n            <\/div>\n\n\n\n<p>Antes de ese anuncio, en enero de 2023, el gobierno de M\u00e9xico, a trav\u00e9s de la Secretar\u00eda de Relaciones Exteriores, anunci\u00f3 que se estaban logrando avances en materia migratoria con el presidente Biden; en concreto, hizo alusi\u00f3n a que se podr\u00edan solicitar 880 000 visas y permisos humanitarios en una aplicaci\u00f3n en el celular, <span class=\"small-caps\">cbp<\/span> One, desde cualquier parte del mundo. Las visas se distribuir\u00edan de la siguiente manera:<\/p>\n\n\n\n<ol class=\"wp-block-list\">\n<li>390 000 para M\u00e9xico.<\/li>\n\n\n\n<li>164 000 para Guatemala, Honduras y El Salvador.<\/li>\n\n\n\n<li>326 000 para Venezuela, Cuba, Nicaragua y Hait\u00ed.<\/li>\n<\/ol>\n\n\n\n<p>Esta disposici\u00f3n contribuy\u00f3 al aumento de los flujos, por lo que con el paso del tiempo cambiaron las reglas. El 12 de mayo de 2023, Estados Unidos puso fin al t\u00edtulo 42; no obstante, entr\u00f3 en vigor el t\u00edtulo 8. Posteriormente, solo se pod\u00eda solicitar una cita a trav\u00e9s de <span class=\"small-caps\">cbp<\/span> One a partir de la Ciudad de M\u00e9xico, y de ah\u00ed en adelante en territorios ubicados geogr\u00e1ficamente en el norte del pa\u00eds. Estos cambios, sumados a la suspensi\u00f3n de las rutas del tren, formaron parte de las medidas de presi\u00f3n que el gobierno de Estados Unidos, a trav\u00e9s de la <span class=\"small-caps\">us<\/span> Customs and Border Protection (<span class=\"small-caps\">cbp<\/span>), ordenaba a M\u00e9xico por mediaci\u00f3n del comisionado del <span class=\"small-caps\">inm<\/span>, representantes de la Secretar\u00eda de la Defensa Nacional (Sedena) y la <span class=\"small-caps\">gn<\/span>, as\u00ed como de la gobernadora del estado de Chihuahua, entre otros funcionarios, con el argumento de \u201cdespresurizar\u201d la frontera norte (<span class=\"small-caps\">inm<\/span>, 2023).<\/p>\n\n\n\n<p>Estas disposiciones tuvieron consecuencias inmediatas. Durante el recorrido en campo a finales de septiembre de 2023 se pudo documentar c\u00f3mo las personas migrantes entrevistadas en Tuxtla Guti\u00e9rrez, Arriaga, Pijijiapan, Escuintla, Tapachula, Ciudad Hidalgo, en Chiapas, y San Pedro Tapanatepec, en Oaxaca, daban cuenta no solo de la imposibilidad de que el tren continuara siendo su medio de transporte en el paso por M\u00e9xico, sino tambi\u00e9n de una serie de devoluciones desde la frontera norte del pa\u00eds, incluso con la cita <span class=\"small-caps\">cbp<\/span> One asignada.<\/p>\n\n\n\n<div class=\"image-slider\">\n                <div class=\"frame\">\n                    <div class=\"picture\" itemscope itemtype=\"http:\/\/schema.org\/ImageGallery\">\n                        <figure itemprop=\"associatedMedia\" itemscope itemtype=\"http:\/\/schema.org\/ImageObject\" class=\"slider-element\">\n                              <a href=\"https:\/\/encartes.mx\/wp-content\/uploads\/2025\/03\/imagen_2-3-scaled.jpg\" itemprop=\"contentUrl\" data-size=\"3191x2393\" data-index=\"0\" data-caption=\"Imagen 2: La batalla por un lugar en un mundo de hombres. Pijijiapan, Chiapas. Fuente: Am\u00e9rica Navarro, 2023.\" >\n                                <img decoding=\"async\" src=\"https:\/\/encartes.mx\/wp-content\/uploads\/2025\/03\/imagen_2-3-scaled.jpg\" itemprop=\"thumbnail\">\n                                <i class=\"fa fa-expand expand\" aria-hidden=\"true\"><\/i>\n                            <\/a>\n                            <\/figure>                    <\/div>    \n                <\/div>\n                    <div class=\"caption\">Imagen 2: La batalla por un lugar en un mundo de hombres. Pijijiapan, Chiapas. Fuente: Am\u00e9rica Navarro, 2023.<\/div><div class=\"image-analysis\"><\/div>                <div class=\"bullets\"><\/div>\n            <\/div>\n\n\n\n<p>Los migrantes entrevistados hicieron particular \u00e9nfasis en los estancamientos que padecieron durante semanas e incluso meses en terminales de autobuses y albergues de diferentes lugares, destacando las esperas prolongadas en Tapachula como consecuencia del inicio del tr\u00e1mite de cualquier documento que les permitiera transitar \u201clibremente\u201d por territorio mexicano. Este asunto ha sido estudiado por autoras como N\u00e1jera (2022) y Jasso (2023), quienes plantean c\u00f3mo los migrantes centroamericanos \u2013a los que habr\u00eda que agregar un c\u00famulo de nacionalidades de Sudam\u00e9rica, Asia y \u00c1frica\u2013, en su paso por el territorio nacional, han convertido esta ciudad en un lugar de desplazamiento y \u201cestancia prolongada\u201d.<\/p>\n\n\n\n<p>En San Pedro Tapanatepec j\u00f3venes venezolanos compartieron c\u00f3mo estando en Piedras Negras, Coahuila, a cinco d\u00edas de la entrevista con funcionarios de la <span class=\"small-caps\">cbp<\/span>, fueron devueltos por la <span class=\"small-caps\">gn<\/span> hasta la frontera sur. Los j\u00f3venes se encontraban abatidos despu\u00e9s de semanas de espera sin poder salir del lugar y ante la evidente imposibilidad de obtener una nueva cita. Fuimos testigos, por medio de entrevistas y de observaci\u00f3n participante, de muchas otras historias que daban cuenta de c\u00f3mo las medidas tomadas por M\u00e9xico implicaban pr\u00e1cticamente un proceso de externalizaci\u00f3n de la frontera de Estados Unidos, y que la violaci\u00f3n de los derechos humanos era com\u00fan denominador.<\/p>\n\n\n\n<p>Por otra parte, en diciembre de 2023, la Comisi\u00f3n Mexicana de Ayuda a Refugiados (<span class=\"small-caps\">comar<\/span>) report\u00f3 140 982 personas solicitantes de refugio en M\u00e9xico, de las que 77 450 lo hab\u00edan hecho en Tapachula y 9 413 en Palenque; es decir, 62% de los solicitantes, lo que denota la importancia de Chiapas en la recepci\u00f3n de este flujo. Encabezan la lista de los pa\u00edsesde origen los siguientes: Hait\u00ed, Honduras, Cuba, El Salvador, Guatemala, Venezuela, Brasil, Chile, Colombia y Afganist\u00e1n (<span class=\"small-caps\">comar<\/span>, 2023). De acuerdo con informaci\u00f3n obtenida en entrevistas a funcionarios de esta dependencia:<\/p>\n\n\n\n<p class=\"verse\">Solo en Tapachula son alrededor de 71 nacionalidades las que hacen presencia [\u2026] es en 2018 como consecuencia de las caravanas migrantes donde se puede ubicar un antes y un despu\u00e9s en cuanto a la intensidad del flujo migratorio internacional. En ese a\u00f1o a Tapachula llegaron cerca de 20,000 personas. Para 2019 fueron 72,000; en 2020, el flujo disminuy\u00f3 a 40,000 por las medidas tomadas ante la pandemia de covid-19; posteriormente, en 2021 llegaron 130,000 personas; en 2022, 118,000; por \u00faltimo, hasta el mes de septiembre de 2023 el registro indicaba 112,000, y proyectamos alrededor de 150,000 para cerrar el a\u00f1o. Tan solo del 15 al 30 de septiembre atendimos 19,671 personas (entrevista, funcionarios de <span class=\"small-caps\">comar<\/span>, 2023).<\/p>\n\n\n\n<p>Como es del dominio p\u00fablico, las personas inmigrantes enfrentan procesos de espera que duran semanas e incluso meses, lo que ha hecho de Tapachula un tap\u00f3n de entrada a M\u00e9xico, situaci\u00f3n que rebas\u00f3 a algunos actores que proveen servicios, como el transporte. Ha alcanzado tal magnitud la presi\u00f3n en esta ciudad que se ha dado una especie de expansi\u00f3n del tap\u00f3n a municipios contiguos en la franja de la costa chiapaneca.<\/p>\n\n\n\n<p>Tendederos de ropa improvisados en las cercas de albergues como Viva M\u00e9xico, en Tapachula, fogones al aire libre en Ciudad Hidalgo y servicios de peluquer\u00eda en las calles, nos advert\u00edan sobre el proceso de estancamiento que las entrevistas confirmaron. Las terminales de autobuses de Escuintla, Arriaga y Pijijiapan mostraban un lleno total, con familias enteras que nos describieron, m\u00e1s que la espera, su desesperanza ante la imposibilidad de salir por medios oficiales y seguros. En estos lugares, donde se observaban adem\u00e1s letreros del tipo \u201csolo mexicanos\u201d, entrevistamos a personas de Venezuela, Colombia, Cuba, Honduras, Ecuador, Hait\u00ed, Brasil, Argentina y Uzbekist\u00e1n; muchas de ellas optaban por servicios de traslado clandestino, poniendo en riesgo sus vidas (G\u00f3mez, 2023).<\/p>\n\n\n\n<p>Se pudo documentar que en los puntos de control la <span class=\"small-caps\">gn<\/span> permit\u00eda, a cuentagotas, que las personas migrantes transitaran a pie, revisando solo a las que viajaban en autob\u00fas, del cual ten\u00edan que bajar y continuar a pie. Esto las obligaba a caminar por los bordes de la carretera Costa-Soconusco de Chiapas, rumbo a San Pedro Tapanatepec, Oaxaca, soportando temperaturas superiores a 38 \u00b0C (v\u00e9ase Mapa 15).<\/p>\n\n\n\n<div class=\"image-slider\">\n                <div class=\"frame\">\n                    <div class=\"picture\" itemscope itemtype=\"http:\/\/schema.org\/ImageGallery\">\n                        <figure itemprop=\"associatedMedia\" itemscope itemtype=\"http:\/\/schema.org\/ImageObject\" class=\"slider-element\">\n                              <a href=\"https:\/\/encartes.mx\/wp-content\/uploads\/2025\/03\/mapa_15-scaled.jpg\" itemprop=\"contentUrl\" data-size=\"3509x2481\" data-index=\"0\" data-caption=\"Mapa 15: Ferrocarril, carretera y presencia de la Guardia Nacional en corredor migratorio del sur de Chiapas, 2023.Elaboraci\u00f3n: Am\u00e9rica Navarro.\" >\n                                <img decoding=\"async\" src=\"https:\/\/encartes.mx\/wp-content\/uploads\/2025\/03\/mapa_15-scaled.jpg\" itemprop=\"thumbnail\">\n                                <i class=\"fa fa-expand expand\" aria-hidden=\"true\"><\/i>\n                            <\/a>\n                            <\/figure>                    <\/div>    \n                <\/div>\n                    <div class=\"caption\">Mapa 15: Ferrocarril, carretera y presencia de la Guardia Nacional en corredor migratorio del sur de Chiapas, 2023.Elaboraci\u00f3n: Am\u00e9rica Navarro.<\/div><div class=\"image-analysis\"><\/div>                <div class=\"bullets\"><\/div>\n            <\/div>\n\n\n\n<p>De los casos documentados en esta investigaci\u00f3n, solo cinco lograron llegar a Estados Unidos. Uno de ellos fue la familia Nar\u00edn, que ingres\u00f3 a M\u00e9xico por el Suchiate y se estanc\u00f3 m\u00e1s de un mes en Tapachula. Desde all\u00ed pudieron llegar a Matamoros, en la frontera norte, pero fueron devueltos a Villahermosa. Con des\u00e1nimo, pero una gran fe, reiniciaron la marcha desde Tuxtla Guti\u00e9rrez siguiendo la ruta Cintalapa-Arriaga-Tapanatepec-Tehuantepec. Trabajaron algunas semanas en Tehuantepec, para dirigirse despu\u00e9s a Oaxaca y Ciudad de M\u00e9xico, en donde permanecieron un par de semanas. Los Nar\u00edn continuaron la ruta Saltillo-Monterrey, en donde consiguieron trabajo, para despu\u00e9s viajar a Ciudad Ju\u00e1rez y llevar a cabo la entrevista en el <span class=\"small-caps\">cbp<\/span>. Finalmente, ingresaron a Estados Unidos como refugiados por Denver. Su recorrido implic\u00f3 seis meses de estancamientos, con aciertos e infortunios en su camino para alcanzar el tan anhelado \u201csue\u00f1o americano\u201d.<\/p>\n\n\n\n<h2 class=\"wp-block-heading\">Reflexiones finales<\/h2>\n\n\n\n<p class=\"abstract\">El estudio de los corredores y rutas de desplazamiento del Tap\u00f3n del Dari\u00e9n al de Tapachula, desde miradas interdisciplinarias, ha sido interesante. A trav\u00e9s de la representaci\u00f3n cartogr\u00e1fica de la informaci\u00f3n procedente de diversas fuentes, fue posible interpretar los trazos tanto de rutas tradicionales como nuevas, haciendo un cruce de metodolog\u00edas de las disciplinas geogr\u00e1fica y sociol\u00f3gica, mediante nuevas cartograf\u00edas que convirtieron el territorio y el paisaje en testigos de los hechos.<\/p>\n\n\n\n<p>La visualizaci\u00f3n cartogr\u00e1fica y el an\u00e1lisis geogr\u00e1fico y sociol\u00f3gico de las rutas y corredores migratorios permitieron identificar el territorio involucrado y entretejer un discurso que vincula el contexto econ\u00f3mico, pol\u00edtico y social con el espacio donde ocurren los desplazamientos, para reflexionar sobre la importancia del medio f\u00edsico en la explicaci\u00f3n de estos movimientos. La espacializaci\u00f3n del largo desplazamiento de las personas migrantes permiti\u00f3 evidenciar, en un primer momento, las adversas condiciones del medio f\u00edsico a las que se enfrentan en el cruce por el Dari\u00e9n, en la frontera Colombia-Panam\u00e1, para posteriormente seguir sorteando adversidades con autoridades fronterizas y grupos del crimen organizado desde Colombia hasta M\u00e9xico.<\/p>\n\n\n\n<p>En M\u00e9xico, la posici\u00f3n geoestrat\u00e9gica de Chiapas, sumada a su conexi\u00f3n comercial a trav\u00e9s del Pac\u00edfico y el Atl\u00e1ntico, est\u00e1 cambiando las din\u00e1micas fronterizas del sur y esto ha favorecido la presencia de c\u00e1rteles del narcotr\u00e1fico y grupos del crimen organizado que se disputan el territorio, lo que implica el control de la frontera en s\u00ed. Se trata de una din\u00e1mica parecida a la observada en otros pa\u00edses expulsores de poblaci\u00f3n o, mejor dicho, desde donde la poblaci\u00f3n se desplaza forzosamente debido sobre todo, seg\u00fan nos expusieron, a la pobreza y la violencia.<\/p>\n\n\n\n<p>Adem\u00e1s, en el \u00e1mbito transfronterizo tanto en la frontera norte como en la sur de M\u00e9xico permea la violencia que ejercen los cuerpos castrenses, pero no solo ellos, sino tambi\u00e9n, como se ha mencionado, integrantes de los c\u00e1rteles del narcotr\u00e1fico y del crimen organizado, que controlan mediante estrategias de terror, como desapariciones, las rutas, los costos de traslado y, en t\u00e9rminos generales, la frontera en s\u00ed. Haber levantado puntos de control <span class=\"small-caps\">gps<\/span> en los recorridos de campo, que posteriormente fueron proyectados en el <span class=\"small-caps\">sig<\/span>, condujo a una paradoja: c\u00f3mo explicar que un flujo que se desplaza por un corredor altamente militarizado est\u00e9 bajo el control de grupos del crimen organizado.<\/p>\n\n\n\n<p>La espacializaci\u00f3n permiti\u00f3 identificar patrones espaciales de coincidencia y cercan\u00eda de carreteras y, en el caso de M\u00e9xico, tambi\u00e9n de v\u00edas f\u00e9rreas y puestos de control de la <span class=\"small-caps\">gn<\/span> en la regi\u00f3n Soconusco-Costa de Chiapas. Asimismo, las entrevistas realizadas y la observaci\u00f3n participante evidenciaron la percepci\u00f3n por parte de los migrantes y algunos pobladores locales de que Tapachula es una ciudad tap\u00f3n que aprisiona el flujo en diferentes lapsos de tiempo. Adem\u00e1s, por medio de las entrevistas se pudo dar seguimiento a distancia a la familia Nar\u00edn, quienes dieron cuenta del trazo de nuevas rutas que permiten salir del tap\u00f3n de Tapachula y de la astucia que tuvieron para llegar a Estados Unidos utilizando las mismas reglas legales que impone el pa\u00eds del norte.<\/p>\n\n\n\n<h2 class=\"wp-block-heading\">Agradecimientos<\/h2>\n\n\n\n<p class=\"abstract\">Los autores agradecen a los revisores del art\u00edculo por sus pertinentes observaciones. La investigaci\u00f3n se realiz\u00f3 en el marco de los proyectos \u201cDesplazamientos forzados y transformaciones de territorialidades ind\u00edgenas en la frontera sur de M\u00e9xico. Chiapas 1970-2022\u201d, con financiamiento <span class=\"small-caps\">papiit-dgapa unam<\/span>, n\u00famero IA301424, y \u201cCircuitos migratorios, tr\u00e1nsito y movilidad en las fronteras Colombia-Panam\u00e1 y M\u00e9xico-Guatemala, 2010-2023\u201d, Centro de Estudios Migratorios de la Universidad de los Andes.<\/p>\n\n\n\n<p>&nbsp;<\/p>\n\n\n\n<h3 class=\"wp-block-heading\">Bibliograf\u00eda<\/h3>\n\n\n\n<p class=\"bibliography\">Alimonda, H\u00e9ctor (2014). \u201cLa problem\u00e1tica del desarrollo ambiental. Una introducci\u00f3n a la ecolog\u00eda pol\u00edtica latinoamericana pasando por la historia ambiental\u201d,&nbsp;en Neptal\u00ed Monterroso, Luis Alfonso Guadarrama y Lilia Zizumbo (eds.). <em>Democracia y desarrollo en Am\u00e9rica Latina<\/em>. Toluca: <span class=\"small-caps\">uaem<\/span>, pp. 139-174.<\/p>\n\n\n\n<p class=\"bibliography\">\u00c1lvarez, Soledad, Claudia Perdone y Bruno Miranda (2021). \u201cMovilidades, control y disputa espacial. La formaci\u00f3n y transformaci\u00f3n de corredores migratorios en las Am\u00e9ricas\u201d, <em>P\u00e9riplos. Revista de Investigaci\u00f3n sobre Migraciones<\/em>, 5(1), pp. 4-27.<\/p>\n\n\n\n<p class=\"bibliography\">Berm\u00fadez, Daniel, Evelyn Betancort, Luis Guti\u00e9rrez y Gloria Morales (2023). \u201cPropuesta para generar un corredor migratorio socioecol\u00f3gico en el Tap\u00f3n del Dari\u00e9n\u201d, <em>Tlatemoani. Revista Acad\u00e9mica de Investigaci\u00f3n<\/em>, 14(43), pp. 138-165.<\/p>\n\n\n\n<p class=\"bibliography\">Botero, Carlos (2009). \u201cLos efectos din\u00e1micos del puerto de Urab\u00e1\u201d,&nbsp;<em>Revista Polit\u00e9cnica<\/em>,&nbsp;5(8), pp. 9-25.<\/p>\n\n\n\n<p class=\"bibliography\">Cabrera, Ada y Jesica Carrillo (2022). \u201cLa selva o Tap\u00f3n del Dari\u00e9n en disputa. Instrumentalizaci\u00f3n de la tensi\u00f3n entre la movilidad y el control migratorio en el actual contexto de caos sist\u00e9mico\u201d, en Ada Cabrera, Blanca Cordero y Eduardo Crivelli (coords.).<em> El orden hegem\u00f3nico contempor\u00e1neo del sistema-mundo moderno<\/em>. Puebla: <span class=\"small-caps\">buap<\/span>, pp. 89-132.<\/p>\n\n\n\n<p class=\"bibliography\">C\u00e1rdenas, Wilmer (2021). \u201cLos olvidados deseantes del Dari\u00e9n en busca del norte\u201d,&nbsp;<em>Quaestiones Disputatae: Temas en Debate<\/em>,&nbsp;14(28), pp. 157-170.<\/p>\n\n\n\n<p class=\"bibliography\">Carre\u00f1o, \u00c1ngela (2012). \u201cRefugiados en las fronteras colombianas: Ecuador, Venezuela y Panam\u00e1\u201d,&nbsp;<em>Encrucijada Americana<\/em>,&nbsp;5(1), pp. 6-24.<\/p>\n\n\n\n<p class=\"bibliography\">Casillas, Rodolfo (2008). \u201cLa ruta de los centroamericanos por M\u00e9xico, un ejercicio de caracterizaci\u00f3n, actores principales y complejidades, <em>Migraci\u00f3n y Desarrollo<\/em>, (10), pp. 157-174.<\/p>\n\n\n\n<p class=\"bibliography\">Castillo, Manuel y J\u00e9ssica N\u00e1jera (2016). \u201cCentroamericanos en movimiento: medios, riesgos, protecci\u00f3n y asistencia\u201d, en Mar\u00eda Eugenia Anguiano y Daniel Villafuerte (coords.). <em>Migrantes en tr\u00e1nsito a Estados Unidos. Vulnerabilidad, riesgos y resiliencia<\/em>. Ciudad de M\u00e9xico: <span class=\"small-caps\">colef\/unicach<\/span>, pp. 71-98.<\/p>\n\n\n\n<p class=\"bibliography\">Castro, Guillermo (2005). \u201cDe civilizaci\u00f3n y naturaleza: notas para el debate sobre historia ambiental latinoamericana\u201d,&nbsp;<em>Procesos. Revista Ecuatoriana de Historia<\/em>, 20, pp. 99-113.<\/p>\n\n\n\n<p class=\"bibliography\">Ceja, Ir\u00e9ri y Jacques Ram\u00edrez (2022). \u201cLa migraci\u00f3n haitiana en la regi\u00f3n andina y Ecuador: pol\u00edticas, trayectorias y perfiles,&nbsp;<em>Estudios Fronterizos<\/em>,&nbsp;23, pp. 1-24.<\/p>\n\n\n\n<p class=\"bibliography\">Clot, Jean y Germ\u00e1n Mart\u00ednez (2018). \u201cLa \u2018odisea\u2019 de los migrantes cubanos en Am\u00e9rica: modalidades, rutas y etapas migratorias\u201d,&nbsp;<em>Revista Pueblos y Fronteras Digital<\/em>,&nbsp;13, pp. 1-30.<\/p>\n\n\n\n<p class=\"bibliography\">Comisi\u00f3n Mexicana de Ayuda a Refugiados (2023). La <span class=\"small-caps\">comar<\/span> en n\u00fameros, septiembre de 2023. https:\/\/www.gob.mx\/comar\/es\/articulos\/la-comar-en-numeros-355058?idiom=es<\/p>\n\n\n\n<p class=\"bibliography\">Congreso Panamericano de Carreteras (1991). <em>Carretera del Tap\u00f3n del Dari\u00e9n<\/em>. Bogot\u00e1: Ministerio de Transporte.<\/p>\n\n\n\n<p class=\"bibliography\">Corbino, Mariano (2021). \u201cLa frontera olvidada, el Tap\u00f3n de Dari\u00e9n\u201d,&nbsp;<em>Bolet\u00edn del Departamento de Seguridad Internacional y Defensa<\/em>, 44, pp. 5-6.<\/p>\n\n\n\n<p class=\"bibliography\">Echeverri, Jonathan, Juan Ord\u00f3\u00f1ez, Jorge \u00c1lvarez y Nicol\u00e1s Bard (2023). \u201cReflexiones sobre la construcci\u00f3n del tr\u00e1fico de migrantes en Colombia a partir del caso de Urab\u00e1\u201d,&nbsp;<em>Secuencia<\/em>, 116, pp. 1-26.<\/p>\n\n\n\n<p class=\"bibliography\">Ficek, Rosa (2016). \u201cImperial Routes, National Networks and Regional Projects in the Pan-American Highway, 1884-1977, <em>The Journal of Transport History<\/em>, 37(2), pp. 129-154.<\/p>\n\n\n\n<p class=\"bibliography\">G\u00f3mez, Alejandro (2023). \u201cAccidentes de migrantes en Chiapas 2023\u201d, <em>Diario del Sur<\/em>, 2 de diciembre. https:\/\/www.diariodelsur.com.mx\/local\/accidentes-de-migrantes-en-chiapas-2023-11089325.html<\/p>\n\n\n\n<p class=\"bibliography\">Hern\u00e1ndez, Alberto (2023). \u201cNicaragua y la lucrativa ruta migratoria\u201d, <em>Latinoam\u00e9rica 21.<\/em> https:\/\/latinoamerica21.com\/es\/nicaragua-y-la-lucrativa-ruta-migratoria\/<\/p>\n\n\n\n<p class=\"bibliography\">\u2014 y Carlos Ibarra (2023). \u201cNavegando entre dominaci\u00f3n y empat\u00eda: desaf\u00edos \u00e9ticos y metodol\u00f3gicos en la investigaci\u00f3n del corredor migratorio del Tap\u00f3n del Dari\u00e9n\u201d,&nbsp;<em>Tramas y Redes<\/em>, 5, pp. 29-46.<\/p>\n\n\n\n<p class=\"bibliography\">Hern\u00e1ndez, Rafael y Jos\u00e9 Mora (2022). \u201cMujeres migrantes. Entre el desplazamiento y el tr\u00e1nsito precario por M\u00e9xico\u201d, en Rafael Hern\u00e1ndez y Chantal Lucero-Vargas (coords.). <em>Vulnerabilidad en tr<\/em>\u00e1<em>nsito. Peligros, retos y desaf<\/em>\u00ed<em>os de migrantes del norte de Centroam<\/em>\u00e9<em>rica a su paso por M<\/em>\u00e9<em>xico<\/em>. Tijuana: <span class=\"small-caps\">colef<\/span>, pp. 85-124.<\/p>\n\n\n\n<p class=\"bibliography\">Instituto Nacional de Migraci\u00f3n (2023). \u201cAcuerdan <span class=\"small-caps\">inm<\/span> y Ferromex acciones con 3 niveles de gobierno y <span class=\"small-caps\">cbp<\/span>\u201d. https:\/\/n9.cl\/8q8ar<\/p>\n\n\n\n<p class=\"bibliography\">Instituto Nacional de Migraci\u00f3n de Honduras (2022). <em>Estad\u00edsticas migratorias<\/em>. https:\/\/inm.gob.hn\/estadisticas.html<\/p>\n\n\n\n<p class=\"bibliography\">Jasso, Rosalba (2023). <em>Vidas truncadas: muertes de personas migrantes centroamericanas en tr\u00e1nsito por M\u00e9xico<\/em>. Ciudad de M\u00e9xico: <span class=\"small-caps\">unam<\/span>.<\/p>\n\n\n\n<p class=\"bibliography\">Le\u00f3n, Alejandra y Alejandro Antol\u00ednez (2021). \u201cNecropol\u00edtica y migraci\u00f3n. Colombia y sus dos caras en la gesti\u00f3n de flujos migratorios transnacionales y transcontinentales\u201d, en&nbsp;<em>Necropol\u00edtica en Am\u00e9rica Latina:<\/em> <em>Algunos debates alrededor de las pol\u00edticas de control y muerte en la regi\u00f3n<\/em>. Bogot\u00e1: <span class=\"small-caps\">uniandes<\/span>-Programa de Investigaci\u00f3n de Pol\u00edtica Exterior Colombiana, pp. 87-97.<\/p>\n\n\n\n<p class=\"bibliography\">Luque, Arturo, Pedro Carretero y Pamela Morales (2019). \u201cEl desplazamiento humanitario en Ecuador y los procesos migratorios en su zona fronteriza: vulneraci\u00f3n o derecho\u201d,&nbsp;<em>Revista Espacios<\/em>,&nbsp;40(16), pp. 3-13.<\/p>\n\n\n\n<p class=\"bibliography\">Miraglia, Peter (2016). \u201cThe Invisible Migrants of the Dari\u00e9n Gap: Evolving Immigration Routes in the Americas\u201d,&nbsp;<em>Council on Hemispheric Affairs<\/em>,&nbsp;18 de noviembre.<\/p>\n\n\n\n<p class=\"bibliography\">Miranda, Bruno (2021). \u201cMovilidades haitianas en el corredor Brasil-M\u00e9xico: efectos del control migratorio y de la securitizaci\u00f3n fronteriza\u201d,&nbsp;<em>P\u00e9riplos<\/em>, 5(1), pp. 108-130.<\/p>\n\n\n\n<p class=\"bibliography\">N\u00e1jera, J\u00e9ssica (2022). \u201cProcesos de establecimiento de migrantes latinoamericanos recientes en la Ciudad de M\u00e9xico: el trabajo como un medio esencial\u201d, <em>Notas de Poblaci\u00f3n<\/em>, (114), pp. 129-151.<\/p>\n\n\n\n<p class=\"bibliography\">Pi\u00f1a, Ingrid (2022). \u201cAbandonados por los Estados Unidos: migrantes venezolanos llenan los vac\u00edos en la comunicaci\u00f3n de la pol\u00edtica migratoria\u201d. Proyecto de estudio independiente. https:\/\/digitalcollections.sit.edu\/isp_collection\/3662<\/p>\n\n\n\n<p class=\"bibliography\">Polo, Sebasti\u00e1n, Enrique Serrano y Laura Manrique (2019). \u201cPanorama de la frontera entre Colombia y Panam\u00e1: flujos migratorios e ilegalidad en el Dari\u00e9n\u201d, <em>Novum Jus<\/em>, 13(1), pp. 17-43.<\/p>\n\n\n\n<p class=\"bibliography\">Porras, Aleix (2023). \u201cRepensando la respuesta humanitaria a la crisis del Tap\u00f3n del Dari\u00e9n en el marco de los <span class=\"small-caps\">ods<\/span>: el triple nexo humanitario en perspectiva, <em>An\u00e1lisis Jur\u00eddico-Pol\u00edtico<\/em>,&nbsp;5(10), pp. 147-178.<\/p>\n\n\n\n<p class=\"bibliography\">Ruiz, Olivia (2001). \u201cLos riesgos de cruzar. La migraci\u00f3n centroamericana en la frontera M\u00e9xico-Guatemala\u201d, <em>Frontera Norte<\/em>, 13(25), pp. 7-41.<\/p>\n\n\n\n<p class=\"bibliography\">Schmidtke, Rachel (2022). <em>Llenar el vac\u00edo: apoyo humanitario y v\u00edas alternativas para los migrantes en la periferia de Colombia<\/em>. Informe. Washington: Refugees International.<\/p>\n\n\n\n<p class=\"bibliography\">Senafront (s\/f). <em>Tr\u00e1nsito irregular de extranjeros por la frontera con Colombia por regi\u00f3n seg\u00fan orden de importancia: a\u00f1o 2010-2019<\/em>. Informe de tr\u00e1nsito irregular por el Dari\u00e9n. Recuperado el 2 de diciembre de 2024 de https:\/\/www.migracion.gob.pa\/wp-content\/uploads\/IRREGULARES-2010-2019-actualizado.pdf<\/p>\n\n\n\n<p class=\"bibliography\">\u2014 (s\/f A). <em>Extranjeros con estatus irregular y faltas a la legislaci\u00f3n administrativa y penal remitidos por sexo: a\u00f1o 2022. <\/em>Informe de irregulares detenidos. Recuperado el 2 de diciembre de 2024 de https:\/\/www.migracion.gob.pa\/wp-content\/uploads\/IRREGULARES_POR_DARIEN_DICIEMBRE_2022.pdf<\/p>\n\n\n\n<p class=\"bibliography\">Angulo Severiche, H\u00e9ctor, \u00d3scar Casallas, Mar\u00eda Isabel Granados, Natalia Herrera y Cristian Perea (s\/f). \u201cLa cara de la migraci\u00f3n de la que nadie est\u00e1 hablando\u201d. https:\/\/www.cancilleria.gov.co\/sites\/default\/files\/FOTOS2020\/2019_h_angulo_et_al_migracion_de_transito_en_uraba_y_darien.pdf<\/p>\n\n\n\n<p class=\"bibliography\">Vilchez, Hayde\u00e9 (2016). \u201cHacia una nueva diversidad: migraciones asi\u00e1ticas en Am\u00e9rica Latina\u201d,&nbsp;<em>Tiempo y Espacio<\/em>,&nbsp;26(65), pp. 99-119.<\/p>\n\n\n\n<p class=\"bibliography\">Villalibre, Vanessa (2015). \u201cPesca humana. Captaci\u00f3n de v\u00edctimas para la trata de personas en el contexto paname\u00f1o\u201d,&nbsp;<em>Societas<\/em>,&nbsp;17(2), pp. 135-156.<\/p>\n\n\n\n<p class=\"bibliography\">Zamora, Anny Paola, \u00c1ngela Cecilia L\u00f3pez y Paula Cristina Sierra (2008). <em>Formulaci\u00f3n de los lineamientos y estrategias de manejo integrado de la Unidad Ambiental Costera del Dari\u00e9n<\/em>. Santa Marta: <span class=\"small-caps\">invemar<\/span>.<\/p>\n\n\n\n<hr class=\"wp-block-separator has-alpha-channel-opacity\"\/>\n\n\n\n<p class=\"abstract\"><em>Am\u00e9rica A. Navarro L\u00f3pez<\/em> es doctora en Geograf\u00eda por la Universidad Nacional Aut\u00f3noma de M\u00e9xico. Investigadora de tiempo completo del Centro de Investigaciones Multidisciplinarias sobre Chiapas y la Frontera Sur de la <span class=\"small-caps\">unam<\/span>. Forma parte del Sistema Nacional de Investigadores, nivel <span class=\"small-caps\">i<\/span>. Ha sido profesora en diversas sedes de la <span class=\"small-caps\">unam<\/span> y en posgrados de la <span class=\"small-caps\">unach<\/span> y <span class=\"small-caps\">unicach<\/span>. Publicaciones recientes: \u201cCincuenta a\u00f1os de desplazamiento forzado ind\u00edgena en Chiapas, M\u00e9xico. De conflictos pol\u00edticos-religiosos a conflictos entre c\u00e1rteles\u201d, <em>Journal of Latin America Geography<\/em>; \u201cDesplazamiento forzado interno en Chiapas una mirada retrospectiva desde los Sistemas de Informaci\u00f3n Geogr\u00e1fica, 2024\u201d (<span class=\"small-caps\">pued<\/span>&#8211;<span class=\"small-caps\">unam<\/span>); \u201cConstrucci\u00f3n de una frontera al oeste del obispado de Chiapa y Soconusco. Una aproximaci\u00f3n desde los <span class=\"small-caps\">sig-h<\/span> (2023), <em>Revista Geogr\u00e1fica de Am\u00e9rica Central<\/em>. L\u00edneas de investigaci\u00f3n: frontera, desplazamientos forzados, <span class=\"small-caps\">sig<\/span> orientados a las ciencias sociales y las humanidades.<\/p>\n\n\n\n<p class=\"abstract\"><em>Alberto Hern\u00e1ndez Hern\u00e1ndez<\/em> es doctor en Sociolog\u00eda por la Universidad Complutense de Madrid. Profesor\u2010investigador del Departamento de Estudios de Administraci\u00f3n P\u00fablica en El Colegio de la Frontera Norte, presidente de esa instituci\u00f3n de 2017 a 2022 y profesor visitante del Centro de Estudios Migratorios de la Universidad de los Andes. Investigador Nacional, nivel <span class=\"small-caps\">iii<\/span>. Ha sido profesor en Colombia y Espa\u00f1a e investigador visitante en la Universidad de California, San Diego, y en el Instituto Universitario Ortega y Gasset, Espa\u00f1a. Publicaciones recientes: Hern\u00e1ndez, A. y A. Campos\u2010Delgado (coords.) (2022). <em>Migraci\u00f3n y movilidad en las Am\u00e9ricas<\/em>. M\u00e9xico: Siglo <span class=\"small-caps\">xxi\/clacso<\/span>; Hern\u00e1ndez, A. y R. Cruz (coords.) (2021). <em>Geograf\u00edas del trabajo sexual en las fronteras de Am\u00e9rica Latina<\/em>. Tijuana: El Colegio de la Frontera Norte. L\u00edneas de investigaci\u00f3n: fronteras, migraci\u00f3n internacional y estudios culturales.<\/p>\n","protected":false},"excerpt":{"rendered":"<p>Resumen Se realiz\u00f3 una investigaci\u00f3n geogr\u00e1fica y sociol\u00f3gica sobre las rutas utilizadas por migrantes que cruzan el Dari\u00e9n e ingresan a M\u00e9xico por Tapachula con la finalidad de llegar a Estados Unidos. Metodol\u00f3gicamente, se combin\u00f3 an\u00e1lisis cartogr\u00e1fico, entrevistas y recorridos de campo. Adem\u00e1s, se tomaron puntos gps (Sistema de Posicionamiento Global, por sus siglas en [&hellip;]<\/p>\n","protected":false},"author":4,"featured_media":39283,"comment_status":"open","ping_status":"open","sticky":false,"template":"","format":"standard","meta":{"_acf_changed":false,"footnotes":""},"categories":[279],"tags":[1355,1353,1354,1356],"coauthors":[551],"class_list":["post-39280","post","type-post","status-publish","format-standard","has-post-thumbnail","hentry","category-279","tag-corredores-migratorios","tag-desplazamientos-forzados","tag-fronteras-latinoamericanas","tag-sig","personas-alberto-hernandez-hernandez","personas-navarrol-lopez-america-a","numeros-1330"],"acf":[],"yoast_head":"<!-- This site is optimized with the Yoast SEO plugin v22.2 - https:\/\/yoast.com\/wordpress\/plugins\/seo\/ -->\n<title>Del Tap\u00f3n del Dari\u00e9n al de Tapachula. Trazo y conformaci\u00f3n de nuevas rutas de migrantes que se desplazan con destino a Estados Unidos &#8211; Encartes<\/title>\n<meta name=\"robots\" content=\"index, follow, max-snippet:-1, max-image-preview:large, max-video-preview:-1\" \/>\n<link rel=\"canonical\" href=\"https:\/\/encartes.mx\/en\/navarro-hernandez-corredores-migratorios-darien-tapachula-sig\/\" \/>\n<meta property=\"og:locale\" content=\"en_US\" \/>\n<meta property=\"og:type\" content=\"article\" \/>\n<meta property=\"og:title\" content=\"Del Tap\u00f3n del Dari\u00e9n al de Tapachula. Trazo y conformaci\u00f3n de nuevas rutas de migrantes que se desplazan con destino a Estados Unidos &#8211; Encartes\" \/>\n<meta property=\"og:description\" content=\"Resumen Se realiz\u00f3 una investigaci\u00f3n geogr\u00e1fica y sociol\u00f3gica sobre las rutas utilizadas por migrantes que cruzan el Dari\u00e9n e ingresan a M\u00e9xico por Tapachula con la finalidad de llegar a Estados Unidos. Metodol\u00f3gicamente, se combin\u00f3 an\u00e1lisis cartogr\u00e1fico, entrevistas y recorridos de campo. Adem\u00e1s, se tomaron puntos gps (Sistema de Posicionamiento Global, por sus siglas en [&hellip;]\" \/>\n<meta property=\"og:url\" content=\"https:\/\/encartes.mx\/en\/navarro-hernandez-corredores-migratorios-darien-tapachula-sig\/\" \/>\n<meta property=\"og:site_name\" content=\"Encartes\" \/>\n<meta property=\"article:published_time\" content=\"2025-03-21T19:00:00+00:00\" \/>\n<meta property=\"article:modified_time\" content=\"2025-03-27T23:41:57+00:00\" \/>\n<meta property=\"og:image\" content=\"https:\/\/encartes.mx\/wp-content\/uploads\/2025\/03\/imagen_1-3-scaled.jpg\" \/>\n\t<meta property=\"og:image:width\" content=\"2560\" \/>\n\t<meta property=\"og:image:height\" content=\"1920\" \/>\n\t<meta property=\"og:image:type\" content=\"image\/jpeg\" \/>\n<meta name=\"author\" content=\"Arthur Ventura\" \/>\n<meta name=\"twitter:card\" content=\"summary_large_image\" \/>\n<meta name=\"twitter:label1\" content=\"Written by\" \/>\n\t<meta name=\"twitter:data1\" content=\"Arthur Ventura\" \/>\n\t<meta name=\"twitter:label2\" content=\"Est. reading time\" \/>\n\t<meta name=\"twitter:data2\" content=\"45 minutes\" \/>\n<script type=\"application\/ld+json\" class=\"yoast-schema-graph\">{\"@context\":\"https:\/\/schema.org\",\"@graph\":[{\"@type\":\"Article\",\"@id\":\"https:\/\/encartes.mx\/navarro-hernandez-corredores-migratorios-darien-tapachula-sig\/#article\",\"isPartOf\":{\"@id\":\"https:\/\/encartes.mx\/navarro-hernandez-corredores-migratorios-darien-tapachula-sig\/\"},\"author\":{\"name\":\"Arthur Ventura\",\"@id\":\"https:\/\/encartes.mx\/#\/schema\/person\/97215bba1729028a4169cab07f8e58ef\"},\"headline\":\"Del Tap\u00f3n del Dari\u00e9n al de Tapachula. Trazo y conformaci\u00f3n de nuevas rutas de migrantes que se desplazan con destino a Estados Unidos\",\"datePublished\":\"2025-03-21T19:00:00+00:00\",\"dateModified\":\"2025-03-27T23:41:57+00:00\",\"mainEntityOfPage\":{\"@id\":\"https:\/\/encartes.mx\/navarro-hernandez-corredores-migratorios-darien-tapachula-sig\/\"},\"wordCount\":10873,\"commentCount\":0,\"publisher\":{\"@id\":\"https:\/\/encartes.mx\/#organization\"},\"image\":{\"@id\":\"https:\/\/encartes.mx\/navarro-hernandez-corredores-migratorios-darien-tapachula-sig\/#primaryimage\"},\"thumbnailUrl\":\"https:\/\/encartes.mx\/wp-content\/uploads\/2025\/03\/imagen_1-3-scaled.jpg\",\"keywords\":[\"corredores migratorios\",\"desplazamientos forzados\",\"fronteras latinoamericanas\",\"SIG\"],\"articleSection\":[\"Dosier\"],\"inLanguage\":\"en-US\",\"potentialAction\":[{\"@type\":\"CommentAction\",\"name\":\"Comment\",\"target\":[\"https:\/\/encartes.mx\/navarro-hernandez-corredores-migratorios-darien-tapachula-sig\/#respond\"]}]},{\"@type\":\"WebPage\",\"@id\":\"https:\/\/encartes.mx\/navarro-hernandez-corredores-migratorios-darien-tapachula-sig\/\",\"url\":\"https:\/\/encartes.mx\/navarro-hernandez-corredores-migratorios-darien-tapachula-sig\/\",\"name\":\"Del Tap\u00f3n del Dari\u00e9n al de Tapachula. Trazo y conformaci\u00f3n de nuevas rutas de migrantes que se desplazan con destino a Estados Unidos &#8211; Encartes\",\"isPartOf\":{\"@id\":\"https:\/\/encartes.mx\/#website\"},\"primaryImageOfPage\":{\"@id\":\"https:\/\/encartes.mx\/navarro-hernandez-corredores-migratorios-darien-tapachula-sig\/#primaryimage\"},\"image\":{\"@id\":\"https:\/\/encartes.mx\/navarro-hernandez-corredores-migratorios-darien-tapachula-sig\/#primaryimage\"},\"thumbnailUrl\":\"https:\/\/encartes.mx\/wp-content\/uploads\/2025\/03\/imagen_1-3-scaled.jpg\",\"datePublished\":\"2025-03-21T19:00:00+00:00\",\"dateModified\":\"2025-03-27T23:41:57+00:00\",\"breadcrumb\":{\"@id\":\"https:\/\/encartes.mx\/navarro-hernandez-corredores-migratorios-darien-tapachula-sig\/#breadcrumb\"},\"inLanguage\":\"en-US\",\"potentialAction\":[{\"@type\":\"ReadAction\",\"target\":[\"https:\/\/encartes.mx\/navarro-hernandez-corredores-migratorios-darien-tapachula-sig\/\"]}]},{\"@type\":\"ImageObject\",\"inLanguage\":\"en-US\",\"@id\":\"https:\/\/encartes.mx\/navarro-hernandez-corredores-migratorios-darien-tapachula-sig\/#primaryimage\",\"url\":\"https:\/\/encartes.mx\/wp-content\/uploads\/2025\/03\/imagen_1-3-scaled.jpg\",\"contentUrl\":\"https:\/\/encartes.mx\/wp-content\/uploads\/2025\/03\/imagen_1-3-scaled.jpg\",\"width\":2560,\"height\":1920},{\"@type\":\"BreadcrumbList\",\"@id\":\"https:\/\/encartes.mx\/navarro-hernandez-corredores-migratorios-darien-tapachula-sig\/#breadcrumb\",\"itemListElement\":[{\"@type\":\"ListItem\",\"position\":1,\"name\":\"Home\",\"item\":\"https:\/\/encartes.mx\/\"},{\"@type\":\"ListItem\",\"position\":2,\"name\":\"Del Tap\u00f3n del Dari\u00e9n al de Tapachula. Trazo y conformaci\u00f3n de nuevas rutas de migrantes que se desplazan con destino a Estados Unidos\"}]},{\"@type\":\"WebSite\",\"@id\":\"https:\/\/encartes.mx\/#website\",\"url\":\"https:\/\/encartes.mx\/\",\"name\":\"Encartes\",\"description\":\"Revista digital multimedia\",\"publisher\":{\"@id\":\"https:\/\/encartes.mx\/#organization\"},\"potentialAction\":[{\"@type\":\"SearchAction\",\"target\":{\"@type\":\"EntryPoint\",\"urlTemplate\":\"https:\/\/encartes.mx\/?s={search_term_string}\"},\"query-input\":\"required name=search_term_string\"}],\"inLanguage\":\"en-US\"},{\"@type\":\"Organization\",\"@id\":\"https:\/\/encartes.mx\/#organization\",\"name\":\"Encartes Antropol\u00f3gicos\",\"url\":\"https:\/\/encartes.mx\/\",\"logo\":{\"@type\":\"ImageObject\",\"inLanguage\":\"en-US\",\"@id\":\"https:\/\/encartes.mx\/#\/schema\/logo\/image\/\",\"url\":\"https:\/\/encartes.mx\/wp-content\/uploads\/2017\/04\/Logo-04.png\",\"contentUrl\":\"https:\/\/encartes.mx\/wp-content\/uploads\/2017\/04\/Logo-04.png\",\"width\":338,\"height\":306,\"caption\":\"Encartes Antropol\u00f3gicos\"},\"image\":{\"@id\":\"https:\/\/encartes.mx\/#\/schema\/logo\/image\/\"}},{\"@type\":\"Person\",\"@id\":\"https:\/\/encartes.mx\/#\/schema\/person\/97215bba1729028a4169cab07f8e58ef\",\"name\":\"Arthur Ventura\",\"image\":{\"@type\":\"ImageObject\",\"inLanguage\":\"en-US\",\"@id\":\"https:\/\/encartes.mx\/#\/schema\/person\/image\/8a45818ea77a67a00c058d294424a6f6\",\"url\":\"https:\/\/secure.gravatar.com\/avatar\/e8ff614b2fa0d91ff6c65f328a272c53?s=96&d=identicon&r=g\",\"contentUrl\":\"https:\/\/secure.gravatar.com\/avatar\/e8ff614b2fa0d91ff6c65f328a272c53?s=96&d=identicon&r=g\",\"caption\":\"Arthur Ventura\"}}]}<\/script>\n<!-- \/ Yoast SEO plugin. -->","yoast_head_json":{"title":"Del Tap\u00f3n del Dari\u00e9n al de Tapachula. Trazo y conformaci\u00f3n de nuevas rutas de migrantes que se desplazan con destino a Estados Unidos &#8211; Encartes","robots":{"index":"index","follow":"follow","max-snippet":"max-snippet:-1","max-image-preview":"max-image-preview:large","max-video-preview":"max-video-preview:-1"},"canonical":"https:\/\/encartes.mx\/en\/navarro-hernandez-corredores-migratorios-darien-tapachula-sig\/","og_locale":"en_US","og_type":"article","og_title":"Del Tap\u00f3n del Dari\u00e9n al de Tapachula. Trazo y conformaci\u00f3n de nuevas rutas de migrantes que se desplazan con destino a Estados Unidos &#8211; Encartes","og_description":"Resumen Se realiz\u00f3 una investigaci\u00f3n geogr\u00e1fica y sociol\u00f3gica sobre las rutas utilizadas por migrantes que cruzan el Dari\u00e9n e ingresan a M\u00e9xico por Tapachula con la finalidad de llegar a Estados Unidos. Metodol\u00f3gicamente, se combin\u00f3 an\u00e1lisis cartogr\u00e1fico, entrevistas y recorridos de campo. Adem\u00e1s, se tomaron puntos gps (Sistema de Posicionamiento Global, por sus siglas en [&hellip;]","og_url":"https:\/\/encartes.mx\/en\/navarro-hernandez-corredores-migratorios-darien-tapachula-sig\/","og_site_name":"Encartes","article_published_time":"2025-03-21T19:00:00+00:00","article_modified_time":"2025-03-27T23:41:57+00:00","og_image":[{"width":2560,"height":1920,"url":"https:\/\/encartes.mx\/wp-content\/uploads\/2025\/03\/imagen_1-3-scaled.jpg","type":"image\/jpeg"}],"author":"Arthur Ventura","twitter_card":"summary_large_image","twitter_misc":{"Written by":"Arthur Ventura","Est. reading time":"45 minutes"},"schema":{"@context":"https:\/\/schema.org","@graph":[{"@type":"Article","@id":"https:\/\/encartes.mx\/navarro-hernandez-corredores-migratorios-darien-tapachula-sig\/#article","isPartOf":{"@id":"https:\/\/encartes.mx\/navarro-hernandez-corredores-migratorios-darien-tapachula-sig\/"},"author":{"name":"Arthur Ventura","@id":"https:\/\/encartes.mx\/#\/schema\/person\/97215bba1729028a4169cab07f8e58ef"},"headline":"Del Tap\u00f3n del Dari\u00e9n al de Tapachula. Trazo y conformaci\u00f3n de nuevas rutas de migrantes que se desplazan con destino a Estados Unidos","datePublished":"2025-03-21T19:00:00+00:00","dateModified":"2025-03-27T23:41:57+00:00","mainEntityOfPage":{"@id":"https:\/\/encartes.mx\/navarro-hernandez-corredores-migratorios-darien-tapachula-sig\/"},"wordCount":10873,"commentCount":0,"publisher":{"@id":"https:\/\/encartes.mx\/#organization"},"image":{"@id":"https:\/\/encartes.mx\/navarro-hernandez-corredores-migratorios-darien-tapachula-sig\/#primaryimage"},"thumbnailUrl":"https:\/\/encartes.mx\/wp-content\/uploads\/2025\/03\/imagen_1-3-scaled.jpg","keywords":["corredores migratorios","desplazamientos forzados","fronteras latinoamericanas","SIG"],"articleSection":["Dosier"],"inLanguage":"en-US","potentialAction":[{"@type":"CommentAction","name":"Comment","target":["https:\/\/encartes.mx\/navarro-hernandez-corredores-migratorios-darien-tapachula-sig\/#respond"]}]},{"@type":"WebPage","@id":"https:\/\/encartes.mx\/navarro-hernandez-corredores-migratorios-darien-tapachula-sig\/","url":"https:\/\/encartes.mx\/navarro-hernandez-corredores-migratorios-darien-tapachula-sig\/","name":"Del Tap\u00f3n del Dari\u00e9n al de Tapachula. Trazo y conformaci\u00f3n de nuevas rutas de migrantes que se desplazan con destino a Estados Unidos &#8211; Encartes","isPartOf":{"@id":"https:\/\/encartes.mx\/#website"},"primaryImageOfPage":{"@id":"https:\/\/encartes.mx\/navarro-hernandez-corredores-migratorios-darien-tapachula-sig\/#primaryimage"},"image":{"@id":"https:\/\/encartes.mx\/navarro-hernandez-corredores-migratorios-darien-tapachula-sig\/#primaryimage"},"thumbnailUrl":"https:\/\/encartes.mx\/wp-content\/uploads\/2025\/03\/imagen_1-3-scaled.jpg","datePublished":"2025-03-21T19:00:00+00:00","dateModified":"2025-03-27T23:41:57+00:00","breadcrumb":{"@id":"https:\/\/encartes.mx\/navarro-hernandez-corredores-migratorios-darien-tapachula-sig\/#breadcrumb"},"inLanguage":"en-US","potentialAction":[{"@type":"ReadAction","target":["https:\/\/encartes.mx\/navarro-hernandez-corredores-migratorios-darien-tapachula-sig\/"]}]},{"@type":"ImageObject","inLanguage":"en-US","@id":"https:\/\/encartes.mx\/navarro-hernandez-corredores-migratorios-darien-tapachula-sig\/#primaryimage","url":"https:\/\/encartes.mx\/wp-content\/uploads\/2025\/03\/imagen_1-3-scaled.jpg","contentUrl":"https:\/\/encartes.mx\/wp-content\/uploads\/2025\/03\/imagen_1-3-scaled.jpg","width":2560,"height":1920},{"@type":"BreadcrumbList","@id":"https:\/\/encartes.mx\/navarro-hernandez-corredores-migratorios-darien-tapachula-sig\/#breadcrumb","itemListElement":[{"@type":"ListItem","position":1,"name":"Home","item":"https:\/\/encartes.mx\/"},{"@type":"ListItem","position":2,"name":"Del Tap\u00f3n del Dari\u00e9n al de Tapachula. Trazo y conformaci\u00f3n de nuevas rutas de migrantes que se desplazan con destino a Estados Unidos"}]},{"@type":"WebSite","@id":"https:\/\/encartes.mx\/#website","url":"https:\/\/encartes.mx\/","name":"Encartes","description":"Multimedia digital magazine","publisher":{"@id":"https:\/\/encartes.mx\/#organization"},"potentialAction":[{"@type":"SearchAction","target":{"@type":"EntryPoint","urlTemplate":"https:\/\/encartes.mx\/?s={search_term_string}"},"query-input":"required name=search_term_string"}],"inLanguage":"en-US"},{"@type":"Organization","@id":"https:\/\/encartes.mx\/#organization","name":"Anthropological Inserts","url":"https:\/\/encartes.mx\/","logo":{"@type":"ImageObject","inLanguage":"en-US","@id":"https:\/\/encartes.mx\/#\/schema\/logo\/image\/","url":"https:\/\/encartes.mx\/wp-content\/uploads\/2017\/04\/Logo-04.png","contentUrl":"https:\/\/encartes.mx\/wp-content\/uploads\/2017\/04\/Logo-04.png","width":338,"height":306,"caption":"Encartes Antropol\u00f3gicos"},"image":{"@id":"https:\/\/encartes.mx\/#\/schema\/logo\/image\/"}},{"@type":"Person","@id":"https:\/\/encartes.mx\/#\/schema\/person\/97215bba1729028a4169cab07f8e58ef","name":"Arthur Ventura","image":{"@type":"ImageObject","inLanguage":"en-US","@id":"https:\/\/encartes.mx\/#\/schema\/person\/image\/8a45818ea77a67a00c058d294424a6f6","url":"https:\/\/secure.gravatar.com\/avatar\/e8ff614b2fa0d91ff6c65f328a272c53?s=96&d=identicon&r=g","contentUrl":"https:\/\/secure.gravatar.com\/avatar\/e8ff614b2fa0d91ff6c65f328a272c53?s=96&d=identicon&r=g","caption":"Arthur Ventura"}}]}},"jetpack_sharing_enabled":true,"jetpack_featured_media_url":"https:\/\/encartes.mx\/wp-content\/uploads\/2025\/03\/imagen_1-3-scaled.jpg","_links":{"self":[{"href":"https:\/\/encartes.mx\/en\/wp-json\/wp\/v2\/posts\/39280","targetHints":{"allow":["GET"]}}],"collection":[{"href":"https:\/\/encartes.mx\/en\/wp-json\/wp\/v2\/posts"}],"about":[{"href":"https:\/\/encartes.mx\/en\/wp-json\/wp\/v2\/types\/post"}],"author":[{"embeddable":true,"href":"https:\/\/encartes.mx\/en\/wp-json\/wp\/v2\/users\/4"}],"replies":[{"embeddable":true,"href":"https:\/\/encartes.mx\/en\/wp-json\/wp\/v2\/comments?post=39280"}],"version-history":[{"count":16,"href":"https:\/\/encartes.mx\/en\/wp-json\/wp\/v2\/posts\/39280\/revisions"}],"predecessor-version":[{"id":39595,"href":"https:\/\/encartes.mx\/en\/wp-json\/wp\/v2\/posts\/39280\/revisions\/39595"}],"wp:featuredmedia":[{"embeddable":true,"href":"https:\/\/encartes.mx\/en\/wp-json\/wp\/v2\/media\/39283"}],"wp:attachment":[{"href":"https:\/\/encartes.mx\/en\/wp-json\/wp\/v2\/media?parent=39280"}],"wp:term":[{"taxonomy":"category","embeddable":true,"href":"https:\/\/encartes.mx\/en\/wp-json\/wp\/v2\/categories?post=39280"},{"taxonomy":"post_tag","embeddable":true,"href":"https:\/\/encartes.mx\/en\/wp-json\/wp\/v2\/tags?post=39280"},{"taxonomy":"author","embeddable":true,"href":"https:\/\/encartes.mx\/en\/wp-json\/wp\/v2\/coauthors?post=39280"}],"curies":[{"name":"wp","href":"https:\/\/api.w.org\/{rel}","templated":true}]}}