{"id":32616,"date":"2020-09-22T05:03:01","date_gmt":"2020-09-22T05:03:01","guid":{"rendered":"https:\/\/encartesantropologicos.mx\/?p=32616"},"modified":"2024-04-24T13:45:23","modified_gmt":"2024-04-24T19:45:23","slug":"entrevista-virginia-garcia-acosta-historia-antropologia-politicas-publicas-covid","status":"publish","type":"post","link":"https:\/\/encartes.mx\/en\/entrevista-virginia-garcia-acosta-historia-antropologia-politicas-publicas-covid\/","title":{"rendered":"Anthropology under the eye of COVID-19"},"content":{"rendered":"\n<figure class=\"wp-block-embed is-type-video is-provider-youtube wp-block-embed-youtube wp-embed-aspect-16-9 wp-has-aspect-ratio\"><div class=\"wp-block-embed__wrapper\">\n<iframe loading=\"lazy\" title=\"La antropolog\u00eda bajo el ojo de la COVID-19. Entrevista a Virginia Garc\u00eda Acosta\" width=\"580\" height=\"326\" src=\"https:\/\/www.youtube.com\/embed\/X3SMwPsxJi4?feature=oembed\" frameborder=\"0\" allow=\"accelerometer; autoplay; clipboard-write; encrypted-media; gyroscope; picture-in-picture; web-share\" referrerpolicy=\"strict-origin-when-cross-origin\" allowfullscreen><\/iframe>\n<\/div><\/figure>\n\n\n\n<h2 class=\"wp-block-heading\">Conversaciones con Virginia Garc\u00eda Acosta en torno a la importancia que deber\u00edan tener la historia y la antropolog\u00eda para la planeaci\u00f3n de pol\u00edticas p\u00fablicas implementadas durante la pandemia COVID-19<\/h2>\n\n\n\n<p class=\"no-indent\"><span class=\"dropcap\">E<\/span>l 16 de junio de 2020 tuvimos la oportunidad de entrevistar a Virginia Garc\u00eda Acosta, una reconocida especialista en el estudio del riesgo y de los desastres. El inter\u00e9s principal de la entrevista fue destacar el valor que han tenido y pueden tener los aportes de la historia y de la antropolog\u00eda para entender los efectos sociales de la pandemia; pero tambi\u00e9n para aportar visiones necesarias para dise\u00f1ar pol\u00edticas p\u00fablicas desde perspectivas multidisciplinarias \u00fatiles y urgentes para contrarrestar la crisis que provoca el <span class=\"small-caps\">covid-19<\/span> en M\u00e9xico.<\/p>\n\n\n\n<figure class=\"wp-block-image size-large\"><a href=\"https:\/\/encartesantropologicos.mx\/ensayos-fotograficos\/el-covid-19-bajo-la-lente\/\"><img loading=\"lazy\" decoding=\"async\" width=\"1250\" height=\"834\" src=\"https:\/\/encartesantropologicos.mx\/wordpress\/wp-content\/uploads\/2020\/09\/victor_resendiz-mexicali_3-1.jpg\" alt=\"\" class=\"wp-image-32466\"\/><\/a><figcaption><a href=\"https:\/\/encartesantropologicos.mx\/ensayos-fotograficos\/el-covid-19-bajo-la-lente\/\">Ver fotograf\u00edas ganadoras de la convocatoria &#8220;El COVID-19 bajo la lente&#8221;<\/a><\/figcaption><\/figure>\n\n\n\n<p>La doctora Garc\u00eda Acosta tiene una amplia y reconocida trayectoria en el estudio hist\u00f3rico de diferentes eventos catastr\u00f3ficos, principalmente asociados con amenazas \u201cnaturales\u201d y \u201dbiol\u00f3gicas\u201d que en otras \u00e9pocas y en diferentes lugares han generado riesgos y crisis sociales similares a lo que hoy experimentamos con la pandemia del <span class=\"small-caps\">covid-19<\/span>. Sus estudios se han concentrado sobre todo en M\u00e9xico y Am\u00e9rica Latina. Parte de su inter\u00e9s personal y acad\u00e9mico ha sido explicar y con ello buscar entender los desastres (enfermedades, inundaciones, huracanes, cambio clim\u00e1tico, sismos, tsunamis, etc\u00e9tera) como la materializaci\u00f3n de procesos socio-naturales (desigualdades sociales, violencia social, por ejemplo). Para ello ha incursionado en novedosos conceptos tan en boga como el de antropoceno, que permiten analizar los desastres naturales no limitados a la biolog\u00eda, sino tomando en consideraci\u00f3n otros elementos sociales y culturales que tornan m\u00e1s o menos vulnerables a poblaciones socio-antropol\u00f3gicamente diferenciadas y conforman los factores de riesgo y crisis generados por fen\u00f3menos naturales. Estos elementos deber\u00edan ser tomados en cuenta al momento de tomar decisiones globales para poblaciones heterog\u00e9neas e internamente desiguales en relaci\u00f3n con el acceso a cuidados y a recursos de salud.<\/p>\n\n\n\n<p>Es un hecho incuestionable que el coronavirus se ha convertido en una amenaza mundial en un mundo globalizado y por tanto con mayores probabilidades de veloz propagaci\u00f3n y contagio. Hasta el momento en que se realiz\u00f3 la entrevista no se conoc\u00eda ni vacuna ni medicamento garantizado para curar a los afectados por dicha enfermedad. La medida adoptada por la Organizaci\u00f3n Mundial de la Salud fue retomada en M\u00e9xico declarando el cierre de inmuebles y recomendando el confinamiento en casa de todos los habitantes del pa\u00eds. Las reacciones, los efectos y los accesos a las medidas de seguridad y de salud est\u00e1n fuertemente determinados no s\u00f3lo por el comportamiento del virus, sino fundamentalmente por las condiciones socio-estructurales ya mencionadas. Tambi\u00e9n es indiscutible que la pandemia nos afecta a todos los habitantes del planeta tierra, pero la antropolog\u00eda demuestra que no afecta a todos por igual. Esta perspectiva ha puesto la lupa en las grandes inequidades y fracturas sist\u00e9micas y estructurales que padecen nuestras sociedades del siglo <span class=\"small-caps\">xxi<\/span> y ello hizo que el eje central de la entrevista gravitara en torno a qu\u00e9 perspectivas antropol\u00f3gicas nos ayudan a entender y enfrentar estas desigualdades y cu\u00e1les son los principales factores de vulnerabilidad frente a la cat\u00e1strofe que deber\u00edan ser tomados en cuenta.<\/p>\n\n\n\n<figure class=\"wp-block-embed is-type-video is-provider-youtube wp-block-embed-youtube wp-embed-aspect-16-9 wp-has-aspect-ratio\"><div class=\"wp-block-embed__wrapper\">\n<iframe loading=\"lazy\" title=\"La antropolog\u00eda bajo el ojo de la COVID-19. Entrevista a Virginia Garc\u00eda Acosta\" width=\"580\" height=\"326\" src=\"https:\/\/www.youtube.com\/embed\/X3SMwPsxJi4?start=1665&#038;feature=oembed\" frameborder=\"0\" allow=\"accelerometer; autoplay; clipboard-write; encrypted-media; gyroscope; picture-in-picture; web-share\" referrerpolicy=\"strict-origin-when-cross-origin\" allowfullscreen><\/iframe>\n<\/div><figcaption>&#8220;Las mujeres con ni\u00f1os chiquitos o en edad escolar lo han padecido mucho m\u00e1s que otras. [&#8230;] Se han tenido que convertir en maestras&#8221; (28:45).<\/figcaption><\/figure>\n\n\n\n<p>Durante la entrevista se abordaron los diferentes impactos que una misma pol\u00edtica epidemiol\u00f3gica puede tener en segmentos sociales tan diversos culturalmente y tan desiguales en t\u00e9rminos de recursos econ\u00f3micos, sociales y culturales. Y se reflexion\u00f3 en torno a si se deber\u00eda pensar en pol\u00edticas adaptadas y diferenciadas para los distintos grupos sociales.<\/p>\n\n\n\n<p>Entre los distintos temas que conversamos con Virginia estuvo su lectura o interpretaci\u00f3n de la epidemia desde una perspectiva antropol\u00f3gica, la manera de rescatar los problemas y aciertos del pasado (de la historia de pandemias similares) para enfrentar otras cat\u00e1strofes e incluirlas en el presente, y fundamentalmente la sabidur\u00eda del historiador para poder sopesar qu\u00e9 tiene de novedoso lo que hoy vivimos, qu\u00e9 pasar\u00e1 a la historia, qu\u00e9 se perder\u00e1 en el olvido y qu\u00e9 se mantendr\u00e1 como algo memorable.<\/p>\n\n\n\n<p>En este sentido, confiamos en que las opiniones y la experiencia de la doctora Garc\u00eda Acosta que fueron surgiendo durante la entrevista aportar\u00e1n puntos de vista muy valiosos que deseamos compartir con nuestros lectores, y que esperamos sean considerados incluso en las intervenciones y pol\u00edticas p\u00fablicas a implementar para mitigar los da\u00f1os que generar\u00e1 este desastre.<\/p>\n\n\n\n<figure class=\"wp-block-embed is-type-video is-provider-youtube wp-block-embed-youtube wp-embed-aspect-16-9 wp-has-aspect-ratio\"><div class=\"wp-block-embed__wrapper\">\n<iframe loading=\"lazy\" title=\"La antropolog\u00eda bajo el ojo de la COVID-19. Entrevista a Virginia Garc\u00eda Acosta\" width=\"580\" height=\"326\" src=\"https:\/\/www.youtube.com\/embed\/X3SMwPsxJi4?start=830&#038;feature=oembed\" frameborder=\"0\" allow=\"accelerometer; autoplay; clipboard-write; encrypted-media; gyroscope; picture-in-picture; web-share\" referrerpolicy=\"strict-origin-when-cross-origin\" allowfullscreen><\/iframe>\n<\/div><figcaption>&#8220;No se habla para nada de un plan econ\u00f3mico de salida&#8221; (16:24).<\/figcaption><\/figure>\n\n\n\n<p>Entre los proyectos recientes que ha coordinado podemos mencionar:<\/p>\n\n\n\n<ol class=\"wp-block-list\"><li>2014-2015: \u201cReducci\u00f3n de riesgos de desastre, prevenci\u00f3n y resiliencia en un comparativo global\u201d. <span class=\"small-caps\">ciesas<\/span> &#8211; Universidad de Bras\u00edlia &#8211; Escuela de Altos Estudios en Ciencias Sociales (Par\u00eds) &#8211; Rachel Carson Center de la Universidad Ludwig Maximilians (Munich) (2014-2016).<\/li><li>2013-2015. \u201cEnabling knowledge for disaster risk reduction in integration to climate change adaptation <span class=\"small-caps\">(know-4-drr)<\/span>\u201d. <span class=\"small-caps\">ciesas<\/span> &#8211; Politecnico di Milano.<\/li><li>2012-2014. \u201cLandfalling cyclones in the epac basin (Registros hist\u00f3ricos de ciclones tropicales en la regi\u00f3n Pac\u00edfico Norte de M\u00e9xico)\u201d. <span class=\"small-caps\">ciesas<\/span>, Centro de Ciencias de la Atm\u00f3sfera de la <span class=\"small-caps\">unam<\/span>, Universidad de Colima e Inter American Institute for Global Change Research.<\/li><\/ol>\n\n\n\n<p>Actualmente est\u00e1 involucrada en dos proyectos con financiamiento europeo:<\/p>\n\n\n\n<ul class=\"wp-block-list\"><li><em>Clima, riesgo, cat\u00e1strofe y crisis a ambos lados del Atl\u00e1ntico durante la Peque\u00f1a Edad del Hielo<\/em> (Universidad de Alicante-Ministerio de Econom\u00eda del Gobierno de Espa\u00f1a).<\/li><li><em>Les administrations publiques face aux risques naturels dans les monarchies bourboniennes (<span class=\"small-caps\">xviii<\/span>-d\u00e9but du <span class=\"small-caps\">xixe<\/span> si\u00e8cle <\/em>(Casa de Vel\u00e1zquez, Universidad de Alicante, Universidad de N\u00e1poles Federico <span class=\"small-caps\">ii<\/span>, Maison des Sciences de l\u2019Homme, Universit\u00e9 Clermont-Auvergne).<\/li><\/ul>\n\n\n\n<p>Tiene muchas publicaciones sobre este tema. S\u00f3lo quisi\u00e9ramos destacar las m\u00e1s recientes:<\/p>\n\n\n\n<h2 class=\"wp-block-heading\">Art\u00edculos<\/h2>\n\n\n\n<p class=\"bibliography\">2020\u201cDisasters\u201d (con E. Rohland), <em>Rethinking the Americas: The Routledge Handbook to the Political Economy and Governance in the Americas<\/em>, Nueva York: Routledge.<\/p>\n\n\n\n<p class=\"bibliography\">2019 \u201cEl pasado en la construcci\u00f3n del futuro. Reducci\u00f3n de riesgos de desastre y adaptaci\u00f3n al cambio clim\u00e1tico en la larga duraci\u00f3n (longue dur\u00e9e)\u201d, <span class=\"small-caps\">unam<\/span>\/Sorbonne Universit\u00e9.<\/p>\n\n\n\n<p class=\"bibliography\">2019 \u201cUnnatural Disasters and the Anthropocene: Lessons Learnt from Anthropological and Historical Perspectives in Latin America\u201d, Universidad de Calabria, Il Sileno Edizioni.<\/p>\n\n\n\n<h2 class=\"wp-block-heading\">Libro publicado<\/h2>\n\n\n\n<p class=\"bibliography\">2020 <em>The Anthropology of Disasters in Latin America. State of the Art<\/em>, Londres\/Nueva York: Routledge.<\/p>\n\n\n\n<h2 class=\"wp-block-heading\">Libro en prensa<\/h2>\n\n\n\n<p class=\"bibliography\"><em>Historia y memoria de los huracanes y otros episodios hidrometeorol\u00f3gicos en M\u00e9xico<\/em>. Janet. V. Garc\u00eda-Acosta y R. Padilla (coord.), M\u00e9xico: <span class=\"small-caps\">ciesas<\/span>\/Universidad de Colima.<\/p>\n\n\n\n<hr class=\"wp-block-separator\"\/>\n\n\n\n<p><em>Ren\u00e9e de la Torre Castellanos<\/em> es doctora en Ciencias Sociales con especialidad en Antropolog\u00eda Social y profesora investigadora del ciesas, unidad Occidente, desde 1993. Miembro del Sistema Nacional de Investigadores nivel iii y Miembro de la Academia Mexicana de Ciencias. Sus investigaciones tienen como inter\u00e9s central el estudio y la comprensi\u00f3n de la religiosidad contempor\u00e1nea, con especial \u00e9nfasis en su transformaci\u00f3n. <span class=\"small-caps\">orcid<\/span>: 0000-0003-3914-4805.<\/p>\n\n\n\n<p><em>Olivia Teresa Ruiz Marrujo<\/em> es doctora en Antropolog\u00eda Cultural por la Universidad de California, Berkeley. Es profesora e investigadora en el Departamento de Estudios Culturales de El Colegio de la Frontera Norte en Baja California. Trabaja temas de migraci\u00f3n internacional, frontera e identidad. Entre sus publicaciones recientes est\u00e1n \u201cLa deportaci\u00f3n y la separaci\u00f3n familiar en la frontera San Diego-Tijuana\u201d (<em>Culturales<\/em>, 2017) y <em>\u00bfMenores o migrantes? Riesgo y vulnerabilidad en la migraci\u00f3n de menores no acompa\u00f1ados indocumentados a Estados Unidos<\/em> (El Colef, 2016). <span class=\"small-caps\">orcid<\/span>: 0000-0003-3194-0946.<\/p>\n\n\n\n<p><em>Virginia Garc\u00eda Acosta<\/em> es licenciada y maestra en Antropolog\u00eda Social por la Universidad Iberoamericana (1975, 1986) y doctora en Historia por la <span class=\"small-caps\">unam<\/span> (1995), miembro del <span class=\"small-caps\">sni<\/span> nivel <span class=\"small-caps\">iii<\/span>. Es fundadora y es miembro activo de varias redes internacionales, entre las cuales est\u00e1n la red: Red de Estudios Sociales en Prevenci\u00f3n de Desastres en Am\u00e9rica Latina, la Red brit\u00e1nica Risk, Hazards, Disasters and Cultures: Exploring an Integrated Humanities, Natural Sciences and Disaster Studies Approach Network (<span class=\"small-caps\">ahrc<\/span>), la Red Internacional de Estudios Interdisciplinarios sobre vulnerabilidad, construcci\u00f3n social del riesgo y amenazas naturales y biol\u00f3gicas <span class=\"small-caps\">(conacyt)<\/span> y la Red Internacional de Seminarios en Estudios Hist\u00f3ricos sobre Desastres. <span class=\"small-caps\">orcid<\/span>: 0000-0001-7398-5478.<\/p>\n","protected":false},"excerpt":{"rendered":"<p>On June 16, 2020 we had a conversation with Virginia Garc\u00eda Acosta about the importance that history and anthropology should have for the planning of public policies implemented during the COVID-19 pandemic. Garc\u00eda Acosta has an extensive and recognized trajectory in the historical study of different catastrophic events.<\/p>","protected":false},"author":4,"featured_media":0,"comment_status":"open","ping_status":"open","sticky":false,"template":"","format":"standard","meta":{"_acf_changed":false,"footnotes":""},"categories":[12],"tags":[28,696,697,698],"coauthors":[551],"class_list":["post-32616","post","type-post","status-publish","format-standard","hentry","category-12","tag-antropologia","tag-desastres","tag-pandemia","tag-virginia-garcia-acosta","personas-ruiz-marrujo-teresa-olivia","personas-torre-castellanos-renee-de-la","personas-acosta-garcia-virginia","numeros-627"],"acf":[],"yoast_head":"<!-- This site is optimized with the Yoast SEO plugin v22.2 - https:\/\/yoast.com\/wordpress\/plugins\/seo\/ -->\n<title>La antropolog\u00eda bajo el ojo de la COVID-19 &#8211; Encartes<\/title>\n<meta name=\"description\" content=\"Virg\u00ednia Garc\u00eda Acosta habla de la importancia de la historia y la antropolog\u00eda para la planeaci\u00f3n de pol\u00edticas p\u00fablicas de combate COVID-19.\" \/>\n<meta name=\"robots\" content=\"index, follow, max-snippet:-1, max-image-preview:large, max-video-preview:-1\" \/>\n<link rel=\"canonical\" href=\"https:\/\/encartes.mx\/en\/entrevista-virginia-garcia-acosta-historia-antropologia-politicas-publicas-covid\/\" \/>\n<meta property=\"og:locale\" content=\"en_US\" \/>\n<meta property=\"og:type\" content=\"article\" \/>\n<meta property=\"og:title\" content=\"La antropolog\u00eda bajo el ojo de la COVID-19 &#8211; Encartes\" \/>\n<meta property=\"og:description\" content=\"Virg\u00ednia Garc\u00eda Acosta habla de la importancia de la historia y la antropolog\u00eda para la planeaci\u00f3n de pol\u00edticas p\u00fablicas de combate COVID-19.\" \/>\n<meta property=\"og:url\" content=\"https:\/\/encartes.mx\/en\/entrevista-virginia-garcia-acosta-historia-antropologia-politicas-publicas-covid\/\" \/>\n<meta property=\"og:site_name\" content=\"Encartes\" \/>\n<meta property=\"article:published_time\" content=\"2020-09-22T05:03:01+00:00\" \/>\n<meta property=\"article:modified_time\" content=\"2024-04-24T19:45:23+00:00\" \/>\n<meta property=\"og:image\" content=\"https:\/\/encartesantropologicos.mx\/wordpress\/wp-content\/uploads\/2020\/09\/victor_resendiz-mexicali_3-1.jpg\" \/>\n<meta name=\"author\" content=\"Arthur Ventura\" \/>\n<meta name=\"twitter:card\" content=\"summary_large_image\" \/>\n<meta name=\"twitter:label1\" content=\"Written by\" \/>\n\t<meta name=\"twitter:data1\" content=\"Arthur Ventura\" \/>\n\t<meta name=\"twitter:label2\" content=\"Est. reading time\" \/>\n\t<meta name=\"twitter:data2\" content=\"6 minutes\" \/>\n<script type=\"application\/ld+json\" class=\"yoast-schema-graph\">{\"@context\":\"https:\/\/schema.org\",\"@graph\":[{\"@type\":\"Article\",\"@id\":\"https:\/\/encartes.mx\/entrevista-virginia-garcia-acosta-historia-antropologia-politicas-publicas-covid\/#article\",\"isPartOf\":{\"@id\":\"https:\/\/encartes.mx\/entrevista-virginia-garcia-acosta-historia-antropologia-politicas-publicas-covid\/\"},\"author\":{\"name\":\"Arthur Ventura\",\"@id\":\"https:\/\/encartes.mx\/#\/schema\/person\/97215bba1729028a4169cab07f8e58ef\"},\"headline\":\"La antropolog\u00eda bajo el ojo de la COVID-19\",\"datePublished\":\"2020-09-22T05:03:01+00:00\",\"dateModified\":\"2024-04-24T19:45:23+00:00\",\"mainEntityOfPage\":{\"@id\":\"https:\/\/encartes.mx\/entrevista-virginia-garcia-acosta-historia-antropologia-politicas-publicas-covid\/\"},\"wordCount\":1492,\"commentCount\":0,\"publisher\":{\"@id\":\"https:\/\/encartes.mx\/#organization\"},\"image\":{\"@id\":\"https:\/\/encartes.mx\/entrevista-virginia-garcia-acosta-historia-antropologia-politicas-publicas-covid\/#primaryimage\"},\"thumbnailUrl\":\"https:\/\/encartesantropologicos.mx\/wordpress\/wp-content\/uploads\/2020\/09\/victor_resendiz-mexicali_3-1.jpg\",\"keywords\":[\"Antropolog\u00eda\",\"desastres\",\"pandemia\",\"Virginia Garc\u00eda Acosta\"],\"articleSection\":[\"Entrevistas\"],\"inLanguage\":\"en-US\",\"potentialAction\":[{\"@type\":\"CommentAction\",\"name\":\"Comment\",\"target\":[\"https:\/\/encartes.mx\/entrevista-virginia-garcia-acosta-historia-antropologia-politicas-publicas-covid\/#respond\"]}]},{\"@type\":\"WebPage\",\"@id\":\"https:\/\/encartes.mx\/entrevista-virginia-garcia-acosta-historia-antropologia-politicas-publicas-covid\/\",\"url\":\"https:\/\/encartes.mx\/entrevista-virginia-garcia-acosta-historia-antropologia-politicas-publicas-covid\/\",\"name\":\"La antropolog\u00eda bajo el ojo de la COVID-19 &#8211; Encartes\",\"isPartOf\":{\"@id\":\"https:\/\/encartes.mx\/#website\"},\"primaryImageOfPage\":{\"@id\":\"https:\/\/encartes.mx\/entrevista-virginia-garcia-acosta-historia-antropologia-politicas-publicas-covid\/#primaryimage\"},\"image\":{\"@id\":\"https:\/\/encartes.mx\/entrevista-virginia-garcia-acosta-historia-antropologia-politicas-publicas-covid\/#primaryimage\"},\"thumbnailUrl\":\"https:\/\/encartesantropologicos.mx\/wordpress\/wp-content\/uploads\/2020\/09\/victor_resendiz-mexicali_3-1.jpg\",\"datePublished\":\"2020-09-22T05:03:01+00:00\",\"dateModified\":\"2024-04-24T19:45:23+00:00\",\"description\":\"Virg\u00ednia Garc\u00eda Acosta habla de la importancia de la historia y la antropolog\u00eda para la planeaci\u00f3n de pol\u00edticas p\u00fablicas de combate COVID-19.\",\"breadcrumb\":{\"@id\":\"https:\/\/encartes.mx\/entrevista-virginia-garcia-acosta-historia-antropologia-politicas-publicas-covid\/#breadcrumb\"},\"inLanguage\":\"en-US\",\"potentialAction\":[{\"@type\":\"ReadAction\",\"target\":[\"https:\/\/encartes.mx\/entrevista-virginia-garcia-acosta-historia-antropologia-politicas-publicas-covid\/\"]}]},{\"@type\":\"ImageObject\",\"inLanguage\":\"en-US\",\"@id\":\"https:\/\/encartes.mx\/entrevista-virginia-garcia-acosta-historia-antropologia-politicas-publicas-covid\/#primaryimage\",\"url\":\"https:\/\/encartesantropologicos.mx\/wordpress\/wp-content\/uploads\/2020\/09\/victor_resendiz-mexicali_3-1.jpg\",\"contentUrl\":\"https:\/\/encartesantropologicos.mx\/wordpress\/wp-content\/uploads\/2020\/09\/victor_resendiz-mexicali_3-1.jpg\"},{\"@type\":\"BreadcrumbList\",\"@id\":\"https:\/\/encartes.mx\/entrevista-virginia-garcia-acosta-historia-antropologia-politicas-publicas-covid\/#breadcrumb\",\"itemListElement\":[{\"@type\":\"ListItem\",\"position\":1,\"name\":\"Home\",\"item\":\"https:\/\/encartes.mx\/\"},{\"@type\":\"ListItem\",\"position\":2,\"name\":\"La antropolog\u00eda bajo el ojo de la COVID-19\"}]},{\"@type\":\"WebSite\",\"@id\":\"https:\/\/encartes.mx\/#website\",\"url\":\"https:\/\/encartes.mx\/\",\"name\":\"Encartes\",\"description\":\"Revista digital multimedia\",\"publisher\":{\"@id\":\"https:\/\/encartes.mx\/#organization\"},\"potentialAction\":[{\"@type\":\"SearchAction\",\"target\":{\"@type\":\"EntryPoint\",\"urlTemplate\":\"https:\/\/encartes.mx\/?s={search_term_string}\"},\"query-input\":\"required name=search_term_string\"}],\"inLanguage\":\"en-US\"},{\"@type\":\"Organization\",\"@id\":\"https:\/\/encartes.mx\/#organization\",\"name\":\"Encartes Antropol\u00f3gicos\",\"url\":\"https:\/\/encartes.mx\/\",\"logo\":{\"@type\":\"ImageObject\",\"inLanguage\":\"en-US\",\"@id\":\"https:\/\/encartes.mx\/#\/schema\/logo\/image\/\",\"url\":\"https:\/\/encartes.mx\/wp-content\/uploads\/2017\/04\/Logo-04.png\",\"contentUrl\":\"https:\/\/encartes.mx\/wp-content\/uploads\/2017\/04\/Logo-04.png\",\"width\":338,\"height\":306,\"caption\":\"Encartes Antropol\u00f3gicos\"},\"image\":{\"@id\":\"https:\/\/encartes.mx\/#\/schema\/logo\/image\/\"}},{\"@type\":\"Person\",\"@id\":\"https:\/\/encartes.mx\/#\/schema\/person\/97215bba1729028a4169cab07f8e58ef\",\"name\":\"Arthur Ventura\",\"image\":{\"@type\":\"ImageObject\",\"inLanguage\":\"en-US\",\"@id\":\"https:\/\/encartes.mx\/#\/schema\/person\/image\/8a45818ea77a67a00c058d294424a6f6\",\"url\":\"https:\/\/secure.gravatar.com\/avatar\/e8ff614b2fa0d91ff6c65f328a272c53?s=96&d=identicon&r=g\",\"contentUrl\":\"https:\/\/secure.gravatar.com\/avatar\/e8ff614b2fa0d91ff6c65f328a272c53?s=96&d=identicon&r=g\",\"caption\":\"Arthur Ventura\"}}]}<\/script>\n<!-- \/ Yoast SEO plugin. -->","yoast_head_json":{"title":"La antropolog\u00eda bajo el ojo de la COVID-19 &#8211; Encartes","description":"Virg\u00ednia Garc\u00eda Acosta habla de la importancia de la historia y la antropolog\u00eda para la planeaci\u00f3n de pol\u00edticas p\u00fablicas de combate COVID-19.","robots":{"index":"index","follow":"follow","max-snippet":"max-snippet:-1","max-image-preview":"max-image-preview:large","max-video-preview":"max-video-preview:-1"},"canonical":"https:\/\/encartes.mx\/en\/entrevista-virginia-garcia-acosta-historia-antropologia-politicas-publicas-covid\/","og_locale":"en_US","og_type":"article","og_title":"La antropolog\u00eda bajo el ojo de la COVID-19 &#8211; Encartes","og_description":"Virg\u00ednia Garc\u00eda Acosta habla de la importancia de la historia y la antropolog\u00eda para la planeaci\u00f3n de pol\u00edticas p\u00fablicas de combate COVID-19.","og_url":"https:\/\/encartes.mx\/en\/entrevista-virginia-garcia-acosta-historia-antropologia-politicas-publicas-covid\/","og_site_name":"Encartes","article_published_time":"2020-09-22T05:03:01+00:00","article_modified_time":"2024-04-24T19:45:23+00:00","og_image":[{"url":"https:\/\/encartesantropologicos.mx\/wordpress\/wp-content\/uploads\/2020\/09\/victor_resendiz-mexicali_3-1.jpg"}],"author":"Arthur Ventura","twitter_card":"summary_large_image","twitter_misc":{"Written by":"Arthur Ventura","Est. reading time":"6 minutes"},"schema":{"@context":"https:\/\/schema.org","@graph":[{"@type":"Article","@id":"https:\/\/encartes.mx\/entrevista-virginia-garcia-acosta-historia-antropologia-politicas-publicas-covid\/#article","isPartOf":{"@id":"https:\/\/encartes.mx\/entrevista-virginia-garcia-acosta-historia-antropologia-politicas-publicas-covid\/"},"author":{"name":"Arthur Ventura","@id":"https:\/\/encartes.mx\/#\/schema\/person\/97215bba1729028a4169cab07f8e58ef"},"headline":"La antropolog\u00eda bajo el ojo de la COVID-19","datePublished":"2020-09-22T05:03:01+00:00","dateModified":"2024-04-24T19:45:23+00:00","mainEntityOfPage":{"@id":"https:\/\/encartes.mx\/entrevista-virginia-garcia-acosta-historia-antropologia-politicas-publicas-covid\/"},"wordCount":1492,"commentCount":0,"publisher":{"@id":"https:\/\/encartes.mx\/#organization"},"image":{"@id":"https:\/\/encartes.mx\/entrevista-virginia-garcia-acosta-historia-antropologia-politicas-publicas-covid\/#primaryimage"},"thumbnailUrl":"https:\/\/encartesantropologicos.mx\/wordpress\/wp-content\/uploads\/2020\/09\/victor_resendiz-mexicali_3-1.jpg","keywords":["Antropolog\u00eda","desastres","pandemia","Virginia Garc\u00eda Acosta"],"articleSection":["Entrevistas"],"inLanguage":"en-US","potentialAction":[{"@type":"CommentAction","name":"Comment","target":["https:\/\/encartes.mx\/entrevista-virginia-garcia-acosta-historia-antropologia-politicas-publicas-covid\/#respond"]}]},{"@type":"WebPage","@id":"https:\/\/encartes.mx\/entrevista-virginia-garcia-acosta-historia-antropologia-politicas-publicas-covid\/","url":"https:\/\/encartes.mx\/entrevista-virginia-garcia-acosta-historia-antropologia-politicas-publicas-covid\/","name":"La antropolog\u00eda bajo el ojo de la COVID-19 &#8211; Encartes","isPartOf":{"@id":"https:\/\/encartes.mx\/#website"},"primaryImageOfPage":{"@id":"https:\/\/encartes.mx\/entrevista-virginia-garcia-acosta-historia-antropologia-politicas-publicas-covid\/#primaryimage"},"image":{"@id":"https:\/\/encartes.mx\/entrevista-virginia-garcia-acosta-historia-antropologia-politicas-publicas-covid\/#primaryimage"},"thumbnailUrl":"https:\/\/encartesantropologicos.mx\/wordpress\/wp-content\/uploads\/2020\/09\/victor_resendiz-mexicali_3-1.jpg","datePublished":"2020-09-22T05:03:01+00:00","dateModified":"2024-04-24T19:45:23+00:00","description":"Virg\u00ednia Garc\u00eda Acosta habla de la importancia de la historia y la antropolog\u00eda para la planeaci\u00f3n de pol\u00edticas p\u00fablicas de combate COVID-19.","breadcrumb":{"@id":"https:\/\/encartes.mx\/entrevista-virginia-garcia-acosta-historia-antropologia-politicas-publicas-covid\/#breadcrumb"},"inLanguage":"en-US","potentialAction":[{"@type":"ReadAction","target":["https:\/\/encartes.mx\/entrevista-virginia-garcia-acosta-historia-antropologia-politicas-publicas-covid\/"]}]},{"@type":"ImageObject","inLanguage":"en-US","@id":"https:\/\/encartes.mx\/entrevista-virginia-garcia-acosta-historia-antropologia-politicas-publicas-covid\/#primaryimage","url":"https:\/\/encartesantropologicos.mx\/wordpress\/wp-content\/uploads\/2020\/09\/victor_resendiz-mexicali_3-1.jpg","contentUrl":"https:\/\/encartesantropologicos.mx\/wordpress\/wp-content\/uploads\/2020\/09\/victor_resendiz-mexicali_3-1.jpg"},{"@type":"BreadcrumbList","@id":"https:\/\/encartes.mx\/entrevista-virginia-garcia-acosta-historia-antropologia-politicas-publicas-covid\/#breadcrumb","itemListElement":[{"@type":"ListItem","position":1,"name":"Home","item":"https:\/\/encartes.mx\/"},{"@type":"ListItem","position":2,"name":"La antropolog\u00eda bajo el ojo de la COVID-19"}]},{"@type":"WebSite","@id":"https:\/\/encartes.mx\/#website","url":"https:\/\/encartes.mx\/","name":"Encartes","description":"Multimedia digital magazine","publisher":{"@id":"https:\/\/encartes.mx\/#organization"},"potentialAction":[{"@type":"SearchAction","target":{"@type":"EntryPoint","urlTemplate":"https:\/\/encartes.mx\/?s={search_term_string}"},"query-input":"required name=search_term_string"}],"inLanguage":"en-US"},{"@type":"Organization","@id":"https:\/\/encartes.mx\/#organization","name":"Anthropological Inserts","url":"https:\/\/encartes.mx\/","logo":{"@type":"ImageObject","inLanguage":"en-US","@id":"https:\/\/encartes.mx\/#\/schema\/logo\/image\/","url":"https:\/\/encartes.mx\/wp-content\/uploads\/2017\/04\/Logo-04.png","contentUrl":"https:\/\/encartes.mx\/wp-content\/uploads\/2017\/04\/Logo-04.png","width":338,"height":306,"caption":"Encartes Antropol\u00f3gicos"},"image":{"@id":"https:\/\/encartes.mx\/#\/schema\/logo\/image\/"}},{"@type":"Person","@id":"https:\/\/encartes.mx\/#\/schema\/person\/97215bba1729028a4169cab07f8e58ef","name":"Arthur Ventura","image":{"@type":"ImageObject","inLanguage":"en-US","@id":"https:\/\/encartes.mx\/#\/schema\/person\/image\/8a45818ea77a67a00c058d294424a6f6","url":"https:\/\/secure.gravatar.com\/avatar\/e8ff614b2fa0d91ff6c65f328a272c53?s=96&d=identicon&r=g","contentUrl":"https:\/\/secure.gravatar.com\/avatar\/e8ff614b2fa0d91ff6c65f328a272c53?s=96&d=identicon&r=g","caption":"Arthur Ventura"}}]}},"jetpack_sharing_enabled":true,"jetpack_featured_media_url":"","_links":{"self":[{"href":"https:\/\/encartes.mx\/en\/wp-json\/wp\/v2\/posts\/32616","targetHints":{"allow":["GET"]}}],"collection":[{"href":"https:\/\/encartes.mx\/en\/wp-json\/wp\/v2\/posts"}],"about":[{"href":"https:\/\/encartes.mx\/en\/wp-json\/wp\/v2\/types\/post"}],"author":[{"embeddable":true,"href":"https:\/\/encartes.mx\/en\/wp-json\/wp\/v2\/users\/4"}],"replies":[{"embeddable":true,"href":"https:\/\/encartes.mx\/en\/wp-json\/wp\/v2\/comments?post=32616"}],"version-history":[{"count":36,"href":"https:\/\/encartes.mx\/en\/wp-json\/wp\/v2\/posts\/32616\/revisions"}],"predecessor-version":[{"id":38873,"href":"https:\/\/encartes.mx\/en\/wp-json\/wp\/v2\/posts\/32616\/revisions\/38873"}],"wp:attachment":[{"href":"https:\/\/encartes.mx\/en\/wp-json\/wp\/v2\/media?parent=32616"}],"wp:term":[{"taxonomy":"category","embeddable":true,"href":"https:\/\/encartes.mx\/en\/wp-json\/wp\/v2\/categories?post=32616"},{"taxonomy":"post_tag","embeddable":true,"href":"https:\/\/encartes.mx\/en\/wp-json\/wp\/v2\/tags?post=32616"},{"taxonomy":"author","embeddable":true,"href":"https:\/\/encartes.mx\/en\/wp-json\/wp\/v2\/coauthors?post=32616"}],"curies":[{"name":"wp","href":"https:\/\/api.w.org\/{rel}","templated":true}]}}