{"id":31838,"date":"2020-03-23T01:20:21","date_gmt":"2020-03-23T01:20:21","guid":{"rendered":"https:\/\/encartesantropologicos.mx\/?p=31838"},"modified":"2024-04-24T13:37:27","modified_gmt":"2024-04-24T19:37:27","slug":"bastos-susana-andrada-movilizaciones-2019-ecuador","status":"publish","type":"post","link":"https:\/\/encartes.mx\/en\/bastos-susana-andrada-movilizaciones-2019-ecuador\/","title":{"rendered":"Ecuador, October 2019: \u201cit was a movement of youth, indigenous youth and more\u201d"},"content":{"rendered":"<figure class=\"wp-block-embed is-type-video is-provider-youtube wp-block-embed-youtube wp-embed-aspect-16-9 wp-has-aspect-ratio\"><div class=\"wp-block-embed__wrapper\">\n<iframe loading=\"lazy\" title=\"Ecuador, October 2019: \u201cMovement of youth, indigenous people and more\u201d - Interview with Susana Andrade\" width=\"580\" height=\"326\" src=\"https:\/\/www.youtube.com\/embed\/JZoZzuRYLDg?feature=oembed\" frameborder=\"0\" allow=\"accelerometer; autoplay; clipboard-write; encrypted-media; gyroscope; picture-in-picture; web-share\" referrerpolicy=\"strict-origin-when-cross-origin\" allowfullscreen><\/iframe>\n<\/div><\/figure>\n\n\n\n<p class=\"abstract\"><span class=\"dropcap\">S<\/span>usana Andrade is an Ecuadorian anthropologist with a doctorate in Social Anthropology in Paris, at the School of Higher Studies in Social Sciences. She has been a visiting professor in France and a research professor at different universities in Ecuador. Now she is a professor of anthropology at the Pontificia Universidad Cat\u00f3lica del Ecuador.<\/p>\n\n\n\n<p>His research has revolved around the conversion to Protestantism of Kichwas from Chimborazo province, religious identities and their relationship with political behavior. He has also worked on cultural policies, intangible heritage and anthropology in Ecuador.<\/p>\n\n\n\n<p>After his presentation at the seminar of <span class=\"small-caps\">coves<\/span>, Susana Andrade agreed to speak with the team of <em>Encartes<\/em> to catch up on the events that occurred in his country between October 2 and 13 of last year, when the issuance by President Lenin Moreno of Decree 883 on the elimination of the gasoline subsidy sparked a series of protests that ended in an uprising against neoliberal policies.<\/p>\n\n\n\n<p>Combining his role as witness, participant and analyst of the experiences, he narrated the events that triggered the protests and went on to highlight the unforeseen role of the Confederation of Indigenous Nationalities of Ecuador (<span class=\"small-caps\">conaie)<\/span> in the facts, and the importance of the participation of young people in this taking of the organization&#039;s position, even under the effects of the harassment policy by Rafael Correa.<\/p>\n\n\n\n<p>Afterwards, Dr. Andrade analyzes and positively ponders the outcome of the events several times: given the violence that was unleashing in the country, &quot;there was a lot of maturity&quot; on the part of the actors who decided to accept the solution proposed by the presidency.<\/p>\n\n\n\n<p>As a result to highlight of these facts, our interviewee points out the importance of the generational change that occurred, for example, in the <span class=\"small-caps\">conaie<\/span> and considers that the conflict has not been closed, since there is a lack of communication between the political actors that she describes as \u201cfailed interculturality\u201d.<\/p>\n\n\n\n<p><\/p>\n\n\n\n<p><\/p>","protected":false},"excerpt":{"rendered":"<p>Our interviewee points out the importance of the generational change that took place, for example, in CONAIE and considers that the conflict has not been closed, as there is still a lack of communication between political actors, which she describes as \"failed interculturality\".<\/p>","protected":false},"author":4,"featured_media":0,"comment_status":"open","ping_status":"open","sticky":false,"template":"","format":"standard","meta":{"_acf_changed":false,"footnotes":""},"categories":[12],"tags":[492,604,605,603],"coauthors":[551],"class_list":["post-31838","post","type-post","status-publish","format-standard","hentry","category-12","tag-ecuador","tag-jovenes","tag-jovenes-indigenas","tag-octubre-2019","personas-bastos-amigo-santiago","personas-andrade-susana","numeros-616"],"acf":[],"yoast_head":"<!-- This site is optimized with the Yoast SEO plugin v22.2 - https:\/\/yoast.com\/wordpress\/plugins\/seo\/ -->\n<title>Ecuador, octubre de 2019: \u201cfue un movimiento de j\u00f3venes, j\u00f3venes ind\u00edgenas y m\u00e1s\u201d &#8211; Encartes<\/title>\n<meta name=\"description\" content=\"Susana Andrade se\u00f1ala la importancia del relevo generacional en las movilizaciones de octubre de 2019 en Ecuador. Considera que el conflicto no se ha cerrado.\" \/>\n<meta name=\"robots\" content=\"index, follow, max-snippet:-1, max-image-preview:large, max-video-preview:-1\" \/>\n<link rel=\"canonical\" href=\"https:\/\/encartes.mx\/en\/bastos-susana-andrada-movilizaciones-2019-ecuador\/\" \/>\n<meta property=\"og:locale\" content=\"en_US\" \/>\n<meta property=\"og:type\" content=\"article\" \/>\n<meta property=\"og:title\" content=\"Ecuador, octubre de 2019: \u201cfue un movimiento de j\u00f3venes, j\u00f3venes ind\u00edgenas y m\u00e1s\u201d &#8211; Encartes\" \/>\n<meta property=\"og:description\" content=\"Susana Andrade se\u00f1ala la importancia del relevo generacional en las movilizaciones de octubre de 2019 en Ecuador. Considera que el conflicto no se ha cerrado.\" \/>\n<meta property=\"og:url\" content=\"https:\/\/encartes.mx\/en\/bastos-susana-andrada-movilizaciones-2019-ecuador\/\" \/>\n<meta property=\"og:site_name\" content=\"Encartes\" \/>\n<meta property=\"article:published_time\" content=\"2020-03-23T01:20:21+00:00\" \/>\n<meta property=\"article:modified_time\" content=\"2024-04-24T19:37:27+00:00\" \/>\n<meta name=\"author\" content=\"Arthur Ventura\" \/>\n<meta name=\"twitter:card\" content=\"summary_large_image\" \/>\n<meta name=\"twitter:label1\" content=\"Written by\" \/>\n\t<meta name=\"twitter:data1\" content=\"Arthur Ventura\" \/>\n\t<meta name=\"twitter:label2\" content=\"Est. reading time\" \/>\n\t<meta name=\"twitter:data2\" content=\"2 minutes\" \/>\n<script type=\"application\/ld+json\" class=\"yoast-schema-graph\">{\"@context\":\"https:\/\/schema.org\",\"@graph\":[{\"@type\":\"Article\",\"@id\":\"https:\/\/encartes.mx\/bastos-susana-andrada-movilizaciones-2019-ecuador\/#article\",\"isPartOf\":{\"@id\":\"https:\/\/encartes.mx\/bastos-susana-andrada-movilizaciones-2019-ecuador\/\"},\"author\":{\"name\":\"Arthur Ventura\",\"@id\":\"https:\/\/encartes.mx\/#\/schema\/person\/97215bba1729028a4169cab07f8e58ef\"},\"headline\":\"Ecuador, octubre de 2019: \u201cfue un movimiento de j\u00f3venes, j\u00f3venes ind\u00edgenas y m\u00e1s\u201d\",\"datePublished\":\"2020-03-23T01:20:21+00:00\",\"dateModified\":\"2024-04-24T19:37:27+00:00\",\"mainEntityOfPage\":{\"@id\":\"https:\/\/encartes.mx\/bastos-susana-andrada-movilizaciones-2019-ecuador\/\"},\"wordCount\":375,\"commentCount\":0,\"publisher\":{\"@id\":\"https:\/\/encartes.mx\/#organization\"},\"keywords\":[\"Ecuador\",\"j\u00f3venes\",\"j\u00f3venes ind\u00edgenas\",\"octubre 2019\"],\"articleSection\":[\"Entrevistas\"],\"inLanguage\":\"en-US\",\"potentialAction\":[{\"@type\":\"CommentAction\",\"name\":\"Comment\",\"target\":[\"https:\/\/encartes.mx\/bastos-susana-andrada-movilizaciones-2019-ecuador\/#respond\"]}]},{\"@type\":\"WebPage\",\"@id\":\"https:\/\/encartes.mx\/bastos-susana-andrada-movilizaciones-2019-ecuador\/\",\"url\":\"https:\/\/encartes.mx\/bastos-susana-andrada-movilizaciones-2019-ecuador\/\",\"name\":\"Ecuador, octubre de 2019: \u201cfue un movimiento de j\u00f3venes, j\u00f3venes ind\u00edgenas y m\u00e1s\u201d &#8211; Encartes\",\"isPartOf\":{\"@id\":\"https:\/\/encartes.mx\/#website\"},\"datePublished\":\"2020-03-23T01:20:21+00:00\",\"dateModified\":\"2024-04-24T19:37:27+00:00\",\"description\":\"Susana Andrade se\u00f1ala la importancia del relevo generacional en las movilizaciones de octubre de 2019 en Ecuador. Considera que el conflicto no se ha cerrado.\",\"breadcrumb\":{\"@id\":\"https:\/\/encartes.mx\/bastos-susana-andrada-movilizaciones-2019-ecuador\/#breadcrumb\"},\"inLanguage\":\"en-US\",\"potentialAction\":[{\"@type\":\"ReadAction\",\"target\":[\"https:\/\/encartes.mx\/bastos-susana-andrada-movilizaciones-2019-ecuador\/\"]}]},{\"@type\":\"BreadcrumbList\",\"@id\":\"https:\/\/encartes.mx\/bastos-susana-andrada-movilizaciones-2019-ecuador\/#breadcrumb\",\"itemListElement\":[{\"@type\":\"ListItem\",\"position\":1,\"name\":\"Home\",\"item\":\"https:\/\/encartes.mx\/\"},{\"@type\":\"ListItem\",\"position\":2,\"name\":\"Ecuador, octubre de 2019: \u201cfue un movimiento de j\u00f3venes, j\u00f3venes ind\u00edgenas y m\u00e1s\u201d\"}]},{\"@type\":\"WebSite\",\"@id\":\"https:\/\/encartes.mx\/#website\",\"url\":\"https:\/\/encartes.mx\/\",\"name\":\"Encartes\",\"description\":\"Revista digital multimedia\",\"publisher\":{\"@id\":\"https:\/\/encartes.mx\/#organization\"},\"potentialAction\":[{\"@type\":\"SearchAction\",\"target\":{\"@type\":\"EntryPoint\",\"urlTemplate\":\"https:\/\/encartes.mx\/?s={search_term_string}\"},\"query-input\":\"required name=search_term_string\"}],\"inLanguage\":\"en-US\"},{\"@type\":\"Organization\",\"@id\":\"https:\/\/encartes.mx\/#organization\",\"name\":\"Encartes Antropol\u00f3gicos\",\"url\":\"https:\/\/encartes.mx\/\",\"logo\":{\"@type\":\"ImageObject\",\"inLanguage\":\"en-US\",\"@id\":\"https:\/\/encartes.mx\/#\/schema\/logo\/image\/\",\"url\":\"https:\/\/encartes.mx\/wp-content\/uploads\/2017\/04\/Logo-04.png\",\"contentUrl\":\"https:\/\/encartes.mx\/wp-content\/uploads\/2017\/04\/Logo-04.png\",\"width\":338,\"height\":306,\"caption\":\"Encartes Antropol\u00f3gicos\"},\"image\":{\"@id\":\"https:\/\/encartes.mx\/#\/schema\/logo\/image\/\"}},{\"@type\":\"Person\",\"@id\":\"https:\/\/encartes.mx\/#\/schema\/person\/97215bba1729028a4169cab07f8e58ef\",\"name\":\"Arthur Ventura\",\"image\":{\"@type\":\"ImageObject\",\"inLanguage\":\"en-US\",\"@id\":\"https:\/\/encartes.mx\/#\/schema\/person\/image\/8a45818ea77a67a00c058d294424a6f6\",\"url\":\"https:\/\/secure.gravatar.com\/avatar\/e8ff614b2fa0d91ff6c65f328a272c53?s=96&d=identicon&r=g\",\"contentUrl\":\"https:\/\/secure.gravatar.com\/avatar\/e8ff614b2fa0d91ff6c65f328a272c53?s=96&d=identicon&r=g\",\"caption\":\"Arthur Ventura\"}}]}<\/script>\n<!-- \/ Yoast SEO plugin. -->","yoast_head_json":{"title":"Ecuador, octubre de 2019: \u201cfue un movimiento de j\u00f3venes, j\u00f3venes ind\u00edgenas y m\u00e1s\u201d &#8211; Encartes","description":"Susana Andrade se\u00f1ala la importancia del relevo generacional en las movilizaciones de octubre de 2019 en Ecuador. Considera que el conflicto no se ha cerrado.","robots":{"index":"index","follow":"follow","max-snippet":"max-snippet:-1","max-image-preview":"max-image-preview:large","max-video-preview":"max-video-preview:-1"},"canonical":"https:\/\/encartes.mx\/en\/bastos-susana-andrada-movilizaciones-2019-ecuador\/","og_locale":"en_US","og_type":"article","og_title":"Ecuador, octubre de 2019: \u201cfue un movimiento de j\u00f3venes, j\u00f3venes ind\u00edgenas y m\u00e1s\u201d &#8211; Encartes","og_description":"Susana Andrade se\u00f1ala la importancia del relevo generacional en las movilizaciones de octubre de 2019 en Ecuador. Considera que el conflicto no se ha cerrado.","og_url":"https:\/\/encartes.mx\/en\/bastos-susana-andrada-movilizaciones-2019-ecuador\/","og_site_name":"Encartes","article_published_time":"2020-03-23T01:20:21+00:00","article_modified_time":"2024-04-24T19:37:27+00:00","author":"Arthur Ventura","twitter_card":"summary_large_image","twitter_misc":{"Written by":"Arthur Ventura","Est. reading time":"2 minutes"},"schema":{"@context":"https:\/\/schema.org","@graph":[{"@type":"Article","@id":"https:\/\/encartes.mx\/bastos-susana-andrada-movilizaciones-2019-ecuador\/#article","isPartOf":{"@id":"https:\/\/encartes.mx\/bastos-susana-andrada-movilizaciones-2019-ecuador\/"},"author":{"name":"Arthur Ventura","@id":"https:\/\/encartes.mx\/#\/schema\/person\/97215bba1729028a4169cab07f8e58ef"},"headline":"Ecuador, octubre de 2019: \u201cfue un movimiento de j\u00f3venes, j\u00f3venes ind\u00edgenas y m\u00e1s\u201d","datePublished":"2020-03-23T01:20:21+00:00","dateModified":"2024-04-24T19:37:27+00:00","mainEntityOfPage":{"@id":"https:\/\/encartes.mx\/bastos-susana-andrada-movilizaciones-2019-ecuador\/"},"wordCount":375,"commentCount":0,"publisher":{"@id":"https:\/\/encartes.mx\/#organization"},"keywords":["Ecuador","j\u00f3venes","j\u00f3venes ind\u00edgenas","octubre 2019"],"articleSection":["Entrevistas"],"inLanguage":"en-US","potentialAction":[{"@type":"CommentAction","name":"Comment","target":["https:\/\/encartes.mx\/bastos-susana-andrada-movilizaciones-2019-ecuador\/#respond"]}]},{"@type":"WebPage","@id":"https:\/\/encartes.mx\/bastos-susana-andrada-movilizaciones-2019-ecuador\/","url":"https:\/\/encartes.mx\/bastos-susana-andrada-movilizaciones-2019-ecuador\/","name":"Ecuador, octubre de 2019: \u201cfue un movimiento de j\u00f3venes, j\u00f3venes ind\u00edgenas y m\u00e1s\u201d &#8211; Encartes","isPartOf":{"@id":"https:\/\/encartes.mx\/#website"},"datePublished":"2020-03-23T01:20:21+00:00","dateModified":"2024-04-24T19:37:27+00:00","description":"Susana Andrade se\u00f1ala la importancia del relevo generacional en las movilizaciones de octubre de 2019 en Ecuador. Considera que el conflicto no se ha cerrado.","breadcrumb":{"@id":"https:\/\/encartes.mx\/bastos-susana-andrada-movilizaciones-2019-ecuador\/#breadcrumb"},"inLanguage":"en-US","potentialAction":[{"@type":"ReadAction","target":["https:\/\/encartes.mx\/bastos-susana-andrada-movilizaciones-2019-ecuador\/"]}]},{"@type":"BreadcrumbList","@id":"https:\/\/encartes.mx\/bastos-susana-andrada-movilizaciones-2019-ecuador\/#breadcrumb","itemListElement":[{"@type":"ListItem","position":1,"name":"Home","item":"https:\/\/encartes.mx\/"},{"@type":"ListItem","position":2,"name":"Ecuador, octubre de 2019: \u201cfue un movimiento de j\u00f3venes, j\u00f3venes ind\u00edgenas y m\u00e1s\u201d"}]},{"@type":"WebSite","@id":"https:\/\/encartes.mx\/#website","url":"https:\/\/encartes.mx\/","name":"Encartes","description":"Multimedia digital magazine","publisher":{"@id":"https:\/\/encartes.mx\/#organization"},"potentialAction":[{"@type":"SearchAction","target":{"@type":"EntryPoint","urlTemplate":"https:\/\/encartes.mx\/?s={search_term_string}"},"query-input":"required name=search_term_string"}],"inLanguage":"en-US"},{"@type":"Organization","@id":"https:\/\/encartes.mx\/#organization","name":"Anthropological Inserts","url":"https:\/\/encartes.mx\/","logo":{"@type":"ImageObject","inLanguage":"en-US","@id":"https:\/\/encartes.mx\/#\/schema\/logo\/image\/","url":"https:\/\/encartes.mx\/wp-content\/uploads\/2017\/04\/Logo-04.png","contentUrl":"https:\/\/encartes.mx\/wp-content\/uploads\/2017\/04\/Logo-04.png","width":338,"height":306,"caption":"Encartes Antropol\u00f3gicos"},"image":{"@id":"https:\/\/encartes.mx\/#\/schema\/logo\/image\/"}},{"@type":"Person","@id":"https:\/\/encartes.mx\/#\/schema\/person\/97215bba1729028a4169cab07f8e58ef","name":"Arthur Ventura","image":{"@type":"ImageObject","inLanguage":"en-US","@id":"https:\/\/encartes.mx\/#\/schema\/person\/image\/8a45818ea77a67a00c058d294424a6f6","url":"https:\/\/secure.gravatar.com\/avatar\/e8ff614b2fa0d91ff6c65f328a272c53?s=96&d=identicon&r=g","contentUrl":"https:\/\/secure.gravatar.com\/avatar\/e8ff614b2fa0d91ff6c65f328a272c53?s=96&d=identicon&r=g","caption":"Arthur Ventura"}}]}},"jetpack_sharing_enabled":true,"jetpack_featured_media_url":"","_links":{"self":[{"href":"https:\/\/encartes.mx\/en\/wp-json\/wp\/v2\/posts\/31838","targetHints":{"allow":["GET"]}}],"collection":[{"href":"https:\/\/encartes.mx\/en\/wp-json\/wp\/v2\/posts"}],"about":[{"href":"https:\/\/encartes.mx\/en\/wp-json\/wp\/v2\/types\/post"}],"author":[{"embeddable":true,"href":"https:\/\/encartes.mx\/en\/wp-json\/wp\/v2\/users\/4"}],"replies":[{"embeddable":true,"href":"https:\/\/encartes.mx\/en\/wp-json\/wp\/v2\/comments?post=31838"}],"version-history":[{"count":15,"href":"https:\/\/encartes.mx\/en\/wp-json\/wp\/v2\/posts\/31838\/revisions"}],"predecessor-version":[{"id":38867,"href":"https:\/\/encartes.mx\/en\/wp-json\/wp\/v2\/posts\/31838\/revisions\/38867"}],"wp:attachment":[{"href":"https:\/\/encartes.mx\/en\/wp-json\/wp\/v2\/media?parent=31838"}],"wp:term":[{"taxonomy":"category","embeddable":true,"href":"https:\/\/encartes.mx\/en\/wp-json\/wp\/v2\/categories?post=31838"},{"taxonomy":"post_tag","embeddable":true,"href":"https:\/\/encartes.mx\/en\/wp-json\/wp\/v2\/tags?post=31838"},{"taxonomy":"author","embeddable":true,"href":"https:\/\/encartes.mx\/en\/wp-json\/wp\/v2\/coauthors?post=31838"}],"curies":[{"name":"wp","href":"https:\/\/api.w.org\/{rel}","templated":true}]}}