{"id":31785,"date":"2020-03-23T01:27:49","date_gmt":"2020-03-23T01:27:49","guid":{"rendered":"https:\/\/encartesantropologicos.mx\/?p=31785"},"modified":"2023-11-17T18:44:31","modified_gmt":"2023-11-18T00:44:31","slug":"hernandez-alberto-hernandez-curiel-documental-muro-mexico-estados-unidos","status":"publish","type":"post","link":"https:\/\/encartes.mx\/en\/hernandez-alberto-hernandez-curiel-documental-muro-mexico-estados-unidos\/","title":{"rendered":"The documentary \u201cOver The Wall \/ Sobre el muro\u201d: a look at the social transformations caused by the border wall between Mexico and the United States in Tijuana"},"content":{"rendered":"\n<figure class=\"wp-block-embed is-type-video is-provider-youtube wp-block-embed-youtube wp-embed-aspect-16-9 wp-has-aspect-ratio\"><div class=\"wp-block-embed__wrapper\">\n<iframe loading=\"lazy\" title=\"Over the Wall\/Sobre el Muro (El Colef, 2019, documental)\" width=\"580\" height=\"326\" src=\"https:\/\/www.youtube.com\/embed\/PCCxwPdJbr0?feature=oembed\" frameborder=\"0\" allow=\"accelerometer; autoplay; clipboard-write; encrypted-media; gyroscope; picture-in-picture; web-share\" referrerpolicy=\"strict-origin-when-cross-origin\" allowfullscreen><\/iframe>\n<\/div><\/figure>\n\n\n\n<h2 class=\"wp-block-heading\">Resumen<\/h2>\n\n\n\n<p class=\"abstract\">Basado en el documental <em>Over the Wall\/Sobre el muro <\/em>(El Colef, 2019), el presente texto discute algunos efectos sociales a partir de las transformaciones de las barreras y divisiones que han demarcado el l\u00edmite fronterizo de los estados de California, Estados Unidos y Baja California, M\u00e9xico, hasta la construcci\u00f3n de cercas y muros fronterizos impulsados por las \u00faltimas cuatro administraciones federales estadounidenses. A partir de entrevistas con especialistas en migraci\u00f3n y fronteras, residentes, y una labor de investigaci\u00f3n de archivos y documentos en torno al muro y sus efectos en la frontera Tijuana-San Diego, este documental captura periodos de cambio y reforzamiento fronterizo por parte de Estados Unidos, as\u00ed como la coyuntura reciente con la llegada de nuevos flujos migratorios como las caravanas de migrantes centroamericanos a Tijuana y los retos para esta frontera.<\/p>\n\n\n\n<p class=\"abstract\">Palabras claves: <a href=\"https:\/\/encartes.mx\/en\/tag\/documental\/\" rel=\"tag\">documental<\/a>, <a href=\"https:\/\/encartes.mx\/en\/tag\/frontera\/\" rel=\"tag\">frontera<\/a>, <a href=\"https:\/\/encartes.mx\/en\/tag\/migracion\/\" rel=\"tag\">migraci\u00f3n<\/a>, <a href=\"https:\/\/encartes.mx\/en\/tag\/muro\/\" rel=\"tag\">muro<\/a>, <a href=\"https:\/\/encartes.mx\/en\/tag\/tijuana\/\" rel=\"tag\">Tijuana<\/a><\/p>\n\n\n\n<p class=\"en-title\">Documentary \u201cover the Wall\u201d\/&#8221;Sobre el muro\u201d (El Colef, 2019): A Vision of Social Transformation at Tijuana\u2019s <span class=\"small-caps\">us<\/span>-Mexico Border Wall<\/p>\n\n\n\n<p class=\"abstract en-text\">Based on the documentary film Over the Wall\/Sobre el muro (El Colef, 2019), the present essay takes up certain social effects that stem from the transformation of barriers and divisions that establish the border between California (USA) and Baja California (Mexico), up to the construction of border fences and walls overseen by the four most recent US federal administrations. From interviews with migration and border experts, as well as residents, alongside archival and documentary research on the wall and its effects on the Tijuana-San Diego border, the documentary portrays the challenges the border faces: changing times, US reinforcement and the recent situation with migrant flows such as Tijuana-bound Central American caravans.<\/p>\n\n\n\n<p class=\"abstract en-text\">Keywords: border, wall, immigration, Tijuana, documentary.<\/p>\n\n\n\n<hr class=\"wp-block-separator\"\/>\n\n\n\n<h2 class=\"wp-block-heading\">Los muros en el mundo y el muro fronterizo entre M\u00e9xico y Estados Unidos<\/h2>\n\n\n\n<p class=\"abstract\"><span class=\"dropcap\">E<\/span>n contra de lo que se pensaba con la ca\u00edda del muro de Berl\u00edn en Europa, las divisiones f\u00edsicas entre personas y pa\u00edses han aumentado. Actualmente la construcci\u00f3n de barreras y diferentes tipos de murallas entre naciones y territorios es una industria multimillonaria con presencia global. Y si bien sus fines se justifican como medidas de reforzamiento para aumentar el control y la seguridad fronteriza, su construcci\u00f3n ha significado tambi\u00e9n un uso pol\u00edtico y social que refleja visiones conservadoras de las sociedades, adem\u00e1s de alentar expresiones de discriminaci\u00f3n, racismo y xenofobia hacia refugiados, migrantes o cualquier persona considerada ajena al lugar donde arriba.<\/p>\n\n\n\n<p>Durante la primera d\u00e9cada del siglo <span class=\"small-caps\">xxi<\/span>, Alexandra Novosseloff y Frank Niesse, ambos colaboradores de proyectos estrat\u00e9gicos de la Organizaci\u00f3n de Naciones Unidas, recorrieron los muros que a\u00fan permanec\u00edan en distintos pa\u00edses y registraron nueve de estas divisiones (Novosseloff y Niesse, 2011).<a class=\"anota\" id=\"anota1\" data-footnote=1>1<\/a> Este reportaje fue reunido en un libro con fotograf\u00edas en torno a las caracter\u00edsticas de cada divisi\u00f3n, as\u00ed como breves art\u00edculos para contextualizar su origen.<\/p>\n\n\n\n<div class=\"image-slider\">\n                <div class=\"frame\">\n                    <div class=\"picture\" itemscope itemtype=\"http:\/\/schema.org\/ImageGallery\">\n                        <figure itemprop=\"associatedMedia\" itemscope itemtype=\"http:\/\/schema.org\/ImageObject\" class=\"slider-element\">\n                              <a href=\"https:\/\/ia801401.us.archive.org\/19\/items\/encartesvol3num5-multimedia\/hernandez_alberto-over_the_wall-1-AN-Coree_Seungni_2005.JPG\" itemprop=\"contentUrl\" data-size=\"1400x1050\" data-index=\"0\" data-caption=\"Imagen 1: Custodiar la monta\u00f1a. Puesto de vigilancia fronteriza en Seungni. Frontera entre Corea del Norte y Corea del Sur. Foto: Alexandra Novosseloff, 2005.\" >\n                                <img decoding=\"async\" src=\"https:\/\/ia801401.us.archive.org\/19\/items\/encartesvol3num5-multimedia\/hernandez_alberto-over_the_wall-1-AN-Coree_Seungni_2005.JPG\" itemprop=\"thumbnail\">\n                                <i class=\"fa fa-expand expand\" aria-hidden=\"true\"><\/i>\n                            <\/a>\n                            <\/figure><figure itemprop=\"associatedMedia\" itemscope itemtype=\"http:\/\/schema.org\/ImageObject\" class=\"slider-element\">\n                              <a href=\"https:\/\/ia801401.us.archive.org\/19\/items\/encartesvol3num5-multimedia\/hernandez_alberto-over_the_wall-2-AN-Inde-Pakistan_La%20frontiere_electrifiee_2007.JPG\" itemprop=\"contentUrl\" data-size=\"1544x1024\" data-index=\"0\" data-caption=\"Imagen 2. La frontera electrificada. Valla electrificado en la l\u00ednea divisoria. Frontera entre la India y Pakist\u00e1n. Foto: Alexandra Novosseloff, 2007.\" >\n                                <img decoding=\"async\" src=\"https:\/\/ia801401.us.archive.org\/19\/items\/encartesvol3num5-multimedia\/hernandez_alberto-over_the_wall-2-AN-Inde-Pakistan_La%20frontiere_electrifiee_2007.JPG\" itemprop=\"thumbnail\">\n                                <i class=\"fa fa-expand expand\" aria-hidden=\"true\"><\/i>\n                            <\/a>\n                            <\/figure><figure itemprop=\"associatedMedia\" itemscope itemtype=\"http:\/\/schema.org\/ImageObject\" class=\"slider-element\">\n                              <a href=\"https:\/\/ia801401.us.archive.org\/19\/items\/encartesvol3num5-multimedia\/hernandez_alberto-over_the_wall-3-AN_Mur_a_Bethleem.JPG\" itemprop=\"contentUrl\" data-size=\"1544x1024\" data-index=\"0\" data-caption=\"Imagen 3. Las caras del conflicto. Arte en la muralla fronteriza de Bel\u00e9n. Frontera entre Israel y Palestina. Foto: Alexandra Novosseloff, 2006.\" >\n                                <img decoding=\"async\" src=\"https:\/\/ia801401.us.archive.org\/19\/items\/encartesvol3num5-multimedia\/hernandez_alberto-over_the_wall-3-AN_Mur_a_Bethleem.JPG\" itemprop=\"thumbnail\">\n                                <i class=\"fa fa-expand expand\" aria-hidden=\"true\"><\/i>\n                            <\/a>\n                            <\/figure><figure itemprop=\"associatedMedia\" itemscope itemtype=\"http:\/\/schema.org\/ImageObject\" class=\"slider-element\">\n                              <a href=\"https:\/\/ia801401.us.archive.org\/19\/items\/encartesvol3num5-multimedia\/hernandez_alberto-over_the_wall-4-FN-Sahara_Agwanit_UN_Teamsite_2001.jpg\" itemprop=\"contentUrl\" data-size=\"1300x854\" data-index=\"0\" data-caption=\"Imagen 4: Muros de arena. Vista a\u00e9rea de la zona de conflicto entre Marruecos y el Frente Polisario Saharau\u00ed, Sahara, \u00c1frica occidental. Foto: Frank Neisse, 2001.\" >\n                                <img decoding=\"async\" src=\"https:\/\/ia801401.us.archive.org\/19\/items\/encartesvol3num5-multimedia\/hernandez_alberto-over_the_wall-4-FN-Sahara_Agwanit_UN_Teamsite_2001.jpg\" itemprop=\"thumbnail\">\n                                <i class=\"fa fa-expand expand\" aria-hidden=\"true\"><\/i>\n                            <\/a>\n                            <\/figure><figure itemprop=\"associatedMedia\" itemscope itemtype=\"http:\/\/schema.org\/ImageObject\" class=\"slider-element\">\n                              <a href=\"https:\/\/ia801401.us.archive.org\/19\/items\/encartesvol3num5-multimedia\/hernandez_alberto-over_the_wall-5-AN-Ceuta_Maisons_au_bord_du_mur_a_Benzu_2007.JPG\" itemprop=\"contentUrl\" data-size=\"1400x937\" data-index=\"0\" data-caption=\"Imagen 5: El muro bordea las casas en la localidad de Benz\u00fa, en la ciudad aut\u00f3noma de Ceuta, frontera con Marruecos. Foto: Alexandra Novoseloff, 2007.\" >\n                                <img decoding=\"async\" src=\"https:\/\/ia801401.us.archive.org\/19\/items\/encartesvol3num5-multimedia\/hernandez_alberto-over_the_wall-5-AN-Ceuta_Maisons_au_bord_du_mur_a_Benzu_2007.JPG\" itemprop=\"thumbnail\">\n                                <i class=\"fa fa-expand expand\" aria-hidden=\"true\"><\/i>\n                            <\/a>\n                            <\/figure>                    <\/div>    \n                <\/div>\n                    <div class=\"caption\">Imagen 1: Custodiar la monta\u00f1a. Puesto de vigilancia fronteriza en Seungni. Frontera entre Corea del Norte y Corea del Sur. Foto: Alexandra Novosseloff, 2005.<\/div><div class=\"image-analysis\"><\/div><div class=\"caption\">Imagen 2. La frontera electrificada. Valla electrificado en la l\u00ednea divisoria. Frontera entre la India y Pakist\u00e1n. Foto: Alexandra Novosseloff, 2007.<\/div><div class=\"image-analysis\"><\/div><div class=\"caption\">Imagen 3. Las caras del conflicto. Arte en la muralla fronteriza de Bel\u00e9n. Frontera entre Israel y Palestina. Foto: Alexandra Novosseloff, 2006.<\/div><div class=\"image-analysis\"><\/div><div class=\"caption\">Imagen 4: Muros de arena. Vista a\u00e9rea de la zona de conflicto entre Marruecos y el Frente Polisario Saharau\u00ed, Sahara, \u00c1frica occidental. Foto: Frank Neisse, 2001.<\/div><div class=\"image-analysis\"><\/div><div class=\"caption\">Imagen 5: El muro bordea las casas en la localidad de Benz\u00fa, en la ciudad aut\u00f3noma de Ceuta, frontera con Marruecos. Foto: Alexandra Novoseloff, 2007.<\/div><div class=\"image-analysis\"><\/div>                <div class=\"bullets\"><\/div>\n            <\/div>\n\n\n\n<p>El libro fue traducido al espa\u00f1ol y reeditado en 2011 por El Colegio de la Frontera Norte en M\u00e9xico y la Red Alma Mater en Colombia. Un par de a\u00f1os despu\u00e9s, la doctora Novosseloff visitar\u00eda nuevamente la frontera de M\u00e9xico con Estados Unidos en Tijuana, en un momento cuando las deportaciones promovidas por la administraci\u00f3n de Barack Obama acompa\u00f1aban tambi\u00e9n acciones de reforzamiento en la franja fronteriza, y constat\u00f3 que las cercas instaladas por el gobierno estadounidense, lejos de representar una estrategia poco eficaz, m\u00e1s bien se fortalec\u00edan y sofisticaban. Los muros en el mundo no s\u00f3lo se extendieron y reformaron, sino que se hab\u00edan multiplicado y en la actualidad hay m\u00e1s de setenta.<a class=\"anota\" id=\"anota2\" data-footnote=2>2<\/a><\/p>\n\n\n\n<p>Es en este contexto de reforzamiento y surgimiento de nuevas divisiones donde se sit\u00faa la frontera de M\u00e9xico con Estados Unidos. Esta frontera ha atravesado transformaciones desde finales de los ochenta, y de modo singular con la llegada en 2016 de Donald Trump a la presidencia, quien us\u00f3 la propuesta del muro con M\u00e9xico como promesa de campa\u00f1a y cuya ret\u00f3rica negativa contra los migrantes ha alentado el rechazo y la violencia hacia las comunidades mexicanas e hispanas, independientemente de si cuentan con estatus legal o no.<\/p>\n\n\n\n<p>Es en este contexto tambi\u00e9n en el que surge la iniciativa de El Colef en 2018 para hacer un documental sobre las transformaciones del muro fronterizo entre M\u00e9xico y Estados Unidos, tomando el caso de Tijuana para dar cuenta de los cambios a ra\u00edz de las barreras que han existido desde los noventa hasta la actualidad, haciendo uso del formato documental en busca de llegar a un p\u00fablico m\u00e1s amplio desde contenidos audiovisuales.<\/p>\n\n\n\n<p>El presente texto busca contextualizar las transformaciones en Tijuana en relaci\u00f3n con la construcci\u00f3n del muro. En un primer momento se plantean algunas de las premisas en el guion del documental, entre ellas los procesos de cambio en la frontera a ra\u00edz de la construcci\u00f3n de estas divisiones, as\u00ed como acontecimientos y efectos sociales por el reforzamiento fronterizo, la migraci\u00f3n y las nuevas formas de movilidad, como las caravanas migrantes. Para concluir se discuten algunas de las reflexiones en el <br>documental, as\u00ed como los retos para ciudades fronterizas como Tijuana ante este escenario.<\/p>\n\n\n\n<h2 class=\"wp-block-heading\">Over the Wall\/Sobre el muro y los cambios en la regi\u00f3n fronteriza desde las \u00faltimas cuatro administraciones federales en Estados Unidos<\/h2>\n\n\n\n<p class=\"abstract\"><em>Over the Wall\/Sobre el muro<\/em> es un documental de 28 minutos producido por El Colef y lanzado a principios de 2019. La idea original y la producci\u00f3n ejecutiva estuvieron a cargo de Alberto Hern\u00e1ndez, presidente de El Colef. La realizaci\u00f3n y producci\u00f3n corrieron a cargo de Luis Mercado y Marina Viruete, creadores audiovisuales, quienes adem\u00e1s colaboraron en la escritura del guion junto con Jhonnatan Curiel de El Colef.<\/p>\n\n\n\n<p>La obra se construye a partir de entrevistas con historiadores, soci\u00f3logos, especialistas en migraci\u00f3n y fronteras, residentes de esta frontera, y una labor de investigaci\u00f3n de archivos, documentos y material audiovisual en torno a los cambios del muro y sus efectos en la regi\u00f3n Tijuana-San Diego, entre ellos las coyunturas recientes con las caravanas de migrantes centroamericanos. El documental integra las voces de especialistas como Paul Ganster de San Diego State University, \u00c9rika Pani de El Colegio de M\u00e9xico, David Pi\u00f1era del Instituto de Investigaciones Hist\u00f3ricas de la Universidad Aut\u00f3noma de Baja California, Alberto Hern\u00e1ndez, Rodolfo Cruz, Rafael Alarc\u00f3n y Olivia Ruiz de El Colegio de la Frontera Norte, as\u00ed como Jos\u00e9 Luis P\u00e9rez Canchola, quien fungi\u00f3 como director de Derechos Humanos en Tijuana y ha trabajado el tema migratorio en el estado de Baja California desde 1970.<\/p>\n\n\n\n<p>El objetivo del guion fue plasmar los cambios a partir del endurecimiento de la seguridad fronteriza por Estados Unidos a finales de los ochenta, y c\u00f3mo estas acciones tuvieron efectos para la vida cotidiana en Tijuana.<\/p>\n\n\n\n<p>Previo a ello se contextualizan las condiciones hist\u00f3ricas que convirtieron a esta localidad en un l\u00edmite fronterizo a ra\u00edz de la guerra de intervenci\u00f3n estadounidense en M\u00e9xico (1846-1848) y la firma de los Tratados de Guadalupe-Hidalgo, donde M\u00e9xico ced\u00eda el 50 por ciento de su territorio. El rancho de Tijuana quedar\u00eda en el l\u00edmite de esa demarcaci\u00f3n y dio origen a esa localidad (Pi\u00f1era, 1985).<\/p>\n\n\n\n<p>Uno de los acontecimientos que contribuyeron al crecimiento de esta frontera fue el turismo proveniente del sur de Estados Unidos, que encontr\u00f3 en Tijuana un sitio para evitar el periodo prohibicionista en California durante las primeras d\u00e9cadas del siglo <span class=\"small-caps\">xx<\/span>. A partir de los a\u00f1os cuarenta, la Segunda Guerra Mundial y la implementaci\u00f3n del programa Bracero traer\u00edan cambios importantes para Tijuana en t\u00e9rminos poblacionales y urbanos. D\u00e9cadas m\u00e1s tarde, la puesta en marcha del Programa Nacional Fronterizo (<span class=\"small-caps\">pronaf<\/span>) en 1961 y el Programa de Industrializaci\u00f3n Fronteriza (<span class=\"small-caps\">pif<\/span>) en 1972 impact\u00f3 positivamente la integraci\u00f3n econ\u00f3mica de M\u00e9xico en los mercados globales, aunque tambi\u00e9n incentiv\u00f3 un arribo sin precedentes de personas originarias de otros estados mexicanos en busca de empleo o con el prop\u00f3sito de cruzar a la Uni\u00f3n Americana. Las siguientes d\u00e9cadas terminar\u00edan por convertir a Tijuana en una de las cinco ciudades m\u00e1s importantes en el pa\u00eds, tanto por su acelerado crecimiento demogr\u00e1fico como por los beneficios econ\u00f3micos que brindaba su condici\u00f3n de frontera, por ejemplo con la industria maquiladora, y tambi\u00e9n por perfilarse como una de las fronteras m\u00e1s din\u00e1micas y transitadas en el mundo. Hechos que para el Estado Mexicano eran condiciones de oportunidad, pero que para el gobierno de Estados Unidos fueron desaf\u00edos en t\u00e9rminos de la migraci\u00f3n indocumentada de mexicanos hacia su territorio y la necesidad de implementar m\u00e1s regulaciones e infraestructura para la seguridad en su frontera con M\u00e9xico.<\/p>\n\n\n\n<p>Si bien la atenci\u00f3n de las administraciones estadounidenses a su frontera sur ha sido un tema prioritario en la relaci\u00f3n con su contraparte mexicana, los a\u00f1os ochenta constituyen un parteaguas en las acciones de vigilancia y reforzamiento fronterizo, as\u00ed como el principio de una etapa en la que esa frontera se ir\u00e1 cerrando.<\/p>\n\n\n\n<p>Los inicios de El Colef como instituci\u00f3n acad\u00e9mica en el norte mexicano dar\u00e1n cuenta de este proceso con el proyecto Ca\u00f1\u00f3n Zapata (El Colef, 2019a), el cual desarroll\u00f3 una metodolog\u00eda para la medici\u00f3n de los flujos migratorios indocumentados en una zona de Tijuana donde se cruzaba todos los d\u00edas. El proyecto Ca\u00f1\u00f3n Zapata encontr\u00f3 que dichos flujos obedec\u00edan a periodos de demanda de fuerza de trabajo por parte de Estados Unidos y tambi\u00e9n a lo laxos que eran los controles fronterizos hasta entonces (Bustamante, 2012).<\/p>\n\n\n\n<p>Posterior a este proyecto y a principios de los a\u00f1os noventa comenzar\u00e1n a implementarse cambios a lo largo de la franja fronteriza a trav\u00e9s de un reforzamiento en su seguridad y la introducci\u00f3n de acciones m\u00e1s restrictivas en materia migratoria. Las \u00faltimas cuatro administraciones federales en Estados Unidos encabezadas por Bill Clinton (1993-2001), George W. Bush (2001-2009), Barack Obama (2009-2017) y Donald Trump (2017 a la actualidad) desde distintos hechos han transformado las din\u00e1micas y los procesos en la frontera compartida con M\u00e9xico.<\/p>\n\n\n\n<p>Bill Clinton implement\u00f3 el operativo <em>Gatekeeper<\/em> (operativo Guardi\u00e1n) en octubre de 1994. Para el caso de la frontera Tijuana-San Diego \u00e9ste consisti\u00f3 en un endurecimiento de la seguridad en sus puertos internacionales, la instalaci\u00f3n de vallas met\u00e1licas para separar el territorio, un muro con barras de acero que se adentraba en el Oc\u00e9ano Pac\u00edfico, as\u00ed como el aumento de personal de la Patrulla Fronteriza.<\/p>\n\n\n\n<p>A su vez, la Ley de Reforma de Inmigraci\u00f3n Ilegal y Responsabilidad de Inmigraci\u00f3n, promulgada en 1996 fue otra de las acciones con las que se autoriz\u00f3 el fortalecimiento de esa barrera con M\u00e9xico.<\/p>\n\n\n\n<p>Esas acciones y sus efectos transformaron la cotidianidad del cruce fronterizo en Tijuana, el cual durante d\u00e9cadas se hab\u00eda mantenido flexible o menos restrictivo para personas y veh\u00edculos. La famosa an\u00e9cdota de personas que cruzaban la frontera con tan s\u00f3lo decir \u201cU.S. Citizen\u201d al agente migratorio o utilizando documentaci\u00f3n ap\u00f3crifa, para algunos fue una realidad hasta mediados de los a\u00f1os noventa, cuando eso cambi\u00f3.<\/p>\n\n\n\n<p>Otro de los acontecimientos que transformaron la frontera fueron los atentados terroristas a las Torres Gemelas el 11 de septiembre de 2001. A partir de esos hechos surgir\u00eda una nueva dependencia en el gobierno de George W. Bush, quien en noviembre de 2002 impuls\u00f3 la creaci\u00f3n del Departamento de Seguridad Nacional de los Estados Unidos (<em>Department of Homeland Security<\/em>, <span class=\"small-caps\">dhs<\/span>) dedicado a proteger el territorio estadounidense de amenazas a su seguridad nacional.<\/p>\n\n\n\n<p>Poco menos de un a\u00f1o despu\u00e9s, en marzo de 2003, se fundar\u00eda la Oficina de Aduanas y Protecci\u00f3n Fronteriza de los Estados Unidos (<em>U.S. Custom and Border Protection<\/em>, <span class=\"small-caps\">cbp<\/span>) adscrita al Departamento de Seguridad Nacional, para llevar acciones de protecci\u00f3n contra narcotr\u00e1fico, terrorismo, as\u00ed como tr\u00e1fico ilegal de personas y mercanc\u00edas. Tanto el <span class=\"small-caps\">dhs<\/span> domo la <span class=\"small-caps\">cbp<\/span>, en conjunto con la <em>Border Patrol<\/em>, fueron dependencias que se encargaron del control de la frontera sur, as\u00ed como de la supervisi\u00f3n y la vigilancia que implicaba un nuevo proyecto de divisi\u00f3n m\u00e1s ambicioso y elborado en infraestructura y tecnolog\u00eda, la construcci\u00f3n de un nuevo muro fronterizo.<a class=\"anota\" id=\"anota3\" data-footnote=3>3<\/a><\/p>\n\n\n\n<p>El arribo de Barack Obama a la presidencia de Estados Unidos deriv\u00f3 en expectativas favorables en su relaci\u00f3n con M\u00e9xico. Durante sus dos administraciones este mandatario mantuvo un discurso p\u00fablico esc\u00e9ptico respecto a la efectividad de continuar la construcci\u00f3n de un muro con M\u00e9xico, sin embargo, en la pr\u00e1ctica fortaleci\u00f3 la seguridad del cerco fronterizo dot\u00e1ndolo con recursos financieros, as\u00ed como personal e infraestructura de vigilancia.<\/p>\n\n\n\n<p>En agosto de 2010 Obama destin\u00f3 600 millones de d\u00f3lares para aumentar la seguridad fronteriza con M\u00e9xico (<span class=\"small-caps\">pbs<\/span>, 2010). Tambi\u00e9n, aunque no continu\u00f3 la extensi\u00f3n de la barrera f\u00edsica de la frontera, s\u00ed invirti\u00f3 en la seguridad del paso fronterizo natural estableciendo al menos doce bases navales en r\u00edos que dividen a los dos pa\u00edses (Arias, 2016).<\/p>\n\n\n\n<p>Si bien el presidente Obama no se distingui\u00f3 por continuar la construcci\u00f3n de m\u00e1s divisiones, ha sido el presidente que m\u00e1s deportaciones hizo hacia M\u00e9xico en las \u00faltimas d\u00e9cadas. En el periodo que va de 2009 a 2016 se registraron m\u00e1s de 2.5 millones de acciones de devoluci\u00f3n, y al terminar su administraci\u00f3n en 2017 la cifra alcanz\u00f3 casi los tres millones (<span class=\"small-caps\">emif<\/span> Norte, 2016). Por lo que, si bien Obama no aument\u00f3 la extensi\u00f3n del muro, s\u00ed estableci\u00f3 barreras y obst\u00e1culos de otro tipo para la poblaci\u00f3n migrante y latina en la Uni\u00f3n Americana, adem\u00e1s de influir en el cambio poblacional de localidades fronterizas en el norte mexicano, como lo fue para la ciudad de Tijuana, debido a los cientos de miles de personas que volvieron a M\u00e9xico<a class=\"anota\" id=\"anota4\" data-footnote=4>4<\/a> durante su administraci\u00f3n.<\/p>\n\n\n\n<p>Ahora bien, el ascenso de Trump a la presidencia de Estados Unidos con una campa\u00f1a electoral marcada por las amenazas de construir una \u201cGran Muralla\u201d con M\u00e9xico se vio favorecida por anteriores proyectos de divisi\u00f3n. Al asumir la presidencia de Estados Unidos, el muro fronterizo con M\u00e9xico ya contaba con m\u00e1s de 1 000 kil\u00f3metros de construcci\u00f3n con diferentes tipos de cercas y murallas en los estados de California, Arizona, Nuevo M\u00e9xico y Texas. Dicha extensi\u00f3n equivale a un tercio de la frontera total con M\u00e9xico, la cual tiene 3 141 km.<\/p>\n\n\n\n<p>A principios de 2018 se inform\u00f3 que el proyecto de <em>The Great Wall<\/em> de Trump significar\u00eda 1 400 km nuevos de muro (<span class=\"small-caps\">bbc<\/span> News Mundo, 2019), sin embargo esto ha sido puesto en duda debido a zonas monta\u00f1osas o territorios inaccesibles para la maquinaria de construcci\u00f3n, especialmente en la regi\u00f3n noreste, lo cual, adem\u00e1s de las implicaciones presupuestales, impactar\u00eda los ecosistemas y provocar\u00eda severos da\u00f1os ambientales (C\u00f3rdova y De la Parra, 2012).<\/p>\n\n\n\n<p>El uso pol\u00edtico del muro fronterizo ha significado para Trump un mayor respaldo de sus simpatizantes. En marzo de 2018 visit\u00f3 el sur de San Diego, California para supervisar los ocho prototipos de muro erigidos para evaluar cu\u00e1l de ellos era la mejor opci\u00f3n para construir en la frontera con M\u00e9xico. Son im\u00e1genes que se logran recuperar en este documental.<\/p>\n\n\n\n<p>Para febrero de 2019 dichos prototipos ser\u00edan derribados por el propio gobierno estadounidense, al elegirse un nuevo modelo de muro. Durante febrero y junio de ese mismo a\u00f1o, desde su cuenta de Twitter, Trump compartir\u00e1 videos con avances de la construcci\u00f3n del muro en Nuevo Mexico, Texas y California, acompa\u00f1ados de la leyenda \u201cCambi\u00e9 el dise\u00f1o, es m\u00e1s fuerte, m\u00e1s grande, mejor y m\u00e1s barato, mucho m\u00e1s barato\u201d (Hern\u00e1ndez J., 2019).<\/p>\n\n\n\n<p>Hoy en d\u00eda, en Tijuana, en el sitio donde originalmente estaba la barda de l\u00e1mina instalada durante la presidencia de Clinton a partir de 1994, se erige el nuevo muro de Trump, una muralla de diez metros de altura construida con barras de acero afianzadas en concreto. Adem\u00e1s de esta barrera, a escasos 10 metros de ella, en territorio estadounidense, actualmente se ha erigido un segundo muro de 10 metros de altura, por lo que en zonas como playas de Tijuana, la carretera rumbo a Playas y por la avenida internacional, ya son visibles estos dos nuevos muros, estructuras que han transformado el paisaje a lo largo de los 41 kil\u00f3metros de frontera compartida entre Tijuana y San Diego.<\/p>\n\n\n\n<h2 class=\"wp-block-heading\">Migraci\u00f3n y nuevas movilidades en la frontera M\u00e9xico-Estados Unidos: el caso de Tijuana<\/h2>\n\n\n\n<p class=\"abstract\">A la par de las transformaciones derivadas de los distintos proyectos de divisi\u00f3n y reforzamiento fronterizo, la frontera M\u00e9xico-Estados Unidos tambi\u00e9n ha sido testigo de cambios sustantivos en materia migratoria y nuevas movilidades internacionales cuyo tr\u00e1nsito por M\u00e9xico, y en algunos casos su estad\u00eda en el pa\u00eds, est\u00e1n relacionados con peticiones de asilo o su reconocimiento como refugiados.<\/p>\n\n\n\n<p>En resumen, podr\u00edan identificarse cuatro hechos que permiten dar cuenta de estas transformaciones: a) La emigraci\u00f3n de mexicanos hacia Estados Unidos disminuy\u00f3 considerablemente en los \u00faltimos 20 a\u00f1os;<a class=\"anota\" id=\"anota5\" data-footnote=5>5<\/a> b) El retorno de mexicanos desde el exterior aument\u00f3 junto al de personas deportadas o retornadas desde Estados Unidos; c) La poblaci\u00f3n (especialmente centroamericana) de migrantes en tr\u00e1nsito por el territorio mexicano se ha incrementado, y d) Se elev\u00f3 el n\u00famero de solicitudes de asilo, refugio y otras formas de protecci\u00f3n internacional (Hern\u00e1ndez, A., 2019).<\/p>\n\n\n\n<p>En relaci\u00f3n con los dos \u00faltimos puntos, de 2013 a 2016 se registr\u00f3 un contraste en la tendencia del volumen de migrantes irregulares mexicanos y centroamericanos que intentan ingresar a los <span class=\"small-caps\">eu<\/span>. Algo que se plasm\u00f3 en la detenci\u00f3n de m\u00e1s centroamericanos que mexicanos en la frontera sur estadounidense.<\/p>\n\n\n\n<p>En estos a\u00f1os el n\u00famero de devoluciones de centroamericanos por parte de autoridades estadounidenses fue de m\u00e1s de 360 000. Durante el mismo periodo, el gobierno mexicano registr\u00f3 m\u00e1s de 400 000 devoluciones de centroamericanos (<span class=\"small-caps\">emif<\/span>, 2016). A la vez, desde finales de 2016 al segundo semestre de 2019 se incrementaron las solicitudes de reconocimiento como refugiados de personas provenientes del tri\u00e1ngulo norte de Centroam\u00e9rica, Hait\u00ed, y en menor proporci\u00f3n, migrantes de pa\u00edses caribe\u00f1os, latinoamericanos y del continente africano. Con lo cual M\u00e9xico, a la par de ser un pa\u00eds de tr\u00e1nsito, se ha vuelto tambi\u00e9n uno de destino (Hern\u00e1ndez A. 2019).<\/p>\n\n\n\n<p>A estos cambios se suman las caravanas de migrantes centroamericanos durante 2018, especialmente de hondure\u00f1os en busca de llegar a Estados Unidos. Son hechos que implicaron serios desaf\u00edos para las ciudades fronterizas mexicanas, cuya capacidad de atenci\u00f3n se vio rebasada y requiri\u00f3 un trabajo entre dependencias de gobierno local, estatal y federal en M\u00e9xico, as\u00ed como el apoyo de organizaciones de la sociedad civil, que se sumaron a brindar atenci\u00f3n ante esta coyuntura.<\/p>\n\n\n\n<p>Sin embargo el volumen de personas que arribaron con las caravanas fue creciendo. Tan solo a Tijuana llegaron m\u00e1s de 7 000 migrantes de origen centroamericano (El Colef, 2019b), quienes fueron ubicados en la Unidad Deportiva Benito Ju\u00e1rez en la zona norte, un albergue improvisado a pocos metros de la barda fronteriza.<\/p>\n\n\n\n<p>Poco tiempo despu\u00e9s, miles ser\u00edan trasladados a El Barretal, otro espacio improvisado como albergue en la zona este de la ciudad. La llegada de los centroamericanos a esta frontera estuvo marcada tambi\u00e9n por actitudes de rechazo y ataques xen\u00f3fobos y discriminatorios por parte de un sector de la poblaci\u00f3n tijuanense en desacuerdo con su presencia en la ciudad.<\/p>\n\n\n\n<p>El prop\u00f3sito de llegar a Estados Unidos llev\u00f3 a un gran n\u00famero de migrantes centroamericanos a intentar un cruce masivo en diciembre de 2018 en la zona conocida como El Bordo de Tijuana, una canalizaci\u00f3n en la zona federal que divide a M\u00e9xico de Estados Unidos. Tambi\u00e9n intentaron el cruce a la fuerza por las garitas internacionales de San Ysidro y Otay, as\u00ed como por zonas aleda\u00f1as a la barda fronteriza, lo que provoc\u00f3 el cierre temporal de los puertos internacionales y origin\u00f3 el despliegue del ej\u00e9rcito estadounidense y la guardia nacional, quienes junto a la <em>Border Patrol <\/em>y personal de la <span class=\"small-caps\">cbp<\/span> se dedicaron a contener y capturar a quienes intentaran el cruce por estos sitios.<\/p>\n\n\n\n<h2 class=\"wp-block-heading\">La frontera Tijuana-San Diego y el documental como herramienta socioantropol\u00f3gica para su estudio<\/h2>\n\n\n\n<p class=\"abstract\">El uso del documental como herramienta para dar cuenta de un fen\u00f3meno social es un recurso que adquiere relevancia en un momento en el que los reg\u00edmenes discursivos contempor\u00e1neos est\u00e1n ligados con producciones audiovisuales. Por ello no es casualidad que en ocasiones para ciertos p\u00fablicos, por ejemplo j\u00f3venes, lo visual tenga un mayor peso que lo escrito, en cuanto que a trav\u00e9s de lo audiovisual las personas son representadas desde su cuerpo, rostro y subjetividad, algo que a veces llega a desvanecerse en la exposici\u00f3n y argumentaci\u00f3n escrita (Trujillo, 2013).<\/p>\n\n\n\n<p>De ah\u00ed tambi\u00e9n lo relevante de continuar explorando la relaci\u00f3n entre el g\u00e9nero documental, la antropolog\u00eda y los estudios sociales en busca de representar contextos o hacer capturas del mundo lo m\u00e1s pr\u00f3ximas a su realidad, algo que el documental <em>Over the Wall\/Sobre el muro<\/em> ha procurado.<\/p>\n\n\n\n<p>Como se dijo al principio, basado en el contenido expuesto en esta pieza audiovisual este texto tuvo el prop\u00f3sito de contextualizar el conjunto de transformaciones sociales que ha tra\u00eddo consigo el reforzamiento del muro fronterizo entre M\u00e9xico y Estados Unidos, tomando el caso de Tijuana para ejemplificar dichos cambios.<\/p>\n\n\n\n<p>Tal y como queda plasmado en el documental, la transformaci\u00f3n del paisaje urbano en la franja fronteriza desde principios de los noventa hasta la actualidad ha estado ligada a proyectos de divisi\u00f3n promovidos y fortalecidos por las \u00faltimas cuatro administraciones federales estadounidenses.<\/p>\n\n\n\n<p>Pero tambi\u00e9n durante el mismo periodo esta frontera ha evolucionado en cuanto a sus componentes y flujos migratorios, tanto por el retorno de mexicanos al pa\u00eds como por el flujo de migrantes internacionales, particularmente centroamericanos, quienes han abierto un nuevo paradigma de las movilidades que transitan por M\u00e9xico haciendo uso de las caravanas como estrategia de visibilidad y protecci\u00f3n. Su prop\u00f3sito de procurar asilo o refugio, tanto en M\u00e9xico como en Estados Unidos, es un componente que sobresale en estas nuevas formas de movilidad, en tanto que rompe con los esquemas del fen\u00f3meno migratorio en la historia de Tijuana.<\/p>\n\n\n\n<p>Por otro lado, la administraci\u00f3n del presidente Trump ha puesto numerosos obst\u00e1culos para que estas poblaciones en contextos de movilidad consigan su prop\u00f3sito. Tanto su discurso y sus acciones contra los migrantes han propiciado un mayor endurecimiento de los controles fronterizos, redadas, deportaciones y la habilitaci\u00f3n de centros de detenci\u00f3n para hombres, mujeres, ni\u00f1os e incluso beb\u00e9s, todo ello con el prop\u00f3sito de desalentar su aspiraci\u00f3n de llegar a suelo estadounidense. Estos hechos sin duda han empoderado a supremacistas y agrupaciones antiinmigrantes, adem\u00e1s de afianzar el apoyo de sus simpatizantes pol\u00edticos con la mirada puesta en las elecciones federales de 2020.<\/p>\n\n\n\n<p>La actual franja fronteriza entre los Estados Unidos y M\u00e9xico consiste en un territorio com\u00fan que hist\u00f3ricamente ha sido permeable en diferentes formas y momentos, adem\u00e1s de servir como un mecanismo de filtraci\u00f3n y de control entre dos estilos de vida separados no s\u00f3lo por lo econ\u00f3mico, sino tambi\u00e9n por lo hist\u00f3rico y lo religioso.<\/p>\n\n\n\n<p>Millones de personas que desarrollan sus vidas a lo largo y ancho de esta franja ven en el muro un elemento de tensi\u00f3n innecesaria en el transcurrir de sus vidas. Las personas, a pesar de su tendencia pragm\u00e1tica a construir barreras, fronteras y l\u00edmites, tambi\u00e9n cuestionan su existencia al observar el impacto que la discriminaci\u00f3n puede ocasionar entre un lado y otro. La disparidad que se puede observar entre San Diego y Tijuana y los contrastes entre la oportunidad y la carencia refuerzan a\u00fan m\u00e1s lo imponente de esta barrera. Filtros y control expresan dos ejes de la vida en la frontera entre M\u00e9xico y Estados Unidos.<a class=\"anota\" id=\"anota6\" data-footnote=6>6<\/a><\/p>\n\n\n\n<p>La cuesti\u00f3n de la otredad es uno de los puntos nodales del pensamiento antropol\u00f3gico y en general de los estudios sociales: el muro fronterizo, adem\u00e1s de delimitar la frontera entre dos pa\u00edses, funciona como un punto de referencia desde donde se generan diversas identidades y otredades.<\/p>\n\n\n\n<p>El muro no s\u00f3lo determina qui\u00e9nes pueden transitar por \u00e9l y qui\u00e9nes no; el muro, adem\u00e1s de conformar cotidianidades marcadas por el acceso a privilegios y tambi\u00e9n por la carencia de oportunidades, funciona tambi\u00e9n como referente simb\u00f3lico para diferenciar al norte y al sur global, por lo menos en el continente americano.<\/p>\n\n\n\n<p>El muro, que gradualmente se ha vuelto m\u00e1s y m\u00e1s impermeable, ha venido a representar sentimientos encontrados: para los m\u00e1s conservadores, es una garant\u00eda de que las cosas permanecer\u00e1n como son y como han sido; para los m\u00e1s liberales, un asalto a la dignidad humana de aquellos que buscan nuevas oportunidades. M\u00e1s muros se construyen en el mundo, pero el de M\u00e9xico y Estados Unidos, como lo retrata este documental, es una expresi\u00f3n clara de las asimetr\u00edas y de las diferencias en los aspectos sociales y culturales de dos pa\u00edses.<\/p>\n\n\n\n<p>En un territorio com\u00fan de 41 kil\u00f3metros de extensi\u00f3n entre Tijuana y San Diego, poseedoras ambas ciudades de la frontera m\u00e1s din\u00e1mica del mundo, se encuentran desplazados de dos a tres muros de metal y concreto de entre los 6 y 10 metros de altura, dotados con avanzados sistemas de control y vigilancia. Los viejos residentes de ambas ciudades recuerdan los tiempos en que s\u00f3lo hab\u00eda un cable de metal y obeliscos que marcaban el l\u00edmite de una frontera apenas perceptible. Hoy, cuando este espacio amenaza con volverse impenetrable, por lo menos desde la mirada de Trump, debemos recordar que el papel de la antropolog\u00eda, los estudios sociales y el uso de herramientas como el documental pueden ser alternativas para hacer del mundo un lugar seguro, digno y m\u00e1s justo pese a las diferencias.<\/p>\n\n\n\n<h2 class=\"wp-block-heading\">Bibliograf\u00eda<\/h2>\n\n\n\n<p class=\"bibliography\">Alarc\u00f3n, Rafael y William Becerra (2012). \u201c\u00bfCriminales o v\u00edctimas? La deportaci\u00f3n de migrantes mexicanos de Estados Unidos a Tijuana, Baja California\u201d, en <em>Norteam\u00e9rica<\/em>, A\u00f1o 7, n\u00fam. 1, enero-junio de 2012, pp. 125-148. Disponible en http:\/\/revistanorteamerica.unam.mx\/index.php\/nam\/article\/viewFile\/160\/146<\/p>\n\n\n\n<p class=\"bibliography\">Arias, Guillermo (2016, 7 de diciembre). \u201cDe la barrera natural al doble muro: as\u00ed ha crecido la separaci\u00f3n fronteriza entre M\u00e9xico y EU\u201d, en <em>Animal Pol\u00edtico<\/em>. Disponible en https:\/\/www.animalpolitico.com\/2016\/12\/la-barrera-natural-al-doble-muro-asi-ha-crecido-la-separacion-fronteriza-mexico-eu\/<\/p>\n\n\n\n<p class=\"bibliography\"><span class=\"small-caps\">bbc<\/span> News Mundo (2019, 7 de enero). \u201c\u00bfCu\u00e1nto se ha construido realmente del muro que planea Trump entre M\u00e9xico y Estados Unidos?\u201d, en <em>Animal Pol\u00edtico<\/em>. Disponible en https:\/\/www.animalpolitico.com\/2019\/01\/trump-muro-fronterizo-cuanto-se-ha-construido\/<\/p>\n\n\n\n<p class=\"bibliography\">Bustamante, Jorge A. (2012). <em>Sembrar en el desierto. Cr\u00f3nicas de los primeros 30 a\u00f1os de El Colegio de la Frontera Norte<\/em>. Tijuana: El Colef.<\/p>\n\n\n\n<p class=\"bibliography\">C\u00f3rdova Ana y Carlos de la Parra (coord.) (2012). <em>El muro fronterizo entre M\u00e9xico y Estados Unidos. Espacios, instrumentos y actores para un di\u00e1logo constructivo<\/em>. Tijuana: El Colef.<\/p>\n\n\n\n<p class=\"bibliography\">El Colegio de la Frontera Norte (El Colef) (2019a). \u201cCa\u00f1\u00f3n Zapata, un estudio pionero sobre migraci\u00f3n\u201d, en <em>El Colegio de la Frontera Norte &#8211; El Colef, canal de Youtube<\/em>, secci\u00f3n \u201cHecho en la Frontera\u201d, 12 de marzo de 2019. Disponible en https:\/\/www.youtube.com\/watch?v=WlTJoWk6orc<\/p>\n\n\n\n<p class=\"bibliography\">El Colegio de la Frontera Norte (El Colef) (2019b). \u201cLa caravana de migrantes centroamericanos en Tijuana. Diagn\u00f3stico y propuesta de acci\u00f3n\u201d [Documento de trabajo], 13 de diciembre de 2018. Disponible en https:\/\/www.colef.mx\/estudiosdeelcolef\/la-caravana-de-migrantes-centroamericanos-en-tijuana-2018-diagnostico-y-propuestas-de-accion\/<\/p>\n\n\n\n<p class=\"bibliography\">Encuestas sobre Migraci\u00f3n en las Fronteras Norte y Sur de M\u00e9xico (<span class=\"small-caps\">emif<\/span>) (2016<em>).<\/em> <em>N\u00famero de eventos de devoluci\u00f3n por parte de autoridades estadounidenses. Periodo 2009-2016<\/em>. M\u00e9xico: El Colef, <span class=\"small-caps\">stps<\/span>, <span class=\"small-caps\">conapo<\/span>, Unidad de Pol\u00edtica Migratoria-<span class=\"small-caps\">segob<\/span>, <span class=\"small-caps\">sre<\/span>, <span class=\"small-caps\">conapred<\/span>, <span class=\"small-caps\">sedesol<\/span>.<\/p>\n\n\n\n<p class=\"bibliography\">Gabriel Zu\u00f1iga, Ana (2019, 24 de febrero). \u201cLos muros que dividen al mundo\u201d, en <em>El Heraldo<\/em>. Disponible en https:\/\/www.elheraldo.co\/mundo\/los-muros-que-dividen-al-mundo-600324<\/p>\n\n\n\n<p class=\"bibliography\">Hern\u00e1ndez, Alberto (2019). \u201cPr\u00e1cticas culturales y religiosas en contextos de cambio y movilidad\u201d, en Jos\u00e9 Manuel Valenzuela Arce y Nuria Sanz (coord. y ed.), <em>Cultura, migraci\u00f3n y desarrollo<\/em>. <em>Visi\u00f3n y acci\u00f3n desde M\u00e9xico<\/em>, pp. 121-134. Tijuana: El Colef\/<span class=\"small-caps\">unesco<\/span>.<\/p>\n\n\n\n<p class=\"bibliography\">Hern\u00e1ndez, Javier (2019, 22 de junio). \u201cTrump comparte video con avances de construcci\u00f3n del muro fronterizo\u201d, en <em>El Dictamen<\/em>. Disponible en https:\/\/www.eldictamen.mx\/2019\/06\/noticias\/internacional \/trump-comparte-video-con-avances-de-construccion-del-muro-fronterizo\/<\/p>\n\n\n\n<p class=\"bibliography\">Linares, Mireille (2012). \u201cEspacios binacionales formales de interacci\u00f3n en la frontera M\u00e9xico-Estados Unidos y la inclusi\u00f3n del tema del muro fronterizo\u201d, en Ana C\u00f3rdova y Carlos de la Parra (coord.), <em>El muro fronterizo entre M\u00e9xico y Estados Unidos. Espacios, instrumentos y actores para un di\u00e1logo constructivo<\/em>, pp. 47-77. Tijuana: El Colef.<\/p>\n\n\n\n<p class=\"bibliography\">Muri\u00e0 Tu\u00f1\u00f3n, Magal\u00ed (2010). \u201cEnforcing Boundaries: Globalization, State Power and the Geography of Cross-border Consumption in Tijuana, Mexico\u201d. Tesis de doctorado, Universidad de California en San Diego.<\/p>\n\n\n\n<p class=\"bibliography\">Novosseloff, Alexandra y Frank Niesse (2011). <em>Muros entre los hombres<\/em>. Tijuana: El Colef y Red Alma Mater.<\/p>\n\n\n\n<p class=\"bibliography\">Pi\u00f1era Ram\u00edrez, David (1985). <em>Historia de Tijuana: semblanza general<\/em>. Tijuana: Centro de Investigaciones Hist\u00f3ricas <span class=\"small-caps\">unam-uabc<\/span>.<\/p>\n\n\n\n<p class=\"bibliography\">Public Broadcasting Service (<span class=\"small-caps\">pbs<\/span>) (2010). \u201cObama Signs $600 Million Bill to Boost U.S. Border Security\u201d, disponible en https:\/\/www.pbs.org\/newshour\/show\/obama-signs-600-million-bill-to-boost-u-s-border-security<\/p>\n\n\n\n<p class=\"bibliography\">Trujillo, Adriana (ed.) (2013). <em>Bordocs y fronteras. Cine documental en el norte de M\u00e9xico<\/em>. M\u00e9xico: CreateSpace Independent Publishing Platform.<\/p>\n\n\n\n<p class=\"bibliography\">Velasco Ortiz, Matilde Laura, Ma. Dolores Par\u00eds Pombo, Sandra L. Albicker Aguilera, Gabriel H. P\u00e9rez Duperou y Carlos F\u00e9lix Vega (2017). <em>Emergencia migratoria y solidaridad de la sociedad civil en Tijuana, 2016-2017<\/em>. Tijuana: El Colegio de la Frontera Norte.<\/p>\n\n\n\n<h2 class=\"wp-block-heading\"><span class=\"small-caps\">Ficha t\u00e9cnica<\/span><\/h2>\n\n\n\n<p>T\u00edtulo: <em>Over the Wall\/Sobre el Muro <\/em>(El Colef, 2019)<\/p>\n\n\n\n<p>G\u00e9nero: Documental<\/p>\n\n\n\n<p>Duraci\u00f3n: 28 minutos<\/p>\n\n\n\n<p>Realizador: Luis Mercado<\/p>\n\n\n\n<p>Productor ejecutivo e idea original: Alberto Hern\u00e1ndez<\/p>\n\n\n\n<p>Producci\u00f3n: Marina Viruete<\/p>\n\n\n\n<p>Guion: Jhonnatan Curiel, Marina Viruete y Luis Mercado<\/p>\n\n\n\n<p>Sinopsis: Este documental muestra las transformaciones en la frontera de M\u00e9xico con Estados Unidos a lo largo de cinco d\u00e9cadas. Desde la ciudad de Tijuana y a trav\u00e9s de entrevistas a pobladores y especialistas, as\u00ed como material hist\u00f3rico y documental, se capturan las relaciones y tensiones que ha experimentado esta ciudad por su condici\u00f3n de frontera, en especial a partir de la llegada a la presidencia de Estados Unidos de Donald Trump.<\/p>\n","protected":false},"excerpt":{"rendered":"<p>Based on the documentary Over the Wall\/Sobre el muro (El Colef, 2019), this text discusses some social effects from the transformations of the barriers and divisions that have demarcated the border boundary of the states of California, United States and Baja California, Mexico, to the construction of fences and border walls promoted by the last four U.S. federal administrations. Based on interviews with migration and border specialists, residents, and archival and documentary research on the fence and its effects on the Tijuana-San Diego border, this documentary captures periods of change and border reinforcement by the United States, as well as the recent conjuncture with the arrival of new migratory flows such as the caravans of Central American migrants to Tijuana and the challenges for this border. <\/p>","protected":false},"author":4,"featured_media":0,"comment_status":"open","ping_status":"open","sticky":false,"template":"","format":"standard","meta":{"_acf_changed":false,"footnotes":""},"categories":[11],"tags":[350,419,500,589,590],"coauthors":[551],"class_list":["post-31785","post","type-post","status-publish","format-standard","hentry","category-11","tag-documental","tag-frontera","tag-migracion","tag-muro","tag-tijuana","personas-hernandez-hernandez-alberto","personas-curiel-jhonnatan","numeros-616"],"acf":[],"yoast_head":"<!-- This site is optimized with the Yoast SEO plugin v22.2 - https:\/\/yoast.com\/wordpress\/plugins\/seo\/ -->\n<title>Over the Wall\/Sobre el muro (El Colef, 2019) &#8211; Encartes<\/title>\n<meta name=\"description\" content=\"Over the Wall\/Sobre el muro (El Colef, 2019) captura periodos de cambio y reforzamiento fronterizo por parte de Estados Unidos.\" \/>\n<meta name=\"robots\" content=\"index, follow, max-snippet:-1, max-image-preview:large, max-video-preview:-1\" \/>\n<link rel=\"canonical\" href=\"https:\/\/encartes.mx\/en\/hernandez-alberto-hernandez-curiel-documental-muro-mexico-estados-unidos\/\" \/>\n<meta property=\"og:locale\" content=\"en_US\" \/>\n<meta property=\"og:type\" content=\"article\" \/>\n<meta property=\"og:title\" content=\"Over the Wall\/Sobre el muro (El Colef, 2019) &#8211; Encartes\" \/>\n<meta property=\"og:description\" content=\"Over the Wall\/Sobre el muro (El Colef, 2019) captura periodos de cambio y reforzamiento fronterizo por parte de Estados Unidos.\" \/>\n<meta property=\"og:url\" content=\"https:\/\/encartes.mx\/en\/hernandez-alberto-hernandez-curiel-documental-muro-mexico-estados-unidos\/\" \/>\n<meta property=\"og:site_name\" content=\"Encartes\" \/>\n<meta property=\"article:published_time\" content=\"2020-03-23T01:27:49+00:00\" \/>\n<meta property=\"article:modified_time\" content=\"2023-11-18T00:44:31+00:00\" \/>\n<meta name=\"author\" content=\"Arthur Ventura\" \/>\n<meta name=\"twitter:card\" content=\"summary_large_image\" \/>\n<meta name=\"twitter:label1\" content=\"Written by\" \/>\n\t<meta name=\"twitter:data1\" content=\"Arthur Ventura\" \/>\n\t<meta name=\"twitter:label2\" content=\"Est. reading time\" \/>\n\t<meta name=\"twitter:data2\" content=\"22 minutes\" \/>\n<script type=\"application\/ld+json\" class=\"yoast-schema-graph\">{\"@context\":\"https:\/\/schema.org\",\"@graph\":[{\"@type\":\"Article\",\"@id\":\"https:\/\/encartes.mx\/hernandez-alberto-hernandez-curiel-documental-muro-mexico-estados-unidos\/#article\",\"isPartOf\":{\"@id\":\"https:\/\/encartes.mx\/hernandez-alberto-hernandez-curiel-documental-muro-mexico-estados-unidos\/\"},\"author\":{\"name\":\"Arthur Ventura\",\"@id\":\"https:\/\/encartes.mx\/#\/schema\/person\/97215bba1729028a4169cab07f8e58ef\"},\"headline\":\"El documental &#8220;Over The Wall\/Sobre el muro&#8221;: una mirada a las transformaciones sociales por el muro fronterizo entre M\u00e9xico y Estados Unidos en Tijuana\",\"datePublished\":\"2020-03-23T01:27:49+00:00\",\"dateModified\":\"2023-11-18T00:44:31+00:00\",\"mainEntityOfPage\":{\"@id\":\"https:\/\/encartes.mx\/hernandez-alberto-hernandez-curiel-documental-muro-mexico-estados-unidos\/\"},\"wordCount\":5225,\"commentCount\":0,\"publisher\":{\"@id\":\"https:\/\/encartes.mx\/#organization\"},\"keywords\":[\"documental\",\"frontera\",\"migraci\u00f3n\",\"muro\",\"Tijuana\"],\"articleSection\":[\"EncArtes multimedia\"],\"inLanguage\":\"en-US\",\"potentialAction\":[{\"@type\":\"CommentAction\",\"name\":\"Comment\",\"target\":[\"https:\/\/encartes.mx\/hernandez-alberto-hernandez-curiel-documental-muro-mexico-estados-unidos\/#respond\"]}]},{\"@type\":\"WebPage\",\"@id\":\"https:\/\/encartes.mx\/hernandez-alberto-hernandez-curiel-documental-muro-mexico-estados-unidos\/\",\"url\":\"https:\/\/encartes.mx\/hernandez-alberto-hernandez-curiel-documental-muro-mexico-estados-unidos\/\",\"name\":\"Over the Wall\/Sobre el muro (El Colef, 2019) &#8211; Encartes\",\"isPartOf\":{\"@id\":\"https:\/\/encartes.mx\/#website\"},\"datePublished\":\"2020-03-23T01:27:49+00:00\",\"dateModified\":\"2023-11-18T00:44:31+00:00\",\"description\":\"Over the Wall\/Sobre el muro (El Colef, 2019) captura periodos de cambio y reforzamiento fronterizo por parte de Estados Unidos.\",\"breadcrumb\":{\"@id\":\"https:\/\/encartes.mx\/hernandez-alberto-hernandez-curiel-documental-muro-mexico-estados-unidos\/#breadcrumb\"},\"inLanguage\":\"en-US\",\"potentialAction\":[{\"@type\":\"ReadAction\",\"target\":[\"https:\/\/encartes.mx\/hernandez-alberto-hernandez-curiel-documental-muro-mexico-estados-unidos\/\"]}]},{\"@type\":\"BreadcrumbList\",\"@id\":\"https:\/\/encartes.mx\/hernandez-alberto-hernandez-curiel-documental-muro-mexico-estados-unidos\/#breadcrumb\",\"itemListElement\":[{\"@type\":\"ListItem\",\"position\":1,\"name\":\"Home\",\"item\":\"https:\/\/encartes.mx\/\"},{\"@type\":\"ListItem\",\"position\":2,\"name\":\"El documental &#8220;Over The Wall\/Sobre el muro&#8221;: una mirada a las transformaciones sociales por el muro fronterizo entre M\u00e9xico y Estados Unidos en Tijuana\"}]},{\"@type\":\"WebSite\",\"@id\":\"https:\/\/encartes.mx\/#website\",\"url\":\"https:\/\/encartes.mx\/\",\"name\":\"Encartes\",\"description\":\"Revista digital multimedia\",\"publisher\":{\"@id\":\"https:\/\/encartes.mx\/#organization\"},\"potentialAction\":[{\"@type\":\"SearchAction\",\"target\":{\"@type\":\"EntryPoint\",\"urlTemplate\":\"https:\/\/encartes.mx\/?s={search_term_string}\"},\"query-input\":\"required name=search_term_string\"}],\"inLanguage\":\"en-US\"},{\"@type\":\"Organization\",\"@id\":\"https:\/\/encartes.mx\/#organization\",\"name\":\"Encartes Antropol\u00f3gicos\",\"url\":\"https:\/\/encartes.mx\/\",\"logo\":{\"@type\":\"ImageObject\",\"inLanguage\":\"en-US\",\"@id\":\"https:\/\/encartes.mx\/#\/schema\/logo\/image\/\",\"url\":\"https:\/\/encartes.mx\/wp-content\/uploads\/2017\/04\/Logo-04.png\",\"contentUrl\":\"https:\/\/encartes.mx\/wp-content\/uploads\/2017\/04\/Logo-04.png\",\"width\":338,\"height\":306,\"caption\":\"Encartes Antropol\u00f3gicos\"},\"image\":{\"@id\":\"https:\/\/encartes.mx\/#\/schema\/logo\/image\/\"}},{\"@type\":\"Person\",\"@id\":\"https:\/\/encartes.mx\/#\/schema\/person\/97215bba1729028a4169cab07f8e58ef\",\"name\":\"Arthur Ventura\",\"image\":{\"@type\":\"ImageObject\",\"inLanguage\":\"en-US\",\"@id\":\"https:\/\/encartes.mx\/#\/schema\/person\/image\/8a45818ea77a67a00c058d294424a6f6\",\"url\":\"https:\/\/secure.gravatar.com\/avatar\/e8ff614b2fa0d91ff6c65f328a272c53?s=96&d=identicon&r=g\",\"contentUrl\":\"https:\/\/secure.gravatar.com\/avatar\/e8ff614b2fa0d91ff6c65f328a272c53?s=96&d=identicon&r=g\",\"caption\":\"Arthur Ventura\"}}]}<\/script>\n<!-- \/ Yoast SEO plugin. -->","yoast_head_json":{"title":"Over the Wall\/Sobre el muro (El Colef, 2019) &#8211; Encartes","description":"Over the Wall\/Sobre el muro (El Colef, 2019) captura periodos de cambio y reforzamiento fronterizo por parte de Estados Unidos.","robots":{"index":"index","follow":"follow","max-snippet":"max-snippet:-1","max-image-preview":"max-image-preview:large","max-video-preview":"max-video-preview:-1"},"canonical":"https:\/\/encartes.mx\/en\/hernandez-alberto-hernandez-curiel-documental-muro-mexico-estados-unidos\/","og_locale":"en_US","og_type":"article","og_title":"Over the Wall\/Sobre el muro (El Colef, 2019) &#8211; Encartes","og_description":"Over the Wall\/Sobre el muro (El Colef, 2019) captura periodos de cambio y reforzamiento fronterizo por parte de Estados Unidos.","og_url":"https:\/\/encartes.mx\/en\/hernandez-alberto-hernandez-curiel-documental-muro-mexico-estados-unidos\/","og_site_name":"Encartes","article_published_time":"2020-03-23T01:27:49+00:00","article_modified_time":"2023-11-18T00:44:31+00:00","author":"Arthur Ventura","twitter_card":"summary_large_image","twitter_misc":{"Written by":"Arthur Ventura","Est. reading time":"22 minutes"},"schema":{"@context":"https:\/\/schema.org","@graph":[{"@type":"Article","@id":"https:\/\/encartes.mx\/hernandez-alberto-hernandez-curiel-documental-muro-mexico-estados-unidos\/#article","isPartOf":{"@id":"https:\/\/encartes.mx\/hernandez-alberto-hernandez-curiel-documental-muro-mexico-estados-unidos\/"},"author":{"name":"Arthur Ventura","@id":"https:\/\/encartes.mx\/#\/schema\/person\/97215bba1729028a4169cab07f8e58ef"},"headline":"El documental &#8220;Over The Wall\/Sobre el muro&#8221;: una mirada a las transformaciones sociales por el muro fronterizo entre M\u00e9xico y Estados Unidos en Tijuana","datePublished":"2020-03-23T01:27:49+00:00","dateModified":"2023-11-18T00:44:31+00:00","mainEntityOfPage":{"@id":"https:\/\/encartes.mx\/hernandez-alberto-hernandez-curiel-documental-muro-mexico-estados-unidos\/"},"wordCount":5225,"commentCount":0,"publisher":{"@id":"https:\/\/encartes.mx\/#organization"},"keywords":["documental","frontera","migraci\u00f3n","muro","Tijuana"],"articleSection":["EncArtes multimedia"],"inLanguage":"en-US","potentialAction":[{"@type":"CommentAction","name":"Comment","target":["https:\/\/encartes.mx\/hernandez-alberto-hernandez-curiel-documental-muro-mexico-estados-unidos\/#respond"]}]},{"@type":"WebPage","@id":"https:\/\/encartes.mx\/hernandez-alberto-hernandez-curiel-documental-muro-mexico-estados-unidos\/","url":"https:\/\/encartes.mx\/hernandez-alberto-hernandez-curiel-documental-muro-mexico-estados-unidos\/","name":"Over the Wall\/Sobre el muro (El Colef, 2019) &#8211; Encartes","isPartOf":{"@id":"https:\/\/encartes.mx\/#website"},"datePublished":"2020-03-23T01:27:49+00:00","dateModified":"2023-11-18T00:44:31+00:00","description":"Over the Wall\/Sobre el muro (El Colef, 2019) captura periodos de cambio y reforzamiento fronterizo por parte de Estados Unidos.","breadcrumb":{"@id":"https:\/\/encartes.mx\/hernandez-alberto-hernandez-curiel-documental-muro-mexico-estados-unidos\/#breadcrumb"},"inLanguage":"en-US","potentialAction":[{"@type":"ReadAction","target":["https:\/\/encartes.mx\/hernandez-alberto-hernandez-curiel-documental-muro-mexico-estados-unidos\/"]}]},{"@type":"BreadcrumbList","@id":"https:\/\/encartes.mx\/hernandez-alberto-hernandez-curiel-documental-muro-mexico-estados-unidos\/#breadcrumb","itemListElement":[{"@type":"ListItem","position":1,"name":"Home","item":"https:\/\/encartes.mx\/"},{"@type":"ListItem","position":2,"name":"El documental &#8220;Over The Wall\/Sobre el muro&#8221;: una mirada a las transformaciones sociales por el muro fronterizo entre M\u00e9xico y Estados Unidos en Tijuana"}]},{"@type":"WebSite","@id":"https:\/\/encartes.mx\/#website","url":"https:\/\/encartes.mx\/","name":"Encartes","description":"Multimedia digital magazine","publisher":{"@id":"https:\/\/encartes.mx\/#organization"},"potentialAction":[{"@type":"SearchAction","target":{"@type":"EntryPoint","urlTemplate":"https:\/\/encartes.mx\/?s={search_term_string}"},"query-input":"required name=search_term_string"}],"inLanguage":"en-US"},{"@type":"Organization","@id":"https:\/\/encartes.mx\/#organization","name":"Anthropological Inserts","url":"https:\/\/encartes.mx\/","logo":{"@type":"ImageObject","inLanguage":"en-US","@id":"https:\/\/encartes.mx\/#\/schema\/logo\/image\/","url":"https:\/\/encartes.mx\/wp-content\/uploads\/2017\/04\/Logo-04.png","contentUrl":"https:\/\/encartes.mx\/wp-content\/uploads\/2017\/04\/Logo-04.png","width":338,"height":306,"caption":"Encartes Antropol\u00f3gicos"},"image":{"@id":"https:\/\/encartes.mx\/#\/schema\/logo\/image\/"}},{"@type":"Person","@id":"https:\/\/encartes.mx\/#\/schema\/person\/97215bba1729028a4169cab07f8e58ef","name":"Arthur Ventura","image":{"@type":"ImageObject","inLanguage":"en-US","@id":"https:\/\/encartes.mx\/#\/schema\/person\/image\/8a45818ea77a67a00c058d294424a6f6","url":"https:\/\/secure.gravatar.com\/avatar\/e8ff614b2fa0d91ff6c65f328a272c53?s=96&d=identicon&r=g","contentUrl":"https:\/\/secure.gravatar.com\/avatar\/e8ff614b2fa0d91ff6c65f328a272c53?s=96&d=identicon&r=g","caption":"Arthur Ventura"}}]}},"jetpack_sharing_enabled":true,"jetpack_featured_media_url":"","_links":{"self":[{"href":"https:\/\/encartes.mx\/en\/wp-json\/wp\/v2\/posts\/31785","targetHints":{"allow":["GET"]}}],"collection":[{"href":"https:\/\/encartes.mx\/en\/wp-json\/wp\/v2\/posts"}],"about":[{"href":"https:\/\/encartes.mx\/en\/wp-json\/wp\/v2\/types\/post"}],"author":[{"embeddable":true,"href":"https:\/\/encartes.mx\/en\/wp-json\/wp\/v2\/users\/4"}],"replies":[{"embeddable":true,"href":"https:\/\/encartes.mx\/en\/wp-json\/wp\/v2\/comments?post=31785"}],"version-history":[{"count":32,"href":"https:\/\/encartes.mx\/en\/wp-json\/wp\/v2\/posts\/31785\/revisions"}],"predecessor-version":[{"id":38014,"href":"https:\/\/encartes.mx\/en\/wp-json\/wp\/v2\/posts\/31785\/revisions\/38014"}],"wp:attachment":[{"href":"https:\/\/encartes.mx\/en\/wp-json\/wp\/v2\/media?parent=31785"}],"wp:term":[{"taxonomy":"category","embeddable":true,"href":"https:\/\/encartes.mx\/en\/wp-json\/wp\/v2\/categories?post=31785"},{"taxonomy":"post_tag","embeddable":true,"href":"https:\/\/encartes.mx\/en\/wp-json\/wp\/v2\/tags?post=31785"},{"taxonomy":"author","embeddable":true,"href":"https:\/\/encartes.mx\/en\/wp-json\/wp\/v2\/coauthors?post=31785"}],"curies":[{"name":"wp","href":"https:\/\/api.w.org\/{rel}","templated":true}]}}