{"id":31279,"date":"2019-09-23T13:57:33","date_gmt":"2019-09-23T13:57:33","guid":{"rendered":"https:\/\/encartesantropologicos.mx\/wordpress\/?p=31279"},"modified":"2023-11-17T18:49:30","modified_gmt":"2023-11-18T00:49:30","slug":"desigualdad-politica","status":"publish","type":"post","link":"https:\/\/encartes.mx\/en\/desigualdad-politica\/","title":{"rendered":"Inequality is always political"},"content":{"rendered":"\n<h2 class=\"wp-block-heading\">Resumen<\/h2>\n\n\n\n<p><p class=\"no-indent\">Esta reflexi\u00f3n sobre la propuesta de Juan Pablo P\u00e9rez S\u00e1inz respecto a las consecuencias y respuestas de los grupos subalternos a la desigualdad -que explora en la migraci\u00f3n, la violencia, la religiosidad y la acci\u00f3n colectiva-, valora que coloque de nuevo en el centro la discusi\u00f3n sobre la desigualdad social en Am\u00e9rica Latina. Reygadas propone varias reflexiones sobre la relaci\u00f3n de las acciones sociales con la desigualdad. Se\u00f1ala que las disparidades sociales no son suficientes para explicar las respuestas en las que se centra P\u00e9rez S\u00e1inz. Que es preciso concebir que la reproducci\u00f3n de las desigualdades persistentes se produce en el largo plazo, mientras que la acci\u00f3n social tiene un impacto de corto plazo y, adem\u00e1s, se requieren transformaciones en otros eslabones de esta cadena de reproducci\u00f3n. Finalmente matiza el \u00e9nfasis de P\u00e9rez S\u00e1inz en la distribuci\u00f3n de los mercados b\u00e1sicos (tierra, trabajo y capitales), pues desde la perspectiva de Reygadas, el locus de la desigualdad tambi\u00e9n se encuentra en la redistribuci\u00f3n, a trav\u00e9s de estructuras fiscales progresivas, en la econom\u00eda y la pol\u00edtica, los mercados, la sociedad y las instituciones p\u00fablicas, as\u00ed como, en la distribuci\u00f3n material y las configuraciones simb\u00f3licas.<\/p>\n\n\n\n<p class=\"abstract\">Palabras claves: <a href=\"https:\/\/encartes.mx\/en\/tag\/accion-social\/\" rel=\"tag\">acci\u00f3n social<\/a>, <a href=\"https:\/\/encartes.mx\/en\/tag\/desigualdad-social\/\" rel=\"tag\">Desigualdad social<\/a>, <a href=\"https:\/\/encartes.mx\/en\/tag\/distribucion\/\" rel=\"tag\">distribuci\u00f3n<\/a>, <a href=\"https:\/\/encartes.mx\/en\/tag\/poder\/\" rel=\"tag\">poder<\/a>, <a href=\"https:\/\/encartes.mx\/en\/tag\/politica\/\" rel=\"tag\">pol\u00edtica<\/a>, <a href=\"https:\/\/encartes.mx\/en\/tag\/redistribucion\/\" rel=\"tag\">redistribuci\u00f3n<\/a><\/p>\n\n\n<p class=\"en-title\">Inequality Is Always Political<\/p>\n\n\n\n<p class=\"abstract en-text\">This reflection on Juan Pablo P\u00e9rez S\u00e1inz\u2019s proposal regarding secondary groups\u2019 inequality-related consequences and responses \u2013which delves into migration, violence, religiosity and collective action\u2013 advocates re-centering discussions of Latin American social inequalities. Reygadas proposes a number of reflections on the relationship between social actions and inequality. He asserts that social disparities are not sufficient to explain the responses P\u00e9rez S\u00e1inz has emphasized. We must understand that persistent inequality-reproduction occurs over the long-term whereas social actions exert short-term impacts and additionally require transformations in other links along the reproduction chain. Ultimately the essay nuances P\u00e9rez S\u00e1inz\u2019s emphasis on basic-market (land, labor and capital) distribution; from Reygadas\u2019s perspective, the locus of inequality also lies in re-distribution, through progressive tax structures, in the economy and in public policy, in markets, society and public institutions and, not least of all, in material distribution and symbolic configurations.<\/p>\n\n\n\n<p class=\"abstract en-text\">Keywords: Social inequality, power, politics\/policy, social action, distribution and redistribution.<\/p>\n\n\n\n<hr class=\"wp-block-separator\"\/>\n\n\n\n<p class=\"abstract\"><span class=\"dropcap\">L<\/span>a desigualdad es inevitablemente una cuesti\u00f3n pol\u00edtica. Como ha dicho Gerhard Lenski (1969), las desigualdades sociales est\u00e1n engarzadas con las relaciones de poder.<a class=\"anota\" id=\"anota1\" data-footnote=1>1<\/a> Las asimetr\u00edas en las relaciones de poder constituyen un componente esencial de la desigualdad social y son una clave cr\u00edtica para comprender la inequidad entre los g\u00e9neros, las etnias y otros grupos sociales. Dos autores que han sido los pilares de muchas teor\u00edas modernas sobre la desigualdad, Carlos Marx y Max Weber, explican las diferencias sociales a partir de factores pol\u00edticos: Marx habla de las relaciones de producci\u00f3n entre capitalistas y obreros, que est\u00e1n mediadas por el poder, y Weber introduce las ideas de monopolios y cierres sociales, que tambi\u00e9n implican ejercicio del poder (Marx, 1974; Weber, 1996). En un registro m\u00e1s contempor\u00e1neo, dos premios Nobel en econom\u00eda han introducido dimensiones del poder en el estudio de las desigualdades econ\u00f3micas: Amartya Sen habla de la pobreza en t\u00e9rminos de capacidades diferenciales de las personas y Joseph Stiglitz menciona las asimetr\u00edas de informaci\u00f3n como uno de los aspectos cruciales que explican los resultados de los mercados (Sen, 1999; Stiglitz, 2002).<\/p>\n\n\n\n<p>La distribuci\u00f3n de las ventajas y desventajas en una sociedad es objeto de constantes disputas acerca de a qui\u00e9n le corresponde qu\u00e9. Las riquezas son producidas de manera social (al menos la inmensa mayor\u00eda de ellas), pero son susceptibles de apropiaci\u00f3n privada, por lo que existen constantes tensiones y negociaciones en torno a qu\u00e9 porci\u00f3n de la riqueza corresponde a cada uno de los agentes, y es frecuente el conflicto de intereses. Esta contraposici\u00f3n, unida a la heterogeneidad social y a la diversidad cultural, hace que existan muy distintas interpretaciones acerca de cu\u00e1l es la distribuci\u00f3n m\u00e1s justa de la riqueza. \u201cLa propiedad es un robo\u201d, dec\u00eda Proudhon en el siglo <span class=\"small-caps\">xix<\/span> (Proudhon, 1993: 13), mientras que para muchos otros es perfectamente leg\u00edtima (Nozick, 1974). Toda distribuci\u00f3n de recursos tiene un car\u00e1cter esencialmente disputado. Existen puntos de vista contrastantes sobre cualquier distribuci\u00f3n; lo que para unos es una apropiaci\u00f3n justa para otros es una expropiaci\u00f3n abusiva. La porci\u00f3n de la riqueza social que cada quien obtiene puede ser cuestionada por otros; siempre es fruto de negociaciones, luchas, acuerdos o intercambios que expresan relaciones de poder y diversas interpretaciones de la realidad.<\/p>\n\n\n\n<p>La ineludible imbricaci\u00f3n entre asimetr\u00edas sociales y relaciones de poder es resaltada en el art\u00edculo de Juan Pablo P\u00e9rez S\u00e1inz \u201cLas desigualdades y la re-politizaci\u00f3n de lo social en Am\u00e9rica Latina\u201d, que se publica en este n\u00famero de <em>Encartes<\/em>. P\u00e9rez Sainz se\u00f1ala que desde la d\u00e9cada de los a\u00f1os ochenta el neoliberalismo pretendi\u00f3 eludir el v\u00ednculo entre la riqueza de unos pocos y la miseria de la mayor\u00eda, evit\u00f3 la reflexi\u00f3n sobre las desigualdades y puso el acento en la pobreza como si fuera un problema t\u00e9cnico, dejando de lado el car\u00e1cter pol\u00edtico y relacional de las desigualdades sociales: \u201cen la comprensi\u00f3n de las carencias, se evacu\u00f3 toda referencia al poder y al conflicto. De esta manera la cuesti\u00f3n social en la regi\u00f3n se des-politiz\u00f3 por varias d\u00e9cadas\u201d (P\u00e9rez S\u00e1inz, en este n\u00famero). Sin embargo, esta tentativa de enterrar la dimensi\u00f3n pol\u00edtica result\u00f3 infructuosa, porque la exacerbaci\u00f3n de las desigualdades, la persistencia de la pobreza y el surgimiento de nuevas inequidades en el periodo neoliberal ha provocado que el car\u00e1cter pol\u00edtico de la cuesti\u00f3n social haya vuelto a aflorar en la regi\u00f3n, quiz\u00e1 con m\u00e1s fuerza que nunca.<\/p>\n\n\n\n<p>Juan Pablo P\u00e9rez Sainz ha hecho enormes contribuciones a la comprensi\u00f3n de las desigualdades sociales en Am\u00e9rica Latina. Su extenso libro <em>Mercados y b\u00e1rbaros. La persistencia de las desigualdades de excedente en Am\u00e9rica Latina<\/em> (2014) es una de las indagaciones m\u00e1s s\u00f3lidas sobre los factores que explican que la regi\u00f3n haya sido la m\u00e1s desigual del mundo durante varios siglos. En \u00e9sa y en otras obras (P\u00e9rez S\u00e1inz, 2012; P\u00e9rez S\u00e1inz y Mora, 2009) ha propuesto analizar las din\u00e1micas de poder<\/p>\n\n\n\n<p>que operan en los mercados de tierra, de capital y de trabajo como el origen de las mayores desigualdades. A contrapelo de los enfoques liberales que priorizan las desigualdades de ingresos entre individuos, \u00e9l ha insistido en estudiar las relaciones entre las clases sociales, los grupos y los pares categoriales (de g\u00e9nero, raciales, \u00e9tnicos, territoriales, etc\u00e9tera). La combinaci\u00f3n de este enfoque sociol\u00f3gico con la exploraci\u00f3n hist\u00f3rica le ha permitido escudri\u00f1ar la evoluci\u00f3n de la desigualdad en Am\u00e9rica Latina en diversos periodos, y, en particular, comprender la situaci\u00f3n contempor\u00e1nea.<\/p>\n\n\n\n<p>Despu\u00e9s de investigar durante varios a\u00f1os acerca de las causas de la desigualdad, P\u00e9rez S\u00e1inz vuelve la vista hacia sus consecuencias y las respuestas frente a ella. El art\u00edculo \u201cLas desigualdades y la re-politizaci\u00f3n de lo social en Am\u00e9rica Latina\u201d es congruente con la tesis de que las desigualdades siempre son pol\u00edticas. Por ello, en primera instancia describe cuatro procesos de desempoderamiento que han provocado un aumento de las disparidades sociales en Am\u00e9rica Latina durante las \u00faltimas d\u00e9cadas: la precarizaci\u00f3n del trabajo asalariado, la exclusi\u00f3n de los peque\u00f1os propietarios de la globalizaci\u00f3n, la fragilidad de los procesos de individualizaci\u00f3n para los sectores subalternos y el hecho de que el procesamiento de las diferencias (\u00e9tnicas, de g\u00e9nero) siga produciendo desigualdades, a pesar de que se han puesto en marcha pol\u00edticas de reconocimiento. Su an\u00e1lisis confirma que los cambios en la correlaci\u00f3n de fuerzas entre las clases dominantes y los sectores subalternos en el contexto de la globalizaci\u00f3n han dado pie a nuevas desigualdades y a la persistencia de viejas inequidades. Pero la parte m\u00e1s novedosa del texto (y por tanto la m\u00e1s arriesgada) es cuando abandona el terreno conocido de las causas de las disparidades y busca comprender diversas acciones de los grupos subalternos como respuestas frente a la desigualdad. En primer lugar, ubica una respuesta de salida, que ser\u00eda la migraci\u00f3n. En segundo t\u00e9rmino, describe una respuesta llena de contradicciones, que es la de la violencia. En tercera instancia comenta una respuesta m\u00e1gica, que ser\u00eda la de la religiosidad. Por \u00faltimo, aborda una respuesta de acci\u00f3n colectiva, que es la de los movimientos sociales. Se\u00f1ala las limitaciones y contradicciones de las tres primeras respuestas, mientras que en los movimientos sociales ve una alternativa m\u00e1s promisoria, porque critican la inferiorizaci\u00f3n de los sectores populares y cuestionan las causas de la desigualdad.<\/p>\n\n\n\n<p>Considero que el art\u00edculo consigue mostrar que los sectores populares no experimentan de manera pasiva la desigualdad y la marginalizaci\u00f3n, que participan en b\u00fasquedas individuales y colectivas para enfrentar las desventajas de la exclusi\u00f3n. Sin duda la profundizaci\u00f3n de la desigualdad incide sobre el incremento de la migraci\u00f3n interna y transnacional, sobre la intensificaci\u00f3n de la violencia, sobre las nuevas religiosidades y sobre la proliferaci\u00f3n de movimientos sociales en la regi\u00f3n. Sin embargo, hay que reflexionar con mayor detenimiento sobre las articulaciones entre acciones sociales y desigualdad.<\/p>\n\n\n\n<p>Por una parte, las respuestas populares que describe P\u00e9rez S\u00e1inz tienen que ver con la desigualdad, pero tambi\u00e9n con muchos otros procesos; la desigualdad es s\u00f3lo uno de los muchos factores que hay que tomar en cuenta para comprender dichas respuestas. Adem\u00e1s, hay que recordar que s\u00f3lo en algunos casos se han propuesto reducir la desigualdad, la gran mayor\u00eda han tenido otras metas: buscar nuevas oportunidades de vida, disminuir la pobreza, explorar v\u00edas r\u00e1pidas de enriquecimiento, incrementar el empleo, mejorar la situaci\u00f3n personal o familiar, conseguir un medio de subsistencia, promover una pol\u00edtica econ\u00f3mica o social, oponerse a ella, defender determinados derechos, procesar crisis existenciales y familiares, etc\u00e9tera. En realidad, son muy pocas las acciones que tienen como objetivo expl\u00edcito reducir la desigualdad. Las disparidades sociales son un factor que es necesario considerar para entender la migraci\u00f3n, las conversiones religiosas, la violencia y los movimientos sociales, pero no son suficientes para explicar por completo dichos fen\u00f3menos. No quiero decir que P\u00e9rez S\u00e1inz pretenda reducir la explicaci\u00f3n de estos procesos a la desigualdad, en ning\u00fan momento afirma eso, pero vale la pena hacer este se\u00f1alamiento, porque quienes durante varios a\u00f1os hemos estudiado la desigualdad con frecuencia tendemos a sobrevalorar su incidencia.<\/p>\n\n\n\n<p>M\u00e1s compleja a\u00fan es la cuesti\u00f3n del impacto de las respuestas populares sobre la desigualdad. La relaci\u00f3n entre acci\u00f3n social y desigualdad es compleja e indirecta, porque la desigualdad es un fen\u00f3meno agregado y se inscribe m\u00e1s en la larga duraci\u00f3n y la duraci\u00f3n media, mientras que la acci\u00f3n social es espec\u00edfica, localizada en el espacio y en el acontecimiento inmediato. La desigualdad es el resultado a mediano y largo plazo de innumerables acciones, mediadas por pol\u00edticas, estructuras, interacciones, sistemas de relaciones, procesos, instituciones y entramados culturales. La desigualdad no est\u00e1 al margen de la agencia y de la acci\u00f3n, al contrario, es un producto de ellas, pero no de la acci\u00f3n de un individuo, de un grupo o de un gobierno en un momento determinado, sino del conjunto de las pr\u00e1cticas de m\u00faltiples agentes durante periodos prolongados. Los efectos netos de igualdad o desigualdad de una acci\u00f3n individual o colectiva o de un programa gubernamental pueden ser muy diferentes de los que se esperaban, intervienen numerosos factores y hay consecuencias no previstas.<\/p>\n\n\n\n<p>La larga duraci\u00f3n de la desigualdad es m\u00e1s evidente si se toman en cuenta los aspectos m\u00e1s profundos de las disparidades sociales, por ejemplo los habitus, las pautas de interacci\u00f3n asim\u00e9trica, las desigualdades de capacidades, las asimetr\u00edas en infraestructura, en educaci\u00f3n, en capital cultural y en capital social. La desigualdad se reproduce mediante largas cadenas de dispositivos que involucran tanto estructuras e instituciones que se sedimentan en el transcurso de la historia de una sociedad, como capacidades y dotaciones individuales y grupales que se adquieren a lo largo de una vida. Una modificaci\u00f3n duradera de los niveles y tipos de desigualdad de una sociedad es impensable si no hay una transformaci\u00f3n de las estructuras y las relaciones de poder m\u00e1s profundas que organizan la distribuci\u00f3n de las capacidades y de los medios de acceso a los recursos. Estas estructuras pueden cambiar, pero s\u00f3lo mediante la conjunci\u00f3n de muchos factores, durante periodos relativamente largos.<\/p>\n\n\n\n<p>No es sencillo identificar el impacto que determinados procesos sociales tendr\u00e1n sobre el incremento o la reducci\u00f3n de la desigualdad. Los mismos movimientos sociales pueden tener escasas repercusiones sobre la estructura social, como lo indica el mismo Juan Pablo P\u00e9rez S\u00e1inz:<\/p>\n\n\n\n<p class=\"large-quote\">de las cuatro respuestas [la movilizaci\u00f3n social] es, sin duda, la que plantea de manera m\u00e1s radical la superaci\u00f3n de la marginaci\u00f3n social porque, justamente, interpela directamente las causas que la generan. Pero sus logros est\u00e1n condicionados por la asimetr\u00eda de conflicto. Justamente por su car\u00e1cter cuestionador del orden imperante, tiene que confrontar actores poderosos que tratan de neutralizar este tipo de movimientos sociales a trav\u00e9s del aislamiento, la represi\u00f3n o la cooptaci\u00f3n (P\u00e9rez S\u00e1inz, en este n\u00famero).<\/p>\n\n\n\n<p>Desde esta \u00f3ptica, tal vez no sea tan sorprendente la paradoja de Am\u00e9rica Latina se\u00f1alada por Adelman y Hershberg, que consiste en que esta regi\u00f3n contin\u00faa siendo altamente desigual en la distribuci\u00f3n de ingresos, pese a que ha habido mayor reconocimiento de los pueblos ind\u00edgenas y de la poblaci\u00f3n afrodescendiente y ha sido escenario de poderosos movimientos sociales (Adelman y Hershberg, 2007). La movilizaci\u00f3n social tiene un potencial de transformaci\u00f3n, pero no es suficiente para que se produzcan efectos positivos en la reducci\u00f3n de desigualdades. Dicho en otras palabras, la mayor participaci\u00f3n de los excluidos y la cr\u00edtica de la marginalizaci\u00f3n no bastan para revertir la desigualdad de siglos; se necesitan transformaciones en otros eslabones de la cadena de reproducci\u00f3n de las desigualdades persistentes.<\/p>\n\n\n\n<p>Me parece que no hay que apresurar conclusiones sobre las consecuencias de determinada acci\u00f3n social en t\u00e9rminos de reducci\u00f3n o incremento de la desigualdad. Si bien es cierto que algunos movimientos sociales cuestionan los privilegios y demandan inclusi\u00f3n, no por ello desembocan en una mayor igualdad. Tampoco puede descartarse a priori que la migraci\u00f3n, las transformaciones religiosas o la violencia puedan tener efectos igualadores. Thomas Piketty se\u00f1ala que la destrucci\u00f3n de capital que se produjo durante las dos guerras mundiales, aunada a reformas fiscales progresivas y al posterior fortalecimiento del Estado de bienestar, dio lugar a una importante reducci\u00f3n de las desigualdades en varios pa\u00edses (Piketty, 2014). Algunos procesos migratorios han propiciado reducci\u00f3n de desigualdades y otros no. Ciertas transformaciones religiosas han contribuido a cuestionar las desigualdades, mientras que otras las han reforzado. Esto depende no s\u00f3lo de las caracter\u00edsticas de cada acci\u00f3n social o de la ideolog\u00eda de los involucrados, sino de la manera en que el conjunto de la estructura social procesa estas acciones y del hecho de que se consoliden o se debiliten los mecanismos institucionales para contrarrestar las desigualdades. Por ejemplo, la Revoluci\u00f3n mexicana de 1910-1917 implic\u00f3 un profundo cuestionamiento de las disparidades sociales propias del modelo primario exportador y de la estructura olig\u00e1rquica que se consolid\u00f3 a finales del siglo <span class=\"small-caps\">xix<\/span> y principios del <span class=\"small-caps\">xx<\/span>, pero no se tradujo en una inmediata reducci\u00f3n de las desigualdades. No fue sino varias d\u00e9cadas despu\u00e9s cuando se inici\u00f3 un proceso de sustituci\u00f3n de importaciones, se produjo una reforma agraria y se crearon instituciones p\u00fablicas de educaci\u00f3n y salud que disminuyeron algunas desigualdades en M\u00e9xico.<\/p>\n\n\n\n<p>El tema de los dispositivos institucionales para contrarrestar la desigualdad permite discutir en torno a otra de las afirmaciones centrales de P\u00e9rez S\u00e1inz sobre las causas de las desigualdades. \u00c9l ha insistido en que la explicaci\u00f3n de las desigualdades y la clave para su reducci\u00f3n se debe buscar en la distribuci\u00f3n y no en la redistribuci\u00f3n, en el funcionamiento de los mercados b\u00e1sicos (de tierra, de trabajo y de capitales) y no en las disputas sobre la redistribuci\u00f3n de los ingresos hacia los individuos y los hogares. Coincido con \u00e9l en que la desigual distribuci\u00f3n de la tierra, la polarizaci\u00f3n y segmentaci\u00f3n de los mercados de trabajo y la escandalosa concentraci\u00f3n del capital son cuestiones fundamentales para explicar las desigualdades latinoamericanas. Tambi\u00e9n tiene raz\u00f3n en que la soluci\u00f3n no est\u00e1 en la redistribuci\u00f3n de ingresos focalizada hacia los hogares m\u00e1s pobres, son necesarias transformaciones estructurales que generen empleos de calidad y mejores oportunidades de vida para la mayor\u00eda de la poblaci\u00f3n. Pero de ah\u00ed no se concluye que el problema y la soluci\u00f3n se localicen exclusivamente en el \u00e1mbito de la distribuci\u00f3n. Por ejemplo, en algunos pa\u00edses que presentan \u00edndices de desigualdad menores que los latinoamericanos la distribuci\u00f3n primaria en los mercados no es tan diferente de la que existe en Am\u00e9rica Latina, la diferencia estriba en que tienen estructuras fiscales progresivas, mecanismos redistributivos y estados sociales m\u00e1s s\u00f3lidos. La redistribuci\u00f3n tambi\u00e9n es importante.<\/p>\n\n\n\n<p>Me parece que el locus de producci\u00f3n de las desigualdades no se encuentra s\u00f3lo en la configuraci\u00f3n de la propiedad y del empleo, sino en toda la estructura social; se ubica tanto en la distribuci\u00f3n como en la redistribuci\u00f3n, en la econom\u00eda y en la pol\u00edtica, en los mercados tanto como en la sociedad y en las instituciones pol\u00edticas, en la distribuci\u00f3n material y en las configuraciones simb\u00f3licas. Del mismo modo, las alternativas para reducir las desigualdades tienen que buscarse en muchos \u00e1mbitos, que incluyen distribuci\u00f3n y redistribuci\u00f3n, que implican medidas econ\u00f3micas, pol\u00edticas y culturales.<\/p>\n\n\n\n<p>El art\u00edculo de P\u00e9rez S\u00e1inz tiene la virtud de mostrar las profundas consecuencias econ\u00f3micas, sociales y pol\u00edticas que ha tenido el incremento de la desigualdad en Am\u00e9rica Latina. Al destacar las dimensiones pol\u00edticas de la desigualdad la des-naturaliza y permite colocarla en el centro de la discusi\u00f3n. Si durante las dos \u00faltimas d\u00e9cadas del siglo <span class=\"small-caps\">xx<\/span> la cuesti\u00f3n de la desigualdad brill\u00f3 por su ausencia en los an\u00e1lisis acad\u00e9micos y en los debates p\u00fablicos en la regi\u00f3n, en lo que va de este siglo se han multiplicado las investigaciones sobre esta problem\u00e1tica y se ha reintroducido en las agendas gubernamentales y no gubernamentales. Como dice P\u00e9rez S\u00e1inz, lo social se ha re-politizado en Am\u00e9rica Latina. Por fortuna, porque la desigualdad siempre es pol\u00edtica y hay que discutir sobre ella.<\/p>\n\n\n\n<h2 class=\"wp-block-heading\">Bibliograf\u00eda<\/h2>\n\n\n\n<p class=\"bibliography\">Adelman, Jeremy y E. Hershberg (2007). \u201cDesigualdades parad\u00f3jicas: ciencias sociales, sociedad e instituciones en Am\u00e9rica Latina\u201d, en <em>Working Papers Series<\/em>, n\u00fam. 2. Miami: Universidad de Miami\/Observatory on Structures and Institutions of Inequality in Latina America<\/p>\n\n\n\n<p class=\"bibliography\">Campbell, Tom (2002). <em>La justicia. Los principales debates contempor\u00e1neos<\/em>. Barcelona: Gedisa.<\/p>\n\n\n\n<p class=\"bibliography\">Lenski, Gerhard (1969). <em>Poder y privilegio. Teor\u00eda de la estratificaci\u00f3n social<\/em>. Buenos Aires: Paid\u00f3s.<\/p>\n\n\n\n<p class=\"bibliography\">Marx, Carlos (1974) [1867]. <em>El capital. Cr\u00edtica de la econom\u00eda pol\u00edtica<\/em>, vol. 1. M\u00e9xico: Fondo de Cultura Econ\u00f3mica.<\/p>\n\n\n\n<p class=\"bibliography\">Nozick, Robert (1974). <em>Anarchy, State and Utopia<\/em>. Nueva York: Basic Books.<\/p>\n\n\n\n<p class=\"bibliography\">P\u00e9rez S\u00e1inz, Juan Pablo (ed.) (2012). <em>Sociedades fracturadas. La exclusi\u00f3n social en Centroam\u00e9rica<\/em>. San Jos\u00e9: <span class=\"small-caps\">flacso<\/span>.<\/p>\n\n\n\n<p class=\"bibliography\">P\u00e9rez S\u00e1inz, Juan Pablo (2014). <em>Mercados y b\u00e1rbaros. La persistencia de las desigualdades de excedente en Am\u00e9rica Latina<\/em>. San Jos\u00e9: <span class=\"small-caps\">flacso<\/span>.<\/p>\n\n\n\n<p class=\"bibliography\">P\u00e9rez S\u00e1inz, Juan Pablo y M. Mora (2009). \u201cExcedente econ\u00f3mico y persistencia de desigualdades en Am\u00e9rica Latina\u201d, en <em>Revista Mexicana de Sociolog\u00eda<\/em>, a\u00f1o 71, n\u00fam. 3, pp. 411-451.<\/p>\n\n\n\n<p class=\"bibliography\">Piketty, Thomas (2013). <em>Le capital au <span class=\"small-caps\">xxi<\/span>e si\u00e8cle<\/em>. Par\u00eds: Seuil.<\/p>\n\n\n\n<p class=\"bibliography\">Proudhon, Pierre-Josep (1993) [1840]. <em>What is property? An enquiry into the principle of right and of government<\/em>. Nueva York: Fertig<\/p>\n\n\n\n<p class=\"bibliography\">Sen, Amartya (1999). <em>Development as Freedom<\/em>. Nueva York: Alfred A. Knopf.<\/p>\n\n\n\n<p class=\"bibliography\">Stiglitz, Joseph (2002). <em>Globalization and its Discontents<\/em>. Londres: Allen Lane-The Penguin Press.<\/p>\n\n\n\n<p class=\"bibliography\">Tezanos, Jos\u00e9 F\u00e9lix (2001). <em>La sociedad dividida. Estructuras de clases y desigualdades en las sociedades tecnol\u00f3gicas<\/em>. Madrid: Biblioteca Nueva.<\/p>\n\n\n\n<p class=\"bibliography\">Weber, Max (1996) [1922]. <em>Econom\u00eda y sociedad. Ensayo de sociolog\u00eda comprensiva<\/em>. M\u00e9xico: Fondo de Cultura Econ\u00f3mica.<\/p>\n","protected":false},"excerpt":{"rendered":"<p>This reflection on the proposal of Juan Pablo P\u00e9rez S\u00e1inz regarding the consequences and responses of subaltern groups to inequality - which explores migration, violence, religiosity and collective action - values that it places the discussion on social inequality in Latin America. Reygadas proposes several reflections on the relationship of social actions with inequality. He points out that social disparities are not enough to explain the answers on which P\u00e9rez S\u00e1inz focuses. That it is necessary to conceive that the reproduction of persistent inequalities occurs in the long term, while social action has a short-term impact and, in addition, transformations are required in other links of this chain of reproduction. Finally, he qualifies P\u00e9rez S\u00e1inz&#039;s emphasis on the distribution of basic markets (land, labor and capital), since from Reygadas&#039;s perspective, the locus of inequality is also found in redistribution, through progressive fiscal structures, in the economy and politics, markets, society and public institutions, as well as in material distribution and symbolic configurations.<\/p>","protected":false},"author":4,"featured_media":0,"comment_status":"open","ping_status":"open","sticky":false,"template":"","format":"standard","meta":{"_acf_changed":false,"footnotes":""},"categories":[34],"tags":[527,525,528,526,29,529],"coauthors":[551],"class_list":["post-31279","post","type-post","status-publish","format-standard","hentry","category-34","tag-accion-social","tag-desigualdad-social","tag-distribucion","tag-poder","tag-politica","tag-redistribucion","personas-reygadas-luis","numeros-439"],"acf":[],"yoast_head":"<!-- This site is optimized with the Yoast SEO plugin v22.2 - https:\/\/yoast.com\/wordpress\/plugins\/seo\/ -->\n<title>La desigualdad siempre es pol\u00edtica &#8211; Encartes<\/title>\n<meta name=\"description\" content=\"Reygadas propone varias reflexiones sobre la relaci\u00f3n de las acciones sociales con la desigualdad. Las desigualdades se producen en el largo plazo.\" \/>\n<meta name=\"robots\" content=\"index, follow, max-snippet:-1, max-image-preview:large, max-video-preview:-1\" \/>\n<link rel=\"canonical\" href=\"https:\/\/encartes.mx\/en\/desigualdad-politica\/\" \/>\n<meta property=\"og:locale\" content=\"en_US\" \/>\n<meta property=\"og:type\" content=\"article\" \/>\n<meta property=\"og:title\" content=\"La desigualdad siempre es pol\u00edtica &#8211; Encartes\" \/>\n<meta property=\"og:description\" content=\"Reygadas propone varias reflexiones sobre la relaci\u00f3n de las acciones sociales con la desigualdad. Las desigualdades se producen en el largo plazo.\" \/>\n<meta property=\"og:url\" content=\"https:\/\/encartes.mx\/en\/desigualdad-politica\/\" \/>\n<meta property=\"og:site_name\" content=\"Encartes\" \/>\n<meta property=\"article:published_time\" content=\"2019-09-23T13:57:33+00:00\" \/>\n<meta property=\"article:modified_time\" content=\"2023-11-18T00:49:30+00:00\" \/>\n<meta name=\"author\" content=\"Arthur Ventura\" \/>\n<meta name=\"twitter:card\" content=\"summary_large_image\" \/>\n<meta name=\"twitter:label1\" content=\"Written by\" \/>\n\t<meta name=\"twitter:data1\" content=\"Arthur Ventura\" \/>\n\t<meta name=\"twitter:label2\" content=\"Est. reading time\" \/>\n\t<meta name=\"twitter:data2\" content=\"15 minutes\" \/>\n<script type=\"application\/ld+json\" class=\"yoast-schema-graph\">{\"@context\":\"https:\/\/schema.org\",\"@graph\":[{\"@type\":\"Article\",\"@id\":\"https:\/\/encartes.mx\/en\/desigualdad-politica\/#article\",\"isPartOf\":{\"@id\":\"https:\/\/encartes.mx\/en\/desigualdad-politica\/\"},\"author\":{\"name\":\"Arthur Ventura\",\"@id\":\"https:\/\/encartes.mx\/#\/schema\/person\/97215bba1729028a4169cab07f8e58ef\"},\"headline\":\"La desigualdad siempre es pol\u00edtica\",\"datePublished\":\"2019-09-23T13:57:33+00:00\",\"dateModified\":\"2023-11-18T00:49:30+00:00\",\"mainEntityOfPage\":{\"@id\":\"https:\/\/encartes.mx\/en\/desigualdad-politica\/\"},\"wordCount\":3570,\"commentCount\":0,\"publisher\":{\"@id\":\"https:\/\/encartes.mx\/#organization\"},\"keywords\":[\"acci\u00f3n social\",\"Desigualdad social\",\"distribuci\u00f3n\",\"poder\",\"pol\u00edtica\",\"redistribuci\u00f3n\"],\"articleSection\":[\"Comentarios\"],\"inLanguage\":\"en-US\",\"potentialAction\":[{\"@type\":\"CommentAction\",\"name\":\"Comment\",\"target\":[\"https:\/\/encartes.mx\/en\/desigualdad-politica\/#respond\"]}]},{\"@type\":\"WebPage\",\"@id\":\"https:\/\/encartes.mx\/en\/desigualdad-politica\/\",\"url\":\"https:\/\/encartes.mx\/en\/desigualdad-politica\/\",\"name\":\"La desigualdad siempre es pol\u00edtica &#8211; Encartes\",\"isPartOf\":{\"@id\":\"https:\/\/encartes.mx\/#website\"},\"datePublished\":\"2019-09-23T13:57:33+00:00\",\"dateModified\":\"2023-11-18T00:49:30+00:00\",\"description\":\"Reygadas propone varias reflexiones sobre la relaci\u00f3n de las acciones sociales con la desigualdad. Las desigualdades se producen en el largo plazo.\",\"breadcrumb\":{\"@id\":\"https:\/\/encartes.mx\/en\/desigualdad-politica\/#breadcrumb\"},\"inLanguage\":\"en-US\",\"potentialAction\":[{\"@type\":\"ReadAction\",\"target\":[\"https:\/\/encartes.mx\/en\/desigualdad-politica\/\"]}]},{\"@type\":\"BreadcrumbList\",\"@id\":\"https:\/\/encartes.mx\/en\/desigualdad-politica\/#breadcrumb\",\"itemListElement\":[{\"@type\":\"ListItem\",\"position\":1,\"name\":\"Home\",\"item\":\"https:\/\/encartes.mx\/\"},{\"@type\":\"ListItem\",\"position\":2,\"name\":\"La desigualdad siempre es pol\u00edtica\"}]},{\"@type\":\"WebSite\",\"@id\":\"https:\/\/encartes.mx\/#website\",\"url\":\"https:\/\/encartes.mx\/\",\"name\":\"Encartes\",\"description\":\"Revista digital multimedia\",\"publisher\":{\"@id\":\"https:\/\/encartes.mx\/#organization\"},\"potentialAction\":[{\"@type\":\"SearchAction\",\"target\":{\"@type\":\"EntryPoint\",\"urlTemplate\":\"https:\/\/encartes.mx\/?s={search_term_string}\"},\"query-input\":\"required name=search_term_string\"}],\"inLanguage\":\"en-US\"},{\"@type\":\"Organization\",\"@id\":\"https:\/\/encartes.mx\/#organization\",\"name\":\"Encartes Antropol\u00f3gicos\",\"url\":\"https:\/\/encartes.mx\/\",\"logo\":{\"@type\":\"ImageObject\",\"inLanguage\":\"en-US\",\"@id\":\"https:\/\/encartes.mx\/#\/schema\/logo\/image\/\",\"url\":\"https:\/\/encartes.mx\/wp-content\/uploads\/2017\/04\/Logo-04.png\",\"contentUrl\":\"https:\/\/encartes.mx\/wp-content\/uploads\/2017\/04\/Logo-04.png\",\"width\":338,\"height\":306,\"caption\":\"Encartes Antropol\u00f3gicos\"},\"image\":{\"@id\":\"https:\/\/encartes.mx\/#\/schema\/logo\/image\/\"}},{\"@type\":\"Person\",\"@id\":\"https:\/\/encartes.mx\/#\/schema\/person\/97215bba1729028a4169cab07f8e58ef\",\"name\":\"Arthur Ventura\",\"image\":{\"@type\":\"ImageObject\",\"inLanguage\":\"en-US\",\"@id\":\"https:\/\/encartes.mx\/#\/schema\/person\/image\/8a45818ea77a67a00c058d294424a6f6\",\"url\":\"https:\/\/secure.gravatar.com\/avatar\/e8ff614b2fa0d91ff6c65f328a272c53?s=96&d=identicon&r=g\",\"contentUrl\":\"https:\/\/secure.gravatar.com\/avatar\/e8ff614b2fa0d91ff6c65f328a272c53?s=96&d=identicon&r=g\",\"caption\":\"Arthur Ventura\"}}]}<\/script>\n<!-- \/ Yoast SEO plugin. -->","yoast_head_json":{"title":"La desigualdad siempre es pol\u00edtica &#8211; Encartes","description":"Reygadas propone varias reflexiones sobre la relaci\u00f3n de las acciones sociales con la desigualdad. Las desigualdades se producen en el largo plazo.","robots":{"index":"index","follow":"follow","max-snippet":"max-snippet:-1","max-image-preview":"max-image-preview:large","max-video-preview":"max-video-preview:-1"},"canonical":"https:\/\/encartes.mx\/en\/desigualdad-politica\/","og_locale":"en_US","og_type":"article","og_title":"La desigualdad siempre es pol\u00edtica &#8211; Encartes","og_description":"Reygadas propone varias reflexiones sobre la relaci\u00f3n de las acciones sociales con la desigualdad. Las desigualdades se producen en el largo plazo.","og_url":"https:\/\/encartes.mx\/en\/desigualdad-politica\/","og_site_name":"Encartes","article_published_time":"2019-09-23T13:57:33+00:00","article_modified_time":"2023-11-18T00:49:30+00:00","author":"Arthur Ventura","twitter_card":"summary_large_image","twitter_misc":{"Written by":"Arthur Ventura","Est. reading time":"15 minutes"},"schema":{"@context":"https:\/\/schema.org","@graph":[{"@type":"Article","@id":"https:\/\/encartes.mx\/en\/desigualdad-politica\/#article","isPartOf":{"@id":"https:\/\/encartes.mx\/en\/desigualdad-politica\/"},"author":{"name":"Arthur Ventura","@id":"https:\/\/encartes.mx\/#\/schema\/person\/97215bba1729028a4169cab07f8e58ef"},"headline":"La desigualdad siempre es pol\u00edtica","datePublished":"2019-09-23T13:57:33+00:00","dateModified":"2023-11-18T00:49:30+00:00","mainEntityOfPage":{"@id":"https:\/\/encartes.mx\/en\/desigualdad-politica\/"},"wordCount":3570,"commentCount":0,"publisher":{"@id":"https:\/\/encartes.mx\/#organization"},"keywords":["acci\u00f3n social","Desigualdad social","distribuci\u00f3n","poder","pol\u00edtica","redistribuci\u00f3n"],"articleSection":["Comentarios"],"inLanguage":"en-US","potentialAction":[{"@type":"CommentAction","name":"Comment","target":["https:\/\/encartes.mx\/en\/desigualdad-politica\/#respond"]}]},{"@type":"WebPage","@id":"https:\/\/encartes.mx\/en\/desigualdad-politica\/","url":"https:\/\/encartes.mx\/en\/desigualdad-politica\/","name":"La desigualdad siempre es pol\u00edtica &#8211; Encartes","isPartOf":{"@id":"https:\/\/encartes.mx\/#website"},"datePublished":"2019-09-23T13:57:33+00:00","dateModified":"2023-11-18T00:49:30+00:00","description":"Reygadas propone varias reflexiones sobre la relaci\u00f3n de las acciones sociales con la desigualdad. Las desigualdades se producen en el largo plazo.","breadcrumb":{"@id":"https:\/\/encartes.mx\/en\/desigualdad-politica\/#breadcrumb"},"inLanguage":"en-US","potentialAction":[{"@type":"ReadAction","target":["https:\/\/encartes.mx\/en\/desigualdad-politica\/"]}]},{"@type":"BreadcrumbList","@id":"https:\/\/encartes.mx\/en\/desigualdad-politica\/#breadcrumb","itemListElement":[{"@type":"ListItem","position":1,"name":"Home","item":"https:\/\/encartes.mx\/"},{"@type":"ListItem","position":2,"name":"La desigualdad siempre es pol\u00edtica"}]},{"@type":"WebSite","@id":"https:\/\/encartes.mx\/#website","url":"https:\/\/encartes.mx\/","name":"Encartes","description":"Multimedia digital magazine","publisher":{"@id":"https:\/\/encartes.mx\/#organization"},"potentialAction":[{"@type":"SearchAction","target":{"@type":"EntryPoint","urlTemplate":"https:\/\/encartes.mx\/?s={search_term_string}"},"query-input":"required name=search_term_string"}],"inLanguage":"en-US"},{"@type":"Organization","@id":"https:\/\/encartes.mx\/#organization","name":"Anthropological Inserts","url":"https:\/\/encartes.mx\/","logo":{"@type":"ImageObject","inLanguage":"en-US","@id":"https:\/\/encartes.mx\/#\/schema\/logo\/image\/","url":"https:\/\/encartes.mx\/wp-content\/uploads\/2017\/04\/Logo-04.png","contentUrl":"https:\/\/encartes.mx\/wp-content\/uploads\/2017\/04\/Logo-04.png","width":338,"height":306,"caption":"Encartes Antropol\u00f3gicos"},"image":{"@id":"https:\/\/encartes.mx\/#\/schema\/logo\/image\/"}},{"@type":"Person","@id":"https:\/\/encartes.mx\/#\/schema\/person\/97215bba1729028a4169cab07f8e58ef","name":"Arthur Ventura","image":{"@type":"ImageObject","inLanguage":"en-US","@id":"https:\/\/encartes.mx\/#\/schema\/person\/image\/8a45818ea77a67a00c058d294424a6f6","url":"https:\/\/secure.gravatar.com\/avatar\/e8ff614b2fa0d91ff6c65f328a272c53?s=96&d=identicon&r=g","contentUrl":"https:\/\/secure.gravatar.com\/avatar\/e8ff614b2fa0d91ff6c65f328a272c53?s=96&d=identicon&r=g","caption":"Arthur Ventura"}}]}},"jetpack_sharing_enabled":true,"jetpack_featured_media_url":"","_links":{"self":[{"href":"https:\/\/encartes.mx\/en\/wp-json\/wp\/v2\/posts\/31279","targetHints":{"allow":["GET"]}}],"collection":[{"href":"https:\/\/encartes.mx\/en\/wp-json\/wp\/v2\/posts"}],"about":[{"href":"https:\/\/encartes.mx\/en\/wp-json\/wp\/v2\/types\/post"}],"author":[{"embeddable":true,"href":"https:\/\/encartes.mx\/en\/wp-json\/wp\/v2\/users\/4"}],"replies":[{"embeddable":true,"href":"https:\/\/encartes.mx\/en\/wp-json\/wp\/v2\/comments?post=31279"}],"version-history":[{"count":9,"href":"https:\/\/encartes.mx\/en\/wp-json\/wp\/v2\/posts\/31279\/revisions"}],"predecessor-version":[{"id":38026,"href":"https:\/\/encartes.mx\/en\/wp-json\/wp\/v2\/posts\/31279\/revisions\/38026"}],"wp:attachment":[{"href":"https:\/\/encartes.mx\/en\/wp-json\/wp\/v2\/media?parent=31279"}],"wp:term":[{"taxonomy":"category","embeddable":true,"href":"https:\/\/encartes.mx\/en\/wp-json\/wp\/v2\/categories?post=31279"},{"taxonomy":"post_tag","embeddable":true,"href":"https:\/\/encartes.mx\/en\/wp-json\/wp\/v2\/tags?post=31279"},{"taxonomy":"author","embeddable":true,"href":"https:\/\/encartes.mx\/en\/wp-json\/wp\/v2\/coauthors?post=31279"}],"curies":[{"name":"wp","href":"https:\/\/api.w.org\/{rel}","templated":true}]}}